{"id":240416,"date":"2022-10-21T22:34:07","date_gmt":"2022-10-22T01:34:07","guid":{"rendered":"https:\/\/franciscanos.org.br\/noticias\/?p=240416"},"modified":"2022-10-21T22:34:07","modified_gmt":"2022-10-22T01:34:07","slug":"sera-que-a-minha-vida-tem-sido-sinal-de-deus-a-reflexao-do-6o-dia-da-novena-de-frei-galvao","status":"publish","type":"post","link":"https:\/\/franciscanos.org.br\/noticias\/sera-que-a-minha-vida-tem-sido-sinal-de-deus-a-reflexao-do-6o-dia-da-novena-de-frei-galvao.html","title":{"rendered":"&#8220;Ser\u00e1 que a minha vida tem sido sinal de Deus&#8221;, a reflex\u00e3o do 6\u00ba dia da Novena de Frei Galv\u00e3o"},"content":{"rendered":"<p><img loading=\"lazy\" class=\"alignnone size-full wp-image-240417\" src=\"https:\/\/franciscanos.org.br\/noticias\/wp-content\/uploads\/2022\/10\/abre.jpg\" alt=\"\" width=\"1280\" height=\"720\" srcset=\"https:\/\/franciscanos.org.br\/noticias\/wp-content\/uploads\/2022\/10\/abre.jpg 1280w, https:\/\/franciscanos.org.br\/noticias\/wp-content\/uploads\/2022\/10\/abre-450x253.jpg 450w, https:\/\/franciscanos.org.br\/noticias\/wp-content\/uploads\/2022\/10\/abre-1024x576.jpg 1024w, https:\/\/franciscanos.org.br\/noticias\/wp-content\/uploads\/2022\/10\/abre-768x432.jpg 768w, https:\/\/franciscanos.org.br\/noticias\/wp-content\/uploads\/2022\/10\/abre-150x84.jpg 150w\" sizes=\"(max-width: 1280px) 100vw, 1280px\" \/><\/p>\n<p><strong>\u00a0<\/strong><strong>Guaratinguet\u00e1 (SP) &#8211;<\/strong> No sexto dia de Novena em prepara\u00e7\u00e3o \u00e0 Festa de Frei Galv\u00e3o, no Santu\u00e1rio Frei Galv\u00e3o, em Guaratinguet\u00e1 (SP), Pe. Andr\u00e9 Gustavo de Sousa, p\u00e1roco da Par\u00f3quia Nossa Senhora da Concei\u00e7\u00e3o Aparecida e S\u00e3o Benedito, em Aparecida (SP), presidiu a Santa Missa, \u00e0s 15 horas. Mas o reitor do Santu\u00e1rio, Frei Diego Atalino de Melo, anunciou com alegria a presen\u00e7a de um grande grupo de frades que veio participar da Celebra\u00e7\u00e3o Eucar\u00edstica.<\/p>\n<p>Segundo Frei Diego, os frades fizeram quest\u00e3o de marcar o Encontro da Forma\u00e7\u00e3o e Estudos da Prov\u00edncia da Imaculada Concei\u00e7\u00e3o durante a Festa de Frei Galv\u00e3o, para que pudessem participar. Saudando os fi\u00e9is devotos do primeiro santo brasileiro, Frei Diego explicou que o celebrante tem um cora\u00e7\u00e3o franciscano: \u00e9 irm\u00e3o de Frei Rog\u00e9rio Viterbo, o frade cust\u00f3dio da Cust\u00f3dia Franciscana das Sete Alegrias de Nossa Senhora (MS\/MT). &#8220;Ent\u00e3o, sinta-se em casa&#8221;, saudou o Frei Diego.<\/p>\n<p><img loading=\"lazy\" class=\"alignnone wp-image-240418 size-full\" src=\"https:\/\/franciscanos.org.br\/noticias\/wp-content\/uploads\/2022\/10\/sexto_21_11.jpg\" alt=\"\" width=\"1280\" height=\"883\" srcset=\"https:\/\/franciscanos.org.br\/noticias\/wp-content\/uploads\/2022\/10\/sexto_21_11.jpg 1280w, https:\/\/franciscanos.org.br\/noticias\/wp-content\/uploads\/2022\/10\/sexto_21_11-450x310.jpg 450w, https:\/\/franciscanos.org.br\/noticias\/wp-content\/uploads\/2022\/10\/sexto_21_11-1024x706.jpg 1024w, https:\/\/franciscanos.org.br\/noticias\/wp-content\/uploads\/2022\/10\/sexto_21_11-768x530.jpg 768w, https:\/\/franciscanos.org.br\/noticias\/wp-content\/uploads\/2022\/10\/sexto_21_11-150x103.jpg 150w, https:\/\/franciscanos.org.br\/noticias\/wp-content\/uploads\/2022\/10\/sexto_21_11-320x220.jpg 320w\" sizes=\"(max-width: 1280px) 100vw, 1280px\" \/><\/p>\n<p>Na Festa deste ano est\u00e3o sendo recordados os 200 anos da passagem de Frei Galv\u00e3o para a eternidade, com o tema: \u201c\u00c9 morrendo que se vive para a vida Eterna\u201d. Uma motiva\u00e7\u00e3o proveniente da Ora\u00e7\u00e3o da Paz atribu\u00edda a S\u00e3o Francisco de Assis. O gesto concreto deste terceiro dia da Novena foi a doa\u00e7\u00e3o de leite.<\/p>\n<p>Pe. Andr\u00e9 fez sua reflex\u00e3o a partir do tema do dia: \u201cFrei Galv\u00e3o, Presen\u00e7a Viva dos Sinais de Deus\u201d. Ele lembrou que a Palavra de Deus est\u00e1 falando de sinal, quando Jesus lamenta que os seus ouvintes sejam capazes de interpretar os sinais do tempo e n\u00e3o captem os sinais que representam a chegada do Reino de Deus. &#8220;A gente sabe quando vai chover, quando vai esquentar, quando vai esfriar, \u00e9 mais ou menos assim que funciona, apesar do clima estar um pouco inst\u00e1vel nesses \u00faltimos tempos por conta da nossa irresponsabilidade, por nossa falta de cuidado com a Casa Comum&#8221;, disse.<\/p>\n<p><img loading=\"lazy\" class=\"alignnone wp-image-240419 size-full\" src=\"https:\/\/franciscanos.org.br\/noticias\/wp-content\/uploads\/2022\/10\/sexto_21_08.jpg\" alt=\"\" width=\"1280\" height=\"857\" srcset=\"https:\/\/franciscanos.org.br\/noticias\/wp-content\/uploads\/2022\/10\/sexto_21_08.jpg 1280w, https:\/\/franciscanos.org.br\/noticias\/wp-content\/uploads\/2022\/10\/sexto_21_08-450x301.jpg 450w, https:\/\/franciscanos.org.br\/noticias\/wp-content\/uploads\/2022\/10\/sexto_21_08-1024x686.jpg 1024w, https:\/\/franciscanos.org.br\/noticias\/wp-content\/uploads\/2022\/10\/sexto_21_08-768x514.jpg 768w, https:\/\/franciscanos.org.br\/noticias\/wp-content\/uploads\/2022\/10\/sexto_21_08-150x100.jpg 150w\" sizes=\"(max-width: 1280px) 100vw, 1280px\" \/><\/p>\n\n\t\t<style type=\"text\/css\">\n\t\t\t#gallery-1 {\n\t\t\t\tmargin: auto;\n\t\t\t}\n\t\t\t#gallery-1 .gallery-item {\n\t\t\t\tfloat: left;\n\t\t\t\tmargin-top: 10px;\n\t\t\t\ttext-align: center;\n\t\t\t\twidth: 14%;\n\t\t\t}\n\t\t\t#gallery-1 img {\n\t\t\t\tborder: 2px solid #cfcfcf;\n\t\t\t}\n\t\t\t#gallery-1 .gallery-caption {\n\t\t\t\tmargin-left: 0;\n\t\t\t}\n\t\t\t\/* see gallery_shortcode() in wp-includes\/media.php *\/\n\t\t<\/style>\n\t\t<div id='gallery-1' class='gallery galleryid-240416 gallery-columns-7 gallery-size-thumbnail'><dl class='gallery-item'>\n\t\t\t<dt class='gallery-icon landscape'>\n\t\t\t\t<a href='https:\/\/franciscanos.org.br\/noticias\/wp-content\/uploads\/2022\/10\/sexto_21_01.jpg'><img width=\"300\" height=\"300\" src=\"https:\/\/franciscanos.org.br\/noticias\/wp-content\/uploads\/2022\/10\/sexto_21_01-300x300.jpg\" class=\"attachment-thumbnail size-thumbnail\" alt=\"\" loading=\"lazy\" srcset=\"https:\/\/franciscanos.org.br\/noticias\/wp-content\/uploads\/2022\/10\/sexto_21_01-300x300.jpg 300w, https:\/\/franciscanos.org.br\/noticias\/wp-content\/uploads\/2022\/10\/sexto_21_01-100x100.jpg 100w\" sizes=\"(max-width: 300px) 100vw, 300px\" \/><\/a>\n\t\t\t<\/dt><\/dl><dl class='gallery-item'>\n\t\t\t<dt class='gallery-icon landscape'>\n\t\t\t\t<a href='https:\/\/franciscanos.org.br\/noticias\/wp-content\/uploads\/2022\/10\/sexto_21_05.jpg'><img width=\"300\" height=\"300\" src=\"https:\/\/franciscanos.org.br\/noticias\/wp-content\/uploads\/2022\/10\/sexto_21_05-300x300.jpg\" class=\"attachment-thumbnail size-thumbnail\" alt=\"\" loading=\"lazy\" srcset=\"https:\/\/franciscanos.org.br\/noticias\/wp-content\/uploads\/2022\/10\/sexto_21_05-300x300.jpg 300w, https:\/\/franciscanos.org.br\/noticias\/wp-content\/uploads\/2022\/10\/sexto_21_05-100x100.jpg 100w\" sizes=\"(max-width: 300px) 100vw, 300px\" \/><\/a>\n\t\t\t<\/dt><\/dl><dl class='gallery-item'>\n\t\t\t<dt class='gallery-icon landscape'>\n\t\t\t\t<a href='https:\/\/franciscanos.org.br\/noticias\/wp-content\/uploads\/2022\/10\/sexto_21_06.jpg'><img width=\"300\" height=\"300\" src=\"https:\/\/franciscanos.org.br\/noticias\/wp-content\/uploads\/2022\/10\/sexto_21_06-300x300.jpg\" class=\"attachment-thumbnail size-thumbnail\" alt=\"\" loading=\"lazy\" srcset=\"https:\/\/franciscanos.org.br\/noticias\/wp-content\/uploads\/2022\/10\/sexto_21_06-300x300.jpg 300w, https:\/\/franciscanos.org.br\/noticias\/wp-content\/uploads\/2022\/10\/sexto_21_06-100x100.jpg 100w\" sizes=\"(max-width: 300px) 100vw, 300px\" \/><\/a>\n\t\t\t<\/dt><\/dl><dl class='gallery-item'>\n\t\t\t<dt class='gallery-icon landscape'>\n\t\t\t\t<a href='https:\/\/franciscanos.org.br\/noticias\/wp-content\/uploads\/2022\/10\/sexto_21_07.jpg'><img width=\"300\" height=\"300\" src=\"https:\/\/franciscanos.org.br\/noticias\/wp-content\/uploads\/2022\/10\/sexto_21_07-300x300.jpg\" class=\"attachment-thumbnail size-thumbnail\" alt=\"\" loading=\"lazy\" srcset=\"https:\/\/franciscanos.org.br\/noticias\/wp-content\/uploads\/2022\/10\/sexto_21_07-300x300.jpg 300w, https:\/\/franciscanos.org.br\/noticias\/wp-content\/uploads\/2022\/10\/sexto_21_07-100x100.jpg 100w\" sizes=\"(max-width: 300px) 100vw, 300px\" \/><\/a>\n\t\t\t<\/dt><\/dl><dl class='gallery-item'>\n\t\t\t<dt class='gallery-icon landscape'>\n\t\t\t\t<a href='https:\/\/franciscanos.org.br\/noticias\/wp-content\/uploads\/2022\/10\/sexto_21_10.jpg'><img width=\"300\" height=\"300\" src=\"https:\/\/franciscanos.org.br\/noticias\/wp-content\/uploads\/2022\/10\/sexto_21_10-300x300.jpg\" class=\"attachment-thumbnail size-thumbnail\" alt=\"\" loading=\"lazy\" srcset=\"https:\/\/franciscanos.org.br\/noticias\/wp-content\/uploads\/2022\/10\/sexto_21_10-300x300.jpg 300w, https:\/\/franciscanos.org.br\/noticias\/wp-content\/uploads\/2022\/10\/sexto_21_10-100x100.jpg 100w\" sizes=\"(max-width: 300px) 100vw, 300px\" \/><\/a>\n\t\t\t<\/dt><\/dl><dl class='gallery-item'>\n\t\t\t<dt class='gallery-icon landscape'>\n\t\t\t\t<a href='https:\/\/franciscanos.org.br\/noticias\/wp-content\/uploads\/2022\/10\/sexto_21_12.jpg'><img width=\"300\" height=\"300\" src=\"https:\/\/franciscanos.org.br\/noticias\/wp-content\/uploads\/2022\/10\/sexto_21_12-300x300.jpg\" class=\"attachment-thumbnail size-thumbnail\" alt=\"\" loading=\"lazy\" srcset=\"https:\/\/franciscanos.org.br\/noticias\/wp-content\/uploads\/2022\/10\/sexto_21_12-300x300.jpg 300w, https:\/\/franciscanos.org.br\/noticias\/wp-content\/uploads\/2022\/10\/sexto_21_12-100x100.jpg 100w\" sizes=\"(max-width: 300px) 100vw, 300px\" \/><\/a>\n\t\t\t<\/dt><\/dl><dl class='gallery-item'>\n\t\t\t<dt class='gallery-icon landscape'>\n\t\t\t\t<a href='https:\/\/franciscanos.org.br\/noticias\/wp-content\/uploads\/2022\/10\/sexto_21_14.jpg'><img width=\"300\" height=\"300\" src=\"https:\/\/franciscanos.org.br\/noticias\/wp-content\/uploads\/2022\/10\/sexto_21_14-300x300.jpg\" class=\"attachment-thumbnail size-thumbnail\" alt=\"\" loading=\"lazy\" srcset=\"https:\/\/franciscanos.org.br\/noticias\/wp-content\/uploads\/2022\/10\/sexto_21_14-300x300.jpg 300w, https:\/\/franciscanos.org.br\/noticias\/wp-content\/uploads\/2022\/10\/sexto_21_14-100x100.jpg 100w\" sizes=\"(max-width: 300px) 100vw, 300px\" \/><\/a>\n\t\t\t<\/dt><\/dl><br style=\"clear: both\" \/>\n\t\t<\/div>\n\n<p><em>\u00a0 \u00a0 \u00a0 \u00a0 \u00a0 \u00a0 \u00a0 \u00a0 \u00a0 \u00a0 \u00a0 \u00a0 \u00a0 \u00a0 \u00a0 \u00a0 \u00a0 \u00a0(toque nas imagens menores para ampli\u00e1-las)<\/em><\/p>\n<p>&#8220;Mas ser\u00e1 que essa chamada de aten\u00e7\u00e3o para aquela gente n\u00e3o serve para n\u00f3s tamb\u00e9m que nos consideramos e at\u00e9 podemos ser entendidos de tantas coisas, mas n\u00e3o estamos atentos aos sinais da sua presen\u00e7a no meio de n\u00f3s, aos sinais do Reino acontecendo no meio de n\u00f3s? Ser\u00e1 que muitas vezes n\u00e3o estamos preocupados e ocupados com tantas coisas que n\u00e3o s\u00e3o importantes e necess\u00e1rias que estamos deixando as coisas de Deus, o projeto e Deus na nossa vida em segundo plano?&#8221;, questionou. &#8220;Porque Jesus disse \u00e0quela gente: &#8216;Voc\u00eas entendem de muitas coisas mas n\u00e3o reconhecem o Reino que j\u00e1 chegou, n\u00e3o reconhecem em mim a salva\u00e7\u00e3o acontecendo, n\u00e3o acolhem o que eu anuncio, os milagres que realizo, n\u00e3o se convertem, n\u00e3o se transformam, n\u00e3o buscam viver em paz reconciliados uns com os outros&#8221;, acrescentou.<\/p>\n<p>Para Pe. Andr\u00e9, h\u00e1 muitos sinais da presen\u00e7a de Deus no meio de n\u00f3s, nos acompanhando em nossa hist\u00f3ria. &#8220;Quer sinal melhor do que os santos, do que o santo Frei Galv\u00e3o, que al\u00e9m de intercessor deve ser modelo de vida para n\u00f3s, de uma vida perfeitamente conformada ao Evangelho de Jesus, de uma vida comprometida com o an\u00fancio e o testemunho do Reino de Deus. Ele que, certamente, soube ler os sinais de Deus no seu tempo, na sua hist\u00f3ria, fez a diferen\u00e7a, n\u00e3o sem raz\u00e3o \u00e9 chamado de o &#8216;santo da caridade&#8217;, o &#8216;santo da paz'&#8221;, indicou.<\/p>\n<p><img loading=\"lazy\" class=\"alignnone wp-image-240427 size-full\" src=\"https:\/\/franciscanos.org.br\/noticias\/wp-content\/uploads\/2022\/10\/sexto_21_17.jpg\" alt=\"\" width=\"1280\" height=\"853\" srcset=\"https:\/\/franciscanos.org.br\/noticias\/wp-content\/uploads\/2022\/10\/sexto_21_17.jpg 1280w, https:\/\/franciscanos.org.br\/noticias\/wp-content\/uploads\/2022\/10\/sexto_21_17-450x300.jpg 450w, https:\/\/franciscanos.org.br\/noticias\/wp-content\/uploads\/2022\/10\/sexto_21_17-1024x682.jpg 1024w, https:\/\/franciscanos.org.br\/noticias\/wp-content\/uploads\/2022\/10\/sexto_21_17-768x512.jpg 768w, https:\/\/franciscanos.org.br\/noticias\/wp-content\/uploads\/2022\/10\/sexto_21_17-150x100.jpg 150w\" sizes=\"(max-width: 1280px) 100vw, 1280px\" \/><\/p>\n<p>O celebrante, contudo, fez algumas provoca\u00e7\u00f5es: &#8220;O que ele inspira a viver e a buscar? Se a novena de Frei Galv\u00e3o n\u00e3o produzir frutos de convers\u00e3o pessoal, de convers\u00e3o comunit\u00e1ria, de que adianta a gente estar aqui fazendo festa para ele! Ou qualquer santo, n\u00e3o \u00e9? A gente tem a nossa devo\u00e7\u00e3o, o nosso amor, a nossa venera\u00e7\u00e3o \u00e9 para que nos inspiremos nas virtudes daqueles que entenderam t\u00e3o bem o Evangelho de Jesus, daqueles que tiveram intelig\u00eancia e sabedoria para reconhecer na vida sinais do amor e da presen\u00e7a de Deus e comprometeram a vida com total fidelidade, com radicalidade, com total entrega ao Evangelho de Nosso Senhor Jesus Cristo. Se olharmos hoje a nossa hist\u00f3ria, os tempos que vivemos, com as suas alegrias e, claro, com as suas dores, com as suas tristezas, se Frei Galv\u00e3o estivesse hoje presente nesta hist\u00f3ria, como ele agiria?\u00a0 Como ele se comportaria? O que ele diria a n\u00f3s que somos disc\u00edpulos e disc\u00edpulas de Jesus? Pensemos nisso. E como n\u00f3s estamos nos comportando, como estamos sendo s\u00e1bios o suficiente para reconhecer o que Deus nos diz, o que Deus pede a n\u00f3s neste momento em que vivemos na nossa hist\u00f3ria?&#8221;<\/p>\n<p>&#8220;O sinal maior \u00e9 Jesus e Jesus no meu e no seu cora\u00e7\u00e3o, como viveu no cora\u00e7\u00e3o de Frei Galv\u00e3o, faz de n\u00f3s, como fez de Frei Galv\u00e3o, um sinal para o outro, para o pr\u00f3ximo&#8221;, ensinou.<\/p>\n<p>Mas Pe. Andr\u00e9 continuou os questionamentos: &#8220;Ser\u00e1 que a minha vida tem sido sinal de Deus? Ser\u00e1 que os irm\u00e3os conseguem fazer a experi\u00eancia do Reino de Deus, da paz, do amor, da justi\u00e7a, da miseric\u00f3rdia, da ternura, da bondade, da mansid\u00e3o, atrav\u00e9s daquilo que eu vivo, daquilo que eu sou chamado a viver ma minha miss\u00e3o como crist\u00e3o e crist\u00e3? Tem muitos crist\u00e3os e crist\u00e3s que est\u00e3o um pouco perdidos, desorientados, nos sinais. Ao inv\u00e9s de fixar os olhos e o cora\u00e7\u00e3o em jesus Cristo, est\u00e3o perdendo o rumo das coisas e deixando de ser sinal de Deus, sinal de f\u00e9 e de esperan\u00e7a, sinal de amor para os irm\u00e3os&#8221;, lamentou.<\/p>\n<p><img loading=\"lazy\" class=\"alignnone size-full wp-image-240430\" src=\"https:\/\/franciscanos.org.br\/noticias\/wp-content\/uploads\/2022\/10\/sexto_21_36.jpg\" alt=\"\" width=\"1280\" height=\"900\" srcset=\"https:\/\/franciscanos.org.br\/noticias\/wp-content\/uploads\/2022\/10\/sexto_21_36.jpg 1280w, https:\/\/franciscanos.org.br\/noticias\/wp-content\/uploads\/2022\/10\/sexto_21_36-450x316.jpg 450w, https:\/\/franciscanos.org.br\/noticias\/wp-content\/uploads\/2022\/10\/sexto_21_36-1024x720.jpg 1024w, https:\/\/franciscanos.org.br\/noticias\/wp-content\/uploads\/2022\/10\/sexto_21_36-768x540.jpg 768w, https:\/\/franciscanos.org.br\/noticias\/wp-content\/uploads\/2022\/10\/sexto_21_36-150x105.jpg 150w, https:\/\/franciscanos.org.br\/noticias\/wp-content\/uploads\/2022\/10\/sexto_21_36-474x332.jpg 474w\" sizes=\"(max-width: 1280px) 100vw, 1280px\" \/><\/p>\n<p>Para ele, Jesus pede no Evangelho que vivamos reconciliados, que busquemos viver em paz uns com os outros. &#8220;E a paz s\u00f3 acontece quando o amor \u00e9 o princ\u00edpio e o fundamento daquilo que falamos, daquilo que praticamos, enfim daquilo que somos chamados a viver nessa nossa caminhada tamb\u00e9m de busca de santidade. Reconhecendo a vida e a hist\u00f3ria de Frei Galv\u00e3o e contando sempre com a sua intercess\u00e3o, quais virtudes tenho no meu cora\u00e7\u00e3o que s\u00e3o muito parecidas com as virtudes deste santo? Ser\u00e1 que eu consigo identificar, ser\u00e1 que eu estou parecendo um pouquinho com o Frei Galv\u00e3o? Na pr\u00e1tica do Evangelho, no meu compromisso da promo\u00e7\u00e3o da paz, do bem? Ser\u00e1 que a minha vida tem sido sinal de Deus, sinal do Reino de Deus para os irm\u00e3os e irm\u00e3s? Vou dizer mais uma vez n\u00e3o adianta fazer novena, n\u00e3o adianta rezar, n\u00e3o adianta pedir para santo nenhum se a gente depois n\u00e3o colocar em pr\u00e1tica aquilo que o santo nos ensina, aquilo que o santo nos inspira a viver, ou seja, viver o Evangelho de Nosso Senhor Jesus Cristo&#8221;, insistiu.<\/p>\n<p><img loading=\"lazy\" class=\"alignnone size-full wp-image-240428\" src=\"https:\/\/franciscanos.org.br\/noticias\/wp-content\/uploads\/2022\/10\/sexto_21_20.jpg\" alt=\"\" width=\"1280\" height=\"1649\" srcset=\"https:\/\/franciscanos.org.br\/noticias\/wp-content\/uploads\/2022\/10\/sexto_21_20.jpg 838w, https:\/\/franciscanos.org.br\/noticias\/wp-content\/uploads\/2022\/10\/sexto_21_20-349x450.jpg 349w, https:\/\/franciscanos.org.br\/noticias\/wp-content\/uploads\/2022\/10\/sexto_21_20-795x1024.jpg 795w, https:\/\/franciscanos.org.br\/noticias\/wp-content\/uploads\/2022\/10\/sexto_21_20-768x989.jpg 768w, https:\/\/franciscanos.org.br\/noticias\/wp-content\/uploads\/2022\/10\/sexto_21_20-1192x1536.jpg 1192w, https:\/\/franciscanos.org.br\/noticias\/wp-content\/uploads\/2022\/10\/sexto_21_20-150x193.jpg 150w\" sizes=\"(max-width: 1280px) 100vw, 1280px\" \/><\/p>\n<p>&#8220;Qual seria o conselho de Frei Galv\u00e3o hoje, iluminados por essa Palavra de Deus? Sejamos mais s\u00e1bios, tenhamos mais bom senso para perceber os sinais da presen\u00e7a de Deus, sinais da presen\u00e7a de Deus. Sejamos agradecidos e tamb\u00e9m nos convertamos em sinais de Deus para os irm\u00e3os, praticando as virtudes t\u00e3o recomendadas para n\u00f3s na Palavra de hoje, e assim como Frei Galv\u00e3o e com Frei Galv\u00e3o, a gente vai tamb\u00e9m vai fazer qo Reino de Deus acontecer no meio de n\u00f3s&#8221;, exortou o celebrante.<\/p>\n<p><strong>MISSA DAS 19 HORAS<\/strong><\/p>\n<p><strong>\u00a0<\/strong><strong>Pe. Raphael: \u201cA santidade n\u00e3o \u00e9 imposs\u00edvel\u201d<\/strong><\/p>\n<p><img loading=\"lazy\" class=\"alignnone size-full wp-image-240429\" src=\"https:\/\/franciscanos.org.br\/noticias\/wp-content\/uploads\/2022\/10\/sexto_21_18.jpg\" alt=\"\" width=\"1280\" height=\"1326\" srcset=\"https:\/\/franciscanos.org.br\/noticias\/wp-content\/uploads\/2022\/10\/sexto_21_18.jpg 1043w, https:\/\/franciscanos.org.br\/noticias\/wp-content\/uploads\/2022\/10\/sexto_21_18-434x450.jpg 434w, https:\/\/franciscanos.org.br\/noticias\/wp-content\/uploads\/2022\/10\/sexto_21_18-988x1024.jpg 988w, https:\/\/franciscanos.org.br\/noticias\/wp-content\/uploads\/2022\/10\/sexto_21_18-768x796.jpg 768w, https:\/\/franciscanos.org.br\/noticias\/wp-content\/uploads\/2022\/10\/sexto_21_18-150x155.jpg 150w\" sizes=\"(max-width: 1280px) 100vw, 1280px\" \/><\/p>\n<p>O Pe. Raphael Felipe, neo-sacerdote (foi ordenado no \u00faltimo dia 10 de setembro) e exerce seu minist\u00e9rio na Par\u00f3quia Nossa Senhora da Gl\u00f3ria, presidiu a segunda Missa da Novena em louvor a Frei Galv\u00e3o nesta sexta-feira (17\/10), \u00e0s 19h30. O reitor do Santu\u00e1rio, Frei Diego Atalino de Melo, acolheu o celebrante e os frades estudantes de Teologia que vieram para participar da Festa de Frei Galv\u00e3o. O povo lotou o Santu\u00e1rio e precisou acompanhar no tel\u00e3o ao lado da igreja.<\/p>\n<p>&#8220;Vou ser o teu seguidor&#8221;, pediu o celebrante para a assembleia cantar preparando sua prega\u00e7\u00e3o. &#8220;Frei Galv\u00e3o foi um ilustre seguidor do Evangelho de Nosso Senhor Jesus Cristo. Hoje \u00e9 um santo canonizado pela nossa Igreja. A Igreja reconhece a sua santidade. Por isso, todos n\u00f3s estamos aqui neste noven\u00e1rio, por isso todos n\u00f3s estamos rezando aqui. N\u00f3s estamos celebrando Deus. O Deus de todos os santos, o Deus de todos os anjos, o de Deus de Frei Galv\u00e3o&#8221;, disse.<\/p>\n<p><img loading=\"lazy\" class=\"alignnone size-full wp-image-240431\" src=\"https:\/\/franciscanos.org.br\/noticias\/wp-content\/uploads\/2022\/10\/sexto_21_27.jpg\" alt=\"\" width=\"1280\" height=\"747\" srcset=\"https:\/\/franciscanos.org.br\/noticias\/wp-content\/uploads\/2022\/10\/sexto_21_27.jpg 1280w, https:\/\/franciscanos.org.br\/noticias\/wp-content\/uploads\/2022\/10\/sexto_21_27-450x263.jpg 450w, https:\/\/franciscanos.org.br\/noticias\/wp-content\/uploads\/2022\/10\/sexto_21_27-1024x598.jpg 1024w, https:\/\/franciscanos.org.br\/noticias\/wp-content\/uploads\/2022\/10\/sexto_21_27-768x448.jpg 768w, https:\/\/franciscanos.org.br\/noticias\/wp-content\/uploads\/2022\/10\/sexto_21_27-150x88.jpg 150w\" sizes=\"(max-width: 1280px) 100vw, 1280px\" \/><\/p>\n\n\t\t<style type=\"text\/css\">\n\t\t\t#gallery-2 {\n\t\t\t\tmargin: auto;\n\t\t\t}\n\t\t\t#gallery-2 .gallery-item {\n\t\t\t\tfloat: left;\n\t\t\t\tmargin-top: 10px;\n\t\t\t\ttext-align: center;\n\t\t\t\twidth: 14%;\n\t\t\t}\n\t\t\t#gallery-2 img {\n\t\t\t\tborder: 2px solid #cfcfcf;\n\t\t\t}\n\t\t\t#gallery-2 .gallery-caption {\n\t\t\t\tmargin-left: 0;\n\t\t\t}\n\t\t\t\/* see gallery_shortcode() in wp-includes\/media.php *\/\n\t\t<\/style>\n\t\t<div id='gallery-2' class='gallery galleryid-240416 gallery-columns-7 gallery-size-thumbnail'><dl class='gallery-item'>\n\t\t\t<dt class='gallery-icon landscape'>\n\t\t\t\t<a href='https:\/\/franciscanos.org.br\/noticias\/wp-content\/uploads\/2022\/10\/sexto_21_35.jpg'><img width=\"300\" height=\"300\" src=\"https:\/\/franciscanos.org.br\/noticias\/wp-content\/uploads\/2022\/10\/sexto_21_35-300x300.jpg\" class=\"attachment-thumbnail size-thumbnail\" alt=\"\" loading=\"lazy\" srcset=\"https:\/\/franciscanos.org.br\/noticias\/wp-content\/uploads\/2022\/10\/sexto_21_35-300x300.jpg 300w, https:\/\/franciscanos.org.br\/noticias\/wp-content\/uploads\/2022\/10\/sexto_21_35-100x100.jpg 100w\" sizes=\"(max-width: 300px) 100vw, 300px\" \/><\/a>\n\t\t\t<\/dt><\/dl><dl class='gallery-item'>\n\t\t\t<dt class='gallery-icon landscape'>\n\t\t\t\t<a href='https:\/\/franciscanos.org.br\/noticias\/wp-content\/uploads\/2022\/10\/sexto_21_19.jpg'><img width=\"300\" height=\"300\" src=\"https:\/\/franciscanos.org.br\/noticias\/wp-content\/uploads\/2022\/10\/sexto_21_19-300x300.jpg\" class=\"attachment-thumbnail size-thumbnail\" alt=\"\" loading=\"lazy\" srcset=\"https:\/\/franciscanos.org.br\/noticias\/wp-content\/uploads\/2022\/10\/sexto_21_19-300x300.jpg 300w, https:\/\/franciscanos.org.br\/noticias\/wp-content\/uploads\/2022\/10\/sexto_21_19-100x100.jpg 100w\" sizes=\"(max-width: 300px) 100vw, 300px\" \/><\/a>\n\t\t\t<\/dt><\/dl><dl class='gallery-item'>\n\t\t\t<dt class='gallery-icon landscape'>\n\t\t\t\t<a href='https:\/\/franciscanos.org.br\/noticias\/wp-content\/uploads\/2022\/10\/sexto_21_22.jpg'><img width=\"300\" height=\"300\" src=\"https:\/\/franciscanos.org.br\/noticias\/wp-content\/uploads\/2022\/10\/sexto_21_22-300x300.jpg\" class=\"attachment-thumbnail size-thumbnail\" alt=\"\" loading=\"lazy\" srcset=\"https:\/\/franciscanos.org.br\/noticias\/wp-content\/uploads\/2022\/10\/sexto_21_22-300x300.jpg 300w, https:\/\/franciscanos.org.br\/noticias\/wp-content\/uploads\/2022\/10\/sexto_21_22-100x100.jpg 100w\" sizes=\"(max-width: 300px) 100vw, 300px\" \/><\/a>\n\t\t\t<\/dt><\/dl><dl class='gallery-item'>\n\t\t\t<dt class='gallery-icon landscape'>\n\t\t\t\t<a href='https:\/\/franciscanos.org.br\/noticias\/wp-content\/uploads\/2022\/10\/sexto_21_24.jpg'><img width=\"300\" height=\"300\" src=\"https:\/\/franciscanos.org.br\/noticias\/wp-content\/uploads\/2022\/10\/sexto_21_24-300x300.jpg\" class=\"attachment-thumbnail size-thumbnail\" alt=\"\" loading=\"lazy\" srcset=\"https:\/\/franciscanos.org.br\/noticias\/wp-content\/uploads\/2022\/10\/sexto_21_24-300x300.jpg 300w, https:\/\/franciscanos.org.br\/noticias\/wp-content\/uploads\/2022\/10\/sexto_21_24-100x100.jpg 100w\" sizes=\"(max-width: 300px) 100vw, 300px\" \/><\/a>\n\t\t\t<\/dt><\/dl><dl class='gallery-item'>\n\t\t\t<dt class='gallery-icon landscape'>\n\t\t\t\t<a href='https:\/\/franciscanos.org.br\/noticias\/wp-content\/uploads\/2022\/10\/sexto_21_25.jpg'><img width=\"300\" height=\"300\" src=\"https:\/\/franciscanos.org.br\/noticias\/wp-content\/uploads\/2022\/10\/sexto_21_25-300x300.jpg\" class=\"attachment-thumbnail size-thumbnail\" alt=\"\" loading=\"lazy\" srcset=\"https:\/\/franciscanos.org.br\/noticias\/wp-content\/uploads\/2022\/10\/sexto_21_25-300x300.jpg 300w, https:\/\/franciscanos.org.br\/noticias\/wp-content\/uploads\/2022\/10\/sexto_21_25-100x100.jpg 100w\" sizes=\"(max-width: 300px) 100vw, 300px\" \/><\/a>\n\t\t\t<\/dt><\/dl><dl class='gallery-item'>\n\t\t\t<dt class='gallery-icon landscape'>\n\t\t\t\t<a href='https:\/\/franciscanos.org.br\/noticias\/wp-content\/uploads\/2022\/10\/sexto_21_30.jpg'><img width=\"300\" height=\"300\" src=\"https:\/\/franciscanos.org.br\/noticias\/wp-content\/uploads\/2022\/10\/sexto_21_30-300x300.jpg\" class=\"attachment-thumbnail size-thumbnail\" alt=\"\" loading=\"lazy\" srcset=\"https:\/\/franciscanos.org.br\/noticias\/wp-content\/uploads\/2022\/10\/sexto_21_30-300x300.jpg 300w, https:\/\/franciscanos.org.br\/noticias\/wp-content\/uploads\/2022\/10\/sexto_21_30-100x100.jpg 100w\" sizes=\"(max-width: 300px) 100vw, 300px\" \/><\/a>\n\t\t\t<\/dt><\/dl><dl class='gallery-item'>\n\t\t\t<dt class='gallery-icon landscape'>\n\t\t\t\t<a href='https:\/\/franciscanos.org.br\/noticias\/wp-content\/uploads\/2022\/10\/sexto_21_34.jpg'><img width=\"300\" height=\"300\" src=\"https:\/\/franciscanos.org.br\/noticias\/wp-content\/uploads\/2022\/10\/sexto_21_34-300x300.jpg\" class=\"attachment-thumbnail size-thumbnail\" alt=\"\" loading=\"lazy\" srcset=\"https:\/\/franciscanos.org.br\/noticias\/wp-content\/uploads\/2022\/10\/sexto_21_34-300x300.jpg 300w, https:\/\/franciscanos.org.br\/noticias\/wp-content\/uploads\/2022\/10\/sexto_21_34-100x100.jpg 100w\" sizes=\"(max-width: 300px) 100vw, 300px\" \/><\/a>\n\t\t\t<\/dt><\/dl><br style=\"clear: both\" \/>\n\t\t<\/div>\n\n<p><em>\u00a0 \u00a0 \u00a0 \u00a0 \u00a0 \u00a0 \u00a0 \u00a0 \u00a0 \u00a0 \u00a0 \u00a0 \u00a0 \u00a0 \u00a0 \u00a0 \u00a0 \u00a0 \u00a0 \u00a0 \u00a0 \u00a0 \u00a0 \u00a0 \u00a0 \u00a0 \u00a0 \u00a0 \u00a0 \u00a0 \u00a0 \u00a0 \u00a0 \u00a0 \u00a0(toque nas imagens menores para ampli\u00e1-las)<\/em><\/p>\n<p>O celebrante chamou a aten\u00e7\u00e3o para n\u00e3o n\u00e3o perder de vista o sinal principal que \u00e9 Jesus. &#8220;Os santos s\u00e3o sinais que apontam para Jesus. Se voc\u00ea tamb\u00e9m leva a salva\u00e7\u00e3o no seu trabalho, na sua vida, voc\u00ea tamb\u00e9m \u00e9 sinal de Deus&#8221;, animou.<\/p>\n<p>&#8220;A gente consegue interpretar os sinais do tempo, mas tem dificuldades de interpretar os sinais da evangeliza\u00e7\u00e3o. Deus est\u00e1 agindo, Deus est\u00e1 fazendo, Deus est\u00e1 cuidando, Deus est\u00e1 amando, Deus est\u00e1 salvando. Celebrar um santo da nossa terra, de rezarmos e venerarmos um santo da nossa terra, \u00e9 a oportunidade de perceber que Deus nos quer santos e que a santidade n\u00e3o \u00e9 imposs\u00edvel&#8221;, ressaltou, lembrando, contudo: &#8220;A cruz \u00e9 o caminho para a santidade&#8221;.<\/p>\n<p><img loading=\"lazy\" class=\"alignnone size-full wp-image-240439\" src=\"https:\/\/franciscanos.org.br\/noticias\/wp-content\/uploads\/2022\/10\/sexto_21_16.jpg\" alt=\"\" width=\"1280\" height=\"824\" srcset=\"https:\/\/franciscanos.org.br\/noticias\/wp-content\/uploads\/2022\/10\/sexto_21_16.jpg 1280w, https:\/\/franciscanos.org.br\/noticias\/wp-content\/uploads\/2022\/10\/sexto_21_16-450x290.jpg 450w, https:\/\/franciscanos.org.br\/noticias\/wp-content\/uploads\/2022\/10\/sexto_21_16-1024x659.jpg 1024w, https:\/\/franciscanos.org.br\/noticias\/wp-content\/uploads\/2022\/10\/sexto_21_16-768x494.jpg 768w, https:\/\/franciscanos.org.br\/noticias\/wp-content\/uploads\/2022\/10\/sexto_21_16-150x97.jpg 150w\" sizes=\"(max-width: 1280px) 100vw, 1280px\" \/><\/p>\n<p><strong>Miss\u00e3o no hospital Frei Galv\u00e3o\u00a0<\/strong><\/p>\n<p>Nessa sexta-feira, dia 21 de outubro, os frades realizaram miss\u00e3o no hospital Frei Galv\u00e3o, que fica localizado no bairro S\u00e3o Bento em Guaratinguet\u00e1. Visitaram o Hospital Maternidade. Percorreram diversos setores do Hospital. Rezaram com os pacientes e as pessoas que est\u00e3o em fase de tratamento cl\u00ednico. Em m\u00e3os, a capelinha do primeiro Santo brasileiro.<\/p>\n<p><img loading=\"lazy\" class=\"alignnone size-full wp-image-240440\" src=\"https:\/\/franciscanos.org.br\/noticias\/wp-content\/uploads\/2022\/10\/sexto_21_28.jpg\" alt=\"\" width=\"1280\" height=\"657\" srcset=\"https:\/\/franciscanos.org.br\/noticias\/wp-content\/uploads\/2022\/10\/sexto_21_28.jpg 1280w, https:\/\/franciscanos.org.br\/noticias\/wp-content\/uploads\/2022\/10\/sexto_21_28-450x231.jpg 450w, https:\/\/franciscanos.org.br\/noticias\/wp-content\/uploads\/2022\/10\/sexto_21_28-1024x526.jpg 1024w, https:\/\/franciscanos.org.br\/noticias\/wp-content\/uploads\/2022\/10\/sexto_21_28-768x394.jpg 768w, https:\/\/franciscanos.org.br\/noticias\/wp-content\/uploads\/2022\/10\/sexto_21_28-150x77.jpg 150w\" sizes=\"(max-width: 1280px) 100vw, 1280px\" \/><\/p>\n<p><strong>PROGRAMA\u00c7\u00c3O<\/strong><\/p>\n<p><strong>22 de outubro \u2013 S\u00e1bado (Gesto concreto: Produtos de higiene pessoal)<\/strong><\/p>\n<p>09h00 \u2013 Programa \u201cS\u00e1bado no Santu\u00e1rio\u201d \u2013 TV Aparecida<br \/>\n09h00 \u2013 Abertura das Barraquinhas de Doces e salgados<br \/>\n11h00 \u2013 Chegada e B\u00ean\u00e7\u00e3o dos Ciclistas (Pedal de Frei Galv\u00e3o)<br \/>\n15h00 \u2013 Missa 7\u00b0 dia da Novena \u2013 Tema: \u201cFrei Galv\u00e3o, Terra F\u00e9rtil de Frutos Bons\u201d.<br \/>\n17h00 \u2013 Apresenta\u00e7\u00e3o do Coral Canarinhos de Petr\u00f3polis<br \/>\n19h30 \u2013 Missa 7\u00b0 dia da Novena \u2013 Tema: \u201cFrei Galv\u00e3o, Terra F\u00e9rtil de Frutos Bons\u201d<br \/>\n21h00 \u2013 Show com Ariane Zaine (The Voice)21h00 \u2013 A\u00e7\u00e3o entre amigos<\/p>\n<hr \/>\n<p><em>Equipe de Comunica\u00e7\u00e3o do Santu\u00e1rio Frei Galv\u00e3o<\/em><\/p>\n","protected":false},"excerpt":{"rendered":"<p>Festa de Frei Galv\u00e3o 2022<\/p>\n","protected":false},"author":3,"featured_media":240417,"comment_status":"open","ping_status":"open","sticky":false,"template":"","format":"standard","meta":[],"categories":[1],"tags":[2067],"acf":[],"yoast_head":"<!-- This site is optimized with the Yoast SEO plugin v19.2 - https:\/\/yoast.com\/wordpress\/plugins\/seo\/ -->\n<title>&quot;Ser\u00e1 que a minha vida tem sido sinal de Deus&quot;, a reflex\u00e3o do 6\u00ba dia da Novena de Frei Galv\u00e3o - Not\u00edcias - Franciscanos<\/title>\n<meta name=\"robots\" content=\"index, follow, max-snippet:-1, max-image-preview:large, max-video-preview:-1\" \/>\n<link rel=\"canonical\" href=\"https:\/\/franciscanos.org.br\/noticias\/sera-que-a-minha-vida-tem-sido-sinal-de-deus-a-reflexao-do-6o-dia-da-novena-de-frei-galvao.html\" \/>\n<meta property=\"og:locale\" content=\"pt_BR\" \/>\n<meta property=\"og:type\" content=\"article\" \/>\n<meta property=\"og:title\" content=\"&quot;Ser\u00e1 que a minha vida tem sido sinal de Deus&quot;, a reflex\u00e3o do 6\u00ba dia da Novena de Frei Galv\u00e3o - Not\u00edcias - Franciscanos\" \/>\n<meta property=\"og:description\" content=\"Festa de Frei Galv\u00e3o 2022\" \/>\n<meta property=\"og:url\" content=\"https:\/\/franciscanos.org.br\/noticias\/sera-que-a-minha-vida-tem-sido-sinal-de-deus-a-reflexao-do-6o-dia-da-novena-de-frei-galvao.html\" \/>\n<meta property=\"og:site_name\" content=\"Not\u00edcias - Franciscanos\" \/>\n<meta property=\"article:published_time\" content=\"2022-10-22T01:34:07+00:00\" \/>\n<meta property=\"og:image\" content=\"https:\/\/franciscanos.org.br\/noticias\/wp-content\/uploads\/2022\/10\/abre.jpg\" \/>\n\t<meta property=\"og:image:width\" content=\"1280\" \/>\n\t<meta property=\"og:image:height\" content=\"720\" \/>\n\t<meta property=\"og:image:type\" content=\"image\/jpeg\" \/>\n<meta name=\"author\" content=\"moacir\" \/>\n<meta name=\"twitter:card\" content=\"summary_large_image\" \/>\n<meta name=\"twitter:label1\" content=\"Escrito por\" \/>\n\t<meta name=\"twitter:data1\" content=\"moacir\" \/>\n\t<meta name=\"twitter:label2\" content=\"Est. tempo de leitura\" \/>\n\t<meta name=\"twitter:data2\" content=\"9 minutos\" \/>\n<script type=\"application\/ld+json\" class=\"yoast-schema-graph\">{\"@context\":\"https:\/\/schema.org\",\"@graph\":[{\"@type\":\"WebSite\",\"@id\":\"https:\/\/franciscanos.org.br\/noticias\/#website\",\"url\":\"https:\/\/franciscanos.org.br\/noticias\/\",\"name\":\"Not\u00edcias - Franciscanos\",\"description\":\"Prov\u00edncia Franciscana da Imaculada Concei\u00e7\u00e3o do Brasil - Ordem dos Frades Menores - OFM\",\"potentialAction\":[{\"@type\":\"SearchAction\",\"target\":{\"@type\":\"EntryPoint\",\"urlTemplate\":\"https:\/\/franciscanos.org.br\/noticias\/?s={search_term_string}\"},\"query-input\":\"required name=search_term_string\"}],\"inLanguage\":\"pt-BR\"},{\"@type\":\"ImageObject\",\"inLanguage\":\"pt-BR\",\"@id\":\"https:\/\/franciscanos.org.br\/noticias\/sera-que-a-minha-vida-tem-sido-sinal-de-deus-a-reflexao-do-6o-dia-da-novena-de-frei-galvao.html#primaryimage\",\"url\":\"https:\/\/franciscanos.org.br\/noticias\/wp-content\/uploads\/2022\/10\/abre.jpg\",\"contentUrl\":\"https:\/\/franciscanos.org.br\/noticias\/wp-content\/uploads\/2022\/10\/abre.jpg\",\"width\":1280,\"height\":720},{\"@type\":\"WebPage\",\"@id\":\"https:\/\/franciscanos.org.br\/noticias\/sera-que-a-minha-vida-tem-sido-sinal-de-deus-a-reflexao-do-6o-dia-da-novena-de-frei-galvao.html#webpage\",\"url\":\"https:\/\/franciscanos.org.br\/noticias\/sera-que-a-minha-vida-tem-sido-sinal-de-deus-a-reflexao-do-6o-dia-da-novena-de-frei-galvao.html\",\"name\":\"\\\"Ser\u00e1 que a minha vida tem sido sinal de Deus\\\", a reflex\u00e3o do 6\u00ba dia da Novena de Frei Galv\u00e3o - Not\u00edcias - Franciscanos\",\"isPartOf\":{\"@id\":\"https:\/\/franciscanos.org.br\/noticias\/#website\"},\"primaryImageOfPage\":{\"@id\":\"https:\/\/franciscanos.org.br\/noticias\/sera-que-a-minha-vida-tem-sido-sinal-de-deus-a-reflexao-do-6o-dia-da-novena-de-frei-galvao.html#primaryimage\"},\"datePublished\":\"2022-10-22T01:34:07+00:00\",\"dateModified\":\"2022-10-22T01:34:07+00:00\",\"author\":{\"@id\":\"https:\/\/franciscanos.org.br\/noticias\/#\/schema\/person\/b5c8cba458c330ccff548b056e95a5d4\"},\"breadcrumb\":{\"@id\":\"https:\/\/franciscanos.org.br\/noticias\/sera-que-a-minha-vida-tem-sido-sinal-de-deus-a-reflexao-do-6o-dia-da-novena-de-frei-galvao.html#breadcrumb\"},\"inLanguage\":\"pt-BR\",\"potentialAction\":[{\"@type\":\"ReadAction\",\"target\":[\"https:\/\/franciscanos.org.br\/noticias\/sera-que-a-minha-vida-tem-sido-sinal-de-deus-a-reflexao-do-6o-dia-da-novena-de-frei-galvao.html\"]}]},{\"@type\":\"BreadcrumbList\",\"@id\":\"https:\/\/franciscanos.org.br\/noticias\/sera-que-a-minha-vida-tem-sido-sinal-de-deus-a-reflexao-do-6o-dia-da-novena-de-frei-galvao.html#breadcrumb\",\"itemListElement\":[{\"@type\":\"ListItem\",\"position\":1,\"name\":\"Home\",\"item\":\"https:\/\/franciscanos.org.br\/noticias\"},{\"@type\":\"ListItem\",\"position\":2,\"name\":\"&#8220;Ser\u00e1 que a minha vida tem sido sinal de Deus&#8221;, a reflex\u00e3o do 6\u00ba dia da Novena de Frei Galv\u00e3o\"}]},{\"@type\":\"Person\",\"@id\":\"https:\/\/franciscanos.org.br\/noticias\/#\/schema\/person\/b5c8cba458c330ccff548b056e95a5d4\",\"name\":\"moacir\",\"image\":{\"@type\":\"ImageObject\",\"inLanguage\":\"pt-BR\",\"@id\":\"https:\/\/franciscanos.org.br\/noticias\/#\/schema\/person\/image\/\",\"url\":\"https:\/\/secure.gravatar.com\/avatar\/d08aa2ce4c8dd416d4479aa8536fcf64?s=96&d=mm&r=g\",\"contentUrl\":\"https:\/\/secure.gravatar.com\/avatar\/d08aa2ce4c8dd416d4479aa8536fcf64?s=96&d=mm&r=g\",\"caption\":\"moacir\"},\"url\":\"https:\/\/franciscanos.org.br\/noticias\/author\/moacir\"}]}<\/script>\n<!-- \/ Yoast SEO plugin. -->","yoast_head_json":{"title":"\"Ser\u00e1 que a minha vida tem sido sinal de Deus\", a reflex\u00e3o do 6\u00ba dia da Novena de Frei Galv\u00e3o - Not\u00edcias - Franciscanos","robots":{"index":"index","follow":"follow","max-snippet":"max-snippet:-1","max-image-preview":"max-image-preview:large","max-video-preview":"max-video-preview:-1"},"canonical":"https:\/\/franciscanos.org.br\/noticias\/sera-que-a-minha-vida-tem-sido-sinal-de-deus-a-reflexao-do-6o-dia-da-novena-de-frei-galvao.html","og_locale":"pt_BR","og_type":"article","og_title":"\"Ser\u00e1 que a minha vida tem sido sinal de Deus\", a reflex\u00e3o do 6\u00ba dia da Novena de Frei Galv\u00e3o - Not\u00edcias - Franciscanos","og_description":"Festa de Frei Galv\u00e3o 2022","og_url":"https:\/\/franciscanos.org.br\/noticias\/sera-que-a-minha-vida-tem-sido-sinal-de-deus-a-reflexao-do-6o-dia-da-novena-de-frei-galvao.html","og_site_name":"Not\u00edcias - Franciscanos","article_published_time":"2022-10-22T01:34:07+00:00","og_image":[{"width":1280,"height":720,"url":"https:\/\/franciscanos.org.br\/noticias\/wp-content\/uploads\/2022\/10\/abre.jpg","type":"image\/jpeg"}],"author":"moacir","twitter_card":"summary_large_image","twitter_misc":{"Escrito por":"moacir","Est. tempo de leitura":"9 minutos"},"schema":{"@context":"https:\/\/schema.org","@graph":[{"@type":"WebSite","@id":"https:\/\/franciscanos.org.br\/noticias\/#website","url":"https:\/\/franciscanos.org.br\/noticias\/","name":"Not\u00edcias - Franciscanos","description":"Prov\u00edncia Franciscana da Imaculada Concei\u00e7\u00e3o do Brasil - Ordem dos Frades Menores - OFM","potentialAction":[{"@type":"SearchAction","target":{"@type":"EntryPoint","urlTemplate":"https:\/\/franciscanos.org.br\/noticias\/?s={search_term_string}"},"query-input":"required name=search_term_string"}],"inLanguage":"pt-BR"},{"@type":"ImageObject","inLanguage":"pt-BR","@id":"https:\/\/franciscanos.org.br\/noticias\/sera-que-a-minha-vida-tem-sido-sinal-de-deus-a-reflexao-do-6o-dia-da-novena-de-frei-galvao.html#primaryimage","url":"https:\/\/franciscanos.org.br\/noticias\/wp-content\/uploads\/2022\/10\/abre.jpg","contentUrl":"https:\/\/franciscanos.org.br\/noticias\/wp-content\/uploads\/2022\/10\/abre.jpg","width":1280,"height":720},{"@type":"WebPage","@id":"https:\/\/franciscanos.org.br\/noticias\/sera-que-a-minha-vida-tem-sido-sinal-de-deus-a-reflexao-do-6o-dia-da-novena-de-frei-galvao.html#webpage","url":"https:\/\/franciscanos.org.br\/noticias\/sera-que-a-minha-vida-tem-sido-sinal-de-deus-a-reflexao-do-6o-dia-da-novena-de-frei-galvao.html","name":"\"Ser\u00e1 que a minha vida tem sido sinal de Deus\", a reflex\u00e3o do 6\u00ba dia da Novena de Frei Galv\u00e3o - Not\u00edcias - Franciscanos","isPartOf":{"@id":"https:\/\/franciscanos.org.br\/noticias\/#website"},"primaryImageOfPage":{"@id":"https:\/\/franciscanos.org.br\/noticias\/sera-que-a-minha-vida-tem-sido-sinal-de-deus-a-reflexao-do-6o-dia-da-novena-de-frei-galvao.html#primaryimage"},"datePublished":"2022-10-22T01:34:07+00:00","dateModified":"2022-10-22T01:34:07+00:00","author":{"@id":"https:\/\/franciscanos.org.br\/noticias\/#\/schema\/person\/b5c8cba458c330ccff548b056e95a5d4"},"breadcrumb":{"@id":"https:\/\/franciscanos.org.br\/noticias\/sera-que-a-minha-vida-tem-sido-sinal-de-deus-a-reflexao-do-6o-dia-da-novena-de-frei-galvao.html#breadcrumb"},"inLanguage":"pt-BR","potentialAction":[{"@type":"ReadAction","target":["https:\/\/franciscanos.org.br\/noticias\/sera-que-a-minha-vida-tem-sido-sinal-de-deus-a-reflexao-do-6o-dia-da-novena-de-frei-galvao.html"]}]},{"@type":"BreadcrumbList","@id":"https:\/\/franciscanos.org.br\/noticias\/sera-que-a-minha-vida-tem-sido-sinal-de-deus-a-reflexao-do-6o-dia-da-novena-de-frei-galvao.html#breadcrumb","itemListElement":[{"@type":"ListItem","position":1,"name":"Home","item":"https:\/\/franciscanos.org.br\/noticias"},{"@type":"ListItem","position":2,"name":"&#8220;Ser\u00e1 que a minha vida tem sido sinal de Deus&#8221;, a reflex\u00e3o do 6\u00ba dia da Novena de Frei Galv\u00e3o"}]},{"@type":"Person","@id":"https:\/\/franciscanos.org.br\/noticias\/#\/schema\/person\/b5c8cba458c330ccff548b056e95a5d4","name":"moacir","image":{"@type":"ImageObject","inLanguage":"pt-BR","@id":"https:\/\/franciscanos.org.br\/noticias\/#\/schema\/person\/image\/","url":"https:\/\/secure.gravatar.com\/avatar\/d08aa2ce4c8dd416d4479aa8536fcf64?s=96&d=mm&r=g","contentUrl":"https:\/\/secure.gravatar.com\/avatar\/d08aa2ce4c8dd416d4479aa8536fcf64?s=96&d=mm&r=g","caption":"moacir"},"url":"https:\/\/franciscanos.org.br\/noticias\/author\/moacir"}]}},"_links":{"self":[{"href":"https:\/\/franciscanos.org.br\/noticias\/wp-json\/wp\/v2\/posts\/240416"}],"collection":[{"href":"https:\/\/franciscanos.org.br\/noticias\/wp-json\/wp\/v2\/posts"}],"about":[{"href":"https:\/\/franciscanos.org.br\/noticias\/wp-json\/wp\/v2\/types\/post"}],"author":[{"embeddable":true,"href":"https:\/\/franciscanos.org.br\/noticias\/wp-json\/wp\/v2\/users\/3"}],"replies":[{"embeddable":true,"href":"https:\/\/franciscanos.org.br\/noticias\/wp-json\/wp\/v2\/comments?post=240416"}],"version-history":[{"count":1,"href":"https:\/\/franciscanos.org.br\/noticias\/wp-json\/wp\/v2\/posts\/240416\/revisions"}],"predecessor-version":[{"id":240441,"href":"https:\/\/franciscanos.org.br\/noticias\/wp-json\/wp\/v2\/posts\/240416\/revisions\/240441"}],"wp:featuredmedia":[{"embeddable":true,"href":"https:\/\/franciscanos.org.br\/noticias\/wp-json\/wp\/v2\/media\/240417"}],"wp:attachment":[{"href":"https:\/\/franciscanos.org.br\/noticias\/wp-json\/wp\/v2\/media?parent=240416"}],"wp:term":[{"taxonomy":"category","embeddable":true,"href":"https:\/\/franciscanos.org.br\/noticias\/wp-json\/wp\/v2\/categories?post=240416"},{"taxonomy":"post_tag","embeddable":true,"href":"https:\/\/franciscanos.org.br\/noticias\/wp-json\/wp\/v2\/tags?post=240416"}],"curies":[{"name":"wp","href":"https:\/\/api.w.org\/{rel}","templated":true}]}}