{"id":240410,"date":"2022-10-21T11:04:46","date_gmt":"2022-10-21T14:04:46","guid":{"rendered":"https:\/\/franciscanos.org.br\/noticias\/?p=240410"},"modified":"2022-10-21T11:11:40","modified_gmt":"2022-10-21T14:11:40","slug":"canarinhos-de-petropolis-se-apresentam-em-guaratingueta-neste-sabado-e-domingo","status":"publish","type":"post","link":"https:\/\/franciscanos.org.br\/noticias\/canarinhos-de-petropolis-se-apresentam-em-guaratingueta-neste-sabado-e-domingo.html","title":{"rendered":"Canarinhos de Petr\u00f3polis se apresentam em Guaratinguet\u00e1 neste s\u00e1bado e domingo"},"content":{"rendered":"<p><img loading=\"lazy\" class=\"alignnone size-full wp-image-240411\" src=\"https:\/\/franciscanos.org.br\/noticias\/wp-content\/uploads\/2022\/10\/canarinhos_21.jpg\" alt=\"\" width=\"1280\" height=\"720\" srcset=\"https:\/\/franciscanos.org.br\/noticias\/wp-content\/uploads\/2022\/10\/canarinhos_21.jpg 1280w, https:\/\/franciscanos.org.br\/noticias\/wp-content\/uploads\/2022\/10\/canarinhos_21-450x253.jpg 450w, https:\/\/franciscanos.org.br\/noticias\/wp-content\/uploads\/2022\/10\/canarinhos_21-1024x576.jpg 1024w, https:\/\/franciscanos.org.br\/noticias\/wp-content\/uploads\/2022\/10\/canarinhos_21-768x432.jpg 768w, https:\/\/franciscanos.org.br\/noticias\/wp-content\/uploads\/2022\/10\/canarinhos_21-150x84.jpg 150w\" sizes=\"(max-width: 1280px) 100vw, 1280px\" \/><br \/>\n<strong>Petr\u00f3polis (RJ) &#8211;<\/strong> O Coral Canarinhos de Petr\u00f3polis, que neste ano est\u00e1 festejando 80 anos desde a sua cria\u00e7\u00e3o e que foi fundado em 1942 por um frade franciscano da Prov\u00edncia da Imaculada Concei\u00e7\u00e3o, deixar\u00e1 neste s\u00e1bado, 22 de outubro, a Festa de Frei Galv\u00e3o, o santo franciscano e confrade do fundador do Coral, Frei Leto Bienias, ainda mais bela, solene e franciscana.<\/p>\n<p>O Coral dos Meninos Cantores far\u00e1 um Concerto com m\u00fasicas populares \u00e0s 17h30 no palco externo do Santu\u00e1rio Frei Galv\u00e3o e, em seguida, entoar\u00e1 os cantos lit\u00fargicos da Celebra\u00e7\u00e3o Eucar\u00edstica, \u00e0s 19h30. Esta ser\u00e1 a primeira apresenta\u00e7\u00e3o no Santu\u00e1rio do santo franciscano e o maestro, Marco Aur\u00e9lio Lischt, preparou um programa com m\u00fasicas consagradas que fazem parte do repert\u00f3rio dos coralistas, como \u201cAve Maria\u201d de Gounoud\/Bach, \u201cHallelujah\u201d de G. F. Haendel, \u201cCio da Terra\u201d de Milton Nascimento, \u201cAquarela do Brasil\u201d de Ary Barroso, dentre outras.<\/p>\n<p>Ao todo, 41 Meninos Cantores participar\u00e3o do evento e prometem encantar o p\u00fablico com m\u00fasicas que j\u00e1 s\u00e3o conhecidas e que tocam o cora\u00e7\u00e3o. No dia seguinte, 23 de outubro, os Canarinhos participar\u00e3o da Celebra\u00e7\u00e3o Eucar\u00edstica \u00e0s 9h30 no Semin\u00e1rio Frei Galv\u00e3o, e assim como fazem todos os domingos, entoar\u00e3o as m\u00fasicas da Santa Missa, miss\u00e3o primeira deste coro jubilar. Todos os eventos s\u00e3o abertos ao p\u00fablico!<\/p>\n<p>Em 80 anos de caminhada, o Coral dos Canarinhos de Petr\u00f3polis j\u00e1 realizou viagens internacionais para a Europa, Argentina, Venezuela e Estados Unidos; cantou com o Papa Paulo VI; se apresentou na final do jogo do Brasil na Copa do Mundo de 2004; gravou 18 CD\u2019s &#8211; um deles com tiragem de 300 mil c\u00f3pias; se apresentou com renomados artistas brasileiros a exemplo de Milton Nascimento, Roberto Carlos, \u00c2ngela Maria, Luiz Ayr\u00e3o e o grupo Roupa Nova; e conta com 40 ex-Canarinhos que, atualmente, vivem da m\u00fasica.<\/p>\n<p>Coro de meninos mais antigo do Brasil, o Coral dos Canarinhos de Petr\u00f3polis acumula oito d\u00e9cadas de hist\u00f3ria na m\u00fasica, educa\u00e7\u00e3o e forma\u00e7\u00e3o dos coralistas. Motivo de orgulho para Petr\u00f3polis e todo o Brasil. Mais informa\u00e7\u00f5es sobre os Canarinhos podem ser obtidas no site do coral, Facebook, Instagram e TikTok (@canarinhosdepetropolis).<\/p>\n<p><strong>Informa\u00e7\u00f5es:<\/strong><br \/>\n<em>Frei Augusto Luiz Gabriel, assessor de imprensa dos Canarinhos<\/em><br \/>\n+55 11 99218-6707<\/p>\n<p><em>Frei Leandro Costa, assessor do Santu\u00e1rio Frei Galv\u00e3o de Guaratinguet\u00e1<\/em><br \/>\n+55 12 99185-0782<\/p>\n<p><strong>Endere\u00e7o<\/strong><\/p>\n<p>Santu\u00e1rio Arquidiocesano de Santo Ant\u00f4nio de Sant&#8217;Anna Galv\u00e3o<br \/>\nAvenida Jos\u00e9 Pereira da Cruz, n\u00ba 53 &#8211; Jardim do Vale I Guaratinguet\u00e1\/SP CEP 12.519-411<\/p>\n","protected":false},"excerpt":{"rendered":"<p>Festa de Frei Galv\u00e3o 2022<\/p>\n","protected":false},"author":3,"featured_media":240411,"comment_status":"open","ping_status":"open","sticky":false,"template":"","format":"standard","meta":[],"categories":[1],"tags":[2067],"acf":[],"yoast_head":"<!-- This site is optimized with the Yoast SEO plugin v19.2 - https:\/\/yoast.com\/wordpress\/plugins\/seo\/ -->\n<title>Canarinhos de Petr\u00f3polis se apresentam em Guaratinguet\u00e1 neste s\u00e1bado e domingo - Not\u00edcias - Franciscanos<\/title>\n<meta name=\"robots\" content=\"index, follow, max-snippet:-1, max-image-preview:large, max-video-preview:-1\" \/>\n<link rel=\"canonical\" href=\"https:\/\/franciscanos.org.br\/noticias\/canarinhos-de-petropolis-se-apresentam-em-guaratingueta-neste-sabado-e-domingo.html\" \/>\n<meta property=\"og:locale\" content=\"pt_BR\" \/>\n<meta property=\"og:type\" content=\"article\" \/>\n<meta property=\"og:title\" content=\"Canarinhos de Petr\u00f3polis se apresentam em Guaratinguet\u00e1 neste s\u00e1bado e domingo - Not\u00edcias - Franciscanos\" \/>\n<meta property=\"og:description\" content=\"Festa de Frei Galv\u00e3o 2022\" \/>\n<meta property=\"og:url\" content=\"https:\/\/franciscanos.org.br\/noticias\/canarinhos-de-petropolis-se-apresentam-em-guaratingueta-neste-sabado-e-domingo.html\" \/>\n<meta property=\"og:site_name\" content=\"Not\u00edcias - Franciscanos\" \/>\n<meta property=\"article:published_time\" content=\"2022-10-21T14:04:46+00:00\" \/>\n<meta property=\"article:modified_time\" content=\"2022-10-21T14:11:40+00:00\" \/>\n<meta property=\"og:image\" content=\"https:\/\/franciscanos.org.br\/noticias\/wp-content\/uploads\/2022\/10\/canarinhos_21.jpg\" \/>\n\t<meta property=\"og:image:width\" content=\"1280\" \/>\n\t<meta property=\"og:image:height\" content=\"720\" \/>\n\t<meta property=\"og:image:type\" content=\"image\/jpeg\" \/>\n<meta name=\"author\" content=\"moacir\" \/>\n<meta name=\"twitter:card\" content=\"summary_large_image\" \/>\n<meta name=\"twitter:label1\" content=\"Escrito por\" \/>\n\t<meta name=\"twitter:data1\" content=\"moacir\" \/>\n\t<meta name=\"twitter:label2\" content=\"Est. tempo de leitura\" \/>\n\t<meta name=\"twitter:data2\" content=\"2 minutos\" \/>\n<script type=\"application\/ld+json\" class=\"yoast-schema-graph\">{\"@context\":\"https:\/\/schema.org\",\"@graph\":[{\"@type\":\"WebSite\",\"@id\":\"https:\/\/franciscanos.org.br\/noticias\/#website\",\"url\":\"https:\/\/franciscanos.org.br\/noticias\/\",\"name\":\"Not\u00edcias - Franciscanos\",\"description\":\"Prov\u00edncia Franciscana da Imaculada Concei\u00e7\u00e3o do Brasil - Ordem dos Frades Menores - OFM\",\"potentialAction\":[{\"@type\":\"SearchAction\",\"target\":{\"@type\":\"EntryPoint\",\"urlTemplate\":\"https:\/\/franciscanos.org.br\/noticias\/?s={search_term_string}\"},\"query-input\":\"required name=search_term_string\"}],\"inLanguage\":\"pt-BR\"},{\"@type\":\"ImageObject\",\"inLanguage\":\"pt-BR\",\"@id\":\"https:\/\/franciscanos.org.br\/noticias\/canarinhos-de-petropolis-se-apresentam-em-guaratingueta-neste-sabado-e-domingo.html#primaryimage\",\"url\":\"https:\/\/franciscanos.org.br\/noticias\/wp-content\/uploads\/2022\/10\/canarinhos_21.jpg\",\"contentUrl\":\"https:\/\/franciscanos.org.br\/noticias\/wp-content\/uploads\/2022\/10\/canarinhos_21.jpg\",\"width\":1280,\"height\":720},{\"@type\":\"WebPage\",\"@id\":\"https:\/\/franciscanos.org.br\/noticias\/canarinhos-de-petropolis-se-apresentam-em-guaratingueta-neste-sabado-e-domingo.html#webpage\",\"url\":\"https:\/\/franciscanos.org.br\/noticias\/canarinhos-de-petropolis-se-apresentam-em-guaratingueta-neste-sabado-e-domingo.html\",\"name\":\"Canarinhos de Petr\u00f3polis se apresentam em Guaratinguet\u00e1 neste s\u00e1bado e domingo - Not\u00edcias - Franciscanos\",\"isPartOf\":{\"@id\":\"https:\/\/franciscanos.org.br\/noticias\/#website\"},\"primaryImageOfPage\":{\"@id\":\"https:\/\/franciscanos.org.br\/noticias\/canarinhos-de-petropolis-se-apresentam-em-guaratingueta-neste-sabado-e-domingo.html#primaryimage\"},\"datePublished\":\"2022-10-21T14:04:46+00:00\",\"dateModified\":\"2022-10-21T14:11:40+00:00\",\"author\":{\"@id\":\"https:\/\/franciscanos.org.br\/noticias\/#\/schema\/person\/b5c8cba458c330ccff548b056e95a5d4\"},\"breadcrumb\":{\"@id\":\"https:\/\/franciscanos.org.br\/noticias\/canarinhos-de-petropolis-se-apresentam-em-guaratingueta-neste-sabado-e-domingo.html#breadcrumb\"},\"inLanguage\":\"pt-BR\",\"potentialAction\":[{\"@type\":\"ReadAction\",\"target\":[\"https:\/\/franciscanos.org.br\/noticias\/canarinhos-de-petropolis-se-apresentam-em-guaratingueta-neste-sabado-e-domingo.html\"]}]},{\"@type\":\"BreadcrumbList\",\"@id\":\"https:\/\/franciscanos.org.br\/noticias\/canarinhos-de-petropolis-se-apresentam-em-guaratingueta-neste-sabado-e-domingo.html#breadcrumb\",\"itemListElement\":[{\"@type\":\"ListItem\",\"position\":1,\"name\":\"Home\",\"item\":\"https:\/\/franciscanos.org.br\/noticias\"},{\"@type\":\"ListItem\",\"position\":2,\"name\":\"Canarinhos de Petr\u00f3polis se apresentam em Guaratinguet\u00e1 neste s\u00e1bado e domingo\"}]},{\"@type\":\"Person\",\"@id\":\"https:\/\/franciscanos.org.br\/noticias\/#\/schema\/person\/b5c8cba458c330ccff548b056e95a5d4\",\"name\":\"moacir\",\"image\":{\"@type\":\"ImageObject\",\"inLanguage\":\"pt-BR\",\"@id\":\"https:\/\/franciscanos.org.br\/noticias\/#\/schema\/person\/image\/\",\"url\":\"https:\/\/secure.gravatar.com\/avatar\/d08aa2ce4c8dd416d4479aa8536fcf64?s=96&d=mm&r=g\",\"contentUrl\":\"https:\/\/secure.gravatar.com\/avatar\/d08aa2ce4c8dd416d4479aa8536fcf64?s=96&d=mm&r=g\",\"caption\":\"moacir\"},\"url\":\"https:\/\/franciscanos.org.br\/noticias\/author\/moacir\"}]}<\/script>\n<!-- \/ Yoast SEO plugin. -->","yoast_head_json":{"title":"Canarinhos de Petr\u00f3polis se apresentam em Guaratinguet\u00e1 neste s\u00e1bado e domingo - Not\u00edcias - Franciscanos","robots":{"index":"index","follow":"follow","max-snippet":"max-snippet:-1","max-image-preview":"max-image-preview:large","max-video-preview":"max-video-preview:-1"},"canonical":"https:\/\/franciscanos.org.br\/noticias\/canarinhos-de-petropolis-se-apresentam-em-guaratingueta-neste-sabado-e-domingo.html","og_locale":"pt_BR","og_type":"article","og_title":"Canarinhos de Petr\u00f3polis se apresentam em Guaratinguet\u00e1 neste s\u00e1bado e domingo - Not\u00edcias - Franciscanos","og_description":"Festa de Frei Galv\u00e3o 2022","og_url":"https:\/\/franciscanos.org.br\/noticias\/canarinhos-de-petropolis-se-apresentam-em-guaratingueta-neste-sabado-e-domingo.html","og_site_name":"Not\u00edcias - Franciscanos","article_published_time":"2022-10-21T14:04:46+00:00","article_modified_time":"2022-10-21T14:11:40+00:00","og_image":[{"width":1280,"height":720,"url":"https:\/\/franciscanos.org.br\/noticias\/wp-content\/uploads\/2022\/10\/canarinhos_21.jpg","type":"image\/jpeg"}],"author":"moacir","twitter_card":"summary_large_image","twitter_misc":{"Escrito por":"moacir","Est. tempo de leitura":"2 minutos"},"schema":{"@context":"https:\/\/schema.org","@graph":[{"@type":"WebSite","@id":"https:\/\/franciscanos.org.br\/noticias\/#website","url":"https:\/\/franciscanos.org.br\/noticias\/","name":"Not\u00edcias - Franciscanos","description":"Prov\u00edncia Franciscana da Imaculada Concei\u00e7\u00e3o do Brasil - Ordem dos Frades Menores - OFM","potentialAction":[{"@type":"SearchAction","target":{"@type":"EntryPoint","urlTemplate":"https:\/\/franciscanos.org.br\/noticias\/?s={search_term_string}"},"query-input":"required name=search_term_string"}],"inLanguage":"pt-BR"},{"@type":"ImageObject","inLanguage":"pt-BR","@id":"https:\/\/franciscanos.org.br\/noticias\/canarinhos-de-petropolis-se-apresentam-em-guaratingueta-neste-sabado-e-domingo.html#primaryimage","url":"https:\/\/franciscanos.org.br\/noticias\/wp-content\/uploads\/2022\/10\/canarinhos_21.jpg","contentUrl":"https:\/\/franciscanos.org.br\/noticias\/wp-content\/uploads\/2022\/10\/canarinhos_21.jpg","width":1280,"height":720},{"@type":"WebPage","@id":"https:\/\/franciscanos.org.br\/noticias\/canarinhos-de-petropolis-se-apresentam-em-guaratingueta-neste-sabado-e-domingo.html#webpage","url":"https:\/\/franciscanos.org.br\/noticias\/canarinhos-de-petropolis-se-apresentam-em-guaratingueta-neste-sabado-e-domingo.html","name":"Canarinhos de Petr\u00f3polis se apresentam em Guaratinguet\u00e1 neste s\u00e1bado e domingo - Not\u00edcias - Franciscanos","isPartOf":{"@id":"https:\/\/franciscanos.org.br\/noticias\/#website"},"primaryImageOfPage":{"@id":"https:\/\/franciscanos.org.br\/noticias\/canarinhos-de-petropolis-se-apresentam-em-guaratingueta-neste-sabado-e-domingo.html#primaryimage"},"datePublished":"2022-10-21T14:04:46+00:00","dateModified":"2022-10-21T14:11:40+00:00","author":{"@id":"https:\/\/franciscanos.org.br\/noticias\/#\/schema\/person\/b5c8cba458c330ccff548b056e95a5d4"},"breadcrumb":{"@id":"https:\/\/franciscanos.org.br\/noticias\/canarinhos-de-petropolis-se-apresentam-em-guaratingueta-neste-sabado-e-domingo.html#breadcrumb"},"inLanguage":"pt-BR","potentialAction":[{"@type":"ReadAction","target":["https:\/\/franciscanos.org.br\/noticias\/canarinhos-de-petropolis-se-apresentam-em-guaratingueta-neste-sabado-e-domingo.html"]}]},{"@type":"BreadcrumbList","@id":"https:\/\/franciscanos.org.br\/noticias\/canarinhos-de-petropolis-se-apresentam-em-guaratingueta-neste-sabado-e-domingo.html#breadcrumb","itemListElement":[{"@type":"ListItem","position":1,"name":"Home","item":"https:\/\/franciscanos.org.br\/noticias"},{"@type":"ListItem","position":2,"name":"Canarinhos de Petr\u00f3polis se apresentam em Guaratinguet\u00e1 neste s\u00e1bado e domingo"}]},{"@type":"Person","@id":"https:\/\/franciscanos.org.br\/noticias\/#\/schema\/person\/b5c8cba458c330ccff548b056e95a5d4","name":"moacir","image":{"@type":"ImageObject","inLanguage":"pt-BR","@id":"https:\/\/franciscanos.org.br\/noticias\/#\/schema\/person\/image\/","url":"https:\/\/secure.gravatar.com\/avatar\/d08aa2ce4c8dd416d4479aa8536fcf64?s=96&d=mm&r=g","contentUrl":"https:\/\/secure.gravatar.com\/avatar\/d08aa2ce4c8dd416d4479aa8536fcf64?s=96&d=mm&r=g","caption":"moacir"},"url":"https:\/\/franciscanos.org.br\/noticias\/author\/moacir"}]}},"_links":{"self":[{"href":"https:\/\/franciscanos.org.br\/noticias\/wp-json\/wp\/v2\/posts\/240410"}],"collection":[{"href":"https:\/\/franciscanos.org.br\/noticias\/wp-json\/wp\/v2\/posts"}],"about":[{"href":"https:\/\/franciscanos.org.br\/noticias\/wp-json\/wp\/v2\/types\/post"}],"author":[{"embeddable":true,"href":"https:\/\/franciscanos.org.br\/noticias\/wp-json\/wp\/v2\/users\/3"}],"replies":[{"embeddable":true,"href":"https:\/\/franciscanos.org.br\/noticias\/wp-json\/wp\/v2\/comments?post=240410"}],"version-history":[{"count":2,"href":"https:\/\/franciscanos.org.br\/noticias\/wp-json\/wp\/v2\/posts\/240410\/revisions"}],"predecessor-version":[{"id":240413,"href":"https:\/\/franciscanos.org.br\/noticias\/wp-json\/wp\/v2\/posts\/240410\/revisions\/240413"}],"wp:featuredmedia":[{"embeddable":true,"href":"https:\/\/franciscanos.org.br\/noticias\/wp-json\/wp\/v2\/media\/240411"}],"wp:attachment":[{"href":"https:\/\/franciscanos.org.br\/noticias\/wp-json\/wp\/v2\/media?parent=240410"}],"wp:term":[{"taxonomy":"category","embeddable":true,"href":"https:\/\/franciscanos.org.br\/noticias\/wp-json\/wp\/v2\/categories?post=240410"},{"taxonomy":"post_tag","embeddable":true,"href":"https:\/\/franciscanos.org.br\/noticias\/wp-json\/wp\/v2\/tags?post=240410"}],"curies":[{"name":"wp","href":"https:\/\/api.w.org\/{rel}","templated":true}]}}