{"id":240407,"date":"2022-10-21T10:55:20","date_gmt":"2022-10-21T13:55:20","guid":{"rendered":"https:\/\/franciscanos.org.br\/noticias\/?p=240407"},"modified":"2022-10-21T10:55:20","modified_gmt":"2022-10-21T13:55:20","slug":"dom-leonardo-steiner-preside-beatificacao-da-martir-benigna","status":"publish","type":"post","link":"https:\/\/franciscanos.org.br\/noticias\/dom-leonardo-steiner-preside-beatificacao-da-martir-benigna.html","title":{"rendered":"Dom Leonardo Steiner preside beatifica\u00e7\u00e3o da M\u00e1rtir Benigna"},"content":{"rendered":"<div id=\"attachment_240408\" style=\"width: 1010px\" class=\"wp-caption alignnone\"><img aria-describedby=\"caption-attachment-240408\" loading=\"lazy\" class=\"wp-image-240408 size-full\" src=\"https:\/\/franciscanos.org.br\/noticias\/wp-content\/uploads\/2022\/10\/benigna.jpeg\" alt=\"\" width=\"1000\" height=\"563\" srcset=\"https:\/\/franciscanos.org.br\/noticias\/wp-content\/uploads\/2022\/10\/benigna.jpeg 1000w, https:\/\/franciscanos.org.br\/noticias\/wp-content\/uploads\/2022\/10\/benigna-450x253.jpeg 450w, https:\/\/franciscanos.org.br\/noticias\/wp-content\/uploads\/2022\/10\/benigna-768x432.jpeg 768w, https:\/\/franciscanos.org.br\/noticias\/wp-content\/uploads\/2022\/10\/benigna-150x84.jpeg 150w\" sizes=\"(max-width: 1000px) 100vw, 1000px\" \/><p id=\"caption-attachment-240408\" class=\"wp-caption-text\">\u00a0 \u00a0 \u00a0 \u00a0 \u00a0 \u00a0 \u00a0 \u00a0 \u00a0 \u00a0 \u00a0 \u00a0 \u00a0 \u00a0 \u00a0 \u00a0 \u00a0 \u00a0 \u00a0 \u00a0 \u00a0 \u00a0 \u00a0 \u00a0 \u00a0 \u00a0 \u00a0 \u00a0 \u00a0 \u00a0 \u00a0 \u00a0 \u00a0 \u00a0 \u00a0 \u00a0 \u00a0 \u00a0 \u00a0 \u00a0 \u00a0 \u00a0 \u00a0 \u00a0 \u00a0 \u00a0 \u00a0 \u00a0 \u00a0 \u00a0 \u00a0<em> \u00a0 \u00a0 \u00a0 \u00a0 \u00a0Fonte: Vatican News<\/em><\/p><\/div>\n<p>A beatifica\u00e7\u00e3o da M\u00e1rtir Benigna est\u00e1 se aproximando e, para o imenso trabalho que envolve uma cerim\u00f4nia do g\u00eanero, cinco equipes foram montadas e cerca de 500 volunt\u00e1rios se envolveram para ajudar na prepara\u00e7\u00e3o do grande evento que ir\u00e1 acontecer na cidade de Crato nesta segunda-feira (24) a partir das 15h, com missa presidida pelo cardeal Leonardo Steiner prevista para \u00e0s 17h. O coordenador da Comiss\u00e3o para a Beatifica\u00e7\u00e3o de Benigna, Pe. Wesley Barros, fala da import\u00e2ncia desse dia:<\/p>\n<p>&#8220;A celebra\u00e7\u00e3o acontece no dia 24 de outubro que, no Estado do Cear\u00e1, \u00e9 considerado o Dia Estadual da Luta Contra o Feminic\u00eddio &#8211; isso porque Benigna torna-se tamb\u00e9m um s\u00edmbolo dessa causa social no combate a toda e qualquer viol\u00eancia contra a mulher. Esse dia \u00e9 especial porque \u00e9 o dia do mart\u00edrio de Benigna, quando normalmente acontece a Romaria de Benigna em Santana do Cariri, a cidade onde ela nasceu, e que este ano foi o dia escolhido pelo Papa Francisco para a beatifica\u00e7\u00e3o de Benigna.&#8221;<\/p>\n<p><strong>Regi\u00e3o do Cariri vai receber mais de 50 mil pessoas<\/strong><br \/>\nAinda segundo o Pe. Wesley, s\u00e3o esperados cerca de 60 mil peregrinos no Parque de Exposi\u00e7\u00f5es Pedro Fel\u00edcio Cavalcante, na cidade de Crato, j\u00e1 que tem capacidade para acolher at\u00e9 100 mil pessoas com \u00e1rea de estacionamento e tamb\u00e9m para alimenta\u00e7\u00e3o do p\u00fablico. Al\u00e9m disso, 36 bispos confirmaram presen\u00e7a provenientes de outras partes do Brasil, mas sobretudo dos Regionais vizinhos da CNBB; assim como, 200 sacerdotes e 200 seminaristas s\u00e3o aguardados, al\u00e9m de autoridades civis e militares.<\/p>\n<p>A beatifica\u00e7\u00e3o, assim, acontece em 24 de outubro. No dia seguinte, ter\u00e7a-feira, 25 de outubro, a programa\u00e7\u00e3o prev\u00ea uma missa de a\u00e7\u00e3o de gra\u00e7as, que tamb\u00e9m ser\u00e1 de conclus\u00e3o da Romaria de Benigna deste ano que come\u00e7ou no dia 15 de outubro. O Pe. Wesley confirma que \u00e9 um evento que inclusive faz girar a economia local:<br \/>\n&#8220;Esses s\u00e3o os elementos que envolvem esse momento significante da nossa vida de f\u00e9, eclesial e cultural porque \u00e9 um acontecimento que marca toda a regi\u00e3o do Cariri por ser mais um espa\u00e7o religioso de peregrina\u00e7\u00e3o, de refer\u00eancia tamb\u00e9m tur\u00edstica que desponta tamb\u00e9m no \u00e2mbito religioso aqui na regi\u00e3o do Cariri.&#8221;<\/p>\n<hr \/>\n<p><em>Fonte: Vatican News (texto de Andressa Collet)<\/em><\/p>\n","protected":false},"excerpt":{"rendered":"<p>Nova beata brasileira<\/p>\n","protected":false},"author":3,"featured_media":240408,"comment_status":"open","ping_status":"open","sticky":false,"template":"","format":"standard","meta":[],"categories":[1428],"tags":[215],"acf":[],"yoast_head":"<!-- This site is optimized with the Yoast SEO plugin v19.2 - https:\/\/yoast.com\/wordpress\/plugins\/seo\/ -->\n<title>Dom Leonardo Steiner preside beatifica\u00e7\u00e3o da M\u00e1rtir Benigna - Not\u00edcias - Franciscanos<\/title>\n<meta name=\"robots\" content=\"index, follow, max-snippet:-1, max-image-preview:large, max-video-preview:-1\" \/>\n<link rel=\"canonical\" href=\"https:\/\/franciscanos.org.br\/noticias\/dom-leonardo-steiner-preside-beatificacao-da-martir-benigna.html\" \/>\n<meta property=\"og:locale\" content=\"pt_BR\" \/>\n<meta property=\"og:type\" content=\"article\" \/>\n<meta property=\"og:title\" content=\"Dom Leonardo Steiner preside beatifica\u00e7\u00e3o da M\u00e1rtir Benigna - Not\u00edcias - Franciscanos\" \/>\n<meta property=\"og:description\" content=\"Nova beata brasileira\" \/>\n<meta property=\"og:url\" content=\"https:\/\/franciscanos.org.br\/noticias\/dom-leonardo-steiner-preside-beatificacao-da-martir-benigna.html\" \/>\n<meta property=\"og:site_name\" content=\"Not\u00edcias - Franciscanos\" \/>\n<meta property=\"article:published_time\" content=\"2022-10-21T13:55:20+00:00\" \/>\n<meta property=\"og:image\" content=\"https:\/\/franciscanos.org.br\/noticias\/wp-content\/uploads\/2022\/10\/benigna.jpeg\" \/>\n\t<meta property=\"og:image:width\" content=\"1000\" \/>\n\t<meta property=\"og:image:height\" content=\"563\" \/>\n\t<meta property=\"og:image:type\" content=\"image\/jpeg\" \/>\n<meta name=\"author\" content=\"moacir\" \/>\n<meta name=\"twitter:card\" content=\"summary_large_image\" \/>\n<meta name=\"twitter:label1\" content=\"Escrito por\" \/>\n\t<meta name=\"twitter:data1\" content=\"moacir\" \/>\n\t<meta name=\"twitter:label2\" content=\"Est. tempo de leitura\" \/>\n\t<meta name=\"twitter:data2\" content=\"3 minutos\" \/>\n<script type=\"application\/ld+json\" class=\"yoast-schema-graph\">{\"@context\":\"https:\/\/schema.org\",\"@graph\":[{\"@type\":\"WebSite\",\"@id\":\"https:\/\/franciscanos.org.br\/noticias\/#website\",\"url\":\"https:\/\/franciscanos.org.br\/noticias\/\",\"name\":\"Not\u00edcias - Franciscanos\",\"description\":\"Prov\u00edncia Franciscana da Imaculada Concei\u00e7\u00e3o do Brasil - Ordem dos Frades Menores - OFM\",\"potentialAction\":[{\"@type\":\"SearchAction\",\"target\":{\"@type\":\"EntryPoint\",\"urlTemplate\":\"https:\/\/franciscanos.org.br\/noticias\/?s={search_term_string}\"},\"query-input\":\"required name=search_term_string\"}],\"inLanguage\":\"pt-BR\"},{\"@type\":\"ImageObject\",\"inLanguage\":\"pt-BR\",\"@id\":\"https:\/\/franciscanos.org.br\/noticias\/dom-leonardo-steiner-preside-beatificacao-da-martir-benigna.html#primaryimage\",\"url\":\"https:\/\/franciscanos.org.br\/noticias\/wp-content\/uploads\/2022\/10\/benigna.jpeg\",\"contentUrl\":\"https:\/\/franciscanos.org.br\/noticias\/wp-content\/uploads\/2022\/10\/benigna.jpeg\",\"width\":1000,\"height\":563},{\"@type\":\"WebPage\",\"@id\":\"https:\/\/franciscanos.org.br\/noticias\/dom-leonardo-steiner-preside-beatificacao-da-martir-benigna.html#webpage\",\"url\":\"https:\/\/franciscanos.org.br\/noticias\/dom-leonardo-steiner-preside-beatificacao-da-martir-benigna.html\",\"name\":\"Dom Leonardo Steiner preside beatifica\u00e7\u00e3o da M\u00e1rtir Benigna - Not\u00edcias - Franciscanos\",\"isPartOf\":{\"@id\":\"https:\/\/franciscanos.org.br\/noticias\/#website\"},\"primaryImageOfPage\":{\"@id\":\"https:\/\/franciscanos.org.br\/noticias\/dom-leonardo-steiner-preside-beatificacao-da-martir-benigna.html#primaryimage\"},\"datePublished\":\"2022-10-21T13:55:20+00:00\",\"dateModified\":\"2022-10-21T13:55:20+00:00\",\"author\":{\"@id\":\"https:\/\/franciscanos.org.br\/noticias\/#\/schema\/person\/b5c8cba458c330ccff548b056e95a5d4\"},\"breadcrumb\":{\"@id\":\"https:\/\/franciscanos.org.br\/noticias\/dom-leonardo-steiner-preside-beatificacao-da-martir-benigna.html#breadcrumb\"},\"inLanguage\":\"pt-BR\",\"potentialAction\":[{\"@type\":\"ReadAction\",\"target\":[\"https:\/\/franciscanos.org.br\/noticias\/dom-leonardo-steiner-preside-beatificacao-da-martir-benigna.html\"]}]},{\"@type\":\"BreadcrumbList\",\"@id\":\"https:\/\/franciscanos.org.br\/noticias\/dom-leonardo-steiner-preside-beatificacao-da-martir-benigna.html#breadcrumb\",\"itemListElement\":[{\"@type\":\"ListItem\",\"position\":1,\"name\":\"Home\",\"item\":\"https:\/\/franciscanos.org.br\/noticias\"},{\"@type\":\"ListItem\",\"position\":2,\"name\":\"Dom Leonardo Steiner preside beatifica\u00e7\u00e3o da M\u00e1rtir Benigna\"}]},{\"@type\":\"Person\",\"@id\":\"https:\/\/franciscanos.org.br\/noticias\/#\/schema\/person\/b5c8cba458c330ccff548b056e95a5d4\",\"name\":\"moacir\",\"image\":{\"@type\":\"ImageObject\",\"inLanguage\":\"pt-BR\",\"@id\":\"https:\/\/franciscanos.org.br\/noticias\/#\/schema\/person\/image\/\",\"url\":\"https:\/\/secure.gravatar.com\/avatar\/d08aa2ce4c8dd416d4479aa8536fcf64?s=96&d=mm&r=g\",\"contentUrl\":\"https:\/\/secure.gravatar.com\/avatar\/d08aa2ce4c8dd416d4479aa8536fcf64?s=96&d=mm&r=g\",\"caption\":\"moacir\"},\"url\":\"https:\/\/franciscanos.org.br\/noticias\/author\/moacir\"}]}<\/script>\n<!-- \/ Yoast SEO plugin. -->","yoast_head_json":{"title":"Dom Leonardo Steiner preside beatifica\u00e7\u00e3o da M\u00e1rtir Benigna - Not\u00edcias - Franciscanos","robots":{"index":"index","follow":"follow","max-snippet":"max-snippet:-1","max-image-preview":"max-image-preview:large","max-video-preview":"max-video-preview:-1"},"canonical":"https:\/\/franciscanos.org.br\/noticias\/dom-leonardo-steiner-preside-beatificacao-da-martir-benigna.html","og_locale":"pt_BR","og_type":"article","og_title":"Dom Leonardo Steiner preside beatifica\u00e7\u00e3o da M\u00e1rtir Benigna - Not\u00edcias - Franciscanos","og_description":"Nova beata brasileira","og_url":"https:\/\/franciscanos.org.br\/noticias\/dom-leonardo-steiner-preside-beatificacao-da-martir-benigna.html","og_site_name":"Not\u00edcias - Franciscanos","article_published_time":"2022-10-21T13:55:20+00:00","og_image":[{"width":1000,"height":563,"url":"https:\/\/franciscanos.org.br\/noticias\/wp-content\/uploads\/2022\/10\/benigna.jpeg","type":"image\/jpeg"}],"author":"moacir","twitter_card":"summary_large_image","twitter_misc":{"Escrito por":"moacir","Est. tempo de leitura":"3 minutos"},"schema":{"@context":"https:\/\/schema.org","@graph":[{"@type":"WebSite","@id":"https:\/\/franciscanos.org.br\/noticias\/#website","url":"https:\/\/franciscanos.org.br\/noticias\/","name":"Not\u00edcias - Franciscanos","description":"Prov\u00edncia Franciscana da Imaculada Concei\u00e7\u00e3o do Brasil - Ordem dos Frades Menores - OFM","potentialAction":[{"@type":"SearchAction","target":{"@type":"EntryPoint","urlTemplate":"https:\/\/franciscanos.org.br\/noticias\/?s={search_term_string}"},"query-input":"required name=search_term_string"}],"inLanguage":"pt-BR"},{"@type":"ImageObject","inLanguage":"pt-BR","@id":"https:\/\/franciscanos.org.br\/noticias\/dom-leonardo-steiner-preside-beatificacao-da-martir-benigna.html#primaryimage","url":"https:\/\/franciscanos.org.br\/noticias\/wp-content\/uploads\/2022\/10\/benigna.jpeg","contentUrl":"https:\/\/franciscanos.org.br\/noticias\/wp-content\/uploads\/2022\/10\/benigna.jpeg","width":1000,"height":563},{"@type":"WebPage","@id":"https:\/\/franciscanos.org.br\/noticias\/dom-leonardo-steiner-preside-beatificacao-da-martir-benigna.html#webpage","url":"https:\/\/franciscanos.org.br\/noticias\/dom-leonardo-steiner-preside-beatificacao-da-martir-benigna.html","name":"Dom Leonardo Steiner preside beatifica\u00e7\u00e3o da M\u00e1rtir Benigna - Not\u00edcias - Franciscanos","isPartOf":{"@id":"https:\/\/franciscanos.org.br\/noticias\/#website"},"primaryImageOfPage":{"@id":"https:\/\/franciscanos.org.br\/noticias\/dom-leonardo-steiner-preside-beatificacao-da-martir-benigna.html#primaryimage"},"datePublished":"2022-10-21T13:55:20+00:00","dateModified":"2022-10-21T13:55:20+00:00","author":{"@id":"https:\/\/franciscanos.org.br\/noticias\/#\/schema\/person\/b5c8cba458c330ccff548b056e95a5d4"},"breadcrumb":{"@id":"https:\/\/franciscanos.org.br\/noticias\/dom-leonardo-steiner-preside-beatificacao-da-martir-benigna.html#breadcrumb"},"inLanguage":"pt-BR","potentialAction":[{"@type":"ReadAction","target":["https:\/\/franciscanos.org.br\/noticias\/dom-leonardo-steiner-preside-beatificacao-da-martir-benigna.html"]}]},{"@type":"BreadcrumbList","@id":"https:\/\/franciscanos.org.br\/noticias\/dom-leonardo-steiner-preside-beatificacao-da-martir-benigna.html#breadcrumb","itemListElement":[{"@type":"ListItem","position":1,"name":"Home","item":"https:\/\/franciscanos.org.br\/noticias"},{"@type":"ListItem","position":2,"name":"Dom Leonardo Steiner preside beatifica\u00e7\u00e3o da M\u00e1rtir Benigna"}]},{"@type":"Person","@id":"https:\/\/franciscanos.org.br\/noticias\/#\/schema\/person\/b5c8cba458c330ccff548b056e95a5d4","name":"moacir","image":{"@type":"ImageObject","inLanguage":"pt-BR","@id":"https:\/\/franciscanos.org.br\/noticias\/#\/schema\/person\/image\/","url":"https:\/\/secure.gravatar.com\/avatar\/d08aa2ce4c8dd416d4479aa8536fcf64?s=96&d=mm&r=g","contentUrl":"https:\/\/secure.gravatar.com\/avatar\/d08aa2ce4c8dd416d4479aa8536fcf64?s=96&d=mm&r=g","caption":"moacir"},"url":"https:\/\/franciscanos.org.br\/noticias\/author\/moacir"}]}},"_links":{"self":[{"href":"https:\/\/franciscanos.org.br\/noticias\/wp-json\/wp\/v2\/posts\/240407"}],"collection":[{"href":"https:\/\/franciscanos.org.br\/noticias\/wp-json\/wp\/v2\/posts"}],"about":[{"href":"https:\/\/franciscanos.org.br\/noticias\/wp-json\/wp\/v2\/types\/post"}],"author":[{"embeddable":true,"href":"https:\/\/franciscanos.org.br\/noticias\/wp-json\/wp\/v2\/users\/3"}],"replies":[{"embeddable":true,"href":"https:\/\/franciscanos.org.br\/noticias\/wp-json\/wp\/v2\/comments?post=240407"}],"version-history":[{"count":1,"href":"https:\/\/franciscanos.org.br\/noticias\/wp-json\/wp\/v2\/posts\/240407\/revisions"}],"predecessor-version":[{"id":240409,"href":"https:\/\/franciscanos.org.br\/noticias\/wp-json\/wp\/v2\/posts\/240407\/revisions\/240409"}],"wp:featuredmedia":[{"embeddable":true,"href":"https:\/\/franciscanos.org.br\/noticias\/wp-json\/wp\/v2\/media\/240408"}],"wp:attachment":[{"href":"https:\/\/franciscanos.org.br\/noticias\/wp-json\/wp\/v2\/media?parent=240407"}],"wp:term":[{"taxonomy":"category","embeddable":true,"href":"https:\/\/franciscanos.org.br\/noticias\/wp-json\/wp\/v2\/categories?post=240407"},{"taxonomy":"post_tag","embeddable":true,"href":"https:\/\/franciscanos.org.br\/noticias\/wp-json\/wp\/v2\/tags?post=240407"}],"curies":[{"name":"wp","href":"https:\/\/api.w.org\/{rel}","templated":true}]}}