{"id":240399,"date":"2022-10-21T08:35:59","date_gmt":"2022-10-21T11:35:59","guid":{"rendered":"https:\/\/franciscanos.org.br\/noticias\/?p=240399"},"modified":"2022-10-21T13:14:47","modified_gmt":"2022-10-21T16:14:47","slug":"frades-estudantes-recebem-ministerio-do-acolitado-2","status":"publish","type":"post","link":"https:\/\/franciscanos.org.br\/noticias\/frades-estudantes-recebem-ministerio-do-acolitado-2.html","title":{"rendered":"Frades estudantes recebem Minist\u00e9rio do Acolitado"},"content":{"rendered":"<p><img loading=\"lazy\" class=\"alignnone wp-image-240400 size-full\" src=\"https:\/\/franciscanos.org.br\/noticias\/wp-content\/uploads\/2022\/10\/acolitado_02.jpg\" alt=\"\" width=\"1280\" height=\"720\" srcset=\"https:\/\/franciscanos.org.br\/noticias\/wp-content\/uploads\/2022\/10\/acolitado_02.jpg 1280w, https:\/\/franciscanos.org.br\/noticias\/wp-content\/uploads\/2022\/10\/acolitado_02-450x253.jpg 450w, https:\/\/franciscanos.org.br\/noticias\/wp-content\/uploads\/2022\/10\/acolitado_02-1024x576.jpg 1024w, https:\/\/franciscanos.org.br\/noticias\/wp-content\/uploads\/2022\/10\/acolitado_02-768x432.jpg 768w, https:\/\/franciscanos.org.br\/noticias\/wp-content\/uploads\/2022\/10\/acolitado_02-150x84.jpg 150w\" sizes=\"(max-width: 1280px) 100vw, 1280px\" \/><\/p>\n<p><strong>Petr\u00f3polis (RJ)<\/strong> &#8211; Na ter\u00e7a-feira, 18 de outubro, festa de S\u00e3o Lucas, 7 frades do tempo da Teologia deram mais um passo em seu processo vocacional e abra\u00e7aram com &#8216;sim&#8217; generoso ao minist\u00e9rio que a Igreja confere \u00e0queles que se colocam a servi\u00e7o do Reino de Deus, sendo institu\u00eddos ac\u00f3litos para prepara\u00e7\u00e3o do Altar do Senhor. A Celebra\u00e7\u00e3o Eucar\u00edstica, onde se deu o rito de institui\u00e7\u00e3o, foi presidida por Frei Paulo Roberto Pereira, Ministro Provincial.<\/p>\n<p>Antes do in\u00edcio da homilia, os frades que seriam institu\u00eddos ac\u00f3litos foram apresentados por Frei Marcos Antonio de Andrade, mestre dos frades formandos do tempo da Teologia, sendo eles: Frei Andr\u00e9 Santos Sungo Mingas, Frei Andrei Nascimento dos Anjos (Cust\u00f3dia S\u00e3o Benedito), Frei Danilo Santos Oliveira, Frei F\u00e1bio Melo Vasconcelos (Cust\u00f3dia S\u00e3o Benedito), Frei Felipe Medeiros Carretta, Frei Jos\u00e9 Jo\u00e3o Ganga e Frei Miguel Tchiteculo Tchindjombo Filipe.<\/p>\n<p><strong>Muitos motivos para celebrar<\/strong><\/p>\n<p>Frei Paulo come\u00e7ou a partilha da Palavra saudando os irm\u00e3os apresentados e a seguir pediu ao povo de Deus presente na celebra\u00e7\u00e3o ora\u00e7\u00f5es por seus confrades para que desempenhem com fidelidade a nova miss\u00e3o por eles abra\u00e7ada neste dia. Estendendo a sua sauda\u00e7\u00e3o em seguida, aos demais concelebrantes, Frei Jorge Paulo Schiavini, guardi\u00e3o da Fraternidade e na sua pessoa toda a comunidade local, a Frei Gustavo Wayand Medella, Vig\u00e1rio Provincial e nele toda a Fraternidade Provincial, e por fim, Frei Daniel Dellandrea, Definidor Provincial, e que, nesse mesmo dia celebrava quatorze anos de ordena\u00e7\u00e3o presbiteral.<\/p>\n<p>Repleto de motivos para celebrar, esta Eucaristia seria uma frutuosa a\u00e7\u00e3o de gra\u00e7as, destacou frei Paulo, relembrando o anivers\u00e1rio de ordena\u00e7\u00e3o presbiteral de um dos concelebrantes, h\u00e1 pouco citado, a mem\u00f3ria de Santo Ant\u00f4nio da qual, os franciscanos recordam todas \u00e0s ter\u00e7as-feiras, o 3\u00ba dia da novena em prepara\u00e7\u00e3o \u00e0 festa de Santo Ant\u00f4nio de Santanna Galv\u00e3o, a festa de S\u00e3o Lucas, ap\u00f3stolo e evangelista, e claro, o motivo de sua presen\u00e7a: a institui\u00e7\u00e3o do acolitado, aos confrades que cursam o 3\u00ba ano de Teologia.<\/p>\n<p><img loading=\"lazy\" class=\"alignnone size-full wp-image-240401\" src=\"https:\/\/franciscanos.org.br\/noticias\/wp-content\/uploads\/2022\/10\/acolitado_01.jpg\" alt=\"\" width=\"1280\" height=\"720\" srcset=\"https:\/\/franciscanos.org.br\/noticias\/wp-content\/uploads\/2022\/10\/acolitado_01.jpg 1280w, https:\/\/franciscanos.org.br\/noticias\/wp-content\/uploads\/2022\/10\/acolitado_01-450x253.jpg 450w, https:\/\/franciscanos.org.br\/noticias\/wp-content\/uploads\/2022\/10\/acolitado_01-1024x576.jpg 1024w, https:\/\/franciscanos.org.br\/noticias\/wp-content\/uploads\/2022\/10\/acolitado_01-768x432.jpg 768w, https:\/\/franciscanos.org.br\/noticias\/wp-content\/uploads\/2022\/10\/acolitado_01-150x84.jpg 150w\" sizes=\"(max-width: 1280px) 100vw, 1280px\" \/><\/p>\n<p><strong>Como preparar a Ceia do Senhor?<\/strong><\/p>\n<p>A partir dos textos b\u00edblicos propostos pela festa lit\u00fargica, o presidente da celebra\u00e7\u00e3o come\u00e7ou a guiar a sua reflex\u00e3o para o tema da miseric\u00f3rdia, destacando esse elemento bastante presente no evangelho lucano: \u201cQuando n\u00f3s hoje celebramos S\u00e3o Lucas vamos olhar para como ele \u00e9 conhecido, aquele que cura. N\u00f3s queremos ser curados. N\u00f3s temos o dom de curar tamb\u00e9m. Curar\u2026 Aceitar a cura e espalhar a cura atrav\u00e9s da aceita\u00e7\u00e3o da miseric\u00f3rdia e de fazermo-nos instrumentos da miseric\u00f3rdia.\u201d, frisou o Ministro Provincial.<\/p>\n<p>S\u00e3o Lucas \u00e9 o Evangelista da Miseric\u00f3rdia, lembrou Frei Paulo, diversos s\u00e3o os seus escritos que abordam esse tema, tr\u00eas deles no cap\u00edtulo 15 e aqui ocasi\u00e3o onde destacou as tr\u00eas &#8220;par\u00e1bolas da miseric\u00f3rdia&#8221;(a ovelha perdida, a moeda perdida, e o filho pr\u00f3digo), de modo breve, e acrescentou dizendo que:<br \/>\n\u201cO tamanho da miseric\u00f3rdia de Deus s\u00f3 se amplia, e se amplia ainda mais no mist\u00e9rio da Cruz. Precedido do que esses nossos irm\u00e3os hoje se disp\u00f5em a servir, a ceia. Ali, na \u00daltima Ceia, na \u00faltima refei\u00e7\u00e3o antes de entregar-se para salva\u00e7\u00e3o de todos n\u00f3s, o Senhor nos ensina que para participar plenamente da sua vida, intensamente da sua miseric\u00f3rdia, para sermos curados e termos o dom de curar, \u00e9 necess\u00e1rio que n\u00f3s sirvamos&#8221;, disse.<\/p>\n<p><img loading=\"lazy\" class=\"alignnone size-full wp-image-240403\" src=\"https:\/\/franciscanos.org.br\/noticias\/wp-content\/uploads\/2022\/10\/acolitado_03.jpg\" alt=\"\" width=\"1280\" height=\"720\" srcset=\"https:\/\/franciscanos.org.br\/noticias\/wp-content\/uploads\/2022\/10\/acolitado_03.jpg 1280w, https:\/\/franciscanos.org.br\/noticias\/wp-content\/uploads\/2022\/10\/acolitado_03-450x253.jpg 450w, https:\/\/franciscanos.org.br\/noticias\/wp-content\/uploads\/2022\/10\/acolitado_03-1024x576.jpg 1024w, https:\/\/franciscanos.org.br\/noticias\/wp-content\/uploads\/2022\/10\/acolitado_03-768x432.jpg 768w, https:\/\/franciscanos.org.br\/noticias\/wp-content\/uploads\/2022\/10\/acolitado_03-150x84.jpg 150w\" sizes=\"(max-width: 1280px) 100vw, 1280px\" \/><\/p>\n<p><strong>\u2018Mestre, onde queres que preparemos a ceia?\u2019<\/strong><br \/>\n&#8211; Preparar a ceia, preparar o espa\u00e7o ideal para acolher e experimentar a grandeza da mensagem do Senhor que nos cura, nos salva e nos liberta \u00e9 isso o que voc\u00eas querem fazer, ajudar o Senhor a preparar a Ceia. N\u00e3o apenas uma refei\u00e7\u00e3o, n\u00e3o apenas um ritual, mas na ceia o Senhor onde se traduz toda sua mensagem, o Senhor evidencia as suas predile\u00e7\u00f5es, as suas escolhas, e Jesus escolhe estar ao lado daqueles que sofrem, ali na ceia.<\/p>\n<p><strong>\u2018Mestre onde queres? Como queres que preparemos a ceia?<\/strong><br \/>\n&#8211; Essa pergunta, do cap\u00edtulo 26 do evangelho de S\u00e3o Lucas, voc\u00eas devem fazer-se ao assumir este minist\u00e9rio; todos n\u00f3s devemos nos fazer: Senhor, como queres que n\u00f3s ajudemos o mundo a reconhecer a Eucaristia, a Palavra, a Ceia, a transforma\u00e7\u00e3o das chagas, a cura das chagas da nossa sociedade? Esse \u00e9 o servi\u00e7o da Igreja. Ac\u00f3lito \u00e9 aquele que serve. [&#8230;] Quando a religi\u00e3o, quando a Igreja, quando os ministros na Igreja, quando os investidos para servir ao inv\u00e9s de servir ao reino de Deus, servem-se a si mesmos, eles negam o princ\u00edpio elementar da miss\u00e3o da Igreja. Todos n\u00f3s somos servidores: homens, mulheres, crian\u00e7as, jovens, adultos e velhos devemos servir a Igreja. Servindo a Igreja na pr\u00f3pria Igreja. E servindo a Igreja onde ela tem que estar: no mundo da educa\u00e7\u00e3o, na comunica\u00e7\u00e3o, na fam\u00edlia&#8230; Servir a partir de onde a gente trabalha e de onde a gente convive. Ali n\u00f3s todos devemos nos empenhar em servir. \u00c9 este projeto que voc\u00eas sete hoje assumem, numa demonstra\u00e7\u00e3o da Igreja servidora como urgentemente necess\u00e1ria para o mundo de hoje.<\/p>\n<p>Por \u00faltimo, Frei Paulo terminou agradecendo \u00e0 Fraternidade formadora, e a todos os formadores que acompanharam o percurso vocacional dos frades que seriam institu\u00eddos ac\u00f3litos na celebra\u00e7\u00e3o, bem como a comunidade local que reza pelas voca\u00e7\u00f5es, pedindo que o Senhor envie oper\u00e1rios \u00e0 sua messe.<\/p>\n<p><strong>Irm\u00e3os que na f\u00e9 e na caridade servem a mesa do Senhor<\/strong><\/p>\n<p>Conclu\u00edda a homilia, seguiu-se a celebra\u00e7\u00e3o com o rito de institui\u00e7\u00e3o dos novos ac\u00f3litos. Os frades colocaram-se ajoelhados diante do presbit\u00e9rio diante do Ministro Provincial. Em seguida, Frei Paulo proferiu a seguinte ora\u00e7\u00e3o:<\/p>\n<p>\u201c\u00d3 Deus de suma bondade que por vosso Filho Unig\u00eanito entregastes a vossa Igreja o P\u00e3o da Vida. Aben\u00e7oai estes nossos irm\u00e3os escolhidos para o minist\u00e9rio de ac\u00f3lito, e concedei que se dediquem ao servi\u00e7o do vosso santo altar distribuam fielmente o p\u00e3o da vida aos seus irm\u00e3os e cres\u00e7am na f\u00e9 e na caridade, para a edifica\u00e7\u00e3o da vossa Igreja. Por Cristo, nosso Senhor\u201d.<\/p>\n<p><img loading=\"lazy\" class=\"alignnone size-full wp-image-240405\" src=\"https:\/\/franciscanos.org.br\/noticias\/wp-content\/uploads\/2022\/10\/aCOLITADO_05.jpg\" alt=\"\" width=\"1280\" height=\"1707\" srcset=\"https:\/\/franciscanos.org.br\/noticias\/wp-content\/uploads\/2022\/10\/aCOLITADO_05.jpg 810w, https:\/\/franciscanos.org.br\/noticias\/wp-content\/uploads\/2022\/10\/aCOLITADO_05-337x450.jpg 337w, https:\/\/franciscanos.org.br\/noticias\/wp-content\/uploads\/2022\/10\/aCOLITADO_05-768x1024.jpg 768w, https:\/\/franciscanos.org.br\/noticias\/wp-content\/uploads\/2022\/10\/aCOLITADO_05-1152x1536.jpg 1152w, https:\/\/franciscanos.org.br\/noticias\/wp-content\/uploads\/2022\/10\/aCOLITADO_05-150x200.jpg 150w\" sizes=\"(max-width: 1280px) 100vw, 1280px\" \/><\/p>\n<p>Ap\u00f3s a ora\u00e7\u00e3o, individualmente , os frades que foram institu\u00eddos no novo servi\u00e7o, receberam em suas m\u00e3os a patena e, recebendo o P\u00e3o para a celebra\u00e7\u00e3o da Eucaristia, receberam tamb\u00e9m a miss\u00e3o de proceder servindo de modo digno \u00e0 mesa do Senhor e da Igreja. O momento foi seguido pela liturgia Eucar\u00edstica, no qual os novos ac\u00f3litos tomaram parte de seu servi\u00e7o lit\u00fargico e assim puseram-se a cuidar do Altar na prepara\u00e7\u00e3o das oferendas. Ap\u00f3s, a celebra\u00e7\u00e3o seguiu o rito como de costume.<\/p>\n<p>Antes da b\u00ean\u00e7\u00e3o final, Frei Paulo agradeceu o &#8216;sim&#8217; generoso de seus confrades pelo servi\u00e7o que abra\u00e7avam e a presen\u00e7a da comunidade que se fez presente neste momento.<\/p>\n<hr \/>\n<p><em>Frei Bruno Gon\u00e7alves Cez\u00e1rio<\/em><\/p>\n","protected":false},"excerpt":{"rendered":"<p>Forma\u00e7\u00e3o e Estudos<\/p>\n","protected":false},"author":3,"featured_media":240400,"comment_status":"open","ping_status":"open","sticky":false,"template":"","format":"standard","meta":[],"categories":[1],"tags":[1770],"acf":[],"yoast_head":"<!-- This site is optimized with the Yoast SEO plugin v19.2 - https:\/\/yoast.com\/wordpress\/plugins\/seo\/ -->\n<title>Frades estudantes recebem Minist\u00e9rio do Acolitado - Not\u00edcias - Franciscanos<\/title>\n<meta name=\"robots\" content=\"index, follow, max-snippet:-1, max-image-preview:large, max-video-preview:-1\" \/>\n<link rel=\"canonical\" href=\"https:\/\/franciscanos.org.br\/noticias\/frades-estudantes-recebem-ministerio-do-acolitado-2.html\" \/>\n<meta property=\"og:locale\" content=\"pt_BR\" \/>\n<meta property=\"og:type\" content=\"article\" \/>\n<meta property=\"og:title\" content=\"Frades estudantes recebem Minist\u00e9rio do Acolitado - Not\u00edcias - Franciscanos\" \/>\n<meta property=\"og:description\" content=\"Forma\u00e7\u00e3o e Estudos\" \/>\n<meta property=\"og:url\" content=\"https:\/\/franciscanos.org.br\/noticias\/frades-estudantes-recebem-ministerio-do-acolitado-2.html\" \/>\n<meta property=\"og:site_name\" content=\"Not\u00edcias - Franciscanos\" \/>\n<meta property=\"article:published_time\" content=\"2022-10-21T11:35:59+00:00\" \/>\n<meta property=\"article:modified_time\" content=\"2022-10-21T16:14:47+00:00\" \/>\n<meta property=\"og:image\" content=\"https:\/\/franciscanos.org.br\/noticias\/wp-content\/uploads\/2022\/10\/acolitado_02.jpg\" \/>\n\t<meta property=\"og:image:width\" content=\"1280\" \/>\n\t<meta property=\"og:image:height\" content=\"720\" \/>\n\t<meta property=\"og:image:type\" content=\"image\/jpeg\" \/>\n<meta name=\"author\" content=\"moacir\" \/>\n<meta name=\"twitter:card\" content=\"summary_large_image\" \/>\n<meta name=\"twitter:label1\" content=\"Escrito por\" \/>\n\t<meta name=\"twitter:data1\" content=\"moacir\" \/>\n\t<meta name=\"twitter:label2\" content=\"Est. tempo de leitura\" \/>\n\t<meta name=\"twitter:data2\" content=\"7 minutos\" \/>\n<script type=\"application\/ld+json\" class=\"yoast-schema-graph\">{\"@context\":\"https:\/\/schema.org\",\"@graph\":[{\"@type\":\"WebSite\",\"@id\":\"https:\/\/franciscanos.org.br\/noticias\/#website\",\"url\":\"https:\/\/franciscanos.org.br\/noticias\/\",\"name\":\"Not\u00edcias - Franciscanos\",\"description\":\"Prov\u00edncia Franciscana da Imaculada Concei\u00e7\u00e3o do Brasil - Ordem dos Frades Menores - OFM\",\"potentialAction\":[{\"@type\":\"SearchAction\",\"target\":{\"@type\":\"EntryPoint\",\"urlTemplate\":\"https:\/\/franciscanos.org.br\/noticias\/?s={search_term_string}\"},\"query-input\":\"required name=search_term_string\"}],\"inLanguage\":\"pt-BR\"},{\"@type\":\"ImageObject\",\"inLanguage\":\"pt-BR\",\"@id\":\"https:\/\/franciscanos.org.br\/noticias\/frades-estudantes-recebem-ministerio-do-acolitado-2.html#primaryimage\",\"url\":\"https:\/\/franciscanos.org.br\/noticias\/wp-content\/uploads\/2022\/10\/acolitado_02.jpg\",\"contentUrl\":\"https:\/\/franciscanos.org.br\/noticias\/wp-content\/uploads\/2022\/10\/acolitado_02.jpg\",\"width\":1280,\"height\":720},{\"@type\":\"WebPage\",\"@id\":\"https:\/\/franciscanos.org.br\/noticias\/frades-estudantes-recebem-ministerio-do-acolitado-2.html#webpage\",\"url\":\"https:\/\/franciscanos.org.br\/noticias\/frades-estudantes-recebem-ministerio-do-acolitado-2.html\",\"name\":\"Frades estudantes recebem Minist\u00e9rio do Acolitado - Not\u00edcias - Franciscanos\",\"isPartOf\":{\"@id\":\"https:\/\/franciscanos.org.br\/noticias\/#website\"},\"primaryImageOfPage\":{\"@id\":\"https:\/\/franciscanos.org.br\/noticias\/frades-estudantes-recebem-ministerio-do-acolitado-2.html#primaryimage\"},\"datePublished\":\"2022-10-21T11:35:59+00:00\",\"dateModified\":\"2022-10-21T16:14:47+00:00\",\"author\":{\"@id\":\"https:\/\/franciscanos.org.br\/noticias\/#\/schema\/person\/b5c8cba458c330ccff548b056e95a5d4\"},\"breadcrumb\":{\"@id\":\"https:\/\/franciscanos.org.br\/noticias\/frades-estudantes-recebem-ministerio-do-acolitado-2.html#breadcrumb\"},\"inLanguage\":\"pt-BR\",\"potentialAction\":[{\"@type\":\"ReadAction\",\"target\":[\"https:\/\/franciscanos.org.br\/noticias\/frades-estudantes-recebem-ministerio-do-acolitado-2.html\"]}]},{\"@type\":\"BreadcrumbList\",\"@id\":\"https:\/\/franciscanos.org.br\/noticias\/frades-estudantes-recebem-ministerio-do-acolitado-2.html#breadcrumb\",\"itemListElement\":[{\"@type\":\"ListItem\",\"position\":1,\"name\":\"Home\",\"item\":\"https:\/\/franciscanos.org.br\/noticias\"},{\"@type\":\"ListItem\",\"position\":2,\"name\":\"Frades estudantes recebem Minist\u00e9rio do Acolitado\"}]},{\"@type\":\"Person\",\"@id\":\"https:\/\/franciscanos.org.br\/noticias\/#\/schema\/person\/b5c8cba458c330ccff548b056e95a5d4\",\"name\":\"moacir\",\"image\":{\"@type\":\"ImageObject\",\"inLanguage\":\"pt-BR\",\"@id\":\"https:\/\/franciscanos.org.br\/noticias\/#\/schema\/person\/image\/\",\"url\":\"https:\/\/secure.gravatar.com\/avatar\/d08aa2ce4c8dd416d4479aa8536fcf64?s=96&d=mm&r=g\",\"contentUrl\":\"https:\/\/secure.gravatar.com\/avatar\/d08aa2ce4c8dd416d4479aa8536fcf64?s=96&d=mm&r=g\",\"caption\":\"moacir\"},\"url\":\"https:\/\/franciscanos.org.br\/noticias\/author\/moacir\"}]}<\/script>\n<!-- \/ Yoast SEO plugin. -->","yoast_head_json":{"title":"Frades estudantes recebem Minist\u00e9rio do Acolitado - Not\u00edcias - Franciscanos","robots":{"index":"index","follow":"follow","max-snippet":"max-snippet:-1","max-image-preview":"max-image-preview:large","max-video-preview":"max-video-preview:-1"},"canonical":"https:\/\/franciscanos.org.br\/noticias\/frades-estudantes-recebem-ministerio-do-acolitado-2.html","og_locale":"pt_BR","og_type":"article","og_title":"Frades estudantes recebem Minist\u00e9rio do Acolitado - Not\u00edcias - Franciscanos","og_description":"Forma\u00e7\u00e3o e Estudos","og_url":"https:\/\/franciscanos.org.br\/noticias\/frades-estudantes-recebem-ministerio-do-acolitado-2.html","og_site_name":"Not\u00edcias - Franciscanos","article_published_time":"2022-10-21T11:35:59+00:00","article_modified_time":"2022-10-21T16:14:47+00:00","og_image":[{"width":1280,"height":720,"url":"https:\/\/franciscanos.org.br\/noticias\/wp-content\/uploads\/2022\/10\/acolitado_02.jpg","type":"image\/jpeg"}],"author":"moacir","twitter_card":"summary_large_image","twitter_misc":{"Escrito por":"moacir","Est. tempo de leitura":"7 minutos"},"schema":{"@context":"https:\/\/schema.org","@graph":[{"@type":"WebSite","@id":"https:\/\/franciscanos.org.br\/noticias\/#website","url":"https:\/\/franciscanos.org.br\/noticias\/","name":"Not\u00edcias - Franciscanos","description":"Prov\u00edncia Franciscana da Imaculada Concei\u00e7\u00e3o do Brasil - Ordem dos Frades Menores - OFM","potentialAction":[{"@type":"SearchAction","target":{"@type":"EntryPoint","urlTemplate":"https:\/\/franciscanos.org.br\/noticias\/?s={search_term_string}"},"query-input":"required name=search_term_string"}],"inLanguage":"pt-BR"},{"@type":"ImageObject","inLanguage":"pt-BR","@id":"https:\/\/franciscanos.org.br\/noticias\/frades-estudantes-recebem-ministerio-do-acolitado-2.html#primaryimage","url":"https:\/\/franciscanos.org.br\/noticias\/wp-content\/uploads\/2022\/10\/acolitado_02.jpg","contentUrl":"https:\/\/franciscanos.org.br\/noticias\/wp-content\/uploads\/2022\/10\/acolitado_02.jpg","width":1280,"height":720},{"@type":"WebPage","@id":"https:\/\/franciscanos.org.br\/noticias\/frades-estudantes-recebem-ministerio-do-acolitado-2.html#webpage","url":"https:\/\/franciscanos.org.br\/noticias\/frades-estudantes-recebem-ministerio-do-acolitado-2.html","name":"Frades estudantes recebem Minist\u00e9rio do Acolitado - Not\u00edcias - Franciscanos","isPartOf":{"@id":"https:\/\/franciscanos.org.br\/noticias\/#website"},"primaryImageOfPage":{"@id":"https:\/\/franciscanos.org.br\/noticias\/frades-estudantes-recebem-ministerio-do-acolitado-2.html#primaryimage"},"datePublished":"2022-10-21T11:35:59+00:00","dateModified":"2022-10-21T16:14:47+00:00","author":{"@id":"https:\/\/franciscanos.org.br\/noticias\/#\/schema\/person\/b5c8cba458c330ccff548b056e95a5d4"},"breadcrumb":{"@id":"https:\/\/franciscanos.org.br\/noticias\/frades-estudantes-recebem-ministerio-do-acolitado-2.html#breadcrumb"},"inLanguage":"pt-BR","potentialAction":[{"@type":"ReadAction","target":["https:\/\/franciscanos.org.br\/noticias\/frades-estudantes-recebem-ministerio-do-acolitado-2.html"]}]},{"@type":"BreadcrumbList","@id":"https:\/\/franciscanos.org.br\/noticias\/frades-estudantes-recebem-ministerio-do-acolitado-2.html#breadcrumb","itemListElement":[{"@type":"ListItem","position":1,"name":"Home","item":"https:\/\/franciscanos.org.br\/noticias"},{"@type":"ListItem","position":2,"name":"Frades estudantes recebem Minist\u00e9rio do Acolitado"}]},{"@type":"Person","@id":"https:\/\/franciscanos.org.br\/noticias\/#\/schema\/person\/b5c8cba458c330ccff548b056e95a5d4","name":"moacir","image":{"@type":"ImageObject","inLanguage":"pt-BR","@id":"https:\/\/franciscanos.org.br\/noticias\/#\/schema\/person\/image\/","url":"https:\/\/secure.gravatar.com\/avatar\/d08aa2ce4c8dd416d4479aa8536fcf64?s=96&d=mm&r=g","contentUrl":"https:\/\/secure.gravatar.com\/avatar\/d08aa2ce4c8dd416d4479aa8536fcf64?s=96&d=mm&r=g","caption":"moacir"},"url":"https:\/\/franciscanos.org.br\/noticias\/author\/moacir"}]}},"_links":{"self":[{"href":"https:\/\/franciscanos.org.br\/noticias\/wp-json\/wp\/v2\/posts\/240399"}],"collection":[{"href":"https:\/\/franciscanos.org.br\/noticias\/wp-json\/wp\/v2\/posts"}],"about":[{"href":"https:\/\/franciscanos.org.br\/noticias\/wp-json\/wp\/v2\/types\/post"}],"author":[{"embeddable":true,"href":"https:\/\/franciscanos.org.br\/noticias\/wp-json\/wp\/v2\/users\/3"}],"replies":[{"embeddable":true,"href":"https:\/\/franciscanos.org.br\/noticias\/wp-json\/wp\/v2\/comments?post=240399"}],"version-history":[{"count":3,"href":"https:\/\/franciscanos.org.br\/noticias\/wp-json\/wp\/v2\/posts\/240399\/revisions"}],"predecessor-version":[{"id":240414,"href":"https:\/\/franciscanos.org.br\/noticias\/wp-json\/wp\/v2\/posts\/240399\/revisions\/240414"}],"wp:featuredmedia":[{"embeddable":true,"href":"https:\/\/franciscanos.org.br\/noticias\/wp-json\/wp\/v2\/media\/240400"}],"wp:attachment":[{"href":"https:\/\/franciscanos.org.br\/noticias\/wp-json\/wp\/v2\/media?parent=240399"}],"wp:term":[{"taxonomy":"category","embeddable":true,"href":"https:\/\/franciscanos.org.br\/noticias\/wp-json\/wp\/v2\/categories?post=240399"},{"taxonomy":"post_tag","embeddable":true,"href":"https:\/\/franciscanos.org.br\/noticias\/wp-json\/wp\/v2\/tags?post=240399"}],"curies":[{"name":"wp","href":"https:\/\/api.w.org\/{rel}","templated":true}]}}