{"id":240387,"date":"2022-10-20T22:38:30","date_gmt":"2022-10-21T01:38:30","guid":{"rendered":"https:\/\/franciscanos.org.br\/noticias\/?p=240387"},"modified":"2022-10-20T22:38:30","modified_gmt":"2022-10-21T01:38:30","slug":"dom-joaquim-wladimir-vamos-nos-deixar-amar-por-deus","status":"publish","type":"post","link":"https:\/\/franciscanos.org.br\/noticias\/dom-joaquim-wladimir-vamos-nos-deixar-amar-por-deus.html","title":{"rendered":"Dom Joaquim Wladimir: &#8220;Vamos nos deixar amar por Deus&#8221;"},"content":{"rendered":"<p><strong> <img loading=\"lazy\" class=\"alignnone size-full wp-image-240388\" src=\"https:\/\/franciscanos.org.br\/noticias\/wp-content\/uploads\/2022\/10\/lorena_05.jpg\" alt=\"\" width=\"1280\" height=\"921\" srcset=\"https:\/\/franciscanos.org.br\/noticias\/wp-content\/uploads\/2022\/10\/lorena_05.jpg 1280w, https:\/\/franciscanos.org.br\/noticias\/wp-content\/uploads\/2022\/10\/lorena_05-450x324.jpg 450w, https:\/\/franciscanos.org.br\/noticias\/wp-content\/uploads\/2022\/10\/lorena_05-1024x737.jpg 1024w, https:\/\/franciscanos.org.br\/noticias\/wp-content\/uploads\/2022\/10\/lorena_05-768x553.jpg 768w, https:\/\/franciscanos.org.br\/noticias\/wp-content\/uploads\/2022\/10\/lorena_05-150x108.jpg 150w\" sizes=\"(max-width: 1280px) 100vw, 1280px\" \/><\/strong><\/p>\n<p><strong>Guaratinguet\u00e1 )SP)<\/strong> &#8211; O bispo diocesano de Lorena, Dom Joaquim Wladimir Lopes Dias, presidiu a Santa Missa, \u00e0s 19h30, no quinto dia de Novena em prepara\u00e7\u00e3o \u00e0 Festa de Frei Galv\u00e3o, no Santu\u00e1rio Frei Galv\u00e3o, em Guaratinguet\u00e1 (SP). O reitor do Santu\u00e1rio, Frei Diego Atalino de Melo, concelebrou e acolheu com carinho e gratid\u00e3o r Dom Wladimir por ter aceito o convite para celebrar nesta noite (20\/10). Tamb\u00e9m estavam presentes os concelebrantes Pe. Silvio C\u00e9sar Flor\u00eancio, da Par\u00f3quia Sant&#8217;Ana de Roseira (SP) e Frei Marx Rodrigues, do Servi\u00e7o Franciscano de Solidariedade (Sefras), de S\u00e3o Paulo. O povo, mais uma vez, lotou o Santu\u00e1rio do primeiro santo brasileiro.<\/p>\n<p>O tema da novena deste dia foi: \u201cFrei Galv\u00e3o, Servo de Deus inflamado pela F\u00e9\u201d. Na festa deste ano, est\u00e3o sendo recordados os 200 anos da passagem de Frei Galv\u00e3o para a eternidade, com o tema: \u201c\u00c9 morrendo que se vive para a vida Eterna\u201d. Uma motiva\u00e7\u00e3o proveniente da Ora\u00e7\u00e3o da Paz atribu\u00edda a S\u00e3o Francisco de Assis. O gesto concreto deste terceiro dia da Novena foi a doa\u00e7\u00e3o de caf\u00e9.<\/p>\n<p><img loading=\"lazy\" class=\"alignnone wp-image-240389 size-full\" src=\"https:\/\/franciscanos.org.br\/noticias\/wp-content\/uploads\/2022\/10\/lorena_20-scaled.jpg\" alt=\"\" width=\"1080\" height=\"1920\" srcset=\"https:\/\/franciscanos.org.br\/noticias\/wp-content\/uploads\/2022\/10\/lorena_20-scaled.jpg 608w, https:\/\/franciscanos.org.br\/noticias\/wp-content\/uploads\/2022\/10\/lorena_20-253x450.jpg 253w, https:\/\/franciscanos.org.br\/noticias\/wp-content\/uploads\/2022\/10\/lorena_20-576x1024.jpg 576w, https:\/\/franciscanos.org.br\/noticias\/wp-content\/uploads\/2022\/10\/lorena_20-768x1366.jpg 768w, https:\/\/franciscanos.org.br\/noticias\/wp-content\/uploads\/2022\/10\/lorena_20-864x1536.jpg 864w, https:\/\/franciscanos.org.br\/noticias\/wp-content\/uploads\/2022\/10\/lorena_20-150x267.jpg 150w\" sizes=\"(max-width: 1080px) 100vw, 1080px\" \/><\/p>\n<p>Segundo o bispo, na primeira leitura, tirada da Carta aos Ef\u00e9sios, S\u00e3o Paulo diz &#8216;eu dobro meus joelhos diante de Deus&#8217;. O mundo \u00e0s vezes dobra diante do dinheiro, do poder, mas n\u00f3s devemos dobrar somente diante de Deus, reconhecendo-O como nosso criador, nosso salvador, o nosso santificador.<\/p>\n<p>&#8220;S\u00e3o Paulo nos chama a caminharmos pela f\u00e9 em jesus Cristo. E hoje, neste quinto dia, n\u00f3s vemos \u201cFrei Galv\u00e3o, Servo de Deus inflamado pela F\u00e9\u201d. Servo, isto \u00e9, que se colocou a servi\u00e7o, se despojou de tudo, de seu dinheiro, de sua fam\u00edlia e se colocou a servi\u00e7o da evangeliza\u00e7\u00e3o, a servi\u00e7o dos pobres. Servo n\u00e3o \u00e9 patr\u00e3o. Patr\u00e3o \u00e9 Deus. N\u00f3s estamos a servi\u00e7o como disc\u00edpulos mission\u00e1rios. Jesus \u00e9 o Mestre, n\u00f3s somos disc\u00edpulos. \u00c0s vezes muita gente que ser o mestre. \u00c9 uma tend\u00eancia humana querer ser o patr\u00e3o, o mestre, n\u00e3o o empregado, o disc\u00edpulo&#8221;, explicou.<\/p>\n<p><img loading=\"lazy\" class=\"alignnone wp-image-240390 size-full\" src=\"https:\/\/franciscanos.org.br\/noticias\/wp-content\/uploads\/2022\/10\/lorena_07.jpg\" alt=\"\" width=\"1280\" height=\"853\" srcset=\"https:\/\/franciscanos.org.br\/noticias\/wp-content\/uploads\/2022\/10\/lorena_07.jpg 1280w, https:\/\/franciscanos.org.br\/noticias\/wp-content\/uploads\/2022\/10\/lorena_07-450x300.jpg 450w, https:\/\/franciscanos.org.br\/noticias\/wp-content\/uploads\/2022\/10\/lorena_07-1024x682.jpg 1024w, https:\/\/franciscanos.org.br\/noticias\/wp-content\/uploads\/2022\/10\/lorena_07-768x512.jpg 768w, https:\/\/franciscanos.org.br\/noticias\/wp-content\/uploads\/2022\/10\/lorena_07-150x100.jpg 150w\" sizes=\"(max-width: 1280px) 100vw, 1280px\" \/><\/p>\n<p>&#8220;Na liturgia de ontem ouvimos Jesus dizer que preste conta da sua administra\u00e7\u00e3o. Voc\u00ea \u00e9 o administrador da sua vida, e devemos caminhar como disc\u00edpulos e n\u00e3o como mestres. N\u00e3o como senhor de si, que sabe tudo, que faz tudo, sempre foi assim, mas aprender com Senhor Jesus e aprender com Frei Galv\u00e3o que serviu a Deus nas pequenas coisas, que serviu a Deus com muita humildade. Humilde \u00e9 aquela pessoa que n\u00e3o aparece muito, que tem os p\u00e9s no ch\u00e3o, sente o sofrimento das pessoas, e procura as coisas do alto. A sua alma procura as coisas de Deus&#8221;, recordou.<\/p>\n\n\t\t<style type=\"text\/css\">\n\t\t\t#gallery-1 {\n\t\t\t\tmargin: auto;\n\t\t\t}\n\t\t\t#gallery-1 .gallery-item {\n\t\t\t\tfloat: left;\n\t\t\t\tmargin-top: 10px;\n\t\t\t\ttext-align: center;\n\t\t\t\twidth: 20%;\n\t\t\t}\n\t\t\t#gallery-1 img {\n\t\t\t\tborder: 2px solid #cfcfcf;\n\t\t\t}\n\t\t\t#gallery-1 .gallery-caption {\n\t\t\t\tmargin-left: 0;\n\t\t\t}\n\t\t\t\/* see gallery_shortcode() in wp-includes\/media.php *\/\n\t\t<\/style>\n\t\t<div id='gallery-1' class='gallery galleryid-240387 gallery-columns-5 gallery-size-thumbnail'><dl class='gallery-item'>\n\t\t\t<dt class='gallery-icon landscape'>\n\t\t\t\t<a href='https:\/\/franciscanos.org.br\/noticias\/wp-content\/uploads\/2022\/10\/lorena_02.jpg'><img width=\"300\" height=\"300\" src=\"https:\/\/franciscanos.org.br\/noticias\/wp-content\/uploads\/2022\/10\/lorena_02-300x300.jpg\" class=\"attachment-thumbnail size-thumbnail\" alt=\"\" loading=\"lazy\" srcset=\"https:\/\/franciscanos.org.br\/noticias\/wp-content\/uploads\/2022\/10\/lorena_02-300x300.jpg 300w, https:\/\/franciscanos.org.br\/noticias\/wp-content\/uploads\/2022\/10\/lorena_02-100x100.jpg 100w\" sizes=\"(max-width: 300px) 100vw, 300px\" \/><\/a>\n\t\t\t<\/dt><\/dl><dl class='gallery-item'>\n\t\t\t<dt class='gallery-icon landscape'>\n\t\t\t\t<a href='https:\/\/franciscanos.org.br\/noticias\/wp-content\/uploads\/2022\/10\/lorena_03.jpg'><img width=\"300\" height=\"300\" src=\"https:\/\/franciscanos.org.br\/noticias\/wp-content\/uploads\/2022\/10\/lorena_03-300x300.jpg\" class=\"attachment-thumbnail size-thumbnail\" alt=\"\" loading=\"lazy\" srcset=\"https:\/\/franciscanos.org.br\/noticias\/wp-content\/uploads\/2022\/10\/lorena_03-300x300.jpg 300w, https:\/\/franciscanos.org.br\/noticias\/wp-content\/uploads\/2022\/10\/lorena_03-100x100.jpg 100w\" sizes=\"(max-width: 300px) 100vw, 300px\" \/><\/a>\n\t\t\t<\/dt><\/dl><dl class='gallery-item'>\n\t\t\t<dt class='gallery-icon landscape'>\n\t\t\t\t<a href='https:\/\/franciscanos.org.br\/noticias\/wp-content\/uploads\/2022\/10\/lorena_04.jpg'><img width=\"300\" height=\"300\" src=\"https:\/\/franciscanos.org.br\/noticias\/wp-content\/uploads\/2022\/10\/lorena_04-300x300.jpg\" class=\"attachment-thumbnail size-thumbnail\" alt=\"\" loading=\"lazy\" srcset=\"https:\/\/franciscanos.org.br\/noticias\/wp-content\/uploads\/2022\/10\/lorena_04-300x300.jpg 300w, https:\/\/franciscanos.org.br\/noticias\/wp-content\/uploads\/2022\/10\/lorena_04-100x100.jpg 100w\" sizes=\"(max-width: 300px) 100vw, 300px\" \/><\/a>\n\t\t\t<\/dt><\/dl><dl class='gallery-item'>\n\t\t\t<dt class='gallery-icon landscape'>\n\t\t\t\t<a href='https:\/\/franciscanos.org.br\/noticias\/wp-content\/uploads\/2022\/10\/lorena_06.jpg'><img width=\"300\" height=\"300\" src=\"https:\/\/franciscanos.org.br\/noticias\/wp-content\/uploads\/2022\/10\/lorena_06-300x300.jpg\" class=\"attachment-thumbnail size-thumbnail\" alt=\"\" loading=\"lazy\" srcset=\"https:\/\/franciscanos.org.br\/noticias\/wp-content\/uploads\/2022\/10\/lorena_06-300x300.jpg 300w, https:\/\/franciscanos.org.br\/noticias\/wp-content\/uploads\/2022\/10\/lorena_06-100x100.jpg 100w\" sizes=\"(max-width: 300px) 100vw, 300px\" \/><\/a>\n\t\t\t<\/dt><\/dl><dl class='gallery-item'>\n\t\t\t<dt class='gallery-icon landscape'>\n\t\t\t\t<a href='https:\/\/franciscanos.org.br\/noticias\/wp-content\/uploads\/2022\/10\/lorena_09.jpg'><img width=\"300\" height=\"300\" src=\"https:\/\/franciscanos.org.br\/noticias\/wp-content\/uploads\/2022\/10\/lorena_09-300x300.jpg\" class=\"attachment-thumbnail size-thumbnail\" alt=\"\" loading=\"lazy\" srcset=\"https:\/\/franciscanos.org.br\/noticias\/wp-content\/uploads\/2022\/10\/lorena_09-300x300.jpg 300w, https:\/\/franciscanos.org.br\/noticias\/wp-content\/uploads\/2022\/10\/lorena_09-100x100.jpg 100w\" sizes=\"(max-width: 300px) 100vw, 300px\" \/><\/a>\n\t\t\t<\/dt><\/dl><br style=\"clear: both\" \/>\n\t\t<\/div>\n\n<p><em> \u00a0 \u00a0 \u00a0 \u00a0 \u00a0 \u00a0 (toque nas imagens menores para ampli\u00e1-las)<\/em><\/p>\n<p>Segundo o bispo, tamb\u00e9m ele caminhou com muita simplicidade, o que se remete a outra passagem do Evangelho, a simplicidade. &#8220;Sejam simples como as pombas e prudentes como as serpentes. No mundo de hoje \u00e9 preciso muita prud\u00eancia em todos os ambientes. Jesus que tinha tudo se despojou de tudo e foi simples entre os simples no meio da humanidade. Tamb\u00e9m n\u00f3s podemos olhar a vida dele que traz um ensinamento em cada passagem. Olharmos para Frei Galv\u00e3o e vermos que ele reconhecia no outro a pessoa de Cristo. Fazia porque reconhecia. Se sensibilizava porque reconhecia, partilhava, ajudava, se despojava porque reconhecia no outro a pessoa de Cristo, porque amava Deus no pr\u00f3ximo. A gente sabe o que \u00e9 amar. Amar \u00e9 fazer o outro feliz. O pai que ama o filho quer ver o filho feliz. Amar \u00e9 isso. Deus nos ama e quer nos ver felizes, quer nos ver vivendo bem. Deus nos ama. Vamos nos deixar amar por Deus. Muitas vezes as pessoas se fecham e n\u00e3o deixam esse amor invadir o seu cora\u00e7\u00e3o, a sua fam\u00edlia, a sua vida. Deixe se amar, como Frei Galv\u00e3o se deixou e produziu muitos frutos porque caminhou neste amor pela f\u00e9 no Senhor&#8221;, completou.<\/p>\n<p><img loading=\"lazy\" class=\"alignnone wp-image-240391 size-full\" src=\"https:\/\/franciscanos.org.br\/noticias\/wp-content\/uploads\/2022\/10\/lorena_01.jpg\" alt=\"\" width=\"1200\" height=\"900\" srcset=\"https:\/\/franciscanos.org.br\/noticias\/wp-content\/uploads\/2022\/10\/lorena_01.jpg 1200w, https:\/\/franciscanos.org.br\/noticias\/wp-content\/uploads\/2022\/10\/lorena_01-450x338.jpg 450w, https:\/\/franciscanos.org.br\/noticias\/wp-content\/uploads\/2022\/10\/lorena_01-1024x768.jpg 1024w, https:\/\/franciscanos.org.br\/noticias\/wp-content\/uploads\/2022\/10\/lorena_01-768x576.jpg 768w, https:\/\/franciscanos.org.br\/noticias\/wp-content\/uploads\/2022\/10\/lorena_01-150x113.jpg 150w, https:\/\/franciscanos.org.br\/noticias\/wp-content\/uploads\/2022\/10\/lorena_01-600x450.jpg 600w\" sizes=\"(max-width: 1200px) 100vw, 1200px\" \/><\/p>\n<p><strong>PROGRAMA\u00c7\u00c3O<\/strong><\/p>\n<p>21 de outubro \u2013 Sexta-feira (Gesto concreto: Leite)<br \/>\n07h00 \u2013 Missa<br \/>\n09h00 \u2013 Miss\u00e3o: Visita ao Hospital Frei Galv\u00e3o<br \/>\n15h00 \u2013 Abertura das Barraquinhas de Doces e Salgados<br \/>\n15h00 \u2013 Missa 6\u00b0 dia da Novena \u2013 Tema: \u201cFrei Galv\u00e3o, Presen\u00e7a Viva dos Sinais de Deus\u201d.<br \/>\n19h30 \u2013 Missa 6\u00b0 dia da Novena \u2013 Tema: \u201cFrei Galv\u00e3o, Presen\u00e7a Viva dos Sinais de Deus\u201d.<br \/>\n21h00 \u2013 A\u00e7\u00e3o entre amigos<br \/>\n21h30 \u2013 Show com Andr\u00e9 Moraes<\/p>\n<hr \/>\n<p><em>Equipe de Comunica\u00e7\u00e3o do Santu\u00e1rio Frei Galv\u00e3o<\/em><\/p>\n","protected":false},"excerpt":{"rendered":"<p>Festa de Frei Galv\u00e3o 2022<\/p>\n","protected":false},"author":3,"featured_media":240388,"comment_status":"open","ping_status":"open","sticky":false,"template":"","format":"standard","meta":[],"categories":[1],"tags":[2067],"acf":[],"yoast_head":"<!-- This site is optimized with the Yoast SEO plugin v19.2 - https:\/\/yoast.com\/wordpress\/plugins\/seo\/ -->\n<title>Dom Joaquim Wladimir: &quot;Vamos nos deixar amar por Deus&quot; - Not\u00edcias - Franciscanos<\/title>\n<meta name=\"robots\" content=\"index, follow, max-snippet:-1, max-image-preview:large, max-video-preview:-1\" \/>\n<link rel=\"canonical\" href=\"https:\/\/franciscanos.org.br\/noticias\/dom-joaquim-wladimir-vamos-nos-deixar-amar-por-deus.html\" \/>\n<meta property=\"og:locale\" content=\"pt_BR\" \/>\n<meta property=\"og:type\" content=\"article\" \/>\n<meta property=\"og:title\" content=\"Dom Joaquim Wladimir: &quot;Vamos nos deixar amar por Deus&quot; - Not\u00edcias - Franciscanos\" \/>\n<meta property=\"og:description\" content=\"Festa de Frei Galv\u00e3o 2022\" \/>\n<meta property=\"og:url\" content=\"https:\/\/franciscanos.org.br\/noticias\/dom-joaquim-wladimir-vamos-nos-deixar-amar-por-deus.html\" \/>\n<meta property=\"og:site_name\" content=\"Not\u00edcias - Franciscanos\" \/>\n<meta property=\"article:published_time\" content=\"2022-10-21T01:38:30+00:00\" \/>\n<meta property=\"og:image\" content=\"https:\/\/franciscanos.org.br\/noticias\/wp-content\/uploads\/2022\/10\/lorena_05.jpg\" \/>\n\t<meta property=\"og:image:width\" content=\"1280\" \/>\n\t<meta property=\"og:image:height\" content=\"921\" \/>\n\t<meta property=\"og:image:type\" content=\"image\/jpeg\" \/>\n<meta name=\"author\" content=\"moacir\" \/>\n<meta name=\"twitter:card\" content=\"summary_large_image\" \/>\n<meta name=\"twitter:label1\" content=\"Escrito por\" \/>\n\t<meta name=\"twitter:data1\" content=\"moacir\" \/>\n\t<meta name=\"twitter:label2\" content=\"Est. tempo de leitura\" \/>\n\t<meta name=\"twitter:data2\" content=\"5 minutos\" \/>\n<script type=\"application\/ld+json\" class=\"yoast-schema-graph\">{\"@context\":\"https:\/\/schema.org\",\"@graph\":[{\"@type\":\"WebSite\",\"@id\":\"https:\/\/franciscanos.org.br\/noticias\/#website\",\"url\":\"https:\/\/franciscanos.org.br\/noticias\/\",\"name\":\"Not\u00edcias - Franciscanos\",\"description\":\"Prov\u00edncia Franciscana da Imaculada Concei\u00e7\u00e3o do Brasil - Ordem dos Frades Menores - OFM\",\"potentialAction\":[{\"@type\":\"SearchAction\",\"target\":{\"@type\":\"EntryPoint\",\"urlTemplate\":\"https:\/\/franciscanos.org.br\/noticias\/?s={search_term_string}\"},\"query-input\":\"required name=search_term_string\"}],\"inLanguage\":\"pt-BR\"},{\"@type\":\"ImageObject\",\"inLanguage\":\"pt-BR\",\"@id\":\"https:\/\/franciscanos.org.br\/noticias\/dom-joaquim-wladimir-vamos-nos-deixar-amar-por-deus.html#primaryimage\",\"url\":\"https:\/\/franciscanos.org.br\/noticias\/wp-content\/uploads\/2022\/10\/lorena_05.jpg\",\"contentUrl\":\"https:\/\/franciscanos.org.br\/noticias\/wp-content\/uploads\/2022\/10\/lorena_05.jpg\",\"width\":1280,\"height\":921},{\"@type\":\"WebPage\",\"@id\":\"https:\/\/franciscanos.org.br\/noticias\/dom-joaquim-wladimir-vamos-nos-deixar-amar-por-deus.html#webpage\",\"url\":\"https:\/\/franciscanos.org.br\/noticias\/dom-joaquim-wladimir-vamos-nos-deixar-amar-por-deus.html\",\"name\":\"Dom Joaquim Wladimir: \\\"Vamos nos deixar amar por Deus\\\" - Not\u00edcias - Franciscanos\",\"isPartOf\":{\"@id\":\"https:\/\/franciscanos.org.br\/noticias\/#website\"},\"primaryImageOfPage\":{\"@id\":\"https:\/\/franciscanos.org.br\/noticias\/dom-joaquim-wladimir-vamos-nos-deixar-amar-por-deus.html#primaryimage\"},\"datePublished\":\"2022-10-21T01:38:30+00:00\",\"dateModified\":\"2022-10-21T01:38:30+00:00\",\"author\":{\"@id\":\"https:\/\/franciscanos.org.br\/noticias\/#\/schema\/person\/b5c8cba458c330ccff548b056e95a5d4\"},\"breadcrumb\":{\"@id\":\"https:\/\/franciscanos.org.br\/noticias\/dom-joaquim-wladimir-vamos-nos-deixar-amar-por-deus.html#breadcrumb\"},\"inLanguage\":\"pt-BR\",\"potentialAction\":[{\"@type\":\"ReadAction\",\"target\":[\"https:\/\/franciscanos.org.br\/noticias\/dom-joaquim-wladimir-vamos-nos-deixar-amar-por-deus.html\"]}]},{\"@type\":\"BreadcrumbList\",\"@id\":\"https:\/\/franciscanos.org.br\/noticias\/dom-joaquim-wladimir-vamos-nos-deixar-amar-por-deus.html#breadcrumb\",\"itemListElement\":[{\"@type\":\"ListItem\",\"position\":1,\"name\":\"Home\",\"item\":\"https:\/\/franciscanos.org.br\/noticias\"},{\"@type\":\"ListItem\",\"position\":2,\"name\":\"Dom Joaquim Wladimir: &#8220;Vamos nos deixar amar por Deus&#8221;\"}]},{\"@type\":\"Person\",\"@id\":\"https:\/\/franciscanos.org.br\/noticias\/#\/schema\/person\/b5c8cba458c330ccff548b056e95a5d4\",\"name\":\"moacir\",\"image\":{\"@type\":\"ImageObject\",\"inLanguage\":\"pt-BR\",\"@id\":\"https:\/\/franciscanos.org.br\/noticias\/#\/schema\/person\/image\/\",\"url\":\"https:\/\/secure.gravatar.com\/avatar\/d08aa2ce4c8dd416d4479aa8536fcf64?s=96&d=mm&r=g\",\"contentUrl\":\"https:\/\/secure.gravatar.com\/avatar\/d08aa2ce4c8dd416d4479aa8536fcf64?s=96&d=mm&r=g\",\"caption\":\"moacir\"},\"url\":\"https:\/\/franciscanos.org.br\/noticias\/author\/moacir\"}]}<\/script>\n<!-- \/ Yoast SEO plugin. -->","yoast_head_json":{"title":"Dom Joaquim Wladimir: \"Vamos nos deixar amar por Deus\" - Not\u00edcias - Franciscanos","robots":{"index":"index","follow":"follow","max-snippet":"max-snippet:-1","max-image-preview":"max-image-preview:large","max-video-preview":"max-video-preview:-1"},"canonical":"https:\/\/franciscanos.org.br\/noticias\/dom-joaquim-wladimir-vamos-nos-deixar-amar-por-deus.html","og_locale":"pt_BR","og_type":"article","og_title":"Dom Joaquim Wladimir: \"Vamos nos deixar amar por Deus\" - Not\u00edcias - Franciscanos","og_description":"Festa de Frei Galv\u00e3o 2022","og_url":"https:\/\/franciscanos.org.br\/noticias\/dom-joaquim-wladimir-vamos-nos-deixar-amar-por-deus.html","og_site_name":"Not\u00edcias - Franciscanos","article_published_time":"2022-10-21T01:38:30+00:00","og_image":[{"width":1280,"height":921,"url":"https:\/\/franciscanos.org.br\/noticias\/wp-content\/uploads\/2022\/10\/lorena_05.jpg","type":"image\/jpeg"}],"author":"moacir","twitter_card":"summary_large_image","twitter_misc":{"Escrito por":"moacir","Est. tempo de leitura":"5 minutos"},"schema":{"@context":"https:\/\/schema.org","@graph":[{"@type":"WebSite","@id":"https:\/\/franciscanos.org.br\/noticias\/#website","url":"https:\/\/franciscanos.org.br\/noticias\/","name":"Not\u00edcias - Franciscanos","description":"Prov\u00edncia Franciscana da Imaculada Concei\u00e7\u00e3o do Brasil - Ordem dos Frades Menores - OFM","potentialAction":[{"@type":"SearchAction","target":{"@type":"EntryPoint","urlTemplate":"https:\/\/franciscanos.org.br\/noticias\/?s={search_term_string}"},"query-input":"required name=search_term_string"}],"inLanguage":"pt-BR"},{"@type":"ImageObject","inLanguage":"pt-BR","@id":"https:\/\/franciscanos.org.br\/noticias\/dom-joaquim-wladimir-vamos-nos-deixar-amar-por-deus.html#primaryimage","url":"https:\/\/franciscanos.org.br\/noticias\/wp-content\/uploads\/2022\/10\/lorena_05.jpg","contentUrl":"https:\/\/franciscanos.org.br\/noticias\/wp-content\/uploads\/2022\/10\/lorena_05.jpg","width":1280,"height":921},{"@type":"WebPage","@id":"https:\/\/franciscanos.org.br\/noticias\/dom-joaquim-wladimir-vamos-nos-deixar-amar-por-deus.html#webpage","url":"https:\/\/franciscanos.org.br\/noticias\/dom-joaquim-wladimir-vamos-nos-deixar-amar-por-deus.html","name":"Dom Joaquim Wladimir: \"Vamos nos deixar amar por Deus\" - Not\u00edcias - Franciscanos","isPartOf":{"@id":"https:\/\/franciscanos.org.br\/noticias\/#website"},"primaryImageOfPage":{"@id":"https:\/\/franciscanos.org.br\/noticias\/dom-joaquim-wladimir-vamos-nos-deixar-amar-por-deus.html#primaryimage"},"datePublished":"2022-10-21T01:38:30+00:00","dateModified":"2022-10-21T01:38:30+00:00","author":{"@id":"https:\/\/franciscanos.org.br\/noticias\/#\/schema\/person\/b5c8cba458c330ccff548b056e95a5d4"},"breadcrumb":{"@id":"https:\/\/franciscanos.org.br\/noticias\/dom-joaquim-wladimir-vamos-nos-deixar-amar-por-deus.html#breadcrumb"},"inLanguage":"pt-BR","potentialAction":[{"@type":"ReadAction","target":["https:\/\/franciscanos.org.br\/noticias\/dom-joaquim-wladimir-vamos-nos-deixar-amar-por-deus.html"]}]},{"@type":"BreadcrumbList","@id":"https:\/\/franciscanos.org.br\/noticias\/dom-joaquim-wladimir-vamos-nos-deixar-amar-por-deus.html#breadcrumb","itemListElement":[{"@type":"ListItem","position":1,"name":"Home","item":"https:\/\/franciscanos.org.br\/noticias"},{"@type":"ListItem","position":2,"name":"Dom Joaquim Wladimir: &#8220;Vamos nos deixar amar por Deus&#8221;"}]},{"@type":"Person","@id":"https:\/\/franciscanos.org.br\/noticias\/#\/schema\/person\/b5c8cba458c330ccff548b056e95a5d4","name":"moacir","image":{"@type":"ImageObject","inLanguage":"pt-BR","@id":"https:\/\/franciscanos.org.br\/noticias\/#\/schema\/person\/image\/","url":"https:\/\/secure.gravatar.com\/avatar\/d08aa2ce4c8dd416d4479aa8536fcf64?s=96&d=mm&r=g","contentUrl":"https:\/\/secure.gravatar.com\/avatar\/d08aa2ce4c8dd416d4479aa8536fcf64?s=96&d=mm&r=g","caption":"moacir"},"url":"https:\/\/franciscanos.org.br\/noticias\/author\/moacir"}]}},"_links":{"self":[{"href":"https:\/\/franciscanos.org.br\/noticias\/wp-json\/wp\/v2\/posts\/240387"}],"collection":[{"href":"https:\/\/franciscanos.org.br\/noticias\/wp-json\/wp\/v2\/posts"}],"about":[{"href":"https:\/\/franciscanos.org.br\/noticias\/wp-json\/wp\/v2\/types\/post"}],"author":[{"embeddable":true,"href":"https:\/\/franciscanos.org.br\/noticias\/wp-json\/wp\/v2\/users\/3"}],"replies":[{"embeddable":true,"href":"https:\/\/franciscanos.org.br\/noticias\/wp-json\/wp\/v2\/comments?post=240387"}],"version-history":[{"count":1,"href":"https:\/\/franciscanos.org.br\/noticias\/wp-json\/wp\/v2\/posts\/240387\/revisions"}],"predecessor-version":[{"id":240397,"href":"https:\/\/franciscanos.org.br\/noticias\/wp-json\/wp\/v2\/posts\/240387\/revisions\/240397"}],"wp:featuredmedia":[{"embeddable":true,"href":"https:\/\/franciscanos.org.br\/noticias\/wp-json\/wp\/v2\/media\/240388"}],"wp:attachment":[{"href":"https:\/\/franciscanos.org.br\/noticias\/wp-json\/wp\/v2\/media?parent=240387"}],"wp:term":[{"taxonomy":"category","embeddable":true,"href":"https:\/\/franciscanos.org.br\/noticias\/wp-json\/wp\/v2\/categories?post=240387"},{"taxonomy":"post_tag","embeddable":true,"href":"https:\/\/franciscanos.org.br\/noticias\/wp-json\/wp\/v2\/tags?post=240387"}],"curies":[{"name":"wp","href":"https:\/\/api.w.org\/{rel}","templated":true}]}}