{"id":240364,"date":"2022-10-20T18:42:01","date_gmt":"2022-10-20T21:42:01","guid":{"rendered":"https:\/\/franciscanos.org.br\/noticias\/?p=240364"},"modified":"2022-10-20T18:42:01","modified_gmt":"2022-10-20T21:42:01","slug":"um-dia-de-graca-e-bencao-para-frei-roberto","status":"publish","type":"post","link":"https:\/\/franciscanos.org.br\/noticias\/um-dia-de-graca-e-bencao-para-frei-roberto.html","title":{"rendered":"Um dia de gra\u00e7a e b\u00ean\u00e7\u00e3o para Frei Roberto"},"content":{"rendered":"<p><img loading=\"lazy\" class=\"alignnone size-full wp-image-240365\" src=\"https:\/\/franciscanos.org.br\/noticias\/wp-content\/uploads\/2022\/10\/ishara_01.jpg\" alt=\"\" width=\"1280\" height=\"720\" srcset=\"https:\/\/franciscanos.org.br\/noticias\/wp-content\/uploads\/2022\/10\/ishara_01.jpg 1280w, https:\/\/franciscanos.org.br\/noticias\/wp-content\/uploads\/2022\/10\/ishara_01-450x253.jpg 450w, https:\/\/franciscanos.org.br\/noticias\/wp-content\/uploads\/2022\/10\/ishara_01-1024x576.jpg 1024w, https:\/\/franciscanos.org.br\/noticias\/wp-content\/uploads\/2022\/10\/ishara_01-768x432.jpg 768w, https:\/\/franciscanos.org.br\/noticias\/wp-content\/uploads\/2022\/10\/ishara_01-150x84.jpg 150w\" sizes=\"(max-width: 1280px) 100vw, 1280px\" \/><\/p>\n<p><strong>Guaratinguet\u00e1 (SP)<\/strong> &#8211; No quinto dia de Novena em prepara\u00e7\u00e3o \u00e0 Festa de Frei Galv\u00e3o, no Santu\u00e1rio Frei Galv\u00e3o, em Guaratinguet\u00e1 (SP), Frei Roberto Ishara presidiu a Santa Missa, \u00e0s 15 horas, num dia especial para ele, j\u00e1 que h\u00e1 dez anos (20\/10) ele era ordenado presb\u00edtero na Par\u00f3quia S\u00e3o Francisco de Assis, na Vila Clementino (SP). O reitor do Santu\u00e1rio, Frei Diego Atalino de Melo, concelebrou e acolheu os concelebrantes: Padre Carlos Afonso Cavalcante Rodrigues, da Par\u00f3quia Santo Afonso Maria de Lig\u00f3rio, em Aparecida; Pe. Paulo Tadeu, da Par\u00f3quia Nossa Senhora das Gra\u00e7as, em Guaratinguet\u00e1; Padre Renan Rangel, Reitor do Semin\u00e1rio Bom Jesus, em Aparecida; Frei Leandro Costa, seu confrade na Fraternidade, e todos os fi\u00e9is devotos do primeiro santo brasileiro, que lotaram o Santu\u00e1rio neste dia.<\/p>\n<p>&#8220;\u00c9 uma grande gra\u00e7a e queremos acolher com carinho a dona Nely, a irm\u00e3 Sandra e o irm\u00e3o Marcelo, que vieram de S\u00e3o Paulo para esta celebra\u00e7\u00e3o e recebem todo o carinho do nosso Santu\u00e1rio&#8221;, saudou Frei Diego.<\/p>\n<p><img loading=\"lazy\" class=\"alignnone size-full wp-image-240366\" src=\"https:\/\/franciscanos.org.br\/noticias\/wp-content\/uploads\/2022\/10\/ishara_15.jpg\" alt=\"\" width=\"1280\" height=\"1440\" srcset=\"https:\/\/franciscanos.org.br\/noticias\/wp-content\/uploads\/2022\/10\/ishara_15.jpg 960w, https:\/\/franciscanos.org.br\/noticias\/wp-content\/uploads\/2022\/10\/ishara_15-400x450.jpg 400w, https:\/\/franciscanos.org.br\/noticias\/wp-content\/uploads\/2022\/10\/ishara_15-910x1024.jpg 910w, https:\/\/franciscanos.org.br\/noticias\/wp-content\/uploads\/2022\/10\/ishara_15-768x864.jpg 768w, https:\/\/franciscanos.org.br\/noticias\/wp-content\/uploads\/2022\/10\/ishara_15-150x169.jpg 150w\" sizes=\"(max-width: 1280px) 100vw, 1280px\" \/><\/p>\n<p>O tema da novena deste dia foi: \u201cFrei Galv\u00e3o, Servo de Deus inflamado pela F\u00e9\u201d. Na festa deste ano, est\u00e3o sendo recordados os 200 anos da passagem de Frei Galv\u00e3o para a eternidade, com o tema: \u201c\u00c9 morrendo que se vive para a vida Eterna\u201d. Uma motiva\u00e7\u00e3o proveniente da Ora\u00e7\u00e3o da Paz atribu\u00edda a S\u00e3o Francisco de Assis. O gesto concreto deste terceiro dia da Novena foi a doa\u00e7\u00e3o de caf\u00e9.<\/p>\n<p>Bem ao seu estilo, Frei Roberto procurou homenagear seus pais pela sua voca\u00e7\u00e3o. &#8220;Hoje, completo dez anos de sacerd\u00f3cio e queria prestar uma singela homenagem para o meu pai e minha m\u00e3e, que foram o fundamento da minha voca\u00e7\u00e3o de frade franciscano e sacerdote. O meu pai, sr. M\u00e1rio, tinha uma f\u00e9 muito bonita. Ele \u00e9 quem faz o caf\u00e9 l\u00e1 em casa. Quatro horas da manh\u00e3 ele est\u00e1 acordando todo mundo. A primeira x\u00edcara de caf\u00e9 \u00a0ele leva para os santinhos. Abre o arm\u00e1rio da capelinha, com Nossa Senhora e todos os santos, e coloca l\u00e1 o cafezinho. Como crian\u00e7a, ele tinha uma f\u00e9 bonita. Quando ele ia para a escola, ele sempre parava na igreja para rezar. Certa vez, o padre foi visitar os alunos na escola e viu meu pai na sala de aula, o \u00fanico\u2019 japoneizinho\u2019 l\u00e1. E o padre falou: &#8216;Tem um menino aqui que vai sempre na igreja, reza e depois vem para aula. Meu pai ficou feliz por isso. Obrigado, Pai! Por causa de sua f\u00e9, hoje estou completando 10 anos de padre&#8221;, reconheceu.<\/p>\n<p><img loading=\"lazy\" class=\"alignnone size-full wp-image-240367\" src=\"https:\/\/franciscanos.org.br\/noticias\/wp-content\/uploads\/2022\/10\/ishara_18.jpg\" alt=\"\" width=\"1280\" height=\"960\" srcset=\"https:\/\/franciscanos.org.br\/noticias\/wp-content\/uploads\/2022\/10\/ishara_18.jpg 1280w, https:\/\/franciscanos.org.br\/noticias\/wp-content\/uploads\/2022\/10\/ishara_18-450x338.jpg 450w, https:\/\/franciscanos.org.br\/noticias\/wp-content\/uploads\/2022\/10\/ishara_18-1024x768.jpg 1024w, https:\/\/franciscanos.org.br\/noticias\/wp-content\/uploads\/2022\/10\/ishara_18-768x576.jpg 768w, https:\/\/franciscanos.org.br\/noticias\/wp-content\/uploads\/2022\/10\/ishara_18-150x113.jpg 150w, https:\/\/franciscanos.org.br\/noticias\/wp-content\/uploads\/2022\/10\/ishara_18-600x450.jpg 600w\" sizes=\"(max-width: 1280px) 100vw, 1280px\" \/><\/p>\n<p>Segurando nas m\u00e3os de dona Nely, sempre muito carinhoso com ela, disse: &#8220;M\u00e3ezinha era a mais cat\u00f3lica. Reunia as pessoas para fazer a Novena de Natal em casa. Ela me levava para a \u00a0quermesse e para a Missa na Par\u00f3quia Santo Ant\u00f4nio. A m\u00e3e sempre me levava \u00e0 Missa. Eu admirava a figura do padre. S\u00f3 que a Missa era cumprida e a gente, como crian\u00e7a, n\u00e3o entendia. Ent\u00e3o, eu ficava contando os tr\u00eas &#8220;o senhor esteja convosco&#8221;. O primeiro na ora\u00e7\u00e3o do Evangelho, o segundo na ora\u00e7\u00e3o Eucar\u00edstica e quando chegava no \u00faltimo j\u00e1 era o final da missa&#8221;, contou, fazendo o povo rir. \u201cObrigado por tudo. Por rezar a Novena de Natal em casa e me levar \u00e0 Missa. Por isso, estou completando dez anos de sacerdote&#8221;, agradeceu sua m\u00e3e.<\/p>\n<p><img loading=\"lazy\" class=\"alignnone size-full wp-image-240368\" src=\"https:\/\/franciscanos.org.br\/noticias\/wp-content\/uploads\/2022\/10\/ishara_12.jpg\" alt=\"\" width=\"1280\" height=\"960\" srcset=\"https:\/\/franciscanos.org.br\/noticias\/wp-content\/uploads\/2022\/10\/ishara_12.jpg 1280w, https:\/\/franciscanos.org.br\/noticias\/wp-content\/uploads\/2022\/10\/ishara_12-450x338.jpg 450w, https:\/\/franciscanos.org.br\/noticias\/wp-content\/uploads\/2022\/10\/ishara_12-1024x768.jpg 1024w, https:\/\/franciscanos.org.br\/noticias\/wp-content\/uploads\/2022\/10\/ishara_12-768x576.jpg 768w, https:\/\/franciscanos.org.br\/noticias\/wp-content\/uploads\/2022\/10\/ishara_12-150x113.jpg 150w, https:\/\/franciscanos.org.br\/noticias\/wp-content\/uploads\/2022\/10\/ishara_12-600x450.jpg 600w\" sizes=\"(max-width: 1280px) 100vw, 1280px\" \/><\/p>\n\n\t\t<style type=\"text\/css\">\n\t\t\t#gallery-1 {\n\t\t\t\tmargin: auto;\n\t\t\t}\n\t\t\t#gallery-1 .gallery-item {\n\t\t\t\tfloat: left;\n\t\t\t\tmargin-top: 10px;\n\t\t\t\ttext-align: center;\n\t\t\t\twidth: 12%;\n\t\t\t}\n\t\t\t#gallery-1 img {\n\t\t\t\tborder: 2px solid #cfcfcf;\n\t\t\t}\n\t\t\t#gallery-1 .gallery-caption {\n\t\t\t\tmargin-left: 0;\n\t\t\t}\n\t\t\t\/* see gallery_shortcode() in wp-includes\/media.php *\/\n\t\t<\/style>\n\t\t<div id='gallery-1' class='gallery galleryid-240364 gallery-columns-8 gallery-size-thumbnail'><dl class='gallery-item'>\n\t\t\t<dt class='gallery-icon landscape'>\n\t\t\t\t<a href='https:\/\/franciscanos.org.br\/noticias\/wp-content\/uploads\/2022\/10\/ishara_02.jpg'><img width=\"300\" height=\"300\" src=\"https:\/\/franciscanos.org.br\/noticias\/wp-content\/uploads\/2022\/10\/ishara_02-300x300.jpg\" class=\"attachment-thumbnail size-thumbnail\" alt=\"\" loading=\"lazy\" srcset=\"https:\/\/franciscanos.org.br\/noticias\/wp-content\/uploads\/2022\/10\/ishara_02-300x300.jpg 300w, https:\/\/franciscanos.org.br\/noticias\/wp-content\/uploads\/2022\/10\/ishara_02-100x100.jpg 100w\" sizes=\"(max-width: 300px) 100vw, 300px\" \/><\/a>\n\t\t\t<\/dt><\/dl><dl class='gallery-item'>\n\t\t\t<dt class='gallery-icon landscape'>\n\t\t\t\t<a href='https:\/\/franciscanos.org.br\/noticias\/wp-content\/uploads\/2022\/10\/ishara_03.jpg'><img width=\"300\" height=\"300\" src=\"https:\/\/franciscanos.org.br\/noticias\/wp-content\/uploads\/2022\/10\/ishara_03-300x300.jpg\" class=\"attachment-thumbnail size-thumbnail\" alt=\"\" loading=\"lazy\" srcset=\"https:\/\/franciscanos.org.br\/noticias\/wp-content\/uploads\/2022\/10\/ishara_03-300x300.jpg 300w, https:\/\/franciscanos.org.br\/noticias\/wp-content\/uploads\/2022\/10\/ishara_03-100x100.jpg 100w\" sizes=\"(max-width: 300px) 100vw, 300px\" \/><\/a>\n\t\t\t<\/dt><\/dl><dl class='gallery-item'>\n\t\t\t<dt class='gallery-icon portrait'>\n\t\t\t\t<a href='https:\/\/franciscanos.org.br\/noticias\/wp-content\/uploads\/2022\/10\/ishara_04.jpg'><img width=\"300\" height=\"300\" src=\"https:\/\/franciscanos.org.br\/noticias\/wp-content\/uploads\/2022\/10\/ishara_04-300x300.jpg\" class=\"attachment-thumbnail size-thumbnail\" alt=\"\" loading=\"lazy\" srcset=\"https:\/\/franciscanos.org.br\/noticias\/wp-content\/uploads\/2022\/10\/ishara_04-300x300.jpg 300w, https:\/\/franciscanos.org.br\/noticias\/wp-content\/uploads\/2022\/10\/ishara_04-100x100.jpg 100w\" sizes=\"(max-width: 300px) 100vw, 300px\" \/><\/a>\n\t\t\t<\/dt><\/dl><dl class='gallery-item'>\n\t\t\t<dt class='gallery-icon landscape'>\n\t\t\t\t<a href='https:\/\/franciscanos.org.br\/noticias\/wp-content\/uploads\/2022\/10\/ishara_05.jpg'><img width=\"300\" height=\"300\" src=\"https:\/\/franciscanos.org.br\/noticias\/wp-content\/uploads\/2022\/10\/ishara_05-300x300.jpg\" class=\"attachment-thumbnail size-thumbnail\" alt=\"\" loading=\"lazy\" srcset=\"https:\/\/franciscanos.org.br\/noticias\/wp-content\/uploads\/2022\/10\/ishara_05-300x300.jpg 300w, https:\/\/franciscanos.org.br\/noticias\/wp-content\/uploads\/2022\/10\/ishara_05-100x100.jpg 100w\" sizes=\"(max-width: 300px) 100vw, 300px\" \/><\/a>\n\t\t\t<\/dt><\/dl><dl class='gallery-item'>\n\t\t\t<dt class='gallery-icon landscape'>\n\t\t\t\t<a href='https:\/\/franciscanos.org.br\/noticias\/wp-content\/uploads\/2022\/10\/ishara_06.jpg'><img width=\"300\" height=\"300\" src=\"https:\/\/franciscanos.org.br\/noticias\/wp-content\/uploads\/2022\/10\/ishara_06-300x300.jpg\" class=\"attachment-thumbnail size-thumbnail\" alt=\"\" loading=\"lazy\" srcset=\"https:\/\/franciscanos.org.br\/noticias\/wp-content\/uploads\/2022\/10\/ishara_06-300x300.jpg 300w, https:\/\/franciscanos.org.br\/noticias\/wp-content\/uploads\/2022\/10\/ishara_06-100x100.jpg 100w\" sizes=\"(max-width: 300px) 100vw, 300px\" \/><\/a>\n\t\t\t<\/dt><\/dl><dl class='gallery-item'>\n\t\t\t<dt class='gallery-icon landscape'>\n\t\t\t\t<a href='https:\/\/franciscanos.org.br\/noticias\/wp-content\/uploads\/2022\/10\/ishara_07.jpg'><img width=\"300\" height=\"300\" src=\"https:\/\/franciscanos.org.br\/noticias\/wp-content\/uploads\/2022\/10\/ishara_07-300x300.jpg\" class=\"attachment-thumbnail size-thumbnail\" alt=\"\" loading=\"lazy\" srcset=\"https:\/\/franciscanos.org.br\/noticias\/wp-content\/uploads\/2022\/10\/ishara_07-300x300.jpg 300w, https:\/\/franciscanos.org.br\/noticias\/wp-content\/uploads\/2022\/10\/ishara_07-100x100.jpg 100w\" sizes=\"(max-width: 300px) 100vw, 300px\" \/><\/a>\n\t\t\t<\/dt><\/dl><dl class='gallery-item'>\n\t\t\t<dt class='gallery-icon landscape'>\n\t\t\t\t<a href='https:\/\/franciscanos.org.br\/noticias\/wp-content\/uploads\/2022\/10\/ishara_08.jpg'><img width=\"300\" height=\"300\" src=\"https:\/\/franciscanos.org.br\/noticias\/wp-content\/uploads\/2022\/10\/ishara_08-300x300.jpg\" class=\"attachment-thumbnail size-thumbnail\" alt=\"\" loading=\"lazy\" srcset=\"https:\/\/franciscanos.org.br\/noticias\/wp-content\/uploads\/2022\/10\/ishara_08-300x300.jpg 300w, https:\/\/franciscanos.org.br\/noticias\/wp-content\/uploads\/2022\/10\/ishara_08-100x100.jpg 100w\" sizes=\"(max-width: 300px) 100vw, 300px\" \/><\/a>\n\t\t\t<\/dt><\/dl><dl class='gallery-item'>\n\t\t\t<dt class='gallery-icon landscape'>\n\t\t\t\t<a href='https:\/\/franciscanos.org.br\/noticias\/wp-content\/uploads\/2022\/10\/ishara_10.jpg'><img width=\"300\" height=\"300\" src=\"https:\/\/franciscanos.org.br\/noticias\/wp-content\/uploads\/2022\/10\/ishara_10-300x300.jpg\" class=\"attachment-thumbnail size-thumbnail\" alt=\"\" loading=\"lazy\" srcset=\"https:\/\/franciscanos.org.br\/noticias\/wp-content\/uploads\/2022\/10\/ishara_10-300x300.jpg 300w, https:\/\/franciscanos.org.br\/noticias\/wp-content\/uploads\/2022\/10\/ishara_10-100x100.jpg 100w\" sizes=\"(max-width: 300px) 100vw, 300px\" \/><\/a>\n\t\t\t<\/dt><\/dl><br style=\"clear: both\" \/>\n\t\t<\/div>\n\n<p><em>\u00a0 \u00a0(toque nas imagens menores para ampli\u00e1-las)<\/em><\/p>\n<p>Frei Roberto Ishara nasceu no dia 3 de janeiro de 1970. \u00c9 filho de M\u00e1rio Yuko Ishara e Nely Eiko Ishara e tem quatro irm\u00e3os:\u00a0 Sidnei, Sandra, Marcelo e Claudinei. \u201cSou o pen\u00faltimo\u201d, conta. Seu discernimento vocacional aconteceu quando morava no Jap\u00e3o trabalhando como dekassegui. &#8220;O encontro pessoal com Cristo foi acontecendo a cada dia durante toda vida. Mas um momento especial foi quando me encontrava no Jap\u00e3o trabalhando como dekassegui, onde li toda a Sagrada Escritura pela primeira vez. Achei que n\u00e3o daria mais tempo de me tornar padre, mas a Provid\u00eancia Divina e Nossa Senhora sempre v\u00e3o nos conduzindo. Retornei ao Brasil e iniciei meu discernimento na Par\u00f3quia e Convento S\u00e3o Francisco no centro da capital paulista&#8221;, conta Frei Roberto.<\/p>\n<p><img loading=\"lazy\" class=\"alignnone size-full wp-image-240372\" src=\"https:\/\/franciscanos.org.br\/noticias\/wp-content\/uploads\/2022\/10\/ishara_09.jpg\" alt=\"\" width=\"1280\" height=\"960\" srcset=\"https:\/\/franciscanos.org.br\/noticias\/wp-content\/uploads\/2022\/10\/ishara_09.jpg 1280w, https:\/\/franciscanos.org.br\/noticias\/wp-content\/uploads\/2022\/10\/ishara_09-450x338.jpg 450w, https:\/\/franciscanos.org.br\/noticias\/wp-content\/uploads\/2022\/10\/ishara_09-1024x768.jpg 1024w, https:\/\/franciscanos.org.br\/noticias\/wp-content\/uploads\/2022\/10\/ishara_09-768x576.jpg 768w, https:\/\/franciscanos.org.br\/noticias\/wp-content\/uploads\/2022\/10\/ishara_09-150x113.jpg 150w, https:\/\/franciscanos.org.br\/noticias\/wp-content\/uploads\/2022\/10\/ishara_09-600x450.jpg 600w\" sizes=\"(max-width: 1280px) 100vw, 1280px\" \/><\/p>\n\n\t\t<style type=\"text\/css\">\n\t\t\t#gallery-2 {\n\t\t\t\tmargin: auto;\n\t\t\t}\n\t\t\t#gallery-2 .gallery-item {\n\t\t\t\tfloat: left;\n\t\t\t\tmargin-top: 10px;\n\t\t\t\ttext-align: center;\n\t\t\t\twidth: 20%;\n\t\t\t}\n\t\t\t#gallery-2 img {\n\t\t\t\tborder: 2px solid #cfcfcf;\n\t\t\t}\n\t\t\t#gallery-2 .gallery-caption {\n\t\t\t\tmargin-left: 0;\n\t\t\t}\n\t\t\t\/* see gallery_shortcode() in wp-includes\/media.php *\/\n\t\t<\/style>\n\t\t<div id='gallery-2' class='gallery galleryid-240364 gallery-columns-5 gallery-size-thumbnail'><dl class='gallery-item'>\n\t\t\t<dt class='gallery-icon landscape'>\n\t\t\t\t<a href='https:\/\/franciscanos.org.br\/noticias\/wp-content\/uploads\/2022\/10\/ishara_11.jpg'><img width=\"300\" height=\"300\" src=\"https:\/\/franciscanos.org.br\/noticias\/wp-content\/uploads\/2022\/10\/ishara_11-300x300.jpg\" class=\"attachment-thumbnail size-thumbnail\" alt=\"\" loading=\"lazy\" srcset=\"https:\/\/franciscanos.org.br\/noticias\/wp-content\/uploads\/2022\/10\/ishara_11-300x300.jpg 300w, https:\/\/franciscanos.org.br\/noticias\/wp-content\/uploads\/2022\/10\/ishara_11-100x100.jpg 100w\" sizes=\"(max-width: 300px) 100vw, 300px\" \/><\/a>\n\t\t\t<\/dt><\/dl><dl class='gallery-item'>\n\t\t\t<dt class='gallery-icon portrait'>\n\t\t\t\t<a href='https:\/\/franciscanos.org.br\/noticias\/wp-content\/uploads\/2022\/10\/ishara_14.jpg'><img width=\"300\" height=\"300\" src=\"https:\/\/franciscanos.org.br\/noticias\/wp-content\/uploads\/2022\/10\/ishara_14-300x300.jpg\" class=\"attachment-thumbnail size-thumbnail\" alt=\"\" loading=\"lazy\" srcset=\"https:\/\/franciscanos.org.br\/noticias\/wp-content\/uploads\/2022\/10\/ishara_14-300x300.jpg 300w, https:\/\/franciscanos.org.br\/noticias\/wp-content\/uploads\/2022\/10\/ishara_14-100x100.jpg 100w\" sizes=\"(max-width: 300px) 100vw, 300px\" \/><\/a>\n\t\t\t<\/dt><\/dl><dl class='gallery-item'>\n\t\t\t<dt class='gallery-icon landscape'>\n\t\t\t\t<a href='https:\/\/franciscanos.org.br\/noticias\/wp-content\/uploads\/2022\/10\/ishara_16.jpg'><img width=\"300\" height=\"300\" src=\"https:\/\/franciscanos.org.br\/noticias\/wp-content\/uploads\/2022\/10\/ishara_16-300x300.jpg\" class=\"attachment-thumbnail size-thumbnail\" alt=\"\" loading=\"lazy\" srcset=\"https:\/\/franciscanos.org.br\/noticias\/wp-content\/uploads\/2022\/10\/ishara_16-300x300.jpg 300w, https:\/\/franciscanos.org.br\/noticias\/wp-content\/uploads\/2022\/10\/ishara_16-100x100.jpg 100w\" sizes=\"(max-width: 300px) 100vw, 300px\" \/><\/a>\n\t\t\t<\/dt><\/dl><dl class='gallery-item'>\n\t\t\t<dt class='gallery-icon landscape'>\n\t\t\t\t<a href='https:\/\/franciscanos.org.br\/noticias\/wp-content\/uploads\/2022\/10\/ishara_17.jpg'><img width=\"300\" height=\"300\" src=\"https:\/\/franciscanos.org.br\/noticias\/wp-content\/uploads\/2022\/10\/ishara_17-300x300.jpg\" class=\"attachment-thumbnail size-thumbnail\" alt=\"\" loading=\"lazy\" srcset=\"https:\/\/franciscanos.org.br\/noticias\/wp-content\/uploads\/2022\/10\/ishara_17-300x300.jpg 300w, https:\/\/franciscanos.org.br\/noticias\/wp-content\/uploads\/2022\/10\/ishara_17-100x100.jpg 100w\" sizes=\"(max-width: 300px) 100vw, 300px\" \/><\/a>\n\t\t\t<\/dt><\/dl><dl class='gallery-item'>\n\t\t\t<dt class='gallery-icon landscape'>\n\t\t\t\t<a href='https:\/\/franciscanos.org.br\/noticias\/wp-content\/uploads\/2022\/10\/ishara_19.jpg'><img width=\"300\" height=\"300\" src=\"https:\/\/franciscanos.org.br\/noticias\/wp-content\/uploads\/2022\/10\/ishara_19-300x300.jpg\" class=\"attachment-thumbnail size-thumbnail\" alt=\"\" loading=\"lazy\" srcset=\"https:\/\/franciscanos.org.br\/noticias\/wp-content\/uploads\/2022\/10\/ishara_19-300x300.jpg 300w, https:\/\/franciscanos.org.br\/noticias\/wp-content\/uploads\/2022\/10\/ishara_19-100x100.jpg 100w\" sizes=\"(max-width: 300px) 100vw, 300px\" \/><\/a>\n\t\t\t<\/dt><\/dl><br style=\"clear: both\" \/>\n\t\t<\/div>\n\n<p><em>\u00a0 \u00a0 \u00a0 \u00a0 \u00a0 \u00a0 \u00a0 \u00a0 \u00a0 \u00a0 \u00a0 \u00a0 \u00a0 \u00a0 \u00a0 \u00a0 \u00a0 \u00a0 \u00a0 \u00a0 \u00a0 \u00a0 \u00a0 \u00a0 \u00a0 \u00a0 \u00a0 \u00a0 (toque nas imagens menores para ampli\u00e1-las)<\/em><\/p>\n<p>Querido pelos paroquianos, Frei Roberto foi homenageado pelos seus confrades, Frei Diego e Frei Leandro. &#8220;Frei Roberto, eu queria dizer que o seu Mario, seu pai, lhe ensinou bem o seu jeito de servir. O Roberto, assim como o pai, \u00e9 aquele que todas as manh\u00e3s prepara o caf\u00e9 na nossa Fraternidade. Ele acorda bem cedinho e a gente dorme um pouquinho mais, gra\u00e7as a Deus, e a\u00ed prepara o caf\u00e9 para n\u00f3s com tanto carinho. Voc\u00ea falou Roberto que o povo percebe um frade, um padre, que reza. Quem \u00e9 de Deus, o povo percebe. Eu tenho certeza que no cora\u00e7\u00e3o de cada um desses fi\u00e9is que aqui est\u00e3o hoje e no nosso cora\u00e7\u00e3o, de confrades que aqui estamos, Frei Leandro e eu, e que convivemos contigo, essa certeza n\u00f3s temos: Frei Roberto \u00e9 um homem de Deus, Frei Roberto \u00e9 um homem que reza&#8221;, frisou Frei Diego.<\/p>\n<p><img loading=\"lazy\" class=\"alignnone size-full wp-image-240369\" src=\"https:\/\/franciscanos.org.br\/noticias\/wp-content\/uploads\/2022\/10\/ishara_13.jpg\" alt=\"\" width=\"1280\" height=\"960\" srcset=\"https:\/\/franciscanos.org.br\/noticias\/wp-content\/uploads\/2022\/10\/ishara_13.jpg 1280w, https:\/\/franciscanos.org.br\/noticias\/wp-content\/uploads\/2022\/10\/ishara_13-450x338.jpg 450w, https:\/\/franciscanos.org.br\/noticias\/wp-content\/uploads\/2022\/10\/ishara_13-1024x768.jpg 1024w, https:\/\/franciscanos.org.br\/noticias\/wp-content\/uploads\/2022\/10\/ishara_13-768x576.jpg 768w, https:\/\/franciscanos.org.br\/noticias\/wp-content\/uploads\/2022\/10\/ishara_13-150x113.jpg 150w, https:\/\/franciscanos.org.br\/noticias\/wp-content\/uploads\/2022\/10\/ishara_13-600x450.jpg 600w\" sizes=\"(max-width: 1280px) 100vw, 1280px\" \/><\/p>\n<p>&#8220;Tamb\u00e9m quero evidenciar as virtudes de Frei Roberto. Todos conhecem suas virtudes e n\u00f3s pedimos que Deus sempre revele no seu cora\u00e7\u00e3o os seus planos, de modo tamb\u00e9m beneficiarmos de suas virtudes. Que Deus aben\u00e7oe sempre seu minist\u00e9rio e que todas as pessoas sejam beneficiadas tamb\u00e9m com suas virtudes&#8221;, pediu, brincando: &#8220;Se um dia voc\u00ea se tornar santo, espero que sejamos seus companheiros&#8221;.<\/p>\n<p>Frei Roberto Ishara escolheu ser religioso franciscano e ingressou na Ordem Franciscana por esta Prov\u00edncia da Imaculada, quando vestiu o h\u00e1bito em 2004 e fez a profiss\u00e3o solene em 5 de novembro de 2009.<\/p>\n<p><img loading=\"lazy\" class=\"alignnone size-full wp-image-240370\" src=\"https:\/\/franciscanos.org.br\/noticias\/wp-content\/uploads\/2022\/10\/ishara_20.jpg\" alt=\"\" width=\"1280\" height=\"899\" srcset=\"https:\/\/franciscanos.org.br\/noticias\/wp-content\/uploads\/2022\/10\/ishara_20.jpg 1280w, https:\/\/franciscanos.org.br\/noticias\/wp-content\/uploads\/2022\/10\/ishara_20-450x316.jpg 450w, https:\/\/franciscanos.org.br\/noticias\/wp-content\/uploads\/2022\/10\/ishara_20-1024x719.jpg 1024w, https:\/\/franciscanos.org.br\/noticias\/wp-content\/uploads\/2022\/10\/ishara_20-768x539.jpg 768w, https:\/\/franciscanos.org.br\/noticias\/wp-content\/uploads\/2022\/10\/ishara_20-150x105.jpg 150w, https:\/\/franciscanos.org.br\/noticias\/wp-content\/uploads\/2022\/10\/ishara_20-474x332.jpg 474w\" sizes=\"(max-width: 1280px) 100vw, 1280px\" \/><br \/>\n<strong>PROGRAMA\u00c7\u00c3O<\/strong><br \/>\n<strong>21 de outubro \u2013 Sexta-feira (Gesto concreto: Leite)<\/strong><br \/>\n07h00 \u2013 Missa<br \/>\n09h00 \u2013 Miss\u00e3o: Visita ao Hospital Frei Galv\u00e3o<br \/>\n15h00 \u2013 Abertura das Barraquinhas de Doces e Salgados<br \/>\n15h00 \u2013 Missa 6\u00b0 dia da Novena \u2013 Tema: \u201cFrei Galv\u00e3o, Presen\u00e7a Viva dos Sinais de Deus\u201d.<br \/>\n19h30 \u2013 Missa 6\u00b0 dia da Novena \u2013 Tema: \u201cFrei Galv\u00e3o, Presen\u00e7a Viva dos Sinais de Deus\u201d.<br \/>\n21h00 \u2013 A\u00e7\u00e3o entre amigos<br \/>\n21h30 \u2013 Show com Andr\u00e9 Moraes<\/p>\n<hr \/>\n<p><em>Equipe de Comunica\u00e7\u00e3o do Santu\u00e1rio Frei Galv\u00e3o<\/em><\/p>\n<p><img loading=\"lazy\" class=\"alignnone size-full wp-image-240371\" src=\"https:\/\/franciscanos.org.br\/noticias\/wp-content\/uploads\/2022\/10\/ishara_21.jpg\" alt=\"\" width=\"1280\" height=\"960\" srcset=\"https:\/\/franciscanos.org.br\/noticias\/wp-content\/uploads\/2022\/10\/ishara_21.jpg 1280w, https:\/\/franciscanos.org.br\/noticias\/wp-content\/uploads\/2022\/10\/ishara_21-450x338.jpg 450w, https:\/\/franciscanos.org.br\/noticias\/wp-content\/uploads\/2022\/10\/ishara_21-1024x768.jpg 1024w, https:\/\/franciscanos.org.br\/noticias\/wp-content\/uploads\/2022\/10\/ishara_21-768x576.jpg 768w, https:\/\/franciscanos.org.br\/noticias\/wp-content\/uploads\/2022\/10\/ishara_21-150x113.jpg 150w, https:\/\/franciscanos.org.br\/noticias\/wp-content\/uploads\/2022\/10\/ishara_21-600x450.jpg 600w\" sizes=\"(max-width: 1280px) 100vw, 1280px\" \/><\/p>\n","protected":false},"excerpt":{"rendered":"<p>Festa de Frei Galv\u00e3o 2022<\/p>\n","protected":false},"author":3,"featured_media":240365,"comment_status":"open","ping_status":"open","sticky":false,"template":"","format":"standard","meta":[],"categories":[1],"tags":[2067],"acf":[],"yoast_head":"<!-- This site is optimized with the Yoast SEO plugin v19.2 - https:\/\/yoast.com\/wordpress\/plugins\/seo\/ -->\n<title>Um dia de gra\u00e7a e b\u00ean\u00e7\u00e3o para Frei Roberto - Not\u00edcias - Franciscanos<\/title>\n<meta name=\"robots\" content=\"index, follow, max-snippet:-1, max-image-preview:large, max-video-preview:-1\" \/>\n<link rel=\"canonical\" href=\"https:\/\/franciscanos.org.br\/noticias\/um-dia-de-graca-e-bencao-para-frei-roberto.html\" \/>\n<meta property=\"og:locale\" content=\"pt_BR\" \/>\n<meta property=\"og:type\" content=\"article\" \/>\n<meta property=\"og:title\" content=\"Um dia de gra\u00e7a e b\u00ean\u00e7\u00e3o para Frei Roberto - Not\u00edcias - Franciscanos\" \/>\n<meta property=\"og:description\" content=\"Festa de Frei Galv\u00e3o 2022\" \/>\n<meta property=\"og:url\" content=\"https:\/\/franciscanos.org.br\/noticias\/um-dia-de-graca-e-bencao-para-frei-roberto.html\" \/>\n<meta property=\"og:site_name\" content=\"Not\u00edcias - Franciscanos\" \/>\n<meta property=\"article:published_time\" content=\"2022-10-20T21:42:01+00:00\" \/>\n<meta property=\"og:image\" content=\"https:\/\/franciscanos.org.br\/noticias\/wp-content\/uploads\/2022\/10\/ishara_01.jpg\" \/>\n\t<meta property=\"og:image:width\" content=\"1280\" \/>\n\t<meta property=\"og:image:height\" content=\"720\" \/>\n\t<meta property=\"og:image:type\" content=\"image\/jpeg\" \/>\n<meta name=\"author\" content=\"moacir\" \/>\n<meta name=\"twitter:card\" content=\"summary_large_image\" \/>\n<meta name=\"twitter:label1\" content=\"Escrito por\" \/>\n\t<meta name=\"twitter:data1\" content=\"moacir\" \/>\n\t<meta name=\"twitter:label2\" content=\"Est. tempo de leitura\" \/>\n\t<meta name=\"twitter:data2\" content=\"8 minutos\" \/>\n<script type=\"application\/ld+json\" class=\"yoast-schema-graph\">{\"@context\":\"https:\/\/schema.org\",\"@graph\":[{\"@type\":\"WebSite\",\"@id\":\"https:\/\/franciscanos.org.br\/noticias\/#website\",\"url\":\"https:\/\/franciscanos.org.br\/noticias\/\",\"name\":\"Not\u00edcias - Franciscanos\",\"description\":\"Prov\u00edncia Franciscana da Imaculada Concei\u00e7\u00e3o do Brasil - Ordem dos Frades Menores - OFM\",\"potentialAction\":[{\"@type\":\"SearchAction\",\"target\":{\"@type\":\"EntryPoint\",\"urlTemplate\":\"https:\/\/franciscanos.org.br\/noticias\/?s={search_term_string}\"},\"query-input\":\"required name=search_term_string\"}],\"inLanguage\":\"pt-BR\"},{\"@type\":\"ImageObject\",\"inLanguage\":\"pt-BR\",\"@id\":\"https:\/\/franciscanos.org.br\/noticias\/um-dia-de-graca-e-bencao-para-frei-roberto.html#primaryimage\",\"url\":\"https:\/\/franciscanos.org.br\/noticias\/wp-content\/uploads\/2022\/10\/ishara_01.jpg\",\"contentUrl\":\"https:\/\/franciscanos.org.br\/noticias\/wp-content\/uploads\/2022\/10\/ishara_01.jpg\",\"width\":1280,\"height\":720},{\"@type\":\"WebPage\",\"@id\":\"https:\/\/franciscanos.org.br\/noticias\/um-dia-de-graca-e-bencao-para-frei-roberto.html#webpage\",\"url\":\"https:\/\/franciscanos.org.br\/noticias\/um-dia-de-graca-e-bencao-para-frei-roberto.html\",\"name\":\"Um dia de gra\u00e7a e b\u00ean\u00e7\u00e3o para Frei Roberto - Not\u00edcias - Franciscanos\",\"isPartOf\":{\"@id\":\"https:\/\/franciscanos.org.br\/noticias\/#website\"},\"primaryImageOfPage\":{\"@id\":\"https:\/\/franciscanos.org.br\/noticias\/um-dia-de-graca-e-bencao-para-frei-roberto.html#primaryimage\"},\"datePublished\":\"2022-10-20T21:42:01+00:00\",\"dateModified\":\"2022-10-20T21:42:01+00:00\",\"author\":{\"@id\":\"https:\/\/franciscanos.org.br\/noticias\/#\/schema\/person\/b5c8cba458c330ccff548b056e95a5d4\"},\"breadcrumb\":{\"@id\":\"https:\/\/franciscanos.org.br\/noticias\/um-dia-de-graca-e-bencao-para-frei-roberto.html#breadcrumb\"},\"inLanguage\":\"pt-BR\",\"potentialAction\":[{\"@type\":\"ReadAction\",\"target\":[\"https:\/\/franciscanos.org.br\/noticias\/um-dia-de-graca-e-bencao-para-frei-roberto.html\"]}]},{\"@type\":\"BreadcrumbList\",\"@id\":\"https:\/\/franciscanos.org.br\/noticias\/um-dia-de-graca-e-bencao-para-frei-roberto.html#breadcrumb\",\"itemListElement\":[{\"@type\":\"ListItem\",\"position\":1,\"name\":\"Home\",\"item\":\"https:\/\/franciscanos.org.br\/noticias\"},{\"@type\":\"ListItem\",\"position\":2,\"name\":\"Um dia de gra\u00e7a e b\u00ean\u00e7\u00e3o para Frei Roberto\"}]},{\"@type\":\"Person\",\"@id\":\"https:\/\/franciscanos.org.br\/noticias\/#\/schema\/person\/b5c8cba458c330ccff548b056e95a5d4\",\"name\":\"moacir\",\"image\":{\"@type\":\"ImageObject\",\"inLanguage\":\"pt-BR\",\"@id\":\"https:\/\/franciscanos.org.br\/noticias\/#\/schema\/person\/image\/\",\"url\":\"https:\/\/secure.gravatar.com\/avatar\/d08aa2ce4c8dd416d4479aa8536fcf64?s=96&d=mm&r=g\",\"contentUrl\":\"https:\/\/secure.gravatar.com\/avatar\/d08aa2ce4c8dd416d4479aa8536fcf64?s=96&d=mm&r=g\",\"caption\":\"moacir\"},\"url\":\"https:\/\/franciscanos.org.br\/noticias\/author\/moacir\"}]}<\/script>\n<!-- \/ Yoast SEO plugin. -->","yoast_head_json":{"title":"Um dia de gra\u00e7a e b\u00ean\u00e7\u00e3o para Frei Roberto - Not\u00edcias - Franciscanos","robots":{"index":"index","follow":"follow","max-snippet":"max-snippet:-1","max-image-preview":"max-image-preview:large","max-video-preview":"max-video-preview:-1"},"canonical":"https:\/\/franciscanos.org.br\/noticias\/um-dia-de-graca-e-bencao-para-frei-roberto.html","og_locale":"pt_BR","og_type":"article","og_title":"Um dia de gra\u00e7a e b\u00ean\u00e7\u00e3o para Frei Roberto - Not\u00edcias - Franciscanos","og_description":"Festa de Frei Galv\u00e3o 2022","og_url":"https:\/\/franciscanos.org.br\/noticias\/um-dia-de-graca-e-bencao-para-frei-roberto.html","og_site_name":"Not\u00edcias - Franciscanos","article_published_time":"2022-10-20T21:42:01+00:00","og_image":[{"width":1280,"height":720,"url":"https:\/\/franciscanos.org.br\/noticias\/wp-content\/uploads\/2022\/10\/ishara_01.jpg","type":"image\/jpeg"}],"author":"moacir","twitter_card":"summary_large_image","twitter_misc":{"Escrito por":"moacir","Est. tempo de leitura":"8 minutos"},"schema":{"@context":"https:\/\/schema.org","@graph":[{"@type":"WebSite","@id":"https:\/\/franciscanos.org.br\/noticias\/#website","url":"https:\/\/franciscanos.org.br\/noticias\/","name":"Not\u00edcias - Franciscanos","description":"Prov\u00edncia Franciscana da Imaculada Concei\u00e7\u00e3o do Brasil - Ordem dos Frades Menores - OFM","potentialAction":[{"@type":"SearchAction","target":{"@type":"EntryPoint","urlTemplate":"https:\/\/franciscanos.org.br\/noticias\/?s={search_term_string}"},"query-input":"required name=search_term_string"}],"inLanguage":"pt-BR"},{"@type":"ImageObject","inLanguage":"pt-BR","@id":"https:\/\/franciscanos.org.br\/noticias\/um-dia-de-graca-e-bencao-para-frei-roberto.html#primaryimage","url":"https:\/\/franciscanos.org.br\/noticias\/wp-content\/uploads\/2022\/10\/ishara_01.jpg","contentUrl":"https:\/\/franciscanos.org.br\/noticias\/wp-content\/uploads\/2022\/10\/ishara_01.jpg","width":1280,"height":720},{"@type":"WebPage","@id":"https:\/\/franciscanos.org.br\/noticias\/um-dia-de-graca-e-bencao-para-frei-roberto.html#webpage","url":"https:\/\/franciscanos.org.br\/noticias\/um-dia-de-graca-e-bencao-para-frei-roberto.html","name":"Um dia de gra\u00e7a e b\u00ean\u00e7\u00e3o para Frei Roberto - Not\u00edcias - Franciscanos","isPartOf":{"@id":"https:\/\/franciscanos.org.br\/noticias\/#website"},"primaryImageOfPage":{"@id":"https:\/\/franciscanos.org.br\/noticias\/um-dia-de-graca-e-bencao-para-frei-roberto.html#primaryimage"},"datePublished":"2022-10-20T21:42:01+00:00","dateModified":"2022-10-20T21:42:01+00:00","author":{"@id":"https:\/\/franciscanos.org.br\/noticias\/#\/schema\/person\/b5c8cba458c330ccff548b056e95a5d4"},"breadcrumb":{"@id":"https:\/\/franciscanos.org.br\/noticias\/um-dia-de-graca-e-bencao-para-frei-roberto.html#breadcrumb"},"inLanguage":"pt-BR","potentialAction":[{"@type":"ReadAction","target":["https:\/\/franciscanos.org.br\/noticias\/um-dia-de-graca-e-bencao-para-frei-roberto.html"]}]},{"@type":"BreadcrumbList","@id":"https:\/\/franciscanos.org.br\/noticias\/um-dia-de-graca-e-bencao-para-frei-roberto.html#breadcrumb","itemListElement":[{"@type":"ListItem","position":1,"name":"Home","item":"https:\/\/franciscanos.org.br\/noticias"},{"@type":"ListItem","position":2,"name":"Um dia de gra\u00e7a e b\u00ean\u00e7\u00e3o para Frei Roberto"}]},{"@type":"Person","@id":"https:\/\/franciscanos.org.br\/noticias\/#\/schema\/person\/b5c8cba458c330ccff548b056e95a5d4","name":"moacir","image":{"@type":"ImageObject","inLanguage":"pt-BR","@id":"https:\/\/franciscanos.org.br\/noticias\/#\/schema\/person\/image\/","url":"https:\/\/secure.gravatar.com\/avatar\/d08aa2ce4c8dd416d4479aa8536fcf64?s=96&d=mm&r=g","contentUrl":"https:\/\/secure.gravatar.com\/avatar\/d08aa2ce4c8dd416d4479aa8536fcf64?s=96&d=mm&r=g","caption":"moacir"},"url":"https:\/\/franciscanos.org.br\/noticias\/author\/moacir"}]}},"_links":{"self":[{"href":"https:\/\/franciscanos.org.br\/noticias\/wp-json\/wp\/v2\/posts\/240364"}],"collection":[{"href":"https:\/\/franciscanos.org.br\/noticias\/wp-json\/wp\/v2\/posts"}],"about":[{"href":"https:\/\/franciscanos.org.br\/noticias\/wp-json\/wp\/v2\/types\/post"}],"author":[{"embeddable":true,"href":"https:\/\/franciscanos.org.br\/noticias\/wp-json\/wp\/v2\/users\/3"}],"replies":[{"embeddable":true,"href":"https:\/\/franciscanos.org.br\/noticias\/wp-json\/wp\/v2\/comments?post=240364"}],"version-history":[{"count":1,"href":"https:\/\/franciscanos.org.br\/noticias\/wp-json\/wp\/v2\/posts\/240364\/revisions"}],"predecessor-version":[{"id":240386,"href":"https:\/\/franciscanos.org.br\/noticias\/wp-json\/wp\/v2\/posts\/240364\/revisions\/240386"}],"wp:featuredmedia":[{"embeddable":true,"href":"https:\/\/franciscanos.org.br\/noticias\/wp-json\/wp\/v2\/media\/240365"}],"wp:attachment":[{"href":"https:\/\/franciscanos.org.br\/noticias\/wp-json\/wp\/v2\/media?parent=240364"}],"wp:term":[{"taxonomy":"category","embeddable":true,"href":"https:\/\/franciscanos.org.br\/noticias\/wp-json\/wp\/v2\/categories?post=240364"},{"taxonomy":"post_tag","embeddable":true,"href":"https:\/\/franciscanos.org.br\/noticias\/wp-json\/wp\/v2\/tags?post=240364"}],"curies":[{"name":"wp","href":"https:\/\/api.w.org\/{rel}","templated":true}]}}