{"id":240333,"date":"2022-10-19T22:59:18","date_gmt":"2022-10-20T01:59:18","guid":{"rendered":"https:\/\/franciscanos.org.br\/noticias\/?p=240333"},"modified":"2022-10-19T22:59:18","modified_gmt":"2022-10-20T01:59:18","slug":"pe-luiz-camilo-e-o-amor-que-faz-com-que-a-gente-caminhe-com-esperanca","status":"publish","type":"post","link":"https:\/\/franciscanos.org.br\/noticias\/pe-luiz-camilo-e-o-amor-que-faz-com-que-a-gente-caminhe-com-esperanca.html","title":{"rendered":"Pe. Luiz Camilo: \u00c9 o amor que faz com que a gente caminhe com esperan\u00e7a"},"content":{"rendered":"<p><img loading=\"lazy\" class=\"alignnone size-full wp-image-240334\" src=\"https:\/\/franciscanos.org.br\/noticias\/wp-content\/uploads\/2022\/10\/abre_01.jpg\" alt=\"\" width=\"1280\" height=\"720\" srcset=\"https:\/\/franciscanos.org.br\/noticias\/wp-content\/uploads\/2022\/10\/abre_01.jpg 1280w, https:\/\/franciscanos.org.br\/noticias\/wp-content\/uploads\/2022\/10\/abre_01-450x253.jpg 450w, https:\/\/franciscanos.org.br\/noticias\/wp-content\/uploads\/2022\/10\/abre_01-1024x576.jpg 1024w, https:\/\/franciscanos.org.br\/noticias\/wp-content\/uploads\/2022\/10\/abre_01-768x432.jpg 768w, https:\/\/franciscanos.org.br\/noticias\/wp-content\/uploads\/2022\/10\/abre_01-150x84.jpg 150w\" sizes=\"(max-width: 1280px) 100vw, 1280px\" \/><\/p>\n<p><strong>Guaratinguet\u00e1 (SP)<\/strong> &#8211; No quarto dia de Novena em prepara\u00e7\u00e3o \u00e0 Festa de Frei Galv\u00e3o, no Santu\u00e1rio Frei Galv\u00e3o, em Guaratinguet\u00e1 (SP), o mission\u00e1rio redentorista Padre Luiz Camilo Junior, presidiu a Santa Missa, \u00e0s 19h30, e destacou na sua homilia o tema do dia: \u201cFrei Galv\u00e3o, Administrador Fiel da Caridade\u201d.<\/p>\n<p>O reitor do Santu\u00e1rio, Frei Diego Atalino de Melo, concelebrou e acolheu Pe. Camilo e a todos os fi\u00e9is devotos do primeiro santo brasileiro. Na festa deste ano, est\u00e3o sendo recordados os 200 anos da passagem de Frei Galv\u00e3o para a eternidade, com o tema: \u201c\u00c9 morrendo que se vive para a vida Eterna\u201d. O gesto concreto deste terceiro dia da Novena foi a doa\u00e7\u00e3o de a\u00e7\u00facar.<\/p>\n<p>Pe. Camilo contou que era a primeira vez que celebrava no Santu\u00e1rio Frei Galv\u00e3o: &#8220;\u00c9 uma alegria e uma b\u00ean\u00e7\u00e3o estarmos aqui!&#8221;, disse.<\/p>\n<p>Pe. Camilo abriu sua reflex\u00e3o contando um &#8220;bonito testemunho&#8221; de um senhor que ouviu quando ele ainda era seminarista. &#8220;Esse senhor me disse que por muitos anos precisou mendigar para ter o p\u00e3o de cada dia. Ele morava em S\u00e3o Paulo e l\u00e1 na av. Paulista, que \u00e9 a avenida dos grandes bancos e das grandes empresas, ele passava todo dia esperando a caridade de algu\u00e9m: uma coxinha, um p\u00e3o com ovo, um guaran\u00e1, um suco, enfim&#8230; Ele disse que nunca faltou: sempre algu\u00e9m ou jogava uma moeda aos seus p\u00e9s ou lhe entregava um lanche. E assim ele foi sobrevivendo. Mas um dia uma pessoa fez algo muito maior do que dar um lanche ou jogar umas moedas. A pessoa sentou-se ao lado dele e, ao sentar-se ao seu lado, o primeiro gesto foi perguntar o seu nome. E quando ele disse o seu nome, a pessoa segurou sua m\u00e3o e disse: &#8216;Prazer em conhec\u00ea-lo, irm\u00e3o!&#8217; Ele falou que aquele gesto transformou toda a sua vida&#8221;.<\/p>\n<p><img loading=\"lazy\" class=\"alignnone size-full wp-image-240335\" src=\"https:\/\/franciscanos.org.br\/noticias\/wp-content\/uploads\/2022\/10\/missa_19_07.jpg\" alt=\"\" width=\"1280\" height=\"853\" srcset=\"https:\/\/franciscanos.org.br\/noticias\/wp-content\/uploads\/2022\/10\/missa_19_07.jpg 1280w, https:\/\/franciscanos.org.br\/noticias\/wp-content\/uploads\/2022\/10\/missa_19_07-450x300.jpg 450w, https:\/\/franciscanos.org.br\/noticias\/wp-content\/uploads\/2022\/10\/missa_19_07-1024x682.jpg 1024w, https:\/\/franciscanos.org.br\/noticias\/wp-content\/uploads\/2022\/10\/missa_19_07-768x512.jpg 768w, https:\/\/franciscanos.org.br\/noticias\/wp-content\/uploads\/2022\/10\/missa_19_07-150x100.jpg 150w\" sizes=\"(max-width: 1280px) 100vw, 1280px\" \/><\/p>\n\n\t\t<style type=\"text\/css\">\n\t\t\t#gallery-1 {\n\t\t\t\tmargin: auto;\n\t\t\t}\n\t\t\t#gallery-1 .gallery-item {\n\t\t\t\tfloat: left;\n\t\t\t\tmargin-top: 10px;\n\t\t\t\ttext-align: center;\n\t\t\t\twidth: 16%;\n\t\t\t}\n\t\t\t#gallery-1 img {\n\t\t\t\tborder: 2px solid #cfcfcf;\n\t\t\t}\n\t\t\t#gallery-1 .gallery-caption {\n\t\t\t\tmargin-left: 0;\n\t\t\t}\n\t\t\t\/* see gallery_shortcode() in wp-includes\/media.php *\/\n\t\t<\/style>\n\t\t<div id='gallery-1' class='gallery galleryid-240333 gallery-columns-6 gallery-size-thumbnail'><dl class='gallery-item'>\n\t\t\t<dt class='gallery-icon landscape'>\n\t\t\t\t<a href='https:\/\/franciscanos.org.br\/noticias\/wp-content\/uploads\/2022\/10\/missa_19.jpg'><img width=\"300\" height=\"300\" src=\"https:\/\/franciscanos.org.br\/noticias\/wp-content\/uploads\/2022\/10\/missa_19-300x300.jpg\" class=\"attachment-thumbnail size-thumbnail\" alt=\"\" loading=\"lazy\" srcset=\"https:\/\/franciscanos.org.br\/noticias\/wp-content\/uploads\/2022\/10\/missa_19-300x300.jpg 300w, https:\/\/franciscanos.org.br\/noticias\/wp-content\/uploads\/2022\/10\/missa_19-100x100.jpg 100w\" sizes=\"(max-width: 300px) 100vw, 300px\" \/><\/a>\n\t\t\t<\/dt><\/dl><dl class='gallery-item'>\n\t\t\t<dt class='gallery-icon landscape'>\n\t\t\t\t<a href='https:\/\/franciscanos.org.br\/noticias\/wp-content\/uploads\/2022\/10\/missa_19_01.jpg'><img width=\"300\" height=\"300\" src=\"https:\/\/franciscanos.org.br\/noticias\/wp-content\/uploads\/2022\/10\/missa_19_01-300x300.jpg\" class=\"attachment-thumbnail size-thumbnail\" alt=\"\" loading=\"lazy\" srcset=\"https:\/\/franciscanos.org.br\/noticias\/wp-content\/uploads\/2022\/10\/missa_19_01-300x300.jpg 300w, https:\/\/franciscanos.org.br\/noticias\/wp-content\/uploads\/2022\/10\/missa_19_01-100x100.jpg 100w\" sizes=\"(max-width: 300px) 100vw, 300px\" \/><\/a>\n\t\t\t<\/dt><\/dl><dl class='gallery-item'>\n\t\t\t<dt class='gallery-icon landscape'>\n\t\t\t\t<a href='https:\/\/franciscanos.org.br\/noticias\/wp-content\/uploads\/2022\/10\/missa_19_02.jpg'><img width=\"300\" height=\"300\" src=\"https:\/\/franciscanos.org.br\/noticias\/wp-content\/uploads\/2022\/10\/missa_19_02-300x300.jpg\" class=\"attachment-thumbnail size-thumbnail\" alt=\"\" loading=\"lazy\" srcset=\"https:\/\/franciscanos.org.br\/noticias\/wp-content\/uploads\/2022\/10\/missa_19_02-300x300.jpg 300w, https:\/\/franciscanos.org.br\/noticias\/wp-content\/uploads\/2022\/10\/missa_19_02-100x100.jpg 100w\" sizes=\"(max-width: 300px) 100vw, 300px\" \/><\/a>\n\t\t\t<\/dt><\/dl><dl class='gallery-item'>\n\t\t\t<dt class='gallery-icon landscape'>\n\t\t\t\t<a href='https:\/\/franciscanos.org.br\/noticias\/wp-content\/uploads\/2022\/10\/missa_19_04.jpg'><img width=\"300\" height=\"300\" src=\"https:\/\/franciscanos.org.br\/noticias\/wp-content\/uploads\/2022\/10\/missa_19_04-300x300.jpg\" class=\"attachment-thumbnail size-thumbnail\" alt=\"\" loading=\"lazy\" srcset=\"https:\/\/franciscanos.org.br\/noticias\/wp-content\/uploads\/2022\/10\/missa_19_04-300x300.jpg 300w, https:\/\/franciscanos.org.br\/noticias\/wp-content\/uploads\/2022\/10\/missa_19_04-100x100.jpg 100w\" sizes=\"(max-width: 300px) 100vw, 300px\" \/><\/a>\n\t\t\t<\/dt><\/dl><dl class='gallery-item'>\n\t\t\t<dt class='gallery-icon landscape'>\n\t\t\t\t<a href='https:\/\/franciscanos.org.br\/noticias\/wp-content\/uploads\/2022\/10\/missa_19_05.jpg'><img width=\"300\" height=\"300\" src=\"https:\/\/franciscanos.org.br\/noticias\/wp-content\/uploads\/2022\/10\/missa_19_05-300x300.jpg\" class=\"attachment-thumbnail size-thumbnail\" alt=\"\" loading=\"lazy\" srcset=\"https:\/\/franciscanos.org.br\/noticias\/wp-content\/uploads\/2022\/10\/missa_19_05-300x300.jpg 300w, https:\/\/franciscanos.org.br\/noticias\/wp-content\/uploads\/2022\/10\/missa_19_05-100x100.jpg 100w\" sizes=\"(max-width: 300px) 100vw, 300px\" \/><\/a>\n\t\t\t<\/dt><\/dl><dl class='gallery-item'>\n\t\t\t<dt class='gallery-icon landscape'>\n\t\t\t\t<a href='https:\/\/franciscanos.org.br\/noticias\/wp-content\/uploads\/2022\/10\/missa_19_08.jpg'><img width=\"300\" height=\"300\" src=\"https:\/\/franciscanos.org.br\/noticias\/wp-content\/uploads\/2022\/10\/missa_19_08-300x300.jpg\" class=\"attachment-thumbnail size-thumbnail\" alt=\"\" loading=\"lazy\" srcset=\"https:\/\/franciscanos.org.br\/noticias\/wp-content\/uploads\/2022\/10\/missa_19_08-300x300.jpg 300w, https:\/\/franciscanos.org.br\/noticias\/wp-content\/uploads\/2022\/10\/missa_19_08-100x100.jpg 100w\" sizes=\"(max-width: 300px) 100vw, 300px\" \/><\/a>\n\t\t\t<\/dt><\/dl><br style=\"clear: both\" \/>\n\t\t<\/div>\n\n<p><em>\u00a0 \u00a0 \u00a0 \u00a0 \u00a0 \u00a0 \u00a0 \u00a0 \u00a0 \u00a0 \u00a0 \u00a0 \u00a0 \u00a0 \u00a0 \u00a0 \u00a0 \u00a0 \u00a0 \u00a0 \u00a0 \u00a0 \u00a0 \u00a0 \u00a0 \u00a0 \u00a0 \u00a0 \u00a0 \u00a0 \u00a0 \u00a0 \u00a0 \u00a0 \u00a0 \u00a0 \u00a0 \u00a0(toque as imagens menores para ampli\u00e1-las)<\/em><\/p>\n<p>Segundo o celebrante, h\u00e1 muitos anos dependendo da doa\u00e7\u00e3o de um p\u00e3o, de um salgado para viver, aquele homem que sentou ao seu lado, perguntou o seu nome, olhou para os seus olhos e segurou na sua m\u00e3o, deu a ele muito mais do que um lanche pode oferecer: &#8220;Deu a ele a dignidade de saber que ele existia&#8221;.<\/p>\n<p>&#8220;Por isso, todas vezes que refletimos sobre a dimens\u00e3o da caridade crist\u00e3 &#8211; e caridade n\u00e3o \u00e9 o momento em que realizamos algo bonito em favor de algu\u00e9m &#8211; ela deve ser uma constante em nossa vida. N\u00e3o \u00e9 exercer a caridade s\u00f3 de vez em quando. A caridade deve ser a nossa identidade. N\u00f3s pertencemos a Cristo e o amor dele deve ser revelado ao mundo atrav\u00e9s de n\u00f3s&#8221;, disse o mission\u00e1rio, lembrando o tema deste quarto dia da novena: \u201cFrei Galv\u00e3o, Administrador Fiel da Caridade\u201d.<\/p>\n<p>&#8220;O homem revestido de amor \u00e9 capaz de enxergar o outro como igual, e trat\u00e1-lo como irm\u00e3o. Se no mundo de hoje, \u00e0s vezes, n\u00f3s somos ainda t\u00e3o marcados por preconceitos, julgamentos, indiferen\u00e7as, \u00e9 porque n\u00f3s estamos despidos do amor do Cristo. Se realmente o amor do Cristo revestisse o nosso cora\u00e7\u00e3o, como revestiu o cora\u00e7\u00e3o de Frei Galv\u00e3o, n\u00f3s enxergar\u00edamos e tratar\u00edamos todas as pessoas como irm\u00e3os e irm\u00e3s. Como fez aquele homem junto com aquele pobre, na frente de um grande banco&#8221;, lembrou.<\/p>\n<p><img loading=\"lazy\" class=\"alignnone size-full wp-image-240343\" src=\"https:\/\/franciscanos.org.br\/noticias\/wp-content\/uploads\/2022\/10\/missa_19_03.jpg\" alt=\"\" width=\"1280\" height=\"853\" srcset=\"https:\/\/franciscanos.org.br\/noticias\/wp-content\/uploads\/2022\/10\/missa_19_03.jpg 1280w, https:\/\/franciscanos.org.br\/noticias\/wp-content\/uploads\/2022\/10\/missa_19_03-450x300.jpg 450w, https:\/\/franciscanos.org.br\/noticias\/wp-content\/uploads\/2022\/10\/missa_19_03-1024x682.jpg 1024w, https:\/\/franciscanos.org.br\/noticias\/wp-content\/uploads\/2022\/10\/missa_19_03-768x512.jpg 768w, https:\/\/franciscanos.org.br\/noticias\/wp-content\/uploads\/2022\/10\/missa_19_03-150x100.jpg 150w\" sizes=\"(max-width: 1280px) 100vw, 1280px\" \/><\/p>\n<p>&#8220;Mas, quando algu\u00e9m, movido por amor &#8211; porque apenas quem ama \u00e9 capaz de segurar nas m\u00e3os daqueles que o mundo n\u00e3o mais enxerga -. apenas quem ama tem a coragem de se colocar do lado e demonstrar num olhar, num sorriso, num aperto de m\u00e3o que a vida desta pessoa tem valor. Ent\u00e3o, a caridade \u00e9 muito mais do que dar algo para algu\u00e9m. \u00c9 claro que quem tem fome precisa de p\u00e3o, quem est\u00e1 com frio, precisa de roupa, mas a caridade \u00e9 muito mais do que dar algo, \u00e9 dar-se ao outro e acolher o outro na nossa vida&#8221;, frisou.<\/p>\n<p>Para o celebrante, \u00e9 f\u00e1cil quando algu\u00e9m bate na sua casa e pede um prato de comida. &#8220;Voc\u00ea vai l\u00e1, procura um<em> tupperware<\/em> ou um potinho de sorvete que \u00e9 descart\u00e1vel, preenche de arroz, feij\u00e3o, um pedacinho de carne, uma salada ou legumes, chega no port\u00e3o entrega para ele, entra para dentro e fecha a porta. A caridade n\u00e3o \u00e9 apenas saciar a fome do estomago das pessoas. A caridade \u00e9 oferecer amor que devolva a quem no mundo sofre tanto, a dignidade de saber que a vida dele tem valor. E mesmo que grande parte do mundo n\u00e3o seja capaz de enxergar os pobres e sentir compaix\u00e3o pelo ser humano que sofre, Deus v\u00ea a todos. Ningu\u00e9m \u00e9 invis\u00edvel ao olhar do Pai. Ningu\u00e9m \u00e9 esquecido no cora\u00e7\u00e3o do pai&#8221;, confortou.<\/p>\n<p>Para Pe. Camilo, os santos enxergam isso. &#8220;Frei Galv\u00e3o, conhecendo um pouco da sua hist\u00f3ria &#8211; o Frei Diego conhece infinitamente mais do que eu &#8211; com certeza voc\u00eas, fi\u00e9is devotos, conhecem a hist\u00f3ria deste santo, era algu\u00e9m que encontrou na caridade uma forma bonita de servir a Cristo. Como vai dizer S\u00e3o Paulo na Carta aos Cor\u00edntios, mesmo que eu doe todos os meus bens para os pobres, mas se eu n\u00e3o tiver amor por eles, os bens doados n\u00e3o significam nada.\u00a0 Apenas quem ama se coloca ao lado do necessitado e apenas quem ama \u00e9 capaz de deixar as marcas do amor de Deus na vida daquele que sofre por um mundo que ainda n\u00e3o sabe amar&#8221;, ressaltou.<\/p>\n<p>Frei Galv\u00e3o, frisou o celebrante, \u00e9 a imagem bonita da caridade de Cristo junto aos pobres. &#8220;H\u00e1 uma frase bonita que eu li dele de um escritor que fala: \u00a0&#8216;Frei Galv\u00e3o \u00e9 o homem cujo o cora\u00e7\u00e3o \u00e9 de Deus, mas suas m\u00e3os e os seus p\u00e9s s\u00e3o dos irm\u00e3os, dos pobres e dos sofredores&#8217;. Aquele que entregou o cora\u00e7\u00e3o inteiro a Deus, sem reservas, sem guardar algo de si, mas se fez todo nas m\u00e3os do Senhor, transforma suas m\u00e3os e seus p\u00e9s em ofert\u00f3rio de alegria, compaix\u00e3o e caridade aos seus irm\u00e3os, principalmente aos pobres. Ent\u00e3o, s\u00e3o m\u00e3os que partilham o p\u00e3o, s\u00e3o p\u00e9s que caminham apressadamente para ajudar. \u00c9 a presen\u00e7a do amor que faz diferen\u00e7a na vida de quem tanto sofre, mas que um pequeno gesto de amor \u00e9 capaz de transformar&#8221;, disse.<\/p>\n<p><img loading=\"lazy\" class=\"alignnone size-full wp-image-240341\" src=\"https:\/\/franciscanos.org.br\/noticias\/wp-content\/uploads\/2022\/10\/missa_19_06.jpg\" alt=\"\" width=\"1280\" height=\"853\" srcset=\"https:\/\/franciscanos.org.br\/noticias\/wp-content\/uploads\/2022\/10\/missa_19_06.jpg 1280w, https:\/\/franciscanos.org.br\/noticias\/wp-content\/uploads\/2022\/10\/missa_19_06-450x300.jpg 450w, https:\/\/franciscanos.org.br\/noticias\/wp-content\/uploads\/2022\/10\/missa_19_06-1024x682.jpg 1024w, https:\/\/franciscanos.org.br\/noticias\/wp-content\/uploads\/2022\/10\/missa_19_06-768x512.jpg 768w, https:\/\/franciscanos.org.br\/noticias\/wp-content\/uploads\/2022\/10\/missa_19_06-150x100.jpg 150w\" sizes=\"(max-width: 1280px) 100vw, 1280px\" \/><\/p>\n<p>&#8220;Por isso, nesse tempo bonito da novena de Frei Galv\u00e3o, vamos deixar que a devo\u00e7\u00e3o a ele n\u00e3o seja apenas um ato de piedade, mas que a devo\u00e7\u00e3o em Frei Galv\u00e3o seja tamb\u00e9m a coragem de viver a caridade que em sua \u00e9poca ele viveu&#8221;, observou.<\/p>\n<p>Segundo Pe. Camilo, o Evangelho de Mateus, no cap\u00edtulo 25, vai trazer o grande ensinamento de como ser\u00e1 o nosso julgamento. &#8220;As pessoas ficam com medo quando se fala do dia do julgamento. O Evangelho de hoje mesmo diz: sejam vigilantes. Nesta noite Deus poder\u00e1 te visitar e como voc\u00ea est\u00e1? No teu cora\u00e7\u00e3o existe bondade, caridade, compaix\u00e3o? Voc\u00ea tem como Frei Galv\u00e3o m\u00e3os e p\u00e9s a servi\u00e7o do irm\u00e3o? Ou o teu cora\u00e7\u00e3o \u00e9 um pouco ego\u00edsta, um cora\u00e7\u00e3o que guarda m\u00e1goas, um cora\u00e7\u00e3o que \u00e9 indiferente, um cora\u00e7\u00e3o que \u00e9 ambicioso, orgulhoso? Se Deus hoje se coloca diante do seu cora\u00e7\u00e3o, ele encontra caridade dentro de voc\u00ea? Se ele encontra, que alegria, porque ouviremos do Senhor: Vinde, benditos de meu pai, eu tive fome e voc\u00eas me deram de comer; eu tive sede e voc\u00eas me deram de beber; eu estava preso e voc\u00eas foram me visitar; eu era peregrino e voc\u00eas me acolheram em casa; eu estava doente, e cuidaste de mim&#8221;, questionou.<\/p>\n<p>Para Pe. Camilo, n\u00e3o s\u00e3o as nossas belas ora\u00e7\u00f5es, n\u00e3o s\u00e3o as roupas que usamos e os s\u00edmbolos religiosos que carregamos, n\u00e3o s\u00e3o os bonitos hinos que entoamos que v\u00e3o nos dizer que lugar estaremos diante do Cordeiro quando o Senhor perguntar: como foi a justi\u00e7a e a caridade na sua vida?<\/p>\n<p>&#8220;Ningu\u00e9m ser\u00e1 medido pelas grandes rezas que fez. N\u00f3s seremos julgados pela caridade que pautou nossa vida nessa terra. Vinde benditos porque eu sofria no pobre e a tua caridade o confortou, deu a ele esperan\u00e7a, deu a ele dignidade. A caridade devolve para o ser humano a vida, porque maior que a fome de p\u00e3o, maior que a sede da \u00e1gua, a fome que n\u00f3s todos temos \u00e9 a fome de vida e apenas o amor alimenta a vida, porque quem ama se compromete com a vida do outro&#8221;, frisou.<\/p>\n<p><img loading=\"lazy\" class=\"alignnone size-full wp-image-240357\" src=\"https:\/\/franciscanos.org.br\/noticias\/wp-content\/uploads\/2022\/10\/misa_1901.jpg\" alt=\"\" width=\"1280\" height=\"853\" srcset=\"https:\/\/franciscanos.org.br\/noticias\/wp-content\/uploads\/2022\/10\/misa_1901.jpg 1280w, https:\/\/franciscanos.org.br\/noticias\/wp-content\/uploads\/2022\/10\/misa_1901-450x300.jpg 450w, https:\/\/franciscanos.org.br\/noticias\/wp-content\/uploads\/2022\/10\/misa_1901-1024x682.jpg 1024w, https:\/\/franciscanos.org.br\/noticias\/wp-content\/uploads\/2022\/10\/misa_1901-768x512.jpg 768w, https:\/\/franciscanos.org.br\/noticias\/wp-content\/uploads\/2022\/10\/misa_1901-150x100.jpg 150w\" sizes=\"(max-width: 1280px) 100vw, 1280px\" \/><\/p>\n<p>&#8220;Hoje, no mundo, marcado por tantas indiferen\u00e7as, n\u00f3s compreendemos que o oposto do amor n\u00e3o \u00e9 o \u00f3dio, mas o oposto do amor \u00e9 a indiferen\u00e7a, quando o sofrimento das pessoas n\u00e3o tocamn mais o meu cora\u00e7\u00e3o, quando a dor do outro n\u00e3o atinge mais a minha alma. E eu, que sou devoto de Frei Galv\u00e3o e passo diante de quem est\u00e1 sofrendo, e em vez de cruzar os bra\u00e7os e fingir que n\u00e3o o vejo, fazer como aquele homem fez, aproximar, perguntar o nome, apertar a m\u00e3o e oferecer amor. Vinde benditos de meu Pai porque eu estava sozinho e voc\u00ea foi presen\u00e7a de amor na minha vida&#8221;, refor\u00e7ou.<\/p>\n<p>Por isso, Frei Galv\u00e3o \u00e9 administrador fiel da caridade, porque ele compreendeu que, para anunciar o Evangelho, para falar do reino de Deus para as pessoas, eu n\u00e3o posso fazer promessas de coisas que acontecer\u00e3o num tempo que ainda n\u00e3o sei. Eu preciso dar amor no agora da vida. Porque \u00e9 o amor que faz com que a gente caminhe com esperan\u00e7a. O amor nos d\u00e1 esperan\u00e7a&#8221;, concluiu, pedindo: &#8220;Vivamos tamb\u00e9m a bonita caridade que Frei Galv\u00e3o viveu. Por isso, ao olhar para o Frei Galv\u00e3o, eu enxergo muito de S\u00e3o Francisco de Assis. Todos os franciscanos se encantam por aquele homem que tinha tudo, mas que deixou tudo para se fazer na vida de todos a grandeza daquilo que o ladr\u00e3o n\u00e3o rouba e a tra\u00e7a n\u00e3o corr\u00f3i: o tesouro do amor&#8221;.<\/p>\n<p><img loading=\"lazy\" class=\"alignnone size-full wp-image-240344\" src=\"https:\/\/franciscanos.org.br\/noticias\/wp-content\/uploads\/2022\/10\/novena_19_4.jpg\" alt=\"\" width=\"1280\" height=\"853\" srcset=\"https:\/\/franciscanos.org.br\/noticias\/wp-content\/uploads\/2022\/10\/novena_19_4.jpg 1280w, https:\/\/franciscanos.org.br\/noticias\/wp-content\/uploads\/2022\/10\/novena_19_4-450x300.jpg 450w, https:\/\/franciscanos.org.br\/noticias\/wp-content\/uploads\/2022\/10\/novena_19_4-1024x682.jpg 1024w, https:\/\/franciscanos.org.br\/noticias\/wp-content\/uploads\/2022\/10\/novena_19_4-768x512.jpg 768w, https:\/\/franciscanos.org.br\/noticias\/wp-content\/uploads\/2022\/10\/novena_19_4-150x100.jpg 150w\" sizes=\"(max-width: 1280px) 100vw, 1280px\" \/><\/p>\n<p><strong>\u00a0<\/strong><strong>PRIMEIRA MISSA DA NOVENA <\/strong><\/p>\n<p><strong>Frei Galv\u00e3o, Um homem totalmente apaixonado por Deus<\/strong><\/p>\n<p>A primeira Missa do quarto dia de Novena em prepara\u00e7\u00e3o \u00e0 Festa de Frei Galv\u00e3o, no Santu\u00e1rio Frei Galv\u00e3o, em Guaratinguet\u00e1 (SP), teve na presid\u00eancia Padre Halan de Melo, do Santu\u00e1rio Pai das Miseric\u00f3rdias, da Can\u00e7\u00e3o Nova, \u00e0s 15h, destacando o tema do dia: \u201cFrei Galv\u00e3o, Administrador Fiel da Caridade\u201d.<\/p>\n<p>Como vig\u00e1rio da Fraternidade do Santu\u00e1rio, Frei Leandro Costa Santos concelebrou e acolheu Pe. Halan e a todos os fi\u00e9is devotos do primeiro santo brasileiro.<\/p>\n<p>Pe. Halan, ao iniciar a sua reflex\u00e3o, lembrou que o tema da Novena est\u00e1 em sintonia com a liturgia da Palavra: o Evangelho de hoje aborda a par\u00e1bola do administrador que \u00e9 chamado a ser fiel a Deus. &#8220;Esse administrador que Frei Galv\u00e3o foi como homem de Deus, como homem que tinha o seu cora\u00e7\u00e3o totalmente apaixonado por Deus&#8221;, disse o celebrante.<\/p>\n\n\t\t<style type=\"text\/css\">\n\t\t\t#gallery-2 {\n\t\t\t\tmargin: auto;\n\t\t\t}\n\t\t\t#gallery-2 .gallery-item {\n\t\t\t\tfloat: left;\n\t\t\t\tmargin-top: 10px;\n\t\t\t\ttext-align: center;\n\t\t\t\twidth: 11%;\n\t\t\t}\n\t\t\t#gallery-2 img {\n\t\t\t\tborder: 2px solid #cfcfcf;\n\t\t\t}\n\t\t\t#gallery-2 .gallery-caption {\n\t\t\t\tmargin-left: 0;\n\t\t\t}\n\t\t\t\/* see gallery_shortcode() in wp-includes\/media.php *\/\n\t\t<\/style>\n\t\t<div id='gallery-2' class='gallery galleryid-240333 gallery-columns-9 gallery-size-thumbnail'><dl class='gallery-item'>\n\t\t\t<dt class='gallery-icon landscape'>\n\t\t\t\t<a href='https:\/\/franciscanos.org.br\/noticias\/wp-content\/uploads\/2022\/10\/novena_19_9.jpg'><img width=\"300\" height=\"300\" src=\"https:\/\/franciscanos.org.br\/noticias\/wp-content\/uploads\/2022\/10\/novena_19_9-300x300.jpg\" class=\"attachment-thumbnail size-thumbnail\" alt=\"\" loading=\"lazy\" srcset=\"https:\/\/franciscanos.org.br\/noticias\/wp-content\/uploads\/2022\/10\/novena_19_9-300x300.jpg 300w, https:\/\/franciscanos.org.br\/noticias\/wp-content\/uploads\/2022\/10\/novena_19_9-100x100.jpg 100w\" sizes=\"(max-width: 300px) 100vw, 300px\" \/><\/a>\n\t\t\t<\/dt><\/dl><dl class='gallery-item'>\n\t\t\t<dt class='gallery-icon landscape'>\n\t\t\t\t<a href='https:\/\/franciscanos.org.br\/noticias\/wp-content\/uploads\/2022\/10\/novena_19_8.jpg'><img width=\"300\" height=\"300\" src=\"https:\/\/franciscanos.org.br\/noticias\/wp-content\/uploads\/2022\/10\/novena_19_8-300x300.jpg\" class=\"attachment-thumbnail size-thumbnail\" alt=\"\" loading=\"lazy\" srcset=\"https:\/\/franciscanos.org.br\/noticias\/wp-content\/uploads\/2022\/10\/novena_19_8-300x300.jpg 300w, https:\/\/franciscanos.org.br\/noticias\/wp-content\/uploads\/2022\/10\/novena_19_8-100x100.jpg 100w\" sizes=\"(max-width: 300px) 100vw, 300px\" \/><\/a>\n\t\t\t<\/dt><\/dl><dl class='gallery-item'>\n\t\t\t<dt class='gallery-icon landscape'>\n\t\t\t\t<a href='https:\/\/franciscanos.org.br\/noticias\/wp-content\/uploads\/2022\/10\/novena_19_7.jpg'><img width=\"300\" height=\"300\" src=\"https:\/\/franciscanos.org.br\/noticias\/wp-content\/uploads\/2022\/10\/novena_19_7-300x300.jpg\" class=\"attachment-thumbnail size-thumbnail\" alt=\"\" loading=\"lazy\" srcset=\"https:\/\/franciscanos.org.br\/noticias\/wp-content\/uploads\/2022\/10\/novena_19_7-300x300.jpg 300w, https:\/\/franciscanos.org.br\/noticias\/wp-content\/uploads\/2022\/10\/novena_19_7-100x100.jpg 100w\" sizes=\"(max-width: 300px) 100vw, 300px\" \/><\/a>\n\t\t\t<\/dt><\/dl><dl class='gallery-item'>\n\t\t\t<dt class='gallery-icon landscape'>\n\t\t\t\t<a href='https:\/\/franciscanos.org.br\/noticias\/wp-content\/uploads\/2022\/10\/novena_19_6.jpg'><img width=\"300\" height=\"300\" src=\"https:\/\/franciscanos.org.br\/noticias\/wp-content\/uploads\/2022\/10\/novena_19_6-300x300.jpg\" class=\"attachment-thumbnail size-thumbnail\" alt=\"\" loading=\"lazy\" srcset=\"https:\/\/franciscanos.org.br\/noticias\/wp-content\/uploads\/2022\/10\/novena_19_6-300x300.jpg 300w, https:\/\/franciscanos.org.br\/noticias\/wp-content\/uploads\/2022\/10\/novena_19_6-100x100.jpg 100w\" sizes=\"(max-width: 300px) 100vw, 300px\" \/><\/a>\n\t\t\t<\/dt><\/dl><dl class='gallery-item'>\n\t\t\t<dt class='gallery-icon landscape'>\n\t\t\t\t<a href='https:\/\/franciscanos.org.br\/noticias\/wp-content\/uploads\/2022\/10\/novena_19_5.jpg'><img width=\"300\" height=\"300\" src=\"https:\/\/franciscanos.org.br\/noticias\/wp-content\/uploads\/2022\/10\/novena_19_5-300x300.jpg\" class=\"attachment-thumbnail size-thumbnail\" alt=\"\" loading=\"lazy\" srcset=\"https:\/\/franciscanos.org.br\/noticias\/wp-content\/uploads\/2022\/10\/novena_19_5-300x300.jpg 300w, https:\/\/franciscanos.org.br\/noticias\/wp-content\/uploads\/2022\/10\/novena_19_5-100x100.jpg 100w\" sizes=\"(max-width: 300px) 100vw, 300px\" \/><\/a>\n\t\t\t<\/dt><\/dl><dl class='gallery-item'>\n\t\t\t<dt class='gallery-icon landscape'>\n\t\t\t\t<a href='https:\/\/franciscanos.org.br\/noticias\/wp-content\/uploads\/2022\/10\/novena_19_3.jpg'><img width=\"300\" height=\"300\" src=\"https:\/\/franciscanos.org.br\/noticias\/wp-content\/uploads\/2022\/10\/novena_19_3-300x300.jpg\" class=\"attachment-thumbnail size-thumbnail\" alt=\"\" loading=\"lazy\" srcset=\"https:\/\/franciscanos.org.br\/noticias\/wp-content\/uploads\/2022\/10\/novena_19_3-300x300.jpg 300w, https:\/\/franciscanos.org.br\/noticias\/wp-content\/uploads\/2022\/10\/novena_19_3-100x100.jpg 100w\" sizes=\"(max-width: 300px) 100vw, 300px\" \/><\/a>\n\t\t\t<\/dt><\/dl><dl class='gallery-item'>\n\t\t\t<dt class='gallery-icon landscape'>\n\t\t\t\t<a href='https:\/\/franciscanos.org.br\/noticias\/wp-content\/uploads\/2022\/10\/novena_19_2.jpg'><img width=\"300\" height=\"300\" src=\"https:\/\/franciscanos.org.br\/noticias\/wp-content\/uploads\/2022\/10\/novena_19_2-300x300.jpg\" class=\"attachment-thumbnail size-thumbnail\" alt=\"\" loading=\"lazy\" srcset=\"https:\/\/franciscanos.org.br\/noticias\/wp-content\/uploads\/2022\/10\/novena_19_2-300x300.jpg 300w, https:\/\/franciscanos.org.br\/noticias\/wp-content\/uploads\/2022\/10\/novena_19_2-100x100.jpg 100w\" sizes=\"(max-width: 300px) 100vw, 300px\" \/><\/a>\n\t\t\t<\/dt><\/dl><dl class='gallery-item'>\n\t\t\t<dt class='gallery-icon landscape'>\n\t\t\t\t<a href='https:\/\/franciscanos.org.br\/noticias\/wp-content\/uploads\/2022\/10\/novena_19_1.jpg'><img width=\"300\" height=\"300\" src=\"https:\/\/franciscanos.org.br\/noticias\/wp-content\/uploads\/2022\/10\/novena_19_1-300x300.jpg\" class=\"attachment-thumbnail size-thumbnail\" alt=\"\" loading=\"lazy\" srcset=\"https:\/\/franciscanos.org.br\/noticias\/wp-content\/uploads\/2022\/10\/novena_19_1-300x300.jpg 300w, https:\/\/franciscanos.org.br\/noticias\/wp-content\/uploads\/2022\/10\/novena_19_1-100x100.jpg 100w\" sizes=\"(max-width: 300px) 100vw, 300px\" \/><\/a>\n\t\t\t<\/dt><\/dl><dl class='gallery-item'>\n\t\t\t<dt class='gallery-icon landscape'>\n\t\t\t\t<a href='https:\/\/franciscanos.org.br\/noticias\/wp-content\/uploads\/2022\/10\/novena_19.jpg'><img width=\"300\" height=\"300\" src=\"https:\/\/franciscanos.org.br\/noticias\/wp-content\/uploads\/2022\/10\/novena_19-300x300.jpg\" class=\"attachment-thumbnail size-thumbnail\" alt=\"\" loading=\"lazy\" srcset=\"https:\/\/franciscanos.org.br\/noticias\/wp-content\/uploads\/2022\/10\/novena_19-300x300.jpg 300w, https:\/\/franciscanos.org.br\/noticias\/wp-content\/uploads\/2022\/10\/novena_19-100x100.jpg 100w\" sizes=\"(max-width: 300px) 100vw, 300px\" \/><\/a>\n\t\t\t<\/dt><\/dl><br style=\"clear: both\" \/>\n\t\t<\/div>\n\n<p><em> \u00a0 \u00a0(toque nas imagens menores para ampli\u00e1-las)<\/em><\/p>\n<p>&#8220;Veja que bonito n\u00f3s ouvimos na primeira leitura: o nosso Deus \u00e9 Deus pr\u00f3ximo de n\u00f3s. Este Deus que outrora era um Deus invis\u00edvel, que se fez vis\u00edvel em Jesus Cristo e que veio habitar o nosso meio, que veio morar conosco, que veio montar a sua tenda em meio a n\u00f3s para se mostrar como um Deus acess\u00edvel. Agora em Cristo Jesus, n\u00f3s temos acesso ao cora\u00e7\u00e3o de Deus. E n\u00e3o somente acesso ao cora\u00e7\u00e3o de Deus. N\u00f3s, em Cristo Jesus, nos tornamos herdeiros do c\u00e9u que Deus tem para n\u00f3s. Por isso que esse Deus que \u00e9 acess\u00edvel, ele comunica o c\u00e9u para n\u00f3s&#8221;, refletiu Pe. Halan.<\/p>\n<p>Segundo ele, essa \u00e9 a cardade crist\u00e3. &#8220;O pr\u00f3prio Cristo, que n\u00e3o faz caridade, mas ele \u00e9 a pr\u00f3pria caridade, ele se faz pr\u00f3ximo de n\u00f3s, ele vem de encontro \u00e0 nossa indig\u00eancia, \u00e0 nossa pequenez, \u00e0 nossa fraqueza, \u00e0 nossa mis\u00e9ria. Ele veio pr\u00f3ximo de n\u00f3s, estende a m\u00e3o para n\u00f3s, devolve a n\u00f3s a nossa dignidade, mostrando que somos filhos de Deus&#8221;, disse.<\/p>\n<p>Para Pe. Halan, a caridade crist\u00e3 \u00e9 esse movimento de transbordar do nosso cora\u00e7\u00e3o, de aproximar-se do outro para mostr\u00e1-lo o quanto Deus o ama, para mostrar o quanto Deus \u00e9 amado. &#8220;\u00c9 isso que n\u00f3s contemplamos em Frei Galv\u00e3o, como grande administrador da caridade, homem fiel a Deus. Ele fez a experi\u00eancia do amor de Deus na sua vida, se aproximava como um bom franciscano dos pobres, dos enfermos, para mostrar a eles o quanto eram amados por Deus. O administrador \u00e9 aquele que revela o segredo do patr\u00e3o. N\u00f3s como administradores de Deus, dos dons, dos benef\u00edcios que Deus nos deu, n\u00f3s aprendemos com Frei Galv\u00e3o, como administrador da caridade, que devemos transbordar, revelar o mist\u00e9rio de Deus para aqueles que est\u00e3o ao nosso redor, para aqueles que convivem conosco, para os mais necessitados, para os pobres&#8221;, ensinou.<\/p>\n<p>&#8220;Por isso quanto mais n\u00f3s amamos e somos devotos de um santo, mais pr\u00f3ximos a Deus n\u00f3s estamos. Porque os santos n\u00e3o se revelam a si mesmos, os santos revelam Deus. Por isso Frei Galv\u00e3o foi um administrador fiel da caridade. Um administrador fiel do amor misericordioso, bondoso, de Deus&#8221;, frisou.<\/p>\n<p><img loading=\"lazy\" class=\"alignnone size-full wp-image-240354\" src=\"https:\/\/franciscanos.org.br\/noticias\/wp-content\/uploads\/2022\/10\/novena_19_12.jpg\" alt=\"\" width=\"1280\" height=\"853\" srcset=\"https:\/\/franciscanos.org.br\/noticias\/wp-content\/uploads\/2022\/10\/novena_19_12.jpg 1280w, https:\/\/franciscanos.org.br\/noticias\/wp-content\/uploads\/2022\/10\/novena_19_12-450x300.jpg 450w, https:\/\/franciscanos.org.br\/noticias\/wp-content\/uploads\/2022\/10\/novena_19_12-1024x682.jpg 1024w, https:\/\/franciscanos.org.br\/noticias\/wp-content\/uploads\/2022\/10\/novena_19_12-768x512.jpg 768w, https:\/\/franciscanos.org.br\/noticias\/wp-content\/uploads\/2022\/10\/novena_19_12-150x100.jpg 150w\" sizes=\"(max-width: 1280px) 100vw, 1280px\" \/><\/p>\n<p>Segundo o celebrante, o primeiro aprendizado desta liturgia nessa tarde \u00e9 reconhecer o Deus pr\u00f3ximo de n\u00f3s. &#8220;Ele se aproximou e, ao se aproximar de cada um de n\u00f3s, com seu amor, com sua bondade, com sua miseric\u00f3rdia, continua nos aproximando de n\u00f3s atrav\u00e9s do cuidado dos santos porque eles est\u00e3o \u00e0 nossa disposi\u00e7\u00e3o para cuidar de n\u00f3s, para receber de n\u00f3s as nossas preces e levar ao Pai&#8221;, indicou.<\/p>\n<p>&#8220;E n\u00f3s aprendemos que a caridade crist\u00e3 \u00e9 esse movimento de sair de n\u00f3s mesmos para se aproximar do outro, para mostr\u00e1-lo o quanto ele \u00e9 amado por Deus. O amor de Deus, o rosto de Deus revelado na pessoa de Cristo, continua sendo revelado no rosto de cada um de n\u00f3s.<\/p>\n<p>Pelos nossos gestos, pela nossa gratuidade, pela nossa generosidade, pela nossa solidariedade, pela vida nossa que vai transbordando, pela vida nossa que vai comunicando o que n\u00f3 recebemos de Deus&#8221;.<\/p>\n<p>Mas Pe. Halan lembra que n\u00e3o podemos ter o cora\u00e7\u00e3o aberto para Deus e os olhos fechados para os irm\u00e3os: &#8220;Vou vigiar e viver somente para Deus, mas esquece do pr\u00f3ximo&#8221;. Segundo ele, a verdadeira religi\u00e3o agrad\u00e1vel a Deus, que os santos viveram, foi uma religi\u00e3o que o cora\u00e7\u00e3o \u00e9 voltado para Deus, mas pisando nesta terra, ela \u00e9 orientada pelos valores do Evangelho: bondade, miseric\u00f3rdia, caridade, generosidade, solidariedade e justi\u00e7a.<\/p>\n<p><img loading=\"lazy\" class=\"alignnone size-full wp-image-240355\" src=\"https:\/\/franciscanos.org.br\/noticias\/wp-content\/uploads\/2022\/10\/novena_19_11.jpg\" alt=\"\" width=\"1280\" height=\"853\" srcset=\"https:\/\/franciscanos.org.br\/noticias\/wp-content\/uploads\/2022\/10\/novena_19_11.jpg 1280w, https:\/\/franciscanos.org.br\/noticias\/wp-content\/uploads\/2022\/10\/novena_19_11-450x300.jpg 450w, https:\/\/franciscanos.org.br\/noticias\/wp-content\/uploads\/2022\/10\/novena_19_11-1024x682.jpg 1024w, https:\/\/franciscanos.org.br\/noticias\/wp-content\/uploads\/2022\/10\/novena_19_11-768x512.jpg 768w, https:\/\/franciscanos.org.br\/noticias\/wp-content\/uploads\/2022\/10\/novena_19_11-150x100.jpg 150w\" sizes=\"(max-width: 1280px) 100vw, 1280px\" \/><\/p>\n<p>&#8220;\u00c9 isso que contemplamos em Frei Galv\u00e3o. Creio que voc\u00eas conhecem melhor do que eu a hist\u00f3ria e a vida dele, mas sem d\u00favida n\u00f3s reconhecemos um homem totalmente apaixonado por Deus, porque aprendeu com S\u00e3o Francisco ter um cora\u00e7\u00e3o enamorado pelo criador de todas as coisas. Ter um cora\u00e7\u00e3o totalmente atra\u00eddo por Deus, mas um cora\u00e7\u00e3o atra\u00eddo por Deus fez com que sua vida fosse semeando, multiplicando os valores do Evangelho, os crit\u00e9rios do reino de Deus&#8221;, explicou.<\/p>\n<p>&#8220;Nesta tarde, o nosso cora\u00e7\u00e3o se volta para Frei Galv\u00e3o e pedimos que nos ensine a amar a Deus de todo o cora\u00e7\u00e3o&#8221;, completou.<\/p>\n<p><img loading=\"lazy\" class=\"alignnone size-full wp-image-240356\" src=\"https:\/\/franciscanos.org.br\/noticias\/wp-content\/uploads\/2022\/10\/presidio.jpg\" alt=\"\" width=\"1280\" height=\"914\" srcset=\"https:\/\/franciscanos.org.br\/noticias\/wp-content\/uploads\/2022\/10\/presidio.jpg 1280w, https:\/\/franciscanos.org.br\/noticias\/wp-content\/uploads\/2022\/10\/presidio-450x321.jpg 450w, https:\/\/franciscanos.org.br\/noticias\/wp-content\/uploads\/2022\/10\/presidio-1024x731.jpg 1024w, https:\/\/franciscanos.org.br\/noticias\/wp-content\/uploads\/2022\/10\/presidio-768x548.jpg 768w, https:\/\/franciscanos.org.br\/noticias\/wp-content\/uploads\/2022\/10\/presidio-150x107.jpg 150w\" sizes=\"(max-width: 1280px) 100vw, 1280px\" \/><\/p>\n<p><strong>VISITA AO PRES\u00cdDIO<\/strong><\/p>\n<p>Hoje, dia 19, as atividades da Semana Mission\u00e1ria tiveram continuidade durante a Festa de Frei Galv\u00e3o. A visita foi ao ao Pres\u00eddio P1 de Potim. Levando uma mensagem de paz e conforto, os mission\u00e1rios manifestaram a pessoa de Jesus Cristo presente na vida de Frei Galv\u00e3o.<\/p>\n<p><strong>PROGRAMA\u00c7\u00c3O<\/strong><\/p>\n<p><strong>20 de outubro \u2013 Quinta-feira (Gesto concreto: P\u00f3 de caf\u00e9)<\/strong><\/p>\n<p>07h00 \u2013 Missa<br \/>\n09h00 \u2013 Miss\u00e3o: Visita ao Pres\u00eddio P2 de Potim<br \/>\n15h00 \u2013 Missa do 5\u00b0 dia da Novena \u2013 Tema: \u201cFrei Galv\u00e3o, Servo de Deus inflamado pela F\u00e9\u201d.<br \/>\n19h30 \u2013 Missa do 5\u00b0 dia da Novena \u2013 Tema: \u201cFrei Galv\u00e3o, Servo de Deus inflamado pela F\u00e9\u201d.<br \/>\n19h00 \u2013 Barraquinhas de Doces e Salgados<br \/>\n21h00 \u2013 Show com Davi Sanfoneiro<\/p>\n<hr \/>\n<p><em>Equipe de Comunica\u00e7\u00e3o do Santu\u00e1rio Frei Falv\u00e3o<\/em><\/p>\n<p>&nbsp;<\/p>\n<p>Festa de Frei Galv\u00e3o 2022<\/p>\n","protected":false},"excerpt":{"rendered":"<p>Quarto dia da Novena de Frei Galv\u00e3o<\/p>\n","protected":false},"author":3,"featured_media":240334,"comment_status":"open","ping_status":"open","sticky":false,"template":"","format":"standard","meta":[],"categories":[1],"tags":[2067],"acf":[],"yoast_head":"<!-- This site is optimized with the Yoast SEO plugin v19.2 - https:\/\/yoast.com\/wordpress\/plugins\/seo\/ -->\n<title>Pe. Luiz Camilo: \u00c9 o amor que faz com que a gente caminhe com esperan\u00e7a - Not\u00edcias - Franciscanos<\/title>\n<meta name=\"robots\" content=\"index, follow, max-snippet:-1, max-image-preview:large, max-video-preview:-1\" \/>\n<link rel=\"canonical\" href=\"https:\/\/franciscanos.org.br\/noticias\/pe-luiz-camilo-e-o-amor-que-faz-com-que-a-gente-caminhe-com-esperanca.html\" \/>\n<meta property=\"og:locale\" content=\"pt_BR\" \/>\n<meta property=\"og:type\" content=\"article\" \/>\n<meta property=\"og:title\" content=\"Pe. Luiz Camilo: \u00c9 o amor que faz com que a gente caminhe com esperan\u00e7a - Not\u00edcias - Franciscanos\" \/>\n<meta property=\"og:description\" content=\"Quarto dia da Novena de Frei Galv\u00e3o\" \/>\n<meta property=\"og:url\" content=\"https:\/\/franciscanos.org.br\/noticias\/pe-luiz-camilo-e-o-amor-que-faz-com-que-a-gente-caminhe-com-esperanca.html\" \/>\n<meta property=\"og:site_name\" content=\"Not\u00edcias - Franciscanos\" \/>\n<meta property=\"article:published_time\" content=\"2022-10-20T01:59:18+00:00\" \/>\n<meta property=\"og:image\" content=\"https:\/\/franciscanos.org.br\/noticias\/wp-content\/uploads\/2022\/10\/abre_01.jpg\" \/>\n\t<meta property=\"og:image:width\" content=\"1280\" \/>\n\t<meta property=\"og:image:height\" content=\"720\" \/>\n\t<meta property=\"og:image:type\" content=\"image\/jpeg\" \/>\n<meta name=\"author\" content=\"moacir\" \/>\n<meta name=\"twitter:card\" content=\"summary_large_image\" \/>\n<meta name=\"twitter:label1\" content=\"Escrito por\" \/>\n\t<meta name=\"twitter:data1\" content=\"moacir\" \/>\n\t<meta name=\"twitter:label2\" content=\"Est. tempo de leitura\" \/>\n\t<meta name=\"twitter:data2\" content=\"14 minutos\" \/>\n<script type=\"application\/ld+json\" class=\"yoast-schema-graph\">{\"@context\":\"https:\/\/schema.org\",\"@graph\":[{\"@type\":\"WebSite\",\"@id\":\"https:\/\/franciscanos.org.br\/noticias\/#website\",\"url\":\"https:\/\/franciscanos.org.br\/noticias\/\",\"name\":\"Not\u00edcias - Franciscanos\",\"description\":\"Prov\u00edncia Franciscana da Imaculada Concei\u00e7\u00e3o do Brasil - Ordem dos Frades Menores - OFM\",\"potentialAction\":[{\"@type\":\"SearchAction\",\"target\":{\"@type\":\"EntryPoint\",\"urlTemplate\":\"https:\/\/franciscanos.org.br\/noticias\/?s={search_term_string}\"},\"query-input\":\"required name=search_term_string\"}],\"inLanguage\":\"pt-BR\"},{\"@type\":\"ImageObject\",\"inLanguage\":\"pt-BR\",\"@id\":\"https:\/\/franciscanos.org.br\/noticias\/pe-luiz-camilo-e-o-amor-que-faz-com-que-a-gente-caminhe-com-esperanca.html#primaryimage\",\"url\":\"https:\/\/franciscanos.org.br\/noticias\/wp-content\/uploads\/2022\/10\/abre_01.jpg\",\"contentUrl\":\"https:\/\/franciscanos.org.br\/noticias\/wp-content\/uploads\/2022\/10\/abre_01.jpg\",\"width\":1280,\"height\":720},{\"@type\":\"WebPage\",\"@id\":\"https:\/\/franciscanos.org.br\/noticias\/pe-luiz-camilo-e-o-amor-que-faz-com-que-a-gente-caminhe-com-esperanca.html#webpage\",\"url\":\"https:\/\/franciscanos.org.br\/noticias\/pe-luiz-camilo-e-o-amor-que-faz-com-que-a-gente-caminhe-com-esperanca.html\",\"name\":\"Pe. Luiz Camilo: \u00c9 o amor que faz com que a gente caminhe com esperan\u00e7a - Not\u00edcias - Franciscanos\",\"isPartOf\":{\"@id\":\"https:\/\/franciscanos.org.br\/noticias\/#website\"},\"primaryImageOfPage\":{\"@id\":\"https:\/\/franciscanos.org.br\/noticias\/pe-luiz-camilo-e-o-amor-que-faz-com-que-a-gente-caminhe-com-esperanca.html#primaryimage\"},\"datePublished\":\"2022-10-20T01:59:18+00:00\",\"dateModified\":\"2022-10-20T01:59:18+00:00\",\"author\":{\"@id\":\"https:\/\/franciscanos.org.br\/noticias\/#\/schema\/person\/b5c8cba458c330ccff548b056e95a5d4\"},\"breadcrumb\":{\"@id\":\"https:\/\/franciscanos.org.br\/noticias\/pe-luiz-camilo-e-o-amor-que-faz-com-que-a-gente-caminhe-com-esperanca.html#breadcrumb\"},\"inLanguage\":\"pt-BR\",\"potentialAction\":[{\"@type\":\"ReadAction\",\"target\":[\"https:\/\/franciscanos.org.br\/noticias\/pe-luiz-camilo-e-o-amor-que-faz-com-que-a-gente-caminhe-com-esperanca.html\"]}]},{\"@type\":\"BreadcrumbList\",\"@id\":\"https:\/\/franciscanos.org.br\/noticias\/pe-luiz-camilo-e-o-amor-que-faz-com-que-a-gente-caminhe-com-esperanca.html#breadcrumb\",\"itemListElement\":[{\"@type\":\"ListItem\",\"position\":1,\"name\":\"Home\",\"item\":\"https:\/\/franciscanos.org.br\/noticias\"},{\"@type\":\"ListItem\",\"position\":2,\"name\":\"Pe. Luiz Camilo: \u00c9 o amor que faz com que a gente caminhe com esperan\u00e7a\"}]},{\"@type\":\"Person\",\"@id\":\"https:\/\/franciscanos.org.br\/noticias\/#\/schema\/person\/b5c8cba458c330ccff548b056e95a5d4\",\"name\":\"moacir\",\"image\":{\"@type\":\"ImageObject\",\"inLanguage\":\"pt-BR\",\"@id\":\"https:\/\/franciscanos.org.br\/noticias\/#\/schema\/person\/image\/\",\"url\":\"https:\/\/secure.gravatar.com\/avatar\/d08aa2ce4c8dd416d4479aa8536fcf64?s=96&d=mm&r=g\",\"contentUrl\":\"https:\/\/secure.gravatar.com\/avatar\/d08aa2ce4c8dd416d4479aa8536fcf64?s=96&d=mm&r=g\",\"caption\":\"moacir\"},\"url\":\"https:\/\/franciscanos.org.br\/noticias\/author\/moacir\"}]}<\/script>\n<!-- \/ Yoast SEO plugin. -->","yoast_head_json":{"title":"Pe. Luiz Camilo: \u00c9 o amor que faz com que a gente caminhe com esperan\u00e7a - Not\u00edcias - Franciscanos","robots":{"index":"index","follow":"follow","max-snippet":"max-snippet:-1","max-image-preview":"max-image-preview:large","max-video-preview":"max-video-preview:-1"},"canonical":"https:\/\/franciscanos.org.br\/noticias\/pe-luiz-camilo-e-o-amor-que-faz-com-que-a-gente-caminhe-com-esperanca.html","og_locale":"pt_BR","og_type":"article","og_title":"Pe. Luiz Camilo: \u00c9 o amor que faz com que a gente caminhe com esperan\u00e7a - Not\u00edcias - Franciscanos","og_description":"Quarto dia da Novena de Frei Galv\u00e3o","og_url":"https:\/\/franciscanos.org.br\/noticias\/pe-luiz-camilo-e-o-amor-que-faz-com-que-a-gente-caminhe-com-esperanca.html","og_site_name":"Not\u00edcias - Franciscanos","article_published_time":"2022-10-20T01:59:18+00:00","og_image":[{"width":1280,"height":720,"url":"https:\/\/franciscanos.org.br\/noticias\/wp-content\/uploads\/2022\/10\/abre_01.jpg","type":"image\/jpeg"}],"author":"moacir","twitter_card":"summary_large_image","twitter_misc":{"Escrito por":"moacir","Est. tempo de leitura":"14 minutos"},"schema":{"@context":"https:\/\/schema.org","@graph":[{"@type":"WebSite","@id":"https:\/\/franciscanos.org.br\/noticias\/#website","url":"https:\/\/franciscanos.org.br\/noticias\/","name":"Not\u00edcias - Franciscanos","description":"Prov\u00edncia Franciscana da Imaculada Concei\u00e7\u00e3o do Brasil - Ordem dos Frades Menores - OFM","potentialAction":[{"@type":"SearchAction","target":{"@type":"EntryPoint","urlTemplate":"https:\/\/franciscanos.org.br\/noticias\/?s={search_term_string}"},"query-input":"required name=search_term_string"}],"inLanguage":"pt-BR"},{"@type":"ImageObject","inLanguage":"pt-BR","@id":"https:\/\/franciscanos.org.br\/noticias\/pe-luiz-camilo-e-o-amor-que-faz-com-que-a-gente-caminhe-com-esperanca.html#primaryimage","url":"https:\/\/franciscanos.org.br\/noticias\/wp-content\/uploads\/2022\/10\/abre_01.jpg","contentUrl":"https:\/\/franciscanos.org.br\/noticias\/wp-content\/uploads\/2022\/10\/abre_01.jpg","width":1280,"height":720},{"@type":"WebPage","@id":"https:\/\/franciscanos.org.br\/noticias\/pe-luiz-camilo-e-o-amor-que-faz-com-que-a-gente-caminhe-com-esperanca.html#webpage","url":"https:\/\/franciscanos.org.br\/noticias\/pe-luiz-camilo-e-o-amor-que-faz-com-que-a-gente-caminhe-com-esperanca.html","name":"Pe. Luiz Camilo: \u00c9 o amor que faz com que a gente caminhe com esperan\u00e7a - Not\u00edcias - Franciscanos","isPartOf":{"@id":"https:\/\/franciscanos.org.br\/noticias\/#website"},"primaryImageOfPage":{"@id":"https:\/\/franciscanos.org.br\/noticias\/pe-luiz-camilo-e-o-amor-que-faz-com-que-a-gente-caminhe-com-esperanca.html#primaryimage"},"datePublished":"2022-10-20T01:59:18+00:00","dateModified":"2022-10-20T01:59:18+00:00","author":{"@id":"https:\/\/franciscanos.org.br\/noticias\/#\/schema\/person\/b5c8cba458c330ccff548b056e95a5d4"},"breadcrumb":{"@id":"https:\/\/franciscanos.org.br\/noticias\/pe-luiz-camilo-e-o-amor-que-faz-com-que-a-gente-caminhe-com-esperanca.html#breadcrumb"},"inLanguage":"pt-BR","potentialAction":[{"@type":"ReadAction","target":["https:\/\/franciscanos.org.br\/noticias\/pe-luiz-camilo-e-o-amor-que-faz-com-que-a-gente-caminhe-com-esperanca.html"]}]},{"@type":"BreadcrumbList","@id":"https:\/\/franciscanos.org.br\/noticias\/pe-luiz-camilo-e-o-amor-que-faz-com-que-a-gente-caminhe-com-esperanca.html#breadcrumb","itemListElement":[{"@type":"ListItem","position":1,"name":"Home","item":"https:\/\/franciscanos.org.br\/noticias"},{"@type":"ListItem","position":2,"name":"Pe. Luiz Camilo: \u00c9 o amor que faz com que a gente caminhe com esperan\u00e7a"}]},{"@type":"Person","@id":"https:\/\/franciscanos.org.br\/noticias\/#\/schema\/person\/b5c8cba458c330ccff548b056e95a5d4","name":"moacir","image":{"@type":"ImageObject","inLanguage":"pt-BR","@id":"https:\/\/franciscanos.org.br\/noticias\/#\/schema\/person\/image\/","url":"https:\/\/secure.gravatar.com\/avatar\/d08aa2ce4c8dd416d4479aa8536fcf64?s=96&d=mm&r=g","contentUrl":"https:\/\/secure.gravatar.com\/avatar\/d08aa2ce4c8dd416d4479aa8536fcf64?s=96&d=mm&r=g","caption":"moacir"},"url":"https:\/\/franciscanos.org.br\/noticias\/author\/moacir"}]}},"_links":{"self":[{"href":"https:\/\/franciscanos.org.br\/noticias\/wp-json\/wp\/v2\/posts\/240333"}],"collection":[{"href":"https:\/\/franciscanos.org.br\/noticias\/wp-json\/wp\/v2\/posts"}],"about":[{"href":"https:\/\/franciscanos.org.br\/noticias\/wp-json\/wp\/v2\/types\/post"}],"author":[{"embeddable":true,"href":"https:\/\/franciscanos.org.br\/noticias\/wp-json\/wp\/v2\/users\/3"}],"replies":[{"embeddable":true,"href":"https:\/\/franciscanos.org.br\/noticias\/wp-json\/wp\/v2\/comments?post=240333"}],"version-history":[{"count":1,"href":"https:\/\/franciscanos.org.br\/noticias\/wp-json\/wp\/v2\/posts\/240333\/revisions"}],"predecessor-version":[{"id":240358,"href":"https:\/\/franciscanos.org.br\/noticias\/wp-json\/wp\/v2\/posts\/240333\/revisions\/240358"}],"wp:featuredmedia":[{"embeddable":true,"href":"https:\/\/franciscanos.org.br\/noticias\/wp-json\/wp\/v2\/media\/240334"}],"wp:attachment":[{"href":"https:\/\/franciscanos.org.br\/noticias\/wp-json\/wp\/v2\/media?parent=240333"}],"wp:term":[{"taxonomy":"category","embeddable":true,"href":"https:\/\/franciscanos.org.br\/noticias\/wp-json\/wp\/v2\/categories?post=240333"},{"taxonomy":"post_tag","embeddable":true,"href":"https:\/\/franciscanos.org.br\/noticias\/wp-json\/wp\/v2\/tags?post=240333"}],"curies":[{"name":"wp","href":"https:\/\/api.w.org\/{rel}","templated":true}]}}