{"id":240328,"date":"2022-10-19T11:10:23","date_gmt":"2022-10-19T14:10:23","guid":{"rendered":"https:\/\/franciscanos.org.br\/noticias\/?p=240328"},"modified":"2022-10-19T11:12:04","modified_gmt":"2022-10-19T14:12:04","slug":"papa-reler-a-propria-vida-nos-faz-descobrir-os-pequenos-milagres-que-deus-faz-por-nos","status":"publish","type":"post","link":"https:\/\/franciscanos.org.br\/noticias\/papa-reler-a-propria-vida-nos-faz-descobrir-os-pequenos-milagres-que-deus-faz-por-nos.html","title":{"rendered":"Papa: reler a pr\u00f3pria vida nos faz descobrir &#8220;os pequenos milagres&#8221; que Deus faz por n\u00f3s"},"content":{"rendered":"<div id=\"attachment_240329\" style=\"width: 1210px\" class=\"wp-caption alignnone\"><img aria-describedby=\"caption-attachment-240329\" loading=\"lazy\" class=\"wp-image-240329 size-full\" src=\"https:\/\/franciscanos.org.br\/noticias\/wp-content\/uploads\/2022\/10\/audiencia_1910.jpg\" alt=\"\" width=\"1200\" height=\"675\" srcset=\"https:\/\/franciscanos.org.br\/noticias\/wp-content\/uploads\/2022\/10\/audiencia_1910.jpg 1200w, https:\/\/franciscanos.org.br\/noticias\/wp-content\/uploads\/2022\/10\/audiencia_1910-450x253.jpg 450w, https:\/\/franciscanos.org.br\/noticias\/wp-content\/uploads\/2022\/10\/audiencia_1910-1024x576.jpg 1024w, https:\/\/franciscanos.org.br\/noticias\/wp-content\/uploads\/2022\/10\/audiencia_1910-768x432.jpg 768w, https:\/\/franciscanos.org.br\/noticias\/wp-content\/uploads\/2022\/10\/audiencia_1910-150x84.jpg 150w\" sizes=\"(max-width: 1200px) 100vw, 1200px\" \/><p id=\"caption-attachment-240329\" class=\"wp-caption-text\"><em>\u00a0 \u00a0 \u00a0 \u00a0 \u00a0 \u00a0 \u00a0 \u00a0 \u00a0 \u00a0 \u00a0 \u00a0 \u00a0 \u00a0 \u00a0 \u00a0 \u00a0 \u00a0 \u00a0 \u00a0 \u00a0 \u00a0 \u00a0 \u00a0 \u00a0 \u00a0 \u00a0 \u00a0 \u00a0 \u00a0 \u00a0 \u00a0 \u00a0 \u00a0 \u00a0 \u00a0 \u00a0 \u00a0 \u00a0 \u00a0Imagem: Vatican Media<\/em><\/p><\/div>\n<p>O Papa Francisco deu continuidade ao ciclo de catequeses sobre o discernimento na Audi\u00eancia Geral, desta quarta-feira (19\/10), realizada na Pra\u00e7a S\u00e3o Pedro.\u00a0Neste encontro semanal com os fi\u00e9is, o Papa meditou &#8220;sobre outro ingrediente indispens\u00e1vel para o discernimento: a pr\u00f3pria hist\u00f3ria de vida&#8221;.<\/p>\n<p><strong>Reconhecer a presen\u00e7a de elementos \u201ct\u00f3xicos\u201d<\/strong><br \/>\n&#8220;A nossa vida \u00e9 o \u201clivro\u201d mais precioso que nos foi confiado, um livro que muitos infelizmente n\u00e3o leem, ou o fazem demasiado tarde, antes de morrer. No entanto, \u00e9 nesse livro que se encontra aquilo que se procura inutilmente por outros caminhos&#8221;, frisou o Pont\u00edfice, ressaltando que Santo Agostinho compreendeu isso, &#8220;relendo a sua vida, observando nela os passos silenciosos e discretos, mas incisivos, da presen\u00e7a do Senhor. No final deste percurso, notar\u00e1 com admira\u00e7\u00e3o: \u00abTu estavas dentro de mim, e eu fora. L\u00e1, eu procurava-te. Deformado, lan\u00e7ava-me sobre as belas formas das tuas criaturas. Tu estavas comigo, mas eu n\u00e3o estava contigo\u00bb. Daqui deriva o seu convite a cultivar a vida interior, para encontrar o que se procura: \u00abVolta para ti mesmo. No homem interior habita a verdade\u00bb&#8221;.<\/p>\n<p>Muitas vezes, tamb\u00e9m n\u00f3s vivemos a experi\u00eancia de Agostinho, de nos encontrarmos presos em pensamentos que nos afastam de n\u00f3s mesmos, mensagens estereotipadas que nos ferem: \u201cNada valho\u201d, \u201ctudo acontece de mau comigo\u201d, \u201cnunca farei nada de bom\u201d, e assim por diante. Ler a pr\u00f3pria hist\u00f3ria significa tamb\u00e9m reconhecer a presen\u00e7a destes elementos \u201ct\u00f3xicos\u201d, para depois ampliar a trama da nossa narra\u00e7\u00e3o, aprendendo a observar outras coisas, tornando-a mais rica, mais respeitadora da complexidade, conseguindo at\u00e9 captar os modos discretos como Deus age na nossa vida.<\/p>\n<p><strong>Ler a pr\u00f3pria vida<\/strong><br \/>\nA seguir, o Papa disse que certa vez conheceu &#8220;uma pessoa que as pessoas que a conheciam diziam que ela merecia o Pr\u00eamio Nobel da negatividade&#8221;, pois &#8220;tudo era ruim e ela sempre se colocava pra baixo&#8221;. &#8220;Era uma pessoa amarga, mas tinha muitas qualidades. Ent\u00e3o, essa pessoa encontrou outra pessoa que a ajudou bem, e toda vez que ela reclamava de alguma coisa, a outra pessoa dizia: &#8220;Mas agora, para compensar, diga algo bom sobre voc\u00ea&#8221;. E ela respondeu: &#8220;Sim, eu tamb\u00e9m tenho essa qualidade&#8221;, e pouco a pouco isso a ajudou a seguir em frente, a ler bem sua vida, tanto as coisas ruins quanto as coisas boas&#8221;, sublinhou Francisco.<\/p>\n<p>\u201cLer a pr\u00f3pria vida, e assim ver as coisas que n\u00e3o s\u00e3o boas e tamb\u00e9m as coisas boas que Deus semeia em n\u00f3s.\u201d<\/p>\n<p>Segundo o Papa, &#8220;a narra\u00e7\u00e3o das vicissitudes da nossa vida permite tamb\u00e9m compreender matizes e detalhes importantes, que podem revelar-se ajudas valiosas at\u00e9 ent\u00e3o ocultas. Uma leitura, um servi\u00e7o, um encontro, \u00e0 primeira vista considerados de pouca import\u00e2ncia, sucessivamente transmitem uma paz interior, transmitem a alegria de viver e sugerem outras iniciativas de bem. Deter-se e reconhecer isto \u00e9 indispens\u00e1vel para o discernimento, \u00e9 uma obra de recolha daquelas p\u00e9rolas preciosas e escondidas que o Senhor disseminou no nosso terreno&#8221;.<\/p>\n<p><strong>Quem caminha circularmente nunca vai para a frente<\/strong><br \/>\n&#8220;O bem est\u00e1 escondido, sempre, porque o bem tem pudor e se esconde: o bem fica escondido; \u00e9 silencioso, requer uma escava\u00e7\u00e3o lenta e cont\u00ednua, pois o estilo de Deus \u00e9 discreto, n\u00e3o se imp\u00f5e; \u00e9 como o ar que respiramos, n\u00e3o o vemos, mas nos faz viver, e s\u00f3 nos damos conta dele quando nos falta&#8221;, disse ainda Francisco.<\/p>\n<p>O Papa sublinhou que &#8220;habituar-se a reler a pr\u00f3pria vida educa o olhar, o agu\u00e7a, permite notar os pequenos milagres que o bom Deus realiza para n\u00f3s todos os dias&#8221;.<\/p>\n<p>Quando prestamos aten\u00e7\u00e3o, observamos outros rumos poss\u00edveis que revigoram o gosto interior, a paz e a criatividade. Acima de tudo, torna-nos mais livres dos estere\u00f3tipos t\u00f3xicos. Diz-se sabiamente que o homem que n\u00e3o conhece o seu passado est\u00e1 condenado a repeti-lo. \u00c9 curioso, n\u00e3o \u00e9? Se n\u00e3o conhecemos o caminho feito, o passado, repetimos sempre o mesmo, somos circulares. A pessoa que caminha circularmente nunca vai para a frente, n\u00e3o tem caminho. \u00c9 como o cachorro que morde o rabo, vai sempre assim, e repete as coisas.<\/p>\n<p><strong>A import\u00e2ncia da vida dos santos<\/strong><br \/>\nSegundo o Papa, &#8220;a vida dos santos \u00e9 uma ajuda preciosa para reconhecer o estilo de Deus na pr\u00f3pria vida: permite familiarizar-se com o seu modo de agir. O comportamento de alguns santos nos interpela, mostrando-nos novos significados e oportunidades. Foi o que aconteceu, por exemplo, a Santo In\u00e1cio de Loyola. Quando descreve a descoberta fundamental da sua vida, acrescenta uma importante observa\u00e7\u00e3o: \u00abPor experi\u00eancia, deduziu que alguns pensamentos o deixaram triste e outros, alegre; e pouco a pouco aprendeu a conhecer a diversidade dos esp\u00edritos que nele se agitavam\u00bb&#8221;.<\/p>\n<p>Francisco disse que &#8220;o discernimento \u00e9 a leitura narrativa das consola\u00e7\u00f5es e desola\u00e7\u00f5es que experimentamos ao longo da nossa vida. \u00c9 o cora\u00e7\u00e3o que nos fala de Deus, e n\u00f3s devemos aprender a compreender a sua linguagem&#8221;. &#8220;Perguntemo-nos, no final do dia, por exemplo: o que aconteceu hoje no meu cora\u00e7\u00e3o? Alguns pensam que fazer este exame de consci\u00eancia \u00e9 prestar contas dos pecados feitos. Cometemos muitos, n\u00e3o \u00e9? N\u00e3o, mas se perguntar: o que aconteceu dentro de mim? O que me alegrou? O que me entristeceu? E assim aprender a discernir o que acontece dentro de n\u00f3s&#8221;, concluiu.<\/p>\n<hr \/>\n<p><em>Fonte:- Vatican News (texto de Mariangela Jaguraba)<\/em><\/p>\n","protected":false},"excerpt":{"rendered":"<p>Audi\u00eancia Geral<\/p>\n","protected":false},"author":3,"featured_media":240329,"comment_status":"open","ping_status":"open","sticky":false,"template":"","format":"standard","meta":[],"categories":[1428],"tags":[487],"acf":[],"yoast_head":"<!-- This site is optimized with the Yoast SEO plugin v19.2 - https:\/\/yoast.com\/wordpress\/plugins\/seo\/ -->\n<title>Papa: reler a pr\u00f3pria vida nos faz descobrir &quot;os pequenos milagres&quot; que Deus faz por n\u00f3s - Not\u00edcias - Franciscanos<\/title>\n<meta name=\"robots\" content=\"index, follow, max-snippet:-1, max-image-preview:large, max-video-preview:-1\" \/>\n<link rel=\"canonical\" href=\"https:\/\/franciscanos.org.br\/noticias\/papa-reler-a-propria-vida-nos-faz-descobrir-os-pequenos-milagres-que-deus-faz-por-nos.html\" \/>\n<meta property=\"og:locale\" content=\"pt_BR\" \/>\n<meta property=\"og:type\" content=\"article\" \/>\n<meta property=\"og:title\" content=\"Papa: reler a pr\u00f3pria vida nos faz descobrir &quot;os pequenos milagres&quot; que Deus faz por n\u00f3s - Not\u00edcias - Franciscanos\" \/>\n<meta property=\"og:description\" content=\"Audi\u00eancia Geral\" \/>\n<meta property=\"og:url\" content=\"https:\/\/franciscanos.org.br\/noticias\/papa-reler-a-propria-vida-nos-faz-descobrir-os-pequenos-milagres-que-deus-faz-por-nos.html\" \/>\n<meta property=\"og:site_name\" content=\"Not\u00edcias - Franciscanos\" \/>\n<meta property=\"article:published_time\" content=\"2022-10-19T14:10:23+00:00\" \/>\n<meta property=\"article:modified_time\" content=\"2022-10-19T14:12:04+00:00\" \/>\n<meta property=\"og:image\" content=\"https:\/\/franciscanos.org.br\/noticias\/wp-content\/uploads\/2022\/10\/audiencia_1910.jpg\" \/>\n\t<meta property=\"og:image:width\" content=\"1200\" \/>\n\t<meta property=\"og:image:height\" content=\"675\" \/>\n\t<meta property=\"og:image:type\" content=\"image\/jpeg\" \/>\n<meta name=\"author\" content=\"moacir\" \/>\n<meta name=\"twitter:card\" content=\"summary_large_image\" \/>\n<meta name=\"twitter:label1\" content=\"Escrito por\" \/>\n\t<meta name=\"twitter:data1\" content=\"moacir\" \/>\n\t<meta name=\"twitter:label2\" content=\"Est. tempo de leitura\" \/>\n\t<meta name=\"twitter:data2\" content=\"6 minutos\" \/>\n<script type=\"application\/ld+json\" class=\"yoast-schema-graph\">{\"@context\":\"https:\/\/schema.org\",\"@graph\":[{\"@type\":\"WebSite\",\"@id\":\"https:\/\/franciscanos.org.br\/noticias\/#website\",\"url\":\"https:\/\/franciscanos.org.br\/noticias\/\",\"name\":\"Not\u00edcias - Franciscanos\",\"description\":\"Prov\u00edncia Franciscana da Imaculada Concei\u00e7\u00e3o do Brasil - Ordem dos Frades Menores - OFM\",\"potentialAction\":[{\"@type\":\"SearchAction\",\"target\":{\"@type\":\"EntryPoint\",\"urlTemplate\":\"https:\/\/franciscanos.org.br\/noticias\/?s={search_term_string}\"},\"query-input\":\"required name=search_term_string\"}],\"inLanguage\":\"pt-BR\"},{\"@type\":\"ImageObject\",\"inLanguage\":\"pt-BR\",\"@id\":\"https:\/\/franciscanos.org.br\/noticias\/papa-reler-a-propria-vida-nos-faz-descobrir-os-pequenos-milagres-que-deus-faz-por-nos.html#primaryimage\",\"url\":\"https:\/\/franciscanos.org.br\/noticias\/wp-content\/uploads\/2022\/10\/audiencia_1910.jpg\",\"contentUrl\":\"https:\/\/franciscanos.org.br\/noticias\/wp-content\/uploads\/2022\/10\/audiencia_1910.jpg\",\"width\":1200,\"height\":675},{\"@type\":\"WebPage\",\"@id\":\"https:\/\/franciscanos.org.br\/noticias\/papa-reler-a-propria-vida-nos-faz-descobrir-os-pequenos-milagres-que-deus-faz-por-nos.html#webpage\",\"url\":\"https:\/\/franciscanos.org.br\/noticias\/papa-reler-a-propria-vida-nos-faz-descobrir-os-pequenos-milagres-que-deus-faz-por-nos.html\",\"name\":\"Papa: reler a pr\u00f3pria vida nos faz descobrir \\\"os pequenos milagres\\\" que Deus faz por n\u00f3s - Not\u00edcias - Franciscanos\",\"isPartOf\":{\"@id\":\"https:\/\/franciscanos.org.br\/noticias\/#website\"},\"primaryImageOfPage\":{\"@id\":\"https:\/\/franciscanos.org.br\/noticias\/papa-reler-a-propria-vida-nos-faz-descobrir-os-pequenos-milagres-que-deus-faz-por-nos.html#primaryimage\"},\"datePublished\":\"2022-10-19T14:10:23+00:00\",\"dateModified\":\"2022-10-19T14:12:04+00:00\",\"author\":{\"@id\":\"https:\/\/franciscanos.org.br\/noticias\/#\/schema\/person\/b5c8cba458c330ccff548b056e95a5d4\"},\"breadcrumb\":{\"@id\":\"https:\/\/franciscanos.org.br\/noticias\/papa-reler-a-propria-vida-nos-faz-descobrir-os-pequenos-milagres-que-deus-faz-por-nos.html#breadcrumb\"},\"inLanguage\":\"pt-BR\",\"potentialAction\":[{\"@type\":\"ReadAction\",\"target\":[\"https:\/\/franciscanos.org.br\/noticias\/papa-reler-a-propria-vida-nos-faz-descobrir-os-pequenos-milagres-que-deus-faz-por-nos.html\"]}]},{\"@type\":\"BreadcrumbList\",\"@id\":\"https:\/\/franciscanos.org.br\/noticias\/papa-reler-a-propria-vida-nos-faz-descobrir-os-pequenos-milagres-que-deus-faz-por-nos.html#breadcrumb\",\"itemListElement\":[{\"@type\":\"ListItem\",\"position\":1,\"name\":\"Home\",\"item\":\"https:\/\/franciscanos.org.br\/noticias\"},{\"@type\":\"ListItem\",\"position\":2,\"name\":\"Papa: reler a pr\u00f3pria vida nos faz descobrir &#8220;os pequenos milagres&#8221; que Deus faz por n\u00f3s\"}]},{\"@type\":\"Person\",\"@id\":\"https:\/\/franciscanos.org.br\/noticias\/#\/schema\/person\/b5c8cba458c330ccff548b056e95a5d4\",\"name\":\"moacir\",\"image\":{\"@type\":\"ImageObject\",\"inLanguage\":\"pt-BR\",\"@id\":\"https:\/\/franciscanos.org.br\/noticias\/#\/schema\/person\/image\/\",\"url\":\"https:\/\/secure.gravatar.com\/avatar\/d08aa2ce4c8dd416d4479aa8536fcf64?s=96&d=mm&r=g\",\"contentUrl\":\"https:\/\/secure.gravatar.com\/avatar\/d08aa2ce4c8dd416d4479aa8536fcf64?s=96&d=mm&r=g\",\"caption\":\"moacir\"},\"url\":\"https:\/\/franciscanos.org.br\/noticias\/author\/moacir\"}]}<\/script>\n<!-- \/ Yoast SEO plugin. -->","yoast_head_json":{"title":"Papa: reler a pr\u00f3pria vida nos faz descobrir \"os pequenos milagres\" que Deus faz por n\u00f3s - Not\u00edcias - Franciscanos","robots":{"index":"index","follow":"follow","max-snippet":"max-snippet:-1","max-image-preview":"max-image-preview:large","max-video-preview":"max-video-preview:-1"},"canonical":"https:\/\/franciscanos.org.br\/noticias\/papa-reler-a-propria-vida-nos-faz-descobrir-os-pequenos-milagres-que-deus-faz-por-nos.html","og_locale":"pt_BR","og_type":"article","og_title":"Papa: reler a pr\u00f3pria vida nos faz descobrir \"os pequenos milagres\" que Deus faz por n\u00f3s - Not\u00edcias - Franciscanos","og_description":"Audi\u00eancia Geral","og_url":"https:\/\/franciscanos.org.br\/noticias\/papa-reler-a-propria-vida-nos-faz-descobrir-os-pequenos-milagres-que-deus-faz-por-nos.html","og_site_name":"Not\u00edcias - Franciscanos","article_published_time":"2022-10-19T14:10:23+00:00","article_modified_time":"2022-10-19T14:12:04+00:00","og_image":[{"width":1200,"height":675,"url":"https:\/\/franciscanos.org.br\/noticias\/wp-content\/uploads\/2022\/10\/audiencia_1910.jpg","type":"image\/jpeg"}],"author":"moacir","twitter_card":"summary_large_image","twitter_misc":{"Escrito por":"moacir","Est. tempo de leitura":"6 minutos"},"schema":{"@context":"https:\/\/schema.org","@graph":[{"@type":"WebSite","@id":"https:\/\/franciscanos.org.br\/noticias\/#website","url":"https:\/\/franciscanos.org.br\/noticias\/","name":"Not\u00edcias - Franciscanos","description":"Prov\u00edncia Franciscana da Imaculada Concei\u00e7\u00e3o do Brasil - Ordem dos Frades Menores - OFM","potentialAction":[{"@type":"SearchAction","target":{"@type":"EntryPoint","urlTemplate":"https:\/\/franciscanos.org.br\/noticias\/?s={search_term_string}"},"query-input":"required name=search_term_string"}],"inLanguage":"pt-BR"},{"@type":"ImageObject","inLanguage":"pt-BR","@id":"https:\/\/franciscanos.org.br\/noticias\/papa-reler-a-propria-vida-nos-faz-descobrir-os-pequenos-milagres-que-deus-faz-por-nos.html#primaryimage","url":"https:\/\/franciscanos.org.br\/noticias\/wp-content\/uploads\/2022\/10\/audiencia_1910.jpg","contentUrl":"https:\/\/franciscanos.org.br\/noticias\/wp-content\/uploads\/2022\/10\/audiencia_1910.jpg","width":1200,"height":675},{"@type":"WebPage","@id":"https:\/\/franciscanos.org.br\/noticias\/papa-reler-a-propria-vida-nos-faz-descobrir-os-pequenos-milagres-que-deus-faz-por-nos.html#webpage","url":"https:\/\/franciscanos.org.br\/noticias\/papa-reler-a-propria-vida-nos-faz-descobrir-os-pequenos-milagres-que-deus-faz-por-nos.html","name":"Papa: reler a pr\u00f3pria vida nos faz descobrir \"os pequenos milagres\" que Deus faz por n\u00f3s - Not\u00edcias - Franciscanos","isPartOf":{"@id":"https:\/\/franciscanos.org.br\/noticias\/#website"},"primaryImageOfPage":{"@id":"https:\/\/franciscanos.org.br\/noticias\/papa-reler-a-propria-vida-nos-faz-descobrir-os-pequenos-milagres-que-deus-faz-por-nos.html#primaryimage"},"datePublished":"2022-10-19T14:10:23+00:00","dateModified":"2022-10-19T14:12:04+00:00","author":{"@id":"https:\/\/franciscanos.org.br\/noticias\/#\/schema\/person\/b5c8cba458c330ccff548b056e95a5d4"},"breadcrumb":{"@id":"https:\/\/franciscanos.org.br\/noticias\/papa-reler-a-propria-vida-nos-faz-descobrir-os-pequenos-milagres-que-deus-faz-por-nos.html#breadcrumb"},"inLanguage":"pt-BR","potentialAction":[{"@type":"ReadAction","target":["https:\/\/franciscanos.org.br\/noticias\/papa-reler-a-propria-vida-nos-faz-descobrir-os-pequenos-milagres-que-deus-faz-por-nos.html"]}]},{"@type":"BreadcrumbList","@id":"https:\/\/franciscanos.org.br\/noticias\/papa-reler-a-propria-vida-nos-faz-descobrir-os-pequenos-milagres-que-deus-faz-por-nos.html#breadcrumb","itemListElement":[{"@type":"ListItem","position":1,"name":"Home","item":"https:\/\/franciscanos.org.br\/noticias"},{"@type":"ListItem","position":2,"name":"Papa: reler a pr\u00f3pria vida nos faz descobrir &#8220;os pequenos milagres&#8221; que Deus faz por n\u00f3s"}]},{"@type":"Person","@id":"https:\/\/franciscanos.org.br\/noticias\/#\/schema\/person\/b5c8cba458c330ccff548b056e95a5d4","name":"moacir","image":{"@type":"ImageObject","inLanguage":"pt-BR","@id":"https:\/\/franciscanos.org.br\/noticias\/#\/schema\/person\/image\/","url":"https:\/\/secure.gravatar.com\/avatar\/d08aa2ce4c8dd416d4479aa8536fcf64?s=96&d=mm&r=g","contentUrl":"https:\/\/secure.gravatar.com\/avatar\/d08aa2ce4c8dd416d4479aa8536fcf64?s=96&d=mm&r=g","caption":"moacir"},"url":"https:\/\/franciscanos.org.br\/noticias\/author\/moacir"}]}},"_links":{"self":[{"href":"https:\/\/franciscanos.org.br\/noticias\/wp-json\/wp\/v2\/posts\/240328"}],"collection":[{"href":"https:\/\/franciscanos.org.br\/noticias\/wp-json\/wp\/v2\/posts"}],"about":[{"href":"https:\/\/franciscanos.org.br\/noticias\/wp-json\/wp\/v2\/types\/post"}],"author":[{"embeddable":true,"href":"https:\/\/franciscanos.org.br\/noticias\/wp-json\/wp\/v2\/users\/3"}],"replies":[{"embeddable":true,"href":"https:\/\/franciscanos.org.br\/noticias\/wp-json\/wp\/v2\/comments?post=240328"}],"version-history":[{"count":3,"href":"https:\/\/franciscanos.org.br\/noticias\/wp-json\/wp\/v2\/posts\/240328\/revisions"}],"predecessor-version":[{"id":240332,"href":"https:\/\/franciscanos.org.br\/noticias\/wp-json\/wp\/v2\/posts\/240328\/revisions\/240332"}],"wp:featuredmedia":[{"embeddable":true,"href":"https:\/\/franciscanos.org.br\/noticias\/wp-json\/wp\/v2\/media\/240329"}],"wp:attachment":[{"href":"https:\/\/franciscanos.org.br\/noticias\/wp-json\/wp\/v2\/media?parent=240328"}],"wp:term":[{"taxonomy":"category","embeddable":true,"href":"https:\/\/franciscanos.org.br\/noticias\/wp-json\/wp\/v2\/categories?post=240328"},{"taxonomy":"post_tag","embeddable":true,"href":"https:\/\/franciscanos.org.br\/noticias\/wp-json\/wp\/v2\/tags?post=240328"}],"curies":[{"name":"wp","href":"https:\/\/api.w.org\/{rel}","templated":true}]}}