{"id":240301,"date":"2022-10-18T22:12:53","date_gmt":"2022-10-19T01:12:53","guid":{"rendered":"https:\/\/franciscanos.org.br\/noticias\/?p=240301"},"modified":"2022-10-18T22:12:53","modified_gmt":"2022-10-19T01:12:53","slug":"dom-joao-bosco-testemunhos-que-transformam-vidas","status":"publish","type":"post","link":"https:\/\/franciscanos.org.br\/noticias\/dom-joao-bosco-testemunhos-que-transformam-vidas.html","title":{"rendered":"Dom Jo\u00e3o Bosco: testemunhos que transformam vidas"},"content":{"rendered":"<p><img loading=\"lazy\" class=\"alignnone wp-image-240302 size-full\" src=\"https:\/\/franciscanos.org.br\/noticias\/wp-content\/uploads\/2022\/10\/bosco_18_4.jpg\" alt=\"\" width=\"1280\" height=\"720\" srcset=\"https:\/\/franciscanos.org.br\/noticias\/wp-content\/uploads\/2022\/10\/bosco_18_4.jpg 1280w, https:\/\/franciscanos.org.br\/noticias\/wp-content\/uploads\/2022\/10\/bosco_18_4-450x253.jpg 450w, https:\/\/franciscanos.org.br\/noticias\/wp-content\/uploads\/2022\/10\/bosco_18_4-1024x576.jpg 1024w, https:\/\/franciscanos.org.br\/noticias\/wp-content\/uploads\/2022\/10\/bosco_18_4-768x432.jpg 768w, https:\/\/franciscanos.org.br\/noticias\/wp-content\/uploads\/2022\/10\/bosco_18_4-150x84.jpg 150w\" sizes=\"(max-width: 1280px) 100vw, 1280px\" \/><\/p>\n<p><strong>Guaratinguet\u00e1 (SP)<\/strong> &#8211; No terceiro dia de Novena em prepara\u00e7\u00e3o \u00e0 Festa de Frei Galv\u00e3o, no Santu\u00e1rio Frei Galv\u00e3o, em Guaratinguet\u00e1 (SP), o bispo diocesano de Osasco, Dom Frei Jo\u00e3o Bosco Barbosa de Souza, presidiu a Santa Missa, e destacou na sua homilia os exemplos de S\u00e3o Lucas, que a Igreja celebra hoje, e de Frei Galv\u00e3o, como construtores do Reino de Deus. O reitor do Santu\u00e1rio, Frei Diego Atalino de Melo, concelebrou e acolheu a todos os fi\u00e9is devotos e o &#8220;filho desta terra, que t\u00e3o carinhosamente veio de longe, de Osasco, para celebrar conosco&#8221;.<\/p>\n<p>Na festa deste ano, est\u00e3o sendo recordados os 200 anos da passagem de Frei Galv\u00e3o para a eternidade, com o tema: \u201c\u00c9 morrendo que se vive para a vida Eterna\u201d. Uma motiva\u00e7\u00e3o proveniente da Ora\u00e7\u00e3o da Paz atribu\u00edda a S\u00e3o Francisco de Assis. O gesto concreto deste terceiro dia da Novena foi a doa\u00e7\u00e3o de arroz.<\/p>\n<p>Dom Bosco falou de sua alegria de estar celebrando nesta Festa de Frei Galv\u00e3o e disse que queria que estivessem presentes no Santu\u00e1rio aqueles que s\u00e3o da Par\u00f3quia dedicada a Frei Galv\u00e3o, na cidade de Vargem Grande. &#8220;Queria que todos estivessem aqui nesse tempo em que estamos lembrando os duzentos anos da morte do nosso querido Frei Galv\u00e3o. A gente olha esse per\u00edodo que passou e, atrav\u00e9s de Frei Galv\u00e3o, n\u00f3s vamos mais fundo enxergar l\u00e1 no in\u00edcio, l\u00e1 nos prim\u00f3rdios da f\u00e9 crist\u00e3, Jesus enviando os seus disc\u00edpulos para pregar o Evangelho da paz. Que coisa preciosa a gente perceber que aquilo que n\u00f3s vivemos hoje, que aquilo que viveu Frei Galv\u00e3o h\u00e1 duzentos anos, aquilo que S\u00e3o Francisco descobriu no Evangelho, e, l\u00e1 no come\u00e7o, S\u00e3o Lucas escrevendo esse trecho do Evangelho nos permite chegar at\u00e9 pertinho de Jesus, que enviou os seus disc\u00edpulos a pregar o Evangelho da paz&#8221;, disse o bispo diocesano.<\/p>\n<p><img loading=\"lazy\" class=\"alignnone size-full wp-image-240303\" src=\"https:\/\/franciscanos.org.br\/noticias\/wp-content\/uploads\/2022\/10\/bosco_18_7.jpg\" alt=\"\" width=\"1280\" height=\"1725\" srcset=\"https:\/\/franciscanos.org.br\/noticias\/wp-content\/uploads\/2022\/10\/bosco_18_7.jpg 801w, https:\/\/franciscanos.org.br\/noticias\/wp-content\/uploads\/2022\/10\/bosco_18_7-334x450.jpg 334w, https:\/\/franciscanos.org.br\/noticias\/wp-content\/uploads\/2022\/10\/bosco_18_7-760x1024.jpg 760w, https:\/\/franciscanos.org.br\/noticias\/wp-content\/uploads\/2022\/10\/bosco_18_7-768x1035.jpg 768w, https:\/\/franciscanos.org.br\/noticias\/wp-content\/uploads\/2022\/10\/bosco_18_7-1140x1536.jpg 1140w, https:\/\/franciscanos.org.br\/noticias\/wp-content\/uploads\/2022\/10\/bosco_18_7-150x202.jpg 150w\" sizes=\"(max-width: 1280px) 100vw, 1280px\" \/><\/p>\n<p>Segundo ele, S\u00e3o Lucas \u00e9 um elo importante nesta corrente. &#8220;Basta lembrar que naquele tempo n\u00e3o tinha nenhum outro meio para registrar as palavras de Jesus. N\u00e3o tinha gravador, n\u00e3o tinha v\u00eddeo, n\u00e3o tinha a TV Frei Galv\u00e3o que n\u00f3s temos hoje aqui, funcionando e levando para todo o lado a nossa palavra, nossa imagem. Poucos sabiam ler e escrever, pouqu\u00edssimos sabiam fazer com tanta arte aquilo que S\u00e3o Lucas registrou com preciosidade, no seu Evangelho e tamb\u00e9m nos Atos dos Ap\u00f3stolos, onde a gente v\u00ea os primeiros passos da Igreja, hoje espalhada pelo mundo inteiro. Mas naquele tempo estava come\u00e7ando. E S\u00e3o Lucas \u00e9 caprichoso de dizer que Jesus enviou os seus 12 ap\u00f3stolos primeiro e depois outros 72 disc\u00edpulos, e com esse n\u00famero 72, S\u00e3o Lucas estava expressando o n\u00famero dos pa\u00edses, dos grupos humanos daquele tempo, como se ele quisesse dizer: \u00c9 para o mundo inteiro que n\u00f3s devemos levar o Evangelho&#8221;, disse.<\/p>\n<p>Dom Bosco lembrou que Lucas o escolheu essa miss\u00e3o. &#8220;E notem que S\u00e3o Lucas n\u00e3o conheceu Jesus. S\u00e3o Lucas cresceu e converteu-se numa comunidade distante de Jerusal\u00e9m, na Antioquia, e l\u00e1 com S\u00e3o Paulo Ap\u00f3stolo ele descobriu a riqueza do Evangelho e saiu, os dois e outros tantos, levando o Evangelho de cidade em cidade, como Jesus pediu. S\u00e3o Lucas, ouvindo as hist\u00f3rias de S\u00e3o Paulo Ap\u00f3stolo, come\u00e7a a juntar todos esses relatos, pesquisou porque ele era uma pessoa que tinha conhecimentos, inclusive de medicina da \u00e9poca. Ele, com toda a sua genialidade, descreveu para a gente de maneira precisa aquilo que foi o trajeto do Verbo de Deus desde a anuncia\u00e7\u00e3o de Maria. Que linda a cena do anjo chegando at\u00e9 Maria. Depois, o nascimento de Jesus, todos os fatos que aconteceram a partir dali, toda hist\u00f3ria da evangeliza\u00e7\u00e3o, da prega\u00e7\u00e3o do reino, e, por fim, a ressurrei\u00e7\u00e3o de Jesus que nos faz participar de sua vida&#8221;, descreveu.<\/p>\n\n\t\t<style type=\"text\/css\">\n\t\t\t#gallery-1 {\n\t\t\t\tmargin: auto;\n\t\t\t}\n\t\t\t#gallery-1 .gallery-item {\n\t\t\t\tfloat: left;\n\t\t\t\tmargin-top: 10px;\n\t\t\t\ttext-align: center;\n\t\t\t\twidth: 16%;\n\t\t\t}\n\t\t\t#gallery-1 img {\n\t\t\t\tborder: 2px solid #cfcfcf;\n\t\t\t}\n\t\t\t#gallery-1 .gallery-caption {\n\t\t\t\tmargin-left: 0;\n\t\t\t}\n\t\t\t\/* see gallery_shortcode() in wp-includes\/media.php *\/\n\t\t<\/style>\n\t\t<div id='gallery-1' class='gallery galleryid-240301 gallery-columns-6 gallery-size-thumbnail'><dl class='gallery-item'>\n\t\t\t<dt class='gallery-icon landscape'>\n\t\t\t\t<a href='https:\/\/franciscanos.org.br\/noticias\/wp-content\/uploads\/2022\/10\/bosco_18.jpg'><img width=\"300\" height=\"300\" src=\"https:\/\/franciscanos.org.br\/noticias\/wp-content\/uploads\/2022\/10\/bosco_18-300x300.jpg\" class=\"attachment-thumbnail size-thumbnail\" alt=\"\" loading=\"lazy\" srcset=\"https:\/\/franciscanos.org.br\/noticias\/wp-content\/uploads\/2022\/10\/bosco_18-300x300.jpg 300w, https:\/\/franciscanos.org.br\/noticias\/wp-content\/uploads\/2022\/10\/bosco_18-100x100.jpg 100w\" sizes=\"(max-width: 300px) 100vw, 300px\" \/><\/a>\n\t\t\t<\/dt><\/dl><dl class='gallery-item'>\n\t\t\t<dt class='gallery-icon landscape'>\n\t\t\t\t<a href='https:\/\/franciscanos.org.br\/noticias\/wp-content\/uploads\/2022\/10\/bosco_18_1.jpg'><img width=\"300\" height=\"300\" src=\"https:\/\/franciscanos.org.br\/noticias\/wp-content\/uploads\/2022\/10\/bosco_18_1-300x300.jpg\" class=\"attachment-thumbnail size-thumbnail\" alt=\"\" loading=\"lazy\" srcset=\"https:\/\/franciscanos.org.br\/noticias\/wp-content\/uploads\/2022\/10\/bosco_18_1-300x300.jpg 300w, https:\/\/franciscanos.org.br\/noticias\/wp-content\/uploads\/2022\/10\/bosco_18_1-100x100.jpg 100w\" sizes=\"(max-width: 300px) 100vw, 300px\" \/><\/a>\n\t\t\t<\/dt><\/dl><dl class='gallery-item'>\n\t\t\t<dt class='gallery-icon landscape'>\n\t\t\t\t<a href='https:\/\/franciscanos.org.br\/noticias\/wp-content\/uploads\/2022\/10\/bosco_18_2.jpg'><img width=\"300\" height=\"300\" src=\"https:\/\/franciscanos.org.br\/noticias\/wp-content\/uploads\/2022\/10\/bosco_18_2-300x300.jpg\" class=\"attachment-thumbnail size-thumbnail\" alt=\"\" loading=\"lazy\" srcset=\"https:\/\/franciscanos.org.br\/noticias\/wp-content\/uploads\/2022\/10\/bosco_18_2-300x300.jpg 300w, https:\/\/franciscanos.org.br\/noticias\/wp-content\/uploads\/2022\/10\/bosco_18_2-100x100.jpg 100w\" sizes=\"(max-width: 300px) 100vw, 300px\" \/><\/a>\n\t\t\t<\/dt><\/dl><dl class='gallery-item'>\n\t\t\t<dt class='gallery-icon landscape'>\n\t\t\t\t<a href='https:\/\/franciscanos.org.br\/noticias\/wp-content\/uploads\/2022\/10\/bosco_18_3.jpg'><img width=\"300\" height=\"300\" src=\"https:\/\/franciscanos.org.br\/noticias\/wp-content\/uploads\/2022\/10\/bosco_18_3-300x300.jpg\" class=\"attachment-thumbnail size-thumbnail\" alt=\"\" loading=\"lazy\" srcset=\"https:\/\/franciscanos.org.br\/noticias\/wp-content\/uploads\/2022\/10\/bosco_18_3-300x300.jpg 300w, https:\/\/franciscanos.org.br\/noticias\/wp-content\/uploads\/2022\/10\/bosco_18_3-100x100.jpg 100w\" sizes=\"(max-width: 300px) 100vw, 300px\" \/><\/a>\n\t\t\t<\/dt><\/dl><dl class='gallery-item'>\n\t\t\t<dt class='gallery-icon landscape'>\n\t\t\t\t<a href='https:\/\/franciscanos.org.br\/noticias\/wp-content\/uploads\/2022\/10\/bosco_18_6.jpg'><img width=\"300\" height=\"300\" src=\"https:\/\/franciscanos.org.br\/noticias\/wp-content\/uploads\/2022\/10\/bosco_18_6-300x300.jpg\" class=\"attachment-thumbnail size-thumbnail\" alt=\"\" loading=\"lazy\" srcset=\"https:\/\/franciscanos.org.br\/noticias\/wp-content\/uploads\/2022\/10\/bosco_18_6-300x300.jpg 300w, https:\/\/franciscanos.org.br\/noticias\/wp-content\/uploads\/2022\/10\/bosco_18_6-100x100.jpg 100w\" sizes=\"(max-width: 300px) 100vw, 300px\" \/><\/a>\n\t\t\t<\/dt><\/dl><dl class='gallery-item'>\n\t\t\t<dt class='gallery-icon landscape'>\n\t\t\t\t<a href='https:\/\/franciscanos.org.br\/noticias\/wp-content\/uploads\/2022\/10\/bosco_18_8.jpg'><img width=\"300\" height=\"300\" src=\"https:\/\/franciscanos.org.br\/noticias\/wp-content\/uploads\/2022\/10\/bosco_18_8-300x300.jpg\" class=\"attachment-thumbnail size-thumbnail\" alt=\"\" loading=\"lazy\" srcset=\"https:\/\/franciscanos.org.br\/noticias\/wp-content\/uploads\/2022\/10\/bosco_18_8-300x300.jpg 300w, https:\/\/franciscanos.org.br\/noticias\/wp-content\/uploads\/2022\/10\/bosco_18_8-100x100.jpg 100w\" sizes=\"(max-width: 300px) 100vw, 300px\" \/><\/a>\n\t\t\t<\/dt><\/dl><br style=\"clear: both\" \/>\n\t\t<\/div>\n\n<p><em>\u00a0 \u00a0 \u00a0 \u00a0 \u00a0 \u00a0(toque nas imagens para ampli\u00e1-las)<\/em><\/p>\n<p>&#8220;S\u00e3o Lucas nos deixou um testemunho t\u00e3o vivo que n\u00f3s podemos olhar hoje e transformar a nossa vida&#8221;, afirmou, ilustrando com uma passagem em que S\u00e3o Francisco de Assis, ao chegar um dia numa igrejinha, pediu ao padre que estava ali para ler uma passagem da B\u00edblia. E o padre abriu na passagem do Senhor enviando os seus disc\u00edpulos ao mundo sem levar sacolas, sem cal\u00e7ados, sem seguran\u00e7a, sem nenhum recurso, apenas levando a paz para as pessoas, levando a grande not\u00edcia do Reino de Deus pr\u00f3ximo das pessoas quando existe amor&#8221;, explicou.<\/p>\n<p>Ao ouvir essa passagem, Francisco exclamou: &#8220;\u00c9 isso que eu quero, \u00e9 isso que procuro, \u00e9 isso que eu vou fazer&#8221;. Segundo o bispo, Francisco tomou a frase ao p\u00e9 da letra e, a partir dali, come\u00e7ou a hist\u00f3ria franciscana.<\/p>\n<p>&#8220;Seiscentos anos depois, Frei Galv\u00e3o escuta a mesma hist\u00f3ria de S\u00e3o Francisco e sai tamb\u00e9m oferecendo a sua vida para evangelizar, da mesma forma que os primeiros enviados por Cristo. N\u00e3o \u00e9 fant\u00e1stico? Sem levar nada, o que ele andou por essas terras entre n\u00f3s, n\u00e3o s\u00f3 aqui em Guaratinguet\u00e1, mas desde o Rio, S\u00e3o Paulo, interior de S\u00e3o Paulo e at\u00e9 no Paran\u00e1, andando a p\u00e9, levando a Palavra de Deus, levando a Paz, levando o perd\u00e3o de Deus, fazendo com que as pessoas encontrassem o Cristo verdadeiro atrav\u00e9s da sua vida, dos seus sofrimentos, reconciliando as pessoas, fazendo a caridade pr\u00e1tica de atender os necessitados com o p\u00e3o&#8221;, situou. &#8220;Frei Galv\u00e3o, tomando a mesma Palavra e transformando a sua vida, e transformando a vida das pessoas&#8221;, acrescentou.<\/p>\n<p><img loading=\"lazy\" class=\"alignnone size-full wp-image-240309\" src=\"https:\/\/franciscanos.org.br\/noticias\/wp-content\/uploads\/2022\/10\/bosco_18_5.jpg\" alt=\"\" width=\"1280\" height=\"853\" srcset=\"https:\/\/franciscanos.org.br\/noticias\/wp-content\/uploads\/2022\/10\/bosco_18_5.jpg 1280w, https:\/\/franciscanos.org.br\/noticias\/wp-content\/uploads\/2022\/10\/bosco_18_5-450x300.jpg 450w, https:\/\/franciscanos.org.br\/noticias\/wp-content\/uploads\/2022\/10\/bosco_18_5-1024x682.jpg 1024w, https:\/\/franciscanos.org.br\/noticias\/wp-content\/uploads\/2022\/10\/bosco_18_5-768x512.jpg 768w, https:\/\/franciscanos.org.br\/noticias\/wp-content\/uploads\/2022\/10\/bosco_18_5-150x100.jpg 150w\" sizes=\"(max-width: 1280px) 100vw, 1280px\" \/><\/p>\n<p>Para ele, a Igreja hoje pede exatamente isso: ser uma Igreja mission\u00e1ria. &#8220;O Papa Francisco insiste tanto em uma Igreja em sa\u00edda, mission\u00e1ria. Em sa\u00edda significa n\u00e3o ficar plantado esperando que as pessoas venham, mas ir ao seu encontro. E n\u00f3s precisamos encontrar os caminhos hoje, para realizar o mesmo que Frei Galv\u00e3o encontrou, o mesmo que S\u00e3o Francisco desejou e fez, o mesmo Lucas encontrou nas Palavras de jesus e registrou no Evangelho. \u00c9 ele Jesus Cristo, que caminha conosco durante toda essa hist\u00f3ria&#8221;, ressaltou.<\/p>\n<p>.Dom Bosco lembrou que a Igreja vai celebrar mais um ano jubilar em 2025. &#8220;O Papa Francisco j\u00e1 anunciou que ser\u00e1 um ano todo para a gente buscar o mesmo caminho de Cristo em uma caminhada sinodal. Ele fala muito essa palavra, para a gente n\u00e3o se dispersar e andar junto com Jesus Cristo e juntar tantos outros que por muitas raz\u00f5es nesse mundo, se desviaram por tantos caminhos. Juntar todos atrav\u00e9s da Palavra, da unidade da Igreja, num caminho \u00fanico que vamos estar celebrando em 2025&#8221;, frisou.<\/p>\n<p>&#8220;Deus nos permita ter coragem nesse mundo t\u00e3o adverso de viver a Palavra de Deus descrita por Lucas, viver a Palavra de Deus vivida por Francisco e testemunhada por Frei Galv\u00e3o e tantos outros que o seguiram&#8221;, completou.<\/p>\n<p><strong> <img loading=\"lazy\" class=\"alignnone size-full wp-image-240313\" src=\"https:\/\/franciscanos.org.br\/noticias\/wp-content\/uploads\/2022\/10\/missa_06.jpg\" alt=\"\" width=\"1200\" height=\"1121\" srcset=\"https:\/\/franciscanos.org.br\/noticias\/wp-content\/uploads\/2022\/10\/missa_06.jpg 1156w, https:\/\/franciscanos.org.br\/noticias\/wp-content\/uploads\/2022\/10\/missa_06-450x420.jpg 450w, https:\/\/franciscanos.org.br\/noticias\/wp-content\/uploads\/2022\/10\/missa_06-1024x957.jpg 1024w, https:\/\/franciscanos.org.br\/noticias\/wp-content\/uploads\/2022\/10\/missa_06-768x717.jpg 768w, https:\/\/franciscanos.org.br\/noticias\/wp-content\/uploads\/2022\/10\/missa_06-150x140.jpg 150w\" sizes=\"(max-width: 1200px) 100vw, 1200px\" \/><\/strong><\/p>\n<p><strong>\u00a0<\/strong><strong>Muito al\u00e9m dos mosteiros, Frei Galv\u00e3o \u00e9 construtor do Reino de Deus<\/strong><\/p>\n<p><strong>\u00a0<\/strong>O presidente da Santa Missa, \u00e0s 15 horas, Frei Leandro Costa Santos, convidou os fi\u00e9is devotos do primeiro santo brasileiro a refletirem sobre o tema deste dia: &#8220;Frei Galv\u00e3o, construtor do Reino de Deus&#8221;. Frei Leandro teve como concelebrante Frei Diego Atalino de Melo, reitor do Santu\u00e1rio. O gesto concreto deste terceiro dia da Novena foi a doa\u00e7\u00e3o de arroz.<\/p>\n<p>Frei Leandro explicou que Frei Galv\u00e3o \u00e9 ligado \u00e0 constru\u00e7\u00e3o do Mosteiro da Luz, na avenida Tirantes, em S\u00e3o Paulo, o local onde est\u00e1 sepultado o santo brasileiro, e por esse fato \u00e9 conhecido como o Patrono da Constru\u00e7\u00e3o Civil, dos engenheiros, dos arquitetos, dos pedreiros e pintores. Segundo o celebrante, ele n\u00e3o construiu aquela casa para ser identificado como um pedreiro. &#8220;Frei Galv\u00e3o, ao construir o Mosteiro da Luz, uma obra material, trabalhava para a constru\u00e7\u00e3o do Reino de Deus&#8221;, explicou.<\/p>\n<p><img loading=\"lazy\" class=\"alignnone size-full wp-image-240314\" src=\"https:\/\/franciscanos.org.br\/noticias\/wp-content\/uploads\/2022\/10\/missa_01.jpg\" alt=\"\" width=\"1200\" height=\"986\" srcset=\"https:\/\/franciscanos.org.br\/noticias\/wp-content\/uploads\/2022\/10\/missa_01.jpg 1200w, https:\/\/franciscanos.org.br\/noticias\/wp-content\/uploads\/2022\/10\/missa_01-450x370.jpg 450w, https:\/\/franciscanos.org.br\/noticias\/wp-content\/uploads\/2022\/10\/missa_01-1024x841.jpg 1024w, https:\/\/franciscanos.org.br\/noticias\/wp-content\/uploads\/2022\/10\/missa_01-768x631.jpg 768w, https:\/\/franciscanos.org.br\/noticias\/wp-content\/uploads\/2022\/10\/missa_01-150x123.jpg 150w\" sizes=\"(max-width: 1200px) 100vw, 1200px\" \/><\/p>\n<p>&#8220;Frei Galv\u00e3o, ao seguir os passos do nosso Pai fundador, tomou conhecimento de uma p\u00e1gina da vida de S\u00e3o Francisco de Assis, quando na periferia de Assis ele reconstruiu a igreja de S\u00e3o Dami\u00e3o. Logo ap\u00f3s a sua convers\u00e3o, quando o Crucifixo fala para ele: &#8216;Francisco, vai e repara minha casa que est\u00e1 em ru\u00edna&#8217;, ele passou a reconstruir capelas. Mas aquela capela, como o mosteiro da Luz, era s\u00f3 um fato que revelava algo muito maior. Deus chamava Francisco para ser construtor de sua Igreja, um reformador a partir daquilo que vivia&#8221;, explicou o frade.<\/p>\n<p>Segundo Frei Leandro, al\u00e9m da igrejinha de S\u00e3o Dami\u00e3o, Francisco reformou a Igreja de S\u00e3o Pedro e a Porci\u00fancula, e Frei Galv\u00e3o, no antigo caminho de Guarepe, onde havia a ermida de Nossa Senhora da Luz, hoje Mosteiro da Luz, ali Deus o chamou para reconstruir a sua Igreja, reformar a sua Igreja, a partir dessa reconstru\u00e7\u00e3o material. &#8220;Mas a maior provoca\u00e7\u00e3o de Deus no cora\u00e7\u00e3o de Frei Galv\u00e3o, como foi para Francisco, era o chamado a um novo tempo, de modo que Frei Galv\u00e3o, fazendo a sua miss\u00e3o de pregador do Evangelho e tamb\u00e9m de pedreiro, reconstru\u00edsse muitos cora\u00e7\u00f5es, muitas vidas e ajustasse muitas situa\u00e7\u00f5es de pessoas que estavam ao seu redor. Esse foi o legado que at\u00e9 hoje reconhecemos de Frei Galv\u00e3o. Todos n\u00f3s, uma vez que nos envolvemos com o Evangelho de Nosso Senhor Jesus Cristo, nos tornamos pessoas que reformam vidas, que reconstroem vidas&#8221;, ressaltou o celebrante.<\/p>\n<p><img loading=\"lazy\" class=\"alignnone size-full wp-image-240315\" src=\"https:\/\/franciscanos.org.br\/noticias\/wp-content\/uploads\/2022\/10\/missa_07.jpg\" alt=\"\" width=\"1200\" height=\"795\" srcset=\"https:\/\/franciscanos.org.br\/noticias\/wp-content\/uploads\/2022\/10\/missa_07.jpg 1200w, https:\/\/franciscanos.org.br\/noticias\/wp-content\/uploads\/2022\/10\/missa_07-450x298.jpg 450w, https:\/\/franciscanos.org.br\/noticias\/wp-content\/uploads\/2022\/10\/missa_07-1024x678.jpg 1024w, https:\/\/franciscanos.org.br\/noticias\/wp-content\/uploads\/2022\/10\/missa_07-768x509.jpg 768w, https:\/\/franciscanos.org.br\/noticias\/wp-content\/uploads\/2022\/10\/missa_07-150x99.jpg 150w\" sizes=\"(max-width: 1200px) 100vw, 1200px\" \/><\/p>\n<p>Segundo Frei Leandro, Cristo reuniu os 12 e depois mais tantos outros disc\u00edpulos e os enviou para que fossem \u00e0 sua frente convidando as pessoas a experimentarem o Reino de Deus. Dois a dois, falando de Deus, convidando as pessoas \u00e0 convers\u00e3o, a abandonar o pecado e abra\u00e7ar o Evangelho. &#8220;Quando nos encontramos algu\u00e9m que est\u00e1 machucado, ferido, vemos uma pessoa destru\u00edda. A gente costuma falar: &#8216;Estou cansado, estou destru\u00eddo, tive um dia dif\u00edcil e preciso de alguma coisa para me refazer&#8217;. A gente usa essa express\u00e3o e tem esse sentimento. E \u00e9 justamente com esse sentimento que ora vamos \u00e0 presen\u00e7a de Deus para ser reconstru\u00eddo, ora n\u00f3s somos chamados a reconstruir vidas&#8221;, observou.<\/p>\n<p>&#8220;Cristo, quando apresenta a sua Palavra, ele vai dizer o seguinte: &#8216;Quando voc\u00ea for construir a sua casa, quando for colocar os seus alicerces, procure a areia, certo? N\u00e3o. Ele pede para construir a casa sobre a rocha, num terreno firme. Porque a nossa vida tem que ter essa base. A nossa vida e a vida de nossos familiares. Para ter uma vida s\u00f3lida, temos que buscar isso&#8221;, indicou.<\/p>\n<p>Frei Leandro tamb\u00e9m lembrou que Cristo ensina a n\u00e3o construir e n\u00e3o almejar nada que as tra\u00e7as venham a deteriorar. &#8220;Construa sua vida nos c\u00e9us, onde tra\u00e7a nenhuma chega. Frei Galv\u00e3o, a todo instante, apresentava \u00e0s pessoas em S\u00e3o Paulo, no interior do Estado, no Rio de Janeiro e at\u00e9 o Paran\u00e1, dizendo: &#8216;Olha, tenha a sua vida toda ela voltada aos c\u00e9us&#8217;. A obra de Frei Galv\u00e3o, o Mosteiro da Luz, foi muito significativa, mas \u00e9 um sinal material de uma realidade muito maior. As p\u00edlulas de Frei Galv\u00e3o, esse devocional de f\u00e9, \u00e9 um sinal material muito maior. O que n\u00f3s fazemos aqui, celebrando a Eucaristia, nos reunindo em comunidade, \u00e9 um sinal muito maior. Todos n\u00f3s queremos experimentar o Reino de Deus, mas n\u00f3s temos que construir a estrada na rocha firme para alcan\u00e7ar o Senhor&#8221;, lembrou.<\/p>\n<p><img loading=\"lazy\" class=\"alignnone size-full wp-image-240316\" src=\"https:\/\/franciscanos.org.br\/noticias\/wp-content\/uploads\/2022\/10\/missa_03.jpg\" alt=\"\" width=\"1200\" height=\"1600\" srcset=\"https:\/\/franciscanos.org.br\/noticias\/wp-content\/uploads\/2022\/10\/missa_03.jpg 810w, https:\/\/franciscanos.org.br\/noticias\/wp-content\/uploads\/2022\/10\/missa_03-338x450.jpg 338w, https:\/\/franciscanos.org.br\/noticias\/wp-content\/uploads\/2022\/10\/missa_03-768x1024.jpg 768w, https:\/\/franciscanos.org.br\/noticias\/wp-content\/uploads\/2022\/10\/missa_03-1152x1536.jpg 1152w, https:\/\/franciscanos.org.br\/noticias\/wp-content\/uploads\/2022\/10\/missa_03-150x200.jpg 150w\" sizes=\"(max-width: 1200px) 100vw, 1200px\" \/><\/p>\n<p>&#8220;E tenho a certeza, que aquele e aquela, assim como Frei Galv\u00e3o, tiver a lucidez do Evangelho, esse sim alcan\u00e7ar\u00e1 o Reino dos C\u00e9us. Est\u00e1 a\u00ed o Evangelho, a vida de Frei Galv\u00e3o e de tantos outros crist\u00e3os apontando, de fato, que a nossa vida tem que ser consumida por aquilo que \u00e9 eterno, por aquilo que vem de Deus&#8221;, animou.<\/p>\n<p>Por fim, segundo o frade, a frase que mais se repete, segundo aqueles que estudam a Sagrada Escritura, dentre tantos acr\u00e9scimos que s\u00e3o feitos e colocados pelos evangelistas na tarefa de reunir os relatos sobre Jesus, \u00e9 o seu imperativo: &#8216;Anunciem o Reino de Deus!&#8217;. &#8220;Essa \u00e9 fala literal de Cristo. Anunciem o Reino de Deus, proclamem o reinado de meu Pai. Lucas trouxe isso no Evangelho que escutamos, esse homem que foi um conhecedor de Cristo para al\u00e9m dos doze, que d\u00e1 testemunho de Pedro, de Paulo, aquele que escreveu o Livro dos Atos dos Ap\u00f3stolos, est\u00e1 falando de uma Igreja solidificada em Jesus Cristo. E ele ajudou na constru\u00e7\u00e3o do reinado, deixando o Evangelho, que ele mesmo se det\u00e9m a escrever. S\u00e3o Lucas \u00e9 um construtor do Reino de Deus na tarefa de evangelizador&#8221;, disse, no dia que a Igreja celebra S\u00e3o Lucas.<\/p>\n<p>&#8220;Que S\u00e3o Lucas, que S\u00e3o Frei Galv\u00e3o, que S\u00e3o Francisco de Assis nos fa\u00e7a sempre conscientes de nossa miss\u00e3o e nessa vida solidificada na rocha, que \u00e9 o pr\u00f3prio Cristo!&#8221;, completou.<\/p>\n<p><img loading=\"lazy\" class=\"alignnone size-full wp-image-240317\" src=\"https:\/\/franciscanos.org.br\/noticias\/wp-content\/uploads\/2022\/10\/idosos_05.jpg\" alt=\"\" width=\"1280\" height=\"853\" srcset=\"https:\/\/franciscanos.org.br\/noticias\/wp-content\/uploads\/2022\/10\/idosos_05.jpg 1280w, https:\/\/franciscanos.org.br\/noticias\/wp-content\/uploads\/2022\/10\/idosos_05-450x300.jpg 450w, https:\/\/franciscanos.org.br\/noticias\/wp-content\/uploads\/2022\/10\/idosos_05-1024x682.jpg 1024w, https:\/\/franciscanos.org.br\/noticias\/wp-content\/uploads\/2022\/10\/idosos_05-768x512.jpg 768w, https:\/\/franciscanos.org.br\/noticias\/wp-content\/uploads\/2022\/10\/idosos_05-150x100.jpg 150w\" sizes=\"(max-width: 1280px) 100vw, 1280px\" \/><\/p>\n\n\t\t<style type=\"text\/css\">\n\t\t\t#gallery-2 {\n\t\t\t\tmargin: auto;\n\t\t\t}\n\t\t\t#gallery-2 .gallery-item {\n\t\t\t\tfloat: left;\n\t\t\t\tmargin-top: 10px;\n\t\t\t\ttext-align: center;\n\t\t\t\twidth: 11%;\n\t\t\t}\n\t\t\t#gallery-2 img {\n\t\t\t\tborder: 2px solid #cfcfcf;\n\t\t\t}\n\t\t\t#gallery-2 .gallery-caption {\n\t\t\t\tmargin-left: 0;\n\t\t\t}\n\t\t\t\/* see gallery_shortcode() in wp-includes\/media.php *\/\n\t\t<\/style>\n\t\t<div id='gallery-2' class='gallery galleryid-240301 gallery-columns-9 gallery-size-thumbnail'><dl class='gallery-item'>\n\t\t\t<dt class='gallery-icon landscape'>\n\t\t\t\t<a href='https:\/\/franciscanos.org.br\/noticias\/wp-content\/uploads\/2022\/10\/idosos_01.jpg'><img width=\"300\" height=\"300\" src=\"https:\/\/franciscanos.org.br\/noticias\/wp-content\/uploads\/2022\/10\/idosos_01-300x300.jpg\" class=\"attachment-thumbnail size-thumbnail\" alt=\"\" loading=\"lazy\" srcset=\"https:\/\/franciscanos.org.br\/noticias\/wp-content\/uploads\/2022\/10\/idosos_01-300x300.jpg 300w, https:\/\/franciscanos.org.br\/noticias\/wp-content\/uploads\/2022\/10\/idosos_01-100x100.jpg 100w\" sizes=\"(max-width: 300px) 100vw, 300px\" \/><\/a>\n\t\t\t<\/dt><\/dl><dl class='gallery-item'>\n\t\t\t<dt class='gallery-icon landscape'>\n\t\t\t\t<a href='https:\/\/franciscanos.org.br\/noticias\/wp-content\/uploads\/2022\/10\/idosos_02.jpg'><img width=\"300\" height=\"300\" src=\"https:\/\/franciscanos.org.br\/noticias\/wp-content\/uploads\/2022\/10\/idosos_02-300x300.jpg\" class=\"attachment-thumbnail size-thumbnail\" alt=\"\" loading=\"lazy\" srcset=\"https:\/\/franciscanos.org.br\/noticias\/wp-content\/uploads\/2022\/10\/idosos_02-300x300.jpg 300w, https:\/\/franciscanos.org.br\/noticias\/wp-content\/uploads\/2022\/10\/idosos_02-100x100.jpg 100w\" sizes=\"(max-width: 300px) 100vw, 300px\" \/><\/a>\n\t\t\t<\/dt><\/dl><dl class='gallery-item'>\n\t\t\t<dt class='gallery-icon landscape'>\n\t\t\t\t<a href='https:\/\/franciscanos.org.br\/noticias\/wp-content\/uploads\/2022\/10\/idosos_03.jpg'><img width=\"300\" height=\"300\" src=\"https:\/\/franciscanos.org.br\/noticias\/wp-content\/uploads\/2022\/10\/idosos_03-300x300.jpg\" class=\"attachment-thumbnail size-thumbnail\" alt=\"\" loading=\"lazy\" srcset=\"https:\/\/franciscanos.org.br\/noticias\/wp-content\/uploads\/2022\/10\/idosos_03-300x300.jpg 300w, https:\/\/franciscanos.org.br\/noticias\/wp-content\/uploads\/2022\/10\/idosos_03-100x100.jpg 100w\" sizes=\"(max-width: 300px) 100vw, 300px\" \/><\/a>\n\t\t\t<\/dt><\/dl><dl class='gallery-item'>\n\t\t\t<dt class='gallery-icon landscape'>\n\t\t\t\t<a href='https:\/\/franciscanos.org.br\/noticias\/wp-content\/uploads\/2022\/10\/idosos_04.jpg'><img width=\"300\" height=\"300\" src=\"https:\/\/franciscanos.org.br\/noticias\/wp-content\/uploads\/2022\/10\/idosos_04-300x300.jpg\" class=\"attachment-thumbnail size-thumbnail\" alt=\"\" loading=\"lazy\" srcset=\"https:\/\/franciscanos.org.br\/noticias\/wp-content\/uploads\/2022\/10\/idosos_04-300x300.jpg 300w, https:\/\/franciscanos.org.br\/noticias\/wp-content\/uploads\/2022\/10\/idosos_04-100x100.jpg 100w\" sizes=\"(max-width: 300px) 100vw, 300px\" \/><\/a>\n\t\t\t<\/dt><\/dl><dl class='gallery-item'>\n\t\t\t<dt class='gallery-icon landscape'>\n\t\t\t\t<a href='https:\/\/franciscanos.org.br\/noticias\/wp-content\/uploads\/2022\/10\/idosos_06.jpg'><img width=\"300\" height=\"300\" src=\"https:\/\/franciscanos.org.br\/noticias\/wp-content\/uploads\/2022\/10\/idosos_06-300x300.jpg\" class=\"attachment-thumbnail size-thumbnail\" alt=\"\" loading=\"lazy\" srcset=\"https:\/\/franciscanos.org.br\/noticias\/wp-content\/uploads\/2022\/10\/idosos_06-300x300.jpg 300w, https:\/\/franciscanos.org.br\/noticias\/wp-content\/uploads\/2022\/10\/idosos_06-100x100.jpg 100w\" sizes=\"(max-width: 300px) 100vw, 300px\" \/><\/a>\n\t\t\t<\/dt><\/dl><dl class='gallery-item'>\n\t\t\t<dt class='gallery-icon landscape'>\n\t\t\t\t<a href='https:\/\/franciscanos.org.br\/noticias\/wp-content\/uploads\/2022\/10\/idosos_07.jpg'><img width=\"300\" height=\"300\" src=\"https:\/\/franciscanos.org.br\/noticias\/wp-content\/uploads\/2022\/10\/idosos_07-300x300.jpg\" class=\"attachment-thumbnail size-thumbnail\" alt=\"\" loading=\"lazy\" srcset=\"https:\/\/franciscanos.org.br\/noticias\/wp-content\/uploads\/2022\/10\/idosos_07-300x300.jpg 300w, https:\/\/franciscanos.org.br\/noticias\/wp-content\/uploads\/2022\/10\/idosos_07-100x100.jpg 100w\" sizes=\"(max-width: 300px) 100vw, 300px\" \/><\/a>\n\t\t\t<\/dt><\/dl><dl class='gallery-item'>\n\t\t\t<dt class='gallery-icon landscape'>\n\t\t\t\t<a href='https:\/\/franciscanos.org.br\/noticias\/wp-content\/uploads\/2022\/10\/idosos_08.jpg'><img width=\"300\" height=\"300\" src=\"https:\/\/franciscanos.org.br\/noticias\/wp-content\/uploads\/2022\/10\/idosos_08-300x300.jpg\" class=\"attachment-thumbnail size-thumbnail\" alt=\"\" loading=\"lazy\" srcset=\"https:\/\/franciscanos.org.br\/noticias\/wp-content\/uploads\/2022\/10\/idosos_08-300x300.jpg 300w, https:\/\/franciscanos.org.br\/noticias\/wp-content\/uploads\/2022\/10\/idosos_08-100x100.jpg 100w\" sizes=\"(max-width: 300px) 100vw, 300px\" \/><\/a>\n\t\t\t<\/dt><\/dl><dl class='gallery-item'>\n\t\t\t<dt class='gallery-icon landscape'>\n\t\t\t\t<a href='https:\/\/franciscanos.org.br\/noticias\/wp-content\/uploads\/2022\/10\/idosos_09.jpg'><img width=\"300\" height=\"300\" src=\"https:\/\/franciscanos.org.br\/noticias\/wp-content\/uploads\/2022\/10\/idosos_09-300x300.jpg\" class=\"attachment-thumbnail size-thumbnail\" alt=\"\" loading=\"lazy\" srcset=\"https:\/\/franciscanos.org.br\/noticias\/wp-content\/uploads\/2022\/10\/idosos_09-300x300.jpg 300w, https:\/\/franciscanos.org.br\/noticias\/wp-content\/uploads\/2022\/10\/idosos_09-100x100.jpg 100w\" sizes=\"(max-width: 300px) 100vw, 300px\" \/><\/a>\n\t\t\t<\/dt><\/dl><dl class='gallery-item'>\n\t\t\t<dt class='gallery-icon landscape'>\n\t\t\t\t<a href='https:\/\/franciscanos.org.br\/noticias\/wp-content\/uploads\/2022\/10\/idosos_10.jpg'><img width=\"300\" height=\"300\" src=\"https:\/\/franciscanos.org.br\/noticias\/wp-content\/uploads\/2022\/10\/idosos_10-300x300.jpg\" class=\"attachment-thumbnail size-thumbnail\" alt=\"\" loading=\"lazy\" srcset=\"https:\/\/franciscanos.org.br\/noticias\/wp-content\/uploads\/2022\/10\/idosos_10-300x300.jpg 300w, https:\/\/franciscanos.org.br\/noticias\/wp-content\/uploads\/2022\/10\/idosos_10-100x100.jpg 100w\" sizes=\"(max-width: 300px) 100vw, 300px\" \/><\/a>\n\t\t\t<\/dt><\/dl><br style=\"clear: both\" \/>\n\t\t<\/div>\n\n<p><strong>Frei Galv\u00e3o vai \u00e0s Periferias existenciais<\/strong><\/p>\n<p><strong>Visita ao Lar dos Velhinhos S\u00e3o Francisco de Assis<\/strong><\/p>\n<p>Hoje, dia 18, as atividades da Semana Mission\u00e1ria tiveram continuidade durante a Festa de Frei Galv\u00e3o. A visita foi ao Lar dos Velhinhos de S\u00e3o Francisco de Assis. Levando uma mensagem de paz e conforto, os mission\u00e1rios manifestaram a pessoa de Jesus Cristo presente na vida de Frei Galv\u00e3o, com gestos de partilha.<\/p>\n<p>O primeiro santo brasileiro n\u00e3o mediu esfor\u00e7os para praticar em obras aquilo que aprendeu com a Palavra do Santo Evangelho. Todos n\u00f3s somos chamados a ser mensageiros da paz. Com a gra\u00e7a da velhice, a humanidade \u00e9 chamada a aprender a ser perseverante.<\/p>\n<hr \/>\n<p><strong>PROGRAMA\u00c7\u00c3O<\/strong><\/p>\n<p><strong>19 de outubro \u2013 Quarta-feira (Gesto concreto: A\u00e7\u00facar)<\/strong><\/p>\n<p>09h00 \u2013 Miss\u00e3o: Visita ao Pres\u00eddio P1 de Potim<br \/>\n15h00 \u2013 Missa do 4\u00b0 dia da Novena \u2013 Tema: \u201cFrei Galv\u00e3o, Administrador Fiel da Caridade\u201d.<br \/>\n19h30 \u2013 Missa do 4\u00b0 dia da Novena \u2013 Tema: \u201cFrei Galv\u00e3o, Administrador Fiel da Caridade\u201d<br \/>\n19h00 \u2013 Barraquinhas de Doces e Salgados<\/p>\n<hr \/>\n<p><em>Equipe de Comunica\u00e7\u00e3o do Santu\u00e1rio Frei Galv\u00e3o<\/em><\/p>\n","protected":false},"excerpt":{"rendered":"<p>Festa de Frei Galv\u00e3o 2022<\/p>\n","protected":false},"author":3,"featured_media":240302,"comment_status":"open","ping_status":"open","sticky":false,"template":"","format":"standard","meta":[],"categories":[1],"tags":[2067],"acf":[],"yoast_head":"<!-- This site is optimized with the Yoast SEO plugin v19.2 - https:\/\/yoast.com\/wordpress\/plugins\/seo\/ -->\n<title>Dom Jo\u00e3o Bosco: testemunhos que transformam vidas - Not\u00edcias - Franciscanos<\/title>\n<meta name=\"robots\" content=\"index, follow, max-snippet:-1, max-image-preview:large, max-video-preview:-1\" \/>\n<link rel=\"canonical\" href=\"https:\/\/franciscanos.org.br\/noticias\/dom-joao-bosco-testemunhos-que-transformam-vidas.html\" \/>\n<meta property=\"og:locale\" content=\"pt_BR\" \/>\n<meta property=\"og:type\" content=\"article\" \/>\n<meta property=\"og:title\" content=\"Dom Jo\u00e3o Bosco: testemunhos que transformam vidas - Not\u00edcias - Franciscanos\" \/>\n<meta property=\"og:description\" content=\"Festa de Frei Galv\u00e3o 2022\" \/>\n<meta property=\"og:url\" content=\"https:\/\/franciscanos.org.br\/noticias\/dom-joao-bosco-testemunhos-que-transformam-vidas.html\" \/>\n<meta property=\"og:site_name\" content=\"Not\u00edcias - Franciscanos\" \/>\n<meta property=\"article:published_time\" content=\"2022-10-19T01:12:53+00:00\" \/>\n<meta property=\"og:image\" content=\"https:\/\/franciscanos.org.br\/noticias\/wp-content\/uploads\/2022\/10\/bosco_18_4.jpg\" \/>\n\t<meta property=\"og:image:width\" content=\"1280\" \/>\n\t<meta property=\"og:image:height\" content=\"720\" \/>\n\t<meta property=\"og:image:type\" content=\"image\/jpeg\" \/>\n<meta name=\"author\" content=\"moacir\" \/>\n<meta name=\"twitter:card\" content=\"summary_large_image\" \/>\n<meta name=\"twitter:label1\" content=\"Escrito por\" \/>\n\t<meta name=\"twitter:data1\" content=\"moacir\" \/>\n\t<meta name=\"twitter:label2\" content=\"Est. tempo de leitura\" \/>\n\t<meta name=\"twitter:data2\" content=\"12 minutos\" \/>\n<script type=\"application\/ld+json\" class=\"yoast-schema-graph\">{\"@context\":\"https:\/\/schema.org\",\"@graph\":[{\"@type\":\"WebSite\",\"@id\":\"https:\/\/franciscanos.org.br\/noticias\/#website\",\"url\":\"https:\/\/franciscanos.org.br\/noticias\/\",\"name\":\"Not\u00edcias - Franciscanos\",\"description\":\"Prov\u00edncia Franciscana da Imaculada Concei\u00e7\u00e3o do Brasil - Ordem dos Frades Menores - OFM\",\"potentialAction\":[{\"@type\":\"SearchAction\",\"target\":{\"@type\":\"EntryPoint\",\"urlTemplate\":\"https:\/\/franciscanos.org.br\/noticias\/?s={search_term_string}\"},\"query-input\":\"required name=search_term_string\"}],\"inLanguage\":\"pt-BR\"},{\"@type\":\"ImageObject\",\"inLanguage\":\"pt-BR\",\"@id\":\"https:\/\/franciscanos.org.br\/noticias\/dom-joao-bosco-testemunhos-que-transformam-vidas.html#primaryimage\",\"url\":\"https:\/\/franciscanos.org.br\/noticias\/wp-content\/uploads\/2022\/10\/bosco_18_4.jpg\",\"contentUrl\":\"https:\/\/franciscanos.org.br\/noticias\/wp-content\/uploads\/2022\/10\/bosco_18_4.jpg\",\"width\":1280,\"height\":720},{\"@type\":\"WebPage\",\"@id\":\"https:\/\/franciscanos.org.br\/noticias\/dom-joao-bosco-testemunhos-que-transformam-vidas.html#webpage\",\"url\":\"https:\/\/franciscanos.org.br\/noticias\/dom-joao-bosco-testemunhos-que-transformam-vidas.html\",\"name\":\"Dom Jo\u00e3o Bosco: testemunhos que transformam vidas - Not\u00edcias - Franciscanos\",\"isPartOf\":{\"@id\":\"https:\/\/franciscanos.org.br\/noticias\/#website\"},\"primaryImageOfPage\":{\"@id\":\"https:\/\/franciscanos.org.br\/noticias\/dom-joao-bosco-testemunhos-que-transformam-vidas.html#primaryimage\"},\"datePublished\":\"2022-10-19T01:12:53+00:00\",\"dateModified\":\"2022-10-19T01:12:53+00:00\",\"author\":{\"@id\":\"https:\/\/franciscanos.org.br\/noticias\/#\/schema\/person\/b5c8cba458c330ccff548b056e95a5d4\"},\"breadcrumb\":{\"@id\":\"https:\/\/franciscanos.org.br\/noticias\/dom-joao-bosco-testemunhos-que-transformam-vidas.html#breadcrumb\"},\"inLanguage\":\"pt-BR\",\"potentialAction\":[{\"@type\":\"ReadAction\",\"target\":[\"https:\/\/franciscanos.org.br\/noticias\/dom-joao-bosco-testemunhos-que-transformam-vidas.html\"]}]},{\"@type\":\"BreadcrumbList\",\"@id\":\"https:\/\/franciscanos.org.br\/noticias\/dom-joao-bosco-testemunhos-que-transformam-vidas.html#breadcrumb\",\"itemListElement\":[{\"@type\":\"ListItem\",\"position\":1,\"name\":\"Home\",\"item\":\"https:\/\/franciscanos.org.br\/noticias\"},{\"@type\":\"ListItem\",\"position\":2,\"name\":\"Dom Jo\u00e3o Bosco: testemunhos que transformam vidas\"}]},{\"@type\":\"Person\",\"@id\":\"https:\/\/franciscanos.org.br\/noticias\/#\/schema\/person\/b5c8cba458c330ccff548b056e95a5d4\",\"name\":\"moacir\",\"image\":{\"@type\":\"ImageObject\",\"inLanguage\":\"pt-BR\",\"@id\":\"https:\/\/franciscanos.org.br\/noticias\/#\/schema\/person\/image\/\",\"url\":\"https:\/\/secure.gravatar.com\/avatar\/d08aa2ce4c8dd416d4479aa8536fcf64?s=96&d=mm&r=g\",\"contentUrl\":\"https:\/\/secure.gravatar.com\/avatar\/d08aa2ce4c8dd416d4479aa8536fcf64?s=96&d=mm&r=g\",\"caption\":\"moacir\"},\"url\":\"https:\/\/franciscanos.org.br\/noticias\/author\/moacir\"}]}<\/script>\n<!-- \/ Yoast SEO plugin. -->","yoast_head_json":{"title":"Dom Jo\u00e3o Bosco: testemunhos que transformam vidas - Not\u00edcias - Franciscanos","robots":{"index":"index","follow":"follow","max-snippet":"max-snippet:-1","max-image-preview":"max-image-preview:large","max-video-preview":"max-video-preview:-1"},"canonical":"https:\/\/franciscanos.org.br\/noticias\/dom-joao-bosco-testemunhos-que-transformam-vidas.html","og_locale":"pt_BR","og_type":"article","og_title":"Dom Jo\u00e3o Bosco: testemunhos que transformam vidas - Not\u00edcias - Franciscanos","og_description":"Festa de Frei Galv\u00e3o 2022","og_url":"https:\/\/franciscanos.org.br\/noticias\/dom-joao-bosco-testemunhos-que-transformam-vidas.html","og_site_name":"Not\u00edcias - Franciscanos","article_published_time":"2022-10-19T01:12:53+00:00","og_image":[{"width":1280,"height":720,"url":"https:\/\/franciscanos.org.br\/noticias\/wp-content\/uploads\/2022\/10\/bosco_18_4.jpg","type":"image\/jpeg"}],"author":"moacir","twitter_card":"summary_large_image","twitter_misc":{"Escrito por":"moacir","Est. tempo de leitura":"12 minutos"},"schema":{"@context":"https:\/\/schema.org","@graph":[{"@type":"WebSite","@id":"https:\/\/franciscanos.org.br\/noticias\/#website","url":"https:\/\/franciscanos.org.br\/noticias\/","name":"Not\u00edcias - Franciscanos","description":"Prov\u00edncia Franciscana da Imaculada Concei\u00e7\u00e3o do Brasil - Ordem dos Frades Menores - OFM","potentialAction":[{"@type":"SearchAction","target":{"@type":"EntryPoint","urlTemplate":"https:\/\/franciscanos.org.br\/noticias\/?s={search_term_string}"},"query-input":"required name=search_term_string"}],"inLanguage":"pt-BR"},{"@type":"ImageObject","inLanguage":"pt-BR","@id":"https:\/\/franciscanos.org.br\/noticias\/dom-joao-bosco-testemunhos-que-transformam-vidas.html#primaryimage","url":"https:\/\/franciscanos.org.br\/noticias\/wp-content\/uploads\/2022\/10\/bosco_18_4.jpg","contentUrl":"https:\/\/franciscanos.org.br\/noticias\/wp-content\/uploads\/2022\/10\/bosco_18_4.jpg","width":1280,"height":720},{"@type":"WebPage","@id":"https:\/\/franciscanos.org.br\/noticias\/dom-joao-bosco-testemunhos-que-transformam-vidas.html#webpage","url":"https:\/\/franciscanos.org.br\/noticias\/dom-joao-bosco-testemunhos-que-transformam-vidas.html","name":"Dom Jo\u00e3o Bosco: testemunhos que transformam vidas - Not\u00edcias - Franciscanos","isPartOf":{"@id":"https:\/\/franciscanos.org.br\/noticias\/#website"},"primaryImageOfPage":{"@id":"https:\/\/franciscanos.org.br\/noticias\/dom-joao-bosco-testemunhos-que-transformam-vidas.html#primaryimage"},"datePublished":"2022-10-19T01:12:53+00:00","dateModified":"2022-10-19T01:12:53+00:00","author":{"@id":"https:\/\/franciscanos.org.br\/noticias\/#\/schema\/person\/b5c8cba458c330ccff548b056e95a5d4"},"breadcrumb":{"@id":"https:\/\/franciscanos.org.br\/noticias\/dom-joao-bosco-testemunhos-que-transformam-vidas.html#breadcrumb"},"inLanguage":"pt-BR","potentialAction":[{"@type":"ReadAction","target":["https:\/\/franciscanos.org.br\/noticias\/dom-joao-bosco-testemunhos-que-transformam-vidas.html"]}]},{"@type":"BreadcrumbList","@id":"https:\/\/franciscanos.org.br\/noticias\/dom-joao-bosco-testemunhos-que-transformam-vidas.html#breadcrumb","itemListElement":[{"@type":"ListItem","position":1,"name":"Home","item":"https:\/\/franciscanos.org.br\/noticias"},{"@type":"ListItem","position":2,"name":"Dom Jo\u00e3o Bosco: testemunhos que transformam vidas"}]},{"@type":"Person","@id":"https:\/\/franciscanos.org.br\/noticias\/#\/schema\/person\/b5c8cba458c330ccff548b056e95a5d4","name":"moacir","image":{"@type":"ImageObject","inLanguage":"pt-BR","@id":"https:\/\/franciscanos.org.br\/noticias\/#\/schema\/person\/image\/","url":"https:\/\/secure.gravatar.com\/avatar\/d08aa2ce4c8dd416d4479aa8536fcf64?s=96&d=mm&r=g","contentUrl":"https:\/\/secure.gravatar.com\/avatar\/d08aa2ce4c8dd416d4479aa8536fcf64?s=96&d=mm&r=g","caption":"moacir"},"url":"https:\/\/franciscanos.org.br\/noticias\/author\/moacir"}]}},"_links":{"self":[{"href":"https:\/\/franciscanos.org.br\/noticias\/wp-json\/wp\/v2\/posts\/240301"}],"collection":[{"href":"https:\/\/franciscanos.org.br\/noticias\/wp-json\/wp\/v2\/posts"}],"about":[{"href":"https:\/\/franciscanos.org.br\/noticias\/wp-json\/wp\/v2\/types\/post"}],"author":[{"embeddable":true,"href":"https:\/\/franciscanos.org.br\/noticias\/wp-json\/wp\/v2\/users\/3"}],"replies":[{"embeddable":true,"href":"https:\/\/franciscanos.org.br\/noticias\/wp-json\/wp\/v2\/comments?post=240301"}],"version-history":[{"count":1,"href":"https:\/\/franciscanos.org.br\/noticias\/wp-json\/wp\/v2\/posts\/240301\/revisions"}],"predecessor-version":[{"id":240327,"href":"https:\/\/franciscanos.org.br\/noticias\/wp-json\/wp\/v2\/posts\/240301\/revisions\/240327"}],"wp:featuredmedia":[{"embeddable":true,"href":"https:\/\/franciscanos.org.br\/noticias\/wp-json\/wp\/v2\/media\/240302"}],"wp:attachment":[{"href":"https:\/\/franciscanos.org.br\/noticias\/wp-json\/wp\/v2\/media?parent=240301"}],"wp:term":[{"taxonomy":"category","embeddable":true,"href":"https:\/\/franciscanos.org.br\/noticias\/wp-json\/wp\/v2\/categories?post=240301"},{"taxonomy":"post_tag","embeddable":true,"href":"https:\/\/franciscanos.org.br\/noticias\/wp-json\/wp\/v2\/tags?post=240301"}],"curies":[{"name":"wp","href":"https:\/\/api.w.org\/{rel}","templated":true}]}}