{"id":240297,"date":"2022-10-18T13:44:46","date_gmt":"2022-10-18T16:44:46","guid":{"rendered":"https:\/\/franciscanos.org.br\/noticias\/?p=240297"},"modified":"2022-10-18T13:44:46","modified_gmt":"2022-10-18T16:44:46","slug":"pastoral-universitaria-da-fae-e-sav-promovem-semana-franciscana","status":"publish","type":"post","link":"https:\/\/franciscanos.org.br\/noticias\/pastoral-universitaria-da-fae-e-sav-promovem-semana-franciscana.html","title":{"rendered":"Pastoral Universit\u00e1ria da FAE e SAV promovem Semana Franciscana"},"content":{"rendered":"<p><img loading=\"lazy\" class=\"alignnone wp-image-240298 size-full\" src=\"https:\/\/franciscanos.org.br\/noticias\/wp-content\/uploads\/2022\/10\/fae_18.jpg\" alt=\"\" width=\"1280\" height=\"729\" srcset=\"https:\/\/franciscanos.org.br\/noticias\/wp-content\/uploads\/2022\/10\/fae_18.jpg 1280w, https:\/\/franciscanos.org.br\/noticias\/wp-content\/uploads\/2022\/10\/fae_18-450x256.jpg 450w, https:\/\/franciscanos.org.br\/noticias\/wp-content\/uploads\/2022\/10\/fae_18-1024x583.jpg 1024w, https:\/\/franciscanos.org.br\/noticias\/wp-content\/uploads\/2022\/10\/fae_18-768x437.jpg 768w, https:\/\/franciscanos.org.br\/noticias\/wp-content\/uploads\/2022\/10\/fae_18-150x85.jpg 150w\" sizes=\"(max-width: 1280px) 100vw, 1280px\" \/><\/p>\n<p>Entre os dias 14 e 16 de outubro, a Pastoral Universit\u00e1ria da FAE, em parceria com o Servi\u00e7o de Anima\u00e7\u00e3o Vocacional da Prov\u00edncia Franciscana da Imaculada Concei\u00e7\u00e3o do Brasil, promoveram a Miss\u00e3o Franciscana FAE, na cidade de Blumenau, Santa Catarina.<\/p>\n<p>O encontro teve como lema \u201cVede, irm\u00e3os, que humildade a de Deus! Derramai diante d\u2019Ele os vossos cora\u00e7\u00f5es!\u201d (S\u00e3o Francisco de Assis). Desse modo, os 32 participantes, estudantes da FAE Centro Universit\u00e1rio, puderam vivenciar ainda mais o carisma franciscano.<\/p>\n<p>A Miss\u00e3o Franciscana FAE foi tamb\u00e9m um retiro. Pois, um franciscano n\u00e3o faz nada sem antes se abastecer, assumir um compromisso consigo mesmo, assim como fez S\u00e3o Francisco de Assis. Nesse sentido, os participantes puderam ter a experi\u00eancia de vivenciar a vida religiosa e franciscana durante os dias que se passaram. Ou seja, vivenciaram momentos de ora\u00e7\u00e3o, de fraternidade, de trabalhos de evangeliza\u00e7\u00e3o, divis\u00e3o de servi\u00e7os internos, forma\u00e7\u00e3o franciscana e a viv\u00eancia dos votos (castidade, obedi\u00eancia e pobreza). Assim, puderam entender um pouco mais o significado de cada voto.<\/p>\n<p>Nesse sentido, a Miss\u00e3o Franciscana FAE foi uma grande oportunidade para a reflex\u00e3o pessoal e para manter viva e acesa a for\u00e7a, que se origina dos ensinamentos de S\u00e3o Francisco de Assis, dentro de cada um de n\u00f3s.<\/p>\n<p><img loading=\"lazy\" class=\"alignnone wp-image-240299 size-full\" src=\"https:\/\/franciscanos.org.br\/noticias\/wp-content\/uploads\/2022\/10\/fae_02.jpg\" alt=\"\" width=\"1280\" height=\"567\" srcset=\"https:\/\/franciscanos.org.br\/noticias\/wp-content\/uploads\/2022\/10\/fae_02.jpg 1280w, https:\/\/franciscanos.org.br\/noticias\/wp-content\/uploads\/2022\/10\/fae_02-450x199.jpg 450w, https:\/\/franciscanos.org.br\/noticias\/wp-content\/uploads\/2022\/10\/fae_02-1024x454.jpg 1024w, https:\/\/franciscanos.org.br\/noticias\/wp-content\/uploads\/2022\/10\/fae_02-768x340.jpg 768w, https:\/\/franciscanos.org.br\/noticias\/wp-content\/uploads\/2022\/10\/fae_02-150x66.jpg 150w\" sizes=\"(max-width: 1280px) 100vw, 1280px\" \/><\/p>\n<hr \/>\n<p><em>Equipe de Comunica\u00e7\u00e3o da Pastoral Universit\u00e1ria da FAE<\/em><\/p>\n","protected":false},"excerpt":{"rendered":"<p>Pastoral Universit\u00e1ria da FAE<\/p>\n","protected":false},"author":3,"featured_media":240298,"comment_status":"open","ping_status":"open","sticky":false,"template":"","format":"standard","meta":[],"categories":[1],"tags":[548],"acf":[],"yoast_head":"<!-- This site is optimized with the Yoast SEO plugin v19.2 - https:\/\/yoast.com\/wordpress\/plugins\/seo\/ -->\n<title>Pastoral Universit\u00e1ria da FAE e SAV promovem Semana Franciscana - Not\u00edcias - Franciscanos<\/title>\n<meta name=\"robots\" content=\"index, follow, max-snippet:-1, max-image-preview:large, max-video-preview:-1\" \/>\n<link rel=\"canonical\" href=\"https:\/\/franciscanos.org.br\/noticias\/pastoral-universitaria-da-fae-e-sav-promovem-semana-franciscana.html\" \/>\n<meta property=\"og:locale\" content=\"pt_BR\" \/>\n<meta property=\"og:type\" content=\"article\" \/>\n<meta property=\"og:title\" content=\"Pastoral Universit\u00e1ria da FAE e SAV promovem Semana Franciscana - Not\u00edcias - Franciscanos\" \/>\n<meta property=\"og:description\" content=\"Pastoral Universit\u00e1ria da FAE\" \/>\n<meta property=\"og:url\" content=\"https:\/\/franciscanos.org.br\/noticias\/pastoral-universitaria-da-fae-e-sav-promovem-semana-franciscana.html\" \/>\n<meta property=\"og:site_name\" content=\"Not\u00edcias - Franciscanos\" \/>\n<meta property=\"article:published_time\" content=\"2022-10-18T16:44:46+00:00\" \/>\n<meta property=\"og:image\" content=\"https:\/\/franciscanos.org.br\/noticias\/wp-content\/uploads\/2022\/10\/fae_18.jpg\" \/>\n\t<meta property=\"og:image:width\" content=\"1280\" \/>\n\t<meta property=\"og:image:height\" content=\"729\" \/>\n\t<meta property=\"og:image:type\" content=\"image\/jpeg\" \/>\n<meta name=\"author\" content=\"moacir\" \/>\n<meta name=\"twitter:card\" content=\"summary_large_image\" \/>\n<meta name=\"twitter:label1\" content=\"Escrito por\" \/>\n\t<meta name=\"twitter:data1\" content=\"moacir\" \/>\n\t<meta name=\"twitter:label2\" content=\"Est. tempo de leitura\" \/>\n\t<meta name=\"twitter:data2\" content=\"1 minuto\" \/>\n<script type=\"application\/ld+json\" class=\"yoast-schema-graph\">{\"@context\":\"https:\/\/schema.org\",\"@graph\":[{\"@type\":\"WebSite\",\"@id\":\"https:\/\/franciscanos.org.br\/noticias\/#website\",\"url\":\"https:\/\/franciscanos.org.br\/noticias\/\",\"name\":\"Not\u00edcias - Franciscanos\",\"description\":\"Prov\u00edncia Franciscana da Imaculada Concei\u00e7\u00e3o do Brasil - Ordem dos Frades Menores - OFM\",\"potentialAction\":[{\"@type\":\"SearchAction\",\"target\":{\"@type\":\"EntryPoint\",\"urlTemplate\":\"https:\/\/franciscanos.org.br\/noticias\/?s={search_term_string}\"},\"query-input\":\"required name=search_term_string\"}],\"inLanguage\":\"pt-BR\"},{\"@type\":\"ImageObject\",\"inLanguage\":\"pt-BR\",\"@id\":\"https:\/\/franciscanos.org.br\/noticias\/pastoral-universitaria-da-fae-e-sav-promovem-semana-franciscana.html#primaryimage\",\"url\":\"https:\/\/franciscanos.org.br\/noticias\/wp-content\/uploads\/2022\/10\/fae_18.jpg\",\"contentUrl\":\"https:\/\/franciscanos.org.br\/noticias\/wp-content\/uploads\/2022\/10\/fae_18.jpg\",\"width\":1280,\"height\":729},{\"@type\":\"WebPage\",\"@id\":\"https:\/\/franciscanos.org.br\/noticias\/pastoral-universitaria-da-fae-e-sav-promovem-semana-franciscana.html#webpage\",\"url\":\"https:\/\/franciscanos.org.br\/noticias\/pastoral-universitaria-da-fae-e-sav-promovem-semana-franciscana.html\",\"name\":\"Pastoral Universit\u00e1ria da FAE e SAV promovem Semana Franciscana - Not\u00edcias - Franciscanos\",\"isPartOf\":{\"@id\":\"https:\/\/franciscanos.org.br\/noticias\/#website\"},\"primaryImageOfPage\":{\"@id\":\"https:\/\/franciscanos.org.br\/noticias\/pastoral-universitaria-da-fae-e-sav-promovem-semana-franciscana.html#primaryimage\"},\"datePublished\":\"2022-10-18T16:44:46+00:00\",\"dateModified\":\"2022-10-18T16:44:46+00:00\",\"author\":{\"@id\":\"https:\/\/franciscanos.org.br\/noticias\/#\/schema\/person\/b5c8cba458c330ccff548b056e95a5d4\"},\"breadcrumb\":{\"@id\":\"https:\/\/franciscanos.org.br\/noticias\/pastoral-universitaria-da-fae-e-sav-promovem-semana-franciscana.html#breadcrumb\"},\"inLanguage\":\"pt-BR\",\"potentialAction\":[{\"@type\":\"ReadAction\",\"target\":[\"https:\/\/franciscanos.org.br\/noticias\/pastoral-universitaria-da-fae-e-sav-promovem-semana-franciscana.html\"]}]},{\"@type\":\"BreadcrumbList\",\"@id\":\"https:\/\/franciscanos.org.br\/noticias\/pastoral-universitaria-da-fae-e-sav-promovem-semana-franciscana.html#breadcrumb\",\"itemListElement\":[{\"@type\":\"ListItem\",\"position\":1,\"name\":\"Home\",\"item\":\"https:\/\/franciscanos.org.br\/noticias\"},{\"@type\":\"ListItem\",\"position\":2,\"name\":\"Pastoral Universit\u00e1ria da FAE e SAV promovem Semana Franciscana\"}]},{\"@type\":\"Person\",\"@id\":\"https:\/\/franciscanos.org.br\/noticias\/#\/schema\/person\/b5c8cba458c330ccff548b056e95a5d4\",\"name\":\"moacir\",\"image\":{\"@type\":\"ImageObject\",\"inLanguage\":\"pt-BR\",\"@id\":\"https:\/\/franciscanos.org.br\/noticias\/#\/schema\/person\/image\/\",\"url\":\"https:\/\/secure.gravatar.com\/avatar\/d08aa2ce4c8dd416d4479aa8536fcf64?s=96&d=mm&r=g\",\"contentUrl\":\"https:\/\/secure.gravatar.com\/avatar\/d08aa2ce4c8dd416d4479aa8536fcf64?s=96&d=mm&r=g\",\"caption\":\"moacir\"},\"url\":\"https:\/\/franciscanos.org.br\/noticias\/author\/moacir\"}]}<\/script>\n<!-- \/ Yoast SEO plugin. -->","yoast_head_json":{"title":"Pastoral Universit\u00e1ria da FAE e SAV promovem Semana Franciscana - Not\u00edcias - Franciscanos","robots":{"index":"index","follow":"follow","max-snippet":"max-snippet:-1","max-image-preview":"max-image-preview:large","max-video-preview":"max-video-preview:-1"},"canonical":"https:\/\/franciscanos.org.br\/noticias\/pastoral-universitaria-da-fae-e-sav-promovem-semana-franciscana.html","og_locale":"pt_BR","og_type":"article","og_title":"Pastoral Universit\u00e1ria da FAE e SAV promovem Semana Franciscana - Not\u00edcias - Franciscanos","og_description":"Pastoral Universit\u00e1ria da FAE","og_url":"https:\/\/franciscanos.org.br\/noticias\/pastoral-universitaria-da-fae-e-sav-promovem-semana-franciscana.html","og_site_name":"Not\u00edcias - Franciscanos","article_published_time":"2022-10-18T16:44:46+00:00","og_image":[{"width":1280,"height":729,"url":"https:\/\/franciscanos.org.br\/noticias\/wp-content\/uploads\/2022\/10\/fae_18.jpg","type":"image\/jpeg"}],"author":"moacir","twitter_card":"summary_large_image","twitter_misc":{"Escrito por":"moacir","Est. tempo de leitura":"1 minuto"},"schema":{"@context":"https:\/\/schema.org","@graph":[{"@type":"WebSite","@id":"https:\/\/franciscanos.org.br\/noticias\/#website","url":"https:\/\/franciscanos.org.br\/noticias\/","name":"Not\u00edcias - Franciscanos","description":"Prov\u00edncia Franciscana da Imaculada Concei\u00e7\u00e3o do Brasil - Ordem dos Frades Menores - OFM","potentialAction":[{"@type":"SearchAction","target":{"@type":"EntryPoint","urlTemplate":"https:\/\/franciscanos.org.br\/noticias\/?s={search_term_string}"},"query-input":"required name=search_term_string"}],"inLanguage":"pt-BR"},{"@type":"ImageObject","inLanguage":"pt-BR","@id":"https:\/\/franciscanos.org.br\/noticias\/pastoral-universitaria-da-fae-e-sav-promovem-semana-franciscana.html#primaryimage","url":"https:\/\/franciscanos.org.br\/noticias\/wp-content\/uploads\/2022\/10\/fae_18.jpg","contentUrl":"https:\/\/franciscanos.org.br\/noticias\/wp-content\/uploads\/2022\/10\/fae_18.jpg","width":1280,"height":729},{"@type":"WebPage","@id":"https:\/\/franciscanos.org.br\/noticias\/pastoral-universitaria-da-fae-e-sav-promovem-semana-franciscana.html#webpage","url":"https:\/\/franciscanos.org.br\/noticias\/pastoral-universitaria-da-fae-e-sav-promovem-semana-franciscana.html","name":"Pastoral Universit\u00e1ria da FAE e SAV promovem Semana Franciscana - Not\u00edcias - Franciscanos","isPartOf":{"@id":"https:\/\/franciscanos.org.br\/noticias\/#website"},"primaryImageOfPage":{"@id":"https:\/\/franciscanos.org.br\/noticias\/pastoral-universitaria-da-fae-e-sav-promovem-semana-franciscana.html#primaryimage"},"datePublished":"2022-10-18T16:44:46+00:00","dateModified":"2022-10-18T16:44:46+00:00","author":{"@id":"https:\/\/franciscanos.org.br\/noticias\/#\/schema\/person\/b5c8cba458c330ccff548b056e95a5d4"},"breadcrumb":{"@id":"https:\/\/franciscanos.org.br\/noticias\/pastoral-universitaria-da-fae-e-sav-promovem-semana-franciscana.html#breadcrumb"},"inLanguage":"pt-BR","potentialAction":[{"@type":"ReadAction","target":["https:\/\/franciscanos.org.br\/noticias\/pastoral-universitaria-da-fae-e-sav-promovem-semana-franciscana.html"]}]},{"@type":"BreadcrumbList","@id":"https:\/\/franciscanos.org.br\/noticias\/pastoral-universitaria-da-fae-e-sav-promovem-semana-franciscana.html#breadcrumb","itemListElement":[{"@type":"ListItem","position":1,"name":"Home","item":"https:\/\/franciscanos.org.br\/noticias"},{"@type":"ListItem","position":2,"name":"Pastoral Universit\u00e1ria da FAE e SAV promovem Semana Franciscana"}]},{"@type":"Person","@id":"https:\/\/franciscanos.org.br\/noticias\/#\/schema\/person\/b5c8cba458c330ccff548b056e95a5d4","name":"moacir","image":{"@type":"ImageObject","inLanguage":"pt-BR","@id":"https:\/\/franciscanos.org.br\/noticias\/#\/schema\/person\/image\/","url":"https:\/\/secure.gravatar.com\/avatar\/d08aa2ce4c8dd416d4479aa8536fcf64?s=96&d=mm&r=g","contentUrl":"https:\/\/secure.gravatar.com\/avatar\/d08aa2ce4c8dd416d4479aa8536fcf64?s=96&d=mm&r=g","caption":"moacir"},"url":"https:\/\/franciscanos.org.br\/noticias\/author\/moacir"}]}},"_links":{"self":[{"href":"https:\/\/franciscanos.org.br\/noticias\/wp-json\/wp\/v2\/posts\/240297"}],"collection":[{"href":"https:\/\/franciscanos.org.br\/noticias\/wp-json\/wp\/v2\/posts"}],"about":[{"href":"https:\/\/franciscanos.org.br\/noticias\/wp-json\/wp\/v2\/types\/post"}],"author":[{"embeddable":true,"href":"https:\/\/franciscanos.org.br\/noticias\/wp-json\/wp\/v2\/users\/3"}],"replies":[{"embeddable":true,"href":"https:\/\/franciscanos.org.br\/noticias\/wp-json\/wp\/v2\/comments?post=240297"}],"version-history":[{"count":1,"href":"https:\/\/franciscanos.org.br\/noticias\/wp-json\/wp\/v2\/posts\/240297\/revisions"}],"predecessor-version":[{"id":240300,"href":"https:\/\/franciscanos.org.br\/noticias\/wp-json\/wp\/v2\/posts\/240297\/revisions\/240300"}],"wp:featuredmedia":[{"embeddable":true,"href":"https:\/\/franciscanos.org.br\/noticias\/wp-json\/wp\/v2\/media\/240298"}],"wp:attachment":[{"href":"https:\/\/franciscanos.org.br\/noticias\/wp-json\/wp\/v2\/media?parent=240297"}],"wp:term":[{"taxonomy":"category","embeddable":true,"href":"https:\/\/franciscanos.org.br\/noticias\/wp-json\/wp\/v2\/categories?post=240297"},{"taxonomy":"post_tag","embeddable":true,"href":"https:\/\/franciscanos.org.br\/noticias\/wp-json\/wp\/v2\/tags?post=240297"}],"curies":[{"name":"wp","href":"https:\/\/api.w.org\/{rel}","templated":true}]}}