{"id":240262,"date":"2022-10-17T22:23:28","date_gmt":"2022-10-18T01:23:28","guid":{"rendered":"https:\/\/franciscanos.org.br\/noticias\/?p=240262"},"modified":"2022-10-17T22:24:21","modified_gmt":"2022-10-18T01:24:21","slug":"frei-diego-partilhar-com-os-pobres-e-olhar-para-as-pessoas-e-reconhecer-nelas-a-dignidade-que-tem","status":"publish","type":"post","link":"https:\/\/franciscanos.org.br\/noticias\/frei-diego-partilhar-com-os-pobres-e-olhar-para-as-pessoas-e-reconhecer-nelas-a-dignidade-que-tem.html","title":{"rendered":"Frei Diego: &#8220;Partilhar com os pobres \u00e9 olhar para as pessoas e reconhecer nelas a dignidade que t\u00eam&#8221;"},"content":{"rendered":"<p><img loading=\"lazy\" class=\"alignnone size-full wp-image-240263\" src=\"https:\/\/franciscanos.org.br\/noticias\/wp-content\/uploads\/2022\/10\/abre_16.jpg\" alt=\"\" width=\"1280\" height=\"720\" srcset=\"https:\/\/franciscanos.org.br\/noticias\/wp-content\/uploads\/2022\/10\/abre_16.jpg 1280w, https:\/\/franciscanos.org.br\/noticias\/wp-content\/uploads\/2022\/10\/abre_16-450x253.jpg 450w, https:\/\/franciscanos.org.br\/noticias\/wp-content\/uploads\/2022\/10\/abre_16-1024x576.jpg 1024w, https:\/\/franciscanos.org.br\/noticias\/wp-content\/uploads\/2022\/10\/abre_16-768x432.jpg 768w, https:\/\/franciscanos.org.br\/noticias\/wp-content\/uploads\/2022\/10\/abre_16-150x84.jpg 150w\" sizes=\"(max-width: 1280px) 100vw, 1280px\" \/><\/p>\n<p><strong>Guaratinguet\u00e1 (SP) &#8211;<\/strong> \u201cHomem da partilha com os pobres\u201d foi o tema deste segundo dia da Novena em louvor a Frei Galv\u00e3o e deixou o reitor do Santu\u00e1rio Frei Galv\u00e3o, Frei Diego Atalino de Melo, muito \u00e0 vontade para fazer a sua reflex\u00e3o, ele que viveu a experi\u00eancia de partilhar com os pobres as quentinhas durante os dois terr\u00edveis anos da pandemia de Covid-19 no Brasil.<\/p>\n<p>Frei Diego presidiu a Missa das 15h, tendo como concelebrantes os padres Mois\u00e9s e \u00c9dson, da Par\u00f3quia Nossa Senhora de F\u00e1tima, da Arquidiocese de Aparecida. Neste segundo dia, a partilha como gesto concreto foi a doa\u00e7\u00e3o de arroz.<\/p>\n<p>Na sua reflex\u00e3o, Frei Diego partiu do Evangelho em que Jesus conta a par\u00e1bola de um homem rico, ganancioso e ego\u00edsta, cujo ideal de vida \u00e9 apenas comer, beber e desfrutar. Este homem n\u00e3o pensa nos seus empregados, n\u00e3o pensa nos pobres; \u00e9 profundamente ganancioso e ego\u00edsta. Jesus chama-o de insensato, e fala de sua morte naquela mesma noite. &#8220;Mas interessante iniciar esta reflex\u00e3o fazendo um paralelo, uma liga\u00e7\u00e3o com o tema geral da nossa novena e festa deste ano: &#8216;\u00c9 morrendo que se vive para a vida eterna&#8217;. N\u00f3s estamos celebrando o bicenten\u00e1rio de entrada de Frei Galv\u00e3o na eternidade. E o que tem a ver o Evangelho de hoje com o tema da eternidade? Tem tudo a ver&#8221;, animou o frade.<\/p>\n<p><img loading=\"lazy\" class=\"alignnone size-full wp-image-240264\" src=\"https:\/\/franciscanos.org.br\/noticias\/wp-content\/uploads\/2022\/10\/diego_23.jpg\" alt=\"\" width=\"1280\" height=\"770\" srcset=\"https:\/\/franciscanos.org.br\/noticias\/wp-content\/uploads\/2022\/10\/diego_23.jpg 1280w, https:\/\/franciscanos.org.br\/noticias\/wp-content\/uploads\/2022\/10\/diego_23-450x271.jpg 450w, https:\/\/franciscanos.org.br\/noticias\/wp-content\/uploads\/2022\/10\/diego_23-1024x616.jpg 1024w, https:\/\/franciscanos.org.br\/noticias\/wp-content\/uploads\/2022\/10\/diego_23-768x462.jpg 768w, https:\/\/franciscanos.org.br\/noticias\/wp-content\/uploads\/2022\/10\/diego_23-150x90.jpg 150w\" sizes=\"(max-width: 1280px) 100vw, 1280px\" \/><\/p>\n<p>&#8220;A partilha, o dom, a gra\u00e7a da sensibilidade, da miseric\u00f3rdia para com os empobrecidos \u00e9 tamb\u00e9m um caminho para alcan\u00e7armos a eternidade. \u00c9 tamb\u00e9m um caminho que nos leva at\u00e9 o c\u00e9u, que nos garante o para\u00edso. O Evangelho de hoje apresenta Jesus sendo chamado por algu\u00e9m que precisava dividir os seus bens. Jesus responde: &#8216;Olhe, n\u00e3o tenho a obriga\u00e7\u00e3o de dividir os vossos bens&#8217;. Por que ser\u00e1 que Jesus responde assim para este homem que pedia a sua ajuda para dividir a heran\u00e7a? Quem aqui j\u00e1 passou por esse processo de divis\u00e3o de heran\u00e7a sabe o quanto \u00e9 delicado, o quanto cria intrigas, brigas e divis\u00f5es na fam\u00edlia. Ser\u00e1 que Jesus era insens\u00edvel a isso? N\u00e3o. Jesus sempre procurou apaziguar as coisas, Jesus sempre procurou resolver os conflitos e ele n\u00e3o seria indiferente a este conflito familiar na hora de divis\u00e3o de heran\u00e7as. Jesus tinha tamb\u00e9m uma palavra, certamente, para um conflito na hora da divis\u00e3o de heran\u00e7as. Mas Jesus n\u00e3o quis ficar na superficialidade dessa discuss\u00e3o. Ele quis aprofundar a quest\u00e3o e, por isso, ele diz em outras palavras: &#8216;Eu n\u00e3o vou me envolver nessa briga de fam\u00edlia&#8217;, mas eu quero apresentar para voc\u00eas algo muito mais nobre, algo muito maior, algo muito mais prof\u00e9tico. E o que Jesus apresenta?&#8221;, pergunta Frei Diego.<\/p>\n<p>&#8220;O dom, a gra\u00e7a da partilha, que se op\u00f5e ao ego\u00edsmo, ao ac\u00famulo, \u00e0 insensibilidade. Foi isso que Jesus fez&#8221;, respondeu o celebrante, explicando que o homem rico fez uma grande colheita e faltavam celeiros para tantos gr\u00e3os. &#8220;E a\u00ed diz Jesus: tudo isso \u00e9 ilus\u00e3o, amanh\u00e3 mesmo a vida pode se acabar e quem \u00e9 que fica com essa fortuna, com todo esse dinheiro e toda essa riqueza?&#8221;, acrescentou.<\/p>\n<p><img loading=\"lazy\" class=\"alignnone size-full wp-image-240265\" src=\"https:\/\/franciscanos.org.br\/noticias\/wp-content\/uploads\/2022\/10\/leo_18.jpg\" alt=\"\" width=\"1280\" height=\"1245\" srcset=\"https:\/\/franciscanos.org.br\/noticias\/wp-content\/uploads\/2022\/10\/leo_18.jpg 1110w, https:\/\/franciscanos.org.br\/noticias\/wp-content\/uploads\/2022\/10\/leo_18-450x438.jpg 450w, https:\/\/franciscanos.org.br\/noticias\/wp-content\/uploads\/2022\/10\/leo_18-1024x996.jpg 1024w, https:\/\/franciscanos.org.br\/noticias\/wp-content\/uploads\/2022\/10\/leo_18-768x747.jpg 768w, https:\/\/franciscanos.org.br\/noticias\/wp-content\/uploads\/2022\/10\/leo_18-150x146.jpg 150w\" sizes=\"(max-width: 1280px) 100vw, 1280px\" \/><\/p>\n<p>Frei Diego, ent\u00e3o, frisou que Jesus n\u00e3o se opunha a uma vida digna. &#8220;N\u00e3o \u00e9 que Jesus n\u00e3o fique feliz com um pai e uma m\u00e3e que t\u00eam condi\u00e7\u00f5es de dar uma boa educa\u00e7\u00e3o para seus filhos, de colocar alimento na mesa, de ter uma moradia digna. Jesus fica feliz com isso. Agora, o problema \u00e9 quando esse desejo de ter as condi\u00e7\u00f5es dignas vai sendo, muitas vezes, tomado por um desejo de ac\u00famulo cada vez maior. Insaci\u00e1vel. Quando esse desejo de ter, quem sabe, uma condi\u00e7\u00e3o digna se torna um pretexto para deixar a gente tamb\u00e9m cega, insens\u00edvel para com o outro, a\u00ed sim, o bem, o dinheiro, a riqueza, n\u00e3o est\u00e3o servindo para adquirir as riquezas l\u00e1 no c\u00e9u&#8221;, ressaltou o frade.<\/p>\n<p>Retomando o tema da Festa deste ano, &#8216;\u00e9 morrendo que se vive para a vida eterna&#8217;, disse que a partilha e a sensibilidade para com as pessoas que mais precisam \u00e9 tamb\u00e9m um caminho para entrarmos na vida eterna. &#8220;E aqui \u00e9 bem importante a gente tomar isso como verdade porque muitas vezes a gente que, todos os dias est\u00e1 atendendo a confiss\u00e3o, raramente se percebe que a partilha, ou a falta dela, pesa na consci\u00eancia. Vamos fazer uma retrospectiva das nossas confiss\u00f5es. Ser\u00e1 que quando vou me confessar tamb\u00e9m pe\u00e7o perd\u00e3o a Jesus pelo meu ego\u00edsmo, pela minha insensibilidade, pelo meu preconceito, pela minha avers\u00e3o aos pobres? Ou ser\u00e1 que isso nem passa pela minha cabe\u00e7a, como se isso n\u00e3o fosse pecado? Ser\u00e1 que quando vou me confessar eu me acuso tamb\u00e9m da minha incapacidade de pensar no outro? Agora, \u00e9 tempo de elei\u00e7\u00f5es. Daqui a dois anos teremos elei\u00e7\u00f5es municipais. E ser\u00e1 quando penso no meu voto, penso somente em mim ou penso no coletivo?\u00a0 Ah, para mim, est\u00e1 tudo bem ent\u00e3o voto nesse. Tudo bem, tem muitas quest\u00f5es que para mim est\u00e3o tudo ok. Mas eu n\u00e3o penso somente em mim, penso no outro tamb\u00e9m. O Evangelho nos ensina isso e exige essa minha postura&#8221;, questionou o frade.<\/p>\n<p><img loading=\"lazy\" class=\"alignnone size-full wp-image-240266\" src=\"https:\/\/franciscanos.org.br\/noticias\/wp-content\/uploads\/2022\/10\/diego_18.jpg\" alt=\"\" width=\"1280\" height=\"853\" srcset=\"https:\/\/franciscanos.org.br\/noticias\/wp-content\/uploads\/2022\/10\/diego_18.jpg 1280w, https:\/\/franciscanos.org.br\/noticias\/wp-content\/uploads\/2022\/10\/diego_18-450x300.jpg 450w, https:\/\/franciscanos.org.br\/noticias\/wp-content\/uploads\/2022\/10\/diego_18-1024x682.jpg 1024w, https:\/\/franciscanos.org.br\/noticias\/wp-content\/uploads\/2022\/10\/diego_18-768x512.jpg 768w, https:\/\/franciscanos.org.br\/noticias\/wp-content\/uploads\/2022\/10\/diego_18-150x100.jpg 150w\" sizes=\"(max-width: 1280px) 100vw, 1280px\" \/><\/p>\n<p>&#8220;Ent\u00e3o, a nossa dificuldade de partilhar, de dividir deve pesar na nossa consci\u00eancia e deve nos fazer tamb\u00e9m pedir perd\u00e3o a Deus. Por que tudo isso? Porque Frei Galv\u00e3o \u00e9 modelo nessa partilha, \u00e9 modelo desse desprendimento para colocar em comum, pelo pr\u00f3prio esp\u00edrito franciscano, pelo pr\u00f3prio voto de n\u00e3o ter nada de pr\u00f3prio, Frei Galv\u00e3o fazia da sua vida uma doa\u00e7\u00e3o. E quando a gente fala doa\u00e7\u00e3o, n\u00e3o significa dar um dinheiro, dar uma moedinha a quem est\u00e1 l\u00e1 na cal\u00e7ada no centro da cidade. N\u00e3o \u00e9 s\u00f3 dar uma esmola e a\u00ed minha consci\u00eancia est\u00e1 livre, mas \u00e9 pensar na transforma\u00e7\u00e3o da sociedade, de tal modo que o ideal seria eu n\u00e3o precisar dar esmolas, de tal modo que eu n\u00e3o precisasse encontrar sempre um morador em situa\u00e7\u00e3o de rua, de tal modo que eu pudesse devolver a dignidade para todas as pessoas&#8221;, ensinou Frei Diego.<\/p>\n<p>Segundo ele, Frei Galv\u00e3o, durante a sua vida, foi o homem da partilha com os pobres. &#8220;E ele partilhou n\u00e3o s\u00f3 os seus bens como conta a biografia dele. Muitas vezes ele ia nas vendinhas de antigamente, onde se comprava comida, e pagava as contas dos endividados, porque Frei Galv\u00e3o sabia que o alimento, o necess\u00e1rio b\u00e1sico, n\u00e3o podia faltar. Partilhava o que tinha para ajudar os mais pobres. Mas conta tamb\u00e9m a biografia de Frei Galv\u00e3o que ele era capaz de enfrentar at\u00e9 as autoridades civis da \u00e9poca para defender os mais pobres. Vejam s\u00f3, Frei Galv\u00e3o partilhava o que tinha, os seus bens, partilhava a sua autoridade, ia como frei, como padre, enfrentava tudo para defender os mais pobres, partilhava a sua espiritualidade. As p\u00edlulas s\u00e3o grande express\u00e3o disso. O desejo de, a qualquer custo, atender as pessoas. Como n\u00e3o podia ir atender aquele rapaz que estava com crise renal, o que ele faz? Escreve uma ora\u00e7\u00e3o num papel, enrola como p\u00edlula e envia. Vejam como Deus aben\u00e7oou isso porque Frei Galv\u00e3o tinha o desejo de partilhar tudo com os mais necessitados. E a\u00ed a gente amplia o conceito de pobreza e percebe que n\u00e3o \u00e9 somente material. Pobreza pode ser espiritual, de aten\u00e7\u00e3o, pode ser emocional. Frei Galv\u00e3o partilhava tudo o que tinha em todos os sentidos&#8221;, disse o frade.<\/p>\n<p>&#8220;O quanto esta partilha tem que ser ampliada, o quanto n\u00f3s precisamos ainda expandir o nosso conceito e perceber que aquilo que a Ora\u00e7\u00e3o de S\u00e3o Francisco nos diz &#8211; &#8216;\u00e9 dando que se recebe&#8217; &#8211; pode nos encher&#8221;, frisou.<\/p>\n<p><img loading=\"lazy\" class=\"alignnone size-full wp-image-240279\" src=\"https:\/\/franciscanos.org.br\/noticias\/wp-content\/uploads\/2022\/10\/leo_22.jpg\" alt=\"\" width=\"1280\" height=\"853\" srcset=\"https:\/\/franciscanos.org.br\/noticias\/wp-content\/uploads\/2022\/10\/leo_22.jpg 1280w, https:\/\/franciscanos.org.br\/noticias\/wp-content\/uploads\/2022\/10\/leo_22-450x300.jpg 450w, https:\/\/franciscanos.org.br\/noticias\/wp-content\/uploads\/2022\/10\/leo_22-1024x682.jpg 1024w, https:\/\/franciscanos.org.br\/noticias\/wp-content\/uploads\/2022\/10\/leo_22-768x512.jpg 768w, https:\/\/franciscanos.org.br\/noticias\/wp-content\/uploads\/2022\/10\/leo_22-150x100.jpg 150w\" sizes=\"(max-width: 1280px) 100vw, 1280px\" \/><\/p>\n<p>Frei Diego, ent\u00e3o, contou um fato para encerrar a sua reflex\u00e3o sobre a partilha. &#8220;H\u00e1 dois anos, no come\u00e7o da pandemia em S\u00e3o Paulo, n\u00f3s, os franciscanos, montamos uma tenda de distribui\u00e7\u00e3o de alimentos para pessoas em situa\u00e7\u00e3o de rua, aquelas que muitas vezes s\u00e3o julgadas e desprezadas. L\u00e1 montamos e literalmente n\u00f3s engan\u00e1vamos a fome do povo com p\u00e3o e \u00e1gua. A gente podia sentir a fome das pessoas. De cinquenta moradores em situa\u00e7\u00e3o de rua, de repente est\u00e1vamos com 200, 400, em quinze dias eram 1.500 pessoas para alimentar. Gente que n\u00e3o tinha de onde tirar o seu sustento. Pois bem, o tempo passou, n\u00f3s conseguimos organizar a tenda, as doa\u00e7\u00f5es, as quentinhas, e a\u00ed resolvemos atender o Rio de Janeiro. Montamos a mesma tenda, distribuindo o almo\u00e7o e janta para a popula\u00e7\u00e3o em situa\u00e7\u00e3o de rua do Rio de Janeiro&#8221;, recordou o frade.<\/p>\n<p>&#8220;No dia 13 de junho, dia de Santo Ant\u00f4nio, estava organizando o espa\u00e7o para come\u00e7ar a distribuir o alimento e algu\u00e9m gritou meu nome no meio da pra\u00e7a: &#8216;Frei Diego, Frei Diego&#8230;&#8217;. Eu olhei aquele rapaz l\u00e1 ao longe, com a mochila nas costas, e disse: &#8216;Oi, irm\u00e3o, diga&#8217;. Ele respondeu: &#8216;Frei, voc\u00ea lembra de mim?&#8217; Respondi: &#8216;Eu estou lembrando de voc\u00ea, mas me ajude a lembrar o teu nome&#8217;. A\u00ed, ele falou: &#8216;Frei, voc\u00ea quer saber o meu nome para voc\u00ea e para Deus, ou quer saber o meu nome para a sociedade?&#8217; Eu disse: &#8216;Como assim?&#8217; Ele respondeu: &#8216;N\u00e3o, frei, o meu nome para voc\u00eas \u00e9 Marcos, mas o meu nome para a sociedade \u00e9 lixo&#8217;. Aquilo me tocou profundamente e a\u00ed eu disse: &#8216;\u00c9 Marcos, mas de onde voc\u00ea vem?&#8217; Ele disse: &#8216;Frei, estou vindo l\u00e1 de S\u00e3o Paulo. Quando voc\u00ea e os outros freis estavam l\u00e1 na tenda de S\u00e3o Paulo, voc\u00eas paravam na fila na hora da senha e perguntavam o nosso nome. E um dia voc\u00eas pararam e conversaram comigo. Perguntaram de onde vinha, quem eu era&#8217;. E ele disse assim: &#8216;Frei, faz onze dias que estou caminhando. Quando eu soube que voc\u00eas tinham vindo aqui para o Rio de Janeiro, eu peguei a minha mochila, e como n\u00e3o tinha dinheiro para pagar um \u00f4nibus, eu caminhei onze dias para dizer assim: &#8216;Freis, obrigado, muito obrigado, porque voc\u00eas mataram a minha fome&#8217;. E a\u00ed, eu disse: &#8216;Nossa, irm\u00e3o, n\u00e3o acredito que voc\u00ea veio de S\u00e3o Paulo para o Rio a p\u00e9!&#8217;. Ele respondeu: &#8216;Frei, eu precisava dizer isso: &#8216;Muito, muito obrigado porque voc\u00eas mataram n\u00e3o s\u00f3 a fome do meu corpo, mas a fome que eu estava de aten\u00e7\u00e3o. Voc\u00eas olharam para mim com dignidade&#8217;. Aquilo me desmontou por inteiro. Eu pensei assim: &#8216;Pobre n\u00e3o \u00e9 ele, pobre sou eu, pobre sou eu que n\u00e3o tenho essa nobreza de esp\u00edrito de fazer um esfor\u00e7o t\u00e3o grande, de caminhar onze dias, pedindo comida nos postos, s\u00f3 para dizer muito obrigado&#8217;. Ent\u00e3o, ele me deu um abra\u00e7o e tirou da mochilinha dele um presente: Uma pequena imagem de Nossa Senhora Aparecida, feita de pl\u00e1stico. Est\u00e1 comigo no meu quarto. E a\u00ed me abra\u00e7ou e disse: &#8216;Estou indo embora&#8217;. Eu disse: &#8216;Calma, irm\u00e3o, est\u00e1 quase na hora do almo\u00e7o&#8217;. Ele respondeu: &#8216;N\u00e3o, frei, n\u00e3o quero. Agora, n\u00e3o tenho fome. Eu posso ir embora feliz porque agradeci&#8217;. E voltou para S\u00e3o Paulo&#8221;, contou o frade.<\/p>\n\n\t\t<style type=\"text\/css\">\n\t\t\t#gallery-1 {\n\t\t\t\tmargin: auto;\n\t\t\t}\n\t\t\t#gallery-1 .gallery-item {\n\t\t\t\tfloat: left;\n\t\t\t\tmargin-top: 10px;\n\t\t\t\ttext-align: center;\n\t\t\t\twidth: 16%;\n\t\t\t}\n\t\t\t#gallery-1 img {\n\t\t\t\tborder: 2px solid #cfcfcf;\n\t\t\t}\n\t\t\t#gallery-1 .gallery-caption {\n\t\t\t\tmargin-left: 0;\n\t\t\t}\n\t\t\t\/* see gallery_shortcode() in wp-includes\/media.php *\/\n\t\t<\/style>\n\t\t<div id='gallery-1' class='gallery galleryid-240262 gallery-columns-6 gallery-size-thumbnail'><dl class='gallery-item'>\n\t\t\t<dt class='gallery-icon landscape'>\n\t\t\t\t<a href='https:\/\/franciscanos.org.br\/noticias\/wp-content\/uploads\/2022\/10\/diego_16.jpg'><img width=\"300\" height=\"300\" src=\"https:\/\/franciscanos.org.br\/noticias\/wp-content\/uploads\/2022\/10\/diego_16-300x300.jpg\" class=\"attachment-thumbnail size-thumbnail\" alt=\"\" loading=\"lazy\" srcset=\"https:\/\/franciscanos.org.br\/noticias\/wp-content\/uploads\/2022\/10\/diego_16-300x300.jpg 300w, https:\/\/franciscanos.org.br\/noticias\/wp-content\/uploads\/2022\/10\/diego_16-100x100.jpg 100w\" sizes=\"(max-width: 300px) 100vw, 300px\" \/><\/a>\n\t\t\t<\/dt><\/dl><dl class='gallery-item'>\n\t\t\t<dt class='gallery-icon landscape'>\n\t\t\t\t<a href='https:\/\/franciscanos.org.br\/noticias\/wp-content\/uploads\/2022\/10\/diego_17.jpg'><img width=\"300\" height=\"300\" src=\"https:\/\/franciscanos.org.br\/noticias\/wp-content\/uploads\/2022\/10\/diego_17-300x300.jpg\" class=\"attachment-thumbnail size-thumbnail\" alt=\"\" loading=\"lazy\" srcset=\"https:\/\/franciscanos.org.br\/noticias\/wp-content\/uploads\/2022\/10\/diego_17-300x300.jpg 300w, https:\/\/franciscanos.org.br\/noticias\/wp-content\/uploads\/2022\/10\/diego_17-100x100.jpg 100w\" sizes=\"(max-width: 300px) 100vw, 300px\" \/><\/a>\n\t\t\t<\/dt><\/dl><dl class='gallery-item'>\n\t\t\t<dt class='gallery-icon landscape'>\n\t\t\t\t<a href='https:\/\/franciscanos.org.br\/noticias\/wp-content\/uploads\/2022\/10\/diego_19.jpg'><img width=\"300\" height=\"300\" src=\"https:\/\/franciscanos.org.br\/noticias\/wp-content\/uploads\/2022\/10\/diego_19-300x300.jpg\" class=\"attachment-thumbnail size-thumbnail\" alt=\"\" loading=\"lazy\" srcset=\"https:\/\/franciscanos.org.br\/noticias\/wp-content\/uploads\/2022\/10\/diego_19-300x300.jpg 300w, https:\/\/franciscanos.org.br\/noticias\/wp-content\/uploads\/2022\/10\/diego_19-100x100.jpg 100w\" sizes=\"(max-width: 300px) 100vw, 300px\" \/><\/a>\n\t\t\t<\/dt><\/dl><dl class='gallery-item'>\n\t\t\t<dt class='gallery-icon landscape'>\n\t\t\t\t<a href='https:\/\/franciscanos.org.br\/noticias\/wp-content\/uploads\/2022\/10\/diego_20.jpg'><img width=\"300\" height=\"300\" src=\"https:\/\/franciscanos.org.br\/noticias\/wp-content\/uploads\/2022\/10\/diego_20-300x300.jpg\" class=\"attachment-thumbnail size-thumbnail\" alt=\"\" loading=\"lazy\" srcset=\"https:\/\/franciscanos.org.br\/noticias\/wp-content\/uploads\/2022\/10\/diego_20-300x300.jpg 300w, https:\/\/franciscanos.org.br\/noticias\/wp-content\/uploads\/2022\/10\/diego_20-100x100.jpg 100w\" sizes=\"(max-width: 300px) 100vw, 300px\" \/><\/a>\n\t\t\t<\/dt><\/dl><dl class='gallery-item'>\n\t\t\t<dt class='gallery-icon landscape'>\n\t\t\t\t<a href='https:\/\/franciscanos.org.br\/noticias\/wp-content\/uploads\/2022\/10\/diego_21.jpg'><img width=\"300\" height=\"300\" src=\"https:\/\/franciscanos.org.br\/noticias\/wp-content\/uploads\/2022\/10\/diego_21-300x300.jpg\" class=\"attachment-thumbnail size-thumbnail\" alt=\"\" loading=\"lazy\" srcset=\"https:\/\/franciscanos.org.br\/noticias\/wp-content\/uploads\/2022\/10\/diego_21-300x300.jpg 300w, https:\/\/franciscanos.org.br\/noticias\/wp-content\/uploads\/2022\/10\/diego_21-100x100.jpg 100w\" sizes=\"(max-width: 300px) 100vw, 300px\" \/><\/a>\n\t\t\t<\/dt><\/dl><dl class='gallery-item'>\n\t\t\t<dt class='gallery-icon landscape'>\n\t\t\t\t<a href='https:\/\/franciscanos.org.br\/noticias\/wp-content\/uploads\/2022\/10\/diego_22.jpg'><img width=\"300\" height=\"300\" src=\"https:\/\/franciscanos.org.br\/noticias\/wp-content\/uploads\/2022\/10\/diego_22-300x300.jpg\" class=\"attachment-thumbnail size-thumbnail\" alt=\"\" loading=\"lazy\" srcset=\"https:\/\/franciscanos.org.br\/noticias\/wp-content\/uploads\/2022\/10\/diego_22-300x300.jpg 300w, https:\/\/franciscanos.org.br\/noticias\/wp-content\/uploads\/2022\/10\/diego_22-100x100.jpg 100w\" sizes=\"(max-width: 300px) 100vw, 300px\" \/><\/a>\n\t\t\t<\/dt><\/dl><br style=\"clear: both\" \/>\n\t\t<\/div>\n\n<p><em>\u00a0 \u00a0 \u00a0 \u00a0 \u00a0 \u00a0 \u00a0 \u00a0 \u00a0 \u00a0 \u00a0 \u00a0 \u00a0 \u00a0 \u00a0 \u00a0 \u00a0 \u00a0 \u00a0 \u00a0 \u00a0 \u00a0 \u00a0 \u00a0 \u00a0 \u00a0 \u00a0 \u00a0 \u00a0 \u00a0 \u00a0 \u00a0 \u00a0 \u00a0 \u00a0 \u00a0 \u00a0 \u00a0 \u00a0 (toque nas imagens para ampli\u00e1-las)<\/em><\/p>\n<p>&#8220;Vejam s\u00f3: partilhar com os pobres \u00e9 mais do que dar comida; partilhar com os pobres \u00e9 mais do que jogar uma moeda, partilhar com os pobres \u00e9 olhar para as pessoas e reconhecer nelas a dignidade que t\u00eam. E elas s\u00e3o capazes de nos alimentar. A\u00ed eu me mudei do Rio e vim para Guaratinguet\u00e1 antes de assumir o Santu\u00e1rio. Estava l\u00e1 no Semin\u00e1rio, toca a campainha, e quem vem? O Marcos de novo. &#8216;Frei, voc\u00ea acha que vai ficar livre de mim? Onde voc\u00ea estiver, os freis estiverem, eu quero passar s\u00f3 para dizer que n\u00e3o esque\u00e7o de voc\u00eas&#8217;. Ano passado j\u00e1 t\u00ednhamos assumido o Santu\u00e1rio e, pelas 10 hs da manh\u00e3, quem chega aqui? O Marcos. &#8216;Frei, ao menos uma vez por ano voc\u00ea vai me encontrar de novo&#8217;. Perguntei: &#8216;Mas Marcos, como voc\u00ea veio? U\u00e9, frei, n\u00e3o tenho dinheiro, venho a p\u00e9, n\u00e3o tenho nada, sou morador em situa\u00e7\u00e3o de rua, minha fam\u00edlia me abandonou. O que tenho eu preciso valorizar. A minha riqueza s\u00e3o voc\u00eas que me deram aten\u00e7\u00e3o&#8221;, confessou.<\/p>\n<p>&#8220;Irm\u00e3os e irm\u00e3s, seguir a Frei Galv\u00e3o, homem da partilha com os pobres, significa isso. Dar tudo, dar sem medidas, dar aten\u00e7\u00e3o, dar afeto, dar solidariedade. Quanto mais a gente d\u00e1, mais a gente recebe, mais rico a gente fica&#8221;, concluiu o frade.<\/p>\n<p><img loading=\"lazy\" class=\"alignnone size-full wp-image-240267\" src=\"https:\/\/franciscanos.org.br\/noticias\/wp-content\/uploads\/2022\/10\/leo_19.jpg\" alt=\"\" width=\"1280\" height=\"1451\" srcset=\"https:\/\/franciscanos.org.br\/noticias\/wp-content\/uploads\/2022\/10\/leo_19.jpg 953w, https:\/\/franciscanos.org.br\/noticias\/wp-content\/uploads\/2022\/10\/leo_19-397x450.jpg 397w, https:\/\/franciscanos.org.br\/noticias\/wp-content\/uploads\/2022\/10\/leo_19-903x1024.jpg 903w, https:\/\/franciscanos.org.br\/noticias\/wp-content\/uploads\/2022\/10\/leo_19-768x871.jpg 768w, https:\/\/franciscanos.org.br\/noticias\/wp-content\/uploads\/2022\/10\/leo_19-150x170.jpg 150w\" sizes=\"(max-width: 1280px) 100vw, 1280px\" \/><\/p>\n<p>&nbsp;<\/p>\n<p><strong>MISSA DAS 19 HORAS<\/strong><\/p>\n<p><strong>Pe. Leo: \u201cFrei Galv\u00e3o nos mostra o verdadeiro caminho\u201d<\/strong><\/p>\n<p>O Pe. Ant\u00f4nio Leonel de Oliveira, da Par\u00f3quia Senhor Bom Jesus de Potim (SP) presidiu a segunda Missa da Novena em louvor a Frei Galv\u00e3o nesta ter\u00e7a-feira (17\/10), \u00e0s 19h30. Com ele, vieram de Potim os paroquianos, que trouxeram a imagem peregrina de Frei Galv\u00e3o e o estandarte do bicenten\u00e1rio.<\/p>\n<p>&#8220;Estamos aqui na casa de Frei Galv\u00e3o, cidade onde Frei Galv\u00e3o nasceu, onde a fam\u00edlia o educou, local onde ele foi batizado, uma terra onde temos o privil\u00e9gio de sermos agraciados com o primeiro santo brasileiro&#8221;, saudou, lembrando o tema deste dia voltado para a caridade.<\/p>\n<p>&#8220;Quanto nos tem faltado nesse tempo atual uma das tr\u00eas virtudes teologais: a f\u00e9, a esperan\u00e7a e a caridade. Frei Galv\u00e3o, um menino que foi educado no ber\u00e7o cat\u00f3lico, no ber\u00e7o crist\u00e3o, entre o s\u00e9culo 17 e 18, se hoje n\u00f3s vemos no pa\u00eds um grande n\u00famero de pobres, especialmente ap\u00f3s a pandemia, imagine na \u00e9poca de Frei Galv\u00e3o, \u00e9poca do Brasil Col\u00f4nia, da escravid\u00e3o de tanta pobreza. Um menino que nasceu de uma fam\u00edlia rica, mas que tinha na ess\u00eancia de sua vida o cristianismo. Um menino que desde o seu nascimento j\u00e1 havia sido preparado por Deus para buscar, almejar a santidade&#8221;, recordou.<\/p>\n<p>&#8220;E uma das grandes virtudes de Frei Galv\u00e3o, com certeza, \u00e9 a virtude do Sagrado Cora\u00e7\u00e3o de Jesus, a compaix\u00e3o. Um santo que sentia a dor do outro, a dor do pr\u00f3ximo, aquele n\u00e3o media esfor\u00e7os para ajudar&#8221;, acrescentou o celebrante. Pe. Leo, como \u00e9 chamado, contou que foi agraciado ao participar da beatifica\u00e7\u00e3o e canoniza\u00e7\u00e3o de Frei Galv\u00e3o.<\/p>\n\n\t\t<style type=\"text\/css\">\n\t\t\t#gallery-2 {\n\t\t\t\tmargin: auto;\n\t\t\t}\n\t\t\t#gallery-2 .gallery-item {\n\t\t\t\tfloat: left;\n\t\t\t\tmargin-top: 10px;\n\t\t\t\ttext-align: center;\n\t\t\t\twidth: 25%;\n\t\t\t}\n\t\t\t#gallery-2 img {\n\t\t\t\tborder: 2px solid #cfcfcf;\n\t\t\t}\n\t\t\t#gallery-2 .gallery-caption {\n\t\t\t\tmargin-left: 0;\n\t\t\t}\n\t\t\t\/* see gallery_shortcode() in wp-includes\/media.php *\/\n\t\t<\/style>\n\t\t<div id='gallery-2' class='gallery galleryid-240262 gallery-columns-4 gallery-size-thumbnail'><dl class='gallery-item'>\n\t\t\t<dt class='gallery-icon landscape'>\n\t\t\t\t<a href='https:\/\/franciscanos.org.br\/noticias\/wp-content\/uploads\/2022\/10\/leo_16.jpg'><img width=\"300\" height=\"300\" src=\"https:\/\/franciscanos.org.br\/noticias\/wp-content\/uploads\/2022\/10\/leo_16-300x300.jpg\" class=\"attachment-thumbnail size-thumbnail\" alt=\"\" loading=\"lazy\" srcset=\"https:\/\/franciscanos.org.br\/noticias\/wp-content\/uploads\/2022\/10\/leo_16-300x300.jpg 300w, https:\/\/franciscanos.org.br\/noticias\/wp-content\/uploads\/2022\/10\/leo_16-100x100.jpg 100w\" sizes=\"(max-width: 300px) 100vw, 300px\" \/><\/a>\n\t\t\t<\/dt><\/dl><dl class='gallery-item'>\n\t\t\t<dt class='gallery-icon landscape'>\n\t\t\t\t<a href='https:\/\/franciscanos.org.br\/noticias\/wp-content\/uploads\/2022\/10\/leo_17.jpg'><img width=\"300\" height=\"300\" src=\"https:\/\/franciscanos.org.br\/noticias\/wp-content\/uploads\/2022\/10\/leo_17-300x300.jpg\" class=\"attachment-thumbnail size-thumbnail\" alt=\"\" loading=\"lazy\" srcset=\"https:\/\/franciscanos.org.br\/noticias\/wp-content\/uploads\/2022\/10\/leo_17-300x300.jpg 300w, https:\/\/franciscanos.org.br\/noticias\/wp-content\/uploads\/2022\/10\/leo_17-100x100.jpg 100w\" sizes=\"(max-width: 300px) 100vw, 300px\" \/><\/a>\n\t\t\t<\/dt><\/dl><dl class='gallery-item'>\n\t\t\t<dt class='gallery-icon landscape'>\n\t\t\t\t<a href='https:\/\/franciscanos.org.br\/noticias\/wp-content\/uploads\/2022\/10\/leo_21.jpg'><img width=\"300\" height=\"300\" src=\"https:\/\/franciscanos.org.br\/noticias\/wp-content\/uploads\/2022\/10\/leo_21-300x300.jpg\" class=\"attachment-thumbnail size-thumbnail\" alt=\"\" loading=\"lazy\" srcset=\"https:\/\/franciscanos.org.br\/noticias\/wp-content\/uploads\/2022\/10\/leo_21-300x300.jpg 300w, https:\/\/franciscanos.org.br\/noticias\/wp-content\/uploads\/2022\/10\/leo_21-100x100.jpg 100w\" sizes=\"(max-width: 300px) 100vw, 300px\" \/><\/a>\n\t\t\t<\/dt><\/dl><dl class='gallery-item'>\n\t\t\t<dt class='gallery-icon landscape'>\n\t\t\t\t<a href='https:\/\/franciscanos.org.br\/noticias\/wp-content\/uploads\/2022\/10\/leo_23.jpg'><img width=\"300\" height=\"300\" src=\"https:\/\/franciscanos.org.br\/noticias\/wp-content\/uploads\/2022\/10\/leo_23-300x300.jpg\" class=\"attachment-thumbnail size-thumbnail\" alt=\"\" loading=\"lazy\" srcset=\"https:\/\/franciscanos.org.br\/noticias\/wp-content\/uploads\/2022\/10\/leo_23-300x300.jpg 300w, https:\/\/franciscanos.org.br\/noticias\/wp-content\/uploads\/2022\/10\/leo_23-100x100.jpg 100w\" sizes=\"(max-width: 300px) 100vw, 300px\" \/><\/a>\n\t\t\t<\/dt><\/dl><br style=\"clear: both\" \/>\n\t\t<\/div>\n\n<p><em>\u00a0 \u00a0 \u00a0 \u00a0 \u00a0 \u00a0 \u00a0 \u00a0 \u00a0 \u00a0 \u00a0 \u00a0 \u00a0 \u00a0 \u00a0 \u00a0 \u00a0 \u00a0 \u00a0 \u00a0 \u00a0 \u00a0 \u00a0 \u00a0 \u00a0 \u00a0 \u00a0 \u00a0 \u00a0 \u00a0 \u00a0 \u00a0 \u00a0 \u00a0 \u00a0 \u00a0 \u00a0 \u00a0(toque nas imagens para ampli\u00e1-las)<\/em><\/p>\n<p>Segundo o Pel Leo, desde cedo as pessoas procuravam Frei Galv\u00e3o pela f\u00e9, pela m\u00edstica que tinha. &#8220;Por isso, precisamos entender que o nosso caminho na comunidade crist\u00e3 n\u00e3o \u00e9 um caminho que a gente escolhe, mas um caminho que somos convidados a viver quando damos o nosso &#8216;sim&#8217; a Deus. Precisamos aprender de Frei Galv\u00e3o a entrega, a f\u00e9, acreditar plenamente que Deus opera todas as coisas por n\u00f3s. Um homem que nos ajuda a viver a ess\u00eancia do cristianismo hoje. E dentro dessa realidade quantos testemunhos n\u00f3s temos de Frei Galv\u00e3o!&#8221;, disse.<\/p>\n<p>&#8220;Mesmo depois da morte de Frei Galv\u00e3o, ele ainda ajuda os pobres, os desvalidos, os desesperados. Uma salva de palmas a Frei Galv\u00e3o, que nos ajuda a ver que a nossa Igreja \u00e9 viva, mas precisamos ter f\u00e9 para caminharmos, precisamos acreditar&#8221;, pediu.<\/p>\n<p>Segundo ele, \u00e9 preciso entender que nosso caminho \u00e9 m\u00edstico. &#8220;Muitas vezes, n\u00f3s s\u00f3 queremos caminhar pela raz\u00e3o, por aquilo que v\u00ea, por aquilo que a gente toca, mas o mundo de Deus n\u00e3o \u00e9 assim. Frei Galv\u00e3o nos mostra esse verdadeiro caminho&#8221;, ensinou.<\/p>\n<p>&#8220;Nos edifica ver quantas gra\u00e7as Frei Galv\u00e3o nos mostra hoje e que ele intercede junto de Deus por n\u00f3s. Mas por qu\u00ea? Porque seu olhar \u00e9 voltado para os pobres, para as pessoas que n\u00e3o t\u00eam aux\u00edlio nenhum, que est\u00e3o muitas vezes sombrias e na esc\u00f3ria da vida, condenadas a qualquer tipo de morte. Esse santo nos mostra que nosso Deus \u00e9 vivo e verdadeiro.\u00a0 Esse ano, em dezembro, vamos comemorar o bicenten\u00e1rio da morte de Frei Galv\u00e3o. Duzentos anos de sua partida ao c\u00e9u. Mas ele est\u00e1 mais vivo do que nunca, trazendo tantos milagres para n\u00f3s&#8221;, completou.<\/p>\n<p><img loading=\"lazy\" class=\"alignnone size-full wp-image-240269\" src=\"https:\/\/franciscanos.org.br\/noticias\/wp-content\/uploads\/2022\/10\/asilo_09.jpg\" alt=\"\" width=\"1280\" height=\"853\" srcset=\"https:\/\/franciscanos.org.br\/noticias\/wp-content\/uploads\/2022\/10\/asilo_09.jpg 1280w, https:\/\/franciscanos.org.br\/noticias\/wp-content\/uploads\/2022\/10\/asilo_09-450x300.jpg 450w, https:\/\/franciscanos.org.br\/noticias\/wp-content\/uploads\/2022\/10\/asilo_09-1024x682.jpg 1024w, https:\/\/franciscanos.org.br\/noticias\/wp-content\/uploads\/2022\/10\/asilo_09-768x512.jpg 768w, https:\/\/franciscanos.org.br\/noticias\/wp-content\/uploads\/2022\/10\/asilo_09-150x100.jpg 150w\" sizes=\"(max-width: 1280px) 100vw, 1280px\" \/><\/p>\n<p><img loading=\"lazy\" class=\"alignnone size-full wp-image-240268\" src=\"https:\/\/franciscanos.org.br\/noticias\/wp-content\/uploads\/2022\/10\/asilo_08.jpg\" alt=\"\" width=\"1280\" height=\"853\" srcset=\"https:\/\/franciscanos.org.br\/noticias\/wp-content\/uploads\/2022\/10\/asilo_08.jpg 1280w, https:\/\/franciscanos.org.br\/noticias\/wp-content\/uploads\/2022\/10\/asilo_08-450x300.jpg 450w, https:\/\/franciscanos.org.br\/noticias\/wp-content\/uploads\/2022\/10\/asilo_08-1024x682.jpg 1024w, https:\/\/franciscanos.org.br\/noticias\/wp-content\/uploads\/2022\/10\/asilo_08-768x512.jpg 768w, https:\/\/franciscanos.org.br\/noticias\/wp-content\/uploads\/2022\/10\/asilo_08-150x100.jpg 150w\" sizes=\"(max-width: 1280px) 100vw, 1280px\" \/><\/p>\n\n\t\t<style type=\"text\/css\">\n\t\t\t#gallery-3 {\n\t\t\t\tmargin: auto;\n\t\t\t}\n\t\t\t#gallery-3 .gallery-item {\n\t\t\t\tfloat: left;\n\t\t\t\tmargin-top: 10px;\n\t\t\t\ttext-align: center;\n\t\t\t\twidth: 11%;\n\t\t\t}\n\t\t\t#gallery-3 img {\n\t\t\t\tborder: 2px solid #cfcfcf;\n\t\t\t}\n\t\t\t#gallery-3 .gallery-caption {\n\t\t\t\tmargin-left: 0;\n\t\t\t}\n\t\t\t\/* see gallery_shortcode() in wp-includes\/media.php *\/\n\t\t<\/style>\n\t\t<div id='gallery-3' class='gallery galleryid-240262 gallery-columns-9 gallery-size-thumbnail'><dl class='gallery-item'>\n\t\t\t<dt class='gallery-icon landscape'>\n\t\t\t\t<a href='https:\/\/franciscanos.org.br\/noticias\/wp-content\/uploads\/2022\/10\/asilo_01.jpg'><img width=\"300\" height=\"300\" src=\"https:\/\/franciscanos.org.br\/noticias\/wp-content\/uploads\/2022\/10\/asilo_01-300x300.jpg\" class=\"attachment-thumbnail size-thumbnail\" alt=\"\" loading=\"lazy\" srcset=\"https:\/\/franciscanos.org.br\/noticias\/wp-content\/uploads\/2022\/10\/asilo_01-300x300.jpg 300w, https:\/\/franciscanos.org.br\/noticias\/wp-content\/uploads\/2022\/10\/asilo_01-100x100.jpg 100w\" sizes=\"(max-width: 300px) 100vw, 300px\" \/><\/a>\n\t\t\t<\/dt><\/dl><dl class='gallery-item'>\n\t\t\t<dt class='gallery-icon landscape'>\n\t\t\t\t<a href='https:\/\/franciscanos.org.br\/noticias\/wp-content\/uploads\/2022\/10\/asilo_02.jpg'><img width=\"300\" height=\"300\" src=\"https:\/\/franciscanos.org.br\/noticias\/wp-content\/uploads\/2022\/10\/asilo_02-300x300.jpg\" class=\"attachment-thumbnail size-thumbnail\" alt=\"\" loading=\"lazy\" srcset=\"https:\/\/franciscanos.org.br\/noticias\/wp-content\/uploads\/2022\/10\/asilo_02-300x300.jpg 300w, https:\/\/franciscanos.org.br\/noticias\/wp-content\/uploads\/2022\/10\/asilo_02-100x100.jpg 100w\" sizes=\"(max-width: 300px) 100vw, 300px\" \/><\/a>\n\t\t\t<\/dt><\/dl><dl class='gallery-item'>\n\t\t\t<dt class='gallery-icon landscape'>\n\t\t\t\t<a href='https:\/\/franciscanos.org.br\/noticias\/wp-content\/uploads\/2022\/10\/asilo_03.jpg'><img width=\"300\" height=\"300\" src=\"https:\/\/franciscanos.org.br\/noticias\/wp-content\/uploads\/2022\/10\/asilo_03-300x300.jpg\" class=\"attachment-thumbnail size-thumbnail\" alt=\"\" loading=\"lazy\" srcset=\"https:\/\/franciscanos.org.br\/noticias\/wp-content\/uploads\/2022\/10\/asilo_03-300x300.jpg 300w, https:\/\/franciscanos.org.br\/noticias\/wp-content\/uploads\/2022\/10\/asilo_03-100x100.jpg 100w\" sizes=\"(max-width: 300px) 100vw, 300px\" \/><\/a>\n\t\t\t<\/dt><\/dl><dl class='gallery-item'>\n\t\t\t<dt class='gallery-icon landscape'>\n\t\t\t\t<a href='https:\/\/franciscanos.org.br\/noticias\/wp-content\/uploads\/2022\/10\/asilo_04.jpg'><img width=\"300\" height=\"300\" src=\"https:\/\/franciscanos.org.br\/noticias\/wp-content\/uploads\/2022\/10\/asilo_04-300x300.jpg\" class=\"attachment-thumbnail size-thumbnail\" alt=\"\" loading=\"lazy\" srcset=\"https:\/\/franciscanos.org.br\/noticias\/wp-content\/uploads\/2022\/10\/asilo_04-300x300.jpg 300w, https:\/\/franciscanos.org.br\/noticias\/wp-content\/uploads\/2022\/10\/asilo_04-100x100.jpg 100w\" sizes=\"(max-width: 300px) 100vw, 300px\" \/><\/a>\n\t\t\t<\/dt><\/dl><dl class='gallery-item'>\n\t\t\t<dt class='gallery-icon landscape'>\n\t\t\t\t<a href='https:\/\/franciscanos.org.br\/noticias\/wp-content\/uploads\/2022\/10\/asilo_05.jpg'><img width=\"300\" height=\"300\" src=\"https:\/\/franciscanos.org.br\/noticias\/wp-content\/uploads\/2022\/10\/asilo_05-300x300.jpg\" class=\"attachment-thumbnail size-thumbnail\" alt=\"\" loading=\"lazy\" srcset=\"https:\/\/franciscanos.org.br\/noticias\/wp-content\/uploads\/2022\/10\/asilo_05-300x300.jpg 300w, https:\/\/franciscanos.org.br\/noticias\/wp-content\/uploads\/2022\/10\/asilo_05-100x100.jpg 100w\" sizes=\"(max-width: 300px) 100vw, 300px\" \/><\/a>\n\t\t\t<\/dt><\/dl><dl class='gallery-item'>\n\t\t\t<dt class='gallery-icon landscape'>\n\t\t\t\t<a href='https:\/\/franciscanos.org.br\/noticias\/wp-content\/uploads\/2022\/10\/asilo_06.jpg'><img width=\"300\" height=\"300\" src=\"https:\/\/franciscanos.org.br\/noticias\/wp-content\/uploads\/2022\/10\/asilo_06-300x300.jpg\" class=\"attachment-thumbnail size-thumbnail\" alt=\"\" loading=\"lazy\" srcset=\"https:\/\/franciscanos.org.br\/noticias\/wp-content\/uploads\/2022\/10\/asilo_06-300x300.jpg 300w, https:\/\/franciscanos.org.br\/noticias\/wp-content\/uploads\/2022\/10\/asilo_06-100x100.jpg 100w\" sizes=\"(max-width: 300px) 100vw, 300px\" \/><\/a>\n\t\t\t<\/dt><\/dl><dl class='gallery-item'>\n\t\t\t<dt class='gallery-icon landscape'>\n\t\t\t\t<a href='https:\/\/franciscanos.org.br\/noticias\/wp-content\/uploads\/2022\/10\/asilo_10.jpg'><img width=\"300\" height=\"300\" src=\"https:\/\/franciscanos.org.br\/noticias\/wp-content\/uploads\/2022\/10\/asilo_10-300x300.jpg\" class=\"attachment-thumbnail size-thumbnail\" alt=\"\" loading=\"lazy\" srcset=\"https:\/\/franciscanos.org.br\/noticias\/wp-content\/uploads\/2022\/10\/asilo_10-300x300.jpg 300w, https:\/\/franciscanos.org.br\/noticias\/wp-content\/uploads\/2022\/10\/asilo_10-100x100.jpg 100w\" sizes=\"(max-width: 300px) 100vw, 300px\" \/><\/a>\n\t\t\t<\/dt><\/dl><dl class='gallery-item'>\n\t\t\t<dt class='gallery-icon landscape'>\n\t\t\t\t<a href='https:\/\/franciscanos.org.br\/noticias\/wp-content\/uploads\/2022\/10\/asilo_11.jpg'><img width=\"300\" height=\"300\" src=\"https:\/\/franciscanos.org.br\/noticias\/wp-content\/uploads\/2022\/10\/asilo_11-300x300.jpg\" class=\"attachment-thumbnail size-thumbnail\" alt=\"\" loading=\"lazy\" srcset=\"https:\/\/franciscanos.org.br\/noticias\/wp-content\/uploads\/2022\/10\/asilo_11-300x300.jpg 300w, https:\/\/franciscanos.org.br\/noticias\/wp-content\/uploads\/2022\/10\/asilo_11-100x100.jpg 100w\" sizes=\"(max-width: 300px) 100vw, 300px\" \/><\/a>\n\t\t\t<\/dt><\/dl><dl class='gallery-item'>\n\t\t\t<dt class='gallery-icon landscape'>\n\t\t\t\t<a href='https:\/\/franciscanos.org.br\/noticias\/wp-content\/uploads\/2022\/10\/asilo_14.jpg'><img width=\"300\" height=\"300\" src=\"https:\/\/franciscanos.org.br\/noticias\/wp-content\/uploads\/2022\/10\/asilo_14-300x300.jpg\" class=\"attachment-thumbnail size-thumbnail\" alt=\"\" loading=\"lazy\" srcset=\"https:\/\/franciscanos.org.br\/noticias\/wp-content\/uploads\/2022\/10\/asilo_14-300x300.jpg 300w, https:\/\/franciscanos.org.br\/noticias\/wp-content\/uploads\/2022\/10\/asilo_14-100x100.jpg 100w\" sizes=\"(max-width: 300px) 100vw, 300px\" \/><\/a>\n\t\t\t<\/dt><\/dl><br style=\"clear: both\" \/>\n\t\t<\/div>\n\n<p><em>\u00a0 \u00a0 \u00a0 \u00a0 \u00a0 \u00a0 \u00a0 \u00a0 \u00a0 \u00a0 \u00a0 \u00a0 \u00a0 \u00a0 \u00a0 \u00a0 \u00a0 \u00a0 \u00a0 \u00a0 \u00a0 \u00a0 \u00a0 \u00a0 \u00a0 \u00a0 \u00a0 \u00a0 \u00a0 \u00a0 \u00a0 \u00a0(toque nas imagens para ampli\u00e1-las)<\/em><\/p>\n<p><strong>MISS\u00c3O NO LAR S\u00c3O JOS\u00c9 <\/strong><\/p>\n<p><strong>Frei Galv\u00e3o vai \u00e0s periferias existenciais <\/strong><\/p>\n<p>\u201cA gra\u00e7a de viver e progredir \u00e9 dom de Deus\u201d. Na manh\u00e3 do segundo dia das comemora\u00e7\u00f5es de S\u00e3o Frei Galv\u00e3o, teve in\u00edcio a Semana Mission\u00e1ria. Hoje, os mission\u00e1rios, Freis e leigos, visitaram o Lar S\u00e3o Jos\u00e9. Houve celebra\u00e7\u00e3o da Eucaristia presidida por Frei Roberto Ishara. Na sua reflex\u00e3o, destacou que \u201co milagre acontece na partilha, que combate toda gan\u00e2ncia\u201d.<\/p>\n<p>\u201cFrei Galv\u00e3o colocou toda sua vida na partilha com os irm\u00e3os. A fraternidade \u00e9 um dom. Rendendo gra\u00e7as a vida de cada irm\u00e3o morador deste lar de idosos, principalmente \u00e0 gratuidade de Deus, de unir na diversidade de suas hist\u00f3rias a sabedoria que s\u00f3 a idade avan\u00e7ada concede\u201d, disse Frei Roberto.<\/p>\n<hr \/>\n<h3><strong>PROGRAMA\u00c7\u00c3O \u2013 3\u00ba DIA DA NOVENA<\/strong><\/h3>\n<p><strong>18 de outubro \u2013 Ter\u00e7a-feira (Gesto concreto: Macarr\u00e3o)<\/strong><br \/>\n<strong>07h00<\/strong> \u2013 Missa<br \/>\n<strong>09h00<\/strong> \u2013 Miss\u00e3o: Visita ao Asilo Lar dos Velhinhos S\u00e3o Francisco de Assis<br \/>\n<strong>15h00<\/strong> \u2013 Missa do 3\u00b0 dia da Novena \u2013 Tema: \u201cFrei Galv\u00e3o, Construtor do Reino de Deus\u201d.<br \/>\n<strong>19h30 <\/strong>\u2013 Missa do 3\u00b0 dia da Novena \u2013 Tema: \u201cFrei Galv\u00e3o, Construtor do Reino de Deus\u201d.<br \/>\n<strong>19h00<\/strong> \u2013 Barraquinhas de Doces e Salgados<\/p>\n<hr \/>\n<p><em>Equipe de Comunica\u00e7\u00e3o do Santu\u00e1rio Frei Galv\u00e3o<\/em><\/p>\n","protected":false},"excerpt":{"rendered":"<p>Festa de Frei Galv\u00e3o 2022 <\/p>\n","protected":false},"author":3,"featured_media":240263,"comment_status":"open","ping_status":"open","sticky":false,"template":"","format":"standard","meta":[],"categories":[1],"tags":[2067],"acf":[],"yoast_head":"<!-- This site is optimized with the Yoast SEO plugin v19.2 - https:\/\/yoast.com\/wordpress\/plugins\/seo\/ -->\n<title>Frei Diego: &quot;Partilhar com os pobres \u00e9 olhar para as pessoas e reconhecer nelas a dignidade que t\u00eam&quot; - Not\u00edcias - Franciscanos<\/title>\n<meta name=\"robots\" content=\"index, follow, max-snippet:-1, max-image-preview:large, max-video-preview:-1\" \/>\n<link rel=\"canonical\" href=\"https:\/\/franciscanos.org.br\/noticias\/frei-diego-partilhar-com-os-pobres-e-olhar-para-as-pessoas-e-reconhecer-nelas-a-dignidade-que-tem.html\" \/>\n<meta property=\"og:locale\" content=\"pt_BR\" \/>\n<meta property=\"og:type\" content=\"article\" \/>\n<meta property=\"og:title\" content=\"Frei Diego: &quot;Partilhar com os pobres \u00e9 olhar para as pessoas e reconhecer nelas a dignidade que t\u00eam&quot; - Not\u00edcias - Franciscanos\" \/>\n<meta property=\"og:description\" content=\"Festa de Frei Galv\u00e3o 2022\" \/>\n<meta property=\"og:url\" content=\"https:\/\/franciscanos.org.br\/noticias\/frei-diego-partilhar-com-os-pobres-e-olhar-para-as-pessoas-e-reconhecer-nelas-a-dignidade-que-tem.html\" \/>\n<meta property=\"og:site_name\" content=\"Not\u00edcias - Franciscanos\" \/>\n<meta property=\"article:published_time\" content=\"2022-10-18T01:23:28+00:00\" \/>\n<meta property=\"article:modified_time\" content=\"2022-10-18T01:24:21+00:00\" \/>\n<meta property=\"og:image\" content=\"https:\/\/franciscanos.org.br\/noticias\/wp-content\/uploads\/2022\/10\/abre_16.jpg\" \/>\n\t<meta property=\"og:image:width\" content=\"1280\" \/>\n\t<meta property=\"og:image:height\" content=\"720\" \/>\n\t<meta property=\"og:image:type\" content=\"image\/jpeg\" \/>\n<meta name=\"author\" content=\"moacir\" \/>\n<meta name=\"twitter:card\" content=\"summary_large_image\" \/>\n<meta name=\"twitter:label1\" content=\"Escrito por\" \/>\n\t<meta name=\"twitter:data1\" content=\"moacir\" \/>\n\t<meta name=\"twitter:label2\" content=\"Est. tempo de leitura\" \/>\n\t<meta name=\"twitter:data2\" content=\"18 minutos\" \/>\n<script type=\"application\/ld+json\" class=\"yoast-schema-graph\">{\"@context\":\"https:\/\/schema.org\",\"@graph\":[{\"@type\":\"WebSite\",\"@id\":\"https:\/\/franciscanos.org.br\/noticias\/#website\",\"url\":\"https:\/\/franciscanos.org.br\/noticias\/\",\"name\":\"Not\u00edcias - Franciscanos\",\"description\":\"Prov\u00edncia Franciscana da Imaculada Concei\u00e7\u00e3o do Brasil - Ordem dos Frades Menores - OFM\",\"potentialAction\":[{\"@type\":\"SearchAction\",\"target\":{\"@type\":\"EntryPoint\",\"urlTemplate\":\"https:\/\/franciscanos.org.br\/noticias\/?s={search_term_string}\"},\"query-input\":\"required name=search_term_string\"}],\"inLanguage\":\"pt-BR\"},{\"@type\":\"ImageObject\",\"inLanguage\":\"pt-BR\",\"@id\":\"https:\/\/franciscanos.org.br\/noticias\/frei-diego-partilhar-com-os-pobres-e-olhar-para-as-pessoas-e-reconhecer-nelas-a-dignidade-que-tem.html#primaryimage\",\"url\":\"https:\/\/franciscanos.org.br\/noticias\/wp-content\/uploads\/2022\/10\/abre_16.jpg\",\"contentUrl\":\"https:\/\/franciscanos.org.br\/noticias\/wp-content\/uploads\/2022\/10\/abre_16.jpg\",\"width\":1280,\"height\":720},{\"@type\":\"WebPage\",\"@id\":\"https:\/\/franciscanos.org.br\/noticias\/frei-diego-partilhar-com-os-pobres-e-olhar-para-as-pessoas-e-reconhecer-nelas-a-dignidade-que-tem.html#webpage\",\"url\":\"https:\/\/franciscanos.org.br\/noticias\/frei-diego-partilhar-com-os-pobres-e-olhar-para-as-pessoas-e-reconhecer-nelas-a-dignidade-que-tem.html\",\"name\":\"Frei Diego: \\\"Partilhar com os pobres \u00e9 olhar para as pessoas e reconhecer nelas a dignidade que t\u00eam\\\" - Not\u00edcias - Franciscanos\",\"isPartOf\":{\"@id\":\"https:\/\/franciscanos.org.br\/noticias\/#website\"},\"primaryImageOfPage\":{\"@id\":\"https:\/\/franciscanos.org.br\/noticias\/frei-diego-partilhar-com-os-pobres-e-olhar-para-as-pessoas-e-reconhecer-nelas-a-dignidade-que-tem.html#primaryimage\"},\"datePublished\":\"2022-10-18T01:23:28+00:00\",\"dateModified\":\"2022-10-18T01:24:21+00:00\",\"author\":{\"@id\":\"https:\/\/franciscanos.org.br\/noticias\/#\/schema\/person\/b5c8cba458c330ccff548b056e95a5d4\"},\"breadcrumb\":{\"@id\":\"https:\/\/franciscanos.org.br\/noticias\/frei-diego-partilhar-com-os-pobres-e-olhar-para-as-pessoas-e-reconhecer-nelas-a-dignidade-que-tem.html#breadcrumb\"},\"inLanguage\":\"pt-BR\",\"potentialAction\":[{\"@type\":\"ReadAction\",\"target\":[\"https:\/\/franciscanos.org.br\/noticias\/frei-diego-partilhar-com-os-pobres-e-olhar-para-as-pessoas-e-reconhecer-nelas-a-dignidade-que-tem.html\"]}]},{\"@type\":\"BreadcrumbList\",\"@id\":\"https:\/\/franciscanos.org.br\/noticias\/frei-diego-partilhar-com-os-pobres-e-olhar-para-as-pessoas-e-reconhecer-nelas-a-dignidade-que-tem.html#breadcrumb\",\"itemListElement\":[{\"@type\":\"ListItem\",\"position\":1,\"name\":\"Home\",\"item\":\"https:\/\/franciscanos.org.br\/noticias\"},{\"@type\":\"ListItem\",\"position\":2,\"name\":\"Frei Diego: &#8220;Partilhar com os pobres \u00e9 olhar para as pessoas e reconhecer nelas a dignidade que t\u00eam&#8221;\"}]},{\"@type\":\"Person\",\"@id\":\"https:\/\/franciscanos.org.br\/noticias\/#\/schema\/person\/b5c8cba458c330ccff548b056e95a5d4\",\"name\":\"moacir\",\"image\":{\"@type\":\"ImageObject\",\"inLanguage\":\"pt-BR\",\"@id\":\"https:\/\/franciscanos.org.br\/noticias\/#\/schema\/person\/image\/\",\"url\":\"https:\/\/secure.gravatar.com\/avatar\/d08aa2ce4c8dd416d4479aa8536fcf64?s=96&d=mm&r=g\",\"contentUrl\":\"https:\/\/secure.gravatar.com\/avatar\/d08aa2ce4c8dd416d4479aa8536fcf64?s=96&d=mm&r=g\",\"caption\":\"moacir\"},\"url\":\"https:\/\/franciscanos.org.br\/noticias\/author\/moacir\"}]}<\/script>\n<!-- \/ Yoast SEO plugin. -->","yoast_head_json":{"title":"Frei Diego: \"Partilhar com os pobres \u00e9 olhar para as pessoas e reconhecer nelas a dignidade que t\u00eam\" - Not\u00edcias - Franciscanos","robots":{"index":"index","follow":"follow","max-snippet":"max-snippet:-1","max-image-preview":"max-image-preview:large","max-video-preview":"max-video-preview:-1"},"canonical":"https:\/\/franciscanos.org.br\/noticias\/frei-diego-partilhar-com-os-pobres-e-olhar-para-as-pessoas-e-reconhecer-nelas-a-dignidade-que-tem.html","og_locale":"pt_BR","og_type":"article","og_title":"Frei Diego: \"Partilhar com os pobres \u00e9 olhar para as pessoas e reconhecer nelas a dignidade que t\u00eam\" - Not\u00edcias - Franciscanos","og_description":"Festa de Frei Galv\u00e3o 2022","og_url":"https:\/\/franciscanos.org.br\/noticias\/frei-diego-partilhar-com-os-pobres-e-olhar-para-as-pessoas-e-reconhecer-nelas-a-dignidade-que-tem.html","og_site_name":"Not\u00edcias - Franciscanos","article_published_time":"2022-10-18T01:23:28+00:00","article_modified_time":"2022-10-18T01:24:21+00:00","og_image":[{"width":1280,"height":720,"url":"https:\/\/franciscanos.org.br\/noticias\/wp-content\/uploads\/2022\/10\/abre_16.jpg","type":"image\/jpeg"}],"author":"moacir","twitter_card":"summary_large_image","twitter_misc":{"Escrito por":"moacir","Est. tempo de leitura":"18 minutos"},"schema":{"@context":"https:\/\/schema.org","@graph":[{"@type":"WebSite","@id":"https:\/\/franciscanos.org.br\/noticias\/#website","url":"https:\/\/franciscanos.org.br\/noticias\/","name":"Not\u00edcias - Franciscanos","description":"Prov\u00edncia Franciscana da Imaculada Concei\u00e7\u00e3o do Brasil - Ordem dos Frades Menores - OFM","potentialAction":[{"@type":"SearchAction","target":{"@type":"EntryPoint","urlTemplate":"https:\/\/franciscanos.org.br\/noticias\/?s={search_term_string}"},"query-input":"required name=search_term_string"}],"inLanguage":"pt-BR"},{"@type":"ImageObject","inLanguage":"pt-BR","@id":"https:\/\/franciscanos.org.br\/noticias\/frei-diego-partilhar-com-os-pobres-e-olhar-para-as-pessoas-e-reconhecer-nelas-a-dignidade-que-tem.html#primaryimage","url":"https:\/\/franciscanos.org.br\/noticias\/wp-content\/uploads\/2022\/10\/abre_16.jpg","contentUrl":"https:\/\/franciscanos.org.br\/noticias\/wp-content\/uploads\/2022\/10\/abre_16.jpg","width":1280,"height":720},{"@type":"WebPage","@id":"https:\/\/franciscanos.org.br\/noticias\/frei-diego-partilhar-com-os-pobres-e-olhar-para-as-pessoas-e-reconhecer-nelas-a-dignidade-que-tem.html#webpage","url":"https:\/\/franciscanos.org.br\/noticias\/frei-diego-partilhar-com-os-pobres-e-olhar-para-as-pessoas-e-reconhecer-nelas-a-dignidade-que-tem.html","name":"Frei Diego: \"Partilhar com os pobres \u00e9 olhar para as pessoas e reconhecer nelas a dignidade que t\u00eam\" - Not\u00edcias - Franciscanos","isPartOf":{"@id":"https:\/\/franciscanos.org.br\/noticias\/#website"},"primaryImageOfPage":{"@id":"https:\/\/franciscanos.org.br\/noticias\/frei-diego-partilhar-com-os-pobres-e-olhar-para-as-pessoas-e-reconhecer-nelas-a-dignidade-que-tem.html#primaryimage"},"datePublished":"2022-10-18T01:23:28+00:00","dateModified":"2022-10-18T01:24:21+00:00","author":{"@id":"https:\/\/franciscanos.org.br\/noticias\/#\/schema\/person\/b5c8cba458c330ccff548b056e95a5d4"},"breadcrumb":{"@id":"https:\/\/franciscanos.org.br\/noticias\/frei-diego-partilhar-com-os-pobres-e-olhar-para-as-pessoas-e-reconhecer-nelas-a-dignidade-que-tem.html#breadcrumb"},"inLanguage":"pt-BR","potentialAction":[{"@type":"ReadAction","target":["https:\/\/franciscanos.org.br\/noticias\/frei-diego-partilhar-com-os-pobres-e-olhar-para-as-pessoas-e-reconhecer-nelas-a-dignidade-que-tem.html"]}]},{"@type":"BreadcrumbList","@id":"https:\/\/franciscanos.org.br\/noticias\/frei-diego-partilhar-com-os-pobres-e-olhar-para-as-pessoas-e-reconhecer-nelas-a-dignidade-que-tem.html#breadcrumb","itemListElement":[{"@type":"ListItem","position":1,"name":"Home","item":"https:\/\/franciscanos.org.br\/noticias"},{"@type":"ListItem","position":2,"name":"Frei Diego: &#8220;Partilhar com os pobres \u00e9 olhar para as pessoas e reconhecer nelas a dignidade que t\u00eam&#8221;"}]},{"@type":"Person","@id":"https:\/\/franciscanos.org.br\/noticias\/#\/schema\/person\/b5c8cba458c330ccff548b056e95a5d4","name":"moacir","image":{"@type":"ImageObject","inLanguage":"pt-BR","@id":"https:\/\/franciscanos.org.br\/noticias\/#\/schema\/person\/image\/","url":"https:\/\/secure.gravatar.com\/avatar\/d08aa2ce4c8dd416d4479aa8536fcf64?s=96&d=mm&r=g","contentUrl":"https:\/\/secure.gravatar.com\/avatar\/d08aa2ce4c8dd416d4479aa8536fcf64?s=96&d=mm&r=g","caption":"moacir"},"url":"https:\/\/franciscanos.org.br\/noticias\/author\/moacir"}]}},"_links":{"self":[{"href":"https:\/\/franciscanos.org.br\/noticias\/wp-json\/wp\/v2\/posts\/240262"}],"collection":[{"href":"https:\/\/franciscanos.org.br\/noticias\/wp-json\/wp\/v2\/posts"}],"about":[{"href":"https:\/\/franciscanos.org.br\/noticias\/wp-json\/wp\/v2\/types\/post"}],"author":[{"embeddable":true,"href":"https:\/\/franciscanos.org.br\/noticias\/wp-json\/wp\/v2\/users\/3"}],"replies":[{"embeddable":true,"href":"https:\/\/franciscanos.org.br\/noticias\/wp-json\/wp\/v2\/comments?post=240262"}],"version-history":[{"count":2,"href":"https:\/\/franciscanos.org.br\/noticias\/wp-json\/wp\/v2\/posts\/240262\/revisions"}],"predecessor-version":[{"id":240291,"href":"https:\/\/franciscanos.org.br\/noticias\/wp-json\/wp\/v2\/posts\/240262\/revisions\/240291"}],"wp:featuredmedia":[{"embeddable":true,"href":"https:\/\/franciscanos.org.br\/noticias\/wp-json\/wp\/v2\/media\/240263"}],"wp:attachment":[{"href":"https:\/\/franciscanos.org.br\/noticias\/wp-json\/wp\/v2\/media?parent=240262"}],"wp:term":[{"taxonomy":"category","embeddable":true,"href":"https:\/\/franciscanos.org.br\/noticias\/wp-json\/wp\/v2\/categories?post=240262"},{"taxonomy":"post_tag","embeddable":true,"href":"https:\/\/franciscanos.org.br\/noticias\/wp-json\/wp\/v2\/tags?post=240262"}],"curies":[{"name":"wp","href":"https:\/\/api.w.org\/{rel}","templated":true}]}}