{"id":240220,"date":"2022-10-16T21:35:33","date_gmt":"2022-10-17T00:35:33","guid":{"rendered":"https:\/\/franciscanos.org.br\/noticias\/?p=240220"},"modified":"2022-10-16T21:39:53","modified_gmt":"2022-10-17T00:39:53","slug":"com-alegria-e-emocao-termina-o-congresso-nacional-pueri-cantores-em-passos-mg","status":"publish","type":"post","link":"https:\/\/franciscanos.org.br\/noticias\/com-alegria-e-emocao-termina-o-congresso-nacional-pueri-cantores-em-passos-mg.html","title":{"rendered":"Com alegria e emo\u00e7\u00e3o, termina o Congresso Nacional Pueri Cantores em Passos (MG)"},"content":{"rendered":"<p><img loading=\"lazy\" class=\"alignnone wp-image-240221 size-full\" src=\"https:\/\/franciscanos.org.br\/noticias\/wp-content\/uploads\/2022\/10\/congresso_1610_1.jpg\" alt=\"\" width=\"1280\" height=\"750\" srcset=\"https:\/\/franciscanos.org.br\/noticias\/wp-content\/uploads\/2022\/10\/congresso_1610_1.jpg 1280w, https:\/\/franciscanos.org.br\/noticias\/wp-content\/uploads\/2022\/10\/congresso_1610_1-450x264.jpg 450w, https:\/\/franciscanos.org.br\/noticias\/wp-content\/uploads\/2022\/10\/congresso_1610_1-1024x600.jpg 1024w, https:\/\/franciscanos.org.br\/noticias\/wp-content\/uploads\/2022\/10\/congresso_1610_1-768x450.jpg 768w, https:\/\/franciscanos.org.br\/noticias\/wp-content\/uploads\/2022\/10\/congresso_1610_1-150x88.jpg 150w\" sizes=\"(max-width: 1280px) 100vw, 1280px\" \/><\/p>\n<p style=\"font-weight: 400;\"><strong>Passos (MG) &#8211;<\/strong> &#8220;Quando um sonho \u00e9 sonhado junto daqueles que conosco se esfor\u00e7am por uma causa, podemos ter a certeza de que este ser\u00e1 um sonho realizado&#8221;, foi assim que Felipe Terra, Diretor Geral dos Pequenos Cantores de Passos e organizador \u00e0 frente do XVII Congresso Nacional Pueri Cantores, expressou a satisfa\u00e7\u00e3o em poder receber os diversos grupos corais participantes do evento, que terminou neste domingo (16\/10), com a celebra\u00e7\u00e3o da Santa Missa na\u00a0 Igreja Matriz da cidade de Passos (MG), Igreja Bom Jesus dos Passos.<\/p>\n<p style=\"font-weight: 400;\">O celebrante, o p\u00e1roco padre Sandro Henrique, em sua homilia enfatizou a experi\u00eancia da m\u00fasica como aquela que quando vinculada a ora\u00e7\u00e3o se torna um lugar de encontro com a promessa dos c\u00e9us. Segundo ele, \u201ca cidade de Passos p\u00f4de ser testemunha da beleza de Deus, que pela vida desses meninos revela o seu projeto de amor. Como na primeira leitura, em que Mois\u00e9s precisou da ajuda de Aar\u00e3o e Ur para poder rezar pelos israelitas que n\u00e3o podiam vencer os amalecitas, assim tamb\u00e9m, estes meninos cantores partilham uma postura de uni\u00e3o\u201d, disse. Padre Sandro ainda acentuou a necessidade de que, \u201crecebendo este testemunho de di\u00e1logo com aquele que me \u00e9 diferente, afinal estes jovens e crian\u00e7as sa\u00edram das suas realidades e se dispuseram &#8211; motivados por um projeto maior do que o muro da exclus\u00e3o e do preconceito &#8211; a conviver com diferente\u201d.<\/p>\n<p><img loading=\"lazy\" class=\"alignnone wp-image-240222 size-full\" src=\"https:\/\/franciscanos.org.br\/noticias\/wp-content\/uploads\/2022\/10\/congresso_1610_2.jpg\" alt=\"\" width=\"1280\" height=\"750\" srcset=\"https:\/\/franciscanos.org.br\/noticias\/wp-content\/uploads\/2022\/10\/congresso_1610_2.jpg 1280w, https:\/\/franciscanos.org.br\/noticias\/wp-content\/uploads\/2022\/10\/congresso_1610_2-450x264.jpg 450w, https:\/\/franciscanos.org.br\/noticias\/wp-content\/uploads\/2022\/10\/congresso_1610_2-1024x600.jpg 1024w, https:\/\/franciscanos.org.br\/noticias\/wp-content\/uploads\/2022\/10\/congresso_1610_2-768x450.jpg 768w, https:\/\/franciscanos.org.br\/noticias\/wp-content\/uploads\/2022\/10\/congresso_1610_2-150x88.jpg 150w\" sizes=\"(max-width: 1280px) 100vw, 1280px\" \/><\/p>\n<p style=\"font-weight: 400;\">A Celebra\u00e7\u00e3o Eucar\u00edstica, cantada pelos coralistas de todos os grupos corais pueri, teve a presen\u00e7a de uma composi\u00e7\u00e3o de Frei Jos\u00e9 Luiz Prim, OFM, saudosa mem\u00f3ria. Uma composi\u00e7\u00e3o modal cantada a quatro vozes, solene e que demarca com arranjos fortes a chegada do Cristo Eucar\u00edstico. Para os que estavam presentes, a missa transbordava alegria e emo\u00e7\u00e3o. O ponto alto em que muitos se emocionaram, foi quando o Grande Coro entoou em castelhano a Ave Maria de Willian Gomez, uma composi\u00e7\u00e3o delicada e orante. A celebra\u00e7\u00e3o foi marcada ainda pela partilha que os coralistas fizeram de um dom pelo qual cada um dos maestros, preparadores vocais, colaboradores, p\u00f4de sentir como sua a responsabilidade por estes meninos e meninas terem descobertos a m\u00fasica como um talento que lhes pertence.<\/p>\n<p style=\"font-weight: 400;\">Ao final da celebra\u00e7\u00e3o, o atual presidente da Federa\u00e7\u00e3o Nacional Pueri Cantores, o maestro Messias Faleiro, anunciou que a sede do 18\u00b0 Congresso Nacional Pueri Cantores ser\u00e1 no estado do Rio Grande do Sul, na cidade de Novo Hamburgo, em 2025. Em grande coro, os coralistas ent\u00e3o entoaram o Hino do Menino Cantor e Cio da Terra de Milton Nascimento, encerrando a cerim\u00f4nia de encerramento.<\/p>\n<p><img loading=\"lazy\" class=\"alignnone wp-image-240223 size-full\" src=\"https:\/\/franciscanos.org.br\/noticias\/wp-content\/uploads\/2022\/10\/congresso_1610_3.jpg\" alt=\"\" width=\"1280\" height=\"750\" srcset=\"https:\/\/franciscanos.org.br\/noticias\/wp-content\/uploads\/2022\/10\/congresso_1610_3.jpg 1280w, https:\/\/franciscanos.org.br\/noticias\/wp-content\/uploads\/2022\/10\/congresso_1610_3-450x264.jpg 450w, https:\/\/franciscanos.org.br\/noticias\/wp-content\/uploads\/2022\/10\/congresso_1610_3-1024x600.jpg 1024w, https:\/\/franciscanos.org.br\/noticias\/wp-content\/uploads\/2022\/10\/congresso_1610_3-768x450.jpg 768w, https:\/\/franciscanos.org.br\/noticias\/wp-content\/uploads\/2022\/10\/congresso_1610_3-150x88.jpg 150w\" sizes=\"(max-width: 1280px) 100vw, 1280px\" \/><\/p>\n<p style=\"font-weight: 400;\">Os Canarinhos de Petr\u00f3polis se direcionaram para o almo\u00e7o, saindo logo depois de volta \u00e0 cidade de Petr\u00f3polis. Ap\u00f3s um merecido descanso, a agenda do Coral dos Canarinhos voltar\u00e1 com os ensaios normais na pr\u00f3xima quarta-feira (19\/10), para j\u00e1 na sexta-feira (21\/10), viajarem \u00e0 Guaratinguet\u00e1 para duas apresenta\u00e7\u00f5es, uma no s\u00e1bado pelas 17h30 seguindo para o canto da missa \u00e0s 19h no Santu\u00e1rio de Frei Galv\u00e3o, e no domingo \u00e0s 9h30 cantar\u00e3o a liturgia no Semin\u00e1rio Franciscano Frei Galv\u00e3o.<\/p>\n<p style=\"font-weight: 400;\">O s\u00e1bado (15\/10) dos meninos cantores de Petr\u00f3polis foi de recrea\u00e7\u00e3o. Junto das fam\u00edlias acolhedoras eles puderam aproveitar o dia em um almo\u00e7o no qual todas as fam\u00edlias se juntaram em um churrasco fraterno, regado a piscina e a um bom jogo de v\u00f4lei. Pela noite \u00e0s 19h, eles cantaram a liturgia na comunidade Nossa Senhora das Gra\u00e7as, pertencente a par\u00f3quia Bom Jesus dos Passos, junto do Coral Cape Diem de Itaja\u00ed (SC). Os corais foram divididos em pequenos grupo no intuito de animarem as celebra\u00e7\u00f5es de algumas das comunidades da par\u00f3quia Bom Jesus. Ap\u00f3s a celebra\u00e7\u00e3o, os Canarinhos de Petr\u00f3polis se uniram com os coralistas dos Pequenos Cantores de Passos e tamb\u00e9m os Pequenos Cantores de Cassia, e juntos terminaram o dia em fraternidade por meio de um jogo de futebol.<\/p>\n<p style=\"font-weight: 400;\"><img loading=\"lazy\" class=\"alignnone wp-image-240224 size-full\" src=\"https:\/\/franciscanos.org.br\/noticias\/wp-content\/uploads\/2022\/10\/congresso_1610_4.jpg\" alt=\"\" width=\"1280\" height=\"750\" srcset=\"https:\/\/franciscanos.org.br\/noticias\/wp-content\/uploads\/2022\/10\/congresso_1610_4.jpg 1280w, https:\/\/franciscanos.org.br\/noticias\/wp-content\/uploads\/2022\/10\/congresso_1610_4-450x264.jpg 450w, https:\/\/franciscanos.org.br\/noticias\/wp-content\/uploads\/2022\/10\/congresso_1610_4-1024x600.jpg 1024w, https:\/\/franciscanos.org.br\/noticias\/wp-content\/uploads\/2022\/10\/congresso_1610_4-768x450.jpg 768w, https:\/\/franciscanos.org.br\/noticias\/wp-content\/uploads\/2022\/10\/congresso_1610_4-150x88.jpg 150w\" sizes=\"(max-width: 1280px) 100vw, 1280px\" \/><\/p>\n\n\t\t<style type=\"text\/css\">\n\t\t\t#gallery-1 {\n\t\t\t\tmargin: auto;\n\t\t\t}\n\t\t\t#gallery-1 .gallery-item {\n\t\t\t\tfloat: left;\n\t\t\t\tmargin-top: 10px;\n\t\t\t\ttext-align: center;\n\t\t\t\twidth: 20%;\n\t\t\t}\n\t\t\t#gallery-1 img {\n\t\t\t\tborder: 2px solid #cfcfcf;\n\t\t\t}\n\t\t\t#gallery-1 .gallery-caption {\n\t\t\t\tmargin-left: 0;\n\t\t\t}\n\t\t\t\/* see gallery_shortcode() in wp-includes\/media.php *\/\n\t\t<\/style>\n\t\t<div id='gallery-1' class='gallery galleryid-240220 gallery-columns-5 gallery-size-thumbnail'><dl class='gallery-item'>\n\t\t\t<dt class='gallery-icon landscape'>\n\t\t\t\t<a href='https:\/\/franciscanos.org.br\/noticias\/wp-content\/uploads\/2022\/10\/congresso_1610_5.jpeg'><img width=\"300\" height=\"300\" src=\"https:\/\/franciscanos.org.br\/noticias\/wp-content\/uploads\/2022\/10\/congresso_1610_5-300x300.jpeg\" class=\"attachment-thumbnail size-thumbnail\" alt=\"\" loading=\"lazy\" srcset=\"https:\/\/franciscanos.org.br\/noticias\/wp-content\/uploads\/2022\/10\/congresso_1610_5-300x300.jpeg 300w, https:\/\/franciscanos.org.br\/noticias\/wp-content\/uploads\/2022\/10\/congresso_1610_5-100x100.jpeg 100w\" sizes=\"(max-width: 300px) 100vw, 300px\" \/><\/a>\n\t\t\t<\/dt><\/dl><dl class='gallery-item'>\n\t\t\t<dt class='gallery-icon landscape'>\n\t\t\t\t<a href='https:\/\/franciscanos.org.br\/noticias\/wp-content\/uploads\/2022\/10\/congresso_1610_6.jpeg'><img width=\"300\" height=\"300\" src=\"https:\/\/franciscanos.org.br\/noticias\/wp-content\/uploads\/2022\/10\/congresso_1610_6-300x300.jpeg\" class=\"attachment-thumbnail size-thumbnail\" alt=\"\" loading=\"lazy\" srcset=\"https:\/\/franciscanos.org.br\/noticias\/wp-content\/uploads\/2022\/10\/congresso_1610_6-300x300.jpeg 300w, https:\/\/franciscanos.org.br\/noticias\/wp-content\/uploads\/2022\/10\/congresso_1610_6-100x100.jpeg 100w\" sizes=\"(max-width: 300px) 100vw, 300px\" \/><\/a>\n\t\t\t<\/dt><\/dl><dl class='gallery-item'>\n\t\t\t<dt class='gallery-icon landscape'>\n\t\t\t\t<a href='https:\/\/franciscanos.org.br\/noticias\/wp-content\/uploads\/2022\/10\/congresso_1610_7.jpeg'><img width=\"300\" height=\"300\" src=\"https:\/\/franciscanos.org.br\/noticias\/wp-content\/uploads\/2022\/10\/congresso_1610_7-300x300.jpeg\" class=\"attachment-thumbnail size-thumbnail\" alt=\"\" loading=\"lazy\" srcset=\"https:\/\/franciscanos.org.br\/noticias\/wp-content\/uploads\/2022\/10\/congresso_1610_7-300x300.jpeg 300w, https:\/\/franciscanos.org.br\/noticias\/wp-content\/uploads\/2022\/10\/congresso_1610_7-100x100.jpeg 100w\" sizes=\"(max-width: 300px) 100vw, 300px\" \/><\/a>\n\t\t\t<\/dt><\/dl><dl class='gallery-item'>\n\t\t\t<dt class='gallery-icon landscape'>\n\t\t\t\t<a href='https:\/\/franciscanos.org.br\/noticias\/wp-content\/uploads\/2022\/10\/congresso_1610_8.jpeg'><img width=\"300\" height=\"300\" src=\"https:\/\/franciscanos.org.br\/noticias\/wp-content\/uploads\/2022\/10\/congresso_1610_8-300x300.jpeg\" class=\"attachment-thumbnail size-thumbnail\" alt=\"\" loading=\"lazy\" srcset=\"https:\/\/franciscanos.org.br\/noticias\/wp-content\/uploads\/2022\/10\/congresso_1610_8-300x300.jpeg 300w, https:\/\/franciscanos.org.br\/noticias\/wp-content\/uploads\/2022\/10\/congresso_1610_8-100x100.jpeg 100w\" sizes=\"(max-width: 300px) 100vw, 300px\" \/><\/a>\n\t\t\t<\/dt><\/dl><dl class='gallery-item'>\n\t\t\t<dt class='gallery-icon landscape'>\n\t\t\t\t<a href='https:\/\/franciscanos.org.br\/noticias\/wp-content\/uploads\/2022\/10\/congresso_1610_9.jpeg'><img width=\"300\" height=\"300\" src=\"https:\/\/franciscanos.org.br\/noticias\/wp-content\/uploads\/2022\/10\/congresso_1610_9-300x300.jpeg\" class=\"attachment-thumbnail size-thumbnail\" alt=\"\" loading=\"lazy\" srcset=\"https:\/\/franciscanos.org.br\/noticias\/wp-content\/uploads\/2022\/10\/congresso_1610_9-300x300.jpeg 300w, https:\/\/franciscanos.org.br\/noticias\/wp-content\/uploads\/2022\/10\/congresso_1610_9-100x100.jpeg 100w\" sizes=\"(max-width: 300px) 100vw, 300px\" \/><\/a>\n\t\t\t<\/dt><\/dl><br style=\"clear: both\" \/>\n\t\t<\/div>\n\n<hr \/>\n<p style=\"font-weight: 400;\"><em>Frei Lucas de Moura Justino Souza e equipe do IMCP<\/em><\/p>\n","protected":false},"excerpt":{"rendered":"<p>17\u00ba Congresso Nacional Pueri Cantores<\/p>\n","protected":false},"author":5,"featured_media":240221,"comment_status":"open","ping_status":"open","sticky":false,"template":"","format":"standard","meta":[],"categories":[1],"tags":[1378,1788],"acf":[],"yoast_head":"<!-- This site is optimized with the Yoast SEO plugin v19.2 - https:\/\/yoast.com\/wordpress\/plugins\/seo\/ -->\n<title>Com alegria e emo\u00e7\u00e3o, termina o Congresso Nacional Pueri Cantores em Passos (MG) - Not\u00edcias - Franciscanos<\/title>\n<meta name=\"robots\" content=\"index, follow, max-snippet:-1, max-image-preview:large, max-video-preview:-1\" \/>\n<link rel=\"canonical\" href=\"https:\/\/franciscanos.org.br\/noticias\/com-alegria-e-emocao-termina-o-congresso-nacional-pueri-cantores-em-passos-mg.html\" \/>\n<meta property=\"og:locale\" content=\"pt_BR\" \/>\n<meta property=\"og:type\" content=\"article\" \/>\n<meta property=\"og:title\" content=\"Com alegria e emo\u00e7\u00e3o, termina o Congresso Nacional Pueri Cantores em Passos (MG) - Not\u00edcias - Franciscanos\" \/>\n<meta property=\"og:description\" content=\"17\u00ba Congresso Nacional Pueri Cantores\" \/>\n<meta property=\"og:url\" content=\"https:\/\/franciscanos.org.br\/noticias\/com-alegria-e-emocao-termina-o-congresso-nacional-pueri-cantores-em-passos-mg.html\" \/>\n<meta property=\"og:site_name\" content=\"Not\u00edcias - Franciscanos\" \/>\n<meta property=\"article:published_time\" content=\"2022-10-17T00:35:33+00:00\" \/>\n<meta property=\"article:modified_time\" content=\"2022-10-17T00:39:53+00:00\" \/>\n<meta property=\"og:image\" content=\"https:\/\/franciscanos.org.br\/noticias\/wp-content\/uploads\/2022\/10\/congresso_1610_1.jpg\" \/>\n\t<meta property=\"og:image:width\" content=\"1280\" \/>\n\t<meta property=\"og:image:height\" content=\"750\" \/>\n\t<meta property=\"og:image:type\" content=\"image\/jpeg\" \/>\n<meta name=\"author\" content=\"freiaugusto\" \/>\n<meta name=\"twitter:card\" content=\"summary_large_image\" \/>\n<meta name=\"twitter:label1\" content=\"Escrito por\" \/>\n\t<meta name=\"twitter:data1\" content=\"freiaugusto\" \/>\n\t<meta name=\"twitter:label2\" content=\"Est. tempo de leitura\" \/>\n\t<meta name=\"twitter:data2\" content=\"3 minutos\" \/>\n<script type=\"application\/ld+json\" class=\"yoast-schema-graph\">{\"@context\":\"https:\/\/schema.org\",\"@graph\":[{\"@type\":\"WebSite\",\"@id\":\"https:\/\/franciscanos.org.br\/noticias\/#website\",\"url\":\"https:\/\/franciscanos.org.br\/noticias\/\",\"name\":\"Not\u00edcias - Franciscanos\",\"description\":\"Prov\u00edncia Franciscana da Imaculada Concei\u00e7\u00e3o do Brasil - Ordem dos Frades Menores - OFM\",\"potentialAction\":[{\"@type\":\"SearchAction\",\"target\":{\"@type\":\"EntryPoint\",\"urlTemplate\":\"https:\/\/franciscanos.org.br\/noticias\/?s={search_term_string}\"},\"query-input\":\"required name=search_term_string\"}],\"inLanguage\":\"pt-BR\"},{\"@type\":\"ImageObject\",\"inLanguage\":\"pt-BR\",\"@id\":\"https:\/\/franciscanos.org.br\/noticias\/com-alegria-e-emocao-termina-o-congresso-nacional-pueri-cantores-em-passos-mg.html#primaryimage\",\"url\":\"https:\/\/franciscanos.org.br\/noticias\/wp-content\/uploads\/2022\/10\/congresso_1610_1.jpg\",\"contentUrl\":\"https:\/\/franciscanos.org.br\/noticias\/wp-content\/uploads\/2022\/10\/congresso_1610_1.jpg\",\"width\":1280,\"height\":750},{\"@type\":\"WebPage\",\"@id\":\"https:\/\/franciscanos.org.br\/noticias\/com-alegria-e-emocao-termina-o-congresso-nacional-pueri-cantores-em-passos-mg.html#webpage\",\"url\":\"https:\/\/franciscanos.org.br\/noticias\/com-alegria-e-emocao-termina-o-congresso-nacional-pueri-cantores-em-passos-mg.html\",\"name\":\"Com alegria e emo\u00e7\u00e3o, termina o Congresso Nacional Pueri Cantores em Passos (MG) - Not\u00edcias - Franciscanos\",\"isPartOf\":{\"@id\":\"https:\/\/franciscanos.org.br\/noticias\/#website\"},\"primaryImageOfPage\":{\"@id\":\"https:\/\/franciscanos.org.br\/noticias\/com-alegria-e-emocao-termina-o-congresso-nacional-pueri-cantores-em-passos-mg.html#primaryimage\"},\"datePublished\":\"2022-10-17T00:35:33+00:00\",\"dateModified\":\"2022-10-17T00:39:53+00:00\",\"author\":{\"@id\":\"https:\/\/franciscanos.org.br\/noticias\/#\/schema\/person\/37f88f0d111cd5358b12a6556a99eb91\"},\"breadcrumb\":{\"@id\":\"https:\/\/franciscanos.org.br\/noticias\/com-alegria-e-emocao-termina-o-congresso-nacional-pueri-cantores-em-passos-mg.html#breadcrumb\"},\"inLanguage\":\"pt-BR\",\"potentialAction\":[{\"@type\":\"ReadAction\",\"target\":[\"https:\/\/franciscanos.org.br\/noticias\/com-alegria-e-emocao-termina-o-congresso-nacional-pueri-cantores-em-passos-mg.html\"]}]},{\"@type\":\"BreadcrumbList\",\"@id\":\"https:\/\/franciscanos.org.br\/noticias\/com-alegria-e-emocao-termina-o-congresso-nacional-pueri-cantores-em-passos-mg.html#breadcrumb\",\"itemListElement\":[{\"@type\":\"ListItem\",\"position\":1,\"name\":\"Home\",\"item\":\"https:\/\/franciscanos.org.br\/noticias\"},{\"@type\":\"ListItem\",\"position\":2,\"name\":\"Com alegria e emo\u00e7\u00e3o, termina o Congresso Nacional Pueri Cantores em Passos (MG)\"}]},{\"@type\":\"Person\",\"@id\":\"https:\/\/franciscanos.org.br\/noticias\/#\/schema\/person\/37f88f0d111cd5358b12a6556a99eb91\",\"name\":\"freiaugusto\",\"image\":{\"@type\":\"ImageObject\",\"inLanguage\":\"pt-BR\",\"@id\":\"https:\/\/franciscanos.org.br\/noticias\/#\/schema\/person\/image\/\",\"url\":\"https:\/\/secure.gravatar.com\/avatar\/9840b940e621801b24f3e6b059efb4b7?s=96&d=mm&r=g\",\"contentUrl\":\"https:\/\/secure.gravatar.com\/avatar\/9840b940e621801b24f3e6b059efb4b7?s=96&d=mm&r=g\",\"caption\":\"freiaugusto\"},\"url\":\"https:\/\/franciscanos.org.br\/noticias\/author\/freiaugusto\"}]}<\/script>\n<!-- \/ Yoast SEO plugin. -->","yoast_head_json":{"title":"Com alegria e emo\u00e7\u00e3o, termina o Congresso Nacional Pueri Cantores em Passos (MG) - Not\u00edcias - Franciscanos","robots":{"index":"index","follow":"follow","max-snippet":"max-snippet:-1","max-image-preview":"max-image-preview:large","max-video-preview":"max-video-preview:-1"},"canonical":"https:\/\/franciscanos.org.br\/noticias\/com-alegria-e-emocao-termina-o-congresso-nacional-pueri-cantores-em-passos-mg.html","og_locale":"pt_BR","og_type":"article","og_title":"Com alegria e emo\u00e7\u00e3o, termina o Congresso Nacional Pueri Cantores em Passos (MG) - Not\u00edcias - Franciscanos","og_description":"17\u00ba Congresso Nacional Pueri Cantores","og_url":"https:\/\/franciscanos.org.br\/noticias\/com-alegria-e-emocao-termina-o-congresso-nacional-pueri-cantores-em-passos-mg.html","og_site_name":"Not\u00edcias - Franciscanos","article_published_time":"2022-10-17T00:35:33+00:00","article_modified_time":"2022-10-17T00:39:53+00:00","og_image":[{"width":1280,"height":750,"url":"https:\/\/franciscanos.org.br\/noticias\/wp-content\/uploads\/2022\/10\/congresso_1610_1.jpg","type":"image\/jpeg"}],"author":"freiaugusto","twitter_card":"summary_large_image","twitter_misc":{"Escrito por":"freiaugusto","Est. tempo de leitura":"3 minutos"},"schema":{"@context":"https:\/\/schema.org","@graph":[{"@type":"WebSite","@id":"https:\/\/franciscanos.org.br\/noticias\/#website","url":"https:\/\/franciscanos.org.br\/noticias\/","name":"Not\u00edcias - Franciscanos","description":"Prov\u00edncia Franciscana da Imaculada Concei\u00e7\u00e3o do Brasil - Ordem dos Frades Menores - OFM","potentialAction":[{"@type":"SearchAction","target":{"@type":"EntryPoint","urlTemplate":"https:\/\/franciscanos.org.br\/noticias\/?s={search_term_string}"},"query-input":"required name=search_term_string"}],"inLanguage":"pt-BR"},{"@type":"ImageObject","inLanguage":"pt-BR","@id":"https:\/\/franciscanos.org.br\/noticias\/com-alegria-e-emocao-termina-o-congresso-nacional-pueri-cantores-em-passos-mg.html#primaryimage","url":"https:\/\/franciscanos.org.br\/noticias\/wp-content\/uploads\/2022\/10\/congresso_1610_1.jpg","contentUrl":"https:\/\/franciscanos.org.br\/noticias\/wp-content\/uploads\/2022\/10\/congresso_1610_1.jpg","width":1280,"height":750},{"@type":"WebPage","@id":"https:\/\/franciscanos.org.br\/noticias\/com-alegria-e-emocao-termina-o-congresso-nacional-pueri-cantores-em-passos-mg.html#webpage","url":"https:\/\/franciscanos.org.br\/noticias\/com-alegria-e-emocao-termina-o-congresso-nacional-pueri-cantores-em-passos-mg.html","name":"Com alegria e emo\u00e7\u00e3o, termina o Congresso Nacional Pueri Cantores em Passos (MG) - Not\u00edcias - Franciscanos","isPartOf":{"@id":"https:\/\/franciscanos.org.br\/noticias\/#website"},"primaryImageOfPage":{"@id":"https:\/\/franciscanos.org.br\/noticias\/com-alegria-e-emocao-termina-o-congresso-nacional-pueri-cantores-em-passos-mg.html#primaryimage"},"datePublished":"2022-10-17T00:35:33+00:00","dateModified":"2022-10-17T00:39:53+00:00","author":{"@id":"https:\/\/franciscanos.org.br\/noticias\/#\/schema\/person\/37f88f0d111cd5358b12a6556a99eb91"},"breadcrumb":{"@id":"https:\/\/franciscanos.org.br\/noticias\/com-alegria-e-emocao-termina-o-congresso-nacional-pueri-cantores-em-passos-mg.html#breadcrumb"},"inLanguage":"pt-BR","potentialAction":[{"@type":"ReadAction","target":["https:\/\/franciscanos.org.br\/noticias\/com-alegria-e-emocao-termina-o-congresso-nacional-pueri-cantores-em-passos-mg.html"]}]},{"@type":"BreadcrumbList","@id":"https:\/\/franciscanos.org.br\/noticias\/com-alegria-e-emocao-termina-o-congresso-nacional-pueri-cantores-em-passos-mg.html#breadcrumb","itemListElement":[{"@type":"ListItem","position":1,"name":"Home","item":"https:\/\/franciscanos.org.br\/noticias"},{"@type":"ListItem","position":2,"name":"Com alegria e emo\u00e7\u00e3o, termina o Congresso Nacional Pueri Cantores em Passos (MG)"}]},{"@type":"Person","@id":"https:\/\/franciscanos.org.br\/noticias\/#\/schema\/person\/37f88f0d111cd5358b12a6556a99eb91","name":"freiaugusto","image":{"@type":"ImageObject","inLanguage":"pt-BR","@id":"https:\/\/franciscanos.org.br\/noticias\/#\/schema\/person\/image\/","url":"https:\/\/secure.gravatar.com\/avatar\/9840b940e621801b24f3e6b059efb4b7?s=96&d=mm&r=g","contentUrl":"https:\/\/secure.gravatar.com\/avatar\/9840b940e621801b24f3e6b059efb4b7?s=96&d=mm&r=g","caption":"freiaugusto"},"url":"https:\/\/franciscanos.org.br\/noticias\/author\/freiaugusto"}]}},"_links":{"self":[{"href":"https:\/\/franciscanos.org.br\/noticias\/wp-json\/wp\/v2\/posts\/240220"}],"collection":[{"href":"https:\/\/franciscanos.org.br\/noticias\/wp-json\/wp\/v2\/posts"}],"about":[{"href":"https:\/\/franciscanos.org.br\/noticias\/wp-json\/wp\/v2\/types\/post"}],"author":[{"embeddable":true,"href":"https:\/\/franciscanos.org.br\/noticias\/wp-json\/wp\/v2\/users\/5"}],"replies":[{"embeddable":true,"href":"https:\/\/franciscanos.org.br\/noticias\/wp-json\/wp\/v2\/comments?post=240220"}],"version-history":[{"count":3,"href":"https:\/\/franciscanos.org.br\/noticias\/wp-json\/wp\/v2\/posts\/240220\/revisions"}],"predecessor-version":[{"id":240232,"href":"https:\/\/franciscanos.org.br\/noticias\/wp-json\/wp\/v2\/posts\/240220\/revisions\/240232"}],"wp:featuredmedia":[{"embeddable":true,"href":"https:\/\/franciscanos.org.br\/noticias\/wp-json\/wp\/v2\/media\/240221"}],"wp:attachment":[{"href":"https:\/\/franciscanos.org.br\/noticias\/wp-json\/wp\/v2\/media?parent=240220"}],"wp:term":[{"taxonomy":"category","embeddable":true,"href":"https:\/\/franciscanos.org.br\/noticias\/wp-json\/wp\/v2\/categories?post=240220"},{"taxonomy":"post_tag","embeddable":true,"href":"https:\/\/franciscanos.org.br\/noticias\/wp-json\/wp\/v2\/tags?post=240220"}],"curies":[{"name":"wp","href":"https:\/\/api.w.org\/{rel}","templated":true}]}}