{"id":240215,"date":"2022-10-16T08:30:50","date_gmt":"2022-10-16T11:30:50","guid":{"rendered":"https:\/\/franciscanos.org.br\/noticias\/?p=240215"},"modified":"2022-10-16T08:30:50","modified_gmt":"2022-10-16T11:30:50","slug":"papa-a-oracao-e-o-remedio-da-fe-o-reconstituinte-da-alma","status":"publish","type":"post","link":"https:\/\/franciscanos.org.br\/noticias\/papa-a-oracao-e-o-remedio-da-fe-o-reconstituinte-da-alma.html","title":{"rendered":"Papa: a ora\u00e7\u00e3o \u00e9 o rem\u00e9dio da f\u00e9, o reconstituinte da alma"},"content":{"rendered":"<div id=\"attachment_240216\" style=\"width: 1290px\" class=\"wp-caption alignnone\"><img aria-describedby=\"caption-attachment-240216\" loading=\"lazy\" class=\"wp-image-240216 size-full\" src=\"https:\/\/franciscanos.org.br\/noticias\/wp-content\/uploads\/2022\/10\/angelus_1610.jpg\" alt=\"\" width=\"1280\" height=\"720\" srcset=\"https:\/\/franciscanos.org.br\/noticias\/wp-content\/uploads\/2022\/10\/angelus_1610.jpg 1280w, https:\/\/franciscanos.org.br\/noticias\/wp-content\/uploads\/2022\/10\/angelus_1610-450x253.jpg 450w, https:\/\/franciscanos.org.br\/noticias\/wp-content\/uploads\/2022\/10\/angelus_1610-1024x576.jpg 1024w, https:\/\/franciscanos.org.br\/noticias\/wp-content\/uploads\/2022\/10\/angelus_1610-768x432.jpg 768w, https:\/\/franciscanos.org.br\/noticias\/wp-content\/uploads\/2022\/10\/angelus_1610-150x84.jpg 150w\" sizes=\"(max-width: 1280px) 100vw, 1280px\" \/><p id=\"caption-attachment-240216\" class=\"wp-caption-text\">\u00a0 \u00a0 \u00a0 \u00a0 \u00a0 \u00a0 \u00a0 \u00a0 \u00a0 \u00a0 \u00a0 \u00a0 \u00a0 \u00a0 \u00a0 \u00a0 \u00a0 \u00a0 \u00a0 \u00a0 \u00a0 \u00a0 \u00a0 \u00a0 \u00a0 \u00a0 \u00a0 \u00a0 \u00a0 \u00a0 \u00a0 \u00a0 \u00a0 \u00a0 \u00a0 \u00a0 \u00a0 \u00a0 \u00a0 \u00a0 \u00a0 \u00a0 \u00a0 \u00a0 \u00a0 \u00a0 \u00a0 \u00a0 \u00a0<em> \u00a0Imagem: Vatican Media<\/em><\/p><\/div>\n<p>Na ora\u00e7\u00e3o do Angelus deste domingo (16\/10), o Papa Francisco iniciou recordando uma preocupa\u00e7\u00e3o de Jesus: &#8220;Mas quando o Filho do Homem voltar, encontrar\u00e1 a f\u00e9 sobre a terra?\u201d (Lc 18,8). Francisco disse que \u00e9 uma pergunta s\u00e9ria. \u201cImaginemos que o Senhor venha hoje \u00e0 Terra. Ele veria, infelizmente, tantas guerras, pobreza e desigualdades\u201d. Mas principalmente perguntou o Papa: \u201co que ele encontraria em mim, na minha vida, no meu cora\u00e7\u00e3o? Que prioridades veria?\u201d<\/p>\n<p><strong>Ora\u00e7\u00e3o constante<\/strong><br \/>\nO Papa destacou que \u00e9 importante n\u00e3o negligenciarmos o que mais importa deixando que nosso amor por Deus se esfrie opuco a pouco. E sugeriu: \u201cHoje Jesus nos oferece o rem\u00e9dio para aquecer uma f\u00e9 ressequida. E qual \u00e9? A ora\u00e7\u00e3o. Sim, a ora\u00e7\u00e3o \u00e9 o rem\u00e9dio da f\u00e9, o reconstituinte da alma. Por\u00e9m, deve ser uma ora\u00e7\u00e3o constante\u201d<\/p>\n<p>Em seguida disse que a const\u00e2ncia significa \u201cnutrir\u201d todos os dias como uma planta, sen\u00e3o a nossa f\u00e9 pode \u201centrar em letargo\u201d e secar\u00e1. E fazendo analogia com a planta disse ainda para dedicarmos tempo a Deus, com ora\u00e7\u00f5es. Assim Ele pode entrar em nosso tempo; precisamos de momentos constantes nos quais lhe abrimos nossos cora\u00e7\u00f5es, para que Ele possa derramar sobre n\u00f3s todos os dias amor, paz, alegria, for\u00e7a, esperan\u00e7a; isto \u00e9, nutrir a nossa f\u00e9. Ent\u00e3o o Papa ponderou, que alguns poderiam objetar: &#8220;Como eu fa\u00e7o? N\u00e3o vivo em um convento, n\u00e3o tenho muito tempo para rezar&#8221;.<\/p>\n<p><strong>Ora\u00e7\u00f5es Jaculat\u00f3rias<\/strong><br \/>\n\u201cPode vir em nosso aux\u00edlio, uma pr\u00e1tica espiritual s\u00e1bia, mesmo que hoje seja um pouco esquecida, que nossos idosos, especialmente as av\u00f3s, conhecem bem: a das chamadas ora\u00e7\u00f5es jaculat\u00f3rias. O nome \u00e9 um pouco ultrapassado, mas a subst\u00e2ncia \u00e9 boa\u201d<\/p>\n<p>E Francisco explicou que \u201cs\u00e3o ora\u00e7\u00f5es muito curtas, f\u00e1ceis de memorizar, que podemos repetir com frequ\u00eancia durante o dia, no decorrer das v\u00e1rias atividades, para ficar &#8220;em sintonia&#8221; com o Senhor. Dando em seguida alguns exemplos: \u201cAssim que acordamos, podemos dizer: \u2018Senhor, eu te agrade\u00e7o e te ofere\u00e7o este dia\u2019; depois, antes de uma atividade, podemos repetir: \u2018Vem, Esp\u00edrito Santo\u2019; e entre uma coisa e outra, podemos rezar assim: \u2018Jesus, eu confio em ti e te amo\u2019. Com quanta frequ\u00eancia enviamos \u2018pequenas mensagens\u2019 \u00e0s pessoas que amamos! Fa\u00e7amos isso tamb\u00e9m com o Senhor, para que os nossos cora\u00e7\u00f5es permane\u00e7am conectados a Ele\u201d.<\/p>\n<p>E concluindo disse ainda \u201cN\u00e3o nos esque\u00e7amos de ler Suas respostas. P Senhor responde sempre. Onde podemos encontr\u00e1-las? No Evangelho, que deve estar sempre \u00e0 m\u00e3o para ser aberto todos os dias, para receber uma Palavra de vida dirigida a n\u00f3s\u201d. Por fim disse ainda: &#8220;E voltemos ao conselho que j\u00e1 dei muitas vezes: tenham sempre um pequeno Evangelho de bolso consigo, em sua bolsa, e assim, quando tiver um minuto, abra-o e leia algo, e o Senhor lhe responder\u00e1&#8221;.<\/p>\n<hr \/>\n<p><em>Fonte: Vatican News (texto de Jane Nogara)<\/em><\/p>\n","protected":false},"excerpt":{"rendered":"<p>Angelus<\/p>\n","protected":false},"author":3,"featured_media":240216,"comment_status":"open","ping_status":"open","sticky":false,"template":"","format":"standard","meta":[],"categories":[1428],"tags":[403],"acf":[],"yoast_head":"<!-- This site is optimized with the Yoast SEO plugin v19.2 - https:\/\/yoast.com\/wordpress\/plugins\/seo\/ -->\n<title>Papa: a ora\u00e7\u00e3o \u00e9 o rem\u00e9dio da f\u00e9, o reconstituinte da alma - Not\u00edcias - Franciscanos<\/title>\n<meta name=\"robots\" content=\"index, follow, max-snippet:-1, max-image-preview:large, max-video-preview:-1\" \/>\n<link rel=\"canonical\" href=\"https:\/\/franciscanos.org.br\/noticias\/papa-a-oracao-e-o-remedio-da-fe-o-reconstituinte-da-alma.html\" \/>\n<meta property=\"og:locale\" content=\"pt_BR\" \/>\n<meta property=\"og:type\" content=\"article\" \/>\n<meta property=\"og:title\" content=\"Papa: a ora\u00e7\u00e3o \u00e9 o rem\u00e9dio da f\u00e9, o reconstituinte da alma - Not\u00edcias - Franciscanos\" \/>\n<meta property=\"og:description\" content=\"Angelus\" \/>\n<meta property=\"og:url\" content=\"https:\/\/franciscanos.org.br\/noticias\/papa-a-oracao-e-o-remedio-da-fe-o-reconstituinte-da-alma.html\" \/>\n<meta property=\"og:site_name\" content=\"Not\u00edcias - Franciscanos\" \/>\n<meta property=\"article:published_time\" content=\"2022-10-16T11:30:50+00:00\" \/>\n<meta property=\"og:image\" content=\"https:\/\/franciscanos.org.br\/noticias\/wp-content\/uploads\/2022\/10\/angelus_1610.jpg\" \/>\n\t<meta property=\"og:image:width\" content=\"1280\" \/>\n\t<meta property=\"og:image:height\" content=\"720\" \/>\n\t<meta property=\"og:image:type\" content=\"image\/jpeg\" \/>\n<meta name=\"author\" content=\"moacir\" \/>\n<meta name=\"twitter:card\" content=\"summary_large_image\" \/>\n<meta name=\"twitter:label1\" content=\"Escrito por\" \/>\n\t<meta name=\"twitter:data1\" content=\"moacir\" \/>\n\t<meta name=\"twitter:label2\" content=\"Est. tempo de leitura\" \/>\n\t<meta name=\"twitter:data2\" content=\"3 minutos\" \/>\n<script type=\"application\/ld+json\" class=\"yoast-schema-graph\">{\"@context\":\"https:\/\/schema.org\",\"@graph\":[{\"@type\":\"WebSite\",\"@id\":\"https:\/\/franciscanos.org.br\/noticias\/#website\",\"url\":\"https:\/\/franciscanos.org.br\/noticias\/\",\"name\":\"Not\u00edcias - Franciscanos\",\"description\":\"Prov\u00edncia Franciscana da Imaculada Concei\u00e7\u00e3o do Brasil - Ordem dos Frades Menores - OFM\",\"potentialAction\":[{\"@type\":\"SearchAction\",\"target\":{\"@type\":\"EntryPoint\",\"urlTemplate\":\"https:\/\/franciscanos.org.br\/noticias\/?s={search_term_string}\"},\"query-input\":\"required name=search_term_string\"}],\"inLanguage\":\"pt-BR\"},{\"@type\":\"ImageObject\",\"inLanguage\":\"pt-BR\",\"@id\":\"https:\/\/franciscanos.org.br\/noticias\/papa-a-oracao-e-o-remedio-da-fe-o-reconstituinte-da-alma.html#primaryimage\",\"url\":\"https:\/\/franciscanos.org.br\/noticias\/wp-content\/uploads\/2022\/10\/angelus_1610.jpg\",\"contentUrl\":\"https:\/\/franciscanos.org.br\/noticias\/wp-content\/uploads\/2022\/10\/angelus_1610.jpg\",\"width\":1280,\"height\":720},{\"@type\":\"WebPage\",\"@id\":\"https:\/\/franciscanos.org.br\/noticias\/papa-a-oracao-e-o-remedio-da-fe-o-reconstituinte-da-alma.html#webpage\",\"url\":\"https:\/\/franciscanos.org.br\/noticias\/papa-a-oracao-e-o-remedio-da-fe-o-reconstituinte-da-alma.html\",\"name\":\"Papa: a ora\u00e7\u00e3o \u00e9 o rem\u00e9dio da f\u00e9, o reconstituinte da alma - Not\u00edcias - Franciscanos\",\"isPartOf\":{\"@id\":\"https:\/\/franciscanos.org.br\/noticias\/#website\"},\"primaryImageOfPage\":{\"@id\":\"https:\/\/franciscanos.org.br\/noticias\/papa-a-oracao-e-o-remedio-da-fe-o-reconstituinte-da-alma.html#primaryimage\"},\"datePublished\":\"2022-10-16T11:30:50+00:00\",\"dateModified\":\"2022-10-16T11:30:50+00:00\",\"author\":{\"@id\":\"https:\/\/franciscanos.org.br\/noticias\/#\/schema\/person\/b5c8cba458c330ccff548b056e95a5d4\"},\"breadcrumb\":{\"@id\":\"https:\/\/franciscanos.org.br\/noticias\/papa-a-oracao-e-o-remedio-da-fe-o-reconstituinte-da-alma.html#breadcrumb\"},\"inLanguage\":\"pt-BR\",\"potentialAction\":[{\"@type\":\"ReadAction\",\"target\":[\"https:\/\/franciscanos.org.br\/noticias\/papa-a-oracao-e-o-remedio-da-fe-o-reconstituinte-da-alma.html\"]}]},{\"@type\":\"BreadcrumbList\",\"@id\":\"https:\/\/franciscanos.org.br\/noticias\/papa-a-oracao-e-o-remedio-da-fe-o-reconstituinte-da-alma.html#breadcrumb\",\"itemListElement\":[{\"@type\":\"ListItem\",\"position\":1,\"name\":\"Home\",\"item\":\"https:\/\/franciscanos.org.br\/noticias\"},{\"@type\":\"ListItem\",\"position\":2,\"name\":\"Papa: a ora\u00e7\u00e3o \u00e9 o rem\u00e9dio da f\u00e9, o reconstituinte da alma\"}]},{\"@type\":\"Person\",\"@id\":\"https:\/\/franciscanos.org.br\/noticias\/#\/schema\/person\/b5c8cba458c330ccff548b056e95a5d4\",\"name\":\"moacir\",\"image\":{\"@type\":\"ImageObject\",\"inLanguage\":\"pt-BR\",\"@id\":\"https:\/\/franciscanos.org.br\/noticias\/#\/schema\/person\/image\/\",\"url\":\"https:\/\/secure.gravatar.com\/avatar\/d08aa2ce4c8dd416d4479aa8536fcf64?s=96&d=mm&r=g\",\"contentUrl\":\"https:\/\/secure.gravatar.com\/avatar\/d08aa2ce4c8dd416d4479aa8536fcf64?s=96&d=mm&r=g\",\"caption\":\"moacir\"},\"url\":\"https:\/\/franciscanos.org.br\/noticias\/author\/moacir\"}]}<\/script>\n<!-- \/ Yoast SEO plugin. -->","yoast_head_json":{"title":"Papa: a ora\u00e7\u00e3o \u00e9 o rem\u00e9dio da f\u00e9, o reconstituinte da alma - Not\u00edcias - Franciscanos","robots":{"index":"index","follow":"follow","max-snippet":"max-snippet:-1","max-image-preview":"max-image-preview:large","max-video-preview":"max-video-preview:-1"},"canonical":"https:\/\/franciscanos.org.br\/noticias\/papa-a-oracao-e-o-remedio-da-fe-o-reconstituinte-da-alma.html","og_locale":"pt_BR","og_type":"article","og_title":"Papa: a ora\u00e7\u00e3o \u00e9 o rem\u00e9dio da f\u00e9, o reconstituinte da alma - Not\u00edcias - Franciscanos","og_description":"Angelus","og_url":"https:\/\/franciscanos.org.br\/noticias\/papa-a-oracao-e-o-remedio-da-fe-o-reconstituinte-da-alma.html","og_site_name":"Not\u00edcias - Franciscanos","article_published_time":"2022-10-16T11:30:50+00:00","og_image":[{"width":1280,"height":720,"url":"https:\/\/franciscanos.org.br\/noticias\/wp-content\/uploads\/2022\/10\/angelus_1610.jpg","type":"image\/jpeg"}],"author":"moacir","twitter_card":"summary_large_image","twitter_misc":{"Escrito por":"moacir","Est. tempo de leitura":"3 minutos"},"schema":{"@context":"https:\/\/schema.org","@graph":[{"@type":"WebSite","@id":"https:\/\/franciscanos.org.br\/noticias\/#website","url":"https:\/\/franciscanos.org.br\/noticias\/","name":"Not\u00edcias - Franciscanos","description":"Prov\u00edncia Franciscana da Imaculada Concei\u00e7\u00e3o do Brasil - Ordem dos Frades Menores - OFM","potentialAction":[{"@type":"SearchAction","target":{"@type":"EntryPoint","urlTemplate":"https:\/\/franciscanos.org.br\/noticias\/?s={search_term_string}"},"query-input":"required name=search_term_string"}],"inLanguage":"pt-BR"},{"@type":"ImageObject","inLanguage":"pt-BR","@id":"https:\/\/franciscanos.org.br\/noticias\/papa-a-oracao-e-o-remedio-da-fe-o-reconstituinte-da-alma.html#primaryimage","url":"https:\/\/franciscanos.org.br\/noticias\/wp-content\/uploads\/2022\/10\/angelus_1610.jpg","contentUrl":"https:\/\/franciscanos.org.br\/noticias\/wp-content\/uploads\/2022\/10\/angelus_1610.jpg","width":1280,"height":720},{"@type":"WebPage","@id":"https:\/\/franciscanos.org.br\/noticias\/papa-a-oracao-e-o-remedio-da-fe-o-reconstituinte-da-alma.html#webpage","url":"https:\/\/franciscanos.org.br\/noticias\/papa-a-oracao-e-o-remedio-da-fe-o-reconstituinte-da-alma.html","name":"Papa: a ora\u00e7\u00e3o \u00e9 o rem\u00e9dio da f\u00e9, o reconstituinte da alma - Not\u00edcias - Franciscanos","isPartOf":{"@id":"https:\/\/franciscanos.org.br\/noticias\/#website"},"primaryImageOfPage":{"@id":"https:\/\/franciscanos.org.br\/noticias\/papa-a-oracao-e-o-remedio-da-fe-o-reconstituinte-da-alma.html#primaryimage"},"datePublished":"2022-10-16T11:30:50+00:00","dateModified":"2022-10-16T11:30:50+00:00","author":{"@id":"https:\/\/franciscanos.org.br\/noticias\/#\/schema\/person\/b5c8cba458c330ccff548b056e95a5d4"},"breadcrumb":{"@id":"https:\/\/franciscanos.org.br\/noticias\/papa-a-oracao-e-o-remedio-da-fe-o-reconstituinte-da-alma.html#breadcrumb"},"inLanguage":"pt-BR","potentialAction":[{"@type":"ReadAction","target":["https:\/\/franciscanos.org.br\/noticias\/papa-a-oracao-e-o-remedio-da-fe-o-reconstituinte-da-alma.html"]}]},{"@type":"BreadcrumbList","@id":"https:\/\/franciscanos.org.br\/noticias\/papa-a-oracao-e-o-remedio-da-fe-o-reconstituinte-da-alma.html#breadcrumb","itemListElement":[{"@type":"ListItem","position":1,"name":"Home","item":"https:\/\/franciscanos.org.br\/noticias"},{"@type":"ListItem","position":2,"name":"Papa: a ora\u00e7\u00e3o \u00e9 o rem\u00e9dio da f\u00e9, o reconstituinte da alma"}]},{"@type":"Person","@id":"https:\/\/franciscanos.org.br\/noticias\/#\/schema\/person\/b5c8cba458c330ccff548b056e95a5d4","name":"moacir","image":{"@type":"ImageObject","inLanguage":"pt-BR","@id":"https:\/\/franciscanos.org.br\/noticias\/#\/schema\/person\/image\/","url":"https:\/\/secure.gravatar.com\/avatar\/d08aa2ce4c8dd416d4479aa8536fcf64?s=96&d=mm&r=g","contentUrl":"https:\/\/secure.gravatar.com\/avatar\/d08aa2ce4c8dd416d4479aa8536fcf64?s=96&d=mm&r=g","caption":"moacir"},"url":"https:\/\/franciscanos.org.br\/noticias\/author\/moacir"}]}},"_links":{"self":[{"href":"https:\/\/franciscanos.org.br\/noticias\/wp-json\/wp\/v2\/posts\/240215"}],"collection":[{"href":"https:\/\/franciscanos.org.br\/noticias\/wp-json\/wp\/v2\/posts"}],"about":[{"href":"https:\/\/franciscanos.org.br\/noticias\/wp-json\/wp\/v2\/types\/post"}],"author":[{"embeddable":true,"href":"https:\/\/franciscanos.org.br\/noticias\/wp-json\/wp\/v2\/users\/3"}],"replies":[{"embeddable":true,"href":"https:\/\/franciscanos.org.br\/noticias\/wp-json\/wp\/v2\/comments?post=240215"}],"version-history":[{"count":1,"href":"https:\/\/franciscanos.org.br\/noticias\/wp-json\/wp\/v2\/posts\/240215\/revisions"}],"predecessor-version":[{"id":240217,"href":"https:\/\/franciscanos.org.br\/noticias\/wp-json\/wp\/v2\/posts\/240215\/revisions\/240217"}],"wp:featuredmedia":[{"embeddable":true,"href":"https:\/\/franciscanos.org.br\/noticias\/wp-json\/wp\/v2\/media\/240216"}],"wp:attachment":[{"href":"https:\/\/franciscanos.org.br\/noticias\/wp-json\/wp\/v2\/media?parent=240215"}],"wp:term":[{"taxonomy":"category","embeddable":true,"href":"https:\/\/franciscanos.org.br\/noticias\/wp-json\/wp\/v2\/categories?post=240215"},{"taxonomy":"post_tag","embeddable":true,"href":"https:\/\/franciscanos.org.br\/noticias\/wp-json\/wp\/v2\/tags?post=240215"}],"curies":[{"name":"wp","href":"https:\/\/api.w.org\/{rel}","templated":true}]}}