{"id":240176,"date":"2022-10-15T08:19:27","date_gmt":"2022-10-15T11:19:27","guid":{"rendered":"https:\/\/franciscanos.org.br\/noticias\/?p=240176"},"modified":"2022-10-15T08:19:27","modified_gmt":"2022-10-15T11:19:27","slug":"reunidos-em-congresso-canarinhos-cantam-alegria-da-vida-afeicoada-pelo-evangelho","status":"publish","type":"post","link":"https:\/\/franciscanos.org.br\/noticias\/reunidos-em-congresso-canarinhos-cantam-alegria-da-vida-afeicoada-pelo-evangelho.html","title":{"rendered":"Reunidos em Congresso, Canarinhos cantam alegria da vida afei\u00e7oada pelo Evangelho"},"content":{"rendered":"<p><img loading=\"lazy\" class=\"alignnone wp-image-240177 size-full\" src=\"https:\/\/franciscanos.org.br\/noticias\/wp-content\/uploads\/2022\/10\/congresso_1410_1.jpg\" alt=\"\" width=\"1280\" height=\"750\" srcset=\"https:\/\/franciscanos.org.br\/noticias\/wp-content\/uploads\/2022\/10\/congresso_1410_1.jpg 1280w, https:\/\/franciscanos.org.br\/noticias\/wp-content\/uploads\/2022\/10\/congresso_1410_1-450x264.jpg 450w, https:\/\/franciscanos.org.br\/noticias\/wp-content\/uploads\/2022\/10\/congresso_1410_1-1024x600.jpg 1024w, https:\/\/franciscanos.org.br\/noticias\/wp-content\/uploads\/2022\/10\/congresso_1410_1-768x450.jpg 768w, https:\/\/franciscanos.org.br\/noticias\/wp-content\/uploads\/2022\/10\/congresso_1410_1-150x88.jpg 150w\" sizes=\"(max-width: 1280px) 100vw, 1280px\" \/><\/p>\n<p style=\"font-weight: 400;\"><strong>C\u00e1ssia (MG) \u2013<\/strong> O 17\u00ba Congresso Nacional Pueri Cantores levou os seus mais de 400 coralistas para o maior Santu\u00e1rio Diocesano dedicado \u00e0 Santa Rita de C\u00e1ssia, nesta sexta-feira (14\/10), na cidade de C\u00e1ssia, Minas Gerais. Santu\u00e1rio este inaugurado h\u00e1 menos de cinco meses e no qual os grupos de Meninos Cantores entoaram a liturgia da Celebra\u00e7\u00e3o Eucar\u00edstica \u00e0s 18h.<\/p>\n<p style=\"font-weight: 400;\">Durante o dia novamente os coralistas se exercitaram atrav\u00e9s do ensaio, disto se revela a disciplina necess\u00e1ria pr\u00f3pria a m\u00fasica profissional de qualidade. Os Canarinhos de Petr\u00f3polis puderam aproveitar os intervalos e as pausas do ensaio para conhecer em um momento recreativo os espa\u00e7os que comp\u00f5e o Santu\u00e1rio de C\u00e1ssia. Chegada a hora da Celebra\u00e7\u00e3o da Eucaristia, estavam eles devidamente trajados com as t\u00fanicas para poderem compor um coro \u00fanico que contou com mais de 400 vozes harmonicamente concentradas para que em un\u00edssono correspondessem dignamente ao mist\u00e9rio de amor mostrado na eucaristia.<\/p>\n<p><img loading=\"lazy\" class=\"alignnone wp-image-240178 size-full\" src=\"https:\/\/franciscanos.org.br\/noticias\/wp-content\/uploads\/2022\/10\/congresso_1410_2.jpg\" alt=\"\" width=\"1280\" height=\"750\" srcset=\"https:\/\/franciscanos.org.br\/noticias\/wp-content\/uploads\/2022\/10\/congresso_1410_2.jpg 1280w, https:\/\/franciscanos.org.br\/noticias\/wp-content\/uploads\/2022\/10\/congresso_1410_2-450x264.jpg 450w, https:\/\/franciscanos.org.br\/noticias\/wp-content\/uploads\/2022\/10\/congresso_1410_2-1024x600.jpg 1024w, https:\/\/franciscanos.org.br\/noticias\/wp-content\/uploads\/2022\/10\/congresso_1410_2-768x450.jpg 768w, https:\/\/franciscanos.org.br\/noticias\/wp-content\/uploads\/2022\/10\/congresso_1410_2-150x88.jpg 150w\" sizes=\"(max-width: 1280px) 100vw, 1280px\" \/><\/p>\n<p style=\"font-weight: 400;\">\u201cA beleza dos c\u00e9us se fez presente no Santu\u00e1rio de C\u00e1ssia. Durante o dia pudemos ver o Evangelho encarnado no cuidado que cada um dos respons\u00e1veis dedicava aos seus respectivos meninos cantores. Tamb\u00e9m podemos v\u00ea-lo no zelo e na educa\u00e7\u00e3o que estas mesmas crian\u00e7as tiveram com os ambientes do Santu\u00e1rio. Enfatizo! Essa \u00e9 a beleza viva do Evangelho revelada atrav\u00e9s deste Congresso, um amor que se encarna na voz e que se apresenta em atitudes\u201d, disse o presidente da celebra\u00e7\u00e3o lit\u00fargica, Pe. J\u00falio Cesar Agripino.<\/p>\n<p style=\"font-weight: 400;\">O dia se encerrou acompanhado do sentimento de que o trabalho foi cumprido com dedica\u00e7\u00e3o. Os Canarinhos de Petr\u00f3polis retornaram para os seus lares de acolhida e durante a volta, enquanto estavam todos no \u00f4nibus, a gratid\u00e3o se expressava nas palavras e nas fei\u00e7\u00f5es, pois segundo os coment\u00e1rios, para eles \u00e9 mais do que um privil\u00e9gio poder retornar presencialmente aos encontros da Federa\u00e7\u00e3o &#8211; tendo em vista que os \u00faltimos encontros, por ocasi\u00e3o da pandemia da Covid-19, ocorreram de modo online -, nestes encontros, a paix\u00e3o pela m\u00fasica ensina que \u00e9 preciso tamb\u00e9m aprender a viver conforme \u00e0quilo que ela prop\u00f5e que eles cantem: a alegria da vida afei\u00e7oada pelo Evangelho.<\/p>\n<p style=\"font-weight: 400;\"><img loading=\"lazy\" class=\"alignnone wp-image-240180 size-full\" src=\"https:\/\/franciscanos.org.br\/noticias\/wp-content\/uploads\/2022\/10\/congresso_1410_4.jpg\" alt=\"\" width=\"1280\" height=\"750\" srcset=\"https:\/\/franciscanos.org.br\/noticias\/wp-content\/uploads\/2022\/10\/congresso_1410_4.jpg 1280w, https:\/\/franciscanos.org.br\/noticias\/wp-content\/uploads\/2022\/10\/congresso_1410_4-450x264.jpg 450w, https:\/\/franciscanos.org.br\/noticias\/wp-content\/uploads\/2022\/10\/congresso_1410_4-1024x600.jpg 1024w, https:\/\/franciscanos.org.br\/noticias\/wp-content\/uploads\/2022\/10\/congresso_1410_4-768x450.jpg 768w, https:\/\/franciscanos.org.br\/noticias\/wp-content\/uploads\/2022\/10\/congresso_1410_4-150x88.jpg 150w\" sizes=\"(max-width: 1280px) 100vw, 1280px\" \/><\/p>\n<p style=\"font-weight: 400;\">O feriado em honra a Solenidade de Nossa Senhora Aparecida, celebrado nesta \u00faltima quarta-feira (12\/10), no XVII Congresso Nacional Pueri Cantores, foi marcado pela intensifica\u00e7\u00e3o dos momentos de ensaio do Coral dos Canarinhos de Petr\u00f3polis (RJ). Focados no preparo do canto da liturgia do final de semana, e na apresenta\u00e7\u00e3o do Concerto de Gala que fariam durante a noite, os Canarinhos tiveram a manh\u00e3 e a tarde, reservados para o ensaio. No per\u00edodo da manh\u00e3, o ensaio realizado na Matriz da cidade de Passos (MG), Senhor Bom Jesus de Passos, foi feito entre todos os corais presente. O esfor\u00e7o dos maestros \u00e9 o de preparar os meninos cantores para bem cantarem a liturgia a uma s\u00f3 voz.<\/p>\n<p style=\"font-weight: 400;\">Ap\u00f3s o almo\u00e7o, seguindo a programa\u00e7\u00e3o do evento, todos retornaram \u00e0 igreja Matriz para o ensaio individual dos Concertos de Gala. Nossos Canarinhos, seguindo as instru\u00e7\u00f5es do seu maestro Marco Aur\u00e9lio Lischst, reviram o report\u00f3rio programado se exercitando para o encontro da noite. Pelo regulamento da Federa\u00e7\u00e3o Nacional de Meninos Cantores, os corais que participam do Congresso Nacional devem, nos Concertos de Gala, apresentar uma m\u00fasica sacra, um canto \u00e0 capela e uma composi\u00e7\u00e3o com caracter\u00edsticas musicais brasileiras. Os Canarinhos de Petr\u00f3polis ensaiaram \u00e0 capela as m\u00fasicas \u201cAve Maria\u201d de Tomas Lu\u00eds da Vit\u00f3ria e \u201cPsalmus Brevis\u201d, uma m\u00fasica com os arranjos pr\u00f3prios ao Brasil, composta por Jo\u00e3o Guilherme Ripper; eles tamb\u00e9m ensaiaram \u201cAve verum corpus\u201d de Wolfgang Amadeus Mozart, composi\u00e7\u00e3o esta que se caracteriza pelo aspecto sacro.<\/p>\n<p style=\"font-weight: 400;\"><img loading=\"lazy\" class=\"alignnone wp-image-240179 size-full\" src=\"https:\/\/franciscanos.org.br\/noticias\/wp-content\/uploads\/2022\/10\/congresso_1410_3.jpg\" alt=\"\" width=\"1280\" height=\"750\" srcset=\"https:\/\/franciscanos.org.br\/noticias\/wp-content\/uploads\/2022\/10\/congresso_1410_3.jpg 1280w, https:\/\/franciscanos.org.br\/noticias\/wp-content\/uploads\/2022\/10\/congresso_1410_3-450x264.jpg 450w, https:\/\/franciscanos.org.br\/noticias\/wp-content\/uploads\/2022\/10\/congresso_1410_3-1024x600.jpg 1024w, https:\/\/franciscanos.org.br\/noticias\/wp-content\/uploads\/2022\/10\/congresso_1410_3-768x450.jpg 768w, https:\/\/franciscanos.org.br\/noticias\/wp-content\/uploads\/2022\/10\/congresso_1410_3-150x88.jpg 150w\" sizes=\"(max-width: 1280px) 100vw, 1280px\" \/><\/p>\n<p style=\"font-weight: 400;\">Finalizado o ensaio, todos foram liberados para \u00e0s fam\u00edlias de acolhida e se reencontraram \u00e0s 18h na Igreja Matriz de Passos para o in\u00edcio dos Concertos. Dos dez corais participantes, cinco deles fizeram a sua apresenta\u00e7\u00e3o na noite de quarta-feira, ficando para a pr\u00f3xima noite a apresenta\u00e7\u00e3o dos demais corais. Os Canarinhos de Petr\u00f3polis foi o terceiro grupo a se apresentar. Ap\u00f3s o concerto do coral Arautos do Grande Rei de Xaxim (SC), os Meninos Cantores de Petr\u00f3polis tomaram posi\u00e7\u00e3o no presbit\u00e9rio da Igreja Matriz da cidade de Passos, e regidos pelo seu maestro, ofereceram ao p\u00fablico que acompanhava presencialmente pela nave da Igreja e pela transmiss\u00e3o ao vivo do YouTube por meio do canal oficial dos Pequenos Cantores de Passos, um espet\u00e1culo digno dos aplausos que imediatamente vieram quando finalizada apresenta\u00e7\u00e3o.<\/p>\n<p style=\"font-weight: 400;\">Certamente todo o empenho dos ensaios realizados no Instituto Meninos Cantores de Petr\u00f3polis, bem como o esfor\u00e7o daqueles que se doam pelo bom andamento do Instituto, foi gratificado pela beleza do \u00eaxito no Concerto de Gala. A apresenta\u00e7\u00e3o foi delicada, atenta e fiel. Minutos antes de subirem ao presbit\u00e9rio, os meninos Canarinhos que j\u00e1 participam do coral h\u00e1 mais tempo, e por isso guardam certa intimidade com o momento, animaram os mais novos, era poss\u00edvel enxergar a tentativa de os ajudar em suas pr\u00f3prias confian\u00e7as. O resultado, foi a possibilidade de experimentar a alegria pela tarefa cumprida, os elogios daqueles que acompanhavam e a certeza de que o projeto enquanto tal, n\u00e3o se resume unicamente na beleza do canto, mas sim, se expande \u00e0 chance de contribuir para que estes jovens consigam assumir a tarefa de empenharem-se por um dado caminho escolhido.<\/p>\n\n\t\t<style type=\"text\/css\">\n\t\t\t#gallery-1 {\n\t\t\t\tmargin: auto;\n\t\t\t}\n\t\t\t#gallery-1 .gallery-item {\n\t\t\t\tfloat: left;\n\t\t\t\tmargin-top: 10px;\n\t\t\t\ttext-align: center;\n\t\t\t\twidth: 20%;\n\t\t\t}\n\t\t\t#gallery-1 img {\n\t\t\t\tborder: 2px solid #cfcfcf;\n\t\t\t}\n\t\t\t#gallery-1 .gallery-caption {\n\t\t\t\tmargin-left: 0;\n\t\t\t}\n\t\t\t\/* see gallery_shortcode() in wp-includes\/media.php *\/\n\t\t<\/style>\n\t\t<div id='gallery-1' class='gallery galleryid-240176 gallery-columns-5 gallery-size-thumbnail'><dl class='gallery-item'>\n\t\t\t<dt class='gallery-icon landscape'>\n\t\t\t\t<a href='https:\/\/franciscanos.org.br\/noticias\/wp-content\/uploads\/2022\/10\/congresso_1410_5.jpeg'><img width=\"300\" height=\"300\" src=\"https:\/\/franciscanos.org.br\/noticias\/wp-content\/uploads\/2022\/10\/congresso_1410_5-300x300.jpeg\" class=\"attachment-thumbnail size-thumbnail\" alt=\"\" loading=\"lazy\" srcset=\"https:\/\/franciscanos.org.br\/noticias\/wp-content\/uploads\/2022\/10\/congresso_1410_5-300x300.jpeg 300w, https:\/\/franciscanos.org.br\/noticias\/wp-content\/uploads\/2022\/10\/congresso_1410_5-100x100.jpeg 100w\" sizes=\"(max-width: 300px) 100vw, 300px\" \/><\/a>\n\t\t\t<\/dt><\/dl><dl class='gallery-item'>\n\t\t\t<dt class='gallery-icon landscape'>\n\t\t\t\t<a href='https:\/\/franciscanos.org.br\/noticias\/wp-content\/uploads\/2022\/10\/congresso_1410_6.jpeg'><img width=\"300\" height=\"300\" src=\"https:\/\/franciscanos.org.br\/noticias\/wp-content\/uploads\/2022\/10\/congresso_1410_6-300x300.jpeg\" class=\"attachment-thumbnail size-thumbnail\" alt=\"\" loading=\"lazy\" srcset=\"https:\/\/franciscanos.org.br\/noticias\/wp-content\/uploads\/2022\/10\/congresso_1410_6-300x300.jpeg 300w, https:\/\/franciscanos.org.br\/noticias\/wp-content\/uploads\/2022\/10\/congresso_1410_6-100x100.jpeg 100w\" sizes=\"(max-width: 300px) 100vw, 300px\" \/><\/a>\n\t\t\t<\/dt><\/dl><dl class='gallery-item'>\n\t\t\t<dt class='gallery-icon landscape'>\n\t\t\t\t<a href='https:\/\/franciscanos.org.br\/noticias\/wp-content\/uploads\/2022\/10\/congresso_1410_7.jpeg'><img width=\"300\" height=\"300\" src=\"https:\/\/franciscanos.org.br\/noticias\/wp-content\/uploads\/2022\/10\/congresso_1410_7-300x300.jpeg\" class=\"attachment-thumbnail size-thumbnail\" alt=\"\" loading=\"lazy\" srcset=\"https:\/\/franciscanos.org.br\/noticias\/wp-content\/uploads\/2022\/10\/congresso_1410_7-300x300.jpeg 300w, https:\/\/franciscanos.org.br\/noticias\/wp-content\/uploads\/2022\/10\/congresso_1410_7-100x100.jpeg 100w\" sizes=\"(max-width: 300px) 100vw, 300px\" \/><\/a>\n\t\t\t<\/dt><\/dl><dl class='gallery-item'>\n\t\t\t<dt class='gallery-icon landscape'>\n\t\t\t\t<a href='https:\/\/franciscanos.org.br\/noticias\/wp-content\/uploads\/2022\/10\/congresso_1410_8.jpeg'><img width=\"300\" height=\"300\" src=\"https:\/\/franciscanos.org.br\/noticias\/wp-content\/uploads\/2022\/10\/congresso_1410_8-300x300.jpeg\" class=\"attachment-thumbnail size-thumbnail\" alt=\"\" loading=\"lazy\" srcset=\"https:\/\/franciscanos.org.br\/noticias\/wp-content\/uploads\/2022\/10\/congresso_1410_8-300x300.jpeg 300w, https:\/\/franciscanos.org.br\/noticias\/wp-content\/uploads\/2022\/10\/congresso_1410_8-100x100.jpeg 100w\" sizes=\"(max-width: 300px) 100vw, 300px\" \/><\/a>\n\t\t\t<\/dt><\/dl><dl class='gallery-item'>\n\t\t\t<dt class='gallery-icon landscape'>\n\t\t\t\t<a href='https:\/\/franciscanos.org.br\/noticias\/wp-content\/uploads\/2022\/10\/congresso_1410_9.jpeg'><img width=\"300\" height=\"300\" src=\"https:\/\/franciscanos.org.br\/noticias\/wp-content\/uploads\/2022\/10\/congresso_1410_9-300x300.jpeg\" class=\"attachment-thumbnail size-thumbnail\" alt=\"\" loading=\"lazy\" srcset=\"https:\/\/franciscanos.org.br\/noticias\/wp-content\/uploads\/2022\/10\/congresso_1410_9-300x300.jpeg 300w, https:\/\/franciscanos.org.br\/noticias\/wp-content\/uploads\/2022\/10\/congresso_1410_9-100x100.jpeg 100w\" sizes=\"(max-width: 300px) 100vw, 300px\" \/><\/a>\n\t\t\t<\/dt><\/dl><br style=\"clear: both\" \/>\n\t\t<\/div>\n\n<p style=\"font-weight: 400;\">Na manh\u00e3 do dia seguinte, na quinta-feira (13\/10), o Coral dos Canarinhos retornou aos ensaios para as liturgias que ser\u00e3o celebradas no final de semana. \u00c0 tarde foi reservada ao descanso. Puderam aproveitar o momento com as fam\u00edlias que os acolheram e descansar da intensa rotina do Congresso. Mas a noite, se direcionaram de volta \u00e0 Igreja Matriz de Passos (MG) para poderem acompanhar os Concertos de Gala dos outros corais que tiveram suas apresenta\u00e7\u00f5es agendadas para a noite de quinta-feira (13\/10). Ao final dos concertos, todos os meninos coralistas cantaram juntos encerrando as noites de apresenta\u00e7\u00e3o individuais, selando a comunh\u00e3o, necess\u00e1ria na Federa\u00e7\u00e3o Nacional de Meninos Cantores, que apesar de estarem envolvidos em seus contextos e realidade particulares, permanecem atentos \u00e0 diversidade da m\u00fasica coral brasileira.<\/p>\n<hr \/>\n<p style=\"font-weight: 400;\"><em>Frei Lucas de Moura Justino Souza e equipe do IMCP<\/em><\/p>\n","protected":false},"excerpt":{"rendered":"<p>17\u00ba Congresso Nacional Pueri Cantores<\/p>\n","protected":false},"author":5,"featured_media":240178,"comment_status":"open","ping_status":"open","sticky":false,"template":"","format":"standard","meta":[],"categories":[1],"tags":[1378,1788],"acf":[],"yoast_head":"<!-- This site is optimized with the Yoast SEO plugin v19.2 - https:\/\/yoast.com\/wordpress\/plugins\/seo\/ -->\n<title>Reunidos em Congresso, Canarinhos cantam alegria da vida afei\u00e7oada pelo Evangelho - Not\u00edcias - Franciscanos<\/title>\n<meta name=\"robots\" content=\"index, follow, max-snippet:-1, max-image-preview:large, max-video-preview:-1\" \/>\n<link rel=\"canonical\" href=\"https:\/\/franciscanos.org.br\/noticias\/reunidos-em-congresso-canarinhos-cantam-alegria-da-vida-afeicoada-pelo-evangelho.html\" \/>\n<meta property=\"og:locale\" content=\"pt_BR\" \/>\n<meta property=\"og:type\" content=\"article\" \/>\n<meta property=\"og:title\" content=\"Reunidos em Congresso, Canarinhos cantam alegria da vida afei\u00e7oada pelo Evangelho - Not\u00edcias - Franciscanos\" \/>\n<meta property=\"og:description\" content=\"17\u00ba Congresso Nacional Pueri Cantores\" \/>\n<meta property=\"og:url\" content=\"https:\/\/franciscanos.org.br\/noticias\/reunidos-em-congresso-canarinhos-cantam-alegria-da-vida-afeicoada-pelo-evangelho.html\" \/>\n<meta property=\"og:site_name\" content=\"Not\u00edcias - Franciscanos\" \/>\n<meta property=\"article:published_time\" content=\"2022-10-15T11:19:27+00:00\" \/>\n<meta property=\"og:image\" content=\"https:\/\/franciscanos.org.br\/noticias\/wp-content\/uploads\/2022\/10\/congresso_1410_2.jpg\" \/>\n\t<meta property=\"og:image:width\" content=\"1280\" \/>\n\t<meta property=\"og:image:height\" content=\"750\" \/>\n\t<meta property=\"og:image:type\" content=\"image\/jpeg\" \/>\n<meta name=\"author\" content=\"freiaugusto\" \/>\n<meta name=\"twitter:card\" content=\"summary_large_image\" \/>\n<meta name=\"twitter:label1\" content=\"Escrito por\" \/>\n\t<meta name=\"twitter:data1\" content=\"freiaugusto\" \/>\n\t<meta name=\"twitter:label2\" content=\"Est. tempo de leitura\" \/>\n\t<meta name=\"twitter:data2\" content=\"5 minutos\" \/>\n<script type=\"application\/ld+json\" class=\"yoast-schema-graph\">{\"@context\":\"https:\/\/schema.org\",\"@graph\":[{\"@type\":\"WebSite\",\"@id\":\"https:\/\/franciscanos.org.br\/noticias\/#website\",\"url\":\"https:\/\/franciscanos.org.br\/noticias\/\",\"name\":\"Not\u00edcias - Franciscanos\",\"description\":\"Prov\u00edncia Franciscana da Imaculada Concei\u00e7\u00e3o do Brasil - Ordem dos Frades Menores - OFM\",\"potentialAction\":[{\"@type\":\"SearchAction\",\"target\":{\"@type\":\"EntryPoint\",\"urlTemplate\":\"https:\/\/franciscanos.org.br\/noticias\/?s={search_term_string}\"},\"query-input\":\"required name=search_term_string\"}],\"inLanguage\":\"pt-BR\"},{\"@type\":\"ImageObject\",\"inLanguage\":\"pt-BR\",\"@id\":\"https:\/\/franciscanos.org.br\/noticias\/reunidos-em-congresso-canarinhos-cantam-alegria-da-vida-afeicoada-pelo-evangelho.html#primaryimage\",\"url\":\"https:\/\/franciscanos.org.br\/noticias\/wp-content\/uploads\/2022\/10\/congresso_1410_2.jpg\",\"contentUrl\":\"https:\/\/franciscanos.org.br\/noticias\/wp-content\/uploads\/2022\/10\/congresso_1410_2.jpg\",\"width\":1280,\"height\":750},{\"@type\":\"WebPage\",\"@id\":\"https:\/\/franciscanos.org.br\/noticias\/reunidos-em-congresso-canarinhos-cantam-alegria-da-vida-afeicoada-pelo-evangelho.html#webpage\",\"url\":\"https:\/\/franciscanos.org.br\/noticias\/reunidos-em-congresso-canarinhos-cantam-alegria-da-vida-afeicoada-pelo-evangelho.html\",\"name\":\"Reunidos em Congresso, Canarinhos cantam alegria da vida afei\u00e7oada pelo Evangelho - Not\u00edcias - Franciscanos\",\"isPartOf\":{\"@id\":\"https:\/\/franciscanos.org.br\/noticias\/#website\"},\"primaryImageOfPage\":{\"@id\":\"https:\/\/franciscanos.org.br\/noticias\/reunidos-em-congresso-canarinhos-cantam-alegria-da-vida-afeicoada-pelo-evangelho.html#primaryimage\"},\"datePublished\":\"2022-10-15T11:19:27+00:00\",\"dateModified\":\"2022-10-15T11:19:27+00:00\",\"author\":{\"@id\":\"https:\/\/franciscanos.org.br\/noticias\/#\/schema\/person\/37f88f0d111cd5358b12a6556a99eb91\"},\"breadcrumb\":{\"@id\":\"https:\/\/franciscanos.org.br\/noticias\/reunidos-em-congresso-canarinhos-cantam-alegria-da-vida-afeicoada-pelo-evangelho.html#breadcrumb\"},\"inLanguage\":\"pt-BR\",\"potentialAction\":[{\"@type\":\"ReadAction\",\"target\":[\"https:\/\/franciscanos.org.br\/noticias\/reunidos-em-congresso-canarinhos-cantam-alegria-da-vida-afeicoada-pelo-evangelho.html\"]}]},{\"@type\":\"BreadcrumbList\",\"@id\":\"https:\/\/franciscanos.org.br\/noticias\/reunidos-em-congresso-canarinhos-cantam-alegria-da-vida-afeicoada-pelo-evangelho.html#breadcrumb\",\"itemListElement\":[{\"@type\":\"ListItem\",\"position\":1,\"name\":\"Home\",\"item\":\"https:\/\/franciscanos.org.br\/noticias\"},{\"@type\":\"ListItem\",\"position\":2,\"name\":\"Reunidos em Congresso, Canarinhos cantam alegria da vida afei\u00e7oada pelo Evangelho\"}]},{\"@type\":\"Person\",\"@id\":\"https:\/\/franciscanos.org.br\/noticias\/#\/schema\/person\/37f88f0d111cd5358b12a6556a99eb91\",\"name\":\"freiaugusto\",\"image\":{\"@type\":\"ImageObject\",\"inLanguage\":\"pt-BR\",\"@id\":\"https:\/\/franciscanos.org.br\/noticias\/#\/schema\/person\/image\/\",\"url\":\"https:\/\/secure.gravatar.com\/avatar\/9840b940e621801b24f3e6b059efb4b7?s=96&d=mm&r=g\",\"contentUrl\":\"https:\/\/secure.gravatar.com\/avatar\/9840b940e621801b24f3e6b059efb4b7?s=96&d=mm&r=g\",\"caption\":\"freiaugusto\"},\"url\":\"https:\/\/franciscanos.org.br\/noticias\/author\/freiaugusto\"}]}<\/script>\n<!-- \/ Yoast SEO plugin. -->","yoast_head_json":{"title":"Reunidos em Congresso, Canarinhos cantam alegria da vida afei\u00e7oada pelo Evangelho - Not\u00edcias - Franciscanos","robots":{"index":"index","follow":"follow","max-snippet":"max-snippet:-1","max-image-preview":"max-image-preview:large","max-video-preview":"max-video-preview:-1"},"canonical":"https:\/\/franciscanos.org.br\/noticias\/reunidos-em-congresso-canarinhos-cantam-alegria-da-vida-afeicoada-pelo-evangelho.html","og_locale":"pt_BR","og_type":"article","og_title":"Reunidos em Congresso, Canarinhos cantam alegria da vida afei\u00e7oada pelo Evangelho - Not\u00edcias - Franciscanos","og_description":"17\u00ba Congresso Nacional Pueri Cantores","og_url":"https:\/\/franciscanos.org.br\/noticias\/reunidos-em-congresso-canarinhos-cantam-alegria-da-vida-afeicoada-pelo-evangelho.html","og_site_name":"Not\u00edcias - Franciscanos","article_published_time":"2022-10-15T11:19:27+00:00","og_image":[{"width":1280,"height":750,"url":"https:\/\/franciscanos.org.br\/noticias\/wp-content\/uploads\/2022\/10\/congresso_1410_2.jpg","type":"image\/jpeg"}],"author":"freiaugusto","twitter_card":"summary_large_image","twitter_misc":{"Escrito por":"freiaugusto","Est. tempo de leitura":"5 minutos"},"schema":{"@context":"https:\/\/schema.org","@graph":[{"@type":"WebSite","@id":"https:\/\/franciscanos.org.br\/noticias\/#website","url":"https:\/\/franciscanos.org.br\/noticias\/","name":"Not\u00edcias - Franciscanos","description":"Prov\u00edncia Franciscana da Imaculada Concei\u00e7\u00e3o do Brasil - Ordem dos Frades Menores - OFM","potentialAction":[{"@type":"SearchAction","target":{"@type":"EntryPoint","urlTemplate":"https:\/\/franciscanos.org.br\/noticias\/?s={search_term_string}"},"query-input":"required name=search_term_string"}],"inLanguage":"pt-BR"},{"@type":"ImageObject","inLanguage":"pt-BR","@id":"https:\/\/franciscanos.org.br\/noticias\/reunidos-em-congresso-canarinhos-cantam-alegria-da-vida-afeicoada-pelo-evangelho.html#primaryimage","url":"https:\/\/franciscanos.org.br\/noticias\/wp-content\/uploads\/2022\/10\/congresso_1410_2.jpg","contentUrl":"https:\/\/franciscanos.org.br\/noticias\/wp-content\/uploads\/2022\/10\/congresso_1410_2.jpg","width":1280,"height":750},{"@type":"WebPage","@id":"https:\/\/franciscanos.org.br\/noticias\/reunidos-em-congresso-canarinhos-cantam-alegria-da-vida-afeicoada-pelo-evangelho.html#webpage","url":"https:\/\/franciscanos.org.br\/noticias\/reunidos-em-congresso-canarinhos-cantam-alegria-da-vida-afeicoada-pelo-evangelho.html","name":"Reunidos em Congresso, Canarinhos cantam alegria da vida afei\u00e7oada pelo Evangelho - Not\u00edcias - Franciscanos","isPartOf":{"@id":"https:\/\/franciscanos.org.br\/noticias\/#website"},"primaryImageOfPage":{"@id":"https:\/\/franciscanos.org.br\/noticias\/reunidos-em-congresso-canarinhos-cantam-alegria-da-vida-afeicoada-pelo-evangelho.html#primaryimage"},"datePublished":"2022-10-15T11:19:27+00:00","dateModified":"2022-10-15T11:19:27+00:00","author":{"@id":"https:\/\/franciscanos.org.br\/noticias\/#\/schema\/person\/37f88f0d111cd5358b12a6556a99eb91"},"breadcrumb":{"@id":"https:\/\/franciscanos.org.br\/noticias\/reunidos-em-congresso-canarinhos-cantam-alegria-da-vida-afeicoada-pelo-evangelho.html#breadcrumb"},"inLanguage":"pt-BR","potentialAction":[{"@type":"ReadAction","target":["https:\/\/franciscanos.org.br\/noticias\/reunidos-em-congresso-canarinhos-cantam-alegria-da-vida-afeicoada-pelo-evangelho.html"]}]},{"@type":"BreadcrumbList","@id":"https:\/\/franciscanos.org.br\/noticias\/reunidos-em-congresso-canarinhos-cantam-alegria-da-vida-afeicoada-pelo-evangelho.html#breadcrumb","itemListElement":[{"@type":"ListItem","position":1,"name":"Home","item":"https:\/\/franciscanos.org.br\/noticias"},{"@type":"ListItem","position":2,"name":"Reunidos em Congresso, Canarinhos cantam alegria da vida afei\u00e7oada pelo Evangelho"}]},{"@type":"Person","@id":"https:\/\/franciscanos.org.br\/noticias\/#\/schema\/person\/37f88f0d111cd5358b12a6556a99eb91","name":"freiaugusto","image":{"@type":"ImageObject","inLanguage":"pt-BR","@id":"https:\/\/franciscanos.org.br\/noticias\/#\/schema\/person\/image\/","url":"https:\/\/secure.gravatar.com\/avatar\/9840b940e621801b24f3e6b059efb4b7?s=96&d=mm&r=g","contentUrl":"https:\/\/secure.gravatar.com\/avatar\/9840b940e621801b24f3e6b059efb4b7?s=96&d=mm&r=g","caption":"freiaugusto"},"url":"https:\/\/franciscanos.org.br\/noticias\/author\/freiaugusto"}]}},"_links":{"self":[{"href":"https:\/\/franciscanos.org.br\/noticias\/wp-json\/wp\/v2\/posts\/240176"}],"collection":[{"href":"https:\/\/franciscanos.org.br\/noticias\/wp-json\/wp\/v2\/posts"}],"about":[{"href":"https:\/\/franciscanos.org.br\/noticias\/wp-json\/wp\/v2\/types\/post"}],"author":[{"embeddable":true,"href":"https:\/\/franciscanos.org.br\/noticias\/wp-json\/wp\/v2\/users\/5"}],"replies":[{"embeddable":true,"href":"https:\/\/franciscanos.org.br\/noticias\/wp-json\/wp\/v2\/comments?post=240176"}],"version-history":[{"count":1,"href":"https:\/\/franciscanos.org.br\/noticias\/wp-json\/wp\/v2\/posts\/240176\/revisions"}],"predecessor-version":[{"id":240186,"href":"https:\/\/franciscanos.org.br\/noticias\/wp-json\/wp\/v2\/posts\/240176\/revisions\/240186"}],"wp:featuredmedia":[{"embeddable":true,"href":"https:\/\/franciscanos.org.br\/noticias\/wp-json\/wp\/v2\/media\/240178"}],"wp:attachment":[{"href":"https:\/\/franciscanos.org.br\/noticias\/wp-json\/wp\/v2\/media?parent=240176"}],"wp:term":[{"taxonomy":"category","embeddable":true,"href":"https:\/\/franciscanos.org.br\/noticias\/wp-json\/wp\/v2\/categories?post=240176"},{"taxonomy":"post_tag","embeddable":true,"href":"https:\/\/franciscanos.org.br\/noticias\/wp-json\/wp\/v2\/tags?post=240176"}],"curies":[{"name":"wp","href":"https:\/\/api.w.org\/{rel}","templated":true}]}}