{"id":240138,"date":"2022-10-25T00:29:41","date_gmt":"2022-10-25T03:29:41","guid":{"rendered":"https:\/\/franciscanos.org.br\/noticias\/?p=240138"},"modified":"2022-10-25T07:27:39","modified_gmt":"2022-10-25T10:27:39","slug":"missa-votiva-dos-200-anos-da-morte-de-frei-galvao","status":"publish","type":"post","link":"https:\/\/franciscanos.org.br\/noticias\/missa-votiva-dos-200-anos-da-morte-de-frei-galvao.html","title":{"rendered":"Missa Votiva dos 200 anos da morte de Frei Galv\u00e3o"},"content":{"rendered":"<p><img loading=\"lazy\" class=\"alignnone size-full wp-image-240144\" src=\"https:\/\/franciscanos.org.br\/noticias\/wp-content\/uploads\/2022\/10\/frgalvao.png\" alt=\"\" width=\"1280\" height=\"720\" srcset=\"https:\/\/franciscanos.org.br\/noticias\/wp-content\/uploads\/2022\/10\/frgalvao.png 1280w, https:\/\/franciscanos.org.br\/noticias\/wp-content\/uploads\/2022\/10\/frgalvao-450x253.png 450w, https:\/\/franciscanos.org.br\/noticias\/wp-content\/uploads\/2022\/10\/frgalvao-1024x576.png 1024w, https:\/\/franciscanos.org.br\/noticias\/wp-content\/uploads\/2022\/10\/frgalvao-768x432.png 768w, https:\/\/franciscanos.org.br\/noticias\/wp-content\/uploads\/2022\/10\/frgalvao-150x84.png 150w\" sizes=\"(max-width: 1280px) 100vw, 1280px\" \/><\/p>\n<p>Dia 25 de outubro a Igreja celebra Santo Ant\u00f4nio de Sant\u2019 Anna Galv\u00e3o, o primeiro dentre os brasileiros a receber as honras dos altares (2007). O ilustre filho de Guaratinguet\u00e1, depois de 83 anos de vida, retorna para a casa do Pai no ano de 1822. Sendo sepultado no Mosteiro da Luz, na capital paulista.<\/p>\n<p>Para este ano jubilar, foi escolhido como tema o trecho da Ora\u00e7\u00e3o pela paz, de S\u00e3o Francisco de Assis: \u201c\u00c9 morrendo que se vive para a vida eterna\u201d. Com essa tem\u00e1tica todos ser\u00e3o conduzidos a refletirem acerca do mist\u00e9rio pascal na vida de Santo Ant\u00f4nio de Sant\u2019 Anna Galv\u00e3o. Considerando os duzentos anos de sua morte.<\/p>\n<p>Sendo assim, para celebrarmos a f\u00e9 na ressurrei\u00e7\u00e3o, o Santu\u00e1rio Frei Galv\u00e3o, situado em Guaratinguet\u00e1 &#8211; SP, traz aos fi\u00e9is uma missa votiva dos 200 anos, partituras com cantos pr\u00f3prios, um folheto de cantos e o Hino ao bicenten\u00e1rio.<\/p>\n<p>Que a Igreja do Brasil, ao celebrar o primeiro Santo Brasileiro, torne-se a grande testemunha da caridade e da paz.<\/p>\n<p>Que Santo Ant\u00f4nio de Sant\u2019Anna Galv\u00e3o interceda por todos os fi\u00e9is devotos.<\/p>\n<p>&nbsp;<\/p>\n<hr \/>\n<h3>Folheto da Missa do Bicenten\u00e1rio de Morte de Frei Galv\u00e3o<\/h3>\n<p>Clique <a href=\"https:\/\/franciscanos.org.br\/banca\/liturgia-do-bicentenario-de-morte-de-santo-antonio-de-santanna-galvao.html#gsc.tab=0\"><strong>aqui<\/strong><\/a> para acessar o arquivo em PDF.<\/p>\n<p><img loading=\"lazy\" class=\"alignnone size-full wp-image-240139\" src=\"https:\/\/franciscanos.org.br\/noticias\/wp-content\/uploads\/2022\/10\/Folha-da-missa-1_Pagina_1.png\" alt=\"\" width=\"1654\" height=\"2339\" srcset=\"https:\/\/franciscanos.org.br\/noticias\/wp-content\/uploads\/2022\/10\/Folha-da-missa-1_Pagina_1.png 1654w, https:\/\/franciscanos.org.br\/noticias\/wp-content\/uploads\/2022\/10\/Folha-da-missa-1_Pagina_1-318x450.png 318w, https:\/\/franciscanos.org.br\/noticias\/wp-content\/uploads\/2022\/10\/Folha-da-missa-1_Pagina_1-724x1024.png 724w, https:\/\/franciscanos.org.br\/noticias\/wp-content\/uploads\/2022\/10\/Folha-da-missa-1_Pagina_1-768x1086.png 768w, https:\/\/franciscanos.org.br\/noticias\/wp-content\/uploads\/2022\/10\/Folha-da-missa-1_Pagina_1-1086x1536.png 1086w, https:\/\/franciscanos.org.br\/noticias\/wp-content\/uploads\/2022\/10\/Folha-da-missa-1_Pagina_1-1448x2048.png 1448w, https:\/\/franciscanos.org.br\/noticias\/wp-content\/uploads\/2022\/10\/Folha-da-missa-1_Pagina_1-150x212.png 150w\" sizes=\"(max-width: 1654px) 100vw, 1654px\" \/> <img loading=\"lazy\" class=\"alignnone size-full wp-image-240140\" src=\"https:\/\/franciscanos.org.br\/noticias\/wp-content\/uploads\/2022\/10\/Folha-da-missa-1_Pagina_2.png\" alt=\"\" width=\"1654\" height=\"2339\" srcset=\"https:\/\/franciscanos.org.br\/noticias\/wp-content\/uploads\/2022\/10\/Folha-da-missa-1_Pagina_2.png 1654w, https:\/\/franciscanos.org.br\/noticias\/wp-content\/uploads\/2022\/10\/Folha-da-missa-1_Pagina_2-318x450.png 318w, https:\/\/franciscanos.org.br\/noticias\/wp-content\/uploads\/2022\/10\/Folha-da-missa-1_Pagina_2-724x1024.png 724w, https:\/\/franciscanos.org.br\/noticias\/wp-content\/uploads\/2022\/10\/Folha-da-missa-1_Pagina_2-768x1086.png 768w, https:\/\/franciscanos.org.br\/noticias\/wp-content\/uploads\/2022\/10\/Folha-da-missa-1_Pagina_2-1086x1536.png 1086w, https:\/\/franciscanos.org.br\/noticias\/wp-content\/uploads\/2022\/10\/Folha-da-missa-1_Pagina_2-1448x2048.png 1448w, https:\/\/franciscanos.org.br\/noticias\/wp-content\/uploads\/2022\/10\/Folha-da-missa-1_Pagina_2-150x212.png 150w\" sizes=\"(max-width: 1654px) 100vw, 1654px\" \/> <img loading=\"lazy\" class=\"alignnone size-full wp-image-240141\" src=\"https:\/\/franciscanos.org.br\/noticias\/wp-content\/uploads\/2022\/10\/Folha-da-missa-1_Pagina_3.png\" alt=\"\" width=\"1654\" height=\"2339\" srcset=\"https:\/\/franciscanos.org.br\/noticias\/wp-content\/uploads\/2022\/10\/Folha-da-missa-1_Pagina_3.png 1654w, https:\/\/franciscanos.org.br\/noticias\/wp-content\/uploads\/2022\/10\/Folha-da-missa-1_Pagina_3-318x450.png 318w, https:\/\/franciscanos.org.br\/noticias\/wp-content\/uploads\/2022\/10\/Folha-da-missa-1_Pagina_3-724x1024.png 724w, https:\/\/franciscanos.org.br\/noticias\/wp-content\/uploads\/2022\/10\/Folha-da-missa-1_Pagina_3-768x1086.png 768w, https:\/\/franciscanos.org.br\/noticias\/wp-content\/uploads\/2022\/10\/Folha-da-missa-1_Pagina_3-1086x1536.png 1086w, https:\/\/franciscanos.org.br\/noticias\/wp-content\/uploads\/2022\/10\/Folha-da-missa-1_Pagina_3-1448x2048.png 1448w, https:\/\/franciscanos.org.br\/noticias\/wp-content\/uploads\/2022\/10\/Folha-da-missa-1_Pagina_3-150x212.png 150w\" sizes=\"(max-width: 1654px) 100vw, 1654px\" \/><\/p>\n<p><img loading=\"lazy\" class=\"alignnone size-full wp-image-240142\" src=\"https:\/\/franciscanos.org.br\/noticias\/wp-content\/uploads\/2022\/10\/Folha-da-missa-1_Pagina_4.png\" alt=\"\" width=\"1654\" height=\"2339\" srcset=\"https:\/\/franciscanos.org.br\/noticias\/wp-content\/uploads\/2022\/10\/Folha-da-missa-1_Pagina_4.png 1654w, https:\/\/franciscanos.org.br\/noticias\/wp-content\/uploads\/2022\/10\/Folha-da-missa-1_Pagina_4-318x450.png 318w, https:\/\/franciscanos.org.br\/noticias\/wp-content\/uploads\/2022\/10\/Folha-da-missa-1_Pagina_4-724x1024.png 724w, https:\/\/franciscanos.org.br\/noticias\/wp-content\/uploads\/2022\/10\/Folha-da-missa-1_Pagina_4-768x1086.png 768w, https:\/\/franciscanos.org.br\/noticias\/wp-content\/uploads\/2022\/10\/Folha-da-missa-1_Pagina_4-1086x1536.png 1086w, https:\/\/franciscanos.org.br\/noticias\/wp-content\/uploads\/2022\/10\/Folha-da-missa-1_Pagina_4-1448x2048.png 1448w, https:\/\/franciscanos.org.br\/noticias\/wp-content\/uploads\/2022\/10\/Folha-da-missa-1_Pagina_4-150x212.png 150w\" sizes=\"(max-width: 1654px) 100vw, 1654px\" \/><\/p>\n<p>&nbsp;<\/p>\n<hr \/>\n<h3>Partituras<\/h3>\n<p>Clique <a href=\"https:\/\/franciscanos.org.br\/banca\/partituras-para-novena-e-missa-do-bicentenario-de-morte-de-santo-antonio-de-santanna-galvao.html#gsc.tab=0\"><strong>aqui<\/strong><\/a> para acessar as partituras da Missa Votiva e da Novena.<\/p>\n<p><img loading=\"lazy\" class=\"alignnone size-full wp-image-240151\" src=\"https:\/\/franciscanos.org.br\/noticias\/wp-content\/uploads\/2022\/10\/Partituras_Pagina_01.png\" alt=\"\" width=\"1654\" height=\"2339\" srcset=\"https:\/\/franciscanos.org.br\/noticias\/wp-content\/uploads\/2022\/10\/Partituras_Pagina_01.png 1654w, https:\/\/franciscanos.org.br\/noticias\/wp-content\/uploads\/2022\/10\/Partituras_Pagina_01-318x450.png 318w, https:\/\/franciscanos.org.br\/noticias\/wp-content\/uploads\/2022\/10\/Partituras_Pagina_01-724x1024.png 724w, https:\/\/franciscanos.org.br\/noticias\/wp-content\/uploads\/2022\/10\/Partituras_Pagina_01-768x1086.png 768w, https:\/\/franciscanos.org.br\/noticias\/wp-content\/uploads\/2022\/10\/Partituras_Pagina_01-1086x1536.png 1086w, https:\/\/franciscanos.org.br\/noticias\/wp-content\/uploads\/2022\/10\/Partituras_Pagina_01-1448x2048.png 1448w, https:\/\/franciscanos.org.br\/noticias\/wp-content\/uploads\/2022\/10\/Partituras_Pagina_01-150x212.png 150w\" sizes=\"(max-width: 1654px) 100vw, 1654px\" \/><\/p>\n\n\t\t<style type=\"text\/css\">\n\t\t\t#gallery-1 {\n\t\t\t\tmargin: auto;\n\t\t\t}\n\t\t\t#gallery-1 .gallery-item {\n\t\t\t\tfloat: left;\n\t\t\t\tmargin-top: 10px;\n\t\t\t\ttext-align: center;\n\t\t\t\twidth: 50%;\n\t\t\t}\n\t\t\t#gallery-1 img {\n\t\t\t\tborder: 2px solid #cfcfcf;\n\t\t\t}\n\t\t\t#gallery-1 .gallery-caption {\n\t\t\t\tmargin-left: 0;\n\t\t\t}\n\t\t\t\/* see gallery_shortcode() in wp-includes\/media.php *\/\n\t\t<\/style>\n\t\t<div id='gallery-1' class='gallery galleryid-240138 gallery-columns-2 gallery-size-full'><dl class='gallery-item'>\n\t\t\t<dt class='gallery-icon portrait'>\n\t\t\t\t<a href='https:\/\/franciscanos.org.br\/noticias\/missa-votiva-dos-200-anos-da-morte-de-frei-galvao.html\/partituras_pagina_02'><img width=\"745\" height=\"1080\" src=\"https:\/\/franciscanos.org.br\/noticias\/wp-content\/uploads\/2022\/10\/Partituras_Pagina_02.png\" class=\"attachment-full size-full\" alt=\"\" loading=\"lazy\" srcset=\"https:\/\/franciscanos.org.br\/noticias\/wp-content\/uploads\/2022\/10\/Partituras_Pagina_02.png 745w, https:\/\/franciscanos.org.br\/noticias\/wp-content\/uploads\/2022\/10\/Partituras_Pagina_02-310x450.png 310w, https:\/\/franciscanos.org.br\/noticias\/wp-content\/uploads\/2022\/10\/Partituras_Pagina_02-706x1024.png 706w, https:\/\/franciscanos.org.br\/noticias\/wp-content\/uploads\/2022\/10\/Partituras_Pagina_02-768x1113.png 768w, https:\/\/franciscanos.org.br\/noticias\/wp-content\/uploads\/2022\/10\/Partituras_Pagina_02-1059x1536.png 1059w, https:\/\/franciscanos.org.br\/noticias\/wp-content\/uploads\/2022\/10\/Partituras_Pagina_02-1413x2048.png 1413w, https:\/\/franciscanos.org.br\/noticias\/wp-content\/uploads\/2022\/10\/Partituras_Pagina_02-150x217.png 150w\" sizes=\"(max-width: 745px) 100vw, 745px\" \/><\/a>\n\t\t\t<\/dt><\/dl><dl class='gallery-item'>\n\t\t\t<dt class='gallery-icon portrait'>\n\t\t\t\t<a href='https:\/\/franciscanos.org.br\/noticias\/missa-votiva-dos-200-anos-da-morte-de-frei-galvao.html\/partituras_pagina_03'><img width=\"1654\" height=\"2339\" src=\"https:\/\/franciscanos.org.br\/noticias\/wp-content\/uploads\/2022\/10\/Partituras_Pagina_03.png\" class=\"attachment-full size-full\" alt=\"\" loading=\"lazy\" srcset=\"https:\/\/franciscanos.org.br\/noticias\/wp-content\/uploads\/2022\/10\/Partituras_Pagina_03.png 1654w, https:\/\/franciscanos.org.br\/noticias\/wp-content\/uploads\/2022\/10\/Partituras_Pagina_03-318x450.png 318w, https:\/\/franciscanos.org.br\/noticias\/wp-content\/uploads\/2022\/10\/Partituras_Pagina_03-724x1024.png 724w, https:\/\/franciscanos.org.br\/noticias\/wp-content\/uploads\/2022\/10\/Partituras_Pagina_03-768x1086.png 768w, https:\/\/franciscanos.org.br\/noticias\/wp-content\/uploads\/2022\/10\/Partituras_Pagina_03-1086x1536.png 1086w, https:\/\/franciscanos.org.br\/noticias\/wp-content\/uploads\/2022\/10\/Partituras_Pagina_03-1448x2048.png 1448w, https:\/\/franciscanos.org.br\/noticias\/wp-content\/uploads\/2022\/10\/Partituras_Pagina_03-150x212.png 150w\" sizes=\"(max-width: 1654px) 100vw, 1654px\" \/><\/a>\n\t\t\t<\/dt><\/dl><br style=\"clear: both\" \/><dl class='gallery-item'>\n\t\t\t<dt class='gallery-icon portrait'>\n\t\t\t\t<a href='https:\/\/franciscanos.org.br\/noticias\/missa-votiva-dos-200-anos-da-morte-de-frei-galvao.html\/partituras_pagina_04'><img width=\"764\" height=\"1080\" src=\"https:\/\/franciscanos.org.br\/noticias\/wp-content\/uploads\/2022\/10\/Partituras_Pagina_04.png\" class=\"attachment-full size-full\" alt=\"\" loading=\"lazy\" srcset=\"https:\/\/franciscanos.org.br\/noticias\/wp-content\/uploads\/2022\/10\/Partituras_Pagina_04.png 764w, https:\/\/franciscanos.org.br\/noticias\/wp-content\/uploads\/2022\/10\/Partituras_Pagina_04-318x450.png 318w, https:\/\/franciscanos.org.br\/noticias\/wp-content\/uploads\/2022\/10\/Partituras_Pagina_04-724x1024.png 724w, https:\/\/franciscanos.org.br\/noticias\/wp-content\/uploads\/2022\/10\/Partituras_Pagina_04-768x1086.png 768w, https:\/\/franciscanos.org.br\/noticias\/wp-content\/uploads\/2022\/10\/Partituras_Pagina_04-1086x1536.png 1086w, https:\/\/franciscanos.org.br\/noticias\/wp-content\/uploads\/2022\/10\/Partituras_Pagina_04-1448x2048.png 1448w, https:\/\/franciscanos.org.br\/noticias\/wp-content\/uploads\/2022\/10\/Partituras_Pagina_04-150x212.png 150w\" sizes=\"(max-width: 764px) 100vw, 764px\" \/><\/a>\n\t\t\t<\/dt><\/dl><dl class='gallery-item'>\n\t\t\t<dt class='gallery-icon portrait'>\n\t\t\t\t<a href='https:\/\/franciscanos.org.br\/noticias\/missa-votiva-dos-200-anos-da-morte-de-frei-galvao.html\/partituras_pagina_05'><img width=\"1654\" height=\"2339\" src=\"https:\/\/franciscanos.org.br\/noticias\/wp-content\/uploads\/2022\/10\/Partituras_Pagina_05.png\" class=\"attachment-full size-full\" alt=\"\" loading=\"lazy\" srcset=\"https:\/\/franciscanos.org.br\/noticias\/wp-content\/uploads\/2022\/10\/Partituras_Pagina_05.png 1654w, https:\/\/franciscanos.org.br\/noticias\/wp-content\/uploads\/2022\/10\/Partituras_Pagina_05-318x450.png 318w, https:\/\/franciscanos.org.br\/noticias\/wp-content\/uploads\/2022\/10\/Partituras_Pagina_05-724x1024.png 724w, https:\/\/franciscanos.org.br\/noticias\/wp-content\/uploads\/2022\/10\/Partituras_Pagina_05-768x1086.png 768w, https:\/\/franciscanos.org.br\/noticias\/wp-content\/uploads\/2022\/10\/Partituras_Pagina_05-1086x1536.png 1086w, https:\/\/franciscanos.org.br\/noticias\/wp-content\/uploads\/2022\/10\/Partituras_Pagina_05-1448x2048.png 1448w, https:\/\/franciscanos.org.br\/noticias\/wp-content\/uploads\/2022\/10\/Partituras_Pagina_05-150x212.png 150w\" sizes=\"(max-width: 1654px) 100vw, 1654px\" \/><\/a>\n\t\t\t<\/dt><\/dl><br style=\"clear: both\" \/><dl class='gallery-item'>\n\t\t\t<dt class='gallery-icon portrait'>\n\t\t\t\t<a href='https:\/\/franciscanos.org.br\/noticias\/missa-votiva-dos-200-anos-da-morte-de-frei-galvao.html\/partituras_pagina_06'><img width=\"764\" height=\"1080\" src=\"https:\/\/franciscanos.org.br\/noticias\/wp-content\/uploads\/2022\/10\/Partituras_Pagina_06.png\" class=\"attachment-full size-full\" alt=\"\" loading=\"lazy\" srcset=\"https:\/\/franciscanos.org.br\/noticias\/wp-content\/uploads\/2022\/10\/Partituras_Pagina_06.png 764w, https:\/\/franciscanos.org.br\/noticias\/wp-content\/uploads\/2022\/10\/Partituras_Pagina_06-318x450.png 318w, https:\/\/franciscanos.org.br\/noticias\/wp-content\/uploads\/2022\/10\/Partituras_Pagina_06-724x1024.png 724w, https:\/\/franciscanos.org.br\/noticias\/wp-content\/uploads\/2022\/10\/Partituras_Pagina_06-768x1086.png 768w, https:\/\/franciscanos.org.br\/noticias\/wp-content\/uploads\/2022\/10\/Partituras_Pagina_06-1086x1536.png 1086w, https:\/\/franciscanos.org.br\/noticias\/wp-content\/uploads\/2022\/10\/Partituras_Pagina_06-1448x2048.png 1448w, https:\/\/franciscanos.org.br\/noticias\/wp-content\/uploads\/2022\/10\/Partituras_Pagina_06-150x212.png 150w\" sizes=\"(max-width: 764px) 100vw, 764px\" \/><\/a>\n\t\t\t<\/dt><\/dl><dl class='gallery-item'>\n\t\t\t<dt class='gallery-icon portrait'>\n\t\t\t\t<a href='https:\/\/franciscanos.org.br\/noticias\/missa-votiva-dos-200-anos-da-morte-de-frei-galvao.html\/partituras_pagina_07'><img width=\"1654\" height=\"2339\" src=\"https:\/\/franciscanos.org.br\/noticias\/wp-content\/uploads\/2022\/10\/Partituras_Pagina_07.png\" class=\"attachment-full size-full\" alt=\"\" loading=\"lazy\" srcset=\"https:\/\/franciscanos.org.br\/noticias\/wp-content\/uploads\/2022\/10\/Partituras_Pagina_07.png 1654w, https:\/\/franciscanos.org.br\/noticias\/wp-content\/uploads\/2022\/10\/Partituras_Pagina_07-318x450.png 318w, https:\/\/franciscanos.org.br\/noticias\/wp-content\/uploads\/2022\/10\/Partituras_Pagina_07-724x1024.png 724w, https:\/\/franciscanos.org.br\/noticias\/wp-content\/uploads\/2022\/10\/Partituras_Pagina_07-768x1086.png 768w, https:\/\/franciscanos.org.br\/noticias\/wp-content\/uploads\/2022\/10\/Partituras_Pagina_07-1086x1536.png 1086w, https:\/\/franciscanos.org.br\/noticias\/wp-content\/uploads\/2022\/10\/Partituras_Pagina_07-1448x2048.png 1448w, https:\/\/franciscanos.org.br\/noticias\/wp-content\/uploads\/2022\/10\/Partituras_Pagina_07-150x212.png 150w\" sizes=\"(max-width: 1654px) 100vw, 1654px\" \/><\/a>\n\t\t\t<\/dt><\/dl><br style=\"clear: both\" \/><dl class='gallery-item'>\n\t\t\t<dt class='gallery-icon portrait'>\n\t\t\t\t<a href='https:\/\/franciscanos.org.br\/noticias\/missa-votiva-dos-200-anos-da-morte-de-frei-galvao.html\/partituras_pagina_08'><img width=\"764\" height=\"1080\" src=\"https:\/\/franciscanos.org.br\/noticias\/wp-content\/uploads\/2022\/10\/Partituras_Pagina_08.png\" class=\"attachment-full size-full\" alt=\"\" loading=\"lazy\" srcset=\"https:\/\/franciscanos.org.br\/noticias\/wp-content\/uploads\/2022\/10\/Partituras_Pagina_08.png 764w, https:\/\/franciscanos.org.br\/noticias\/wp-content\/uploads\/2022\/10\/Partituras_Pagina_08-318x450.png 318w, https:\/\/franciscanos.org.br\/noticias\/wp-content\/uploads\/2022\/10\/Partituras_Pagina_08-724x1024.png 724w, https:\/\/franciscanos.org.br\/noticias\/wp-content\/uploads\/2022\/10\/Partituras_Pagina_08-768x1086.png 768w, https:\/\/franciscanos.org.br\/noticias\/wp-content\/uploads\/2022\/10\/Partituras_Pagina_08-1086x1536.png 1086w, https:\/\/franciscanos.org.br\/noticias\/wp-content\/uploads\/2022\/10\/Partituras_Pagina_08-1448x2048.png 1448w, https:\/\/franciscanos.org.br\/noticias\/wp-content\/uploads\/2022\/10\/Partituras_Pagina_08-150x212.png 150w\" sizes=\"(max-width: 764px) 100vw, 764px\" \/><\/a>\n\t\t\t<\/dt><\/dl><dl class='gallery-item'>\n\t\t\t<dt class='gallery-icon portrait'>\n\t\t\t\t<a href='https:\/\/franciscanos.org.br\/noticias\/missa-votiva-dos-200-anos-da-morte-de-frei-galvao.html\/partituras_pagina_09'><img width=\"1654\" height=\"2339\" src=\"https:\/\/franciscanos.org.br\/noticias\/wp-content\/uploads\/2022\/10\/Partituras_Pagina_09.png\" class=\"attachment-full size-full\" alt=\"\" loading=\"lazy\" srcset=\"https:\/\/franciscanos.org.br\/noticias\/wp-content\/uploads\/2022\/10\/Partituras_Pagina_09.png 1654w, https:\/\/franciscanos.org.br\/noticias\/wp-content\/uploads\/2022\/10\/Partituras_Pagina_09-318x450.png 318w, https:\/\/franciscanos.org.br\/noticias\/wp-content\/uploads\/2022\/10\/Partituras_Pagina_09-724x1024.png 724w, https:\/\/franciscanos.org.br\/noticias\/wp-content\/uploads\/2022\/10\/Partituras_Pagina_09-768x1086.png 768w, https:\/\/franciscanos.org.br\/noticias\/wp-content\/uploads\/2022\/10\/Partituras_Pagina_09-1086x1536.png 1086w, https:\/\/franciscanos.org.br\/noticias\/wp-content\/uploads\/2022\/10\/Partituras_Pagina_09-1448x2048.png 1448w, https:\/\/franciscanos.org.br\/noticias\/wp-content\/uploads\/2022\/10\/Partituras_Pagina_09-150x212.png 150w\" sizes=\"(max-width: 1654px) 100vw, 1654px\" \/><\/a>\n\t\t\t<\/dt><\/dl><br style=\"clear: both\" \/><dl class='gallery-item'>\n\t\t\t<dt class='gallery-icon portrait'>\n\t\t\t\t<a href='https:\/\/franciscanos.org.br\/noticias\/missa-votiva-dos-200-anos-da-morte-de-frei-galvao.html\/partituras_pagina_10'><img width=\"764\" height=\"1080\" src=\"https:\/\/franciscanos.org.br\/noticias\/wp-content\/uploads\/2022\/10\/Partituras_Pagina_10.png\" class=\"attachment-full size-full\" alt=\"\" loading=\"lazy\" srcset=\"https:\/\/franciscanos.org.br\/noticias\/wp-content\/uploads\/2022\/10\/Partituras_Pagina_10.png 764w, https:\/\/franciscanos.org.br\/noticias\/wp-content\/uploads\/2022\/10\/Partituras_Pagina_10-318x450.png 318w, https:\/\/franciscanos.org.br\/noticias\/wp-content\/uploads\/2022\/10\/Partituras_Pagina_10-724x1024.png 724w, https:\/\/franciscanos.org.br\/noticias\/wp-content\/uploads\/2022\/10\/Partituras_Pagina_10-768x1086.png 768w, https:\/\/franciscanos.org.br\/noticias\/wp-content\/uploads\/2022\/10\/Partituras_Pagina_10-1086x1536.png 1086w, https:\/\/franciscanos.org.br\/noticias\/wp-content\/uploads\/2022\/10\/Partituras_Pagina_10-1448x2048.png 1448w, https:\/\/franciscanos.org.br\/noticias\/wp-content\/uploads\/2022\/10\/Partituras_Pagina_10-150x212.png 150w\" sizes=\"(max-width: 764px) 100vw, 764px\" \/><\/a>\n\t\t\t<\/dt><\/dl><dl class='gallery-item'>\n\t\t\t<dt class='gallery-icon portrait'>\n\t\t\t\t<a href='https:\/\/franciscanos.org.br\/noticias\/missa-votiva-dos-200-anos-da-morte-de-frei-galvao.html\/partituras_pagina_11'><img width=\"1654\" height=\"2339\" src=\"https:\/\/franciscanos.org.br\/noticias\/wp-content\/uploads\/2022\/10\/Partituras_Pagina_11.png\" class=\"attachment-full size-full\" alt=\"\" loading=\"lazy\" srcset=\"https:\/\/franciscanos.org.br\/noticias\/wp-content\/uploads\/2022\/10\/Partituras_Pagina_11.png 1654w, https:\/\/franciscanos.org.br\/noticias\/wp-content\/uploads\/2022\/10\/Partituras_Pagina_11-318x450.png 318w, https:\/\/franciscanos.org.br\/noticias\/wp-content\/uploads\/2022\/10\/Partituras_Pagina_11-724x1024.png 724w, https:\/\/franciscanos.org.br\/noticias\/wp-content\/uploads\/2022\/10\/Partituras_Pagina_11-768x1086.png 768w, https:\/\/franciscanos.org.br\/noticias\/wp-content\/uploads\/2022\/10\/Partituras_Pagina_11-1086x1536.png 1086w, https:\/\/franciscanos.org.br\/noticias\/wp-content\/uploads\/2022\/10\/Partituras_Pagina_11-1448x2048.png 1448w, https:\/\/franciscanos.org.br\/noticias\/wp-content\/uploads\/2022\/10\/Partituras_Pagina_11-150x212.png 150w\" sizes=\"(max-width: 1654px) 100vw, 1654px\" \/><\/a>\n\t\t\t<\/dt><\/dl><br style=\"clear: both\" \/><dl class='gallery-item'>\n\t\t\t<dt class='gallery-icon portrait'>\n\t\t\t\t<a href='https:\/\/franciscanos.org.br\/noticias\/missa-votiva-dos-200-anos-da-morte-de-frei-galvao.html\/partituras_pagina_12'><img width=\"764\" height=\"1080\" src=\"https:\/\/franciscanos.org.br\/noticias\/wp-content\/uploads\/2022\/10\/Partituras_Pagina_12.png\" class=\"attachment-full size-full\" alt=\"\" loading=\"lazy\" srcset=\"https:\/\/franciscanos.org.br\/noticias\/wp-content\/uploads\/2022\/10\/Partituras_Pagina_12.png 764w, https:\/\/franciscanos.org.br\/noticias\/wp-content\/uploads\/2022\/10\/Partituras_Pagina_12-318x450.png 318w, https:\/\/franciscanos.org.br\/noticias\/wp-content\/uploads\/2022\/10\/Partituras_Pagina_12-724x1024.png 724w, https:\/\/franciscanos.org.br\/noticias\/wp-content\/uploads\/2022\/10\/Partituras_Pagina_12-768x1086.png 768w, https:\/\/franciscanos.org.br\/noticias\/wp-content\/uploads\/2022\/10\/Partituras_Pagina_12-1086x1536.png 1086w, https:\/\/franciscanos.org.br\/noticias\/wp-content\/uploads\/2022\/10\/Partituras_Pagina_12-1448x2048.png 1448w, https:\/\/franciscanos.org.br\/noticias\/wp-content\/uploads\/2022\/10\/Partituras_Pagina_12-150x212.png 150w\" sizes=\"(max-width: 764px) 100vw, 764px\" \/><\/a>\n\t\t\t<\/dt><\/dl><dl class='gallery-item'>\n\t\t\t<dt class='gallery-icon portrait'>\n\t\t\t\t<a href='https:\/\/franciscanos.org.br\/noticias\/missa-votiva-dos-200-anos-da-morte-de-frei-galvao.html\/partituras_pagina_13'><img width=\"1654\" height=\"2339\" src=\"https:\/\/franciscanos.org.br\/noticias\/wp-content\/uploads\/2022\/10\/Partituras_Pagina_13.png\" class=\"attachment-full size-full\" alt=\"\" loading=\"lazy\" srcset=\"https:\/\/franciscanos.org.br\/noticias\/wp-content\/uploads\/2022\/10\/Partituras_Pagina_13.png 1654w, https:\/\/franciscanos.org.br\/noticias\/wp-content\/uploads\/2022\/10\/Partituras_Pagina_13-318x450.png 318w, https:\/\/franciscanos.org.br\/noticias\/wp-content\/uploads\/2022\/10\/Partituras_Pagina_13-724x1024.png 724w, https:\/\/franciscanos.org.br\/noticias\/wp-content\/uploads\/2022\/10\/Partituras_Pagina_13-768x1086.png 768w, https:\/\/franciscanos.org.br\/noticias\/wp-content\/uploads\/2022\/10\/Partituras_Pagina_13-1086x1536.png 1086w, https:\/\/franciscanos.org.br\/noticias\/wp-content\/uploads\/2022\/10\/Partituras_Pagina_13-1448x2048.png 1448w, https:\/\/franciscanos.org.br\/noticias\/wp-content\/uploads\/2022\/10\/Partituras_Pagina_13-150x212.png 150w\" sizes=\"(max-width: 1654px) 100vw, 1654px\" \/><\/a>\n\t\t\t<\/dt><\/dl><br style=\"clear: both\" \/><dl class='gallery-item'>\n\t\t\t<dt class='gallery-icon portrait'>\n\t\t\t\t<a href='https:\/\/franciscanos.org.br\/noticias\/missa-votiva-dos-200-anos-da-morte-de-frei-galvao.html\/partituras_pagina_14'><img width=\"764\" height=\"1080\" src=\"https:\/\/franciscanos.org.br\/noticias\/wp-content\/uploads\/2022\/10\/Partituras_Pagina_14.png\" class=\"attachment-full size-full\" alt=\"\" loading=\"lazy\" srcset=\"https:\/\/franciscanos.org.br\/noticias\/wp-content\/uploads\/2022\/10\/Partituras_Pagina_14.png 764w, https:\/\/franciscanos.org.br\/noticias\/wp-content\/uploads\/2022\/10\/Partituras_Pagina_14-318x450.png 318w, https:\/\/franciscanos.org.br\/noticias\/wp-content\/uploads\/2022\/10\/Partituras_Pagina_14-724x1024.png 724w, https:\/\/franciscanos.org.br\/noticias\/wp-content\/uploads\/2022\/10\/Partituras_Pagina_14-768x1086.png 768w, https:\/\/franciscanos.org.br\/noticias\/wp-content\/uploads\/2022\/10\/Partituras_Pagina_14-1086x1536.png 1086w, https:\/\/franciscanos.org.br\/noticias\/wp-content\/uploads\/2022\/10\/Partituras_Pagina_14-1448x2048.png 1448w, https:\/\/franciscanos.org.br\/noticias\/wp-content\/uploads\/2022\/10\/Partituras_Pagina_14-150x212.png 150w\" sizes=\"(max-width: 764px) 100vw, 764px\" \/><\/a>\n\t\t\t<\/dt><\/dl><dl class='gallery-item'>\n\t\t\t<dt class='gallery-icon portrait'>\n\t\t\t\t<a href='https:\/\/franciscanos.org.br\/noticias\/missa-votiva-dos-200-anos-da-morte-de-frei-galvao.html\/partituras_pagina_15'><img width=\"1654\" height=\"2339\" src=\"https:\/\/franciscanos.org.br\/noticias\/wp-content\/uploads\/2022\/10\/Partituras_Pagina_15.png\" class=\"attachment-full size-full\" alt=\"\" loading=\"lazy\" srcset=\"https:\/\/franciscanos.org.br\/noticias\/wp-content\/uploads\/2022\/10\/Partituras_Pagina_15.png 1654w, https:\/\/franciscanos.org.br\/noticias\/wp-content\/uploads\/2022\/10\/Partituras_Pagina_15-318x450.png 318w, https:\/\/franciscanos.org.br\/noticias\/wp-content\/uploads\/2022\/10\/Partituras_Pagina_15-724x1024.png 724w, https:\/\/franciscanos.org.br\/noticias\/wp-content\/uploads\/2022\/10\/Partituras_Pagina_15-768x1086.png 768w, https:\/\/franciscanos.org.br\/noticias\/wp-content\/uploads\/2022\/10\/Partituras_Pagina_15-1086x1536.png 1086w, https:\/\/franciscanos.org.br\/noticias\/wp-content\/uploads\/2022\/10\/Partituras_Pagina_15-1448x2048.png 1448w, https:\/\/franciscanos.org.br\/noticias\/wp-content\/uploads\/2022\/10\/Partituras_Pagina_15-150x212.png 150w\" sizes=\"(max-width: 1654px) 100vw, 1654px\" \/><\/a>\n\t\t\t<\/dt><\/dl><br style=\"clear: both\" \/><dl class='gallery-item'>\n\t\t\t<dt class='gallery-icon portrait'>\n\t\t\t\t<a href='https:\/\/franciscanos.org.br\/noticias\/missa-votiva-dos-200-anos-da-morte-de-frei-galvao.html\/partituras_pagina_16'><img width=\"764\" height=\"1080\" src=\"https:\/\/franciscanos.org.br\/noticias\/wp-content\/uploads\/2022\/10\/Partituras_Pagina_16.png\" class=\"attachment-full size-full\" alt=\"\" loading=\"lazy\" srcset=\"https:\/\/franciscanos.org.br\/noticias\/wp-content\/uploads\/2022\/10\/Partituras_Pagina_16.png 764w, https:\/\/franciscanos.org.br\/noticias\/wp-content\/uploads\/2022\/10\/Partituras_Pagina_16-318x450.png 318w, https:\/\/franciscanos.org.br\/noticias\/wp-content\/uploads\/2022\/10\/Partituras_Pagina_16-724x1024.png 724w, https:\/\/franciscanos.org.br\/noticias\/wp-content\/uploads\/2022\/10\/Partituras_Pagina_16-768x1086.png 768w, https:\/\/franciscanos.org.br\/noticias\/wp-content\/uploads\/2022\/10\/Partituras_Pagina_16-1086x1536.png 1086w, https:\/\/franciscanos.org.br\/noticias\/wp-content\/uploads\/2022\/10\/Partituras_Pagina_16-1448x2048.png 1448w, https:\/\/franciscanos.org.br\/noticias\/wp-content\/uploads\/2022\/10\/Partituras_Pagina_16-150x212.png 150w\" sizes=\"(max-width: 764px) 100vw, 764px\" \/><\/a>\n\t\t\t<\/dt><\/dl><dl class='gallery-item'>\n\t\t\t<dt class='gallery-icon portrait'>\n\t\t\t\t<a href='https:\/\/franciscanos.org.br\/noticias\/missa-votiva-dos-200-anos-da-morte-de-frei-galvao.html\/partituras_pagina_17'><img width=\"1654\" height=\"2339\" src=\"https:\/\/franciscanos.org.br\/noticias\/wp-content\/uploads\/2022\/10\/Partituras_Pagina_17.png\" class=\"attachment-full size-full\" alt=\"\" loading=\"lazy\" srcset=\"https:\/\/franciscanos.org.br\/noticias\/wp-content\/uploads\/2022\/10\/Partituras_Pagina_17.png 1654w, https:\/\/franciscanos.org.br\/noticias\/wp-content\/uploads\/2022\/10\/Partituras_Pagina_17-318x450.png 318w, https:\/\/franciscanos.org.br\/noticias\/wp-content\/uploads\/2022\/10\/Partituras_Pagina_17-724x1024.png 724w, https:\/\/franciscanos.org.br\/noticias\/wp-content\/uploads\/2022\/10\/Partituras_Pagina_17-768x1086.png 768w, https:\/\/franciscanos.org.br\/noticias\/wp-content\/uploads\/2022\/10\/Partituras_Pagina_17-1086x1536.png 1086w, https:\/\/franciscanos.org.br\/noticias\/wp-content\/uploads\/2022\/10\/Partituras_Pagina_17-1448x2048.png 1448w, https:\/\/franciscanos.org.br\/noticias\/wp-content\/uploads\/2022\/10\/Partituras_Pagina_17-150x212.png 150w\" sizes=\"(max-width: 1654px) 100vw, 1654px\" \/><\/a>\n\t\t\t<\/dt><\/dl><br style=\"clear: both\" \/><dl class='gallery-item'>\n\t\t\t<dt class='gallery-icon portrait'>\n\t\t\t\t<a href='https:\/\/franciscanos.org.br\/noticias\/missa-votiva-dos-200-anos-da-morte-de-frei-galvao.html\/partituras_pagina_18'><img width=\"764\" height=\"1080\" src=\"https:\/\/franciscanos.org.br\/noticias\/wp-content\/uploads\/2022\/10\/Partituras_Pagina_18.png\" class=\"attachment-full size-full\" alt=\"\" loading=\"lazy\" srcset=\"https:\/\/franciscanos.org.br\/noticias\/wp-content\/uploads\/2022\/10\/Partituras_Pagina_18.png 764w, https:\/\/franciscanos.org.br\/noticias\/wp-content\/uploads\/2022\/10\/Partituras_Pagina_18-318x450.png 318w, https:\/\/franciscanos.org.br\/noticias\/wp-content\/uploads\/2022\/10\/Partituras_Pagina_18-724x1024.png 724w, https:\/\/franciscanos.org.br\/noticias\/wp-content\/uploads\/2022\/10\/Partituras_Pagina_18-768x1086.png 768w, https:\/\/franciscanos.org.br\/noticias\/wp-content\/uploads\/2022\/10\/Partituras_Pagina_18-1086x1536.png 1086w, https:\/\/franciscanos.org.br\/noticias\/wp-content\/uploads\/2022\/10\/Partituras_Pagina_18-1448x2048.png 1448w, https:\/\/franciscanos.org.br\/noticias\/wp-content\/uploads\/2022\/10\/Partituras_Pagina_18-150x212.png 150w\" sizes=\"(max-width: 764px) 100vw, 764px\" \/><\/a>\n\t\t\t<\/dt><\/dl><dl class='gallery-item'>\n\t\t\t<dt class='gallery-icon portrait'>\n\t\t\t\t<a href='https:\/\/franciscanos.org.br\/noticias\/missa-votiva-dos-200-anos-da-morte-de-frei-galvao.html\/partituras_pagina_19'><img width=\"1654\" height=\"2339\" src=\"https:\/\/franciscanos.org.br\/noticias\/wp-content\/uploads\/2022\/10\/Partituras_Pagina_19.png\" class=\"attachment-full size-full\" alt=\"\" loading=\"lazy\" srcset=\"https:\/\/franciscanos.org.br\/noticias\/wp-content\/uploads\/2022\/10\/Partituras_Pagina_19.png 1654w, https:\/\/franciscanos.org.br\/noticias\/wp-content\/uploads\/2022\/10\/Partituras_Pagina_19-318x450.png 318w, https:\/\/franciscanos.org.br\/noticias\/wp-content\/uploads\/2022\/10\/Partituras_Pagina_19-724x1024.png 724w, https:\/\/franciscanos.org.br\/noticias\/wp-content\/uploads\/2022\/10\/Partituras_Pagina_19-768x1086.png 768w, https:\/\/franciscanos.org.br\/noticias\/wp-content\/uploads\/2022\/10\/Partituras_Pagina_19-1086x1536.png 1086w, https:\/\/franciscanos.org.br\/noticias\/wp-content\/uploads\/2022\/10\/Partituras_Pagina_19-1448x2048.png 1448w, https:\/\/franciscanos.org.br\/noticias\/wp-content\/uploads\/2022\/10\/Partituras_Pagina_19-150x212.png 150w\" sizes=\"(max-width: 1654px) 100vw, 1654px\" \/><\/a>\n\t\t\t<\/dt><\/dl><br style=\"clear: both\" \/><dl class='gallery-item'>\n\t\t\t<dt class='gallery-icon portrait'>\n\t\t\t\t<a href='https:\/\/franciscanos.org.br\/noticias\/missa-votiva-dos-200-anos-da-morte-de-frei-galvao.html\/partituras_pagina_20'><img width=\"1654\" height=\"2339\" src=\"https:\/\/franciscanos.org.br\/noticias\/wp-content\/uploads\/2022\/10\/Partituras_Pagina_20.png\" class=\"attachment-full size-full\" alt=\"\" loading=\"lazy\" srcset=\"https:\/\/franciscanos.org.br\/noticias\/wp-content\/uploads\/2022\/10\/Partituras_Pagina_20.png 1654w, https:\/\/franciscanos.org.br\/noticias\/wp-content\/uploads\/2022\/10\/Partituras_Pagina_20-318x450.png 318w, https:\/\/franciscanos.org.br\/noticias\/wp-content\/uploads\/2022\/10\/Partituras_Pagina_20-724x1024.png 724w, https:\/\/franciscanos.org.br\/noticias\/wp-content\/uploads\/2022\/10\/Partituras_Pagina_20-768x1086.png 768w, https:\/\/franciscanos.org.br\/noticias\/wp-content\/uploads\/2022\/10\/Partituras_Pagina_20-1086x1536.png 1086w, https:\/\/franciscanos.org.br\/noticias\/wp-content\/uploads\/2022\/10\/Partituras_Pagina_20-1448x2048.png 1448w, https:\/\/franciscanos.org.br\/noticias\/wp-content\/uploads\/2022\/10\/Partituras_Pagina_20-150x212.png 150w\" sizes=\"(max-width: 1654px) 100vw, 1654px\" \/><\/a>\n\t\t\t<\/dt><\/dl><dl class='gallery-item'>\n\t\t\t<dt class='gallery-icon portrait'>\n\t\t\t\t<a href='https:\/\/franciscanos.org.br\/noticias\/missa-votiva-dos-200-anos-da-morte-de-frei-galvao.html\/partituras_pagina_21'><img width=\"764\" height=\"1080\" src=\"https:\/\/franciscanos.org.br\/noticias\/wp-content\/uploads\/2022\/10\/Partituras_Pagina_21.png\" class=\"attachment-full size-full\" alt=\"\" loading=\"lazy\" srcset=\"https:\/\/franciscanos.org.br\/noticias\/wp-content\/uploads\/2022\/10\/Partituras_Pagina_21.png 764w, https:\/\/franciscanos.org.br\/noticias\/wp-content\/uploads\/2022\/10\/Partituras_Pagina_21-318x450.png 318w, https:\/\/franciscanos.org.br\/noticias\/wp-content\/uploads\/2022\/10\/Partituras_Pagina_21-724x1024.png 724w, https:\/\/franciscanos.org.br\/noticias\/wp-content\/uploads\/2022\/10\/Partituras_Pagina_21-768x1086.png 768w, https:\/\/franciscanos.org.br\/noticias\/wp-content\/uploads\/2022\/10\/Partituras_Pagina_21-1086x1536.png 1086w, https:\/\/franciscanos.org.br\/noticias\/wp-content\/uploads\/2022\/10\/Partituras_Pagina_21-150x212.png 150w\" sizes=\"(max-width: 764px) 100vw, 764px\" \/><\/a>\n\t\t\t<\/dt><\/dl><br style=\"clear: both\" \/><dl class='gallery-item'>\n\t\t\t<dt class='gallery-icon portrait'>\n\t\t\t\t<a href='https:\/\/franciscanos.org.br\/noticias\/missa-votiva-dos-200-anos-da-morte-de-frei-galvao.html\/partituras_pagina_22'><img width=\"763\" height=\"1080\" src=\"https:\/\/franciscanos.org.br\/noticias\/wp-content\/uploads\/2022\/10\/Partituras_Pagina_22.png\" class=\"attachment-full size-full\" alt=\"\" loading=\"lazy\" srcset=\"https:\/\/franciscanos.org.br\/noticias\/wp-content\/uploads\/2022\/10\/Partituras_Pagina_22.png 763w, https:\/\/franciscanos.org.br\/noticias\/wp-content\/uploads\/2022\/10\/Partituras_Pagina_22-318x450.png 318w, https:\/\/franciscanos.org.br\/noticias\/wp-content\/uploads\/2022\/10\/Partituras_Pagina_22-724x1024.png 724w, https:\/\/franciscanos.org.br\/noticias\/wp-content\/uploads\/2022\/10\/Partituras_Pagina_22-768x1086.png 768w, https:\/\/franciscanos.org.br\/noticias\/wp-content\/uploads\/2022\/10\/Partituras_Pagina_22-1086x1536.png 1086w, https:\/\/franciscanos.org.br\/noticias\/wp-content\/uploads\/2022\/10\/Partituras_Pagina_22-150x212.png 150w\" sizes=\"(max-width: 763px) 100vw, 763px\" \/><\/a>\n\t\t\t<\/dt><\/dl><dl class='gallery-item'>\n\t\t\t<dt class='gallery-icon portrait'>\n\t\t\t\t<a href='https:\/\/franciscanos.org.br\/noticias\/missa-votiva-dos-200-anos-da-morte-de-frei-galvao.html\/partituras_pagina_23'><img width=\"1654\" height=\"2339\" src=\"https:\/\/franciscanos.org.br\/noticias\/wp-content\/uploads\/2022\/10\/Partituras_Pagina_23.png\" class=\"attachment-full size-full\" alt=\"\" loading=\"lazy\" srcset=\"https:\/\/franciscanos.org.br\/noticias\/wp-content\/uploads\/2022\/10\/Partituras_Pagina_23.png 1654w, https:\/\/franciscanos.org.br\/noticias\/wp-content\/uploads\/2022\/10\/Partituras_Pagina_23-318x450.png 318w, https:\/\/franciscanos.org.br\/noticias\/wp-content\/uploads\/2022\/10\/Partituras_Pagina_23-724x1024.png 724w, https:\/\/franciscanos.org.br\/noticias\/wp-content\/uploads\/2022\/10\/Partituras_Pagina_23-768x1086.png 768w, https:\/\/franciscanos.org.br\/noticias\/wp-content\/uploads\/2022\/10\/Partituras_Pagina_23-1086x1536.png 1086w, https:\/\/franciscanos.org.br\/noticias\/wp-content\/uploads\/2022\/10\/Partituras_Pagina_23-1448x2048.png 1448w, https:\/\/franciscanos.org.br\/noticias\/wp-content\/uploads\/2022\/10\/Partituras_Pagina_23-150x212.png 150w\" sizes=\"(max-width: 1654px) 100vw, 1654px\" \/><\/a>\n\t\t\t<\/dt><\/dl><br style=\"clear: both\" \/><dl class='gallery-item'>\n\t\t\t<dt class='gallery-icon portrait'>\n\t\t\t\t<a href='https:\/\/franciscanos.org.br\/noticias\/missa-votiva-dos-200-anos-da-morte-de-frei-galvao.html\/partituras_pagina_24'><img width=\"1654\" height=\"2339\" src=\"https:\/\/franciscanos.org.br\/noticias\/wp-content\/uploads\/2022\/10\/Partituras_Pagina_24.png\" class=\"attachment-full size-full\" alt=\"\" loading=\"lazy\" srcset=\"https:\/\/franciscanos.org.br\/noticias\/wp-content\/uploads\/2022\/10\/Partituras_Pagina_24.png 1654w, https:\/\/franciscanos.org.br\/noticias\/wp-content\/uploads\/2022\/10\/Partituras_Pagina_24-318x450.png 318w, https:\/\/franciscanos.org.br\/noticias\/wp-content\/uploads\/2022\/10\/Partituras_Pagina_24-724x1024.png 724w, https:\/\/franciscanos.org.br\/noticias\/wp-content\/uploads\/2022\/10\/Partituras_Pagina_24-768x1086.png 768w, https:\/\/franciscanos.org.br\/noticias\/wp-content\/uploads\/2022\/10\/Partituras_Pagina_24-1086x1536.png 1086w, https:\/\/franciscanos.org.br\/noticias\/wp-content\/uploads\/2022\/10\/Partituras_Pagina_24-1448x2048.png 1448w, https:\/\/franciscanos.org.br\/noticias\/wp-content\/uploads\/2022\/10\/Partituras_Pagina_24-150x212.png 150w\" sizes=\"(max-width: 1654px) 100vw, 1654px\" \/><\/a>\n\t\t\t<\/dt><\/dl>\n\t\t\t<br style='clear: both' \/>\n\t\t<\/div>\n\n<hr \/>\n<h3>Hino do Bicenten\u00e1rio de Morte de Frei Galv\u00e3o<\/h3>\n<p><iframe loading=\"lazy\" title=\"YouTube video player\" src=\"https:\/\/www.youtube.com\/embed\/3NGpradZxaE\" width=\"100%\" height=\"500\" frameborder=\"0\" allowfullscreen=\"allowfullscreen\"><span data-mce-type=\"bookmark\" style=\"display: inline-block; width: 0px; overflow: hidden; line-height: 0;\" class=\"mce_SELRES_start\">\ufeff<\/span><\/iframe><\/p>\n<p><em>Composi\u00e7\u00e3o: Idmauro Alves<\/em><br \/>\n<em>Letra: Idmauro Alves e Frei Leandro Costa, OFM<\/em><br \/>\n<em>Arranjo: Thiago Costa<\/em><\/p>\n<p><strong>Chegou a hora vamos todos celebrar.<\/strong><br \/>\n<strong>S\u00e3o Frei Galv\u00e3o duzentos anos l\u00e1 nos c\u00e9us.<\/strong><br \/>\n<strong>Santo do povo, da Paz e Bem!<\/strong><br \/>\n<strong>Rogai \u00e0 Deus, por n\u00f3s, am\u00e9m! (2x)<\/strong><\/p>\n<p>1. Renunciou todas riquezas materiais.<br \/>\nPara viver a sua santa voca\u00e7\u00e3o.<br \/>\nFranciscano mission\u00e1rio com ardor.<br \/>\nLevando a todos o Evangelho do Senhor.<\/p>\n<p>2. Em sua vida Jesus Cristo expressou.<br \/>\nEncarnando o Evangelho entre n\u00f3s.<br \/>\nPara o mundo assim viver a lei Divina.<br \/>\nS\u00e3o Frei Galv\u00e3o figura viva do Senhor.<\/p>\n<p>3. Somos todos peregrinos neste mundo.<br \/>\nA Vida eterna \u00e9 a mensagem do Senhor.<br \/>\nMesmo morrendo em Cristo, vidas n\u00e3o se perdem.<br \/>\nNossa esperan\u00e7a est\u00e1 no nome do Senhor.<\/p>\n<hr \/>\n<p><em>Frei Leandro Costa<\/em><\/p>\n","protected":false},"excerpt":{"rendered":"<p>Missa de Frei Galv\u00e3o<\/p>\n","protected":false},"author":1,"featured_media":240143,"comment_status":"open","ping_status":"open","sticky":false,"template":"","format":"standard","meta":[],"categories":[1],"tags":[2067],"acf":[],"yoast_head":"<!-- This site is optimized with the Yoast SEO plugin v19.2 - https:\/\/yoast.com\/wordpress\/plugins\/seo\/ -->\n<title>Missa Votiva dos 200 anos da morte de Frei Galv\u00e3o - Not\u00edcias - Franciscanos<\/title>\n<meta name=\"robots\" content=\"index, follow, max-snippet:-1, max-image-preview:large, max-video-preview:-1\" \/>\n<link rel=\"canonical\" href=\"https:\/\/franciscanos.org.br\/noticias\/missa-votiva-dos-200-anos-da-morte-de-frei-galvao.html\" \/>\n<meta property=\"og:locale\" content=\"pt_BR\" \/>\n<meta property=\"og:type\" content=\"article\" \/>\n<meta property=\"og:title\" content=\"Missa Votiva dos 200 anos da morte de Frei Galv\u00e3o - Not\u00edcias - Franciscanos\" \/>\n<meta property=\"og:description\" content=\"Missa de Frei Galv\u00e3o\" \/>\n<meta property=\"og:url\" content=\"https:\/\/franciscanos.org.br\/noticias\/missa-votiva-dos-200-anos-da-morte-de-frei-galvao.html\" \/>\n<meta property=\"og:site_name\" content=\"Not\u00edcias - Franciscanos\" \/>\n<meta property=\"article:published_time\" content=\"2022-10-25T03:29:41+00:00\" \/>\n<meta property=\"article:modified_time\" content=\"2022-10-25T10:27:39+00:00\" \/>\n<meta property=\"og:image\" content=\"https:\/\/franciscanos.org.br\/noticias\/wp-content\/uploads\/2022\/10\/frgalvao800x550.png\" \/>\n\t<meta property=\"og:image:width\" content=\"800\" \/>\n\t<meta property=\"og:image:height\" content=\"550\" \/>\n\t<meta property=\"og:image:type\" content=\"image\/png\" \/>\n<meta name=\"author\" content=\"admin\" \/>\n<meta name=\"twitter:card\" content=\"summary_large_image\" \/>\n<meta name=\"twitter:label1\" content=\"Escrito por\" \/>\n\t<meta name=\"twitter:data1\" content=\"admin\" \/>\n\t<meta name=\"twitter:label2\" content=\"Est. tempo de leitura\" \/>\n\t<meta name=\"twitter:data2\" content=\"2 minutos\" \/>\n<script type=\"application\/ld+json\" class=\"yoast-schema-graph\">{\"@context\":\"https:\/\/schema.org\",\"@graph\":[{\"@type\":\"WebSite\",\"@id\":\"https:\/\/franciscanos.org.br\/noticias\/#website\",\"url\":\"https:\/\/franciscanos.org.br\/noticias\/\",\"name\":\"Not\u00edcias - Franciscanos\",\"description\":\"Prov\u00edncia Franciscana da Imaculada Concei\u00e7\u00e3o do Brasil - Ordem dos Frades Menores - OFM\",\"potentialAction\":[{\"@type\":\"SearchAction\",\"target\":{\"@type\":\"EntryPoint\",\"urlTemplate\":\"https:\/\/franciscanos.org.br\/noticias\/?s={search_term_string}\"},\"query-input\":\"required name=search_term_string\"}],\"inLanguage\":\"pt-BR\"},{\"@type\":\"ImageObject\",\"inLanguage\":\"pt-BR\",\"@id\":\"https:\/\/franciscanos.org.br\/noticias\/missa-votiva-dos-200-anos-da-morte-de-frei-galvao.html#primaryimage\",\"url\":\"https:\/\/franciscanos.org.br\/noticias\/wp-content\/uploads\/2022\/10\/frgalvao800x550.png\",\"contentUrl\":\"https:\/\/franciscanos.org.br\/noticias\/wp-content\/uploads\/2022\/10\/frgalvao800x550.png\",\"width\":800,\"height\":550},{\"@type\":\"WebPage\",\"@id\":\"https:\/\/franciscanos.org.br\/noticias\/missa-votiva-dos-200-anos-da-morte-de-frei-galvao.html#webpage\",\"url\":\"https:\/\/franciscanos.org.br\/noticias\/missa-votiva-dos-200-anos-da-morte-de-frei-galvao.html\",\"name\":\"Missa Votiva dos 200 anos da morte de Frei Galv\u00e3o - Not\u00edcias - Franciscanos\",\"isPartOf\":{\"@id\":\"https:\/\/franciscanos.org.br\/noticias\/#website\"},\"primaryImageOfPage\":{\"@id\":\"https:\/\/franciscanos.org.br\/noticias\/missa-votiva-dos-200-anos-da-morte-de-frei-galvao.html#primaryimage\"},\"datePublished\":\"2022-10-25T03:29:41+00:00\",\"dateModified\":\"2022-10-25T10:27:39+00:00\",\"author\":{\"@id\":\"https:\/\/franciscanos.org.br\/noticias\/#\/schema\/person\/b38fbf43118f02820bd932f2e4b14ad3\"},\"breadcrumb\":{\"@id\":\"https:\/\/franciscanos.org.br\/noticias\/missa-votiva-dos-200-anos-da-morte-de-frei-galvao.html#breadcrumb\"},\"inLanguage\":\"pt-BR\",\"potentialAction\":[{\"@type\":\"ReadAction\",\"target\":[\"https:\/\/franciscanos.org.br\/noticias\/missa-votiva-dos-200-anos-da-morte-de-frei-galvao.html\"]}]},{\"@type\":\"BreadcrumbList\",\"@id\":\"https:\/\/franciscanos.org.br\/noticias\/missa-votiva-dos-200-anos-da-morte-de-frei-galvao.html#breadcrumb\",\"itemListElement\":[{\"@type\":\"ListItem\",\"position\":1,\"name\":\"Home\",\"item\":\"https:\/\/franciscanos.org.br\/noticias\"},{\"@type\":\"ListItem\",\"position\":2,\"name\":\"Missa Votiva dos 200 anos da morte de Frei Galv\u00e3o\"}]},{\"@type\":\"Person\",\"@id\":\"https:\/\/franciscanos.org.br\/noticias\/#\/schema\/person\/b38fbf43118f02820bd932f2e4b14ad3\",\"name\":\"admin\",\"image\":{\"@type\":\"ImageObject\",\"inLanguage\":\"pt-BR\",\"@id\":\"https:\/\/franciscanos.org.br\/noticias\/#\/schema\/person\/image\/\",\"url\":\"https:\/\/secure.gravatar.com\/avatar\/e8495742d34d0ba6448ea1c628263b3e?s=96&d=mm&r=g\",\"contentUrl\":\"https:\/\/secure.gravatar.com\/avatar\/e8495742d34d0ba6448ea1c628263b3e?s=96&d=mm&r=g\",\"caption\":\"admin\"},\"url\":\"https:\/\/franciscanos.org.br\/noticias\/author\/admin\"}]}<\/script>\n<!-- \/ Yoast SEO plugin. -->","yoast_head_json":{"title":"Missa Votiva dos 200 anos da morte de Frei Galv\u00e3o - Not\u00edcias - Franciscanos","robots":{"index":"index","follow":"follow","max-snippet":"max-snippet:-1","max-image-preview":"max-image-preview:large","max-video-preview":"max-video-preview:-1"},"canonical":"https:\/\/franciscanos.org.br\/noticias\/missa-votiva-dos-200-anos-da-morte-de-frei-galvao.html","og_locale":"pt_BR","og_type":"article","og_title":"Missa Votiva dos 200 anos da morte de Frei Galv\u00e3o - Not\u00edcias - Franciscanos","og_description":"Missa de Frei Galv\u00e3o","og_url":"https:\/\/franciscanos.org.br\/noticias\/missa-votiva-dos-200-anos-da-morte-de-frei-galvao.html","og_site_name":"Not\u00edcias - Franciscanos","article_published_time":"2022-10-25T03:29:41+00:00","article_modified_time":"2022-10-25T10:27:39+00:00","og_image":[{"width":800,"height":550,"url":"https:\/\/franciscanos.org.br\/noticias\/wp-content\/uploads\/2022\/10\/frgalvao800x550.png","type":"image\/png"}],"author":"admin","twitter_card":"summary_large_image","twitter_misc":{"Escrito por":"admin","Est. tempo de leitura":"2 minutos"},"schema":{"@context":"https:\/\/schema.org","@graph":[{"@type":"WebSite","@id":"https:\/\/franciscanos.org.br\/noticias\/#website","url":"https:\/\/franciscanos.org.br\/noticias\/","name":"Not\u00edcias - Franciscanos","description":"Prov\u00edncia Franciscana da Imaculada Concei\u00e7\u00e3o do Brasil - Ordem dos Frades Menores - OFM","potentialAction":[{"@type":"SearchAction","target":{"@type":"EntryPoint","urlTemplate":"https:\/\/franciscanos.org.br\/noticias\/?s={search_term_string}"},"query-input":"required name=search_term_string"}],"inLanguage":"pt-BR"},{"@type":"ImageObject","inLanguage":"pt-BR","@id":"https:\/\/franciscanos.org.br\/noticias\/missa-votiva-dos-200-anos-da-morte-de-frei-galvao.html#primaryimage","url":"https:\/\/franciscanos.org.br\/noticias\/wp-content\/uploads\/2022\/10\/frgalvao800x550.png","contentUrl":"https:\/\/franciscanos.org.br\/noticias\/wp-content\/uploads\/2022\/10\/frgalvao800x550.png","width":800,"height":550},{"@type":"WebPage","@id":"https:\/\/franciscanos.org.br\/noticias\/missa-votiva-dos-200-anos-da-morte-de-frei-galvao.html#webpage","url":"https:\/\/franciscanos.org.br\/noticias\/missa-votiva-dos-200-anos-da-morte-de-frei-galvao.html","name":"Missa Votiva dos 200 anos da morte de Frei Galv\u00e3o - Not\u00edcias - Franciscanos","isPartOf":{"@id":"https:\/\/franciscanos.org.br\/noticias\/#website"},"primaryImageOfPage":{"@id":"https:\/\/franciscanos.org.br\/noticias\/missa-votiva-dos-200-anos-da-morte-de-frei-galvao.html#primaryimage"},"datePublished":"2022-10-25T03:29:41+00:00","dateModified":"2022-10-25T10:27:39+00:00","author":{"@id":"https:\/\/franciscanos.org.br\/noticias\/#\/schema\/person\/b38fbf43118f02820bd932f2e4b14ad3"},"breadcrumb":{"@id":"https:\/\/franciscanos.org.br\/noticias\/missa-votiva-dos-200-anos-da-morte-de-frei-galvao.html#breadcrumb"},"inLanguage":"pt-BR","potentialAction":[{"@type":"ReadAction","target":["https:\/\/franciscanos.org.br\/noticias\/missa-votiva-dos-200-anos-da-morte-de-frei-galvao.html"]}]},{"@type":"BreadcrumbList","@id":"https:\/\/franciscanos.org.br\/noticias\/missa-votiva-dos-200-anos-da-morte-de-frei-galvao.html#breadcrumb","itemListElement":[{"@type":"ListItem","position":1,"name":"Home","item":"https:\/\/franciscanos.org.br\/noticias"},{"@type":"ListItem","position":2,"name":"Missa Votiva dos 200 anos da morte de Frei Galv\u00e3o"}]},{"@type":"Person","@id":"https:\/\/franciscanos.org.br\/noticias\/#\/schema\/person\/b38fbf43118f02820bd932f2e4b14ad3","name":"admin","image":{"@type":"ImageObject","inLanguage":"pt-BR","@id":"https:\/\/franciscanos.org.br\/noticias\/#\/schema\/person\/image\/","url":"https:\/\/secure.gravatar.com\/avatar\/e8495742d34d0ba6448ea1c628263b3e?s=96&d=mm&r=g","contentUrl":"https:\/\/secure.gravatar.com\/avatar\/e8495742d34d0ba6448ea1c628263b3e?s=96&d=mm&r=g","caption":"admin"},"url":"https:\/\/franciscanos.org.br\/noticias\/author\/admin"}]}},"_links":{"self":[{"href":"https:\/\/franciscanos.org.br\/noticias\/wp-json\/wp\/v2\/posts\/240138"}],"collection":[{"href":"https:\/\/franciscanos.org.br\/noticias\/wp-json\/wp\/v2\/posts"}],"about":[{"href":"https:\/\/franciscanos.org.br\/noticias\/wp-json\/wp\/v2\/types\/post"}],"author":[{"embeddable":true,"href":"https:\/\/franciscanos.org.br\/noticias\/wp-json\/wp\/v2\/users\/1"}],"replies":[{"embeddable":true,"href":"https:\/\/franciscanos.org.br\/noticias\/wp-json\/wp\/v2\/comments?post=240138"}],"version-history":[{"count":7,"href":"https:\/\/franciscanos.org.br\/noticias\/wp-json\/wp\/v2\/posts\/240138\/revisions"}],"predecessor-version":[{"id":240175,"href":"https:\/\/franciscanos.org.br\/noticias\/wp-json\/wp\/v2\/posts\/240138\/revisions\/240175"}],"wp:featuredmedia":[{"embeddable":true,"href":"https:\/\/franciscanos.org.br\/noticias\/wp-json\/wp\/v2\/media\/240143"}],"wp:attachment":[{"href":"https:\/\/franciscanos.org.br\/noticias\/wp-json\/wp\/v2\/media?parent=240138"}],"wp:term":[{"taxonomy":"category","embeddable":true,"href":"https:\/\/franciscanos.org.br\/noticias\/wp-json\/wp\/v2\/categories?post=240138"},{"taxonomy":"post_tag","embeddable":true,"href":"https:\/\/franciscanos.org.br\/noticias\/wp-json\/wp\/v2\/tags?post=240138"}],"curies":[{"name":"wp","href":"https:\/\/api.w.org\/{rel}","templated":true}]}}