{"id":240130,"date":"2022-10-13T08:22:18","date_gmt":"2022-10-13T11:22:18","guid":{"rendered":"https:\/\/franciscanos.org.br\/noticias\/?p=240130"},"modified":"2022-10-13T08:22:18","modified_gmt":"2022-10-13T11:22:18","slug":"nilopolis-festeja-nossa-senhora-aparecida","status":"publish","type":"post","link":"https:\/\/franciscanos.org.br\/noticias\/nilopolis-festeja-nossa-senhora-aparecida.html","title":{"rendered":"Nil\u00f3polis festeja Nossa Senhora Aparecida"},"content":{"rendered":"<p><img loading=\"lazy\" class=\"alignnone size-full wp-image-240131\" src=\"https:\/\/franciscanos.org.br\/noticias\/wp-content\/uploads\/2022\/10\/nilopolis_01.jpg\" alt=\"\" width=\"1280\" height=\"720\" srcset=\"https:\/\/franciscanos.org.br\/noticias\/wp-content\/uploads\/2022\/10\/nilopolis_01.jpg 1280w, https:\/\/franciscanos.org.br\/noticias\/wp-content\/uploads\/2022\/10\/nilopolis_01-450x253.jpg 450w, https:\/\/franciscanos.org.br\/noticias\/wp-content\/uploads\/2022\/10\/nilopolis_01-1024x576.jpg 1024w, https:\/\/franciscanos.org.br\/noticias\/wp-content\/uploads\/2022\/10\/nilopolis_01-768x432.jpg 768w, https:\/\/franciscanos.org.br\/noticias\/wp-content\/uploads\/2022\/10\/nilopolis_01-150x84.jpg 150w\" sizes=\"(max-width: 1280px) 100vw, 1280px\" \/><\/p>\n<p>A Padroeira do Brasil, Nossa Senhora Aparecida, foi festejada com a Novena e um dia solene neste 12 de outubro na Par\u00f3quia sob a sua prote\u00e7\u00e3o em Nil\u00f3polis, na Baixada Fluminense. As festividades foram retomadas presencialmente com capacidade total ap\u00f3s dois anos de pandemia. O p\u00e1roco Frei Vanderley Grassi presidiu a Missa Solene, \u00e0s 18 horas, tendo como concelebrantes os frades da Fraternidade local e frades de Petr\u00f3polis.<\/p>\n<p>Frei Vanderley destacou Maria como modelo de mulher e que, com o seu &#8216;sim&#8217;, mudou a hist\u00f3ria da humanidade. Segundo o celebrante, o &#8216;sim&#8217; de Maria n\u00e3o foi um &#8216;sim&#8217; de um dia, mas foi renovado todos os dias. &#8220;Do amanhecer ao anoitecer. O nosso &#8216;sim&#8217; tamb\u00e9m precisa ser assim porque, muitas vezes, somos interpelados por situa\u00e7\u00f5es que querem nos levar para outros caminhos, mas \u00e9 preciso dizer como Santa Clara de Assis: &#8216;Nunca perca de vista o seu ponto de partida&#8217; para que possamos ficar naquilo que \u00e9 mais importante na nossa vida de f\u00e9, que \u00e9 Cristo&#8221;, disse.<\/p>\n<p>&#8220;Maria foi a escolhida por Deus para dar \u00e0 luz ao seu Filho Jesus Cristo. Abaixo de Jesus, n\u00e3o existe ningu\u00e9m mais importante que Maria. N\u00f3s precisamos venerar Maria porque ela nos impulsiona, como o Evangelho de hoje, em que diz: &#8216;Fazei tudo o que Ele vos disser&#8217;. E aqui existe um grande desafio para n\u00f3s: Como entender esse &#8216;tudo&#8217; na nossa vida? Isso \u00e9 poss\u00edvel quando nos colocamos na escuta da Palavra de Deus, quando nos colocamos no caminho com Jesus&#8221;, ensinou o celebrante.<\/p>\n<p><img loading=\"lazy\" class=\"alignnone size-full wp-image-240132\" src=\"https:\/\/franciscanos.org.br\/noticias\/wp-content\/uploads\/2022\/10\/nilopolis_02.jpg\" alt=\"\" width=\"1280\" height=\"721\" srcset=\"https:\/\/franciscanos.org.br\/noticias\/wp-content\/uploads\/2022\/10\/nilopolis_02.jpg 1280w, https:\/\/franciscanos.org.br\/noticias\/wp-content\/uploads\/2022\/10\/nilopolis_02-450x253.jpg 450w, https:\/\/franciscanos.org.br\/noticias\/wp-content\/uploads\/2022\/10\/nilopolis_02-1024x577.jpg 1024w, https:\/\/franciscanos.org.br\/noticias\/wp-content\/uploads\/2022\/10\/nilopolis_02-768x433.jpg 768w, https:\/\/franciscanos.org.br\/noticias\/wp-content\/uploads\/2022\/10\/nilopolis_02-150x84.jpg 150w\" sizes=\"(max-width: 1280px) 100vw, 1280px\" \/><\/p>\n<p>Segundo o frade, na passagem do Evangelho de Ema\u00fas, alguns disc\u00edpulos voltavam de Jerusal\u00e9m muitos tristes, abatidos e desanimados, \u201creclamando da vida, como muitos de n\u00f3s fazemos em nossas vidas. E, \u00e0s vezes, somos incentivados, como nossos pais em quem dever\u00edamos confiar plenamente, mas n\u00e3o conseguimos ouvir porque estamos envolvidos em outras situa\u00e7\u00f5es. E os disc\u00edpulos estavam assim. Somente ao cair da tarde, ao pegar o p\u00e3o e partir, Jesus se revela aos disc\u00edpulos e toda aquela tristeza vai embora. Eles voltam para Jerusal\u00e9m, mas agora com alegria no cora\u00e7\u00e3o, porque querem comunicar a boa nova: o Senhor ressuscitou&#8221;, indicou Frei Vanderley.<\/p>\n<p>&#8220;Que possamos comunicar, como Maria, a ressurrei\u00e7\u00e3o de seu Filho. E que possamos estar repletos da a\u00e7\u00e3o do Esp\u00edrito Santo de Deus, pois Maria foi a primeira a receber o Esp\u00edrito Santo e ela caminha com os ap\u00f3stolos at\u00e9 Pentecostes, por isso tem o t\u00edtulo Nossa Senhora de Pentecostes. Ela se tornou o primeiro sacr\u00e1rio vivo, o tabern\u00e1culo do Senhor. Sejamos obedientes a Jesus Cristo como Maria&#8221;, pediu o celebrante no final.<\/p>\n<p><img loading=\"lazy\" class=\"alignnone size-full wp-image-240133\" src=\"https:\/\/franciscanos.org.br\/noticias\/wp-content\/uploads\/2022\/10\/nilopolis_03.jpg\" alt=\"\" width=\"1280\" height=\"1280\" srcset=\"https:\/\/franciscanos.org.br\/noticias\/wp-content\/uploads\/2022\/10\/nilopolis_03.jpg 1080w, https:\/\/franciscanos.org.br\/noticias\/wp-content\/uploads\/2022\/10\/nilopolis_03-450x450.jpg 450w, https:\/\/franciscanos.org.br\/noticias\/wp-content\/uploads\/2022\/10\/nilopolis_03-1024x1024.jpg 1024w, https:\/\/franciscanos.org.br\/noticias\/wp-content\/uploads\/2022\/10\/nilopolis_03-300x300.jpg 300w, https:\/\/franciscanos.org.br\/noticias\/wp-content\/uploads\/2022\/10\/nilopolis_03-768x768.jpg 768w, https:\/\/franciscanos.org.br\/noticias\/wp-content\/uploads\/2022\/10\/nilopolis_03-150x150.jpg 150w, https:\/\/franciscanos.org.br\/noticias\/wp-content\/uploads\/2022\/10\/nilopolis_03-100x100.jpg 100w\" sizes=\"(max-width: 1280px) 100vw, 1280px\" \/><\/p>\n<p>Frei Vanderley fez quest\u00e3o de enfatizar, nos seus agradecimentos, a todas as equipes que trabalharam em dez dias da Festa. &#8220;Neste momento, quero agradecer&#8221;, disse, enfatizando que a gratid\u00e3o tem que ser a marca do crist\u00e3o que reconhece em Deus a sua generosidade, e o seu amor. &#8220;Quero agradecer a cada um de voc\u00eas pelas bonitas celebra\u00e7\u00f5es. Agradecer a todas as equipes que trabalharam desde o in\u00edcio da Novena.\u00a0 Sabemos que numa festa grande precisamos do suporte do munic\u00edpio, por isso meu agradecimento especial \u00e0s autoridades&#8221;, disse o p\u00e1roco, lembrando que a Par\u00f3quia est\u00e1 em processo de se tornar Santu\u00e1rio, o primeiro santu\u00e1rio mariano da Baixada. &#8220;Nossa gratid\u00e3o pelo cuidado que t\u00eam para com nossa Igreja, e tamb\u00e9m por todas as Igrejas&#8221;, acrescentou.<\/p>\n<p>Em seguida, os fi\u00e9is devotos de Nossa Senhora sa\u00edram em prociss\u00e3o luminosa pelas ruas da cidade.<\/p>\n<p><img loading=\"lazy\" class=\"alignnone size-full wp-image-240134\" src=\"https:\/\/franciscanos.org.br\/noticias\/wp-content\/uploads\/2022\/10\/nilopolis_04.jpg\" alt=\"\" width=\"1280\" height=\"566\" srcset=\"https:\/\/franciscanos.org.br\/noticias\/wp-content\/uploads\/2022\/10\/nilopolis_04.jpg 1280w, https:\/\/franciscanos.org.br\/noticias\/wp-content\/uploads\/2022\/10\/nilopolis_04-450x199.jpg 450w, https:\/\/franciscanos.org.br\/noticias\/wp-content\/uploads\/2022\/10\/nilopolis_04-1024x453.jpg 1024w, https:\/\/franciscanos.org.br\/noticias\/wp-content\/uploads\/2022\/10\/nilopolis_04-768x340.jpg 768w, https:\/\/franciscanos.org.br\/noticias\/wp-content\/uploads\/2022\/10\/nilopolis_04-150x66.jpg 150w\" sizes=\"(max-width: 1280px) 100vw, 1280px\" \/><\/p>\n<p><strong>EXPOSI\u00c7\u00c3O E NOVO VEL\u00c1RIO<\/strong><\/p>\n<p>A Par\u00f3quia Nossa Senhora Aparecida apresentou durante a Novena uma novidade aos romeiros, devotos e paroquianos. A Exposi\u00e7\u00e3o &#8220;Cem t\u00edtulos de Nossa Senhora&#8221;. S\u00e3o centenas de denomina\u00e7\u00f5es dadas a Nossa Senhora em suas apari\u00e7\u00f5es e de suas devo\u00e7\u00f5es.<\/p>\n<p>No dia 2 de outubro, ap\u00f3s a missa das 8h30, o p\u00e1roco Frei Vanderley aben\u00e7oou o novo vel\u00e1rio da Par\u00f3quia Nossa Senhora Aparecida, que passou por reformas.<\/p>\n<p>&nbsp;<\/p>\n","protected":false},"excerpt":{"rendered":"<p>Par\u00f3quia Nossa Senhora Aparecida de Nil\u00f3polis<\/p>\n","protected":false},"author":3,"featured_media":240131,"comment_status":"open","ping_status":"open","sticky":false,"template":"","format":"standard","meta":[],"categories":[1],"tags":[1243],"acf":[],"yoast_head":"<!-- This site is optimized with the Yoast SEO plugin v19.2 - https:\/\/yoast.com\/wordpress\/plugins\/seo\/ -->\n<title>Nil\u00f3polis festeja Nossa Senhora Aparecida - Not\u00edcias - Franciscanos<\/title>\n<meta name=\"robots\" content=\"index, follow, max-snippet:-1, max-image-preview:large, max-video-preview:-1\" \/>\n<link rel=\"canonical\" href=\"https:\/\/franciscanos.org.br\/noticias\/nilopolis-festeja-nossa-senhora-aparecida.html\" \/>\n<meta property=\"og:locale\" content=\"pt_BR\" \/>\n<meta property=\"og:type\" content=\"article\" \/>\n<meta property=\"og:title\" content=\"Nil\u00f3polis festeja Nossa Senhora Aparecida - Not\u00edcias - Franciscanos\" \/>\n<meta property=\"og:description\" content=\"Par\u00f3quia Nossa Senhora Aparecida de Nil\u00f3polis\" \/>\n<meta property=\"og:url\" content=\"https:\/\/franciscanos.org.br\/noticias\/nilopolis-festeja-nossa-senhora-aparecida.html\" \/>\n<meta property=\"og:site_name\" content=\"Not\u00edcias - Franciscanos\" \/>\n<meta property=\"article:published_time\" content=\"2022-10-13T11:22:18+00:00\" \/>\n<meta property=\"og:image\" content=\"https:\/\/franciscanos.org.br\/noticias\/wp-content\/uploads\/2022\/10\/nilopolis_01-1024x576.jpg\" \/>\n\t<meta property=\"og:image:width\" content=\"1024\" \/>\n\t<meta property=\"og:image:height\" content=\"576\" \/>\n\t<meta property=\"og:image:type\" content=\"image\/jpeg\" \/>\n<meta name=\"author\" content=\"moacir\" \/>\n<meta name=\"twitter:card\" content=\"summary_large_image\" \/>\n<meta name=\"twitter:label1\" content=\"Escrito por\" \/>\n\t<meta name=\"twitter:data1\" content=\"moacir\" \/>\n\t<meta name=\"twitter:label2\" content=\"Est. tempo de leitura\" \/>\n\t<meta name=\"twitter:data2\" content=\"3 minutos\" \/>\n<script type=\"application\/ld+json\" class=\"yoast-schema-graph\">{\"@context\":\"https:\/\/schema.org\",\"@graph\":[{\"@type\":\"WebSite\",\"@id\":\"https:\/\/franciscanos.org.br\/noticias\/#website\",\"url\":\"https:\/\/franciscanos.org.br\/noticias\/\",\"name\":\"Not\u00edcias - Franciscanos\",\"description\":\"Prov\u00edncia Franciscana da Imaculada Concei\u00e7\u00e3o do Brasil - Ordem dos Frades Menores - OFM\",\"potentialAction\":[{\"@type\":\"SearchAction\",\"target\":{\"@type\":\"EntryPoint\",\"urlTemplate\":\"https:\/\/franciscanos.org.br\/noticias\/?s={search_term_string}\"},\"query-input\":\"required name=search_term_string\"}],\"inLanguage\":\"pt-BR\"},{\"@type\":\"ImageObject\",\"inLanguage\":\"pt-BR\",\"@id\":\"https:\/\/franciscanos.org.br\/noticias\/nilopolis-festeja-nossa-senhora-aparecida.html#primaryimage\",\"url\":\"https:\/\/franciscanos.org.br\/noticias\/wp-content\/uploads\/2022\/10\/nilopolis_01.jpg\",\"contentUrl\":\"https:\/\/franciscanos.org.br\/noticias\/wp-content\/uploads\/2022\/10\/nilopolis_01.jpg\",\"width\":1280,\"height\":720},{\"@type\":\"WebPage\",\"@id\":\"https:\/\/franciscanos.org.br\/noticias\/nilopolis-festeja-nossa-senhora-aparecida.html#webpage\",\"url\":\"https:\/\/franciscanos.org.br\/noticias\/nilopolis-festeja-nossa-senhora-aparecida.html\",\"name\":\"Nil\u00f3polis festeja Nossa Senhora Aparecida - Not\u00edcias - Franciscanos\",\"isPartOf\":{\"@id\":\"https:\/\/franciscanos.org.br\/noticias\/#website\"},\"primaryImageOfPage\":{\"@id\":\"https:\/\/franciscanos.org.br\/noticias\/nilopolis-festeja-nossa-senhora-aparecida.html#primaryimage\"},\"datePublished\":\"2022-10-13T11:22:18+00:00\",\"dateModified\":\"2022-10-13T11:22:18+00:00\",\"author\":{\"@id\":\"https:\/\/franciscanos.org.br\/noticias\/#\/schema\/person\/b5c8cba458c330ccff548b056e95a5d4\"},\"breadcrumb\":{\"@id\":\"https:\/\/franciscanos.org.br\/noticias\/nilopolis-festeja-nossa-senhora-aparecida.html#breadcrumb\"},\"inLanguage\":\"pt-BR\",\"potentialAction\":[{\"@type\":\"ReadAction\",\"target\":[\"https:\/\/franciscanos.org.br\/noticias\/nilopolis-festeja-nossa-senhora-aparecida.html\"]}]},{\"@type\":\"BreadcrumbList\",\"@id\":\"https:\/\/franciscanos.org.br\/noticias\/nilopolis-festeja-nossa-senhora-aparecida.html#breadcrumb\",\"itemListElement\":[{\"@type\":\"ListItem\",\"position\":1,\"name\":\"Home\",\"item\":\"https:\/\/franciscanos.org.br\/noticias\"},{\"@type\":\"ListItem\",\"position\":2,\"name\":\"Nil\u00f3polis festeja Nossa Senhora Aparecida\"}]},{\"@type\":\"Person\",\"@id\":\"https:\/\/franciscanos.org.br\/noticias\/#\/schema\/person\/b5c8cba458c330ccff548b056e95a5d4\",\"name\":\"moacir\",\"image\":{\"@type\":\"ImageObject\",\"inLanguage\":\"pt-BR\",\"@id\":\"https:\/\/franciscanos.org.br\/noticias\/#\/schema\/person\/image\/\",\"url\":\"https:\/\/secure.gravatar.com\/avatar\/d08aa2ce4c8dd416d4479aa8536fcf64?s=96&d=mm&r=g\",\"contentUrl\":\"https:\/\/secure.gravatar.com\/avatar\/d08aa2ce4c8dd416d4479aa8536fcf64?s=96&d=mm&r=g\",\"caption\":\"moacir\"},\"url\":\"https:\/\/franciscanos.org.br\/noticias\/author\/moacir\"}]}<\/script>\n<!-- \/ Yoast SEO plugin. -->","yoast_head_json":{"title":"Nil\u00f3polis festeja Nossa Senhora Aparecida - Not\u00edcias - Franciscanos","robots":{"index":"index","follow":"follow","max-snippet":"max-snippet:-1","max-image-preview":"max-image-preview:large","max-video-preview":"max-video-preview:-1"},"canonical":"https:\/\/franciscanos.org.br\/noticias\/nilopolis-festeja-nossa-senhora-aparecida.html","og_locale":"pt_BR","og_type":"article","og_title":"Nil\u00f3polis festeja Nossa Senhora Aparecida - Not\u00edcias - Franciscanos","og_description":"Par\u00f3quia Nossa Senhora Aparecida de Nil\u00f3polis","og_url":"https:\/\/franciscanos.org.br\/noticias\/nilopolis-festeja-nossa-senhora-aparecida.html","og_site_name":"Not\u00edcias - Franciscanos","article_published_time":"2022-10-13T11:22:18+00:00","og_image":[{"width":1024,"height":576,"url":"https:\/\/franciscanos.org.br\/noticias\/wp-content\/uploads\/2022\/10\/nilopolis_01-1024x576.jpg","type":"image\/jpeg"}],"author":"moacir","twitter_card":"summary_large_image","twitter_misc":{"Escrito por":"moacir","Est. tempo de leitura":"3 minutos"},"schema":{"@context":"https:\/\/schema.org","@graph":[{"@type":"WebSite","@id":"https:\/\/franciscanos.org.br\/noticias\/#website","url":"https:\/\/franciscanos.org.br\/noticias\/","name":"Not\u00edcias - Franciscanos","description":"Prov\u00edncia Franciscana da Imaculada Concei\u00e7\u00e3o do Brasil - Ordem dos Frades Menores - OFM","potentialAction":[{"@type":"SearchAction","target":{"@type":"EntryPoint","urlTemplate":"https:\/\/franciscanos.org.br\/noticias\/?s={search_term_string}"},"query-input":"required name=search_term_string"}],"inLanguage":"pt-BR"},{"@type":"ImageObject","inLanguage":"pt-BR","@id":"https:\/\/franciscanos.org.br\/noticias\/nilopolis-festeja-nossa-senhora-aparecida.html#primaryimage","url":"https:\/\/franciscanos.org.br\/noticias\/wp-content\/uploads\/2022\/10\/nilopolis_01.jpg","contentUrl":"https:\/\/franciscanos.org.br\/noticias\/wp-content\/uploads\/2022\/10\/nilopolis_01.jpg","width":1280,"height":720},{"@type":"WebPage","@id":"https:\/\/franciscanos.org.br\/noticias\/nilopolis-festeja-nossa-senhora-aparecida.html#webpage","url":"https:\/\/franciscanos.org.br\/noticias\/nilopolis-festeja-nossa-senhora-aparecida.html","name":"Nil\u00f3polis festeja Nossa Senhora Aparecida - Not\u00edcias - Franciscanos","isPartOf":{"@id":"https:\/\/franciscanos.org.br\/noticias\/#website"},"primaryImageOfPage":{"@id":"https:\/\/franciscanos.org.br\/noticias\/nilopolis-festeja-nossa-senhora-aparecida.html#primaryimage"},"datePublished":"2022-10-13T11:22:18+00:00","dateModified":"2022-10-13T11:22:18+00:00","author":{"@id":"https:\/\/franciscanos.org.br\/noticias\/#\/schema\/person\/b5c8cba458c330ccff548b056e95a5d4"},"breadcrumb":{"@id":"https:\/\/franciscanos.org.br\/noticias\/nilopolis-festeja-nossa-senhora-aparecida.html#breadcrumb"},"inLanguage":"pt-BR","potentialAction":[{"@type":"ReadAction","target":["https:\/\/franciscanos.org.br\/noticias\/nilopolis-festeja-nossa-senhora-aparecida.html"]}]},{"@type":"BreadcrumbList","@id":"https:\/\/franciscanos.org.br\/noticias\/nilopolis-festeja-nossa-senhora-aparecida.html#breadcrumb","itemListElement":[{"@type":"ListItem","position":1,"name":"Home","item":"https:\/\/franciscanos.org.br\/noticias"},{"@type":"ListItem","position":2,"name":"Nil\u00f3polis festeja Nossa Senhora Aparecida"}]},{"@type":"Person","@id":"https:\/\/franciscanos.org.br\/noticias\/#\/schema\/person\/b5c8cba458c330ccff548b056e95a5d4","name":"moacir","image":{"@type":"ImageObject","inLanguage":"pt-BR","@id":"https:\/\/franciscanos.org.br\/noticias\/#\/schema\/person\/image\/","url":"https:\/\/secure.gravatar.com\/avatar\/d08aa2ce4c8dd416d4479aa8536fcf64?s=96&d=mm&r=g","contentUrl":"https:\/\/secure.gravatar.com\/avatar\/d08aa2ce4c8dd416d4479aa8536fcf64?s=96&d=mm&r=g","caption":"moacir"},"url":"https:\/\/franciscanos.org.br\/noticias\/author\/moacir"}]}},"_links":{"self":[{"href":"https:\/\/franciscanos.org.br\/noticias\/wp-json\/wp\/v2\/posts\/240130"}],"collection":[{"href":"https:\/\/franciscanos.org.br\/noticias\/wp-json\/wp\/v2\/posts"}],"about":[{"href":"https:\/\/franciscanos.org.br\/noticias\/wp-json\/wp\/v2\/types\/post"}],"author":[{"embeddable":true,"href":"https:\/\/franciscanos.org.br\/noticias\/wp-json\/wp\/v2\/users\/3"}],"replies":[{"embeddable":true,"href":"https:\/\/franciscanos.org.br\/noticias\/wp-json\/wp\/v2\/comments?post=240130"}],"version-history":[{"count":1,"href":"https:\/\/franciscanos.org.br\/noticias\/wp-json\/wp\/v2\/posts\/240130\/revisions"}],"predecessor-version":[{"id":240135,"href":"https:\/\/franciscanos.org.br\/noticias\/wp-json\/wp\/v2\/posts\/240130\/revisions\/240135"}],"wp:featuredmedia":[{"embeddable":true,"href":"https:\/\/franciscanos.org.br\/noticias\/wp-json\/wp\/v2\/media\/240131"}],"wp:attachment":[{"href":"https:\/\/franciscanos.org.br\/noticias\/wp-json\/wp\/v2\/media?parent=240130"}],"wp:term":[{"taxonomy":"category","embeddable":true,"href":"https:\/\/franciscanos.org.br\/noticias\/wp-json\/wp\/v2\/categories?post=240130"},{"taxonomy":"post_tag","embeddable":true,"href":"https:\/\/franciscanos.org.br\/noticias\/wp-json\/wp\/v2\/tags?post=240130"}],"curies":[{"name":"wp","href":"https:\/\/api.w.org\/{rel}","templated":true}]}}