{"id":240114,"date":"2022-10-12T11:00:31","date_gmt":"2022-10-12T14:00:31","guid":{"rendered":"https:\/\/franciscanos.org.br\/noticias\/?p=240114"},"modified":"2022-10-12T11:00:31","modified_gmt":"2022-10-12T14:00:31","slug":"coral-dos-canarinhos-de-petropolis-participa-do-17o-congresso-nacional-pueri-cantores","status":"publish","type":"post","link":"https:\/\/franciscanos.org.br\/noticias\/coral-dos-canarinhos-de-petropolis-participa-do-17o-congresso-nacional-pueri-cantores.html","title":{"rendered":"Coral dos Canarinhos de Petr\u00f3polis participa do 17\u00ba Congresso Nacional Pueri Cantores"},"content":{"rendered":"<p><img loading=\"lazy\" class=\"alignnone wp-image-240121 size-full\" src=\"https:\/\/franciscanos.org.br\/noticias\/wp-content\/uploads\/2022\/10\/congresso_111022_1.jpg\" alt=\"\" width=\"1280\" height=\"750\" srcset=\"https:\/\/franciscanos.org.br\/noticias\/wp-content\/uploads\/2022\/10\/congresso_111022_1.jpg 1280w, https:\/\/franciscanos.org.br\/noticias\/wp-content\/uploads\/2022\/10\/congresso_111022_1-450x264.jpg 450w, https:\/\/franciscanos.org.br\/noticias\/wp-content\/uploads\/2022\/10\/congresso_111022_1-1024x600.jpg 1024w, https:\/\/franciscanos.org.br\/noticias\/wp-content\/uploads\/2022\/10\/congresso_111022_1-768x450.jpg 768w, https:\/\/franciscanos.org.br\/noticias\/wp-content\/uploads\/2022\/10\/congresso_111022_1-150x88.jpg 150w\" sizes=\"(max-width: 1280px) 100vw, 1280px\" \/><\/p>\n<p style=\"font-weight: 400;\"><strong>Passos (MG) &#8211;<\/strong> O Instituto Meninos Cantores de Petr\u00f3polis (RJ) com o Coral dos Canarinhos participa, do dia 10 ao dia 16 de outubro da XVII edi\u00e7\u00e3o do Congresso Nacional Pueri Cantores, sediado, neste ano de 2022, na cidade de Passos em Minas Gerais. O congresso, contando com a presen\u00e7a de 14 corais de diferentes regi\u00f5es do Brasil, tem por intuito proporcionar a m\u00fatua partilha entre \u00e0s experi\u00eancias destes grupos corais e evidenciar a beleza da m\u00fasica sacra para o cen\u00e1rio nacional.<\/p>\n<p style=\"font-weight: 400;\">O encontro acontece na cidade de Passos motivado pelos 10 anos de cria\u00e7\u00e3o do coral local,\u00a0 \u201cOs Pequenos Cantores de Passos\u201d. Felipe Terra, idealizador do projeto, iniciou este coral de meninos no ano de 2012, inspirado de que, pela m\u00fasica, conseguiria incluir jovens de diferentes classes sociais em um projeto capaz de os amadurecer e bem capacitar para as diversas coisas da vida. \u201cNossos meninos cantores tamb\u00e9m s\u00e3o canarinhos e precisam voar, estamos aqui para ajud\u00e1-los\u201d, disse.<\/p>\n<p><img loading=\"lazy\" class=\"alignnone wp-image-240122 size-full\" src=\"https:\/\/franciscanos.org.br\/noticias\/wp-content\/uploads\/2022\/10\/congresso_111022.jpg\" alt=\"\" width=\"1280\" height=\"720\" srcset=\"https:\/\/franciscanos.org.br\/noticias\/wp-content\/uploads\/2022\/10\/congresso_111022.jpg 1280w, https:\/\/franciscanos.org.br\/noticias\/wp-content\/uploads\/2022\/10\/congresso_111022-450x253.jpg 450w, https:\/\/franciscanos.org.br\/noticias\/wp-content\/uploads\/2022\/10\/congresso_111022-1024x576.jpg 1024w, https:\/\/franciscanos.org.br\/noticias\/wp-content\/uploads\/2022\/10\/congresso_111022-768x432.jpg 768w, https:\/\/franciscanos.org.br\/noticias\/wp-content\/uploads\/2022\/10\/congresso_111022-150x84.jpg 150w\" sizes=\"(max-width: 1280px) 100vw, 1280px\" \/><\/p>\n<p style=\"font-weight: 400;\">Em Passos, os Canarinhos de Petr\u00f3polis chegaram a todo o vapor na segunda-feira (10\/10), e, foram recebidos pelas fam\u00edlias do Santu\u00e1rio da Penha, que disponibilizaram a acolhida dos seus lares pelos dias em que acontecer\u00e1 o Congresso. Neste mesmo dia, pela noite, os anfitri\u00f5es, os Pequenos Cantores de Passos, proporcionaram para os rec\u00e9m-chegados um espet\u00e1culo intitulado \u201cUm incr\u00edvel show de m\u00edmica\u201d, seguido da apresenta\u00e7\u00e3o da banda filarm\u00f4nica \u201c14 de maio\u201d.<\/p>\n<p style=\"font-weight: 400;\">Pela manh\u00e3 da ter\u00e7a-feira (11\/10), os corais participaram do ensaio geral em prepara\u00e7\u00e3o \u00e0 abertura oficial do Congresso que aconteceria pela noite na Par\u00f3quia Senhor Bom Jesus de Passos, Matriz da cidade e sede do encontro. Ap\u00f3s o ensaio, todos foram dirigidos \u00e0 escola Professora J\u00falia Kubitschek, na qual foi oferecido o almo\u00e7o. Reabastecidos, os ensaios foram retomados, no intuito de que ao fim do dia, \u00e0s 18hs, todos estivessem prontos para oficialmente come\u00e7ar o XVII Congresso Nacional Pueri Cantores.<\/p>\n<p><img loading=\"lazy\" class=\"alignnone wp-image-240119 size-full\" src=\"https:\/\/franciscanos.org.br\/noticias\/wp-content\/uploads\/2022\/10\/congresso_111022_3.jpg\" alt=\"\" width=\"1280\" height=\"720\" srcset=\"https:\/\/franciscanos.org.br\/noticias\/wp-content\/uploads\/2022\/10\/congresso_111022_3.jpg 1280w, https:\/\/franciscanos.org.br\/noticias\/wp-content\/uploads\/2022\/10\/congresso_111022_3-450x253.jpg 450w, https:\/\/franciscanos.org.br\/noticias\/wp-content\/uploads\/2022\/10\/congresso_111022_3-1024x576.jpg 1024w, https:\/\/franciscanos.org.br\/noticias\/wp-content\/uploads\/2022\/10\/congresso_111022_3-768x432.jpg 768w, https:\/\/franciscanos.org.br\/noticias\/wp-content\/uploads\/2022\/10\/congresso_111022_3-150x84.jpg 150w\" sizes=\"(max-width: 1280px) 100vw, 1280px\" \/><\/p>\n<p style=\"font-weight: 400;\">E \u00e0s 18h, oficialmente se iniciou o Congresso por meio de uma liturgia Ecum\u00eanica celebrada entre o p\u00e1roco, Sandro Henrique de Almeida da Par\u00f3quia Senhor Bom Jesus de Passos, e o pastor, Marcelo Irmagiasse da Igreja Presbiteriana. Os corais cantaram juntos durante a abertura do congresso e juntos dividiram a expectativa de um encontro frutuoso para todos. Ap\u00f3s a liturgia, o coral dos Pequenos Cantores de Passos, cantaram para todos. Eles apresentaram um repert\u00f3rio que foi de m\u00fasicas populares brasileiras \u00e0 composi\u00e7\u00f5es estrangeiras.<\/p>\n<div id=\"attachment_240120\" style=\"width: 460px\" class=\"wp-caption alignright\"><img aria-describedby=\"caption-attachment-240120\" loading=\"lazy\" class=\"wp-image-240120 size-medium\" src=\"https:\/\/franciscanos.org.br\/noticias\/wp-content\/uploads\/2022\/10\/congresso_111022_2-450x450.jpg\" alt=\"\" width=\"450\" height=\"450\" srcset=\"https:\/\/franciscanos.org.br\/noticias\/wp-content\/uploads\/2022\/10\/congresso_111022_2-450x450.jpg 450w, https:\/\/franciscanos.org.br\/noticias\/wp-content\/uploads\/2022\/10\/congresso_111022_2-1024x1024.jpg 1024w, https:\/\/franciscanos.org.br\/noticias\/wp-content\/uploads\/2022\/10\/congresso_111022_2-300x300.jpg 300w, https:\/\/franciscanos.org.br\/noticias\/wp-content\/uploads\/2022\/10\/congresso_111022_2-768x768.jpg 768w, https:\/\/franciscanos.org.br\/noticias\/wp-content\/uploads\/2022\/10\/congresso_111022_2-150x150.jpg 150w, https:\/\/franciscanos.org.br\/noticias\/wp-content\/uploads\/2022\/10\/congresso_111022_2-100x100.jpg 100w, https:\/\/franciscanos.org.br\/noticias\/wp-content\/uploads\/2022\/10\/congresso_111022_2.jpg 1080w\" sizes=\"(max-width: 450px) 100vw, 450px\" \/><p id=\"caption-attachment-240120\" class=\"wp-caption-text\">Filipe Ornellas a esquerda e Pedro Nunes a direita<\/p><\/div>\n<p style=\"font-weight: 400;\">Entre os Canarinhos de Petr\u00f3polis as expectativas se dividem de um lado com os meninos que j\u00e1 tiveram a oportunidade de partilhar de outros Congressos, e os novatos, que pela primeira vez viajem para um encontro de car\u00e1ter nacional. Filipe Ornellas, de 17 anos, participa do coral desde 2015, e j\u00e1 p\u00f4de viajar para diversas regi\u00f5es do pa\u00eds. \u201cEstar em um Congresso Nacional, depois de dois anos parados por conta da Pandemia, \u00e9 de novo reviver uma experi\u00eancia de comunh\u00e3o com os diversos corais da federa\u00e7\u00e3o. Aqui n\u00f3s aprendemos e tamb\u00e9m ensinamos. Partilhamos o conhecimento que recebemos com o nosso maestro, e aprendemos com aquilo que os outros corais t\u00eam a nos ensinar. Podemos ter a certeza de que iremos voltar para Petr\u00f3polis cantando melhor&#8221;, destacou.<\/p>\n<p style=\"font-weight: 400;\">Pedro Nunes tem 10 anos e est\u00e1 no coral h\u00e1 menos de um ano. \u00c9 a primeira vez que ele viaja com os Canarinhos, e divide a expectativa de que pelo congresso ele possa conhecer mais do canto coral: &#8220;Fazer parte dos Canarinhos \u00e9 um orgulho para mim e para minha fam\u00edlia. Tenho estudado bastante para conseguir aprender, e aqui no Congresso j\u00e1 tenho sentido que com os outros corais, vou poder aprender muito\u201d, frisou.<\/p>\n<p style=\"font-weight: 400;\">O maestro Marcos Aur\u00e9lio Lischt, diretor art\u00edstico do IMCP e respons\u00e1vel pelos coralistas de Petr\u00f3polis, na abertura oficial do Congresso, falou para todos sobre a hist\u00f3ria da cria\u00e7\u00e3o da Federa\u00e7\u00e3o Nacional dos Meninos Cantores e da import\u00e2ncia que teve Frei Leto Bienias &#8211; fundador do IMCP em 1942 &#8211; para a m\u00fasica coral no Brasil. Partilhando a expectativa de que o encontro possa oferecer aos coralistas um m\u00fatuo conhecimento e\u00a0 a ajuda para que entre eles cres\u00e7a o sentimento de uni\u00e3o, Lischt, tem composto a organiza\u00e7\u00e3o geral do encontro, ajudando na reg\u00eancia dos ensaios.<\/p>\n\n\t\t<style type=\"text\/css\">\n\t\t\t#gallery-1 {\n\t\t\t\tmargin: auto;\n\t\t\t}\n\t\t\t#gallery-1 .gallery-item {\n\t\t\t\tfloat: left;\n\t\t\t\tmargin-top: 10px;\n\t\t\t\ttext-align: center;\n\t\t\t\twidth: 25%;\n\t\t\t}\n\t\t\t#gallery-1 img {\n\t\t\t\tborder: 2px solid #cfcfcf;\n\t\t\t}\n\t\t\t#gallery-1 .gallery-caption {\n\t\t\t\tmargin-left: 0;\n\t\t\t}\n\t\t\t\/* see gallery_shortcode() in wp-includes\/media.php *\/\n\t\t<\/style>\n\t\t<div id='gallery-1' class='gallery galleryid-240114 gallery-columns-4 gallery-size-thumbnail'><dl class='gallery-item'>\n\t\t\t<dt class='gallery-icon landscape'>\n\t\t\t\t<a href='https:\/\/franciscanos.org.br\/noticias\/wp-content\/uploads\/2022\/10\/congresso_111022_7.jpeg'><img width=\"300\" height=\"300\" src=\"https:\/\/franciscanos.org.br\/noticias\/wp-content\/uploads\/2022\/10\/congresso_111022_7-300x300.jpeg\" class=\"attachment-thumbnail size-thumbnail\" alt=\"\" loading=\"lazy\" srcset=\"https:\/\/franciscanos.org.br\/noticias\/wp-content\/uploads\/2022\/10\/congresso_111022_7-300x300.jpeg 300w, https:\/\/franciscanos.org.br\/noticias\/wp-content\/uploads\/2022\/10\/congresso_111022_7-100x100.jpeg 100w\" sizes=\"(max-width: 300px) 100vw, 300px\" \/><\/a>\n\t\t\t<\/dt><\/dl><dl class='gallery-item'>\n\t\t\t<dt class='gallery-icon landscape'>\n\t\t\t\t<a href='https:\/\/franciscanos.org.br\/noticias\/wp-content\/uploads\/2022\/10\/congresso_111022_4.jpeg'><img width=\"300\" height=\"300\" src=\"https:\/\/franciscanos.org.br\/noticias\/wp-content\/uploads\/2022\/10\/congresso_111022_4-300x300.jpeg\" class=\"attachment-thumbnail size-thumbnail\" alt=\"\" loading=\"lazy\" srcset=\"https:\/\/franciscanos.org.br\/noticias\/wp-content\/uploads\/2022\/10\/congresso_111022_4-300x300.jpeg 300w, https:\/\/franciscanos.org.br\/noticias\/wp-content\/uploads\/2022\/10\/congresso_111022_4-100x100.jpeg 100w\" sizes=\"(max-width: 300px) 100vw, 300px\" \/><\/a>\n\t\t\t<\/dt><\/dl><dl class='gallery-item'>\n\t\t\t<dt class='gallery-icon landscape'>\n\t\t\t\t<a href='https:\/\/franciscanos.org.br\/noticias\/wp-content\/uploads\/2022\/10\/congresso_111022_6.jpeg'><img width=\"300\" height=\"300\" src=\"https:\/\/franciscanos.org.br\/noticias\/wp-content\/uploads\/2022\/10\/congresso_111022_6-300x300.jpeg\" class=\"attachment-thumbnail size-thumbnail\" alt=\"\" loading=\"lazy\" srcset=\"https:\/\/franciscanos.org.br\/noticias\/wp-content\/uploads\/2022\/10\/congresso_111022_6-300x300.jpeg 300w, https:\/\/franciscanos.org.br\/noticias\/wp-content\/uploads\/2022\/10\/congresso_111022_6-100x100.jpeg 100w\" sizes=\"(max-width: 300px) 100vw, 300px\" \/><\/a>\n\t\t\t<\/dt><\/dl><dl class='gallery-item'>\n\t\t\t<dt class='gallery-icon landscape'>\n\t\t\t\t<a href='https:\/\/franciscanos.org.br\/noticias\/wp-content\/uploads\/2022\/10\/congresso_111022_5.jpeg'><img width=\"300\" height=\"300\" src=\"https:\/\/franciscanos.org.br\/noticias\/wp-content\/uploads\/2022\/10\/congresso_111022_5-300x300.jpeg\" class=\"attachment-thumbnail size-thumbnail\" alt=\"\" loading=\"lazy\" srcset=\"https:\/\/franciscanos.org.br\/noticias\/wp-content\/uploads\/2022\/10\/congresso_111022_5-300x300.jpeg 300w, https:\/\/franciscanos.org.br\/noticias\/wp-content\/uploads\/2022\/10\/congresso_111022_5-100x100.jpeg 100w\" sizes=\"(max-width: 300px) 100vw, 300px\" \/><\/a>\n\t\t\t<\/dt><\/dl><br style=\"clear: both\" \/>\n\t\t<\/div>\n\n<p style=\"font-weight: 400;\">O encontro oficialmente acabou de come\u00e7ar. O clima \u00e9 de alegria pelo reencontro, porque depois de dois anos, apenas se vendo por meio das m\u00eddias sociais, os maestros, coralistas e os diversos acompanhantes que ajudam na realiza\u00e7\u00e3o do evento, podem novamente experimentar a beleza do canto coral ao vivo e a cores. A Igreja Matriz, Bom Jesus dos Passos, ser\u00e1 nesses dias a sede de uma multid\u00e3o de Canarinhos, que aqui, t\u00eam encantado a cidade, com a partilha do dom que receberam pela gra\u00e7as de Deus.<\/p>\n<hr \/>\n<p style=\"font-weight: 400;\"><em>Frei Lucas de Moura Justino Souza e equipe do IMCP<\/em><\/p>\n","protected":false},"excerpt":{"rendered":"<p>17\u00ba Congresso Nacional Pueri Cantores em Passos (MG)<\/p>\n","protected":false},"author":5,"featured_media":240121,"comment_status":"open","ping_status":"open","sticky":false,"template":"","format":"standard","meta":[],"categories":[1],"tags":[1378,1788],"acf":[],"yoast_head":"<!-- This site is optimized with the Yoast SEO plugin v19.2 - https:\/\/yoast.com\/wordpress\/plugins\/seo\/ -->\n<title>Coral dos Canarinhos de Petr\u00f3polis participa do 17\u00ba Congresso Nacional Pueri Cantores - Not\u00edcias - Franciscanos<\/title>\n<meta name=\"robots\" content=\"index, follow, max-snippet:-1, max-image-preview:large, max-video-preview:-1\" \/>\n<link rel=\"canonical\" href=\"https:\/\/franciscanos.org.br\/noticias\/coral-dos-canarinhos-de-petropolis-participa-do-17o-congresso-nacional-pueri-cantores.html\" \/>\n<meta property=\"og:locale\" content=\"pt_BR\" \/>\n<meta property=\"og:type\" content=\"article\" \/>\n<meta property=\"og:title\" content=\"Coral dos Canarinhos de Petr\u00f3polis participa do 17\u00ba Congresso Nacional Pueri Cantores - Not\u00edcias - Franciscanos\" \/>\n<meta property=\"og:description\" content=\"17\u00ba Congresso Nacional Pueri Cantores em Passos (MG)\" \/>\n<meta property=\"og:url\" content=\"https:\/\/franciscanos.org.br\/noticias\/coral-dos-canarinhos-de-petropolis-participa-do-17o-congresso-nacional-pueri-cantores.html\" \/>\n<meta property=\"og:site_name\" content=\"Not\u00edcias - Franciscanos\" \/>\n<meta property=\"article:published_time\" content=\"2022-10-12T14:00:31+00:00\" \/>\n<meta property=\"og:image\" content=\"https:\/\/franciscanos.org.br\/noticias\/wp-content\/uploads\/2022\/10\/congresso_111022_1.jpg\" \/>\n\t<meta property=\"og:image:width\" content=\"1280\" \/>\n\t<meta property=\"og:image:height\" content=\"750\" \/>\n\t<meta property=\"og:image:type\" content=\"image\/jpeg\" \/>\n<meta name=\"author\" content=\"freiaugusto\" \/>\n<meta name=\"twitter:card\" content=\"summary_large_image\" \/>\n<meta name=\"twitter:label1\" content=\"Escrito por\" \/>\n\t<meta name=\"twitter:data1\" content=\"freiaugusto\" \/>\n\t<meta name=\"twitter:label2\" content=\"Est. tempo de leitura\" \/>\n\t<meta name=\"twitter:data2\" content=\"4 minutos\" \/>\n<script type=\"application\/ld+json\" class=\"yoast-schema-graph\">{\"@context\":\"https:\/\/schema.org\",\"@graph\":[{\"@type\":\"WebSite\",\"@id\":\"https:\/\/franciscanos.org.br\/noticias\/#website\",\"url\":\"https:\/\/franciscanos.org.br\/noticias\/\",\"name\":\"Not\u00edcias - Franciscanos\",\"description\":\"Prov\u00edncia Franciscana da Imaculada Concei\u00e7\u00e3o do Brasil - Ordem dos Frades Menores - OFM\",\"potentialAction\":[{\"@type\":\"SearchAction\",\"target\":{\"@type\":\"EntryPoint\",\"urlTemplate\":\"https:\/\/franciscanos.org.br\/noticias\/?s={search_term_string}\"},\"query-input\":\"required name=search_term_string\"}],\"inLanguage\":\"pt-BR\"},{\"@type\":\"ImageObject\",\"inLanguage\":\"pt-BR\",\"@id\":\"https:\/\/franciscanos.org.br\/noticias\/coral-dos-canarinhos-de-petropolis-participa-do-17o-congresso-nacional-pueri-cantores.html#primaryimage\",\"url\":\"https:\/\/franciscanos.org.br\/noticias\/wp-content\/uploads\/2022\/10\/congresso_111022_1.jpg\",\"contentUrl\":\"https:\/\/franciscanos.org.br\/noticias\/wp-content\/uploads\/2022\/10\/congresso_111022_1.jpg\",\"width\":1280,\"height\":750},{\"@type\":\"WebPage\",\"@id\":\"https:\/\/franciscanos.org.br\/noticias\/coral-dos-canarinhos-de-petropolis-participa-do-17o-congresso-nacional-pueri-cantores.html#webpage\",\"url\":\"https:\/\/franciscanos.org.br\/noticias\/coral-dos-canarinhos-de-petropolis-participa-do-17o-congresso-nacional-pueri-cantores.html\",\"name\":\"Coral dos Canarinhos de Petr\u00f3polis participa do 17\u00ba Congresso Nacional Pueri Cantores - Not\u00edcias - Franciscanos\",\"isPartOf\":{\"@id\":\"https:\/\/franciscanos.org.br\/noticias\/#website\"},\"primaryImageOfPage\":{\"@id\":\"https:\/\/franciscanos.org.br\/noticias\/coral-dos-canarinhos-de-petropolis-participa-do-17o-congresso-nacional-pueri-cantores.html#primaryimage\"},\"datePublished\":\"2022-10-12T14:00:31+00:00\",\"dateModified\":\"2022-10-12T14:00:31+00:00\",\"author\":{\"@id\":\"https:\/\/franciscanos.org.br\/noticias\/#\/schema\/person\/37f88f0d111cd5358b12a6556a99eb91\"},\"breadcrumb\":{\"@id\":\"https:\/\/franciscanos.org.br\/noticias\/coral-dos-canarinhos-de-petropolis-participa-do-17o-congresso-nacional-pueri-cantores.html#breadcrumb\"},\"inLanguage\":\"pt-BR\",\"potentialAction\":[{\"@type\":\"ReadAction\",\"target\":[\"https:\/\/franciscanos.org.br\/noticias\/coral-dos-canarinhos-de-petropolis-participa-do-17o-congresso-nacional-pueri-cantores.html\"]}]},{\"@type\":\"BreadcrumbList\",\"@id\":\"https:\/\/franciscanos.org.br\/noticias\/coral-dos-canarinhos-de-petropolis-participa-do-17o-congresso-nacional-pueri-cantores.html#breadcrumb\",\"itemListElement\":[{\"@type\":\"ListItem\",\"position\":1,\"name\":\"Home\",\"item\":\"https:\/\/franciscanos.org.br\/noticias\"},{\"@type\":\"ListItem\",\"position\":2,\"name\":\"Coral dos Canarinhos de Petr\u00f3polis participa do 17\u00ba Congresso Nacional Pueri Cantores\"}]},{\"@type\":\"Person\",\"@id\":\"https:\/\/franciscanos.org.br\/noticias\/#\/schema\/person\/37f88f0d111cd5358b12a6556a99eb91\",\"name\":\"freiaugusto\",\"image\":{\"@type\":\"ImageObject\",\"inLanguage\":\"pt-BR\",\"@id\":\"https:\/\/franciscanos.org.br\/noticias\/#\/schema\/person\/image\/\",\"url\":\"https:\/\/secure.gravatar.com\/avatar\/9840b940e621801b24f3e6b059efb4b7?s=96&d=mm&r=g\",\"contentUrl\":\"https:\/\/secure.gravatar.com\/avatar\/9840b940e621801b24f3e6b059efb4b7?s=96&d=mm&r=g\",\"caption\":\"freiaugusto\"},\"url\":\"https:\/\/franciscanos.org.br\/noticias\/author\/freiaugusto\"}]}<\/script>\n<!-- \/ Yoast SEO plugin. -->","yoast_head_json":{"title":"Coral dos Canarinhos de Petr\u00f3polis participa do 17\u00ba Congresso Nacional Pueri Cantores - Not\u00edcias - Franciscanos","robots":{"index":"index","follow":"follow","max-snippet":"max-snippet:-1","max-image-preview":"max-image-preview:large","max-video-preview":"max-video-preview:-1"},"canonical":"https:\/\/franciscanos.org.br\/noticias\/coral-dos-canarinhos-de-petropolis-participa-do-17o-congresso-nacional-pueri-cantores.html","og_locale":"pt_BR","og_type":"article","og_title":"Coral dos Canarinhos de Petr\u00f3polis participa do 17\u00ba Congresso Nacional Pueri Cantores - Not\u00edcias - Franciscanos","og_description":"17\u00ba Congresso Nacional Pueri Cantores em Passos (MG)","og_url":"https:\/\/franciscanos.org.br\/noticias\/coral-dos-canarinhos-de-petropolis-participa-do-17o-congresso-nacional-pueri-cantores.html","og_site_name":"Not\u00edcias - Franciscanos","article_published_time":"2022-10-12T14:00:31+00:00","og_image":[{"width":1280,"height":750,"url":"https:\/\/franciscanos.org.br\/noticias\/wp-content\/uploads\/2022\/10\/congresso_111022_1.jpg","type":"image\/jpeg"}],"author":"freiaugusto","twitter_card":"summary_large_image","twitter_misc":{"Escrito por":"freiaugusto","Est. tempo de leitura":"4 minutos"},"schema":{"@context":"https:\/\/schema.org","@graph":[{"@type":"WebSite","@id":"https:\/\/franciscanos.org.br\/noticias\/#website","url":"https:\/\/franciscanos.org.br\/noticias\/","name":"Not\u00edcias - Franciscanos","description":"Prov\u00edncia Franciscana da Imaculada Concei\u00e7\u00e3o do Brasil - Ordem dos Frades Menores - OFM","potentialAction":[{"@type":"SearchAction","target":{"@type":"EntryPoint","urlTemplate":"https:\/\/franciscanos.org.br\/noticias\/?s={search_term_string}"},"query-input":"required name=search_term_string"}],"inLanguage":"pt-BR"},{"@type":"ImageObject","inLanguage":"pt-BR","@id":"https:\/\/franciscanos.org.br\/noticias\/coral-dos-canarinhos-de-petropolis-participa-do-17o-congresso-nacional-pueri-cantores.html#primaryimage","url":"https:\/\/franciscanos.org.br\/noticias\/wp-content\/uploads\/2022\/10\/congresso_111022_1.jpg","contentUrl":"https:\/\/franciscanos.org.br\/noticias\/wp-content\/uploads\/2022\/10\/congresso_111022_1.jpg","width":1280,"height":750},{"@type":"WebPage","@id":"https:\/\/franciscanos.org.br\/noticias\/coral-dos-canarinhos-de-petropolis-participa-do-17o-congresso-nacional-pueri-cantores.html#webpage","url":"https:\/\/franciscanos.org.br\/noticias\/coral-dos-canarinhos-de-petropolis-participa-do-17o-congresso-nacional-pueri-cantores.html","name":"Coral dos Canarinhos de Petr\u00f3polis participa do 17\u00ba Congresso Nacional Pueri Cantores - Not\u00edcias - Franciscanos","isPartOf":{"@id":"https:\/\/franciscanos.org.br\/noticias\/#website"},"primaryImageOfPage":{"@id":"https:\/\/franciscanos.org.br\/noticias\/coral-dos-canarinhos-de-petropolis-participa-do-17o-congresso-nacional-pueri-cantores.html#primaryimage"},"datePublished":"2022-10-12T14:00:31+00:00","dateModified":"2022-10-12T14:00:31+00:00","author":{"@id":"https:\/\/franciscanos.org.br\/noticias\/#\/schema\/person\/37f88f0d111cd5358b12a6556a99eb91"},"breadcrumb":{"@id":"https:\/\/franciscanos.org.br\/noticias\/coral-dos-canarinhos-de-petropolis-participa-do-17o-congresso-nacional-pueri-cantores.html#breadcrumb"},"inLanguage":"pt-BR","potentialAction":[{"@type":"ReadAction","target":["https:\/\/franciscanos.org.br\/noticias\/coral-dos-canarinhos-de-petropolis-participa-do-17o-congresso-nacional-pueri-cantores.html"]}]},{"@type":"BreadcrumbList","@id":"https:\/\/franciscanos.org.br\/noticias\/coral-dos-canarinhos-de-petropolis-participa-do-17o-congresso-nacional-pueri-cantores.html#breadcrumb","itemListElement":[{"@type":"ListItem","position":1,"name":"Home","item":"https:\/\/franciscanos.org.br\/noticias"},{"@type":"ListItem","position":2,"name":"Coral dos Canarinhos de Petr\u00f3polis participa do 17\u00ba Congresso Nacional Pueri Cantores"}]},{"@type":"Person","@id":"https:\/\/franciscanos.org.br\/noticias\/#\/schema\/person\/37f88f0d111cd5358b12a6556a99eb91","name":"freiaugusto","image":{"@type":"ImageObject","inLanguage":"pt-BR","@id":"https:\/\/franciscanos.org.br\/noticias\/#\/schema\/person\/image\/","url":"https:\/\/secure.gravatar.com\/avatar\/9840b940e621801b24f3e6b059efb4b7?s=96&d=mm&r=g","contentUrl":"https:\/\/secure.gravatar.com\/avatar\/9840b940e621801b24f3e6b059efb4b7?s=96&d=mm&r=g","caption":"freiaugusto"},"url":"https:\/\/franciscanos.org.br\/noticias\/author\/freiaugusto"}]}},"_links":{"self":[{"href":"https:\/\/franciscanos.org.br\/noticias\/wp-json\/wp\/v2\/posts\/240114"}],"collection":[{"href":"https:\/\/franciscanos.org.br\/noticias\/wp-json\/wp\/v2\/posts"}],"about":[{"href":"https:\/\/franciscanos.org.br\/noticias\/wp-json\/wp\/v2\/types\/post"}],"author":[{"embeddable":true,"href":"https:\/\/franciscanos.org.br\/noticias\/wp-json\/wp\/v2\/users\/5"}],"replies":[{"embeddable":true,"href":"https:\/\/franciscanos.org.br\/noticias\/wp-json\/wp\/v2\/comments?post=240114"}],"version-history":[{"count":2,"href":"https:\/\/franciscanos.org.br\/noticias\/wp-json\/wp\/v2\/posts\/240114\/revisions"}],"predecessor-version":[{"id":240124,"href":"https:\/\/franciscanos.org.br\/noticias\/wp-json\/wp\/v2\/posts\/240114\/revisions\/240124"}],"wp:featuredmedia":[{"embeddable":true,"href":"https:\/\/franciscanos.org.br\/noticias\/wp-json\/wp\/v2\/media\/240121"}],"wp:attachment":[{"href":"https:\/\/franciscanos.org.br\/noticias\/wp-json\/wp\/v2\/media?parent=240114"}],"wp:term":[{"taxonomy":"category","embeddable":true,"href":"https:\/\/franciscanos.org.br\/noticias\/wp-json\/wp\/v2\/categories?post=240114"},{"taxonomy":"post_tag","embeddable":true,"href":"https:\/\/franciscanos.org.br\/noticias\/wp-json\/wp\/v2\/tags?post=240114"}],"curies":[{"name":"wp","href":"https:\/\/api.w.org\/{rel}","templated":true}]}}