{"id":240100,"date":"2022-10-11T07:25:48","date_gmt":"2022-10-11T10:25:48","guid":{"rendered":"https:\/\/franciscanos.org.br\/noticias\/?p=240100"},"modified":"2022-10-11T07:42:02","modified_gmt":"2022-10-11T10:42:02","slug":"sessenta-anos-atras-o-primeiro-ato-do-concilio-porta-da-igreja-aberta-para-o-mundo","status":"publish","type":"post","link":"https:\/\/franciscanos.org.br\/noticias\/sessenta-anos-atras-o-primeiro-ato-do-concilio-porta-da-igreja-aberta-para-o-mundo.html","title":{"rendered":"Sessenta anos atr\u00e1s o primeiro ato do Conc\u00edlio, porta da Igreja aberta para o mundo"},"content":{"rendered":"<div class=\"article__text \">\n<div id=\"attachment_240101\" style=\"width: 1290px\" class=\"wp-caption alignnone\"><img aria-describedby=\"caption-attachment-240101\" loading=\"lazy\" class=\"wp-image-240101 size-full\" src=\"https:\/\/franciscanos.org.br\/noticias\/wp-content\/uploads\/2022\/10\/concilio.jpeg\" alt=\"\" width=\"1280\" height=\"720\" srcset=\"https:\/\/franciscanos.org.br\/noticias\/wp-content\/uploads\/2022\/10\/concilio.jpeg 1280w, https:\/\/franciscanos.org.br\/noticias\/wp-content\/uploads\/2022\/10\/concilio-450x253.jpeg 450w, https:\/\/franciscanos.org.br\/noticias\/wp-content\/uploads\/2022\/10\/concilio-1024x576.jpeg 1024w, https:\/\/franciscanos.org.br\/noticias\/wp-content\/uploads\/2022\/10\/concilio-768x432.jpeg 768w, https:\/\/franciscanos.org.br\/noticias\/wp-content\/uploads\/2022\/10\/concilio-150x84.jpeg 150w\" sizes=\"(max-width: 1280px) 100vw, 1280px\" \/><p id=\"caption-attachment-240101\" class=\"wp-caption-text\"><em>Abertura do Conc\u00edlio Vaticano II (Archivio Fotografico Vatican Media)<\/em><\/p><\/div>\n<p>J\u00e1 se passaram 60 anos da abertura do Conc\u00edlio Vaticano II, um evento que mudou o rosto da Igreja. Um Conc\u00edlio ecum\u00eanico, ou seja, universal, \u00e9 a convoca\u00e7\u00e3o feita pelo Papa para reunir o col\u00e9gio dos bispos para enfrentar juntos, \u00e0 luz do Evangelho, as novas quest\u00f5es colocadas pela hist\u00f3ria.<\/p>\n<p>O Papa Jo\u00e3o XXIII foi quem anunciou o 21\u00b0 Conc\u00edlio da Igreja de Roma, em 25 de janeiro de 1959, na Bas\u00edlica de S\u00e3o Paulo Fora dos Muros: &#8220;Vener\u00e1veis Irm\u00e3os e Amados Nossos Filhos! Nos pronunciamos diante de v\u00f3s, certamente tremendo um pouco pela emo\u00e7\u00e3o, mas ao mesmo tempo com humilde resolu\u00e7\u00e3o de prop\u00f3sito, o nome e a proposta da dupla celebra\u00e7\u00e3o: de um S\u00ednodo Diocesano para a Urbe, e de um Conc\u00edlio Ecum\u00eanico para a Igreja universal&#8221;. Tr\u00eas anos mais tarde, em 2 de fevereiro de 1962, na Festa da Apresenta\u00e7\u00e3o de Jesus no Templo, o Papa Jo\u00e3o anunciou a data de in\u00edcio desta grandiosa assembleia: &#8220;Esta data \u00e9 11 de outubro do ano de 1962; e \u00e9 uma lembran\u00e7a do Conc\u00edlio de \u00c9feso, e precisamente a partida da igreja de S\u00e3o Pedro in Vincoli do padre Filipe &#8211;\u00a0<i>huius tituli presbyter<\/i>\u00a0&#8211; para \u00c9feso como representante do Papa Celestino\u201d. A Igreja abre as fontes de sua doutrina para promover a conc\u00f3rdia, a paz e a unidade invocadas por Cristo.<\/p>\n<\/div>\n<p><iframe loading=\"lazy\" title=\"YouTube video player\" src=\"https:\/\/www.youtube.com\/embed\/ltE9y3U3GvQ\" width=\"100%\" height=\"480\" frameborder=\"0\" allowfullscreen=\"allowfullscreen\"><span data-mce-type=\"bookmark\" style=\"display: inline-block; width: 0px; overflow: hidden; line-height: 0;\" class=\"mce_SELRES_start\">\ufeff<\/span><\/iframe><\/p>\n<div class=\"article__text \">\n<div>\n<div class=\"article__embed article__embed--unwrap article__embed--dark\">\n<div class=\"article__innerTitle\"><\/div>\n<\/div>\n<\/div>\n<h2><b>A abertura<\/b><\/h2>\n<p>Portanto o Conc\u00edlio Vaticano II foi inaugurado em 11 de outubro de 1962. Naquele dia, mais de 3 mil participantes, entre os quais cardeais, arcebispos, bispos, superiores de fam\u00edlias religiosas desfilaram na Pra\u00e7a S\u00e3o Pedro. Eles vieram de todo o mundo e representavam todos os povos da Terra. A Bas\u00edlica do Vaticano transformou-se em uma Sala Conciliar. Neste grande espa\u00e7o com momentos de grande intensidade, ressoaram as palavras do Papa Jo\u00e3o XXIII para a solene abertura: \u201cAs situa\u00e7\u00f5es e problemas grav\u00edssimos que a humanidade enfrenta n\u00e3o mudam; de fato \u2013 afirmou o Papa pronunciado seu discurso em latim \u2013 \u201cCristo continua sempre a brilhar no centro da hist\u00f3ria e da vida\u201d. \u201cTodas as vezes que s\u00e3o celebrados, os Conc\u00edlios Ecum\u00eanicos proclamam esta solene correspond\u00eancia com Cristo e com a sua Igreja e levam \u00e0 irradia\u00e7\u00e3o universal da verdade, \u00e0 reta dire\u00e7\u00e3o\u201d. \u201cAgora, por\u00e9m \u2013 sublinha o Papa Jo\u00e3o XXIII &#8211; a Esposa de Cristo prefere usar mais o rem\u00e9dio da miseric\u00f3rdia do que o da severidade. Julga satisfazer melhor \u00e0s necessidades de hoje mostrando a mais a validez da sua doutrina do que renovando condena\u00e7\u00f5es\u201d. A Igreja \u00e9 a M\u00e3e amorosa de todos. O Conc\u00edlio, atrav\u00e9s de apropriadas atualiza\u00e7\u00f5es, d\u00e1 um salto adiante no compromisso apost\u00f3lico para apresentar a mensagem do Evangelho a todos os homens.<\/p>\n<h2><b>O discurso da Lua<\/b><\/h2>\n<p>Outro momento gravado na hist\u00f3ria daquele dia da inaugura\u00e7\u00e3o do Conc\u00edlio Vaticano II foi a sauda\u00e7\u00e3o, naquela mesma noite, que Jo\u00e3o XXIII dirigiu aos fi\u00e9is lotados na Pra\u00e7a S\u00e3o Pedro. Palavras ditas, espont\u00e2neas, que ficaram na hist\u00f3ria como &#8220;o discurso da Lua&#8221;. A multid\u00e3o em meio \u00e0s luzes de mais de 100 mil tochas foi uma cena que comoveu o Pont\u00edfice, que decidiu olhar para fora da janela. Disse aos seus colaboradores mais pr\u00f3ximos que s\u00f3 iria dar uma b\u00ean\u00e7\u00e3o. Mas depois, naquele momento t\u00e3o excepcional para a vida da Igreja, pronunciou um discurso improvisado que tocou o cora\u00e7\u00e3o de todos. &#8220;Queridos filhos, ou\u00e7o suas vozes. A minha \u00e9 apenas uma voz, mas condensa a voz do mundo inteiro; todo o mundo est\u00e1 aqui representado. Parece que at\u00e9 a lua antecipou-se esta noite \u2013 observai-a para o alto! &#8211; para contemplar este espet\u00e1culo&#8221;. \u201cEsta manh\u00e3&#8221;, explicou o Papa Jo\u00e3o, &#8220;foi um espet\u00e1culo que nem a Bas\u00edlica de S\u00e3o Pedro, que tem quatro s\u00e9culos de hist\u00f3ria, alguma vez p\u00f4de contemplar&#8221;. Em seguida, ressoam outras palavras que ficar\u00e3o marcadas para sempre. &#8220;Quando regressarem \u00e0 casa, voc\u00eas encontrar\u00e3o seus filhos; fa\u00e7am uma car\u00edcia nas suas crian\u00e7as e digam: \u2018esta \u00e9 a car\u00edcia do Papa\u2019. Encontrar\u00e3o algumas l\u00e1grimas por enxugar. Fa\u00e7am alguma coisa, digam uma boa palavra. \u2018O Papa est\u00e1 conosco, especialmente nas horas tristes e de amargura\u2019&#8221;.<img class=\"loaded\" src=\"https:\/\/www.vaticannews.va\/content\/dam\/vaticannews\/multimedia\/2022\/09\/27\/19611011-Basilica-vaticana-Papa-Giovanni-XXIII-Apertura-Concilio-Vaticano-secondo-2.jpg\/_jcr_content\/renditions\/cq5dam.thumbnail.cropped.750.422.jpeg\" alt=\"Papa Jo\u00e3o XXIII durante o discurso de abertura\" data-original=\"\/content\/dam\/vaticannews\/multimedia\/2022\/09\/27\/19611011-Basilica-vaticana-Papa-Giovanni-XXIII-Apertura-Concilio-Vaticano-secondo-2.jpg\/_jcr_content\/renditions\/cq5dam.thumbnail.cropped.750.422.jpeg\" data-was-processed=\"true\" \/><\/p>\n<div>\n<div class=\"article__embed article__embed--unwrap article__embed--photo\">\n<div class=\"photo_embed--Title\"><em>Papa Jo\u00e3o XXIII durante o discurso de abertura<\/em><\/div>\n<\/div>\n<\/div>\n<h2><b>Os documentos do Conc\u00edlio<\/b><\/h2>\n<p>Os trabalhos do Conc\u00edlio Ecum\u00eanico Vaticano II foram articulados em quatro sess\u00f5es. Deste cap\u00edtulo fundamental da hist\u00f3ria da Igreja resultaram quatro Constitui\u00e7\u00f5es, nove Decretos e tr\u00eas Declara\u00e7\u00f5es. A Constitui\u00e7\u00e3o Dogm\u00e1tica sobre a Igreja \u00e9 o documento mais solene de todo o Conc\u00edlio. Abre-se com as palavras &#8220;Lumen gentium&#8221; (luz dos povos): &#8220;Mas porque a Igreja, em Cristo, \u00e9 como que o sacramento, ou sinal, e o instrumento da \u00edntima uni\u00e3o com Deus e da unidade de todo o g\u00eanero humano, pretende ela, na sequ\u00eancia dos anteriores Conc\u00edlios, p\u00f4r de manifesto com maior insist\u00eancia, aos fi\u00e9is e a todo o mundo, a sua natureza e miss\u00e3o universal. A Constitui\u00e7\u00e3o Dogm\u00e1tica sobre a Revela\u00e7\u00e3o Divina, que inicia com as palavras &#8216;Dei Verbum&#8217;, toca nos pr\u00f3prios fundamentos da f\u00e9 da Igreja: a palavra de Deus, a sua revela\u00e7\u00e3o e a sua transmiss\u00e3o. A Constitui\u00e7\u00e3o &#8216;Sacrosantum Concilium&#8217; delineia os princ\u00edpios gerais para a reforma e promo\u00e7\u00e3o da liturgia. A Constitui\u00e7\u00e3o sobre a Igreja no mundo contempor\u00e2neo consiste de uma primeira parte sobre a voca\u00e7\u00e3o do homem, e uma segunda parte sobre alguns problemas mais urgentes.<\/p>\n<h2><b>Os Papas e o Conc\u00edlio<\/b><\/h2>\n<p>&#8220;Um evento de gra\u00e7a para a Igreja e para o mundo&#8221;.\u00a0 Escreveu o Papa Francisco no pref\u00e1cio do livro intitulado &#8220;Jo\u00e3o XXIII. Vaticano II um Conc\u00edlio para o Mundo&#8221;. &#8220;Do Conc\u00edlio Ecum\u00eanico Vaticano II recebemos muito. Aprofundamos, por exemplo, a import\u00e2ncia do povo de Deus, categoria central nos textos conciliares, recordada at\u00e9 184 vezes, o que nos ajuda a compreender o fato de que a Igreja n\u00e3o \u00e9 uma elite de sacerdotes e consagrados e que cada batizado \u00e9 um sujeito ativo para a evangeliza\u00e7\u00e3o&#8221;. Para Bento XVI, o Conc\u00edlio Vaticano II foi um &#8220;novo Pentecostes&#8221;. Esper\u00e1vamos que tudo se renovasse&#8221;, disse aos sacerdotes de Roma em 14 de fevereiro de 2013, &#8220;que viria verdadeiramente um novo Pentecostes, uma nova era na Igreja (&#8230;) sentia-se que a Igreja n\u00e3o estava indo adiante, que se reduzia, que parecia uma realidade do passado e n\u00e3o a portadora do futuro&#8221;. E naquele momento, esper\u00e1vamos que esta rela\u00e7\u00e3o fosse renovada, que mudasse; que a Igreja fosse novamente uma for\u00e7a para amanh\u00e3 e uma for\u00e7a para hoje&#8221;. S\u00e3o Jo\u00e3o Paulo II em sua carta apost\u00f3lica\u00a0<i>Novo Millennio Ineunte<\/i>\u00a0chama o Conc\u00edlio de &#8220;a grande gra\u00e7a da qual a Igreja se beneficiou no s\u00e9culo XX: nele nos \u00e9 oferecida uma b\u00fassola segura para nos orientarmos no caminho do s\u00e9culo que agora come\u00e7a&#8221;.<\/p>\n<p>No encerramento do Conc\u00edlio, em 8 de dezembro de 1965, em sua &#8220;sauda\u00e7\u00e3o universal&#8221;, S\u00e3o Paulo VI enfatizou que &#8220;para a Igreja Cat\u00f3lica ningu\u00e9m \u00e9 estranho&#8221;: &#8220;Eis que esta \u00e9 a nossa sauda\u00e7\u00e3o&#8221;: Que ela acenda em nossos cora\u00e7\u00f5es esta nova centelha da divina caridade; uma centelha que pode incendiar os princ\u00edpios, doutrinas e proposi\u00e7\u00f5es que o Conc\u00edlio preparou e que, assim inflamada de caridade, possam realmente operar na Igreja e no mundo aquela renova\u00e7\u00e3o dos pensamentos, de atividade, dos costumes, da for\u00e7a moral e da alegria e esperan\u00e7a, que foi o pr\u00f3prio prop\u00f3sito do Conc\u00edlio&#8221;.<\/p>\n<hr \/>\n<h1 class=\"article__title\">S\u00ednodo: prolongar, na vida e miss\u00e3o da Igreja, o estilo do Conc\u00edlio Vaticano II<\/h1>\n<div class=\"article__text \">\n<p>Foi divulgada a mensagem da Secretaria Geral do S\u00ednodo para o 60\u00ba anivers\u00e1rio da abertura do Conc\u00edlio Ecum\u00eanico Vaticano II, celebrada na ter\u00e7a-feira, 11 de outubro.<\/p>\n<div>\n<div class=\"article__embed article__embed--unwrap article__embed--dark\">\n<div class=\"article__innerTitle\">&#8220;O 60\u00ba anivers\u00e1rio da abertura do Conc\u00edlio Vaticano II \u00e9 um momento de particular gra\u00e7a tamb\u00e9m para o S\u00ednodo, que representa um fruto daquela assembleia ecum\u00eanica, na verdade um dos \u00ablegados mais preciosos\u00bb. O Synodus Episcoporum, de fato, foi institu\u00eddo por S\u00e3o Paulo VI no in\u00edcio do quarto e \u00faltimo per\u00edodo do Conc\u00edlio (15 de setembro de 1965), indo ao encontro dos pedidos feitos por numerosos padres conciliares&#8221;, ressalta o texto, publicado nesta segunda-feira (10\/10).<\/div>\n<\/div>\n<\/div>\n<h2>Prolongar o estilo do Conc\u00edlio Vaticano II<\/h2>\n<p>&#8220;O objetivo do S\u00ednodo foi e continua sendo o de prolongar, na vida e miss\u00e3o da Igreja, o estilo do Conc\u00edlio Vaticano II, bem como fomentar no Povo de Deus a apropria\u00e7\u00e3o viva do seu ensino, na consci\u00eancia de que esse Conc\u00edlio representava \u00aba grande gra\u00e7a de que beneficiou a Igreja no s\u00e9culo XX\u00bb. Este objetivo est\u00e1 longe de estar cumprido, uma vez que a recep\u00e7\u00e3o do magist\u00e9rio conciliar \u00e9 um processo cont\u00ednuo, e em alguns aspectos ainda est\u00e1 no in\u00edcio.&#8221;<\/p>\n<p>Segundo a mensagem da Secretaria Geral do S\u00ednodo, &#8220;ao longo destas d\u00e9cadas, o S\u00ednodo tem-se colocado constantemente a servi\u00e7o do Conc\u00edlio, contribuindo por sua vez para renovar o rosto da Igreja, numa fidelidade cada vez mais profunda \u00e0 Sagrada Escritura e \u00e0 Tradi\u00e7\u00e3o viva e na escuta atenta dos sinais dos tempos. As suas Assembleias \u2013 Gerais Ordin\u00e1rias, Gerais Extraordin\u00e1rias e Especiais \u2013 foram todas permeadas, cada uma \u00e0 sua maneira, pela linfa vital do Conc\u00edlio, aprofundaram os ensinamentos, abriram potencialidades diante dos novos cen\u00e1rios, fomentaram a incultura\u00e7\u00e3o entre diferentes povos&#8221;.<\/p>\n<p>&#8220;O atual processo sinodal, dedicado \u00e0 \u00abSinodalidade na vida e miss\u00e3o da Igreja\u00bb, est\u00e1 tamb\u00e9m na esteira do Conc\u00edlio. A sinodalidade \u00e9 um tema do Conc\u00edlio, ainda que este termo, de cunhagem recente, n\u00e3o se encontre expressamente nos documentos da assembleia ecum\u00eanica. A carta magna do S\u00ednodo 2021-2023 \u00e9 a doutrina do Conc\u00edlio sobre a Igreja, em particular a sua teologia do Povo de Deus, um Povo que \u00abtem pela sua condi\u00e7\u00e3o a dignidade e liberdade dos filhos de Deus, em cujos cora\u00e7\u00f5es o Esp\u00edrito Santo habita como num templo\u00bb.&#8221;<\/p>\n<h2>Unidos em comunh\u00e3o pela \u00fanica f\u00e9<\/h2>\n<p>&#8220;Afinal, \u00abcomunh\u00e3o, participa\u00e7\u00e3o e miss\u00e3o\u00bb, termos que o Papa Francisco quis incluir no pr\u00f3prio t\u00edtulo do caminho sinodal, fazendo delas, por assim dizer, as palavras-chave, s\u00e3o palavras eminentemente conciliares. A Igreja que somos chamados a sonhar e a construir \u00e9 uma comunidade de mulheres e homens unidos em comunh\u00e3o pela \u00fanica f\u00e9, o batismo comum e a mesma Eucaristia, \u00e0 imagem de Deus Trindade: mulheres e homens que juntos, na diversidade dos minist\u00e9rios e carismas recebidos, participam ativamente no estabelecimento do Reino de Deus, com o anseio mission\u00e1rio de levar a todos o alegre testemunho de Cristo, o \u00fanico Salvador do mundo&#8221;, destaca a mensagem.<\/p>\n<p>Por fim, recorda-se no texto que &#8220;Bento XVI afirmava que \u00aba dimens\u00e3o sinodal \u00e9 constitutiva da Igreja: ela consiste na reuni\u00e3o de todos os povos e culturas para se tornarem um s\u00f3 em Cristo e caminharem juntos no seguimento, daquele que disse: \u201cEu sou o caminho, a verdade e a vida\u201d. No mesmo horizonte, o Papa Francisco, comemorando o 50\u00ba anivers\u00e1rio da institui\u00e7\u00e3o do S\u00ednodo, afirmou que o caminho da sinodalidade, \u00abdimens\u00e3o constitutiva da Igreja\u00bb, \u00ab\u00e9 o caminho que Deus espera da Igreja do terceiro mil\u00eanio\u00bb&#8221;.<\/p>\n<\/div>\n<hr \/>\n<p><em>Fonte: Vatican News (texto de Amedeo Lomonaco)<\/em><\/p>\n<\/div>\n","protected":false},"excerpt":{"rendered":"<p>Conc\u00edlio Vaticano II<\/p>\n","protected":false},"author":3,"featured_media":240101,"comment_status":"open","ping_status":"open","sticky":false,"template":"","format":"standard","meta":[],"categories":[1428],"tags":[1804],"acf":[],"yoast_head":"<!-- This site is optimized with the Yoast SEO plugin v19.2 - https:\/\/yoast.com\/wordpress\/plugins\/seo\/ -->\n<title>Sessenta anos atr\u00e1s o primeiro ato do Conc\u00edlio, porta da Igreja aberta para o mundo - Not\u00edcias - Franciscanos<\/title>\n<meta name=\"robots\" content=\"index, follow, max-snippet:-1, max-image-preview:large, max-video-preview:-1\" \/>\n<link rel=\"canonical\" href=\"https:\/\/franciscanos.org.br\/noticias\/sessenta-anos-atras-o-primeiro-ato-do-concilio-porta-da-igreja-aberta-para-o-mundo.html\" \/>\n<meta property=\"og:locale\" content=\"pt_BR\" \/>\n<meta property=\"og:type\" content=\"article\" \/>\n<meta property=\"og:title\" content=\"Sessenta anos atr\u00e1s o primeiro ato do Conc\u00edlio, porta da Igreja aberta para o mundo - Not\u00edcias - Franciscanos\" \/>\n<meta property=\"og:description\" content=\"Conc\u00edlio Vaticano II\" \/>\n<meta property=\"og:url\" content=\"https:\/\/franciscanos.org.br\/noticias\/sessenta-anos-atras-o-primeiro-ato-do-concilio-porta-da-igreja-aberta-para-o-mundo.html\" \/>\n<meta property=\"og:site_name\" content=\"Not\u00edcias - Franciscanos\" \/>\n<meta property=\"article:published_time\" content=\"2022-10-11T10:25:48+00:00\" \/>\n<meta property=\"article:modified_time\" content=\"2022-10-11T10:42:02+00:00\" \/>\n<meta property=\"og:image\" content=\"https:\/\/franciscanos.org.br\/noticias\/wp-content\/uploads\/2022\/10\/concilio.jpeg\" \/>\n\t<meta property=\"og:image:width\" content=\"1280\" \/>\n\t<meta property=\"og:image:height\" content=\"720\" \/>\n\t<meta property=\"og:image:type\" content=\"image\/jpeg\" \/>\n<meta name=\"author\" content=\"moacir\" \/>\n<meta name=\"twitter:card\" content=\"summary_large_image\" \/>\n<meta name=\"twitter:label1\" content=\"Escrito por\" \/>\n\t<meta name=\"twitter:data1\" content=\"moacir\" \/>\n\t<meta name=\"twitter:label2\" content=\"Est. tempo de leitura\" \/>\n\t<meta name=\"twitter:data2\" content=\"10 minutos\" \/>\n<script type=\"application\/ld+json\" class=\"yoast-schema-graph\">{\"@context\":\"https:\/\/schema.org\",\"@graph\":[{\"@type\":\"WebSite\",\"@id\":\"https:\/\/franciscanos.org.br\/noticias\/#website\",\"url\":\"https:\/\/franciscanos.org.br\/noticias\/\",\"name\":\"Not\u00edcias - Franciscanos\",\"description\":\"Prov\u00edncia Franciscana da Imaculada Concei\u00e7\u00e3o do Brasil - Ordem dos Frades Menores - OFM\",\"potentialAction\":[{\"@type\":\"SearchAction\",\"target\":{\"@type\":\"EntryPoint\",\"urlTemplate\":\"https:\/\/franciscanos.org.br\/noticias\/?s={search_term_string}\"},\"query-input\":\"required name=search_term_string\"}],\"inLanguage\":\"pt-BR\"},{\"@type\":\"ImageObject\",\"inLanguage\":\"pt-BR\",\"@id\":\"https:\/\/franciscanos.org.br\/noticias\/sessenta-anos-atras-o-primeiro-ato-do-concilio-porta-da-igreja-aberta-para-o-mundo.html#primaryimage\",\"url\":\"https:\/\/franciscanos.org.br\/noticias\/wp-content\/uploads\/2022\/10\/concilio.jpeg\",\"contentUrl\":\"https:\/\/franciscanos.org.br\/noticias\/wp-content\/uploads\/2022\/10\/concilio.jpeg\",\"width\":1280,\"height\":720},{\"@type\":\"WebPage\",\"@id\":\"https:\/\/franciscanos.org.br\/noticias\/sessenta-anos-atras-o-primeiro-ato-do-concilio-porta-da-igreja-aberta-para-o-mundo.html#webpage\",\"url\":\"https:\/\/franciscanos.org.br\/noticias\/sessenta-anos-atras-o-primeiro-ato-do-concilio-porta-da-igreja-aberta-para-o-mundo.html\",\"name\":\"Sessenta anos atr\u00e1s o primeiro ato do Conc\u00edlio, porta da Igreja aberta para o mundo - Not\u00edcias - Franciscanos\",\"isPartOf\":{\"@id\":\"https:\/\/franciscanos.org.br\/noticias\/#website\"},\"primaryImageOfPage\":{\"@id\":\"https:\/\/franciscanos.org.br\/noticias\/sessenta-anos-atras-o-primeiro-ato-do-concilio-porta-da-igreja-aberta-para-o-mundo.html#primaryimage\"},\"datePublished\":\"2022-10-11T10:25:48+00:00\",\"dateModified\":\"2022-10-11T10:42:02+00:00\",\"author\":{\"@id\":\"https:\/\/franciscanos.org.br\/noticias\/#\/schema\/person\/b5c8cba458c330ccff548b056e95a5d4\"},\"breadcrumb\":{\"@id\":\"https:\/\/franciscanos.org.br\/noticias\/sessenta-anos-atras-o-primeiro-ato-do-concilio-porta-da-igreja-aberta-para-o-mundo.html#breadcrumb\"},\"inLanguage\":\"pt-BR\",\"potentialAction\":[{\"@type\":\"ReadAction\",\"target\":[\"https:\/\/franciscanos.org.br\/noticias\/sessenta-anos-atras-o-primeiro-ato-do-concilio-porta-da-igreja-aberta-para-o-mundo.html\"]}]},{\"@type\":\"BreadcrumbList\",\"@id\":\"https:\/\/franciscanos.org.br\/noticias\/sessenta-anos-atras-o-primeiro-ato-do-concilio-porta-da-igreja-aberta-para-o-mundo.html#breadcrumb\",\"itemListElement\":[{\"@type\":\"ListItem\",\"position\":1,\"name\":\"Home\",\"item\":\"https:\/\/franciscanos.org.br\/noticias\"},{\"@type\":\"ListItem\",\"position\":2,\"name\":\"Sessenta anos atr\u00e1s o primeiro ato do Conc\u00edlio, porta da Igreja aberta para o mundo\"}]},{\"@type\":\"Person\",\"@id\":\"https:\/\/franciscanos.org.br\/noticias\/#\/schema\/person\/b5c8cba458c330ccff548b056e95a5d4\",\"name\":\"moacir\",\"image\":{\"@type\":\"ImageObject\",\"inLanguage\":\"pt-BR\",\"@id\":\"https:\/\/franciscanos.org.br\/noticias\/#\/schema\/person\/image\/\",\"url\":\"https:\/\/secure.gravatar.com\/avatar\/d08aa2ce4c8dd416d4479aa8536fcf64?s=96&d=mm&r=g\",\"contentUrl\":\"https:\/\/secure.gravatar.com\/avatar\/d08aa2ce4c8dd416d4479aa8536fcf64?s=96&d=mm&r=g\",\"caption\":\"moacir\"},\"url\":\"https:\/\/franciscanos.org.br\/noticias\/author\/moacir\"}]}<\/script>\n<!-- \/ Yoast SEO plugin. -->","yoast_head_json":{"title":"Sessenta anos atr\u00e1s o primeiro ato do Conc\u00edlio, porta da Igreja aberta para o mundo - Not\u00edcias - Franciscanos","robots":{"index":"index","follow":"follow","max-snippet":"max-snippet:-1","max-image-preview":"max-image-preview:large","max-video-preview":"max-video-preview:-1"},"canonical":"https:\/\/franciscanos.org.br\/noticias\/sessenta-anos-atras-o-primeiro-ato-do-concilio-porta-da-igreja-aberta-para-o-mundo.html","og_locale":"pt_BR","og_type":"article","og_title":"Sessenta anos atr\u00e1s o primeiro ato do Conc\u00edlio, porta da Igreja aberta para o mundo - Not\u00edcias - Franciscanos","og_description":"Conc\u00edlio Vaticano II","og_url":"https:\/\/franciscanos.org.br\/noticias\/sessenta-anos-atras-o-primeiro-ato-do-concilio-porta-da-igreja-aberta-para-o-mundo.html","og_site_name":"Not\u00edcias - Franciscanos","article_published_time":"2022-10-11T10:25:48+00:00","article_modified_time":"2022-10-11T10:42:02+00:00","og_image":[{"width":1280,"height":720,"url":"https:\/\/franciscanos.org.br\/noticias\/wp-content\/uploads\/2022\/10\/concilio.jpeg","type":"image\/jpeg"}],"author":"moacir","twitter_card":"summary_large_image","twitter_misc":{"Escrito por":"moacir","Est. tempo de leitura":"10 minutos"},"schema":{"@context":"https:\/\/schema.org","@graph":[{"@type":"WebSite","@id":"https:\/\/franciscanos.org.br\/noticias\/#website","url":"https:\/\/franciscanos.org.br\/noticias\/","name":"Not\u00edcias - Franciscanos","description":"Prov\u00edncia Franciscana da Imaculada Concei\u00e7\u00e3o do Brasil - Ordem dos Frades Menores - OFM","potentialAction":[{"@type":"SearchAction","target":{"@type":"EntryPoint","urlTemplate":"https:\/\/franciscanos.org.br\/noticias\/?s={search_term_string}"},"query-input":"required name=search_term_string"}],"inLanguage":"pt-BR"},{"@type":"ImageObject","inLanguage":"pt-BR","@id":"https:\/\/franciscanos.org.br\/noticias\/sessenta-anos-atras-o-primeiro-ato-do-concilio-porta-da-igreja-aberta-para-o-mundo.html#primaryimage","url":"https:\/\/franciscanos.org.br\/noticias\/wp-content\/uploads\/2022\/10\/concilio.jpeg","contentUrl":"https:\/\/franciscanos.org.br\/noticias\/wp-content\/uploads\/2022\/10\/concilio.jpeg","width":1280,"height":720},{"@type":"WebPage","@id":"https:\/\/franciscanos.org.br\/noticias\/sessenta-anos-atras-o-primeiro-ato-do-concilio-porta-da-igreja-aberta-para-o-mundo.html#webpage","url":"https:\/\/franciscanos.org.br\/noticias\/sessenta-anos-atras-o-primeiro-ato-do-concilio-porta-da-igreja-aberta-para-o-mundo.html","name":"Sessenta anos atr\u00e1s o primeiro ato do Conc\u00edlio, porta da Igreja aberta para o mundo - Not\u00edcias - Franciscanos","isPartOf":{"@id":"https:\/\/franciscanos.org.br\/noticias\/#website"},"primaryImageOfPage":{"@id":"https:\/\/franciscanos.org.br\/noticias\/sessenta-anos-atras-o-primeiro-ato-do-concilio-porta-da-igreja-aberta-para-o-mundo.html#primaryimage"},"datePublished":"2022-10-11T10:25:48+00:00","dateModified":"2022-10-11T10:42:02+00:00","author":{"@id":"https:\/\/franciscanos.org.br\/noticias\/#\/schema\/person\/b5c8cba458c330ccff548b056e95a5d4"},"breadcrumb":{"@id":"https:\/\/franciscanos.org.br\/noticias\/sessenta-anos-atras-o-primeiro-ato-do-concilio-porta-da-igreja-aberta-para-o-mundo.html#breadcrumb"},"inLanguage":"pt-BR","potentialAction":[{"@type":"ReadAction","target":["https:\/\/franciscanos.org.br\/noticias\/sessenta-anos-atras-o-primeiro-ato-do-concilio-porta-da-igreja-aberta-para-o-mundo.html"]}]},{"@type":"BreadcrumbList","@id":"https:\/\/franciscanos.org.br\/noticias\/sessenta-anos-atras-o-primeiro-ato-do-concilio-porta-da-igreja-aberta-para-o-mundo.html#breadcrumb","itemListElement":[{"@type":"ListItem","position":1,"name":"Home","item":"https:\/\/franciscanos.org.br\/noticias"},{"@type":"ListItem","position":2,"name":"Sessenta anos atr\u00e1s o primeiro ato do Conc\u00edlio, porta da Igreja aberta para o mundo"}]},{"@type":"Person","@id":"https:\/\/franciscanos.org.br\/noticias\/#\/schema\/person\/b5c8cba458c330ccff548b056e95a5d4","name":"moacir","image":{"@type":"ImageObject","inLanguage":"pt-BR","@id":"https:\/\/franciscanos.org.br\/noticias\/#\/schema\/person\/image\/","url":"https:\/\/secure.gravatar.com\/avatar\/d08aa2ce4c8dd416d4479aa8536fcf64?s=96&d=mm&r=g","contentUrl":"https:\/\/secure.gravatar.com\/avatar\/d08aa2ce4c8dd416d4479aa8536fcf64?s=96&d=mm&r=g","caption":"moacir"},"url":"https:\/\/franciscanos.org.br\/noticias\/author\/moacir"}]}},"_links":{"self":[{"href":"https:\/\/franciscanos.org.br\/noticias\/wp-json\/wp\/v2\/posts\/240100"}],"collection":[{"href":"https:\/\/franciscanos.org.br\/noticias\/wp-json\/wp\/v2\/posts"}],"about":[{"href":"https:\/\/franciscanos.org.br\/noticias\/wp-json\/wp\/v2\/types\/post"}],"author":[{"embeddable":true,"href":"https:\/\/franciscanos.org.br\/noticias\/wp-json\/wp\/v2\/users\/3"}],"replies":[{"embeddable":true,"href":"https:\/\/franciscanos.org.br\/noticias\/wp-json\/wp\/v2\/comments?post=240100"}],"version-history":[{"count":4,"href":"https:\/\/franciscanos.org.br\/noticias\/wp-json\/wp\/v2\/posts\/240100\/revisions"}],"predecessor-version":[{"id":240105,"href":"https:\/\/franciscanos.org.br\/noticias\/wp-json\/wp\/v2\/posts\/240100\/revisions\/240105"}],"wp:featuredmedia":[{"embeddable":true,"href":"https:\/\/franciscanos.org.br\/noticias\/wp-json\/wp\/v2\/media\/240101"}],"wp:attachment":[{"href":"https:\/\/franciscanos.org.br\/noticias\/wp-json\/wp\/v2\/media?parent=240100"}],"wp:term":[{"taxonomy":"category","embeddable":true,"href":"https:\/\/franciscanos.org.br\/noticias\/wp-json\/wp\/v2\/categories?post=240100"},{"taxonomy":"post_tag","embeddable":true,"href":"https:\/\/franciscanos.org.br\/noticias\/wp-json\/wp\/v2\/tags?post=240100"}],"curies":[{"name":"wp","href":"https:\/\/api.w.org\/{rel}","templated":true}]}}