{"id":240086,"date":"2022-10-07T17:59:28","date_gmt":"2022-10-07T20:59:28","guid":{"rendered":"https:\/\/franciscanos.org.br\/noticias\/?p=240086"},"modified":"2022-10-09T07:03:25","modified_gmt":"2022-10-09T10:03:25","slug":"vila-velha-paroquia-do-rosario-celebra-segundo-dia-do-triduo","status":"publish","type":"post","link":"https:\/\/franciscanos.org.br\/noticias\/vila-velha-paroquia-do-rosario-celebra-segundo-dia-do-triduo.html","title":{"rendered":"Vila Velha: Par\u00f3quia do Ros\u00e1rio celebra segundo dia do Tr\u00edduo"},"content":{"rendered":"<p><img loading=\"lazy\" class=\"alignnone wp-image-240087 size-full\" src=\"https:\/\/franciscanos.org.br\/noticias\/wp-content\/uploads\/2022\/10\/rosario_910.jpg\" alt=\"\" width=\"1024\" height=\"674\" srcset=\"https:\/\/franciscanos.org.br\/noticias\/wp-content\/uploads\/2022\/10\/rosario_910.jpg 1024w, https:\/\/franciscanos.org.br\/noticias\/wp-content\/uploads\/2022\/10\/rosario_910-450x296.jpg 450w, https:\/\/franciscanos.org.br\/noticias\/wp-content\/uploads\/2022\/10\/rosario_910-768x506.jpg 768w, https:\/\/franciscanos.org.br\/noticias\/wp-content\/uploads\/2022\/10\/rosario_910-150x99.jpg 150w\" sizes=\"(max-width: 1024px) 100vw, 1024px\" \/><\/p>\n<p>Com alegria, a comunidade de f\u00e9 se encontrou para celebrar o segundo dia do Tr\u00edduo em prepara\u00e7\u00e3o a Festa de Nossa Senhora do Ros\u00e1rio, Padroeira da Par\u00f3quia e do Munic\u00edpio de Vila Velha, nesta sexta-feira. Deus, por interm\u00e9dio de Maria, tem muito a nos dizer e oferecer neste dia.<\/p>\n<p>Neste ano, a Festa de Nossa Padroeira, a Senhora do Ros\u00e1rio, tem como tema central: Maria nos tempos dif\u00edceis.<\/p>\n<p>Maria nos ensina a sermos fortes e n\u00e3o desesperarmos diante das tribula\u00e7\u00f5es e dificuldades da vida. Ensina-nos, ainda, a sermos servos fi\u00e9is, acolhendo com f\u00e9, humildade e esperan\u00e7a a vontade de Deus na certeza de que Ele nos ouve.<\/p>\n<p>Celebrando o 2\u00ba dia do Tr\u00edduo, meditamos tr\u00eas momentos vividos por Nossa Senhora: a Perda e procura do Filho\/ O mist\u00e9rio da miss\u00e3o do Filho\/ a Solid\u00e3o de Maria ap\u00f3s a morte de Jos\u00e9 e sa\u00edda do Filho.<\/p>\n<p>Logo no in\u00edcio da celebra\u00e7\u00e3o a imagem foi entronizada dizendo: \u201cMaria, Senhora do Ros\u00e1rio, M\u00e3e que traz no rosto e no cora\u00e7\u00e3o os tra\u00e7os de seus filhos e filhas. \u00c9 a m\u00e3e de todos n\u00f3s! Ao se revestir de nossa hist\u00f3ria e de nossa dor, nossa Senhora se torna sinal de esperan\u00e7a, pois sua presen\u00e7a de m\u00e3e \u00e9 a certeza de que o amor de Deus liberta a vida dos seus filhos e filhas\u201d, e cantando o hino da Padroeira.<\/p>\n<p>A missa foi presidida por frei Clar\u00eancio Neotti e, ao final o grupo de &#8220;M\u00e3es que oram pelos filhos&#8221; realizou o momento devocional em homenagem a Nossa Senhora do Ros\u00e1rio.<\/p>\n<p>Como de costume, foram vendidas del\u00edcias nas barraquinhas com o t\u00e9rmino da missa. Neste s\u00e1bado, no \u00faltimo dia do Tr\u00edduo, a missa ser\u00e1 \u00e0s 18 horas e logo depois show com a banda do ex\u00e9rcito e muitos quitutes!<\/p>\n<hr \/>\n<div class=\"elementor-element elementor-element-238d8928 elementor-widget elementor-widget-theme-post-title elementor-page-title elementor-widget-heading\" data-id=\"238d8928\" data-element_type=\"widget\" data-widget_type=\"theme-post-title.default\">\n<div class=\"elementor-widget-container\">\n<h2 class=\"elementor-heading-title elementor-size-default\">Festa de Nossa Senhora do Ros\u00e1rio, padroeira de Vila Velha<br \/>\n<img loading=\"lazy\" class=\"attachment-large size-large\" style=\"font-size: 16px;\" src=\"https:\/\/cdn.paroquiadorosario.com\/wp-content\/uploads\/2022\/10\/Nossa-Senhora-do-Rosario-Capa-de-Materia-1536x768-1-1-1024x512.png\" sizes=\"(max-width: 900px) 100vw, 900px\" srcset=\"https:\/\/cdn.paroquiadorosario.com\/wp-content\/uploads\/2022\/10\/Nossa-Senhora-do-Rosario-Capa-de-Materia-1536x768-1-1-1024x512.png 1024w, https:\/\/cdn.paroquiadorosario.com\/wp-content\/uploads\/2022\/10\/Nossa-Senhora-do-Rosario-Capa-de-Materia-1536x768-1-1-300x150.png 300w, https:\/\/cdn.paroquiadorosario.com\/wp-content\/uploads\/2022\/10\/Nossa-Senhora-do-Rosario-Capa-de-Materia-1536x768-1-1-768x384.png 768w, https:\/\/cdn.paroquiadorosario.com\/wp-content\/uploads\/2022\/10\/Nossa-Senhora-do-Rosario-Capa-de-Materia-1536x768-1-1.png 1536w\" alt=\"\" width=\"900\" height=\"450\" \/><\/h2>\n<\/div>\n<\/div>\n<div class=\"elementor-element elementor-element-295c202d elementor-widget elementor-widget-theme-post-content\" data-id=\"295c202d\" data-element_type=\"widget\" data-widget_type=\"theme-post-content.default\">\n<div class=\"elementor-widget-container\">\n<p>Neste dia 07 de outubro, celebramos a Festa da Padroeira do Munic\u00edpio de Vila Velha, Nossa Senhora do Ros\u00e1rio. A devo\u00e7\u00e3o crist\u00e3 \u00e0 Nossa Senhora do Ros\u00e1rio se deu a partir do ano de 1208, a festa que at\u00e9 ent\u00e3o era apenas uma devo\u00e7\u00e3o, tornou-se uma solenidade lit\u00fargica reconhecida e institu\u00edda pelo Papa Pio V em 1571. Maria apareceu a S\u00e3o Domingos e indicou-lhe o Ros\u00e1rio como potente arma para a convers\u00e3o.<\/p>\n<p>Por interm\u00e9dio de Nossa Senhora, os crist\u00e3os sa\u00edram vitoriosos na batalha naval de Lepanto. Nesta batalha os crist\u00e3os cat\u00f3licos, em meio a recita\u00e7\u00e3o do Ros\u00e1rio, resistiram aos ataques dos turcos otomanos vencendo-os em combate.<\/p>\n<p><img loading=\"lazy\" class=\"aligncenter size-full wp-image-96361\" src=\"https:\/\/cdn.conventodapenha.org.br\/wp-content\/uploads\/2020\/10\/07113218\/DSC_7559-scaled.jpg\" sizes=\"(max-width: 2560px) 100vw, 2560px\" srcset=\"https:\/\/cdn.conventodapenha.org.br\/wp-content\/uploads\/2020\/10\/07113218\/DSC_7559-scaled.jpg 2560w, https:\/\/cdn.conventodapenha.org.br\/wp-content\/uploads\/2020\/10\/07113218\/DSC_7559-300x200.jpg 300w, https:\/\/cdn.conventodapenha.org.br\/wp-content\/uploads\/2020\/10\/07113218\/DSC_7559-1024x683.jpg 1024w, https:\/\/cdn.conventodapenha.org.br\/wp-content\/uploads\/2020\/10\/07113218\/DSC_7559-768x512.jpg 768w, https:\/\/cdn.conventodapenha.org.br\/wp-content\/uploads\/2020\/10\/07113218\/DSC_7559-391x260.jpg 391w, https:\/\/cdn.conventodapenha.org.br\/wp-content\/uploads\/2020\/10\/07113218\/DSC_7559-1536x1024.jpg 1536w, https:\/\/cdn.conventodapenha.org.br\/wp-content\/uploads\/2020\/10\/07113218\/DSC_7559-2048x1365.jpg 2048w\" alt=\"\" width=\"2560\" height=\"1707\" \/><\/p>\n<h3><strong>A devo\u00e7\u00e3o de Nossa Senhora do Ros\u00e1rio<\/strong><\/h3>\n<p>S\u00e3o Domingos de Gusm\u00e3o, fundador da Ordem dos Dominicanos, foi o grande propagador do Ros\u00e1rio no in\u00edcio do s\u00e9culo XIII. A Igreja lhe conferiu o t\u00edtulo de\u00a0<em><strong>Ap\u00f3stolo do Santo Ros\u00e1rio<\/strong><\/em>. Naquela \u00e9poca havia muitos hereges que desviavam os fi\u00e9is da Igreja Cat\u00f3lica. S\u00e3o Domingos, com a pr\u00e1tica da ora\u00e7\u00e3o do Ros\u00e1rio, a pedido de Nossa Senhora, come\u00e7ou a combater as heresias dos Albingenses, que crescia vertiginosamente na Fran\u00e7a.<\/p>\n<p>O Papa mandou v\u00e1rios mission\u00e1rios para combater os hereges, mas nada conseguiram. Somente\u00a0<strong>S\u00e3o Domingos<\/strong>, com a cria\u00e7\u00e3o de sua ordem e com a insistente ora\u00e7\u00e3o do Ros\u00e1rio, \u00e9 que conseguiu acabar com esses hereges. S\u00e3o Domingos dizia que em todas as ora\u00e7\u00f5es do Ros\u00e1rio pedia a intercess\u00e3o de Maria Sant\u00edssima para converter os hereges e com o passar dos anos conseguiu.<\/p>\n<p>Na apari\u00e7\u00e3o de Maria \u00e0 S\u00e3o Domingos, ele recebeu a indica\u00e7\u00e3o do Ros\u00e1rio como potente arma para a convers\u00e3o:\u00a0<i>\u201cQuero que saiba que, a principal pe\u00e7a de combate, tem sido sempre o Salt\u00e9rio Ang\u00e9lico (Ros\u00e1rio) que \u00e9 a pedra fundamental do Novo Testamento. Assim quero que alcances estas almas endurecidas e as conquiste para Deus, com a ora\u00e7\u00e3o do meu Salt\u00e9rio\u201d.<\/i><\/p>\n<p>Essa devo\u00e7\u00e3o, propagada principalmente pelos filhos de S\u00e3o Domingos, recebe da Igreja a melhor aprova\u00e7\u00e3o e foi enriquecida por muitas indulg\u00eancias. Essa coroa de 200 rosas \u2013 por isso Ros\u00e1rio \u2013 \u00e9 rezado praticamente em todas as l\u00ednguas, e o saudoso Papa Jo\u00e3o Paulo II e tantos outros Papas que o precederam recomendaram esta singela e poderosa ora\u00e7\u00e3o, com a qual, por intercess\u00e3o da Virgem Maria, alcan\u00e7amos muitas gra\u00e7as de Jesus, como nos ensina a pr\u00f3pria Virgem Sant\u00edssima em todas as suas apari\u00e7\u00f5es.<\/p>\n<p>A celebra\u00e7\u00e3o de hoje convida-nos \u00e0 medita\u00e7\u00e3o dos Mist\u00e9rios de Cristo, os quais nos guiam \u00e0 Encarna\u00e7\u00e3o, Paix\u00e3o, Morte e Ressurrei\u00e7\u00e3o do Filho de Deus.<\/p>\n<p>A origem do Ros\u00e1rio \u00e9 muito antiga, pois conta-se que os monges anacoretas usavam pedrinhas para contar o n\u00famero das ora\u00e7\u00f5es vocais. Desta forma, nos conventos medievais, os irm\u00e3os leigos dispensados da recita\u00e7\u00e3o do Salt\u00e9rio (pela pouca familiaridade com o latim), completavam suas pr\u00e1ticas de piedade com a recita\u00e7\u00e3o de Pai-Nossos e, para a contagem, o Doutor da Igreja S\u00e3o Beda, o Vener\u00e1vel (s\u00e9c. VII-VIII), havia sugerido a ado\u00e7\u00e3o de v\u00e1rios gr\u00e3os enfiados em um barbante.<i><\/i><\/p>\n<h3><strong>Igreja de Nossa Senhora do Ros\u00e1rio na Prainha, a mais antiga do Brasil ainda em atividade<\/strong><\/h3>\n<p><img loading=\"lazy\" class=\"aligncenter wp-image-67955 size-large\" src=\"https:\/\/cdn.conventodapenha.org.br\/wp-content\/uploads\/2018\/10\/04151718\/igreja3-1024x576.jpg\" sizes=\"(max-width: 1024px) 100vw, 1024px\" srcset=\"https:\/\/cdn.conventodapenha.org.br\/wp-content\/uploads\/2018\/10\/04151718\/igreja3-1024x576.jpg 1024w, https:\/\/cdn.conventodapenha.org.br\/wp-content\/uploads\/2018\/10\/04151718\/igreja3-300x168.jpg 300w, https:\/\/cdn.conventodapenha.org.br\/wp-content\/uploads\/2018\/10\/04151718\/igreja3-768x432.jpg 768w, https:\/\/cdn.conventodapenha.org.br\/wp-content\/uploads\/2018\/10\/04151718\/igreja3-1080x608.jpg 1080w, https:\/\/cdn.conventodapenha.org.br\/wp-content\/uploads\/2018\/10\/04151718\/igreja3-990x557.jpg 990w, https:\/\/cdn.conventodapenha.org.br\/wp-content\/uploads\/2018\/10\/04151718\/igreja3-1320x743.jpg 1320w, https:\/\/cdn.conventodapenha.org.br\/wp-content\/uploads\/2018\/10\/04151718\/igreja3-470x264.jpg 470w, https:\/\/cdn.conventodapenha.org.br\/wp-content\/uploads\/2018\/10\/04151718\/igreja3-640x360.jpg 640w, https:\/\/cdn.conventodapenha.org.br\/wp-content\/uploads\/2018\/10\/04151718\/igreja3-215x120.jpg 215w, https:\/\/cdn.conventodapenha.org.br\/wp-content\/uploads\/2018\/10\/04151718\/igreja3-414x232.jpg 414w, https:\/\/cdn.conventodapenha.org.br\/wp-content\/uploads\/2018\/10\/04151718\/igreja3.jpg 1920w\" alt=\"\" width=\"1024\" height=\"576\" \/><\/p>\n<p><img loading=\"lazy\" class=\"aligncenter wp-image-67956 size-large\" src=\"https:\/\/cdn.conventodapenha.org.br\/wp-content\/uploads\/2018\/10\/04151715\/igreja2-1024x576.jpg\" sizes=\"(max-width: 1024px) 100vw, 1024px\" srcset=\"https:\/\/cdn.conventodapenha.org.br\/wp-content\/uploads\/2018\/10\/04151715\/igreja2-1024x576.jpg 1024w, https:\/\/cdn.conventodapenha.org.br\/wp-content\/uploads\/2018\/10\/04151715\/igreja2-300x168.jpg 300w, https:\/\/cdn.conventodapenha.org.br\/wp-content\/uploads\/2018\/10\/04151715\/igreja2-768x432.jpg 768w, https:\/\/cdn.conventodapenha.org.br\/wp-content\/uploads\/2018\/10\/04151715\/igreja2-1080x608.jpg 1080w, https:\/\/cdn.conventodapenha.org.br\/wp-content\/uploads\/2018\/10\/04151715\/igreja2-990x557.jpg 990w, https:\/\/cdn.conventodapenha.org.br\/wp-content\/uploads\/2018\/10\/04151715\/igreja2-1320x743.jpg 1320w, https:\/\/cdn.conventodapenha.org.br\/wp-content\/uploads\/2018\/10\/04151715\/igreja2-470x264.jpg 470w, https:\/\/cdn.conventodapenha.org.br\/wp-content\/uploads\/2018\/10\/04151715\/igreja2-640x360.jpg 640w, https:\/\/cdn.conventodapenha.org.br\/wp-content\/uploads\/2018\/10\/04151715\/igreja2-215x120.jpg 215w, https:\/\/cdn.conventodapenha.org.br\/wp-content\/uploads\/2018\/10\/04151715\/igreja2-414x232.jpg 414w, https:\/\/cdn.conventodapenha.org.br\/wp-content\/uploads\/2018\/10\/04151715\/igreja2.jpg 1920w\" alt=\"\" width=\"1024\" height=\"576\" \/><\/p>\n<p>A Igreja est\u00e1 localizada no S\u00edtio Hist\u00f3rico da Prainha, Vila Velha, edificada na Capitania do Esp\u00edrito Santo e foi constru\u00edda pelo seu primeiro donat\u00e1rio, Vasco Fernandes Coutinho, em 1535. Ela \u00e9 um marco da coloniza\u00e7\u00e3o do solo Esp\u00edrito-Santense, onde primeiro come\u00e7ou e se desenvolveu a hist\u00f3ria do Estado do Esp\u00edrito Santo. Foi tombada como Patrim\u00f4nio Hist\u00f3rico pelo IPHAN e \u00e9 a Igreja mais antiga ainda em atividade no Brasil. Atualmente ela pertence \u00e0 Par\u00f3quia Nossa Senhora do Ros\u00e1rio, com sede no Santu\u00e1rio Divino Esp\u00edrito Santo, no Centro da cidade.<\/p>\n<p><img loading=\"lazy\" class=\"aligncenter size-full wp-image-96353\" src=\"https:\/\/cdn.conventodapenha.org.br\/wp-content\/uploads\/2020\/10\/07113005\/DSC_7488-scaled.jpg\" sizes=\"(max-width: 2560px) 100vw, 2560px\" srcset=\"https:\/\/cdn.conventodapenha.org.br\/wp-content\/uploads\/2020\/10\/07113005\/DSC_7488-scaled.jpg 2560w, https:\/\/cdn.conventodapenha.org.br\/wp-content\/uploads\/2020\/10\/07113005\/DSC_7488-300x200.jpg 300w, https:\/\/cdn.conventodapenha.org.br\/wp-content\/uploads\/2020\/10\/07113005\/DSC_7488-1024x683.jpg 1024w, https:\/\/cdn.conventodapenha.org.br\/wp-content\/uploads\/2020\/10\/07113005\/DSC_7488-768x512.jpg 768w, https:\/\/cdn.conventodapenha.org.br\/wp-content\/uploads\/2020\/10\/07113005\/DSC_7488-391x260.jpg 391w, https:\/\/cdn.conventodapenha.org.br\/wp-content\/uploads\/2020\/10\/07113005\/DSC_7488-1536x1024.jpg 1536w, https:\/\/cdn.conventodapenha.org.br\/wp-content\/uploads\/2020\/10\/07113005\/DSC_7488-2048x1365.jpg 2048w\" alt=\"\" width=\"2560\" height=\"1707\" \/><\/p>\n<h4><strong>Nossa Senhora do Ros\u00e1rio, a Padroeira de Vila Velha<\/strong><\/h4>\n<p>Nossa Senhora do Ros\u00e1rio foi declarada padroeira do munic\u00edpio de Vila Velha no dia 24 de setembro de 2015, conforme a Lei 5.652 de autoria do vereador Joel Rangel, aprovada pela C\u00e2mara Municipal e sancionada pelo ent\u00e3o prefeito Rodney Miranda. Desde ent\u00e3o, todo dia 07 de outubro \u00e9 comemorado o dia da padroeira da cidade Canela-Verde e faz parte do calend\u00e1rio municipal.\u00a0Nossa Senhora do Ros\u00e1rio passou a ser, oficialmente, a Santa que guarda, aben\u00e7oa e ama a cidade.<\/p>\n<p><img loading=\"lazy\" class=\"aligncenter wp-image-67954 size-full\" src=\"https:\/\/cdn.conventodapenha.org.br\/wp-content\/uploads\/2018\/10\/04151722\/Lei-de-Nossa-Senhora-do-Ros%C3%A1rio.png\" sizes=\"(max-width: 1007px) 100vw, 1007px\" srcset=\"https:\/\/cdn.conventodapenha.org.br\/wp-content\/uploads\/2018\/10\/04151722\/Lei-de-Nossa-Senhora-do-Ros%C3%A1rio.png 1007w, https:\/\/cdn.conventodapenha.org.br\/wp-content\/uploads\/2018\/10\/04151722\/Lei-de-Nossa-Senhora-do-Ros%C3%A1rio-300x150.png 300w, https:\/\/cdn.conventodapenha.org.br\/wp-content\/uploads\/2018\/10\/04151722\/Lei-de-Nossa-Senhora-do-Ros%C3%A1rio-768x383.png 768w, https:\/\/cdn.conventodapenha.org.br\/wp-content\/uploads\/2018\/10\/04151722\/Lei-de-Nossa-Senhora-do-Ros%C3%A1rio-990x494.png 990w\" alt=\"\" width=\"1007\" height=\"502\" \/><\/p>\n<h3><strong>Ros\u00e1rio de Nossa Senhora<\/strong><\/h3>\n<p>A palavra Ros\u00e1rio quer dizer um tanto de rosas, um buqu\u00ea de rosas que se oferece a Nossa Senhora. Cada\u00a0<strong>Ave Maria<\/strong>\u00a0\u00e9 uma rosa que oferecemos \u00e0 M\u00e3e, com carinho e esperan\u00e7a. Assim, quando rezamos o\u00a0<strong>Santo Ros\u00e1rio\u00a0<\/strong>completo, oferecemos um buqu\u00ea de duzentas rosas a Nossa Senhora.<\/p>\n<h3><strong>Jo\u00e3o Paulo II, o Papa de Nossa Senhora do Ros\u00e1rio<\/strong><\/h3>\n<p>Jo\u00e3o Paulo II dedicou todo o seu Pontificado a Maria Sant\u00edssima. Ele declarou logo no primeiro dia de seu pontificado: Totus tuus Mariae (Tudo \u00e9 de Maria). A devo\u00e7\u00e3o a Nossa Senhora do Ros\u00e1rio foi amplamente difundida e divulgada. Ele acrescentou mais um conjunto de Mist\u00e9rios ao Ros\u00e1rio \u2013 os Mist\u00e9rios Luminosos \u2013 em uma Enc\u00edclica que escreveu sobre o Santo Ros\u00e1rio.<\/p>\n<h3><b>A Coroa Franciscana<\/b><\/h3>\n<p>Outra bela devo\u00e7\u00e3o mariana que se desenvolveu no seio da Ordem Franciscana \u00e9 a Coroa Franciscana das Sete Alegrias da Sant\u00edssima Virgem.<\/p>\n<p>Em 1442, no tempo de S\u00e3o Bernardino de Siena, se difundiu a not\u00edcia de uma apari\u00e7\u00e3o da Virgem a um novi\u00e7o franciscano. Este, desde pequeno, tinha o costume de oferecer \u00e0 bem-aventurada Virgem uma coroa de rosas. Quando ingressou entre os Irm\u00e3os Menores, sua maior dor foi a de n\u00e3o poder seguir oferecendo \u00e0 Sant\u00edssima Virgem esta oferenda de flores. Sua ang\u00fastia chegou a tal ponto que decidiu abandonar a Ordem Ser\u00e1fica. A Virgem apareceu para consol\u00e1-lo e lhe indicou outra oferenda di\u00e1ria que lhe seria mais agrad\u00e1vel. Sugeriu-lhe recitar a cada dia sete dezenas de Ave Marias intercaladas com a medita\u00e7\u00e3o de sete mist\u00e9rios gozosos que ela viveu em sua exist\u00eancia. Desta maneira teve origem a coroa franciscana, Ros\u00e1rio das sete alegrias.<\/p>\n<p><img loading=\"lazy\" class=\"aligncenter size-full wp-image-96359\" src=\"https:\/\/cdn.conventodapenha.org.br\/wp-content\/uploads\/2020\/10\/07113146\/DSC_7527-scaled.jpg\" sizes=\"(max-width: 2560px) 100vw, 2560px\" srcset=\"https:\/\/cdn.conventodapenha.org.br\/wp-content\/uploads\/2020\/10\/07113146\/DSC_7527-scaled.jpg 2560w, https:\/\/cdn.conventodapenha.org.br\/wp-content\/uploads\/2020\/10\/07113146\/DSC_7527-300x200.jpg 300w, https:\/\/cdn.conventodapenha.org.br\/wp-content\/uploads\/2020\/10\/07113146\/DSC_7527-1024x683.jpg 1024w, https:\/\/cdn.conventodapenha.org.br\/wp-content\/uploads\/2020\/10\/07113146\/DSC_7527-768x512.jpg 768w, https:\/\/cdn.conventodapenha.org.br\/wp-content\/uploads\/2020\/10\/07113146\/DSC_7527-391x260.jpg 391w, https:\/\/cdn.conventodapenha.org.br\/wp-content\/uploads\/2020\/10\/07113146\/DSC_7527-1536x1024.jpg 1536w, https:\/\/cdn.conventodapenha.org.br\/wp-content\/uploads\/2020\/10\/07113146\/DSC_7527-2048x1365.jpg 2048w\" alt=\"\" width=\"2560\" height=\"1707\" \/><\/p>\n<p>S\u00e3o Bernardino de Sena foi um dos primeiros a praticar e difundir esta devo\u00e7\u00e3o, que para ele era fonte de grandes favores. Um dia enquanto recitava esta coroa apareceu-lhe a Sant\u00edssima Virgem e com inef\u00e1vel do\u00e7ura lhe disse que gostava muito desta devo\u00e7\u00e3o e o recompensava com milagres para converter os pecadores: \u201cTe prometo fazer-te part\u00edcipe de minha felicidade no para\u00edso\u201d. A coroa franciscana medita os sete gozos de Maria: a anuncia\u00e7\u00e3o, a visita a Santa Isabel, o nascimento de Jesus em Bel\u00e9m, a adora\u00e7\u00e3o dos Magos, a apresenta\u00e7\u00e3o de Jesus no templo e a manifesta\u00e7\u00e3o de sua divindade entre os doutores do templo, a ressurrei\u00e7\u00e3o de Jesus e sua apari\u00e7\u00e3o \u00e0 Virgem, a vinda do Esp\u00edrito Santo, a Assun\u00e7\u00e3o de Maria em corpo e alma ao c\u00e9u, e a coroa\u00e7\u00e3o de Maria como rainha do c\u00e9u e da terra, medianeira de gra\u00e7as, m\u00e3e da Igreja e soberana do Universo.<\/p>\n<h3><strong>Contempla\u00e7\u00e3o dos Mist\u00e9rios do Ros\u00e1rio<\/strong><\/h3>\n<p>O Santo Ros\u00e1rio \u00e9 dividido em quatro conjuntos de mist\u00e9rios, onde contemplamos os momentos da vida de Jesus e de Maria. Os quatro conjuntos de Mist\u00e9rios s\u00e3o:<\/p>\n<p><img loading=\"lazy\" class=\"alignright\" src=\"https:\/\/img.elo7.com.br\/product\/zoom\/F1286C\/adesivo-decorativo-rosario-maria-racing.jpg\" alt=\"Resultado de imagem para ros\u00c3\u00a1rio\" width=\"291\" height=\"291\" \/><\/p>\n<p><strong>Mist\u00e9rios Gozosos<\/strong>\u00a0nos quais se contemplam a anuncia\u00e7\u00e3o do Anjo a Maria; a visita de Maria a sua prima Isabel; o nascimento de Jesus em Bel\u00e9m; a apresenta\u00e7\u00e3o de Jesus no templo; e Jesus perdido e achado no templo entre os doutores da lei.<\/p>\n<p><strong>Mist\u00e9rios Dolorosos<\/strong>\u00a0nos quais se contemplam a agonia de Jesus no Horto das Oliveiras; a flagela\u00e7\u00e3o de Jesus; a Coroa\u00e7\u00e3o de Espinhos; Jesus carrega a Cruz at\u00e9 o Calv\u00e1rio; a Crucifica\u00e7\u00e3o e morte de Jesus.<\/p>\n<p><strong>Mist\u00e9rios Gloriosos\u00a0<\/strong>nos quais se contemplam a Ressurrei\u00e7\u00e3o de Jesus; a sua Ascens\u00e3o ao C\u00e9u; a vinda do Esp\u00edrito Santo Sobre os Ap\u00f3stolos e Maria; a Assun\u00e7\u00e3o de Maria ao C\u00e9u; a coroa\u00e7\u00e3o de Maria.<\/p>\n<p><strong>Mist\u00e9rios Luminosos<\/strong>\u00a0foram escritos pelo pr\u00f3prio Papa Jo\u00e3o Paulo II, em sua carta apost\u00f3lica, Rosarium Virginis Mariae, no ano de 2002. Nestes mist\u00e9rios contemplam-se toda a Vida p\u00fablica de Jesus: o Batismo no Rio Jord\u00e3o; o Milagre nas bodas de Can\u00e1; a proclama\u00e7\u00e3o do Reino do C\u00e9u e o convite a Convers\u00e3o; a Transfigura\u00e7\u00e3o de Jesus no Tabor; a Institui\u00e7\u00e3o da Eucaristia.<\/p>\n<p><img loading=\"lazy\" class=\"aligncenter size-full wp-image-96356\" src=\"https:\/\/cdn.conventodapenha.org.br\/wp-content\/uploads\/2020\/10\/07113058\/DSC_7510-scaled.jpg\" sizes=\"(max-width: 2560px) 100vw, 2560px\" srcset=\"https:\/\/cdn.conventodapenha.org.br\/wp-content\/uploads\/2020\/10\/07113058\/DSC_7510-scaled.jpg 2560w, https:\/\/cdn.conventodapenha.org.br\/wp-content\/uploads\/2020\/10\/07113058\/DSC_7510-300x200.jpg 300w, https:\/\/cdn.conventodapenha.org.br\/wp-content\/uploads\/2020\/10\/07113058\/DSC_7510-1024x683.jpg 1024w, https:\/\/cdn.conventodapenha.org.br\/wp-content\/uploads\/2020\/10\/07113058\/DSC_7510-768x512.jpg 768w, https:\/\/cdn.conventodapenha.org.br\/wp-content\/uploads\/2020\/10\/07113058\/DSC_7510-391x260.jpg 391w, https:\/\/cdn.conventodapenha.org.br\/wp-content\/uploads\/2020\/10\/07113058\/DSC_7510-1536x1024.jpg 1536w, https:\/\/cdn.conventodapenha.org.br\/wp-content\/uploads\/2020\/10\/07113058\/DSC_7510-2048x1365.jpg 2048w\" alt=\"\" width=\"2560\" height=\"1707\" \/><\/p>\n<h3>Ora\u00e7\u00e3o de Nossa Senhora do Ros\u00e1rio<\/h3>\n<p>\u00d3 M\u00e3e e Clement\u00edssima Virgem do Ros\u00e1rio, V\u00f3s que plantastes na Igreja, por meio de Vosso privilegiado filho Domingos, o m\u00edstico rem\u00e9dio do Santo Ros\u00e1rio, fazei que abracemos todos a Tua santa devo\u00e7\u00e3o e obtenhamos Teu verdadeiro esp\u00edrito, de sorte que aquelas m\u00edsticas rosas sejam em nossos l\u00e1bios e cora\u00e7\u00f5es, pelos pecadores medicina, e pelos justos aumento de gra\u00e7a. Am\u00e9m.<\/p>\n<p>Ave Maria<\/p>\n<p>Ave Maria, cheia de gra\u00e7a,<br \/>\no Senhor \u00e9 convosco,<br \/>\nbendita sois v\u00f3s entre as mulheres<br \/>\ne bendito \u00e9 o fruto do vosso ventre, Jesus.<\/p>\n<p>Santa Maria, M\u00e3e de Deus,<br \/>\nrogai por n\u00f3s pecadores,<br \/>\nagora e na hora da nossa morte.<\/p>\n<p>Am\u00e9m.<\/p>\n<p><img loading=\"lazy\" class=\"aligncenter size-full wp-image-96364\" src=\"https:\/\/cdn.conventodapenha.org.br\/wp-content\/uploads\/2020\/10\/07113635\/DSC_7540-scaled.jpg\" sizes=\"(max-width: 2560px) 100vw, 2560px\" srcset=\"https:\/\/cdn.conventodapenha.org.br\/wp-content\/uploads\/2020\/10\/07113635\/DSC_7540-scaled.jpg 2560w, https:\/\/cdn.conventodapenha.org.br\/wp-content\/uploads\/2020\/10\/07113635\/DSC_7540-300x200.jpg 300w, https:\/\/cdn.conventodapenha.org.br\/wp-content\/uploads\/2020\/10\/07113635\/DSC_7540-1024x683.jpg 1024w, https:\/\/cdn.conventodapenha.org.br\/wp-content\/uploads\/2020\/10\/07113635\/DSC_7540-768x512.jpg 768w, https:\/\/cdn.conventodapenha.org.br\/wp-content\/uploads\/2020\/10\/07113635\/DSC_7540-391x260.jpg 391w, https:\/\/cdn.conventodapenha.org.br\/wp-content\/uploads\/2020\/10\/07113635\/DSC_7540-1536x1024.jpg 1536w, https:\/\/cdn.conventodapenha.org.br\/wp-content\/uploads\/2020\/10\/07113635\/DSC_7540-2048x1365.jpg 2048w\" alt=\"\" width=\"2560\" height=\"1707\" \/><\/p>\n<\/div>\n<\/div>\n<div class=\"elementor-element elementor-element-7994ed30 elementor-widget elementor-widget-post-navigation\" data-id=\"7994ed30\" data-element_type=\"widget\" data-widget_type=\"post-navigation.default\">\n<div class=\"elementor-widget-container\">\n<div class=\"elementor-post-navigation\">\n<div class=\"elementor-post-navigation__prev elementor-post-navigation__link\">\n<hr \/>\n<p><em>Pascom da Par\u00f3quia Nossa Senhora do Ros\u00e1rio<\/em><\/div>\n<\/div>\n<\/div>\n<\/div>\n","protected":false},"excerpt":{"rendered":"<p>Segundo dia do Tr\u00edduo da Par\u00f3quia Nossa Senhora do Ros\u00e1rio<\/p>\n","protected":false},"author":3,"featured_media":240087,"comment_status":"open","ping_status":"open","sticky":false,"template":"","format":"standard","meta":[],"categories":[1],"tags":[1889],"acf":[],"yoast_head":"<!-- This site is optimized with the Yoast SEO plugin v19.2 - https:\/\/yoast.com\/wordpress\/plugins\/seo\/ -->\n<title>Vila Velha: Par\u00f3quia do Ros\u00e1rio celebra segundo dia do Tr\u00edduo - Not\u00edcias - Franciscanos<\/title>\n<meta name=\"robots\" content=\"index, follow, max-snippet:-1, max-image-preview:large, max-video-preview:-1\" \/>\n<link rel=\"canonical\" href=\"https:\/\/franciscanos.org.br\/noticias\/vila-velha-paroquia-do-rosario-celebra-segundo-dia-do-triduo.html\" \/>\n<meta property=\"og:locale\" content=\"pt_BR\" \/>\n<meta property=\"og:type\" content=\"article\" \/>\n<meta property=\"og:title\" content=\"Vila Velha: Par\u00f3quia do Ros\u00e1rio celebra segundo dia do Tr\u00edduo - Not\u00edcias - Franciscanos\" \/>\n<meta property=\"og:description\" content=\"Segundo dia do Tr\u00edduo da Par\u00f3quia Nossa Senhora do Ros\u00e1rio\" \/>\n<meta property=\"og:url\" content=\"https:\/\/franciscanos.org.br\/noticias\/vila-velha-paroquia-do-rosario-celebra-segundo-dia-do-triduo.html\" \/>\n<meta property=\"og:site_name\" content=\"Not\u00edcias - Franciscanos\" \/>\n<meta property=\"article:published_time\" content=\"2022-10-07T20:59:28+00:00\" \/>\n<meta property=\"article:modified_time\" content=\"2022-10-09T10:03:25+00:00\" \/>\n<meta property=\"og:image\" content=\"https:\/\/franciscanos.org.br\/noticias\/wp-content\/uploads\/2022\/10\/rosario_910.jpg\" \/>\n\t<meta property=\"og:image:width\" content=\"1024\" \/>\n\t<meta property=\"og:image:height\" content=\"674\" \/>\n\t<meta property=\"og:image:type\" content=\"image\/jpeg\" \/>\n<meta name=\"author\" content=\"moacir\" \/>\n<meta name=\"twitter:card\" content=\"summary_large_image\" \/>\n<meta name=\"twitter:label1\" content=\"Escrito por\" \/>\n\t<meta name=\"twitter:data1\" content=\"moacir\" \/>\n\t<meta name=\"twitter:label2\" content=\"Est. tempo de leitura\" \/>\n\t<meta name=\"twitter:data2\" content=\"10 minutos\" \/>\n<script type=\"application\/ld+json\" class=\"yoast-schema-graph\">{\"@context\":\"https:\/\/schema.org\",\"@graph\":[{\"@type\":\"WebSite\",\"@id\":\"https:\/\/franciscanos.org.br\/noticias\/#website\",\"url\":\"https:\/\/franciscanos.org.br\/noticias\/\",\"name\":\"Not\u00edcias - Franciscanos\",\"description\":\"Prov\u00edncia Franciscana da Imaculada Concei\u00e7\u00e3o do Brasil - Ordem dos Frades Menores - OFM\",\"potentialAction\":[{\"@type\":\"SearchAction\",\"target\":{\"@type\":\"EntryPoint\",\"urlTemplate\":\"https:\/\/franciscanos.org.br\/noticias\/?s={search_term_string}\"},\"query-input\":\"required name=search_term_string\"}],\"inLanguage\":\"pt-BR\"},{\"@type\":\"ImageObject\",\"inLanguage\":\"pt-BR\",\"@id\":\"https:\/\/franciscanos.org.br\/noticias\/vila-velha-paroquia-do-rosario-celebra-segundo-dia-do-triduo.html#primaryimage\",\"url\":\"https:\/\/franciscanos.org.br\/noticias\/wp-content\/uploads\/2022\/10\/rosario_910.jpg\",\"contentUrl\":\"https:\/\/franciscanos.org.br\/noticias\/wp-content\/uploads\/2022\/10\/rosario_910.jpg\",\"width\":1024,\"height\":674},{\"@type\":\"WebPage\",\"@id\":\"https:\/\/franciscanos.org.br\/noticias\/vila-velha-paroquia-do-rosario-celebra-segundo-dia-do-triduo.html#webpage\",\"url\":\"https:\/\/franciscanos.org.br\/noticias\/vila-velha-paroquia-do-rosario-celebra-segundo-dia-do-triduo.html\",\"name\":\"Vila Velha: Par\u00f3quia do Ros\u00e1rio celebra segundo dia do Tr\u00edduo - Not\u00edcias - Franciscanos\",\"isPartOf\":{\"@id\":\"https:\/\/franciscanos.org.br\/noticias\/#website\"},\"primaryImageOfPage\":{\"@id\":\"https:\/\/franciscanos.org.br\/noticias\/vila-velha-paroquia-do-rosario-celebra-segundo-dia-do-triduo.html#primaryimage\"},\"datePublished\":\"2022-10-07T20:59:28+00:00\",\"dateModified\":\"2022-10-09T10:03:25+00:00\",\"author\":{\"@id\":\"https:\/\/franciscanos.org.br\/noticias\/#\/schema\/person\/b5c8cba458c330ccff548b056e95a5d4\"},\"breadcrumb\":{\"@id\":\"https:\/\/franciscanos.org.br\/noticias\/vila-velha-paroquia-do-rosario-celebra-segundo-dia-do-triduo.html#breadcrumb\"},\"inLanguage\":\"pt-BR\",\"potentialAction\":[{\"@type\":\"ReadAction\",\"target\":[\"https:\/\/franciscanos.org.br\/noticias\/vila-velha-paroquia-do-rosario-celebra-segundo-dia-do-triduo.html\"]}]},{\"@type\":\"BreadcrumbList\",\"@id\":\"https:\/\/franciscanos.org.br\/noticias\/vila-velha-paroquia-do-rosario-celebra-segundo-dia-do-triduo.html#breadcrumb\",\"itemListElement\":[{\"@type\":\"ListItem\",\"position\":1,\"name\":\"Home\",\"item\":\"https:\/\/franciscanos.org.br\/noticias\"},{\"@type\":\"ListItem\",\"position\":2,\"name\":\"Vila Velha: Par\u00f3quia do Ros\u00e1rio celebra segundo dia do Tr\u00edduo\"}]},{\"@type\":\"Person\",\"@id\":\"https:\/\/franciscanos.org.br\/noticias\/#\/schema\/person\/b5c8cba458c330ccff548b056e95a5d4\",\"name\":\"moacir\",\"image\":{\"@type\":\"ImageObject\",\"inLanguage\":\"pt-BR\",\"@id\":\"https:\/\/franciscanos.org.br\/noticias\/#\/schema\/person\/image\/\",\"url\":\"https:\/\/secure.gravatar.com\/avatar\/d08aa2ce4c8dd416d4479aa8536fcf64?s=96&d=mm&r=g\",\"contentUrl\":\"https:\/\/secure.gravatar.com\/avatar\/d08aa2ce4c8dd416d4479aa8536fcf64?s=96&d=mm&r=g\",\"caption\":\"moacir\"},\"url\":\"https:\/\/franciscanos.org.br\/noticias\/author\/moacir\"}]}<\/script>\n<!-- \/ Yoast SEO plugin. -->","yoast_head_json":{"title":"Vila Velha: Par\u00f3quia do Ros\u00e1rio celebra segundo dia do Tr\u00edduo - Not\u00edcias - Franciscanos","robots":{"index":"index","follow":"follow","max-snippet":"max-snippet:-1","max-image-preview":"max-image-preview:large","max-video-preview":"max-video-preview:-1"},"canonical":"https:\/\/franciscanos.org.br\/noticias\/vila-velha-paroquia-do-rosario-celebra-segundo-dia-do-triduo.html","og_locale":"pt_BR","og_type":"article","og_title":"Vila Velha: Par\u00f3quia do Ros\u00e1rio celebra segundo dia do Tr\u00edduo - Not\u00edcias - Franciscanos","og_description":"Segundo dia do Tr\u00edduo da Par\u00f3quia Nossa Senhora do Ros\u00e1rio","og_url":"https:\/\/franciscanos.org.br\/noticias\/vila-velha-paroquia-do-rosario-celebra-segundo-dia-do-triduo.html","og_site_name":"Not\u00edcias - Franciscanos","article_published_time":"2022-10-07T20:59:28+00:00","article_modified_time":"2022-10-09T10:03:25+00:00","og_image":[{"width":1024,"height":674,"url":"https:\/\/franciscanos.org.br\/noticias\/wp-content\/uploads\/2022\/10\/rosario_910.jpg","type":"image\/jpeg"}],"author":"moacir","twitter_card":"summary_large_image","twitter_misc":{"Escrito por":"moacir","Est. tempo de leitura":"10 minutos"},"schema":{"@context":"https:\/\/schema.org","@graph":[{"@type":"WebSite","@id":"https:\/\/franciscanos.org.br\/noticias\/#website","url":"https:\/\/franciscanos.org.br\/noticias\/","name":"Not\u00edcias - Franciscanos","description":"Prov\u00edncia Franciscana da Imaculada Concei\u00e7\u00e3o do Brasil - Ordem dos Frades Menores - OFM","potentialAction":[{"@type":"SearchAction","target":{"@type":"EntryPoint","urlTemplate":"https:\/\/franciscanos.org.br\/noticias\/?s={search_term_string}"},"query-input":"required name=search_term_string"}],"inLanguage":"pt-BR"},{"@type":"ImageObject","inLanguage":"pt-BR","@id":"https:\/\/franciscanos.org.br\/noticias\/vila-velha-paroquia-do-rosario-celebra-segundo-dia-do-triduo.html#primaryimage","url":"https:\/\/franciscanos.org.br\/noticias\/wp-content\/uploads\/2022\/10\/rosario_910.jpg","contentUrl":"https:\/\/franciscanos.org.br\/noticias\/wp-content\/uploads\/2022\/10\/rosario_910.jpg","width":1024,"height":674},{"@type":"WebPage","@id":"https:\/\/franciscanos.org.br\/noticias\/vila-velha-paroquia-do-rosario-celebra-segundo-dia-do-triduo.html#webpage","url":"https:\/\/franciscanos.org.br\/noticias\/vila-velha-paroquia-do-rosario-celebra-segundo-dia-do-triduo.html","name":"Vila Velha: Par\u00f3quia do Ros\u00e1rio celebra segundo dia do Tr\u00edduo - Not\u00edcias - Franciscanos","isPartOf":{"@id":"https:\/\/franciscanos.org.br\/noticias\/#website"},"primaryImageOfPage":{"@id":"https:\/\/franciscanos.org.br\/noticias\/vila-velha-paroquia-do-rosario-celebra-segundo-dia-do-triduo.html#primaryimage"},"datePublished":"2022-10-07T20:59:28+00:00","dateModified":"2022-10-09T10:03:25+00:00","author":{"@id":"https:\/\/franciscanos.org.br\/noticias\/#\/schema\/person\/b5c8cba458c330ccff548b056e95a5d4"},"breadcrumb":{"@id":"https:\/\/franciscanos.org.br\/noticias\/vila-velha-paroquia-do-rosario-celebra-segundo-dia-do-triduo.html#breadcrumb"},"inLanguage":"pt-BR","potentialAction":[{"@type":"ReadAction","target":["https:\/\/franciscanos.org.br\/noticias\/vila-velha-paroquia-do-rosario-celebra-segundo-dia-do-triduo.html"]}]},{"@type":"BreadcrumbList","@id":"https:\/\/franciscanos.org.br\/noticias\/vila-velha-paroquia-do-rosario-celebra-segundo-dia-do-triduo.html#breadcrumb","itemListElement":[{"@type":"ListItem","position":1,"name":"Home","item":"https:\/\/franciscanos.org.br\/noticias"},{"@type":"ListItem","position":2,"name":"Vila Velha: Par\u00f3quia do Ros\u00e1rio celebra segundo dia do Tr\u00edduo"}]},{"@type":"Person","@id":"https:\/\/franciscanos.org.br\/noticias\/#\/schema\/person\/b5c8cba458c330ccff548b056e95a5d4","name":"moacir","image":{"@type":"ImageObject","inLanguage":"pt-BR","@id":"https:\/\/franciscanos.org.br\/noticias\/#\/schema\/person\/image\/","url":"https:\/\/secure.gravatar.com\/avatar\/d08aa2ce4c8dd416d4479aa8536fcf64?s=96&d=mm&r=g","contentUrl":"https:\/\/secure.gravatar.com\/avatar\/d08aa2ce4c8dd416d4479aa8536fcf64?s=96&d=mm&r=g","caption":"moacir"},"url":"https:\/\/franciscanos.org.br\/noticias\/author\/moacir"}]}},"_links":{"self":[{"href":"https:\/\/franciscanos.org.br\/noticias\/wp-json\/wp\/v2\/posts\/240086"}],"collection":[{"href":"https:\/\/franciscanos.org.br\/noticias\/wp-json\/wp\/v2\/posts"}],"about":[{"href":"https:\/\/franciscanos.org.br\/noticias\/wp-json\/wp\/v2\/types\/post"}],"author":[{"embeddable":true,"href":"https:\/\/franciscanos.org.br\/noticias\/wp-json\/wp\/v2\/users\/3"}],"replies":[{"embeddable":true,"href":"https:\/\/franciscanos.org.br\/noticias\/wp-json\/wp\/v2\/comments?post=240086"}],"version-history":[{"count":1,"href":"https:\/\/franciscanos.org.br\/noticias\/wp-json\/wp\/v2\/posts\/240086\/revisions"}],"predecessor-version":[{"id":240088,"href":"https:\/\/franciscanos.org.br\/noticias\/wp-json\/wp\/v2\/posts\/240086\/revisions\/240088"}],"wp:featuredmedia":[{"embeddable":true,"href":"https:\/\/franciscanos.org.br\/noticias\/wp-json\/wp\/v2\/media\/240087"}],"wp:attachment":[{"href":"https:\/\/franciscanos.org.br\/noticias\/wp-json\/wp\/v2\/media?parent=240086"}],"wp:term":[{"taxonomy":"category","embeddable":true,"href":"https:\/\/franciscanos.org.br\/noticias\/wp-json\/wp\/v2\/categories?post=240086"},{"taxonomy":"post_tag","embeddable":true,"href":"https:\/\/franciscanos.org.br\/noticias\/wp-json\/wp\/v2\/tags?post=240086"}],"curies":[{"name":"wp","href":"https:\/\/api.w.org\/{rel}","templated":true}]}}