{"id":240070,"date":"2022-10-06T12:22:07","date_gmt":"2022-10-06T15:22:07","guid":{"rendered":"https:\/\/franciscanos.org.br\/noticias\/?p=240070"},"modified":"2022-10-09T06:59:23","modified_gmt":"2022-10-09T09:59:23","slug":"vila-velha-tem-inicio-o-triduo-em-honra-a-nossa-senhora-do-rosario","status":"publish","type":"post","link":"https:\/\/franciscanos.org.br\/noticias\/vila-velha-tem-inicio-o-triduo-em-honra-a-nossa-senhora-do-rosario.html","title":{"rendered":"Vila Velha: Tem in\u00edcio o Tr\u00edduo em honra a Nossa Senhora do Ros\u00e1rio"},"content":{"rendered":"<p><img loading=\"lazy\" class=\"alignnone size-full wp-image-240071\" src=\"https:\/\/franciscanos.org.br\/noticias\/wp-content\/uploads\/2022\/10\/rosario_01.jpg\" alt=\"\" width=\"1280\" height=\"720\" srcset=\"https:\/\/franciscanos.org.br\/noticias\/wp-content\/uploads\/2022\/10\/rosario_01.jpg 1280w, https:\/\/franciscanos.org.br\/noticias\/wp-content\/uploads\/2022\/10\/rosario_01-450x253.jpg 450w, https:\/\/franciscanos.org.br\/noticias\/wp-content\/uploads\/2022\/10\/rosario_01-1024x576.jpg 1024w, https:\/\/franciscanos.org.br\/noticias\/wp-content\/uploads\/2022\/10\/rosario_01-768x432.jpg 768w, https:\/\/franciscanos.org.br\/noticias\/wp-content\/uploads\/2022\/10\/rosario_01-150x84.jpg 150w\" sizes=\"(max-width: 1280px) 100vw, 1280px\" \/><\/p>\n<p>Com muita alegria, na noite desta quinta-feira (06), nos reunimos para celebrar o Tr\u00edduo em prepara\u00e7\u00e3o \u00e0 Festa de Nossa Senhora do Ros\u00e1rio, Padroeira da nossa Par\u00f3quia e de todo o munic\u00edpio de Vila Velha. A missa foi presidida por Frei Jos\u00e9 Clemente M\u00fcller e concelebrada pelo p\u00e1roco, Frei Vanderlei Neves. Este ano a Festa de Nossa Padroeira, a Senhora do Ros\u00e1rio, tem como tema: &#8220;Maria nos tempos dif\u00edceis&#8221;.<\/p>\n<p>A M\u00e3e de Deus e nossa cuida e se compadece de seus filhos e filhas! E n\u00f3s que buscamos const\u00e2ncia e for\u00e7a na f\u00e9, nos unimos \u00e0 Ela, que \u00e9 cheia de gra\u00e7a para tamb\u00e9m aprendermos a acolher e viver os des\u00edgnios de Deus, mesmo na adversidade! Neste 1\u00ba dia do Tr\u00edduo, refletimos tr\u00eas momentos na vida da Virgem Maria: A Gruta de Bel\u00e9m, A Fuga para o Egito e A Vida em Terra Estranha.<\/p>\n<p>Logo no in\u00edcio da celebra\u00e7\u00e3o, foi acolhida a imagem da Padroeira, que nos \u00faltimos dias saiu de sua comunidade e visitou as outras nove Comunidades da Par\u00f3quia. Sua visita proporcionou, muita alegria e valorosos momentos de ora\u00e7\u00e3o, partilha e uni\u00e3o; preparando-nos para vivermos mais intensamente a partir de hoje este Tr\u00edduo e, no domingo, a sua Solenidade! &#8220;Hoje aqui, diante da nossa Igreja Matriz, todos n\u00f3s, que somos Par\u00f3quia Nossa Senhora do Ros\u00e1rio, queremos depositar nossas inten\u00e7\u00f5es e esperan\u00e7as na poderosa intercess\u00e3o, que a Virgem do Ros\u00e1rio tem, junto ao seu Filho Jesus! \u00c9 com esta confian\u00e7a, que vamos nos voltar para o fundo da pra\u00e7a para acolher a Imagem da nossa Padroeira, que vem at\u00e9 n\u00f3s; trazida pelas nossas 10 comunidades! \u2026 Cantemos alegres acolhendo a Imagem da Padroeira da nossa Par\u00f3quia e do Munic\u00edpio de Vila Velha!&#8221;, exortou o p\u00e1roco.<\/p>\n<p><img loading=\"lazy\" class=\"alignright size-full wp-image-240072\" src=\"https:\/\/franciscanos.org.br\/noticias\/wp-content\/uploads\/2022\/10\/rosario_02.jpg\" alt=\"\" width=\"500\" height=\"501\" srcset=\"https:\/\/franciscanos.org.br\/noticias\/wp-content\/uploads\/2022\/10\/rosario_02.jpg 500w, https:\/\/franciscanos.org.br\/noticias\/wp-content\/uploads\/2022\/10\/rosario_02-450x450.jpg 450w, https:\/\/franciscanos.org.br\/noticias\/wp-content\/uploads\/2022\/10\/rosario_02-300x300.jpg 300w, https:\/\/franciscanos.org.br\/noticias\/wp-content\/uploads\/2022\/10\/rosario_02-150x150.jpg 150w, https:\/\/franciscanos.org.br\/noticias\/wp-content\/uploads\/2022\/10\/rosario_02-100x100.jpg 100w\" sizes=\"(max-width: 500px) 100vw, 500px\" \/>A imagem foi trazida por 10 pessoas representando cada uma de nossas comunidades, enquanto se entoava o hino a Nossa Senhora do Ros\u00e1rio: \u201c\u00d3 M\u00e3e, Virgem do Ros\u00e1rio, aceitai o amor destes teus filhos. Louvar, te querer na terra e sempre cantar teu nome nos c\u00e9us.\u201d. Ap\u00f3s a entroniza\u00e7\u00e3o da imagem, frei Vanderlei convidou os fi\u00e9is: \u201cUnidos \u00e0s alegrias, ang\u00fastias e sofrimentos da Virgem do Ros\u00e1rio, pe\u00e7amos sua intercess\u00e3o para que possamos seguir, rumo \u00e0 P\u00e1tria definitiva, construindo o reino de Amor, Justi\u00e7a e Paz, que Jesus nos trouxe!\u201d e todos rezaram a ora\u00e7\u00e3o que receberam no in\u00edcio da celebra\u00e7\u00e3o e que foi escrita por frei Clar\u00eancio Neotti.<\/p>\n<p>Virgem do Ros\u00e1rio, M\u00e3e de Deus e M\u00e3e Nossa, \/ Senhora da Vit\u00f3ria, \/ modelo de humilde fidelidade, \/ Convosco queremos dizer SIM \/ \u00e0 vontade do Pai. Convosco queremos exultar em Jesus \/ nascido de v\u00f3s e do Esp\u00edrito Santo, \/ para ser nosso salvador. Convosco queremos consagrar a Deus, \/ todos os dias de nossa vida terrena. Convosco queremos acompanhar \/ Jesus no caminho do Calv\u00e1rio, \/ carregando a nossa cruz, \/ morrendo com Ele, \/ para com Ele ressuscitar. Convosco queremos contemplar Jesus Glorioso \/ que vos coroou Rainha do c\u00e9u e da terra e \/ abriu as portas do para\u00edso. Convosco queremos receber o Esp\u00edrito Santo \/ para que o Reino de Amor, Justi\u00e7a e Paz \/ seja tamb\u00e9m \/ o vosso reino e nossa paz \/ Am\u00e9m!<\/p>\n<p>A homilia, conduzida por Frei Clemente, refletiu os momentos de dor que Maria passou sozinha, a signific\u00e2ncia disso no seu tempo e nos dias de hoje. Assim como o filho de Deus n\u00e3o teve uma caminha quente para morrer, um teto e nem um hospital para dar o \u00faltimo respiro, e sim a morte de cruz, entre o c\u00e9u e a terra. Maria era uma imigrante que teve que caminhar por uma semana. Passou a desola\u00e7\u00e3o e a vergonha e sofrimento de bater de casa em casa sem conseguir nada.<\/p>\n<p>Jesus foi um homem veio para ajudar quem precisava, e isso \u00e9 o Evangelho.<br \/>\nN\u00e3o podemos dormir e acordar do mesmo jeito com a frase: derrubou os poderosos de seus tronos e os humildes exaltou, de bens saciou os famintos. O tr\u00edduo de Nossa Senhora serve para resgatar o valor que toda a sociedade tem e deve ter. N\u00e3o vai existir a f\u00e9 se n\u00e3o existir o amor. Amor que Maria se deu por completo quando disse: \u2018eis aqui a serva do senhor, fa\u00e7a-se em mim segundo a tua palavra\u2019.<\/p>\n<p>Ao final da missa, o ECC e a Pastoral Familiar prepararam um momento devocional de homenagem a Nossa Senhora do Ros\u00e1rio com a entrada de um casal e seu filho, representando a Sagrada Fam\u00edlia de Nazar\u00e9.<\/p>\n<p>Encerrado o primeiro dia, os presentes puderam se deliciar com o card\u00e1pio do dia que foi de cachorro quente e caldos! Participe hoje do segundo dia \u00e0s 19 horas, na Prainha!<\/p>\n<hr \/>\n<p><em>Pascom da Par\u00f3quia Nossa Senhora do Ros\u00e1rio<\/em><\/p>\n","protected":false},"excerpt":{"rendered":"<p>Festa de Nossa Senhora do Ros\u00e1rio<\/p>\n","protected":false},"author":3,"featured_media":240071,"comment_status":"open","ping_status":"open","sticky":false,"template":"","format":"standard","meta":[],"categories":[1],"tags":[1889],"acf":[],"yoast_head":"<!-- This site is optimized with the Yoast SEO plugin v19.2 - https:\/\/yoast.com\/wordpress\/plugins\/seo\/ -->\n<title>Vila Velha: Tem in\u00edcio o Tr\u00edduo em honra a Nossa Senhora do Ros\u00e1rio - Not\u00edcias - Franciscanos<\/title>\n<meta name=\"robots\" content=\"index, follow, max-snippet:-1, max-image-preview:large, max-video-preview:-1\" \/>\n<link rel=\"canonical\" href=\"https:\/\/franciscanos.org.br\/noticias\/vila-velha-tem-inicio-o-triduo-em-honra-a-nossa-senhora-do-rosario.html\" \/>\n<meta property=\"og:locale\" content=\"pt_BR\" \/>\n<meta property=\"og:type\" content=\"article\" \/>\n<meta property=\"og:title\" content=\"Vila Velha: Tem in\u00edcio o Tr\u00edduo em honra a Nossa Senhora do Ros\u00e1rio - Not\u00edcias - Franciscanos\" \/>\n<meta property=\"og:description\" content=\"Festa de Nossa Senhora do Ros\u00e1rio\" \/>\n<meta property=\"og:url\" content=\"https:\/\/franciscanos.org.br\/noticias\/vila-velha-tem-inicio-o-triduo-em-honra-a-nossa-senhora-do-rosario.html\" \/>\n<meta property=\"og:site_name\" content=\"Not\u00edcias - Franciscanos\" \/>\n<meta property=\"article:published_time\" content=\"2022-10-06T15:22:07+00:00\" \/>\n<meta property=\"article:modified_time\" content=\"2022-10-09T09:59:23+00:00\" \/>\n<meta property=\"og:image\" content=\"https:\/\/franciscanos.org.br\/noticias\/wp-content\/uploads\/2022\/10\/rosario_01.jpg\" \/>\n\t<meta property=\"og:image:width\" content=\"1280\" \/>\n\t<meta property=\"og:image:height\" content=\"720\" \/>\n\t<meta property=\"og:image:type\" content=\"image\/jpeg\" \/>\n<meta name=\"author\" content=\"moacir\" \/>\n<meta name=\"twitter:card\" content=\"summary_large_image\" \/>\n<meta name=\"twitter:label1\" content=\"Escrito por\" \/>\n\t<meta name=\"twitter:data1\" content=\"moacir\" \/>\n\t<meta name=\"twitter:label2\" content=\"Est. tempo de leitura\" \/>\n\t<meta name=\"twitter:data2\" content=\"4 minutos\" \/>\n<script type=\"application\/ld+json\" class=\"yoast-schema-graph\">{\"@context\":\"https:\/\/schema.org\",\"@graph\":[{\"@type\":\"WebSite\",\"@id\":\"https:\/\/franciscanos.org.br\/noticias\/#website\",\"url\":\"https:\/\/franciscanos.org.br\/noticias\/\",\"name\":\"Not\u00edcias - Franciscanos\",\"description\":\"Prov\u00edncia Franciscana da Imaculada Concei\u00e7\u00e3o do Brasil - Ordem dos Frades Menores - OFM\",\"potentialAction\":[{\"@type\":\"SearchAction\",\"target\":{\"@type\":\"EntryPoint\",\"urlTemplate\":\"https:\/\/franciscanos.org.br\/noticias\/?s={search_term_string}\"},\"query-input\":\"required name=search_term_string\"}],\"inLanguage\":\"pt-BR\"},{\"@type\":\"ImageObject\",\"inLanguage\":\"pt-BR\",\"@id\":\"https:\/\/franciscanos.org.br\/noticias\/vila-velha-tem-inicio-o-triduo-em-honra-a-nossa-senhora-do-rosario.html#primaryimage\",\"url\":\"https:\/\/franciscanos.org.br\/noticias\/wp-content\/uploads\/2022\/10\/rosario_01.jpg\",\"contentUrl\":\"https:\/\/franciscanos.org.br\/noticias\/wp-content\/uploads\/2022\/10\/rosario_01.jpg\",\"width\":1280,\"height\":720},{\"@type\":\"WebPage\",\"@id\":\"https:\/\/franciscanos.org.br\/noticias\/vila-velha-tem-inicio-o-triduo-em-honra-a-nossa-senhora-do-rosario.html#webpage\",\"url\":\"https:\/\/franciscanos.org.br\/noticias\/vila-velha-tem-inicio-o-triduo-em-honra-a-nossa-senhora-do-rosario.html\",\"name\":\"Vila Velha: Tem in\u00edcio o Tr\u00edduo em honra a Nossa Senhora do Ros\u00e1rio - Not\u00edcias - Franciscanos\",\"isPartOf\":{\"@id\":\"https:\/\/franciscanos.org.br\/noticias\/#website\"},\"primaryImageOfPage\":{\"@id\":\"https:\/\/franciscanos.org.br\/noticias\/vila-velha-tem-inicio-o-triduo-em-honra-a-nossa-senhora-do-rosario.html#primaryimage\"},\"datePublished\":\"2022-10-06T15:22:07+00:00\",\"dateModified\":\"2022-10-09T09:59:23+00:00\",\"author\":{\"@id\":\"https:\/\/franciscanos.org.br\/noticias\/#\/schema\/person\/b5c8cba458c330ccff548b056e95a5d4\"},\"breadcrumb\":{\"@id\":\"https:\/\/franciscanos.org.br\/noticias\/vila-velha-tem-inicio-o-triduo-em-honra-a-nossa-senhora-do-rosario.html#breadcrumb\"},\"inLanguage\":\"pt-BR\",\"potentialAction\":[{\"@type\":\"ReadAction\",\"target\":[\"https:\/\/franciscanos.org.br\/noticias\/vila-velha-tem-inicio-o-triduo-em-honra-a-nossa-senhora-do-rosario.html\"]}]},{\"@type\":\"BreadcrumbList\",\"@id\":\"https:\/\/franciscanos.org.br\/noticias\/vila-velha-tem-inicio-o-triduo-em-honra-a-nossa-senhora-do-rosario.html#breadcrumb\",\"itemListElement\":[{\"@type\":\"ListItem\",\"position\":1,\"name\":\"Home\",\"item\":\"https:\/\/franciscanos.org.br\/noticias\"},{\"@type\":\"ListItem\",\"position\":2,\"name\":\"Vila Velha: Tem in\u00edcio o Tr\u00edduo em honra a Nossa Senhora do Ros\u00e1rio\"}]},{\"@type\":\"Person\",\"@id\":\"https:\/\/franciscanos.org.br\/noticias\/#\/schema\/person\/b5c8cba458c330ccff548b056e95a5d4\",\"name\":\"moacir\",\"image\":{\"@type\":\"ImageObject\",\"inLanguage\":\"pt-BR\",\"@id\":\"https:\/\/franciscanos.org.br\/noticias\/#\/schema\/person\/image\/\",\"url\":\"https:\/\/secure.gravatar.com\/avatar\/d08aa2ce4c8dd416d4479aa8536fcf64?s=96&d=mm&r=g\",\"contentUrl\":\"https:\/\/secure.gravatar.com\/avatar\/d08aa2ce4c8dd416d4479aa8536fcf64?s=96&d=mm&r=g\",\"caption\":\"moacir\"},\"url\":\"https:\/\/franciscanos.org.br\/noticias\/author\/moacir\"}]}<\/script>\n<!-- \/ Yoast SEO plugin. -->","yoast_head_json":{"title":"Vila Velha: Tem in\u00edcio o Tr\u00edduo em honra a Nossa Senhora do Ros\u00e1rio - Not\u00edcias - Franciscanos","robots":{"index":"index","follow":"follow","max-snippet":"max-snippet:-1","max-image-preview":"max-image-preview:large","max-video-preview":"max-video-preview:-1"},"canonical":"https:\/\/franciscanos.org.br\/noticias\/vila-velha-tem-inicio-o-triduo-em-honra-a-nossa-senhora-do-rosario.html","og_locale":"pt_BR","og_type":"article","og_title":"Vila Velha: Tem in\u00edcio o Tr\u00edduo em honra a Nossa Senhora do Ros\u00e1rio - Not\u00edcias - Franciscanos","og_description":"Festa de Nossa Senhora do Ros\u00e1rio","og_url":"https:\/\/franciscanos.org.br\/noticias\/vila-velha-tem-inicio-o-triduo-em-honra-a-nossa-senhora-do-rosario.html","og_site_name":"Not\u00edcias - Franciscanos","article_published_time":"2022-10-06T15:22:07+00:00","article_modified_time":"2022-10-09T09:59:23+00:00","og_image":[{"width":1280,"height":720,"url":"https:\/\/franciscanos.org.br\/noticias\/wp-content\/uploads\/2022\/10\/rosario_01.jpg","type":"image\/jpeg"}],"author":"moacir","twitter_card":"summary_large_image","twitter_misc":{"Escrito por":"moacir","Est. tempo de leitura":"4 minutos"},"schema":{"@context":"https:\/\/schema.org","@graph":[{"@type":"WebSite","@id":"https:\/\/franciscanos.org.br\/noticias\/#website","url":"https:\/\/franciscanos.org.br\/noticias\/","name":"Not\u00edcias - Franciscanos","description":"Prov\u00edncia Franciscana da Imaculada Concei\u00e7\u00e3o do Brasil - Ordem dos Frades Menores - OFM","potentialAction":[{"@type":"SearchAction","target":{"@type":"EntryPoint","urlTemplate":"https:\/\/franciscanos.org.br\/noticias\/?s={search_term_string}"},"query-input":"required name=search_term_string"}],"inLanguage":"pt-BR"},{"@type":"ImageObject","inLanguage":"pt-BR","@id":"https:\/\/franciscanos.org.br\/noticias\/vila-velha-tem-inicio-o-triduo-em-honra-a-nossa-senhora-do-rosario.html#primaryimage","url":"https:\/\/franciscanos.org.br\/noticias\/wp-content\/uploads\/2022\/10\/rosario_01.jpg","contentUrl":"https:\/\/franciscanos.org.br\/noticias\/wp-content\/uploads\/2022\/10\/rosario_01.jpg","width":1280,"height":720},{"@type":"WebPage","@id":"https:\/\/franciscanos.org.br\/noticias\/vila-velha-tem-inicio-o-triduo-em-honra-a-nossa-senhora-do-rosario.html#webpage","url":"https:\/\/franciscanos.org.br\/noticias\/vila-velha-tem-inicio-o-triduo-em-honra-a-nossa-senhora-do-rosario.html","name":"Vila Velha: Tem in\u00edcio o Tr\u00edduo em honra a Nossa Senhora do Ros\u00e1rio - Not\u00edcias - Franciscanos","isPartOf":{"@id":"https:\/\/franciscanos.org.br\/noticias\/#website"},"primaryImageOfPage":{"@id":"https:\/\/franciscanos.org.br\/noticias\/vila-velha-tem-inicio-o-triduo-em-honra-a-nossa-senhora-do-rosario.html#primaryimage"},"datePublished":"2022-10-06T15:22:07+00:00","dateModified":"2022-10-09T09:59:23+00:00","author":{"@id":"https:\/\/franciscanos.org.br\/noticias\/#\/schema\/person\/b5c8cba458c330ccff548b056e95a5d4"},"breadcrumb":{"@id":"https:\/\/franciscanos.org.br\/noticias\/vila-velha-tem-inicio-o-triduo-em-honra-a-nossa-senhora-do-rosario.html#breadcrumb"},"inLanguage":"pt-BR","potentialAction":[{"@type":"ReadAction","target":["https:\/\/franciscanos.org.br\/noticias\/vila-velha-tem-inicio-o-triduo-em-honra-a-nossa-senhora-do-rosario.html"]}]},{"@type":"BreadcrumbList","@id":"https:\/\/franciscanos.org.br\/noticias\/vila-velha-tem-inicio-o-triduo-em-honra-a-nossa-senhora-do-rosario.html#breadcrumb","itemListElement":[{"@type":"ListItem","position":1,"name":"Home","item":"https:\/\/franciscanos.org.br\/noticias"},{"@type":"ListItem","position":2,"name":"Vila Velha: Tem in\u00edcio o Tr\u00edduo em honra a Nossa Senhora do Ros\u00e1rio"}]},{"@type":"Person","@id":"https:\/\/franciscanos.org.br\/noticias\/#\/schema\/person\/b5c8cba458c330ccff548b056e95a5d4","name":"moacir","image":{"@type":"ImageObject","inLanguage":"pt-BR","@id":"https:\/\/franciscanos.org.br\/noticias\/#\/schema\/person\/image\/","url":"https:\/\/secure.gravatar.com\/avatar\/d08aa2ce4c8dd416d4479aa8536fcf64?s=96&d=mm&r=g","contentUrl":"https:\/\/secure.gravatar.com\/avatar\/d08aa2ce4c8dd416d4479aa8536fcf64?s=96&d=mm&r=g","caption":"moacir"},"url":"https:\/\/franciscanos.org.br\/noticias\/author\/moacir"}]}},"_links":{"self":[{"href":"https:\/\/franciscanos.org.br\/noticias\/wp-json\/wp\/v2\/posts\/240070"}],"collection":[{"href":"https:\/\/franciscanos.org.br\/noticias\/wp-json\/wp\/v2\/posts"}],"about":[{"href":"https:\/\/franciscanos.org.br\/noticias\/wp-json\/wp\/v2\/types\/post"}],"author":[{"embeddable":true,"href":"https:\/\/franciscanos.org.br\/noticias\/wp-json\/wp\/v2\/users\/3"}],"replies":[{"embeddable":true,"href":"https:\/\/franciscanos.org.br\/noticias\/wp-json\/wp\/v2\/comments?post=240070"}],"version-history":[{"count":1,"href":"https:\/\/franciscanos.org.br\/noticias\/wp-json\/wp\/v2\/posts\/240070\/revisions"}],"predecessor-version":[{"id":240073,"href":"https:\/\/franciscanos.org.br\/noticias\/wp-json\/wp\/v2\/posts\/240070\/revisions\/240073"}],"wp:featuredmedia":[{"embeddable":true,"href":"https:\/\/franciscanos.org.br\/noticias\/wp-json\/wp\/v2\/media\/240071"}],"wp:attachment":[{"href":"https:\/\/franciscanos.org.br\/noticias\/wp-json\/wp\/v2\/media?parent=240070"}],"wp:term":[{"taxonomy":"category","embeddable":true,"href":"https:\/\/franciscanos.org.br\/noticias\/wp-json\/wp\/v2\/categories?post=240070"},{"taxonomy":"post_tag","embeddable":true,"href":"https:\/\/franciscanos.org.br\/noticias\/wp-json\/wp\/v2\/tags?post=240070"}],"curies":[{"name":"wp","href":"https:\/\/api.w.org\/{rel}","templated":true}]}}