{"id":240059,"date":"2022-10-16T02:42:34","date_gmt":"2022-10-16T05:42:34","guid":{"rendered":"https:\/\/franciscanos.org.br\/noticias\/?p=240059"},"modified":"2022-10-16T08:53:14","modified_gmt":"2022-10-16T11:53:14","slug":"festa-de-frei-galvao-2022-recorda-os-200-anos-de-morte-do-primeiro-santo-brasileiro","status":"publish","type":"post","link":"https:\/\/franciscanos.org.br\/noticias\/festa-de-frei-galvao-2022-recorda-os-200-anos-de-morte-do-primeiro-santo-brasileiro.html","title":{"rendered":"Festa de Frei Galv\u00e3o 2022 recorda os 200 anos de morte do primeiro santo brasileiro"},"content":{"rendered":"<p><img loading=\"lazy\" class=\"alignnone size-full wp-image-240060\" src=\"https:\/\/franciscanos.org.br\/noticias\/wp-content\/uploads\/2022\/10\/galvao_0710.jpg\" alt=\"\" width=\"1280\" height=\"720\" srcset=\"https:\/\/franciscanos.org.br\/noticias\/wp-content\/uploads\/2022\/10\/galvao_0710.jpg 1280w, https:\/\/franciscanos.org.br\/noticias\/wp-content\/uploads\/2022\/10\/galvao_0710-450x253.jpg 450w, https:\/\/franciscanos.org.br\/noticias\/wp-content\/uploads\/2022\/10\/galvao_0710-1024x576.jpg 1024w, https:\/\/franciscanos.org.br\/noticias\/wp-content\/uploads\/2022\/10\/galvao_0710-768x432.jpg 768w, https:\/\/franciscanos.org.br\/noticias\/wp-content\/uploads\/2022\/10\/galvao_0710-150x84.jpg 150w\" sizes=\"(max-width: 1280px) 100vw, 1280px\" \/><\/p>\n<p>De 15 a 25 de outubro, o Santu\u00e1rio Arquidiocesano de Santo Ant\u00f4nio de Sant\u2019Anna Galv\u00e3o, em Guaratinguet\u00e1 (SP), celebrar\u00e1 mais uma vez seu Padroeiro. A festa desse ano far\u00e1 mem\u00f3ria do bicenten\u00e1rio de morte de Frei Galv\u00e3o (1822 &#8211; 2022), com 10 dias de intensa programa\u00e7\u00e3o lit\u00fargica e celebra\u00e7\u00f5es, acompanhadas de festa externa com shows e comidas t\u00edpicas.<br \/>\nAo celebrar os 200 anos de morte de Frei Galv\u00e3o, o Santu\u00e1rio tem por objetivo levar os fi\u00e9is a reafirmarem a sua f\u00e9 na ressurrei\u00e7\u00e3o. Para os cat\u00f3licos, com a ressurrei\u00e7\u00e3o de Cristo, todos que Nele morreram tamb\u00e9m com Ele ressuscitar\u00e3o, pois \u201cse Cristo n\u00e3o tivesse ressuscitado, v\u00e3 seria nossa f\u00e9\u201d, nos lembra o Ap\u00f3stolo Paulo em uma de suas cartas.<\/p>\n<p>Nessa mesma concep\u00e7\u00e3o crist\u00e3 se encontra S\u00e3o Francisco de Assis, que \u00e0s v\u00e9speras da sua morte, comp\u00f5e um bel\u00edssimo hino de louvor, \u201cC\u00e2ntico do Irm\u00e3o Sol\u201d, no qual assim conclui: \u201cLouvado sejas, meu Senhor, pela nossa irm\u00e3 a morte corporal, da qual nenhum vivente pode escapar. Bendito aquele que se encontra na Tua sant\u00edssima vontade, ao qual o mal n\u00e3o far\u00e1 mal\u201d.<br \/>\nAssim, parafraseando esse texto de S\u00e3o Francisco, criou-se a ora\u00e7\u00e3o pela paz, no ano de 1912, de onde foi retirado o lema para as festividades do bicenten\u00e1rio de morte de Frei Galv\u00e3o: \u201c\u00c9 morrendo que se vive para a vida eterna\u201d. Vale destacar que com as comemora\u00e7\u00f5es desse bicenten\u00e1rio de morte quer-se celebrar o aspecto de imortalidade de todo ser humano, pois a morte \u00e9 apenas uma passagem para a vida plena em Deus. Ao mesmo tempo, tem-se por objetivo denunciar todas as express\u00f5es de morte, de viol\u00eancia e de abrevia\u00e7\u00e3o da vida, que muitas vezes contradiz o projeto de Deus de que todos tenham vida em plenitude.<\/p>\n<p><img loading=\"lazy\" class=\"alignnone wp-image-240061 size-full\" src=\"https:\/\/franciscanos.org.br\/noticias\/wp-content\/uploads\/2022\/10\/galvao_0710_2.jpg\" alt=\"\" width=\"1280\" height=\"503\" srcset=\"https:\/\/franciscanos.org.br\/noticias\/wp-content\/uploads\/2022\/10\/galvao_0710_2.jpg 1280w, https:\/\/franciscanos.org.br\/noticias\/wp-content\/uploads\/2022\/10\/galvao_0710_2-450x177.jpg 450w, https:\/\/franciscanos.org.br\/noticias\/wp-content\/uploads\/2022\/10\/galvao_0710_2-1024x402.jpg 1024w, https:\/\/franciscanos.org.br\/noticias\/wp-content\/uploads\/2022\/10\/galvao_0710_2-768x302.jpg 768w, https:\/\/franciscanos.org.br\/noticias\/wp-content\/uploads\/2022\/10\/galvao_0710_2-150x59.jpg 150w\" sizes=\"(max-width: 1280px) 100vw, 1280px\" \/><\/p>\n<p><strong>NOVENA TEM IN\u00cdCIO NO DIA 16<\/strong><\/p>\n<p>Os festejos come\u00e7ar\u00e3o no dia 15 de outubro com uma carreata percorrendo os v\u00e1rios bairros da cidade de Guaratinguet\u00e1 para convidar a todos os devotos a participarem da grande festa do santo dessa terra. A tradicional Corrida de Frei Galv\u00e3o ir\u00e1 acontecer no dia 16 de outubro, em parceria com a Secretaria de Esportes da cidade.<\/p>\n<p>A novena (nove dias de ora\u00e7\u00e3o) ter\u00e1 seu in\u00edcio no dia 16 e t\u00e9rmino no dia 24 de outubro, um dia antes da data em que se comemora o dia do primeiro santo brasileiro.<\/p>\n<p>Em todos esses dias as celebra\u00e7\u00f5es ser\u00e3o realizadas \u00e0s 15h e 19h30, acompanhadas de festa externa com barraquinhas de comidas t\u00edpicas, bolo de Frei Galv\u00e3o e brinquedos para as crian\u00e7as.<\/p>\n<p>Al\u00e9m das celebra\u00e7\u00f5es realizadas no Santu\u00e1rio, haver\u00e1 uma visita mission\u00e1ria dos Frades, freiras e leigos em diferentes institui\u00e7\u00f5es, tais como asilos, pres\u00eddios e hospitais, lugares concebidos como as novas periferias existenciais e geogr\u00e1ficas.<\/p>\n<p>Trata-se de levar a presen\u00e7a de Frei Galv\u00e3o at\u00e9 aquelas pessoas que n\u00e3o poder\u00e3o vir at\u00e9 o Santu\u00e1rio. No que diz respeito \u00e0 programa\u00e7\u00e3o cultural haver\u00e1 apresenta\u00e7\u00e3o de Congadas, apresenta\u00e7\u00e3o do Coral dos Canarinhos de Petr\u00f3polis \u2013 RJ, show com Andr\u00e9 Moraes, Ariane Zaine (The Voice), Giovanna Urano (Canta comigo), entre outros artistas da regi\u00e3o do Vale do Para\u00edba.<\/p>\n<p>Na antev\u00e9spera da Festa de Frei Galv\u00e3o, no dia 23 de outubro, acontecer\u00e1 uma exposi\u00e7\u00e3o de carros antigos. Paralelamente a exposi\u00e7\u00e3o, o sorteio do Fusca de Frei Galv\u00e3o. Uma a\u00e7\u00e3o entre amigos que est\u00e3o vendendo bilhetes no valor de R$10,00 (dez reais). Ainda podem ser adquiridos pelo telefone (12) 99684-6350 ou diretamente no Santu\u00e1rio.<\/p>\n<p>Para o dia 25 de outubro, feriado na cidade de Guaratinguet\u00e1, o dia come\u00e7a com a missa da Alvorada, \u00e0s 6h, seguida da Missa transmitida pela TV Aparecida, \u00e0s 9h. \u00c0s 12h haver\u00e1 a missa da Fam\u00edlia Mission\u00e1ria de Frei Galv\u00e3o. No per\u00edodo da tarde, \u00e0s 15h30 Missa Solene transmitida pela TV Can\u00e7\u00e3o Nova. Em seguida, \u00e0s 17h, os fi\u00e9is percorrer\u00e3o as ruas das imedia\u00e7\u00f5es do Santu\u00e1rio Frei Galv\u00e3o, em Prociss\u00e3o com a imagem de Frei Galv\u00e3o, que se encerrar\u00e1 com a Missa Solene das 19h, transmitida pela Rede Vida de Televis\u00e3o e presidida pelo Arcebispo de Aparecida, Dom Orlando Brandes.<\/p>\n<p>Para a realiza\u00e7\u00e3o dessa Festa de Frei Galv\u00e3o 2022, o Santu\u00e1rio est\u00e1 contando com as doa\u00e7\u00f5es dos fi\u00e9is, o apoio da Prefeitura de Guaratinguet\u00e1, das Secretarias de Turismo e Cultura, al\u00e9m de alguns patroc\u00ednios de empresas privadas.<\/p>\n<p>Cientes da import\u00e2ncia desse evento n\u00e3o somente para os fi\u00e9is e devotos, mas tamb\u00e9m para toda a cidade de Guaratinguet\u00e1, os Frades, administradores do Santu\u00e1rio, refor\u00e7am o convite para que todos se envolvam na realiza\u00e7\u00e3o dessa grandiosa festa do Santo de nossa terra.<\/p>\n<p>Celebremos o mais ilustre filho de Guaratinguet\u00e1, nosso querido Santo Ant\u00f4nio de Sant`Anna Galv\u00e3o!<br \/>\nPaz e bem!<\/p>\n<p><img loading=\"lazy\" class=\"alignnone size-full wp-image-240082\" src=\"https:\/\/franciscanos.org.br\/noticias\/wp-content\/uploads\/2022\/10\/cartaz.jpg\" alt=\"\" width=\"833\" height=\"1176\" srcset=\"https:\/\/franciscanos.org.br\/noticias\/wp-content\/uploads\/2022\/10\/cartaz.jpg 833w, https:\/\/franciscanos.org.br\/noticias\/wp-content\/uploads\/2022\/10\/cartaz-319x450.jpg 319w, https:\/\/franciscanos.org.br\/noticias\/wp-content\/uploads\/2022\/10\/cartaz-725x1024.jpg 725w, https:\/\/franciscanos.org.br\/noticias\/wp-content\/uploads\/2022\/10\/cartaz-768x1084.jpg 768w, https:\/\/franciscanos.org.br\/noticias\/wp-content\/uploads\/2022\/10\/cartaz-150x212.jpg 150w\" sizes=\"(max-width: 833px) 100vw, 833px\" \/><\/p>\n<hr \/>\n<h3><strong>PROGRAMA\u00c7\u00c3O DA FESTA<\/strong><\/h3>\n<p><strong>15 de outubro &#8211; S\u00e1bado<\/strong><br \/>\n9h &#8211; Abertura das Barraquinhas de Doces e Salgados<br \/>\n15h &#8211; Missa de Envio da Carreata<br \/>\n16h30 &#8211; Carreata pela cidade de Guaratinguet\u00e1 &#8211; SP<br \/>\n19h30 &#8211; Missa de Envio dos Volunt\u00e1rios (as)<br \/>\n21h &#8211; Show com Praianinho e Banda<br \/>\n21h &#8211; A\u00e7\u00e3o entre amigos<\/p>\n<p><strong>16 de outubro &#8211; Domingo (Gesto concreto: Feij\u00e3o)<\/strong><br \/>\n6h &#8211; Missa<br \/>\n7h &#8211; Corrida de Frei Galv\u00e3o<br \/>\n8h &#8211; Missa<br \/>\n9h &#8211; Abertura das Barraquinhas de Doces e Salgados<br \/>\n10h &#8211; Missa<br \/>\n11h30 &#8211; Levantamento do mastro e apresenta\u00e7\u00e3o das Congadas<br \/>\n15h &#8211; Missa do 1\u00b0 dia da Novena &#8211; Tema: &#8220;Frei Galv\u00e3o, Arauto da Justi\u00e7a e da Paz&#8221;.<br \/>\n17h30 &#8211; Missa<br \/>\n19h30 &#8211; Missa 1\u00b0 dia da Novena &#8211; Tema: \u201cFrei Galv\u00e3o, Arauto da Justi\u00e7a e da Paz\u201d.<br \/>\n21h &#8211; Show com M\u00e1rcio Torres<br \/>\n21h &#8211; A\u00e7\u00e3o entre amigos<\/p>\n<p><strong>17 de outubro &#8211; Segunda-feira (Gesto concreto: Arroz)<\/strong><br \/>\n7h &#8211; Missa<br \/>\n9h &#8211; Miss\u00e3o: Visita ao Asilo Lar de S\u00e3o Jos\u00e9<br \/>\n15h &#8211; Missa do 2\u00b0 dia da Novena &#8211; Tema: \u201cFrei Galv\u00e3o, Homem da Partilha com os Pobres\u201d.<br \/>\n19h30 &#8211; Missa do 2\u00b0 dia da Novena &#8211; Tema: \u201cFrei Galv\u00e3o, Homem da Partilha com os Pobres\u201d.<br \/>\n19h00 &#8211; Barraquinhas de Doces e Salgados<\/p>\n<p><strong>18 de outubro &#8211; Ter\u00e7a-feira (Gesto concreto: Macarr\u00e3o)<\/strong><br \/>\n7h &#8211; Missa<br \/>\n9h &#8211; Miss\u00e3o: Visita ao Asilo Lar dos Velhinhos S\u00e3o Francisco de Assis<br \/>\n15h &#8211; Missa do 3\u00b0 dia da Novena &#8211; Tema: \u201cFrei Galv\u00e3o, Construtor do Reino de Deus\u201d.<br \/>\n19h30 &#8211; Missa do 3\u00b0 dia da Novena &#8211; Tema: \u201cFrei Galv\u00e3o, Construtor do Reino de Deus\u201d.<br \/>\n19h00 &#8211; Barraquinhas de Doces e Salgados<\/p>\n<p><strong>19 de outubro &#8211; Quarta-feira (Gesto concreto: A\u00e7\u00facar)<\/strong><br \/>\n9h &#8211; Miss\u00e3o: Visita ao Pres\u00eddio P1 de Potim<br \/>\n15h &#8211; Missa do 4\u00b0 dia da Novena &#8211; Tema: \u201cFrei Galv\u00e3o, Administrador Fiel da Caridade\u201d.<br \/>\n19h30 &#8211; Missa do 4\u00b0 dia da Novena &#8211; Tema: \u201cFrei Galv\u00e3o, Administrador Fiel da Caridade\u201d<br \/>\n19h00 &#8211; Barraquinhas de Doces e Salgados<\/p>\n<p><strong>20 de outubro &#8211; Quinta-feira (Gesto concreto: P\u00f3 de caf\u00e9)<\/strong><br \/>\n7h &#8211; Missa<br \/>\n9h &#8211; Miss\u00e3o: Visita ao Pres\u00eddio P2 de Potim<br \/>\n15h &#8211; Missa do 5\u00b0 dia da Novena &#8211; Tema: \u201cFrei Galv\u00e3o, Servo de Deus inflamado pela F\u00e9\u201d.<br \/>\n19h30 &#8211; Missa do 5\u00b0 dia da Novena &#8211; Tema: \u201cFrei Galv\u00e3o, Servo de Deus inflamado pela F\u00e9\u201d.<br \/>\n19h &#8211; Barraquinhas de Doces e Salgados<br \/>\n21h &#8211; Show com Davi Sanfoneiro<\/p>\n<p><strong>21 de outubro &#8211; Sexta-feira (Gesto concreto: Leite)<\/strong><br \/>\n7h &#8211; Missa<br \/>\n9h &#8211; Miss\u00e3o: Visita ao Hospital Frei Galv\u00e3o<br \/>\n15h &#8211; Abertura das Barraquinhas de Doces e Salgados<br \/>\n15h &#8211; Missa 6\u00b0 dia da Novena &#8211; Tema: \u201cFrei Galv\u00e3o, Presen\u00e7a Viva dos Sinais de Deus\u201d.<br \/>\n19h30 &#8211; Missa 6\u00b0 dia da Novena &#8211; Tema: \u201cFrei Galv\u00e3o, Presen\u00e7a Viva dos Sinais de Deus\u201d.<br \/>\n21h &#8211; A\u00e7\u00e3o entre amigos<br \/>\n21h30 &#8211; Show com Andr\u00e9 Moraes<\/p>\n<p><strong>22 de outubro &#8211; S\u00e1bado (Gesto concreto: Produtos de higiene pessoal)<\/strong><br \/>\n9h &#8211; Programa \u201cS\u00e1bado no Santu\u00e1rio\u201d &#8211; TV Aparecida<br \/>\n9h &#8211; Abertura das Barraquinhas de Doces e salgados<br \/>\n11h &#8211; Chegada e B\u00ean\u00e7\u00e3o dos Ciclistas (Pedal de Frei Galv\u00e3o)<br \/>\n15h &#8211; Missa 7\u00b0 dia da Novena &#8211; Tema: \u201cFrei Galv\u00e3o, Terra F\u00e9rtil de Frutos Bons\u201d.<br \/>\n17h &#8211; Apresenta\u00e7\u00e3o do Coral Canarinhos de Petr\u00f3polis<br \/>\n19h30 &#8211; Missa 7\u00b0 dia da Novena &#8211; Tema: \u201cFrei Galv\u00e3o, Terra F\u00e9rtil de Frutos Bons\u201d<br \/>\n21h &#8211; Show com Ariane Zaine (The Voice)<br \/>\n21h &#8211; A\u00e7\u00e3o entre amigos<\/p>\n<p><strong>23 de outubro &#8211; Domingo (Gesto concreto: \u00d3leo)<\/strong><br \/>\n6h &#8211; Missa<br \/>\n8h &#8211; Missa<br \/>\n9h &#8211; 8\u00b0 Encontro de Fuscas e Carros Antigos &#8211; Na Alameda Frei Galv\u00e3o<br \/>\n9h &#8211; Abertura das Barraquinhas de Doces e Salgados<br \/>\n10h &#8211; Missa<br \/>\n11h30 &#8211; Sorteio do fusca de Frei Galv\u00e3o &#8211; Transmiss\u00e3o pela TV Frei Galv\u00e3o (You Tube)<br \/>\n13h &#8211; Show com J\u00fanior P\u00e9rola<br \/>\n15h &#8211; Missa do 8\u00b0 dia da Novena &#8211; Tema: \u201cFrei Galv\u00e3o, Exemplo de Ora\u00e7\u00e3o e Humildade\u201d.<br \/>\n17h30 &#8211; Missa<br \/>\n19h30 &#8211; Missa do 8\u00b0 dia da Novena &#8211; Tema: \u201cFrei Galv\u00e3o, Exemplo de Ora\u00e7\u00e3o e Humildade\u201d<br \/>\n21h &#8211; Show com Adriana Gil<br \/>\n21h &#8211; A\u00e7\u00e3o entre amigos<\/p>\n<p><strong>24 de outubro &#8211; Segunda-feira (Gesto concreto: Fralda Geri\u00e1trica)<\/strong><br \/>\n7h &#8211; Missa<br \/>\n15h &#8211; Missa 9\u00b0 dia da Novena &#8211; Tema: \u201cFrei Galv\u00e3o, Esperan\u00e7a dos Enfermos\u201d.<br \/>\n15h &#8211; Abertura das Barraquinhas de Doces e Salgados<br \/>\n19h30 &#8211; Missa 9\u00b0 dia da Novena &#8211; Tema: \u201cFrei Galv\u00e3o, Esperan\u00e7a dos Enfermos\u201d.<br \/>\n21h &#8211; Show com Giovanna Urano (Canta Comigo)<br \/>\n21h &#8211; A\u00e7\u00e3o entre amigos<\/p>\n<p><strong>25 de outubro &#8211; Ter\u00e7a-feira<\/strong><br \/>\n6h &#8211; Missa Solene da Alvorada<br \/>\n9h &#8211; Missa Solene transmitida pela TV Aparecida<br \/>\n9h &#8211; Abertura das Barraquinhas de Doces e Salgados<br \/>\n10h30 &#8211; Show com Moacyr e Sandra<br \/>\n12h &#8211; Missa Solene da Fam\u00edlia Mission\u00e1ria de Frei Galv\u00e3o<br \/>\n13h30 &#8211; Show com Daniel Netho<br \/>\n15h &#8211; Ter\u00e7o da Miseric\u00f3rdia &#8211; Transmitido pela TV Can\u00e7\u00e3o Nova<br \/>\n15h30 &#8211; Missa Solene &#8211; Transmitida pela TV Can\u00e7\u00e3o Nova<br \/>\n17h &#8211; Prociss\u00e3o Solene pelas imedia\u00e7\u00f5es do Santu\u00e1rio<br \/>\n19h &#8211; Missa Solene de Encerramento presidida por Dom Orlando Brandes, Transmitida pela<br \/>\nTV Rede Vida<br \/>\n20h &#8211; Show com F\u00e1bio Satim<br \/>\n20h &#8211; A\u00e7\u00e3o entre amigos<\/p>\n<hr \/>\n<p><em>Frei Leandro Costa Santos<\/em><\/p>\n","protected":false},"excerpt":{"rendered":"<p>Santu\u00e1rio Frei Galv\u00e3o<\/p>\n","protected":false},"author":3,"featured_media":0,"comment_status":"open","ping_status":"open","sticky":false,"template":"","format":"standard","meta":[],"categories":[1],"tags":[2067],"acf":[],"yoast_head":"<!-- This site is optimized with the Yoast SEO plugin v19.2 - https:\/\/yoast.com\/wordpress\/plugins\/seo\/ -->\n<title>Festa de Frei Galv\u00e3o 2022 recorda os 200 anos de morte do primeiro santo brasileiro - Not\u00edcias - Franciscanos<\/title>\n<meta name=\"robots\" content=\"index, follow, max-snippet:-1, max-image-preview:large, max-video-preview:-1\" \/>\n<link rel=\"canonical\" href=\"https:\/\/franciscanos.org.br\/noticias\/festa-de-frei-galvao-2022-recorda-os-200-anos-de-morte-do-primeiro-santo-brasileiro.html\" \/>\n<meta property=\"og:locale\" content=\"pt_BR\" \/>\n<meta property=\"og:type\" content=\"article\" \/>\n<meta property=\"og:title\" content=\"Festa de Frei Galv\u00e3o 2022 recorda os 200 anos de morte do primeiro santo brasileiro - Not\u00edcias - Franciscanos\" \/>\n<meta property=\"og:description\" content=\"Santu\u00e1rio Frei Galv\u00e3o\" \/>\n<meta property=\"og:url\" content=\"https:\/\/franciscanos.org.br\/noticias\/festa-de-frei-galvao-2022-recorda-os-200-anos-de-morte-do-primeiro-santo-brasileiro.html\" \/>\n<meta property=\"og:site_name\" content=\"Not\u00edcias - Franciscanos\" \/>\n<meta property=\"article:published_time\" content=\"2022-10-16T05:42:34+00:00\" \/>\n<meta property=\"article:modified_time\" content=\"2022-10-16T11:53:14+00:00\" \/>\n<meta property=\"og:image\" content=\"https:\/\/franciscanos.org.br\/noticias\/wp-content\/uploads\/2022\/10\/galvao_0710.jpg\" \/>\n<meta name=\"author\" content=\"moacir\" \/>\n<meta name=\"twitter:card\" content=\"summary_large_image\" \/>\n<meta name=\"twitter:label1\" content=\"Escrito por\" \/>\n\t<meta name=\"twitter:data1\" content=\"moacir\" \/>\n\t<meta name=\"twitter:label2\" content=\"Est. tempo de leitura\" \/>\n\t<meta name=\"twitter:data2\" content=\"9 minutos\" \/>\n<script type=\"application\/ld+json\" class=\"yoast-schema-graph\">{\"@context\":\"https:\/\/schema.org\",\"@graph\":[{\"@type\":\"WebSite\",\"@id\":\"https:\/\/franciscanos.org.br\/noticias\/#website\",\"url\":\"https:\/\/franciscanos.org.br\/noticias\/\",\"name\":\"Not\u00edcias - Franciscanos\",\"description\":\"Prov\u00edncia Franciscana da Imaculada Concei\u00e7\u00e3o do Brasil - Ordem dos Frades Menores - OFM\",\"potentialAction\":[{\"@type\":\"SearchAction\",\"target\":{\"@type\":\"EntryPoint\",\"urlTemplate\":\"https:\/\/franciscanos.org.br\/noticias\/?s={search_term_string}\"},\"query-input\":\"required name=search_term_string\"}],\"inLanguage\":\"pt-BR\"},{\"@type\":\"ImageObject\",\"inLanguage\":\"pt-BR\",\"@id\":\"https:\/\/franciscanos.org.br\/noticias\/festa-de-frei-galvao-2022-recorda-os-200-anos-de-morte-do-primeiro-santo-brasileiro.html#primaryimage\",\"url\":\"https:\/\/franciscanos.org.br\/noticias\/wp-content\/uploads\/2022\/10\/galvao_0710.jpg\",\"contentUrl\":\"https:\/\/franciscanos.org.br\/noticias\/wp-content\/uploads\/2022\/10\/galvao_0710.jpg\",\"width\":1280,\"height\":720},{\"@type\":\"WebPage\",\"@id\":\"https:\/\/franciscanos.org.br\/noticias\/festa-de-frei-galvao-2022-recorda-os-200-anos-de-morte-do-primeiro-santo-brasileiro.html#webpage\",\"url\":\"https:\/\/franciscanos.org.br\/noticias\/festa-de-frei-galvao-2022-recorda-os-200-anos-de-morte-do-primeiro-santo-brasileiro.html\",\"name\":\"Festa de Frei Galv\u00e3o 2022 recorda os 200 anos de morte do primeiro santo brasileiro - Not\u00edcias - Franciscanos\",\"isPartOf\":{\"@id\":\"https:\/\/franciscanos.org.br\/noticias\/#website\"},\"primaryImageOfPage\":{\"@id\":\"https:\/\/franciscanos.org.br\/noticias\/festa-de-frei-galvao-2022-recorda-os-200-anos-de-morte-do-primeiro-santo-brasileiro.html#primaryimage\"},\"datePublished\":\"2022-10-16T05:42:34+00:00\",\"dateModified\":\"2022-10-16T11:53:14+00:00\",\"author\":{\"@id\":\"https:\/\/franciscanos.org.br\/noticias\/#\/schema\/person\/b5c8cba458c330ccff548b056e95a5d4\"},\"breadcrumb\":{\"@id\":\"https:\/\/franciscanos.org.br\/noticias\/festa-de-frei-galvao-2022-recorda-os-200-anos-de-morte-do-primeiro-santo-brasileiro.html#breadcrumb\"},\"inLanguage\":\"pt-BR\",\"potentialAction\":[{\"@type\":\"ReadAction\",\"target\":[\"https:\/\/franciscanos.org.br\/noticias\/festa-de-frei-galvao-2022-recorda-os-200-anos-de-morte-do-primeiro-santo-brasileiro.html\"]}]},{\"@type\":\"BreadcrumbList\",\"@id\":\"https:\/\/franciscanos.org.br\/noticias\/festa-de-frei-galvao-2022-recorda-os-200-anos-de-morte-do-primeiro-santo-brasileiro.html#breadcrumb\",\"itemListElement\":[{\"@type\":\"ListItem\",\"position\":1,\"name\":\"Home\",\"item\":\"https:\/\/franciscanos.org.br\/noticias\"},{\"@type\":\"ListItem\",\"position\":2,\"name\":\"Festa de Frei Galv\u00e3o 2022 recorda os 200 anos de morte do primeiro santo brasileiro\"}]},{\"@type\":\"Person\",\"@id\":\"https:\/\/franciscanos.org.br\/noticias\/#\/schema\/person\/b5c8cba458c330ccff548b056e95a5d4\",\"name\":\"moacir\",\"image\":{\"@type\":\"ImageObject\",\"inLanguage\":\"pt-BR\",\"@id\":\"https:\/\/franciscanos.org.br\/noticias\/#\/schema\/person\/image\/\",\"url\":\"https:\/\/secure.gravatar.com\/avatar\/d08aa2ce4c8dd416d4479aa8536fcf64?s=96&d=mm&r=g\",\"contentUrl\":\"https:\/\/secure.gravatar.com\/avatar\/d08aa2ce4c8dd416d4479aa8536fcf64?s=96&d=mm&r=g\",\"caption\":\"moacir\"},\"url\":\"https:\/\/franciscanos.org.br\/noticias\/author\/moacir\"}]}<\/script>\n<!-- \/ Yoast SEO plugin. -->","yoast_head_json":{"title":"Festa de Frei Galv\u00e3o 2022 recorda os 200 anos de morte do primeiro santo brasileiro - Not\u00edcias - Franciscanos","robots":{"index":"index","follow":"follow","max-snippet":"max-snippet:-1","max-image-preview":"max-image-preview:large","max-video-preview":"max-video-preview:-1"},"canonical":"https:\/\/franciscanos.org.br\/noticias\/festa-de-frei-galvao-2022-recorda-os-200-anos-de-morte-do-primeiro-santo-brasileiro.html","og_locale":"pt_BR","og_type":"article","og_title":"Festa de Frei Galv\u00e3o 2022 recorda os 200 anos de morte do primeiro santo brasileiro - Not\u00edcias - Franciscanos","og_description":"Santu\u00e1rio Frei Galv\u00e3o","og_url":"https:\/\/franciscanos.org.br\/noticias\/festa-de-frei-galvao-2022-recorda-os-200-anos-de-morte-do-primeiro-santo-brasileiro.html","og_site_name":"Not\u00edcias - Franciscanos","article_published_time":"2022-10-16T05:42:34+00:00","article_modified_time":"2022-10-16T11:53:14+00:00","og_image":[{"url":"https:\/\/franciscanos.org.br\/noticias\/wp-content\/uploads\/2022\/10\/galvao_0710.jpg"}],"author":"moacir","twitter_card":"summary_large_image","twitter_misc":{"Escrito por":"moacir","Est. tempo de leitura":"9 minutos"},"schema":{"@context":"https:\/\/schema.org","@graph":[{"@type":"WebSite","@id":"https:\/\/franciscanos.org.br\/noticias\/#website","url":"https:\/\/franciscanos.org.br\/noticias\/","name":"Not\u00edcias - Franciscanos","description":"Prov\u00edncia Franciscana da Imaculada Concei\u00e7\u00e3o do Brasil - Ordem dos Frades Menores - OFM","potentialAction":[{"@type":"SearchAction","target":{"@type":"EntryPoint","urlTemplate":"https:\/\/franciscanos.org.br\/noticias\/?s={search_term_string}"},"query-input":"required name=search_term_string"}],"inLanguage":"pt-BR"},{"@type":"ImageObject","inLanguage":"pt-BR","@id":"https:\/\/franciscanos.org.br\/noticias\/festa-de-frei-galvao-2022-recorda-os-200-anos-de-morte-do-primeiro-santo-brasileiro.html#primaryimage","url":"https:\/\/franciscanos.org.br\/noticias\/wp-content\/uploads\/2022\/10\/galvao_0710.jpg","contentUrl":"https:\/\/franciscanos.org.br\/noticias\/wp-content\/uploads\/2022\/10\/galvao_0710.jpg","width":1280,"height":720},{"@type":"WebPage","@id":"https:\/\/franciscanos.org.br\/noticias\/festa-de-frei-galvao-2022-recorda-os-200-anos-de-morte-do-primeiro-santo-brasileiro.html#webpage","url":"https:\/\/franciscanos.org.br\/noticias\/festa-de-frei-galvao-2022-recorda-os-200-anos-de-morte-do-primeiro-santo-brasileiro.html","name":"Festa de Frei Galv\u00e3o 2022 recorda os 200 anos de morte do primeiro santo brasileiro - Not\u00edcias - Franciscanos","isPartOf":{"@id":"https:\/\/franciscanos.org.br\/noticias\/#website"},"primaryImageOfPage":{"@id":"https:\/\/franciscanos.org.br\/noticias\/festa-de-frei-galvao-2022-recorda-os-200-anos-de-morte-do-primeiro-santo-brasileiro.html#primaryimage"},"datePublished":"2022-10-16T05:42:34+00:00","dateModified":"2022-10-16T11:53:14+00:00","author":{"@id":"https:\/\/franciscanos.org.br\/noticias\/#\/schema\/person\/b5c8cba458c330ccff548b056e95a5d4"},"breadcrumb":{"@id":"https:\/\/franciscanos.org.br\/noticias\/festa-de-frei-galvao-2022-recorda-os-200-anos-de-morte-do-primeiro-santo-brasileiro.html#breadcrumb"},"inLanguage":"pt-BR","potentialAction":[{"@type":"ReadAction","target":["https:\/\/franciscanos.org.br\/noticias\/festa-de-frei-galvao-2022-recorda-os-200-anos-de-morte-do-primeiro-santo-brasileiro.html"]}]},{"@type":"BreadcrumbList","@id":"https:\/\/franciscanos.org.br\/noticias\/festa-de-frei-galvao-2022-recorda-os-200-anos-de-morte-do-primeiro-santo-brasileiro.html#breadcrumb","itemListElement":[{"@type":"ListItem","position":1,"name":"Home","item":"https:\/\/franciscanos.org.br\/noticias"},{"@type":"ListItem","position":2,"name":"Festa de Frei Galv\u00e3o 2022 recorda os 200 anos de morte do primeiro santo brasileiro"}]},{"@type":"Person","@id":"https:\/\/franciscanos.org.br\/noticias\/#\/schema\/person\/b5c8cba458c330ccff548b056e95a5d4","name":"moacir","image":{"@type":"ImageObject","inLanguage":"pt-BR","@id":"https:\/\/franciscanos.org.br\/noticias\/#\/schema\/person\/image\/","url":"https:\/\/secure.gravatar.com\/avatar\/d08aa2ce4c8dd416d4479aa8536fcf64?s=96&d=mm&r=g","contentUrl":"https:\/\/secure.gravatar.com\/avatar\/d08aa2ce4c8dd416d4479aa8536fcf64?s=96&d=mm&r=g","caption":"moacir"},"url":"https:\/\/franciscanos.org.br\/noticias\/author\/moacir"}]}},"_links":{"self":[{"href":"https:\/\/franciscanos.org.br\/noticias\/wp-json\/wp\/v2\/posts\/240059"}],"collection":[{"href":"https:\/\/franciscanos.org.br\/noticias\/wp-json\/wp\/v2\/posts"}],"about":[{"href":"https:\/\/franciscanos.org.br\/noticias\/wp-json\/wp\/v2\/types\/post"}],"author":[{"embeddable":true,"href":"https:\/\/franciscanos.org.br\/noticias\/wp-json\/wp\/v2\/users\/3"}],"replies":[{"embeddable":true,"href":"https:\/\/franciscanos.org.br\/noticias\/wp-json\/wp\/v2\/comments?post=240059"}],"version-history":[{"count":5,"href":"https:\/\/franciscanos.org.br\/noticias\/wp-json\/wp\/v2\/posts\/240059\/revisions"}],"predecessor-version":[{"id":240187,"href":"https:\/\/franciscanos.org.br\/noticias\/wp-json\/wp\/v2\/posts\/240059\/revisions\/240187"}],"wp:attachment":[{"href":"https:\/\/franciscanos.org.br\/noticias\/wp-json\/wp\/v2\/media?parent=240059"}],"wp:term":[{"taxonomy":"category","embeddable":true,"href":"https:\/\/franciscanos.org.br\/noticias\/wp-json\/wp\/v2\/categories?post=240059"},{"taxonomy":"post_tag","embeddable":true,"href":"https:\/\/franciscanos.org.br\/noticias\/wp-json\/wp\/v2\/tags?post=240059"}],"curies":[{"name":"wp","href":"https:\/\/api.w.org\/{rel}","templated":true}]}}