{"id":240038,"date":"2022-10-05T14:43:59","date_gmt":"2022-10-05T17:43:59","guid":{"rendered":"https:\/\/franciscanos.org.br\/noticias\/?p=240038"},"modified":"2022-12-31T12:47:54","modified_gmt":"2022-12-31T15:47:54","slug":"franciscanos-de-vila-velha-celebram-sao-francisco-um-exemplo-de-amor-e-cuidado-com-a-criacao","status":"publish","type":"post","link":"https:\/\/franciscanos.org.br\/noticias\/franciscanos-de-vila-velha-celebram-sao-francisco-um-exemplo-de-amor-e-cuidado-com-a-criacao.html","title":{"rendered":"Franciscanos de Vila Velha celebram S\u00e3o Francisco: um exemplo de amor e cuidado com a cria\u00e7\u00e3o"},"content":{"rendered":"<p><img loading=\"lazy\" class=\"alignnone wp-image-240039 size-full\" src=\"https:\/\/franciscanos.org.br\/noticias\/wp-content\/uploads\/2022\/10\/vilavelha_01.jpg\" alt=\"\" width=\"1600\" height=\"900\" srcset=\"https:\/\/franciscanos.org.br\/noticias\/wp-content\/uploads\/2022\/10\/vilavelha_01.jpg 1600w, https:\/\/franciscanos.org.br\/noticias\/wp-content\/uploads\/2022\/10\/vilavelha_01-450x253.jpg 450w, https:\/\/franciscanos.org.br\/noticias\/wp-content\/uploads\/2022\/10\/vilavelha_01-1024x576.jpg 1024w, https:\/\/franciscanos.org.br\/noticias\/wp-content\/uploads\/2022\/10\/vilavelha_01-768x432.jpg 768w, https:\/\/franciscanos.org.br\/noticias\/wp-content\/uploads\/2022\/10\/vilavelha_01-1536x864.jpg 1536w, https:\/\/franciscanos.org.br\/noticias\/wp-content\/uploads\/2022\/10\/vilavelha_01-150x84.jpg 150w\" sizes=\"(max-width: 1600px) 100vw, 1600px\" \/><\/p>\n<p>A Festa de S\u00e3o Francisco de Assis em todo o mundo foi marcada por milhares de manifesta\u00e7\u00f5es de amor e devo\u00e7\u00e3o ao Patrono da Ecologia e Fundador das Tr\u00eas Ordens Franciscanas. Em Vila Velha, Esp\u00edrito Santo, com muitos vivas, homenagens e louvores, os devotos renderam gra\u00e7as ao Senhor pela intercess\u00e3o do Pobrezinho de Assis, que \u00e9 um dos santos mais venerados e queridos, respeitado inclusive em outras religi\u00f5es. No contexto de guerra e de viol\u00eancia, o santo tamb\u00e9m \u00e9 intercessor no apelo pela paz, pela justi\u00e7a e pela fraternidade.<\/p>\n<p>Para festejar este t\u00e3o importante santo, os franciscanos, que est\u00e3o presentes na cidade canela-verde desde 1558, realizaram uma programa\u00e7\u00e3o especial. Ao longo do dia, fi\u00e9is levaram os animais de estima\u00e7\u00e3o para a tradicional \u201cb\u00ean\u00e7\u00e3o dos animais\u201d que acontece sempre no p\u00e1tio do Santu\u00e1rio do Divino Esp\u00edrito Santo no Centro de Vila Velha. Os freis se revezaram para atender todo mundo. A atividade teve in\u00edcio \u00e0s 8h15 e se estendeu at\u00e9 o in\u00edcio da noite.<\/p>\n<p><img loading=\"lazy\" class=\"alignnone wp-image-240040 size-full\" src=\"https:\/\/franciscanos.org.br\/noticias\/wp-content\/uploads\/2022\/10\/vilavelha_03.jpg\" alt=\"\" width=\"1280\" height=\"854\" srcset=\"https:\/\/franciscanos.org.br\/noticias\/wp-content\/uploads\/2022\/10\/vilavelha_03.jpg 1280w, https:\/\/franciscanos.org.br\/noticias\/wp-content\/uploads\/2022\/10\/vilavelha_03-450x300.jpg 450w, https:\/\/franciscanos.org.br\/noticias\/wp-content\/uploads\/2022\/10\/vilavelha_03-1024x683.jpg 1024w, https:\/\/franciscanos.org.br\/noticias\/wp-content\/uploads\/2022\/10\/vilavelha_03-768x512.jpg 768w, https:\/\/franciscanos.org.br\/noticias\/wp-content\/uploads\/2022\/10\/vilavelha_03-150x100.jpg 150w\" sizes=\"(max-width: 1280px) 100vw, 1280px\" \/><\/p>\n<p>Em parceria com a Prefeitura de Vila Velha, o Santu\u00e1rio tamb\u00e9m realizou uma feira de ado\u00e7\u00e3o de c\u00e3es. Ao todo foram disponibilizados dez c\u00e3es para ado\u00e7\u00e3o na a\u00e7\u00e3o pontual, no entanto, h\u00e1 mais de 600 animais esperando um lar. Celso Cristo, diretor de bem estar animal da secretaria de meio ambiete da cidade, enfatizou que o trabalho desenvolvido pela administra\u00e7\u00e3o municipal \u00e9 de resgatar animais que foram abandonados nas ruas ou que foram v\u00edtimas de acidentes, atropelamentos, entre outras situa\u00e7\u00f5es. \u201cNosso objetivo \u00e9 disponibilizar animais para ado\u00e7\u00e3o; esses que foram resgatados pelo bem estar animal da prefeitura numa condi\u00e7\u00e3o de maus tratos ou de atropelamento, de doen\u00e7a extrema que \u00e9 o alvo do resgate da nossa prefeitura. Todos os animais que s\u00e3o resgatados pelo munic\u00edpio [temos um n\u00famero pr\u00f3ximo de 700 animais resgatados] eles passam por um tratamento m\u00e9dico veterin\u00e1rio numa empresa contratada, ficam alojados at\u00e9 que sejam disponibilizados para ado\u00e7\u00e3o. Qualquer pessoa que quiser adotar um animal, seja c\u00e3o ou gato, pode ir no site da prefeitura de Vila Velha e conferir quais animais est\u00e3o dispon\u00edveis para ado\u00e7\u00e3o\u201d, explicou.<\/p>\n<p><img loading=\"lazy\" class=\"alignnone wp-image-240041 size-full\" src=\"https:\/\/franciscanos.org.br\/noticias\/wp-content\/uploads\/2022\/10\/vilavelha_02.jpg\" alt=\"\" width=\"1280\" height=\"752\" srcset=\"https:\/\/franciscanos.org.br\/noticias\/wp-content\/uploads\/2022\/10\/vilavelha_02.jpg 1280w, https:\/\/franciscanos.org.br\/noticias\/wp-content\/uploads\/2022\/10\/vilavelha_02-450x264.jpg 450w, https:\/\/franciscanos.org.br\/noticias\/wp-content\/uploads\/2022\/10\/vilavelha_02-1024x602.jpg 1024w, https:\/\/franciscanos.org.br\/noticias\/wp-content\/uploads\/2022\/10\/vilavelha_02-768x451.jpg 768w, https:\/\/franciscanos.org.br\/noticias\/wp-content\/uploads\/2022\/10\/vilavelha_02-150x88.jpg 150w\" sizes=\"(max-width: 1280px) 100vw, 1280px\" \/><\/p>\n<p>O amor de Francisco pela cria\u00e7\u00e3o era mesmo imensur\u00e1vel, a tal ponto de chamar a cria\u00e7\u00e3o toda de irm\u00e3, como explica o Frei Vanderlei Neves. \u201cS\u00e3o Francisco de Assis \u00e9 reconhecido por ser o santo protetor dos animais, isso devido a sua profunda rela\u00e7\u00e3o com toda a cria\u00e7\u00e3o. Ele enxergava nos animais, no c\u00e9u, na terra, no mar, como sendo uma cria\u00e7\u00e3o de Deus, por este motivo, todos n\u00f3s somos irm\u00e3os, de alguma forma temos uma profunda liga\u00e7\u00e3o. Seu principal ensinamento \u00e9 o respeito com toda a cria\u00e7\u00e3o\u201d, disse o P\u00e1roco da Par\u00f3quia do Ros\u00e1rio.<\/p>\n<hr \/>\n<p><em>Cristian Oliveira<\/em><\/p>\n","protected":false},"excerpt":{"rendered":"<p>Festa de S\u00e3oFrancisco de Assis<\/p>\n","protected":false},"author":3,"featured_media":240039,"comment_status":"open","ping_status":"open","sticky":false,"template":"","format":"standard","meta":[],"categories":[1],"tags":[1537,1249],"acf":[],"yoast_head":"<!-- This site is optimized with the Yoast SEO plugin v19.2 - https:\/\/yoast.com\/wordpress\/plugins\/seo\/ -->\n<title>Franciscanos de Vila Velha celebram S\u00e3o Francisco: um exemplo de amor e cuidado com a cria\u00e7\u00e3o - Not\u00edcias - Franciscanos<\/title>\n<meta name=\"robots\" content=\"index, follow, max-snippet:-1, max-image-preview:large, max-video-preview:-1\" \/>\n<link rel=\"canonical\" href=\"https:\/\/franciscanos.org.br\/noticias\/franciscanos-de-vila-velha-celebram-sao-francisco-um-exemplo-de-amor-e-cuidado-com-a-criacao.html\" \/>\n<meta property=\"og:locale\" content=\"pt_BR\" \/>\n<meta property=\"og:type\" content=\"article\" \/>\n<meta property=\"og:title\" content=\"Franciscanos de Vila Velha celebram S\u00e3o Francisco: um exemplo de amor e cuidado com a cria\u00e7\u00e3o - Not\u00edcias - Franciscanos\" \/>\n<meta property=\"og:description\" content=\"Festa de S\u00e3oFrancisco de Assis\" \/>\n<meta property=\"og:url\" content=\"https:\/\/franciscanos.org.br\/noticias\/franciscanos-de-vila-velha-celebram-sao-francisco-um-exemplo-de-amor-e-cuidado-com-a-criacao.html\" \/>\n<meta property=\"og:site_name\" content=\"Not\u00edcias - Franciscanos\" \/>\n<meta property=\"article:published_time\" content=\"2022-10-05T17:43:59+00:00\" \/>\n<meta property=\"article:modified_time\" content=\"2022-12-31T15:47:54+00:00\" \/>\n<meta property=\"og:image\" content=\"https:\/\/franciscanos.org.br\/noticias\/wp-content\/uploads\/2022\/10\/vilavelha_01.jpg\" \/>\n\t<meta property=\"og:image:width\" content=\"1600\" \/>\n\t<meta property=\"og:image:height\" content=\"900\" \/>\n\t<meta property=\"og:image:type\" content=\"image\/jpeg\" \/>\n<meta name=\"author\" content=\"moacir\" \/>\n<meta name=\"twitter:card\" content=\"summary_large_image\" \/>\n<meta name=\"twitter:label1\" content=\"Escrito por\" \/>\n\t<meta name=\"twitter:data1\" content=\"moacir\" \/>\n\t<meta name=\"twitter:label2\" content=\"Est. tempo de leitura\" \/>\n\t<meta name=\"twitter:data2\" content=\"2 minutos\" \/>\n<script type=\"application\/ld+json\" class=\"yoast-schema-graph\">{\"@context\":\"https:\/\/schema.org\",\"@graph\":[{\"@type\":\"WebSite\",\"@id\":\"https:\/\/franciscanos.org.br\/noticias\/#website\",\"url\":\"https:\/\/franciscanos.org.br\/noticias\/\",\"name\":\"Not\u00edcias - Franciscanos\",\"description\":\"Prov\u00edncia Franciscana da Imaculada Concei\u00e7\u00e3o do Brasil - Ordem dos Frades Menores - OFM\",\"potentialAction\":[{\"@type\":\"SearchAction\",\"target\":{\"@type\":\"EntryPoint\",\"urlTemplate\":\"https:\/\/franciscanos.org.br\/noticias\/?s={search_term_string}\"},\"query-input\":\"required name=search_term_string\"}],\"inLanguage\":\"pt-BR\"},{\"@type\":\"ImageObject\",\"inLanguage\":\"pt-BR\",\"@id\":\"https:\/\/franciscanos.org.br\/noticias\/franciscanos-de-vila-velha-celebram-sao-francisco-um-exemplo-de-amor-e-cuidado-com-a-criacao.html#primaryimage\",\"url\":\"https:\/\/franciscanos.org.br\/noticias\/wp-content\/uploads\/2022\/10\/vilavelha_01.jpg\",\"contentUrl\":\"https:\/\/franciscanos.org.br\/noticias\/wp-content\/uploads\/2022\/10\/vilavelha_01.jpg\",\"width\":1600,\"height\":900},{\"@type\":\"WebPage\",\"@id\":\"https:\/\/franciscanos.org.br\/noticias\/franciscanos-de-vila-velha-celebram-sao-francisco-um-exemplo-de-amor-e-cuidado-com-a-criacao.html#webpage\",\"url\":\"https:\/\/franciscanos.org.br\/noticias\/franciscanos-de-vila-velha-celebram-sao-francisco-um-exemplo-de-amor-e-cuidado-com-a-criacao.html\",\"name\":\"Franciscanos de Vila Velha celebram S\u00e3o Francisco: um exemplo de amor e cuidado com a cria\u00e7\u00e3o - Not\u00edcias - Franciscanos\",\"isPartOf\":{\"@id\":\"https:\/\/franciscanos.org.br\/noticias\/#website\"},\"primaryImageOfPage\":{\"@id\":\"https:\/\/franciscanos.org.br\/noticias\/franciscanos-de-vila-velha-celebram-sao-francisco-um-exemplo-de-amor-e-cuidado-com-a-criacao.html#primaryimage\"},\"datePublished\":\"2022-10-05T17:43:59+00:00\",\"dateModified\":\"2022-12-31T15:47:54+00:00\",\"author\":{\"@id\":\"https:\/\/franciscanos.org.br\/noticias\/#\/schema\/person\/b5c8cba458c330ccff548b056e95a5d4\"},\"breadcrumb\":{\"@id\":\"https:\/\/franciscanos.org.br\/noticias\/franciscanos-de-vila-velha-celebram-sao-francisco-um-exemplo-de-amor-e-cuidado-com-a-criacao.html#breadcrumb\"},\"inLanguage\":\"pt-BR\",\"potentialAction\":[{\"@type\":\"ReadAction\",\"target\":[\"https:\/\/franciscanos.org.br\/noticias\/franciscanos-de-vila-velha-celebram-sao-francisco-um-exemplo-de-amor-e-cuidado-com-a-criacao.html\"]}]},{\"@type\":\"BreadcrumbList\",\"@id\":\"https:\/\/franciscanos.org.br\/noticias\/franciscanos-de-vila-velha-celebram-sao-francisco-um-exemplo-de-amor-e-cuidado-com-a-criacao.html#breadcrumb\",\"itemListElement\":[{\"@type\":\"ListItem\",\"position\":1,\"name\":\"Home\",\"item\":\"https:\/\/franciscanos.org.br\/noticias\"},{\"@type\":\"ListItem\",\"position\":2,\"name\":\"Franciscanos de Vila Velha celebram S\u00e3o Francisco: um exemplo de amor e cuidado com a cria\u00e7\u00e3o\"}]},{\"@type\":\"Person\",\"@id\":\"https:\/\/franciscanos.org.br\/noticias\/#\/schema\/person\/b5c8cba458c330ccff548b056e95a5d4\",\"name\":\"moacir\",\"image\":{\"@type\":\"ImageObject\",\"inLanguage\":\"pt-BR\",\"@id\":\"https:\/\/franciscanos.org.br\/noticias\/#\/schema\/person\/image\/\",\"url\":\"https:\/\/secure.gravatar.com\/avatar\/d08aa2ce4c8dd416d4479aa8536fcf64?s=96&d=mm&r=g\",\"contentUrl\":\"https:\/\/secure.gravatar.com\/avatar\/d08aa2ce4c8dd416d4479aa8536fcf64?s=96&d=mm&r=g\",\"caption\":\"moacir\"},\"url\":\"https:\/\/franciscanos.org.br\/noticias\/author\/moacir\"}]}<\/script>\n<!-- \/ Yoast SEO plugin. -->","yoast_head_json":{"title":"Franciscanos de Vila Velha celebram S\u00e3o Francisco: um exemplo de amor e cuidado com a cria\u00e7\u00e3o - Not\u00edcias - Franciscanos","robots":{"index":"index","follow":"follow","max-snippet":"max-snippet:-1","max-image-preview":"max-image-preview:large","max-video-preview":"max-video-preview:-1"},"canonical":"https:\/\/franciscanos.org.br\/noticias\/franciscanos-de-vila-velha-celebram-sao-francisco-um-exemplo-de-amor-e-cuidado-com-a-criacao.html","og_locale":"pt_BR","og_type":"article","og_title":"Franciscanos de Vila Velha celebram S\u00e3o Francisco: um exemplo de amor e cuidado com a cria\u00e7\u00e3o - Not\u00edcias - Franciscanos","og_description":"Festa de S\u00e3oFrancisco de Assis","og_url":"https:\/\/franciscanos.org.br\/noticias\/franciscanos-de-vila-velha-celebram-sao-francisco-um-exemplo-de-amor-e-cuidado-com-a-criacao.html","og_site_name":"Not\u00edcias - Franciscanos","article_published_time":"2022-10-05T17:43:59+00:00","article_modified_time":"2022-12-31T15:47:54+00:00","og_image":[{"width":1600,"height":900,"url":"https:\/\/franciscanos.org.br\/noticias\/wp-content\/uploads\/2022\/10\/vilavelha_01.jpg","type":"image\/jpeg"}],"author":"moacir","twitter_card":"summary_large_image","twitter_misc":{"Escrito por":"moacir","Est. tempo de leitura":"2 minutos"},"schema":{"@context":"https:\/\/schema.org","@graph":[{"@type":"WebSite","@id":"https:\/\/franciscanos.org.br\/noticias\/#website","url":"https:\/\/franciscanos.org.br\/noticias\/","name":"Not\u00edcias - Franciscanos","description":"Prov\u00edncia Franciscana da Imaculada Concei\u00e7\u00e3o do Brasil - Ordem dos Frades Menores - OFM","potentialAction":[{"@type":"SearchAction","target":{"@type":"EntryPoint","urlTemplate":"https:\/\/franciscanos.org.br\/noticias\/?s={search_term_string}"},"query-input":"required name=search_term_string"}],"inLanguage":"pt-BR"},{"@type":"ImageObject","inLanguage":"pt-BR","@id":"https:\/\/franciscanos.org.br\/noticias\/franciscanos-de-vila-velha-celebram-sao-francisco-um-exemplo-de-amor-e-cuidado-com-a-criacao.html#primaryimage","url":"https:\/\/franciscanos.org.br\/noticias\/wp-content\/uploads\/2022\/10\/vilavelha_01.jpg","contentUrl":"https:\/\/franciscanos.org.br\/noticias\/wp-content\/uploads\/2022\/10\/vilavelha_01.jpg","width":1600,"height":900},{"@type":"WebPage","@id":"https:\/\/franciscanos.org.br\/noticias\/franciscanos-de-vila-velha-celebram-sao-francisco-um-exemplo-de-amor-e-cuidado-com-a-criacao.html#webpage","url":"https:\/\/franciscanos.org.br\/noticias\/franciscanos-de-vila-velha-celebram-sao-francisco-um-exemplo-de-amor-e-cuidado-com-a-criacao.html","name":"Franciscanos de Vila Velha celebram S\u00e3o Francisco: um exemplo de amor e cuidado com a cria\u00e7\u00e3o - Not\u00edcias - Franciscanos","isPartOf":{"@id":"https:\/\/franciscanos.org.br\/noticias\/#website"},"primaryImageOfPage":{"@id":"https:\/\/franciscanos.org.br\/noticias\/franciscanos-de-vila-velha-celebram-sao-francisco-um-exemplo-de-amor-e-cuidado-com-a-criacao.html#primaryimage"},"datePublished":"2022-10-05T17:43:59+00:00","dateModified":"2022-12-31T15:47:54+00:00","author":{"@id":"https:\/\/franciscanos.org.br\/noticias\/#\/schema\/person\/b5c8cba458c330ccff548b056e95a5d4"},"breadcrumb":{"@id":"https:\/\/franciscanos.org.br\/noticias\/franciscanos-de-vila-velha-celebram-sao-francisco-um-exemplo-de-amor-e-cuidado-com-a-criacao.html#breadcrumb"},"inLanguage":"pt-BR","potentialAction":[{"@type":"ReadAction","target":["https:\/\/franciscanos.org.br\/noticias\/franciscanos-de-vila-velha-celebram-sao-francisco-um-exemplo-de-amor-e-cuidado-com-a-criacao.html"]}]},{"@type":"BreadcrumbList","@id":"https:\/\/franciscanos.org.br\/noticias\/franciscanos-de-vila-velha-celebram-sao-francisco-um-exemplo-de-amor-e-cuidado-com-a-criacao.html#breadcrumb","itemListElement":[{"@type":"ListItem","position":1,"name":"Home","item":"https:\/\/franciscanos.org.br\/noticias"},{"@type":"ListItem","position":2,"name":"Franciscanos de Vila Velha celebram S\u00e3o Francisco: um exemplo de amor e cuidado com a cria\u00e7\u00e3o"}]},{"@type":"Person","@id":"https:\/\/franciscanos.org.br\/noticias\/#\/schema\/person\/b5c8cba458c330ccff548b056e95a5d4","name":"moacir","image":{"@type":"ImageObject","inLanguage":"pt-BR","@id":"https:\/\/franciscanos.org.br\/noticias\/#\/schema\/person\/image\/","url":"https:\/\/secure.gravatar.com\/avatar\/d08aa2ce4c8dd416d4479aa8536fcf64?s=96&d=mm&r=g","contentUrl":"https:\/\/secure.gravatar.com\/avatar\/d08aa2ce4c8dd416d4479aa8536fcf64?s=96&d=mm&r=g","caption":"moacir"},"url":"https:\/\/franciscanos.org.br\/noticias\/author\/moacir"}]}},"_links":{"self":[{"href":"https:\/\/franciscanos.org.br\/noticias\/wp-json\/wp\/v2\/posts\/240038"}],"collection":[{"href":"https:\/\/franciscanos.org.br\/noticias\/wp-json\/wp\/v2\/posts"}],"about":[{"href":"https:\/\/franciscanos.org.br\/noticias\/wp-json\/wp\/v2\/types\/post"}],"author":[{"embeddable":true,"href":"https:\/\/franciscanos.org.br\/noticias\/wp-json\/wp\/v2\/users\/3"}],"replies":[{"embeddable":true,"href":"https:\/\/franciscanos.org.br\/noticias\/wp-json\/wp\/v2\/comments?post=240038"}],"version-history":[{"count":1,"href":"https:\/\/franciscanos.org.br\/noticias\/wp-json\/wp\/v2\/posts\/240038\/revisions"}],"predecessor-version":[{"id":240042,"href":"https:\/\/franciscanos.org.br\/noticias\/wp-json\/wp\/v2\/posts\/240038\/revisions\/240042"}],"wp:featuredmedia":[{"embeddable":true,"href":"https:\/\/franciscanos.org.br\/noticias\/wp-json\/wp\/v2\/media\/240039"}],"wp:attachment":[{"href":"https:\/\/franciscanos.org.br\/noticias\/wp-json\/wp\/v2\/media?parent=240038"}],"wp:term":[{"taxonomy":"category","embeddable":true,"href":"https:\/\/franciscanos.org.br\/noticias\/wp-json\/wp\/v2\/categories?post=240038"},{"taxonomy":"post_tag","embeddable":true,"href":"https:\/\/franciscanos.org.br\/noticias\/wp-json\/wp\/v2\/tags?post=240038"}],"curies":[{"name":"wp","href":"https:\/\/api.w.org\/{rel}","templated":true}]}}