{"id":240022,"date":"2022-10-05T10:53:09","date_gmt":"2022-10-05T13:53:09","guid":{"rendered":"https:\/\/franciscanos.org.br\/noticias\/?p=240022"},"modified":"2022-10-05T10:53:09","modified_gmt":"2022-10-05T13:53:09","slug":"paroquia-sao-luiz-gonzaga-de-xaxim-celebra-sao-francisco-de-assis","status":"publish","type":"post","link":"https:\/\/franciscanos.org.br\/noticias\/paroquia-sao-luiz-gonzaga-de-xaxim-celebra-sao-francisco-de-assis.html","title":{"rendered":"Par\u00f3quia S\u00e3o Luiz Gonzaga de Xaxim celebra S\u00e3o Francisco de Assis"},"content":{"rendered":"<p><img loading=\"lazy\" class=\"alignnone wp-image-240023 size-full\" src=\"https:\/\/franciscanos.org.br\/noticias\/wp-content\/uploads\/2022\/10\/xaxim_01.jpg\" alt=\"\" width=\"1280\" height=\"720\" srcset=\"https:\/\/franciscanos.org.br\/noticias\/wp-content\/uploads\/2022\/10\/xaxim_01.jpg 1280w, https:\/\/franciscanos.org.br\/noticias\/wp-content\/uploads\/2022\/10\/xaxim_01-450x253.jpg 450w, https:\/\/franciscanos.org.br\/noticias\/wp-content\/uploads\/2022\/10\/xaxim_01-1024x576.jpg 1024w, https:\/\/franciscanos.org.br\/noticias\/wp-content\/uploads\/2022\/10\/xaxim_01-768x432.jpg 768w, https:\/\/franciscanos.org.br\/noticias\/wp-content\/uploads\/2022\/10\/xaxim_01-150x84.jpg 150w\" sizes=\"(max-width: 1280px) 100vw, 1280px\" \/><\/p>\n<p>A Par\u00f3quia S\u00e3o Luiz Gonzaga encerrou na ter\u00e7a-feira (04\/10) as comemora\u00e7\u00f5es a S\u00e3o Francisco de Assis. Durante o dia a b\u00ean\u00e7\u00e3o dos animais aconteceu ao lado da igreja Matriz. Os fi\u00e9is puderam trazer seus bichinhos de estima\u00e7\u00e3o para serem aben\u00e7oados.<\/p>\n<p>As comemora\u00e7\u00f5es a S\u00e3o Francisco de Assis tiveram in\u00edcio, no s\u00e1bado, dia 1\u00ba de outubro, com o teatro do Tr\u00e2nsito de S\u00e3o Francisco, \u00e0s 19h, na Igreja Matriz. A apresenta\u00e7\u00e3o tradicionalmente \u00e9 feita pelo grupo de jovens da Pastoral da Juventude. O povo de Deus pode acompanhar a encena\u00e7\u00e3o pelas redes sociais da Par\u00f3quia no YouTube e Facebook.<\/p>\n<p><img loading=\"lazy\" class=\"alignnone size-full wp-image-240024\" src=\"https:\/\/franciscanos.org.br\/noticias\/wp-content\/uploads\/2022\/10\/xaxim_03.jpg\" alt=\"\" width=\"1280\" height=\"853\" srcset=\"https:\/\/franciscanos.org.br\/noticias\/wp-content\/uploads\/2022\/10\/xaxim_03.jpg 1280w, https:\/\/franciscanos.org.br\/noticias\/wp-content\/uploads\/2022\/10\/xaxim_03-450x300.jpg 450w, https:\/\/franciscanos.org.br\/noticias\/wp-content\/uploads\/2022\/10\/xaxim_03-1024x682.jpg 1024w, https:\/\/franciscanos.org.br\/noticias\/wp-content\/uploads\/2022\/10\/xaxim_03-768x512.jpg 768w, https:\/\/franciscanos.org.br\/noticias\/wp-content\/uploads\/2022\/10\/xaxim_03-150x100.jpg 150w\" sizes=\"(max-width: 1280px) 100vw, 1280px\" \/><\/p>\n\n\t\t<style type=\"text\/css\">\n\t\t\t#gallery-1 {\n\t\t\t\tmargin: auto;\n\t\t\t}\n\t\t\t#gallery-1 .gallery-item {\n\t\t\t\tfloat: left;\n\t\t\t\tmargin-top: 10px;\n\t\t\t\ttext-align: center;\n\t\t\t\twidth: 14%;\n\t\t\t}\n\t\t\t#gallery-1 img {\n\t\t\t\tborder: 2px solid #cfcfcf;\n\t\t\t}\n\t\t\t#gallery-1 .gallery-caption {\n\t\t\t\tmargin-left: 0;\n\t\t\t}\n\t\t\t\/* see gallery_shortcode() in wp-includes\/media.php *\/\n\t\t<\/style>\n\t\t<div id='gallery-1' class='gallery galleryid-240022 gallery-columns-7 gallery-size-thumbnail'><dl class='gallery-item'>\n\t\t\t<dt class='gallery-icon landscape'>\n\t\t\t\t<a href='https:\/\/franciscanos.org.br\/noticias\/wp-content\/uploads\/2022\/10\/xaxim_04.jpg'><img width=\"300\" height=\"300\" src=\"https:\/\/franciscanos.org.br\/noticias\/wp-content\/uploads\/2022\/10\/xaxim_04-300x300.jpg\" class=\"attachment-thumbnail size-thumbnail\" alt=\"\" loading=\"lazy\" srcset=\"https:\/\/franciscanos.org.br\/noticias\/wp-content\/uploads\/2022\/10\/xaxim_04-300x300.jpg 300w, https:\/\/franciscanos.org.br\/noticias\/wp-content\/uploads\/2022\/10\/xaxim_04-100x100.jpg 100w\" sizes=\"(max-width: 300px) 100vw, 300px\" \/><\/a>\n\t\t\t<\/dt><\/dl><dl class='gallery-item'>\n\t\t\t<dt class='gallery-icon landscape'>\n\t\t\t\t<a href='https:\/\/franciscanos.org.br\/noticias\/wp-content\/uploads\/2022\/10\/xaxim_05.jpg'><img width=\"300\" height=\"300\" src=\"https:\/\/franciscanos.org.br\/noticias\/wp-content\/uploads\/2022\/10\/xaxim_05-300x300.jpg\" class=\"attachment-thumbnail size-thumbnail\" alt=\"\" loading=\"lazy\" srcset=\"https:\/\/franciscanos.org.br\/noticias\/wp-content\/uploads\/2022\/10\/xaxim_05-300x300.jpg 300w, https:\/\/franciscanos.org.br\/noticias\/wp-content\/uploads\/2022\/10\/xaxim_05-100x100.jpg 100w\" sizes=\"(max-width: 300px) 100vw, 300px\" \/><\/a>\n\t\t\t<\/dt><\/dl><dl class='gallery-item'>\n\t\t\t<dt class='gallery-icon landscape'>\n\t\t\t\t<a href='https:\/\/franciscanos.org.br\/noticias\/wp-content\/uploads\/2022\/10\/xaxim_06.jpg'><img width=\"300\" height=\"300\" src=\"https:\/\/franciscanos.org.br\/noticias\/wp-content\/uploads\/2022\/10\/xaxim_06-300x300.jpg\" class=\"attachment-thumbnail size-thumbnail\" alt=\"\" loading=\"lazy\" srcset=\"https:\/\/franciscanos.org.br\/noticias\/wp-content\/uploads\/2022\/10\/xaxim_06-300x300.jpg 300w, https:\/\/franciscanos.org.br\/noticias\/wp-content\/uploads\/2022\/10\/xaxim_06-100x100.jpg 100w\" sizes=\"(max-width: 300px) 100vw, 300px\" \/><\/a>\n\t\t\t<\/dt><\/dl><dl class='gallery-item'>\n\t\t\t<dt class='gallery-icon landscape'>\n\t\t\t\t<a href='https:\/\/franciscanos.org.br\/noticias\/wp-content\/uploads\/2022\/10\/xaxim_07.jpg'><img width=\"300\" height=\"300\" src=\"https:\/\/franciscanos.org.br\/noticias\/wp-content\/uploads\/2022\/10\/xaxim_07-300x300.jpg\" class=\"attachment-thumbnail size-thumbnail\" alt=\"\" loading=\"lazy\" srcset=\"https:\/\/franciscanos.org.br\/noticias\/wp-content\/uploads\/2022\/10\/xaxim_07-300x300.jpg 300w, https:\/\/franciscanos.org.br\/noticias\/wp-content\/uploads\/2022\/10\/xaxim_07-100x100.jpg 100w\" sizes=\"(max-width: 300px) 100vw, 300px\" \/><\/a>\n\t\t\t<\/dt><\/dl><dl class='gallery-item'>\n\t\t\t<dt class='gallery-icon landscape'>\n\t\t\t\t<a href='https:\/\/franciscanos.org.br\/noticias\/wp-content\/uploads\/2022\/10\/xaxim_08.jpg'><img width=\"300\" height=\"300\" src=\"https:\/\/franciscanos.org.br\/noticias\/wp-content\/uploads\/2022\/10\/xaxim_08-300x300.jpg\" class=\"attachment-thumbnail size-thumbnail\" alt=\"\" loading=\"lazy\" srcset=\"https:\/\/franciscanos.org.br\/noticias\/wp-content\/uploads\/2022\/10\/xaxim_08-300x300.jpg 300w, https:\/\/franciscanos.org.br\/noticias\/wp-content\/uploads\/2022\/10\/xaxim_08-100x100.jpg 100w\" sizes=\"(max-width: 300px) 100vw, 300px\" \/><\/a>\n\t\t\t<\/dt><\/dl><dl class='gallery-item'>\n\t\t\t<dt class='gallery-icon landscape'>\n\t\t\t\t<a href='https:\/\/franciscanos.org.br\/noticias\/wp-content\/uploads\/2022\/10\/xaxim_09.jpg'><img width=\"300\" height=\"300\" src=\"https:\/\/franciscanos.org.br\/noticias\/wp-content\/uploads\/2022\/10\/xaxim_09-300x300.jpg\" class=\"attachment-thumbnail size-thumbnail\" alt=\"\" loading=\"lazy\" srcset=\"https:\/\/franciscanos.org.br\/noticias\/wp-content\/uploads\/2022\/10\/xaxim_09-300x300.jpg 300w, https:\/\/franciscanos.org.br\/noticias\/wp-content\/uploads\/2022\/10\/xaxim_09-100x100.jpg 100w\" sizes=\"(max-width: 300px) 100vw, 300px\" \/><\/a>\n\t\t\t<\/dt><\/dl><dl class='gallery-item'>\n\t\t\t<dt class='gallery-icon landscape'>\n\t\t\t\t<a href='https:\/\/franciscanos.org.br\/noticias\/wp-content\/uploads\/2022\/10\/xaxim_10.jpg'><img width=\"300\" height=\"300\" src=\"https:\/\/franciscanos.org.br\/noticias\/wp-content\/uploads\/2022\/10\/xaxim_10-300x300.jpg\" class=\"attachment-thumbnail size-thumbnail\" alt=\"\" loading=\"lazy\" srcset=\"https:\/\/franciscanos.org.br\/noticias\/wp-content\/uploads\/2022\/10\/xaxim_10-300x300.jpg 300w, https:\/\/franciscanos.org.br\/noticias\/wp-content\/uploads\/2022\/10\/xaxim_10-100x100.jpg 100w\" sizes=\"(max-width: 300px) 100vw, 300px\" \/><\/a>\n\t\t\t<\/dt><\/dl><br style=\"clear: both\" \/>\n\t\t<\/div>\n\n<p><em>\u00a0 \u00a0 \u00a0 \u00a0 \u00a0(toque nas imagens menores para ampli\u00e1-las)<\/em><\/p>\n<p>Na ter\u00e7a-feira (04\/10), as comemora\u00e7\u00f5es tiveram in\u00edcio \u00e0s 8h30 com a b\u00ean\u00e7\u00e3o dos animais. Durante o dia foram quatro b\u00ean\u00e7\u00e3os, duas na parte da manh\u00e3 e duas na parte da tarde. Os tutores trouxeram seus animais de estima\u00e7\u00e3o para a b\u00ean\u00e7\u00e3o, neste ano al\u00e9m de cachorro, gato, porquinho da \u00edndia, os frades tamb\u00e9m aben\u00e7oaram um cavalo.<\/p>\n<p>\u00c0s 18h30, teve in\u00edcio a Santa Missa presidida por Frei Alan Maia e concelebrada por Frei Gilson Kammer e Frei Jacir Zolet. Com a igreja cheia, S\u00e3o Francisco foi relembrado e celebrado por todos que estavam presentes e acompanhavam pelas redes sociais.<\/p>\n<p><img loading=\"lazy\" class=\"alignnone size-full wp-image-240032\" src=\"https:\/\/franciscanos.org.br\/noticias\/wp-content\/uploads\/2022\/10\/xaxim_02.jpg\" alt=\"\" width=\"1280\" height=\"853\" srcset=\"https:\/\/franciscanos.org.br\/noticias\/wp-content\/uploads\/2022\/10\/xaxim_02.jpg 1280w, https:\/\/franciscanos.org.br\/noticias\/wp-content\/uploads\/2022\/10\/xaxim_02-450x300.jpg 450w, https:\/\/franciscanos.org.br\/noticias\/wp-content\/uploads\/2022\/10\/xaxim_02-1024x682.jpg 1024w, https:\/\/franciscanos.org.br\/noticias\/wp-content\/uploads\/2022\/10\/xaxim_02-768x512.jpg 768w, https:\/\/franciscanos.org.br\/noticias\/wp-content\/uploads\/2022\/10\/xaxim_02-150x100.jpg 150w\" sizes=\"(max-width: 1280px) 100vw, 1280px\" \/><\/p>\n<p>Durante a homilia, Frei Jacir disse que \u201cFrancisco, buscou a sua semelhan\u00e7a com Cristo na leitura atenta \u00e0 palavra de Deus e meditando a Sagrada Escritura. S\u00e3o Francisco sempre se perguntava: o que Jesus Cristo quer de mim? Foi assim que, ao longo de sua vida de f\u00e9, se assemelhou a Cristo\u201d.<\/p>\n<hr \/>\n<p><em>Camila Mendo, pela Pascom da Par\u00f3quia S\u00e3o Luiz Gonzaga<\/em><\/p>\n","protected":false},"excerpt":{"rendered":"<p>Festa de S\u00e3o Francisco de Assis<\/p>\n","protected":false},"author":3,"featured_media":240023,"comment_status":"open","ping_status":"open","sticky":false,"template":"","format":"standard","meta":[],"categories":[1],"tags":[1591],"acf":[],"yoast_head":"<!-- This site is optimized with the Yoast SEO plugin v19.2 - https:\/\/yoast.com\/wordpress\/plugins\/seo\/ -->\n<title>Par\u00f3quia S\u00e3o Luiz Gonzaga de Xaxim celebra S\u00e3o Francisco de Assis - Not\u00edcias - Franciscanos<\/title>\n<meta name=\"robots\" content=\"index, follow, max-snippet:-1, max-image-preview:large, max-video-preview:-1\" \/>\n<link rel=\"canonical\" href=\"https:\/\/franciscanos.org.br\/noticias\/paroquia-sao-luiz-gonzaga-de-xaxim-celebra-sao-francisco-de-assis.html\" \/>\n<meta property=\"og:locale\" content=\"pt_BR\" \/>\n<meta property=\"og:type\" content=\"article\" \/>\n<meta property=\"og:title\" content=\"Par\u00f3quia S\u00e3o Luiz Gonzaga de Xaxim celebra S\u00e3o Francisco de Assis - Not\u00edcias - Franciscanos\" \/>\n<meta property=\"og:description\" content=\"Festa de S\u00e3o Francisco de Assis\" \/>\n<meta property=\"og:url\" content=\"https:\/\/franciscanos.org.br\/noticias\/paroquia-sao-luiz-gonzaga-de-xaxim-celebra-sao-francisco-de-assis.html\" \/>\n<meta property=\"og:site_name\" content=\"Not\u00edcias - Franciscanos\" \/>\n<meta property=\"article:published_time\" content=\"2022-10-05T13:53:09+00:00\" \/>\n<meta property=\"og:image\" content=\"https:\/\/franciscanos.org.br\/noticias\/wp-content\/uploads\/2022\/10\/xaxim_01.jpg\" \/>\n\t<meta property=\"og:image:width\" content=\"1280\" \/>\n\t<meta property=\"og:image:height\" content=\"720\" \/>\n\t<meta property=\"og:image:type\" content=\"image\/jpeg\" \/>\n<meta name=\"author\" content=\"moacir\" \/>\n<meta name=\"twitter:card\" content=\"summary_large_image\" \/>\n<meta name=\"twitter:label1\" content=\"Escrito por\" \/>\n\t<meta name=\"twitter:data1\" content=\"moacir\" \/>\n\t<meta name=\"twitter:label2\" content=\"Est. tempo de leitura\" \/>\n\t<meta name=\"twitter:data2\" content=\"2 minutos\" \/>\n<script type=\"application\/ld+json\" class=\"yoast-schema-graph\">{\"@context\":\"https:\/\/schema.org\",\"@graph\":[{\"@type\":\"WebSite\",\"@id\":\"https:\/\/franciscanos.org.br\/noticias\/#website\",\"url\":\"https:\/\/franciscanos.org.br\/noticias\/\",\"name\":\"Not\u00edcias - Franciscanos\",\"description\":\"Prov\u00edncia Franciscana da Imaculada Concei\u00e7\u00e3o do Brasil - Ordem dos Frades Menores - OFM\",\"potentialAction\":[{\"@type\":\"SearchAction\",\"target\":{\"@type\":\"EntryPoint\",\"urlTemplate\":\"https:\/\/franciscanos.org.br\/noticias\/?s={search_term_string}\"},\"query-input\":\"required name=search_term_string\"}],\"inLanguage\":\"pt-BR\"},{\"@type\":\"ImageObject\",\"inLanguage\":\"pt-BR\",\"@id\":\"https:\/\/franciscanos.org.br\/noticias\/paroquia-sao-luiz-gonzaga-de-xaxim-celebra-sao-francisco-de-assis.html#primaryimage\",\"url\":\"https:\/\/franciscanos.org.br\/noticias\/wp-content\/uploads\/2022\/10\/xaxim_01.jpg\",\"contentUrl\":\"https:\/\/franciscanos.org.br\/noticias\/wp-content\/uploads\/2022\/10\/xaxim_01.jpg\",\"width\":1280,\"height\":720},{\"@type\":\"WebPage\",\"@id\":\"https:\/\/franciscanos.org.br\/noticias\/paroquia-sao-luiz-gonzaga-de-xaxim-celebra-sao-francisco-de-assis.html#webpage\",\"url\":\"https:\/\/franciscanos.org.br\/noticias\/paroquia-sao-luiz-gonzaga-de-xaxim-celebra-sao-francisco-de-assis.html\",\"name\":\"Par\u00f3quia S\u00e3o Luiz Gonzaga de Xaxim celebra S\u00e3o Francisco de Assis - Not\u00edcias - Franciscanos\",\"isPartOf\":{\"@id\":\"https:\/\/franciscanos.org.br\/noticias\/#website\"},\"primaryImageOfPage\":{\"@id\":\"https:\/\/franciscanos.org.br\/noticias\/paroquia-sao-luiz-gonzaga-de-xaxim-celebra-sao-francisco-de-assis.html#primaryimage\"},\"datePublished\":\"2022-10-05T13:53:09+00:00\",\"dateModified\":\"2022-10-05T13:53:09+00:00\",\"author\":{\"@id\":\"https:\/\/franciscanos.org.br\/noticias\/#\/schema\/person\/b5c8cba458c330ccff548b056e95a5d4\"},\"breadcrumb\":{\"@id\":\"https:\/\/franciscanos.org.br\/noticias\/paroquia-sao-luiz-gonzaga-de-xaxim-celebra-sao-francisco-de-assis.html#breadcrumb\"},\"inLanguage\":\"pt-BR\",\"potentialAction\":[{\"@type\":\"ReadAction\",\"target\":[\"https:\/\/franciscanos.org.br\/noticias\/paroquia-sao-luiz-gonzaga-de-xaxim-celebra-sao-francisco-de-assis.html\"]}]},{\"@type\":\"BreadcrumbList\",\"@id\":\"https:\/\/franciscanos.org.br\/noticias\/paroquia-sao-luiz-gonzaga-de-xaxim-celebra-sao-francisco-de-assis.html#breadcrumb\",\"itemListElement\":[{\"@type\":\"ListItem\",\"position\":1,\"name\":\"Home\",\"item\":\"https:\/\/franciscanos.org.br\/noticias\"},{\"@type\":\"ListItem\",\"position\":2,\"name\":\"Par\u00f3quia S\u00e3o Luiz Gonzaga de Xaxim celebra S\u00e3o Francisco de Assis\"}]},{\"@type\":\"Person\",\"@id\":\"https:\/\/franciscanos.org.br\/noticias\/#\/schema\/person\/b5c8cba458c330ccff548b056e95a5d4\",\"name\":\"moacir\",\"image\":{\"@type\":\"ImageObject\",\"inLanguage\":\"pt-BR\",\"@id\":\"https:\/\/franciscanos.org.br\/noticias\/#\/schema\/person\/image\/\",\"url\":\"https:\/\/secure.gravatar.com\/avatar\/d08aa2ce4c8dd416d4479aa8536fcf64?s=96&d=mm&r=g\",\"contentUrl\":\"https:\/\/secure.gravatar.com\/avatar\/d08aa2ce4c8dd416d4479aa8536fcf64?s=96&d=mm&r=g\",\"caption\":\"moacir\"},\"url\":\"https:\/\/franciscanos.org.br\/noticias\/author\/moacir\"}]}<\/script>\n<!-- \/ Yoast SEO plugin. -->","yoast_head_json":{"title":"Par\u00f3quia S\u00e3o Luiz Gonzaga de Xaxim celebra S\u00e3o Francisco de Assis - Not\u00edcias - Franciscanos","robots":{"index":"index","follow":"follow","max-snippet":"max-snippet:-1","max-image-preview":"max-image-preview:large","max-video-preview":"max-video-preview:-1"},"canonical":"https:\/\/franciscanos.org.br\/noticias\/paroquia-sao-luiz-gonzaga-de-xaxim-celebra-sao-francisco-de-assis.html","og_locale":"pt_BR","og_type":"article","og_title":"Par\u00f3quia S\u00e3o Luiz Gonzaga de Xaxim celebra S\u00e3o Francisco de Assis - Not\u00edcias - Franciscanos","og_description":"Festa de S\u00e3o Francisco de Assis","og_url":"https:\/\/franciscanos.org.br\/noticias\/paroquia-sao-luiz-gonzaga-de-xaxim-celebra-sao-francisco-de-assis.html","og_site_name":"Not\u00edcias - Franciscanos","article_published_time":"2022-10-05T13:53:09+00:00","og_image":[{"width":1280,"height":720,"url":"https:\/\/franciscanos.org.br\/noticias\/wp-content\/uploads\/2022\/10\/xaxim_01.jpg","type":"image\/jpeg"}],"author":"moacir","twitter_card":"summary_large_image","twitter_misc":{"Escrito por":"moacir","Est. tempo de leitura":"2 minutos"},"schema":{"@context":"https:\/\/schema.org","@graph":[{"@type":"WebSite","@id":"https:\/\/franciscanos.org.br\/noticias\/#website","url":"https:\/\/franciscanos.org.br\/noticias\/","name":"Not\u00edcias - Franciscanos","description":"Prov\u00edncia Franciscana da Imaculada Concei\u00e7\u00e3o do Brasil - Ordem dos Frades Menores - OFM","potentialAction":[{"@type":"SearchAction","target":{"@type":"EntryPoint","urlTemplate":"https:\/\/franciscanos.org.br\/noticias\/?s={search_term_string}"},"query-input":"required name=search_term_string"}],"inLanguage":"pt-BR"},{"@type":"ImageObject","inLanguage":"pt-BR","@id":"https:\/\/franciscanos.org.br\/noticias\/paroquia-sao-luiz-gonzaga-de-xaxim-celebra-sao-francisco-de-assis.html#primaryimage","url":"https:\/\/franciscanos.org.br\/noticias\/wp-content\/uploads\/2022\/10\/xaxim_01.jpg","contentUrl":"https:\/\/franciscanos.org.br\/noticias\/wp-content\/uploads\/2022\/10\/xaxim_01.jpg","width":1280,"height":720},{"@type":"WebPage","@id":"https:\/\/franciscanos.org.br\/noticias\/paroquia-sao-luiz-gonzaga-de-xaxim-celebra-sao-francisco-de-assis.html#webpage","url":"https:\/\/franciscanos.org.br\/noticias\/paroquia-sao-luiz-gonzaga-de-xaxim-celebra-sao-francisco-de-assis.html","name":"Par\u00f3quia S\u00e3o Luiz Gonzaga de Xaxim celebra S\u00e3o Francisco de Assis - Not\u00edcias - Franciscanos","isPartOf":{"@id":"https:\/\/franciscanos.org.br\/noticias\/#website"},"primaryImageOfPage":{"@id":"https:\/\/franciscanos.org.br\/noticias\/paroquia-sao-luiz-gonzaga-de-xaxim-celebra-sao-francisco-de-assis.html#primaryimage"},"datePublished":"2022-10-05T13:53:09+00:00","dateModified":"2022-10-05T13:53:09+00:00","author":{"@id":"https:\/\/franciscanos.org.br\/noticias\/#\/schema\/person\/b5c8cba458c330ccff548b056e95a5d4"},"breadcrumb":{"@id":"https:\/\/franciscanos.org.br\/noticias\/paroquia-sao-luiz-gonzaga-de-xaxim-celebra-sao-francisco-de-assis.html#breadcrumb"},"inLanguage":"pt-BR","potentialAction":[{"@type":"ReadAction","target":["https:\/\/franciscanos.org.br\/noticias\/paroquia-sao-luiz-gonzaga-de-xaxim-celebra-sao-francisco-de-assis.html"]}]},{"@type":"BreadcrumbList","@id":"https:\/\/franciscanos.org.br\/noticias\/paroquia-sao-luiz-gonzaga-de-xaxim-celebra-sao-francisco-de-assis.html#breadcrumb","itemListElement":[{"@type":"ListItem","position":1,"name":"Home","item":"https:\/\/franciscanos.org.br\/noticias"},{"@type":"ListItem","position":2,"name":"Par\u00f3quia S\u00e3o Luiz Gonzaga de Xaxim celebra S\u00e3o Francisco de Assis"}]},{"@type":"Person","@id":"https:\/\/franciscanos.org.br\/noticias\/#\/schema\/person\/b5c8cba458c330ccff548b056e95a5d4","name":"moacir","image":{"@type":"ImageObject","inLanguage":"pt-BR","@id":"https:\/\/franciscanos.org.br\/noticias\/#\/schema\/person\/image\/","url":"https:\/\/secure.gravatar.com\/avatar\/d08aa2ce4c8dd416d4479aa8536fcf64?s=96&d=mm&r=g","contentUrl":"https:\/\/secure.gravatar.com\/avatar\/d08aa2ce4c8dd416d4479aa8536fcf64?s=96&d=mm&r=g","caption":"moacir"},"url":"https:\/\/franciscanos.org.br\/noticias\/author\/moacir"}]}},"_links":{"self":[{"href":"https:\/\/franciscanos.org.br\/noticias\/wp-json\/wp\/v2\/posts\/240022"}],"collection":[{"href":"https:\/\/franciscanos.org.br\/noticias\/wp-json\/wp\/v2\/posts"}],"about":[{"href":"https:\/\/franciscanos.org.br\/noticias\/wp-json\/wp\/v2\/types\/post"}],"author":[{"embeddable":true,"href":"https:\/\/franciscanos.org.br\/noticias\/wp-json\/wp\/v2\/users\/3"}],"replies":[{"embeddable":true,"href":"https:\/\/franciscanos.org.br\/noticias\/wp-json\/wp\/v2\/comments?post=240022"}],"version-history":[{"count":1,"href":"https:\/\/franciscanos.org.br\/noticias\/wp-json\/wp\/v2\/posts\/240022\/revisions"}],"predecessor-version":[{"id":240033,"href":"https:\/\/franciscanos.org.br\/noticias\/wp-json\/wp\/v2\/posts\/240022\/revisions\/240033"}],"wp:featuredmedia":[{"embeddable":true,"href":"https:\/\/franciscanos.org.br\/noticias\/wp-json\/wp\/v2\/media\/240023"}],"wp:attachment":[{"href":"https:\/\/franciscanos.org.br\/noticias\/wp-json\/wp\/v2\/media?parent=240022"}],"wp:term":[{"taxonomy":"category","embeddable":true,"href":"https:\/\/franciscanos.org.br\/noticias\/wp-json\/wp\/v2\/categories?post=240022"},{"taxonomy":"post_tag","embeddable":true,"href":"https:\/\/franciscanos.org.br\/noticias\/wp-json\/wp\/v2\/tags?post=240022"}],"curies":[{"name":"wp","href":"https:\/\/api.w.org\/{rel}","templated":true}]}}