{"id":240003,"date":"2022-10-04T17:32:22","date_gmt":"2022-10-04T20:32:22","guid":{"rendered":"https:\/\/franciscanos.org.br\/noticias\/?p=240003"},"modified":"2022-10-04T17:32:22","modified_gmt":"2022-10-04T20:32:22","slug":"frei-valdecir-como-francisco-somos-chamados-a-ser-restauradores","status":"publish","type":"post","link":"https:\/\/franciscanos.org.br\/noticias\/frei-valdecir-como-francisco-somos-chamados-a-ser-restauradores.html","title":{"rendered":"Frei Valdecir: Como Francisco, somos chamados a ser restauradores"},"content":{"rendered":"<p><strong><img loading=\"lazy\" class=\"alignnone size-full wp-image-240004\" src=\"https:\/\/franciscanos.org.br\/noticias\/wp-content\/uploads\/2022\/10\/vila_0401.jpg\" alt=\"\" width=\"1280\" height=\"720\" srcset=\"https:\/\/franciscanos.org.br\/noticias\/wp-content\/uploads\/2022\/10\/vila_0401.jpg 1280w, https:\/\/franciscanos.org.br\/noticias\/wp-content\/uploads\/2022\/10\/vila_0401-450x253.jpg 450w, https:\/\/franciscanos.org.br\/noticias\/wp-content\/uploads\/2022\/10\/vila_0401-1024x576.jpg 1024w, https:\/\/franciscanos.org.br\/noticias\/wp-content\/uploads\/2022\/10\/vila_0401-768x432.jpg 768w, https:\/\/franciscanos.org.br\/noticias\/wp-content\/uploads\/2022\/10\/vila_0401-150x84.jpg 150w\" sizes=\"(max-width: 1280px) 100vw, 1280px\" \/> S<\/strong><strong>\u00e3o Paulo (SP)<\/strong> &#8211; O dia de S\u00e3o Francisco de Assis, em S\u00e3o Paulo, come\u00e7ou nublado e um pouco frio. Mas o Irm\u00e3o Sol apareceu \u00e0 tarde para homenagear o seu poeta do C\u00e2ntico das Criaturas. Na Vila Clementino, o Padroeiro da Par\u00f3quia S\u00e3o Francisco de Assis teve um dia festivo \u00e0 sua altura.<\/p>\n<p>As Missas come\u00e7aram \u00e0s 7 horas e a \u00faltima foi celebrada \u00e0s 19h30. Do lado externo da Matriz, fi\u00e9is e admiradores do Santo de Assis come\u00e7aram a chegar com seus animais para a b\u00ean\u00e7\u00e3o. N\u00e3o demorou muito para se formarem filas. Assim foi at\u00e9 \u00e0 noite. O p\u00e1roco Frei Valdecir Schwambach presidiu a Celebra\u00e7\u00e3o Eucar\u00edstica \u00e0s 9 horas.<\/p>\n<p>&#8220;Trazemos nesses dias, de um modo especial, as criaturas para serem aben\u00e7oadas &#8211; os animais, cachorros, gatos, aves e tantos outros bichinhos que comp\u00f5em as nossas fam\u00edlias -, mostrando que neste mundo, al\u00e9m de n\u00f3s, cabe tamb\u00e9m tantas outras pessoas e tantas outras criaturas. Deus fez um mundo grande para que coubesse todas as diferen\u00e7as. \u00c9 isso que S\u00e3o Francisco nos mostra. Este Santo que \u00e9 amado por n\u00f3s, cat\u00f3licos franciscanos, obviamente, mas tamb\u00e9m amado pelas grandes religi\u00f5es como o Budismo, e outras admiram a S\u00e3o Francisco como o irm\u00e3o universal. Um homem que n\u00e3o conheceu barreiras, limites de religi\u00e3o, porque ele, como disse o autor, foi o primeiro depois d\u2019Ele&#8221;, disse o p\u00e1roco.<\/p>\n<p><img loading=\"lazy\" class=\"alignnone wp-image-240005 size-full\" src=\"https:\/\/franciscanos.org.br\/noticias\/wp-content\/uploads\/2022\/10\/vila_0402.jpg\" alt=\"\" width=\"1280\" height=\"793\" srcset=\"https:\/\/franciscanos.org.br\/noticias\/wp-content\/uploads\/2022\/10\/vila_0402.jpg 1280w, https:\/\/franciscanos.org.br\/noticias\/wp-content\/uploads\/2022\/10\/vila_0402-450x279.jpg 450w, https:\/\/franciscanos.org.br\/noticias\/wp-content\/uploads\/2022\/10\/vila_0402-1024x634.jpg 1024w, https:\/\/franciscanos.org.br\/noticias\/wp-content\/uploads\/2022\/10\/vila_0402-768x476.jpg 768w, https:\/\/franciscanos.org.br\/noticias\/wp-content\/uploads\/2022\/10\/vila_0402-150x93.jpg 150w\" sizes=\"(max-width: 1280px) 100vw, 1280px\" \/><\/p>\n<p>&#8220;S\u00e3o Francisco cultivou um cora\u00e7\u00e3o muito grande, um cora\u00e7\u00e3o onde as outras pessoas tamb\u00e9m podiam se encontrar, sentiam-se alvo da miseric\u00f3rdia de Deus, onde elas se sentiram integradas e perdoadas novamente. Diante de S\u00e3o Francisco, ningu\u00e9m se sentia estranho, ningu\u00e9m se sentia rejeitado&#8221;, emendou.<\/p>\n<p>Segundo o frade, os escritores sagrados, os hagi\u00f3grafos, os bi\u00f3grafos que escreveram sobre a vida de S\u00e3o Francisco de Assis dizem que certo dia, quando Francisco rezava na pequena e j\u00e1 em ru\u00ednas Capela de S\u00e3o Dami\u00e3o, diante de um Cristo Crucificado, pergunta: \u2018Senhor, que queres que eu fa\u00e7a?\u2019 Provavelmente ele perguntou v\u00e1rias vezes ao Senhor crucificado, que lhe falou ao cora\u00e7\u00e3o: \u2018Francisco, vai e restaura a minha igreja\u201d. Quanta coisa precisa hoje tamb\u00e9m ser restaurada?&#8221;, observou Frei Valdecir.<\/p>\n<p>Inicialmente, segundo o frade, Francisco entendeu que a sua miss\u00e3o, o seu trabalho seria restaurar edif\u00edcios de pedra, edif\u00edcios materiais. Mas, depois ele entendeu que o que Deus queria n\u00e3o era que ele fosse um pedreiro, ou um construtor de mat\u00e9ria, mas que ele fosse um reformador, algu\u00e9m que trouxesse nova vida, nova vitalidade, nova espiritualidade, novo vigor para a Igreja na Idade M\u00e9dia. &#8220;No tempo de S\u00e3o Francisco, voc\u00eas v\u00e3o perceber que existiam muitos movimentos, que eram entendidos como movimentos her\u00e9ticos, valdenses, albigenses e tantos outros que queriam fazer reformas. Achavam que traziam uma verdade melhor do que aquilo que j\u00e1 existia. S\u00e3o Francisco, muito pelo contr\u00e1rio, se sentia cat\u00f3lico na sua plenitude. Jamais se distanciou da Igreja, do Papa, dos bispos, muito pelo contr\u00e1rio. Ent\u00e3o \u00e9 de dentro que sempre acontece o impulso transformador, o impulso renovador do cora\u00e7\u00e3o da institui\u00e7\u00e3o. Hoje, n\u00f3s tamb\u00e9m somos chamados a sermos restauradores&#8221;, refletiu.<\/p>\n\n\t\t<style type=\"text\/css\">\n\t\t\t#gallery-1 {\n\t\t\t\tmargin: auto;\n\t\t\t}\n\t\t\t#gallery-1 .gallery-item {\n\t\t\t\tfloat: left;\n\t\t\t\tmargin-top: 10px;\n\t\t\t\ttext-align: center;\n\t\t\t\twidth: 12%;\n\t\t\t}\n\t\t\t#gallery-1 img {\n\t\t\t\tborder: 2px solid #cfcfcf;\n\t\t\t}\n\t\t\t#gallery-1 .gallery-caption {\n\t\t\t\tmargin-left: 0;\n\t\t\t}\n\t\t\t\/* see gallery_shortcode() in wp-includes\/media.php *\/\n\t\t<\/style>\n\t\t<div id='gallery-1' class='gallery galleryid-240003 gallery-columns-8 gallery-size-thumbnail'><dl class='gallery-item'>\n\t\t\t<dt class='gallery-icon landscape'>\n\t\t\t\t<a href='https:\/\/franciscanos.org.br\/noticias\/wp-content\/uploads\/2022\/10\/vila_0401-1.jpg'><img width=\"300\" height=\"300\" src=\"https:\/\/franciscanos.org.br\/noticias\/wp-content\/uploads\/2022\/10\/vila_0401-1-300x300.jpg\" class=\"attachment-thumbnail size-thumbnail\" alt=\"\" loading=\"lazy\" srcset=\"https:\/\/franciscanos.org.br\/noticias\/wp-content\/uploads\/2022\/10\/vila_0401-1-300x300.jpg 300w, https:\/\/franciscanos.org.br\/noticias\/wp-content\/uploads\/2022\/10\/vila_0401-1-100x100.jpg 100w\" sizes=\"(max-width: 300px) 100vw, 300px\" \/><\/a>\n\t\t\t<\/dt><\/dl><dl class='gallery-item'>\n\t\t\t<dt class='gallery-icon landscape'>\n\t\t\t\t<a href='https:\/\/franciscanos.org.br\/noticias\/wp-content\/uploads\/2022\/10\/vila_0404.jpg'><img width=\"300\" height=\"300\" src=\"https:\/\/franciscanos.org.br\/noticias\/wp-content\/uploads\/2022\/10\/vila_0404-300x300.jpg\" class=\"attachment-thumbnail size-thumbnail\" alt=\"\" loading=\"lazy\" srcset=\"https:\/\/franciscanos.org.br\/noticias\/wp-content\/uploads\/2022\/10\/vila_0404-300x300.jpg 300w, https:\/\/franciscanos.org.br\/noticias\/wp-content\/uploads\/2022\/10\/vila_0404-100x100.jpg 100w\" sizes=\"(max-width: 300px) 100vw, 300px\" \/><\/a>\n\t\t\t<\/dt><\/dl><dl class='gallery-item'>\n\t\t\t<dt class='gallery-icon landscape'>\n\t\t\t\t<a href='https:\/\/franciscanos.org.br\/noticias\/wp-content\/uploads\/2022\/10\/vila_0405.jpg'><img width=\"300\" height=\"300\" src=\"https:\/\/franciscanos.org.br\/noticias\/wp-content\/uploads\/2022\/10\/vila_0405-300x300.jpg\" class=\"attachment-thumbnail size-thumbnail\" alt=\"\" loading=\"lazy\" srcset=\"https:\/\/franciscanos.org.br\/noticias\/wp-content\/uploads\/2022\/10\/vila_0405-300x300.jpg 300w, https:\/\/franciscanos.org.br\/noticias\/wp-content\/uploads\/2022\/10\/vila_0405-100x100.jpg 100w\" sizes=\"(max-width: 300px) 100vw, 300px\" \/><\/a>\n\t\t\t<\/dt><\/dl><dl class='gallery-item'>\n\t\t\t<dt class='gallery-icon landscape'>\n\t\t\t\t<a href='https:\/\/franciscanos.org.br\/noticias\/wp-content\/uploads\/2022\/10\/vila_0406.jpg'><img width=\"300\" height=\"300\" src=\"https:\/\/franciscanos.org.br\/noticias\/wp-content\/uploads\/2022\/10\/vila_0406-300x300.jpg\" class=\"attachment-thumbnail size-thumbnail\" alt=\"\" loading=\"lazy\" srcset=\"https:\/\/franciscanos.org.br\/noticias\/wp-content\/uploads\/2022\/10\/vila_0406-300x300.jpg 300w, https:\/\/franciscanos.org.br\/noticias\/wp-content\/uploads\/2022\/10\/vila_0406-100x100.jpg 100w\" sizes=\"(max-width: 300px) 100vw, 300px\" \/><\/a>\n\t\t\t<\/dt><\/dl><dl class='gallery-item'>\n\t\t\t<dt class='gallery-icon landscape'>\n\t\t\t\t<a href='https:\/\/franciscanos.org.br\/noticias\/wp-content\/uploads\/2022\/10\/vila_0407.jpg'><img width=\"300\" height=\"300\" src=\"https:\/\/franciscanos.org.br\/noticias\/wp-content\/uploads\/2022\/10\/vila_0407-300x300.jpg\" class=\"attachment-thumbnail size-thumbnail\" alt=\"\" loading=\"lazy\" srcset=\"https:\/\/franciscanos.org.br\/noticias\/wp-content\/uploads\/2022\/10\/vila_0407-300x300.jpg 300w, https:\/\/franciscanos.org.br\/noticias\/wp-content\/uploads\/2022\/10\/vila_0407-100x100.jpg 100w\" sizes=\"(max-width: 300px) 100vw, 300px\" \/><\/a>\n\t\t\t<\/dt><\/dl><dl class='gallery-item'>\n\t\t\t<dt class='gallery-icon landscape'>\n\t\t\t\t<a href='https:\/\/franciscanos.org.br\/noticias\/wp-content\/uploads\/2022\/10\/vila_0409.jpg'><img width=\"300\" height=\"300\" src=\"https:\/\/franciscanos.org.br\/noticias\/wp-content\/uploads\/2022\/10\/vila_0409-300x300.jpg\" class=\"attachment-thumbnail size-thumbnail\" alt=\"\" loading=\"lazy\" srcset=\"https:\/\/franciscanos.org.br\/noticias\/wp-content\/uploads\/2022\/10\/vila_0409-300x300.jpg 300w, https:\/\/franciscanos.org.br\/noticias\/wp-content\/uploads\/2022\/10\/vila_0409-100x100.jpg 100w\" sizes=\"(max-width: 300px) 100vw, 300px\" \/><\/a>\n\t\t\t<\/dt><\/dl><dl class='gallery-item'>\n\t\t\t<dt class='gallery-icon landscape'>\n\t\t\t\t<a href='https:\/\/franciscanos.org.br\/noticias\/wp-content\/uploads\/2022\/10\/vila_04011.jpg'><img width=\"300\" height=\"300\" src=\"https:\/\/franciscanos.org.br\/noticias\/wp-content\/uploads\/2022\/10\/vila_04011-300x300.jpg\" class=\"attachment-thumbnail size-thumbnail\" alt=\"\" loading=\"lazy\" srcset=\"https:\/\/franciscanos.org.br\/noticias\/wp-content\/uploads\/2022\/10\/vila_04011-300x300.jpg 300w, https:\/\/franciscanos.org.br\/noticias\/wp-content\/uploads\/2022\/10\/vila_04011-100x100.jpg 100w\" sizes=\"(max-width: 300px) 100vw, 300px\" \/><\/a>\n\t\t\t<\/dt><\/dl><dl class='gallery-item'>\n\t\t\t<dt class='gallery-icon landscape'>\n\t\t\t\t<a href='https:\/\/franciscanos.org.br\/noticias\/wp-content\/uploads\/2022\/10\/vila_04012.jpg'><img width=\"300\" height=\"300\" src=\"https:\/\/franciscanos.org.br\/noticias\/wp-content\/uploads\/2022\/10\/vila_04012-300x300.jpg\" class=\"attachment-thumbnail size-thumbnail\" alt=\"\" loading=\"lazy\" srcset=\"https:\/\/franciscanos.org.br\/noticias\/wp-content\/uploads\/2022\/10\/vila_04012-300x300.jpg 300w, https:\/\/franciscanos.org.br\/noticias\/wp-content\/uploads\/2022\/10\/vila_04012-100x100.jpg 100w\" sizes=\"(max-width: 300px) 100vw, 300px\" \/><\/a>\n\t\t\t<\/dt><\/dl><br style=\"clear: both\" \/>\n\t\t<\/div>\n\n<p><em>\u00a0 \u00a0 \u00a0 (toque nas imagens para ampli\u00e1-las)<\/em><\/p>\n<p>&#8220;Quanta fratura, quanta quebra, n\u00f3s temos hoje em dia nos relacionamentos. Quanta morte n\u00f3s encontramos, se n\u00e3o dentro de n\u00f3s, mas dentro das nossas fam\u00edlias e dos ambientes do nosso trabalho. Se n\u00f3s rez\u00e1ssemos diante do Crucifixo, como rezou S\u00e3o Francisco, o que Deus diria para n\u00f3s? O que precisa tamb\u00e9m ser restaurado? O que precisa ficar bonito de novo, iluminado? O que precisa novamente ganhar nova vida?&#8221;, provocou o frade.<\/p>\n<p>Segundo Frei Valdecir, a festa de S\u00e3o Francisco tem como tema a &#8220;Revolu\u00e7\u00e3o da Ternura&#8221;. &#8220;Est\u00e1 faltando ternura, est\u00e1 faltando empatia, est\u00e1 faltando a capacidade de perceber que eu n\u00e3o tenho nenhuma verdade absoluta. Que S\u00e3o Francisco ilumine a nossa vida e nos mostre que podemos ser felizes seguindo o seu exemplo!<\/p>\n<p><strong> <img loading=\"lazy\" class=\"alignnone size-full wp-image-240014\" src=\"https:\/\/franciscanos.org.br\/noticias\/wp-content\/uploads\/2022\/10\/vila_0408.jpg\" alt=\"\" width=\"1280\" height=\"853\" srcset=\"https:\/\/franciscanos.org.br\/noticias\/wp-content\/uploads\/2022\/10\/vila_0408.jpg 1280w, https:\/\/franciscanos.org.br\/noticias\/wp-content\/uploads\/2022\/10\/vila_0408-450x300.jpg 450w, https:\/\/franciscanos.org.br\/noticias\/wp-content\/uploads\/2022\/10\/vila_0408-1024x682.jpg 1024w, https:\/\/franciscanos.org.br\/noticias\/wp-content\/uploads\/2022\/10\/vila_0408-768x512.jpg 768w, https:\/\/franciscanos.org.br\/noticias\/wp-content\/uploads\/2022\/10\/vila_0408-150x100.jpg 150w\" sizes=\"(max-width: 1280px) 100vw, 1280px\" \/><\/strong><\/p>\n<h3><strong>FREI FID\u00caNCIO: HOJE, A HUMANIDADE TEM DIFICULDADE DE PERDOAR<\/strong><\/h3>\n<p>O Definidor Provincial, Frei Fid\u00eancio Vanboemmel, presidiu a Celebra\u00e7\u00e3o Eucar\u00edstica ao meio-dia. Segundo ele, neste mundo aflito e atribulado que n\u00f3s vivemos, Francisco de Assis, pobre, humilde, pequenino, \u00e9 motivo tamb\u00e9m para que n\u00f3s possamos louvar a Deus por aquilo que ele foi, mas que a nossa vida tamb\u00e9m &#8220;seja uma louva\u00e7\u00e3o ao Deus Alt\u00edssimo por aquilo que n\u00f3s devemos ser enquanto criaturas, filhos e filhas de Deus&#8221;.<\/p>\n<p>&#8220;Jesus diz: &#8216;Vinde a mim, v\u00f3s todos estais cansados e oprimidos&#8217;. A humanidade toda hoje est\u00e1 cansada. A humanidade hoje tamb\u00e9m vive de diferentes modos, opress\u00f5es. Vivemos em pleno tempo p\u00f3s-moderno, com amea\u00e7as de armas nucleares. &#8216;Vinde a mim, v\u00f3s todos&#8217; porque Jesus tem uma proposta de amor, uma proposta de vida a todos n\u00f3s. Portanto, esta ora\u00e7\u00e3o de Jesus, que nos convida a irmos ao seu encontro, \u00e9 a resposta que Francisco procurou dar no seu tempo. Quando n\u00f3s meditamos e contemplamos o C\u00e2ntico das Criaturas, esse c\u00e2ntico tamb\u00e9m brotou no momento de dor, de profunda dor na alma de Francisco, quando ele n\u00e3o mais podia contemplar a cria\u00e7\u00e3o t\u00e3o bem visualizada aqui, catequeticamente nesses vitrais bonitos da nossa Igreja. Ele tamb\u00e9m louva o Criador por todas as coisas, pelo irm\u00e3o Sol, pela irm\u00e3 Lua, pelas estrelas, pela \u00e1gua, pela vida. Louva o Senhor, por aqueles que perdoam e como a nossa humanidade hoje tem dificuldade de perdoar&#8221;, lamentou.<\/p>\n<p><img loading=\"lazy\" class=\"alignnone size-full wp-image-240015\" src=\"https:\/\/franciscanos.org.br\/noticias\/wp-content\/uploads\/2022\/10\/vila_04010.jpg\" alt=\"\" width=\"1280\" height=\"853\" srcset=\"https:\/\/franciscanos.org.br\/noticias\/wp-content\/uploads\/2022\/10\/vila_04010.jpg 1280w, https:\/\/franciscanos.org.br\/noticias\/wp-content\/uploads\/2022\/10\/vila_04010-450x300.jpg 450w, https:\/\/franciscanos.org.br\/noticias\/wp-content\/uploads\/2022\/10\/vila_04010-1024x682.jpg 1024w, https:\/\/franciscanos.org.br\/noticias\/wp-content\/uploads\/2022\/10\/vila_04010-768x512.jpg 768w, https:\/\/franciscanos.org.br\/noticias\/wp-content\/uploads\/2022\/10\/vila_04010-150x100.jpg 150w\" sizes=\"(max-width: 1280px) 100vw, 1280px\" \/><\/p>\n<p>\u201c&#8217;Eu te louvo, Senhor Pai do C\u00e9u, porque revelasse essas coisas aos mais pobres, aos mais simples e aos mais humildes&#8217;\u201d. Porque n\u00f3s tamb\u00e9m queremos ser criaturas divinas que cantam esta perfeita alegria e esta perfeita alegria passa, muitas vezes, por meio do caminho da cruz, pelo caminho da tribula\u00e7\u00e3o. Deus os aben\u00e7oe. Queridos irm\u00e3os e irm\u00e3s, aben\u00e7oe as nossas fam\u00edlias, aben\u00e7oe os nossos bichinhos de estima\u00e7\u00e3o. Aben\u00e7oe o mundo inteiro para que vivamos cada vez mais a paz, a sonhada paz, a desejada paz e a paz de Deus. Am\u00e9m&#8221;, pediu.<\/p>\n<hr \/>\n<p><em>Lucas A. Santos<\/em><\/p>\n<p><img loading=\"lazy\" class=\"alignnone size-full wp-image-240016\" src=\"https:\/\/franciscanos.org.br\/noticias\/wp-content\/uploads\/2022\/10\/vila_0403.jpg\" alt=\"\" width=\"1280\" height=\"1487\" srcset=\"https:\/\/franciscanos.org.br\/noticias\/wp-content\/uploads\/2022\/10\/vila_0403.jpg 930w, https:\/\/franciscanos.org.br\/noticias\/wp-content\/uploads\/2022\/10\/vila_0403-387x450.jpg 387w, https:\/\/franciscanos.org.br\/noticias\/wp-content\/uploads\/2022\/10\/vila_0403-881x1024.jpg 881w, https:\/\/franciscanos.org.br\/noticias\/wp-content\/uploads\/2022\/10\/vila_0403-768x892.jpg 768w, https:\/\/franciscanos.org.br\/noticias\/wp-content\/uploads\/2022\/10\/vila_0403-150x174.jpg 150w\" sizes=\"(max-width: 1280px) 100vw, 1280px\" \/><\/p>\n","protected":false},"excerpt":{"rendered":"<p>Par\u00f3quia S\u00e3o Francisco de Assis &#8211; Vila Clementino<\/p>\n","protected":false},"author":3,"featured_media":240004,"comment_status":"open","ping_status":"open","sticky":false,"template":"","format":"standard","meta":[],"categories":[1],"tags":[1537],"acf":[],"yoast_head":"<!-- This site is optimized with the Yoast SEO plugin v19.2 - https:\/\/yoast.com\/wordpress\/plugins\/seo\/ -->\n<title>Frei Valdecir: Como Francisco, somos chamados a ser restauradores - Not\u00edcias - Franciscanos<\/title>\n<meta name=\"robots\" content=\"index, follow, max-snippet:-1, max-image-preview:large, max-video-preview:-1\" \/>\n<link rel=\"canonical\" href=\"https:\/\/franciscanos.org.br\/noticias\/frei-valdecir-como-francisco-somos-chamados-a-ser-restauradores.html\" \/>\n<meta property=\"og:locale\" content=\"pt_BR\" \/>\n<meta property=\"og:type\" content=\"article\" \/>\n<meta property=\"og:title\" content=\"Frei Valdecir: Como Francisco, somos chamados a ser restauradores - Not\u00edcias - Franciscanos\" \/>\n<meta property=\"og:description\" content=\"Par\u00f3quia S\u00e3o Francisco de Assis - Vila Clementino\" \/>\n<meta property=\"og:url\" content=\"https:\/\/franciscanos.org.br\/noticias\/frei-valdecir-como-francisco-somos-chamados-a-ser-restauradores.html\" \/>\n<meta property=\"og:site_name\" content=\"Not\u00edcias - Franciscanos\" \/>\n<meta property=\"article:published_time\" content=\"2022-10-04T20:32:22+00:00\" \/>\n<meta property=\"og:image\" content=\"https:\/\/franciscanos.org.br\/noticias\/wp-content\/uploads\/2022\/10\/vila_0401.jpg\" \/>\n\t<meta property=\"og:image:width\" content=\"1280\" \/>\n\t<meta property=\"og:image:height\" content=\"720\" \/>\n\t<meta property=\"og:image:type\" content=\"image\/jpeg\" \/>\n<meta name=\"author\" content=\"moacir\" \/>\n<meta name=\"twitter:card\" content=\"summary_large_image\" \/>\n<meta name=\"twitter:label1\" content=\"Escrito por\" \/>\n\t<meta name=\"twitter:data1\" content=\"moacir\" \/>\n\t<meta name=\"twitter:label2\" content=\"Est. tempo de leitura\" \/>\n\t<meta name=\"twitter:data2\" content=\"5 minutos\" \/>\n<script type=\"application\/ld+json\" class=\"yoast-schema-graph\">{\"@context\":\"https:\/\/schema.org\",\"@graph\":[{\"@type\":\"WebSite\",\"@id\":\"https:\/\/franciscanos.org.br\/noticias\/#website\",\"url\":\"https:\/\/franciscanos.org.br\/noticias\/\",\"name\":\"Not\u00edcias - Franciscanos\",\"description\":\"Prov\u00edncia Franciscana da Imaculada Concei\u00e7\u00e3o do Brasil - Ordem dos Frades Menores - OFM\",\"potentialAction\":[{\"@type\":\"SearchAction\",\"target\":{\"@type\":\"EntryPoint\",\"urlTemplate\":\"https:\/\/franciscanos.org.br\/noticias\/?s={search_term_string}\"},\"query-input\":\"required name=search_term_string\"}],\"inLanguage\":\"pt-BR\"},{\"@type\":\"ImageObject\",\"inLanguage\":\"pt-BR\",\"@id\":\"https:\/\/franciscanos.org.br\/noticias\/frei-valdecir-como-francisco-somos-chamados-a-ser-restauradores.html#primaryimage\",\"url\":\"https:\/\/franciscanos.org.br\/noticias\/wp-content\/uploads\/2022\/10\/vila_0401.jpg\",\"contentUrl\":\"https:\/\/franciscanos.org.br\/noticias\/wp-content\/uploads\/2022\/10\/vila_0401.jpg\",\"width\":1280,\"height\":720},{\"@type\":\"WebPage\",\"@id\":\"https:\/\/franciscanos.org.br\/noticias\/frei-valdecir-como-francisco-somos-chamados-a-ser-restauradores.html#webpage\",\"url\":\"https:\/\/franciscanos.org.br\/noticias\/frei-valdecir-como-francisco-somos-chamados-a-ser-restauradores.html\",\"name\":\"Frei Valdecir: Como Francisco, somos chamados a ser restauradores - Not\u00edcias - Franciscanos\",\"isPartOf\":{\"@id\":\"https:\/\/franciscanos.org.br\/noticias\/#website\"},\"primaryImageOfPage\":{\"@id\":\"https:\/\/franciscanos.org.br\/noticias\/frei-valdecir-como-francisco-somos-chamados-a-ser-restauradores.html#primaryimage\"},\"datePublished\":\"2022-10-04T20:32:22+00:00\",\"dateModified\":\"2022-10-04T20:32:22+00:00\",\"author\":{\"@id\":\"https:\/\/franciscanos.org.br\/noticias\/#\/schema\/person\/b5c8cba458c330ccff548b056e95a5d4\"},\"breadcrumb\":{\"@id\":\"https:\/\/franciscanos.org.br\/noticias\/frei-valdecir-como-francisco-somos-chamados-a-ser-restauradores.html#breadcrumb\"},\"inLanguage\":\"pt-BR\",\"potentialAction\":[{\"@type\":\"ReadAction\",\"target\":[\"https:\/\/franciscanos.org.br\/noticias\/frei-valdecir-como-francisco-somos-chamados-a-ser-restauradores.html\"]}]},{\"@type\":\"BreadcrumbList\",\"@id\":\"https:\/\/franciscanos.org.br\/noticias\/frei-valdecir-como-francisco-somos-chamados-a-ser-restauradores.html#breadcrumb\",\"itemListElement\":[{\"@type\":\"ListItem\",\"position\":1,\"name\":\"Home\",\"item\":\"https:\/\/franciscanos.org.br\/noticias\"},{\"@type\":\"ListItem\",\"position\":2,\"name\":\"Frei Valdecir: Como Francisco, somos chamados a ser restauradores\"}]},{\"@type\":\"Person\",\"@id\":\"https:\/\/franciscanos.org.br\/noticias\/#\/schema\/person\/b5c8cba458c330ccff548b056e95a5d4\",\"name\":\"moacir\",\"image\":{\"@type\":\"ImageObject\",\"inLanguage\":\"pt-BR\",\"@id\":\"https:\/\/franciscanos.org.br\/noticias\/#\/schema\/person\/image\/\",\"url\":\"https:\/\/secure.gravatar.com\/avatar\/d08aa2ce4c8dd416d4479aa8536fcf64?s=96&d=mm&r=g\",\"contentUrl\":\"https:\/\/secure.gravatar.com\/avatar\/d08aa2ce4c8dd416d4479aa8536fcf64?s=96&d=mm&r=g\",\"caption\":\"moacir\"},\"url\":\"https:\/\/franciscanos.org.br\/noticias\/author\/moacir\"}]}<\/script>\n<!-- \/ Yoast SEO plugin. -->","yoast_head_json":{"title":"Frei Valdecir: Como Francisco, somos chamados a ser restauradores - Not\u00edcias - Franciscanos","robots":{"index":"index","follow":"follow","max-snippet":"max-snippet:-1","max-image-preview":"max-image-preview:large","max-video-preview":"max-video-preview:-1"},"canonical":"https:\/\/franciscanos.org.br\/noticias\/frei-valdecir-como-francisco-somos-chamados-a-ser-restauradores.html","og_locale":"pt_BR","og_type":"article","og_title":"Frei Valdecir: Como Francisco, somos chamados a ser restauradores - Not\u00edcias - Franciscanos","og_description":"Par\u00f3quia S\u00e3o Francisco de Assis - Vila Clementino","og_url":"https:\/\/franciscanos.org.br\/noticias\/frei-valdecir-como-francisco-somos-chamados-a-ser-restauradores.html","og_site_name":"Not\u00edcias - Franciscanos","article_published_time":"2022-10-04T20:32:22+00:00","og_image":[{"width":1280,"height":720,"url":"https:\/\/franciscanos.org.br\/noticias\/wp-content\/uploads\/2022\/10\/vila_0401.jpg","type":"image\/jpeg"}],"author":"moacir","twitter_card":"summary_large_image","twitter_misc":{"Escrito por":"moacir","Est. tempo de leitura":"5 minutos"},"schema":{"@context":"https:\/\/schema.org","@graph":[{"@type":"WebSite","@id":"https:\/\/franciscanos.org.br\/noticias\/#website","url":"https:\/\/franciscanos.org.br\/noticias\/","name":"Not\u00edcias - Franciscanos","description":"Prov\u00edncia Franciscana da Imaculada Concei\u00e7\u00e3o do Brasil - Ordem dos Frades Menores - OFM","potentialAction":[{"@type":"SearchAction","target":{"@type":"EntryPoint","urlTemplate":"https:\/\/franciscanos.org.br\/noticias\/?s={search_term_string}"},"query-input":"required name=search_term_string"}],"inLanguage":"pt-BR"},{"@type":"ImageObject","inLanguage":"pt-BR","@id":"https:\/\/franciscanos.org.br\/noticias\/frei-valdecir-como-francisco-somos-chamados-a-ser-restauradores.html#primaryimage","url":"https:\/\/franciscanos.org.br\/noticias\/wp-content\/uploads\/2022\/10\/vila_0401.jpg","contentUrl":"https:\/\/franciscanos.org.br\/noticias\/wp-content\/uploads\/2022\/10\/vila_0401.jpg","width":1280,"height":720},{"@type":"WebPage","@id":"https:\/\/franciscanos.org.br\/noticias\/frei-valdecir-como-francisco-somos-chamados-a-ser-restauradores.html#webpage","url":"https:\/\/franciscanos.org.br\/noticias\/frei-valdecir-como-francisco-somos-chamados-a-ser-restauradores.html","name":"Frei Valdecir: Como Francisco, somos chamados a ser restauradores - Not\u00edcias - Franciscanos","isPartOf":{"@id":"https:\/\/franciscanos.org.br\/noticias\/#website"},"primaryImageOfPage":{"@id":"https:\/\/franciscanos.org.br\/noticias\/frei-valdecir-como-francisco-somos-chamados-a-ser-restauradores.html#primaryimage"},"datePublished":"2022-10-04T20:32:22+00:00","dateModified":"2022-10-04T20:32:22+00:00","author":{"@id":"https:\/\/franciscanos.org.br\/noticias\/#\/schema\/person\/b5c8cba458c330ccff548b056e95a5d4"},"breadcrumb":{"@id":"https:\/\/franciscanos.org.br\/noticias\/frei-valdecir-como-francisco-somos-chamados-a-ser-restauradores.html#breadcrumb"},"inLanguage":"pt-BR","potentialAction":[{"@type":"ReadAction","target":["https:\/\/franciscanos.org.br\/noticias\/frei-valdecir-como-francisco-somos-chamados-a-ser-restauradores.html"]}]},{"@type":"BreadcrumbList","@id":"https:\/\/franciscanos.org.br\/noticias\/frei-valdecir-como-francisco-somos-chamados-a-ser-restauradores.html#breadcrumb","itemListElement":[{"@type":"ListItem","position":1,"name":"Home","item":"https:\/\/franciscanos.org.br\/noticias"},{"@type":"ListItem","position":2,"name":"Frei Valdecir: Como Francisco, somos chamados a ser restauradores"}]},{"@type":"Person","@id":"https:\/\/franciscanos.org.br\/noticias\/#\/schema\/person\/b5c8cba458c330ccff548b056e95a5d4","name":"moacir","image":{"@type":"ImageObject","inLanguage":"pt-BR","@id":"https:\/\/franciscanos.org.br\/noticias\/#\/schema\/person\/image\/","url":"https:\/\/secure.gravatar.com\/avatar\/d08aa2ce4c8dd416d4479aa8536fcf64?s=96&d=mm&r=g","contentUrl":"https:\/\/secure.gravatar.com\/avatar\/d08aa2ce4c8dd416d4479aa8536fcf64?s=96&d=mm&r=g","caption":"moacir"},"url":"https:\/\/franciscanos.org.br\/noticias\/author\/moacir"}]}},"_links":{"self":[{"href":"https:\/\/franciscanos.org.br\/noticias\/wp-json\/wp\/v2\/posts\/240003"}],"collection":[{"href":"https:\/\/franciscanos.org.br\/noticias\/wp-json\/wp\/v2\/posts"}],"about":[{"href":"https:\/\/franciscanos.org.br\/noticias\/wp-json\/wp\/v2\/types\/post"}],"author":[{"embeddable":true,"href":"https:\/\/franciscanos.org.br\/noticias\/wp-json\/wp\/v2\/users\/3"}],"replies":[{"embeddable":true,"href":"https:\/\/franciscanos.org.br\/noticias\/wp-json\/wp\/v2\/comments?post=240003"}],"version-history":[{"count":1,"href":"https:\/\/franciscanos.org.br\/noticias\/wp-json\/wp\/v2\/posts\/240003\/revisions"}],"predecessor-version":[{"id":240017,"href":"https:\/\/franciscanos.org.br\/noticias\/wp-json\/wp\/v2\/posts\/240003\/revisions\/240017"}],"wp:featuredmedia":[{"embeddable":true,"href":"https:\/\/franciscanos.org.br\/noticias\/wp-json\/wp\/v2\/media\/240004"}],"wp:attachment":[{"href":"https:\/\/franciscanos.org.br\/noticias\/wp-json\/wp\/v2\/media?parent=240003"}],"wp:term":[{"taxonomy":"category","embeddable":true,"href":"https:\/\/franciscanos.org.br\/noticias\/wp-json\/wp\/v2\/categories?post=240003"},{"taxonomy":"post_tag","embeddable":true,"href":"https:\/\/franciscanos.org.br\/noticias\/wp-json\/wp\/v2\/tags?post=240003"}],"curies":[{"name":"wp","href":"https:\/\/api.w.org\/{rel}","templated":true}]}}