{"id":239981,"date":"2022-10-04T14:37:30","date_gmt":"2022-10-04T17:37:30","guid":{"rendered":"https:\/\/franciscanos.org.br\/noticias\/?p=239981"},"modified":"2022-12-31T17:30:11","modified_gmt":"2022-12-31T20:30:11","slug":"ministro-provincial-apresenta-as-licoes-da-festa-de-sao-francisco","status":"publish","type":"post","link":"https:\/\/franciscanos.org.br\/noticias\/ministro-provincial-apresenta-as-licoes-da-festa-de-sao-francisco.html","title":{"rendered":"Ministro Provincial apresenta as li\u00e7\u00f5es da Festa de S\u00e3o Francisco"},"content":{"rendered":"<p><img loading=\"lazy\" class=\"alignnone size-full wp-image-239982\" src=\"https:\/\/franciscanos.org.br\/noticias\/wp-content\/uploads\/2022\/10\/paulo_04_12.jpg\" alt=\"\" width=\"1280\" height=\"720\" srcset=\"https:\/\/franciscanos.org.br\/noticias\/wp-content\/uploads\/2022\/10\/paulo_04_12.jpg 1280w, https:\/\/franciscanos.org.br\/noticias\/wp-content\/uploads\/2022\/10\/paulo_04_12-450x253.jpg 450w, https:\/\/franciscanos.org.br\/noticias\/wp-content\/uploads\/2022\/10\/paulo_04_12-1024x576.jpg 1024w, https:\/\/franciscanos.org.br\/noticias\/wp-content\/uploads\/2022\/10\/paulo_04_12-768x432.jpg 768w, https:\/\/franciscanos.org.br\/noticias\/wp-content\/uploads\/2022\/10\/paulo_04_12-150x84.jpg 150w\" sizes=\"(max-width: 1280px) 100vw, 1280px\" \/><\/p>\n<p><strong>S\u00e3o Paulo (SP)<\/strong> &#8211; O hist\u00f3rico Convento S\u00e3o Francisco, que completou 375 anos no \u00faltimo dia 17 de setembro, celebrou neste dia 4 de outubro o seu Padroeiro. Durante todo o dia, o povo veio agradecer e pedir as b\u00ean\u00e7\u00e3os ao Ser\u00e1fico Pai. O dia nublado, com um clima agrad\u00e1vel, ajudou a trazer os devotos at\u00e9 o centro da capital paulista, especialmente para a b\u00ean\u00e7\u00e3o dos animais e para as Missas durante todo dia.<\/p>\n<p>\u00c0s 10 horas, o Ministro Provincial da Prov\u00edncia Franciscana da Imaculada Concei\u00e7\u00e3o, Frei Paulo Roberto Pereira, presidiu a Celebra\u00e7\u00e3o Eucar\u00edstica, tendo como concelebrantes Frei Evaldo Xavier, o comiss\u00e1rio papal no Mosteiro de S\u00e3o Bento, e o di\u00e1cono Frei Gabriel Dellandrea. &#8220;Alegramos nesta Celebra\u00e7\u00e3o da Eucaristia, no dia de S\u00e3o Francisco, pelas presen\u00e7as do Ministro Provincial e de Frei Evaldo. N\u00f3s temos uma rela\u00e7\u00e3o muito bonita desde o tempo de S\u00e3o Francisco com S\u00e3o Bento. Na verdade, na rua S\u00e3o Bento est\u00e1 o Mosteiro S\u00e3o Bento num extremo e no outro o Convento S\u00e3o Francisco. Ent\u00e3o, agradecemos o Ministro Provincial, Frei Evaldo e os jovens monges por essa amizade que vem desde S\u00e3o Francisco. Cada ano, os franciscanos pagavam como aluguel um peixe aos beneditinos pela Igrejinha da Porci\u00fancula. E os beneditinos devolviam com \u00f3leo para a lamparina da igrejinha. Nessa amizade t\u00e3o bonita, foi o Mosteiro das Beneditinas que acolheu Santa Clara no primeiro momento. Ent\u00e3o, obrigado pela presen\u00e7a de voc\u00eas&#8221;, saudou o guardi\u00e3o Frei M\u00e1rio Tagliari.<\/p>\n<p><img loading=\"lazy\" class=\"alignnone size-full wp-image-239983\" src=\"https:\/\/franciscanos.org.br\/noticias\/wp-content\/uploads\/2022\/10\/paulo_04_08.jpg\" alt=\"\" width=\"1280\" height=\"1707\" srcset=\"https:\/\/franciscanos.org.br\/noticias\/wp-content\/uploads\/2022\/10\/paulo_04_08.jpg 810w, https:\/\/franciscanos.org.br\/noticias\/wp-content\/uploads\/2022\/10\/paulo_04_08-337x450.jpg 337w, https:\/\/franciscanos.org.br\/noticias\/wp-content\/uploads\/2022\/10\/paulo_04_08-768x1024.jpg 768w, https:\/\/franciscanos.org.br\/noticias\/wp-content\/uploads\/2022\/10\/paulo_04_08-1152x1536.jpg 1152w, https:\/\/franciscanos.org.br\/noticias\/wp-content\/uploads\/2022\/10\/paulo_04_08-150x200.jpg 150w\" sizes=\"(max-width: 1280px) 100vw, 1280px\" \/><\/p>\n<p>Frei Paulo, falando desta amizade entre os franciscanos e beneditinos, disse que, se somos amigos uns dos outros de fato, \u00e9 preciso fazer esse gesto de dividir a comida. &#8220;O amigo divide a comida e a gente est\u00e1 sentindo falta disso. O mundo sente falta da partilha do alimento. N\u00f3s vamos nos encastelando nas nossas pr\u00f3prias casas e vamos gerando fome e morte. Do metr\u00f4 at\u00e9 aqui vemos muita gente esquecida na rua, talvez sem amizade dos outros. Talvez entre si se protejam devido ao estado de viol\u00eancia e abandono. Talvez essa seja, certamente, a li\u00e7\u00e3o deste dia: Cultivar a amizade, cultivar o companheirismo&#8221;, disse Frei Paulo, explicando que companheiro \u00e9 quem partilha o p\u00e3o. A palavra significa <em>Cum panis<\/em>. Segundo ele, esta \u00e9 a primeira li\u00e7\u00e3o da festa de S\u00e3o Francisco.<\/p>\n<p>Frei Paulo lembrou que nos altares h\u00e1 os santos fortes, os santos bons, aqueles que &#8216;nos ajudam e nos ajudam bastante&#8217;, como Santo Ant\u00f4nio, que parece ser algu\u00e9m da fam\u00edlia, &#8220;porque a gente pede a ele coisas que n\u00e3o teria coragem de pedir para qualquer outro santo&#8221;.<\/p>\n<p><img loading=\"lazy\" class=\"alignnone size-full wp-image-239984\" src=\"https:\/\/franciscanos.org.br\/noticias\/wp-content\/uploads\/2022\/10\/paulo_04_3.jpg\" alt=\"\" width=\"1280\" height=\"960\" srcset=\"https:\/\/franciscanos.org.br\/noticias\/wp-content\/uploads\/2022\/10\/paulo_04_3.jpg 1280w, https:\/\/franciscanos.org.br\/noticias\/wp-content\/uploads\/2022\/10\/paulo_04_3-450x338.jpg 450w, https:\/\/franciscanos.org.br\/noticias\/wp-content\/uploads\/2022\/10\/paulo_04_3-1024x768.jpg 1024w, https:\/\/franciscanos.org.br\/noticias\/wp-content\/uploads\/2022\/10\/paulo_04_3-768x576.jpg 768w, https:\/\/franciscanos.org.br\/noticias\/wp-content\/uploads\/2022\/10\/paulo_04_3-150x113.jpg 150w, https:\/\/franciscanos.org.br\/noticias\/wp-content\/uploads\/2022\/10\/paulo_04_3-600x450.jpg 600w\" sizes=\"(max-width: 1280px) 100vw, 1280px\" \/><\/p>\n<p>Mas e S\u00e3o Francisco, perguntou o Ministro Provincial. &#8220;S\u00e3o Francisco n\u00e3o \u00e9 aquele santo dadivoso, que d\u00e1 muitas coisas para n\u00f3s. S\u00e3o Francisco \u00e9 mais um exemplo. At\u00e9 as coisas que ele vive s\u00e3o bastante dif\u00edceis de serem vividas. Mas por isso estamos aqui, porque n\u00e3o queremos coisas f\u00e1ceis. N\u00f3s queremos ir para o c\u00e9u. E quem acha que ir para o c\u00e9u \u00e9 coisa f\u00e1cil, est\u00e1 enganado. \u00c9 muito dif\u00edcil e por nossa pr\u00f3pria for\u00e7a n\u00f3s n\u00e3o conseguir\u00edamos ir. N\u00f3s s\u00f3 desejamos ir para o c\u00e9u porque o c\u00e9u veio morar conosco. \u00c9 isso que S\u00e3o Francisco nos ensina. O c\u00e9u veio morar conosco para que a gente tenha desejo de c\u00e9u&#8221;, explicou Frei Paulo.<\/p>\n<p>Para o celebrante, o c\u00e9u veio morar conosco no Natal, o mist\u00e9rio da encarna\u00e7\u00e3o que encantava S\u00e3o Francisco. &#8220;N\u00f3s vamos celebrar isso com j\u00fabilo a partir do ano que vem, nos 800 anos da cria\u00e7\u00e3o do pres\u00e9pio. Quer ir para o c\u00e9u? A humanidade fr\u00e1gil de Jesus Cristo nos ensina o caminho. Encarnado na nossa hist\u00f3ria, participando de todas as vicissitudes, sentindo frio na noite invernal, sentindo a falta do acolhimento numa casa quentinha, vai nascer numa estrebaria. \u00c9 o Deus humanado. A encarna\u00e7\u00e3o da divindade que nos ensina ir para cima e ir para baixo, na humildade. Assumir a fragilidade humana, esse \u00e9 o caminho que S\u00e3o Francisco ensina&#8221;, pontuou.<\/p>\n<p><img loading=\"lazy\" class=\"alignnone size-full wp-image-239985\" src=\"https:\/\/franciscanos.org.br\/noticias\/wp-content\/uploads\/2022\/10\/paulo_04_2.jpg\" alt=\"\" width=\"1280\" height=\"960\" srcset=\"https:\/\/franciscanos.org.br\/noticias\/wp-content\/uploads\/2022\/10\/paulo_04_2.jpg 1280w, https:\/\/franciscanos.org.br\/noticias\/wp-content\/uploads\/2022\/10\/paulo_04_2-450x338.jpg 450w, https:\/\/franciscanos.org.br\/noticias\/wp-content\/uploads\/2022\/10\/paulo_04_2-1024x768.jpg 1024w, https:\/\/franciscanos.org.br\/noticias\/wp-content\/uploads\/2022\/10\/paulo_04_2-768x576.jpg 768w, https:\/\/franciscanos.org.br\/noticias\/wp-content\/uploads\/2022\/10\/paulo_04_2-150x113.jpg 150w, https:\/\/franciscanos.org.br\/noticias\/wp-content\/uploads\/2022\/10\/paulo_04_2-600x450.jpg 600w\" sizes=\"(max-width: 1280px) 100vw, 1280px\" \/><\/p>\n\n\t\t<style type=\"text\/css\">\n\t\t\t#gallery-1 {\n\t\t\t\tmargin: auto;\n\t\t\t}\n\t\t\t#gallery-1 .gallery-item {\n\t\t\t\tfloat: left;\n\t\t\t\tmargin-top: 10px;\n\t\t\t\ttext-align: center;\n\t\t\t\twidth: 11%;\n\t\t\t}\n\t\t\t#gallery-1 img {\n\t\t\t\tborder: 2px solid #cfcfcf;\n\t\t\t}\n\t\t\t#gallery-1 .gallery-caption {\n\t\t\t\tmargin-left: 0;\n\t\t\t}\n\t\t\t\/* see gallery_shortcode() in wp-includes\/media.php *\/\n\t\t<\/style>\n\t\t<div id='gallery-1' class='gallery galleryid-239981 gallery-columns-9 gallery-size-thumbnail'><dl class='gallery-item'>\n\t\t\t<dt class='gallery-icon landscape'>\n\t\t\t\t<a href='https:\/\/franciscanos.org.br\/noticias\/wp-content\/uploads\/2022\/10\/paulo_01.jpg'><img width=\"300\" height=\"300\" src=\"https:\/\/franciscanos.org.br\/noticias\/wp-content\/uploads\/2022\/10\/paulo_01-300x300.jpg\" class=\"attachment-thumbnail size-thumbnail\" alt=\"\" loading=\"lazy\" srcset=\"https:\/\/franciscanos.org.br\/noticias\/wp-content\/uploads\/2022\/10\/paulo_01-300x300.jpg 300w, https:\/\/franciscanos.org.br\/noticias\/wp-content\/uploads\/2022\/10\/paulo_01-100x100.jpg 100w\" sizes=\"(max-width: 300px) 100vw, 300px\" \/><\/a>\n\t\t\t<\/dt><\/dl><dl class='gallery-item'>\n\t\t\t<dt class='gallery-icon landscape'>\n\t\t\t\t<a href='https:\/\/franciscanos.org.br\/noticias\/wp-content\/uploads\/2022\/10\/paulo_03.jpg'><img width=\"300\" height=\"300\" src=\"https:\/\/franciscanos.org.br\/noticias\/wp-content\/uploads\/2022\/10\/paulo_03-300x300.jpg\" class=\"attachment-thumbnail size-thumbnail\" alt=\"\" loading=\"lazy\" srcset=\"https:\/\/franciscanos.org.br\/noticias\/wp-content\/uploads\/2022\/10\/paulo_03-300x300.jpg 300w, https:\/\/franciscanos.org.br\/noticias\/wp-content\/uploads\/2022\/10\/paulo_03-100x100.jpg 100w\" sizes=\"(max-width: 300px) 100vw, 300px\" \/><\/a>\n\t\t\t<\/dt><\/dl><dl class='gallery-item'>\n\t\t\t<dt class='gallery-icon landscape'>\n\t\t\t\t<a href='https:\/\/franciscanos.org.br\/noticias\/wp-content\/uploads\/2022\/10\/paulo_04.jpg'><img width=\"300\" height=\"300\" src=\"https:\/\/franciscanos.org.br\/noticias\/wp-content\/uploads\/2022\/10\/paulo_04-300x300.jpg\" class=\"attachment-thumbnail size-thumbnail\" alt=\"\" loading=\"lazy\" srcset=\"https:\/\/franciscanos.org.br\/noticias\/wp-content\/uploads\/2022\/10\/paulo_04-300x300.jpg 300w, https:\/\/franciscanos.org.br\/noticias\/wp-content\/uploads\/2022\/10\/paulo_04-100x100.jpg 100w\" sizes=\"(max-width: 300px) 100vw, 300px\" \/><\/a>\n\t\t\t<\/dt><\/dl><dl class='gallery-item'>\n\t\t\t<dt class='gallery-icon landscape'>\n\t\t\t\t<a href='https:\/\/franciscanos.org.br\/noticias\/wp-content\/uploads\/2022\/10\/paulo_04_5.jpg'><img width=\"300\" height=\"300\" src=\"https:\/\/franciscanos.org.br\/noticias\/wp-content\/uploads\/2022\/10\/paulo_04_5-300x300.jpg\" class=\"attachment-thumbnail size-thumbnail\" alt=\"\" loading=\"lazy\" srcset=\"https:\/\/franciscanos.org.br\/noticias\/wp-content\/uploads\/2022\/10\/paulo_04_5-300x300.jpg 300w, https:\/\/franciscanos.org.br\/noticias\/wp-content\/uploads\/2022\/10\/paulo_04_5-100x100.jpg 100w\" sizes=\"(max-width: 300px) 100vw, 300px\" \/><\/a>\n\t\t\t<\/dt><\/dl><dl class='gallery-item'>\n\t\t\t<dt class='gallery-icon landscape'>\n\t\t\t\t<a href='https:\/\/franciscanos.org.br\/noticias\/wp-content\/uploads\/2022\/10\/paulo_04_6.jpg'><img width=\"300\" height=\"300\" src=\"https:\/\/franciscanos.org.br\/noticias\/wp-content\/uploads\/2022\/10\/paulo_04_6-300x300.jpg\" class=\"attachment-thumbnail size-thumbnail\" alt=\"\" loading=\"lazy\" srcset=\"https:\/\/franciscanos.org.br\/noticias\/wp-content\/uploads\/2022\/10\/paulo_04_6-300x300.jpg 300w, https:\/\/franciscanos.org.br\/noticias\/wp-content\/uploads\/2022\/10\/paulo_04_6-100x100.jpg 100w\" sizes=\"(max-width: 300px) 100vw, 300px\" \/><\/a>\n\t\t\t<\/dt><\/dl><dl class='gallery-item'>\n\t\t\t<dt class='gallery-icon landscape'>\n\t\t\t\t<a href='https:\/\/franciscanos.org.br\/noticias\/wp-content\/uploads\/2022\/10\/paulo_04_7.jpg'><img width=\"300\" height=\"300\" src=\"https:\/\/franciscanos.org.br\/noticias\/wp-content\/uploads\/2022\/10\/paulo_04_7-300x300.jpg\" class=\"attachment-thumbnail size-thumbnail\" alt=\"\" loading=\"lazy\" srcset=\"https:\/\/franciscanos.org.br\/noticias\/wp-content\/uploads\/2022\/10\/paulo_04_7-300x300.jpg 300w, https:\/\/franciscanos.org.br\/noticias\/wp-content\/uploads\/2022\/10\/paulo_04_7-100x100.jpg 100w\" sizes=\"(max-width: 300px) 100vw, 300px\" \/><\/a>\n\t\t\t<\/dt><\/dl><dl class='gallery-item'>\n\t\t\t<dt class='gallery-icon landscape'>\n\t\t\t\t<a href='https:\/\/franciscanos.org.br\/noticias\/wp-content\/uploads\/2022\/10\/paulo_04_9.jpg'><img width=\"300\" height=\"300\" src=\"https:\/\/franciscanos.org.br\/noticias\/wp-content\/uploads\/2022\/10\/paulo_04_9-300x300.jpg\" class=\"attachment-thumbnail size-thumbnail\" alt=\"\" loading=\"lazy\" srcset=\"https:\/\/franciscanos.org.br\/noticias\/wp-content\/uploads\/2022\/10\/paulo_04_9-300x300.jpg 300w, https:\/\/franciscanos.org.br\/noticias\/wp-content\/uploads\/2022\/10\/paulo_04_9-100x100.jpg 100w\" sizes=\"(max-width: 300px) 100vw, 300px\" \/><\/a>\n\t\t\t<\/dt><\/dl><dl class='gallery-item'>\n\t\t\t<dt class='gallery-icon landscape'>\n\t\t\t\t<a href='https:\/\/franciscanos.org.br\/noticias\/wp-content\/uploads\/2022\/10\/paulo_04_10.jpg'><img width=\"300\" height=\"300\" src=\"https:\/\/franciscanos.org.br\/noticias\/wp-content\/uploads\/2022\/10\/paulo_04_10-300x300.jpg\" class=\"attachment-thumbnail size-thumbnail\" alt=\"\" loading=\"lazy\" srcset=\"https:\/\/franciscanos.org.br\/noticias\/wp-content\/uploads\/2022\/10\/paulo_04_10-300x300.jpg 300w, https:\/\/franciscanos.org.br\/noticias\/wp-content\/uploads\/2022\/10\/paulo_04_10-100x100.jpg 100w\" sizes=\"(max-width: 300px) 100vw, 300px\" \/><\/a>\n\t\t\t<\/dt><\/dl><dl class='gallery-item'>\n\t\t\t<dt class='gallery-icon landscape'>\n\t\t\t\t<a href='https:\/\/franciscanos.org.br\/noticias\/wp-content\/uploads\/2022\/10\/paulo_05.jpg'><img width=\"300\" height=\"300\" src=\"https:\/\/franciscanos.org.br\/noticias\/wp-content\/uploads\/2022\/10\/paulo_05-300x300.jpg\" class=\"attachment-thumbnail size-thumbnail\" alt=\"\" loading=\"lazy\" srcset=\"https:\/\/franciscanos.org.br\/noticias\/wp-content\/uploads\/2022\/10\/paulo_05-300x300.jpg 300w, https:\/\/franciscanos.org.br\/noticias\/wp-content\/uploads\/2022\/10\/paulo_05-100x100.jpg 100w\" sizes=\"(max-width: 300px) 100vw, 300px\" \/><\/a>\n\t\t\t<\/dt><\/dl><br style=\"clear: both\" \/>\n\t\t<\/div>\n\n<p><em> \u00a0 \u00a0(toque nas imagens menores para ampli\u00e1-las)<\/em><\/p>\n<p>Esse Deus que se despoja de toda a sua realeza, de todo o seu poderio, tamb\u00e9m se faz p\u00e3o na Eucaristia. &#8220;Milagre da generosidade do Senhor. Se desfaz de tudo para ser alimento. O alimento mais simples, aquele que nos faz irm\u00e3os, que nos faz companheiros e companheiras. Essas s\u00e3o as li\u00e7\u00f5es de S\u00e3o Francisco: o pres\u00e9pio, a Eucaristia e a cruz. N\u00e3o \u00e9 f\u00e1cil ir para o c\u00e9u. No caminho tem cruz, diversas cruzes, e sobretudo aquela cruz escancarando o amor de Jesus Cristo pela humanidade. Despojamento, amor pleno, amor total&#8221;, explicou Frei Paulo.<\/p>\n<p>Segundo ele, essas s\u00e3o as li\u00e7\u00f5es de S\u00e3o Francisco, v\u00e1lidas para ontem e para hoje, e urgent\u00edssimas para a nossa realidade. &#8220;Tenhamos a disposi\u00e7\u00e3o grandiosa de seguir o exemplo de S\u00e3o Francisco e viver aquilo que o Evangelho de hoje nos diz: &#8216;Eu te louvo, Pai, porque escondeste essas coisas aos s\u00e1bios e entendidos, e as revelaste aos pequeninos (Mt 11,25-30). S\u00e1bios e entendidos, senhores de si mesmo, soberbos, j\u00e1 plenos e lotados de autorrefer\u00eancia. Eu sei tudo, eu posso tudo, eu condeno a todos. Elimino as pessoas que n\u00e3o pensam como eu penso, que n\u00e3o votam como eu voto, que n\u00e3o querem o que eu quero, que s\u00e3o diferentes de mim, no g\u00eanero, na ra\u00e7a, na proced\u00eancia, s\u00e3o nordestinos. Eu os elimino porque eu sou autorreferente. Senhor de mim mesmo. Lotado, soberbo&#8221;, condenou Frei Paulo.<\/p>\n<p><img loading=\"lazy\" class=\"alignnone size-full wp-image-239999\" src=\"https:\/\/franciscanos.org.br\/noticias\/wp-content\/uploads\/2022\/10\/paulo_4_07.jpg\" alt=\"\" width=\"1280\" height=\"1707\" srcset=\"https:\/\/franciscanos.org.br\/noticias\/wp-content\/uploads\/2022\/10\/paulo_4_07.jpg 810w, https:\/\/franciscanos.org.br\/noticias\/wp-content\/uploads\/2022\/10\/paulo_4_07-337x450.jpg 337w, https:\/\/franciscanos.org.br\/noticias\/wp-content\/uploads\/2022\/10\/paulo_4_07-768x1024.jpg 768w, https:\/\/franciscanos.org.br\/noticias\/wp-content\/uploads\/2022\/10\/paulo_4_07-1152x1536.jpg 1152w, https:\/\/franciscanos.org.br\/noticias\/wp-content\/uploads\/2022\/10\/paulo_4_07-150x200.jpg 150w\" sizes=\"(max-width: 1280px) 100vw, 1280px\" \/><\/p>\n<p>Em contraposi\u00e7\u00e3o a essa realidade, o Ministro Provincial disse: &#8220;Voc\u00eas nunca saber\u00e3o a verdade do Senhor. Voc\u00eas nunca conhecer\u00e3o Jesus Cristo, nunca ver\u00e3o reveladas as verdades do Evangelho. &#8216;Eu te louvo, Pai, porque escondeste essas coisas aos s\u00e1bios e entendidos&#8217; e as revelastes a n\u00f3s que amamos S\u00e3o Francisco, que hoje viemos a sua igreja para colher sobejamente os seus ensinamentos. Ensinamentos da simplicidade, da humildade e da vontade e do cuidado. Por isso, a gente se encanta vendo as pessoas trazerem os bichinhos para receberem a b\u00ean\u00e7\u00e3o. Quanto cuidado, quanto carinho, quanta aten\u00e7\u00e3o! E a gente sabe que isso \u00e9 bom, por isso n\u00f3s nos encantamos quando vemos tantos gestos desta natureza. Que bom, sejamos atentos, cuidadosos, generosos, afetuosos. Mas vejam, todos esses verbos que mencionei, poderia mencion\u00e1-los tantos mais que dizem respeito \u00e0 nossa atitude em rela\u00e7\u00e3o \u00e0s criaturas. Que n\u00f3s sejamos bondosos, cuidadosos, atenciosos, generosos, que sejamos acolhedores, \u00e9 nossa decis\u00e3o em favor da criatura. Porque hoje o que est\u00e1 acontecendo \u00e9 exatamente o contr\u00e1rio e por isso que nascem tantas express\u00f5es que nos acostumamos a elas e achamos que isso \u00e9 normal: &#8216;Eu prefiro ter um amigo cachorro'&#8221;, lamentou.<\/p>\n<p>Para Frei Paulo, isso acontece porque n\u00f3s esperamos sempre receber o cuidado, receber o carinho, &#8220;Quem ama esperando receber amor em troca, ainda n\u00e3o ama como Deus no pres\u00e9pio, como Deus na Eucaristia, como Deus na cruz. N\u00e3o esperava receber nada em troca, por isso seu amor foi o maior amor. S\u00e3o as li\u00e7\u00f5es da festa de hoje. E que do c\u00e9u venha a gra\u00e7a de viv\u00ea-las no nosso dia a dia. Viva S\u00e3o Francisco!&#8221;, concluiu.<\/p>\n\n\t\t<style type=\"text\/css\">\n\t\t\t#gallery-2 {\n\t\t\t\tmargin: auto;\n\t\t\t}\n\t\t\t#gallery-2 .gallery-item {\n\t\t\t\tfloat: left;\n\t\t\t\tmargin-top: 10px;\n\t\t\t\ttext-align: center;\n\t\t\t\twidth: 33%;\n\t\t\t}\n\t\t\t#gallery-2 img {\n\t\t\t\tborder: 2px solid #cfcfcf;\n\t\t\t}\n\t\t\t#gallery-2 .gallery-caption {\n\t\t\t\tmargin-left: 0;\n\t\t\t}\n\t\t\t\/* see gallery_shortcode() in wp-includes\/media.php *\/\n\t\t<\/style>\n\t\t<div id='gallery-2' class='gallery galleryid-239981 gallery-columns-3 gallery-size-thumbnail'><dl class='gallery-item'>\n\t\t\t<dt class='gallery-icon landscape'>\n\t\t\t\t<a href='https:\/\/franciscanos.org.br\/noticias\/wp-content\/uploads\/2022\/10\/jolie_01.jpg'><img width=\"300\" height=\"300\" src=\"https:\/\/franciscanos.org.br\/noticias\/wp-content\/uploads\/2022\/10\/jolie_01-300x300.jpg\" class=\"attachment-thumbnail size-thumbnail\" alt=\"\" loading=\"lazy\" srcset=\"https:\/\/franciscanos.org.br\/noticias\/wp-content\/uploads\/2022\/10\/jolie_01-300x300.jpg 300w, https:\/\/franciscanos.org.br\/noticias\/wp-content\/uploads\/2022\/10\/jolie_01-100x100.jpg 100w\" sizes=\"(max-width: 300px) 100vw, 300px\" \/><\/a>\n\t\t\t<\/dt><\/dl><dl class='gallery-item'>\n\t\t\t<dt class='gallery-icon landscape'>\n\t\t\t\t<a href='https:\/\/franciscanos.org.br\/noticias\/wp-content\/uploads\/2022\/10\/jolie_02.jpg'><img width=\"300\" height=\"300\" src=\"https:\/\/franciscanos.org.br\/noticias\/wp-content\/uploads\/2022\/10\/jolie_02-300x300.jpg\" class=\"attachment-thumbnail size-thumbnail\" alt=\"\" loading=\"lazy\" srcset=\"https:\/\/franciscanos.org.br\/noticias\/wp-content\/uploads\/2022\/10\/jolie_02-300x300.jpg 300w, https:\/\/franciscanos.org.br\/noticias\/wp-content\/uploads\/2022\/10\/jolie_02-100x100.jpg 100w\" sizes=\"(max-width: 300px) 100vw, 300px\" \/><\/a>\n\t\t\t<\/dt><\/dl><dl class='gallery-item'>\n\t\t\t<dt class='gallery-icon landscape'>\n\t\t\t\t<a href='https:\/\/franciscanos.org.br\/noticias\/wp-content\/uploads\/2022\/10\/jolie_03.jpg'><img width=\"300\" height=\"300\" src=\"https:\/\/franciscanos.org.br\/noticias\/wp-content\/uploads\/2022\/10\/jolie_03-300x300.jpg\" class=\"attachment-thumbnail size-thumbnail\" alt=\"\" loading=\"lazy\" srcset=\"https:\/\/franciscanos.org.br\/noticias\/wp-content\/uploads\/2022\/10\/jolie_03-300x300.jpg 300w, https:\/\/franciscanos.org.br\/noticias\/wp-content\/uploads\/2022\/10\/jolie_03-100x100.jpg 100w\" sizes=\"(max-width: 300px) 100vw, 300px\" \/><\/a>\n\t\t\t<\/dt><\/dl><br style=\"clear: both\" \/>\n\t\t<\/div>\n\n<p><strong>A BELA &#8220;JOLIE&#8221;\u00a0<\/strong><\/p>\n<p>No mundo dos pets, quem roubou a cena no Largo S\u00e3o Francisco foi &#8220;Jolie&#8221;. Vestida com um h\u00e1bito marrom, ela chamou a aten\u00e7\u00e3o dos fot\u00f3grafos. &#8220;Jolie&#8221; foi encontrada na rodovia Imigrantes h\u00e1 cinco anos. Paciente e amorosa, sempre perto de sua dona Marisa Gouveia, ela atendeu a todos os &#8216;pedidos&#8217; de fotos. Durante a Missa, um pouco cansada, aproveitou para se esticar no ch\u00e3o. Ningu\u00e9m \u00e9 de ferro.<\/p>\n<hr \/>\n<p><em>Comunica\u00e7\u00e3o da Prov\u00edncia da Imaculada<\/em><\/p>\n","protected":false},"excerpt":{"rendered":"<p>Convento S\u00e3o Francisco<\/p>\n","protected":false},"author":3,"featured_media":239982,"comment_status":"open","ping_status":"open","sticky":false,"template":"","format":"standard","meta":[],"categories":[1],"tags":[1537],"acf":[],"yoast_head":"<!-- This site is optimized with the Yoast SEO plugin v19.2 - https:\/\/yoast.com\/wordpress\/plugins\/seo\/ -->\n<title>Ministro Provincial apresenta as li\u00e7\u00f5es da Festa de S\u00e3o Francisco - Not\u00edcias - Franciscanos<\/title>\n<meta name=\"robots\" content=\"index, follow, max-snippet:-1, max-image-preview:large, max-video-preview:-1\" \/>\n<link rel=\"canonical\" href=\"https:\/\/franciscanos.org.br\/noticias\/ministro-provincial-apresenta-as-licoes-da-festa-de-sao-francisco.html\" \/>\n<meta property=\"og:locale\" content=\"pt_BR\" \/>\n<meta property=\"og:type\" content=\"article\" \/>\n<meta property=\"og:title\" content=\"Ministro Provincial apresenta as li\u00e7\u00f5es da Festa de S\u00e3o Francisco - Not\u00edcias - Franciscanos\" \/>\n<meta property=\"og:description\" content=\"Convento S\u00e3o Francisco\" \/>\n<meta property=\"og:url\" content=\"https:\/\/franciscanos.org.br\/noticias\/ministro-provincial-apresenta-as-licoes-da-festa-de-sao-francisco.html\" \/>\n<meta property=\"og:site_name\" content=\"Not\u00edcias - Franciscanos\" \/>\n<meta property=\"article:published_time\" content=\"2022-10-04T17:37:30+00:00\" \/>\n<meta property=\"article:modified_time\" content=\"2022-12-31T20:30:11+00:00\" \/>\n<meta property=\"og:image\" content=\"https:\/\/franciscanos.org.br\/noticias\/wp-content\/uploads\/2022\/10\/paulo_04_12.jpg\" \/>\n\t<meta property=\"og:image:width\" content=\"1280\" \/>\n\t<meta property=\"og:image:height\" content=\"720\" \/>\n\t<meta property=\"og:image:type\" content=\"image\/jpeg\" \/>\n<meta name=\"author\" content=\"moacir\" \/>\n<meta name=\"twitter:card\" content=\"summary_large_image\" \/>\n<meta name=\"twitter:label1\" content=\"Escrito por\" \/>\n\t<meta name=\"twitter:data1\" content=\"moacir\" \/>\n\t<meta name=\"twitter:label2\" content=\"Est. tempo de leitura\" \/>\n\t<meta name=\"twitter:data2\" content=\"8 minutos\" \/>\n<script type=\"application\/ld+json\" class=\"yoast-schema-graph\">{\"@context\":\"https:\/\/schema.org\",\"@graph\":[{\"@type\":\"WebSite\",\"@id\":\"https:\/\/franciscanos.org.br\/noticias\/#website\",\"url\":\"https:\/\/franciscanos.org.br\/noticias\/\",\"name\":\"Not\u00edcias - Franciscanos\",\"description\":\"Prov\u00edncia Franciscana da Imaculada Concei\u00e7\u00e3o do Brasil - Ordem dos Frades Menores - OFM\",\"potentialAction\":[{\"@type\":\"SearchAction\",\"target\":{\"@type\":\"EntryPoint\",\"urlTemplate\":\"https:\/\/franciscanos.org.br\/noticias\/?s={search_term_string}\"},\"query-input\":\"required name=search_term_string\"}],\"inLanguage\":\"pt-BR\"},{\"@type\":\"ImageObject\",\"inLanguage\":\"pt-BR\",\"@id\":\"https:\/\/franciscanos.org.br\/noticias\/ministro-provincial-apresenta-as-licoes-da-festa-de-sao-francisco.html#primaryimage\",\"url\":\"https:\/\/franciscanos.org.br\/noticias\/wp-content\/uploads\/2022\/10\/paulo_04_12.jpg\",\"contentUrl\":\"https:\/\/franciscanos.org.br\/noticias\/wp-content\/uploads\/2022\/10\/paulo_04_12.jpg\",\"width\":1280,\"height\":720},{\"@type\":\"WebPage\",\"@id\":\"https:\/\/franciscanos.org.br\/noticias\/ministro-provincial-apresenta-as-licoes-da-festa-de-sao-francisco.html#webpage\",\"url\":\"https:\/\/franciscanos.org.br\/noticias\/ministro-provincial-apresenta-as-licoes-da-festa-de-sao-francisco.html\",\"name\":\"Ministro Provincial apresenta as li\u00e7\u00f5es da Festa de S\u00e3o Francisco - Not\u00edcias - Franciscanos\",\"isPartOf\":{\"@id\":\"https:\/\/franciscanos.org.br\/noticias\/#website\"},\"primaryImageOfPage\":{\"@id\":\"https:\/\/franciscanos.org.br\/noticias\/ministro-provincial-apresenta-as-licoes-da-festa-de-sao-francisco.html#primaryimage\"},\"datePublished\":\"2022-10-04T17:37:30+00:00\",\"dateModified\":\"2022-12-31T20:30:11+00:00\",\"author\":{\"@id\":\"https:\/\/franciscanos.org.br\/noticias\/#\/schema\/person\/b5c8cba458c330ccff548b056e95a5d4\"},\"breadcrumb\":{\"@id\":\"https:\/\/franciscanos.org.br\/noticias\/ministro-provincial-apresenta-as-licoes-da-festa-de-sao-francisco.html#breadcrumb\"},\"inLanguage\":\"pt-BR\",\"potentialAction\":[{\"@type\":\"ReadAction\",\"target\":[\"https:\/\/franciscanos.org.br\/noticias\/ministro-provincial-apresenta-as-licoes-da-festa-de-sao-francisco.html\"]}]},{\"@type\":\"BreadcrumbList\",\"@id\":\"https:\/\/franciscanos.org.br\/noticias\/ministro-provincial-apresenta-as-licoes-da-festa-de-sao-francisco.html#breadcrumb\",\"itemListElement\":[{\"@type\":\"ListItem\",\"position\":1,\"name\":\"Home\",\"item\":\"https:\/\/franciscanos.org.br\/noticias\"},{\"@type\":\"ListItem\",\"position\":2,\"name\":\"Ministro Provincial apresenta as li\u00e7\u00f5es da Festa de S\u00e3o Francisco\"}]},{\"@type\":\"Person\",\"@id\":\"https:\/\/franciscanos.org.br\/noticias\/#\/schema\/person\/b5c8cba458c330ccff548b056e95a5d4\",\"name\":\"moacir\",\"image\":{\"@type\":\"ImageObject\",\"inLanguage\":\"pt-BR\",\"@id\":\"https:\/\/franciscanos.org.br\/noticias\/#\/schema\/person\/image\/\",\"url\":\"https:\/\/secure.gravatar.com\/avatar\/d08aa2ce4c8dd416d4479aa8536fcf64?s=96&d=mm&r=g\",\"contentUrl\":\"https:\/\/secure.gravatar.com\/avatar\/d08aa2ce4c8dd416d4479aa8536fcf64?s=96&d=mm&r=g\",\"caption\":\"moacir\"},\"url\":\"https:\/\/franciscanos.org.br\/noticias\/author\/moacir\"}]}<\/script>\n<!-- \/ Yoast SEO plugin. -->","yoast_head_json":{"title":"Ministro Provincial apresenta as li\u00e7\u00f5es da Festa de S\u00e3o Francisco - Not\u00edcias - Franciscanos","robots":{"index":"index","follow":"follow","max-snippet":"max-snippet:-1","max-image-preview":"max-image-preview:large","max-video-preview":"max-video-preview:-1"},"canonical":"https:\/\/franciscanos.org.br\/noticias\/ministro-provincial-apresenta-as-licoes-da-festa-de-sao-francisco.html","og_locale":"pt_BR","og_type":"article","og_title":"Ministro Provincial apresenta as li\u00e7\u00f5es da Festa de S\u00e3o Francisco - Not\u00edcias - Franciscanos","og_description":"Convento S\u00e3o Francisco","og_url":"https:\/\/franciscanos.org.br\/noticias\/ministro-provincial-apresenta-as-licoes-da-festa-de-sao-francisco.html","og_site_name":"Not\u00edcias - Franciscanos","article_published_time":"2022-10-04T17:37:30+00:00","article_modified_time":"2022-12-31T20:30:11+00:00","og_image":[{"width":1280,"height":720,"url":"https:\/\/franciscanos.org.br\/noticias\/wp-content\/uploads\/2022\/10\/paulo_04_12.jpg","type":"image\/jpeg"}],"author":"moacir","twitter_card":"summary_large_image","twitter_misc":{"Escrito por":"moacir","Est. tempo de leitura":"8 minutos"},"schema":{"@context":"https:\/\/schema.org","@graph":[{"@type":"WebSite","@id":"https:\/\/franciscanos.org.br\/noticias\/#website","url":"https:\/\/franciscanos.org.br\/noticias\/","name":"Not\u00edcias - Franciscanos","description":"Prov\u00edncia Franciscana da Imaculada Concei\u00e7\u00e3o do Brasil - Ordem dos Frades Menores - OFM","potentialAction":[{"@type":"SearchAction","target":{"@type":"EntryPoint","urlTemplate":"https:\/\/franciscanos.org.br\/noticias\/?s={search_term_string}"},"query-input":"required name=search_term_string"}],"inLanguage":"pt-BR"},{"@type":"ImageObject","inLanguage":"pt-BR","@id":"https:\/\/franciscanos.org.br\/noticias\/ministro-provincial-apresenta-as-licoes-da-festa-de-sao-francisco.html#primaryimage","url":"https:\/\/franciscanos.org.br\/noticias\/wp-content\/uploads\/2022\/10\/paulo_04_12.jpg","contentUrl":"https:\/\/franciscanos.org.br\/noticias\/wp-content\/uploads\/2022\/10\/paulo_04_12.jpg","width":1280,"height":720},{"@type":"WebPage","@id":"https:\/\/franciscanos.org.br\/noticias\/ministro-provincial-apresenta-as-licoes-da-festa-de-sao-francisco.html#webpage","url":"https:\/\/franciscanos.org.br\/noticias\/ministro-provincial-apresenta-as-licoes-da-festa-de-sao-francisco.html","name":"Ministro Provincial apresenta as li\u00e7\u00f5es da Festa de S\u00e3o Francisco - Not\u00edcias - Franciscanos","isPartOf":{"@id":"https:\/\/franciscanos.org.br\/noticias\/#website"},"primaryImageOfPage":{"@id":"https:\/\/franciscanos.org.br\/noticias\/ministro-provincial-apresenta-as-licoes-da-festa-de-sao-francisco.html#primaryimage"},"datePublished":"2022-10-04T17:37:30+00:00","dateModified":"2022-12-31T20:30:11+00:00","author":{"@id":"https:\/\/franciscanos.org.br\/noticias\/#\/schema\/person\/b5c8cba458c330ccff548b056e95a5d4"},"breadcrumb":{"@id":"https:\/\/franciscanos.org.br\/noticias\/ministro-provincial-apresenta-as-licoes-da-festa-de-sao-francisco.html#breadcrumb"},"inLanguage":"pt-BR","potentialAction":[{"@type":"ReadAction","target":["https:\/\/franciscanos.org.br\/noticias\/ministro-provincial-apresenta-as-licoes-da-festa-de-sao-francisco.html"]}]},{"@type":"BreadcrumbList","@id":"https:\/\/franciscanos.org.br\/noticias\/ministro-provincial-apresenta-as-licoes-da-festa-de-sao-francisco.html#breadcrumb","itemListElement":[{"@type":"ListItem","position":1,"name":"Home","item":"https:\/\/franciscanos.org.br\/noticias"},{"@type":"ListItem","position":2,"name":"Ministro Provincial apresenta as li\u00e7\u00f5es da Festa de S\u00e3o Francisco"}]},{"@type":"Person","@id":"https:\/\/franciscanos.org.br\/noticias\/#\/schema\/person\/b5c8cba458c330ccff548b056e95a5d4","name":"moacir","image":{"@type":"ImageObject","inLanguage":"pt-BR","@id":"https:\/\/franciscanos.org.br\/noticias\/#\/schema\/person\/image\/","url":"https:\/\/secure.gravatar.com\/avatar\/d08aa2ce4c8dd416d4479aa8536fcf64?s=96&d=mm&r=g","contentUrl":"https:\/\/secure.gravatar.com\/avatar\/d08aa2ce4c8dd416d4479aa8536fcf64?s=96&d=mm&r=g","caption":"moacir"},"url":"https:\/\/franciscanos.org.br\/noticias\/author\/moacir"}]}},"_links":{"self":[{"href":"https:\/\/franciscanos.org.br\/noticias\/wp-json\/wp\/v2\/posts\/239981"}],"collection":[{"href":"https:\/\/franciscanos.org.br\/noticias\/wp-json\/wp\/v2\/posts"}],"about":[{"href":"https:\/\/franciscanos.org.br\/noticias\/wp-json\/wp\/v2\/types\/post"}],"author":[{"embeddable":true,"href":"https:\/\/franciscanos.org.br\/noticias\/wp-json\/wp\/v2\/users\/3"}],"replies":[{"embeddable":true,"href":"https:\/\/franciscanos.org.br\/noticias\/wp-json\/wp\/v2\/comments?post=239981"}],"version-history":[{"count":4,"href":"https:\/\/franciscanos.org.br\/noticias\/wp-json\/wp\/v2\/posts\/239981\/revisions"}],"predecessor-version":[{"id":241466,"href":"https:\/\/franciscanos.org.br\/noticias\/wp-json\/wp\/v2\/posts\/239981\/revisions\/241466"}],"wp:featuredmedia":[{"embeddable":true,"href":"https:\/\/franciscanos.org.br\/noticias\/wp-json\/wp\/v2\/media\/239982"}],"wp:attachment":[{"href":"https:\/\/franciscanos.org.br\/noticias\/wp-json\/wp\/v2\/media?parent=239981"}],"wp:term":[{"taxonomy":"category","embeddable":true,"href":"https:\/\/franciscanos.org.br\/noticias\/wp-json\/wp\/v2\/categories?post=239981"},{"taxonomy":"post_tag","embeddable":true,"href":"https:\/\/franciscanos.org.br\/noticias\/wp-json\/wp\/v2\/tags?post=239981"}],"curies":[{"name":"wp","href":"https:\/\/api.w.org\/{rel}","templated":true}]}}