{"id":239970,"date":"2022-10-03T23:18:11","date_gmt":"2022-10-04T02:18:11","guid":{"rendered":"https:\/\/franciscanos.org.br\/noticias\/?p=239970"},"modified":"2022-12-31T12:50:29","modified_gmt":"2022-12-31T15:50:29","slug":"no-dia-de-sao-francisco-de-assis-frei-anselmo-completa-60-anos-de-presbitero","status":"publish","type":"post","link":"https:\/\/franciscanos.org.br\/noticias\/no-dia-de-sao-francisco-de-assis-frei-anselmo-completa-60-anos-de-presbitero.html","title":{"rendered":"No dia de S\u00e3o Francisco de Assis, Frei Anselmo completa 60 anos de presb\u00edtero"},"content":{"rendered":"<p><img loading=\"lazy\" class=\"alignnone wp-image-239972 size-full\" src=\"https:\/\/franciscanos.org.br\/noticias\/wp-content\/uploads\/2022\/10\/freianselmo_30422_2.jpg\" alt=\"\" width=\"1280\" height=\"720\" srcset=\"https:\/\/franciscanos.org.br\/noticias\/wp-content\/uploads\/2022\/10\/freianselmo_30422_2.jpg 1280w, https:\/\/franciscanos.org.br\/noticias\/wp-content\/uploads\/2022\/10\/freianselmo_30422_2-450x253.jpg 450w, https:\/\/franciscanos.org.br\/noticias\/wp-content\/uploads\/2022\/10\/freianselmo_30422_2-1024x576.jpg 1024w, https:\/\/franciscanos.org.br\/noticias\/wp-content\/uploads\/2022\/10\/freianselmo_30422_2-768x432.jpg 768w, https:\/\/franciscanos.org.br\/noticias\/wp-content\/uploads\/2022\/10\/freianselmo_30422_2-150x84.jpg 150w\" sizes=\"(max-width: 1280px) 100vw, 1280px\" \/><\/p>\n<p><em>No dia em que a Fam\u00edlia Franciscana do mundo todo celebra as festividades de S\u00e3o Francisco de Assis (4\/10), Frei Anselmo Fracasso completa 60 anos de presbiterato. Ainda em julho deste ano realizamos esta entrevista que, muito mais do que perguntas e respostas, pretende apresentar um franciscano que \u00e9 um testemunho vivo da gra\u00e7a de viver.<\/em><\/p>\n<p><em>Frei Anselmo \u00e9 natural de Baliza no Rio Grande do Sul. Nasceu no dia 31 de outubro de 1930. Aos 21 anos de idade, quando j\u00e1 cursava o terceiro ano do cient\u00edfico, hoje Ensino M\u00e9dio, no Semin\u00e1rio Santo Ant\u00f4nio de Agudos (SP), viu-se privado da luz dos olhos. Ap\u00f3s o primeiro impacto, reagiu, aprendeu o m\u00e9todo Braille e, assim, conseguiu prosseguir os estudos at\u00e9 o fim. Fez sua profiss\u00e3o solene no dia 30 de agosto de 1962. No dia 4 de outubro de 1962 foi ordenado presb\u00edtero por concess\u00e3o especial do saudoso Papa Jo\u00e3o XXIII, hoje santo. Desde ent\u00e3o, embora permanecendo sem a luz dos olhos, desempenha normalmente as fun\u00e7\u00f5es religiosas. Deixou de enxergar para come\u00e7ar a verdadeiramente ver. \u00c9 franciscano, professor, conferencista e autor de diversos livros. Como preanunciam quatro t\u00edtulos de seus livros: &#8220;Ele enxerga o que os olhos n\u00e3o veem&#8221; e &#8220;ensina aos seus ouvintes&#8221;, atrav\u00e9s de &#8220;gotas de vida&#8221;, a &#8220;arte de viver e o segredo da flor&#8221;.<\/em><\/p>\n<p><em>Atualmente frei Anselmo tem mais de 90 anos e reside no Convento Santo Ant\u00f4nio do Largo da Carioca h\u00e1 pelos menos seis d\u00e9cadas. Quando completou 50 anos de padre, em 2012, Frei Neylor Jos\u00e9 Tonin assim descreveu a personalidade do confrade: \u201cEle \u00e9 muito admirado por centenas, sen\u00e3o milhares, de devotos de Santo Ant\u00f4nio que v\u00eam ao Convento do Largo da Carioca (RJ) para receber de suas m\u00e3os o perd\u00e3o dos pecados e as luzes para seus problemas pessoais. Mas ele \u00e9 tamb\u00e9m muito conhecido e admirado pelo Brasil afora por suas palestras e pela ajuda aos cegos. Ele mesmo \u00e9 cego, mas, j\u00e1 municiou a mais de 100 cegos com m\u00e1quinas de escrever em Braille, compradas com o suor de seus trabalhos e com o dinheiro de doadores que apoiam seus cuidados pastorais. Hoje, ele j\u00e1 n\u00e3o viaja mais tanto, antes corria o Brasil todo, mas mesmo assim continua promovendo a causa dos cegos e ajudando os deficientes visuais\u201d.<\/em><\/p>\n<p><em>A Ora\u00e7\u00e3o da Paz atribu\u00edda a S\u00e3o Francisco de Assis, assim diz: \u201cSenhor, fazei de mim um instrumento de vossa Paz. Onde houver \u00f3dio que eu leve o amor\u201d. Ainda na juventude, Frei Anselmo perdeu seu pai assassinado e com est\u00e1 experi\u00eancia de dor, traduziu a ora\u00e7\u00e3o de S\u00e3o Francisco na sua pr\u00f3pria vida. Nesta entrevista, Frei Anselmo explica este epis\u00f3dio e fala sobre perd\u00e3o e reconcilia\u00e7\u00e3o. Tamb\u00e9m d\u00e1 detalhes sobre a perda da vis\u00e3o, sua vida e itiner\u00e1rio vocacional.<\/em><\/p>\n<p><em>Acompanhe a entrevista concedida a Frei Augusto Luiz Gabriel.<\/em><\/p>\n<hr \/>\n<p><iframe loading=\"lazy\" title=\"YouTube video player\" src=\"https:\/\/www.youtube.com\/embed\/0YdI8zN2MLY\" width=\"100%\" height=\"480\" frameborder=\"0\" allowfullscreen=\"allowfullscreen\"><span data-mce-type=\"bookmark\" style=\"display: inline-block; width: 0px; overflow: hidden; line-height: 0;\" class=\"mce_SELRES_start\">\ufeff<\/span><\/iframe><\/p>\n","protected":false},"excerpt":{"rendered":"<p>Entrevista com Frei Anselmo Fracasso<\/p>\n","protected":false},"author":5,"featured_media":239974,"comment_status":"open","ping_status":"open","sticky":false,"template":"","format":"standard","meta":[],"categories":[758],"tags":[2060,1792,1249],"acf":[],"yoast_head":"<!-- This site is optimized with the Yoast SEO plugin v19.2 - https:\/\/yoast.com\/wordpress\/plugins\/seo\/ -->\n<title>No dia de S\u00e3o Francisco de Assis, Frei Anselmo completa 60 anos de presb\u00edtero - Not\u00edcias - Franciscanos<\/title>\n<meta name=\"robots\" content=\"index, follow, max-snippet:-1, max-image-preview:large, max-video-preview:-1\" \/>\n<link rel=\"canonical\" href=\"https:\/\/franciscanos.org.br\/noticias\/no-dia-de-sao-francisco-de-assis-frei-anselmo-completa-60-anos-de-presbitero.html\" \/>\n<meta property=\"og:locale\" content=\"pt_BR\" \/>\n<meta property=\"og:type\" content=\"article\" \/>\n<meta property=\"og:title\" content=\"No dia de S\u00e3o Francisco de Assis, Frei Anselmo completa 60 anos de presb\u00edtero - Not\u00edcias - Franciscanos\" \/>\n<meta property=\"og:description\" content=\"Entrevista com Frei Anselmo Fracasso\" \/>\n<meta property=\"og:url\" content=\"https:\/\/franciscanos.org.br\/noticias\/no-dia-de-sao-francisco-de-assis-frei-anselmo-completa-60-anos-de-presbitero.html\" \/>\n<meta property=\"og:site_name\" content=\"Not\u00edcias - Franciscanos\" \/>\n<meta property=\"article:published_time\" content=\"2022-10-04T02:18:11+00:00\" \/>\n<meta property=\"article:modified_time\" content=\"2022-12-31T15:50:29+00:00\" \/>\n<meta property=\"og:image\" content=\"https:\/\/franciscanos.org.br\/noticias\/wp-content\/uploads\/2022\/10\/freianselmo_30422.jpg\" \/>\n\t<meta property=\"og:image:width\" content=\"1280\" \/>\n\t<meta property=\"og:image:height\" content=\"740\" \/>\n\t<meta property=\"og:image:type\" content=\"image\/jpeg\" \/>\n<meta name=\"author\" content=\"freiaugusto\" \/>\n<meta name=\"twitter:card\" content=\"summary_large_image\" \/>\n<meta name=\"twitter:label1\" content=\"Escrito por\" \/>\n\t<meta name=\"twitter:data1\" content=\"freiaugusto\" \/>\n\t<meta name=\"twitter:label2\" content=\"Est. tempo de leitura\" \/>\n\t<meta name=\"twitter:data2\" content=\"2 minutos\" \/>\n<script type=\"application\/ld+json\" class=\"yoast-schema-graph\">{\"@context\":\"https:\/\/schema.org\",\"@graph\":[{\"@type\":\"WebSite\",\"@id\":\"https:\/\/franciscanos.org.br\/noticias\/#website\",\"url\":\"https:\/\/franciscanos.org.br\/noticias\/\",\"name\":\"Not\u00edcias - Franciscanos\",\"description\":\"Prov\u00edncia Franciscana da Imaculada Concei\u00e7\u00e3o do Brasil - Ordem dos Frades Menores - OFM\",\"potentialAction\":[{\"@type\":\"SearchAction\",\"target\":{\"@type\":\"EntryPoint\",\"urlTemplate\":\"https:\/\/franciscanos.org.br\/noticias\/?s={search_term_string}\"},\"query-input\":\"required name=search_term_string\"}],\"inLanguage\":\"pt-BR\"},{\"@type\":\"ImageObject\",\"inLanguage\":\"pt-BR\",\"@id\":\"https:\/\/franciscanos.org.br\/noticias\/no-dia-de-sao-francisco-de-assis-frei-anselmo-completa-60-anos-de-presbitero.html#primaryimage\",\"url\":\"https:\/\/franciscanos.org.br\/noticias\/wp-content\/uploads\/2022\/10\/freianselmo_30422.jpg\",\"contentUrl\":\"https:\/\/franciscanos.org.br\/noticias\/wp-content\/uploads\/2022\/10\/freianselmo_30422.jpg\",\"width\":1280,\"height\":740},{\"@type\":\"WebPage\",\"@id\":\"https:\/\/franciscanos.org.br\/noticias\/no-dia-de-sao-francisco-de-assis-frei-anselmo-completa-60-anos-de-presbitero.html#webpage\",\"url\":\"https:\/\/franciscanos.org.br\/noticias\/no-dia-de-sao-francisco-de-assis-frei-anselmo-completa-60-anos-de-presbitero.html\",\"name\":\"No dia de S\u00e3o Francisco de Assis, Frei Anselmo completa 60 anos de presb\u00edtero - Not\u00edcias - Franciscanos\",\"isPartOf\":{\"@id\":\"https:\/\/franciscanos.org.br\/noticias\/#website\"},\"primaryImageOfPage\":{\"@id\":\"https:\/\/franciscanos.org.br\/noticias\/no-dia-de-sao-francisco-de-assis-frei-anselmo-completa-60-anos-de-presbitero.html#primaryimage\"},\"datePublished\":\"2022-10-04T02:18:11+00:00\",\"dateModified\":\"2022-12-31T15:50:29+00:00\",\"author\":{\"@id\":\"https:\/\/franciscanos.org.br\/noticias\/#\/schema\/person\/37f88f0d111cd5358b12a6556a99eb91\"},\"breadcrumb\":{\"@id\":\"https:\/\/franciscanos.org.br\/noticias\/no-dia-de-sao-francisco-de-assis-frei-anselmo-completa-60-anos-de-presbitero.html#breadcrumb\"},\"inLanguage\":\"pt-BR\",\"potentialAction\":[{\"@type\":\"ReadAction\",\"target\":[\"https:\/\/franciscanos.org.br\/noticias\/no-dia-de-sao-francisco-de-assis-frei-anselmo-completa-60-anos-de-presbitero.html\"]}]},{\"@type\":\"BreadcrumbList\",\"@id\":\"https:\/\/franciscanos.org.br\/noticias\/no-dia-de-sao-francisco-de-assis-frei-anselmo-completa-60-anos-de-presbitero.html#breadcrumb\",\"itemListElement\":[{\"@type\":\"ListItem\",\"position\":1,\"name\":\"Home\",\"item\":\"https:\/\/franciscanos.org.br\/noticias\"},{\"@type\":\"ListItem\",\"position\":2,\"name\":\"No dia de S\u00e3o Francisco de Assis, Frei Anselmo completa 60 anos de presb\u00edtero\"}]},{\"@type\":\"Person\",\"@id\":\"https:\/\/franciscanos.org.br\/noticias\/#\/schema\/person\/37f88f0d111cd5358b12a6556a99eb91\",\"name\":\"freiaugusto\",\"image\":{\"@type\":\"ImageObject\",\"inLanguage\":\"pt-BR\",\"@id\":\"https:\/\/franciscanos.org.br\/noticias\/#\/schema\/person\/image\/\",\"url\":\"https:\/\/secure.gravatar.com\/avatar\/9840b940e621801b24f3e6b059efb4b7?s=96&d=mm&r=g\",\"contentUrl\":\"https:\/\/secure.gravatar.com\/avatar\/9840b940e621801b24f3e6b059efb4b7?s=96&d=mm&r=g\",\"caption\":\"freiaugusto\"},\"url\":\"https:\/\/franciscanos.org.br\/noticias\/author\/freiaugusto\"}]}<\/script>\n<!-- \/ Yoast SEO plugin. -->","yoast_head_json":{"title":"No dia de S\u00e3o Francisco de Assis, Frei Anselmo completa 60 anos de presb\u00edtero - Not\u00edcias - Franciscanos","robots":{"index":"index","follow":"follow","max-snippet":"max-snippet:-1","max-image-preview":"max-image-preview:large","max-video-preview":"max-video-preview:-1"},"canonical":"https:\/\/franciscanos.org.br\/noticias\/no-dia-de-sao-francisco-de-assis-frei-anselmo-completa-60-anos-de-presbitero.html","og_locale":"pt_BR","og_type":"article","og_title":"No dia de S\u00e3o Francisco de Assis, Frei Anselmo completa 60 anos de presb\u00edtero - Not\u00edcias - Franciscanos","og_description":"Entrevista com Frei Anselmo Fracasso","og_url":"https:\/\/franciscanos.org.br\/noticias\/no-dia-de-sao-francisco-de-assis-frei-anselmo-completa-60-anos-de-presbitero.html","og_site_name":"Not\u00edcias - Franciscanos","article_published_time":"2022-10-04T02:18:11+00:00","article_modified_time":"2022-12-31T15:50:29+00:00","og_image":[{"width":1280,"height":740,"url":"https:\/\/franciscanos.org.br\/noticias\/wp-content\/uploads\/2022\/10\/freianselmo_30422.jpg","type":"image\/jpeg"}],"author":"freiaugusto","twitter_card":"summary_large_image","twitter_misc":{"Escrito por":"freiaugusto","Est. tempo de leitura":"2 minutos"},"schema":{"@context":"https:\/\/schema.org","@graph":[{"@type":"WebSite","@id":"https:\/\/franciscanos.org.br\/noticias\/#website","url":"https:\/\/franciscanos.org.br\/noticias\/","name":"Not\u00edcias - Franciscanos","description":"Prov\u00edncia Franciscana da Imaculada Concei\u00e7\u00e3o do Brasil - Ordem dos Frades Menores - OFM","potentialAction":[{"@type":"SearchAction","target":{"@type":"EntryPoint","urlTemplate":"https:\/\/franciscanos.org.br\/noticias\/?s={search_term_string}"},"query-input":"required name=search_term_string"}],"inLanguage":"pt-BR"},{"@type":"ImageObject","inLanguage":"pt-BR","@id":"https:\/\/franciscanos.org.br\/noticias\/no-dia-de-sao-francisco-de-assis-frei-anselmo-completa-60-anos-de-presbitero.html#primaryimage","url":"https:\/\/franciscanos.org.br\/noticias\/wp-content\/uploads\/2022\/10\/freianselmo_30422.jpg","contentUrl":"https:\/\/franciscanos.org.br\/noticias\/wp-content\/uploads\/2022\/10\/freianselmo_30422.jpg","width":1280,"height":740},{"@type":"WebPage","@id":"https:\/\/franciscanos.org.br\/noticias\/no-dia-de-sao-francisco-de-assis-frei-anselmo-completa-60-anos-de-presbitero.html#webpage","url":"https:\/\/franciscanos.org.br\/noticias\/no-dia-de-sao-francisco-de-assis-frei-anselmo-completa-60-anos-de-presbitero.html","name":"No dia de S\u00e3o Francisco de Assis, Frei Anselmo completa 60 anos de presb\u00edtero - Not\u00edcias - Franciscanos","isPartOf":{"@id":"https:\/\/franciscanos.org.br\/noticias\/#website"},"primaryImageOfPage":{"@id":"https:\/\/franciscanos.org.br\/noticias\/no-dia-de-sao-francisco-de-assis-frei-anselmo-completa-60-anos-de-presbitero.html#primaryimage"},"datePublished":"2022-10-04T02:18:11+00:00","dateModified":"2022-12-31T15:50:29+00:00","author":{"@id":"https:\/\/franciscanos.org.br\/noticias\/#\/schema\/person\/37f88f0d111cd5358b12a6556a99eb91"},"breadcrumb":{"@id":"https:\/\/franciscanos.org.br\/noticias\/no-dia-de-sao-francisco-de-assis-frei-anselmo-completa-60-anos-de-presbitero.html#breadcrumb"},"inLanguage":"pt-BR","potentialAction":[{"@type":"ReadAction","target":["https:\/\/franciscanos.org.br\/noticias\/no-dia-de-sao-francisco-de-assis-frei-anselmo-completa-60-anos-de-presbitero.html"]}]},{"@type":"BreadcrumbList","@id":"https:\/\/franciscanos.org.br\/noticias\/no-dia-de-sao-francisco-de-assis-frei-anselmo-completa-60-anos-de-presbitero.html#breadcrumb","itemListElement":[{"@type":"ListItem","position":1,"name":"Home","item":"https:\/\/franciscanos.org.br\/noticias"},{"@type":"ListItem","position":2,"name":"No dia de S\u00e3o Francisco de Assis, Frei Anselmo completa 60 anos de presb\u00edtero"}]},{"@type":"Person","@id":"https:\/\/franciscanos.org.br\/noticias\/#\/schema\/person\/37f88f0d111cd5358b12a6556a99eb91","name":"freiaugusto","image":{"@type":"ImageObject","inLanguage":"pt-BR","@id":"https:\/\/franciscanos.org.br\/noticias\/#\/schema\/person\/image\/","url":"https:\/\/secure.gravatar.com\/avatar\/9840b940e621801b24f3e6b059efb4b7?s=96&d=mm&r=g","contentUrl":"https:\/\/secure.gravatar.com\/avatar\/9840b940e621801b24f3e6b059efb4b7?s=96&d=mm&r=g","caption":"freiaugusto"},"url":"https:\/\/franciscanos.org.br\/noticias\/author\/freiaugusto"}]}},"_links":{"self":[{"href":"https:\/\/franciscanos.org.br\/noticias\/wp-json\/wp\/v2\/posts\/239970"}],"collection":[{"href":"https:\/\/franciscanos.org.br\/noticias\/wp-json\/wp\/v2\/posts"}],"about":[{"href":"https:\/\/franciscanos.org.br\/noticias\/wp-json\/wp\/v2\/types\/post"}],"author":[{"embeddable":true,"href":"https:\/\/franciscanos.org.br\/noticias\/wp-json\/wp\/v2\/users\/5"}],"replies":[{"embeddable":true,"href":"https:\/\/franciscanos.org.br\/noticias\/wp-json\/wp\/v2\/comments?post=239970"}],"version-history":[{"count":2,"href":"https:\/\/franciscanos.org.br\/noticias\/wp-json\/wp\/v2\/posts\/239970\/revisions"}],"predecessor-version":[{"id":239975,"href":"https:\/\/franciscanos.org.br\/noticias\/wp-json\/wp\/v2\/posts\/239970\/revisions\/239975"}],"wp:featuredmedia":[{"embeddable":true,"href":"https:\/\/franciscanos.org.br\/noticias\/wp-json\/wp\/v2\/media\/239974"}],"wp:attachment":[{"href":"https:\/\/franciscanos.org.br\/noticias\/wp-json\/wp\/v2\/media?parent=239970"}],"wp:term":[{"taxonomy":"category","embeddable":true,"href":"https:\/\/franciscanos.org.br\/noticias\/wp-json\/wp\/v2\/categories?post=239970"},{"taxonomy":"post_tag","embeddable":true,"href":"https:\/\/franciscanos.org.br\/noticias\/wp-json\/wp\/v2\/tags?post=239970"}],"curies":[{"name":"wp","href":"https:\/\/api.w.org\/{rel}","templated":true}]}}