{"id":239900,"date":"2022-10-02T15:21:59","date_gmt":"2022-10-02T18:21:59","guid":{"rendered":"https:\/\/franciscanos.org.br\/noticias\/?p=239900"},"modified":"2022-12-31T17:32:21","modified_gmt":"2022-12-31T20:32:21","slug":"dom-bosco-francisco-nos-convida-a-ter-uma-fe-que-transforma","status":"publish","type":"post","link":"https:\/\/franciscanos.org.br\/noticias\/dom-bosco-francisco-nos-convida-a-ter-uma-fe-que-transforma.html","title":{"rendered":"Dom Bosco: &#8220;Francisco nos convida a ter uma f\u00e9 que transforma&#8221;"},"content":{"rendered":"<p><strong><img loading=\"lazy\" class=\"alignnone size-full wp-image-239901\" src=\"https:\/\/franciscanos.org.br\/noticias\/wp-content\/uploads\/2022\/10\/bosco_0210_13.jpg\" alt=\"\" width=\"1280\" height=\"720\" srcset=\"https:\/\/franciscanos.org.br\/noticias\/wp-content\/uploads\/2022\/10\/bosco_0210_13.jpg 1280w, https:\/\/franciscanos.org.br\/noticias\/wp-content\/uploads\/2022\/10\/bosco_0210_13-450x253.jpg 450w, https:\/\/franciscanos.org.br\/noticias\/wp-content\/uploads\/2022\/10\/bosco_0210_13-1024x576.jpg 1024w, https:\/\/franciscanos.org.br\/noticias\/wp-content\/uploads\/2022\/10\/bosco_0210_13-768x432.jpg 768w, https:\/\/franciscanos.org.br\/noticias\/wp-content\/uploads\/2022\/10\/bosco_0210_13-150x84.jpg 150w\" sizes=\"(max-width: 1280px) 100vw, 1280px\" \/><\/strong><\/p>\n<p><strong>S\u00e3o Paulo (SP) &#8211;<\/strong> &#8220;Com que cuidado Francisco orientou seus confrades para que dessem testemunho do Evangelho, mas n\u00e3o simplesmente doutrinando as pessoas ou querendo impor a f\u00e9. Mas sempre de forma simples, com breves palavras, do jeito que o pr\u00f3prio Jesus fez. E sempre em comunh\u00e3o com a Igreja. Francisco queria que seus frades fossem fi\u00e9is \u00e0 Igreja. &#8216;Somos apenas servos&#8217;. \u00c9 por isso que o seu modo de ser, o seu exemplo, passou a ser t\u00e3o importante para virar a Igreja no avesso&#8221;. Palavras do bispo franciscano da Diocese de Osasco, Dom Frei Jo\u00e3o Bosco Barbosa de Souza, frade desta Prov\u00edncia da Imaculada Concei\u00e7\u00e3o, ao presidir a Santa Missa deste domingo, \u00e0s 10 horas, no oitavo dia da Novena em Honra ao Padroeiro do Convento S\u00e3o Francisco no Centro de S\u00e3o Paulo.<\/p>\n<p>O guardi\u00e3o da Fraternidade do Convento, Frei Mario Tagliari, concelebrou e saudou Dom Jo\u00e3o: &#8220;Quero, em nome dos confrades, dar as boas-vindas ao nosso confrade Dom Frei Jo\u00e3o Bosco Barbosa. Ele \u00e9 da mesma terra de Frei Galv\u00e3o e parente da fam\u00edlia Galv\u00e3o. Ele ficou bispo quando era p\u00e1roco da Igreja da Vila Clementino&#8221;, disse o frade, pedindo uma salva de palmas. Frei Gabriel Dellandrea serviu ao altar como di\u00e1cono.<\/p>\n<p><img loading=\"lazy\" class=\"alignnone size-full wp-image-239902\" src=\"https:\/\/franciscanos.org.br\/noticias\/wp-content\/uploads\/2022\/10\/bosco_0210_44.jpg\" alt=\"\" width=\"1280\" height=\"1707\" srcset=\"https:\/\/franciscanos.org.br\/noticias\/wp-content\/uploads\/2022\/10\/bosco_0210_44.jpg 810w, https:\/\/franciscanos.org.br\/noticias\/wp-content\/uploads\/2022\/10\/bosco_0210_44-337x450.jpg 337w, https:\/\/franciscanos.org.br\/noticias\/wp-content\/uploads\/2022\/10\/bosco_0210_44-768x1024.jpg 768w, https:\/\/franciscanos.org.br\/noticias\/wp-content\/uploads\/2022\/10\/bosco_0210_44-1152x1536.jpg 1152w, https:\/\/franciscanos.org.br\/noticias\/wp-content\/uploads\/2022\/10\/bosco_0210_44-150x200.jpg 150w\" sizes=\"(max-width: 1280px) 100vw, 1280px\" \/><\/p>\n<p>Antes de sua reflex\u00e3o, Dom Bosco colocou diante de Deus o nosso pa\u00eds, que hoje est\u00e1 escolhendo o futuro nos pr\u00f3ximos quatro anos. &#8220;E numa situa\u00e7\u00e3o bastante dif\u00edcil e complicada que a gente acompanhou at\u00e9 aqui. Pe\u00e7amos a Deus paz, di\u00e1logo, fraternidade, que a nossa P\u00e1tria encontre o caminho da esperan\u00e7a&#8221;, pediu.<\/p>\n<p>Ele tamb\u00e9m lembrou o in\u00edcio do M\u00eas das Miss\u00f5es. &#8220;\u00b4\u00c9 importante a gente compreender que todos temos de ser mission\u00e1rios. E mission\u00e1rios a servi\u00e7o da vida. Este in\u00edcio de outubro \u00e9 dedicado \u00e0 Semana Nacional da Vida. Hoje, tamb\u00e9m celebramos o Anjo da Guarda. Vamos pedir a Deus que n\u00f3s sejamos muito atentos aquilo que nosso anjo nos pede, nos orienta&#8221;, disse.<\/p>\n<p>Dom Bosco destacou a riqueza de ora\u00e7\u00e3o, de forma\u00e7\u00e3o, de aprendizado durante a Novena, especialmente este ano, conhecendo detalhes da Regra de S\u00e3o Francisco, que neste ano celebra 800 anos. &#8220;Essa bendita Regra de S\u00e3o Francisco deu tanto trabalho para ser escrita, porque a gente sabe que S\u00e3o Francisco n\u00e3o queria saber de regra. Ele dizia que a Regra que n\u00f3s temos \u00e9 Jesus Cristo. Basta o Evangelho. E quando ele percebeu que devia fazer uma Regra, porque tinha irm\u00e3os que queriam segui-lo, ele pegou umas frases do Evangelho e disse: &#8216;Nossa Regra \u00e9 essa&#8217;. Santa ingenuidade. A Igreja pedia que fizesse uma Regra como os modelos que eram seguidos pelas congrega\u00e7\u00f5es religiosas conhecidas. Mas ele queria simplesmente o Evangelho. Ele queria se vestir do Evangelho&#8221;, enfatizou o bispo franciscano.<\/p>\n<p><img loading=\"lazy\" class=\"alignnone size-full wp-image-239903\" src=\"https:\/\/franciscanos.org.br\/noticias\/wp-content\/uploads\/2022\/10\/bosco_0210_11.jpg\" alt=\"\" width=\"1280\" height=\"960\" srcset=\"https:\/\/franciscanos.org.br\/noticias\/wp-content\/uploads\/2022\/10\/bosco_0210_11.jpg 1280w, https:\/\/franciscanos.org.br\/noticias\/wp-content\/uploads\/2022\/10\/bosco_0210_11-450x338.jpg 450w, https:\/\/franciscanos.org.br\/noticias\/wp-content\/uploads\/2022\/10\/bosco_0210_11-1024x768.jpg 1024w, https:\/\/franciscanos.org.br\/noticias\/wp-content\/uploads\/2022\/10\/bosco_0210_11-768x576.jpg 768w, https:\/\/franciscanos.org.br\/noticias\/wp-content\/uploads\/2022\/10\/bosco_0210_11-150x113.jpg 150w, https:\/\/franciscanos.org.br\/noticias\/wp-content\/uploads\/2022\/10\/bosco_0210_11-600x450.jpg 600w\" sizes=\"(max-width: 1280px) 100vw, 1280px\" \/><\/p>\n<p>J\u00e1 que Francisco tinha que fazer uma Regra, que essa tivesse o feitio do Evangelho, que fosse uma forma de colocar em pr\u00e1tica o Evangelho. E assim aconteceu, lembrou Dom Bosco. Depois de uma vers\u00e3o que n\u00e3o estava conforme o desejo da Igreja, foi enfim feita a Regra que &#8220;temos at\u00e9 hoje como refer\u00eancia de S\u00e3o Francisco e que fez com que ele, de fato, tomando o Evangelho ao p\u00e9 da letra revirasse a hist\u00f3ria da Igreja&#8221;.<\/p>\n<p>Dom Bosco explica: &#8220;Revirasse porque a Igreja que estava estabelecida naquele modelo t\u00e3o imperial, t\u00e3o grandioso, havia esquecido de botar os p\u00e9s no ch\u00e3o como Francisco queria. E ele, com todo o respeito pela Igreja do jeito que ela era, queria transform\u00e1-la por dentro a partir do Evangelho. E o que aconteceu? A Regra foi sua maneira de transmitir realmente para os irm\u00e3os e para a Igreja o seu desejo de ser o Evangelho. E assim n\u00f3s temos essa alegria de celebrar os 800 anos da Regra de S\u00e3o Francisco, que transformara a Igreja do seu tempo, 800 anos atr\u00e1s&#8221;, ressaltou o celebrante.<\/p>\n<p><img loading=\"lazy\" class=\"alignnone size-full wp-image-239904\" src=\"https:\/\/franciscanos.org.br\/noticias\/wp-content\/uploads\/2022\/10\/bosco_0210_9.jpg\" alt=\"\" width=\"1162\" height=\"1843\" srcset=\"https:\/\/franciscanos.org.br\/noticias\/wp-content\/uploads\/2022\/10\/bosco_0210_9.jpg 681w, https:\/\/franciscanos.org.br\/noticias\/wp-content\/uploads\/2022\/10\/bosco_0210_9-284x450.jpg 284w, https:\/\/franciscanos.org.br\/noticias\/wp-content\/uploads\/2022\/10\/bosco_0210_9-646x1024.jpg 646w, https:\/\/franciscanos.org.br\/noticias\/wp-content\/uploads\/2022\/10\/bosco_0210_9-768x1218.jpg 768w, https:\/\/franciscanos.org.br\/noticias\/wp-content\/uploads\/2022\/10\/bosco_0210_9-968x1536.jpg 968w, https:\/\/franciscanos.org.br\/noticias\/wp-content\/uploads\/2022\/10\/bosco_0210_9-150x238.jpg 150w\" sizes=\"(max-width: 1162px) 100vw, 1162px\" \/><\/p>\n<p>Dom Bosco conduziu, ent\u00e3o, sua reflex\u00e3o para o Evangelho deste domingo. &#8220;A gente pode olhar para o Evangelho de hoje e ver qual \u00e9 a receita de S\u00e3o Francisco. No Evangelho de hoje, os disc\u00edpulos fazem um pedido a Jesus t\u00e3o s\u00e9rio, t\u00e3o s\u00e9rio, que n\u00f3s dever\u00edamos fazer todo dia. Os disc\u00edpulos pedem a Jesus: &#8216;Senhor, aumenta a nossa f\u00e9&#8217;. E por que eles fazem esse pedido? Eles tinham conhecido Jesus, eles tinham se encantado com Jesus, mas ao mesmo tempo a proposta de Jesus era algo que virava no avesso o pensamento deles como judeus, formados na escola do juda\u00edsmo. Jesus apresentava outra maneira completamente diferente para viver a rela\u00e7\u00e3o com Deus e com os irm\u00e3os&#8221;, explicou.<\/p>\n<p>O bispo ilustrou sua reflex\u00e3o com as tr\u00eas hist\u00f3rias da miseric\u00f3rdia de Deus, narradas no Evangelho de Lucas, e que foram apresentadas h\u00e1 alguns domingos, principalmente aquela de um pai misericordioso, que mesmo seu filho fazendo tudo errado, acabando com todos os bens, ele o acolhe, o abra\u00e7a, n\u00e3o cobra nenhuma repara\u00e7\u00e3o, simplesmente porque \u00e9 seu filho. &#8220;Imagine para os fariseus, mestres da lei, mas tamb\u00e9m para os ap\u00f3stolos, formados no rigor da lei, este pai deveria castigar o filho, deveria cobrar dele o que gastou. Deveria deix\u00e1-lo como empregado e exclu\u00ed-lo. Jesus apresenta Deus Pai assim, com esse tamanho de miseric\u00f3rdia que deixava a todos encantados, mas percebendo como era dif\u00edcil&#8221;, ilustrou.<\/p>\n\n\t\t<style type=\"text\/css\">\n\t\t\t#gallery-1 {\n\t\t\t\tmargin: auto;\n\t\t\t}\n\t\t\t#gallery-1 .gallery-item {\n\t\t\t\tfloat: left;\n\t\t\t\tmargin-top: 10px;\n\t\t\t\ttext-align: center;\n\t\t\t\twidth: 12%;\n\t\t\t}\n\t\t\t#gallery-1 img {\n\t\t\t\tborder: 2px solid #cfcfcf;\n\t\t\t}\n\t\t\t#gallery-1 .gallery-caption {\n\t\t\t\tmargin-left: 0;\n\t\t\t}\n\t\t\t\/* see gallery_shortcode() in wp-includes\/media.php *\/\n\t\t<\/style>\n\t\t<div id='gallery-1' class='gallery galleryid-239900 gallery-columns-8 gallery-size-thumbnail'><dl class='gallery-item'>\n\t\t\t<dt class='gallery-icon landscape'>\n\t\t\t\t<a href='https:\/\/franciscanos.org.br\/noticias\/wp-content\/uploads\/2022\/10\/bosco_0210.jpg'><img width=\"300\" height=\"300\" src=\"https:\/\/franciscanos.org.br\/noticias\/wp-content\/uploads\/2022\/10\/bosco_0210-300x300.jpg\" class=\"attachment-thumbnail size-thumbnail\" alt=\"\" loading=\"lazy\" srcset=\"https:\/\/franciscanos.org.br\/noticias\/wp-content\/uploads\/2022\/10\/bosco_0210-300x300.jpg 300w, https:\/\/franciscanos.org.br\/noticias\/wp-content\/uploads\/2022\/10\/bosco_0210-100x100.jpg 100w\" sizes=\"(max-width: 300px) 100vw, 300px\" \/><\/a>\n\t\t\t<\/dt><\/dl><dl class='gallery-item'>\n\t\t\t<dt class='gallery-icon landscape'>\n\t\t\t\t<a href='https:\/\/franciscanos.org.br\/noticias\/wp-content\/uploads\/2022\/10\/bosco_0210_1.jpg'><img width=\"300\" height=\"300\" src=\"https:\/\/franciscanos.org.br\/noticias\/wp-content\/uploads\/2022\/10\/bosco_0210_1-300x300.jpg\" class=\"attachment-thumbnail size-thumbnail\" alt=\"\" loading=\"lazy\" srcset=\"https:\/\/franciscanos.org.br\/noticias\/wp-content\/uploads\/2022\/10\/bosco_0210_1-300x300.jpg 300w, https:\/\/franciscanos.org.br\/noticias\/wp-content\/uploads\/2022\/10\/bosco_0210_1-100x100.jpg 100w\" sizes=\"(max-width: 300px) 100vw, 300px\" \/><\/a>\n\t\t\t<\/dt><\/dl><dl class='gallery-item'>\n\t\t\t<dt class='gallery-icon landscape'>\n\t\t\t\t<a href='https:\/\/franciscanos.org.br\/noticias\/wp-content\/uploads\/2022\/10\/bosco_0210_2.jpg'><img width=\"300\" height=\"300\" src=\"https:\/\/franciscanos.org.br\/noticias\/wp-content\/uploads\/2022\/10\/bosco_0210_2-300x300.jpg\" class=\"attachment-thumbnail size-thumbnail\" alt=\"\" loading=\"lazy\" srcset=\"https:\/\/franciscanos.org.br\/noticias\/wp-content\/uploads\/2022\/10\/bosco_0210_2-300x300.jpg 300w, https:\/\/franciscanos.org.br\/noticias\/wp-content\/uploads\/2022\/10\/bosco_0210_2-100x100.jpg 100w\" sizes=\"(max-width: 300px) 100vw, 300px\" \/><\/a>\n\t\t\t<\/dt><\/dl><dl class='gallery-item'>\n\t\t\t<dt class='gallery-icon portrait'>\n\t\t\t\t<a href='https:\/\/franciscanos.org.br\/noticias\/wp-content\/uploads\/2022\/10\/bosco_0210_3.jpg'><img width=\"300\" height=\"300\" src=\"https:\/\/franciscanos.org.br\/noticias\/wp-content\/uploads\/2022\/10\/bosco_0210_3-300x300.jpg\" class=\"attachment-thumbnail size-thumbnail\" alt=\"\" loading=\"lazy\" srcset=\"https:\/\/franciscanos.org.br\/noticias\/wp-content\/uploads\/2022\/10\/bosco_0210_3-300x300.jpg 300w, https:\/\/franciscanos.org.br\/noticias\/wp-content\/uploads\/2022\/10\/bosco_0210_3-100x100.jpg 100w\" sizes=\"(max-width: 300px) 100vw, 300px\" \/><\/a>\n\t\t\t<\/dt><\/dl><dl class='gallery-item'>\n\t\t\t<dt class='gallery-icon landscape'>\n\t\t\t\t<a href='https:\/\/franciscanos.org.br\/noticias\/wp-content\/uploads\/2022\/10\/bosco_0210_5.jpg'><img width=\"300\" height=\"300\" src=\"https:\/\/franciscanos.org.br\/noticias\/wp-content\/uploads\/2022\/10\/bosco_0210_5-300x300.jpg\" class=\"attachment-thumbnail size-thumbnail\" alt=\"\" loading=\"lazy\" srcset=\"https:\/\/franciscanos.org.br\/noticias\/wp-content\/uploads\/2022\/10\/bosco_0210_5-300x300.jpg 300w, https:\/\/franciscanos.org.br\/noticias\/wp-content\/uploads\/2022\/10\/bosco_0210_5-100x100.jpg 100w\" sizes=\"(max-width: 300px) 100vw, 300px\" \/><\/a>\n\t\t\t<\/dt><\/dl><dl class='gallery-item'>\n\t\t\t<dt class='gallery-icon landscape'>\n\t\t\t\t<a href='https:\/\/franciscanos.org.br\/noticias\/wp-content\/uploads\/2022\/10\/bosco_0210_6.jpg'><img width=\"300\" height=\"300\" src=\"https:\/\/franciscanos.org.br\/noticias\/wp-content\/uploads\/2022\/10\/bosco_0210_6-300x300.jpg\" class=\"attachment-thumbnail size-thumbnail\" alt=\"\" loading=\"lazy\" srcset=\"https:\/\/franciscanos.org.br\/noticias\/wp-content\/uploads\/2022\/10\/bosco_0210_6-300x300.jpg 300w, https:\/\/franciscanos.org.br\/noticias\/wp-content\/uploads\/2022\/10\/bosco_0210_6-100x100.jpg 100w\" sizes=\"(max-width: 300px) 100vw, 300px\" \/><\/a>\n\t\t\t<\/dt><\/dl><dl class='gallery-item'>\n\t\t\t<dt class='gallery-icon landscape'>\n\t\t\t\t<a href='https:\/\/franciscanos.org.br\/noticias\/wp-content\/uploads\/2022\/10\/bosco_0210_7.jpg'><img width=\"300\" height=\"300\" src=\"https:\/\/franciscanos.org.br\/noticias\/wp-content\/uploads\/2022\/10\/bosco_0210_7-300x300.jpg\" class=\"attachment-thumbnail size-thumbnail\" alt=\"\" loading=\"lazy\" srcset=\"https:\/\/franciscanos.org.br\/noticias\/wp-content\/uploads\/2022\/10\/bosco_0210_7-300x300.jpg 300w, https:\/\/franciscanos.org.br\/noticias\/wp-content\/uploads\/2022\/10\/bosco_0210_7-100x100.jpg 100w\" sizes=\"(max-width: 300px) 100vw, 300px\" \/><\/a>\n\t\t\t<\/dt><\/dl><dl class='gallery-item'>\n\t\t\t<dt class='gallery-icon landscape'>\n\t\t\t\t<a href='https:\/\/franciscanos.org.br\/noticias\/wp-content\/uploads\/2022\/10\/bosco_0210_8.jpg'><img width=\"300\" height=\"300\" src=\"https:\/\/franciscanos.org.br\/noticias\/wp-content\/uploads\/2022\/10\/bosco_0210_8-300x300.jpg\" class=\"attachment-thumbnail size-thumbnail\" alt=\"\" loading=\"lazy\" srcset=\"https:\/\/franciscanos.org.br\/noticias\/wp-content\/uploads\/2022\/10\/bosco_0210_8-300x300.jpg 300w, https:\/\/franciscanos.org.br\/noticias\/wp-content\/uploads\/2022\/10\/bosco_0210_8-100x100.jpg 100w\" sizes=\"(max-width: 300px) 100vw, 300px\" \/><\/a>\n\t\t\t<\/dt><\/dl><br style=\"clear: both\" \/>\n\t\t<\/div>\n\n<p><em>\u00a0 \u00a0 (toque nas imagens para ampli\u00e1-las)<\/em><\/p>\n<p>Dom Bosco continuou ilustrando com hist\u00f3rias do Evangelho em que Jesus inverte as coisas. &#8220;E quando os disc\u00edpulos pedem: &#8216;Senhor, aumenta a nossa f\u00e9&#8217;, eles percebem que s\u00f3 a f\u00e9 \u00e9 capaz de nos colocar em condi\u00e7\u00e3o de obedecer ao Senhor&#8221;, disse, falando do gr\u00e3o de mostarda: &#8220;Jesus est\u00e1 querendo dizer que essa sementinha de f\u00e9, quando vivida, ela produz uma transforma\u00e7\u00e3o, uma coisa que parece imposs\u00edvel. Foi o que fez Francisco pela f\u00e9 e, seguindo o Evangelho ao p\u00e9 da letra, ele virou a Igreja de ponta cabe\u00e7a. Isso \u00e9 muito mais do que plantar uma amoreira no mar. E era isso que os disc\u00edpulos percebiam quando pediam para aumentar a f\u00e9&#8221;.<\/p>\n<p>&#8220;Tem uma outra ocasi\u00e3o que esse mesmo pedido acontece quando um pai, desesperado porque o filho estava doente, pede para Jesus que o cure, e ele diz: &#8216;Basta que voc\u00ea tenha f\u00e9&#8217;. E o homem diz: &#8216;Eu tenho, mas aumentai a minha f\u00e9&#8217;. Olha que pedido bonito. N\u00f3s todos temos f\u00e9, a gente cresceu numa fam\u00edlia de f\u00e9, mas se a gente bobear, ela esmorece, empalidece, ela vira simplesmente um ritmo de vida de fazer algumas ora\u00e7\u00f5es, de vir \u00e0 igreja, mas ela n\u00e3o transforma mais. Francisco nos convida a ter uma f\u00e9 que transforma&#8221;, ensinou.<\/p>\n<p><img loading=\"lazy\" class=\"alignnone size-full wp-image-239913\" src=\"https:\/\/franciscanos.org.br\/noticias\/wp-content\/uploads\/2022\/10\/bosco_0210_14.jpg\" alt=\"\" width=\"1280\" height=\"960\" srcset=\"https:\/\/franciscanos.org.br\/noticias\/wp-content\/uploads\/2022\/10\/bosco_0210_14.jpg 1280w, https:\/\/franciscanos.org.br\/noticias\/wp-content\/uploads\/2022\/10\/bosco_0210_14-450x338.jpg 450w, https:\/\/franciscanos.org.br\/noticias\/wp-content\/uploads\/2022\/10\/bosco_0210_14-1024x768.jpg 1024w, https:\/\/franciscanos.org.br\/noticias\/wp-content\/uploads\/2022\/10\/bosco_0210_14-768x576.jpg 768w, https:\/\/franciscanos.org.br\/noticias\/wp-content\/uploads\/2022\/10\/bosco_0210_14-150x113.jpg 150w, https:\/\/franciscanos.org.br\/noticias\/wp-content\/uploads\/2022\/10\/bosco_0210_14-600x450.jpg 600w\" sizes=\"(max-width: 1280px) 100vw, 1280px\" \/><\/p>\n<p>Para Dom Bosco, uma historinha no Evangelho de hoje \u00e9 outra &#8220;pedrada&#8221; nos fariseus e doutores da lei, que achavam que tinham m\u00e9rito diante das coisas. &#8220;Que faziam cumprir a lei, ent\u00e3o Deus era obrigado fazer a vontade deles porque cumpriam a lei e se achavam cheios de m\u00e9ritos e at\u00e9 disputavam quem tinha mais m\u00e9ritos diante de Deus. Eles acham que merecem, que s\u00e3o santos, mas na verdade n\u00e3o fazem nada disso. Jesus, ent\u00e3o, conta essa hist\u00f3ria do empregado que trabalhava na ro\u00e7a e que, quando chega em casa, o patr\u00e3o n\u00e3o tem que dizer &#8216;muito obrigado&#8217;, &#8216;voc\u00ea fez isso, fez aquilo&#8217;. N\u00e3o, simplesmente o coloca para servir a janta e ele fica para depois. Faz tudo o que tem que ser feito, mas n\u00e3o se acha merecedor de coisa alguma, simplesmente porque \u00e9 servo&#8221;, contou.<\/p>\n<p>Para o frade, isso deve ter deixado os ap\u00f3stolos um pouco &#8220;baratinados&#8221;: &#8220;Como a gente segue as normas da lei e n\u00e3o tem nenhum m\u00e9rito? Somos apenas servos, diz Jesus, n\u00e3o fazemos mais do que a nossa obriga\u00e7\u00e3o. \u00c9 uma frase dura, dif\u00edcil. Porque achamos que temos m\u00e9ritos, fazemos uma promessa para que Deus nos d\u00ea o que a gente precisa, pedimos a Deus uma gra\u00e7a porque somos bons. \u00c9 nossa obriga\u00e7\u00e3o fazer a vontade de Deus. Francisco entendeu isso t\u00e3o profundamente que parece que \u00e9 ele que est\u00e1 dizendo essa frase de Jesus: &#8216;Somos servos in\u00fateis'&#8221;.<\/p>\n<p>Segundo Dom Bosco, n\u00e3o precisamos disputar para ser melhores do que os outros. &#8220;Como a gente tem que aprender e como \u00e9 necess\u00e1rio ter f\u00e9. Que ela cres\u00e7a dentro de n\u00f3s, para a gente amar sem precisar de retorno. Para a gente fazer o bem sem esperar nada em troca. Simplesmente pela alegria de servir a Deus, Como Francisco fez&#8221;, ressaltou.<\/p>\n\n\t\t<style type=\"text\/css\">\n\t\t\t#gallery-2 {\n\t\t\t\tmargin: auto;\n\t\t\t}\n\t\t\t#gallery-2 .gallery-item {\n\t\t\t\tfloat: left;\n\t\t\t\tmargin-top: 10px;\n\t\t\t\ttext-align: center;\n\t\t\t\twidth: 33%;\n\t\t\t}\n\t\t\t#gallery-2 img {\n\t\t\t\tborder: 2px solid #cfcfcf;\n\t\t\t}\n\t\t\t#gallery-2 .gallery-caption {\n\t\t\t\tmargin-left: 0;\n\t\t\t}\n\t\t\t\/* see gallery_shortcode() in wp-includes\/media.php *\/\n\t\t<\/style>\n\t\t<div id='gallery-2' class='gallery galleryid-239900 gallery-columns-3 gallery-size-thumbnail'><dl class='gallery-item'>\n\t\t\t<dt class='gallery-icon portrait'>\n\t\t\t\t<a href='https:\/\/franciscanos.org.br\/noticias\/wp-content\/uploads\/2022\/10\/bosco_0210_3-1.jpg'><img width=\"300\" height=\"300\" src=\"https:\/\/franciscanos.org.br\/noticias\/wp-content\/uploads\/2022\/10\/bosco_0210_3-1-300x300.jpg\" class=\"attachment-thumbnail size-thumbnail\" alt=\"\" loading=\"lazy\" srcset=\"https:\/\/franciscanos.org.br\/noticias\/wp-content\/uploads\/2022\/10\/bosco_0210_3-1-300x300.jpg 300w, https:\/\/franciscanos.org.br\/noticias\/wp-content\/uploads\/2022\/10\/bosco_0210_3-1-100x100.jpg 100w\" sizes=\"(max-width: 300px) 100vw, 300px\" \/><\/a>\n\t\t\t<\/dt><\/dl><dl class='gallery-item'>\n\t\t\t<dt class='gallery-icon portrait'>\n\t\t\t\t<a href='https:\/\/franciscanos.org.br\/noticias\/wp-content\/uploads\/2022\/10\/bosco_0210_10.jpg'><img width=\"300\" height=\"300\" src=\"https:\/\/franciscanos.org.br\/noticias\/wp-content\/uploads\/2022\/10\/bosco_0210_10-300x300.jpg\" class=\"attachment-thumbnail size-thumbnail\" alt=\"\" loading=\"lazy\" srcset=\"https:\/\/franciscanos.org.br\/noticias\/wp-content\/uploads\/2022\/10\/bosco_0210_10-300x300.jpg 300w, https:\/\/franciscanos.org.br\/noticias\/wp-content\/uploads\/2022\/10\/bosco_0210_10-100x100.jpg 100w\" sizes=\"(max-width: 300px) 100vw, 300px\" \/><\/a>\n\t\t\t<\/dt><\/dl><dl class='gallery-item'>\n\t\t\t<dt class='gallery-icon portrait'>\n\t\t\t\t<a href='https:\/\/franciscanos.org.br\/noticias\/wp-content\/uploads\/2022\/10\/bosco_0210_15.jpg'><img width=\"300\" height=\"300\" src=\"https:\/\/franciscanos.org.br\/noticias\/wp-content\/uploads\/2022\/10\/bosco_0210_15-300x300.jpg\" class=\"attachment-thumbnail size-thumbnail\" alt=\"\" loading=\"lazy\" srcset=\"https:\/\/franciscanos.org.br\/noticias\/wp-content\/uploads\/2022\/10\/bosco_0210_15-300x300.jpg 300w, https:\/\/franciscanos.org.br\/noticias\/wp-content\/uploads\/2022\/10\/bosco_0210_15-100x100.jpg 100w\" sizes=\"(max-width: 300px) 100vw, 300px\" \/><\/a>\n\t\t\t<\/dt><\/dl><br style=\"clear: both\" \/>\n\t\t<\/div>\n\n<p><em>\u00a0 \u00a0(toque nas imagens para ampli\u00e1-las)<\/em><\/p>\n<p>Segundo Dom Bosco, Francisco cuidou de seus confrades para que dessem testemunho do Evangelho, mas n\u00e3o simplesmente doutrinando as pessoas ou querendo impor a f\u00e9. \u201cEle dizia para os frades sair, principalmente, entre aqueles que n\u00e3o creem, os infi\u00e9is. Voc\u00eas v\u00e3o pregar dando testemunho de vida e se precisar digam algumas palavras. Mas o testemunho de vida \u00e9 o melhor pregador. O frade que mais bem prega o Evangelho se chama &#8216;Frei Exemplo&#8217;. E isso S\u00e3o Francisco levou t\u00e3o a s\u00e9rio que ele, com sua vida, foi e \u00e9 ainda para n\u00f3s a Regra viva. N\u00f3s celebramos o anivers\u00e1rio da Regra escrita. \u00c9 importante, sim, porque ela nos traz presente o caminho que devemos fazer com S\u00e3o Francisco. Por\u00e9m, ele \u00e9 a nossa Regra. Assim como para ele, Jesus Cristo \u00e9 a Regra do Evangelho. \u00c9 a partir da f\u00e9 que n\u00f3s acolhemos essa Regra no cora\u00e7\u00e3o. E podem ter certeza: n\u00f3s precisamos tanto transformar esse mundo. N\u00f3s percebemos que ele cheira mal porque n\u00e3o tem o odor do Evangelho. \u00c9 pelo exemplo, \u00e9 pela f\u00e9, que n\u00f3s primeiro convertemos a n\u00f3s mesmos e depois o mundo. Fica esse pedido dos ap\u00f3stolos para n\u00f3s hoje, muito claro: &#8216;Senhor, aumenta a nossa f\u00e9&#8217;, porque com ela n\u00f3s colamos mais ao exemplo de Cristo, a exemplo de Francisco&#8221;, completou.<\/p>\n<p>Nesta segunda-feira, o encerramento da Novena, \u00e0s 15 horas, ter\u00e1 a presen\u00e7a de Dom Fernando Ant\u00f4nio Figueiredo, OFM, bispo em\u00e9rito de Santo Amaro. J\u00e1, \u00e0s 19 horas, um dos momentos mais belos na v\u00e9spera do Dia de S\u00e3o Francisco: a celebra\u00e7\u00e3o do Tr\u00e2nsito de S\u00e3o Francisco. A morte de S\u00e3o Francisco ser\u00e1 encenada pelos jovens da Par\u00f3quia.<\/p>\n<hr \/>\n<p><em>Comunica\u00e7\u00e3o da Prov\u00edncia da Imaculada<\/em><\/p>\n","protected":false},"excerpt":{"rendered":"<p>Novena de S\u00e3o Francisco de Assis<\/p>\n","protected":false},"author":3,"featured_media":239901,"comment_status":"open","ping_status":"open","sticky":false,"template":"","format":"standard","meta":[],"categories":[1],"tags":[312],"acf":[],"yoast_head":"<!-- This site is optimized with the Yoast SEO plugin v19.2 - https:\/\/yoast.com\/wordpress\/plugins\/seo\/ -->\n<title>Dom Bosco: &quot;Francisco nos convida a ter uma f\u00e9 que transforma&quot; - Not\u00edcias - Franciscanos<\/title>\n<meta name=\"robots\" content=\"index, follow, max-snippet:-1, max-image-preview:large, max-video-preview:-1\" \/>\n<link rel=\"canonical\" href=\"https:\/\/franciscanos.org.br\/noticias\/dom-bosco-francisco-nos-convida-a-ter-uma-fe-que-transforma.html\" \/>\n<meta property=\"og:locale\" content=\"pt_BR\" \/>\n<meta property=\"og:type\" content=\"article\" \/>\n<meta property=\"og:title\" content=\"Dom Bosco: &quot;Francisco nos convida a ter uma f\u00e9 que transforma&quot; - Not\u00edcias - Franciscanos\" \/>\n<meta property=\"og:description\" content=\"Novena de S\u00e3o Francisco de Assis\" \/>\n<meta property=\"og:url\" content=\"https:\/\/franciscanos.org.br\/noticias\/dom-bosco-francisco-nos-convida-a-ter-uma-fe-que-transforma.html\" \/>\n<meta property=\"og:site_name\" content=\"Not\u00edcias - Franciscanos\" \/>\n<meta property=\"article:published_time\" content=\"2022-10-02T18:21:59+00:00\" \/>\n<meta property=\"article:modified_time\" content=\"2022-12-31T20:32:21+00:00\" \/>\n<meta property=\"og:image\" content=\"https:\/\/franciscanos.org.br\/noticias\/wp-content\/uploads\/2022\/10\/bosco_0210_13.jpg\" \/>\n\t<meta property=\"og:image:width\" content=\"1280\" \/>\n\t<meta property=\"og:image:height\" content=\"720\" \/>\n\t<meta property=\"og:image:type\" content=\"image\/jpeg\" \/>\n<meta name=\"author\" content=\"moacir\" \/>\n<meta name=\"twitter:card\" content=\"summary_large_image\" \/>\n<meta name=\"twitter:label1\" content=\"Escrito por\" \/>\n\t<meta name=\"twitter:data1\" content=\"moacir\" \/>\n\t<meta name=\"twitter:label2\" content=\"Est. tempo de leitura\" \/>\n\t<meta name=\"twitter:data2\" content=\"9 minutos\" \/>\n<script type=\"application\/ld+json\" class=\"yoast-schema-graph\">{\"@context\":\"https:\/\/schema.org\",\"@graph\":[{\"@type\":\"WebSite\",\"@id\":\"https:\/\/franciscanos.org.br\/noticias\/#website\",\"url\":\"https:\/\/franciscanos.org.br\/noticias\/\",\"name\":\"Not\u00edcias - Franciscanos\",\"description\":\"Prov\u00edncia Franciscana da Imaculada Concei\u00e7\u00e3o do Brasil - Ordem dos Frades Menores - OFM\",\"potentialAction\":[{\"@type\":\"SearchAction\",\"target\":{\"@type\":\"EntryPoint\",\"urlTemplate\":\"https:\/\/franciscanos.org.br\/noticias\/?s={search_term_string}\"},\"query-input\":\"required name=search_term_string\"}],\"inLanguage\":\"pt-BR\"},{\"@type\":\"ImageObject\",\"inLanguage\":\"pt-BR\",\"@id\":\"https:\/\/franciscanos.org.br\/noticias\/dom-bosco-francisco-nos-convida-a-ter-uma-fe-que-transforma.html#primaryimage\",\"url\":\"https:\/\/franciscanos.org.br\/noticias\/wp-content\/uploads\/2022\/10\/bosco_0210_13.jpg\",\"contentUrl\":\"https:\/\/franciscanos.org.br\/noticias\/wp-content\/uploads\/2022\/10\/bosco_0210_13.jpg\",\"width\":1280,\"height\":720},{\"@type\":\"WebPage\",\"@id\":\"https:\/\/franciscanos.org.br\/noticias\/dom-bosco-francisco-nos-convida-a-ter-uma-fe-que-transforma.html#webpage\",\"url\":\"https:\/\/franciscanos.org.br\/noticias\/dom-bosco-francisco-nos-convida-a-ter-uma-fe-que-transforma.html\",\"name\":\"Dom Bosco: \\\"Francisco nos convida a ter uma f\u00e9 que transforma\\\" - Not\u00edcias - Franciscanos\",\"isPartOf\":{\"@id\":\"https:\/\/franciscanos.org.br\/noticias\/#website\"},\"primaryImageOfPage\":{\"@id\":\"https:\/\/franciscanos.org.br\/noticias\/dom-bosco-francisco-nos-convida-a-ter-uma-fe-que-transforma.html#primaryimage\"},\"datePublished\":\"2022-10-02T18:21:59+00:00\",\"dateModified\":\"2022-12-31T20:32:21+00:00\",\"author\":{\"@id\":\"https:\/\/franciscanos.org.br\/noticias\/#\/schema\/person\/b5c8cba458c330ccff548b056e95a5d4\"},\"breadcrumb\":{\"@id\":\"https:\/\/franciscanos.org.br\/noticias\/dom-bosco-francisco-nos-convida-a-ter-uma-fe-que-transforma.html#breadcrumb\"},\"inLanguage\":\"pt-BR\",\"potentialAction\":[{\"@type\":\"ReadAction\",\"target\":[\"https:\/\/franciscanos.org.br\/noticias\/dom-bosco-francisco-nos-convida-a-ter-uma-fe-que-transforma.html\"]}]},{\"@type\":\"BreadcrumbList\",\"@id\":\"https:\/\/franciscanos.org.br\/noticias\/dom-bosco-francisco-nos-convida-a-ter-uma-fe-que-transforma.html#breadcrumb\",\"itemListElement\":[{\"@type\":\"ListItem\",\"position\":1,\"name\":\"Home\",\"item\":\"https:\/\/franciscanos.org.br\/noticias\"},{\"@type\":\"ListItem\",\"position\":2,\"name\":\"Dom Bosco: &#8220;Francisco nos convida a ter uma f\u00e9 que transforma&#8221;\"}]},{\"@type\":\"Person\",\"@id\":\"https:\/\/franciscanos.org.br\/noticias\/#\/schema\/person\/b5c8cba458c330ccff548b056e95a5d4\",\"name\":\"moacir\",\"image\":{\"@type\":\"ImageObject\",\"inLanguage\":\"pt-BR\",\"@id\":\"https:\/\/franciscanos.org.br\/noticias\/#\/schema\/person\/image\/\",\"url\":\"https:\/\/secure.gravatar.com\/avatar\/d08aa2ce4c8dd416d4479aa8536fcf64?s=96&d=mm&r=g\",\"contentUrl\":\"https:\/\/secure.gravatar.com\/avatar\/d08aa2ce4c8dd416d4479aa8536fcf64?s=96&d=mm&r=g\",\"caption\":\"moacir\"},\"url\":\"https:\/\/franciscanos.org.br\/noticias\/author\/moacir\"}]}<\/script>\n<!-- \/ Yoast SEO plugin. -->","yoast_head_json":{"title":"Dom Bosco: \"Francisco nos convida a ter uma f\u00e9 que transforma\" - Not\u00edcias - Franciscanos","robots":{"index":"index","follow":"follow","max-snippet":"max-snippet:-1","max-image-preview":"max-image-preview:large","max-video-preview":"max-video-preview:-1"},"canonical":"https:\/\/franciscanos.org.br\/noticias\/dom-bosco-francisco-nos-convida-a-ter-uma-fe-que-transforma.html","og_locale":"pt_BR","og_type":"article","og_title":"Dom Bosco: \"Francisco nos convida a ter uma f\u00e9 que transforma\" - Not\u00edcias - Franciscanos","og_description":"Novena de S\u00e3o Francisco de Assis","og_url":"https:\/\/franciscanos.org.br\/noticias\/dom-bosco-francisco-nos-convida-a-ter-uma-fe-que-transforma.html","og_site_name":"Not\u00edcias - Franciscanos","article_published_time":"2022-10-02T18:21:59+00:00","article_modified_time":"2022-12-31T20:32:21+00:00","og_image":[{"width":1280,"height":720,"url":"https:\/\/franciscanos.org.br\/noticias\/wp-content\/uploads\/2022\/10\/bosco_0210_13.jpg","type":"image\/jpeg"}],"author":"moacir","twitter_card":"summary_large_image","twitter_misc":{"Escrito por":"moacir","Est. tempo de leitura":"9 minutos"},"schema":{"@context":"https:\/\/schema.org","@graph":[{"@type":"WebSite","@id":"https:\/\/franciscanos.org.br\/noticias\/#website","url":"https:\/\/franciscanos.org.br\/noticias\/","name":"Not\u00edcias - Franciscanos","description":"Prov\u00edncia Franciscana da Imaculada Concei\u00e7\u00e3o do Brasil - Ordem dos Frades Menores - OFM","potentialAction":[{"@type":"SearchAction","target":{"@type":"EntryPoint","urlTemplate":"https:\/\/franciscanos.org.br\/noticias\/?s={search_term_string}"},"query-input":"required name=search_term_string"}],"inLanguage":"pt-BR"},{"@type":"ImageObject","inLanguage":"pt-BR","@id":"https:\/\/franciscanos.org.br\/noticias\/dom-bosco-francisco-nos-convida-a-ter-uma-fe-que-transforma.html#primaryimage","url":"https:\/\/franciscanos.org.br\/noticias\/wp-content\/uploads\/2022\/10\/bosco_0210_13.jpg","contentUrl":"https:\/\/franciscanos.org.br\/noticias\/wp-content\/uploads\/2022\/10\/bosco_0210_13.jpg","width":1280,"height":720},{"@type":"WebPage","@id":"https:\/\/franciscanos.org.br\/noticias\/dom-bosco-francisco-nos-convida-a-ter-uma-fe-que-transforma.html#webpage","url":"https:\/\/franciscanos.org.br\/noticias\/dom-bosco-francisco-nos-convida-a-ter-uma-fe-que-transforma.html","name":"Dom Bosco: \"Francisco nos convida a ter uma f\u00e9 que transforma\" - Not\u00edcias - Franciscanos","isPartOf":{"@id":"https:\/\/franciscanos.org.br\/noticias\/#website"},"primaryImageOfPage":{"@id":"https:\/\/franciscanos.org.br\/noticias\/dom-bosco-francisco-nos-convida-a-ter-uma-fe-que-transforma.html#primaryimage"},"datePublished":"2022-10-02T18:21:59+00:00","dateModified":"2022-12-31T20:32:21+00:00","author":{"@id":"https:\/\/franciscanos.org.br\/noticias\/#\/schema\/person\/b5c8cba458c330ccff548b056e95a5d4"},"breadcrumb":{"@id":"https:\/\/franciscanos.org.br\/noticias\/dom-bosco-francisco-nos-convida-a-ter-uma-fe-que-transforma.html#breadcrumb"},"inLanguage":"pt-BR","potentialAction":[{"@type":"ReadAction","target":["https:\/\/franciscanos.org.br\/noticias\/dom-bosco-francisco-nos-convida-a-ter-uma-fe-que-transforma.html"]}]},{"@type":"BreadcrumbList","@id":"https:\/\/franciscanos.org.br\/noticias\/dom-bosco-francisco-nos-convida-a-ter-uma-fe-que-transforma.html#breadcrumb","itemListElement":[{"@type":"ListItem","position":1,"name":"Home","item":"https:\/\/franciscanos.org.br\/noticias"},{"@type":"ListItem","position":2,"name":"Dom Bosco: &#8220;Francisco nos convida a ter uma f\u00e9 que transforma&#8221;"}]},{"@type":"Person","@id":"https:\/\/franciscanos.org.br\/noticias\/#\/schema\/person\/b5c8cba458c330ccff548b056e95a5d4","name":"moacir","image":{"@type":"ImageObject","inLanguage":"pt-BR","@id":"https:\/\/franciscanos.org.br\/noticias\/#\/schema\/person\/image\/","url":"https:\/\/secure.gravatar.com\/avatar\/d08aa2ce4c8dd416d4479aa8536fcf64?s=96&d=mm&r=g","contentUrl":"https:\/\/secure.gravatar.com\/avatar\/d08aa2ce4c8dd416d4479aa8536fcf64?s=96&d=mm&r=g","caption":"moacir"},"url":"https:\/\/franciscanos.org.br\/noticias\/author\/moacir"}]}},"_links":{"self":[{"href":"https:\/\/franciscanos.org.br\/noticias\/wp-json\/wp\/v2\/posts\/239900"}],"collection":[{"href":"https:\/\/franciscanos.org.br\/noticias\/wp-json\/wp\/v2\/posts"}],"about":[{"href":"https:\/\/franciscanos.org.br\/noticias\/wp-json\/wp\/v2\/types\/post"}],"author":[{"embeddable":true,"href":"https:\/\/franciscanos.org.br\/noticias\/wp-json\/wp\/v2\/users\/3"}],"replies":[{"embeddable":true,"href":"https:\/\/franciscanos.org.br\/noticias\/wp-json\/wp\/v2\/comments?post=239900"}],"version-history":[{"count":2,"href":"https:\/\/franciscanos.org.br\/noticias\/wp-json\/wp\/v2\/posts\/239900\/revisions"}],"predecessor-version":[{"id":241469,"href":"https:\/\/franciscanos.org.br\/noticias\/wp-json\/wp\/v2\/posts\/239900\/revisions\/241469"}],"wp:featuredmedia":[{"embeddable":true,"href":"https:\/\/franciscanos.org.br\/noticias\/wp-json\/wp\/v2\/media\/239901"}],"wp:attachment":[{"href":"https:\/\/franciscanos.org.br\/noticias\/wp-json\/wp\/v2\/media?parent=239900"}],"wp:term":[{"taxonomy":"category","embeddable":true,"href":"https:\/\/franciscanos.org.br\/noticias\/wp-json\/wp\/v2\/categories?post=239900"},{"taxonomy":"post_tag","embeddable":true,"href":"https:\/\/franciscanos.org.br\/noticias\/wp-json\/wp\/v2\/tags?post=239900"}],"curies":[{"name":"wp","href":"https:\/\/api.w.org\/{rel}","templated":true}]}}