{"id":239896,"date":"2022-10-02T06:52:39","date_gmt":"2022-10-02T09:52:39","guid":{"rendered":"https:\/\/franciscanos.org.br\/noticias\/?p=239896"},"modified":"2022-10-02T06:52:39","modified_gmt":"2022-10-02T09:52:39","slug":"a-ordem-dos-frades-menores-em-numeros","status":"publish","type":"post","link":"https:\/\/franciscanos.org.br\/noticias\/a-ordem-dos-frades-menores-em-numeros.html","title":{"rendered":"A Ordem dos Frades Menores em n\u00fameros"},"content":{"rendered":"<div id=\"attachment_239897\" style=\"width: 1290px\" class=\"wp-caption alignnone\"><img aria-describedby=\"caption-attachment-239897\" loading=\"lazy\" class=\"wp-image-239897 size-full\" src=\"https:\/\/franciscanos.org.br\/noticias\/wp-content\/uploads\/2022\/10\/frades_capitulo_02.jpg\" alt=\"\" width=\"1280\" height=\"720\" srcset=\"https:\/\/franciscanos.org.br\/noticias\/wp-content\/uploads\/2022\/10\/frades_capitulo_02.jpg 1280w, https:\/\/franciscanos.org.br\/noticias\/wp-content\/uploads\/2022\/10\/frades_capitulo_02-450x253.jpg 450w, https:\/\/franciscanos.org.br\/noticias\/wp-content\/uploads\/2022\/10\/frades_capitulo_02-1024x576.jpg 1024w, https:\/\/franciscanos.org.br\/noticias\/wp-content\/uploads\/2022\/10\/frades_capitulo_02-768x432.jpg 768w, https:\/\/franciscanos.org.br\/noticias\/wp-content\/uploads\/2022\/10\/frades_capitulo_02-150x84.jpg 150w\" sizes=\"(max-width: 1280px) 100vw, 1280px\" \/><p id=\"caption-attachment-239897\" class=\"wp-caption-text\"><em>Frades no \u00faltimo Cap\u00edtulo Geral da Ordem dos Frades Menores (2021)<\/em><\/p><\/div>\n<p>A Ordem dos Frades Menores divulgou na sua revista &#8220;Acta Ordinis Fratrum Minorum&#8221;, neste m\u00eas de setembro, os levantamentos estat\u00edsticos referentes \u00e0 Fraternidade Mundial dos Frades Menores at\u00e9 dezembro de 2021, per\u00edodo 2020\/2021. H\u00e1 mais de oito s\u00e9culos, com aprova\u00e7\u00e3o do Papa Inoc\u00eancio III, S\u00e3o Francisco de Assis fundava uma das maiores ordens religiosas da Cristandade, que continua grande, mas foi dividida em tr\u00eas ramos: Ordem dos Frades Menores (OFM), Ordem dos Frades Menores Conventuais (OFMConv) e Ordem dos Frades Menores Capuchinhos (OFMCap).<\/p>\n<p>Atualmente, a Ordem dos Frades Menores conta com 12.127 religiosos em 119 pa\u00edses. Desse total, destacam-se os seguintes dados: 445 postulantes (n\u00e3o s\u00e3o contados); 325 novi\u00e7os; 1.409 professos tempor\u00e1rios (931 com op\u00e7\u00e3o clerical, 137 sem op\u00e7\u00e3o clerical, 341 sem op\u00e7\u00e3o); 10.395 professos solenes (8.190 sacerdotes, 70 di\u00e1conos permanentes, 393 com op\u00e7\u00e3o clerical, 1.633 frades leigos); 3 Cardeais, 106 Arcebispos e Bispos. A ordem teve 341 falecidos nesse per\u00edodo.<\/p>\n<p>Os Frades Menores est\u00e3o distribu\u00eddos da seguinte maneira: 1.303 na \u00c1frica e Oriente M\u00e9dio; 2.958 na Am\u00e9rica Latina; 983 na Am\u00e9rica do Norte; 1.548 na \u00c1sia e Oceania; 3.136 na Europa Ocidental; e 2.209 na Europa Oriental.<\/p>\n<p>A Fraternidade Universal est\u00e1 estruturada em 91 Prov\u00edncias e 10 Cust\u00f3dias Aut\u00f4nomas, 7 entidades dependentes do Ministro Geral; 17 Cust\u00f3dias dependentes das Prov\u00edncias; 14 Confer\u00eancias de Ministros Provinciais e 3 Uni\u00f5es de Confer\u00eancias (\u00c1sia\/Oceania: FCAO; Am\u00e9rica Latina: UCLAF; Europa: UFME).<\/p>\n<p>No \u00faltimo Cap\u00edtulo Geral, no ano passado, foi eleito o 121\u00ba representante de S\u00e3o Francisco de Assis, o italiano Frei Massimo Fusarelli.<\/p>\n","protected":false},"excerpt":{"rendered":"<p>Ordem dos Frades Menores<\/p>\n","protected":false},"author":3,"featured_media":239897,"comment_status":"open","ping_status":"open","sticky":false,"template":"","format":"standard","meta":[],"categories":[1],"tags":[397],"acf":[],"yoast_head":"<!-- This site is optimized with the Yoast SEO plugin v19.2 - https:\/\/yoast.com\/wordpress\/plugins\/seo\/ -->\n<title>A Ordem dos Frades Menores em n\u00fameros - Not\u00edcias - Franciscanos<\/title>\n<meta name=\"robots\" content=\"index, follow, max-snippet:-1, max-image-preview:large, max-video-preview:-1\" \/>\n<link rel=\"canonical\" href=\"https:\/\/franciscanos.org.br\/noticias\/a-ordem-dos-frades-menores-em-numeros.html\" \/>\n<meta property=\"og:locale\" content=\"pt_BR\" \/>\n<meta property=\"og:type\" content=\"article\" \/>\n<meta property=\"og:title\" content=\"A Ordem dos Frades Menores em n\u00fameros - Not\u00edcias - Franciscanos\" \/>\n<meta property=\"og:description\" content=\"Ordem dos Frades Menores\" \/>\n<meta property=\"og:url\" content=\"https:\/\/franciscanos.org.br\/noticias\/a-ordem-dos-frades-menores-em-numeros.html\" \/>\n<meta property=\"og:site_name\" content=\"Not\u00edcias - Franciscanos\" \/>\n<meta property=\"article:published_time\" content=\"2022-10-02T09:52:39+00:00\" \/>\n<meta property=\"og:image\" content=\"https:\/\/franciscanos.org.br\/noticias\/wp-content\/uploads\/2022\/10\/frades_capitulo_02.jpg\" \/>\n\t<meta property=\"og:image:width\" content=\"1280\" \/>\n\t<meta property=\"og:image:height\" content=\"720\" \/>\n\t<meta property=\"og:image:type\" content=\"image\/jpeg\" \/>\n<meta name=\"author\" content=\"moacir\" \/>\n<meta name=\"twitter:card\" content=\"summary_large_image\" \/>\n<meta name=\"twitter:label1\" content=\"Escrito por\" \/>\n\t<meta name=\"twitter:data1\" content=\"moacir\" \/>\n\t<meta name=\"twitter:label2\" content=\"Est. tempo de leitura\" \/>\n\t<meta name=\"twitter:data2\" content=\"1 minuto\" \/>\n<script type=\"application\/ld+json\" class=\"yoast-schema-graph\">{\"@context\":\"https:\/\/schema.org\",\"@graph\":[{\"@type\":\"WebSite\",\"@id\":\"https:\/\/franciscanos.org.br\/noticias\/#website\",\"url\":\"https:\/\/franciscanos.org.br\/noticias\/\",\"name\":\"Not\u00edcias - Franciscanos\",\"description\":\"Prov\u00edncia Franciscana da Imaculada Concei\u00e7\u00e3o do Brasil - Ordem dos Frades Menores - OFM\",\"potentialAction\":[{\"@type\":\"SearchAction\",\"target\":{\"@type\":\"EntryPoint\",\"urlTemplate\":\"https:\/\/franciscanos.org.br\/noticias\/?s={search_term_string}\"},\"query-input\":\"required name=search_term_string\"}],\"inLanguage\":\"pt-BR\"},{\"@type\":\"ImageObject\",\"inLanguage\":\"pt-BR\",\"@id\":\"https:\/\/franciscanos.org.br\/noticias\/a-ordem-dos-frades-menores-em-numeros.html#primaryimage\",\"url\":\"https:\/\/franciscanos.org.br\/noticias\/wp-content\/uploads\/2022\/10\/frades_capitulo_02.jpg\",\"contentUrl\":\"https:\/\/franciscanos.org.br\/noticias\/wp-content\/uploads\/2022\/10\/frades_capitulo_02.jpg\",\"width\":1280,\"height\":720,\"caption\":\"DCIM100MEDIADJI_0234.JPG\"},{\"@type\":\"WebPage\",\"@id\":\"https:\/\/franciscanos.org.br\/noticias\/a-ordem-dos-frades-menores-em-numeros.html#webpage\",\"url\":\"https:\/\/franciscanos.org.br\/noticias\/a-ordem-dos-frades-menores-em-numeros.html\",\"name\":\"A Ordem dos Frades Menores em n\u00fameros - Not\u00edcias - Franciscanos\",\"isPartOf\":{\"@id\":\"https:\/\/franciscanos.org.br\/noticias\/#website\"},\"primaryImageOfPage\":{\"@id\":\"https:\/\/franciscanos.org.br\/noticias\/a-ordem-dos-frades-menores-em-numeros.html#primaryimage\"},\"datePublished\":\"2022-10-02T09:52:39+00:00\",\"dateModified\":\"2022-10-02T09:52:39+00:00\",\"author\":{\"@id\":\"https:\/\/franciscanos.org.br\/noticias\/#\/schema\/person\/b5c8cba458c330ccff548b056e95a5d4\"},\"breadcrumb\":{\"@id\":\"https:\/\/franciscanos.org.br\/noticias\/a-ordem-dos-frades-menores-em-numeros.html#breadcrumb\"},\"inLanguage\":\"pt-BR\",\"potentialAction\":[{\"@type\":\"ReadAction\",\"target\":[\"https:\/\/franciscanos.org.br\/noticias\/a-ordem-dos-frades-menores-em-numeros.html\"]}]},{\"@type\":\"BreadcrumbList\",\"@id\":\"https:\/\/franciscanos.org.br\/noticias\/a-ordem-dos-frades-menores-em-numeros.html#breadcrumb\",\"itemListElement\":[{\"@type\":\"ListItem\",\"position\":1,\"name\":\"Home\",\"item\":\"https:\/\/franciscanos.org.br\/noticias\"},{\"@type\":\"ListItem\",\"position\":2,\"name\":\"A Ordem dos Frades Menores em n\u00fameros\"}]},{\"@type\":\"Person\",\"@id\":\"https:\/\/franciscanos.org.br\/noticias\/#\/schema\/person\/b5c8cba458c330ccff548b056e95a5d4\",\"name\":\"moacir\",\"image\":{\"@type\":\"ImageObject\",\"inLanguage\":\"pt-BR\",\"@id\":\"https:\/\/franciscanos.org.br\/noticias\/#\/schema\/person\/image\/\",\"url\":\"https:\/\/secure.gravatar.com\/avatar\/d08aa2ce4c8dd416d4479aa8536fcf64?s=96&d=mm&r=g\",\"contentUrl\":\"https:\/\/secure.gravatar.com\/avatar\/d08aa2ce4c8dd416d4479aa8536fcf64?s=96&d=mm&r=g\",\"caption\":\"moacir\"},\"url\":\"https:\/\/franciscanos.org.br\/noticias\/author\/moacir\"}]}<\/script>\n<!-- \/ Yoast SEO plugin. -->","yoast_head_json":{"title":"A Ordem dos Frades Menores em n\u00fameros - Not\u00edcias - Franciscanos","robots":{"index":"index","follow":"follow","max-snippet":"max-snippet:-1","max-image-preview":"max-image-preview:large","max-video-preview":"max-video-preview:-1"},"canonical":"https:\/\/franciscanos.org.br\/noticias\/a-ordem-dos-frades-menores-em-numeros.html","og_locale":"pt_BR","og_type":"article","og_title":"A Ordem dos Frades Menores em n\u00fameros - Not\u00edcias - Franciscanos","og_description":"Ordem dos Frades Menores","og_url":"https:\/\/franciscanos.org.br\/noticias\/a-ordem-dos-frades-menores-em-numeros.html","og_site_name":"Not\u00edcias - Franciscanos","article_published_time":"2022-10-02T09:52:39+00:00","og_image":[{"width":1280,"height":720,"url":"https:\/\/franciscanos.org.br\/noticias\/wp-content\/uploads\/2022\/10\/frades_capitulo_02.jpg","type":"image\/jpeg"}],"author":"moacir","twitter_card":"summary_large_image","twitter_misc":{"Escrito por":"moacir","Est. tempo de leitura":"1 minuto"},"schema":{"@context":"https:\/\/schema.org","@graph":[{"@type":"WebSite","@id":"https:\/\/franciscanos.org.br\/noticias\/#website","url":"https:\/\/franciscanos.org.br\/noticias\/","name":"Not\u00edcias - Franciscanos","description":"Prov\u00edncia Franciscana da Imaculada Concei\u00e7\u00e3o do Brasil - Ordem dos Frades Menores - OFM","potentialAction":[{"@type":"SearchAction","target":{"@type":"EntryPoint","urlTemplate":"https:\/\/franciscanos.org.br\/noticias\/?s={search_term_string}"},"query-input":"required name=search_term_string"}],"inLanguage":"pt-BR"},{"@type":"ImageObject","inLanguage":"pt-BR","@id":"https:\/\/franciscanos.org.br\/noticias\/a-ordem-dos-frades-menores-em-numeros.html#primaryimage","url":"https:\/\/franciscanos.org.br\/noticias\/wp-content\/uploads\/2022\/10\/frades_capitulo_02.jpg","contentUrl":"https:\/\/franciscanos.org.br\/noticias\/wp-content\/uploads\/2022\/10\/frades_capitulo_02.jpg","width":1280,"height":720,"caption":"DCIM100MEDIADJI_0234.JPG"},{"@type":"WebPage","@id":"https:\/\/franciscanos.org.br\/noticias\/a-ordem-dos-frades-menores-em-numeros.html#webpage","url":"https:\/\/franciscanos.org.br\/noticias\/a-ordem-dos-frades-menores-em-numeros.html","name":"A Ordem dos Frades Menores em n\u00fameros - Not\u00edcias - Franciscanos","isPartOf":{"@id":"https:\/\/franciscanos.org.br\/noticias\/#website"},"primaryImageOfPage":{"@id":"https:\/\/franciscanos.org.br\/noticias\/a-ordem-dos-frades-menores-em-numeros.html#primaryimage"},"datePublished":"2022-10-02T09:52:39+00:00","dateModified":"2022-10-02T09:52:39+00:00","author":{"@id":"https:\/\/franciscanos.org.br\/noticias\/#\/schema\/person\/b5c8cba458c330ccff548b056e95a5d4"},"breadcrumb":{"@id":"https:\/\/franciscanos.org.br\/noticias\/a-ordem-dos-frades-menores-em-numeros.html#breadcrumb"},"inLanguage":"pt-BR","potentialAction":[{"@type":"ReadAction","target":["https:\/\/franciscanos.org.br\/noticias\/a-ordem-dos-frades-menores-em-numeros.html"]}]},{"@type":"BreadcrumbList","@id":"https:\/\/franciscanos.org.br\/noticias\/a-ordem-dos-frades-menores-em-numeros.html#breadcrumb","itemListElement":[{"@type":"ListItem","position":1,"name":"Home","item":"https:\/\/franciscanos.org.br\/noticias"},{"@type":"ListItem","position":2,"name":"A Ordem dos Frades Menores em n\u00fameros"}]},{"@type":"Person","@id":"https:\/\/franciscanos.org.br\/noticias\/#\/schema\/person\/b5c8cba458c330ccff548b056e95a5d4","name":"moacir","image":{"@type":"ImageObject","inLanguage":"pt-BR","@id":"https:\/\/franciscanos.org.br\/noticias\/#\/schema\/person\/image\/","url":"https:\/\/secure.gravatar.com\/avatar\/d08aa2ce4c8dd416d4479aa8536fcf64?s=96&d=mm&r=g","contentUrl":"https:\/\/secure.gravatar.com\/avatar\/d08aa2ce4c8dd416d4479aa8536fcf64?s=96&d=mm&r=g","caption":"moacir"},"url":"https:\/\/franciscanos.org.br\/noticias\/author\/moacir"}]}},"_links":{"self":[{"href":"https:\/\/franciscanos.org.br\/noticias\/wp-json\/wp\/v2\/posts\/239896"}],"collection":[{"href":"https:\/\/franciscanos.org.br\/noticias\/wp-json\/wp\/v2\/posts"}],"about":[{"href":"https:\/\/franciscanos.org.br\/noticias\/wp-json\/wp\/v2\/types\/post"}],"author":[{"embeddable":true,"href":"https:\/\/franciscanos.org.br\/noticias\/wp-json\/wp\/v2\/users\/3"}],"replies":[{"embeddable":true,"href":"https:\/\/franciscanos.org.br\/noticias\/wp-json\/wp\/v2\/comments?post=239896"}],"version-history":[{"count":1,"href":"https:\/\/franciscanos.org.br\/noticias\/wp-json\/wp\/v2\/posts\/239896\/revisions"}],"predecessor-version":[{"id":239898,"href":"https:\/\/franciscanos.org.br\/noticias\/wp-json\/wp\/v2\/posts\/239896\/revisions\/239898"}],"wp:featuredmedia":[{"embeddable":true,"href":"https:\/\/franciscanos.org.br\/noticias\/wp-json\/wp\/v2\/media\/239897"}],"wp:attachment":[{"href":"https:\/\/franciscanos.org.br\/noticias\/wp-json\/wp\/v2\/media?parent=239896"}],"wp:term":[{"taxonomy":"category","embeddable":true,"href":"https:\/\/franciscanos.org.br\/noticias\/wp-json\/wp\/v2\/categories?post=239896"},{"taxonomy":"post_tag","embeddable":true,"href":"https:\/\/franciscanos.org.br\/noticias\/wp-json\/wp\/v2\/tags?post=239896"}],"curies":[{"name":"wp","href":"https:\/\/api.w.org\/{rel}","templated":true}]}}