{"id":239875,"date":"2022-10-01T20:34:12","date_gmt":"2022-10-01T23:34:12","guid":{"rendered":"https:\/\/franciscanos.org.br\/noticias\/?p=239875"},"modified":"2022-12-31T17:32:58","modified_gmt":"2022-12-31T20:32:58","slug":"obediencias-franciscanas-celebram-sao-francisco","status":"publish","type":"post","link":"https:\/\/franciscanos.org.br\/noticias\/obediencias-franciscanas-celebram-sao-francisco.html","title":{"rendered":"Obedi\u00eancias franciscanas celebram S\u00e3o Francisco de Assis"},"content":{"rendered":"<p><strong> <img loading=\"lazy\" class=\"alignnone size-full wp-image-239876\" src=\"https:\/\/franciscanos.org.br\/noticias\/wp-content\/uploads\/2022\/10\/provinciais_0110_1.jpg\" alt=\"\" width=\"1280\" height=\"720\" srcset=\"https:\/\/franciscanos.org.br\/noticias\/wp-content\/uploads\/2022\/10\/provinciais_0110_1.jpg 1280w, https:\/\/franciscanos.org.br\/noticias\/wp-content\/uploads\/2022\/10\/provinciais_0110_1-450x253.jpg 450w, https:\/\/franciscanos.org.br\/noticias\/wp-content\/uploads\/2022\/10\/provinciais_0110_1-1024x576.jpg 1024w, https:\/\/franciscanos.org.br\/noticias\/wp-content\/uploads\/2022\/10\/provinciais_0110_1-768x432.jpg 768w, https:\/\/franciscanos.org.br\/noticias\/wp-content\/uploads\/2022\/10\/provinciais_0110_1-150x84.jpg 150w\" sizes=\"(max-width: 1280px) 100vw, 1280px\" \/><\/strong><\/p>\n<p><strong>S\u00e3o Paulo (SP)<\/strong> \u2013 Os filhos de S\u00e3o Francisco de Assis, representando os tr\u00eas ramos da Ordem Franciscana &#8211; os Frades Menores Conventuais (FMConv), os Frades Menores Capuchinhos (OFMCap) e os Frades Menores (OFM) -, reuniram-se neste s\u00e1bado (1\u00ba\/10), na bela Igreja do Convento S\u00e3o Francisco, no centro de S\u00e3o Paulo, para celebrar o seu Fundador e Padroeiro.<\/p>\n<p>A celebra\u00e7\u00e3o j\u00e1 \u00e9 tradicional no programa da Novena do Convento franciscano mais antigo da capital paulista e teve a presen\u00e7a do Ministro Provincial da Prov\u00edncia da Imaculada Concei\u00e7\u00e3o, Frei Paulo Roberto Pereira (OFM); do Ministro Provincial, Frei Jos\u00e9 Hugo da Silva Santos, da Prov\u00edncia S\u00e3o Francisco de Assis (OFMConv); e de Frei Frei Alonso Aparecido, Vig\u00e1rio Provincial, representando o Ministro Provincial dos Frades Capuchinhos de S\u00e3o Paulo, Frei Arcanjo Soares.<\/p>\n<p>No s\u00e9timo dia da Novena, a Santa Missa foi presidida por Frei Hugo e coube a Frei Paulo fazer a homilia. A anima\u00e7\u00e3o lit\u00fargica ficou sob a responsabilidade da Fraternidade do Convento.<\/p>\n<p><img loading=\"lazy\" class=\"alignnone wp-image-239878 size-full\" src=\"https:\/\/franciscanos.org.br\/noticias\/wp-content\/uploads\/2022\/10\/provinciais_0110_66.jpg\" alt=\"\" width=\"1280\" height=\"1707\" srcset=\"https:\/\/franciscanos.org.br\/noticias\/wp-content\/uploads\/2022\/10\/provinciais_0110_66.jpg 810w, https:\/\/franciscanos.org.br\/noticias\/wp-content\/uploads\/2022\/10\/provinciais_0110_66-337x450.jpg 337w, https:\/\/franciscanos.org.br\/noticias\/wp-content\/uploads\/2022\/10\/provinciais_0110_66-768x1024.jpg 768w, https:\/\/franciscanos.org.br\/noticias\/wp-content\/uploads\/2022\/10\/provinciais_0110_66-1152x1536.jpg 1152w, https:\/\/franciscanos.org.br\/noticias\/wp-content\/uploads\/2022\/10\/provinciais_0110_66-150x200.jpg 150w\" sizes=\"(max-width: 1280px) 100vw, 1280px\" \/><\/p>\n<p>&nbsp;<\/p>\n<p>Antes de iniciar a reflex\u00e3o propriamente, Frei Paulo agradeceu com muita \u00eanfase a Frei M\u00e1rio Tagliari, o guardi\u00e3o desta casa e p\u00e1roco desta Par\u00f3quia e respons\u00e1vel pela iniciativa de reunir a Fam\u00edlia Franciscana neste s\u00e1bado. &#8220;Ao saudar Frei Mario, sa\u00fado a todos os confrades que aqui moram nesta casa de 375 anos celebrados neste ano. Ela \u00e9 testemunha do Evangelho de matiz franciscano nesta cidade. Este convento viu S\u00e3o Paulo crescer. Os frades aqui s\u00e3o testemunhas do gigantismo que foi adquirindo esta cidade e que gerou muita riqueza, mas uma riqueza que n\u00e3o \u00e9 distribu\u00edda, uma riqueza que \u00e9 concentrada&#8221;, lamentou Frei Paulo. Segundo ele, tristemente se pode ver esse empobrecimento que toma as ruas centrais desta cidade. &#8220;\u00c9 uma contradi\u00e7\u00e3o. Os frades s\u00e3o testemunhas da possibilidade do crescimento e da urg\u00eancia da transforma\u00e7\u00e3o desta realidade. H\u00e1 375 anos, S\u00e3o Francisco n\u00e3o \u00e9 mais s\u00f3 de Assis. S\u00e3o Francisco \u00e9 do centro de S\u00e3o Paulo&#8221;, decretou o Ministro Provincial.<\/p>\n<p>&#8220;E todos n\u00f3s, frades que aqui vivemos e todas as pessoas que aqui v\u00eam, devem cultivar esse olhar. \u00c9 poss\u00edvel sair de uma tapera, \u00e9 poss\u00edvel sair de um aglomerado de casas para se transformar numa megal\u00f3pole, com criatividade, com empenho, com investimento. \u00c9 poss\u00edvel tamb\u00e9m que esse crescimento seja gerador de fraternidade. \u00c9 esta miss\u00e3o desta casa h\u00e1 375 anos. Nos cremos nisso e queremos pregar isso, queremos viver isso. \u00c9 poss\u00edvel transformar as nossas rela\u00e7\u00f5es transformando a nossa forma de organizar o mundo&#8221;, animou.<\/p>\n<p><img loading=\"lazy\" class=\"alignnone wp-image-239879 size-full\" src=\"https:\/\/franciscanos.org.br\/noticias\/wp-content\/uploads\/2022\/10\/provinciais_0110_2.jpg\" alt=\"\" width=\"1280\" height=\"843\" srcset=\"https:\/\/franciscanos.org.br\/noticias\/wp-content\/uploads\/2022\/10\/provinciais_0110_2.jpg 1280w, https:\/\/franciscanos.org.br\/noticias\/wp-content\/uploads\/2022\/10\/provinciais_0110_2-450x296.jpg 450w, https:\/\/franciscanos.org.br\/noticias\/wp-content\/uploads\/2022\/10\/provinciais_0110_2-1024x674.jpg 1024w, https:\/\/franciscanos.org.br\/noticias\/wp-content\/uploads\/2022\/10\/provinciais_0110_2-768x506.jpg 768w, https:\/\/franciscanos.org.br\/noticias\/wp-content\/uploads\/2022\/10\/provinciais_0110_2-150x99.jpg 150w\" sizes=\"(max-width: 1280px) 100vw, 1280px\" \/><\/p>\n<p><strong>OBEDI\u00caNCIA: OUVIR A VOZ DO SENHOR<\/strong><\/p>\n<p>Segundo Frei Paulo, &#8220;\u00e9 bom estarmos aqui nas obedi\u00eancias&#8221;. Para ele, todos os tr\u00eas representantes dos ramos da Ordem Franciscana, vivem a obedi\u00eancia. &#8220;A gente se identifica. Tamb\u00e9m o ramo da Ordem Terceira Regular (TOR). S\u00e3o a mesma fam\u00edlia com obedi\u00eancias diferentes. Obedi\u00eancia \u00e9 um dos votos que n\u00f3s fazemos, junto com castidade e pobreza. Entre os votos, n\u00e3o h\u00e1 aqueles que s\u00e3o melhores ou maiores, n\u00e3o! Todos os votos falam da mesma coisa e t\u00eam o mesmo vigor. Mas a obedi\u00eancia \u00e9 aquele voto que a gente vive com os ouvidos. Obedecer \u00e9 levar o nosso ouvido para bem perto dos l\u00e1bios do Senhor. Ent\u00e3o, n\u00f3s tr\u00eas, representamos as obedi\u00eancias franciscanas e queremos deixar esta mensagem: Ouvir a voz do Senhor&#8221;, enfatizou.<\/p>\n<p>Frei Paulo lembrou, no dia de Santa Terezinha e no dia das obedi\u00eancias, o carinho de S\u00e3o Francisco por Maria, e ele reconhece que quem melhor viveu a obedi\u00eancia ao Senhor foi Nossa Senhora. &#8220;Ent\u00e3o, Nossa Senhora, no total esvaziamento de si e de seu Filho, pobre, totalmente esvaziado de si mesmo, s\u00e3o sinais e caminhos para que a gente possa viver a voca\u00e7\u00e3o de menor em fraternidade&#8221;, ensinou.<\/p>\n<p><img loading=\"lazy\" class=\"alignnone size-full wp-image-239892\" src=\"https:\/\/franciscanos.org.br\/noticias\/wp-content\/uploads\/2022\/10\/provinciais_01.jpg\" alt=\"\" width=\"1280\" height=\"1707\" srcset=\"https:\/\/franciscanos.org.br\/noticias\/wp-content\/uploads\/2022\/10\/provinciais_01.jpg 810w, https:\/\/franciscanos.org.br\/noticias\/wp-content\/uploads\/2022\/10\/provinciais_01-337x450.jpg 337w, https:\/\/franciscanos.org.br\/noticias\/wp-content\/uploads\/2022\/10\/provinciais_01-768x1024.jpg 768w, https:\/\/franciscanos.org.br\/noticias\/wp-content\/uploads\/2022\/10\/provinciais_01-1152x1536.jpg 1152w, https:\/\/franciscanos.org.br\/noticias\/wp-content\/uploads\/2022\/10\/provinciais_01-150x200.jpg 150w\" sizes=\"(max-width: 1280px) 100vw, 1280px\" \/><\/p>\n<p>&nbsp;<\/p>\n<p><strong>ZELADOR DO EVANGELHO<\/strong><\/p>\n<p>&#8220;Quero saudar os freis e os devotos que fazem aqui a Novena com o tema muito interessante: &#8216;S\u00e3o Francisco, zelador do Evangelho&#8217;. Evidentemente que tem a\u00ed uma conota\u00e7\u00e3o j\u00e1 preocupada em celebrar os 800 anos da Regra Franciscana&#8221;, disse Frei Paulo, lembrando que para S\u00e3o Francisco a Regra \u00e9 a medula do Evangelho. &#8220;\u00c9 aquela parte do Evangelho que n\u00e3o pode faltar. Ali\u00e1s, nenhuma parte do Evangelho pode faltar, mas \u00e9 preciso que a gente zele por isso. Ent\u00e3o, ao professar a Regra franciscana, n\u00f3s professamos a nossa disposi\u00e7\u00e3o de zelar pelo Evangelho. E aqui quero lembrar do nosso dia a dia, dos zeladores e zeladoras. Normalmente, a gente n\u00e3o d\u00e1 muita aten\u00e7\u00e3o para eles, infelizmente. Mas quando eles faltam, a gente logo percebe. A\u00ed que est\u00e1! Muito intuitivo esse nome&#8221;, disse.<\/p>\n<p>Segundo Frei Paulo, S\u00e3o Francisco tamb\u00e9m cultivava esse jeito que se chama de minoridade. &#8220;\u00c9 uma caracter\u00edstica da forma de vida franciscana a minoridade. N\u00e3o \u00e9 preciso aparecer, mas se falta, faz falta mesmo. Ent\u00e3o \u00e9 um jeito escondido. N\u00e3o \u00e9 um jeito panflet\u00e1rio, n\u00e3o \u00e9 jeito glamoroso, n\u00e3o \u00e9 um jeito <em>showman<\/em> para n\u00f3s guardamos o Evangelho. \u00c9 de um jeito escondido, de um jeito simples&#8221;, insistiu.<\/p>\n\n\t\t<style type=\"text\/css\">\n\t\t\t#gallery-1 {\n\t\t\t\tmargin: auto;\n\t\t\t}\n\t\t\t#gallery-1 .gallery-item {\n\t\t\t\tfloat: left;\n\t\t\t\tmargin-top: 10px;\n\t\t\t\ttext-align: center;\n\t\t\t\twidth: 14%;\n\t\t\t}\n\t\t\t#gallery-1 img {\n\t\t\t\tborder: 2px solid #cfcfcf;\n\t\t\t}\n\t\t\t#gallery-1 .gallery-caption {\n\t\t\t\tmargin-left: 0;\n\t\t\t}\n\t\t\t\/* see gallery_shortcode() in wp-includes\/media.php *\/\n\t\t<\/style>\n\t\t<div id='gallery-1' class='gallery galleryid-239875 gallery-columns-7 gallery-size-thumbnail'><dl class='gallery-item'>\n\t\t\t<dt class='gallery-icon landscape'>\n\t\t\t\t<a href='https:\/\/franciscanos.org.br\/noticias\/wp-content\/uploads\/2022\/10\/provinciais_0110_4.jpg'><img width=\"300\" height=\"300\" src=\"https:\/\/franciscanos.org.br\/noticias\/wp-content\/uploads\/2022\/10\/provinciais_0110_4-300x300.jpg\" class=\"attachment-thumbnail size-thumbnail\" alt=\"\" loading=\"lazy\" srcset=\"https:\/\/franciscanos.org.br\/noticias\/wp-content\/uploads\/2022\/10\/provinciais_0110_4-300x300.jpg 300w, https:\/\/franciscanos.org.br\/noticias\/wp-content\/uploads\/2022\/10\/provinciais_0110_4-100x100.jpg 100w\" sizes=\"(max-width: 300px) 100vw, 300px\" \/><\/a>\n\t\t\t<\/dt><\/dl><dl class='gallery-item'>\n\t\t\t<dt class='gallery-icon landscape'>\n\t\t\t\t<a href='https:\/\/franciscanos.org.br\/noticias\/wp-content\/uploads\/2022\/10\/provinciais_0110_5.jpg'><img width=\"300\" height=\"300\" src=\"https:\/\/franciscanos.org.br\/noticias\/wp-content\/uploads\/2022\/10\/provinciais_0110_5-300x300.jpg\" class=\"attachment-thumbnail size-thumbnail\" alt=\"\" loading=\"lazy\" srcset=\"https:\/\/franciscanos.org.br\/noticias\/wp-content\/uploads\/2022\/10\/provinciais_0110_5-300x300.jpg 300w, https:\/\/franciscanos.org.br\/noticias\/wp-content\/uploads\/2022\/10\/provinciais_0110_5-100x100.jpg 100w\" sizes=\"(max-width: 300px) 100vw, 300px\" \/><\/a>\n\t\t\t<\/dt><\/dl><dl class='gallery-item'>\n\t\t\t<dt class='gallery-icon landscape'>\n\t\t\t\t<a href='https:\/\/franciscanos.org.br\/noticias\/wp-content\/uploads\/2022\/10\/provinciais_0110_7.jpg'><img width=\"300\" height=\"300\" src=\"https:\/\/franciscanos.org.br\/noticias\/wp-content\/uploads\/2022\/10\/provinciais_0110_7-300x300.jpg\" class=\"attachment-thumbnail size-thumbnail\" alt=\"\" loading=\"lazy\" srcset=\"https:\/\/franciscanos.org.br\/noticias\/wp-content\/uploads\/2022\/10\/provinciais_0110_7-300x300.jpg 300w, https:\/\/franciscanos.org.br\/noticias\/wp-content\/uploads\/2022\/10\/provinciais_0110_7-100x100.jpg 100w\" sizes=\"(max-width: 300px) 100vw, 300px\" \/><\/a>\n\t\t\t<\/dt><\/dl><dl class='gallery-item'>\n\t\t\t<dt class='gallery-icon landscape'>\n\t\t\t\t<a href='https:\/\/franciscanos.org.br\/noticias\/wp-content\/uploads\/2022\/10\/provinciais_0110_8.jpg'><img width=\"300\" height=\"300\" src=\"https:\/\/franciscanos.org.br\/noticias\/wp-content\/uploads\/2022\/10\/provinciais_0110_8-300x300.jpg\" class=\"attachment-thumbnail size-thumbnail\" alt=\"\" loading=\"lazy\" srcset=\"https:\/\/franciscanos.org.br\/noticias\/wp-content\/uploads\/2022\/10\/provinciais_0110_8-300x300.jpg 300w, https:\/\/franciscanos.org.br\/noticias\/wp-content\/uploads\/2022\/10\/provinciais_0110_8-100x100.jpg 100w\" sizes=\"(max-width: 300px) 100vw, 300px\" \/><\/a>\n\t\t\t<\/dt><\/dl><dl class='gallery-item'>\n\t\t\t<dt class='gallery-icon landscape'>\n\t\t\t\t<a href='https:\/\/franciscanos.org.br\/noticias\/wp-content\/uploads\/2022\/10\/provinciais_0110_10.jpg'><img width=\"300\" height=\"300\" src=\"https:\/\/franciscanos.org.br\/noticias\/wp-content\/uploads\/2022\/10\/provinciais_0110_10-300x300.jpg\" class=\"attachment-thumbnail size-thumbnail\" alt=\"\" loading=\"lazy\" srcset=\"https:\/\/franciscanos.org.br\/noticias\/wp-content\/uploads\/2022\/10\/provinciais_0110_10-300x300.jpg 300w, https:\/\/franciscanos.org.br\/noticias\/wp-content\/uploads\/2022\/10\/provinciais_0110_10-100x100.jpg 100w\" sizes=\"(max-width: 300px) 100vw, 300px\" \/><\/a>\n\t\t\t<\/dt><\/dl><dl class='gallery-item'>\n\t\t\t<dt class='gallery-icon landscape'>\n\t\t\t\t<a href='https:\/\/franciscanos.org.br\/noticias\/wp-content\/uploads\/2022\/10\/provinciais_0110_11.jpg'><img width=\"300\" height=\"300\" src=\"https:\/\/franciscanos.org.br\/noticias\/wp-content\/uploads\/2022\/10\/provinciais_0110_11-300x300.jpg\" class=\"attachment-thumbnail size-thumbnail\" alt=\"\" loading=\"lazy\" srcset=\"https:\/\/franciscanos.org.br\/noticias\/wp-content\/uploads\/2022\/10\/provinciais_0110_11-300x300.jpg 300w, https:\/\/franciscanos.org.br\/noticias\/wp-content\/uploads\/2022\/10\/provinciais_0110_11-100x100.jpg 100w\" sizes=\"(max-width: 300px) 100vw, 300px\" \/><\/a>\n\t\t\t<\/dt><\/dl><dl class='gallery-item'>\n\t\t\t<dt class='gallery-icon landscape'>\n\t\t\t\t<a href='https:\/\/franciscanos.org.br\/noticias\/wp-content\/uploads\/2022\/10\/provinciais_0110_12.jpg'><img width=\"300\" height=\"300\" src=\"https:\/\/franciscanos.org.br\/noticias\/wp-content\/uploads\/2022\/10\/provinciais_0110_12-300x300.jpg\" class=\"attachment-thumbnail size-thumbnail\" alt=\"\" loading=\"lazy\" srcset=\"https:\/\/franciscanos.org.br\/noticias\/wp-content\/uploads\/2022\/10\/provinciais_0110_12-300x300.jpg 300w, https:\/\/franciscanos.org.br\/noticias\/wp-content\/uploads\/2022\/10\/provinciais_0110_12-100x100.jpg 100w\" sizes=\"(max-width: 300px) 100vw, 300px\" \/><\/a>\n\t\t\t<\/dt><\/dl><br style=\"clear: both\" \/>\n\t\t<\/div>\n\n<p><em>\u00a0(toque nas imagens para ampli\u00e1-las)<\/em><\/p>\n<p>Para Frei Paulo, devemos nos empenhar para sermos zeladores a partir daquelas duas caracter\u00edsticas fundamentais que inspiram a Ordem e os Ministros e que s\u00e3o a dupla identifica\u00e7\u00e3o da Ordem, os dois pulm\u00f5es do movimento franciscano: a fraternidade e a minoridade. &#8220;Ent\u00e3o, quando a gente reza nove dias lembrando que S\u00e3o Francisco \u00e9 o zelador do Evangelho, que a gente, mais uma vez, empenhe-se para viver o Evangelho naquilo que ele tem de mais essencial: a minoridade. Escondidinho, como o gr\u00e3o de mostarda do tamanho da f\u00e9 que o Evangelho mandou a gente ter hoje. N\u00e3o precisamos ter muita f\u00e9. F\u00e9 guardada nos cofres dos bancos, f\u00e9 acumulada nos arm\u00e1rios e nas geladeiras das casas abastadas, n\u00e3o! Jesus diz: \u2018basta a f\u00e9 do tamanho do gr\u00e3o de mostarda\u2019&#8221;, refletiu, referindo-se ao Evangelho deste final de semana.<\/p>\n<p>&#8220;Os disc\u00edpulos, quando pedem: &#8216;aumenta-nos nossa f\u00e9&#8217;, eles sabem que a f\u00e9 \u00e9 um elemento essencial para o seguimento de Jesus Cristo. E na prega\u00e7\u00e3o de Jesus, nos seus milagres, nos seus atos, ele mesmo destacava que \u00e9 importante ter f\u00e9. Ent\u00e3o, para ser disc\u00edpulo de Jesus \u00e9 necess\u00e1rio ter f\u00e9. Eles pedem: &#8216;aumenta-nos nossa f\u00e9&#8217;. Ele diz: &#8216;basta aquela que Deus j\u00e1 nos deu'&#8221;, acrescentou.<\/p>\n<p><img loading=\"lazy\" class=\"alignnone size-full wp-image-239891\" src=\"https:\/\/franciscanos.org.br\/noticias\/wp-content\/uploads\/2022\/10\/provinciais_0110_7-1.jpg\" alt=\"\" width=\"1280\" height=\"960\" srcset=\"https:\/\/franciscanos.org.br\/noticias\/wp-content\/uploads\/2022\/10\/provinciais_0110_7-1.jpg 1280w, https:\/\/franciscanos.org.br\/noticias\/wp-content\/uploads\/2022\/10\/provinciais_0110_7-1-450x338.jpg 450w, https:\/\/franciscanos.org.br\/noticias\/wp-content\/uploads\/2022\/10\/provinciais_0110_7-1-1024x768.jpg 1024w, https:\/\/franciscanos.org.br\/noticias\/wp-content\/uploads\/2022\/10\/provinciais_0110_7-1-768x576.jpg 768w, https:\/\/franciscanos.org.br\/noticias\/wp-content\/uploads\/2022\/10\/provinciais_0110_7-1-150x113.jpg 150w, https:\/\/franciscanos.org.br\/noticias\/wp-content\/uploads\/2022\/10\/provinciais_0110_7-1-600x450.jpg 600w\" sizes=\"(max-width: 1280px) 100vw, 1280px\" \/><\/p>\n<p>Segundo o frade, esse \u00e9 um jeito bem franciscano tamb\u00e9m. &#8220;As virtudes, todas as virtudes &#8211; a bondade, a amizade, a solidariedade, a justi\u00e7a -, todas s\u00e3o virtudes e elas v\u00eam de Deus. Elas s\u00e3o um jeito de a gente revelar que a sua viv\u00eancia \u00e9 uma forma de a gente crer. N\u00f3s apresentamos Deus a partir das virtudes. Todo ato virtuoso revela nossa intimidade com o Senhor. E quanto mais \u00edntimos do Senhor n\u00f3s nos fazemos, mais virtuosos vamos viver. Mas S\u00e3o Francisco diz assim: a gente s\u00f3 tem aquela virtude que a gente usar. N\u00e3o adianta eu dizer eu sou muito paciente, mas na primeira situa\u00e7\u00e3o de impaci\u00eancia se irrita. \u00c0s vezes, a gente se equivoca. &#8216;Ah, eu sou muito amigo, mas na hora de exercitar a amizade, a gente se fecha&#8217;. Ent\u00e3o, a virtude a gente s\u00f3 tem aquela que usa. F\u00e9 n\u00f3s j\u00e1 temos suficiente. O tamanho da nossa f\u00e9 vai ser do tamanho que n\u00f3s nos exercitarmos nela. Jesus nos ensina isso. E quando a gente tem o exerc\u00edcio da f\u00e9 escancarado, somos capazes de grandes coisas, de coisas inimagin\u00e1veis. E \u00e9 preciso que a gente creia nisso. O Evangelho de hoje desafia nesta dire\u00e7\u00e3o. Importante cultivar este desejo&#8221;, exortou Frei Paulo.<\/p>\n<p>No final da homilia, Frei Paulo lembrou que estamos iniciando o m\u00eas de outubro, o M\u00eas Mission\u00e1rio, no dia que a Igreja celebra Santa Terezinha do Menino Jesus. &#8220;E ela \u00e9 Padroeira das Miss\u00f5es. \u00c9 interessante e at\u00e9 instigante, porque normalmente n\u00f3s imaginamos que o mission\u00e1rio \u00e9 aquele que sai pelo mundo e Santa Terezinha n\u00e3o saiu. Mas assumiu ser amor na Igreja. A coisa que queremos ser \u00e9 o amor. Porque o mission\u00e1rio, aquele que sai de sua terra e vai adiante, como tantos franciscanos, mas aquele tamb\u00e9m que \u00e9 mission\u00e1rio no seu pr\u00e9dio, na sua rua, na sua fam\u00edlia, ele \u00e9 mission\u00e1rio e se reveste daquela tarefa de ser sinal do amor. E com muita simplicidade&#8221;, disse.<\/p>\n<p><img loading=\"lazy\" class=\"alignnone size-full wp-image-239890\" src=\"https:\/\/franciscanos.org.br\/noticias\/wp-content\/uploads\/2022\/10\/provinciais_0110_9.jpg\" alt=\"\" width=\"1280\" height=\"960\" srcset=\"https:\/\/franciscanos.org.br\/noticias\/wp-content\/uploads\/2022\/10\/provinciais_0110_9.jpg 1280w, https:\/\/franciscanos.org.br\/noticias\/wp-content\/uploads\/2022\/10\/provinciais_0110_9-450x338.jpg 450w, https:\/\/franciscanos.org.br\/noticias\/wp-content\/uploads\/2022\/10\/provinciais_0110_9-1024x768.jpg 1024w, https:\/\/franciscanos.org.br\/noticias\/wp-content\/uploads\/2022\/10\/provinciais_0110_9-768x576.jpg 768w, https:\/\/franciscanos.org.br\/noticias\/wp-content\/uploads\/2022\/10\/provinciais_0110_9-150x113.jpg 150w, https:\/\/franciscanos.org.br\/noticias\/wp-content\/uploads\/2022\/10\/provinciais_0110_9-600x450.jpg 600w\" sizes=\"(max-width: 1280px) 100vw, 1280px\" \/><\/p>\n<p><em>O grupo de vocacionados do Convento S\u00e3o Francisco tem a orienta\u00e7\u00e3o do Servi\u00e7o de Anima\u00e7\u00e3o Vocacional (SAV)<\/em><\/p>\n<p>Frei Paulo tamb\u00e9m lembrou que no dia 25 de outubro vamos celebrar Frei Galv\u00e3o, um grande mission\u00e1rio, que \u00e9 uma das dimens\u00f5es da vida franciscana. &#8220;Toda fam\u00edlia franciscana tem dentro de si esse esp\u00edrito de sair, de anunciar, no sil\u00eancio, na minoridade e em fraternidade.\u00a0 Que S\u00e3o Francisco, o zelador do Evangelho, nos acompanha nesta aventura&#8221;, completou.<\/p>\n<p>Amanh\u00e3, 2\/10, \u00e0s 10h, no oitavo dia da Novena, o bispo diocesano de Osasco e frade da Prov\u00edncia da Imaculada, Dom Frei Jo\u00e3o Bosco Barbosa de Sousa, OFM, preside a Santa Missa no Convento e Santu\u00e1rio S\u00e3o Francisco.<\/p>\n<hr \/>\n<p><em>Comunica\u00e7\u00e3o da Prov\u00edncia da Imaculada<\/em><\/p>\n","protected":false},"excerpt":{"rendered":"<p>Novena de S\u00e3o Francisco de Assis<\/p>\n","protected":false},"author":3,"featured_media":239876,"comment_status":"open","ping_status":"open","sticky":false,"template":"","format":"standard","meta":[],"categories":[1],"tags":[312],"acf":[],"yoast_head":"<!-- This site is optimized with the Yoast SEO plugin v19.2 - https:\/\/yoast.com\/wordpress\/plugins\/seo\/ -->\n<title>Obedi\u00eancias franciscanas celebram S\u00e3o Francisco de Assis - Not\u00edcias - Franciscanos<\/title>\n<meta name=\"robots\" content=\"index, follow, max-snippet:-1, max-image-preview:large, max-video-preview:-1\" \/>\n<link rel=\"canonical\" href=\"https:\/\/franciscanos.org.br\/noticias\/obediencias-franciscanas-celebram-sao-francisco.html\" \/>\n<meta property=\"og:locale\" content=\"pt_BR\" \/>\n<meta property=\"og:type\" content=\"article\" \/>\n<meta property=\"og:title\" content=\"Obedi\u00eancias franciscanas celebram S\u00e3o Francisco de Assis - Not\u00edcias - Franciscanos\" \/>\n<meta property=\"og:description\" content=\"Novena de S\u00e3o Francisco de Assis\" \/>\n<meta property=\"og:url\" content=\"https:\/\/franciscanos.org.br\/noticias\/obediencias-franciscanas-celebram-sao-francisco.html\" \/>\n<meta property=\"og:site_name\" content=\"Not\u00edcias - Franciscanos\" \/>\n<meta property=\"article:published_time\" content=\"2022-10-01T23:34:12+00:00\" \/>\n<meta property=\"article:modified_time\" content=\"2022-12-31T20:32:58+00:00\" \/>\n<meta property=\"og:image\" content=\"https:\/\/franciscanos.org.br\/noticias\/wp-content\/uploads\/2022\/10\/provinciais_0110_1.jpg\" \/>\n\t<meta property=\"og:image:width\" content=\"1280\" \/>\n\t<meta property=\"og:image:height\" content=\"720\" \/>\n\t<meta property=\"og:image:type\" content=\"image\/jpeg\" \/>\n<meta name=\"author\" content=\"moacir\" \/>\n<meta name=\"twitter:card\" content=\"summary_large_image\" \/>\n<meta name=\"twitter:label1\" content=\"Escrito por\" \/>\n\t<meta name=\"twitter:data1\" content=\"moacir\" \/>\n\t<meta name=\"twitter:label2\" content=\"Est. tempo de leitura\" \/>\n\t<meta name=\"twitter:data2\" content=\"8 minutos\" \/>\n<script type=\"application\/ld+json\" class=\"yoast-schema-graph\">{\"@context\":\"https:\/\/schema.org\",\"@graph\":[{\"@type\":\"WebSite\",\"@id\":\"https:\/\/franciscanos.org.br\/noticias\/#website\",\"url\":\"https:\/\/franciscanos.org.br\/noticias\/\",\"name\":\"Not\u00edcias - Franciscanos\",\"description\":\"Prov\u00edncia Franciscana da Imaculada Concei\u00e7\u00e3o do Brasil - Ordem dos Frades Menores - OFM\",\"potentialAction\":[{\"@type\":\"SearchAction\",\"target\":{\"@type\":\"EntryPoint\",\"urlTemplate\":\"https:\/\/franciscanos.org.br\/noticias\/?s={search_term_string}\"},\"query-input\":\"required name=search_term_string\"}],\"inLanguage\":\"pt-BR\"},{\"@type\":\"ImageObject\",\"inLanguage\":\"pt-BR\",\"@id\":\"https:\/\/franciscanos.org.br\/noticias\/obediencias-franciscanas-celebram-sao-francisco.html#primaryimage\",\"url\":\"https:\/\/franciscanos.org.br\/noticias\/wp-content\/uploads\/2022\/10\/provinciais_0110_1.jpg\",\"contentUrl\":\"https:\/\/franciscanos.org.br\/noticias\/wp-content\/uploads\/2022\/10\/provinciais_0110_1.jpg\",\"width\":1280,\"height\":720},{\"@type\":\"WebPage\",\"@id\":\"https:\/\/franciscanos.org.br\/noticias\/obediencias-franciscanas-celebram-sao-francisco.html#webpage\",\"url\":\"https:\/\/franciscanos.org.br\/noticias\/obediencias-franciscanas-celebram-sao-francisco.html\",\"name\":\"Obedi\u00eancias franciscanas celebram S\u00e3o Francisco de Assis - Not\u00edcias - Franciscanos\",\"isPartOf\":{\"@id\":\"https:\/\/franciscanos.org.br\/noticias\/#website\"},\"primaryImageOfPage\":{\"@id\":\"https:\/\/franciscanos.org.br\/noticias\/obediencias-franciscanas-celebram-sao-francisco.html#primaryimage\"},\"datePublished\":\"2022-10-01T23:34:12+00:00\",\"dateModified\":\"2022-12-31T20:32:58+00:00\",\"author\":{\"@id\":\"https:\/\/franciscanos.org.br\/noticias\/#\/schema\/person\/b5c8cba458c330ccff548b056e95a5d4\"},\"breadcrumb\":{\"@id\":\"https:\/\/franciscanos.org.br\/noticias\/obediencias-franciscanas-celebram-sao-francisco.html#breadcrumb\"},\"inLanguage\":\"pt-BR\",\"potentialAction\":[{\"@type\":\"ReadAction\",\"target\":[\"https:\/\/franciscanos.org.br\/noticias\/obediencias-franciscanas-celebram-sao-francisco.html\"]}]},{\"@type\":\"BreadcrumbList\",\"@id\":\"https:\/\/franciscanos.org.br\/noticias\/obediencias-franciscanas-celebram-sao-francisco.html#breadcrumb\",\"itemListElement\":[{\"@type\":\"ListItem\",\"position\":1,\"name\":\"Home\",\"item\":\"https:\/\/franciscanos.org.br\/noticias\"},{\"@type\":\"ListItem\",\"position\":2,\"name\":\"Obedi\u00eancias franciscanas celebram S\u00e3o Francisco de Assis\"}]},{\"@type\":\"Person\",\"@id\":\"https:\/\/franciscanos.org.br\/noticias\/#\/schema\/person\/b5c8cba458c330ccff548b056e95a5d4\",\"name\":\"moacir\",\"image\":{\"@type\":\"ImageObject\",\"inLanguage\":\"pt-BR\",\"@id\":\"https:\/\/franciscanos.org.br\/noticias\/#\/schema\/person\/image\/\",\"url\":\"https:\/\/secure.gravatar.com\/avatar\/d08aa2ce4c8dd416d4479aa8536fcf64?s=96&d=mm&r=g\",\"contentUrl\":\"https:\/\/secure.gravatar.com\/avatar\/d08aa2ce4c8dd416d4479aa8536fcf64?s=96&d=mm&r=g\",\"caption\":\"moacir\"},\"url\":\"https:\/\/franciscanos.org.br\/noticias\/author\/moacir\"}]}<\/script>\n<!-- \/ Yoast SEO plugin. -->","yoast_head_json":{"title":"Obedi\u00eancias franciscanas celebram S\u00e3o Francisco de Assis - Not\u00edcias - Franciscanos","robots":{"index":"index","follow":"follow","max-snippet":"max-snippet:-1","max-image-preview":"max-image-preview:large","max-video-preview":"max-video-preview:-1"},"canonical":"https:\/\/franciscanos.org.br\/noticias\/obediencias-franciscanas-celebram-sao-francisco.html","og_locale":"pt_BR","og_type":"article","og_title":"Obedi\u00eancias franciscanas celebram S\u00e3o Francisco de Assis - Not\u00edcias - Franciscanos","og_description":"Novena de S\u00e3o Francisco de Assis","og_url":"https:\/\/franciscanos.org.br\/noticias\/obediencias-franciscanas-celebram-sao-francisco.html","og_site_name":"Not\u00edcias - Franciscanos","article_published_time":"2022-10-01T23:34:12+00:00","article_modified_time":"2022-12-31T20:32:58+00:00","og_image":[{"width":1280,"height":720,"url":"https:\/\/franciscanos.org.br\/noticias\/wp-content\/uploads\/2022\/10\/provinciais_0110_1.jpg","type":"image\/jpeg"}],"author":"moacir","twitter_card":"summary_large_image","twitter_misc":{"Escrito por":"moacir","Est. tempo de leitura":"8 minutos"},"schema":{"@context":"https:\/\/schema.org","@graph":[{"@type":"WebSite","@id":"https:\/\/franciscanos.org.br\/noticias\/#website","url":"https:\/\/franciscanos.org.br\/noticias\/","name":"Not\u00edcias - Franciscanos","description":"Prov\u00edncia Franciscana da Imaculada Concei\u00e7\u00e3o do Brasil - Ordem dos Frades Menores - OFM","potentialAction":[{"@type":"SearchAction","target":{"@type":"EntryPoint","urlTemplate":"https:\/\/franciscanos.org.br\/noticias\/?s={search_term_string}"},"query-input":"required name=search_term_string"}],"inLanguage":"pt-BR"},{"@type":"ImageObject","inLanguage":"pt-BR","@id":"https:\/\/franciscanos.org.br\/noticias\/obediencias-franciscanas-celebram-sao-francisco.html#primaryimage","url":"https:\/\/franciscanos.org.br\/noticias\/wp-content\/uploads\/2022\/10\/provinciais_0110_1.jpg","contentUrl":"https:\/\/franciscanos.org.br\/noticias\/wp-content\/uploads\/2022\/10\/provinciais_0110_1.jpg","width":1280,"height":720},{"@type":"WebPage","@id":"https:\/\/franciscanos.org.br\/noticias\/obediencias-franciscanas-celebram-sao-francisco.html#webpage","url":"https:\/\/franciscanos.org.br\/noticias\/obediencias-franciscanas-celebram-sao-francisco.html","name":"Obedi\u00eancias franciscanas celebram S\u00e3o Francisco de Assis - Not\u00edcias - Franciscanos","isPartOf":{"@id":"https:\/\/franciscanos.org.br\/noticias\/#website"},"primaryImageOfPage":{"@id":"https:\/\/franciscanos.org.br\/noticias\/obediencias-franciscanas-celebram-sao-francisco.html#primaryimage"},"datePublished":"2022-10-01T23:34:12+00:00","dateModified":"2022-12-31T20:32:58+00:00","author":{"@id":"https:\/\/franciscanos.org.br\/noticias\/#\/schema\/person\/b5c8cba458c330ccff548b056e95a5d4"},"breadcrumb":{"@id":"https:\/\/franciscanos.org.br\/noticias\/obediencias-franciscanas-celebram-sao-francisco.html#breadcrumb"},"inLanguage":"pt-BR","potentialAction":[{"@type":"ReadAction","target":["https:\/\/franciscanos.org.br\/noticias\/obediencias-franciscanas-celebram-sao-francisco.html"]}]},{"@type":"BreadcrumbList","@id":"https:\/\/franciscanos.org.br\/noticias\/obediencias-franciscanas-celebram-sao-francisco.html#breadcrumb","itemListElement":[{"@type":"ListItem","position":1,"name":"Home","item":"https:\/\/franciscanos.org.br\/noticias"},{"@type":"ListItem","position":2,"name":"Obedi\u00eancias franciscanas celebram S\u00e3o Francisco de Assis"}]},{"@type":"Person","@id":"https:\/\/franciscanos.org.br\/noticias\/#\/schema\/person\/b5c8cba458c330ccff548b056e95a5d4","name":"moacir","image":{"@type":"ImageObject","inLanguage":"pt-BR","@id":"https:\/\/franciscanos.org.br\/noticias\/#\/schema\/person\/image\/","url":"https:\/\/secure.gravatar.com\/avatar\/d08aa2ce4c8dd416d4479aa8536fcf64?s=96&d=mm&r=g","contentUrl":"https:\/\/secure.gravatar.com\/avatar\/d08aa2ce4c8dd416d4479aa8536fcf64?s=96&d=mm&r=g","caption":"moacir"},"url":"https:\/\/franciscanos.org.br\/noticias\/author\/moacir"}]}},"_links":{"self":[{"href":"https:\/\/franciscanos.org.br\/noticias\/wp-json\/wp\/v2\/posts\/239875"}],"collection":[{"href":"https:\/\/franciscanos.org.br\/noticias\/wp-json\/wp\/v2\/posts"}],"about":[{"href":"https:\/\/franciscanos.org.br\/noticias\/wp-json\/wp\/v2\/types\/post"}],"author":[{"embeddable":true,"href":"https:\/\/franciscanos.org.br\/noticias\/wp-json\/wp\/v2\/users\/3"}],"replies":[{"embeddable":true,"href":"https:\/\/franciscanos.org.br\/noticias\/wp-json\/wp\/v2\/comments?post=239875"}],"version-history":[{"count":4,"href":"https:\/\/franciscanos.org.br\/noticias\/wp-json\/wp\/v2\/posts\/239875\/revisions"}],"predecessor-version":[{"id":241470,"href":"https:\/\/franciscanos.org.br\/noticias\/wp-json\/wp\/v2\/posts\/239875\/revisions\/241470"}],"wp:featuredmedia":[{"embeddable":true,"href":"https:\/\/franciscanos.org.br\/noticias\/wp-json\/wp\/v2\/media\/239876"}],"wp:attachment":[{"href":"https:\/\/franciscanos.org.br\/noticias\/wp-json\/wp\/v2\/media?parent=239875"}],"wp:term":[{"taxonomy":"category","embeddable":true,"href":"https:\/\/franciscanos.org.br\/noticias\/wp-json\/wp\/v2\/categories?post=239875"},{"taxonomy":"post_tag","embeddable":true,"href":"https:\/\/franciscanos.org.br\/noticias\/wp-json\/wp\/v2\/tags?post=239875"}],"curies":[{"name":"wp","href":"https:\/\/api.w.org\/{rel}","templated":true}]}}