{"id":239860,"date":"2022-09-30T12:22:52","date_gmt":"2022-09-30T15:22:52","guid":{"rendered":"https:\/\/franciscanos.org.br\/noticias\/?p=239860"},"modified":"2022-09-30T12:23:51","modified_gmt":"2022-09-30T15:23:51","slug":"vila-velha-celebra-nossa-senhora-do-rosario","status":"publish","type":"post","link":"https:\/\/franciscanos.org.br\/noticias\/vila-velha-celebra-nossa-senhora-do-rosario.html","title":{"rendered":"Vila Velha celebra Nossa Senhora do Ros\u00e1rio de 6 a 9 de outubro"},"content":{"rendered":"<p><img loading=\"lazy\" class=\"alignnone size-full wp-image-239862\" src=\"https:\/\/franciscanos.org.br\/noticias\/wp-content\/uploads\/2022\/09\/rosario_30.jpg\" alt=\"\" width=\"1280\" height=\"720\" srcset=\"https:\/\/franciscanos.org.br\/noticias\/wp-content\/uploads\/2022\/09\/rosario_30.jpg 1280w, https:\/\/franciscanos.org.br\/noticias\/wp-content\/uploads\/2022\/09\/rosario_30-450x253.jpg 450w, https:\/\/franciscanos.org.br\/noticias\/wp-content\/uploads\/2022\/09\/rosario_30-1024x576.jpg 1024w, https:\/\/franciscanos.org.br\/noticias\/wp-content\/uploads\/2022\/09\/rosario_30-768x432.jpg 768w, https:\/\/franciscanos.org.br\/noticias\/wp-content\/uploads\/2022\/09\/rosario_30-150x84.jpg 150w\" sizes=\"(max-width: 1280px) 100vw, 1280px\" \/><br \/>\nDia 7 de outubro \u00e9 o dia de Nossa Senhora do Ros\u00e1rio, Padroeira n\u00e3o s\u00f3 da nossa Par\u00f3quia de Vila Velha, no Esp\u00edrito Santo, e suas dez Comunidades, mas de todo o Munic\u00edpio de Vila Velha. A igreja Matriz, que leva o t\u00edtulo da Padroeira, \u00e9 a mais antiga do Brasil em funcionamento e a igreja-m\u00e3e de todas as outras da cidade. Por isso, todos est\u00e3o convidados a participar e uma bel\u00edssima Festa.<\/p>\n<p>O tr\u00edduo acontecer\u00e1 entre os dias 6 e 8, e a cada dia ser\u00e3o refletidos alguns dos momentos de dificuldade da vida de Maria, fazendo jus ao tema geral escolhido para o ano \u201cMaria nos tempos dif\u00edceis\u201d. O assunto foi escolhido ap\u00f3s um per\u00edodo de sofrimento vividos nos \u00faltimos anos, onde se precisou reinventar a vida e ainda se supera as consequ\u00eancias deste tempo.<\/p>\n<p>No dia 9 (domingo) ser\u00e1 celebrada a Solenidade e n\u00e3o haver\u00e1 celebra\u00e7\u00f5es nas comunidades no per\u00edodo noturno. No Santu\u00e1rio do Divino Esp\u00edrito Santo n\u00e3o ser\u00e1 realizada a missa das 19 horas. De quinta a sexta, a celebra\u00e7\u00e3o ser\u00e1 \u00e0s 19 horas e no s\u00e1bado e domingo, \u00e0s 18 horas, sempre na parte externa da igrejinha.<\/p>\n<p><img loading=\"lazy\" class=\"alignnone size-full wp-image-239861\" src=\"https:\/\/franciscanos.org.br\/noticias\/wp-content\/uploads\/2022\/09\/rosario_3009.jpg\" alt=\"\" width=\"1024\" height=\"1024\" srcset=\"https:\/\/franciscanos.org.br\/noticias\/wp-content\/uploads\/2022\/09\/rosario_3009.jpg 1024w, https:\/\/franciscanos.org.br\/noticias\/wp-content\/uploads\/2022\/09\/rosario_3009-450x450.jpg 450w, https:\/\/franciscanos.org.br\/noticias\/wp-content\/uploads\/2022\/09\/rosario_3009-300x300.jpg 300w, https:\/\/franciscanos.org.br\/noticias\/wp-content\/uploads\/2022\/09\/rosario_3009-768x768.jpg 768w, https:\/\/franciscanos.org.br\/noticias\/wp-content\/uploads\/2022\/09\/rosario_3009-150x150.jpg 150w, https:\/\/franciscanos.org.br\/noticias\/wp-content\/uploads\/2022\/09\/rosario_3009-100x100.jpg 100w\" sizes=\"(max-width: 1024px) 100vw, 1024px\" \/><\/p>\n<p>Neste ano, como parte dos festejos, a imagem est\u00e1 em peregrina\u00e7\u00e3o nas Comunidades at\u00e9 5 de outubro. L\u00e1 ser\u00e3o realizados momentos devocionais, de ora\u00e7\u00e3o e louvor.<\/p>\n<p>Nos dias de festa tamb\u00e9m haver\u00e1 barracas com deliciosos quitutes.<\/p>\n<p><strong>IGREJA REMONTA A 1535<\/strong><\/p>\n<p>Depois de um grande restauro ao longo de 2016, a igreja de Nossa Senhora do Ros\u00e1rio foi constru\u00edda em estilo barroco singelo. A igreja original remonta a 1535, quando Vasco Fernandes Coutinho aportou para assumir sua capitania e dedicou a nova col\u00f4nia ao Esp\u00edrito Santo, por ser oitava de Pentecostes. Ainda n\u00e3o se tem plena certeza se a primitiva igreja foi consagrada a Santa Catarina (conforme promessa-juramento dos portugueses que se formavam em Coimbra, caso fossem fundadores de igreja) ou se a Nossa Senhora da Vit\u00f3ria (segundo a tradi\u00e7\u00e3o dos reis de Portugal, desde a vit\u00f3ria de Aljubarrota, ao levantar a primeira capela aonde chegassem). Quando o Papa S\u00e3o Pio V instituiu a festa de Nossa Senhora da Vit\u00f3ria e ao mesmo tempo difundiu por toda a Igreja a ora\u00e7\u00e3o do Ros\u00e1rio em agradecimento \u00e0 vit\u00f3ria de L\u00e9panto no dia 7 de outubro de 1571, provavelmente o povo de Vila Velha passou a venerar Nossa Senhora da Vit\u00f3ria com o nome de Nossa Senhora do Ros\u00e1rio, prevalecendo este \u00faltimo nome j\u00e1 que se fundara nova cidade com o nome de Vit\u00f3ria. E com o nome de Nossa Senhora do Ros\u00e1rio, a igreja da Prainha chegou at\u00e9 os dias de hoje, sempre usada como ambiente de culto e recebendo o t\u00edtulo de par\u00f3quia j\u00e1 em meados do s\u00e9culo XVIII, sendo a mais antiga par\u00f3quia do Estado.<\/p>\n<hr \/>\n<p><em>Pascom Nossa Senhora do Ros\u00e1rio<\/em><\/p>\n","protected":false},"excerpt":{"rendered":"<p>Par\u00f3quia Nossa Senhora do Ros\u00e1rio<\/p>\n","protected":false},"author":3,"featured_media":239862,"comment_status":"open","ping_status":"open","sticky":false,"template":"","format":"standard","meta":[],"categories":[1],"tags":[1889],"acf":[],"yoast_head":"<!-- This site is optimized with the Yoast SEO plugin v19.2 - https:\/\/yoast.com\/wordpress\/plugins\/seo\/ -->\n<title>Vila Velha celebra Nossa Senhora do Ros\u00e1rio de 6 a 9 de outubro - Not\u00edcias - Franciscanos<\/title>\n<meta name=\"robots\" content=\"index, follow, max-snippet:-1, max-image-preview:large, max-video-preview:-1\" \/>\n<link rel=\"canonical\" href=\"https:\/\/franciscanos.org.br\/noticias\/vila-velha-celebra-nossa-senhora-do-rosario.html\" \/>\n<meta property=\"og:locale\" content=\"pt_BR\" \/>\n<meta property=\"og:type\" content=\"article\" \/>\n<meta property=\"og:title\" content=\"Vila Velha celebra Nossa Senhora do Ros\u00e1rio de 6 a 9 de outubro - Not\u00edcias - Franciscanos\" \/>\n<meta property=\"og:description\" content=\"Par\u00f3quia Nossa Senhora do Ros\u00e1rio\" \/>\n<meta property=\"og:url\" content=\"https:\/\/franciscanos.org.br\/noticias\/vila-velha-celebra-nossa-senhora-do-rosario.html\" \/>\n<meta property=\"og:site_name\" content=\"Not\u00edcias - Franciscanos\" \/>\n<meta property=\"article:published_time\" content=\"2022-09-30T15:22:52+00:00\" \/>\n<meta property=\"article:modified_time\" content=\"2022-09-30T15:23:51+00:00\" \/>\n<meta property=\"og:image\" content=\"https:\/\/franciscanos.org.br\/noticias\/wp-content\/uploads\/2022\/09\/rosario_30.jpg\" \/>\n\t<meta property=\"og:image:width\" content=\"1280\" \/>\n\t<meta property=\"og:image:height\" content=\"720\" \/>\n\t<meta property=\"og:image:type\" content=\"image\/jpeg\" \/>\n<meta name=\"author\" content=\"moacir\" \/>\n<meta name=\"twitter:card\" content=\"summary_large_image\" \/>\n<meta name=\"twitter:label1\" content=\"Escrito por\" \/>\n\t<meta name=\"twitter:data1\" content=\"moacir\" \/>\n\t<meta name=\"twitter:label2\" content=\"Est. tempo de leitura\" \/>\n\t<meta name=\"twitter:data2\" content=\"2 minutos\" \/>\n<script type=\"application\/ld+json\" class=\"yoast-schema-graph\">{\"@context\":\"https:\/\/schema.org\",\"@graph\":[{\"@type\":\"WebSite\",\"@id\":\"https:\/\/franciscanos.org.br\/noticias\/#website\",\"url\":\"https:\/\/franciscanos.org.br\/noticias\/\",\"name\":\"Not\u00edcias - Franciscanos\",\"description\":\"Prov\u00edncia Franciscana da Imaculada Concei\u00e7\u00e3o do Brasil - Ordem dos Frades Menores - OFM\",\"potentialAction\":[{\"@type\":\"SearchAction\",\"target\":{\"@type\":\"EntryPoint\",\"urlTemplate\":\"https:\/\/franciscanos.org.br\/noticias\/?s={search_term_string}\"},\"query-input\":\"required name=search_term_string\"}],\"inLanguage\":\"pt-BR\"},{\"@type\":\"ImageObject\",\"inLanguage\":\"pt-BR\",\"@id\":\"https:\/\/franciscanos.org.br\/noticias\/vila-velha-celebra-nossa-senhora-do-rosario.html#primaryimage\",\"url\":\"https:\/\/franciscanos.org.br\/noticias\/wp-content\/uploads\/2022\/09\/rosario_30.jpg\",\"contentUrl\":\"https:\/\/franciscanos.org.br\/noticias\/wp-content\/uploads\/2022\/09\/rosario_30.jpg\",\"width\":1280,\"height\":720},{\"@type\":\"WebPage\",\"@id\":\"https:\/\/franciscanos.org.br\/noticias\/vila-velha-celebra-nossa-senhora-do-rosario.html#webpage\",\"url\":\"https:\/\/franciscanos.org.br\/noticias\/vila-velha-celebra-nossa-senhora-do-rosario.html\",\"name\":\"Vila Velha celebra Nossa Senhora do Ros\u00e1rio de 6 a 9 de outubro - Not\u00edcias - Franciscanos\",\"isPartOf\":{\"@id\":\"https:\/\/franciscanos.org.br\/noticias\/#website\"},\"primaryImageOfPage\":{\"@id\":\"https:\/\/franciscanos.org.br\/noticias\/vila-velha-celebra-nossa-senhora-do-rosario.html#primaryimage\"},\"datePublished\":\"2022-09-30T15:22:52+00:00\",\"dateModified\":\"2022-09-30T15:23:51+00:00\",\"author\":{\"@id\":\"https:\/\/franciscanos.org.br\/noticias\/#\/schema\/person\/b5c8cba458c330ccff548b056e95a5d4\"},\"breadcrumb\":{\"@id\":\"https:\/\/franciscanos.org.br\/noticias\/vila-velha-celebra-nossa-senhora-do-rosario.html#breadcrumb\"},\"inLanguage\":\"pt-BR\",\"potentialAction\":[{\"@type\":\"ReadAction\",\"target\":[\"https:\/\/franciscanos.org.br\/noticias\/vila-velha-celebra-nossa-senhora-do-rosario.html\"]}]},{\"@type\":\"BreadcrumbList\",\"@id\":\"https:\/\/franciscanos.org.br\/noticias\/vila-velha-celebra-nossa-senhora-do-rosario.html#breadcrumb\",\"itemListElement\":[{\"@type\":\"ListItem\",\"position\":1,\"name\":\"Home\",\"item\":\"https:\/\/franciscanos.org.br\/noticias\"},{\"@type\":\"ListItem\",\"position\":2,\"name\":\"Vila Velha celebra Nossa Senhora do Ros\u00e1rio de 6 a 9 de outubro\"}]},{\"@type\":\"Person\",\"@id\":\"https:\/\/franciscanos.org.br\/noticias\/#\/schema\/person\/b5c8cba458c330ccff548b056e95a5d4\",\"name\":\"moacir\",\"image\":{\"@type\":\"ImageObject\",\"inLanguage\":\"pt-BR\",\"@id\":\"https:\/\/franciscanos.org.br\/noticias\/#\/schema\/person\/image\/\",\"url\":\"https:\/\/secure.gravatar.com\/avatar\/d08aa2ce4c8dd416d4479aa8536fcf64?s=96&d=mm&r=g\",\"contentUrl\":\"https:\/\/secure.gravatar.com\/avatar\/d08aa2ce4c8dd416d4479aa8536fcf64?s=96&d=mm&r=g\",\"caption\":\"moacir\"},\"url\":\"https:\/\/franciscanos.org.br\/noticias\/author\/moacir\"}]}<\/script>\n<!-- \/ Yoast SEO plugin. -->","yoast_head_json":{"title":"Vila Velha celebra Nossa Senhora do Ros\u00e1rio de 6 a 9 de outubro - Not\u00edcias - Franciscanos","robots":{"index":"index","follow":"follow","max-snippet":"max-snippet:-1","max-image-preview":"max-image-preview:large","max-video-preview":"max-video-preview:-1"},"canonical":"https:\/\/franciscanos.org.br\/noticias\/vila-velha-celebra-nossa-senhora-do-rosario.html","og_locale":"pt_BR","og_type":"article","og_title":"Vila Velha celebra Nossa Senhora do Ros\u00e1rio de 6 a 9 de outubro - Not\u00edcias - Franciscanos","og_description":"Par\u00f3quia Nossa Senhora do Ros\u00e1rio","og_url":"https:\/\/franciscanos.org.br\/noticias\/vila-velha-celebra-nossa-senhora-do-rosario.html","og_site_name":"Not\u00edcias - Franciscanos","article_published_time":"2022-09-30T15:22:52+00:00","article_modified_time":"2022-09-30T15:23:51+00:00","og_image":[{"width":1280,"height":720,"url":"https:\/\/franciscanos.org.br\/noticias\/wp-content\/uploads\/2022\/09\/rosario_30.jpg","type":"image\/jpeg"}],"author":"moacir","twitter_card":"summary_large_image","twitter_misc":{"Escrito por":"moacir","Est. tempo de leitura":"2 minutos"},"schema":{"@context":"https:\/\/schema.org","@graph":[{"@type":"WebSite","@id":"https:\/\/franciscanos.org.br\/noticias\/#website","url":"https:\/\/franciscanos.org.br\/noticias\/","name":"Not\u00edcias - Franciscanos","description":"Prov\u00edncia Franciscana da Imaculada Concei\u00e7\u00e3o do Brasil - Ordem dos Frades Menores - OFM","potentialAction":[{"@type":"SearchAction","target":{"@type":"EntryPoint","urlTemplate":"https:\/\/franciscanos.org.br\/noticias\/?s={search_term_string}"},"query-input":"required name=search_term_string"}],"inLanguage":"pt-BR"},{"@type":"ImageObject","inLanguage":"pt-BR","@id":"https:\/\/franciscanos.org.br\/noticias\/vila-velha-celebra-nossa-senhora-do-rosario.html#primaryimage","url":"https:\/\/franciscanos.org.br\/noticias\/wp-content\/uploads\/2022\/09\/rosario_30.jpg","contentUrl":"https:\/\/franciscanos.org.br\/noticias\/wp-content\/uploads\/2022\/09\/rosario_30.jpg","width":1280,"height":720},{"@type":"WebPage","@id":"https:\/\/franciscanos.org.br\/noticias\/vila-velha-celebra-nossa-senhora-do-rosario.html#webpage","url":"https:\/\/franciscanos.org.br\/noticias\/vila-velha-celebra-nossa-senhora-do-rosario.html","name":"Vila Velha celebra Nossa Senhora do Ros\u00e1rio de 6 a 9 de outubro - Not\u00edcias - Franciscanos","isPartOf":{"@id":"https:\/\/franciscanos.org.br\/noticias\/#website"},"primaryImageOfPage":{"@id":"https:\/\/franciscanos.org.br\/noticias\/vila-velha-celebra-nossa-senhora-do-rosario.html#primaryimage"},"datePublished":"2022-09-30T15:22:52+00:00","dateModified":"2022-09-30T15:23:51+00:00","author":{"@id":"https:\/\/franciscanos.org.br\/noticias\/#\/schema\/person\/b5c8cba458c330ccff548b056e95a5d4"},"breadcrumb":{"@id":"https:\/\/franciscanos.org.br\/noticias\/vila-velha-celebra-nossa-senhora-do-rosario.html#breadcrumb"},"inLanguage":"pt-BR","potentialAction":[{"@type":"ReadAction","target":["https:\/\/franciscanos.org.br\/noticias\/vila-velha-celebra-nossa-senhora-do-rosario.html"]}]},{"@type":"BreadcrumbList","@id":"https:\/\/franciscanos.org.br\/noticias\/vila-velha-celebra-nossa-senhora-do-rosario.html#breadcrumb","itemListElement":[{"@type":"ListItem","position":1,"name":"Home","item":"https:\/\/franciscanos.org.br\/noticias"},{"@type":"ListItem","position":2,"name":"Vila Velha celebra Nossa Senhora do Ros\u00e1rio de 6 a 9 de outubro"}]},{"@type":"Person","@id":"https:\/\/franciscanos.org.br\/noticias\/#\/schema\/person\/b5c8cba458c330ccff548b056e95a5d4","name":"moacir","image":{"@type":"ImageObject","inLanguage":"pt-BR","@id":"https:\/\/franciscanos.org.br\/noticias\/#\/schema\/person\/image\/","url":"https:\/\/secure.gravatar.com\/avatar\/d08aa2ce4c8dd416d4479aa8536fcf64?s=96&d=mm&r=g","contentUrl":"https:\/\/secure.gravatar.com\/avatar\/d08aa2ce4c8dd416d4479aa8536fcf64?s=96&d=mm&r=g","caption":"moacir"},"url":"https:\/\/franciscanos.org.br\/noticias\/author\/moacir"}]}},"_links":{"self":[{"href":"https:\/\/franciscanos.org.br\/noticias\/wp-json\/wp\/v2\/posts\/239860"}],"collection":[{"href":"https:\/\/franciscanos.org.br\/noticias\/wp-json\/wp\/v2\/posts"}],"about":[{"href":"https:\/\/franciscanos.org.br\/noticias\/wp-json\/wp\/v2\/types\/post"}],"author":[{"embeddable":true,"href":"https:\/\/franciscanos.org.br\/noticias\/wp-json\/wp\/v2\/users\/3"}],"replies":[{"embeddable":true,"href":"https:\/\/franciscanos.org.br\/noticias\/wp-json\/wp\/v2\/comments?post=239860"}],"version-history":[{"count":2,"href":"https:\/\/franciscanos.org.br\/noticias\/wp-json\/wp\/v2\/posts\/239860\/revisions"}],"predecessor-version":[{"id":239864,"href":"https:\/\/franciscanos.org.br\/noticias\/wp-json\/wp\/v2\/posts\/239860\/revisions\/239864"}],"wp:featuredmedia":[{"embeddable":true,"href":"https:\/\/franciscanos.org.br\/noticias\/wp-json\/wp\/v2\/media\/239862"}],"wp:attachment":[{"href":"https:\/\/franciscanos.org.br\/noticias\/wp-json\/wp\/v2\/media?parent=239860"}],"wp:term":[{"taxonomy":"category","embeddable":true,"href":"https:\/\/franciscanos.org.br\/noticias\/wp-json\/wp\/v2\/categories?post=239860"},{"taxonomy":"post_tag","embeddable":true,"href":"https:\/\/franciscanos.org.br\/noticias\/wp-json\/wp\/v2\/tags?post=239860"}],"curies":[{"name":"wp","href":"https:\/\/api.w.org\/{rel}","templated":true}]}}