{"id":239855,"date":"2022-09-28T08:30:12","date_gmt":"2022-09-28T11:30:12","guid":{"rendered":"https:\/\/franciscanos.org.br\/noticias\/?p=239855"},"modified":"2022-09-28T08:30:32","modified_gmt":"2022-09-28T11:30:32","slug":"para-celebrar-sao-francisco-de-assis-instituto-teologico-abre-exposicao-franciscana","status":"publish","type":"post","link":"https:\/\/franciscanos.org.br\/noticias\/para-celebrar-sao-francisco-de-assis-instituto-teologico-abre-exposicao-franciscana.html","title":{"rendered":"Para celebrar S\u00e3o Francisco de Assis, Instituto Teol\u00f3gico abre \u201cExposi\u00e7\u00e3o Franciscana\u201d"},"content":{"rendered":"<p><img loading=\"lazy\" class=\"alignnone wp-image-239856 size-full\" src=\"https:\/\/franciscanos.org.br\/noticias\/wp-content\/uploads\/2022\/09\/itf_281.jpg\" alt=\"\" width=\"1280\" height=\"720\" srcset=\"https:\/\/franciscanos.org.br\/noticias\/wp-content\/uploads\/2022\/09\/itf_281.jpg 1280w, https:\/\/franciscanos.org.br\/noticias\/wp-content\/uploads\/2022\/09\/itf_281-450x253.jpg 450w, https:\/\/franciscanos.org.br\/noticias\/wp-content\/uploads\/2022\/09\/itf_281-1024x576.jpg 1024w, https:\/\/franciscanos.org.br\/noticias\/wp-content\/uploads\/2022\/09\/itf_281-768x432.jpg 768w, https:\/\/franciscanos.org.br\/noticias\/wp-content\/uploads\/2022\/09\/itf_281-150x84.jpg 150w\" sizes=\"(max-width: 1280px) 100vw, 1280px\" \/><\/p>\n<p><strong>Petr\u00f3polis (RJ) &#8211;<\/strong> A biblioteca do Instituto Teol\u00f3gico Franciscano (ITF), que leva o nome do franciscano Frei Constantino Koser, \u00e9 conhecida nacionalmente e internacionalmente pelo seu acervo e riqueza nas cole\u00e7\u00f5es de livros e revistas que somam mais de 120 mil exemplares. Nestes \u00faltimos dias, foi enriquecida com um elemento a mais: A \u201cExposi\u00e7\u00e3o Franciscana\u201d. Em meio a milhares de informa\u00e7\u00f5es, pode-se agora tamb\u00e9m apreciar dezenas de representa\u00e7\u00f5es de S\u00e3o Francisco de Assis. S\u00e3o pinturas e esculturas de diversos artistas.<\/p>\n<p>Frei Sandro Roberto da Costa, atualmente \u00e9 o diretor e professor de hist\u00f3ria da Igreja do ITF. Ele explica que as obras de arte t\u00eam sempre o objetivo de mexer com sentimentos e com a imagina\u00e7\u00e3o. \u201cEsse tamb\u00e9m \u00e9 o papel da literatura e dos livros, que nos permitem viajar, exercitar a criatividade e a sensibilidade. A biblioteca \u00e9 o santu\u00e1rio da imagina\u00e7\u00e3o, da cria\u00e7\u00e3o, da express\u00e3o do cora\u00e7\u00e3o. Isso se aplica ainda mais \u00e0 biblioteca do ITF, com um dos maiores acervos na \u00e1rea de franciscanismo no Brasil. Nesse sentido, as representa\u00e7\u00f5es das imagens s\u00e3o fruto da imagina\u00e7\u00e3o de cada artista, que, atrav\u00e9s daquela escultura ou pintura, com os mais diversos materiais, externou ao p\u00fablico o seu modo de conceber, de entender o \u201c<em>Poverello<\/em> de Assis\u201d: desde os mais comuns, com passarinhos, com animais, com flores e plantas, de bra\u00e7os abertos, rezando, louvando a Deus, e at\u00e9 dormindo\u201d, destacou.<\/p>\n<p>Marisa Cardoso Vianna trabalha no ITF h\u00e1 9 anos e atua diretamente na biblioteca. Sabe de cor as prateleiras dos milhares de livros e \u00e9 tamb\u00e9m uma das organizadoras da exposi\u00e7\u00e3o. Ressalta que a mostra foi montada a partir de pe\u00e7as de sua cole\u00e7\u00e3o particular, como de obras de Frei Sandro e de Frei Ludovico Garmus, al\u00e9m de estatuetas do pr\u00f3prio ITF. Segundo ela, o foco \u00e9 puramente franciscano, mas tamb\u00e9m quer dar a largada para as comemora\u00e7\u00f5es dos 800 anos da Regra da Ordem Franciscana, evento que ser\u00e1 celebrado em 2023.<\/p>\n<p><img loading=\"lazy\" class=\"alignnone size-full wp-image-239857\" src=\"https:\/\/franciscanos.org.br\/noticias\/wp-content\/uploads\/2022\/09\/itf_2802.jpg\" alt=\"\" width=\"1280\" height=\"480\" srcset=\"https:\/\/franciscanos.org.br\/noticias\/wp-content\/uploads\/2022\/09\/itf_2802.jpg 1280w, https:\/\/franciscanos.org.br\/noticias\/wp-content\/uploads\/2022\/09\/itf_2802-450x169.jpg 450w, https:\/\/franciscanos.org.br\/noticias\/wp-content\/uploads\/2022\/09\/itf_2802-1024x384.jpg 1024w, https:\/\/franciscanos.org.br\/noticias\/wp-content\/uploads\/2022\/09\/itf_2802-768x288.jpg 768w, https:\/\/franciscanos.org.br\/noticias\/wp-content\/uploads\/2022\/09\/itf_2802-150x56.jpg 150w\" sizes=\"(max-width: 1280px) 100vw, 1280px\" \/><\/p>\n<p>A exposi\u00e7\u00e3o \u00e9 composta de v\u00e1rias esculturas, de diversos tamanhos, e algumas pinturas. Dentre as esculturas, a maioria prov\u00e9m de artistas populares, de v\u00e1rios estados do Brasil e da Am\u00e9rica Latina. \u201cTemos obras tamb\u00e9m de Angola e algumas de Assis, It\u00e1lia\u201d, afirma Frei Sandro. Os materiais variam, desde argila, gesso, estopa, fibra de bananeira, resina, papel de cigarro, durepox, dentre outros. Quanto aos quadros, destaca-se uma pintura do artista franciscano Frei Benedito Geraldo Gomes Gon\u00e7alves, mais conhecido como Frei Dito, que apresenta um expressivo e famoso S\u00e3o Francisco das Chagas.<\/p>\n<p>\u201cConvidamos a todos que venham n\u00e3o s\u00f3 apreciar esteticamente esta exposi\u00e7\u00e3o, mas tamb\u00e9m possam experimentar e se deixar tocar pela irradia\u00e7\u00e3o da espiritualidade franciscana, que tais imagens e quadros podem evocar. Francisco era um artista que se expressava atrav\u00e9s da m\u00fasica, dos gestos, da poesia, como vemos com o C\u00e2ntico das Criaturas (<em>Laudato Si\u2019 mi Signore<\/em>). Ele nos ensina a import\u00e2ncia do belo, da est\u00e9tica, da arte, como uma das formas de express\u00e3o do transcendente, ao mesmo tempo em que \u00e9 tamb\u00e9m um meio de nos aproximarmos da grandeza de Deus\u201d, revela Frei Sandro.<\/p>\n<p><img loading=\"lazy\" class=\"alignnone size-full wp-image-239858\" src=\"https:\/\/franciscanos.org.br\/noticias\/wp-content\/uploads\/2022\/09\/itf_2803.jpg\" alt=\"\" width=\"1280\" height=\"853\" srcset=\"https:\/\/franciscanos.org.br\/noticias\/wp-content\/uploads\/2022\/09\/itf_2803.jpg 1280w, https:\/\/franciscanos.org.br\/noticias\/wp-content\/uploads\/2022\/09\/itf_2803-450x300.jpg 450w, https:\/\/franciscanos.org.br\/noticias\/wp-content\/uploads\/2022\/09\/itf_2803-1024x682.jpg 1024w, https:\/\/franciscanos.org.br\/noticias\/wp-content\/uploads\/2022\/09\/itf_2803-768x512.jpg 768w, https:\/\/franciscanos.org.br\/noticias\/wp-content\/uploads\/2022\/09\/itf_2803-150x100.jpg 150w\" sizes=\"(max-width: 1280px) 100vw, 1280px\" \/><\/p>\n<p>A \u201cExposi\u00e7\u00e3o Franciscana\u201d surgiu como parte de uma s\u00e9rie de eventos relacionados \u00e0 prepara\u00e7\u00e3o para a festa de S\u00e3o Francisco, que ser\u00e1 celebrada por toda Fam\u00edlia Franciscana no pr\u00f3ximo dia 4 de outubro. Al\u00e9m da exposi\u00e7\u00e3o, o Instituto Teol\u00f3gico Franciscano programou a Semana Franciscana, de 26 a 30 de setembro, com uma s\u00e9rie de <em>lives<\/em> gratuitas, com mestres do franciscanismo. E, no \u00faltimo final de semana, realizou-se o Retiro Franciscano, contando com a participa\u00e7\u00e3o de mais de 60 pessoas.<\/p>\n<p>A exposi\u00e7\u00e3o foi oficialmente inaugurada no dia 25 de setembro e estar\u00e1 aberta ao p\u00fablico at\u00e9 o dia 7 de outubro. O hor\u00e1rio de funcionamento \u00e9 de segunda a sexta-feira, das 7h at\u00e9 \u00e0s 17h. Al\u00e9m de visitar a exposi\u00e7\u00e3o, o p\u00fablico poder\u00e1 conhecer a hist\u00f3rica biblioteca do Instituto de Teologia dos frades franciscanos que se destaca pela sua qualidade de conte\u00fado, quantidade de informa\u00e7\u00f5es e pela conserva\u00e7\u00e3o do acervo.<\/p>\n<hr \/>\n<p><em>Frei Augusto Luiz Gabriel<\/em><\/p>\n","protected":false},"excerpt":{"rendered":"<p>Instituto Teol\u00f3gico Franciscano<\/p>\n","protected":false},"author":3,"featured_media":239856,"comment_status":"open","ping_status":"open","sticky":false,"template":"","format":"standard","meta":[],"categories":[1],"tags":[189],"acf":[],"yoast_head":"<!-- This site is optimized with the Yoast SEO plugin v19.2 - https:\/\/yoast.com\/wordpress\/plugins\/seo\/ -->\n<title>Para celebrar S\u00e3o Francisco de Assis, Instituto Teol\u00f3gico abre \u201cExposi\u00e7\u00e3o Franciscana\u201d - Not\u00edcias - Franciscanos<\/title>\n<meta name=\"robots\" content=\"index, follow, max-snippet:-1, max-image-preview:large, max-video-preview:-1\" \/>\n<link rel=\"canonical\" href=\"https:\/\/franciscanos.org.br\/noticias\/para-celebrar-sao-francisco-de-assis-instituto-teologico-abre-exposicao-franciscana.html\" \/>\n<meta property=\"og:locale\" content=\"pt_BR\" \/>\n<meta property=\"og:type\" content=\"article\" \/>\n<meta property=\"og:title\" content=\"Para celebrar S\u00e3o Francisco de Assis, Instituto Teol\u00f3gico abre \u201cExposi\u00e7\u00e3o Franciscana\u201d - Not\u00edcias - Franciscanos\" \/>\n<meta property=\"og:description\" content=\"Instituto Teol\u00f3gico Franciscano\" \/>\n<meta property=\"og:url\" content=\"https:\/\/franciscanos.org.br\/noticias\/para-celebrar-sao-francisco-de-assis-instituto-teologico-abre-exposicao-franciscana.html\" \/>\n<meta property=\"og:site_name\" content=\"Not\u00edcias - Franciscanos\" \/>\n<meta property=\"article:published_time\" content=\"2022-09-28T11:30:12+00:00\" \/>\n<meta property=\"article:modified_time\" content=\"2022-09-28T11:30:32+00:00\" \/>\n<meta property=\"og:image\" content=\"https:\/\/franciscanos.org.br\/noticias\/wp-content\/uploads\/2022\/09\/itf_281.jpg\" \/>\n\t<meta property=\"og:image:width\" content=\"1280\" \/>\n\t<meta property=\"og:image:height\" content=\"720\" \/>\n\t<meta property=\"og:image:type\" content=\"image\/jpeg\" \/>\n<meta name=\"author\" content=\"moacir\" \/>\n<meta name=\"twitter:card\" content=\"summary_large_image\" \/>\n<meta name=\"twitter:label1\" content=\"Escrito por\" \/>\n\t<meta name=\"twitter:data1\" content=\"moacir\" \/>\n\t<meta name=\"twitter:label2\" content=\"Est. tempo de leitura\" \/>\n\t<meta name=\"twitter:data2\" content=\"4 minutos\" \/>\n<script type=\"application\/ld+json\" class=\"yoast-schema-graph\">{\"@context\":\"https:\/\/schema.org\",\"@graph\":[{\"@type\":\"WebSite\",\"@id\":\"https:\/\/franciscanos.org.br\/noticias\/#website\",\"url\":\"https:\/\/franciscanos.org.br\/noticias\/\",\"name\":\"Not\u00edcias - Franciscanos\",\"description\":\"Prov\u00edncia Franciscana da Imaculada Concei\u00e7\u00e3o do Brasil - Ordem dos Frades Menores - OFM\",\"potentialAction\":[{\"@type\":\"SearchAction\",\"target\":{\"@type\":\"EntryPoint\",\"urlTemplate\":\"https:\/\/franciscanos.org.br\/noticias\/?s={search_term_string}\"},\"query-input\":\"required name=search_term_string\"}],\"inLanguage\":\"pt-BR\"},{\"@type\":\"ImageObject\",\"inLanguage\":\"pt-BR\",\"@id\":\"https:\/\/franciscanos.org.br\/noticias\/para-celebrar-sao-francisco-de-assis-instituto-teologico-abre-exposicao-franciscana.html#primaryimage\",\"url\":\"https:\/\/franciscanos.org.br\/noticias\/wp-content\/uploads\/2022\/09\/itf_281.jpg\",\"contentUrl\":\"https:\/\/franciscanos.org.br\/noticias\/wp-content\/uploads\/2022\/09\/itf_281.jpg\",\"width\":1280,\"height\":720},{\"@type\":\"WebPage\",\"@id\":\"https:\/\/franciscanos.org.br\/noticias\/para-celebrar-sao-francisco-de-assis-instituto-teologico-abre-exposicao-franciscana.html#webpage\",\"url\":\"https:\/\/franciscanos.org.br\/noticias\/para-celebrar-sao-francisco-de-assis-instituto-teologico-abre-exposicao-franciscana.html\",\"name\":\"Para celebrar S\u00e3o Francisco de Assis, Instituto Teol\u00f3gico abre \u201cExposi\u00e7\u00e3o Franciscana\u201d - Not\u00edcias - Franciscanos\",\"isPartOf\":{\"@id\":\"https:\/\/franciscanos.org.br\/noticias\/#website\"},\"primaryImageOfPage\":{\"@id\":\"https:\/\/franciscanos.org.br\/noticias\/para-celebrar-sao-francisco-de-assis-instituto-teologico-abre-exposicao-franciscana.html#primaryimage\"},\"datePublished\":\"2022-09-28T11:30:12+00:00\",\"dateModified\":\"2022-09-28T11:30:32+00:00\",\"author\":{\"@id\":\"https:\/\/franciscanos.org.br\/noticias\/#\/schema\/person\/b5c8cba458c330ccff548b056e95a5d4\"},\"breadcrumb\":{\"@id\":\"https:\/\/franciscanos.org.br\/noticias\/para-celebrar-sao-francisco-de-assis-instituto-teologico-abre-exposicao-franciscana.html#breadcrumb\"},\"inLanguage\":\"pt-BR\",\"potentialAction\":[{\"@type\":\"ReadAction\",\"target\":[\"https:\/\/franciscanos.org.br\/noticias\/para-celebrar-sao-francisco-de-assis-instituto-teologico-abre-exposicao-franciscana.html\"]}]},{\"@type\":\"BreadcrumbList\",\"@id\":\"https:\/\/franciscanos.org.br\/noticias\/para-celebrar-sao-francisco-de-assis-instituto-teologico-abre-exposicao-franciscana.html#breadcrumb\",\"itemListElement\":[{\"@type\":\"ListItem\",\"position\":1,\"name\":\"Home\",\"item\":\"https:\/\/franciscanos.org.br\/noticias\"},{\"@type\":\"ListItem\",\"position\":2,\"name\":\"Para celebrar S\u00e3o Francisco de Assis, Instituto Teol\u00f3gico abre \u201cExposi\u00e7\u00e3o Franciscana\u201d\"}]},{\"@type\":\"Person\",\"@id\":\"https:\/\/franciscanos.org.br\/noticias\/#\/schema\/person\/b5c8cba458c330ccff548b056e95a5d4\",\"name\":\"moacir\",\"image\":{\"@type\":\"ImageObject\",\"inLanguage\":\"pt-BR\",\"@id\":\"https:\/\/franciscanos.org.br\/noticias\/#\/schema\/person\/image\/\",\"url\":\"https:\/\/secure.gravatar.com\/avatar\/d08aa2ce4c8dd416d4479aa8536fcf64?s=96&d=mm&r=g\",\"contentUrl\":\"https:\/\/secure.gravatar.com\/avatar\/d08aa2ce4c8dd416d4479aa8536fcf64?s=96&d=mm&r=g\",\"caption\":\"moacir\"},\"url\":\"https:\/\/franciscanos.org.br\/noticias\/author\/moacir\"}]}<\/script>\n<!-- \/ Yoast SEO plugin. -->","yoast_head_json":{"title":"Para celebrar S\u00e3o Francisco de Assis, Instituto Teol\u00f3gico abre \u201cExposi\u00e7\u00e3o Franciscana\u201d - Not\u00edcias - Franciscanos","robots":{"index":"index","follow":"follow","max-snippet":"max-snippet:-1","max-image-preview":"max-image-preview:large","max-video-preview":"max-video-preview:-1"},"canonical":"https:\/\/franciscanos.org.br\/noticias\/para-celebrar-sao-francisco-de-assis-instituto-teologico-abre-exposicao-franciscana.html","og_locale":"pt_BR","og_type":"article","og_title":"Para celebrar S\u00e3o Francisco de Assis, Instituto Teol\u00f3gico abre \u201cExposi\u00e7\u00e3o Franciscana\u201d - Not\u00edcias - Franciscanos","og_description":"Instituto Teol\u00f3gico Franciscano","og_url":"https:\/\/franciscanos.org.br\/noticias\/para-celebrar-sao-francisco-de-assis-instituto-teologico-abre-exposicao-franciscana.html","og_site_name":"Not\u00edcias - Franciscanos","article_published_time":"2022-09-28T11:30:12+00:00","article_modified_time":"2022-09-28T11:30:32+00:00","og_image":[{"width":1280,"height":720,"url":"https:\/\/franciscanos.org.br\/noticias\/wp-content\/uploads\/2022\/09\/itf_281.jpg","type":"image\/jpeg"}],"author":"moacir","twitter_card":"summary_large_image","twitter_misc":{"Escrito por":"moacir","Est. tempo de leitura":"4 minutos"},"schema":{"@context":"https:\/\/schema.org","@graph":[{"@type":"WebSite","@id":"https:\/\/franciscanos.org.br\/noticias\/#website","url":"https:\/\/franciscanos.org.br\/noticias\/","name":"Not\u00edcias - Franciscanos","description":"Prov\u00edncia Franciscana da Imaculada Concei\u00e7\u00e3o do Brasil - Ordem dos Frades Menores - OFM","potentialAction":[{"@type":"SearchAction","target":{"@type":"EntryPoint","urlTemplate":"https:\/\/franciscanos.org.br\/noticias\/?s={search_term_string}"},"query-input":"required name=search_term_string"}],"inLanguage":"pt-BR"},{"@type":"ImageObject","inLanguage":"pt-BR","@id":"https:\/\/franciscanos.org.br\/noticias\/para-celebrar-sao-francisco-de-assis-instituto-teologico-abre-exposicao-franciscana.html#primaryimage","url":"https:\/\/franciscanos.org.br\/noticias\/wp-content\/uploads\/2022\/09\/itf_281.jpg","contentUrl":"https:\/\/franciscanos.org.br\/noticias\/wp-content\/uploads\/2022\/09\/itf_281.jpg","width":1280,"height":720},{"@type":"WebPage","@id":"https:\/\/franciscanos.org.br\/noticias\/para-celebrar-sao-francisco-de-assis-instituto-teologico-abre-exposicao-franciscana.html#webpage","url":"https:\/\/franciscanos.org.br\/noticias\/para-celebrar-sao-francisco-de-assis-instituto-teologico-abre-exposicao-franciscana.html","name":"Para celebrar S\u00e3o Francisco de Assis, Instituto Teol\u00f3gico abre \u201cExposi\u00e7\u00e3o Franciscana\u201d - Not\u00edcias - Franciscanos","isPartOf":{"@id":"https:\/\/franciscanos.org.br\/noticias\/#website"},"primaryImageOfPage":{"@id":"https:\/\/franciscanos.org.br\/noticias\/para-celebrar-sao-francisco-de-assis-instituto-teologico-abre-exposicao-franciscana.html#primaryimage"},"datePublished":"2022-09-28T11:30:12+00:00","dateModified":"2022-09-28T11:30:32+00:00","author":{"@id":"https:\/\/franciscanos.org.br\/noticias\/#\/schema\/person\/b5c8cba458c330ccff548b056e95a5d4"},"breadcrumb":{"@id":"https:\/\/franciscanos.org.br\/noticias\/para-celebrar-sao-francisco-de-assis-instituto-teologico-abre-exposicao-franciscana.html#breadcrumb"},"inLanguage":"pt-BR","potentialAction":[{"@type":"ReadAction","target":["https:\/\/franciscanos.org.br\/noticias\/para-celebrar-sao-francisco-de-assis-instituto-teologico-abre-exposicao-franciscana.html"]}]},{"@type":"BreadcrumbList","@id":"https:\/\/franciscanos.org.br\/noticias\/para-celebrar-sao-francisco-de-assis-instituto-teologico-abre-exposicao-franciscana.html#breadcrumb","itemListElement":[{"@type":"ListItem","position":1,"name":"Home","item":"https:\/\/franciscanos.org.br\/noticias"},{"@type":"ListItem","position":2,"name":"Para celebrar S\u00e3o Francisco de Assis, Instituto Teol\u00f3gico abre \u201cExposi\u00e7\u00e3o Franciscana\u201d"}]},{"@type":"Person","@id":"https:\/\/franciscanos.org.br\/noticias\/#\/schema\/person\/b5c8cba458c330ccff548b056e95a5d4","name":"moacir","image":{"@type":"ImageObject","inLanguage":"pt-BR","@id":"https:\/\/franciscanos.org.br\/noticias\/#\/schema\/person\/image\/","url":"https:\/\/secure.gravatar.com\/avatar\/d08aa2ce4c8dd416d4479aa8536fcf64?s=96&d=mm&r=g","contentUrl":"https:\/\/secure.gravatar.com\/avatar\/d08aa2ce4c8dd416d4479aa8536fcf64?s=96&d=mm&r=g","caption":"moacir"},"url":"https:\/\/franciscanos.org.br\/noticias\/author\/moacir"}]}},"_links":{"self":[{"href":"https:\/\/franciscanos.org.br\/noticias\/wp-json\/wp\/v2\/posts\/239855"}],"collection":[{"href":"https:\/\/franciscanos.org.br\/noticias\/wp-json\/wp\/v2\/posts"}],"about":[{"href":"https:\/\/franciscanos.org.br\/noticias\/wp-json\/wp\/v2\/types\/post"}],"author":[{"embeddable":true,"href":"https:\/\/franciscanos.org.br\/noticias\/wp-json\/wp\/v2\/users\/3"}],"replies":[{"embeddable":true,"href":"https:\/\/franciscanos.org.br\/noticias\/wp-json\/wp\/v2\/comments?post=239855"}],"version-history":[{"count":1,"href":"https:\/\/franciscanos.org.br\/noticias\/wp-json\/wp\/v2\/posts\/239855\/revisions"}],"predecessor-version":[{"id":239859,"href":"https:\/\/franciscanos.org.br\/noticias\/wp-json\/wp\/v2\/posts\/239855\/revisions\/239859"}],"wp:featuredmedia":[{"embeddable":true,"href":"https:\/\/franciscanos.org.br\/noticias\/wp-json\/wp\/v2\/media\/239856"}],"wp:attachment":[{"href":"https:\/\/franciscanos.org.br\/noticias\/wp-json\/wp\/v2\/media?parent=239855"}],"wp:term":[{"taxonomy":"category","embeddable":true,"href":"https:\/\/franciscanos.org.br\/noticias\/wp-json\/wp\/v2\/categories?post=239855"},{"taxonomy":"post_tag","embeddable":true,"href":"https:\/\/franciscanos.org.br\/noticias\/wp-json\/wp\/v2\/tags?post=239855"}],"curies":[{"name":"wp","href":"https:\/\/api.w.org\/{rel}","templated":true}]}}