{"id":239849,"date":"2022-09-28T07:03:05","date_gmt":"2022-09-28T10:03:05","guid":{"rendered":"https:\/\/franciscanos.org.br\/noticias\/?p=239849"},"modified":"2022-09-28T07:05:04","modified_gmt":"2022-09-28T10:05:04","slug":"audienciasetembro","status":"publish","type":"post","link":"https:\/\/franciscanos.org.br\/noticias\/audienciasetembro.html","title":{"rendered":"Papa: ter intimidade com Jesus. Falar com Ele como a um amigo."},"content":{"rendered":"<div id=\"attachment_239850\" style=\"width: 1510px\" class=\"wp-caption alignnone\"><img aria-describedby=\"caption-attachment-239850\" loading=\"lazy\" class=\"wp-image-239850 size-full\" src=\"https:\/\/franciscanos.org.br\/noticias\/wp-content\/uploads\/2022\/09\/audiencia_28.jpeg\" alt=\"\" width=\"1500\" height=\"844\" srcset=\"https:\/\/franciscanos.org.br\/noticias\/wp-content\/uploads\/2022\/09\/audiencia_28.jpeg 1500w, https:\/\/franciscanos.org.br\/noticias\/wp-content\/uploads\/2022\/09\/audiencia_28-450x253.jpeg 450w, https:\/\/franciscanos.org.br\/noticias\/wp-content\/uploads\/2022\/09\/audiencia_28-1024x576.jpeg 1024w, https:\/\/franciscanos.org.br\/noticias\/wp-content\/uploads\/2022\/09\/audiencia_28-768x432.jpeg 768w, https:\/\/franciscanos.org.br\/noticias\/wp-content\/uploads\/2022\/09\/audiencia_28-150x84.jpeg 150w\" sizes=\"(max-width: 1500px) 100vw, 1500px\" \/><p id=\"caption-attachment-239850\" class=\"wp-caption-text\"><em>\u00a0 \u00a0 \u00a0 \u00a0 \u00a0 \u00a0 \u00a0 \u00a0 \u00a0 \u00a0 \u00a0 \u00a0 \u00a0 \u00a0 \u00a0 \u00a0 \u00a0 \u00a0 \u00a0 \u00a0 \u00a0 \u00a0 \u00a0 \u00a0 \u00a0 \u00a0 \u00a0 \u00a0 \u00a0 \u00a0 \u00a0 \u00a0 \u00a0 \u00a0 \u00a0 \u00a0 \u00a0 \u00a0 \u00a0 \u00a0 \u00a0 \u00a0 \u00a0 \u00a0 \u00a0 \u00a0 \u00a0 \u00a0 \u00a0 \u00a0 \u00a0 \u00a0 \u00a0 \u00a0 \u00a0 \u00a0 \u00a0 \u00a0 \u00a0 \u00a0 \u00a0 \u00a0 \u00a0 \u00a0 \u00a0 \u00a0 \u00a0 \u00a0 \u00a0 \u00a0 \u00a0 \u00a0 \u00a0 \u00a0 \u00a0 \u00a0 \u00a0 \u00a0 \u00a0 \u00a0 \u00a0 \u00a0 \u00a0 \u00a0 \u00a0 \u00a0 \u00a0 \u00a0 \u00a0 \u00a0 \u00a0 \u00a0 \u00a0 \u00a0 \u00a0 \u00a0 \u00a0 \u00a0 \u00a0 \u00a0 \u00a0 Imagem: Vatican Media<\/em><\/p><\/div>\n<p>&#8220;Os elementos do discernimento. A familiaridade com o Senhor&#8221; foi o tema da catequese do Papa Francisco na Audi\u00eancia Geral, desta quarta-feira (28\/09), realizada na Pra\u00e7a S\u00e3o Pedro.<\/p>\n<p>Prosseguindo as catequeses sobre o discernimento, o Santo Padre se deteve no primeiro de seus elementos constitutivos: a ora\u00e7\u00e3o.<\/p>\n<p>A ora\u00e7\u00e3o \u00e9 uma ajuda indispens\u00e1vel para o discernimento espiritual, sobretudo quando envolve os afetos, permitindo dirigir-nos a Deus com simplicidade e familiaridade, como se fala com um amigo. \u00c9 saber ir al\u00e9m dos pensamentos, entrar em intimidade com o Senhor, com uma espontaneidade afetuosa. O segredo da vida dos santos \u00e9 a familiaridade e a confian\u00e7a em Deus, que cresce neles e torna cada vez mais f\u00e1cil reconhecer o que lhe agrada. A ora\u00e7\u00e3o verdadeira \u00e9 familiaridade e confid\u00eancia com Deus. N\u00e3o \u00e9 recitar uma ora\u00e7\u00e3o como um papagaio, bl\u00e1 bl\u00e1, n\u00e3o. A verdadeira ora\u00e7\u00e3o \u00e9 essa espontaneidade e afeto ao Senhor. Esta familiaridade supera o medo ou a d\u00favida de que a sua vontade n\u00e3o \u00e9 para o nosso bem, uma tenta\u00e7\u00e3o que \u00e0s vezes atravessa os nossos pensamentos, tornando o cora\u00e7\u00e3o inquieto e incerto ou amargo tamb\u00e9m.<\/p>\n<p>O Papa disse ainda que &#8220;o sinal de um encontro com o Senhor \u00e9 a alegria&#8221;. Quando eu tenho uma ora\u00e7\u00e3o, [&#8230;] encontro o Senhor e me torno alegre. Cada um de n\u00f3s se torna alegre, uma coisa linda. Por outro lado, a tristeza ou o medo s\u00e3o sinais de dist\u00e2ncia de Deus: \u00abSe quiseres entrar na vida, observa os mandamentos\u00bb, diz Jesus ao jovem rico.<\/p>\n<p>Esse jovem era &#8220;tinha tomado a iniciativa de se encontrar com Jesus, mas vivia tamb\u00e9m muito dividido nos afetos; para ele as riquezas eram demasiado importantes. Jesus n\u00e3o o obriga a decidir, mas o texto observa que o jovem se afasta de Jesus \u00abtriste\u00bb. Quem se afasta do Senhor nunca se sente satisfeito, mesmo que tenha \u00e0 sua disposi\u00e7\u00e3o uma grande abund\u00e2ncia de bens e possibilidades&#8221;.<\/p>\n<p>&#8220;Discernir n\u00e3o \u00e9 f\u00e1cil, porque as apar\u00eancias enganam, mas a familiaridade com Deus pode dissipar delicadamente d\u00favidas e medos, tornando a nossa vida cada vez mais receptiva \u00e0 sua \u00abluz suave\u00bb, de acordo com a bonita express\u00e3o do Beato John Henry Newman&#8221;, sublinhou Francisco.<\/p>\n<p>O Papa frisou que &#8220;os santos brilham com luz refletida, mostrando nos gestos simples do seu dia a presen\u00e7a amorosa de Deus, que torna poss\u00edvel o imposs\u00edvel. Diz-se que dois c\u00f4njuges que viveram juntos durante muito tempo, amando-se, acabam por se assemelhar um ao outro&#8221;.<\/p>\n<p>Algo an\u00e1logo pode-se dizer da ora\u00e7\u00e3o afetiva: de modo gradual, mas eficaz, torna-nos cada vez mais capazes de reconhecer o que conta por conaturalidade, como algo que brota das profundezas do nosso ser. Estar em ora\u00e7\u00e3o n\u00e3o significa dizer palavras, palavras, n\u00e3o: estar em ora\u00e7\u00e3o, abrir o cora\u00e7\u00e3o a Jesus, aproximar-se de Jesus, deixar Jesus entre no meu cora\u00e7\u00e3o e me fa\u00e7a sentir sua presen\u00e7a. E ali podemos discernir quando \u00e9 Jesus e quando estamos com nossos pensamentos, muitas vezes longe do que Jesus quer.<\/p>\n<p>Francisco convidou a pedir a gra\u00e7a de &#8220;viver uma rela\u00e7\u00e3o de amizade com o Senhor, como um amigo fala com um amigo&#8221;, e contou um caso sobre &#8220;um irm\u00e3o religioso idoso que era porteiro de um col\u00e9gio e sempre que podia se aproximava da capela, olhava para o altar e dizia: &#8216;Oi&#8217;, porque tinha proximidade a Jesus. &#8216;Oi, estou perto de voc\u00ea e voc\u00ea est\u00e1 perto de mim&#8217;.&#8221; Segundo o Papa, &#8220;esta \u00e9 a rela\u00e7\u00e3o que devemos ter na ora\u00e7\u00e3o: proximidade, proximidade afetiva, como irm\u00e3os, proximidade a Jesus. Um sorriso, um gesto simples e n\u00e3o dizer palavras que n\u00e3o chegam ao cora\u00e7\u00e3o. Falar com Jesus como um amigo fala com outro amigo&#8221;.<\/p>\n<p>\u00c9 uma gra\u00e7a que devemos pedir uns para os outros: ver Jesus como o nosso maior e fiel Amigo, que n\u00e3o chantageia, sobretudo que nunca nos abandona, nem sequer quando nos afastamos d&#8217;Ele. Ele permanece na porta do cora\u00e7\u00e3o. Ele permanece em sil\u00eancio, permanece ao alcance do cora\u00e7\u00e3o porque Ele \u00e9 sempre fiel. Vamos em frente com esta ora\u00e7\u00e3o. Digamos a ora\u00e7\u00e3o do &#8220;oi&#8221;, a ora\u00e7\u00e3o para cumprimentar o Senhor com o cora\u00e7\u00e3o, a ora\u00e7\u00e3o de afeto, a ora\u00e7\u00e3o da proximidade, com poucas palavras, mas com gestos e com boas obras.<\/p>\n<hr \/>\n<p><em>Fonte: Vatican News (texto de Mariangela Jaguraba)<\/em><\/p>\n","protected":false},"excerpt":{"rendered":"<p>Audi\u00eancia Geral<\/p>\n","protected":false},"author":3,"featured_media":239850,"comment_status":"open","ping_status":"open","sticky":false,"template":"","format":"standard","meta":[],"categories":[1428],"tags":[487],"acf":[],"yoast_head":"<!-- This site is optimized with the Yoast SEO plugin v19.2 - https:\/\/yoast.com\/wordpress\/plugins\/seo\/ -->\n<title>Papa: ter intimidade com Jesus. Falar com Ele como a um amigo. - Not\u00edcias - Franciscanos<\/title>\n<meta name=\"robots\" content=\"index, follow, max-snippet:-1, max-image-preview:large, max-video-preview:-1\" \/>\n<link rel=\"canonical\" href=\"https:\/\/franciscanos.org.br\/noticias\/audienciasetembro.html\" \/>\n<meta property=\"og:locale\" content=\"pt_BR\" \/>\n<meta property=\"og:type\" content=\"article\" \/>\n<meta property=\"og:title\" content=\"Papa: ter intimidade com Jesus. Falar com Ele como a um amigo. - Not\u00edcias - Franciscanos\" \/>\n<meta property=\"og:description\" content=\"Audi\u00eancia Geral\" \/>\n<meta property=\"og:url\" content=\"https:\/\/franciscanos.org.br\/noticias\/audienciasetembro.html\" \/>\n<meta property=\"og:site_name\" content=\"Not\u00edcias - Franciscanos\" \/>\n<meta property=\"article:published_time\" content=\"2022-09-28T10:03:05+00:00\" \/>\n<meta property=\"article:modified_time\" content=\"2022-09-28T10:05:04+00:00\" \/>\n<meta property=\"og:image\" content=\"https:\/\/franciscanos.org.br\/noticias\/wp-content\/uploads\/2022\/09\/audiencia_28.jpeg\" \/>\n\t<meta property=\"og:image:width\" content=\"1500\" \/>\n\t<meta property=\"og:image:height\" content=\"844\" \/>\n\t<meta property=\"og:image:type\" content=\"image\/jpeg\" \/>\n<meta name=\"author\" content=\"moacir\" \/>\n<meta name=\"twitter:card\" content=\"summary_large_image\" \/>\n<meta name=\"twitter:label1\" content=\"Escrito por\" \/>\n\t<meta name=\"twitter:data1\" content=\"moacir\" \/>\n\t<meta name=\"twitter:label2\" content=\"Est. tempo de leitura\" \/>\n\t<meta name=\"twitter:data2\" content=\"4 minutos\" \/>\n<script type=\"application\/ld+json\" class=\"yoast-schema-graph\">{\"@context\":\"https:\/\/schema.org\",\"@graph\":[{\"@type\":\"WebSite\",\"@id\":\"https:\/\/franciscanos.org.br\/noticias\/#website\",\"url\":\"https:\/\/franciscanos.org.br\/noticias\/\",\"name\":\"Not\u00edcias - Franciscanos\",\"description\":\"Prov\u00edncia Franciscana da Imaculada Concei\u00e7\u00e3o do Brasil - Ordem dos Frades Menores - OFM\",\"potentialAction\":[{\"@type\":\"SearchAction\",\"target\":{\"@type\":\"EntryPoint\",\"urlTemplate\":\"https:\/\/franciscanos.org.br\/noticias\/?s={search_term_string}\"},\"query-input\":\"required name=search_term_string\"}],\"inLanguage\":\"pt-BR\"},{\"@type\":\"ImageObject\",\"inLanguage\":\"pt-BR\",\"@id\":\"https:\/\/franciscanos.org.br\/noticias\/audienciasetembro.html#primaryimage\",\"url\":\"https:\/\/franciscanos.org.br\/noticias\/wp-content\/uploads\/2022\/09\/audiencia_28.jpeg\",\"contentUrl\":\"https:\/\/franciscanos.org.br\/noticias\/wp-content\/uploads\/2022\/09\/audiencia_28.jpeg\",\"width\":1500,\"height\":844},{\"@type\":\"WebPage\",\"@id\":\"https:\/\/franciscanos.org.br\/noticias\/audienciasetembro.html#webpage\",\"url\":\"https:\/\/franciscanos.org.br\/noticias\/audienciasetembro.html\",\"name\":\"Papa: ter intimidade com Jesus. Falar com Ele como a um amigo. - Not\u00edcias - Franciscanos\",\"isPartOf\":{\"@id\":\"https:\/\/franciscanos.org.br\/noticias\/#website\"},\"primaryImageOfPage\":{\"@id\":\"https:\/\/franciscanos.org.br\/noticias\/audienciasetembro.html#primaryimage\"},\"datePublished\":\"2022-09-28T10:03:05+00:00\",\"dateModified\":\"2022-09-28T10:05:04+00:00\",\"author\":{\"@id\":\"https:\/\/franciscanos.org.br\/noticias\/#\/schema\/person\/b5c8cba458c330ccff548b056e95a5d4\"},\"breadcrumb\":{\"@id\":\"https:\/\/franciscanos.org.br\/noticias\/audienciasetembro.html#breadcrumb\"},\"inLanguage\":\"pt-BR\",\"potentialAction\":[{\"@type\":\"ReadAction\",\"target\":[\"https:\/\/franciscanos.org.br\/noticias\/audienciasetembro.html\"]}]},{\"@type\":\"BreadcrumbList\",\"@id\":\"https:\/\/franciscanos.org.br\/noticias\/audienciasetembro.html#breadcrumb\",\"itemListElement\":[{\"@type\":\"ListItem\",\"position\":1,\"name\":\"Home\",\"item\":\"https:\/\/franciscanos.org.br\/noticias\"},{\"@type\":\"ListItem\",\"position\":2,\"name\":\"Papa: ter intimidade com Jesus. Falar com Ele como a um amigo.\"}]},{\"@type\":\"Person\",\"@id\":\"https:\/\/franciscanos.org.br\/noticias\/#\/schema\/person\/b5c8cba458c330ccff548b056e95a5d4\",\"name\":\"moacir\",\"image\":{\"@type\":\"ImageObject\",\"inLanguage\":\"pt-BR\",\"@id\":\"https:\/\/franciscanos.org.br\/noticias\/#\/schema\/person\/image\/\",\"url\":\"https:\/\/secure.gravatar.com\/avatar\/d08aa2ce4c8dd416d4479aa8536fcf64?s=96&d=mm&r=g\",\"contentUrl\":\"https:\/\/secure.gravatar.com\/avatar\/d08aa2ce4c8dd416d4479aa8536fcf64?s=96&d=mm&r=g\",\"caption\":\"moacir\"},\"url\":\"https:\/\/franciscanos.org.br\/noticias\/author\/moacir\"}]}<\/script>\n<!-- \/ Yoast SEO plugin. -->","yoast_head_json":{"title":"Papa: ter intimidade com Jesus. Falar com Ele como a um amigo. - Not\u00edcias - Franciscanos","robots":{"index":"index","follow":"follow","max-snippet":"max-snippet:-1","max-image-preview":"max-image-preview:large","max-video-preview":"max-video-preview:-1"},"canonical":"https:\/\/franciscanos.org.br\/noticias\/audienciasetembro.html","og_locale":"pt_BR","og_type":"article","og_title":"Papa: ter intimidade com Jesus. Falar com Ele como a um amigo. - Not\u00edcias - Franciscanos","og_description":"Audi\u00eancia Geral","og_url":"https:\/\/franciscanos.org.br\/noticias\/audienciasetembro.html","og_site_name":"Not\u00edcias - Franciscanos","article_published_time":"2022-09-28T10:03:05+00:00","article_modified_time":"2022-09-28T10:05:04+00:00","og_image":[{"width":1500,"height":844,"url":"https:\/\/franciscanos.org.br\/noticias\/wp-content\/uploads\/2022\/09\/audiencia_28.jpeg","type":"image\/jpeg"}],"author":"moacir","twitter_card":"summary_large_image","twitter_misc":{"Escrito por":"moacir","Est. tempo de leitura":"4 minutos"},"schema":{"@context":"https:\/\/schema.org","@graph":[{"@type":"WebSite","@id":"https:\/\/franciscanos.org.br\/noticias\/#website","url":"https:\/\/franciscanos.org.br\/noticias\/","name":"Not\u00edcias - Franciscanos","description":"Prov\u00edncia Franciscana da Imaculada Concei\u00e7\u00e3o do Brasil - Ordem dos Frades Menores - OFM","potentialAction":[{"@type":"SearchAction","target":{"@type":"EntryPoint","urlTemplate":"https:\/\/franciscanos.org.br\/noticias\/?s={search_term_string}"},"query-input":"required name=search_term_string"}],"inLanguage":"pt-BR"},{"@type":"ImageObject","inLanguage":"pt-BR","@id":"https:\/\/franciscanos.org.br\/noticias\/audienciasetembro.html#primaryimage","url":"https:\/\/franciscanos.org.br\/noticias\/wp-content\/uploads\/2022\/09\/audiencia_28.jpeg","contentUrl":"https:\/\/franciscanos.org.br\/noticias\/wp-content\/uploads\/2022\/09\/audiencia_28.jpeg","width":1500,"height":844},{"@type":"WebPage","@id":"https:\/\/franciscanos.org.br\/noticias\/audienciasetembro.html#webpage","url":"https:\/\/franciscanos.org.br\/noticias\/audienciasetembro.html","name":"Papa: ter intimidade com Jesus. Falar com Ele como a um amigo. - Not\u00edcias - Franciscanos","isPartOf":{"@id":"https:\/\/franciscanos.org.br\/noticias\/#website"},"primaryImageOfPage":{"@id":"https:\/\/franciscanos.org.br\/noticias\/audienciasetembro.html#primaryimage"},"datePublished":"2022-09-28T10:03:05+00:00","dateModified":"2022-09-28T10:05:04+00:00","author":{"@id":"https:\/\/franciscanos.org.br\/noticias\/#\/schema\/person\/b5c8cba458c330ccff548b056e95a5d4"},"breadcrumb":{"@id":"https:\/\/franciscanos.org.br\/noticias\/audienciasetembro.html#breadcrumb"},"inLanguage":"pt-BR","potentialAction":[{"@type":"ReadAction","target":["https:\/\/franciscanos.org.br\/noticias\/audienciasetembro.html"]}]},{"@type":"BreadcrumbList","@id":"https:\/\/franciscanos.org.br\/noticias\/audienciasetembro.html#breadcrumb","itemListElement":[{"@type":"ListItem","position":1,"name":"Home","item":"https:\/\/franciscanos.org.br\/noticias"},{"@type":"ListItem","position":2,"name":"Papa: ter intimidade com Jesus. Falar com Ele como a um amigo."}]},{"@type":"Person","@id":"https:\/\/franciscanos.org.br\/noticias\/#\/schema\/person\/b5c8cba458c330ccff548b056e95a5d4","name":"moacir","image":{"@type":"ImageObject","inLanguage":"pt-BR","@id":"https:\/\/franciscanos.org.br\/noticias\/#\/schema\/person\/image\/","url":"https:\/\/secure.gravatar.com\/avatar\/d08aa2ce4c8dd416d4479aa8536fcf64?s=96&d=mm&r=g","contentUrl":"https:\/\/secure.gravatar.com\/avatar\/d08aa2ce4c8dd416d4479aa8536fcf64?s=96&d=mm&r=g","caption":"moacir"},"url":"https:\/\/franciscanos.org.br\/noticias\/author\/moacir"}]}},"_links":{"self":[{"href":"https:\/\/franciscanos.org.br\/noticias\/wp-json\/wp\/v2\/posts\/239849"}],"collection":[{"href":"https:\/\/franciscanos.org.br\/noticias\/wp-json\/wp\/v2\/posts"}],"about":[{"href":"https:\/\/franciscanos.org.br\/noticias\/wp-json\/wp\/v2\/types\/post"}],"author":[{"embeddable":true,"href":"https:\/\/franciscanos.org.br\/noticias\/wp-json\/wp\/v2\/users\/3"}],"replies":[{"embeddable":true,"href":"https:\/\/franciscanos.org.br\/noticias\/wp-json\/wp\/v2\/comments?post=239849"}],"version-history":[{"count":4,"href":"https:\/\/franciscanos.org.br\/noticias\/wp-json\/wp\/v2\/posts\/239849\/revisions"}],"predecessor-version":[{"id":239854,"href":"https:\/\/franciscanos.org.br\/noticias\/wp-json\/wp\/v2\/posts\/239849\/revisions\/239854"}],"wp:featuredmedia":[{"embeddable":true,"href":"https:\/\/franciscanos.org.br\/noticias\/wp-json\/wp\/v2\/media\/239850"}],"wp:attachment":[{"href":"https:\/\/franciscanos.org.br\/noticias\/wp-json\/wp\/v2\/media?parent=239849"}],"wp:term":[{"taxonomy":"category","embeddable":true,"href":"https:\/\/franciscanos.org.br\/noticias\/wp-json\/wp\/v2\/categories?post=239849"},{"taxonomy":"post_tag","embeddable":true,"href":"https:\/\/franciscanos.org.br\/noticias\/wp-json\/wp\/v2\/tags?post=239849"}],"curies":[{"name":"wp","href":"https:\/\/api.w.org\/{rel}","templated":true}]}}