{"id":239831,"date":"2022-09-27T07:58:13","date_gmt":"2022-09-27T10:58:13","guid":{"rendered":"https:\/\/franciscanos.org.br\/noticias\/?p=239831"},"modified":"2022-09-27T08:51:02","modified_gmt":"2022-09-27T11:51:02","slug":"beatriz-francisco-e-antonio-visitam-frei-galvao-em-guaratingueta","status":"publish","type":"post","link":"https:\/\/franciscanos.org.br\/noticias\/beatriz-francisco-e-antonio-visitam-frei-galvao-em-guaratingueta.html","title":{"rendered":"Beatriz, Francisco e Ant\u00f4nio visitam Frei Galv\u00e3o em Guaratinguet\u00e1"},"content":{"rendered":"<p><img loading=\"lazy\" class=\"alignnone size-full wp-image-239832\" src=\"https:\/\/franciscanos.org.br\/noticias\/wp-content\/uploads\/2022\/09\/peregrina_2709.jpg\" alt=\"\" width=\"1280\" height=\"719\" srcset=\"https:\/\/franciscanos.org.br\/noticias\/wp-content\/uploads\/2022\/09\/peregrina_2709.jpg 1280w, https:\/\/franciscanos.org.br\/noticias\/wp-content\/uploads\/2022\/09\/peregrina_2709-450x253.jpg 450w, https:\/\/franciscanos.org.br\/noticias\/wp-content\/uploads\/2022\/09\/peregrina_2709-1024x575.jpg 1024w, https:\/\/franciscanos.org.br\/noticias\/wp-content\/uploads\/2022\/09\/peregrina_2709-768x431.jpg 768w, https:\/\/franciscanos.org.br\/noticias\/wp-content\/uploads\/2022\/09\/peregrina_2709-150x84.jpg 150w\" sizes=\"(max-width: 1280px) 100vw, 1280px\" \/><\/p>\n<p>Comemorando neste ano o bicenten\u00e1rio da morte de Santo Ant\u00f4nio de Sant&#8217;Ana Galv\u00e3o, o primeiro santo santo brasileiro, foi realizada a primeira peregrina\u00e7\u00e3o at\u00e9 Guaratinguet\u00e1 (SP, terra de Frei Galv\u00e3o, envolvendo os fi\u00e9is devotos do Santu\u00e1rio S\u00e3o Francisco, da Par\u00f3quia Santo Ant\u00f4nio do Pari e do Mosteiro da Luz, da capital paulista, que lotaram um \u00f4nibus cheio de esperan\u00e7a e de f\u00e9 no domingo (25\/9).<\/p>\n<p>Devido a este jubileu especial, as Irm\u00e3s Concepcionistas, guardi\u00e3s do corpo do primeiro santo brasileiro no Mosteiro da Luza, pela primeira vez deixaram suas rotinas conventuais e se juntaram ao povo peregrino, neste momento de devo\u00e7\u00e3o e celebra\u00e7\u00e3o dos 200 anos da morte de Frei Galv\u00e3o. As Irm\u00e3s Concepcionistas fazem pate da Ordem da Imaculada Concei\u00e7\u00e3o, fundada por Santa Beatriz da Silva para o servi\u00e7o, a contempla\u00e7\u00e3o e a celebra\u00e7\u00e3o do mist\u00e9rio de Maria em sua Concei\u00e7\u00e3o Imaculada.<\/p>\n<p>Ainda de manh\u00e3, os peregrinos foram recebidos pelo reitor do Santu\u00e1rio Frei Galv\u00e3o em Guaratinguet\u00e1, Frei Diego de Atalino Melo, num clima de alegria e partilha, quando todos puderam saborear um delicioso caf\u00e9 da manh\u00e3, que foi seguido pela celebra\u00e7\u00e3o da Santa Missa.<\/p>\n<p>O presidente da Celebra\u00e7\u00e3o Eucar\u00edstica, Frei Diego, destacou a passagem do Evangelho de domingo, onde a partilha de vida e responsabilidade social seriam um verdadeiro testemunho de crist\u00e3o. Seremos julgados pelo amor que se desdobra no olhar e no cuidado, principalmente com outro e os mais necessitados.<\/p>\n<p><img loading=\"lazy\" class=\"alignnone size-full wp-image-239833\" src=\"https:\/\/franciscanos.org.br\/noticias\/wp-content\/uploads\/2022\/09\/peregrina_02i.jpg\" alt=\"\" width=\"960\" height=\"900\" srcset=\"https:\/\/franciscanos.org.br\/noticias\/wp-content\/uploads\/2022\/09\/peregrina_02i.jpg 960w, https:\/\/franciscanos.org.br\/noticias\/wp-content\/uploads\/2022\/09\/peregrina_02i-450x422.jpg 450w, https:\/\/franciscanos.org.br\/noticias\/wp-content\/uploads\/2022\/09\/peregrina_02i-768x720.jpg 768w, https:\/\/franciscanos.org.br\/noticias\/wp-content\/uploads\/2022\/09\/peregrina_02i-150x141.jpg 150w\" sizes=\"(max-width: 960px) 100vw, 960px\" \/><\/p>\n<p>Transformando a f\u00e9 em obras, v\u00e1rios peregrinos destacaram um gesto no Rito da Comunh\u00e3o, onde os concelebrantes, Frei Jos\u00e9 Francisco e Frei M\u00e1rio Tagliari, davam uma b\u00ean\u00e7\u00e3o a todos que se aproximassem da Mesa Eucar\u00edstica. Esse simples gesto foi acompanhado com muita emo\u00e7\u00e3o, revelando que realmente o Senhor n\u00e3o exclui ningu\u00e9m que dele se aproxima de cora\u00e7\u00e3o aberto.<\/p>\n<p>Depois da Missa foi apresentada a hist\u00f3ria do Santu\u00e1rio e seus projetos. Frei Diego agradeceu a presen\u00e7a de todos e ficou acertado que todo \u00faltimo s\u00e1bado do m\u00eas de setembro seja realizada essa peregrina\u00e7\u00e3o, mantendo assim a liga\u00e7\u00e3o devocional do povo paulistano com o santo, que viveu em terras paulistanas, onde santificou sua vida.<\/p>\n<p>Seguindo a programa\u00e7\u00e3o, os peregrinos seguiram para o Semin\u00e1rio Frei Galv\u00e3o, ode foram recebidos com muita alegria pela Fraternidade Local. Todos puderem ter um momento de pausa e de encontro consigo mesmo. Puderam conhecer o espa\u00e7o dos Romeiros, a tradicional Exposi\u00e7\u00e3o Permanente de Pres\u00e9pios e de imagens de S\u00e3o Francisco.<\/p>\n<p>E chegando j\u00e1 ao fim da peregrina\u00e7\u00e3o, conheceu-se a Casa de Frei Galv\u00e3o no centro hist\u00f3rico da cidade, seu memorial e a Igreja onde o santo foi batizado e mais tarde celebrou sua primeira Missa.<\/p>\n<p>Frei Galv\u00e3o foi um o primeiro santo brasileiro, viveu e cresceu dentro de um contexto hist\u00f3rico aparentemente bem diferente do nosso, olhando as fachadas dos pr\u00e9dios antigos. Mas em outros aspectos, o povo, na sua vida simples e sofrida, n\u00e3o se diferenciava tanto. Que possamos ser continuadores da resposta de Frei Galv\u00e3o e que possamos ser julgados pelo amor que recebemos e damos.<\/p>\n<hr \/>\n<p><em>Frei Gabriel Nogueira Alves, OFM \/ Fotos: Ruan Marcos, pelo Santu\u00e1rio Frei Galv\u00e3o<\/em><\/p>\n\n\t\t<style type=\"text\/css\">\n\t\t\t#gallery-1 {\n\t\t\t\tmargin: auto;\n\t\t\t}\n\t\t\t#gallery-1 .gallery-item {\n\t\t\t\tfloat: left;\n\t\t\t\tmargin-top: 10px;\n\t\t\t\ttext-align: center;\n\t\t\t\twidth: 14%;\n\t\t\t}\n\t\t\t#gallery-1 img {\n\t\t\t\tborder: 2px solid #cfcfcf;\n\t\t\t}\n\t\t\t#gallery-1 .gallery-caption {\n\t\t\t\tmargin-left: 0;\n\t\t\t}\n\t\t\t\/* see gallery_shortcode() in wp-includes\/media.php *\/\n\t\t<\/style>\n\t\t<div id='gallery-1' class='gallery galleryid-239831 gallery-columns-7 gallery-size-thumbnail'><dl class='gallery-item'>\n\t\t\t<dt class='gallery-icon landscape'>\n\t\t\t\t<a href='https:\/\/franciscanos.org.br\/noticias\/wp-content\/uploads\/2022\/09\/Romaria-Mosteiro-da-Luz-scaled.jpg'><img width=\"300\" height=\"300\" src=\"https:\/\/franciscanos.org.br\/noticias\/wp-content\/uploads\/2022\/09\/Romaria-Mosteiro-da-Luz-300x300.jpg\" class=\"attachment-thumbnail size-thumbnail\" alt=\"\" loading=\"lazy\" srcset=\"https:\/\/franciscanos.org.br\/noticias\/wp-content\/uploads\/2022\/09\/Romaria-Mosteiro-da-Luz-300x300.jpg 300w, https:\/\/franciscanos.org.br\/noticias\/wp-content\/uploads\/2022\/09\/Romaria-Mosteiro-da-Luz-100x100.jpg 100w\" sizes=\"(max-width: 300px) 100vw, 300px\" \/><\/a>\n\t\t\t<\/dt><\/dl><dl class='gallery-item'>\n\t\t\t<dt class='gallery-icon landscape'>\n\t\t\t\t<a href='https:\/\/franciscanos.org.br\/noticias\/wp-content\/uploads\/2022\/09\/Romaria-Mosteiro-da-Luz-3-scaled.jpg'><img width=\"300\" height=\"300\" src=\"https:\/\/franciscanos.org.br\/noticias\/wp-content\/uploads\/2022\/09\/Romaria-Mosteiro-da-Luz-3-300x300.jpg\" class=\"attachment-thumbnail size-thumbnail\" alt=\"\" loading=\"lazy\" srcset=\"https:\/\/franciscanos.org.br\/noticias\/wp-content\/uploads\/2022\/09\/Romaria-Mosteiro-da-Luz-3-300x300.jpg 300w, https:\/\/franciscanos.org.br\/noticias\/wp-content\/uploads\/2022\/09\/Romaria-Mosteiro-da-Luz-3-100x100.jpg 100w\" sizes=\"(max-width: 300px) 100vw, 300px\" \/><\/a>\n\t\t\t<\/dt><\/dl><dl class='gallery-item'>\n\t\t\t<dt class='gallery-icon landscape'>\n\t\t\t\t<a href='https:\/\/franciscanos.org.br\/noticias\/wp-content\/uploads\/2022\/09\/Romaria-Mosteiro-da-Luz-4-scaled.jpg'><img width=\"300\" height=\"300\" src=\"https:\/\/franciscanos.org.br\/noticias\/wp-content\/uploads\/2022\/09\/Romaria-Mosteiro-da-Luz-4-300x300.jpg\" class=\"attachment-thumbnail size-thumbnail\" alt=\"\" loading=\"lazy\" srcset=\"https:\/\/franciscanos.org.br\/noticias\/wp-content\/uploads\/2022\/09\/Romaria-Mosteiro-da-Luz-4-300x300.jpg 300w, https:\/\/franciscanos.org.br\/noticias\/wp-content\/uploads\/2022\/09\/Romaria-Mosteiro-da-Luz-4-100x100.jpg 100w\" sizes=\"(max-width: 300px) 100vw, 300px\" \/><\/a>\n\t\t\t<\/dt><\/dl><dl class='gallery-item'>\n\t\t\t<dt class='gallery-icon landscape'>\n\t\t\t\t<a href='https:\/\/franciscanos.org.br\/noticias\/wp-content\/uploads\/2022\/09\/Romaria-Mosteiro-da-Luz-12-scaled.jpg'><img width=\"300\" height=\"300\" src=\"https:\/\/franciscanos.org.br\/noticias\/wp-content\/uploads\/2022\/09\/Romaria-Mosteiro-da-Luz-12-300x300.jpg\" class=\"attachment-thumbnail size-thumbnail\" alt=\"\" loading=\"lazy\" srcset=\"https:\/\/franciscanos.org.br\/noticias\/wp-content\/uploads\/2022\/09\/Romaria-Mosteiro-da-Luz-12-300x300.jpg 300w, https:\/\/franciscanos.org.br\/noticias\/wp-content\/uploads\/2022\/09\/Romaria-Mosteiro-da-Luz-12-100x100.jpg 100w\" sizes=\"(max-width: 300px) 100vw, 300px\" \/><\/a>\n\t\t\t<\/dt><\/dl><dl class='gallery-item'>\n\t\t\t<dt class='gallery-icon landscape'>\n\t\t\t\t<a href='https:\/\/franciscanos.org.br\/noticias\/wp-content\/uploads\/2022\/09\/Romaria-Mosteiro-da-Luz-18-scaled.jpg'><img width=\"300\" height=\"300\" src=\"https:\/\/franciscanos.org.br\/noticias\/wp-content\/uploads\/2022\/09\/Romaria-Mosteiro-da-Luz-18-300x300.jpg\" class=\"attachment-thumbnail size-thumbnail\" alt=\"\" loading=\"lazy\" srcset=\"https:\/\/franciscanos.org.br\/noticias\/wp-content\/uploads\/2022\/09\/Romaria-Mosteiro-da-Luz-18-300x300.jpg 300w, https:\/\/franciscanos.org.br\/noticias\/wp-content\/uploads\/2022\/09\/Romaria-Mosteiro-da-Luz-18-100x100.jpg 100w\" sizes=\"(max-width: 300px) 100vw, 300px\" \/><\/a>\n\t\t\t<\/dt><\/dl><dl class='gallery-item'>\n\t\t\t<dt class='gallery-icon landscape'>\n\t\t\t\t<a href='https:\/\/franciscanos.org.br\/noticias\/wp-content\/uploads\/2022\/09\/Romaria-Mosteiro-da-Luz-20-scaled.jpg'><img width=\"300\" height=\"300\" src=\"https:\/\/franciscanos.org.br\/noticias\/wp-content\/uploads\/2022\/09\/Romaria-Mosteiro-da-Luz-20-300x300.jpg\" class=\"attachment-thumbnail size-thumbnail\" alt=\"\" loading=\"lazy\" srcset=\"https:\/\/franciscanos.org.br\/noticias\/wp-content\/uploads\/2022\/09\/Romaria-Mosteiro-da-Luz-20-300x300.jpg 300w, https:\/\/franciscanos.org.br\/noticias\/wp-content\/uploads\/2022\/09\/Romaria-Mosteiro-da-Luz-20-100x100.jpg 100w\" sizes=\"(max-width: 300px) 100vw, 300px\" \/><\/a>\n\t\t\t<\/dt><\/dl><dl class='gallery-item'>\n\t\t\t<dt class='gallery-icon landscape'>\n\t\t\t\t<a href='https:\/\/franciscanos.org.br\/noticias\/wp-content\/uploads\/2022\/09\/Romaria-Mosteiro-da-Luz-23-scaled.jpg'><img width=\"300\" height=\"300\" src=\"https:\/\/franciscanos.org.br\/noticias\/wp-content\/uploads\/2022\/09\/Romaria-Mosteiro-da-Luz-23-300x300.jpg\" class=\"attachment-thumbnail size-thumbnail\" alt=\"\" loading=\"lazy\" srcset=\"https:\/\/franciscanos.org.br\/noticias\/wp-content\/uploads\/2022\/09\/Romaria-Mosteiro-da-Luz-23-300x300.jpg 300w, https:\/\/franciscanos.org.br\/noticias\/wp-content\/uploads\/2022\/09\/Romaria-Mosteiro-da-Luz-23-100x100.jpg 100w\" sizes=\"(max-width: 300px) 100vw, 300px\" \/><\/a>\n\t\t\t<\/dt><\/dl><br style=\"clear: both\" \/>\n\t\t<\/div>\n\n<p style=\"text-align: center;\"><em>(Clique nas fotos para ampli\u00e1-las)<\/em><\/p>\n","protected":false},"excerpt":{"rendered":"<p>Peregrina\u00e7\u00e3o ao Santu\u00e1rio Frei Galv\u00e3o<\/p>\n","protected":false},"author":3,"featured_media":239832,"comment_status":"open","ping_status":"open","sticky":false,"template":"","format":"standard","meta":[],"categories":[1],"tags":[313],"acf":[],"yoast_head":"<!-- This site is optimized with the Yoast SEO plugin v19.2 - https:\/\/yoast.com\/wordpress\/plugins\/seo\/ -->\n<title>Beatriz, Francisco e Ant\u00f4nio visitam Frei Galv\u00e3o em Guaratinguet\u00e1 - Not\u00edcias - Franciscanos<\/title>\n<meta name=\"robots\" content=\"index, follow, max-snippet:-1, max-image-preview:large, max-video-preview:-1\" \/>\n<link rel=\"canonical\" href=\"https:\/\/franciscanos.org.br\/noticias\/beatriz-francisco-e-antonio-visitam-frei-galvao-em-guaratingueta.html\" \/>\n<meta property=\"og:locale\" content=\"pt_BR\" \/>\n<meta property=\"og:type\" content=\"article\" \/>\n<meta property=\"og:title\" content=\"Beatriz, Francisco e Ant\u00f4nio visitam Frei Galv\u00e3o em Guaratinguet\u00e1 - Not\u00edcias - Franciscanos\" \/>\n<meta property=\"og:description\" content=\"Peregrina\u00e7\u00e3o ao Santu\u00e1rio Frei Galv\u00e3o\" \/>\n<meta property=\"og:url\" content=\"https:\/\/franciscanos.org.br\/noticias\/beatriz-francisco-e-antonio-visitam-frei-galvao-em-guaratingueta.html\" \/>\n<meta property=\"og:site_name\" content=\"Not\u00edcias - Franciscanos\" \/>\n<meta property=\"article:published_time\" content=\"2022-09-27T10:58:13+00:00\" \/>\n<meta property=\"article:modified_time\" content=\"2022-09-27T11:51:02+00:00\" \/>\n<meta property=\"og:image\" content=\"https:\/\/franciscanos.org.br\/noticias\/wp-content\/uploads\/2022\/09\/peregrina_2709.jpg\" \/>\n\t<meta property=\"og:image:width\" content=\"1280\" \/>\n\t<meta property=\"og:image:height\" content=\"719\" \/>\n\t<meta property=\"og:image:type\" content=\"image\/jpeg\" \/>\n<meta name=\"author\" content=\"moacir\" \/>\n<meta name=\"twitter:card\" content=\"summary_large_image\" \/>\n<meta name=\"twitter:label1\" content=\"Escrito por\" \/>\n\t<meta name=\"twitter:data1\" content=\"moacir\" \/>\n\t<meta name=\"twitter:label2\" content=\"Est. tempo de leitura\" \/>\n\t<meta name=\"twitter:data2\" content=\"4 minutos\" \/>\n<script type=\"application\/ld+json\" class=\"yoast-schema-graph\">{\"@context\":\"https:\/\/schema.org\",\"@graph\":[{\"@type\":\"WebSite\",\"@id\":\"https:\/\/franciscanos.org.br\/noticias\/#website\",\"url\":\"https:\/\/franciscanos.org.br\/noticias\/\",\"name\":\"Not\u00edcias - Franciscanos\",\"description\":\"Prov\u00edncia Franciscana da Imaculada Concei\u00e7\u00e3o do Brasil - Ordem dos Frades Menores - OFM\",\"potentialAction\":[{\"@type\":\"SearchAction\",\"target\":{\"@type\":\"EntryPoint\",\"urlTemplate\":\"https:\/\/franciscanos.org.br\/noticias\/?s={search_term_string}\"},\"query-input\":\"required name=search_term_string\"}],\"inLanguage\":\"pt-BR\"},{\"@type\":\"ImageObject\",\"inLanguage\":\"pt-BR\",\"@id\":\"https:\/\/franciscanos.org.br\/noticias\/beatriz-francisco-e-antonio-visitam-frei-galvao-em-guaratingueta.html#primaryimage\",\"url\":\"https:\/\/franciscanos.org.br\/noticias\/wp-content\/uploads\/2022\/09\/peregrina_2709.jpg\",\"contentUrl\":\"https:\/\/franciscanos.org.br\/noticias\/wp-content\/uploads\/2022\/09\/peregrina_2709.jpg\",\"width\":1280,\"height\":719},{\"@type\":\"WebPage\",\"@id\":\"https:\/\/franciscanos.org.br\/noticias\/beatriz-francisco-e-antonio-visitam-frei-galvao-em-guaratingueta.html#webpage\",\"url\":\"https:\/\/franciscanos.org.br\/noticias\/beatriz-francisco-e-antonio-visitam-frei-galvao-em-guaratingueta.html\",\"name\":\"Beatriz, Francisco e Ant\u00f4nio visitam Frei Galv\u00e3o em Guaratinguet\u00e1 - Not\u00edcias - Franciscanos\",\"isPartOf\":{\"@id\":\"https:\/\/franciscanos.org.br\/noticias\/#website\"},\"primaryImageOfPage\":{\"@id\":\"https:\/\/franciscanos.org.br\/noticias\/beatriz-francisco-e-antonio-visitam-frei-galvao-em-guaratingueta.html#primaryimage\"},\"datePublished\":\"2022-09-27T10:58:13+00:00\",\"dateModified\":\"2022-09-27T11:51:02+00:00\",\"author\":{\"@id\":\"https:\/\/franciscanos.org.br\/noticias\/#\/schema\/person\/b5c8cba458c330ccff548b056e95a5d4\"},\"breadcrumb\":{\"@id\":\"https:\/\/franciscanos.org.br\/noticias\/beatriz-francisco-e-antonio-visitam-frei-galvao-em-guaratingueta.html#breadcrumb\"},\"inLanguage\":\"pt-BR\",\"potentialAction\":[{\"@type\":\"ReadAction\",\"target\":[\"https:\/\/franciscanos.org.br\/noticias\/beatriz-francisco-e-antonio-visitam-frei-galvao-em-guaratingueta.html\"]}]},{\"@type\":\"BreadcrumbList\",\"@id\":\"https:\/\/franciscanos.org.br\/noticias\/beatriz-francisco-e-antonio-visitam-frei-galvao-em-guaratingueta.html#breadcrumb\",\"itemListElement\":[{\"@type\":\"ListItem\",\"position\":1,\"name\":\"Home\",\"item\":\"https:\/\/franciscanos.org.br\/noticias\"},{\"@type\":\"ListItem\",\"position\":2,\"name\":\"Beatriz, Francisco e Ant\u00f4nio visitam Frei Galv\u00e3o em Guaratinguet\u00e1\"}]},{\"@type\":\"Person\",\"@id\":\"https:\/\/franciscanos.org.br\/noticias\/#\/schema\/person\/b5c8cba458c330ccff548b056e95a5d4\",\"name\":\"moacir\",\"image\":{\"@type\":\"ImageObject\",\"inLanguage\":\"pt-BR\",\"@id\":\"https:\/\/franciscanos.org.br\/noticias\/#\/schema\/person\/image\/\",\"url\":\"https:\/\/secure.gravatar.com\/avatar\/d08aa2ce4c8dd416d4479aa8536fcf64?s=96&d=mm&r=g\",\"contentUrl\":\"https:\/\/secure.gravatar.com\/avatar\/d08aa2ce4c8dd416d4479aa8536fcf64?s=96&d=mm&r=g\",\"caption\":\"moacir\"},\"url\":\"https:\/\/franciscanos.org.br\/noticias\/author\/moacir\"}]}<\/script>\n<!-- \/ Yoast SEO plugin. -->","yoast_head_json":{"title":"Beatriz, Francisco e Ant\u00f4nio visitam Frei Galv\u00e3o em Guaratinguet\u00e1 - Not\u00edcias - Franciscanos","robots":{"index":"index","follow":"follow","max-snippet":"max-snippet:-1","max-image-preview":"max-image-preview:large","max-video-preview":"max-video-preview:-1"},"canonical":"https:\/\/franciscanos.org.br\/noticias\/beatriz-francisco-e-antonio-visitam-frei-galvao-em-guaratingueta.html","og_locale":"pt_BR","og_type":"article","og_title":"Beatriz, Francisco e Ant\u00f4nio visitam Frei Galv\u00e3o em Guaratinguet\u00e1 - Not\u00edcias - Franciscanos","og_description":"Peregrina\u00e7\u00e3o ao Santu\u00e1rio Frei Galv\u00e3o","og_url":"https:\/\/franciscanos.org.br\/noticias\/beatriz-francisco-e-antonio-visitam-frei-galvao-em-guaratingueta.html","og_site_name":"Not\u00edcias - Franciscanos","article_published_time":"2022-09-27T10:58:13+00:00","article_modified_time":"2022-09-27T11:51:02+00:00","og_image":[{"width":1280,"height":719,"url":"https:\/\/franciscanos.org.br\/noticias\/wp-content\/uploads\/2022\/09\/peregrina_2709.jpg","type":"image\/jpeg"}],"author":"moacir","twitter_card":"summary_large_image","twitter_misc":{"Escrito por":"moacir","Est. tempo de leitura":"4 minutos"},"schema":{"@context":"https:\/\/schema.org","@graph":[{"@type":"WebSite","@id":"https:\/\/franciscanos.org.br\/noticias\/#website","url":"https:\/\/franciscanos.org.br\/noticias\/","name":"Not\u00edcias - Franciscanos","description":"Prov\u00edncia Franciscana da Imaculada Concei\u00e7\u00e3o do Brasil - Ordem dos Frades Menores - OFM","potentialAction":[{"@type":"SearchAction","target":{"@type":"EntryPoint","urlTemplate":"https:\/\/franciscanos.org.br\/noticias\/?s={search_term_string}"},"query-input":"required name=search_term_string"}],"inLanguage":"pt-BR"},{"@type":"ImageObject","inLanguage":"pt-BR","@id":"https:\/\/franciscanos.org.br\/noticias\/beatriz-francisco-e-antonio-visitam-frei-galvao-em-guaratingueta.html#primaryimage","url":"https:\/\/franciscanos.org.br\/noticias\/wp-content\/uploads\/2022\/09\/peregrina_2709.jpg","contentUrl":"https:\/\/franciscanos.org.br\/noticias\/wp-content\/uploads\/2022\/09\/peregrina_2709.jpg","width":1280,"height":719},{"@type":"WebPage","@id":"https:\/\/franciscanos.org.br\/noticias\/beatriz-francisco-e-antonio-visitam-frei-galvao-em-guaratingueta.html#webpage","url":"https:\/\/franciscanos.org.br\/noticias\/beatriz-francisco-e-antonio-visitam-frei-galvao-em-guaratingueta.html","name":"Beatriz, Francisco e Ant\u00f4nio visitam Frei Galv\u00e3o em Guaratinguet\u00e1 - Not\u00edcias - Franciscanos","isPartOf":{"@id":"https:\/\/franciscanos.org.br\/noticias\/#website"},"primaryImageOfPage":{"@id":"https:\/\/franciscanos.org.br\/noticias\/beatriz-francisco-e-antonio-visitam-frei-galvao-em-guaratingueta.html#primaryimage"},"datePublished":"2022-09-27T10:58:13+00:00","dateModified":"2022-09-27T11:51:02+00:00","author":{"@id":"https:\/\/franciscanos.org.br\/noticias\/#\/schema\/person\/b5c8cba458c330ccff548b056e95a5d4"},"breadcrumb":{"@id":"https:\/\/franciscanos.org.br\/noticias\/beatriz-francisco-e-antonio-visitam-frei-galvao-em-guaratingueta.html#breadcrumb"},"inLanguage":"pt-BR","potentialAction":[{"@type":"ReadAction","target":["https:\/\/franciscanos.org.br\/noticias\/beatriz-francisco-e-antonio-visitam-frei-galvao-em-guaratingueta.html"]}]},{"@type":"BreadcrumbList","@id":"https:\/\/franciscanos.org.br\/noticias\/beatriz-francisco-e-antonio-visitam-frei-galvao-em-guaratingueta.html#breadcrumb","itemListElement":[{"@type":"ListItem","position":1,"name":"Home","item":"https:\/\/franciscanos.org.br\/noticias"},{"@type":"ListItem","position":2,"name":"Beatriz, Francisco e Ant\u00f4nio visitam Frei Galv\u00e3o em Guaratinguet\u00e1"}]},{"@type":"Person","@id":"https:\/\/franciscanos.org.br\/noticias\/#\/schema\/person\/b5c8cba458c330ccff548b056e95a5d4","name":"moacir","image":{"@type":"ImageObject","inLanguage":"pt-BR","@id":"https:\/\/franciscanos.org.br\/noticias\/#\/schema\/person\/image\/","url":"https:\/\/secure.gravatar.com\/avatar\/d08aa2ce4c8dd416d4479aa8536fcf64?s=96&d=mm&r=g","contentUrl":"https:\/\/secure.gravatar.com\/avatar\/d08aa2ce4c8dd416d4479aa8536fcf64?s=96&d=mm&r=g","caption":"moacir"},"url":"https:\/\/franciscanos.org.br\/noticias\/author\/moacir"}]}},"_links":{"self":[{"href":"https:\/\/franciscanos.org.br\/noticias\/wp-json\/wp\/v2\/posts\/239831"}],"collection":[{"href":"https:\/\/franciscanos.org.br\/noticias\/wp-json\/wp\/v2\/posts"}],"about":[{"href":"https:\/\/franciscanos.org.br\/noticias\/wp-json\/wp\/v2\/types\/post"}],"author":[{"embeddable":true,"href":"https:\/\/franciscanos.org.br\/noticias\/wp-json\/wp\/v2\/users\/3"}],"replies":[{"embeddable":true,"href":"https:\/\/franciscanos.org.br\/noticias\/wp-json\/wp\/v2\/comments?post=239831"}],"version-history":[{"count":6,"href":"https:\/\/franciscanos.org.br\/noticias\/wp-json\/wp\/v2\/posts\/239831\/revisions"}],"predecessor-version":[{"id":239846,"href":"https:\/\/franciscanos.org.br\/noticias\/wp-json\/wp\/v2\/posts\/239831\/revisions\/239846"}],"wp:featuredmedia":[{"embeddable":true,"href":"https:\/\/franciscanos.org.br\/noticias\/wp-json\/wp\/v2\/media\/239832"}],"wp:attachment":[{"href":"https:\/\/franciscanos.org.br\/noticias\/wp-json\/wp\/v2\/media?parent=239831"}],"wp:term":[{"taxonomy":"category","embeddable":true,"href":"https:\/\/franciscanos.org.br\/noticias\/wp-json\/wp\/v2\/categories?post=239831"},{"taxonomy":"post_tag","embeddable":true,"href":"https:\/\/franciscanos.org.br\/noticias\/wp-json\/wp\/v2\/tags?post=239831"}],"curies":[{"name":"wp","href":"https:\/\/api.w.org\/{rel}","templated":true}]}}