{"id":239828,"date":"2022-09-26T07:32:27","date_gmt":"2022-09-26T10:32:27","guid":{"rendered":"https:\/\/franciscanos.org.br\/noticias\/?p=239828"},"modified":"2022-09-26T07:32:27","modified_gmt":"2022-09-26T10:32:27","slug":"o-missionario-nao-abandona-o-lugar-onde-fincou-a-cruz-de-cristo","status":"publish","type":"post","link":"https:\/\/franciscanos.org.br\/noticias\/o-missionario-nao-abandona-o-lugar-onde-fincou-a-cruz-de-cristo.html","title":{"rendered":"\u201cO mission\u00e1rio n\u00e3o abandona o lugar onde fincou  a cruz de Cristo\u201d"},"content":{"rendered":"<p><img loading=\"lazy\" class=\"size-full wp-image-239829\" src=\"https:\/\/franciscanos.org.br\/noticias\/wp-content\/uploads\/2022\/09\/angola_26.jpg\" alt=\"\" width=\"1200\" height=\"675\" srcset=\"https:\/\/franciscanos.org.br\/noticias\/wp-content\/uploads\/2022\/09\/angola_26.jpg 1200w, https:\/\/franciscanos.org.br\/noticias\/wp-content\/uploads\/2022\/09\/angola_26-450x253.jpg 450w, https:\/\/franciscanos.org.br\/noticias\/wp-content\/uploads\/2022\/09\/angola_26-1024x576.jpg 1024w, https:\/\/franciscanos.org.br\/noticias\/wp-content\/uploads\/2022\/09\/angola_26-768x432.jpg 768w, https:\/\/franciscanos.org.br\/noticias\/wp-content\/uploads\/2022\/09\/angola_26-150x84.jpg 150w\" sizes=\"(max-width: 1200px) 100vw, 1200px\" \/><\/p>\n<p><span style=\"font-size: 16px;\">Paz e bem, irm\u00e3os!<\/span><\/p>\n<p style=\"padding-left: 40px;\"><em>&#8220;Visto que o justo deve julgar sua vida pelo exemplo dos melhores; que no mais das vezes os exemplos marcam mais que as palavras da raz\u00e3o, \u00e9 justo que o Senhor tenha exemplos da pr\u00f3pria Ordem para confortar seus car\u00edssimos filhos&#8221; (Frei Tom\u00e1s de Eccleston).<\/em><\/p>\n<p>Estou escrevendo essa carta, primeiramente, para agradecer ao dom da vida e da voca\u00e7\u00e3o manifestada em n\u00f3s. Vida consagrada a Deus, aos irm\u00e3os, \u00e0 Igreja e de maneira especial \u00e0 Ordem dos Frades Menores em Angola. Estamos tendo a gra\u00e7a de celebrarmos 32 anos da presen\u00e7a da Ordem aqui. \u00c9 com grande alegria que lembramos a frase de Santa Clara: &#8220;Nunca perder de vista o ponto de partida&#8221;. Este nos anima, nos invoca, nos envolve, nos transforma &#8230; e nos acolhe. \u00c9 a nossa voca\u00e7\u00e3o, o chamado de Deus. Deus nos escolheu, nos quis, nos consagrou. Nos chamou de diversas Prov\u00edncias, de diversas etnias para nos formar frades menores de nome e de fato.<\/p>\n<p>Lembremo-nos de modo particular, primeiramente, os irm\u00e3os que aqui estiveram, de maneira especial Frei Lot\u00e1rio Neumann, sepultado em Malanje, a \u2018semente\u2019 da Miss\u00e3o. Com certeza, &#8220;fruto de novos crist\u00e3os&#8221; e prim\u00edcias, sem d\u00favida, de irm\u00e3os que o Senhor nos deu e nos d\u00e1. Tamb\u00e9m recordamos de Frei Sim\u00e3o Laginski, Frei Hermenegildo Pereira, Frei Jos\u00e9 Zanchet, Frei Pl\u00ednio Gande da Silva, todos de feliz mem\u00f3ria.<\/p>\n<p>N\u00e3o esquecemos de todos os irm\u00e3os que j\u00e1 passaram pela nossa querida Miss\u00e3o e hoje colocam suas vidas e voca\u00e7\u00e3o ao servi\u00e7o do Evangelho, da Igreja e dos irm\u00e3os em outros lugares deste nosso mundo.<\/p>\n<p>A Funda\u00e7\u00e3o Imaculada M\u00e3e de Deus de Angola vive um momento muito especial e bonito neste momento p\u00f3s-Cap\u00edtulo, onde pela Obedi\u00eancia surge a possibilidade de partirmos com esperan\u00e7a de encontrarmos novos are\u00f3pagos para que possamos anunciar o Evangelho e lan\u00e7ar as redes em \u00e1guas mais profundas. Lugares estes que nos colocam sempre em confronto com nossa op\u00e7\u00e3o de vida de Irm\u00e3os e Menores. Para esses lugares partimos com f\u00e9, pois refletem a nossa entrega a Deus sem reservas e sem retic\u00eancias pelo voto de obedi\u00eancia que prometemos.<\/p>\n<p>Os desafios que encontrarmos onde formos, nos motivam a deixar a nossa zona de conforto, que de uma maneira ou de outra, fomos adquirindo no decorrer da caminhada. \u00c0s vezes \u00e9 dif\u00edcil abandonar, recome\u00e7ar, despojar-se. Aqui gostar\u00edamos de lembrar o nosso voto de <em>sine proprio<\/em>. N\u00e3o levar nada consigo para \u2018possuirmos\u2019 Aquele que se nos d\u00e1 totalmente. S\u00f3 nos resta dizermos que somos servos in\u00fateis, que estamos sempre recome\u00e7ando. \u201cComecemos a servir o Senhor, porque at\u00e9 agora pouco ou nada fizemos\u201d.<\/p>\n<p>Nestes novos desafios, levemos conosco a pureza de cora\u00e7\u00e3o, de alma e de corpo \u201cpor causa do Reino dos c\u00e9us\u201d, a fim de pensarmos nas coisas do Senhor (CCGG 9s) que nos leva a proferir palavras &#8220;ponderadas e castas&#8221;. Nos motivemos a amar a Deus e a miss\u00e3o a n\u00f3s confiada com ternura e vigor, no desejo de sermos cada vez mais irm\u00e3os e fraternos com todos e com a Cria\u00e7\u00e3o.<\/p>\n<p>Que o Senhor continue a nos aben\u00e7oar com a gra\u00e7a da voca\u00e7\u00e3o, com as b\u00ean\u00e7\u00e3os do c\u00e9u e da terra e com a sa\u00fade do corpo e da alma!.<\/p>\n<p><strong>Fraternalmente, Frei Ivair Bueno de Carvalho<\/strong><\/p>\n<p><em>Kibala, 15 de setembro de 2022.<\/em><\/p>\n","protected":false},"excerpt":{"rendered":"<p>Miss\u00e3o de Angola<\/p>\n","protected":false},"author":3,"featured_media":239829,"comment_status":"open","ping_status":"open","sticky":false,"template":"","format":"standard","meta":[],"categories":[1],"tags":[360],"acf":[],"yoast_head":"<!-- This site is optimized with the Yoast SEO plugin v19.2 - https:\/\/yoast.com\/wordpress\/plugins\/seo\/ -->\n<title>\u201cO mission\u00e1rio n\u00e3o abandona o lugar onde fincou a cruz de Cristo\u201d - Not\u00edcias - Franciscanos<\/title>\n<meta name=\"robots\" content=\"index, follow, max-snippet:-1, max-image-preview:large, max-video-preview:-1\" \/>\n<link rel=\"canonical\" href=\"https:\/\/franciscanos.org.br\/noticias\/o-missionario-nao-abandona-o-lugar-onde-fincou-a-cruz-de-cristo.html\" \/>\n<meta property=\"og:locale\" content=\"pt_BR\" \/>\n<meta property=\"og:type\" content=\"article\" \/>\n<meta property=\"og:title\" content=\"\u201cO mission\u00e1rio n\u00e3o abandona o lugar onde fincou a cruz de Cristo\u201d - Not\u00edcias - Franciscanos\" \/>\n<meta property=\"og:description\" content=\"Miss\u00e3o de Angola\" \/>\n<meta property=\"og:url\" content=\"https:\/\/franciscanos.org.br\/noticias\/o-missionario-nao-abandona-o-lugar-onde-fincou-a-cruz-de-cristo.html\" \/>\n<meta property=\"og:site_name\" content=\"Not\u00edcias - Franciscanos\" \/>\n<meta property=\"article:published_time\" content=\"2022-09-26T10:32:27+00:00\" \/>\n<meta property=\"og:image\" content=\"https:\/\/franciscanos.org.br\/noticias\/wp-content\/uploads\/2022\/09\/angola_26.jpg\" \/>\n\t<meta property=\"og:image:width\" content=\"1200\" \/>\n\t<meta property=\"og:image:height\" content=\"675\" \/>\n\t<meta property=\"og:image:type\" content=\"image\/jpeg\" \/>\n<meta name=\"author\" content=\"moacir\" \/>\n<meta name=\"twitter:card\" content=\"summary_large_image\" \/>\n<meta name=\"twitter:label1\" content=\"Escrito por\" \/>\n\t<meta name=\"twitter:data1\" content=\"moacir\" \/>\n\t<meta name=\"twitter:label2\" content=\"Est. tempo de leitura\" \/>\n\t<meta name=\"twitter:data2\" content=\"3 minutos\" \/>\n<script type=\"application\/ld+json\" class=\"yoast-schema-graph\">{\"@context\":\"https:\/\/schema.org\",\"@graph\":[{\"@type\":\"WebSite\",\"@id\":\"https:\/\/franciscanos.org.br\/noticias\/#website\",\"url\":\"https:\/\/franciscanos.org.br\/noticias\/\",\"name\":\"Not\u00edcias - Franciscanos\",\"description\":\"Prov\u00edncia Franciscana da Imaculada Concei\u00e7\u00e3o do Brasil - Ordem dos Frades Menores - OFM\",\"potentialAction\":[{\"@type\":\"SearchAction\",\"target\":{\"@type\":\"EntryPoint\",\"urlTemplate\":\"https:\/\/franciscanos.org.br\/noticias\/?s={search_term_string}\"},\"query-input\":\"required name=search_term_string\"}],\"inLanguage\":\"pt-BR\"},{\"@type\":\"ImageObject\",\"inLanguage\":\"pt-BR\",\"@id\":\"https:\/\/franciscanos.org.br\/noticias\/o-missionario-nao-abandona-o-lugar-onde-fincou-a-cruz-de-cristo.html#primaryimage\",\"url\":\"https:\/\/franciscanos.org.br\/noticias\/wp-content\/uploads\/2022\/09\/angola_26.jpg\",\"contentUrl\":\"https:\/\/franciscanos.org.br\/noticias\/wp-content\/uploads\/2022\/09\/angola_26.jpg\",\"width\":1200,\"height\":675,\"caption\":\"????????????????????????????????????\"},{\"@type\":\"WebPage\",\"@id\":\"https:\/\/franciscanos.org.br\/noticias\/o-missionario-nao-abandona-o-lugar-onde-fincou-a-cruz-de-cristo.html#webpage\",\"url\":\"https:\/\/franciscanos.org.br\/noticias\/o-missionario-nao-abandona-o-lugar-onde-fincou-a-cruz-de-cristo.html\",\"name\":\"\u201cO mission\u00e1rio n\u00e3o abandona o lugar onde fincou a cruz de Cristo\u201d - Not\u00edcias - Franciscanos\",\"isPartOf\":{\"@id\":\"https:\/\/franciscanos.org.br\/noticias\/#website\"},\"primaryImageOfPage\":{\"@id\":\"https:\/\/franciscanos.org.br\/noticias\/o-missionario-nao-abandona-o-lugar-onde-fincou-a-cruz-de-cristo.html#primaryimage\"},\"datePublished\":\"2022-09-26T10:32:27+00:00\",\"dateModified\":\"2022-09-26T10:32:27+00:00\",\"author\":{\"@id\":\"https:\/\/franciscanos.org.br\/noticias\/#\/schema\/person\/b5c8cba458c330ccff548b056e95a5d4\"},\"breadcrumb\":{\"@id\":\"https:\/\/franciscanos.org.br\/noticias\/o-missionario-nao-abandona-o-lugar-onde-fincou-a-cruz-de-cristo.html#breadcrumb\"},\"inLanguage\":\"pt-BR\",\"potentialAction\":[{\"@type\":\"ReadAction\",\"target\":[\"https:\/\/franciscanos.org.br\/noticias\/o-missionario-nao-abandona-o-lugar-onde-fincou-a-cruz-de-cristo.html\"]}]},{\"@type\":\"BreadcrumbList\",\"@id\":\"https:\/\/franciscanos.org.br\/noticias\/o-missionario-nao-abandona-o-lugar-onde-fincou-a-cruz-de-cristo.html#breadcrumb\",\"itemListElement\":[{\"@type\":\"ListItem\",\"position\":1,\"name\":\"Home\",\"item\":\"https:\/\/franciscanos.org.br\/noticias\"},{\"@type\":\"ListItem\",\"position\":2,\"name\":\"\u201cO mission\u00e1rio n\u00e3o abandona o lugar onde fincou a cruz de Cristo\u201d\"}]},{\"@type\":\"Person\",\"@id\":\"https:\/\/franciscanos.org.br\/noticias\/#\/schema\/person\/b5c8cba458c330ccff548b056e95a5d4\",\"name\":\"moacir\",\"image\":{\"@type\":\"ImageObject\",\"inLanguage\":\"pt-BR\",\"@id\":\"https:\/\/franciscanos.org.br\/noticias\/#\/schema\/person\/image\/\",\"url\":\"https:\/\/secure.gravatar.com\/avatar\/d08aa2ce4c8dd416d4479aa8536fcf64?s=96&d=mm&r=g\",\"contentUrl\":\"https:\/\/secure.gravatar.com\/avatar\/d08aa2ce4c8dd416d4479aa8536fcf64?s=96&d=mm&r=g\",\"caption\":\"moacir\"},\"url\":\"https:\/\/franciscanos.org.br\/noticias\/author\/moacir\"}]}<\/script>\n<!-- \/ Yoast SEO plugin. -->","yoast_head_json":{"title":"\u201cO mission\u00e1rio n\u00e3o abandona o lugar onde fincou a cruz de Cristo\u201d - Not\u00edcias - Franciscanos","robots":{"index":"index","follow":"follow","max-snippet":"max-snippet:-1","max-image-preview":"max-image-preview:large","max-video-preview":"max-video-preview:-1"},"canonical":"https:\/\/franciscanos.org.br\/noticias\/o-missionario-nao-abandona-o-lugar-onde-fincou-a-cruz-de-cristo.html","og_locale":"pt_BR","og_type":"article","og_title":"\u201cO mission\u00e1rio n\u00e3o abandona o lugar onde fincou a cruz de Cristo\u201d - Not\u00edcias - Franciscanos","og_description":"Miss\u00e3o de Angola","og_url":"https:\/\/franciscanos.org.br\/noticias\/o-missionario-nao-abandona-o-lugar-onde-fincou-a-cruz-de-cristo.html","og_site_name":"Not\u00edcias - Franciscanos","article_published_time":"2022-09-26T10:32:27+00:00","og_image":[{"width":1200,"height":675,"url":"https:\/\/franciscanos.org.br\/noticias\/wp-content\/uploads\/2022\/09\/angola_26.jpg","type":"image\/jpeg"}],"author":"moacir","twitter_card":"summary_large_image","twitter_misc":{"Escrito por":"moacir","Est. tempo de leitura":"3 minutos"},"schema":{"@context":"https:\/\/schema.org","@graph":[{"@type":"WebSite","@id":"https:\/\/franciscanos.org.br\/noticias\/#website","url":"https:\/\/franciscanos.org.br\/noticias\/","name":"Not\u00edcias - Franciscanos","description":"Prov\u00edncia Franciscana da Imaculada Concei\u00e7\u00e3o do Brasil - Ordem dos Frades Menores - OFM","potentialAction":[{"@type":"SearchAction","target":{"@type":"EntryPoint","urlTemplate":"https:\/\/franciscanos.org.br\/noticias\/?s={search_term_string}"},"query-input":"required name=search_term_string"}],"inLanguage":"pt-BR"},{"@type":"ImageObject","inLanguage":"pt-BR","@id":"https:\/\/franciscanos.org.br\/noticias\/o-missionario-nao-abandona-o-lugar-onde-fincou-a-cruz-de-cristo.html#primaryimage","url":"https:\/\/franciscanos.org.br\/noticias\/wp-content\/uploads\/2022\/09\/angola_26.jpg","contentUrl":"https:\/\/franciscanos.org.br\/noticias\/wp-content\/uploads\/2022\/09\/angola_26.jpg","width":1200,"height":675,"caption":"????????????????????????????????????"},{"@type":"WebPage","@id":"https:\/\/franciscanos.org.br\/noticias\/o-missionario-nao-abandona-o-lugar-onde-fincou-a-cruz-de-cristo.html#webpage","url":"https:\/\/franciscanos.org.br\/noticias\/o-missionario-nao-abandona-o-lugar-onde-fincou-a-cruz-de-cristo.html","name":"\u201cO mission\u00e1rio n\u00e3o abandona o lugar onde fincou a cruz de Cristo\u201d - Not\u00edcias - Franciscanos","isPartOf":{"@id":"https:\/\/franciscanos.org.br\/noticias\/#website"},"primaryImageOfPage":{"@id":"https:\/\/franciscanos.org.br\/noticias\/o-missionario-nao-abandona-o-lugar-onde-fincou-a-cruz-de-cristo.html#primaryimage"},"datePublished":"2022-09-26T10:32:27+00:00","dateModified":"2022-09-26T10:32:27+00:00","author":{"@id":"https:\/\/franciscanos.org.br\/noticias\/#\/schema\/person\/b5c8cba458c330ccff548b056e95a5d4"},"breadcrumb":{"@id":"https:\/\/franciscanos.org.br\/noticias\/o-missionario-nao-abandona-o-lugar-onde-fincou-a-cruz-de-cristo.html#breadcrumb"},"inLanguage":"pt-BR","potentialAction":[{"@type":"ReadAction","target":["https:\/\/franciscanos.org.br\/noticias\/o-missionario-nao-abandona-o-lugar-onde-fincou-a-cruz-de-cristo.html"]}]},{"@type":"BreadcrumbList","@id":"https:\/\/franciscanos.org.br\/noticias\/o-missionario-nao-abandona-o-lugar-onde-fincou-a-cruz-de-cristo.html#breadcrumb","itemListElement":[{"@type":"ListItem","position":1,"name":"Home","item":"https:\/\/franciscanos.org.br\/noticias"},{"@type":"ListItem","position":2,"name":"\u201cO mission\u00e1rio n\u00e3o abandona o lugar onde fincou a cruz de Cristo\u201d"}]},{"@type":"Person","@id":"https:\/\/franciscanos.org.br\/noticias\/#\/schema\/person\/b5c8cba458c330ccff548b056e95a5d4","name":"moacir","image":{"@type":"ImageObject","inLanguage":"pt-BR","@id":"https:\/\/franciscanos.org.br\/noticias\/#\/schema\/person\/image\/","url":"https:\/\/secure.gravatar.com\/avatar\/d08aa2ce4c8dd416d4479aa8536fcf64?s=96&d=mm&r=g","contentUrl":"https:\/\/secure.gravatar.com\/avatar\/d08aa2ce4c8dd416d4479aa8536fcf64?s=96&d=mm&r=g","caption":"moacir"},"url":"https:\/\/franciscanos.org.br\/noticias\/author\/moacir"}]}},"_links":{"self":[{"href":"https:\/\/franciscanos.org.br\/noticias\/wp-json\/wp\/v2\/posts\/239828"}],"collection":[{"href":"https:\/\/franciscanos.org.br\/noticias\/wp-json\/wp\/v2\/posts"}],"about":[{"href":"https:\/\/franciscanos.org.br\/noticias\/wp-json\/wp\/v2\/types\/post"}],"author":[{"embeddable":true,"href":"https:\/\/franciscanos.org.br\/noticias\/wp-json\/wp\/v2\/users\/3"}],"replies":[{"embeddable":true,"href":"https:\/\/franciscanos.org.br\/noticias\/wp-json\/wp\/v2\/comments?post=239828"}],"version-history":[{"count":1,"href":"https:\/\/franciscanos.org.br\/noticias\/wp-json\/wp\/v2\/posts\/239828\/revisions"}],"predecessor-version":[{"id":239830,"href":"https:\/\/franciscanos.org.br\/noticias\/wp-json\/wp\/v2\/posts\/239828\/revisions\/239830"}],"wp:featuredmedia":[{"embeddable":true,"href":"https:\/\/franciscanos.org.br\/noticias\/wp-json\/wp\/v2\/media\/239829"}],"wp:attachment":[{"href":"https:\/\/franciscanos.org.br\/noticias\/wp-json\/wp\/v2\/media?parent=239828"}],"wp:term":[{"taxonomy":"category","embeddable":true,"href":"https:\/\/franciscanos.org.br\/noticias\/wp-json\/wp\/v2\/categories?post=239828"},{"taxonomy":"post_tag","embeddable":true,"href":"https:\/\/franciscanos.org.br\/noticias\/wp-json\/wp\/v2\/tags?post=239828"}],"curies":[{"name":"wp","href":"https:\/\/api.w.org\/{rel}","templated":true}]}}