{"id":239804,"date":"2022-09-25T18:13:26","date_gmt":"2022-09-25T21:13:26","guid":{"rendered":"https:\/\/franciscanos.org.br\/noticias\/?p=239804"},"modified":"2022-12-31T17:34:21","modified_gmt":"2022-12-31T20:34:21","slug":"reencontro-da-familia-franciscana-no-tempo-da-sinodalidade","status":"publish","type":"post","link":"https:\/\/franciscanos.org.br\/noticias\/reencontro-da-familia-franciscana-no-tempo-da-sinodalidade.html","title":{"rendered":"Reencontro da Fam\u00edlia Franciscana no tempo da sinodalidade"},"content":{"rendered":"<p><img loading=\"lazy\" class=\"alignnone size-full wp-image-239805\" src=\"https:\/\/franciscanos.org.br\/noticias\/wp-content\/uploads\/2022\/09\/jornada_2509_4.jpg\" alt=\"\" width=\"1280\" height=\"720\" srcset=\"https:\/\/franciscanos.org.br\/noticias\/wp-content\/uploads\/2022\/09\/jornada_2509_4.jpg 1280w, https:\/\/franciscanos.org.br\/noticias\/wp-content\/uploads\/2022\/09\/jornada_2509_4-450x253.jpg 450w, https:\/\/franciscanos.org.br\/noticias\/wp-content\/uploads\/2022\/09\/jornada_2509_4-1024x576.jpg 1024w, https:\/\/franciscanos.org.br\/noticias\/wp-content\/uploads\/2022\/09\/jornada_2509_4-768x432.jpg 768w, https:\/\/franciscanos.org.br\/noticias\/wp-content\/uploads\/2022\/09\/jornada_2509_4-150x84.jpg 150w\" sizes=\"(max-width: 1280px) 100vw, 1280px\" \/><\/p>\n<p><strong>S\u00e3o Paulo (SP)<\/strong> \u2013 Depois de dois anos de reclus\u00e3o devido \u00e0 pandemia da Covid-19 e tendo a oportunidade de refletir sobre a Sinodalidade, j\u00e1 que o S\u00ednodo dos Bispos acontece no pr\u00f3ximo ano, os franciscanos e franciscanas do Regional S\u00e3o Paulo da Fam\u00edlia Franciscana do Brasil (FFB) se reuniram, neste domingo (25\/9), no Col\u00e9gio Franciscano Jo\u00e3o XXIII, da Congrega\u00e7\u00e3o das Franciscanas Filhas da Divina Provid\u00eancia, em S\u00e3o Paulo (SP), para tamb\u00e9m celebrar a fraternidade com a proximidade das festividades do Pai Ser\u00e1fico S\u00e3o Francisco de Assis.<\/p>\n<p>O tema da Sinodalidade come\u00e7ou a ser desenvolvido j\u00e1 na Santa Missa, \u00e0s 9 horas, que foi presidida pelo Ministro Provincial dos Frades Menores Capuchinhos, Frei Arcanjo de Sousa Soares, tendo como concelebrantes Frei Agostinho Odorizzi, Ministro Provincial da Terceira Ordem Regular de S\u00e3o Francisco de Assis, que fez a homilia; o Definidor Provincial, Frei Robson Luiz Scudela, OFM, representando o Ministro Provincial Frei Paulo Roberto Pereira; Frei Jos\u00e9 Ant\u00f4nio Cruz Duarte, OFM, da Fraternidade de Bragan\u00e7a Paulista; e Frei Ant\u00f4nio Corniatti, OFMConv, representando o Ministro Provincial Frei Jos\u00e9 Hugo da Silva Santos.<\/p>\n<p><img loading=\"lazy\" class=\"alignnone size-full wp-image-239806\" src=\"https:\/\/franciscanos.org.br\/noticias\/wp-content\/uploads\/2022\/09\/jornada_2509_3.jpg\" alt=\"\" width=\"1280\" height=\"683\" srcset=\"https:\/\/franciscanos.org.br\/noticias\/wp-content\/uploads\/2022\/09\/jornada_2509_3.jpg 1280w, https:\/\/franciscanos.org.br\/noticias\/wp-content\/uploads\/2022\/09\/jornada_2509_3-450x240.jpg 450w, https:\/\/franciscanos.org.br\/noticias\/wp-content\/uploads\/2022\/09\/jornada_2509_3-1024x546.jpg 1024w, https:\/\/franciscanos.org.br\/noticias\/wp-content\/uploads\/2022\/09\/jornada_2509_3-768x410.jpg 768w, https:\/\/franciscanos.org.br\/noticias\/wp-content\/uploads\/2022\/09\/jornada_2509_3-150x80.jpg 150w\" sizes=\"(max-width: 1280px) 100vw, 1280px\" \/><\/p>\n<div id=\"attachment_239807\" style=\"width: 1290px\" class=\"wp-caption alignnone\"><img aria-describedby=\"caption-attachment-239807\" loading=\"lazy\" class=\"wp-image-239807 size-full\" src=\"https:\/\/franciscanos.org.br\/noticias\/wp-content\/uploads\/2022\/09\/jornada_09.jpg\" alt=\"\" width=\"1280\" height=\"533\" srcset=\"https:\/\/franciscanos.org.br\/noticias\/wp-content\/uploads\/2022\/09\/jornada_09.jpg 1280w, https:\/\/franciscanos.org.br\/noticias\/wp-content\/uploads\/2022\/09\/jornada_09-450x187.jpg 450w, https:\/\/franciscanos.org.br\/noticias\/wp-content\/uploads\/2022\/09\/jornada_09-1024x426.jpg 1024w, https:\/\/franciscanos.org.br\/noticias\/wp-content\/uploads\/2022\/09\/jornada_09-768x320.jpg 768w, https:\/\/franciscanos.org.br\/noticias\/wp-content\/uploads\/2022\/09\/jornada_09-150x62.jpg 150w\" sizes=\"(max-width: 1280px) 100vw, 1280px\" \/><p id=\"caption-attachment-239807\" class=\"wp-caption-text\"><em>Da esq. para dir.: Frei Jos\u00e9 Ant\u00f4nio, Frei Agostinho, Frei Arcanjo, Frei Ant\u00f4nio e Frei Robson <\/em><\/p><\/div>\n<p>O encontro reuniu a Primeira Ordem, a Ordem Franciscana Secular, franciscanos e franciscanas de diferentes Institutos e Congrega\u00e7\u00f5es e simpatizantes de S\u00e3o Francisco e Santa Clara. &#8220;A Jornada Franciscana tem o objetivo de manter vivo em nossos cora\u00e7\u00f5es ou no interno das nossas congrega\u00e7\u00f5es ou nossas Ordens esse esp\u00edrito de unidade, de partilhar a vida, de retomar a reflex\u00e3o de que \u00e9 necess\u00e1rio resgatar cada vez mais Francisco e Clara de Assis como uma resposta \u00e0 fragmenta\u00e7\u00e3o do tempo presente. Quando nos reunimos para partilhar a nossa vida, nossa hist\u00f3ria, nossos trabalhos e tamb\u00e9m colocamos em pauta os nossos desafios, \u00e9 no esp\u00edrito de unidade que buscamos caminhos novos para esses desafios do tempo presente&#8221;, disse Frei Arcanjo. Alex Sandro Bastos Ferreira, OFS, foi o animador do encontro e o moderador da Mesa Redonda.<\/p>\n<p>&#8220;Queremos retomar nosso caminho celebrando esse encontro, fazendo o exerc\u00edcio da sinodalidade entre n\u00f3s&#8221;, disse Frei Agostinho na sua homilia. &#8220;Mas, primeiramente e acima de qualquer coisa, queremos externar o sentimento mais comum que vem desde o ber\u00e7o: gratid\u00e3o a Deus pela Gra\u00e7a de poder estarmos aqui. Ningu\u00e9m pode iniciar o dia sem antes agradecer a Deus. \u00c9 assim que aprendemos com nossos pais. E, como franciscanos, rezamos &#8216;Louvado seja Nosso Senhor Jesus Cristo. Para sempre seja louvado!&#8217; N\u00f3s sobrevivemos, mas muitos de nossos irm\u00e3os partiram e nos deixaram presencialmente. E muitos se foram n\u00e3o apenas por causa da pandemia em si, mas sim pelo esp\u00edrito de trevas que se apoderou de n\u00f3s, tornando-nos indiferentes com o tratar e lidar com a vida, em especial a humana&#8221;, lamentou o pregador.<\/p>\n<div id=\"attachment_239808\" style=\"width: 1290px\" class=\"wp-caption alignnone\"><img aria-describedby=\"caption-attachment-239808\" loading=\"lazy\" class=\"wp-image-239808 size-full\" src=\"https:\/\/franciscanos.org.br\/noticias\/wp-content\/uploads\/2022\/09\/jornada_06.jpg\" alt=\"\" width=\"1280\" height=\"979\" srcset=\"https:\/\/franciscanos.org.br\/noticias\/wp-content\/uploads\/2022\/09\/jornada_06.jpg 1280w, https:\/\/franciscanos.org.br\/noticias\/wp-content\/uploads\/2022\/09\/jornada_06-450x344.jpg 450w, https:\/\/franciscanos.org.br\/noticias\/wp-content\/uploads\/2022\/09\/jornada_06-1024x783.jpg 1024w, https:\/\/franciscanos.org.br\/noticias\/wp-content\/uploads\/2022\/09\/jornada_06-768x587.jpg 768w, https:\/\/franciscanos.org.br\/noticias\/wp-content\/uploads\/2022\/09\/jornada_06-150x115.jpg 150w\" sizes=\"(max-width: 1280px) 100vw, 1280px\" \/><p id=\"caption-attachment-239808\" class=\"wp-caption-text\"><em>Frei Agostinho fez a homilia da Santa Missa<\/em><\/p><\/div>\n<p>Frei Agostinho lembrou tamb\u00e9m que esse encontro ocorria justamente no dia em que a Igreja celebra o Dia da B\u00edblia: &#8220;A B\u00edblia \u00e9 e sempre ser\u00e1 fonte de inspira\u00e7\u00e3o e seguran\u00e7a para todos que s\u00e3o apaixonados pela Trindade Santa. Ao mesmo tempo provoca em n\u00f3s inquieta\u00e7\u00f5es, porque assim \u00e9 Deus para os que O temem&#8221;.<\/p>\n<p>Ao falar sobre sinodalidade, recordou que, por mais bela e desafiadora que seja a constru\u00e7\u00e3o de nossa hist\u00f3ria como franciscano e franciscana, religioso e religiosa, leigo e leiga, e jovem, n\u00e3o pode ser constru\u00edda e vivenciada no isolamento, para que n\u00e3o se corra o risco de se perder a raz\u00e3o principal de nossa exist\u00eancia, que \u00e9 a comunh\u00e3o entre n\u00f3s, renovando assim o nosso maior patrim\u00f4nio que \u00e9 o nosso carisma. &#8220;A busca constante da nossa comunh\u00e3o enquanto fam\u00edlia \u00e9 fundamental para a a\u00e7\u00e3o do Esp\u00edrito Sato de Deus para nos animar e renovar e nos fortalecer na busca de novos caminhos que nos ajudem superar nossas chagas e a caminhar juntos, sentindo a dor das chagas de nosso povo em todas as dimens\u00f5es de sua vida cotidiana, como a fome, viol\u00eancia, racismo, discrimina\u00e7\u00e3o, abandono, desemprego&#8230; enfim, a dor de tantas dores como as dos enlutados na perda de seus ente queridos pela pandemia ou qualquer tipo de viol\u00eancia t\u00e3o presente nas realidades de pobreza em nosso pa\u00eds&#8221;, denunciou.<\/p>\n<p>&#8220;Para que nossa comunh\u00e3o seja franciscanamente eficaz e sinodal em defesa da vida, como nos prop\u00f5e o Papa Francisco, faz-se necess\u00e1rio voltar a S\u00e3o Francisco quando este nos chama a viver a pr\u00e1tica da perfei\u00e7\u00e3o do Evangelho. E voltar a Santa Clara quando esta nos prop\u00f5e a nunca perdermos o ponto de partida&#8221;, indicou Frei Agostinho.<\/p>\n<div id=\"attachment_239816\" style=\"width: 1290px\" class=\"wp-caption alignnone\"><img aria-describedby=\"caption-attachment-239816\" loading=\"lazy\" class=\"wp-image-239816 size-full\" src=\"https:\/\/franciscanos.org.br\/noticias\/wp-content\/uploads\/2022\/09\/jornada_12.jpg\" alt=\"\" width=\"1280\" height=\"960\" srcset=\"https:\/\/franciscanos.org.br\/noticias\/wp-content\/uploads\/2022\/09\/jornada_12.jpg 1280w, https:\/\/franciscanos.org.br\/noticias\/wp-content\/uploads\/2022\/09\/jornada_12-450x338.jpg 450w, https:\/\/franciscanos.org.br\/noticias\/wp-content\/uploads\/2022\/09\/jornada_12-1024x768.jpg 1024w, https:\/\/franciscanos.org.br\/noticias\/wp-content\/uploads\/2022\/09\/jornada_12-768x576.jpg 768w, https:\/\/franciscanos.org.br\/noticias\/wp-content\/uploads\/2022\/09\/jornada_12-150x113.jpg 150w, https:\/\/franciscanos.org.br\/noticias\/wp-content\/uploads\/2022\/09\/jornada_12-600x450.jpg 600w\" sizes=\"(max-width: 1280px) 100vw, 1280px\" \/><p id=\"caption-attachment-239816\" class=\"wp-caption-text\"><em>Congrega\u00e7\u00e3o das Franciscanas Filhas da Divina Provid\u00eancia<\/em><\/p><\/div>\n<p>O pregador tomou o Evangelho do dia [que apresenta a par\u00e1bola de um homem rico sem nome mas que se vestia de roupas finas e dava festas espl\u00eandidas em contraste com o pobre que tem nome e t\u00eam dificuldade em se servir das sobras de comida que os cachorros comiam] para citr que o evangelista Lucas d\u00e1 entender que o rico passou sua vida sem olhar para o estado de vida do pobre. &#8220;Ser indiferente com a vida na sua plenitude, sem nenhum peso na consci\u00eancia e sem o esp\u00edrito de empatia, \u00e9 negar a presen\u00e7a do outro, \u00e9 negar o pr\u00f3prio Deus, algo inadmiss\u00edvel para quem tem o privil\u00e9gio de ser protagonista no testemunhar a fraternidade universal em comunh\u00e3o e cuidado com toda a cria\u00e7\u00e3o e todos os seus mist\u00e9rios&#8221;, alertou, citando o Papa Francisco: &#8220;A indiferen\u00e7a causa um abismo intranspon\u00edvel. N\u00e3o podemos continuar a cavar a vala da indiferen\u00e7a entre n\u00f3s seres humanos continuar a comprometer toda a cria\u00e7\u00e3o&#8221;.<\/p>\n<p>&#8220;Que nossa contribui\u00e7\u00e3o enquanto Fam\u00edlia Franciscana para o S\u00ednodo como nos \u00e9 proposto pelo Papa Francisco se estenda tamb\u00e9m no reconhecer e testemunhar o Cristo ressuscitado na partilha, na solidariedade e na constru\u00e7\u00e3o de um mundo feito miseric\u00f3rdia para, assim, sempre fugir da tenta\u00e7\u00e3o da indiferen\u00e7a e do individualismo, buscando amparo na perfei\u00e7\u00e3o das palavras de S\u00e3o Paulo quando esse lhe diz a Tim\u00f3teo: &#8216;Tu que \u00e9s um homem de Deus, foge das coisas perversas, procura a justi\u00e7a, a piedade, a f\u00e9, o amor, a firmeza, a mansid\u00e3o&#8217;. E, assim, o nosso carisma franciscano n\u00e3o deixar\u00e1 de ouvir e responder ao grito de S\u00e3o Francisco que ecoa fortemente hoje no ventre da cria\u00e7\u00e3o: &#8216;O amor n\u00e3o \u00e9 amado'&#8221;, concluiu Frei Agostinho.<\/p>\n<p><img loading=\"lazy\" class=\"alignnone size-full wp-image-239809\" src=\"https:\/\/franciscanos.org.br\/noticias\/wp-content\/uploads\/2022\/09\/jornada_2509_2.jpg\" alt=\"\" width=\"1280\" height=\"877\" srcset=\"https:\/\/franciscanos.org.br\/noticias\/wp-content\/uploads\/2022\/09\/jornada_2509_2.jpg 1280w, https:\/\/franciscanos.org.br\/noticias\/wp-content\/uploads\/2022\/09\/jornada_2509_2-450x308.jpg 450w, https:\/\/franciscanos.org.br\/noticias\/wp-content\/uploads\/2022\/09\/jornada_2509_2-1024x702.jpg 1024w, https:\/\/franciscanos.org.br\/noticias\/wp-content\/uploads\/2022\/09\/jornada_2509_2-768x526.jpg 768w, https:\/\/franciscanos.org.br\/noticias\/wp-content\/uploads\/2022\/09\/jornada_2509_2-150x103.jpg 150w, https:\/\/franciscanos.org.br\/noticias\/wp-content\/uploads\/2022\/09\/jornada_2509_2-320x220.jpg 320w\" sizes=\"(max-width: 1280px) 100vw, 1280px\" \/><\/p>\n\n\t\t<style type=\"text\/css\">\n\t\t\t#gallery-1 {\n\t\t\t\tmargin: auto;\n\t\t\t}\n\t\t\t#gallery-1 .gallery-item {\n\t\t\t\tfloat: left;\n\t\t\t\tmargin-top: 10px;\n\t\t\t\ttext-align: center;\n\t\t\t\twidth: 20%;\n\t\t\t}\n\t\t\t#gallery-1 img {\n\t\t\t\tborder: 2px solid #cfcfcf;\n\t\t\t}\n\t\t\t#gallery-1 .gallery-caption {\n\t\t\t\tmargin-left: 0;\n\t\t\t}\n\t\t\t\/* see gallery_shortcode() in wp-includes\/media.php *\/\n\t\t<\/style>\n\t\t<div id='gallery-1' class='gallery galleryid-239804 gallery-columns-5 gallery-size-thumbnail'><dl class='gallery-item'>\n\t\t\t<dt class='gallery-icon landscape'>\n\t\t\t\t<a href='https:\/\/franciscanos.org.br\/noticias\/wp-content\/uploads\/2022\/09\/jornada_01.jpg'><img width=\"300\" height=\"300\" src=\"https:\/\/franciscanos.org.br\/noticias\/wp-content\/uploads\/2022\/09\/jornada_01-300x300.jpg\" class=\"attachment-thumbnail size-thumbnail\" alt=\"\" loading=\"lazy\" aria-describedby=\"gallery-1-239810\" srcset=\"https:\/\/franciscanos.org.br\/noticias\/wp-content\/uploads\/2022\/09\/jornada_01-300x300.jpg 300w, https:\/\/franciscanos.org.br\/noticias\/wp-content\/uploads\/2022\/09\/jornada_01-100x100.jpg 100w\" sizes=\"(max-width: 300px) 100vw, 300px\" \/><\/a>\n\t\t\t<\/dt>\n\t\t\t\t<dd class='wp-caption-text gallery-caption' id='gallery-1-239810'>\n\t\t\t\tFrei Jos\u00e9 Ant\u00f4nio\n\t\t\t\t<\/dd><\/dl><dl class='gallery-item'>\n\t\t\t<dt class='gallery-icon landscape'>\n\t\t\t\t<a href='https:\/\/franciscanos.org.br\/noticias\/wp-content\/uploads\/2022\/09\/jornada_03.jpg'><img width=\"300\" height=\"300\" src=\"https:\/\/franciscanos.org.br\/noticias\/wp-content\/uploads\/2022\/09\/jornada_03-300x300.jpg\" class=\"attachment-thumbnail size-thumbnail\" alt=\"\" loading=\"lazy\" aria-describedby=\"gallery-1-239811\" srcset=\"https:\/\/franciscanos.org.br\/noticias\/wp-content\/uploads\/2022\/09\/jornada_03-300x300.jpg 300w, https:\/\/franciscanos.org.br\/noticias\/wp-content\/uploads\/2022\/09\/jornada_03-100x100.jpg 100w\" sizes=\"(max-width: 300px) 100vw, 300px\" \/><\/a>\n\t\t\t<\/dt>\n\t\t\t\t<dd class='wp-caption-text gallery-caption' id='gallery-1-239811'>\n\t\t\t\t\u00c2ngelo e Jaqueline\n\t\t\t\t<\/dd><\/dl><dl class='gallery-item'>\n\t\t\t<dt class='gallery-icon landscape'>\n\t\t\t\t<a href='https:\/\/franciscanos.org.br\/noticias\/wp-content\/uploads\/2022\/09\/jornada_04.jpg'><img width=\"300\" height=\"300\" src=\"https:\/\/franciscanos.org.br\/noticias\/wp-content\/uploads\/2022\/09\/jornada_04-300x300.jpg\" class=\"attachment-thumbnail size-thumbnail\" alt=\"\" loading=\"lazy\" aria-describedby=\"gallery-1-239812\" srcset=\"https:\/\/franciscanos.org.br\/noticias\/wp-content\/uploads\/2022\/09\/jornada_04-300x300.jpg 300w, https:\/\/franciscanos.org.br\/noticias\/wp-content\/uploads\/2022\/09\/jornada_04-100x100.jpg 100w\" sizes=\"(max-width: 300px) 100vw, 300px\" \/><\/a>\n\t\t\t<\/dt>\n\t\t\t\t<dd class='wp-caption-text gallery-caption' id='gallery-1-239812'>\n\t\t\t\tFrei Marcelo Toyansk\n\t\t\t\t<\/dd><\/dl><dl class='gallery-item'>\n\t\t\t<dt class='gallery-icon landscape'>\n\t\t\t\t<a href='https:\/\/franciscanos.org.br\/noticias\/wp-content\/uploads\/2022\/09\/jornada_05.jpg'><img width=\"300\" height=\"300\" src=\"https:\/\/franciscanos.org.br\/noticias\/wp-content\/uploads\/2022\/09\/jornada_05-300x300.jpg\" class=\"attachment-thumbnail size-thumbnail\" alt=\"\" loading=\"lazy\" aria-describedby=\"gallery-1-239813\" srcset=\"https:\/\/franciscanos.org.br\/noticias\/wp-content\/uploads\/2022\/09\/jornada_05-300x300.jpg 300w, https:\/\/franciscanos.org.br\/noticias\/wp-content\/uploads\/2022\/09\/jornada_05-100x100.jpg 100w\" sizes=\"(max-width: 300px) 100vw, 300px\" \/><\/a>\n\t\t\t<\/dt>\n\t\t\t\t<dd class='wp-caption-text gallery-caption' id='gallery-1-239813'>\n\t\t\t\tFrei Rodrigo\n\t\t\t\t<\/dd><\/dl><dl class='gallery-item'>\n\t\t\t<dt class='gallery-icon landscape'>\n\t\t\t\t<a href='https:\/\/franciscanos.org.br\/noticias\/wp-content\/uploads\/2022\/09\/jornada-02.jpg'><img width=\"300\" height=\"300\" src=\"https:\/\/franciscanos.org.br\/noticias\/wp-content\/uploads\/2022\/09\/jornada-02-300x300.jpg\" class=\"attachment-thumbnail size-thumbnail\" alt=\"\" loading=\"lazy\" aria-describedby=\"gallery-1-239814\" srcset=\"https:\/\/franciscanos.org.br\/noticias\/wp-content\/uploads\/2022\/09\/jornada-02-300x300.jpg 300w, https:\/\/franciscanos.org.br\/noticias\/wp-content\/uploads\/2022\/09\/jornada-02-100x100.jpg 100w\" sizes=\"(max-width: 300px) 100vw, 300px\" \/><\/a>\n\t\t\t<\/dt>\n\t\t\t\t<dd class='wp-caption-text gallery-caption' id='gallery-1-239814'>\n\t\t\t\tAna Carlota Vieira\n\t\t\t\t<\/dd><\/dl><br style=\"clear: both\" \/>\n\t\t<\/div>\n\n<p><strong>MESA REDONDA SOBRE O TEMA<\/strong><\/p>\n<p>Em seguida, \u00e0s 10 horas, come\u00e7ou a Mesa Redonda com o tema \u201cSinodalidade na Fraternidade Franciscana&#8221;, tendo em vista a prepara\u00e7\u00e3o para o S\u00ednodo 2021-2023, que reflete sobre o tema:\u00a0 \u201cPara uma Igreja sinodal: comunh\u00e3o, participa\u00e7\u00e3o e miss\u00e3o\u201d. Este tema foi dividido em subtemas, com cinco palestrantes.<\/p>\n<p>Primeiro falou Frei Jose Ant\u00f4nio Cruz Duarte, OFM, sobre &#8220;Sinodalidade na Espiritualidade Franciscana, acentuando as rela\u00e7\u00f5es fraternas&#8221;. Segundo o frade, sinodalidade vem da palavra &#8216;s\u00ednodo&#8217;, que significa &#8216;caminhar juntos&#8217;, caminhar na mesma dire\u00e7\u00e3o. &#8220;Um s\u00edmbolo de caminhar juntos \u00e9 o arco-\u00edris. Cada um com sua cor, com seu modo de vida, mas todos caminhando juntos&#8221;, disse. Ele lembrou que o Papa Francisco nos deixa tr\u00eas palavras, que s\u00e3o tr\u00eas verbos, para essa reflex\u00e3o: Encontrar, escutar, discernir.<\/p>\n<p>Frei Rodrigo da Silva Santos, OFM, secret\u00e1rio da Prov\u00edncia Franciscana da Imaculada Concei\u00e7\u00e3o, falou sobre &#8220;Sinodalidade e a Palavra de Deus&#8221;. O S\u00ednodo \u00e9 um caminho de discernimento espiritual, de discernimento eclesial, que se faz na adora\u00e7\u00e3o, na ora\u00e7\u00e3o, em contato com a Palavra de Deus.<\/p>\n\n\t\t<style type=\"text\/css\">\n\t\t\t#gallery-2 {\n\t\t\t\tmargin: auto;\n\t\t\t}\n\t\t\t#gallery-2 .gallery-item {\n\t\t\t\tfloat: left;\n\t\t\t\tmargin-top: 10px;\n\t\t\t\ttext-align: center;\n\t\t\t\twidth: 14%;\n\t\t\t}\n\t\t\t#gallery-2 img {\n\t\t\t\tborder: 2px solid #cfcfcf;\n\t\t\t}\n\t\t\t#gallery-2 .gallery-caption {\n\t\t\t\tmargin-left: 0;\n\t\t\t}\n\t\t\t\/* see gallery_shortcode() in wp-includes\/media.php *\/\n\t\t<\/style>\n\t\t<div id='gallery-2' class='gallery galleryid-239804 gallery-columns-7 gallery-size-thumbnail'><dl class='gallery-item'>\n\t\t\t<dt class='gallery-icon landscape'>\n\t\t\t\t<a href='https:\/\/franciscanos.org.br\/noticias\/wp-content\/uploads\/2022\/09\/jornada_10.jpg'><img width=\"300\" height=\"300\" src=\"https:\/\/franciscanos.org.br\/noticias\/wp-content\/uploads\/2022\/09\/jornada_10-300x300.jpg\" class=\"attachment-thumbnail size-thumbnail\" alt=\"\" loading=\"lazy\" srcset=\"https:\/\/franciscanos.org.br\/noticias\/wp-content\/uploads\/2022\/09\/jornada_10-300x300.jpg 300w, https:\/\/franciscanos.org.br\/noticias\/wp-content\/uploads\/2022\/09\/jornada_10-100x100.jpg 100w\" sizes=\"(max-width: 300px) 100vw, 300px\" \/><\/a>\n\t\t\t<\/dt><\/dl><dl class='gallery-item'>\n\t\t\t<dt class='gallery-icon landscape'>\n\t\t\t\t<a href='https:\/\/franciscanos.org.br\/noticias\/wp-content\/uploads\/2022\/09\/jornada_11.jpg'><img width=\"300\" height=\"300\" src=\"https:\/\/franciscanos.org.br\/noticias\/wp-content\/uploads\/2022\/09\/jornada_11-300x300.jpg\" class=\"attachment-thumbnail size-thumbnail\" alt=\"\" loading=\"lazy\" srcset=\"https:\/\/franciscanos.org.br\/noticias\/wp-content\/uploads\/2022\/09\/jornada_11-300x300.jpg 300w, https:\/\/franciscanos.org.br\/noticias\/wp-content\/uploads\/2022\/09\/jornada_11-100x100.jpg 100w\" sizes=\"(max-width: 300px) 100vw, 300px\" \/><\/a>\n\t\t\t<\/dt><\/dl><dl class='gallery-item'>\n\t\t\t<dt class='gallery-icon landscape'>\n\t\t\t\t<a href='https:\/\/franciscanos.org.br\/noticias\/wp-content\/uploads\/2022\/09\/jornada_13.jpg'><img width=\"300\" height=\"300\" src=\"https:\/\/franciscanos.org.br\/noticias\/wp-content\/uploads\/2022\/09\/jornada_13-300x300.jpg\" class=\"attachment-thumbnail size-thumbnail\" alt=\"\" loading=\"lazy\" srcset=\"https:\/\/franciscanos.org.br\/noticias\/wp-content\/uploads\/2022\/09\/jornada_13-300x300.jpg 300w, https:\/\/franciscanos.org.br\/noticias\/wp-content\/uploads\/2022\/09\/jornada_13-100x100.jpg 100w\" sizes=\"(max-width: 300px) 100vw, 300px\" \/><\/a>\n\t\t\t<\/dt><\/dl><dl class='gallery-item'>\n\t\t\t<dt class='gallery-icon landscape'>\n\t\t\t\t<a href='https:\/\/franciscanos.org.br\/noticias\/wp-content\/uploads\/2022\/09\/jornada_14.jpg'><img width=\"300\" height=\"300\" src=\"https:\/\/franciscanos.org.br\/noticias\/wp-content\/uploads\/2022\/09\/jornada_14-300x300.jpg\" class=\"attachment-thumbnail size-thumbnail\" alt=\"\" loading=\"lazy\" srcset=\"https:\/\/franciscanos.org.br\/noticias\/wp-content\/uploads\/2022\/09\/jornada_14-300x300.jpg 300w, https:\/\/franciscanos.org.br\/noticias\/wp-content\/uploads\/2022\/09\/jornada_14-100x100.jpg 100w\" sizes=\"(max-width: 300px) 100vw, 300px\" \/><\/a>\n\t\t\t<\/dt><\/dl><dl class='gallery-item'>\n\t\t\t<dt class='gallery-icon landscape'>\n\t\t\t\t<a href='https:\/\/franciscanos.org.br\/noticias\/wp-content\/uploads\/2022\/09\/jornada_15.jpg'><img width=\"300\" height=\"300\" src=\"https:\/\/franciscanos.org.br\/noticias\/wp-content\/uploads\/2022\/09\/jornada_15-300x300.jpg\" class=\"attachment-thumbnail size-thumbnail\" alt=\"\" loading=\"lazy\" srcset=\"https:\/\/franciscanos.org.br\/noticias\/wp-content\/uploads\/2022\/09\/jornada_15-300x300.jpg 300w, https:\/\/franciscanos.org.br\/noticias\/wp-content\/uploads\/2022\/09\/jornada_15-100x100.jpg 100w\" sizes=\"(max-width: 300px) 100vw, 300px\" \/><\/a>\n\t\t\t<\/dt><\/dl><dl class='gallery-item'>\n\t\t\t<dt class='gallery-icon landscape'>\n\t\t\t\t<a href='https:\/\/franciscanos.org.br\/noticias\/wp-content\/uploads\/2022\/09\/jornada_16.jpg'><img width=\"300\" height=\"300\" src=\"https:\/\/franciscanos.org.br\/noticias\/wp-content\/uploads\/2022\/09\/jornada_16-300x300.jpg\" class=\"attachment-thumbnail size-thumbnail\" alt=\"\" loading=\"lazy\" srcset=\"https:\/\/franciscanos.org.br\/noticias\/wp-content\/uploads\/2022\/09\/jornada_16-300x300.jpg 300w, https:\/\/franciscanos.org.br\/noticias\/wp-content\/uploads\/2022\/09\/jornada_16-100x100.jpg 100w\" sizes=\"(max-width: 300px) 100vw, 300px\" \/><\/a>\n\t\t\t<\/dt><\/dl><dl class='gallery-item'>\n\t\t\t<dt class='gallery-icon landscape'>\n\t\t\t\t<a href='https:\/\/franciscanos.org.br\/noticias\/wp-content\/uploads\/2022\/09\/jornada_2509_1.jpg'><img width=\"300\" height=\"300\" src=\"https:\/\/franciscanos.org.br\/noticias\/wp-content\/uploads\/2022\/09\/jornada_2509_1-300x300.jpg\" class=\"attachment-thumbnail size-thumbnail\" alt=\"\" loading=\"lazy\" srcset=\"https:\/\/franciscanos.org.br\/noticias\/wp-content\/uploads\/2022\/09\/jornada_2509_1-300x300.jpg 300w, https:\/\/franciscanos.org.br\/noticias\/wp-content\/uploads\/2022\/09\/jornada_2509_1-100x100.jpg 100w\" sizes=\"(max-width: 300px) 100vw, 300px\" \/><\/a>\n\t\t\t<\/dt><\/dl><br style=\"clear: both\" \/>\n\t\t<\/div>\n\n<p><em>\u00a0 \u00a0(toque nas imagens para ampli\u00e1-las)<\/em><\/p>\n<p>Frei Marcelo Toyansk, OFMCap, falou sobre &#8220;Sinodalidade e a Casa Comum&#8221;, lembrando os ensinamentos do Papa Francisco na <em>Laudato Si&#8217;<\/em>. Segundo ele, a ecologia integral afirma que os humanos s\u00e3o parte de um mundo mais amplo e exige \u201csolu\u00e7\u00f5es integrais que considerem as intera\u00e7\u00f5es dos sistemas naturais entre si e com os sistemas sociais\u201d (LS 139).<\/p>\n<p>\u00c2ngelo e Jaqueline Vaz Rosa, OFS, da Fraternidade S\u00e3o Francisco de Assis, da Vila Clementino, falaram de um tema importante \u00e0s v\u00e9speras das elei\u00e7\u00f5es. &#8220;Sinodalidade e Cidadania&#8221;. Segundo o casal, n\u00e3o basta o cat\u00f3lico ser solid\u00e1rio com o pr\u00f3ximo, mas \u00e9 preciso participar na gest\u00e3o da coisa p\u00fablica ampliando, com isso, o bem comum. O casal recordou que o franciscano \u00e9 chamado a ser mais atuante e recordou a Carta aos Governantes do Santo de Assis . &#8220;A todos os podest\u00e1s e c\u00f4nsules, ju\u00edzes e governadores em toda a terra e a todos os outros aos quais chegar esta carta, Frei Francisco, vosso servo pequenino e desprez\u00edvel no Senhor Deus, desejando a todos v\u00f3s sa\u00fade e paz.\u00a0 Considerai e vede que o dia da morte se aproxima (cfr. Gn 47,29). Por isso eu vos rogo com rever\u00eancia, como posso, que, por causa dos cuidados e solicitudes deste s\u00e9culo (cfr. Mt 13,22), que tendes, n\u00e3o entregueis o Senhor ao esquecimento nem vos desvieis de seus mandamentos, porque todos aqueles, que o entregam ao esquecimento e se desviam de seus mandamentos s\u00e3o malditos (cfr. Sl 118,21) e ser\u00e3o por ele lan\u00e7ados no esquecimento (Ez 33,13)&#8221;.<\/p>\n<p>E Ana Carlota Vieira, psic\u00f3loga e professora, falou da &#8220;Sinodalidade na Educa\u00e7\u00e3o&#8221;. O que difere uma escola franciscana de outras escolas formais? perguntou.<\/p>\n<p><img loading=\"lazy\" class=\"alignnone size-full wp-image-239815\" src=\"https:\/\/franciscanos.org.br\/noticias\/wp-content\/uploads\/2022\/09\/jornada_2509.jpg\" alt=\"\" width=\"1280\" height=\"428\" srcset=\"https:\/\/franciscanos.org.br\/noticias\/wp-content\/uploads\/2022\/09\/jornada_2509.jpg 1280w, https:\/\/franciscanos.org.br\/noticias\/wp-content\/uploads\/2022\/09\/jornada_2509-450x150.jpg 450w, https:\/\/franciscanos.org.br\/noticias\/wp-content\/uploads\/2022\/09\/jornada_2509-1024x342.jpg 1024w, https:\/\/franciscanos.org.br\/noticias\/wp-content\/uploads\/2022\/09\/jornada_2509-768x257.jpg 768w, https:\/\/franciscanos.org.br\/noticias\/wp-content\/uploads\/2022\/09\/jornada_2509-150x50.jpg 150w\" sizes=\"(max-width: 1280px) 100vw, 1280px\" \/><\/p>\n<p>\u00c0 tarde, na segunda parte do encontro, os participantes puderam se reunir em grupos para estudar o tema e tirar as conclus\u00f5es. Em seguida foi feita a M\u00edstica de encerramento e uma apresenta\u00e7\u00e3o do teatro.<\/p>\n<p>A primeira Jornada Franciscana realizou-se por ocasi\u00e3o do 8\u00ba Centen\u00e1rio do Nascimento de S\u00e3o Francisco de Assis. S\u00e3o 39 anos de encontros e reflex\u00e3o, com a interrup\u00e7\u00e3o de dois anos durante a pandemia, sobre a presen\u00e7a Franciscana em S\u00e3o Paulo.<\/p>\n<hr \/>\n<p>CFFB &#8211; Confer\u00eancia da Fam\u00edlia Franciscana do Brasil &#8211; Regional S\u00e3o Paulo<\/p>\n<p>Informa\u00e7\u00f5es: regionalsp.cffb@gmail.com<\/p>\n<hr \/>\n<p><em>Comunica\u00e7\u00e3o da\u00a0 Prov\u00edncia da Imaculada<\/em><\/p>\n","protected":false},"excerpt":{"rendered":"<p>Jornada Franciscana <\/p>\n","protected":false},"author":3,"featured_media":239805,"comment_status":"open","ping_status":"open","sticky":false,"template":"","format":"standard","meta":[],"categories":[1],"tags":[203,436],"acf":[],"yoast_head":"<!-- This site is optimized with the Yoast SEO plugin v19.2 - https:\/\/yoast.com\/wordpress\/plugins\/seo\/ -->\n<title>Reencontro da Fam\u00edlia Franciscana no tempo da sinodalidade - Not\u00edcias - Franciscanos<\/title>\n<meta name=\"robots\" content=\"index, follow, max-snippet:-1, max-image-preview:large, max-video-preview:-1\" \/>\n<link rel=\"canonical\" href=\"https:\/\/franciscanos.org.br\/noticias\/reencontro-da-familia-franciscana-no-tempo-da-sinodalidade.html\" \/>\n<meta property=\"og:locale\" content=\"pt_BR\" \/>\n<meta property=\"og:type\" content=\"article\" \/>\n<meta property=\"og:title\" content=\"Reencontro da Fam\u00edlia Franciscana no tempo da sinodalidade - Not\u00edcias - Franciscanos\" \/>\n<meta property=\"og:description\" content=\"Jornada Franciscana\" \/>\n<meta property=\"og:url\" content=\"https:\/\/franciscanos.org.br\/noticias\/reencontro-da-familia-franciscana-no-tempo-da-sinodalidade.html\" \/>\n<meta property=\"og:site_name\" content=\"Not\u00edcias - Franciscanos\" \/>\n<meta property=\"article:published_time\" content=\"2022-09-25T21:13:26+00:00\" \/>\n<meta property=\"article:modified_time\" content=\"2022-12-31T20:34:21+00:00\" \/>\n<meta property=\"og:image\" content=\"https:\/\/franciscanos.org.br\/noticias\/wp-content\/uploads\/2022\/09\/jornada_2509_4.jpg\" \/>\n\t<meta property=\"og:image:width\" content=\"1280\" \/>\n\t<meta property=\"og:image:height\" content=\"720\" \/>\n\t<meta property=\"og:image:type\" content=\"image\/jpeg\" \/>\n<meta name=\"author\" content=\"moacir\" \/>\n<meta name=\"twitter:card\" content=\"summary_large_image\" \/>\n<meta name=\"twitter:label1\" content=\"Escrito por\" \/>\n\t<meta name=\"twitter:data1\" content=\"moacir\" \/>\n\t<meta name=\"twitter:label2\" content=\"Est. tempo de leitura\" \/>\n\t<meta name=\"twitter:data2\" content=\"11 minutos\" \/>\n<script type=\"application\/ld+json\" class=\"yoast-schema-graph\">{\"@context\":\"https:\/\/schema.org\",\"@graph\":[{\"@type\":\"WebSite\",\"@id\":\"https:\/\/franciscanos.org.br\/noticias\/#website\",\"url\":\"https:\/\/franciscanos.org.br\/noticias\/\",\"name\":\"Not\u00edcias - Franciscanos\",\"description\":\"Prov\u00edncia Franciscana da Imaculada Concei\u00e7\u00e3o do Brasil - Ordem dos Frades Menores - OFM\",\"potentialAction\":[{\"@type\":\"SearchAction\",\"target\":{\"@type\":\"EntryPoint\",\"urlTemplate\":\"https:\/\/franciscanos.org.br\/noticias\/?s={search_term_string}\"},\"query-input\":\"required name=search_term_string\"}],\"inLanguage\":\"pt-BR\"},{\"@type\":\"ImageObject\",\"inLanguage\":\"pt-BR\",\"@id\":\"https:\/\/franciscanos.org.br\/noticias\/reencontro-da-familia-franciscana-no-tempo-da-sinodalidade.html#primaryimage\",\"url\":\"https:\/\/franciscanos.org.br\/noticias\/wp-content\/uploads\/2022\/09\/jornada_2509_4.jpg\",\"contentUrl\":\"https:\/\/franciscanos.org.br\/noticias\/wp-content\/uploads\/2022\/09\/jornada_2509_4.jpg\",\"width\":1280,\"height\":720},{\"@type\":\"WebPage\",\"@id\":\"https:\/\/franciscanos.org.br\/noticias\/reencontro-da-familia-franciscana-no-tempo-da-sinodalidade.html#webpage\",\"url\":\"https:\/\/franciscanos.org.br\/noticias\/reencontro-da-familia-franciscana-no-tempo-da-sinodalidade.html\",\"name\":\"Reencontro da Fam\u00edlia Franciscana no tempo da sinodalidade - Not\u00edcias - Franciscanos\",\"isPartOf\":{\"@id\":\"https:\/\/franciscanos.org.br\/noticias\/#website\"},\"primaryImageOfPage\":{\"@id\":\"https:\/\/franciscanos.org.br\/noticias\/reencontro-da-familia-franciscana-no-tempo-da-sinodalidade.html#primaryimage\"},\"datePublished\":\"2022-09-25T21:13:26+00:00\",\"dateModified\":\"2022-12-31T20:34:21+00:00\",\"author\":{\"@id\":\"https:\/\/franciscanos.org.br\/noticias\/#\/schema\/person\/b5c8cba458c330ccff548b056e95a5d4\"},\"breadcrumb\":{\"@id\":\"https:\/\/franciscanos.org.br\/noticias\/reencontro-da-familia-franciscana-no-tempo-da-sinodalidade.html#breadcrumb\"},\"inLanguage\":\"pt-BR\",\"potentialAction\":[{\"@type\":\"ReadAction\",\"target\":[\"https:\/\/franciscanos.org.br\/noticias\/reencontro-da-familia-franciscana-no-tempo-da-sinodalidade.html\"]}]},{\"@type\":\"BreadcrumbList\",\"@id\":\"https:\/\/franciscanos.org.br\/noticias\/reencontro-da-familia-franciscana-no-tempo-da-sinodalidade.html#breadcrumb\",\"itemListElement\":[{\"@type\":\"ListItem\",\"position\":1,\"name\":\"Home\",\"item\":\"https:\/\/franciscanos.org.br\/noticias\"},{\"@type\":\"ListItem\",\"position\":2,\"name\":\"Reencontro da Fam\u00edlia Franciscana no tempo da sinodalidade\"}]},{\"@type\":\"Person\",\"@id\":\"https:\/\/franciscanos.org.br\/noticias\/#\/schema\/person\/b5c8cba458c330ccff548b056e95a5d4\",\"name\":\"moacir\",\"image\":{\"@type\":\"ImageObject\",\"inLanguage\":\"pt-BR\",\"@id\":\"https:\/\/franciscanos.org.br\/noticias\/#\/schema\/person\/image\/\",\"url\":\"https:\/\/secure.gravatar.com\/avatar\/d08aa2ce4c8dd416d4479aa8536fcf64?s=96&d=mm&r=g\",\"contentUrl\":\"https:\/\/secure.gravatar.com\/avatar\/d08aa2ce4c8dd416d4479aa8536fcf64?s=96&d=mm&r=g\",\"caption\":\"moacir\"},\"url\":\"https:\/\/franciscanos.org.br\/noticias\/author\/moacir\"}]}<\/script>\n<!-- \/ Yoast SEO plugin. -->","yoast_head_json":{"title":"Reencontro da Fam\u00edlia Franciscana no tempo da sinodalidade - Not\u00edcias - Franciscanos","robots":{"index":"index","follow":"follow","max-snippet":"max-snippet:-1","max-image-preview":"max-image-preview:large","max-video-preview":"max-video-preview:-1"},"canonical":"https:\/\/franciscanos.org.br\/noticias\/reencontro-da-familia-franciscana-no-tempo-da-sinodalidade.html","og_locale":"pt_BR","og_type":"article","og_title":"Reencontro da Fam\u00edlia Franciscana no tempo da sinodalidade - Not\u00edcias - Franciscanos","og_description":"Jornada Franciscana","og_url":"https:\/\/franciscanos.org.br\/noticias\/reencontro-da-familia-franciscana-no-tempo-da-sinodalidade.html","og_site_name":"Not\u00edcias - Franciscanos","article_published_time":"2022-09-25T21:13:26+00:00","article_modified_time":"2022-12-31T20:34:21+00:00","og_image":[{"width":1280,"height":720,"url":"https:\/\/franciscanos.org.br\/noticias\/wp-content\/uploads\/2022\/09\/jornada_2509_4.jpg","type":"image\/jpeg"}],"author":"moacir","twitter_card":"summary_large_image","twitter_misc":{"Escrito por":"moacir","Est. tempo de leitura":"11 minutos"},"schema":{"@context":"https:\/\/schema.org","@graph":[{"@type":"WebSite","@id":"https:\/\/franciscanos.org.br\/noticias\/#website","url":"https:\/\/franciscanos.org.br\/noticias\/","name":"Not\u00edcias - Franciscanos","description":"Prov\u00edncia Franciscana da Imaculada Concei\u00e7\u00e3o do Brasil - Ordem dos Frades Menores - OFM","potentialAction":[{"@type":"SearchAction","target":{"@type":"EntryPoint","urlTemplate":"https:\/\/franciscanos.org.br\/noticias\/?s={search_term_string}"},"query-input":"required name=search_term_string"}],"inLanguage":"pt-BR"},{"@type":"ImageObject","inLanguage":"pt-BR","@id":"https:\/\/franciscanos.org.br\/noticias\/reencontro-da-familia-franciscana-no-tempo-da-sinodalidade.html#primaryimage","url":"https:\/\/franciscanos.org.br\/noticias\/wp-content\/uploads\/2022\/09\/jornada_2509_4.jpg","contentUrl":"https:\/\/franciscanos.org.br\/noticias\/wp-content\/uploads\/2022\/09\/jornada_2509_4.jpg","width":1280,"height":720},{"@type":"WebPage","@id":"https:\/\/franciscanos.org.br\/noticias\/reencontro-da-familia-franciscana-no-tempo-da-sinodalidade.html#webpage","url":"https:\/\/franciscanos.org.br\/noticias\/reencontro-da-familia-franciscana-no-tempo-da-sinodalidade.html","name":"Reencontro da Fam\u00edlia Franciscana no tempo da sinodalidade - Not\u00edcias - Franciscanos","isPartOf":{"@id":"https:\/\/franciscanos.org.br\/noticias\/#website"},"primaryImageOfPage":{"@id":"https:\/\/franciscanos.org.br\/noticias\/reencontro-da-familia-franciscana-no-tempo-da-sinodalidade.html#primaryimage"},"datePublished":"2022-09-25T21:13:26+00:00","dateModified":"2022-12-31T20:34:21+00:00","author":{"@id":"https:\/\/franciscanos.org.br\/noticias\/#\/schema\/person\/b5c8cba458c330ccff548b056e95a5d4"},"breadcrumb":{"@id":"https:\/\/franciscanos.org.br\/noticias\/reencontro-da-familia-franciscana-no-tempo-da-sinodalidade.html#breadcrumb"},"inLanguage":"pt-BR","potentialAction":[{"@type":"ReadAction","target":["https:\/\/franciscanos.org.br\/noticias\/reencontro-da-familia-franciscana-no-tempo-da-sinodalidade.html"]}]},{"@type":"BreadcrumbList","@id":"https:\/\/franciscanos.org.br\/noticias\/reencontro-da-familia-franciscana-no-tempo-da-sinodalidade.html#breadcrumb","itemListElement":[{"@type":"ListItem","position":1,"name":"Home","item":"https:\/\/franciscanos.org.br\/noticias"},{"@type":"ListItem","position":2,"name":"Reencontro da Fam\u00edlia Franciscana no tempo da sinodalidade"}]},{"@type":"Person","@id":"https:\/\/franciscanos.org.br\/noticias\/#\/schema\/person\/b5c8cba458c330ccff548b056e95a5d4","name":"moacir","image":{"@type":"ImageObject","inLanguage":"pt-BR","@id":"https:\/\/franciscanos.org.br\/noticias\/#\/schema\/person\/image\/","url":"https:\/\/secure.gravatar.com\/avatar\/d08aa2ce4c8dd416d4479aa8536fcf64?s=96&d=mm&r=g","contentUrl":"https:\/\/secure.gravatar.com\/avatar\/d08aa2ce4c8dd416d4479aa8536fcf64?s=96&d=mm&r=g","caption":"moacir"},"url":"https:\/\/franciscanos.org.br\/noticias\/author\/moacir"}]}},"_links":{"self":[{"href":"https:\/\/franciscanos.org.br\/noticias\/wp-json\/wp\/v2\/posts\/239804"}],"collection":[{"href":"https:\/\/franciscanos.org.br\/noticias\/wp-json\/wp\/v2\/posts"}],"about":[{"href":"https:\/\/franciscanos.org.br\/noticias\/wp-json\/wp\/v2\/types\/post"}],"author":[{"embeddable":true,"href":"https:\/\/franciscanos.org.br\/noticias\/wp-json\/wp\/v2\/users\/3"}],"replies":[{"embeddable":true,"href":"https:\/\/franciscanos.org.br\/noticias\/wp-json\/wp\/v2\/comments?post=239804"}],"version-history":[{"count":5,"href":"https:\/\/franciscanos.org.br\/noticias\/wp-json\/wp\/v2\/posts\/239804\/revisions"}],"predecessor-version":[{"id":241471,"href":"https:\/\/franciscanos.org.br\/noticias\/wp-json\/wp\/v2\/posts\/239804\/revisions\/241471"}],"wp:featuredmedia":[{"embeddable":true,"href":"https:\/\/franciscanos.org.br\/noticias\/wp-json\/wp\/v2\/media\/239805"}],"wp:attachment":[{"href":"https:\/\/franciscanos.org.br\/noticias\/wp-json\/wp\/v2\/media?parent=239804"}],"wp:term":[{"taxonomy":"category","embeddable":true,"href":"https:\/\/franciscanos.org.br\/noticias\/wp-json\/wp\/v2\/categories?post=239804"},{"taxonomy":"post_tag","embeddable":true,"href":"https:\/\/franciscanos.org.br\/noticias\/wp-json\/wp\/v2\/tags?post=239804"}],"curies":[{"name":"wp","href":"https:\/\/api.w.org\/{rel}","templated":true}]}}