{"id":239797,"date":"2022-09-24T08:11:25","date_gmt":"2022-09-24T11:11:25","guid":{"rendered":"https:\/\/franciscanos.org.br\/noticias\/?p=239797"},"modified":"2022-09-24T08:18:42","modified_gmt":"2022-09-24T11:18:42","slug":"uma-economia-de-paz-e-amiga-da-terra-em-assis-o-apelo-do-papa-aos-jovens","status":"publish","type":"post","link":"https:\/\/franciscanos.org.br\/noticias\/uma-economia-de-paz-e-amiga-da-terra-em-assis-o-apelo-do-papa-aos-jovens.html","title":{"rendered":"O Pacto dos jovens: que a economia se torne uma Economia do Evangelho"},"content":{"rendered":"<p><img loading=\"lazy\" class=\"alignnone size-full wp-image-239801\" src=\"https:\/\/franciscanos.org.br\/noticias\/wp-content\/uploads\/2022\/09\/economia_202.jpeg\" alt=\"\" width=\"1500\" height=\"844\" srcset=\"https:\/\/franciscanos.org.br\/noticias\/wp-content\/uploads\/2022\/09\/economia_202.jpeg 1500w, https:\/\/franciscanos.org.br\/noticias\/wp-content\/uploads\/2022\/09\/economia_202-450x253.jpeg 450w, https:\/\/franciscanos.org.br\/noticias\/wp-content\/uploads\/2022\/09\/economia_202-1024x576.jpeg 1024w, https:\/\/franciscanos.org.br\/noticias\/wp-content\/uploads\/2022\/09\/economia_202-768x432.jpeg 768w, https:\/\/franciscanos.org.br\/noticias\/wp-content\/uploads\/2022\/09\/economia_202-150x84.jpeg 150w\" sizes=\"(max-width: 1500px) 100vw, 1500px\" \/><\/p>\n<p>Na manh\u00e3 deste s\u00e1bado, 24 de setembro, o Papa Francisco assinou com cerca de mil jovens provenientes de 120 pa\u00edses, reunidos em Assis para a o evento global \u201cEconomia de Francisco\u201d o Pacto, individualmente e todos juntos, no qual se comprometem a gastar suas vidas para que a economia de hoje e de amanh\u00e3 se torne uma Economia do Evangelho. Portanto:<\/p>\n<p style=\"padding-left: 40px;\"><strong>uma economia de paz e n\u00e3o de guerra,<\/strong><\/p>\n<p style=\"padding-left: 40px;\"><strong>uma economia que contraste a prolifera\u00e7\u00e3o das armas, especialmente as mais destrutivas,<\/strong><\/p>\n<p style=\"padding-left: 40px;\"><strong>uma economia que se preocupa com a cria\u00e7\u00e3o e n\u00e3o a saqueia,<\/strong><\/p>\n<p style=\"padding-left: 40px;\"><strong>uma economia a servi\u00e7o da pessoa, da fam\u00edlia e da vida, respeitosa de toda mulher, homem, crian\u00e7a, idoso e especialmente dos mais fr\u00e1geis e vulner\u00e1veis,<\/strong><\/p>\n<p style=\"padding-left: 40px;\"><strong>uma economia onde o cuidado substitui o descarte e a indiferen\u00e7a,<\/strong><\/p>\n<p style=\"padding-left: 40px;\"><strong>uma economia que n\u00e3o deixa ningu\u00e9m para tr\u00e1s, para construir uma sociedade na qual as pedras descartadas pela mentalidade dominante se tornem pedras angulares,<\/strong><\/p>\n<p style=\"padding-left: 40px;\"><strong>uma economia que reconhece e protege o trabalho digno e seguro para todos, especialmente para as mulheres,<\/strong><\/p>\n<p style=\"padding-left: 40px;\"><strong>uma economia onde a finan\u00e7a \u00e9 amiga e aliada da economia real e do trabalho e n\u00e3o contra elas,<\/strong><\/p>\n<p style=\"padding-left: 40px;\"><strong>uma economia que sabe valorizar e preservar as culturas e as tradi\u00e7\u00f5es dos povos, todas as esp\u00e9cies vivas e os recursos naturais da Terra,<\/strong><\/p>\n<p style=\"padding-left: 40px;\"><strong>uma economia que combate a mis\u00e9ria em todas as suas formas, reduz as desigualdades e sabe dizer, com Jesus e com Francisco, &#8220;bem-aventurados os pobres&#8221;,<\/strong><\/p>\n<p style=\"padding-left: 40px;\"><strong>uma economia guiada pela \u00e9tica da pessoa e aberta \u00e0 transcend\u00eancia,<\/strong><\/p>\n<p style=\"padding-left: 40px;\"><strong>uma economia que cria riqueza para todos, que gera alegria e n\u00e3o apenas bem-estar, pois a felicidade n\u00e3o compartilhada \u00e9 muito pouco.<\/strong><\/p>\n<p>Os jovens reafirmam neste Pacto: n\u00f3s acreditamos nesta economia. N\u00e3o \u00e9 uma utopia, porque j\u00e1 a estamos construindo. E alguns de n\u00f3s, em manh\u00e3s particularmente luminosas, j\u00e1 vislumbram o in\u00edcio da terra prometida.<\/p>\n<p><em>Assis, 24 de setembro de 2022<\/em><\/p>\n<p>Economistas, empreendedoras, empreendedores, transformadores, estudantes, trabalhadores e trabalhadoras.<\/p>\n<p><em>(texto de Silvonei Jos\u00e9, em Assis, Vatican News)<\/em><\/p>\n<hr \/>\n<h3><img loading=\"lazy\" class=\"alignnone size-full wp-image-239798\" src=\"https:\/\/franciscanos.org.br\/noticias\/wp-content\/uploads\/2022\/09\/economia_24.jpeg\" alt=\"\" width=\"1000\" height=\"563\" srcset=\"https:\/\/franciscanos.org.br\/noticias\/wp-content\/uploads\/2022\/09\/economia_24.jpeg 1000w, https:\/\/franciscanos.org.br\/noticias\/wp-content\/uploads\/2022\/09\/economia_24-450x253.jpeg 450w, https:\/\/franciscanos.org.br\/noticias\/wp-content\/uploads\/2022\/09\/economia_24-768x432.jpeg 768w, https:\/\/franciscanos.org.br\/noticias\/wp-content\/uploads\/2022\/09\/economia_24-150x84.jpeg 150w\" sizes=\"(max-width: 1000px) 100vw, 1000px\" \/><\/h3>\n<h3><\/h3>\n<h3>Uma economia de paz e amiga da terra: em Assis, o apelo do Papa aos jovens<\/h3>\n<p>\u00c9 poss\u00edvel mudar, transformar uma economia que mata numa economia da vida. Esta foi a principal mensagem que o Papa Francisco ofereceu aos jovens reunidos em Assis para o evento \u201cEconomia de Francisco\u201d.<\/p>\n<p>Tr\u00eas anos se passaram desde a convoca\u00e7\u00e3o do Papa at\u00e9 a sua realiza\u00e7\u00e3o e hoje a juventude mundial se encontra a viver e crescer num per\u00edodo desafiador entre crise ambiental, pandemia e guerras. Os jovens herdaram grandes riquezas, mas ao mesmo tempo um planeta degradado e privado de paz. Neste cen\u00e1rio, os jovens s\u00e3o chamados a se tornarem artes\u00e3os e construtores da casa comum. As finan\u00e7as s\u00e3o et\u00e9reas, \u00e9 preciso redescobrir as ra\u00edzes humanas da economia, exortou Francisco.<\/p>\n<p>\u201cUma nova economia, inspirada em Francisco de Assis, hoje pode e deve ser uma economia amiga da terra e uma economia de paz. Trata-se de transformar uma economia que mata numa economia da vida, em todas as suas dimens\u00f5es.\u201d<\/p>\n<p><strong>Mudan\u00e7a r\u00e1pida e firme<\/strong><br \/>\nE os jovens t\u00eam este potencial transformador, afirmou o Papa. Mas advertiu para que n\u00e3o sejam como os estudantes das Faculdades de Economia, com a cara fechada, mas sim criativos e otimistas. Este entusiasmo deve ser aplicado imediatamente para uma convers\u00e3o ecol\u00f3gica. Uma economia humana pede uma nova vis\u00e3o do meio ambiente. Nos \u00faltimos dois s\u00e9culos, acrescentou Francisco, a terra foi saqueada para aumentar o nosso bem estar, mas n\u00e3o o bem estar de todos. \u201c\u00c9 este o tempo de uma nova coragem para abandonar as fontes f\u00f3sseis de energia, de acelerar o desenvolvimento de fontes com impacto zero ou positivo.\u201d<br \/>\nMas para mudar \u00e9 preciso estar disposto a fazer sacrif\u00edcios. Passar de um estilo de vida insustent\u00e1vel para um estilo sustent\u00e1vel significa transformar as dimens\u00f5es social, relacional e espiritual. \u201c\u00c9 necess\u00e1ria uma mudan\u00e7a r\u00e1pida e firme. E o digo seriamente. Conto com voc\u00eas! Por favor, n\u00e3o nos deixem tranquilos e deem-nos o exemplo\u201d, exortou o Papa, pedindo coragem e uma &#8220;pitada&#8221; de heroismo. E citou a experi\u00eancia de um jovem que recusou emprego quando descobriu que seria oper\u00e1rio numa f\u00e1brica de armas.<\/p>\n<p><strong>A polui\u00e7\u00e3o da desigualdade<\/strong><br \/>\nQuando tentamos salvar o planeta, n\u00e3o podemos ignorar o homem e a mulher que sofrem. O grito da terra e o grito dos pobres \u00e9 o mesmo. A polui\u00e7\u00e3o que mata n\u00e3o \u00e9 somente aquela provocada pelo di\u00f3xido de carbono, mas tamb\u00e9m a desigualdade polui o nosso planeta. As calamidades ambientais n\u00e3o podem cancelar as calamidades da injusti\u00e7a social e da injusti\u00e7a pol\u00edtica.<\/p>\n<p>Fazer economia inspirando-se em Francisco de Assis significa comprometer-se em colocar os pobres em primeiro lugar. Sem o amor pelos pobres e por toda pessoa vulner\u00e1vel, n\u00e3o h\u00e1 \u201cEconomia de Francisco\u201d. Enquanto o sistema produzir descartados e atuarmos segundo este sistema, seremos c\u00famplices de uma economia que mata. S\u00e3o Francisco n\u00e3o ensina somente a amar os pobres, mas tamb\u00e9m a pobreza. O capitalismo quer ajudar os pobres, mas n\u00e3o os estima. N\u00e3o devemos amar a mis\u00e9ria, explicou o Papa. Pelo contr\u00e1rio, devemos combat\u00ea-la. Mas o Evangelho diz que sem estimar os pobres n\u00e3o se combate nenhuma mis\u00e9ria.<br \/>\nEste estilo de vida insustent\u00e1vel acomete tamb\u00e9m as rela\u00e7\u00f5es humanas, a come\u00e7ar pela fam\u00edlia, incapaz de acolher e cuidar de novas vidas. O resultado \u00e9 o inverno demogr\u00e1fico, onde se prefere ter rela\u00e7\u00f5es afetivas com c\u00e3es e gatos. E as mulheres s\u00e3o as primeiras a serem penalizadas por terem que optar entre filhos e carreira. O consumismo atual procura preencher o vazio das rela\u00e7\u00f5es humanas com mercadorias sempre mais sofisticadas \u2013 &#8220;as solid\u00f5es s\u00e3o um neg\u00f3cio do nosso tempo!&#8221; -, mas assim gera uma pen\u00faria de felicidade.<\/p>\n<p><strong>O capital espiritual<\/strong><br \/>\nO capitalismo gera ainda uma insustentabilidade espiritual. A t\u00e9cnica nos ensina o \u201cque\u201d fazer e \u201ccomo\u201d fazer, mas n\u00e3o ensina o \u201cporqu\u00ea\u201d. A falta de sentido torna os jovens fr\u00e1geis e incapazes de elaborar sofrimentos e frustra\u00e7\u00f5es, o que faz do capital espiritual um motor imprescind\u00edvel para a mudan\u00e7a.<br \/>\nO Pont\u00edfice fez estas reflex\u00f5es para deixar aos jovens tr\u00eas indica\u00e7\u00f5es de percurso: olhar o mundo com os olhos dos mais pobres, investir em criar trabalho digno para todos e concretude para que todas as ideias se transformem em a\u00e7\u00e3o.<\/p>\n<p style=\"padding-left: 40px;\"><strong>O Papa concluiu com uma ora\u00e7\u00e3o:<\/strong><br \/>\n<em>Pai, pedimos seu perd\u00e3o por ferir gravemente a terra, por n\u00e3o respeitar as culturas ind\u00edgenas, por n\u00e3o estimar e amar os mais pobres, por criar riqueza sem comunh\u00e3o. Deus vivo, que por seu Esp\u00edrito inspirou os cora\u00e7\u00f5es, os bra\u00e7os e as mentes destes jovens e os colocou em dire\u00e7\u00e3o a uma terra prometida, olha com bondade para sua generosidade, seu amor, sua disposi\u00e7\u00e3o para passar a vida por um grande ideal. Aben\u00e7oe-os em seus esfor\u00e7os, seus estudos, seus sonhos; acompanhe-os em suas dificuldades e sofrimentos, ajude-os a transform\u00e1-los em virtude e sabedoria. Apoi\u00e1-los em seus desejos de bondade e vida, sustent\u00e1-los em suas decep\u00e7\u00f5es diante de maus exemplos, n\u00e3o desanimar e continuar em seu caminho. Senhor, cujo Filho unig\u00eanito se tornou carpinteiro, d\u00e1-lhes a alegria de transformar o mundo com amor, intelig\u00eancia e m\u00e3os. Am\u00e9m.<\/em><\/p>\n<hr \/>\n<p><em>Fonte: Vatican News (texto de Bianca Fraccalvieri)<\/em><\/p>\n","protected":false},"excerpt":{"rendered":"<p>Economia de Francisco<\/p>\n","protected":false},"author":3,"featured_media":239801,"comment_status":"open","ping_status":"open","sticky":false,"template":"","format":"standard","meta":[],"categories":[1428],"tags":[1775],"acf":[],"yoast_head":"<!-- This site is optimized with the Yoast SEO plugin v19.2 - https:\/\/yoast.com\/wordpress\/plugins\/seo\/ -->\n<title>O Pacto dos jovens: que a economia se torne uma Economia do Evangelho - Not\u00edcias - Franciscanos<\/title>\n<meta name=\"robots\" content=\"index, follow, max-snippet:-1, max-image-preview:large, max-video-preview:-1\" \/>\n<link rel=\"canonical\" href=\"https:\/\/franciscanos.org.br\/noticias\/uma-economia-de-paz-e-amiga-da-terra-em-assis-o-apelo-do-papa-aos-jovens.html\" \/>\n<meta property=\"og:locale\" content=\"pt_BR\" \/>\n<meta property=\"og:type\" content=\"article\" \/>\n<meta property=\"og:title\" content=\"O Pacto dos jovens: que a economia se torne uma Economia do Evangelho - Not\u00edcias - Franciscanos\" \/>\n<meta property=\"og:description\" content=\"Economia de Francisco\" \/>\n<meta property=\"og:url\" content=\"https:\/\/franciscanos.org.br\/noticias\/uma-economia-de-paz-e-amiga-da-terra-em-assis-o-apelo-do-papa-aos-jovens.html\" \/>\n<meta property=\"og:site_name\" content=\"Not\u00edcias - Franciscanos\" \/>\n<meta property=\"article:published_time\" content=\"2022-09-24T11:11:25+00:00\" \/>\n<meta property=\"article:modified_time\" content=\"2022-09-24T11:18:42+00:00\" \/>\n<meta property=\"og:image\" content=\"https:\/\/franciscanos.org.br\/noticias\/wp-content\/uploads\/2022\/09\/economia_202.jpeg\" \/>\n\t<meta property=\"og:image:width\" content=\"1500\" \/>\n\t<meta property=\"og:image:height\" content=\"844\" \/>\n\t<meta property=\"og:image:type\" content=\"image\/jpeg\" \/>\n<meta name=\"author\" content=\"moacir\" \/>\n<meta name=\"twitter:card\" content=\"summary_large_image\" \/>\n<meta name=\"twitter:label1\" content=\"Escrito por\" \/>\n\t<meta name=\"twitter:data1\" content=\"moacir\" \/>\n\t<meta name=\"twitter:label2\" content=\"Est. tempo de leitura\" \/>\n\t<meta name=\"twitter:data2\" content=\"5 minutos\" \/>\n<script type=\"application\/ld+json\" class=\"yoast-schema-graph\">{\"@context\":\"https:\/\/schema.org\",\"@graph\":[{\"@type\":\"WebSite\",\"@id\":\"https:\/\/franciscanos.org.br\/noticias\/#website\",\"url\":\"https:\/\/franciscanos.org.br\/noticias\/\",\"name\":\"Not\u00edcias - Franciscanos\",\"description\":\"Prov\u00edncia Franciscana da Imaculada Concei\u00e7\u00e3o do Brasil - Ordem dos Frades Menores - OFM\",\"potentialAction\":[{\"@type\":\"SearchAction\",\"target\":{\"@type\":\"EntryPoint\",\"urlTemplate\":\"https:\/\/franciscanos.org.br\/noticias\/?s={search_term_string}\"},\"query-input\":\"required name=search_term_string\"}],\"inLanguage\":\"pt-BR\"},{\"@type\":\"ImageObject\",\"inLanguage\":\"pt-BR\",\"@id\":\"https:\/\/franciscanos.org.br\/noticias\/uma-economia-de-paz-e-amiga-da-terra-em-assis-o-apelo-do-papa-aos-jovens.html#primaryimage\",\"url\":\"https:\/\/franciscanos.org.br\/noticias\/wp-content\/uploads\/2022\/09\/economia_202.jpeg\",\"contentUrl\":\"https:\/\/franciscanos.org.br\/noticias\/wp-content\/uploads\/2022\/09\/economia_202.jpeg\",\"width\":1500,\"height\":844},{\"@type\":\"WebPage\",\"@id\":\"https:\/\/franciscanos.org.br\/noticias\/uma-economia-de-paz-e-amiga-da-terra-em-assis-o-apelo-do-papa-aos-jovens.html#webpage\",\"url\":\"https:\/\/franciscanos.org.br\/noticias\/uma-economia-de-paz-e-amiga-da-terra-em-assis-o-apelo-do-papa-aos-jovens.html\",\"name\":\"O Pacto dos jovens: que a economia se torne uma Economia do Evangelho - Not\u00edcias - Franciscanos\",\"isPartOf\":{\"@id\":\"https:\/\/franciscanos.org.br\/noticias\/#website\"},\"primaryImageOfPage\":{\"@id\":\"https:\/\/franciscanos.org.br\/noticias\/uma-economia-de-paz-e-amiga-da-terra-em-assis-o-apelo-do-papa-aos-jovens.html#primaryimage\"},\"datePublished\":\"2022-09-24T11:11:25+00:00\",\"dateModified\":\"2022-09-24T11:18:42+00:00\",\"author\":{\"@id\":\"https:\/\/franciscanos.org.br\/noticias\/#\/schema\/person\/b5c8cba458c330ccff548b056e95a5d4\"},\"breadcrumb\":{\"@id\":\"https:\/\/franciscanos.org.br\/noticias\/uma-economia-de-paz-e-amiga-da-terra-em-assis-o-apelo-do-papa-aos-jovens.html#breadcrumb\"},\"inLanguage\":\"pt-BR\",\"potentialAction\":[{\"@type\":\"ReadAction\",\"target\":[\"https:\/\/franciscanos.org.br\/noticias\/uma-economia-de-paz-e-amiga-da-terra-em-assis-o-apelo-do-papa-aos-jovens.html\"]}]},{\"@type\":\"BreadcrumbList\",\"@id\":\"https:\/\/franciscanos.org.br\/noticias\/uma-economia-de-paz-e-amiga-da-terra-em-assis-o-apelo-do-papa-aos-jovens.html#breadcrumb\",\"itemListElement\":[{\"@type\":\"ListItem\",\"position\":1,\"name\":\"Home\",\"item\":\"https:\/\/franciscanos.org.br\/noticias\"},{\"@type\":\"ListItem\",\"position\":2,\"name\":\"O Pacto dos jovens: que a economia se torne uma Economia do Evangelho\"}]},{\"@type\":\"Person\",\"@id\":\"https:\/\/franciscanos.org.br\/noticias\/#\/schema\/person\/b5c8cba458c330ccff548b056e95a5d4\",\"name\":\"moacir\",\"image\":{\"@type\":\"ImageObject\",\"inLanguage\":\"pt-BR\",\"@id\":\"https:\/\/franciscanos.org.br\/noticias\/#\/schema\/person\/image\/\",\"url\":\"https:\/\/secure.gravatar.com\/avatar\/d08aa2ce4c8dd416d4479aa8536fcf64?s=96&d=mm&r=g\",\"contentUrl\":\"https:\/\/secure.gravatar.com\/avatar\/d08aa2ce4c8dd416d4479aa8536fcf64?s=96&d=mm&r=g\",\"caption\":\"moacir\"},\"url\":\"https:\/\/franciscanos.org.br\/noticias\/author\/moacir\"}]}<\/script>\n<!-- \/ Yoast SEO plugin. -->","yoast_head_json":{"title":"O Pacto dos jovens: que a economia se torne uma Economia do Evangelho - Not\u00edcias - Franciscanos","robots":{"index":"index","follow":"follow","max-snippet":"max-snippet:-1","max-image-preview":"max-image-preview:large","max-video-preview":"max-video-preview:-1"},"canonical":"https:\/\/franciscanos.org.br\/noticias\/uma-economia-de-paz-e-amiga-da-terra-em-assis-o-apelo-do-papa-aos-jovens.html","og_locale":"pt_BR","og_type":"article","og_title":"O Pacto dos jovens: que a economia se torne uma Economia do Evangelho - Not\u00edcias - Franciscanos","og_description":"Economia de Francisco","og_url":"https:\/\/franciscanos.org.br\/noticias\/uma-economia-de-paz-e-amiga-da-terra-em-assis-o-apelo-do-papa-aos-jovens.html","og_site_name":"Not\u00edcias - Franciscanos","article_published_time":"2022-09-24T11:11:25+00:00","article_modified_time":"2022-09-24T11:18:42+00:00","og_image":[{"width":1500,"height":844,"url":"https:\/\/franciscanos.org.br\/noticias\/wp-content\/uploads\/2022\/09\/economia_202.jpeg","type":"image\/jpeg"}],"author":"moacir","twitter_card":"summary_large_image","twitter_misc":{"Escrito por":"moacir","Est. tempo de leitura":"5 minutos"},"schema":{"@context":"https:\/\/schema.org","@graph":[{"@type":"WebSite","@id":"https:\/\/franciscanos.org.br\/noticias\/#website","url":"https:\/\/franciscanos.org.br\/noticias\/","name":"Not\u00edcias - Franciscanos","description":"Prov\u00edncia Franciscana da Imaculada Concei\u00e7\u00e3o do Brasil - Ordem dos Frades Menores - OFM","potentialAction":[{"@type":"SearchAction","target":{"@type":"EntryPoint","urlTemplate":"https:\/\/franciscanos.org.br\/noticias\/?s={search_term_string}"},"query-input":"required name=search_term_string"}],"inLanguage":"pt-BR"},{"@type":"ImageObject","inLanguage":"pt-BR","@id":"https:\/\/franciscanos.org.br\/noticias\/uma-economia-de-paz-e-amiga-da-terra-em-assis-o-apelo-do-papa-aos-jovens.html#primaryimage","url":"https:\/\/franciscanos.org.br\/noticias\/wp-content\/uploads\/2022\/09\/economia_202.jpeg","contentUrl":"https:\/\/franciscanos.org.br\/noticias\/wp-content\/uploads\/2022\/09\/economia_202.jpeg","width":1500,"height":844},{"@type":"WebPage","@id":"https:\/\/franciscanos.org.br\/noticias\/uma-economia-de-paz-e-amiga-da-terra-em-assis-o-apelo-do-papa-aos-jovens.html#webpage","url":"https:\/\/franciscanos.org.br\/noticias\/uma-economia-de-paz-e-amiga-da-terra-em-assis-o-apelo-do-papa-aos-jovens.html","name":"O Pacto dos jovens: que a economia se torne uma Economia do Evangelho - Not\u00edcias - Franciscanos","isPartOf":{"@id":"https:\/\/franciscanos.org.br\/noticias\/#website"},"primaryImageOfPage":{"@id":"https:\/\/franciscanos.org.br\/noticias\/uma-economia-de-paz-e-amiga-da-terra-em-assis-o-apelo-do-papa-aos-jovens.html#primaryimage"},"datePublished":"2022-09-24T11:11:25+00:00","dateModified":"2022-09-24T11:18:42+00:00","author":{"@id":"https:\/\/franciscanos.org.br\/noticias\/#\/schema\/person\/b5c8cba458c330ccff548b056e95a5d4"},"breadcrumb":{"@id":"https:\/\/franciscanos.org.br\/noticias\/uma-economia-de-paz-e-amiga-da-terra-em-assis-o-apelo-do-papa-aos-jovens.html#breadcrumb"},"inLanguage":"pt-BR","potentialAction":[{"@type":"ReadAction","target":["https:\/\/franciscanos.org.br\/noticias\/uma-economia-de-paz-e-amiga-da-terra-em-assis-o-apelo-do-papa-aos-jovens.html"]}]},{"@type":"BreadcrumbList","@id":"https:\/\/franciscanos.org.br\/noticias\/uma-economia-de-paz-e-amiga-da-terra-em-assis-o-apelo-do-papa-aos-jovens.html#breadcrumb","itemListElement":[{"@type":"ListItem","position":1,"name":"Home","item":"https:\/\/franciscanos.org.br\/noticias"},{"@type":"ListItem","position":2,"name":"O Pacto dos jovens: que a economia se torne uma Economia do Evangelho"}]},{"@type":"Person","@id":"https:\/\/franciscanos.org.br\/noticias\/#\/schema\/person\/b5c8cba458c330ccff548b056e95a5d4","name":"moacir","image":{"@type":"ImageObject","inLanguage":"pt-BR","@id":"https:\/\/franciscanos.org.br\/noticias\/#\/schema\/person\/image\/","url":"https:\/\/secure.gravatar.com\/avatar\/d08aa2ce4c8dd416d4479aa8536fcf64?s=96&d=mm&r=g","contentUrl":"https:\/\/secure.gravatar.com\/avatar\/d08aa2ce4c8dd416d4479aa8536fcf64?s=96&d=mm&r=g","caption":"moacir"},"url":"https:\/\/franciscanos.org.br\/noticias\/author\/moacir"}]}},"_links":{"self":[{"href":"https:\/\/franciscanos.org.br\/noticias\/wp-json\/wp\/v2\/posts\/239797"}],"collection":[{"href":"https:\/\/franciscanos.org.br\/noticias\/wp-json\/wp\/v2\/posts"}],"about":[{"href":"https:\/\/franciscanos.org.br\/noticias\/wp-json\/wp\/v2\/types\/post"}],"author":[{"embeddable":true,"href":"https:\/\/franciscanos.org.br\/noticias\/wp-json\/wp\/v2\/users\/3"}],"replies":[{"embeddable":true,"href":"https:\/\/franciscanos.org.br\/noticias\/wp-json\/wp\/v2\/comments?post=239797"}],"version-history":[{"count":4,"href":"https:\/\/franciscanos.org.br\/noticias\/wp-json\/wp\/v2\/posts\/239797\/revisions"}],"predecessor-version":[{"id":239803,"href":"https:\/\/franciscanos.org.br\/noticias\/wp-json\/wp\/v2\/posts\/239797\/revisions\/239803"}],"wp:featuredmedia":[{"embeddable":true,"href":"https:\/\/franciscanos.org.br\/noticias\/wp-json\/wp\/v2\/media\/239801"}],"wp:attachment":[{"href":"https:\/\/franciscanos.org.br\/noticias\/wp-json\/wp\/v2\/media?parent=239797"}],"wp:term":[{"taxonomy":"category","embeddable":true,"href":"https:\/\/franciscanos.org.br\/noticias\/wp-json\/wp\/v2\/categories?post=239797"},{"taxonomy":"post_tag","embeddable":true,"href":"https:\/\/franciscanos.org.br\/noticias\/wp-json\/wp\/v2\/tags?post=239797"}],"curies":[{"name":"wp","href":"https:\/\/api.w.org\/{rel}","templated":true}]}}