{"id":239788,"date":"2012-09-22T13:47:08","date_gmt":"2012-09-22T16:47:08","guid":{"rendered":"https:\/\/franciscanos.org.br\/noticias\/?p=239788"},"modified":"2022-09-22T13:51:43","modified_gmt":"2022-09-22T16:51:43","slug":"a-missao-nao-pode-parar-junte-se-a-nos","status":"publish","type":"post","link":"https:\/\/franciscanos.org.br\/noticias\/a-missao-nao-pode-parar-junte-se-a-nos.html","title":{"rendered":"A miss\u00e3o n\u00e3o pode parar! Junte-se a n\u00f3s!"},"content":{"rendered":"<p><img loading=\"lazy\" class=\"alignnone size-full wp-image-239789\" src=\"https:\/\/franciscanos.org.br\/noticias\/wp-content\/uploads\/2022\/09\/a-missao-nao-pode-parar.png\" alt=\"\" width=\"1280\" height=\"720\" srcset=\"https:\/\/franciscanos.org.br\/noticias\/wp-content\/uploads\/2022\/09\/a-missao-nao-pode-parar.png 1280w, https:\/\/franciscanos.org.br\/noticias\/wp-content\/uploads\/2022\/09\/a-missao-nao-pode-parar-450x253.png 450w, https:\/\/franciscanos.org.br\/noticias\/wp-content\/uploads\/2022\/09\/a-missao-nao-pode-parar-1024x576.png 1024w, https:\/\/franciscanos.org.br\/noticias\/wp-content\/uploads\/2022\/09\/a-missao-nao-pode-parar-768x432.png 768w, https:\/\/franciscanos.org.br\/noticias\/wp-content\/uploads\/2022\/09\/a-missao-nao-pode-parar-150x84.png 150w\" sizes=\"(max-width: 1280px) 100vw, 1280px\" \/><\/p>\n<p><em>A todo instante somos enviados em miss\u00e3o.<\/em><br \/>\n<em>De dentro para fora, como o movimento do cora\u00e7\u00e3o, respondemos a este chamado com a a\u00e7\u00e3o concreta de generosidade e gratid\u00e3o.<br \/>\n<\/em><\/p>\n<p>Voc\u00ea \u00e9 convidado a participar da forma\u00e7\u00e3o de seminaristas, freis estudantes e da Miss\u00e3o de Angola. Juntos, zelamos pela Messe do Senhor!<\/p>\n<h2 style=\"text-align: center;\"><strong>A miss\u00e3o n\u00e3o pode parar! Junte-se a n\u00f3s.<\/strong><\/h2>\n<hr \/>\n<h2 style=\"text-align: center;\"><strong>Fa\u00e7a sua doa\u00e7\u00e3o!<\/strong><\/h2>\n<p>&nbsp;<\/p>\n<h4 style=\"padding-left: 40px;\"><strong>Dep\u00f3sito, Transfer\u00eancia Banc\u00e1ria<br \/>\n<\/strong><\/h4>\n<p style=\"padding-left: 80px;\">Prov\u00edncia Franciscana da Imaculada Concei\u00e7\u00e3o do Brasil<br \/>\nCNPJ: 62.340.203\/0001-84<\/p>\n<p style=\"padding-left: 80px;\"><strong>237 &#8211; Banco Bradesco<\/strong><br \/>\n<strong>Ag\u00eancia:<\/strong> 2282-9<br \/>\n<strong>Conta Corrente:<\/strong> 259347-5<\/p>\n<p style=\"padding-left: 80px;\"><strong>001 &#8211; Banco do Brasil<\/strong><br \/>\n<strong>Ag\u00eancia:<\/strong> 3347-2<br \/>\n<strong>Conta Corrente:<\/strong> 456138-4<\/p>\n<p style=\"padding-left: 40px;\"><strong>PIX:\u00a0<\/strong>Abra o aplicativo do seu banco, escolha a op\u00e7\u00e3o &#8220;PIX&#8221; e insira a chave da organiza\u00e7\u00e3o:<strong> pvf@franciscanos.org.br<\/strong><\/p>\n<p style=\"padding-left: 40px;\"><strong>Boleto Banc\u00e1rio: <\/strong>Clique <a href=\"http:\/\/franciscanos.org.br\/vocacional\/pvf\"><strong>aqui<\/strong><\/a> para solicitar o Boleto Banc\u00e1rio.<\/p>\n<p style=\"padding-left: 40px;\"><strong>Cart\u00e3o de Cr\u00e9dito: <\/strong>Op\u00e7\u00e3o dispon\u00edvel apenas nos Conventos e nas Par\u00f3quias Franciscanas.\u00a0 Clique<a href=\"https:\/\/franciscanos.org.br\/quemsomos\/onde-estamos\/#gsc.tab=0\"><strong> aqui<\/strong><\/a> para acessar a lista das Fraternidades da Prov\u00edncia.<\/p>\n<hr \/>\n<h3><strong>Mais informa\u00e7\u00f5es<\/strong><\/h3>\n<p><strong>Atendimento: <\/strong>(11) 5576-7990<strong><br \/>\n<\/strong><strong>E-mail: <\/strong>doacoes@franciscanos.org.br<strong><br \/>\n<\/strong><strong>WhatsApp: <\/strong>Clique <strong><a href=\"https:\/\/wa.me\/message\/BZRHZIY57C4ZC1\">aqui<\/a><\/strong> para acessar o WhatsApp.<\/p>\n","protected":false},"excerpt":{"rendered":"<p>A todo instante somos enviados em miss\u00e3o. De dentro para fora, como o movimento do cora\u00e7\u00e3o, respondemos a este chamado com a a\u00e7\u00e3o concreta de generosidade e gratid\u00e3o. Voc\u00ea \u00e9 convidado a participar da forma\u00e7\u00e3o de seminaristas, freis estudantes e da Miss\u00e3o de Angola. Juntos, zelamos pela Messe do Senhor! A miss\u00e3o n\u00e3o pode parar! [&hellip;]<\/p>\n","protected":false},"author":1,"featured_media":0,"comment_status":"open","ping_status":"open","sticky":false,"template":"","format":"standard","meta":[],"categories":[1],"tags":[],"acf":[],"yoast_head":"<!-- This site is optimized with the Yoast SEO plugin v19.2 - https:\/\/yoast.com\/wordpress\/plugins\/seo\/ -->\n<title>A miss\u00e3o n\u00e3o pode parar! Junte-se a n\u00f3s! - Not\u00edcias - Franciscanos<\/title>\n<meta name=\"robots\" content=\"index, follow, max-snippet:-1, max-image-preview:large, max-video-preview:-1\" \/>\n<link rel=\"canonical\" href=\"https:\/\/franciscanos.org.br\/noticias\/a-missao-nao-pode-parar-junte-se-a-nos.html\" \/>\n<meta property=\"og:locale\" content=\"pt_BR\" \/>\n<meta property=\"og:type\" content=\"article\" \/>\n<meta property=\"og:title\" content=\"A miss\u00e3o n\u00e3o pode parar! Junte-se a n\u00f3s! - Not\u00edcias - Franciscanos\" \/>\n<meta property=\"og:description\" content=\"A todo instante somos enviados em miss\u00e3o. De dentro para fora, como o movimento do cora\u00e7\u00e3o, respondemos a este chamado com a a\u00e7\u00e3o concreta de generosidade e gratid\u00e3o. Voc\u00ea \u00e9 convidado a participar da forma\u00e7\u00e3o de seminaristas, freis estudantes e da Miss\u00e3o de Angola. Juntos, zelamos pela Messe do Senhor! A miss\u00e3o n\u00e3o pode parar! [&hellip;]\" \/>\n<meta property=\"og:url\" content=\"https:\/\/franciscanos.org.br\/noticias\/a-missao-nao-pode-parar-junte-se-a-nos.html\" \/>\n<meta property=\"og:site_name\" content=\"Not\u00edcias - Franciscanos\" \/>\n<meta property=\"article:published_time\" content=\"2012-09-22T16:47:08+00:00\" \/>\n<meta property=\"article:modified_time\" content=\"2022-09-22T16:51:43+00:00\" \/>\n<meta property=\"og:image\" content=\"https:\/\/franciscanos.org.br\/noticias\/wp-content\/uploads\/2022\/09\/a-missao-nao-pode-parar.png\" \/>\n<meta name=\"author\" content=\"admin\" \/>\n<meta name=\"twitter:card\" content=\"summary_large_image\" \/>\n<meta name=\"twitter:label1\" content=\"Escrito por\" \/>\n\t<meta name=\"twitter:data1\" content=\"admin\" \/>\n\t<meta name=\"twitter:label2\" content=\"Est. tempo de leitura\" \/>\n\t<meta name=\"twitter:data2\" content=\"1 minuto\" \/>\n<script type=\"application\/ld+json\" class=\"yoast-schema-graph\">{\"@context\":\"https:\/\/schema.org\",\"@graph\":[{\"@type\":\"WebSite\",\"@id\":\"https:\/\/franciscanos.org.br\/noticias\/#website\",\"url\":\"https:\/\/franciscanos.org.br\/noticias\/\",\"name\":\"Not\u00edcias - Franciscanos\",\"description\":\"Prov\u00edncia Franciscana da Imaculada Concei\u00e7\u00e3o do Brasil - Ordem dos Frades Menores - OFM\",\"potentialAction\":[{\"@type\":\"SearchAction\",\"target\":{\"@type\":\"EntryPoint\",\"urlTemplate\":\"https:\/\/franciscanos.org.br\/noticias\/?s={search_term_string}\"},\"query-input\":\"required name=search_term_string\"}],\"inLanguage\":\"pt-BR\"},{\"@type\":\"ImageObject\",\"inLanguage\":\"pt-BR\",\"@id\":\"https:\/\/franciscanos.org.br\/noticias\/a-missao-nao-pode-parar-junte-se-a-nos.html#primaryimage\",\"url\":\"https:\/\/franciscanos.org.br\/noticias\/wp-content\/uploads\/2022\/09\/a-missao-nao-pode-parar.png\",\"contentUrl\":\"https:\/\/franciscanos.org.br\/noticias\/wp-content\/uploads\/2022\/09\/a-missao-nao-pode-parar.png\",\"width\":1280,\"height\":720},{\"@type\":\"WebPage\",\"@id\":\"https:\/\/franciscanos.org.br\/noticias\/a-missao-nao-pode-parar-junte-se-a-nos.html#webpage\",\"url\":\"https:\/\/franciscanos.org.br\/noticias\/a-missao-nao-pode-parar-junte-se-a-nos.html\",\"name\":\"A miss\u00e3o n\u00e3o pode parar! Junte-se a n\u00f3s! - Not\u00edcias - Franciscanos\",\"isPartOf\":{\"@id\":\"https:\/\/franciscanos.org.br\/noticias\/#website\"},\"primaryImageOfPage\":{\"@id\":\"https:\/\/franciscanos.org.br\/noticias\/a-missao-nao-pode-parar-junte-se-a-nos.html#primaryimage\"},\"datePublished\":\"2012-09-22T16:47:08+00:00\",\"dateModified\":\"2022-09-22T16:51:43+00:00\",\"author\":{\"@id\":\"https:\/\/franciscanos.org.br\/noticias\/#\/schema\/person\/b38fbf43118f02820bd932f2e4b14ad3\"},\"breadcrumb\":{\"@id\":\"https:\/\/franciscanos.org.br\/noticias\/a-missao-nao-pode-parar-junte-se-a-nos.html#breadcrumb\"},\"inLanguage\":\"pt-BR\",\"potentialAction\":[{\"@type\":\"ReadAction\",\"target\":[\"https:\/\/franciscanos.org.br\/noticias\/a-missao-nao-pode-parar-junte-se-a-nos.html\"]}]},{\"@type\":\"BreadcrumbList\",\"@id\":\"https:\/\/franciscanos.org.br\/noticias\/a-missao-nao-pode-parar-junte-se-a-nos.html#breadcrumb\",\"itemListElement\":[{\"@type\":\"ListItem\",\"position\":1,\"name\":\"Home\",\"item\":\"https:\/\/franciscanos.org.br\/noticias\"},{\"@type\":\"ListItem\",\"position\":2,\"name\":\"A miss\u00e3o n\u00e3o pode parar! Junte-se a n\u00f3s!\"}]},{\"@type\":\"Person\",\"@id\":\"https:\/\/franciscanos.org.br\/noticias\/#\/schema\/person\/b38fbf43118f02820bd932f2e4b14ad3\",\"name\":\"admin\",\"image\":{\"@type\":\"ImageObject\",\"inLanguage\":\"pt-BR\",\"@id\":\"https:\/\/franciscanos.org.br\/noticias\/#\/schema\/person\/image\/\",\"url\":\"https:\/\/secure.gravatar.com\/avatar\/e8495742d34d0ba6448ea1c628263b3e?s=96&d=mm&r=g\",\"contentUrl\":\"https:\/\/secure.gravatar.com\/avatar\/e8495742d34d0ba6448ea1c628263b3e?s=96&d=mm&r=g\",\"caption\":\"admin\"},\"url\":\"https:\/\/franciscanos.org.br\/noticias\/author\/admin\"}]}<\/script>\n<!-- \/ Yoast SEO plugin. -->","yoast_head_json":{"title":"A miss\u00e3o n\u00e3o pode parar! Junte-se a n\u00f3s! - Not\u00edcias - Franciscanos","robots":{"index":"index","follow":"follow","max-snippet":"max-snippet:-1","max-image-preview":"max-image-preview:large","max-video-preview":"max-video-preview:-1"},"canonical":"https:\/\/franciscanos.org.br\/noticias\/a-missao-nao-pode-parar-junte-se-a-nos.html","og_locale":"pt_BR","og_type":"article","og_title":"A miss\u00e3o n\u00e3o pode parar! Junte-se a n\u00f3s! - Not\u00edcias - Franciscanos","og_description":"A todo instante somos enviados em miss\u00e3o. De dentro para fora, como o movimento do cora\u00e7\u00e3o, respondemos a este chamado com a a\u00e7\u00e3o concreta de generosidade e gratid\u00e3o. Voc\u00ea \u00e9 convidado a participar da forma\u00e7\u00e3o de seminaristas, freis estudantes e da Miss\u00e3o de Angola. Juntos, zelamos pela Messe do Senhor! A miss\u00e3o n\u00e3o pode parar! [&hellip;]","og_url":"https:\/\/franciscanos.org.br\/noticias\/a-missao-nao-pode-parar-junte-se-a-nos.html","og_site_name":"Not\u00edcias - Franciscanos","article_published_time":"2012-09-22T16:47:08+00:00","article_modified_time":"2022-09-22T16:51:43+00:00","og_image":[{"url":"https:\/\/franciscanos.org.br\/noticias\/wp-content\/uploads\/2022\/09\/a-missao-nao-pode-parar.png"}],"author":"admin","twitter_card":"summary_large_image","twitter_misc":{"Escrito por":"admin","Est. tempo de leitura":"1 minuto"},"schema":{"@context":"https:\/\/schema.org","@graph":[{"@type":"WebSite","@id":"https:\/\/franciscanos.org.br\/noticias\/#website","url":"https:\/\/franciscanos.org.br\/noticias\/","name":"Not\u00edcias - Franciscanos","description":"Prov\u00edncia Franciscana da Imaculada Concei\u00e7\u00e3o do Brasil - Ordem dos Frades Menores - OFM","potentialAction":[{"@type":"SearchAction","target":{"@type":"EntryPoint","urlTemplate":"https:\/\/franciscanos.org.br\/noticias\/?s={search_term_string}"},"query-input":"required name=search_term_string"}],"inLanguage":"pt-BR"},{"@type":"ImageObject","inLanguage":"pt-BR","@id":"https:\/\/franciscanos.org.br\/noticias\/a-missao-nao-pode-parar-junte-se-a-nos.html#primaryimage","url":"https:\/\/franciscanos.org.br\/noticias\/wp-content\/uploads\/2022\/09\/a-missao-nao-pode-parar.png","contentUrl":"https:\/\/franciscanos.org.br\/noticias\/wp-content\/uploads\/2022\/09\/a-missao-nao-pode-parar.png","width":1280,"height":720},{"@type":"WebPage","@id":"https:\/\/franciscanos.org.br\/noticias\/a-missao-nao-pode-parar-junte-se-a-nos.html#webpage","url":"https:\/\/franciscanos.org.br\/noticias\/a-missao-nao-pode-parar-junte-se-a-nos.html","name":"A miss\u00e3o n\u00e3o pode parar! Junte-se a n\u00f3s! - Not\u00edcias - Franciscanos","isPartOf":{"@id":"https:\/\/franciscanos.org.br\/noticias\/#website"},"primaryImageOfPage":{"@id":"https:\/\/franciscanos.org.br\/noticias\/a-missao-nao-pode-parar-junte-se-a-nos.html#primaryimage"},"datePublished":"2012-09-22T16:47:08+00:00","dateModified":"2022-09-22T16:51:43+00:00","author":{"@id":"https:\/\/franciscanos.org.br\/noticias\/#\/schema\/person\/b38fbf43118f02820bd932f2e4b14ad3"},"breadcrumb":{"@id":"https:\/\/franciscanos.org.br\/noticias\/a-missao-nao-pode-parar-junte-se-a-nos.html#breadcrumb"},"inLanguage":"pt-BR","potentialAction":[{"@type":"ReadAction","target":["https:\/\/franciscanos.org.br\/noticias\/a-missao-nao-pode-parar-junte-se-a-nos.html"]}]},{"@type":"BreadcrumbList","@id":"https:\/\/franciscanos.org.br\/noticias\/a-missao-nao-pode-parar-junte-se-a-nos.html#breadcrumb","itemListElement":[{"@type":"ListItem","position":1,"name":"Home","item":"https:\/\/franciscanos.org.br\/noticias"},{"@type":"ListItem","position":2,"name":"A miss\u00e3o n\u00e3o pode parar! Junte-se a n\u00f3s!"}]},{"@type":"Person","@id":"https:\/\/franciscanos.org.br\/noticias\/#\/schema\/person\/b38fbf43118f02820bd932f2e4b14ad3","name":"admin","image":{"@type":"ImageObject","inLanguage":"pt-BR","@id":"https:\/\/franciscanos.org.br\/noticias\/#\/schema\/person\/image\/","url":"https:\/\/secure.gravatar.com\/avatar\/e8495742d34d0ba6448ea1c628263b3e?s=96&d=mm&r=g","contentUrl":"https:\/\/secure.gravatar.com\/avatar\/e8495742d34d0ba6448ea1c628263b3e?s=96&d=mm&r=g","caption":"admin"},"url":"https:\/\/franciscanos.org.br\/noticias\/author\/admin"}]}},"_links":{"self":[{"href":"https:\/\/franciscanos.org.br\/noticias\/wp-json\/wp\/v2\/posts\/239788"}],"collection":[{"href":"https:\/\/franciscanos.org.br\/noticias\/wp-json\/wp\/v2\/posts"}],"about":[{"href":"https:\/\/franciscanos.org.br\/noticias\/wp-json\/wp\/v2\/types\/post"}],"author":[{"embeddable":true,"href":"https:\/\/franciscanos.org.br\/noticias\/wp-json\/wp\/v2\/users\/1"}],"replies":[{"embeddable":true,"href":"https:\/\/franciscanos.org.br\/noticias\/wp-json\/wp\/v2\/comments?post=239788"}],"version-history":[{"count":7,"href":"https:\/\/franciscanos.org.br\/noticias\/wp-json\/wp\/v2\/posts\/239788\/revisions"}],"predecessor-version":[{"id":239796,"href":"https:\/\/franciscanos.org.br\/noticias\/wp-json\/wp\/v2\/posts\/239788\/revisions\/239796"}],"wp:attachment":[{"href":"https:\/\/franciscanos.org.br\/noticias\/wp-json\/wp\/v2\/media?parent=239788"}],"wp:term":[{"taxonomy":"category","embeddable":true,"href":"https:\/\/franciscanos.org.br\/noticias\/wp-json\/wp\/v2\/categories?post=239788"},{"taxonomy":"post_tag","embeddable":true,"href":"https:\/\/franciscanos.org.br\/noticias\/wp-json\/wp\/v2\/tags?post=239788"}],"curies":[{"name":"wp","href":"https:\/\/api.w.org\/{rel}","templated":true}]}}