{"id":239784,"date":"2022-09-22T08:36:53","date_gmt":"2022-09-22T11:36:53","guid":{"rendered":"https:\/\/franciscanos.org.br\/noticias\/?p=239784"},"modified":"2022-09-22T08:36:53","modified_gmt":"2022-09-22T11:36:53","slug":"sinodalidade-franciscana-e-o-tema-na-volta-da-jornada-franciscana-da-cffb-sao-paulo","status":"publish","type":"post","link":"https:\/\/franciscanos.org.br\/noticias\/sinodalidade-franciscana-e-o-tema-na-volta-da-jornada-franciscana-da-cffb-sao-paulo.html","title":{"rendered":"Sinodalidade Franciscana \u00e9 o tema na volta da Jornada Franciscana da CFFB S\u00e3o Paulo"},"content":{"rendered":"<p><img loading=\"lazy\" class=\"alignnone size-full wp-image-239785\" src=\"https:\/\/franciscanos.org.br\/noticias\/wp-content\/uploads\/2022\/09\/jornada-franciscana_1280x720.png\" alt=\"\" width=\"1280\" height=\"720\" srcset=\"https:\/\/franciscanos.org.br\/noticias\/wp-content\/uploads\/2022\/09\/jornada-franciscana_1280x720.png 1280w, https:\/\/franciscanos.org.br\/noticias\/wp-content\/uploads\/2022\/09\/jornada-franciscana_1280x720-450x253.png 450w, https:\/\/franciscanos.org.br\/noticias\/wp-content\/uploads\/2022\/09\/jornada-franciscana_1280x720-1024x576.png 1024w, https:\/\/franciscanos.org.br\/noticias\/wp-content\/uploads\/2022\/09\/jornada-franciscana_1280x720-768x432.png 768w, https:\/\/franciscanos.org.br\/noticias\/wp-content\/uploads\/2022\/09\/jornada-franciscana_1280x720-150x84.png 150w\" sizes=\"(max-width: 1280px) 100vw, 1280px\" \/><br \/>\n<strong>S\u00e3o Paulo (SP)<\/strong> \u2013 Todo ano, a Fam\u00edlia Franciscana do Brasil, atrav\u00e9s do seu Regional de S\u00e3o Paulo, reserva uma data para se encontrar. Nos \u00faltimos dois anos, devido \u00e0 pandemia de Covid-19, esses encontros (2020 e 2021) n\u00e3o puderam realizar e, neste domingo (25\/09), os franciscanos e franciscanas voltam a se reunir para celebrar a fraternidade com a proximidade das festividades do Pai Ser\u00e1fico S\u00e3o Francisco de Assis.<\/p>\n<p>Trata-se de um momento de reflex\u00e3o e confraterniza\u00e7\u00e3o de religiosas e religiosos de todas as Ordens e Congrega\u00e7\u00f5es que seguem o carisma franciscano, al\u00e9m de reunir um grande n\u00famero de leigos e leigas da Ordem Franciscana Secular, da Juventude Franciscana (Jufra) e de todos os simpatizantes de S\u00e3o Francisco de Assis e Santa Clara.<\/p>\n<p>Neste domingo, 25 de setembro, todo mundo est\u00e1 convidado para esta grande festa da Fam\u00edlia Franciscana no Col\u00e9gio Franciscano Jo\u00e3o XXIII, na rua Caminho do Engenho, 473, Ferreira, na capital paulista.<\/p>\n<p>O encontro come\u00e7a \u00e0s 8h30 com a acolhida dos participantes e, em seguida, tem in\u00edcio a Celebra\u00e7\u00e3o Eucar\u00edstica. Em seguida, \u00e0s 10 horas, come\u00e7a a Mesa Redonda com o tema \u201cSinodalidade na Fraternidade Franciscana&#8221;, tendo em vista a prepara\u00e7\u00e3o para o S\u00ednodo 2021-2023, que reflete sobre o tema \u201cPara uma Igreja sinodal: comunh\u00e3o, participa\u00e7\u00e3o e miss\u00e3o\u201d. O desenvolvimento do tema estar\u00e1 a cargo de cinco participantes.<\/p>\n<p>A primeira Jornada Franciscana realizou-se por ocasi\u00e3o do 8\u00ba Centen\u00e1rio do Nascimento de S\u00e3o Francisco de Assis. S\u00e3o 39 anos de encontros e reflex\u00e3o, com a interrup\u00e7\u00e3o de dois anos durante a pandemia, sobre a presen\u00e7a Franciscana em S\u00e3o Paulo.<\/p>\n<p><strong>FICHA T\u00c9CNICA<\/strong><br \/>\n<strong>Jornada Franciscana CFFB-SP<\/strong><\/p>\n<p><strong>Tema: SINODALIDADE NA FRATERNIDADE FRANCISCANA<\/strong><br \/>\n<strong>Palestrantes<\/strong>:<br \/>\nFrei Jose Ant\u00f4nio Cruz Duarte, OFM &#8211; Rela\u00e7\u00f5es fraternas<br \/>\nFrei Rodrigo da Silva Santos, OFM &#8211; Palavra de Deus<br \/>\nFrei Marcelo Toyansk, OFMCap &#8211; Casa comum<br \/>\n\u00c2ngelo e Jaqueline Vaz Rosa, OFS &#8211; Cidadania<br \/>\nAna Carlota Vieira, professora &#8211; Educa\u00e7\u00e3o<\/p>\n<p><em>Data: 25 De Setembro de 2022<\/em><br \/>\n<em>Hor\u00e1rio: Das 8h30 \u00e0s 16h00<\/em><br \/>\n<em>Local: Col\u00e9gio Franciscano Jo\u00e3o XXIII<\/em><\/p>\n<p><strong>PROGRAMA\u00c7\u00c3O<\/strong><\/p>\n<p><strong>8h30<\/strong> \u2013 Acolhida e Anima\u00e7\u00e3o<br \/>\n<strong>9h00<\/strong> \u2013 Celebra\u00e7\u00e3o Eucar\u00edstica<br \/>\n<strong>10h00<\/strong> \u2013 Mesa Redonda \u2013 Lugares da Sinodalidade<br \/>\n<strong>12h00<\/strong> \u2013 Almo\u00e7o comunit\u00e1rio <strong>(trazer a comida para partilhar)<\/strong><br \/>\n<strong>13h15<\/strong> \u2013 Momento de Cantos e Retomada<br \/>\n<strong>13h30<\/strong> \u2013 Grupos<br \/>\n<strong>15h00<\/strong> \u2013 Partilha<br \/>\n<strong>16h00<\/strong> \u2013 M\u00edstica de Encerramento e Apresenta\u00e7\u00e3o do Teatro.<\/p>\n<hr \/>\n<p><em>CFFB &#8211; Confer\u00eancia da Fam\u00edlia Franciscana do Brasil &#8211; Regional S\u00e3o Paulo<\/em><br \/>\n<em>Informa\u00e7\u00f5es: regionalsp.cffb@gmail.com<\/em><\/p>\n","protected":false},"excerpt":{"rendered":"<p>CFFB<\/p>\n","protected":false},"author":3,"featured_media":239786,"comment_status":"open","ping_status":"open","sticky":false,"template":"","format":"standard","meta":[],"categories":[1],"tags":[436],"acf":[],"yoast_head":"<!-- This site is optimized with the Yoast SEO plugin v19.2 - https:\/\/yoast.com\/wordpress\/plugins\/seo\/ -->\n<title>Sinodalidade Franciscana \u00e9 o tema na volta da Jornada Franciscana da CFFB S\u00e3o Paulo - Not\u00edcias - Franciscanos<\/title>\n<meta name=\"robots\" content=\"index, follow, max-snippet:-1, max-image-preview:large, max-video-preview:-1\" \/>\n<link rel=\"canonical\" href=\"https:\/\/franciscanos.org.br\/noticias\/sinodalidade-franciscana-e-o-tema-na-volta-da-jornada-franciscana-da-cffb-sao-paulo.html\" \/>\n<meta property=\"og:locale\" content=\"pt_BR\" \/>\n<meta property=\"og:type\" content=\"article\" \/>\n<meta property=\"og:title\" content=\"Sinodalidade Franciscana \u00e9 o tema na volta da Jornada Franciscana da CFFB S\u00e3o Paulo - Not\u00edcias - Franciscanos\" \/>\n<meta property=\"og:description\" content=\"CFFB\" \/>\n<meta property=\"og:url\" content=\"https:\/\/franciscanos.org.br\/noticias\/sinodalidade-franciscana-e-o-tema-na-volta-da-jornada-franciscana-da-cffb-sao-paulo.html\" \/>\n<meta property=\"og:site_name\" content=\"Not\u00edcias - Franciscanos\" \/>\n<meta property=\"article:published_time\" content=\"2022-09-22T11:36:53+00:00\" \/>\n<meta property=\"og:image\" content=\"https:\/\/franciscanos.org.br\/noticias\/wp-content\/uploads\/2022\/09\/jornada-franciscana_800x550.png\" \/>\n\t<meta property=\"og:image:width\" content=\"800\" \/>\n\t<meta property=\"og:image:height\" content=\"550\" \/>\n\t<meta property=\"og:image:type\" content=\"image\/png\" \/>\n<meta name=\"author\" content=\"moacir\" \/>\n<meta name=\"twitter:card\" content=\"summary_large_image\" \/>\n<meta name=\"twitter:label1\" content=\"Escrito por\" \/>\n\t<meta name=\"twitter:data1\" content=\"moacir\" \/>\n\t<meta name=\"twitter:label2\" content=\"Est. tempo de leitura\" \/>\n\t<meta name=\"twitter:data2\" content=\"2 minutos\" \/>\n<script type=\"application\/ld+json\" class=\"yoast-schema-graph\">{\"@context\":\"https:\/\/schema.org\",\"@graph\":[{\"@type\":\"WebSite\",\"@id\":\"https:\/\/franciscanos.org.br\/noticias\/#website\",\"url\":\"https:\/\/franciscanos.org.br\/noticias\/\",\"name\":\"Not\u00edcias - Franciscanos\",\"description\":\"Prov\u00edncia Franciscana da Imaculada Concei\u00e7\u00e3o do Brasil - Ordem dos Frades Menores - OFM\",\"potentialAction\":[{\"@type\":\"SearchAction\",\"target\":{\"@type\":\"EntryPoint\",\"urlTemplate\":\"https:\/\/franciscanos.org.br\/noticias\/?s={search_term_string}\"},\"query-input\":\"required name=search_term_string\"}],\"inLanguage\":\"pt-BR\"},{\"@type\":\"ImageObject\",\"inLanguage\":\"pt-BR\",\"@id\":\"https:\/\/franciscanos.org.br\/noticias\/sinodalidade-franciscana-e-o-tema-na-volta-da-jornada-franciscana-da-cffb-sao-paulo.html#primaryimage\",\"url\":\"https:\/\/franciscanos.org.br\/noticias\/wp-content\/uploads\/2022\/09\/jornada-franciscana_800x550.png\",\"contentUrl\":\"https:\/\/franciscanos.org.br\/noticias\/wp-content\/uploads\/2022\/09\/jornada-franciscana_800x550.png\",\"width\":800,\"height\":550},{\"@type\":\"WebPage\",\"@id\":\"https:\/\/franciscanos.org.br\/noticias\/sinodalidade-franciscana-e-o-tema-na-volta-da-jornada-franciscana-da-cffb-sao-paulo.html#webpage\",\"url\":\"https:\/\/franciscanos.org.br\/noticias\/sinodalidade-franciscana-e-o-tema-na-volta-da-jornada-franciscana-da-cffb-sao-paulo.html\",\"name\":\"Sinodalidade Franciscana \u00e9 o tema na volta da Jornada Franciscana da CFFB S\u00e3o Paulo - Not\u00edcias - Franciscanos\",\"isPartOf\":{\"@id\":\"https:\/\/franciscanos.org.br\/noticias\/#website\"},\"primaryImageOfPage\":{\"@id\":\"https:\/\/franciscanos.org.br\/noticias\/sinodalidade-franciscana-e-o-tema-na-volta-da-jornada-franciscana-da-cffb-sao-paulo.html#primaryimage\"},\"datePublished\":\"2022-09-22T11:36:53+00:00\",\"dateModified\":\"2022-09-22T11:36:53+00:00\",\"author\":{\"@id\":\"https:\/\/franciscanos.org.br\/noticias\/#\/schema\/person\/b5c8cba458c330ccff548b056e95a5d4\"},\"breadcrumb\":{\"@id\":\"https:\/\/franciscanos.org.br\/noticias\/sinodalidade-franciscana-e-o-tema-na-volta-da-jornada-franciscana-da-cffb-sao-paulo.html#breadcrumb\"},\"inLanguage\":\"pt-BR\",\"potentialAction\":[{\"@type\":\"ReadAction\",\"target\":[\"https:\/\/franciscanos.org.br\/noticias\/sinodalidade-franciscana-e-o-tema-na-volta-da-jornada-franciscana-da-cffb-sao-paulo.html\"]}]},{\"@type\":\"BreadcrumbList\",\"@id\":\"https:\/\/franciscanos.org.br\/noticias\/sinodalidade-franciscana-e-o-tema-na-volta-da-jornada-franciscana-da-cffb-sao-paulo.html#breadcrumb\",\"itemListElement\":[{\"@type\":\"ListItem\",\"position\":1,\"name\":\"Home\",\"item\":\"https:\/\/franciscanos.org.br\/noticias\"},{\"@type\":\"ListItem\",\"position\":2,\"name\":\"Sinodalidade Franciscana \u00e9 o tema na volta da Jornada Franciscana da CFFB S\u00e3o Paulo\"}]},{\"@type\":\"Person\",\"@id\":\"https:\/\/franciscanos.org.br\/noticias\/#\/schema\/person\/b5c8cba458c330ccff548b056e95a5d4\",\"name\":\"moacir\",\"image\":{\"@type\":\"ImageObject\",\"inLanguage\":\"pt-BR\",\"@id\":\"https:\/\/franciscanos.org.br\/noticias\/#\/schema\/person\/image\/\",\"url\":\"https:\/\/secure.gravatar.com\/avatar\/d08aa2ce4c8dd416d4479aa8536fcf64?s=96&d=mm&r=g\",\"contentUrl\":\"https:\/\/secure.gravatar.com\/avatar\/d08aa2ce4c8dd416d4479aa8536fcf64?s=96&d=mm&r=g\",\"caption\":\"moacir\"},\"url\":\"https:\/\/franciscanos.org.br\/noticias\/author\/moacir\"}]}<\/script>\n<!-- \/ Yoast SEO plugin. -->","yoast_head_json":{"title":"Sinodalidade Franciscana \u00e9 o tema na volta da Jornada Franciscana da CFFB S\u00e3o Paulo - Not\u00edcias - Franciscanos","robots":{"index":"index","follow":"follow","max-snippet":"max-snippet:-1","max-image-preview":"max-image-preview:large","max-video-preview":"max-video-preview:-1"},"canonical":"https:\/\/franciscanos.org.br\/noticias\/sinodalidade-franciscana-e-o-tema-na-volta-da-jornada-franciscana-da-cffb-sao-paulo.html","og_locale":"pt_BR","og_type":"article","og_title":"Sinodalidade Franciscana \u00e9 o tema na volta da Jornada Franciscana da CFFB S\u00e3o Paulo - Not\u00edcias - Franciscanos","og_description":"CFFB","og_url":"https:\/\/franciscanos.org.br\/noticias\/sinodalidade-franciscana-e-o-tema-na-volta-da-jornada-franciscana-da-cffb-sao-paulo.html","og_site_name":"Not\u00edcias - Franciscanos","article_published_time":"2022-09-22T11:36:53+00:00","og_image":[{"width":800,"height":550,"url":"https:\/\/franciscanos.org.br\/noticias\/wp-content\/uploads\/2022\/09\/jornada-franciscana_800x550.png","type":"image\/png"}],"author":"moacir","twitter_card":"summary_large_image","twitter_misc":{"Escrito por":"moacir","Est. tempo de leitura":"2 minutos"},"schema":{"@context":"https:\/\/schema.org","@graph":[{"@type":"WebSite","@id":"https:\/\/franciscanos.org.br\/noticias\/#website","url":"https:\/\/franciscanos.org.br\/noticias\/","name":"Not\u00edcias - Franciscanos","description":"Prov\u00edncia Franciscana da Imaculada Concei\u00e7\u00e3o do Brasil - Ordem dos Frades Menores - OFM","potentialAction":[{"@type":"SearchAction","target":{"@type":"EntryPoint","urlTemplate":"https:\/\/franciscanos.org.br\/noticias\/?s={search_term_string}"},"query-input":"required name=search_term_string"}],"inLanguage":"pt-BR"},{"@type":"ImageObject","inLanguage":"pt-BR","@id":"https:\/\/franciscanos.org.br\/noticias\/sinodalidade-franciscana-e-o-tema-na-volta-da-jornada-franciscana-da-cffb-sao-paulo.html#primaryimage","url":"https:\/\/franciscanos.org.br\/noticias\/wp-content\/uploads\/2022\/09\/jornada-franciscana_800x550.png","contentUrl":"https:\/\/franciscanos.org.br\/noticias\/wp-content\/uploads\/2022\/09\/jornada-franciscana_800x550.png","width":800,"height":550},{"@type":"WebPage","@id":"https:\/\/franciscanos.org.br\/noticias\/sinodalidade-franciscana-e-o-tema-na-volta-da-jornada-franciscana-da-cffb-sao-paulo.html#webpage","url":"https:\/\/franciscanos.org.br\/noticias\/sinodalidade-franciscana-e-o-tema-na-volta-da-jornada-franciscana-da-cffb-sao-paulo.html","name":"Sinodalidade Franciscana \u00e9 o tema na volta da Jornada Franciscana da CFFB S\u00e3o Paulo - Not\u00edcias - Franciscanos","isPartOf":{"@id":"https:\/\/franciscanos.org.br\/noticias\/#website"},"primaryImageOfPage":{"@id":"https:\/\/franciscanos.org.br\/noticias\/sinodalidade-franciscana-e-o-tema-na-volta-da-jornada-franciscana-da-cffb-sao-paulo.html#primaryimage"},"datePublished":"2022-09-22T11:36:53+00:00","dateModified":"2022-09-22T11:36:53+00:00","author":{"@id":"https:\/\/franciscanos.org.br\/noticias\/#\/schema\/person\/b5c8cba458c330ccff548b056e95a5d4"},"breadcrumb":{"@id":"https:\/\/franciscanos.org.br\/noticias\/sinodalidade-franciscana-e-o-tema-na-volta-da-jornada-franciscana-da-cffb-sao-paulo.html#breadcrumb"},"inLanguage":"pt-BR","potentialAction":[{"@type":"ReadAction","target":["https:\/\/franciscanos.org.br\/noticias\/sinodalidade-franciscana-e-o-tema-na-volta-da-jornada-franciscana-da-cffb-sao-paulo.html"]}]},{"@type":"BreadcrumbList","@id":"https:\/\/franciscanos.org.br\/noticias\/sinodalidade-franciscana-e-o-tema-na-volta-da-jornada-franciscana-da-cffb-sao-paulo.html#breadcrumb","itemListElement":[{"@type":"ListItem","position":1,"name":"Home","item":"https:\/\/franciscanos.org.br\/noticias"},{"@type":"ListItem","position":2,"name":"Sinodalidade Franciscana \u00e9 o tema na volta da Jornada Franciscana da CFFB S\u00e3o Paulo"}]},{"@type":"Person","@id":"https:\/\/franciscanos.org.br\/noticias\/#\/schema\/person\/b5c8cba458c330ccff548b056e95a5d4","name":"moacir","image":{"@type":"ImageObject","inLanguage":"pt-BR","@id":"https:\/\/franciscanos.org.br\/noticias\/#\/schema\/person\/image\/","url":"https:\/\/secure.gravatar.com\/avatar\/d08aa2ce4c8dd416d4479aa8536fcf64?s=96&d=mm&r=g","contentUrl":"https:\/\/secure.gravatar.com\/avatar\/d08aa2ce4c8dd416d4479aa8536fcf64?s=96&d=mm&r=g","caption":"moacir"},"url":"https:\/\/franciscanos.org.br\/noticias\/author\/moacir"}]}},"_links":{"self":[{"href":"https:\/\/franciscanos.org.br\/noticias\/wp-json\/wp\/v2\/posts\/239784"}],"collection":[{"href":"https:\/\/franciscanos.org.br\/noticias\/wp-json\/wp\/v2\/posts"}],"about":[{"href":"https:\/\/franciscanos.org.br\/noticias\/wp-json\/wp\/v2\/types\/post"}],"author":[{"embeddable":true,"href":"https:\/\/franciscanos.org.br\/noticias\/wp-json\/wp\/v2\/users\/3"}],"replies":[{"embeddable":true,"href":"https:\/\/franciscanos.org.br\/noticias\/wp-json\/wp\/v2\/comments?post=239784"}],"version-history":[{"count":1,"href":"https:\/\/franciscanos.org.br\/noticias\/wp-json\/wp\/v2\/posts\/239784\/revisions"}],"predecessor-version":[{"id":239787,"href":"https:\/\/franciscanos.org.br\/noticias\/wp-json\/wp\/v2\/posts\/239784\/revisions\/239787"}],"wp:featuredmedia":[{"embeddable":true,"href":"https:\/\/franciscanos.org.br\/noticias\/wp-json\/wp\/v2\/media\/239786"}],"wp:attachment":[{"href":"https:\/\/franciscanos.org.br\/noticias\/wp-json\/wp\/v2\/media?parent=239784"}],"wp:term":[{"taxonomy":"category","embeddable":true,"href":"https:\/\/franciscanos.org.br\/noticias\/wp-json\/wp\/v2\/categories?post=239784"},{"taxonomy":"post_tag","embeddable":true,"href":"https:\/\/franciscanos.org.br\/noticias\/wp-json\/wp\/v2\/tags?post=239784"}],"curies":[{"name":"wp","href":"https:\/\/api.w.org\/{rel}","templated":true}]}}