{"id":239780,"date":"2022-09-22T07:15:48","date_gmt":"2022-09-22T10:15:48","guid":{"rendered":"https:\/\/franciscanos.org.br\/noticias\/?p=239780"},"modified":"2022-09-22T07:16:20","modified_gmt":"2022-09-22T10:16:20","slug":"fundacao-frei-rogerio-e-homenageada-pelos-100-anos-do-radio-no-brasil","status":"publish","type":"post","link":"https:\/\/franciscanos.org.br\/noticias\/fundacao-frei-rogerio-e-homenageada-pelos-100-anos-do-radio-no-brasil.html","title":{"rendered":"Funda\u00e7\u00e3o Frei Rog\u00e9rio \u00e9 homenageada pelos 100 anos do R\u00e1dio no Brasil"},"content":{"rendered":"<p><img loading=\"lazy\" class=\"alignnone size-full wp-image-239781\" src=\"https:\/\/franciscanos.org.br\/noticias\/wp-content\/uploads\/2022\/09\/fundacao_01.jpg\" alt=\"\" width=\"1058\" height=\"595\" srcset=\"https:\/\/franciscanos.org.br\/noticias\/wp-content\/uploads\/2022\/09\/fundacao_01.jpg 1058w, https:\/\/franciscanos.org.br\/noticias\/wp-content\/uploads\/2022\/09\/fundacao_01-450x253.jpg 450w, https:\/\/franciscanos.org.br\/noticias\/wp-content\/uploads\/2022\/09\/fundacao_01-1024x576.jpg 1024w, https:\/\/franciscanos.org.br\/noticias\/wp-content\/uploads\/2022\/09\/fundacao_01-768x432.jpg 768w, https:\/\/franciscanos.org.br\/noticias\/wp-content\/uploads\/2022\/09\/fundacao_01-150x84.jpg 150w\" sizes=\"(max-width: 1058px) 100vw, 1058px\" \/><\/p>\n<p><strong>Curitibanos (SC)<\/strong> &#8211; As emissoras da Funda\u00e7\u00e3o Frei Rog\u00e9rio, Movimento FM e Coroado FM, foram homenageadas pela C\u00e2mara de Vereadores de Curitibanos (SC) na segunda-feira (19), com uma mo\u00e7\u00e3o de congratula\u00e7\u00f5es pela comemora\u00e7\u00e3o dos 100 anos do R\u00e1dio no Brasil e pelos excelentes servi\u00e7os prestados ao munic\u00edpio e regi\u00e3o. A autora da mat\u00e9ria foi a vereadora Vilma Fontana Maciel, com apoio dos demais vereadores.<\/p>\n<p>A hist\u00f3ria do r\u00e1dio come\u00e7a oficialmente em 7 de setembro de 1922, com a transmiss\u00e3o da fala do presidente da Rep\u00fablica Epit\u00e1cio Pessoa, na comemora\u00e7\u00e3o do centen\u00e1rio da Independ\u00eancia do Brasil.<\/p>\n<p>Ao longo dos anos, o R\u00e1dio prestou grande servi\u00e7o na \u00e1rea social, na educa\u00e7\u00e3o, na sa\u00fade, na ind\u00fastria e com\u00e9rcio, no \u00e2mbito do esporte, no jornalismo, no entretenimento, na evangeliza\u00e7\u00e3o, dando voz e vez \u00e0 sociedade.<\/p>\n<p>Durante a sess\u00e3o o vice-presidente da Funda\u00e7\u00e3o Frei Rog\u00e9rio, Frei Alan Leal, destacou a longa hist\u00f3ria de sucesso das emissoras. Os primeiros passos aconteceram em 1952, por iniciativa dos senhores Osni Schwartz e Orocimbo Caetano da Silva, que fundaram a R\u00e1dio Coroado. Mais tarde, a emissora ganhou novos rumos, quando Frei Edmundo Piechoczek, que era o p\u00e1roco da Par\u00f3quia Imaculada Concei\u00e7\u00e3o, acreditou no potencial formativo da R\u00e1dio e fez a aquisi\u00e7\u00e3o. Para fins legais, a Coroado foi repassada para a Prov\u00edncia Franciscana da Imaculada Concei\u00e7\u00e3o do Brasil, com sede em S\u00e3o Paulo (SP), de quem s\u00e3o membros os frades que atuam em Curitibanos. Em 1985 foi transformada em Funda\u00e7\u00e3o Frei Rog\u00e9rio. No ano de 1990 mais uma grande conquista, nascia no m\u00eas de junho a R\u00e1dio Movimento FM, ecoando por toda grande regi\u00e3o.<\/p>\n<p>Passados 100 anos, o r\u00e1dio continua sendo hoje o ve\u00edculo de maior alcance em todo o territ\u00f3rio brasileiro, atingindo as regi\u00f5es mais remotas do pa\u00eds e as mais diferentes classes sociais. Pesquisas indicam que mais de 80% da popula\u00e7\u00e3o ouvem r\u00e1dio. Al\u00e9m disso, \u00e9 quem tem os maiores \u00edndices de credibilidade junto \u00e0 popula\u00e7\u00e3o.<\/p>\n<p>As inova\u00e7\u00f5es tecnol\u00f3gicas que v\u00eam ocorrendo ao longo da hist\u00f3ria tem um papel fundamental nas formas de fazer e ouvir r\u00e1dio. Hoje, a digitaliza\u00e7\u00e3o abre novas dimens\u00f5es ao r\u00e1dio em versatilidade, alcance, portabilidade e qualidade t\u00e9cnica das transmiss\u00f5es.<\/p>\n<p>Segundo o gestor Funda\u00e7\u00e3o Frei Rog\u00e9rio, Frei Neuri Francisco Reinisch, as r\u00e1dios Movimento FM e Coroado FM est\u00e3o evoluindo e se reinventando diariamente, na sobriedade de suas instala\u00e7\u00f5es, na modernidade tecnol\u00f3gica de seus equipamentos e na dedica\u00e7\u00e3o de seus profissionais, mostrando um complexo de comunica\u00e7\u00e3o s\u00f3lido, competente e competitivo.<\/p>\n<hr \/>\n<p><em>Claiton Bohnenberger<\/em><\/p>\n<p>&nbsp;<\/p>\n","protected":false},"excerpt":{"rendered":"<p>Frente da Comunica\u00e7\u00e3o da Prov\u00edncia da Imaculada Concei\u00e7\u00e3o<\/p>\n","protected":false},"author":3,"featured_media":239781,"comment_status":"open","ping_status":"open","sticky":false,"template":"","format":"standard","meta":[],"categories":[1],"tags":[1168],"acf":[],"yoast_head":"<!-- This site is optimized with the Yoast SEO plugin v19.2 - https:\/\/yoast.com\/wordpress\/plugins\/seo\/ -->\n<title>Funda\u00e7\u00e3o Frei Rog\u00e9rio \u00e9 homenageada pelos 100 anos do R\u00e1dio no Brasil - Not\u00edcias - Franciscanos<\/title>\n<meta name=\"robots\" content=\"index, follow, max-snippet:-1, max-image-preview:large, max-video-preview:-1\" \/>\n<link rel=\"canonical\" href=\"https:\/\/franciscanos.org.br\/noticias\/fundacao-frei-rogerio-e-homenageada-pelos-100-anos-do-radio-no-brasil.html\" \/>\n<meta property=\"og:locale\" content=\"pt_BR\" \/>\n<meta property=\"og:type\" content=\"article\" \/>\n<meta property=\"og:title\" content=\"Funda\u00e7\u00e3o Frei Rog\u00e9rio \u00e9 homenageada pelos 100 anos do R\u00e1dio no Brasil - Not\u00edcias - Franciscanos\" \/>\n<meta property=\"og:description\" content=\"Frente da Comunica\u00e7\u00e3o da Prov\u00edncia da Imaculada Concei\u00e7\u00e3o\" \/>\n<meta property=\"og:url\" content=\"https:\/\/franciscanos.org.br\/noticias\/fundacao-frei-rogerio-e-homenageada-pelos-100-anos-do-radio-no-brasil.html\" \/>\n<meta property=\"og:site_name\" content=\"Not\u00edcias - Franciscanos\" \/>\n<meta property=\"article:published_time\" content=\"2022-09-22T10:15:48+00:00\" \/>\n<meta property=\"article:modified_time\" content=\"2022-09-22T10:16:20+00:00\" \/>\n<meta property=\"og:image\" content=\"https:\/\/franciscanos.org.br\/noticias\/wp-content\/uploads\/2022\/09\/fundacao_01.jpg\" \/>\n\t<meta property=\"og:image:width\" content=\"1058\" \/>\n\t<meta property=\"og:image:height\" content=\"595\" \/>\n\t<meta property=\"og:image:type\" content=\"image\/jpeg\" \/>\n<meta name=\"author\" content=\"moacir\" \/>\n<meta name=\"twitter:card\" content=\"summary_large_image\" \/>\n<meta name=\"twitter:label1\" content=\"Escrito por\" \/>\n\t<meta name=\"twitter:data1\" content=\"moacir\" \/>\n\t<meta name=\"twitter:label2\" content=\"Est. tempo de leitura\" \/>\n\t<meta name=\"twitter:data2\" content=\"2 minutos\" \/>\n<script type=\"application\/ld+json\" class=\"yoast-schema-graph\">{\"@context\":\"https:\/\/schema.org\",\"@graph\":[{\"@type\":\"WebSite\",\"@id\":\"https:\/\/franciscanos.org.br\/noticias\/#website\",\"url\":\"https:\/\/franciscanos.org.br\/noticias\/\",\"name\":\"Not\u00edcias - Franciscanos\",\"description\":\"Prov\u00edncia Franciscana da Imaculada Concei\u00e7\u00e3o do Brasil - Ordem dos Frades Menores - OFM\",\"potentialAction\":[{\"@type\":\"SearchAction\",\"target\":{\"@type\":\"EntryPoint\",\"urlTemplate\":\"https:\/\/franciscanos.org.br\/noticias\/?s={search_term_string}\"},\"query-input\":\"required name=search_term_string\"}],\"inLanguage\":\"pt-BR\"},{\"@type\":\"ImageObject\",\"inLanguage\":\"pt-BR\",\"@id\":\"https:\/\/franciscanos.org.br\/noticias\/fundacao-frei-rogerio-e-homenageada-pelos-100-anos-do-radio-no-brasil.html#primaryimage\",\"url\":\"https:\/\/franciscanos.org.br\/noticias\/wp-content\/uploads\/2022\/09\/fundacao_01.jpg\",\"contentUrl\":\"https:\/\/franciscanos.org.br\/noticias\/wp-content\/uploads\/2022\/09\/fundacao_01.jpg\",\"width\":1058,\"height\":595},{\"@type\":\"WebPage\",\"@id\":\"https:\/\/franciscanos.org.br\/noticias\/fundacao-frei-rogerio-e-homenageada-pelos-100-anos-do-radio-no-brasil.html#webpage\",\"url\":\"https:\/\/franciscanos.org.br\/noticias\/fundacao-frei-rogerio-e-homenageada-pelos-100-anos-do-radio-no-brasil.html\",\"name\":\"Funda\u00e7\u00e3o Frei Rog\u00e9rio \u00e9 homenageada pelos 100 anos do R\u00e1dio no Brasil - Not\u00edcias - Franciscanos\",\"isPartOf\":{\"@id\":\"https:\/\/franciscanos.org.br\/noticias\/#website\"},\"primaryImageOfPage\":{\"@id\":\"https:\/\/franciscanos.org.br\/noticias\/fundacao-frei-rogerio-e-homenageada-pelos-100-anos-do-radio-no-brasil.html#primaryimage\"},\"datePublished\":\"2022-09-22T10:15:48+00:00\",\"dateModified\":\"2022-09-22T10:16:20+00:00\",\"author\":{\"@id\":\"https:\/\/franciscanos.org.br\/noticias\/#\/schema\/person\/b5c8cba458c330ccff548b056e95a5d4\"},\"breadcrumb\":{\"@id\":\"https:\/\/franciscanos.org.br\/noticias\/fundacao-frei-rogerio-e-homenageada-pelos-100-anos-do-radio-no-brasil.html#breadcrumb\"},\"inLanguage\":\"pt-BR\",\"potentialAction\":[{\"@type\":\"ReadAction\",\"target\":[\"https:\/\/franciscanos.org.br\/noticias\/fundacao-frei-rogerio-e-homenageada-pelos-100-anos-do-radio-no-brasil.html\"]}]},{\"@type\":\"BreadcrumbList\",\"@id\":\"https:\/\/franciscanos.org.br\/noticias\/fundacao-frei-rogerio-e-homenageada-pelos-100-anos-do-radio-no-brasil.html#breadcrumb\",\"itemListElement\":[{\"@type\":\"ListItem\",\"position\":1,\"name\":\"Home\",\"item\":\"https:\/\/franciscanos.org.br\/noticias\"},{\"@type\":\"ListItem\",\"position\":2,\"name\":\"Funda\u00e7\u00e3o Frei Rog\u00e9rio \u00e9 homenageada pelos 100 anos do R\u00e1dio no Brasil\"}]},{\"@type\":\"Person\",\"@id\":\"https:\/\/franciscanos.org.br\/noticias\/#\/schema\/person\/b5c8cba458c330ccff548b056e95a5d4\",\"name\":\"moacir\",\"image\":{\"@type\":\"ImageObject\",\"inLanguage\":\"pt-BR\",\"@id\":\"https:\/\/franciscanos.org.br\/noticias\/#\/schema\/person\/image\/\",\"url\":\"https:\/\/secure.gravatar.com\/avatar\/d08aa2ce4c8dd416d4479aa8536fcf64?s=96&d=mm&r=g\",\"contentUrl\":\"https:\/\/secure.gravatar.com\/avatar\/d08aa2ce4c8dd416d4479aa8536fcf64?s=96&d=mm&r=g\",\"caption\":\"moacir\"},\"url\":\"https:\/\/franciscanos.org.br\/noticias\/author\/moacir\"}]}<\/script>\n<!-- \/ Yoast SEO plugin. -->","yoast_head_json":{"title":"Funda\u00e7\u00e3o Frei Rog\u00e9rio \u00e9 homenageada pelos 100 anos do R\u00e1dio no Brasil - Not\u00edcias - Franciscanos","robots":{"index":"index","follow":"follow","max-snippet":"max-snippet:-1","max-image-preview":"max-image-preview:large","max-video-preview":"max-video-preview:-1"},"canonical":"https:\/\/franciscanos.org.br\/noticias\/fundacao-frei-rogerio-e-homenageada-pelos-100-anos-do-radio-no-brasil.html","og_locale":"pt_BR","og_type":"article","og_title":"Funda\u00e7\u00e3o Frei Rog\u00e9rio \u00e9 homenageada pelos 100 anos do R\u00e1dio no Brasil - Not\u00edcias - Franciscanos","og_description":"Frente da Comunica\u00e7\u00e3o da Prov\u00edncia da Imaculada Concei\u00e7\u00e3o","og_url":"https:\/\/franciscanos.org.br\/noticias\/fundacao-frei-rogerio-e-homenageada-pelos-100-anos-do-radio-no-brasil.html","og_site_name":"Not\u00edcias - Franciscanos","article_published_time":"2022-09-22T10:15:48+00:00","article_modified_time":"2022-09-22T10:16:20+00:00","og_image":[{"width":1058,"height":595,"url":"https:\/\/franciscanos.org.br\/noticias\/wp-content\/uploads\/2022\/09\/fundacao_01.jpg","type":"image\/jpeg"}],"author":"moacir","twitter_card":"summary_large_image","twitter_misc":{"Escrito por":"moacir","Est. tempo de leitura":"2 minutos"},"schema":{"@context":"https:\/\/schema.org","@graph":[{"@type":"WebSite","@id":"https:\/\/franciscanos.org.br\/noticias\/#website","url":"https:\/\/franciscanos.org.br\/noticias\/","name":"Not\u00edcias - Franciscanos","description":"Prov\u00edncia Franciscana da Imaculada Concei\u00e7\u00e3o do Brasil - Ordem dos Frades Menores - OFM","potentialAction":[{"@type":"SearchAction","target":{"@type":"EntryPoint","urlTemplate":"https:\/\/franciscanos.org.br\/noticias\/?s={search_term_string}"},"query-input":"required name=search_term_string"}],"inLanguage":"pt-BR"},{"@type":"ImageObject","inLanguage":"pt-BR","@id":"https:\/\/franciscanos.org.br\/noticias\/fundacao-frei-rogerio-e-homenageada-pelos-100-anos-do-radio-no-brasil.html#primaryimage","url":"https:\/\/franciscanos.org.br\/noticias\/wp-content\/uploads\/2022\/09\/fundacao_01.jpg","contentUrl":"https:\/\/franciscanos.org.br\/noticias\/wp-content\/uploads\/2022\/09\/fundacao_01.jpg","width":1058,"height":595},{"@type":"WebPage","@id":"https:\/\/franciscanos.org.br\/noticias\/fundacao-frei-rogerio-e-homenageada-pelos-100-anos-do-radio-no-brasil.html#webpage","url":"https:\/\/franciscanos.org.br\/noticias\/fundacao-frei-rogerio-e-homenageada-pelos-100-anos-do-radio-no-brasil.html","name":"Funda\u00e7\u00e3o Frei Rog\u00e9rio \u00e9 homenageada pelos 100 anos do R\u00e1dio no Brasil - Not\u00edcias - Franciscanos","isPartOf":{"@id":"https:\/\/franciscanos.org.br\/noticias\/#website"},"primaryImageOfPage":{"@id":"https:\/\/franciscanos.org.br\/noticias\/fundacao-frei-rogerio-e-homenageada-pelos-100-anos-do-radio-no-brasil.html#primaryimage"},"datePublished":"2022-09-22T10:15:48+00:00","dateModified":"2022-09-22T10:16:20+00:00","author":{"@id":"https:\/\/franciscanos.org.br\/noticias\/#\/schema\/person\/b5c8cba458c330ccff548b056e95a5d4"},"breadcrumb":{"@id":"https:\/\/franciscanos.org.br\/noticias\/fundacao-frei-rogerio-e-homenageada-pelos-100-anos-do-radio-no-brasil.html#breadcrumb"},"inLanguage":"pt-BR","potentialAction":[{"@type":"ReadAction","target":["https:\/\/franciscanos.org.br\/noticias\/fundacao-frei-rogerio-e-homenageada-pelos-100-anos-do-radio-no-brasil.html"]}]},{"@type":"BreadcrumbList","@id":"https:\/\/franciscanos.org.br\/noticias\/fundacao-frei-rogerio-e-homenageada-pelos-100-anos-do-radio-no-brasil.html#breadcrumb","itemListElement":[{"@type":"ListItem","position":1,"name":"Home","item":"https:\/\/franciscanos.org.br\/noticias"},{"@type":"ListItem","position":2,"name":"Funda\u00e7\u00e3o Frei Rog\u00e9rio \u00e9 homenageada pelos 100 anos do R\u00e1dio no Brasil"}]},{"@type":"Person","@id":"https:\/\/franciscanos.org.br\/noticias\/#\/schema\/person\/b5c8cba458c330ccff548b056e95a5d4","name":"moacir","image":{"@type":"ImageObject","inLanguage":"pt-BR","@id":"https:\/\/franciscanos.org.br\/noticias\/#\/schema\/person\/image\/","url":"https:\/\/secure.gravatar.com\/avatar\/d08aa2ce4c8dd416d4479aa8536fcf64?s=96&d=mm&r=g","contentUrl":"https:\/\/secure.gravatar.com\/avatar\/d08aa2ce4c8dd416d4479aa8536fcf64?s=96&d=mm&r=g","caption":"moacir"},"url":"https:\/\/franciscanos.org.br\/noticias\/author\/moacir"}]}},"_links":{"self":[{"href":"https:\/\/franciscanos.org.br\/noticias\/wp-json\/wp\/v2\/posts\/239780"}],"collection":[{"href":"https:\/\/franciscanos.org.br\/noticias\/wp-json\/wp\/v2\/posts"}],"about":[{"href":"https:\/\/franciscanos.org.br\/noticias\/wp-json\/wp\/v2\/types\/post"}],"author":[{"embeddable":true,"href":"https:\/\/franciscanos.org.br\/noticias\/wp-json\/wp\/v2\/users\/3"}],"replies":[{"embeddable":true,"href":"https:\/\/franciscanos.org.br\/noticias\/wp-json\/wp\/v2\/comments?post=239780"}],"version-history":[{"count":2,"href":"https:\/\/franciscanos.org.br\/noticias\/wp-json\/wp\/v2\/posts\/239780\/revisions"}],"predecessor-version":[{"id":239783,"href":"https:\/\/franciscanos.org.br\/noticias\/wp-json\/wp\/v2\/posts\/239780\/revisions\/239783"}],"wp:featuredmedia":[{"embeddable":true,"href":"https:\/\/franciscanos.org.br\/noticias\/wp-json\/wp\/v2\/media\/239781"}],"wp:attachment":[{"href":"https:\/\/franciscanos.org.br\/noticias\/wp-json\/wp\/v2\/media?parent=239780"}],"wp:term":[{"taxonomy":"category","embeddable":true,"href":"https:\/\/franciscanos.org.br\/noticias\/wp-json\/wp\/v2\/categories?post=239780"},{"taxonomy":"post_tag","embeddable":true,"href":"https:\/\/franciscanos.org.br\/noticias\/wp-json\/wp\/v2\/tags?post=239780"}],"curies":[{"name":"wp","href":"https:\/\/api.w.org\/{rel}","templated":true}]}}