{"id":239745,"date":"2022-09-18T16:34:25","date_gmt":"2022-09-18T19:34:25","guid":{"rendered":"https:\/\/franciscanos.org.br\/noticias\/?p=239745"},"modified":"2022-09-18T17:28:35","modified_gmt":"2022-09-18T20:28:35","slug":"aos-62-anos-falece-frei-fabiano-kessin","status":"publish","type":"post","link":"https:\/\/franciscanos.org.br\/noticias\/aos-62-anos-falece-frei-fabiano-kessin.html","title":{"rendered":"Aos 62 anos, falece Frei Fabiano Kessin"},"content":{"rendered":"<p><img loading=\"lazy\" class=\"alignnone size-full wp-image-239746\" src=\"https:\/\/franciscanos.org.br\/noticias\/wp-content\/uploads\/2022\/09\/fabiano_01.jpg\" alt=\"\" width=\"1216\" height=\"730\" srcset=\"https:\/\/franciscanos.org.br\/noticias\/wp-content\/uploads\/2022\/09\/fabiano_01.jpg 1216w, https:\/\/franciscanos.org.br\/noticias\/wp-content\/uploads\/2022\/09\/fabiano_01-450x270.jpg 450w, https:\/\/franciscanos.org.br\/noticias\/wp-content\/uploads\/2022\/09\/fabiano_01-1024x615.jpg 1024w, https:\/\/franciscanos.org.br\/noticias\/wp-content\/uploads\/2022\/09\/fabiano_01-768x461.jpg 768w, https:\/\/franciscanos.org.br\/noticias\/wp-content\/uploads\/2022\/09\/fabiano_01-150x90.jpg 150w\" sizes=\"(max-width: 1216px) 100vw, 1216px\" \/><\/p>\n<h3>*21\/09\/1959 +18\/09\/2022 (62 anos)<\/h3>\n<p>Faleceu na madrugada deste domingo, dia 18 de setembro, \u00e0s 2h, nosso confrade Frei Fabiano Kessin por parada card\u00edaca respirat\u00f3ria aguda e infarto agudo do mioc\u00e1rdio.<\/p>\n<p>Frei Fabiano havia se internado na Santa Casa da Miseric\u00f3rdia de Curitiba (PR) no dia 12, segunda-feira, para uma cirurgia card\u00edaca que, apesar de conter riscos, transcorreu muito bem e ele p\u00f4de iniciar o processo de recupera\u00e7\u00e3o. Na quinta-feira, ele saiu da UTI, continuando internado para a continuidade do processo de restabelecimento da sa\u00fade. Entretanto, um quadro de diarreia se estabeleceu e na sexta-feira ele j\u00e1 retornou \u00e0 UTI para descobrirem suas causas. Foi detectada uma infec\u00e7\u00e3o intestinal e iniciado o tratamento para cont\u00ea-la.<\/p>\n<p>No s\u00e1bado, ele aparentava estar bem apesar da medica\u00e7\u00e3o. Estava sorridente, falante, confiante de que logo voltaria \u00e0 Fraternidade. Entretanto, na madrugada sofreu o infarto s\u00fabito que o levou a \u00f3bito.<\/p>\n<p><img loading=\"lazy\" class=\"alignnone size-full wp-image-239750\" src=\"https:\/\/franciscanos.org.br\/noticias\/wp-content\/uploads\/2022\/09\/fabiano_180922.jpg\" alt=\"\" width=\"1280\" height=\"602\" srcset=\"https:\/\/franciscanos.org.br\/noticias\/wp-content\/uploads\/2022\/09\/fabiano_180922.jpg 1280w, https:\/\/franciscanos.org.br\/noticias\/wp-content\/uploads\/2022\/09\/fabiano_180922-450x212.jpg 450w, https:\/\/franciscanos.org.br\/noticias\/wp-content\/uploads\/2022\/09\/fabiano_180922-1024x482.jpg 1024w, https:\/\/franciscanos.org.br\/noticias\/wp-content\/uploads\/2022\/09\/fabiano_180922-768x361.jpg 768w, https:\/\/franciscanos.org.br\/noticias\/wp-content\/uploads\/2022\/09\/fabiano_180922-150x71.jpg 150w\" sizes=\"(max-width: 1280px) 100vw, 1280px\" \/><\/p>\n<p>A Missa exequial de Frei Fabiano Kessin foi celebrada hoje, domingo, \u00e0s 15h, na Par\u00f3quia Bom Jesus dos Perd\u00f5es. Seu sepultamento foi feito em seguida no Cemit\u00e9rio Municipal S\u00e3o Francisco.<\/p>\n<p>&#8220;Frei Fabiano foi um franciscano que amava os pobres e um sacerdote que amava incondicionalmente a pessoa de Jesus Cristo. Era um presb\u00edtero que n\u00e3o aceitava qualquer discurso a respeito de Jesus&#8221;, lembrou Frei Jos\u00e9 Idair Ferreira Augusto, guardi\u00e3o da Fraternidade Bom Jesus dos Perd\u00f5es, durante a Missa de Ex\u00e9quias. &#8220;Que esta Eucaristia nos alimente e nos conforte! Que a esperan\u00e7a da vida eterna deste nosso irm\u00e3o alimente em n\u00f3s tamb\u00e9m a esperan\u00e7a de fazer de Jesus o nosso \u00fanico caminho, para um dia, com todos os santos, com Frei Fabiano, celebrarmos a grande festa no c\u00e9u&#8221;, pediu Frei Jos\u00e9 Idair.<\/p>\n<p><strong>DADOS PESSOAIS, FORMA\u00c7\u00c3O E ATIVIDADES<\/strong><\/p>\n<p><strong>Nascimento:<\/strong> 21 de setembro de 1959<br \/>\n<strong>Naturalidade:<\/strong> Canoinhas, SC<br \/>\n<strong>Semin\u00e1rio Menor (1\u00ba grau):<\/strong> 1986 &#8211; Fraternidade do Patroc\u00ednio de S\u00e3o Jos\u00e9, de Lages (SC)<br \/>\n<strong>Semin\u00e1rio Menor (2\u00ba grau):<\/strong> 1987-1990 &#8211; Fraternidade do Semin\u00e1rio Santo Ant\u00f4nio, de Agudos (SP)<br \/>\n<strong>Admiss\u00e3o ao Noviciado:<\/strong> 10 de janeiro de 1992<br \/>\n<strong>Primeira Profiss\u00e3o:<\/strong> 10 de janeiro de 1993 (29 anos de vida religiosa)<br \/>\n<strong>Profiss\u00e3o Solene:<\/strong> 1 de maio de 1999<br \/>\n<strong>Ordena\u00e7\u00e3o Presbiteral:<\/strong> 16 de agosto de 2003 (19 anos de minist\u00e9rio presbiteral)<\/p>\n<p><strong>2000-2002<\/strong> &#8211; Diocese de Barra (BA), a servi\u00e7o da evangeliza\u00e7\u00e3o.<br \/>\n<strong>2003-2004<\/strong> &#8211; Fraternidade Nossa Senhora do Ros\u00e1rio (Conc\u00f3rdia, SC), como vig\u00e1rio da Casa e vig\u00e1rio paroquial.<br \/>\n<strong>2004<\/strong> &#8211; Fraternidade de Porto Uni\u00e3o (SC), como vig\u00e1rio paroquial.<br \/>\n<strong>2005-2006<\/strong> &#8211; Fraternidade Nossa Senhora da Concei\u00e7\u00e3o (Paty do Alferes, RJ), como vig\u00e1rio da Casa e vig\u00e1rio paroquial.<br \/>\n<strong>2007<\/strong>&#8211; Fraternidade S\u00e3o Jo\u00e3o Batista (Luzerna, SC), como vig\u00e1rio paroquial da Par\u00f3quia Nossa Senhora da Paz, de \u00c1gua Doce (SC).<br \/>\n<strong>2007-2010<\/strong> &#8211; Fraternidade Nossa Senhora da Concei\u00e7\u00e3o (Mangueirinha, PR), como coordenador da Fraternidade e vig\u00e1rio paroquial.<br \/>\n<strong>2011<\/strong> &#8211; Fraternidade S\u00e3o Boaventura (Campo Largo, PR) para tratamento.<br \/>\n<strong>2012-2015<\/strong> &#8211; Fraternidade Sagrado Cora\u00e7\u00e3o de Jesus (Forquilhinha, SC), como vig\u00e1rio paroquial.<br \/>\n<strong>2016-2022<\/strong> &#8211; Fraternidade Santo Est\u00eav\u00e3o (Ituporanga, SC), como vig\u00e1rio paroquial e assistente da OFS.<\/p>\n<p>Frei Fabiano Kessin tinha uma personalidade marcante que o levava a se destacar por onde passasse. Extrovertido e acess\u00edvel, mantinha as portas abertas para as pessoas dele se achegarem e, assim, criarem v\u00ednculos de boa conviv\u00eancia e amizade. Exerceu todo o tempo de seu minist\u00e9rio na evangeliza\u00e7\u00e3o paroquial, frente na qual se encontrou e buscava, a partir de seus limites, oferecer o que de melhor tinha \u00e0s pessoas das comunidades \u00e0s quais era enviado.<\/p>\n<p>Que o nosso confrade falecido descanse em paz.<\/p>\n<p><strong>R.I.P.<\/strong><\/p>\n","protected":false},"excerpt":{"rendered":"<p>Prov\u00edncia de Luto<\/p>\n","protected":false},"author":3,"featured_media":239746,"comment_status":"open","ping_status":"open","sticky":false,"template":"","format":"standard","meta":[],"categories":[1],"tags":[1160],"acf":[],"yoast_head":"<!-- This site is optimized with the Yoast SEO plugin v19.2 - https:\/\/yoast.com\/wordpress\/plugins\/seo\/ -->\n<title>Aos 62 anos, falece Frei Fabiano Kessin - Not\u00edcias - Franciscanos<\/title>\n<meta name=\"robots\" content=\"index, follow, max-snippet:-1, max-image-preview:large, max-video-preview:-1\" \/>\n<link rel=\"canonical\" href=\"https:\/\/franciscanos.org.br\/noticias\/aos-62-anos-falece-frei-fabiano-kessin.html\" \/>\n<meta property=\"og:locale\" content=\"pt_BR\" \/>\n<meta property=\"og:type\" content=\"article\" \/>\n<meta property=\"og:title\" content=\"Aos 62 anos, falece Frei Fabiano Kessin - Not\u00edcias - Franciscanos\" \/>\n<meta property=\"og:description\" content=\"Prov\u00edncia de Luto\" \/>\n<meta property=\"og:url\" content=\"https:\/\/franciscanos.org.br\/noticias\/aos-62-anos-falece-frei-fabiano-kessin.html\" \/>\n<meta property=\"og:site_name\" content=\"Not\u00edcias - Franciscanos\" \/>\n<meta property=\"article:published_time\" content=\"2022-09-18T19:34:25+00:00\" \/>\n<meta property=\"article:modified_time\" content=\"2022-09-18T20:28:35+00:00\" \/>\n<meta property=\"og:image\" content=\"https:\/\/franciscanos.org.br\/noticias\/wp-content\/uploads\/2022\/09\/fabiano_01.jpg\" \/>\n\t<meta property=\"og:image:width\" content=\"1216\" \/>\n\t<meta property=\"og:image:height\" content=\"730\" \/>\n\t<meta property=\"og:image:type\" content=\"image\/jpeg\" \/>\n<meta name=\"author\" content=\"moacir\" \/>\n<meta name=\"twitter:card\" content=\"summary_large_image\" \/>\n<meta name=\"twitter:label1\" content=\"Escrito por\" \/>\n\t<meta name=\"twitter:data1\" content=\"moacir\" \/>\n\t<meta name=\"twitter:label2\" content=\"Est. tempo de leitura\" \/>\n\t<meta name=\"twitter:data2\" content=\"4 minutos\" \/>\n<script type=\"application\/ld+json\" class=\"yoast-schema-graph\">{\"@context\":\"https:\/\/schema.org\",\"@graph\":[{\"@type\":\"WebSite\",\"@id\":\"https:\/\/franciscanos.org.br\/noticias\/#website\",\"url\":\"https:\/\/franciscanos.org.br\/noticias\/\",\"name\":\"Not\u00edcias - Franciscanos\",\"description\":\"Prov\u00edncia Franciscana da Imaculada Concei\u00e7\u00e3o do Brasil - Ordem dos Frades Menores - OFM\",\"potentialAction\":[{\"@type\":\"SearchAction\",\"target\":{\"@type\":\"EntryPoint\",\"urlTemplate\":\"https:\/\/franciscanos.org.br\/noticias\/?s={search_term_string}\"},\"query-input\":\"required name=search_term_string\"}],\"inLanguage\":\"pt-BR\"},{\"@type\":\"ImageObject\",\"inLanguage\":\"pt-BR\",\"@id\":\"https:\/\/franciscanos.org.br\/noticias\/aos-62-anos-falece-frei-fabiano-kessin.html#primaryimage\",\"url\":\"https:\/\/franciscanos.org.br\/noticias\/wp-content\/uploads\/2022\/09\/fabiano_01.jpg\",\"contentUrl\":\"https:\/\/franciscanos.org.br\/noticias\/wp-content\/uploads\/2022\/09\/fabiano_01.jpg\",\"width\":1216,\"height\":730},{\"@type\":\"WebPage\",\"@id\":\"https:\/\/franciscanos.org.br\/noticias\/aos-62-anos-falece-frei-fabiano-kessin.html#webpage\",\"url\":\"https:\/\/franciscanos.org.br\/noticias\/aos-62-anos-falece-frei-fabiano-kessin.html\",\"name\":\"Aos 62 anos, falece Frei Fabiano Kessin - Not\u00edcias - Franciscanos\",\"isPartOf\":{\"@id\":\"https:\/\/franciscanos.org.br\/noticias\/#website\"},\"primaryImageOfPage\":{\"@id\":\"https:\/\/franciscanos.org.br\/noticias\/aos-62-anos-falece-frei-fabiano-kessin.html#primaryimage\"},\"datePublished\":\"2022-09-18T19:34:25+00:00\",\"dateModified\":\"2022-09-18T20:28:35+00:00\",\"author\":{\"@id\":\"https:\/\/franciscanos.org.br\/noticias\/#\/schema\/person\/b5c8cba458c330ccff548b056e95a5d4\"},\"breadcrumb\":{\"@id\":\"https:\/\/franciscanos.org.br\/noticias\/aos-62-anos-falece-frei-fabiano-kessin.html#breadcrumb\"},\"inLanguage\":\"pt-BR\",\"potentialAction\":[{\"@type\":\"ReadAction\",\"target\":[\"https:\/\/franciscanos.org.br\/noticias\/aos-62-anos-falece-frei-fabiano-kessin.html\"]}]},{\"@type\":\"BreadcrumbList\",\"@id\":\"https:\/\/franciscanos.org.br\/noticias\/aos-62-anos-falece-frei-fabiano-kessin.html#breadcrumb\",\"itemListElement\":[{\"@type\":\"ListItem\",\"position\":1,\"name\":\"Home\",\"item\":\"https:\/\/franciscanos.org.br\/noticias\"},{\"@type\":\"ListItem\",\"position\":2,\"name\":\"Aos 62 anos, falece Frei Fabiano Kessin\"}]},{\"@type\":\"Person\",\"@id\":\"https:\/\/franciscanos.org.br\/noticias\/#\/schema\/person\/b5c8cba458c330ccff548b056e95a5d4\",\"name\":\"moacir\",\"image\":{\"@type\":\"ImageObject\",\"inLanguage\":\"pt-BR\",\"@id\":\"https:\/\/franciscanos.org.br\/noticias\/#\/schema\/person\/image\/\",\"url\":\"https:\/\/secure.gravatar.com\/avatar\/d08aa2ce4c8dd416d4479aa8536fcf64?s=96&d=mm&r=g\",\"contentUrl\":\"https:\/\/secure.gravatar.com\/avatar\/d08aa2ce4c8dd416d4479aa8536fcf64?s=96&d=mm&r=g\",\"caption\":\"moacir\"},\"url\":\"https:\/\/franciscanos.org.br\/noticias\/author\/moacir\"}]}<\/script>\n<!-- \/ Yoast SEO plugin. -->","yoast_head_json":{"title":"Aos 62 anos, falece Frei Fabiano Kessin - Not\u00edcias - Franciscanos","robots":{"index":"index","follow":"follow","max-snippet":"max-snippet:-1","max-image-preview":"max-image-preview:large","max-video-preview":"max-video-preview:-1"},"canonical":"https:\/\/franciscanos.org.br\/noticias\/aos-62-anos-falece-frei-fabiano-kessin.html","og_locale":"pt_BR","og_type":"article","og_title":"Aos 62 anos, falece Frei Fabiano Kessin - Not\u00edcias - Franciscanos","og_description":"Prov\u00edncia de Luto","og_url":"https:\/\/franciscanos.org.br\/noticias\/aos-62-anos-falece-frei-fabiano-kessin.html","og_site_name":"Not\u00edcias - Franciscanos","article_published_time":"2022-09-18T19:34:25+00:00","article_modified_time":"2022-09-18T20:28:35+00:00","og_image":[{"width":1216,"height":730,"url":"https:\/\/franciscanos.org.br\/noticias\/wp-content\/uploads\/2022\/09\/fabiano_01.jpg","type":"image\/jpeg"}],"author":"moacir","twitter_card":"summary_large_image","twitter_misc":{"Escrito por":"moacir","Est. tempo de leitura":"4 minutos"},"schema":{"@context":"https:\/\/schema.org","@graph":[{"@type":"WebSite","@id":"https:\/\/franciscanos.org.br\/noticias\/#website","url":"https:\/\/franciscanos.org.br\/noticias\/","name":"Not\u00edcias - Franciscanos","description":"Prov\u00edncia Franciscana da Imaculada Concei\u00e7\u00e3o do Brasil - Ordem dos Frades Menores - OFM","potentialAction":[{"@type":"SearchAction","target":{"@type":"EntryPoint","urlTemplate":"https:\/\/franciscanos.org.br\/noticias\/?s={search_term_string}"},"query-input":"required name=search_term_string"}],"inLanguage":"pt-BR"},{"@type":"ImageObject","inLanguage":"pt-BR","@id":"https:\/\/franciscanos.org.br\/noticias\/aos-62-anos-falece-frei-fabiano-kessin.html#primaryimage","url":"https:\/\/franciscanos.org.br\/noticias\/wp-content\/uploads\/2022\/09\/fabiano_01.jpg","contentUrl":"https:\/\/franciscanos.org.br\/noticias\/wp-content\/uploads\/2022\/09\/fabiano_01.jpg","width":1216,"height":730},{"@type":"WebPage","@id":"https:\/\/franciscanos.org.br\/noticias\/aos-62-anos-falece-frei-fabiano-kessin.html#webpage","url":"https:\/\/franciscanos.org.br\/noticias\/aos-62-anos-falece-frei-fabiano-kessin.html","name":"Aos 62 anos, falece Frei Fabiano Kessin - Not\u00edcias - Franciscanos","isPartOf":{"@id":"https:\/\/franciscanos.org.br\/noticias\/#website"},"primaryImageOfPage":{"@id":"https:\/\/franciscanos.org.br\/noticias\/aos-62-anos-falece-frei-fabiano-kessin.html#primaryimage"},"datePublished":"2022-09-18T19:34:25+00:00","dateModified":"2022-09-18T20:28:35+00:00","author":{"@id":"https:\/\/franciscanos.org.br\/noticias\/#\/schema\/person\/b5c8cba458c330ccff548b056e95a5d4"},"breadcrumb":{"@id":"https:\/\/franciscanos.org.br\/noticias\/aos-62-anos-falece-frei-fabiano-kessin.html#breadcrumb"},"inLanguage":"pt-BR","potentialAction":[{"@type":"ReadAction","target":["https:\/\/franciscanos.org.br\/noticias\/aos-62-anos-falece-frei-fabiano-kessin.html"]}]},{"@type":"BreadcrumbList","@id":"https:\/\/franciscanos.org.br\/noticias\/aos-62-anos-falece-frei-fabiano-kessin.html#breadcrumb","itemListElement":[{"@type":"ListItem","position":1,"name":"Home","item":"https:\/\/franciscanos.org.br\/noticias"},{"@type":"ListItem","position":2,"name":"Aos 62 anos, falece Frei Fabiano Kessin"}]},{"@type":"Person","@id":"https:\/\/franciscanos.org.br\/noticias\/#\/schema\/person\/b5c8cba458c330ccff548b056e95a5d4","name":"moacir","image":{"@type":"ImageObject","inLanguage":"pt-BR","@id":"https:\/\/franciscanos.org.br\/noticias\/#\/schema\/person\/image\/","url":"https:\/\/secure.gravatar.com\/avatar\/d08aa2ce4c8dd416d4479aa8536fcf64?s=96&d=mm&r=g","contentUrl":"https:\/\/secure.gravatar.com\/avatar\/d08aa2ce4c8dd416d4479aa8536fcf64?s=96&d=mm&r=g","caption":"moacir"},"url":"https:\/\/franciscanos.org.br\/noticias\/author\/moacir"}]}},"_links":{"self":[{"href":"https:\/\/franciscanos.org.br\/noticias\/wp-json\/wp\/v2\/posts\/239745"}],"collection":[{"href":"https:\/\/franciscanos.org.br\/noticias\/wp-json\/wp\/v2\/posts"}],"about":[{"href":"https:\/\/franciscanos.org.br\/noticias\/wp-json\/wp\/v2\/types\/post"}],"author":[{"embeddable":true,"href":"https:\/\/franciscanos.org.br\/noticias\/wp-json\/wp\/v2\/users\/3"}],"replies":[{"embeddable":true,"href":"https:\/\/franciscanos.org.br\/noticias\/wp-json\/wp\/v2\/comments?post=239745"}],"version-history":[{"count":6,"href":"https:\/\/franciscanos.org.br\/noticias\/wp-json\/wp\/v2\/posts\/239745\/revisions"}],"predecessor-version":[{"id":239754,"href":"https:\/\/franciscanos.org.br\/noticias\/wp-json\/wp\/v2\/posts\/239745\/revisions\/239754"}],"wp:featuredmedia":[{"embeddable":true,"href":"https:\/\/franciscanos.org.br\/noticias\/wp-json\/wp\/v2\/media\/239746"}],"wp:attachment":[{"href":"https:\/\/franciscanos.org.br\/noticias\/wp-json\/wp\/v2\/media?parent=239745"}],"wp:term":[{"taxonomy":"category","embeddable":true,"href":"https:\/\/franciscanos.org.br\/noticias\/wp-json\/wp\/v2\/categories?post=239745"},{"taxonomy":"post_tag","embeddable":true,"href":"https:\/\/franciscanos.org.br\/noticias\/wp-json\/wp\/v2\/tags?post=239745"}],"curies":[{"name":"wp","href":"https:\/\/api.w.org\/{rel}","templated":true}]}}