{"id":239742,"date":"2022-09-18T08:11:50","date_gmt":"2022-09-18T11:11:50","guid":{"rendered":"https:\/\/franciscanos.org.br\/noticias\/?p=239742"},"modified":"2022-09-18T08:11:50","modified_gmt":"2022-09-18T11:11:50","slug":"papa-devemos-usar-os-bens-deste-mundo-para-cuidar-dos-mais-fracos","status":"publish","type":"post","link":"https:\/\/franciscanos.org.br\/noticias\/papa-devemos-usar-os-bens-deste-mundo-para-cuidar-dos-mais-fracos.html","title":{"rendered":"Papa: devemos usar os bens deste mundo para cuidar dos mais fracos"},"content":{"rendered":"<div id=\"attachment_239743\" style=\"width: 1210px\" class=\"wp-caption alignnone\"><img aria-describedby=\"caption-attachment-239743\" loading=\"lazy\" class=\"wp-image-239743 size-full\" src=\"https:\/\/franciscanos.org.br\/noticias\/wp-content\/uploads\/2022\/09\/angelus_1809.jpg\" alt=\"\" width=\"1200\" height=\"720\" srcset=\"https:\/\/franciscanos.org.br\/noticias\/wp-content\/uploads\/2022\/09\/angelus_1809.jpg 1200w, https:\/\/franciscanos.org.br\/noticias\/wp-content\/uploads\/2022\/09\/angelus_1809-450x270.jpg 450w, https:\/\/franciscanos.org.br\/noticias\/wp-content\/uploads\/2022\/09\/angelus_1809-1024x614.jpg 1024w, https:\/\/franciscanos.org.br\/noticias\/wp-content\/uploads\/2022\/09\/angelus_1809-768x461.jpg 768w, https:\/\/franciscanos.org.br\/noticias\/wp-content\/uploads\/2022\/09\/angelus_1809-150x90.jpg 150w\" sizes=\"(max-width: 1200px) 100vw, 1200px\" \/><p id=\"caption-attachment-239743\" class=\"wp-caption-text\">\u00a0 \u00a0 \u00a0 \u00a0 \u00a0 \u00a0 \u00a0 \u00a0 \u00a0 \u00a0 <em>\u00a0 \u00a0 \u00a0Imagem: Vatican Media<\/em><\/p><\/div>\n<p>&#8220;Somos chamados a ser criativos em fazer o bem, com a prud\u00eancia e a ast\u00facia do Evangelho, usando os bens deste mundo &#8211; n\u00e3o apenas os bens materiais, mas todos os dons que recebemos do Senhor &#8211; n\u00e3o para nos enriquecer, mas para gerar amor fraterno e amizade social.&#8221;<\/p>\n<p>Foi o que disse o Papa no Angelus, ao meio-dia deste domingo, 18 de setembro, XXV Domingo do Tempo comum. Na alocu\u00e7\u00e3o que precedeu a ora\u00e7\u00e3o mariana, Francisco ateve-se \u00e0 p\u00e1gina do Evangelho do dia (Lc 16,1-13), que traz a par\u00e1bola do administrador infiel, uma par\u00e1bola um pouco dif\u00edcil de entender, disse o Santo Padre.<\/p>\n<p>Jesus conta uma hist\u00f3ria de corrup\u00e7\u00e3o: um administrador desonesto, que rouba e depois, descoberto por seu senhor, age com ast\u00facia para sair dessa situa\u00e7\u00e3o. N\u00f3s nos perguntamos: em que consiste essa esperteza e o que Jesus quer nos dizer?<\/p>\n<p><strong>Os filhos deste mundo s\u00e3o mais espertos que os filhos da luz<\/strong><br \/>\nPela hist\u00f3ria, continua o Papa, vemos que este administrador acaba em apuros porque aproveitou dos bens de seu senhor; agora ele ter\u00e1 que prestar contas e perder\u00e1 seu emprego. Mas ele n\u00e3o desiste, n\u00e3o se resigna ao seu destino e n\u00e3o se faz de v\u00edtima; pelo contr\u00e1rio, age imediatamente com ast\u00facia, procura uma solu\u00e7\u00e3o, \u00e9 audacioso. Jesus parte desta hist\u00f3ria para nos lan\u00e7ar uma primeira provoca\u00e7\u00e3o: &#8220;Os filhos deste mundo &#8211; diz ele &#8211; para com seus iguais s\u00e3o mais espertos do que os filhos da luz&#8221;. Ou seja, acontece que aqueles que se movem na escurid\u00e3o, de acordo com certos crit\u00e9rios mundanos, sabem como sair dos problemas, sabem ser mais espertos que os outros; por outro lado, os disc\u00edpulos de Jesus, isto \u00e9, n\u00f3s, \u00e0s vezes estamos dormindo, ou somos ing\u00eanuos, n\u00e3o sabemos como tomar a iniciativa para buscar sair das dificuldades. Penso em momentos de crise pessoal, social, mas tamb\u00e9m eclesial: \u00e0s vezes nos deixamos vencer pelo des\u00e2nimo, ou ca\u00edmos em lamenta\u00e7\u00f5es e vitimiza\u00e7\u00f5es.<\/p>\n<p><strong>Tamb\u00e9m n\u00f3s podemos ser sagazes segundo o Evangelho<\/strong><br \/>\nEm vez disso &#8211; diz Jesus -, tamb\u00e9m poder\u00edamos ser sagazes segundo o Evangelho, estar acordados e atentos para discernir a realidade, ser criativos para buscar boas solu\u00e7\u00f5es, para n\u00f3s mesmos e para os outros.<\/p>\n<p>Francisco precisa que h\u00e1 tamb\u00e9m outro ensinamento que Jesus nos oferece. Pois em que consiste a esperteza do administrador? Ele decide dar um desconto para aqueles que est\u00e3o endividados, e assim faz amizade com eles, esperando que sejam capazes de ajud\u00e1-lo quando o senhor o expulsar\u00e1. Primeiro acumulava as riquezas para si mesmo, agora ele as usa para fazer amigos que podem ajud\u00e1-lo no futuro. Jesus, ent\u00e3o, nos oferece um ensinamento sobre o uso dos bens: &#8220;Fazei amigos da riqueza desonesta, para que, quando ela vier a faltar, eles vos recebam nas moradas eternas&#8221; (v. 9). Ou seja, para herdar a vida eterna n\u00e3o \u00e9 necess\u00e1rio acumular os bens deste mundo, mas o que conta \u00e9 a caridade que teremos vivido em nossas rela\u00e7\u00f5es fraternas. Eis ent\u00e3o o convite de Jesus: n\u00e3o usai os bens deste mundo somente para v\u00f3s mesmos e vosso ego\u00edsmo, mas vos servi deles para gerar amizades, para criar boas rela\u00e7\u00f5es, para agir em caridade, para promover a fraternidade e para exercer o cuidado com os mais fracos.<\/p>\n<p><strong>Somos chamados a ser criativos em fazer o bem<\/strong><br \/>\nTamb\u00e9m no mundo de hoje existem hist\u00f3rias de corrup\u00e7\u00e3o como aquela que o Evangelho nos conta, observou o Papa, condutas desonestas, pol\u00edticas in\u00edquas, ego\u00edsmos que dominam as escolhas de indiv\u00edduos e das institui\u00e7\u00f5es, e muitas outras situa\u00e7\u00f5es obscuras.<\/p>\n<p>Mas n\u00f3s crist\u00e3os n\u00e3o podemos desencorajar-nos ou, pior ainda, deixar as coisas passar, permanecer indiferentes. Pelo contr\u00e1rio, somos chamados a ser criativos em fazer o bem, com a prud\u00eancia e a ast\u00facia do Evangelho, usando os bens deste mundo &#8211; n\u00e3o apenas os bens materiais, mas todos os dons que recebemos do Senhor &#8211; n\u00e3o para nos enriquecer, mas para gerar amor fraterno e amizade social.<\/p>\n<p>Francisco convidou-nos a orar para a Virgem Maria, a fim de que que nos ajude a ser como ela pobres em esp\u00edrito e ricos em caridade m\u00fatua.<\/p>\n<hr \/>\n<p><em>Fonte: Vatican News (texto de Raimundo de Lima)<\/em><\/p>\n","protected":false},"excerpt":{"rendered":"<p>Angelus<\/p>\n","protected":false},"author":3,"featured_media":239743,"comment_status":"open","ping_status":"open","sticky":false,"template":"","format":"standard","meta":[],"categories":[1428],"tags":[403],"acf":[],"yoast_head":"<!-- This site is optimized with the Yoast SEO plugin v19.2 - https:\/\/yoast.com\/wordpress\/plugins\/seo\/ -->\n<title>Papa: devemos usar os bens deste mundo para cuidar dos mais fracos - Not\u00edcias - Franciscanos<\/title>\n<meta name=\"robots\" content=\"index, follow, max-snippet:-1, max-image-preview:large, max-video-preview:-1\" \/>\n<link rel=\"canonical\" href=\"https:\/\/franciscanos.org.br\/noticias\/papa-devemos-usar-os-bens-deste-mundo-para-cuidar-dos-mais-fracos.html\" \/>\n<meta property=\"og:locale\" content=\"pt_BR\" \/>\n<meta property=\"og:type\" content=\"article\" \/>\n<meta property=\"og:title\" content=\"Papa: devemos usar os bens deste mundo para cuidar dos mais fracos - Not\u00edcias - Franciscanos\" \/>\n<meta property=\"og:description\" content=\"Angelus\" \/>\n<meta property=\"og:url\" content=\"https:\/\/franciscanos.org.br\/noticias\/papa-devemos-usar-os-bens-deste-mundo-para-cuidar-dos-mais-fracos.html\" \/>\n<meta property=\"og:site_name\" content=\"Not\u00edcias - Franciscanos\" \/>\n<meta property=\"article:published_time\" content=\"2022-09-18T11:11:50+00:00\" \/>\n<meta property=\"og:image\" content=\"https:\/\/franciscanos.org.br\/noticias\/wp-content\/uploads\/2022\/09\/angelus_1809.jpg\" \/>\n\t<meta property=\"og:image:width\" content=\"1200\" \/>\n\t<meta property=\"og:image:height\" content=\"720\" \/>\n\t<meta property=\"og:image:type\" content=\"image\/jpeg\" \/>\n<meta name=\"author\" content=\"moacir\" \/>\n<meta name=\"twitter:card\" content=\"summary_large_image\" \/>\n<meta name=\"twitter:label1\" content=\"Escrito por\" \/>\n\t<meta name=\"twitter:data1\" content=\"moacir\" \/>\n\t<meta name=\"twitter:label2\" content=\"Est. tempo de leitura\" \/>\n\t<meta name=\"twitter:data2\" content=\"4 minutos\" \/>\n<script type=\"application\/ld+json\" class=\"yoast-schema-graph\">{\"@context\":\"https:\/\/schema.org\",\"@graph\":[{\"@type\":\"WebSite\",\"@id\":\"https:\/\/franciscanos.org.br\/noticias\/#website\",\"url\":\"https:\/\/franciscanos.org.br\/noticias\/\",\"name\":\"Not\u00edcias - Franciscanos\",\"description\":\"Prov\u00edncia Franciscana da Imaculada Concei\u00e7\u00e3o do Brasil - Ordem dos Frades Menores - OFM\",\"potentialAction\":[{\"@type\":\"SearchAction\",\"target\":{\"@type\":\"EntryPoint\",\"urlTemplate\":\"https:\/\/franciscanos.org.br\/noticias\/?s={search_term_string}\"},\"query-input\":\"required name=search_term_string\"}],\"inLanguage\":\"pt-BR\"},{\"@type\":\"ImageObject\",\"inLanguage\":\"pt-BR\",\"@id\":\"https:\/\/franciscanos.org.br\/noticias\/papa-devemos-usar-os-bens-deste-mundo-para-cuidar-dos-mais-fracos.html#primaryimage\",\"url\":\"https:\/\/franciscanos.org.br\/noticias\/wp-content\/uploads\/2022\/09\/angelus_1809.jpg\",\"contentUrl\":\"https:\/\/franciscanos.org.br\/noticias\/wp-content\/uploads\/2022\/09\/angelus_1809.jpg\",\"width\":1200,\"height\":720},{\"@type\":\"WebPage\",\"@id\":\"https:\/\/franciscanos.org.br\/noticias\/papa-devemos-usar-os-bens-deste-mundo-para-cuidar-dos-mais-fracos.html#webpage\",\"url\":\"https:\/\/franciscanos.org.br\/noticias\/papa-devemos-usar-os-bens-deste-mundo-para-cuidar-dos-mais-fracos.html\",\"name\":\"Papa: devemos usar os bens deste mundo para cuidar dos mais fracos - Not\u00edcias - Franciscanos\",\"isPartOf\":{\"@id\":\"https:\/\/franciscanos.org.br\/noticias\/#website\"},\"primaryImageOfPage\":{\"@id\":\"https:\/\/franciscanos.org.br\/noticias\/papa-devemos-usar-os-bens-deste-mundo-para-cuidar-dos-mais-fracos.html#primaryimage\"},\"datePublished\":\"2022-09-18T11:11:50+00:00\",\"dateModified\":\"2022-09-18T11:11:50+00:00\",\"author\":{\"@id\":\"https:\/\/franciscanos.org.br\/noticias\/#\/schema\/person\/b5c8cba458c330ccff548b056e95a5d4\"},\"breadcrumb\":{\"@id\":\"https:\/\/franciscanos.org.br\/noticias\/papa-devemos-usar-os-bens-deste-mundo-para-cuidar-dos-mais-fracos.html#breadcrumb\"},\"inLanguage\":\"pt-BR\",\"potentialAction\":[{\"@type\":\"ReadAction\",\"target\":[\"https:\/\/franciscanos.org.br\/noticias\/papa-devemos-usar-os-bens-deste-mundo-para-cuidar-dos-mais-fracos.html\"]}]},{\"@type\":\"BreadcrumbList\",\"@id\":\"https:\/\/franciscanos.org.br\/noticias\/papa-devemos-usar-os-bens-deste-mundo-para-cuidar-dos-mais-fracos.html#breadcrumb\",\"itemListElement\":[{\"@type\":\"ListItem\",\"position\":1,\"name\":\"Home\",\"item\":\"https:\/\/franciscanos.org.br\/noticias\"},{\"@type\":\"ListItem\",\"position\":2,\"name\":\"Papa: devemos usar os bens deste mundo para cuidar dos mais fracos\"}]},{\"@type\":\"Person\",\"@id\":\"https:\/\/franciscanos.org.br\/noticias\/#\/schema\/person\/b5c8cba458c330ccff548b056e95a5d4\",\"name\":\"moacir\",\"image\":{\"@type\":\"ImageObject\",\"inLanguage\":\"pt-BR\",\"@id\":\"https:\/\/franciscanos.org.br\/noticias\/#\/schema\/person\/image\/\",\"url\":\"https:\/\/secure.gravatar.com\/avatar\/d08aa2ce4c8dd416d4479aa8536fcf64?s=96&d=mm&r=g\",\"contentUrl\":\"https:\/\/secure.gravatar.com\/avatar\/d08aa2ce4c8dd416d4479aa8536fcf64?s=96&d=mm&r=g\",\"caption\":\"moacir\"},\"url\":\"https:\/\/franciscanos.org.br\/noticias\/author\/moacir\"}]}<\/script>\n<!-- \/ Yoast SEO plugin. -->","yoast_head_json":{"title":"Papa: devemos usar os bens deste mundo para cuidar dos mais fracos - Not\u00edcias - Franciscanos","robots":{"index":"index","follow":"follow","max-snippet":"max-snippet:-1","max-image-preview":"max-image-preview:large","max-video-preview":"max-video-preview:-1"},"canonical":"https:\/\/franciscanos.org.br\/noticias\/papa-devemos-usar-os-bens-deste-mundo-para-cuidar-dos-mais-fracos.html","og_locale":"pt_BR","og_type":"article","og_title":"Papa: devemos usar os bens deste mundo para cuidar dos mais fracos - Not\u00edcias - Franciscanos","og_description":"Angelus","og_url":"https:\/\/franciscanos.org.br\/noticias\/papa-devemos-usar-os-bens-deste-mundo-para-cuidar-dos-mais-fracos.html","og_site_name":"Not\u00edcias - Franciscanos","article_published_time":"2022-09-18T11:11:50+00:00","og_image":[{"width":1200,"height":720,"url":"https:\/\/franciscanos.org.br\/noticias\/wp-content\/uploads\/2022\/09\/angelus_1809.jpg","type":"image\/jpeg"}],"author":"moacir","twitter_card":"summary_large_image","twitter_misc":{"Escrito por":"moacir","Est. tempo de leitura":"4 minutos"},"schema":{"@context":"https:\/\/schema.org","@graph":[{"@type":"WebSite","@id":"https:\/\/franciscanos.org.br\/noticias\/#website","url":"https:\/\/franciscanos.org.br\/noticias\/","name":"Not\u00edcias - Franciscanos","description":"Prov\u00edncia Franciscana da Imaculada Concei\u00e7\u00e3o do Brasil - Ordem dos Frades Menores - OFM","potentialAction":[{"@type":"SearchAction","target":{"@type":"EntryPoint","urlTemplate":"https:\/\/franciscanos.org.br\/noticias\/?s={search_term_string}"},"query-input":"required name=search_term_string"}],"inLanguage":"pt-BR"},{"@type":"ImageObject","inLanguage":"pt-BR","@id":"https:\/\/franciscanos.org.br\/noticias\/papa-devemos-usar-os-bens-deste-mundo-para-cuidar-dos-mais-fracos.html#primaryimage","url":"https:\/\/franciscanos.org.br\/noticias\/wp-content\/uploads\/2022\/09\/angelus_1809.jpg","contentUrl":"https:\/\/franciscanos.org.br\/noticias\/wp-content\/uploads\/2022\/09\/angelus_1809.jpg","width":1200,"height":720},{"@type":"WebPage","@id":"https:\/\/franciscanos.org.br\/noticias\/papa-devemos-usar-os-bens-deste-mundo-para-cuidar-dos-mais-fracos.html#webpage","url":"https:\/\/franciscanos.org.br\/noticias\/papa-devemos-usar-os-bens-deste-mundo-para-cuidar-dos-mais-fracos.html","name":"Papa: devemos usar os bens deste mundo para cuidar dos mais fracos - Not\u00edcias - Franciscanos","isPartOf":{"@id":"https:\/\/franciscanos.org.br\/noticias\/#website"},"primaryImageOfPage":{"@id":"https:\/\/franciscanos.org.br\/noticias\/papa-devemos-usar-os-bens-deste-mundo-para-cuidar-dos-mais-fracos.html#primaryimage"},"datePublished":"2022-09-18T11:11:50+00:00","dateModified":"2022-09-18T11:11:50+00:00","author":{"@id":"https:\/\/franciscanos.org.br\/noticias\/#\/schema\/person\/b5c8cba458c330ccff548b056e95a5d4"},"breadcrumb":{"@id":"https:\/\/franciscanos.org.br\/noticias\/papa-devemos-usar-os-bens-deste-mundo-para-cuidar-dos-mais-fracos.html#breadcrumb"},"inLanguage":"pt-BR","potentialAction":[{"@type":"ReadAction","target":["https:\/\/franciscanos.org.br\/noticias\/papa-devemos-usar-os-bens-deste-mundo-para-cuidar-dos-mais-fracos.html"]}]},{"@type":"BreadcrumbList","@id":"https:\/\/franciscanos.org.br\/noticias\/papa-devemos-usar-os-bens-deste-mundo-para-cuidar-dos-mais-fracos.html#breadcrumb","itemListElement":[{"@type":"ListItem","position":1,"name":"Home","item":"https:\/\/franciscanos.org.br\/noticias"},{"@type":"ListItem","position":2,"name":"Papa: devemos usar os bens deste mundo para cuidar dos mais fracos"}]},{"@type":"Person","@id":"https:\/\/franciscanos.org.br\/noticias\/#\/schema\/person\/b5c8cba458c330ccff548b056e95a5d4","name":"moacir","image":{"@type":"ImageObject","inLanguage":"pt-BR","@id":"https:\/\/franciscanos.org.br\/noticias\/#\/schema\/person\/image\/","url":"https:\/\/secure.gravatar.com\/avatar\/d08aa2ce4c8dd416d4479aa8536fcf64?s=96&d=mm&r=g","contentUrl":"https:\/\/secure.gravatar.com\/avatar\/d08aa2ce4c8dd416d4479aa8536fcf64?s=96&d=mm&r=g","caption":"moacir"},"url":"https:\/\/franciscanos.org.br\/noticias\/author\/moacir"}]}},"_links":{"self":[{"href":"https:\/\/franciscanos.org.br\/noticias\/wp-json\/wp\/v2\/posts\/239742"}],"collection":[{"href":"https:\/\/franciscanos.org.br\/noticias\/wp-json\/wp\/v2\/posts"}],"about":[{"href":"https:\/\/franciscanos.org.br\/noticias\/wp-json\/wp\/v2\/types\/post"}],"author":[{"embeddable":true,"href":"https:\/\/franciscanos.org.br\/noticias\/wp-json\/wp\/v2\/users\/3"}],"replies":[{"embeddable":true,"href":"https:\/\/franciscanos.org.br\/noticias\/wp-json\/wp\/v2\/comments?post=239742"}],"version-history":[{"count":1,"href":"https:\/\/franciscanos.org.br\/noticias\/wp-json\/wp\/v2\/posts\/239742\/revisions"}],"predecessor-version":[{"id":239744,"href":"https:\/\/franciscanos.org.br\/noticias\/wp-json\/wp\/v2\/posts\/239742\/revisions\/239744"}],"wp:featuredmedia":[{"embeddable":true,"href":"https:\/\/franciscanos.org.br\/noticias\/wp-json\/wp\/v2\/media\/239743"}],"wp:attachment":[{"href":"https:\/\/franciscanos.org.br\/noticias\/wp-json\/wp\/v2\/media?parent=239742"}],"wp:term":[{"taxonomy":"category","embeddable":true,"href":"https:\/\/franciscanos.org.br\/noticias\/wp-json\/wp\/v2\/categories?post=239742"},{"taxonomy":"post_tag","embeddable":true,"href":"https:\/\/franciscanos.org.br\/noticias\/wp-json\/wp\/v2\/tags?post=239742"}],"curies":[{"name":"wp","href":"https:\/\/api.w.org\/{rel}","templated":true}]}}