{"id":239711,"date":"2022-09-18T00:00:25","date_gmt":"2022-09-18T03:00:25","guid":{"rendered":"https:\/\/franciscanos.org.br\/noticias\/?p=239711"},"modified":"2022-09-18T21:38:29","modified_gmt":"2022-09-19T00:38:29","slug":"frei-paulo-apresenta-o-itinerario-aos-professos-identificar-se-com-jesus-cristo-crucificado","status":"publish","type":"post","link":"https:\/\/franciscanos.org.br\/noticias\/frei-paulo-apresenta-o-itinerario-aos-professos-identificar-se-com-jesus-cristo-crucificado.html","title":{"rendered":"Frei Paulo apresenta o itiner\u00e1rio aos professos: identificar-se com Jesus Cristo Crucificado"},"content":{"rendered":"<p style=\"font-weight: 400;\"><strong><img loading=\"lazy\" class=\"alignnone size-full wp-image-239722\" src=\"https:\/\/franciscanos.org.br\/noticias\/wp-content\/uploads\/2022\/09\/profissao_170922_1.jpg\" alt=\"\" width=\"1280\" height=\"720\" srcset=\"https:\/\/franciscanos.org.br\/noticias\/wp-content\/uploads\/2022\/09\/profissao_170922_1.jpg 1280w, https:\/\/franciscanos.org.br\/noticias\/wp-content\/uploads\/2022\/09\/profissao_170922_1-450x253.jpg 450w, https:\/\/franciscanos.org.br\/noticias\/wp-content\/uploads\/2022\/09\/profissao_170922_1-1024x576.jpg 1024w, https:\/\/franciscanos.org.br\/noticias\/wp-content\/uploads\/2022\/09\/profissao_170922_1-768x432.jpg 768w, https:\/\/franciscanos.org.br\/noticias\/wp-content\/uploads\/2022\/09\/profissao_170922_1-150x84.jpg 150w\" sizes=\"(max-width: 1280px) 100vw, 1280px\" \/><\/strong><\/p>\n<p style=\"font-weight: 400;\"><strong>Petr\u00f3polis (RJ) <\/strong>\u2013 A Igreja do Sagrado Cora\u00e7\u00e3o de Jesus transformou-se em um novo Monte Alverne neste dia 17 de setembro, data em que a Fam\u00edlia Franciscana do mundo todo celebra a Festa da Impress\u00e3o das Chagas de S\u00e3o Francisco de Assis. Inspirados pelo modo apaixonado da vida de S\u00e3o Francisco de Assis, por suas palavras e exemplo, os freis Danilo Santos Oliveira e Jo\u00e3o Manoel Zechinatto, deixaram-se marcar profunda e intensamente por Cristo e afirmaram o seu sim definitivo na Ordem dos Frades Menores, em celebra\u00e7\u00e3o presidida pelo Ministro Provincial, Frei Paulo Roberto Pereira.<\/p>\n<p style=\"font-weight: 400;\">\u201cA celebra\u00e7\u00e3o de hoje, na Festa das Chagas de S\u00e3o Francisco, \u00e9 tamb\u00e9m a celebra\u00e7\u00e3o agradecida pelo itiner\u00e1rio vocacional percorrido pelo Danilo e pelo Jo\u00e3o. \u00c9 a festa da nossa fraternidade. \u00c9 importante para eles e \u00e9 importante para a nossa fraternidade\u201d, disse Frei Paulo no in\u00edcio da homilia.<\/p>\n<p style=\"font-weight: 400;\">Esse momento reuniu frades de toda a Prov\u00edncia Franciscana da Imaculada Concei\u00e7\u00e3o do Brasil, entre eles o Vig\u00e1rio Provincial, Frei Gustavo Medella, familiares e amigos dos professandos e os fi\u00e9is paroquianos da comunidade local, durante a Celebra\u00e7\u00e3o Eucar\u00edstica, \u00e0s 16h15, na Igreja do Sagrado Cora\u00e7\u00e3o de Jesus de Petr\u00f3polis (RJ). Frei Paulo teve como concelebrantes o guardi\u00e3o e p\u00e1roco Frei Jorge Paulo Schiavini e Frei Gustavo. A celebra\u00e7\u00e3o tamb\u00e9m foi transmitida pelas plataformas digitais da Par\u00f3quia do Sagrado e pela TvFranciscanos e contou com a participa\u00e7\u00e3o especial do Coral dos Canarinhos de Petr\u00f3polis &#8211; que neste ano completou 80 anos-, sob reg\u00eancia do maestro Marco Aur\u00e9lio Lischt.<\/p>\n<p style=\"font-weight: 400;\"><strong><img loading=\"lazy\" class=\"alignnone wp-image-239720 size-full\" src=\"https:\/\/franciscanos.org.br\/noticias\/wp-content\/uploads\/2022\/09\/profissao_170922_3.jpg\" alt=\"\" width=\"1280\" height=\"720\" srcset=\"https:\/\/franciscanos.org.br\/noticias\/wp-content\/uploads\/2022\/09\/profissao_170922_3.jpg 1280w, https:\/\/franciscanos.org.br\/noticias\/wp-content\/uploads\/2022\/09\/profissao_170922_3-450x253.jpg 450w, https:\/\/franciscanos.org.br\/noticias\/wp-content\/uploads\/2022\/09\/profissao_170922_3-1024x576.jpg 1024w, https:\/\/franciscanos.org.br\/noticias\/wp-content\/uploads\/2022\/09\/profissao_170922_3-768x432.jpg 768w, https:\/\/franciscanos.org.br\/noticias\/wp-content\/uploads\/2022\/09\/profissao_170922_3-150x84.jpg 150w\" sizes=\"(max-width: 1280px) 100vw, 1280px\" \/><\/strong><\/p>\n<p style=\"font-weight: 400;\">Os paroquianos e familiares lotaram a centen\u00e1ria igreja do Sagrado Cora\u00e7\u00e3o de Jesus para participar desta celebra\u00e7\u00e3o franciscana que se repete em Petr\u00f3polis h\u00e1 d\u00e9cadas.<\/p>\n<p style=\"font-weight: 400;\">Ap\u00f3s a liturgia da Palavra, deu-se in\u00edcio ao rito da profiss\u00e3o religiosa com a chamada nominal dos candidatos feita pelo mestre do Tempo da Teologia, Frei Marcos Antonio de Andrade. Eles se aproximaram do altar e responderam: \u201cAqui estou\u201d. Seguidamente Frei Marcos leu um breve relato sobre o itiner\u00e1rio vocacional de cada professo. Na sequ\u00eancia eles manifestaram o pedido de admiss\u00e3o \u00e0 Ordem dos Frades Menores, dizendo: \u201cCom o aux\u00edlio de Deus, pude conhecer na vossa fraternidade o valor da vida consagrada. Agora, humildemente pe\u00e7o a ti Frei Paulo Roberto Pereira e aos teus irm\u00e3os ser admitido na Ordem dos Frades Menores, para o louvor de Deus e o servi\u00e7o da Igreja\u201d.<\/p>\n<p style=\"font-weight: 400;\"><strong>PROFESSAR SIGNIFICA: IDENTIFICAR-SE COM A VIDA DE JESUS CRISTO<\/strong><\/p>\n<p style=\"font-weight: 400;\">A partir do lema escolhido pelos professandos, &#8220;Grandes coisas prometemos a Deus, mas, muito maiores Deus nos prometeu&#8221;, um texto dos &#8220;Fioretti&#8221; de S\u00e3o Francisco de Assis, o Ministro Provincial desenvolveu a sua reflex\u00e3o manifestando a import\u00e2ncia da celebra\u00e7\u00e3o para a vida pessoal dos frades, bem como para toda a fraternidade provincial.<\/p>\n<p style=\"font-weight: 400;\"><img loading=\"lazy\" class=\"alignnone wp-image-239719 size-full\" src=\"https:\/\/franciscanos.org.br\/noticias\/wp-content\/uploads\/2022\/09\/profissao_170922_4.jpg\" alt=\"\" width=\"1280\" height=\"720\" srcset=\"https:\/\/franciscanos.org.br\/noticias\/wp-content\/uploads\/2022\/09\/profissao_170922_4.jpg 1280w, https:\/\/franciscanos.org.br\/noticias\/wp-content\/uploads\/2022\/09\/profissao_170922_4-450x253.jpg 450w, https:\/\/franciscanos.org.br\/noticias\/wp-content\/uploads\/2022\/09\/profissao_170922_4-1024x576.jpg 1024w, https:\/\/franciscanos.org.br\/noticias\/wp-content\/uploads\/2022\/09\/profissao_170922_4-768x432.jpg 768w, https:\/\/franciscanos.org.br\/noticias\/wp-content\/uploads\/2022\/09\/profissao_170922_4-150x84.jpg 150w\" sizes=\"(max-width: 1280px) 100vw, 1280px\" \/><\/p>\n<p style=\"font-weight: 400;\">Antes, por\u00e9m, Frei Paulo saudou o guardi\u00e3o Frei Jorge, o mestre Frei Marcos \u201ce ao saud\u00e1-lo sa\u00fado todos os mestres, professores e confrades que colaboram e muito para a forma\u00e7\u00e3o inicial na nossa fraternidade provincial\u201d. Na pessoa do coordenador do Regional do Rio de Janeiro, Frei Gilberto da Silva, acolheu tamb\u00e9m os frades das fraternidades da Baixada Fluminense, Petr\u00f3polis e do Rio de Janeiro.<\/p>\n<p style=\"font-weight: 400;\">\u201cQuero saudar tamb\u00e9m os seus familiares consangu\u00edneos, n\u00f3s somos a fam\u00edlia do Danilo e do Jo\u00e3o. Somos uma fam\u00edlia ampliada da qual definitivamente eles fazem parte. \u201cTodos os que frequentam essa igreja de alguma maneira bebem do desejo de espalhar ao mundo a Paz e o Bem. Somos franciscanos, a fam\u00edlia franciscana, e a nossa fam\u00edlia da Prov\u00edncia Franciscana quer se unir a voc\u00eas\u201d.<\/p>\n<p style=\"font-weight: 400;\">Para Frei Paulo, com a celebra\u00e7\u00e3o das Chagas de S\u00e3o Francisco, motivos n\u00e3o faltam para agradecer a Deus que continua a chamar jovens para o seguimento de Cristo na vida religiosa. \u201cO vigor vocacional do Jo\u00e3o e do Danilo e de tantos frades jovens aqui nos estimula. \u00c9 verdade, se estamos atravessando o inverno vocacional, por\u00e9m, depois dele vir\u00e3o novas esta\u00e7\u00f5es. Que o nosso cora\u00e7\u00e3o esteja pronto a agradecer ao Deus da vida, que continua, insistentemente, a nos apontar o caminho da salva\u00e7\u00e3o, o caminho de Clara e de Francisco de Assis\u201d, disse o presidente da liturgia.<\/p>\n<p style=\"font-weight: 400;\">Segundo o Ministro Provincial, a Festa das Chagas \u00e9 a festa, onde n\u00f3s celebramos a intimidade operosa, criativa e transformadora. \u201c\u00c9 a identifica\u00e7\u00e3o de Francisco com a vida de Jesus Cristo\u201d, frisou, e lembrou que Francisco recebeu e quis sentir no seu pr\u00f3prio corpo as dores da Paix\u00e3o de Jesus Cristo.<\/p>\n<p style=\"font-weight: 400;\"><img loading=\"lazy\" class=\"alignnone wp-image-239721 size-full\" src=\"https:\/\/franciscanos.org.br\/noticias\/wp-content\/uploads\/2022\/09\/profissao_170922_2.jpg\" alt=\"\" width=\"1280\" height=\"720\" srcset=\"https:\/\/franciscanos.org.br\/noticias\/wp-content\/uploads\/2022\/09\/profissao_170922_2.jpg 1280w, https:\/\/franciscanos.org.br\/noticias\/wp-content\/uploads\/2022\/09\/profissao_170922_2-450x253.jpg 450w, https:\/\/franciscanos.org.br\/noticias\/wp-content\/uploads\/2022\/09\/profissao_170922_2-1024x576.jpg 1024w, https:\/\/franciscanos.org.br\/noticias\/wp-content\/uploads\/2022\/09\/profissao_170922_2-768x432.jpg 768w, https:\/\/franciscanos.org.br\/noticias\/wp-content\/uploads\/2022\/09\/profissao_170922_2-150x84.jpg 150w\" sizes=\"(max-width: 1280px) 100vw, 1280px\" \/><\/p>\n<p style=\"font-weight: 400;\">Frei Paulo explicou ainda que S\u00e3o Francisco n\u00e3o recebeu este dom &#8220;de uma hora para outra&#8221;. \u201cEle recebeu este dom vivenciando com muita intensidade o desejo de assemelhar-se a Jesus Cristo. Experimentar a dor e o amor de Jesus. Ele buscou fazer isso durante muito tempo\u201d, destacou.<\/p>\n<p style=\"font-weight: 400;\">Citou a devo\u00e7\u00e3o da Quaresma de S\u00e3o Miguel, bastante popularizada hoje pelos canais digitais\u00a0 e que era praticada tamb\u00e9m por S\u00e3o Francisco. \u201cS\u00e3o 40 dias em que n\u00f3s podemos ent\u00e3o entender o desejo de Deus para cada um de n\u00f3s. Como n\u00f3s vamos entender? Cultivando a intimidade com o Senhor. Atrav\u00e9s do jejum, da ora\u00e7\u00e3o, do sil\u00eancio, da caridade. N\u00f3s abrimos a mo\u00e7\u00e3o do Senhor para saber o que o Senhor quer de mim\u201d, evidenciou.<\/p>\n<p style=\"font-weight: 400;\">O ministro lembrou que o Santo de Assis tinha em sua devo\u00e7\u00e3o muitas quaresmas, como a da P\u00e1scoa, do Natal e a de S\u00e3o Miguel. \u201cFoi numa dessas quaresmas de S\u00e3o Miguel, logo depois da Festa da Exalta\u00e7\u00e3o da Santa Cruz, que ele viveu um profundo momento de dor e de ang\u00fastia por causa do &#8220;sil\u00eancio de Deus&#8221;. S\u00e3o Francisco dedicado \u00e0 ora\u00e7\u00e3o, buscando conhecer a Deus, querendo experimentar o seu amor, querendo sentir no seu pr\u00f3prio corpo as dores do Senhor, pedia um sinal. E qual foi esse sinal? Ele foi agraciado pela apari\u00e7\u00e3o do serafim alado. Um anjo de seis asas apareceu e imprimiu no corpo de S\u00e3o Francisco a marca da cruz de nosso Senhor\u201d, explicou.<\/p>\n\n\t\t<style type=\"text\/css\">\n\t\t\t#gallery-1 {\n\t\t\t\tmargin: auto;\n\t\t\t}\n\t\t\t#gallery-1 .gallery-item {\n\t\t\t\tfloat: left;\n\t\t\t\tmargin-top: 10px;\n\t\t\t\ttext-align: center;\n\t\t\t\twidth: 25%;\n\t\t\t}\n\t\t\t#gallery-1 img {\n\t\t\t\tborder: 2px solid #cfcfcf;\n\t\t\t}\n\t\t\t#gallery-1 .gallery-caption {\n\t\t\t\tmargin-left: 0;\n\t\t\t}\n\t\t\t\/* see gallery_shortcode() in wp-includes\/media.php *\/\n\t\t<\/style>\n\t\t<div id='gallery-1' class='gallery galleryid-239711 gallery-columns-4 gallery-size-thumbnail'><dl class='gallery-item'>\n\t\t\t<dt class='gallery-icon landscape'>\n\t\t\t\t<a href='https:\/\/franciscanos.org.br\/noticias\/wp-content\/uploads\/2022\/09\/profissao_17092022_5475-Grande.jpeg'><img width=\"300\" height=\"300\" src=\"https:\/\/franciscanos.org.br\/noticias\/wp-content\/uploads\/2022\/09\/profissao_17092022_5475-Grande-300x300.jpeg\" class=\"attachment-thumbnail size-thumbnail\" alt=\"\" loading=\"lazy\" srcset=\"https:\/\/franciscanos.org.br\/noticias\/wp-content\/uploads\/2022\/09\/profissao_17092022_5475-Grande-300x300.jpeg 300w, https:\/\/franciscanos.org.br\/noticias\/wp-content\/uploads\/2022\/09\/profissao_17092022_5475-Grande-100x100.jpeg 100w\" sizes=\"(max-width: 300px) 100vw, 300px\" \/><\/a>\n\t\t\t<\/dt><\/dl><dl class='gallery-item'>\n\t\t\t<dt class='gallery-icon landscape'>\n\t\t\t\t<a href='https:\/\/franciscanos.org.br\/noticias\/wp-content\/uploads\/2022\/09\/profissao_17092022_5485-Grande.jpeg'><img width=\"300\" height=\"300\" src=\"https:\/\/franciscanos.org.br\/noticias\/wp-content\/uploads\/2022\/09\/profissao_17092022_5485-Grande-300x300.jpeg\" class=\"attachment-thumbnail size-thumbnail\" alt=\"\" loading=\"lazy\" srcset=\"https:\/\/franciscanos.org.br\/noticias\/wp-content\/uploads\/2022\/09\/profissao_17092022_5485-Grande-300x300.jpeg 300w, https:\/\/franciscanos.org.br\/noticias\/wp-content\/uploads\/2022\/09\/profissao_17092022_5485-Grande-100x100.jpeg 100w\" sizes=\"(max-width: 300px) 100vw, 300px\" \/><\/a>\n\t\t\t<\/dt><\/dl><dl class='gallery-item'>\n\t\t\t<dt class='gallery-icon landscape'>\n\t\t\t\t<a href='https:\/\/franciscanos.org.br\/noticias\/wp-content\/uploads\/2022\/09\/profissao_17092022_5487-Grande.jpeg'><img width=\"300\" height=\"300\" src=\"https:\/\/franciscanos.org.br\/noticias\/wp-content\/uploads\/2022\/09\/profissao_17092022_5487-Grande-300x300.jpeg\" class=\"attachment-thumbnail size-thumbnail\" alt=\"\" loading=\"lazy\" srcset=\"https:\/\/franciscanos.org.br\/noticias\/wp-content\/uploads\/2022\/09\/profissao_17092022_5487-Grande-300x300.jpeg 300w, https:\/\/franciscanos.org.br\/noticias\/wp-content\/uploads\/2022\/09\/profissao_17092022_5487-Grande-100x100.jpeg 100w\" sizes=\"(max-width: 300px) 100vw, 300px\" \/><\/a>\n\t\t\t<\/dt><\/dl><dl class='gallery-item'>\n\t\t\t<dt class='gallery-icon portrait'>\n\t\t\t\t<a href='https:\/\/franciscanos.org.br\/noticias\/wp-content\/uploads\/2022\/09\/profissao_17092022_5507-Grande.jpeg'><img width=\"300\" height=\"300\" src=\"https:\/\/franciscanos.org.br\/noticias\/wp-content\/uploads\/2022\/09\/profissao_17092022_5507-Grande-300x300.jpeg\" class=\"attachment-thumbnail size-thumbnail\" alt=\"\" loading=\"lazy\" srcset=\"https:\/\/franciscanos.org.br\/noticias\/wp-content\/uploads\/2022\/09\/profissao_17092022_5507-Grande-300x300.jpeg 300w, https:\/\/franciscanos.org.br\/noticias\/wp-content\/uploads\/2022\/09\/profissao_17092022_5507-Grande-100x100.jpeg 100w\" sizes=\"(max-width: 300px) 100vw, 300px\" \/><\/a>\n\t\t\t<\/dt><\/dl><br style=\"clear: both\" \/><dl class='gallery-item'>\n\t\t\t<dt class='gallery-icon portrait'>\n\t\t\t\t<a href='https:\/\/franciscanos.org.br\/noticias\/wp-content\/uploads\/2022\/09\/profissao_17092022_5542-Grande.jpeg'><img width=\"300\" height=\"300\" src=\"https:\/\/franciscanos.org.br\/noticias\/wp-content\/uploads\/2022\/09\/profissao_17092022_5542-Grande-300x300.jpeg\" class=\"attachment-thumbnail size-thumbnail\" alt=\"\" loading=\"lazy\" srcset=\"https:\/\/franciscanos.org.br\/noticias\/wp-content\/uploads\/2022\/09\/profissao_17092022_5542-Grande-300x300.jpeg 300w, https:\/\/franciscanos.org.br\/noticias\/wp-content\/uploads\/2022\/09\/profissao_17092022_5542-Grande-100x100.jpeg 100w\" sizes=\"(max-width: 300px) 100vw, 300px\" \/><\/a>\n\t\t\t<\/dt><\/dl><dl class='gallery-item'>\n\t\t\t<dt class='gallery-icon landscape'>\n\t\t\t\t<a href='https:\/\/franciscanos.org.br\/noticias\/wp-content\/uploads\/2022\/09\/profissao_17092022_5554-Grande.jpeg'><img width=\"300\" height=\"300\" src=\"https:\/\/franciscanos.org.br\/noticias\/wp-content\/uploads\/2022\/09\/profissao_17092022_5554-Grande-300x300.jpeg\" class=\"attachment-thumbnail size-thumbnail\" alt=\"\" loading=\"lazy\" srcset=\"https:\/\/franciscanos.org.br\/noticias\/wp-content\/uploads\/2022\/09\/profissao_17092022_5554-Grande-300x300.jpeg 300w, https:\/\/franciscanos.org.br\/noticias\/wp-content\/uploads\/2022\/09\/profissao_17092022_5554-Grande-100x100.jpeg 100w\" sizes=\"(max-width: 300px) 100vw, 300px\" \/><\/a>\n\t\t\t<\/dt><\/dl><dl class='gallery-item'>\n\t\t\t<dt class='gallery-icon landscape'>\n\t\t\t\t<a href='https:\/\/franciscanos.org.br\/noticias\/wp-content\/uploads\/2022\/09\/profissao_17092022_5619-Grande.jpeg'><img width=\"300\" height=\"300\" src=\"https:\/\/franciscanos.org.br\/noticias\/wp-content\/uploads\/2022\/09\/profissao_17092022_5619-Grande-300x300.jpeg\" class=\"attachment-thumbnail size-thumbnail\" alt=\"\" loading=\"lazy\" srcset=\"https:\/\/franciscanos.org.br\/noticias\/wp-content\/uploads\/2022\/09\/profissao_17092022_5619-Grande-300x300.jpeg 300w, https:\/\/franciscanos.org.br\/noticias\/wp-content\/uploads\/2022\/09\/profissao_17092022_5619-Grande-100x100.jpeg 100w\" sizes=\"(max-width: 300px) 100vw, 300px\" \/><\/a>\n\t\t\t<\/dt><\/dl><dl class='gallery-item'>\n\t\t\t<dt class='gallery-icon landscape'>\n\t\t\t\t<a href='https:\/\/franciscanos.org.br\/noticias\/wp-content\/uploads\/2022\/09\/profissao_17092022_5620-Grande.jpeg'><img width=\"300\" height=\"300\" src=\"https:\/\/franciscanos.org.br\/noticias\/wp-content\/uploads\/2022\/09\/profissao_17092022_5620-Grande-300x300.jpeg\" class=\"attachment-thumbnail size-thumbnail\" alt=\"\" loading=\"lazy\" srcset=\"https:\/\/franciscanos.org.br\/noticias\/wp-content\/uploads\/2022\/09\/profissao_17092022_5620-Grande-300x300.jpeg 300w, https:\/\/franciscanos.org.br\/noticias\/wp-content\/uploads\/2022\/09\/profissao_17092022_5620-Grande-100x100.jpeg 100w\" sizes=\"(max-width: 300px) 100vw, 300px\" \/><\/a>\n\t\t\t<\/dt><\/dl><br style=\"clear: both\" \/>\n\t\t<\/div>\n\n<p><em>(clique nas imagens para ampli\u00e1-las)<\/em><\/p>\n<p style=\"font-weight: 400;\">Segundo Frei Paulo, a estigmatiza\u00e7\u00e3o de S\u00e3o Francisco \u00e9 fruto de um intenso caminho. \u201cAntes, ele j\u00e1 procurou cultivar em sua vida uma mansid\u00e3o admir\u00e1vel, vida austera, humildade profunda, obedi\u00eancia pronta, pobreza sem igual, castidade ilibada, piedade entranhada, ardor da contempla\u00e7\u00e3o, desejo do mart\u00edrio, caridade perfeita. A vida de S\u00e3o Francisco inteira, toda, plena, ela foi uma busca de identifica\u00e7\u00e3o com o Senhor, por isso, hoje n\u00f3s celebramos o pr\u00eamio que ele conseguiu alcan\u00e7ar\u201d, enfatizou.<\/p>\n<p style=\"font-weight: 400;\">\u00a0\u201cO Senhor que desce do c\u00e9u, vem ser um de n\u00f3s, assume nossa fragilidade, sofre persegui\u00e7\u00e3o e injusti\u00e7a e se entrega no sacrif\u00edcio da cruz. Cruz, signo da perfeita obedi\u00eancia; cruz do esvaziamento de todas as paix\u00f5es, cruz do despojamento e da pobreza total. Cruz, s\u00edntese do desejo e do itiner\u00e1rio franciscano. S\u00edntese da vida crist\u00e3 de todos os tempos\u201d, sublinhou.<\/p>\n<p style=\"font-weight: 400;\">Frei Paulo lembrou ent\u00e3o que os franciscanos, na busca de viver com maior intensidade e fidelidade, vestem o h\u00e1bito em forma de cruz. \u201cO h\u00e1bito era para Francisco uma veste adequada uma vez que ela correspondia \u00e0 sua sede de pobreza; e o santo nos d\u00e1 desta forma uma certeza de que o mist\u00e9rio da cruz encontra nele sua plena realiza\u00e7\u00e3o: assim como a sua alma tinha revestido o Senhor Crucificado, da mesma forma seu corpo revestia a cruz&#8230;\u201d, disse e acrescentou que: &#8220;Francisco de Assis escolheu uma roupa de uma \u00fanica cor pois \u00e9 uma identifica\u00e7\u00e3o com os pobres que usavam roupa r\u00fastica&#8221;. Identifica\u00e7\u00e3o tamb\u00e9m com Jesus Cristo Crucificado, homem das chagas e identifica\u00e7\u00e3o com a fidelidade que conduz \u00e0 gl\u00f3ria dos c\u00e9us. \u201cFrancisco chega rico nos c\u00e9us, pleno, completo\u201d, ensinou.<\/p>\n<p><img loading=\"lazy\" class=\"alignnone wp-image-239715 size-full\" src=\"https:\/\/franciscanos.org.br\/noticias\/wp-content\/uploads\/2022\/09\/profissao_170922_8.jpg\" alt=\"\" width=\"1280\" height=\"720\" srcset=\"https:\/\/franciscanos.org.br\/noticias\/wp-content\/uploads\/2022\/09\/profissao_170922_8.jpg 1280w, https:\/\/franciscanos.org.br\/noticias\/wp-content\/uploads\/2022\/09\/profissao_170922_8-450x253.jpg 450w, https:\/\/franciscanos.org.br\/noticias\/wp-content\/uploads\/2022\/09\/profissao_170922_8-1024x576.jpg 1024w, https:\/\/franciscanos.org.br\/noticias\/wp-content\/uploads\/2022\/09\/profissao_170922_8-768x432.jpg 768w, https:\/\/franciscanos.org.br\/noticias\/wp-content\/uploads\/2022\/09\/profissao_170922_8-150x84.jpg 150w\" sizes=\"(max-width: 1280px) 100vw, 1280px\" \/><\/p>\n<p style=\"font-weight: 400;\">Para Frei Paulo, esse \u00e9 o itiner\u00e1rio de S\u00e3o Francisco. \u201cMas tamb\u00e9m, esse \u00e9 o itiner\u00e1rio que voc\u00eas querem assumir definitivamente hoje, Jo\u00e3o e Danilo, querem assumir dizendo o seu sim, para incentivar a todos n\u00f3s, que j\u00e1 dissemos o nosso sim um dia, para que permane\u00e7amos fi\u00e9is em nosso caminho. Muito obrigado pelo sim de voc\u00eas\u201d, agradeceu.<\/p>\n<p style=\"font-weight: 400;\"><strong>GRANDES COISAS PROMETEMOS A DEUS<\/strong><\/p>\n<p style=\"font-weight: 400;\">Ao falar sobre o lema da profiss\u00e3o, extra\u00eddo do livro de Fioretti das Fontes Franciscanas, \u201cGrandes coisas prometemos a Deus, mas muito maiores, Deus nos prometeu\u201d, Frei Paulo explicou que essa frase foi extra\u00edda de um serm\u00e3o que S\u00e3o Francisco fez em uma ocasi\u00e3o especial e interessante. \u201cLogo no in\u00edcio da vida franciscana, S\u00e3o Francisco conseguiu encantar muita gente por sua criatividade, por sua fidelidade, por sua dedica\u00e7\u00e3o\u201d, disse, lembrando que neste tempo muitas pessoas quiseram conhecer a sua vida e trilhar com ele o mesmo caminho. \u201cNo in\u00edcio da Ordem Franciscana t\u00ednhamos muitos frades e houve um cap\u00edtulo (encontro de frades) e como n\u00e3o havia habita\u00e7\u00e3o para todos, o povo fez pequenas cabanas para acolher os frades que vinham de todos os lugares. Essa ocasi\u00e3o ficou conhecida como Cap\u00edtulo das Esteiras\u201d, explicou.<\/p>\n<p style=\"font-weight: 400;\">\u201cNeste cap\u00edtulo foi que S\u00e3o Francisco falou essa frase que o Frei Danilo e Frei Jo\u00e3o escolheram para iluminar a vida deles. \u201cMuitas coisas prometemos a Deus, mas muito maiores Deus nos prometeu\u201d e \u00e9 nesse contexto que S\u00e3o Francisco usa essas palavras. E aqui quero trazer algumas provoca\u00e7\u00f5es para mostrar, para ser a medida se de fato n\u00f3s estamos correspondendo aquilo que n\u00f3s prometemos.<\/p>\n<p style=\"font-weight: 400;\">\u201cNo texto, exortando os frades a obedi\u00eancia, Francisco quer saber se nossa vida corresponde aquilo que n\u00f3s prometemos, por isso, ent\u00e3o \u00e9 necess\u00e1rio que n\u00f3s vivamos a obedi\u00eancia. Vivamos \u00e0 rever\u00eancia da santa m\u00e3e Igreja, \u00e0 caridade fraterna, a paci\u00eancia nas adversidades do mundo, temperan\u00e7a na prosperidade, limpeza e castidade ang\u00e9lica, conc\u00f3rdia e paz com Deus e com os homens e com a pr\u00f3pria consci\u00eancia e amor e observ\u00e2ncia da sant\u00edssima pobreza\u201d, exortou.<\/p>\n<p style=\"font-weight: 400;\"><img loading=\"lazy\" class=\"alignnone wp-image-239718 size-full\" src=\"https:\/\/franciscanos.org.br\/noticias\/wp-content\/uploads\/2022\/09\/profissao_170922_5.jpg\" alt=\"\" width=\"1280\" height=\"720\" srcset=\"https:\/\/franciscanos.org.br\/noticias\/wp-content\/uploads\/2022\/09\/profissao_170922_5.jpg 1280w, https:\/\/franciscanos.org.br\/noticias\/wp-content\/uploads\/2022\/09\/profissao_170922_5-450x253.jpg 450w, https:\/\/franciscanos.org.br\/noticias\/wp-content\/uploads\/2022\/09\/profissao_170922_5-1024x576.jpg 1024w, https:\/\/franciscanos.org.br\/noticias\/wp-content\/uploads\/2022\/09\/profissao_170922_5-768x432.jpg 768w, https:\/\/franciscanos.org.br\/noticias\/wp-content\/uploads\/2022\/09\/profissao_170922_5-150x84.jpg 150w\" sizes=\"(max-width: 1280px) 100vw, 1280px\" \/><\/p>\n<p style=\"font-weight: 400;\">\u201cGrandes coisas prometemos a Deus mas muito maiores Deus nos prometeu e se vivermos estas virtudes todas, esses compromissos todos, teremos uma caminhada frutuosa. Voc\u00eas, Danilo e Jo\u00e3o, n\u00f3s todos que fizemos a nossa profiss\u00e3o e o povo de Deus, que se identifica com a proposta da cruz de Nosso Senhor, trazemos em nosso corpo a marca da cruz de Nosso Senhor\u201d, afirmou.<\/p>\n<p style=\"font-weight: 400;\">Concluiu sua homilia lembrando que daqui 15 dias o Brasil viver\u00e1 um momento importante, referindo-se \u00e0s elei\u00e7\u00f5es presidenciais. \u201cQuando a gente emite votos a gente deseja, emite, apresenta junto um componente de desejo e de compromisso. Hoje, voc\u00eas fazem votos de pobreza, de obedi\u00eancia e de castidade. \u00c9 um grande desejo que voc\u00eas nutrem. \u00c9 um grande desejo que move o dia a dia de voc\u00eas. \u00c9 o grande desejo que faz voc\u00eas se juntarem a outros frades. \u00c9 o desejo e o compromisso. A poucos dias dessa elei\u00e7\u00e3o, todos n\u00f3s manifestamos um grande desejo de vida, de vida plena, de verdade, de compromisso com uma vida digna para todos. Estamos vivendo desejos tortos, tempos dif\u00edceis, mas, n\u00f3s que cremos e temos o sinal da cruz, n\u00f3s que somos impulsionados no seguimento de Nosso Senhor Jesus Cristo, n\u00f3s todos devemos ter o desejo e o compromisso de tempos melhores, de tempos cheios de Paz e de Bem. Assim seja!\u201d<\/p>\n\n\t\t<style type=\"text\/css\">\n\t\t\t#gallery-2 {\n\t\t\t\tmargin: auto;\n\t\t\t}\n\t\t\t#gallery-2 .gallery-item {\n\t\t\t\tfloat: left;\n\t\t\t\tmargin-top: 10px;\n\t\t\t\ttext-align: center;\n\t\t\t\twidth: 25%;\n\t\t\t}\n\t\t\t#gallery-2 img {\n\t\t\t\tborder: 2px solid #cfcfcf;\n\t\t\t}\n\t\t\t#gallery-2 .gallery-caption {\n\t\t\t\tmargin-left: 0;\n\t\t\t}\n\t\t\t\/* see gallery_shortcode() in wp-includes\/media.php *\/\n\t\t<\/style>\n\t\t<div id='gallery-2' class='gallery galleryid-239711 gallery-columns-4 gallery-size-thumbnail'><dl class='gallery-item'>\n\t\t\t<dt class='gallery-icon portrait'>\n\t\t\t\t<a href='https:\/\/franciscanos.org.br\/noticias\/wp-content\/uploads\/2022\/09\/profissao_17092022_5629-Grande.jpeg'><img width=\"300\" height=\"300\" src=\"https:\/\/franciscanos.org.br\/noticias\/wp-content\/uploads\/2022\/09\/profissao_17092022_5629-Grande-300x300.jpeg\" class=\"attachment-thumbnail size-thumbnail\" alt=\"\" loading=\"lazy\" srcset=\"https:\/\/franciscanos.org.br\/noticias\/wp-content\/uploads\/2022\/09\/profissao_17092022_5629-Grande-300x300.jpeg 300w, https:\/\/franciscanos.org.br\/noticias\/wp-content\/uploads\/2022\/09\/profissao_17092022_5629-Grande-100x100.jpeg 100w\" sizes=\"(max-width: 300px) 100vw, 300px\" \/><\/a>\n\t\t\t<\/dt><\/dl><dl class='gallery-item'>\n\t\t\t<dt class='gallery-icon landscape'>\n\t\t\t\t<a href='https:\/\/franciscanos.org.br\/noticias\/wp-content\/uploads\/2022\/09\/profissao_17092022_5747-Grande.jpeg'><img width=\"300\" height=\"300\" src=\"https:\/\/franciscanos.org.br\/noticias\/wp-content\/uploads\/2022\/09\/profissao_17092022_5747-Grande-300x300.jpeg\" class=\"attachment-thumbnail size-thumbnail\" alt=\"\" loading=\"lazy\" srcset=\"https:\/\/franciscanos.org.br\/noticias\/wp-content\/uploads\/2022\/09\/profissao_17092022_5747-Grande-300x300.jpeg 300w, https:\/\/franciscanos.org.br\/noticias\/wp-content\/uploads\/2022\/09\/profissao_17092022_5747-Grande-100x100.jpeg 100w\" sizes=\"(max-width: 300px) 100vw, 300px\" \/><\/a>\n\t\t\t<\/dt><\/dl><dl class='gallery-item'>\n\t\t\t<dt class='gallery-icon landscape'>\n\t\t\t\t<a href='https:\/\/franciscanos.org.br\/noticias\/wp-content\/uploads\/2022\/09\/profissao_17092022_5775-Grande.jpeg'><img width=\"300\" height=\"300\" src=\"https:\/\/franciscanos.org.br\/noticias\/wp-content\/uploads\/2022\/09\/profissao_17092022_5775-Grande-300x300.jpeg\" class=\"attachment-thumbnail size-thumbnail\" alt=\"\" loading=\"lazy\" srcset=\"https:\/\/franciscanos.org.br\/noticias\/wp-content\/uploads\/2022\/09\/profissao_17092022_5775-Grande-300x300.jpeg 300w, https:\/\/franciscanos.org.br\/noticias\/wp-content\/uploads\/2022\/09\/profissao_17092022_5775-Grande-100x100.jpeg 100w\" sizes=\"(max-width: 300px) 100vw, 300px\" \/><\/a>\n\t\t\t<\/dt><\/dl><dl class='gallery-item'>\n\t\t\t<dt class='gallery-icon landscape'>\n\t\t\t\t<a href='https:\/\/franciscanos.org.br\/noticias\/wp-content\/uploads\/2022\/09\/profissao_17092022_5818-Grande.jpeg'><img width=\"300\" height=\"300\" src=\"https:\/\/franciscanos.org.br\/noticias\/wp-content\/uploads\/2022\/09\/profissao_17092022_5818-Grande-300x300.jpeg\" class=\"attachment-thumbnail size-thumbnail\" alt=\"\" loading=\"lazy\" srcset=\"https:\/\/franciscanos.org.br\/noticias\/wp-content\/uploads\/2022\/09\/profissao_17092022_5818-Grande-300x300.jpeg 300w, https:\/\/franciscanos.org.br\/noticias\/wp-content\/uploads\/2022\/09\/profissao_17092022_5818-Grande-100x100.jpeg 100w\" sizes=\"(max-width: 300px) 100vw, 300px\" \/><\/a>\n\t\t\t<\/dt><\/dl><br style=\"clear: both\" \/>\n\t\t<\/div>\n\n<p style=\"font-weight: 400;\"><strong>FRANCISCANOS POR TODA A VIDA<\/strong><\/p>\n<p style=\"font-weight: 400;\">Terminada a homilia, os familiares se aproximaram do C\u00edrio Pascal, acenderam uma vela e entregaram aos professandos, lembrando a primeira consagra\u00e7\u00e3o no Batismo e a chama da f\u00e9 que foi sempre alimentada no cora\u00e7\u00e3o destes jovens. Na sequ\u00eancia, Frei Paulo dialogou com eles sobre os prop\u00f3sitos dos candidatos.<\/p>\n<p style=\"font-weight: 400;\">Em seguida, ele pediu a intercess\u00e3o de todos os Santos da Ordem para os novos irm\u00e3os, esse foi o momento quando eles se prostraram ao ch\u00e3o, enquanto isso se entoava a Ladainha de Todos os Santos.<\/p>\n<p style=\"font-weight: 400;\"><img loading=\"lazy\" class=\"alignnone wp-image-239717 size-full\" src=\"https:\/\/franciscanos.org.br\/noticias\/wp-content\/uploads\/2022\/09\/profissao_170922_6.jpg\" alt=\"\" width=\"1280\" height=\"720\" srcset=\"https:\/\/franciscanos.org.br\/noticias\/wp-content\/uploads\/2022\/09\/profissao_170922_6.jpg 1280w, https:\/\/franciscanos.org.br\/noticias\/wp-content\/uploads\/2022\/09\/profissao_170922_6-450x253.jpg 450w, https:\/\/franciscanos.org.br\/noticias\/wp-content\/uploads\/2022\/09\/profissao_170922_6-1024x576.jpg 1024w, https:\/\/franciscanos.org.br\/noticias\/wp-content\/uploads\/2022\/09\/profissao_170922_6-768x432.jpg 768w, https:\/\/franciscanos.org.br\/noticias\/wp-content\/uploads\/2022\/09\/profissao_170922_6-150x84.jpg 150w\" sizes=\"(max-width: 1280px) 100vw, 1280px\" \/><\/p>\n<p style=\"font-weight: 400;\">Terminada a prece lit\u00e2nica, Frei Paulo surpreendeu a todos ao chamar para perto de si dois confrades que foram importantes no percurso vocacional dos professandos: Frei Lauro Formigoni e Frei S\u00e9rgio Pagan. \u201cEles v\u00e3o representar todos os frades. Frei Lauro representa todos os formadores. E Frei S\u00e9rgio \u00e9 conterr\u00e2neo da fam\u00edlia do Jo\u00e3o e o batizou. Ent\u00e3o os convido para que ao nosso lado acompanhem a f\u00f3rmula da profiss\u00e3o\u201d, convidou o ministro.<\/p>\n<p style=\"font-weight: 400;\">Frei Danilo e Frei Jo\u00e3o aproximaram-se ent\u00e3o de Frei Paulo e colocando as m\u00e3os entre as do Ministro, leram a f\u00f3rmula da profiss\u00e3o, agora como membros definitivos da Ordem dos Frades Menores. Este gesto manifesta obedi\u00eancia e doa\u00e7\u00e3o completa de si a Deus e aos irm\u00e3os.<\/p>\n<p><img loading=\"lazy\" class=\"alignnone wp-image-239716 size-full\" src=\"https:\/\/franciscanos.org.br\/noticias\/wp-content\/uploads\/2022\/09\/profissao_170922_7.jpg\" alt=\"\" width=\"1280\" height=\"720\" srcset=\"https:\/\/franciscanos.org.br\/noticias\/wp-content\/uploads\/2022\/09\/profissao_170922_7.jpg 1280w, https:\/\/franciscanos.org.br\/noticias\/wp-content\/uploads\/2022\/09\/profissao_170922_7-450x253.jpg 450w, https:\/\/franciscanos.org.br\/noticias\/wp-content\/uploads\/2022\/09\/profissao_170922_7-1024x576.jpg 1024w, https:\/\/franciscanos.org.br\/noticias\/wp-content\/uploads\/2022\/09\/profissao_170922_7-768x432.jpg 768w, https:\/\/franciscanos.org.br\/noticias\/wp-content\/uploads\/2022\/09\/profissao_170922_7-150x84.jpg 150w\" sizes=\"(max-width: 1280px) 100vw, 1280px\" \/><\/p>\n<p style=\"font-weight: 400;\">Na sequ\u00eancia, os neoprofessos, ajoelhados, recebem a b\u00ean\u00e7\u00e3o de Deus. Toda a assembleia, em p\u00e9, acompanhou atentamente esta solene b\u00ean\u00e7\u00e3o. Depois, todos os frades presentes os acolheram na fraternidade provincial com um abra\u00e7o fraterno. Neste momento, o Coral dos Canarinhos entoou a conhecida m\u00fasica: \u201cSalve, \u00f3 S\u00e3o Francisco\u201d.<\/p>\n<p style=\"font-weight: 400;\"><strong>A\u00c7\u00c3O DE GRA\u00c7AS<\/strong><\/p>\n<p style=\"font-weight: 400;\">A celebra\u00e7\u00e3o teve continuidade com a liturgia Eucar\u00edstica. Ap\u00f3s a comunh\u00e3o, Frei Danilo proferiu\u00a0 os agradecimentos.<\/p>\n<p style=\"font-weight: 400;\"><img loading=\"lazy\" class=\"alignnone wp-image-239714 size-full\" src=\"https:\/\/franciscanos.org.br\/noticias\/wp-content\/uploads\/2022\/09\/profissao_170922_9.jpg\" alt=\"\" width=\"1280\" height=\"720\" srcset=\"https:\/\/franciscanos.org.br\/noticias\/wp-content\/uploads\/2022\/09\/profissao_170922_9.jpg 1280w, https:\/\/franciscanos.org.br\/noticias\/wp-content\/uploads\/2022\/09\/profissao_170922_9-450x253.jpg 450w, https:\/\/franciscanos.org.br\/noticias\/wp-content\/uploads\/2022\/09\/profissao_170922_9-1024x576.jpg 1024w, https:\/\/franciscanos.org.br\/noticias\/wp-content\/uploads\/2022\/09\/profissao_170922_9-768x432.jpg 768w, https:\/\/franciscanos.org.br\/noticias\/wp-content\/uploads\/2022\/09\/profissao_170922_9-150x84.jpg 150w\" sizes=\"(max-width: 1280px) 100vw, 1280px\" \/><\/p>\n<p style=\"font-weight: 400;\">\u201cQuero, em meu nome e de Frei Jo\u00e3o, externar a nossa imensa gratid\u00e3o por este momento em nossas vidas. Primeiramente, nosso agradecimento ao Deus de bondade que nos sustentou sempre, com suas b\u00ean\u00e7\u00e3os e gra\u00e7as e tamb\u00e9m a todos e todas que nos conduziram at\u00e9 este dia, dia do nosso sim definitivo na Ordem dos Frades Menores.\u00a0 Este dia, faz-nos lembrar do in\u00edcio de nossa caminhada vocacional, quando deix\u00e1vamos nossas fam\u00edlias, amigos e trabalho. Mas, na verdade, o muito, n\u00e3o \u00e9 o que ficou para tr\u00e1s, mas sim, o tudo dessa vida que abra\u00e7amos! E como esse caminho foi nos moldando e nos transformando. E com a gra\u00e7a e a for\u00e7a de Deus, aqui estamos nessa entrega de toda a nossa vida, por desbravar a voca\u00e7\u00e3o dada pelo Alt\u00edssimo no seguimento dos caminhos do Ser\u00e1fico Pai, S\u00e3o Francisco. Para o bom \u00eaxito dessa caminhada, Deus sempre coloca pessoas capacitadas para nos formar e nos guiar ao reto modo de vida evang\u00e9lica, conforme prometemos na nossa regra de vida. [&#8230;] Muito obrigado a todos, que partilharam conosco, hoje, dessa grande festa em que dissemos o nosso sim definitivo a Deus. E contamos sempre com vossas ora\u00e7\u00f5es, pela nossa fidelidade e perseveran\u00e7a, nessa caminhada t\u00e3o bonita que \u00e9 a vida religiosa Franciscana\u201d, agradeceu.<\/p>\n<p style=\"font-weight: 400;\">No final da celebra\u00e7\u00e3o, Frei Paulo convidou todos os frades e postulantes para se dirigirem at\u00e9 o presb\u00edtero para a solene b\u00ean\u00e7\u00e3o. Ap\u00f3s a missa todos os convidados foram recepcionados no antigo col\u00e9gio dos Canarinhos para um coquetel.<\/p>\n<p><img loading=\"lazy\" class=\"alignnone wp-image-239713 size-full\" src=\"https:\/\/franciscanos.org.br\/noticias\/wp-content\/uploads\/2022\/09\/profissao_170922_10.jpg\" alt=\"\" width=\"1280\" height=\"720\" srcset=\"https:\/\/franciscanos.org.br\/noticias\/wp-content\/uploads\/2022\/09\/profissao_170922_10.jpg 1280w, https:\/\/franciscanos.org.br\/noticias\/wp-content\/uploads\/2022\/09\/profissao_170922_10-450x253.jpg 450w, https:\/\/franciscanos.org.br\/noticias\/wp-content\/uploads\/2022\/09\/profissao_170922_10-1024x576.jpg 1024w, https:\/\/franciscanos.org.br\/noticias\/wp-content\/uploads\/2022\/09\/profissao_170922_10-768x432.jpg 768w, https:\/\/franciscanos.org.br\/noticias\/wp-content\/uploads\/2022\/09\/profissao_170922_10-150x84.jpg 150w\" sizes=\"(max-width: 1280px) 100vw, 1280px\" \/><\/p>\n\n\t\t<style type=\"text\/css\">\n\t\t\t#gallery-3 {\n\t\t\t\tmargin: auto;\n\t\t\t}\n\t\t\t#gallery-3 .gallery-item {\n\t\t\t\tfloat: left;\n\t\t\t\tmargin-top: 10px;\n\t\t\t\ttext-align: center;\n\t\t\t\twidth: 50%;\n\t\t\t}\n\t\t\t#gallery-3 img {\n\t\t\t\tborder: 2px solid #cfcfcf;\n\t\t\t}\n\t\t\t#gallery-3 .gallery-caption {\n\t\t\t\tmargin-left: 0;\n\t\t\t}\n\t\t\t\/* see gallery_shortcode() in wp-includes\/media.php *\/\n\t\t<\/style>\n\t\t<div id='gallery-3' class='gallery galleryid-239711 gallery-columns-2 gallery-size-medium'><dl class='gallery-item'>\n\t\t\t<dt class='gallery-icon landscape'>\n\t\t\t\t<a href='https:\/\/franciscanos.org.br\/noticias\/wp-content\/uploads\/2022\/09\/profissao_17092022_5913-Grande.jpeg'><img width=\"450\" height=\"300\" src=\"https:\/\/franciscanos.org.br\/noticias\/wp-content\/uploads\/2022\/09\/profissao_17092022_5913-Grande-450x300.jpeg\" class=\"attachment-medium size-medium\" alt=\"\" loading=\"lazy\" srcset=\"https:\/\/franciscanos.org.br\/noticias\/wp-content\/uploads\/2022\/09\/profissao_17092022_5913-Grande-450x300.jpeg 450w, https:\/\/franciscanos.org.br\/noticias\/wp-content\/uploads\/2022\/09\/profissao_17092022_5913-Grande-1024x682.jpeg 1024w, https:\/\/franciscanos.org.br\/noticias\/wp-content\/uploads\/2022\/09\/profissao_17092022_5913-Grande-768x512.jpeg 768w, https:\/\/franciscanos.org.br\/noticias\/wp-content\/uploads\/2022\/09\/profissao_17092022_5913-Grande-150x100.jpeg 150w, https:\/\/franciscanos.org.br\/noticias\/wp-content\/uploads\/2022\/09\/profissao_17092022_5913-Grande.jpeg 1280w\" sizes=\"(max-width: 450px) 100vw, 450px\" \/><\/a>\n\t\t\t<\/dt><\/dl><dl class='gallery-item'>\n\t\t\t<dt class='gallery-icon landscape'>\n\t\t\t\t<a href='https:\/\/franciscanos.org.br\/noticias\/wp-content\/uploads\/2022\/09\/profissao_17092022_5931-Grande.jpeg'><img width=\"450\" height=\"300\" src=\"https:\/\/franciscanos.org.br\/noticias\/wp-content\/uploads\/2022\/09\/profissao_17092022_5931-Grande-450x300.jpeg\" class=\"attachment-medium size-medium\" alt=\"\" loading=\"lazy\" srcset=\"https:\/\/franciscanos.org.br\/noticias\/wp-content\/uploads\/2022\/09\/profissao_17092022_5931-Grande-450x300.jpeg 450w, https:\/\/franciscanos.org.br\/noticias\/wp-content\/uploads\/2022\/09\/profissao_17092022_5931-Grande-1024x682.jpeg 1024w, https:\/\/franciscanos.org.br\/noticias\/wp-content\/uploads\/2022\/09\/profissao_17092022_5931-Grande-768x512.jpeg 768w, https:\/\/franciscanos.org.br\/noticias\/wp-content\/uploads\/2022\/09\/profissao_17092022_5931-Grande-150x100.jpeg 150w, https:\/\/franciscanos.org.br\/noticias\/wp-content\/uploads\/2022\/09\/profissao_17092022_5931-Grande.jpeg 1280w\" sizes=\"(max-width: 450px) 100vw, 450px\" \/><\/a>\n\t\t\t<\/dt><\/dl><br style=\"clear: both\" \/>\n\t\t<\/div>\n\n<p><iframe loading=\"lazy\" title=\"YouTube video player\" src=\"https:\/\/www.youtube.com\/embed\/WbQOhDQG2f4\" width=\"100%\" height=\"480\" frameborder=\"0\" allowfullscreen=\"allowfullscreen\"><span data-mce-type=\"bookmark\" style=\"display: inline-block; width: 0px; overflow: hidden; line-height: 0;\" class=\"mce_SELRES_start\">\ufeff<\/span><\/iframe><\/p>\n<hr \/>\n<p style=\"font-weight: 400;\"><em>Frei Augusto Luiz Gabriel<\/em><\/p>\n","protected":false},"excerpt":{"rendered":"<p>Celebra\u00e7\u00e3o da Profiss\u00e3o Solene na Ordem dos Frades Menores<\/p>\n","protected":false},"author":3,"featured_media":239712,"comment_status":"open","ping_status":"open","sticky":false,"template":"","format":"standard","meta":[],"categories":[1],"tags":[190,418],"acf":[],"yoast_head":"<!-- This site is optimized with the Yoast SEO plugin v19.2 - https:\/\/yoast.com\/wordpress\/plugins\/seo\/ -->\n<title>Frei Paulo apresenta o itiner\u00e1rio aos professos: identificar-se com Jesus Cristo Crucificado - Not\u00edcias - Franciscanos<\/title>\n<meta name=\"robots\" content=\"index, follow, max-snippet:-1, max-image-preview:large, max-video-preview:-1\" \/>\n<link rel=\"canonical\" href=\"https:\/\/franciscanos.org.br\/noticias\/frei-paulo-apresenta-o-itinerario-aos-professos-identificar-se-com-jesus-cristo-crucificado.html\" \/>\n<meta property=\"og:locale\" content=\"pt_BR\" \/>\n<meta property=\"og:type\" content=\"article\" \/>\n<meta property=\"og:title\" content=\"Frei Paulo apresenta o itiner\u00e1rio aos professos: identificar-se com Jesus Cristo Crucificado - Not\u00edcias - Franciscanos\" \/>\n<meta property=\"og:description\" content=\"Celebra\u00e7\u00e3o da Profiss\u00e3o Solene na Ordem dos Frades Menores\" \/>\n<meta property=\"og:url\" content=\"https:\/\/franciscanos.org.br\/noticias\/frei-paulo-apresenta-o-itinerario-aos-professos-identificar-se-com-jesus-cristo-crucificado.html\" \/>\n<meta property=\"og:site_name\" content=\"Not\u00edcias - Franciscanos\" \/>\n<meta property=\"article:published_time\" content=\"2022-09-18T03:00:25+00:00\" \/>\n<meta property=\"article:modified_time\" content=\"2022-09-19T00:38:29+00:00\" \/>\n<meta property=\"og:image\" content=\"https:\/\/franciscanos.org.br\/noticias\/wp-content\/uploads\/2022\/09\/profissao_170922_800X600.jpg\" \/>\n\t<meta property=\"og:image:width\" content=\"800\" \/>\n\t<meta property=\"og:image:height\" content=\"600\" \/>\n\t<meta property=\"og:image:type\" content=\"image\/jpeg\" \/>\n<meta name=\"author\" content=\"moacir\" \/>\n<meta name=\"twitter:card\" content=\"summary_large_image\" \/>\n<meta name=\"twitter:label1\" content=\"Escrito por\" \/>\n\t<meta name=\"twitter:data1\" content=\"moacir\" \/>\n\t<meta name=\"twitter:label2\" content=\"Est. tempo de leitura\" \/>\n\t<meta name=\"twitter:data2\" content=\"15 minutos\" \/>\n<script type=\"application\/ld+json\" class=\"yoast-schema-graph\">{\"@context\":\"https:\/\/schema.org\",\"@graph\":[{\"@type\":\"WebSite\",\"@id\":\"https:\/\/franciscanos.org.br\/noticias\/#website\",\"url\":\"https:\/\/franciscanos.org.br\/noticias\/\",\"name\":\"Not\u00edcias - Franciscanos\",\"description\":\"Prov\u00edncia Franciscana da Imaculada Concei\u00e7\u00e3o do Brasil - Ordem dos Frades Menores - OFM\",\"potentialAction\":[{\"@type\":\"SearchAction\",\"target\":{\"@type\":\"EntryPoint\",\"urlTemplate\":\"https:\/\/franciscanos.org.br\/noticias\/?s={search_term_string}\"},\"query-input\":\"required name=search_term_string\"}],\"inLanguage\":\"pt-BR\"},{\"@type\":\"ImageObject\",\"inLanguage\":\"pt-BR\",\"@id\":\"https:\/\/franciscanos.org.br\/noticias\/frei-paulo-apresenta-o-itinerario-aos-professos-identificar-se-com-jesus-cristo-crucificado.html#primaryimage\",\"url\":\"https:\/\/franciscanos.org.br\/noticias\/wp-content\/uploads\/2022\/09\/profissao_170922_800X600.jpg\",\"contentUrl\":\"https:\/\/franciscanos.org.br\/noticias\/wp-content\/uploads\/2022\/09\/profissao_170922_800X600.jpg\",\"width\":800,\"height\":600},{\"@type\":\"WebPage\",\"@id\":\"https:\/\/franciscanos.org.br\/noticias\/frei-paulo-apresenta-o-itinerario-aos-professos-identificar-se-com-jesus-cristo-crucificado.html#webpage\",\"url\":\"https:\/\/franciscanos.org.br\/noticias\/frei-paulo-apresenta-o-itinerario-aos-professos-identificar-se-com-jesus-cristo-crucificado.html\",\"name\":\"Frei Paulo apresenta o itiner\u00e1rio aos professos: identificar-se com Jesus Cristo Crucificado - Not\u00edcias - Franciscanos\",\"isPartOf\":{\"@id\":\"https:\/\/franciscanos.org.br\/noticias\/#website\"},\"primaryImageOfPage\":{\"@id\":\"https:\/\/franciscanos.org.br\/noticias\/frei-paulo-apresenta-o-itinerario-aos-professos-identificar-se-com-jesus-cristo-crucificado.html#primaryimage\"},\"datePublished\":\"2022-09-18T03:00:25+00:00\",\"dateModified\":\"2022-09-19T00:38:29+00:00\",\"author\":{\"@id\":\"https:\/\/franciscanos.org.br\/noticias\/#\/schema\/person\/b5c8cba458c330ccff548b056e95a5d4\"},\"breadcrumb\":{\"@id\":\"https:\/\/franciscanos.org.br\/noticias\/frei-paulo-apresenta-o-itinerario-aos-professos-identificar-se-com-jesus-cristo-crucificado.html#breadcrumb\"},\"inLanguage\":\"pt-BR\",\"potentialAction\":[{\"@type\":\"ReadAction\",\"target\":[\"https:\/\/franciscanos.org.br\/noticias\/frei-paulo-apresenta-o-itinerario-aos-professos-identificar-se-com-jesus-cristo-crucificado.html\"]}]},{\"@type\":\"BreadcrumbList\",\"@id\":\"https:\/\/franciscanos.org.br\/noticias\/frei-paulo-apresenta-o-itinerario-aos-professos-identificar-se-com-jesus-cristo-crucificado.html#breadcrumb\",\"itemListElement\":[{\"@type\":\"ListItem\",\"position\":1,\"name\":\"Home\",\"item\":\"https:\/\/franciscanos.org.br\/noticias\"},{\"@type\":\"ListItem\",\"position\":2,\"name\":\"Frei Paulo apresenta o itiner\u00e1rio aos professos: identificar-se com Jesus Cristo Crucificado\"}]},{\"@type\":\"Person\",\"@id\":\"https:\/\/franciscanos.org.br\/noticias\/#\/schema\/person\/b5c8cba458c330ccff548b056e95a5d4\",\"name\":\"moacir\",\"image\":{\"@type\":\"ImageObject\",\"inLanguage\":\"pt-BR\",\"@id\":\"https:\/\/franciscanos.org.br\/noticias\/#\/schema\/person\/image\/\",\"url\":\"https:\/\/secure.gravatar.com\/avatar\/d08aa2ce4c8dd416d4479aa8536fcf64?s=96&d=mm&r=g\",\"contentUrl\":\"https:\/\/secure.gravatar.com\/avatar\/d08aa2ce4c8dd416d4479aa8536fcf64?s=96&d=mm&r=g\",\"caption\":\"moacir\"},\"url\":\"https:\/\/franciscanos.org.br\/noticias\/author\/moacir\"}]}<\/script>\n<!-- \/ Yoast SEO plugin. -->","yoast_head_json":{"title":"Frei Paulo apresenta o itiner\u00e1rio aos professos: identificar-se com Jesus Cristo Crucificado - Not\u00edcias - Franciscanos","robots":{"index":"index","follow":"follow","max-snippet":"max-snippet:-1","max-image-preview":"max-image-preview:large","max-video-preview":"max-video-preview:-1"},"canonical":"https:\/\/franciscanos.org.br\/noticias\/frei-paulo-apresenta-o-itinerario-aos-professos-identificar-se-com-jesus-cristo-crucificado.html","og_locale":"pt_BR","og_type":"article","og_title":"Frei Paulo apresenta o itiner\u00e1rio aos professos: identificar-se com Jesus Cristo Crucificado - Not\u00edcias - Franciscanos","og_description":"Celebra\u00e7\u00e3o da Profiss\u00e3o Solene na Ordem dos Frades Menores","og_url":"https:\/\/franciscanos.org.br\/noticias\/frei-paulo-apresenta-o-itinerario-aos-professos-identificar-se-com-jesus-cristo-crucificado.html","og_site_name":"Not\u00edcias - Franciscanos","article_published_time":"2022-09-18T03:00:25+00:00","article_modified_time":"2022-09-19T00:38:29+00:00","og_image":[{"width":800,"height":600,"url":"https:\/\/franciscanos.org.br\/noticias\/wp-content\/uploads\/2022\/09\/profissao_170922_800X600.jpg","type":"image\/jpeg"}],"author":"moacir","twitter_card":"summary_large_image","twitter_misc":{"Escrito por":"moacir","Est. tempo de leitura":"15 minutos"},"schema":{"@context":"https:\/\/schema.org","@graph":[{"@type":"WebSite","@id":"https:\/\/franciscanos.org.br\/noticias\/#website","url":"https:\/\/franciscanos.org.br\/noticias\/","name":"Not\u00edcias - Franciscanos","description":"Prov\u00edncia Franciscana da Imaculada Concei\u00e7\u00e3o do Brasil - Ordem dos Frades Menores - OFM","potentialAction":[{"@type":"SearchAction","target":{"@type":"EntryPoint","urlTemplate":"https:\/\/franciscanos.org.br\/noticias\/?s={search_term_string}"},"query-input":"required name=search_term_string"}],"inLanguage":"pt-BR"},{"@type":"ImageObject","inLanguage":"pt-BR","@id":"https:\/\/franciscanos.org.br\/noticias\/frei-paulo-apresenta-o-itinerario-aos-professos-identificar-se-com-jesus-cristo-crucificado.html#primaryimage","url":"https:\/\/franciscanos.org.br\/noticias\/wp-content\/uploads\/2022\/09\/profissao_170922_800X600.jpg","contentUrl":"https:\/\/franciscanos.org.br\/noticias\/wp-content\/uploads\/2022\/09\/profissao_170922_800X600.jpg","width":800,"height":600},{"@type":"WebPage","@id":"https:\/\/franciscanos.org.br\/noticias\/frei-paulo-apresenta-o-itinerario-aos-professos-identificar-se-com-jesus-cristo-crucificado.html#webpage","url":"https:\/\/franciscanos.org.br\/noticias\/frei-paulo-apresenta-o-itinerario-aos-professos-identificar-se-com-jesus-cristo-crucificado.html","name":"Frei Paulo apresenta o itiner\u00e1rio aos professos: identificar-se com Jesus Cristo Crucificado - Not\u00edcias - Franciscanos","isPartOf":{"@id":"https:\/\/franciscanos.org.br\/noticias\/#website"},"primaryImageOfPage":{"@id":"https:\/\/franciscanos.org.br\/noticias\/frei-paulo-apresenta-o-itinerario-aos-professos-identificar-se-com-jesus-cristo-crucificado.html#primaryimage"},"datePublished":"2022-09-18T03:00:25+00:00","dateModified":"2022-09-19T00:38:29+00:00","author":{"@id":"https:\/\/franciscanos.org.br\/noticias\/#\/schema\/person\/b5c8cba458c330ccff548b056e95a5d4"},"breadcrumb":{"@id":"https:\/\/franciscanos.org.br\/noticias\/frei-paulo-apresenta-o-itinerario-aos-professos-identificar-se-com-jesus-cristo-crucificado.html#breadcrumb"},"inLanguage":"pt-BR","potentialAction":[{"@type":"ReadAction","target":["https:\/\/franciscanos.org.br\/noticias\/frei-paulo-apresenta-o-itinerario-aos-professos-identificar-se-com-jesus-cristo-crucificado.html"]}]},{"@type":"BreadcrumbList","@id":"https:\/\/franciscanos.org.br\/noticias\/frei-paulo-apresenta-o-itinerario-aos-professos-identificar-se-com-jesus-cristo-crucificado.html#breadcrumb","itemListElement":[{"@type":"ListItem","position":1,"name":"Home","item":"https:\/\/franciscanos.org.br\/noticias"},{"@type":"ListItem","position":2,"name":"Frei Paulo apresenta o itiner\u00e1rio aos professos: identificar-se com Jesus Cristo Crucificado"}]},{"@type":"Person","@id":"https:\/\/franciscanos.org.br\/noticias\/#\/schema\/person\/b5c8cba458c330ccff548b056e95a5d4","name":"moacir","image":{"@type":"ImageObject","inLanguage":"pt-BR","@id":"https:\/\/franciscanos.org.br\/noticias\/#\/schema\/person\/image\/","url":"https:\/\/secure.gravatar.com\/avatar\/d08aa2ce4c8dd416d4479aa8536fcf64?s=96&d=mm&r=g","contentUrl":"https:\/\/secure.gravatar.com\/avatar\/d08aa2ce4c8dd416d4479aa8536fcf64?s=96&d=mm&r=g","caption":"moacir"},"url":"https:\/\/franciscanos.org.br\/noticias\/author\/moacir"}]}},"_links":{"self":[{"href":"https:\/\/franciscanos.org.br\/noticias\/wp-json\/wp\/v2\/posts\/239711"}],"collection":[{"href":"https:\/\/franciscanos.org.br\/noticias\/wp-json\/wp\/v2\/posts"}],"about":[{"href":"https:\/\/franciscanos.org.br\/noticias\/wp-json\/wp\/v2\/types\/post"}],"author":[{"embeddable":true,"href":"https:\/\/franciscanos.org.br\/noticias\/wp-json\/wp\/v2\/users\/3"}],"replies":[{"embeddable":true,"href":"https:\/\/franciscanos.org.br\/noticias\/wp-json\/wp\/v2\/comments?post=239711"}],"version-history":[{"count":6,"href":"https:\/\/franciscanos.org.br\/noticias\/wp-json\/wp\/v2\/posts\/239711\/revisions"}],"predecessor-version":[{"id":239757,"href":"https:\/\/franciscanos.org.br\/noticias\/wp-json\/wp\/v2\/posts\/239711\/revisions\/239757"}],"wp:featuredmedia":[{"embeddable":true,"href":"https:\/\/franciscanos.org.br\/noticias\/wp-json\/wp\/v2\/media\/239712"}],"wp:attachment":[{"href":"https:\/\/franciscanos.org.br\/noticias\/wp-json\/wp\/v2\/media?parent=239711"}],"wp:term":[{"taxonomy":"category","embeddable":true,"href":"https:\/\/franciscanos.org.br\/noticias\/wp-json\/wp\/v2\/categories?post=239711"},{"taxonomy":"post_tag","embeddable":true,"href":"https:\/\/franciscanos.org.br\/noticias\/wp-json\/wp\/v2\/tags?post=239711"}],"curies":[{"name":"wp","href":"https:\/\/api.w.org\/{rel}","templated":true}]}}