{"id":239684,"date":"2022-09-17T14:35:27","date_gmt":"2022-09-17T17:35:27","guid":{"rendered":"https:\/\/franciscanos.org.br\/noticias\/?p=239684"},"modified":"2022-12-31T17:36:01","modified_gmt":"2022-12-31T20:36:01","slug":"convento-sao-francisco-o-monte-alverne-de-375-anos-no-centro-de-sao-paulo","status":"publish","type":"post","link":"https:\/\/franciscanos.org.br\/noticias\/convento-sao-francisco-o-monte-alverne-de-375-anos-no-centro-de-sao-paulo.html","title":{"rendered":"Convento S\u00e3o Francisco: o &#8220;Monte Alverne&#8221; de 375 anos no centro de S\u00e3o Paulo"},"content":{"rendered":"<p><img loading=\"lazy\" class=\"alignnone size-full wp-image-239701\" src=\"https:\/\/franciscanos.org.br\/noticias\/wp-content\/uploads\/2022\/09\/convento_1709_011.jpg\" alt=\"\" width=\"1195\" height=\"672\" srcset=\"https:\/\/franciscanos.org.br\/noticias\/wp-content\/uploads\/2022\/09\/convento_1709_011.jpg 1195w, https:\/\/franciscanos.org.br\/noticias\/wp-content\/uploads\/2022\/09\/convento_1709_011-450x253.jpg 450w, https:\/\/franciscanos.org.br\/noticias\/wp-content\/uploads\/2022\/09\/convento_1709_011-1024x576.jpg 1024w, https:\/\/franciscanos.org.br\/noticias\/wp-content\/uploads\/2022\/09\/convento_1709_011-768x432.jpg 768w, https:\/\/franciscanos.org.br\/noticias\/wp-content\/uploads\/2022\/09\/convento_1709_011-150x84.jpg 150w\" sizes=\"(max-width: 1195px) 100vw, 1195px\" \/><\/p>\n<p><strong>\u00a0<\/strong><strong>S\u00e3o Paulo (SP)<\/strong> &#8211; A liturgia da festa da Impress\u00e3o das Chagas de S\u00e3o Francisco de Assis deixou ainda <em>mais<\/em> bela a Missa de A\u00e7\u00e3o de Gra\u00e7as pelos 375 anos de funda\u00e7\u00e3o do Convento S\u00e3o Francisco, celebrada neste s\u00e1bado (17\/9), \u00e0s 12 horas, na Igreja que comp\u00f5e, com outras constru\u00e7\u00f5es, o principal conjunto de arquitetura barroca da capital paulistana. Na sauda\u00e7\u00e3o inicial, o guardi\u00e3o do Convento S\u00e3o Francisco, Frei M\u00e1rio Luiz Tagliari, destacou o significado hist\u00f3rico deste patrim\u00f4nio cultural e religioso para o Estado e para o pa\u00eds e recordou um dos momentos mais belos da vida do<strong><em> Povorello<\/em><\/strong> de Assis. Segundo ele, o Monte Alverne \u00e9 o cume de toda uma vida, de uma busca incessante de Francisco em \u201cseguir as pegadas de Jesus Cristo\u201d.<\/p>\n<p>Frei M\u00e1rio saudou a todos e destacou a a presen\u00e7a do professor Celso Fernandes Campilongo, titular de Filosofia e Teoria Geral do Direito, diretor da Faculdade de Direito da USP; do Coronel da reserva da Pol\u00edcia Militar, Marcelo Vieira Salles, administrador da Subprefeitura S\u00e9, representando o Prefeito de S\u00e3o Paulo Ricardo Nunes. Tamb\u00e9m presentes as ministras da OFS, Maria Crepaldi (Fraternidade das Chagas) e Cl\u00e1udia Kuhnen (Fraternidade Santa Clara).<\/p>\n<p>O Definidor Provincial, Jo\u00e3o Francisco da Silva, presidiu a Celebra\u00e7\u00e3o Eucar\u00edstica, representando o Ministro Provincial, Frei Paulo Roberto Pereira, que neste s\u00e1bado acolhe os novos professos solenes da Prov\u00edncia da Imaculada, em Petr\u00f3polis (RJ). Para ele, alegria e gratid\u00e3o eram sentimentos desta celebra\u00e7\u00e3o. &#8220;S\u00e3o 375 anos de evangeliza\u00e7\u00e3o e presen\u00e7a franciscana difundindo o carisma franciscano nesta cidade de S\u00e3o Paulo. Os primeiros frades foram inspirados por Deus a iniciar aqui uma hist\u00f3ria duradoura de cumplicidade e f\u00e9, oferecendo a todos a fonte do carisma franciscano que \u00e9 viver o Evangelho de Nosso Senhor Jesus Cristo&#8221;, disse Frei Jo\u00e3o.<\/p>\n<p><img loading=\"lazy\" class=\"alignnone wp-image-239686 size-full\" src=\"https:\/\/franciscanos.org.br\/noticias\/wp-content\/uploads\/2022\/09\/convento_1709_03.jpg\" alt=\"\" width=\"1280\" height=\"810\" srcset=\"https:\/\/franciscanos.org.br\/noticias\/wp-content\/uploads\/2022\/09\/convento_1709_03.jpg 1280w, https:\/\/franciscanos.org.br\/noticias\/wp-content\/uploads\/2022\/09\/convento_1709_03-450x285.jpg 450w, https:\/\/franciscanos.org.br\/noticias\/wp-content\/uploads\/2022\/09\/convento_1709_03-1024x648.jpg 1024w, https:\/\/franciscanos.org.br\/noticias\/wp-content\/uploads\/2022\/09\/convento_1709_03-768x486.jpg 768w, https:\/\/franciscanos.org.br\/noticias\/wp-content\/uploads\/2022\/09\/convento_1709_03-150x95.jpg 150w\" sizes=\"(max-width: 1280px) 100vw, 1280px\" \/><\/p>\n<p>Para o presidente da celebra\u00e7\u00e3o, s\u00e3o quase quatro s\u00e9culos de hist\u00f3ria e comunh\u00e3o com o povo de Deus que habita esta cidade. &#8220;Essa hist\u00f3ria paulatinamente vai consolidando aquele desejo ardente que o pr\u00f3prio S\u00e3o Francisco nutria quando buscava um lugar ainda mais &#8216;solit\u00e1rio e secreto&#8217; no qual pudesse mais reservadamente fazer uma profunda experi\u00eancia de ora\u00e7\u00e3o. Ele encontra no Monte Alverne, local da impress\u00e3o das Chagas do Crucificado, o lugar ideal para a experi\u00eancia profunda de f\u00e9, pois, como dizem os bi\u00f3grafos, &#8216;ele j\u00e1 carregava a cruz enraizada em seu cora\u00e7\u00e3o&#8217;\u201d, refletiu o frade.<\/p>\n<p>&#8220;Creio que este Convento \u00e9 o Monte Alverne, o &#8216;lugar solit\u00e1rio e secreto&#8217; que, na agita\u00e7\u00e3o caracter\u00edstica da cidade, oferece \u00e0s pessoas al\u00e9m do espa\u00e7o religioso e cultural, tamb\u00e9m o acolhimento para momentos de ora\u00e7\u00e3o e encontro com Deus no interior da igreja, nas salas de confiss\u00e3o e nos demais ambientes prop\u00edcios ao encontro com o transcendente&#8221;, comparou o celebrante.<\/p>\n<p>Segundo ele, atrav\u00e9s de sua miss\u00e3o evangelizadora, o Convento propicia aos fi\u00e9is momentos celebrativos que favorecem a intimidade e o encontro com o Sagrado sem abandonar o olhar pelos pobres atrav\u00e9s da sua miss\u00e3o social. &#8220;Por dia, mais de mil pessoas s\u00e3o atendidas pelos frades e leigos na parte t\u00e9rrea do Convento, onde funciona o Servi\u00e7o Franciscano de Solidariedade (Sefras), oferecendo as refei\u00e7\u00f5es di\u00e1rias, suporte social e jur\u00eddico, atividades socioeducativas, pol\u00edticas, culturais e de incentivo \u00e0 participa\u00e7\u00e3o de constru\u00e7\u00e3o de pol\u00edticas p\u00fablicas e f\u00f3runs de discuss\u00e3o a popula\u00e7\u00e3o em situa\u00e7\u00e3o de rua&#8221;, observou Frei Jo\u00e3o.<\/p>\n<p><img loading=\"lazy\" class=\"alignnone size-full wp-image-239703\" src=\"https:\/\/franciscanos.org.br\/noticias\/wp-content\/uploads\/2022\/09\/convento_1709_88.jpg\" alt=\"\" width=\"1062\" height=\"797\" srcset=\"https:\/\/franciscanos.org.br\/noticias\/wp-content\/uploads\/2022\/09\/convento_1709_88.jpg 1062w, https:\/\/franciscanos.org.br\/noticias\/wp-content\/uploads\/2022\/09\/convento_1709_88-450x338.jpg 450w, https:\/\/franciscanos.org.br\/noticias\/wp-content\/uploads\/2022\/09\/convento_1709_88-1024x768.jpg 1024w, https:\/\/franciscanos.org.br\/noticias\/wp-content\/uploads\/2022\/09\/convento_1709_88-768x576.jpg 768w, https:\/\/franciscanos.org.br\/noticias\/wp-content\/uploads\/2022\/09\/convento_1709_88-150x113.jpg 150w, https:\/\/franciscanos.org.br\/noticias\/wp-content\/uploads\/2022\/09\/convento_1709_88-600x450.jpg 600w\" sizes=\"(max-width: 1062px) 100vw, 1062px\" \/><\/p>\n<p>&#8220;Portanto, os frades n\u00e3o est\u00e3o alheios aos dramas e \u00e0 vida da popula\u00e7\u00e3o da cidade, pelo contr\u00e1rio procuram estar atentos aos clamores da popula\u00e7\u00e3o e busca de solu\u00e7\u00f5es para os diversos dramas que chegam diariamente nas portas do Convento. Assim, a presen\u00e7a franciscana no centro de S\u00e3o Paulo \u00e9 uma op\u00e7\u00e3o para compartilhar as alegrias e esperan\u00e7as na constru\u00e7\u00e3o de uma sociedade igualit\u00e1ria e, tamb\u00e9m, \u00e9 um modo de participar e compreender as dificuldades e os sofrimentos que rodeiam a vida do povo. Neste sentido, nos dias terr\u00edveis que vivemos, queremos, a partir de nossa identidade franciscana, reafirmar o prop\u00f3sito da fidelidade aos valores crist\u00e3os e humanos, fidelidade aos direitos humanos, \u00e0 dignidade humana, \u00e0 liberdade humana e \u00e0 defesa da vida como fez S\u00e3o Francisco em seu tempo e, tamb\u00e9m, muitos franciscanos que aqui viveram e anonimamente agiram em favor da vida e da dignidade humana&#8221;, exortou o frade.<\/p>\n<p>Frei Jo\u00e3o destacou dois frades que viveram e assumiram esse protagonismo neste Convento: &#8220;Frei Galv\u00e3o, o primeiro Santo que nasceu em territ\u00f3rio brasileiro e que viveu aproximadamente 60 anos neste Convento, exerceu o of\u00edcio de pregador, confessor e porteiro. Aqui, ele se consagrou como filho e escravo perp\u00e9tuo da Virgem Imaculada e \u00e9 dessa devo\u00e7\u00e3o \u00e0 Virgem Imaculada que surgem as p\u00edlulas de Frei Galv\u00e3o, sacramentais de f\u00e9 e devo\u00e7\u00e3o do povo de Deus, que procurava o santo para obter al\u00edvio em suas enfermidades&#8221;, recordou. O Convento celebra 200 anos da morte de Frei Galv\u00e3o neste ano.<\/p>\n<p><img loading=\"lazy\" class=\"alignnone wp-image-239688 size-full\" src=\"https:\/\/franciscanos.org.br\/noticias\/wp-content\/uploads\/2022\/09\/convento_1709_5.jpg\" alt=\"\" width=\"1280\" height=\"893\" srcset=\"https:\/\/franciscanos.org.br\/noticias\/wp-content\/uploads\/2022\/09\/convento_1709_5.jpg 1280w, https:\/\/franciscanos.org.br\/noticias\/wp-content\/uploads\/2022\/09\/convento_1709_5-450x314.jpg 450w, https:\/\/franciscanos.org.br\/noticias\/wp-content\/uploads\/2022\/09\/convento_1709_5-1024x714.jpg 1024w, https:\/\/franciscanos.org.br\/noticias\/wp-content\/uploads\/2022\/09\/convento_1709_5-768x536.jpg 768w, https:\/\/franciscanos.org.br\/noticias\/wp-content\/uploads\/2022\/09\/convento_1709_5-150x105.jpg 150w, https:\/\/franciscanos.org.br\/noticias\/wp-content\/uploads\/2022\/09\/convento_1709_5-474x332.jpg 474w\" sizes=\"(max-width: 1280px) 100vw, 1280px\" \/><\/p>\n\n\t\t<style type=\"text\/css\">\n\t\t\t#gallery-1 {\n\t\t\t\tmargin: auto;\n\t\t\t}\n\t\t\t#gallery-1 .gallery-item {\n\t\t\t\tfloat: left;\n\t\t\t\tmargin-top: 10px;\n\t\t\t\ttext-align: center;\n\t\t\t\twidth: 16%;\n\t\t\t}\n\t\t\t#gallery-1 img {\n\t\t\t\tborder: 2px solid #cfcfcf;\n\t\t\t}\n\t\t\t#gallery-1 .gallery-caption {\n\t\t\t\tmargin-left: 0;\n\t\t\t}\n\t\t\t\/* see gallery_shortcode() in wp-includes\/media.php *\/\n\t\t<\/style>\n\t\t<div id='gallery-1' class='gallery galleryid-239684 gallery-columns-6 gallery-size-thumbnail'><dl class='gallery-item'>\n\t\t\t<dt class='gallery-icon portrait'>\n\t\t\t\t<a href='https:\/\/franciscanos.org.br\/noticias\/wp-content\/uploads\/2022\/09\/convento_01.jpg'><img width=\"300\" height=\"300\" src=\"https:\/\/franciscanos.org.br\/noticias\/wp-content\/uploads\/2022\/09\/convento_01-300x300.jpg\" class=\"attachment-thumbnail size-thumbnail\" alt=\"\" loading=\"lazy\" srcset=\"https:\/\/franciscanos.org.br\/noticias\/wp-content\/uploads\/2022\/09\/convento_01-300x300.jpg 300w, https:\/\/franciscanos.org.br\/noticias\/wp-content\/uploads\/2022\/09\/convento_01-100x100.jpg 100w\" sizes=\"(max-width: 300px) 100vw, 300px\" \/><\/a>\n\t\t\t<\/dt><\/dl><dl class='gallery-item'>\n\t\t\t<dt class='gallery-icon landscape'>\n\t\t\t\t<a href='https:\/\/franciscanos.org.br\/noticias\/wp-content\/uploads\/2022\/09\/convento_02.jpg'><img width=\"300\" height=\"300\" src=\"https:\/\/franciscanos.org.br\/noticias\/wp-content\/uploads\/2022\/09\/convento_02-300x300.jpg\" class=\"attachment-thumbnail size-thumbnail\" alt=\"\" loading=\"lazy\" srcset=\"https:\/\/franciscanos.org.br\/noticias\/wp-content\/uploads\/2022\/09\/convento_02-300x300.jpg 300w, https:\/\/franciscanos.org.br\/noticias\/wp-content\/uploads\/2022\/09\/convento_02-100x100.jpg 100w\" sizes=\"(max-width: 300px) 100vw, 300px\" \/><\/a>\n\t\t\t<\/dt><\/dl><dl class='gallery-item'>\n\t\t\t<dt class='gallery-icon landscape'>\n\t\t\t\t<a href='https:\/\/franciscanos.org.br\/noticias\/wp-content\/uploads\/2022\/09\/convento_04.jpg'><img width=\"300\" height=\"300\" src=\"https:\/\/franciscanos.org.br\/noticias\/wp-content\/uploads\/2022\/09\/convento_04-300x300.jpg\" class=\"attachment-thumbnail size-thumbnail\" alt=\"\" loading=\"lazy\" srcset=\"https:\/\/franciscanos.org.br\/noticias\/wp-content\/uploads\/2022\/09\/convento_04-300x300.jpg 300w, https:\/\/franciscanos.org.br\/noticias\/wp-content\/uploads\/2022\/09\/convento_04-100x100.jpg 100w\" sizes=\"(max-width: 300px) 100vw, 300px\" \/><\/a>\n\t\t\t<\/dt><\/dl><dl class='gallery-item'>\n\t\t\t<dt class='gallery-icon landscape'>\n\t\t\t\t<a href='https:\/\/franciscanos.org.br\/noticias\/wp-content\/uploads\/2022\/09\/convento_05.jpg'><img width=\"300\" height=\"300\" src=\"https:\/\/franciscanos.org.br\/noticias\/wp-content\/uploads\/2022\/09\/convento_05-300x300.jpg\" class=\"attachment-thumbnail size-thumbnail\" alt=\"\" loading=\"lazy\" srcset=\"https:\/\/franciscanos.org.br\/noticias\/wp-content\/uploads\/2022\/09\/convento_05-300x300.jpg 300w, https:\/\/franciscanos.org.br\/noticias\/wp-content\/uploads\/2022\/09\/convento_05-100x100.jpg 100w\" sizes=\"(max-width: 300px) 100vw, 300px\" \/><\/a>\n\t\t\t<\/dt><\/dl><dl class='gallery-item'>\n\t\t\t<dt class='gallery-icon landscape'>\n\t\t\t\t<a href='https:\/\/franciscanos.org.br\/noticias\/wp-content\/uploads\/2022\/09\/convento_06.jpg'><img width=\"300\" height=\"300\" src=\"https:\/\/franciscanos.org.br\/noticias\/wp-content\/uploads\/2022\/09\/convento_06-300x300.jpg\" class=\"attachment-thumbnail size-thumbnail\" alt=\"\" loading=\"lazy\" srcset=\"https:\/\/franciscanos.org.br\/noticias\/wp-content\/uploads\/2022\/09\/convento_06-300x300.jpg 300w, https:\/\/franciscanos.org.br\/noticias\/wp-content\/uploads\/2022\/09\/convento_06-100x100.jpg 100w\" sizes=\"(max-width: 300px) 100vw, 300px\" \/><\/a>\n\t\t\t<\/dt><\/dl><dl class='gallery-item'>\n\t\t\t<dt class='gallery-icon landscape'>\n\t\t\t\t<a href='https:\/\/franciscanos.org.br\/noticias\/wp-content\/uploads\/2022\/09\/convento_1709_4.jpg'><img width=\"300\" height=\"300\" src=\"https:\/\/franciscanos.org.br\/noticias\/wp-content\/uploads\/2022\/09\/convento_1709_4-300x300.jpg\" class=\"attachment-thumbnail size-thumbnail\" alt=\"\" loading=\"lazy\" srcset=\"https:\/\/franciscanos.org.br\/noticias\/wp-content\/uploads\/2022\/09\/convento_1709_4-300x300.jpg 300w, https:\/\/franciscanos.org.br\/noticias\/wp-content\/uploads\/2022\/09\/convento_1709_4-100x100.jpg 100w\" sizes=\"(max-width: 300px) 100vw, 300px\" \/><\/a>\n\t\t\t<\/dt><\/dl><br style=\"clear: both\" \/>\n\t\t<\/div>\n\n<p><em>\u00a0 \u00a0 \u00a0 \u00a0 \u00a0 \u00a0 \u00a0 \u00a0 \u00a0 \u00a0 \u00a0 \u00a0 \u00a0 \u00a0 \u00a0 \u00a0 \u00a0 \u00a0 \u00a0 \u00a0 \u00a0 \u00a0 \u00a0 \u00a0 \u00a0 \u00a0 \u00a0 \u00a0 \u00a0 \u00a0 \u00a0 \u00a0 \u00a0 \u00a0 \u00a0 \u00a0 \u00a0 \u00a0 \u00a0(toque nas imagens para ampli\u00e1-las)<\/em><\/p>\n<p>&#8220;Outro ilustre franciscano \u00e9 Dom Frei Paulo Evaristo Arns, Cardeal de S\u00e3o Paulo, falecido em 2016. Este ano estamos encerrando as atividades comemorativas do centen\u00e1rio de nascimento deste franciscano que, frequentemente, vinha a este Convento e que exerceu papel fundamental na defesa dos direitos humanos na cidade de S\u00e3o Paulo. Trabalhou incansavelmente pelas popula\u00e7\u00f5es mais vulner\u00e1veis&#8221;, disse. Em 1997, D. Paulo declarou que o Convento passaria a ser tamb\u00e9m \u201cSantu\u00e1rio S\u00e3o Francisco\u201d, pois em sua miss\u00e3o evangelizadora j\u00e1 se ocupava em acolher e atender os fi\u00e9is advindos de todas as regi\u00f5es da cidade e que encontravam aqui conforto espiritual.<\/p>\n<p>&#8220;S\u00e3o Francisco, Frei Galv\u00e3o, Dom Frei Paulo Evaristo e todos os frades entendem que seguir Nosso Senhor Jesus Cristo abarca algumas exig\u00eancias. Implica ren\u00fancia de si mesmo, desapego dos bens deste mundo, humildade e mansid\u00e3o como condi\u00e7\u00e3o de abertura ao transcendente a partir dos pobres e do cuidado com a natureza. Estas s\u00e3o qualidades de quem quer seguir o Mestre Jesus. Portanto, tomar a cruz \u00e9 tomar para si uma vida que se assemelha \u00e0 vida do Mestre porque Ele n\u00e3o nos livra da cruz, do sofrimento, mas abra\u00e7a-nos na cruz, salva-nos na cruz&#8221;, ensinou o frade.<\/p>\n<p><img loading=\"lazy\" class=\"alignnone size-full wp-image-239695\" src=\"https:\/\/franciscanos.org.br\/noticias\/wp-content\/uploads\/2022\/09\/convento_1709_6.jpg\" alt=\"\" width=\"1219\" height=\"1843\" srcset=\"https:\/\/franciscanos.org.br\/noticias\/wp-content\/uploads\/2022\/09\/convento_1709_6.jpg 714w, https:\/\/franciscanos.org.br\/noticias\/wp-content\/uploads\/2022\/09\/convento_1709_6-298x450.jpg 298w, https:\/\/franciscanos.org.br\/noticias\/wp-content\/uploads\/2022\/09\/convento_1709_6-677x1024.jpg 677w, https:\/\/franciscanos.org.br\/noticias\/wp-content\/uploads\/2022\/09\/convento_1709_6-768x1161.jpg 768w, https:\/\/franciscanos.org.br\/noticias\/wp-content\/uploads\/2022\/09\/convento_1709_6-1016x1536.jpg 1016w, https:\/\/franciscanos.org.br\/noticias\/wp-content\/uploads\/2022\/09\/convento_1709_6-150x227.jpg 150w\" sizes=\"(max-width: 1219px) 100vw, 1219px\" \/><\/p>\n<p>&#8220;Dizem os bi\u00f3grafos que S\u00e3o Francisco frequentemente chorava a Paix\u00e3o de Jesus, numa compreens\u00e3o da entrega total do Salvador. Neste sentido, a cruz indica aos disc\u00edpulos que a escolha feita tem como consequ\u00eancia dar a vida pelo Evangelho. Ainda hoje muitos m\u00e1rtires que se atrevem no compromisso pela paz, pela justi\u00e7a, pelo amor, pagam com o pr\u00f3prio sangue essa ousadia, como o Mestre. Por\u00e9m, S\u00e3o Francisco nos convida a n\u00e3o abandonar o Cristo pobre, humilde e crucificado, mas a caminharmos com Ele e adot\u00e1-lo como caminho, verdade e vida. Quer que passemos de an\u00f4nimos na multid\u00e3o que percorre as ruas da cidade a disc\u00edpulos; mudan\u00e7a que requer decis\u00e3o, prud\u00eancia, ren\u00fancia e entrega da pr\u00f3pria vida&#8221;, emendou o celebrante.<\/p>\n<p>&#8220;Est\u00e1 bem claro: disc\u00edpulo \u00e9 quem caminha com Jesus Cristo, tendo-o como senhor, mestre e salvador; an\u00f4nimo na multid\u00e3o \u00e9 quem ainda est\u00e1 s\u00f3 olhando de longe, \u00e0 dist\u00e2ncia, com curiosidade e admira\u00e7\u00e3o. Precisamos assumir a identidade franciscana porque seguir Jesus no caminho do esvaziamento significa entrar numa nova vida: a vida do Esp\u00edrito do pr\u00f3prio Jesus. Por isso, vamos abra\u00e7ar a pequenez e renunciar \u00e0 exalta\u00e7\u00e3o como fez S\u00e3o Francisco de Assis e &#8216;desejar o Esp\u00edrito do Senhor e seu santo modo de operar'&#8221;, pediu.<\/p>\n<p>&#8220;Que essa celebra\u00e7\u00e3o, na qual recordamos que a presen\u00e7a franciscana \u00e9 significativa e duradoura, e a recorda\u00e7\u00e3o dos Estigmas de S\u00e3o Francisco nos ajude a compreender que o amor deixa as suas marcas nas alegrias e nas cruzes do cotidiano. Que essa celebra\u00e7\u00e3o nos inspire a recome\u00e7ar sempre com S\u00e3o Francisco de Assis!&#8221;, convidou Frei Jo\u00e3o.<\/p>\n<div id=\"attachment_239696\" style=\"width: 1290px\" class=\"wp-caption alignnone\"><img aria-describedby=\"caption-attachment-239696\" loading=\"lazy\" class=\"wp-image-239696 size-full\" src=\"https:\/\/franciscanos.org.br\/noticias\/wp-content\/uploads\/2022\/09\/convento_1709_10.jpg\" alt=\"\" width=\"1280\" height=\"927\" srcset=\"https:\/\/franciscanos.org.br\/noticias\/wp-content\/uploads\/2022\/09\/convento_1709_10.jpg 1280w, https:\/\/franciscanos.org.br\/noticias\/wp-content\/uploads\/2022\/09\/convento_1709_10-450x326.jpg 450w, https:\/\/franciscanos.org.br\/noticias\/wp-content\/uploads\/2022\/09\/convento_1709_10-1024x742.jpg 1024w, https:\/\/franciscanos.org.br\/noticias\/wp-content\/uploads\/2022\/09\/convento_1709_10-768x556.jpg 768w, https:\/\/franciscanos.org.br\/noticias\/wp-content\/uploads\/2022\/09\/convento_1709_10-150x109.jpg 150w\" sizes=\"(max-width: 1280px) 100vw, 1280px\" \/><p id=\"caption-attachment-239696\" class=\"wp-caption-text\"><em>As Chagas de S\u00e3o Francisco: Azulejo no presbit\u00e9rio do Convento S\u00e3o Francisco<\/em><\/p><\/div>\n<p><strong>UM POUCO DE HIST\u00d3RIA<\/strong><\/p>\n<p>O Convento S\u00e3o Francisco, junto com o Convento Santo Ant\u00f4nio do Rio de Janeiro e o Convento da Penha, em Vila Velha (ES), s\u00e3o as casas mais antigas da Prov\u00edncia da Imaculada Concei\u00e7\u00e3o do Brasil desde a sua cria\u00e7\u00e3o (1675). O pr\u00e9dio do estilo barroco luso-brasileiro, inaugurado em 17 de setembro de 1647, na antiga Vila de S\u00e3o Paulo, durante o per\u00edodo do Brasil colonial, era feito de taipa, com funda\u00e7\u00f5es de 3 metros de profundidade e com paredes que chegavam a 2 metros de espessura em alguns pontos.<\/p>\n<p>A igreja conventual foi muito modificada a partir de meados do s\u00e9culo XVIII, o que lhe conferiu a atual forma barroca. Destacam-se as \u201cestalas\u201d do coro e os m\u00f3veis da sacristia talhados em madeira de jacarand\u00e1. O sino mais antigo \u00e9 o que &#8216;Caetano Pais de Abreu fez no anno de 1776&#8217;, como est\u00e1 gravado no bronze. Os outros &#8211; um da &#8216;Premiada Fundi\u00e7\u00e3o de Sinos Angelo Angeli&#8217; e outro, menor, que traz a inscri\u00e7\u00e3o em latim &#8216;Soli Deo Gloria&#8217; (S\u00f3 a Deus a gl\u00f3ria) &#8211; s\u00e3o do s\u00e9culo 19. Apesar do inc\u00eandio nos finais do s\u00e9culo XIX (1880), que danificou a igreja e convento anexo, muitos m\u00f3veis como esses foram salvos, assim como a imagem de S\u00e3o Francisco, considerada uma das mais belas dos conventos franciscanos do Brasil, e a imagem da Imaculada Concei\u00e7\u00e3o, que est\u00e1 no altar esquerdo.<\/p>\n<p><img loading=\"lazy\" class=\"alignnone size-full wp-image-239697\" src=\"https:\/\/franciscanos.org.br\/noticias\/wp-content\/uploads\/2022\/09\/convento_1709_11.jpg\" alt=\"\" width=\"1280\" height=\"960\" srcset=\"https:\/\/franciscanos.org.br\/noticias\/wp-content\/uploads\/2022\/09\/convento_1709_11.jpg 1280w, https:\/\/franciscanos.org.br\/noticias\/wp-content\/uploads\/2022\/09\/convento_1709_11-450x338.jpg 450w, https:\/\/franciscanos.org.br\/noticias\/wp-content\/uploads\/2022\/09\/convento_1709_11-1024x768.jpg 1024w, https:\/\/franciscanos.org.br\/noticias\/wp-content\/uploads\/2022\/09\/convento_1709_11-768x576.jpg 768w, https:\/\/franciscanos.org.br\/noticias\/wp-content\/uploads\/2022\/09\/convento_1709_11-150x113.jpg 150w, https:\/\/franciscanos.org.br\/noticias\/wp-content\/uploads\/2022\/09\/convento_1709_11-600x450.jpg 600w\" sizes=\"(max-width: 1280px) 100vw, 1280px\" \/><\/p>\n<p>Durante a grande restaura\u00e7\u00e3o em 2007, a fachada voltou a exibir a cor amarelo-creme, com detalhes em azul-anil, ap\u00f3s a remo\u00e7\u00e3o de camadas de tintas que, ao longo de tr\u00eas s\u00e9culos, cobriram em sucessivas e improvisadas reformas as cores originais. No interior do templo, tamb\u00e9m os altares, o coro e o teto passaram por restaura\u00e7\u00e3o, com suas imagens e pinturas, como a do Pai Eterno com seu esplendor de raios dourados e de dois anjos grandes que o adoram.<\/p>\n<p>O Convento de S\u00e3o Francisco abrigou a Faculdade de Direito da USP a partir de 1827. Em 1930 o pr\u00e9dio foi demolido e deu lugar a um projeto maior, em estilo neocolonial, conclu\u00eddo em 1934. Ao lado do Santu\u00e1rio est\u00e1 a Igreja de S\u00e3o Francisco das Chagas, em festa hoje pelo Padroeiro. Erguida pela Ordem Terceira de S\u00e3o Francisco, foi tombada como patrim\u00f4nio hist\u00f3rico de S\u00e3o Paulo em 1982 e \u00e9 considerada uma das mais importantes obras do s\u00e9culo XVIII. A constru\u00e7\u00e3o original foi feita em estilo barroco-rococ\u00f3. Durante sete anos passou por restauro e foi reaberta em 2014.<\/p>\n<p>Em um dia frio, as festividades no claustro do Convento ficaram por conta de uma deliciosa feijoada.<\/p>\n<h3>VEJA TAMB\u00c9M O<strong><a href=\"https:\/\/franciscanos.org.br\/carisma\/especiais\/convento-sao-francisco-celebra-375-anos#gsc.tab=0\"> ESPECIAL SOBRE O CONVENTO<\/a><\/strong><\/h3>\n<hr \/>\n<p><em>Comunica\u00e7\u00e3o da Prov\u00edncia da Imaculada<\/em><\/p>\n<p><img loading=\"lazy\" class=\"alignnone size-full wp-image-239698\" src=\"https:\/\/franciscanos.org.br\/noticias\/wp-content\/uploads\/2022\/09\/convento_1709_12.jpg\" alt=\"\" width=\"1280\" height=\"1707\" srcset=\"https:\/\/franciscanos.org.br\/noticias\/wp-content\/uploads\/2022\/09\/convento_1709_12.jpg 810w, https:\/\/franciscanos.org.br\/noticias\/wp-content\/uploads\/2022\/09\/convento_1709_12-337x450.jpg 337w, https:\/\/franciscanos.org.br\/noticias\/wp-content\/uploads\/2022\/09\/convento_1709_12-768x1024.jpg 768w, https:\/\/franciscanos.org.br\/noticias\/wp-content\/uploads\/2022\/09\/convento_1709_12-1152x1536.jpg 1152w, https:\/\/franciscanos.org.br\/noticias\/wp-content\/uploads\/2022\/09\/convento_1709_12-150x200.jpg 150w\" sizes=\"(max-width: 1280px) 100vw, 1280px\" \/><\/p>\n","protected":false},"excerpt":{"rendered":"<p>Jubileu do Convento S\u00e3o Francisco de S\u00e3o Paulo<\/p>\n","protected":false},"author":3,"featured_media":239685,"comment_status":"open","ping_status":"open","sticky":false,"template":"","format":"standard","meta":[],"categories":[1],"tags":[312],"acf":[],"yoast_head":"<!-- This site is optimized with the Yoast SEO plugin v19.2 - https:\/\/yoast.com\/wordpress\/plugins\/seo\/ -->\n<title>Convento S\u00e3o Francisco: o &quot;Monte Alverne&quot; de 375 anos no centro de S\u00e3o Paulo - Not\u00edcias - Franciscanos<\/title>\n<meta name=\"robots\" content=\"index, follow, max-snippet:-1, max-image-preview:large, max-video-preview:-1\" \/>\n<link rel=\"canonical\" href=\"https:\/\/franciscanos.org.br\/noticias\/convento-sao-francisco-o-monte-alverne-de-375-anos-no-centro-de-sao-paulo.html\" \/>\n<meta property=\"og:locale\" content=\"pt_BR\" \/>\n<meta property=\"og:type\" content=\"article\" \/>\n<meta property=\"og:title\" content=\"Convento S\u00e3o Francisco: o &quot;Monte Alverne&quot; de 375 anos no centro de S\u00e3o Paulo - Not\u00edcias - Franciscanos\" \/>\n<meta property=\"og:description\" content=\"Jubileu do Convento S\u00e3o Francisco de S\u00e3o Paulo\" \/>\n<meta property=\"og:url\" content=\"https:\/\/franciscanos.org.br\/noticias\/convento-sao-francisco-o-monte-alverne-de-375-anos-no-centro-de-sao-paulo.html\" \/>\n<meta property=\"og:site_name\" content=\"Not\u00edcias - Franciscanos\" \/>\n<meta property=\"article:published_time\" content=\"2022-09-17T17:35:27+00:00\" \/>\n<meta property=\"article:modified_time\" content=\"2022-12-31T20:36:01+00:00\" \/>\n<meta property=\"og:image\" content=\"https:\/\/franciscanos.org.br\/noticias\/wp-content\/uploads\/2022\/09\/convento_1709_01.jpg\" \/>\n\t<meta property=\"og:image:width\" content=\"1280\" \/>\n\t<meta property=\"og:image:height\" content=\"720\" \/>\n\t<meta property=\"og:image:type\" content=\"image\/jpeg\" \/>\n<meta name=\"author\" content=\"moacir\" \/>\n<meta name=\"twitter:card\" content=\"summary_large_image\" \/>\n<meta name=\"twitter:label1\" content=\"Escrito por\" \/>\n\t<meta name=\"twitter:data1\" content=\"moacir\" \/>\n\t<meta name=\"twitter:label2\" content=\"Est. tempo de leitura\" \/>\n\t<meta name=\"twitter:data2\" content=\"11 minutos\" \/>\n<script type=\"application\/ld+json\" class=\"yoast-schema-graph\">{\"@context\":\"https:\/\/schema.org\",\"@graph\":[{\"@type\":\"WebSite\",\"@id\":\"https:\/\/franciscanos.org.br\/noticias\/#website\",\"url\":\"https:\/\/franciscanos.org.br\/noticias\/\",\"name\":\"Not\u00edcias - Franciscanos\",\"description\":\"Prov\u00edncia Franciscana da Imaculada Concei\u00e7\u00e3o do Brasil - Ordem dos Frades Menores - OFM\",\"potentialAction\":[{\"@type\":\"SearchAction\",\"target\":{\"@type\":\"EntryPoint\",\"urlTemplate\":\"https:\/\/franciscanos.org.br\/noticias\/?s={search_term_string}\"},\"query-input\":\"required name=search_term_string\"}],\"inLanguage\":\"pt-BR\"},{\"@type\":\"ImageObject\",\"inLanguage\":\"pt-BR\",\"@id\":\"https:\/\/franciscanos.org.br\/noticias\/convento-sao-francisco-o-monte-alverne-de-375-anos-no-centro-de-sao-paulo.html#primaryimage\",\"url\":\"https:\/\/franciscanos.org.br\/noticias\/wp-content\/uploads\/2022\/09\/convento_1709_01.jpg\",\"contentUrl\":\"https:\/\/franciscanos.org.br\/noticias\/wp-content\/uploads\/2022\/09\/convento_1709_01.jpg\",\"width\":1280,\"height\":720},{\"@type\":\"WebPage\",\"@id\":\"https:\/\/franciscanos.org.br\/noticias\/convento-sao-francisco-o-monte-alverne-de-375-anos-no-centro-de-sao-paulo.html#webpage\",\"url\":\"https:\/\/franciscanos.org.br\/noticias\/convento-sao-francisco-o-monte-alverne-de-375-anos-no-centro-de-sao-paulo.html\",\"name\":\"Convento S\u00e3o Francisco: o \\\"Monte Alverne\\\" de 375 anos no centro de S\u00e3o Paulo - Not\u00edcias - Franciscanos\",\"isPartOf\":{\"@id\":\"https:\/\/franciscanos.org.br\/noticias\/#website\"},\"primaryImageOfPage\":{\"@id\":\"https:\/\/franciscanos.org.br\/noticias\/convento-sao-francisco-o-monte-alverne-de-375-anos-no-centro-de-sao-paulo.html#primaryimage\"},\"datePublished\":\"2022-09-17T17:35:27+00:00\",\"dateModified\":\"2022-12-31T20:36:01+00:00\",\"author\":{\"@id\":\"https:\/\/franciscanos.org.br\/noticias\/#\/schema\/person\/b5c8cba458c330ccff548b056e95a5d4\"},\"breadcrumb\":{\"@id\":\"https:\/\/franciscanos.org.br\/noticias\/convento-sao-francisco-o-monte-alverne-de-375-anos-no-centro-de-sao-paulo.html#breadcrumb\"},\"inLanguage\":\"pt-BR\",\"potentialAction\":[{\"@type\":\"ReadAction\",\"target\":[\"https:\/\/franciscanos.org.br\/noticias\/convento-sao-francisco-o-monte-alverne-de-375-anos-no-centro-de-sao-paulo.html\"]}]},{\"@type\":\"BreadcrumbList\",\"@id\":\"https:\/\/franciscanos.org.br\/noticias\/convento-sao-francisco-o-monte-alverne-de-375-anos-no-centro-de-sao-paulo.html#breadcrumb\",\"itemListElement\":[{\"@type\":\"ListItem\",\"position\":1,\"name\":\"Home\",\"item\":\"https:\/\/franciscanos.org.br\/noticias\"},{\"@type\":\"ListItem\",\"position\":2,\"name\":\"Convento S\u00e3o Francisco: o &#8220;Monte Alverne&#8221; de 375 anos no centro de S\u00e3o Paulo\"}]},{\"@type\":\"Person\",\"@id\":\"https:\/\/franciscanos.org.br\/noticias\/#\/schema\/person\/b5c8cba458c330ccff548b056e95a5d4\",\"name\":\"moacir\",\"image\":{\"@type\":\"ImageObject\",\"inLanguage\":\"pt-BR\",\"@id\":\"https:\/\/franciscanos.org.br\/noticias\/#\/schema\/person\/image\/\",\"url\":\"https:\/\/secure.gravatar.com\/avatar\/d08aa2ce4c8dd416d4479aa8536fcf64?s=96&d=mm&r=g\",\"contentUrl\":\"https:\/\/secure.gravatar.com\/avatar\/d08aa2ce4c8dd416d4479aa8536fcf64?s=96&d=mm&r=g\",\"caption\":\"moacir\"},\"url\":\"https:\/\/franciscanos.org.br\/noticias\/author\/moacir\"}]}<\/script>\n<!-- \/ Yoast SEO plugin. -->","yoast_head_json":{"title":"Convento S\u00e3o Francisco: o \"Monte Alverne\" de 375 anos no centro de S\u00e3o Paulo - Not\u00edcias - Franciscanos","robots":{"index":"index","follow":"follow","max-snippet":"max-snippet:-1","max-image-preview":"max-image-preview:large","max-video-preview":"max-video-preview:-1"},"canonical":"https:\/\/franciscanos.org.br\/noticias\/convento-sao-francisco-o-monte-alverne-de-375-anos-no-centro-de-sao-paulo.html","og_locale":"pt_BR","og_type":"article","og_title":"Convento S\u00e3o Francisco: o \"Monte Alverne\" de 375 anos no centro de S\u00e3o Paulo - Not\u00edcias - Franciscanos","og_description":"Jubileu do Convento S\u00e3o Francisco de S\u00e3o Paulo","og_url":"https:\/\/franciscanos.org.br\/noticias\/convento-sao-francisco-o-monte-alverne-de-375-anos-no-centro-de-sao-paulo.html","og_site_name":"Not\u00edcias - Franciscanos","article_published_time":"2022-09-17T17:35:27+00:00","article_modified_time":"2022-12-31T20:36:01+00:00","og_image":[{"width":1280,"height":720,"url":"https:\/\/franciscanos.org.br\/noticias\/wp-content\/uploads\/2022\/09\/convento_1709_01.jpg","type":"image\/jpeg"}],"author":"moacir","twitter_card":"summary_large_image","twitter_misc":{"Escrito por":"moacir","Est. tempo de leitura":"11 minutos"},"schema":{"@context":"https:\/\/schema.org","@graph":[{"@type":"WebSite","@id":"https:\/\/franciscanos.org.br\/noticias\/#website","url":"https:\/\/franciscanos.org.br\/noticias\/","name":"Not\u00edcias - Franciscanos","description":"Prov\u00edncia Franciscana da Imaculada Concei\u00e7\u00e3o do Brasil - Ordem dos Frades Menores - OFM","potentialAction":[{"@type":"SearchAction","target":{"@type":"EntryPoint","urlTemplate":"https:\/\/franciscanos.org.br\/noticias\/?s={search_term_string}"},"query-input":"required name=search_term_string"}],"inLanguage":"pt-BR"},{"@type":"ImageObject","inLanguage":"pt-BR","@id":"https:\/\/franciscanos.org.br\/noticias\/convento-sao-francisco-o-monte-alverne-de-375-anos-no-centro-de-sao-paulo.html#primaryimage","url":"https:\/\/franciscanos.org.br\/noticias\/wp-content\/uploads\/2022\/09\/convento_1709_01.jpg","contentUrl":"https:\/\/franciscanos.org.br\/noticias\/wp-content\/uploads\/2022\/09\/convento_1709_01.jpg","width":1280,"height":720},{"@type":"WebPage","@id":"https:\/\/franciscanos.org.br\/noticias\/convento-sao-francisco-o-monte-alverne-de-375-anos-no-centro-de-sao-paulo.html#webpage","url":"https:\/\/franciscanos.org.br\/noticias\/convento-sao-francisco-o-monte-alverne-de-375-anos-no-centro-de-sao-paulo.html","name":"Convento S\u00e3o Francisco: o \"Monte Alverne\" de 375 anos no centro de S\u00e3o Paulo - Not\u00edcias - Franciscanos","isPartOf":{"@id":"https:\/\/franciscanos.org.br\/noticias\/#website"},"primaryImageOfPage":{"@id":"https:\/\/franciscanos.org.br\/noticias\/convento-sao-francisco-o-monte-alverne-de-375-anos-no-centro-de-sao-paulo.html#primaryimage"},"datePublished":"2022-09-17T17:35:27+00:00","dateModified":"2022-12-31T20:36:01+00:00","author":{"@id":"https:\/\/franciscanos.org.br\/noticias\/#\/schema\/person\/b5c8cba458c330ccff548b056e95a5d4"},"breadcrumb":{"@id":"https:\/\/franciscanos.org.br\/noticias\/convento-sao-francisco-o-monte-alverne-de-375-anos-no-centro-de-sao-paulo.html#breadcrumb"},"inLanguage":"pt-BR","potentialAction":[{"@type":"ReadAction","target":["https:\/\/franciscanos.org.br\/noticias\/convento-sao-francisco-o-monte-alverne-de-375-anos-no-centro-de-sao-paulo.html"]}]},{"@type":"BreadcrumbList","@id":"https:\/\/franciscanos.org.br\/noticias\/convento-sao-francisco-o-monte-alverne-de-375-anos-no-centro-de-sao-paulo.html#breadcrumb","itemListElement":[{"@type":"ListItem","position":1,"name":"Home","item":"https:\/\/franciscanos.org.br\/noticias"},{"@type":"ListItem","position":2,"name":"Convento S\u00e3o Francisco: o &#8220;Monte Alverne&#8221; de 375 anos no centro de S\u00e3o Paulo"}]},{"@type":"Person","@id":"https:\/\/franciscanos.org.br\/noticias\/#\/schema\/person\/b5c8cba458c330ccff548b056e95a5d4","name":"moacir","image":{"@type":"ImageObject","inLanguage":"pt-BR","@id":"https:\/\/franciscanos.org.br\/noticias\/#\/schema\/person\/image\/","url":"https:\/\/secure.gravatar.com\/avatar\/d08aa2ce4c8dd416d4479aa8536fcf64?s=96&d=mm&r=g","contentUrl":"https:\/\/secure.gravatar.com\/avatar\/d08aa2ce4c8dd416d4479aa8536fcf64?s=96&d=mm&r=g","caption":"moacir"},"url":"https:\/\/franciscanos.org.br\/noticias\/author\/moacir"}]}},"_links":{"self":[{"href":"https:\/\/franciscanos.org.br\/noticias\/wp-json\/wp\/v2\/posts\/239684"}],"collection":[{"href":"https:\/\/franciscanos.org.br\/noticias\/wp-json\/wp\/v2\/posts"}],"about":[{"href":"https:\/\/franciscanos.org.br\/noticias\/wp-json\/wp\/v2\/types\/post"}],"author":[{"embeddable":true,"href":"https:\/\/franciscanos.org.br\/noticias\/wp-json\/wp\/v2\/users\/3"}],"replies":[{"embeddable":true,"href":"https:\/\/franciscanos.org.br\/noticias\/wp-json\/wp\/v2\/comments?post=239684"}],"version-history":[{"count":11,"href":"https:\/\/franciscanos.org.br\/noticias\/wp-json\/wp\/v2\/posts\/239684\/revisions"}],"predecessor-version":[{"id":241472,"href":"https:\/\/franciscanos.org.br\/noticias\/wp-json\/wp\/v2\/posts\/239684\/revisions\/241472"}],"wp:featuredmedia":[{"embeddable":true,"href":"https:\/\/franciscanos.org.br\/noticias\/wp-json\/wp\/v2\/media\/239685"}],"wp:attachment":[{"href":"https:\/\/franciscanos.org.br\/noticias\/wp-json\/wp\/v2\/media?parent=239684"}],"wp:term":[{"taxonomy":"category","embeddable":true,"href":"https:\/\/franciscanos.org.br\/noticias\/wp-json\/wp\/v2\/categories?post=239684"},{"taxonomy":"post_tag","embeddable":true,"href":"https:\/\/franciscanos.org.br\/noticias\/wp-json\/wp\/v2\/tags?post=239684"}],"curies":[{"name":"wp","href":"https:\/\/api.w.org\/{rel}","templated":true}]}}