{"id":239676,"date":"2022-09-17T13:59:23","date_gmt":"2022-09-17T16:59:23","guid":{"rendered":"https:\/\/franciscanos.org.br\/noticias\/?p=239676"},"modified":"2022-09-17T13:59:23","modified_gmt":"2022-09-17T16:59:23","slug":"com-pedido-a-fraternidade-tem-inicio-o-rito-de-profissao-solene-em-petropolis","status":"publish","type":"post","link":"https:\/\/franciscanos.org.br\/noticias\/com-pedido-a-fraternidade-tem-inicio-o-rito-de-profissao-solene-em-petropolis.html","title":{"rendered":"Com pedido \u00e0 fraternidade, tem in\u00edcio o rito de Profiss\u00e3o Solene em Petr\u00f3polis"},"content":{"rendered":"<p><img loading=\"lazy\" class=\"alignnone wp-image-239677 size-full\" src=\"https:\/\/franciscanos.org.br\/noticias\/wp-content\/uploads\/2022\/09\/pedido_170922_3.jpg\" alt=\"\" width=\"1280\" height=\"720\" srcset=\"https:\/\/franciscanos.org.br\/noticias\/wp-content\/uploads\/2022\/09\/pedido_170922_3.jpg 1280w, https:\/\/franciscanos.org.br\/noticias\/wp-content\/uploads\/2022\/09\/pedido_170922_3-450x253.jpg 450w, https:\/\/franciscanos.org.br\/noticias\/wp-content\/uploads\/2022\/09\/pedido_170922_3-1024x576.jpg 1024w, https:\/\/franciscanos.org.br\/noticias\/wp-content\/uploads\/2022\/09\/pedido_170922_3-768x432.jpg 768w, https:\/\/franciscanos.org.br\/noticias\/wp-content\/uploads\/2022\/09\/pedido_170922_3-150x84.jpg 150w\" sizes=\"(max-width: 1280px) 100vw, 1280px\" \/><\/p>\n<p style=\"font-weight: 400;\"><strong>Petr\u00f3polis (RJ) \u2013<\/strong> A celebra\u00e7\u00e3o da Profiss\u00e3o Solene de dois frades da Prov\u00edncia Franciscana da Imaculada Concei\u00e7\u00e3o come\u00e7ou neste s\u00e1bado, dia 17 de setembro, dia em que a Ordem Franciscana celebra a Festa das Chagas de S\u00e3o Francisco de Assis. Durante a celebra\u00e7\u00e3o antes do almo\u00e7o, os professandos \u2013 Frei Danilo Santos Oliveira e Frei Jo\u00e3o Manoel Zechinatto \u2013 fizeram o pedido \u00e0 Fraternidade do Sagrado Cora\u00e7\u00e3o para ingressar definitivamente na Ordem dos Frades Menores e foram acolhidos com alegria e f\u00e9.<\/p>\n<p style=\"font-weight: 400;\">Os jovens frades j\u00e1 tinham sido aprovados para a profiss\u00e3o solene pelo Ministro Provincial, Frei Paulo Roberto Pereira, pelos membros do Governo Provincial e pela equipe de forma\u00e7\u00e3o do Tempo de Teologia. Mas faz parte do ritual esse pedido \u00e0 Fraternidade, que tamb\u00e9m \u00e9 sua formadora, entre eles o mestre do Tempo da Teologia, Frei Marcos Antonio de Andrade, que os acompanha mais de perto.<\/p>\n<p style=\"font-weight: 400;\">Frei Marcos que tamb\u00e9m acumula o servi\u00e7o de Definidor Provincial, iniciou este momento celebrativo dando as boas-vindas a todos os confrades, parentes e amigos dos professandos. Explicou que a profiss\u00e3o come\u00e7a com o pedido do Frei Danilo e de Frei Jo\u00e3o \u00e0 fraternidade local. \u201cAssim damos in\u00edcio ao rito da profiss\u00e3o solene\u201d, disse. Na sequ\u00eancia convidou todos para entoarem o canto Salve Mestre, de Frei Bas\u00edlio R\u00f6wer.<\/p>\n<p><img loading=\"lazy\" class=\"alignnone wp-image-239679 size-full\" src=\"https:\/\/franciscanos.org.br\/noticias\/wp-content\/uploads\/2022\/09\/pedido_170922_1.jpg\" alt=\"\" width=\"1280\" height=\"720\" srcset=\"https:\/\/franciscanos.org.br\/noticias\/wp-content\/uploads\/2022\/09\/pedido_170922_1.jpg 1280w, https:\/\/franciscanos.org.br\/noticias\/wp-content\/uploads\/2022\/09\/pedido_170922_1-450x253.jpg 450w, https:\/\/franciscanos.org.br\/noticias\/wp-content\/uploads\/2022\/09\/pedido_170922_1-1024x576.jpg 1024w, https:\/\/franciscanos.org.br\/noticias\/wp-content\/uploads\/2022\/09\/pedido_170922_1-768x432.jpg 768w, https:\/\/franciscanos.org.br\/noticias\/wp-content\/uploads\/2022\/09\/pedido_170922_1-150x84.jpg 150w\" sizes=\"(max-width: 1280px) 100vw, 1280px\" \/><\/p>\n<p style=\"font-weight: 400;\">O guardi\u00e3o, Frei Jorge Paulo Schiavini, presidiu a ora\u00e7\u00e3o e logo no in\u00edcio perguntou aos professandos: \u201cMeus irm\u00e3os, qual \u00e9 o vosso desejo?\u201d. Eles responderam juntos: \u201cReverend\u00edssimo Guardi\u00e3o e dilet\u00edssimos irm\u00e3os em Cristo, rogamos a v\u00f3s pelo amor de Deus, da bem-aventurada sempre Virgem Maria, de nosso Pai S\u00e3o Francisco, de todos os Santos, admitir-nos \u00e0 Profiss\u00e3o dos votos perp\u00e9tuos na Ordem, para fazermos penit\u00eancia, emendarmos a nossa vida e servirmos fielmente a Deus at\u00e9 a morte. Tamb\u00e9m pedimos perd\u00e3o de todas as faltas cometidas durante o tempo da prova\u00e7\u00e3o e rogamos que vos lembreis de n\u00f3s em vossas preces para que com a gra\u00e7a de Deus possamos ser fi\u00e9is ao ideal de vida franciscana que com a gra\u00e7a de Deus nos propusemos abra\u00e7ar\u201d. Eles ouviram, ent\u00e3o, a resposta: \u201cDemos gra\u00e7as a Deus!\u201d, acompanhada de uma calorosa salva de palmas.<\/p>\n<p style=\"font-weight: 400;\">\u201cHoje, voc\u00eas pedem \u00e0 Fraternidade para servir a Deus na Ordem dos Frades Menores. N\u00f3s acolhemos o vosso pedido com muita alegria e esperan\u00e7a. \u00c9 Deus que vos chamou e inspirou este pedido. Ficamos felizes que o tempo de forma\u00e7\u00e3o at\u00e9 aqui vivido tenha fortalecido a vossa vontade de assumir a forma de vida de S\u00e3o Francisco de Assis. Que voc\u00eas possam, inspirados por S\u00e3o Francisco dar muitos frutos na viv\u00eancia do Evangelho e em fraternidade\u201d, disse Frei Jorge.<\/p>\n<p><img loading=\"lazy\" class=\"alignnone wp-image-239682 size-full\" src=\"https:\/\/franciscanos.org.br\/noticias\/wp-content\/uploads\/2022\/09\/pedido_170922_5.jpg\" alt=\"\" width=\"1280\" height=\"720\" srcset=\"https:\/\/franciscanos.org.br\/noticias\/wp-content\/uploads\/2022\/09\/pedido_170922_5.jpg 1280w, https:\/\/franciscanos.org.br\/noticias\/wp-content\/uploads\/2022\/09\/pedido_170922_5-450x253.jpg 450w, https:\/\/franciscanos.org.br\/noticias\/wp-content\/uploads\/2022\/09\/pedido_170922_5-1024x576.jpg 1024w, https:\/\/franciscanos.org.br\/noticias\/wp-content\/uploads\/2022\/09\/pedido_170922_5-768x432.jpg 768w, https:\/\/franciscanos.org.br\/noticias\/wp-content\/uploads\/2022\/09\/pedido_170922_5-150x84.jpg 150w\" sizes=\"(max-width: 1280px) 100vw, 1280px\" \/><\/p>\n<p style=\"font-weight: 400;\">\u201cConvido, a nos comprometemos tamb\u00e9m todos n\u00f3s, a rezarmos uns pelos outros na perseveran\u00e7a e no caminho de Jesus Cristo. Desejo que voc\u00eas sejam felizes e se realizem no seguimento de Jesus Cristo, fazendo da vida uma doa\u00e7\u00e3o a Deus no servi\u00e7o amoroso aos irm\u00e3os e irm\u00e3s, de modo especial \u00e0s pessoas que mais sofrem. Que Deus vos aben\u00e7oe neste bom prop\u00f3sito\u201d, desejou.<\/p>\n<p style=\"font-weight: 400;\">O momento forte deste rito, ser\u00e1 logo mais neste s\u00e1bado, \u00e0s 16h15, quando esses jovens far\u00e3o o pedido definitivamente diante do Ministro Provincial, Frei Paulo Roberto Pereira, de servir a Deus e aos irm\u00e3os como frades menores por toda a vida.<\/p>\n<p style=\"font-weight: 400;\"><strong>CONHE\u00c7A OS PROFESSANDOS<\/strong><\/p>\n<p style=\"font-weight: 400;\">Frei Danilo Santos Oliveira \u00e9 natural de Itapeva (SP). Nasceu no dia 10 de julho de 1989 e vestiu o h\u00e1bito franciscano no dia 15 de janeiro de 2015. Fez sua primeira profiss\u00e3o no dia 05 de janeiro de 2016 no Noviciado S\u00e3o Jos\u00e9 de Rodeio (SC). Atualmente, Frei Danilo cursa o 3\u00ba ano de Teologia no Instituto Teol\u00f3gico Franciscano.<\/p>\n<p style=\"font-weight: 400;\">Frei Jo\u00e3o Manoel Zechinatto \u00e9 natural de Amparo (SP). Nasceu no dia 15 de dezembro de 1992 e vestiu o h\u00e1bito franciscano no dia 14 de janeiro de 2017. Fez sua primeira profiss\u00e3o no dia 08 de janeiro de 2018 no Noviciado S\u00e3o Jos\u00e9 de Rodeio (SC). Atualmente, Frei Jo\u00e3o cursa o 2\u00ba ano de Teologia no Instituto Teol\u00f3gico Franciscano.<\/p>\n<hr \/>\n<p style=\"font-weight: 400;\"><em>Frei Augusto Luiz Gabriel<\/em><\/p>\n","protected":false},"excerpt":{"rendered":"<p>Profiss\u00e3o Solene na Ordem dos Frades Menores<\/p>\n","protected":false},"author":3,"featured_media":239680,"comment_status":"open","ping_status":"open","sticky":false,"template":"","format":"standard","meta":[],"categories":[1],"tags":[190,418],"acf":[],"yoast_head":"<!-- This site is optimized with the Yoast SEO plugin v19.2 - https:\/\/yoast.com\/wordpress\/plugins\/seo\/ -->\n<title>Com pedido \u00e0 fraternidade, tem in\u00edcio o rito de Profiss\u00e3o Solene em Petr\u00f3polis - Not\u00edcias - Franciscanos<\/title>\n<meta name=\"robots\" content=\"index, follow, max-snippet:-1, max-image-preview:large, max-video-preview:-1\" \/>\n<link rel=\"canonical\" href=\"https:\/\/franciscanos.org.br\/noticias\/com-pedido-a-fraternidade-tem-inicio-o-rito-de-profissao-solene-em-petropolis.html\" \/>\n<meta property=\"og:locale\" content=\"pt_BR\" \/>\n<meta property=\"og:type\" content=\"article\" \/>\n<meta property=\"og:title\" content=\"Com pedido \u00e0 fraternidade, tem in\u00edcio o rito de Profiss\u00e3o Solene em Petr\u00f3polis - Not\u00edcias - Franciscanos\" \/>\n<meta property=\"og:description\" content=\"Profiss\u00e3o Solene na Ordem dos Frades Menores\" \/>\n<meta property=\"og:url\" content=\"https:\/\/franciscanos.org.br\/noticias\/com-pedido-a-fraternidade-tem-inicio-o-rito-de-profissao-solene-em-petropolis.html\" \/>\n<meta property=\"og:site_name\" content=\"Not\u00edcias - Franciscanos\" \/>\n<meta property=\"article:published_time\" content=\"2022-09-17T16:59:23+00:00\" \/>\n<meta property=\"og:image\" content=\"https:\/\/franciscanos.org.br\/noticias\/wp-content\/uploads\/2022\/09\/pedido_170922_4.jpg\" \/>\n\t<meta property=\"og:image:width\" content=\"800\" \/>\n\t<meta property=\"og:image:height\" content=\"600\" \/>\n\t<meta property=\"og:image:type\" content=\"image\/jpeg\" \/>\n<meta name=\"author\" content=\"moacir\" \/>\n<meta name=\"twitter:card\" content=\"summary_large_image\" \/>\n<meta name=\"twitter:label1\" content=\"Escrito por\" \/>\n\t<meta name=\"twitter:data1\" content=\"moacir\" \/>\n\t<meta name=\"twitter:label2\" content=\"Est. tempo de leitura\" \/>\n\t<meta name=\"twitter:data2\" content=\"4 minutos\" \/>\n<script type=\"application\/ld+json\" class=\"yoast-schema-graph\">{\"@context\":\"https:\/\/schema.org\",\"@graph\":[{\"@type\":\"WebSite\",\"@id\":\"https:\/\/franciscanos.org.br\/noticias\/#website\",\"url\":\"https:\/\/franciscanos.org.br\/noticias\/\",\"name\":\"Not\u00edcias - Franciscanos\",\"description\":\"Prov\u00edncia Franciscana da Imaculada Concei\u00e7\u00e3o do Brasil - Ordem dos Frades Menores - OFM\",\"potentialAction\":[{\"@type\":\"SearchAction\",\"target\":{\"@type\":\"EntryPoint\",\"urlTemplate\":\"https:\/\/franciscanos.org.br\/noticias\/?s={search_term_string}\"},\"query-input\":\"required name=search_term_string\"}],\"inLanguage\":\"pt-BR\"},{\"@type\":\"ImageObject\",\"inLanguage\":\"pt-BR\",\"@id\":\"https:\/\/franciscanos.org.br\/noticias\/com-pedido-a-fraternidade-tem-inicio-o-rito-de-profissao-solene-em-petropolis.html#primaryimage\",\"url\":\"https:\/\/franciscanos.org.br\/noticias\/wp-content\/uploads\/2022\/09\/pedido_170922_4.jpg\",\"contentUrl\":\"https:\/\/franciscanos.org.br\/noticias\/wp-content\/uploads\/2022\/09\/pedido_170922_4.jpg\",\"width\":800,\"height\":600},{\"@type\":\"WebPage\",\"@id\":\"https:\/\/franciscanos.org.br\/noticias\/com-pedido-a-fraternidade-tem-inicio-o-rito-de-profissao-solene-em-petropolis.html#webpage\",\"url\":\"https:\/\/franciscanos.org.br\/noticias\/com-pedido-a-fraternidade-tem-inicio-o-rito-de-profissao-solene-em-petropolis.html\",\"name\":\"Com pedido \u00e0 fraternidade, tem in\u00edcio o rito de Profiss\u00e3o Solene em Petr\u00f3polis - Not\u00edcias - Franciscanos\",\"isPartOf\":{\"@id\":\"https:\/\/franciscanos.org.br\/noticias\/#website\"},\"primaryImageOfPage\":{\"@id\":\"https:\/\/franciscanos.org.br\/noticias\/com-pedido-a-fraternidade-tem-inicio-o-rito-de-profissao-solene-em-petropolis.html#primaryimage\"},\"datePublished\":\"2022-09-17T16:59:23+00:00\",\"dateModified\":\"2022-09-17T16:59:23+00:00\",\"author\":{\"@id\":\"https:\/\/franciscanos.org.br\/noticias\/#\/schema\/person\/b5c8cba458c330ccff548b056e95a5d4\"},\"breadcrumb\":{\"@id\":\"https:\/\/franciscanos.org.br\/noticias\/com-pedido-a-fraternidade-tem-inicio-o-rito-de-profissao-solene-em-petropolis.html#breadcrumb\"},\"inLanguage\":\"pt-BR\",\"potentialAction\":[{\"@type\":\"ReadAction\",\"target\":[\"https:\/\/franciscanos.org.br\/noticias\/com-pedido-a-fraternidade-tem-inicio-o-rito-de-profissao-solene-em-petropolis.html\"]}]},{\"@type\":\"BreadcrumbList\",\"@id\":\"https:\/\/franciscanos.org.br\/noticias\/com-pedido-a-fraternidade-tem-inicio-o-rito-de-profissao-solene-em-petropolis.html#breadcrumb\",\"itemListElement\":[{\"@type\":\"ListItem\",\"position\":1,\"name\":\"Home\",\"item\":\"https:\/\/franciscanos.org.br\/noticias\"},{\"@type\":\"ListItem\",\"position\":2,\"name\":\"Com pedido \u00e0 fraternidade, tem in\u00edcio o rito de Profiss\u00e3o Solene em Petr\u00f3polis\"}]},{\"@type\":\"Person\",\"@id\":\"https:\/\/franciscanos.org.br\/noticias\/#\/schema\/person\/b5c8cba458c330ccff548b056e95a5d4\",\"name\":\"moacir\",\"image\":{\"@type\":\"ImageObject\",\"inLanguage\":\"pt-BR\",\"@id\":\"https:\/\/franciscanos.org.br\/noticias\/#\/schema\/person\/image\/\",\"url\":\"https:\/\/secure.gravatar.com\/avatar\/d08aa2ce4c8dd416d4479aa8536fcf64?s=96&d=mm&r=g\",\"contentUrl\":\"https:\/\/secure.gravatar.com\/avatar\/d08aa2ce4c8dd416d4479aa8536fcf64?s=96&d=mm&r=g\",\"caption\":\"moacir\"},\"url\":\"https:\/\/franciscanos.org.br\/noticias\/author\/moacir\"}]}<\/script>\n<!-- \/ Yoast SEO plugin. -->","yoast_head_json":{"title":"Com pedido \u00e0 fraternidade, tem in\u00edcio o rito de Profiss\u00e3o Solene em Petr\u00f3polis - Not\u00edcias - Franciscanos","robots":{"index":"index","follow":"follow","max-snippet":"max-snippet:-1","max-image-preview":"max-image-preview:large","max-video-preview":"max-video-preview:-1"},"canonical":"https:\/\/franciscanos.org.br\/noticias\/com-pedido-a-fraternidade-tem-inicio-o-rito-de-profissao-solene-em-petropolis.html","og_locale":"pt_BR","og_type":"article","og_title":"Com pedido \u00e0 fraternidade, tem in\u00edcio o rito de Profiss\u00e3o Solene em Petr\u00f3polis - Not\u00edcias - Franciscanos","og_description":"Profiss\u00e3o Solene na Ordem dos Frades Menores","og_url":"https:\/\/franciscanos.org.br\/noticias\/com-pedido-a-fraternidade-tem-inicio-o-rito-de-profissao-solene-em-petropolis.html","og_site_name":"Not\u00edcias - Franciscanos","article_published_time":"2022-09-17T16:59:23+00:00","og_image":[{"width":800,"height":600,"url":"https:\/\/franciscanos.org.br\/noticias\/wp-content\/uploads\/2022\/09\/pedido_170922_4.jpg","type":"image\/jpeg"}],"author":"moacir","twitter_card":"summary_large_image","twitter_misc":{"Escrito por":"moacir","Est. tempo de leitura":"4 minutos"},"schema":{"@context":"https:\/\/schema.org","@graph":[{"@type":"WebSite","@id":"https:\/\/franciscanos.org.br\/noticias\/#website","url":"https:\/\/franciscanos.org.br\/noticias\/","name":"Not\u00edcias - Franciscanos","description":"Prov\u00edncia Franciscana da Imaculada Concei\u00e7\u00e3o do Brasil - Ordem dos Frades Menores - OFM","potentialAction":[{"@type":"SearchAction","target":{"@type":"EntryPoint","urlTemplate":"https:\/\/franciscanos.org.br\/noticias\/?s={search_term_string}"},"query-input":"required name=search_term_string"}],"inLanguage":"pt-BR"},{"@type":"ImageObject","inLanguage":"pt-BR","@id":"https:\/\/franciscanos.org.br\/noticias\/com-pedido-a-fraternidade-tem-inicio-o-rito-de-profissao-solene-em-petropolis.html#primaryimage","url":"https:\/\/franciscanos.org.br\/noticias\/wp-content\/uploads\/2022\/09\/pedido_170922_4.jpg","contentUrl":"https:\/\/franciscanos.org.br\/noticias\/wp-content\/uploads\/2022\/09\/pedido_170922_4.jpg","width":800,"height":600},{"@type":"WebPage","@id":"https:\/\/franciscanos.org.br\/noticias\/com-pedido-a-fraternidade-tem-inicio-o-rito-de-profissao-solene-em-petropolis.html#webpage","url":"https:\/\/franciscanos.org.br\/noticias\/com-pedido-a-fraternidade-tem-inicio-o-rito-de-profissao-solene-em-petropolis.html","name":"Com pedido \u00e0 fraternidade, tem in\u00edcio o rito de Profiss\u00e3o Solene em Petr\u00f3polis - Not\u00edcias - Franciscanos","isPartOf":{"@id":"https:\/\/franciscanos.org.br\/noticias\/#website"},"primaryImageOfPage":{"@id":"https:\/\/franciscanos.org.br\/noticias\/com-pedido-a-fraternidade-tem-inicio-o-rito-de-profissao-solene-em-petropolis.html#primaryimage"},"datePublished":"2022-09-17T16:59:23+00:00","dateModified":"2022-09-17T16:59:23+00:00","author":{"@id":"https:\/\/franciscanos.org.br\/noticias\/#\/schema\/person\/b5c8cba458c330ccff548b056e95a5d4"},"breadcrumb":{"@id":"https:\/\/franciscanos.org.br\/noticias\/com-pedido-a-fraternidade-tem-inicio-o-rito-de-profissao-solene-em-petropolis.html#breadcrumb"},"inLanguage":"pt-BR","potentialAction":[{"@type":"ReadAction","target":["https:\/\/franciscanos.org.br\/noticias\/com-pedido-a-fraternidade-tem-inicio-o-rito-de-profissao-solene-em-petropolis.html"]}]},{"@type":"BreadcrumbList","@id":"https:\/\/franciscanos.org.br\/noticias\/com-pedido-a-fraternidade-tem-inicio-o-rito-de-profissao-solene-em-petropolis.html#breadcrumb","itemListElement":[{"@type":"ListItem","position":1,"name":"Home","item":"https:\/\/franciscanos.org.br\/noticias"},{"@type":"ListItem","position":2,"name":"Com pedido \u00e0 fraternidade, tem in\u00edcio o rito de Profiss\u00e3o Solene em Petr\u00f3polis"}]},{"@type":"Person","@id":"https:\/\/franciscanos.org.br\/noticias\/#\/schema\/person\/b5c8cba458c330ccff548b056e95a5d4","name":"moacir","image":{"@type":"ImageObject","inLanguage":"pt-BR","@id":"https:\/\/franciscanos.org.br\/noticias\/#\/schema\/person\/image\/","url":"https:\/\/secure.gravatar.com\/avatar\/d08aa2ce4c8dd416d4479aa8536fcf64?s=96&d=mm&r=g","contentUrl":"https:\/\/secure.gravatar.com\/avatar\/d08aa2ce4c8dd416d4479aa8536fcf64?s=96&d=mm&r=g","caption":"moacir"},"url":"https:\/\/franciscanos.org.br\/noticias\/author\/moacir"}]}},"_links":{"self":[{"href":"https:\/\/franciscanos.org.br\/noticias\/wp-json\/wp\/v2\/posts\/239676"}],"collection":[{"href":"https:\/\/franciscanos.org.br\/noticias\/wp-json\/wp\/v2\/posts"}],"about":[{"href":"https:\/\/franciscanos.org.br\/noticias\/wp-json\/wp\/v2\/types\/post"}],"author":[{"embeddable":true,"href":"https:\/\/franciscanos.org.br\/noticias\/wp-json\/wp\/v2\/users\/3"}],"replies":[{"embeddable":true,"href":"https:\/\/franciscanos.org.br\/noticias\/wp-json\/wp\/v2\/comments?post=239676"}],"version-history":[{"count":2,"href":"https:\/\/franciscanos.org.br\/noticias\/wp-json\/wp\/v2\/posts\/239676\/revisions"}],"predecessor-version":[{"id":239683,"href":"https:\/\/franciscanos.org.br\/noticias\/wp-json\/wp\/v2\/posts\/239676\/revisions\/239683"}],"wp:featuredmedia":[{"embeddable":true,"href":"https:\/\/franciscanos.org.br\/noticias\/wp-json\/wp\/v2\/media\/239680"}],"wp:attachment":[{"href":"https:\/\/franciscanos.org.br\/noticias\/wp-json\/wp\/v2\/media?parent=239676"}],"wp:term":[{"taxonomy":"category","embeddable":true,"href":"https:\/\/franciscanos.org.br\/noticias\/wp-json\/wp\/v2\/categories?post=239676"},{"taxonomy":"post_tag","embeddable":true,"href":"https:\/\/franciscanos.org.br\/noticias\/wp-json\/wp\/v2\/tags?post=239676"}],"curies":[{"name":"wp","href":"https:\/\/api.w.org\/{rel}","templated":true}]}}