{"id":239623,"date":"2022-09-12T10:52:20","date_gmt":"2022-09-12T13:52:20","guid":{"rendered":"https:\/\/franciscanos.org.br\/noticias\/?p=239623"},"modified":"2022-09-12T10:52:20","modified_gmt":"2022-09-12T13:52:20","slug":"usf-e-prefeitura-de-itatiba-promovem-xv-passeio-ciclistico-da-primavera","status":"publish","type":"post","link":"https:\/\/franciscanos.org.br\/noticias\/usf-e-prefeitura-de-itatiba-promovem-xv-passeio-ciclistico-da-primavera.html","title":{"rendered":"USF e Prefeitura de Itatiba promovem XV Passeio Cicl\u00edstico da Primavera\u00a0"},"content":{"rendered":"<p><img loading=\"lazy\" class=\"alignnone size-full wp-image-239624\" src=\"https:\/\/franciscanos.org.br\/noticias\/wp-content\/uploads\/2022\/09\/usf_12.jpg\" alt=\"\" width=\"960\" height=\"540\" srcset=\"https:\/\/franciscanos.org.br\/noticias\/wp-content\/uploads\/2022\/09\/usf_12.jpg 960w, https:\/\/franciscanos.org.br\/noticias\/wp-content\/uploads\/2022\/09\/usf_12-450x253.jpg 450w, https:\/\/franciscanos.org.br\/noticias\/wp-content\/uploads\/2022\/09\/usf_12-768x432.jpg 768w, https:\/\/franciscanos.org.br\/noticias\/wp-content\/uploads\/2022\/09\/usf_12-150x84.jpg 150w\" sizes=\"(max-width: 960px) 100vw, 960px\" \/><\/p>\n<p dir=\"ltr\">A Universidade S\u00e3o Francisco (USF) promove no dia 18 de setembro (domingo) o XV Passeio Cicl\u00edstico da Primavera da USF, no Parque Lu\u00eds Latorre em Itatiba. As atividades ter\u00e3o in\u00edcio a partir das 8h, no estacionamento JundPark. O evento \u00e9 promovido em parceria com a Prefeitura de Itatiba.<\/p>\n<p dir=\"ltr\">Para realizar a inscri\u00e7\u00e3o \u00e9 necess\u00e1rio doar 1kg de alimento n\u00e3o perec\u00edvel e preencher a ficha de inscri\u00e7\u00e3o (ambos devem ser entregues somente no dia do evento). As fichas est\u00e3o dispon\u00edveis nas lojas: Ciclo Itatiba, A10 Bike, Bike Croys, Edu Bikes, Oficina da Bike e USF e tamb\u00e9m no dia do evento.<\/p>\n<p dir=\"ltr\">No dia ainda haver\u00e1 o sorteio de uma bicicleta e os 200 primeiros inscritos ganhar\u00e3o a camiseta do evento. Para o diretor do C\u00e2mpus Itatiba, professor Renato Adriano Pezenti, a retomada do Passeio Cicl\u00edstico permite o envolvimento de toda a popula\u00e7\u00e3o de Itatiba junto \u00e0 Universidade. \u201cA relev\u00e2ncia desse passeio se deve a tr\u00eas grandes causas: o incentivo ao movimento e \u00e0 vida saud\u00e1vel; a intera\u00e7\u00e3o com o espa\u00e7o p\u00fablico da cidade onde vivemos e convivemos e\u00a0 a experi\u00eancia de intera\u00e7\u00e3o coletiva. A USF entende que o movimento, a intera\u00e7\u00e3o coletiva e participa\u00e7\u00e3o com o espa\u00e7o da cidade s\u00e3o importantes valores cidad\u00e3os e tamb\u00e9m retratam a miss\u00e3o da institui\u00e7\u00e3o na cidade de Itatiba\u201d, explicou o Diretor.<\/p>\n<p dir=\"ltr\">O retorno do Parque \u00e0 Universidade est\u00e1 previsto para \u00e0s 10h30.<\/p>\n<p dir=\"ltr\"><strong>Informa\u00e7\u00f5es<\/strong><\/p>\n<p dir=\"ltr\">Concentra\u00e7\u00e3o ser\u00e1 \u00e0s 8h no estacionamento JundPark ( Rua Jos\u00e9 Edson Rela s\/n).<\/p>\n<p dir=\"ltr\">A sa\u00edda est\u00e1 prevista para \u00e0s 08h30<\/p>\n<hr \/>\n<div dir=\"ltr\" data-smartmail=\"gmail_signature\">\n<div dir=\"ltr\">\n<div dir=\"ltr\">\n<div dir=\"ltr\">\n<div dir=\"ltr\">\n<p><em>Ana Paula Moreira<\/em><\/p>\n<\/div>\n<\/div>\n<\/div>\n<\/div>\n<\/div>\n","protected":false},"excerpt":{"rendered":"<p>Universidade S\u00e3o Francisco<\/p>\n","protected":false},"author":3,"featured_media":239624,"comment_status":"open","ping_status":"open","sticky":false,"template":"","format":"standard","meta":[],"categories":[1],"tags":[354],"acf":[],"yoast_head":"<!-- This site is optimized with the Yoast SEO plugin v19.2 - https:\/\/yoast.com\/wordpress\/plugins\/seo\/ -->\n<title>USF e Prefeitura de Itatiba promovem XV Passeio Cicl\u00edstico da Primavera\u00a0 - Not\u00edcias - Franciscanos<\/title>\n<meta name=\"robots\" content=\"index, follow, max-snippet:-1, max-image-preview:large, max-video-preview:-1\" \/>\n<link rel=\"canonical\" href=\"https:\/\/franciscanos.org.br\/noticias\/usf-e-prefeitura-de-itatiba-promovem-xv-passeio-ciclistico-da-primavera.html\" \/>\n<meta property=\"og:locale\" content=\"pt_BR\" \/>\n<meta property=\"og:type\" content=\"article\" \/>\n<meta property=\"og:title\" content=\"USF e Prefeitura de Itatiba promovem XV Passeio Cicl\u00edstico da Primavera\u00a0 - Not\u00edcias - Franciscanos\" \/>\n<meta property=\"og:description\" content=\"Universidade S\u00e3o Francisco\" \/>\n<meta property=\"og:url\" content=\"https:\/\/franciscanos.org.br\/noticias\/usf-e-prefeitura-de-itatiba-promovem-xv-passeio-ciclistico-da-primavera.html\" \/>\n<meta property=\"og:site_name\" content=\"Not\u00edcias - Franciscanos\" \/>\n<meta property=\"article:published_time\" content=\"2022-09-12T13:52:20+00:00\" \/>\n<meta property=\"og:image\" content=\"https:\/\/franciscanos.org.br\/noticias\/wp-content\/uploads\/2022\/09\/usf_12.jpg\" \/>\n\t<meta property=\"og:image:width\" content=\"960\" \/>\n\t<meta property=\"og:image:height\" content=\"540\" \/>\n\t<meta property=\"og:image:type\" content=\"image\/jpeg\" \/>\n<meta name=\"author\" content=\"moacir\" \/>\n<meta name=\"twitter:card\" content=\"summary_large_image\" \/>\n<meta name=\"twitter:label1\" content=\"Escrito por\" \/>\n\t<meta name=\"twitter:data1\" content=\"moacir\" \/>\n\t<meta name=\"twitter:label2\" content=\"Est. tempo de leitura\" \/>\n\t<meta name=\"twitter:data2\" content=\"1 minuto\" \/>\n<script type=\"application\/ld+json\" class=\"yoast-schema-graph\">{\"@context\":\"https:\/\/schema.org\",\"@graph\":[{\"@type\":\"WebSite\",\"@id\":\"https:\/\/franciscanos.org.br\/noticias\/#website\",\"url\":\"https:\/\/franciscanos.org.br\/noticias\/\",\"name\":\"Not\u00edcias - Franciscanos\",\"description\":\"Prov\u00edncia Franciscana da Imaculada Concei\u00e7\u00e3o do Brasil - Ordem dos Frades Menores - OFM\",\"potentialAction\":[{\"@type\":\"SearchAction\",\"target\":{\"@type\":\"EntryPoint\",\"urlTemplate\":\"https:\/\/franciscanos.org.br\/noticias\/?s={search_term_string}\"},\"query-input\":\"required name=search_term_string\"}],\"inLanguage\":\"pt-BR\"},{\"@type\":\"ImageObject\",\"inLanguage\":\"pt-BR\",\"@id\":\"https:\/\/franciscanos.org.br\/noticias\/usf-e-prefeitura-de-itatiba-promovem-xv-passeio-ciclistico-da-primavera.html#primaryimage\",\"url\":\"https:\/\/franciscanos.org.br\/noticias\/wp-content\/uploads\/2022\/09\/usf_12.jpg\",\"contentUrl\":\"https:\/\/franciscanos.org.br\/noticias\/wp-content\/uploads\/2022\/09\/usf_12.jpg\",\"width\":960,\"height\":540},{\"@type\":\"WebPage\",\"@id\":\"https:\/\/franciscanos.org.br\/noticias\/usf-e-prefeitura-de-itatiba-promovem-xv-passeio-ciclistico-da-primavera.html#webpage\",\"url\":\"https:\/\/franciscanos.org.br\/noticias\/usf-e-prefeitura-de-itatiba-promovem-xv-passeio-ciclistico-da-primavera.html\",\"name\":\"USF e Prefeitura de Itatiba promovem XV Passeio Cicl\u00edstico da Primavera\u00a0 - Not\u00edcias - Franciscanos\",\"isPartOf\":{\"@id\":\"https:\/\/franciscanos.org.br\/noticias\/#website\"},\"primaryImageOfPage\":{\"@id\":\"https:\/\/franciscanos.org.br\/noticias\/usf-e-prefeitura-de-itatiba-promovem-xv-passeio-ciclistico-da-primavera.html#primaryimage\"},\"datePublished\":\"2022-09-12T13:52:20+00:00\",\"dateModified\":\"2022-09-12T13:52:20+00:00\",\"author\":{\"@id\":\"https:\/\/franciscanos.org.br\/noticias\/#\/schema\/person\/b5c8cba458c330ccff548b056e95a5d4\"},\"breadcrumb\":{\"@id\":\"https:\/\/franciscanos.org.br\/noticias\/usf-e-prefeitura-de-itatiba-promovem-xv-passeio-ciclistico-da-primavera.html#breadcrumb\"},\"inLanguage\":\"pt-BR\",\"potentialAction\":[{\"@type\":\"ReadAction\",\"target\":[\"https:\/\/franciscanos.org.br\/noticias\/usf-e-prefeitura-de-itatiba-promovem-xv-passeio-ciclistico-da-primavera.html\"]}]},{\"@type\":\"BreadcrumbList\",\"@id\":\"https:\/\/franciscanos.org.br\/noticias\/usf-e-prefeitura-de-itatiba-promovem-xv-passeio-ciclistico-da-primavera.html#breadcrumb\",\"itemListElement\":[{\"@type\":\"ListItem\",\"position\":1,\"name\":\"Home\",\"item\":\"https:\/\/franciscanos.org.br\/noticias\"},{\"@type\":\"ListItem\",\"position\":2,\"name\":\"USF e Prefeitura de Itatiba promovem XV Passeio Cicl\u00edstico da Primavera\u00a0\"}]},{\"@type\":\"Person\",\"@id\":\"https:\/\/franciscanos.org.br\/noticias\/#\/schema\/person\/b5c8cba458c330ccff548b056e95a5d4\",\"name\":\"moacir\",\"image\":{\"@type\":\"ImageObject\",\"inLanguage\":\"pt-BR\",\"@id\":\"https:\/\/franciscanos.org.br\/noticias\/#\/schema\/person\/image\/\",\"url\":\"https:\/\/secure.gravatar.com\/avatar\/d08aa2ce4c8dd416d4479aa8536fcf64?s=96&d=mm&r=g\",\"contentUrl\":\"https:\/\/secure.gravatar.com\/avatar\/d08aa2ce4c8dd416d4479aa8536fcf64?s=96&d=mm&r=g\",\"caption\":\"moacir\"},\"url\":\"https:\/\/franciscanos.org.br\/noticias\/author\/moacir\"}]}<\/script>\n<!-- \/ Yoast SEO plugin. -->","yoast_head_json":{"title":"USF e Prefeitura de Itatiba promovem XV Passeio Cicl\u00edstico da Primavera\u00a0 - Not\u00edcias - Franciscanos","robots":{"index":"index","follow":"follow","max-snippet":"max-snippet:-1","max-image-preview":"max-image-preview:large","max-video-preview":"max-video-preview:-1"},"canonical":"https:\/\/franciscanos.org.br\/noticias\/usf-e-prefeitura-de-itatiba-promovem-xv-passeio-ciclistico-da-primavera.html","og_locale":"pt_BR","og_type":"article","og_title":"USF e Prefeitura de Itatiba promovem XV Passeio Cicl\u00edstico da Primavera\u00a0 - Not\u00edcias - Franciscanos","og_description":"Universidade S\u00e3o Francisco","og_url":"https:\/\/franciscanos.org.br\/noticias\/usf-e-prefeitura-de-itatiba-promovem-xv-passeio-ciclistico-da-primavera.html","og_site_name":"Not\u00edcias - Franciscanos","article_published_time":"2022-09-12T13:52:20+00:00","og_image":[{"width":960,"height":540,"url":"https:\/\/franciscanos.org.br\/noticias\/wp-content\/uploads\/2022\/09\/usf_12.jpg","type":"image\/jpeg"}],"author":"moacir","twitter_card":"summary_large_image","twitter_misc":{"Escrito por":"moacir","Est. tempo de leitura":"1 minuto"},"schema":{"@context":"https:\/\/schema.org","@graph":[{"@type":"WebSite","@id":"https:\/\/franciscanos.org.br\/noticias\/#website","url":"https:\/\/franciscanos.org.br\/noticias\/","name":"Not\u00edcias - Franciscanos","description":"Prov\u00edncia Franciscana da Imaculada Concei\u00e7\u00e3o do Brasil - Ordem dos Frades Menores - OFM","potentialAction":[{"@type":"SearchAction","target":{"@type":"EntryPoint","urlTemplate":"https:\/\/franciscanos.org.br\/noticias\/?s={search_term_string}"},"query-input":"required name=search_term_string"}],"inLanguage":"pt-BR"},{"@type":"ImageObject","inLanguage":"pt-BR","@id":"https:\/\/franciscanos.org.br\/noticias\/usf-e-prefeitura-de-itatiba-promovem-xv-passeio-ciclistico-da-primavera.html#primaryimage","url":"https:\/\/franciscanos.org.br\/noticias\/wp-content\/uploads\/2022\/09\/usf_12.jpg","contentUrl":"https:\/\/franciscanos.org.br\/noticias\/wp-content\/uploads\/2022\/09\/usf_12.jpg","width":960,"height":540},{"@type":"WebPage","@id":"https:\/\/franciscanos.org.br\/noticias\/usf-e-prefeitura-de-itatiba-promovem-xv-passeio-ciclistico-da-primavera.html#webpage","url":"https:\/\/franciscanos.org.br\/noticias\/usf-e-prefeitura-de-itatiba-promovem-xv-passeio-ciclistico-da-primavera.html","name":"USF e Prefeitura de Itatiba promovem XV Passeio Cicl\u00edstico da Primavera\u00a0 - Not\u00edcias - Franciscanos","isPartOf":{"@id":"https:\/\/franciscanos.org.br\/noticias\/#website"},"primaryImageOfPage":{"@id":"https:\/\/franciscanos.org.br\/noticias\/usf-e-prefeitura-de-itatiba-promovem-xv-passeio-ciclistico-da-primavera.html#primaryimage"},"datePublished":"2022-09-12T13:52:20+00:00","dateModified":"2022-09-12T13:52:20+00:00","author":{"@id":"https:\/\/franciscanos.org.br\/noticias\/#\/schema\/person\/b5c8cba458c330ccff548b056e95a5d4"},"breadcrumb":{"@id":"https:\/\/franciscanos.org.br\/noticias\/usf-e-prefeitura-de-itatiba-promovem-xv-passeio-ciclistico-da-primavera.html#breadcrumb"},"inLanguage":"pt-BR","potentialAction":[{"@type":"ReadAction","target":["https:\/\/franciscanos.org.br\/noticias\/usf-e-prefeitura-de-itatiba-promovem-xv-passeio-ciclistico-da-primavera.html"]}]},{"@type":"BreadcrumbList","@id":"https:\/\/franciscanos.org.br\/noticias\/usf-e-prefeitura-de-itatiba-promovem-xv-passeio-ciclistico-da-primavera.html#breadcrumb","itemListElement":[{"@type":"ListItem","position":1,"name":"Home","item":"https:\/\/franciscanos.org.br\/noticias"},{"@type":"ListItem","position":2,"name":"USF e Prefeitura de Itatiba promovem XV Passeio Cicl\u00edstico da Primavera\u00a0"}]},{"@type":"Person","@id":"https:\/\/franciscanos.org.br\/noticias\/#\/schema\/person\/b5c8cba458c330ccff548b056e95a5d4","name":"moacir","image":{"@type":"ImageObject","inLanguage":"pt-BR","@id":"https:\/\/franciscanos.org.br\/noticias\/#\/schema\/person\/image\/","url":"https:\/\/secure.gravatar.com\/avatar\/d08aa2ce4c8dd416d4479aa8536fcf64?s=96&d=mm&r=g","contentUrl":"https:\/\/secure.gravatar.com\/avatar\/d08aa2ce4c8dd416d4479aa8536fcf64?s=96&d=mm&r=g","caption":"moacir"},"url":"https:\/\/franciscanos.org.br\/noticias\/author\/moacir"}]}},"_links":{"self":[{"href":"https:\/\/franciscanos.org.br\/noticias\/wp-json\/wp\/v2\/posts\/239623"}],"collection":[{"href":"https:\/\/franciscanos.org.br\/noticias\/wp-json\/wp\/v2\/posts"}],"about":[{"href":"https:\/\/franciscanos.org.br\/noticias\/wp-json\/wp\/v2\/types\/post"}],"author":[{"embeddable":true,"href":"https:\/\/franciscanos.org.br\/noticias\/wp-json\/wp\/v2\/users\/3"}],"replies":[{"embeddable":true,"href":"https:\/\/franciscanos.org.br\/noticias\/wp-json\/wp\/v2\/comments?post=239623"}],"version-history":[{"count":1,"href":"https:\/\/franciscanos.org.br\/noticias\/wp-json\/wp\/v2\/posts\/239623\/revisions"}],"predecessor-version":[{"id":239625,"href":"https:\/\/franciscanos.org.br\/noticias\/wp-json\/wp\/v2\/posts\/239623\/revisions\/239625"}],"wp:featuredmedia":[{"embeddable":true,"href":"https:\/\/franciscanos.org.br\/noticias\/wp-json\/wp\/v2\/media\/239624"}],"wp:attachment":[{"href":"https:\/\/franciscanos.org.br\/noticias\/wp-json\/wp\/v2\/media?parent=239623"}],"wp:term":[{"taxonomy":"category","embeddable":true,"href":"https:\/\/franciscanos.org.br\/noticias\/wp-json\/wp\/v2\/categories?post=239623"},{"taxonomy":"post_tag","embeddable":true,"href":"https:\/\/franciscanos.org.br\/noticias\/wp-json\/wp\/v2\/tags?post=239623"}],"curies":[{"name":"wp","href":"https:\/\/api.w.org\/{rel}","templated":true}]}}