{"id":239617,"date":"2022-09-12T10:08:45","date_gmt":"2022-09-12T13:08:45","guid":{"rendered":"https:\/\/franciscanos.org.br\/noticias\/?p=239617"},"modified":"2022-09-16T11:48:41","modified_gmt":"2022-09-16T14:48:41","slug":"frei-danilo-e-frei-joao-fazem-a-profissao-solene-neste-sabado","status":"publish","type":"post","link":"https:\/\/franciscanos.org.br\/noticias\/frei-danilo-e-frei-joao-fazem-a-profissao-solene-neste-sabado.html","title":{"rendered":"Frei Danilo e Frei Jo\u00e3o fazem a Profiss\u00e3o Solene neste s\u00e1bado"},"content":{"rendered":"<p><img loading=\"lazy\" class=\"alignnone wp-image-239660 size-full\" src=\"https:\/\/franciscanos.org.br\/noticias\/wp-content\/uploads\/2022\/09\/solene_170922.jpg\" alt=\"\" width=\"1280\" height=\"800\" srcset=\"https:\/\/franciscanos.org.br\/noticias\/wp-content\/uploads\/2022\/09\/solene_170922.jpg 1280w, https:\/\/franciscanos.org.br\/noticias\/wp-content\/uploads\/2022\/09\/solene_170922-450x281.jpg 450w, https:\/\/franciscanos.org.br\/noticias\/wp-content\/uploads\/2022\/09\/solene_170922-1024x640.jpg 1024w, https:\/\/franciscanos.org.br\/noticias\/wp-content\/uploads\/2022\/09\/solene_170922-768x480.jpg 768w, https:\/\/franciscanos.org.br\/noticias\/wp-content\/uploads\/2022\/09\/solene_170922-150x94.jpg 150w\" sizes=\"(max-width: 1280px) 100vw, 1280px\" \/><\/p>\n<p>Como tradicionalmente acontece h\u00e1 mais de cem anos, a Igreja do Sagrado Cora\u00e7\u00e3o de Jesus de Petr\u00f3polis (RJ) vai ser testemunha da Profiss\u00e3o Solene de dois frades da Prov\u00edncia Franciscana da Imaculada Concei\u00e7\u00e3o do Brasil, neste s\u00e1bado (17\/09), Festa das Chagas de S\u00e3o Francisco.<\/p>\n<p>Este momento solene para a Ordem dos Frades Menores se dar\u00e1 durante Celebra\u00e7\u00e3o Eucar\u00edstica, \u00e0s 16h15, presidida pelo Ministro Provincial Frei Paulo Roberto Pereira.<\/p>\n<p>Os futuros professos s\u00e3o os jovens Frei Danilo Santos Oliveira e Jo\u00e3o Manoel Zechinatto. Eles escolheram como lema da profiss\u00e3o um vers\u00edculo do livro de <em>Fioretti<\/em> das Fontes Franciscanas: <em>\u201cGrandes coisas prometemos a Deus, mas muito maiores Deus nos prometeu\u201d.<\/em><\/p>\n<p>Cada um dos dois frades far\u00e3o a profiss\u00e3o, comprometendo-se seguir Jesus Cristo e observando os conselhos evang\u00e9licos: \u201cPara louvor e gl\u00f3ria da Sant\u00edssima Trindade, eu, frei\u2026 tendo o Senhor me dado a gra\u00e7a de seguir mais de perto o Evangelho e os passos de Nosso Senhor Jesus Cristo, em tuas m\u00e3os, Frei Paulo Roberto Pereira, com firme f\u00e9 e vontade, fa\u00e7o voto a Deus, Pai santo e todo-poderoso, de viver por todo o tempo de minha vida, em obedi\u00eancia, sem nada de pr\u00f3prio e em castidade. Ao mesmo tempo, professo a vida e a Regra dos Frades Menores, confirmada pelo Papa Hon\u00f3rio, e prometo observ\u00e1-la fielmente segundo as Constitui\u00e7\u00f5es da Ordem dos Frades Menores. Entrego-me, pois, de todo o cora\u00e7\u00e3o a esta Fraternidade, para que, pela a\u00e7\u00e3o eficaz do Esp\u00edrito Santo, guiado pelo exemplo de Maria Imaculada, por intercess\u00e3o de nosso Pai S\u00e3o Francisco e de todos os santos, e com a ajuda fraterna de todos, eu possa tender constantemente para a perfeita caridade, no servi\u00e7o a Deus, \u00e0 Igreja e aos homens\u201d.<\/p>\n<p>\u201cNa verdade, \u00e9 uma profiss\u00e3o p\u00fablica, de um compromisso de buscar seguir mais de perto a Jesus Cristo, observando os conselhos evang\u00e9licos, de viver por todo o tempo da vida sem nada de pr\u00f3prio, em obedi\u00eancia e em castidade. E isso se d\u00e1 ap\u00f3s um percurso de vida que come\u00e7a com a consagra\u00e7\u00e3o batismal, passando pelo discernimento vocacional, as etapas da forma\u00e7\u00e3o inicial na Ordem (postulantado, noviciado e profiss\u00e3o tempor\u00e1ria) at\u00e9 o frade, de livre e espont\u00e2nea vontade, com gestos vis\u00edveis, se entregar definitivamente \u00e0 Fraternidade Provincial\u201d, explica o mestre Frei Marcos Ant\u00f4nio de Andrade.<\/p>\n<p>O rito da profiss\u00e3o perp\u00e9tua celebra-se dentro da Missa, com a devida solenidade e a participa\u00e7\u00e3o da comunidade. Depois da leitura do Evangelho, come\u00e7a-se o rito na seguinte ordem: chamado do professando; apresenta\u00e7\u00e3o de sua trajet\u00f3ria vocacional; di\u00e1logo com o celebrante; homilia; prostra\u00e7\u00e3o e Ladainha de Todos os Santos; profiss\u00e3o dos votos e b\u00ean\u00e7\u00e3o aos professandos.<\/p>\n<p>A Profiss\u00e3o Solene \u00e9 o ponto culminante de uma caminhada formativa amadurecida na f\u00e9, no discernimento e na resposta generosa que se d\u00e1 a uma proposta de inspira\u00e7\u00e3o divina.<\/p>\n<hr \/>\n<h1 style=\"text-align: center;\">Mensagem do Ministro Provincial<\/h1>\n<h1 style=\"text-align: center;\">aos Frades da Profiss\u00e3o Solene<\/h1>\n<p><em>\u201cGrandes coisas prometemos a Deus, mas muito maiores Deus nos prometeu\u201d (Fior 18).<\/em><\/p>\n<p style=\"padding-left: 40px;\">Caro confrades,<br \/>\nFrei Danilo Santos Oliveira, OFM,\u00a0 \u00a0e Frei Jo\u00e3o Manoel Zechinatto, OFM<br \/>\nQue o Senhor lhes conceda a paz!<\/p>\n<p>\u00c9 com esp\u00edrito de grande alegria e gratid\u00e3o a Deus que escrevo estas palavras a voc\u00ea, meu irm\u00e3o, que se encontra prestes a confirmar a resposta de generosa entrega e amor \u00c0quele que o chamou, apresentada pela primeira vez ao final do ano da gra\u00e7a e prova\u00e7\u00e3o do Noviciado. Sim, pois \u00e9 disto que se trata a Profiss\u00e3o Solene: a manifesta\u00e7\u00e3o expl\u00edcita do desejo de levar a termo a decis\u00e3o feita no dia de sua Primeira Profiss\u00e3o.<\/p>\n<p>Aprofundando-nos na teologia da Vida Consagrada, compreendemos que Deus, por primeiro, ofereceu-se a cada um de n\u00f3s, chamando-nos a esta vida e concedendo-nos a gra\u00e7a de poder viv\u00ea-la, capacitando-nos a uma perfeita entrega e despojamento da ambi\u00e7\u00e3o do ter, dispondo-nos \u00e0 fidelidade e ao amor casto, para podermos buscar e cumprir a vontade de salva\u00e7\u00e3o do Pai onde e junto a quem nossa Ordem nos enviar.<\/p>\n<p>No lema escolhido por voc\u00eas est\u00e1 expressa esta mesma consci\u00eancia de que seus votos s\u00e3o resposta, nunca equivalente na grandeza, mas validada no amor poss\u00edvel que voc\u00eas s\u00e3o capazes de lhe oferecer. Deus promete a todos o seu Reino marcado pela caridade e reconhecimento da grande Fraternidade na qual nos reuniu. Deus nos promete a salva\u00e7\u00e3o, infundindo em n\u00f3s seus dons divinos que completam em n\u00f3s aquilo que nos falta e nos permitem oferecer os frutos de justi\u00e7a e bondade ao mundo, sinais do seu amor. Deus nos prometeu o c\u00eantuplo do que lhe entregamos, parte j\u00e1 aqui experimentada na vida fraterna, na contempla\u00e7\u00e3o, no servi\u00e7o aos irm\u00e3os e na miss\u00e3o, mas que ser\u00e1 plenamente vivida na eternidade.<\/p>\n<p>Seja, portanto, caro confrade, generoso na busca por bem viver sua vida religiosa franciscana. Conte com minhas ora\u00e7\u00f5es e apoio, assim como de todo o Definit\u00f3rio Provincial, para aquilo que lhe for necess\u00e1rio, pois somos todos companheiros de uma mesma caminhada, destinat\u00e1rios da mesma promessa. Digo-lhe isso, porque n\u00f3s, a Prov\u00edncia que recebe seus votos a Deus na Ordem dos Frades Menores, tamb\u00e9m contamos com voc\u00ea na miss\u00e3o a n\u00f3s confiada.<\/p>\n<p>Que S\u00e3o Francisco e Santa Clara de Assis intercedam continuamente ao Pai por seu santo prop\u00f3sito!<\/p>\n<p><strong>Frei Paulo Roberto Pereira, OFM<\/strong><br \/>\n<em>Ministro Provincial<\/em><\/p>\n<p><img loading=\"lazy\" class=\"alignnone size-full wp-image-239652\" src=\"https:\/\/franciscanos.org.br\/noticias\/wp-content\/uploads\/2022\/09\/convite_profissao_1209.jpg\" alt=\"\" width=\"1280\" height=\"720\" srcset=\"https:\/\/franciscanos.org.br\/noticias\/wp-content\/uploads\/2022\/09\/convite_profissao_1209.jpg 1280w, https:\/\/franciscanos.org.br\/noticias\/wp-content\/uploads\/2022\/09\/convite_profissao_1209-450x253.jpg 450w, https:\/\/franciscanos.org.br\/noticias\/wp-content\/uploads\/2022\/09\/convite_profissao_1209-1024x576.jpg 1024w, https:\/\/franciscanos.org.br\/noticias\/wp-content\/uploads\/2022\/09\/convite_profissao_1209-768x432.jpg 768w, https:\/\/franciscanos.org.br\/noticias\/wp-content\/uploads\/2022\/09\/convite_profissao_1209-150x84.jpg 150w\" sizes=\"(max-width: 1280px) 100vw, 1280px\" \/><\/p>\n","protected":false},"excerpt":{"rendered":"<p>Profiss\u00e3o Solene na Ordem dos Frades Menores<\/p>\n","protected":false},"author":3,"featured_media":239660,"comment_status":"open","ping_status":"open","sticky":false,"template":"","format":"standard","meta":[],"categories":[1],"tags":[190,418],"acf":[],"yoast_head":"<!-- This site is optimized with the Yoast SEO plugin v19.2 - https:\/\/yoast.com\/wordpress\/plugins\/seo\/ -->\n<title>Frei Danilo e Frei Jo\u00e3o fazem a Profiss\u00e3o Solene neste s\u00e1bado - Not\u00edcias - Franciscanos<\/title>\n<meta name=\"robots\" content=\"index, follow, max-snippet:-1, max-image-preview:large, max-video-preview:-1\" \/>\n<link rel=\"canonical\" href=\"https:\/\/franciscanos.org.br\/noticias\/frei-danilo-e-frei-joao-fazem-a-profissao-solene-neste-sabado.html\" \/>\n<meta property=\"og:locale\" content=\"pt_BR\" \/>\n<meta property=\"og:type\" content=\"article\" \/>\n<meta property=\"og:title\" content=\"Frei Danilo e Frei Jo\u00e3o fazem a Profiss\u00e3o Solene neste s\u00e1bado - Not\u00edcias - Franciscanos\" \/>\n<meta property=\"og:description\" content=\"Profiss\u00e3o Solene na Ordem dos Frades Menores\" \/>\n<meta property=\"og:url\" content=\"https:\/\/franciscanos.org.br\/noticias\/frei-danilo-e-frei-joao-fazem-a-profissao-solene-neste-sabado.html\" \/>\n<meta property=\"og:site_name\" content=\"Not\u00edcias - Franciscanos\" \/>\n<meta property=\"article:published_time\" content=\"2022-09-12T13:08:45+00:00\" \/>\n<meta property=\"article:modified_time\" content=\"2022-09-16T14:48:41+00:00\" \/>\n<meta property=\"og:image\" content=\"https:\/\/franciscanos.org.br\/noticias\/wp-content\/uploads\/2022\/09\/solene_170922.jpg\" \/>\n\t<meta property=\"og:image:width\" content=\"1280\" \/>\n\t<meta property=\"og:image:height\" content=\"800\" \/>\n\t<meta property=\"og:image:type\" content=\"image\/jpeg\" \/>\n<meta name=\"author\" content=\"moacir\" \/>\n<meta name=\"twitter:card\" content=\"summary_large_image\" \/>\n<meta name=\"twitter:label1\" content=\"Escrito por\" \/>\n\t<meta name=\"twitter:data1\" content=\"moacir\" \/>\n\t<meta name=\"twitter:label2\" content=\"Est. tempo de leitura\" \/>\n\t<meta name=\"twitter:data2\" content=\"5 minutos\" \/>\n<script type=\"application\/ld+json\" class=\"yoast-schema-graph\">{\"@context\":\"https:\/\/schema.org\",\"@graph\":[{\"@type\":\"WebSite\",\"@id\":\"https:\/\/franciscanos.org.br\/noticias\/#website\",\"url\":\"https:\/\/franciscanos.org.br\/noticias\/\",\"name\":\"Not\u00edcias - Franciscanos\",\"description\":\"Prov\u00edncia Franciscana da Imaculada Concei\u00e7\u00e3o do Brasil - Ordem dos Frades Menores - OFM\",\"potentialAction\":[{\"@type\":\"SearchAction\",\"target\":{\"@type\":\"EntryPoint\",\"urlTemplate\":\"https:\/\/franciscanos.org.br\/noticias\/?s={search_term_string}\"},\"query-input\":\"required name=search_term_string\"}],\"inLanguage\":\"pt-BR\"},{\"@type\":\"ImageObject\",\"inLanguage\":\"pt-BR\",\"@id\":\"https:\/\/franciscanos.org.br\/noticias\/frei-danilo-e-frei-joao-fazem-a-profissao-solene-neste-sabado.html#primaryimage\",\"url\":\"https:\/\/franciscanos.org.br\/noticias\/wp-content\/uploads\/2022\/09\/solene_170922.jpg\",\"contentUrl\":\"https:\/\/franciscanos.org.br\/noticias\/wp-content\/uploads\/2022\/09\/solene_170922.jpg\",\"width\":1280,\"height\":800},{\"@type\":\"WebPage\",\"@id\":\"https:\/\/franciscanos.org.br\/noticias\/frei-danilo-e-frei-joao-fazem-a-profissao-solene-neste-sabado.html#webpage\",\"url\":\"https:\/\/franciscanos.org.br\/noticias\/frei-danilo-e-frei-joao-fazem-a-profissao-solene-neste-sabado.html\",\"name\":\"Frei Danilo e Frei Jo\u00e3o fazem a Profiss\u00e3o Solene neste s\u00e1bado - Not\u00edcias - Franciscanos\",\"isPartOf\":{\"@id\":\"https:\/\/franciscanos.org.br\/noticias\/#website\"},\"primaryImageOfPage\":{\"@id\":\"https:\/\/franciscanos.org.br\/noticias\/frei-danilo-e-frei-joao-fazem-a-profissao-solene-neste-sabado.html#primaryimage\"},\"datePublished\":\"2022-09-12T13:08:45+00:00\",\"dateModified\":\"2022-09-16T14:48:41+00:00\",\"author\":{\"@id\":\"https:\/\/franciscanos.org.br\/noticias\/#\/schema\/person\/b5c8cba458c330ccff548b056e95a5d4\"},\"breadcrumb\":{\"@id\":\"https:\/\/franciscanos.org.br\/noticias\/frei-danilo-e-frei-joao-fazem-a-profissao-solene-neste-sabado.html#breadcrumb\"},\"inLanguage\":\"pt-BR\",\"potentialAction\":[{\"@type\":\"ReadAction\",\"target\":[\"https:\/\/franciscanos.org.br\/noticias\/frei-danilo-e-frei-joao-fazem-a-profissao-solene-neste-sabado.html\"]}]},{\"@type\":\"BreadcrumbList\",\"@id\":\"https:\/\/franciscanos.org.br\/noticias\/frei-danilo-e-frei-joao-fazem-a-profissao-solene-neste-sabado.html#breadcrumb\",\"itemListElement\":[{\"@type\":\"ListItem\",\"position\":1,\"name\":\"Home\",\"item\":\"https:\/\/franciscanos.org.br\/noticias\"},{\"@type\":\"ListItem\",\"position\":2,\"name\":\"Frei Danilo e Frei Jo\u00e3o fazem a Profiss\u00e3o Solene neste s\u00e1bado\"}]},{\"@type\":\"Person\",\"@id\":\"https:\/\/franciscanos.org.br\/noticias\/#\/schema\/person\/b5c8cba458c330ccff548b056e95a5d4\",\"name\":\"moacir\",\"image\":{\"@type\":\"ImageObject\",\"inLanguage\":\"pt-BR\",\"@id\":\"https:\/\/franciscanos.org.br\/noticias\/#\/schema\/person\/image\/\",\"url\":\"https:\/\/secure.gravatar.com\/avatar\/d08aa2ce4c8dd416d4479aa8536fcf64?s=96&d=mm&r=g\",\"contentUrl\":\"https:\/\/secure.gravatar.com\/avatar\/d08aa2ce4c8dd416d4479aa8536fcf64?s=96&d=mm&r=g\",\"caption\":\"moacir\"},\"url\":\"https:\/\/franciscanos.org.br\/noticias\/author\/moacir\"}]}<\/script>\n<!-- \/ Yoast SEO plugin. -->","yoast_head_json":{"title":"Frei Danilo e Frei Jo\u00e3o fazem a Profiss\u00e3o Solene neste s\u00e1bado - Not\u00edcias - Franciscanos","robots":{"index":"index","follow":"follow","max-snippet":"max-snippet:-1","max-image-preview":"max-image-preview:large","max-video-preview":"max-video-preview:-1"},"canonical":"https:\/\/franciscanos.org.br\/noticias\/frei-danilo-e-frei-joao-fazem-a-profissao-solene-neste-sabado.html","og_locale":"pt_BR","og_type":"article","og_title":"Frei Danilo e Frei Jo\u00e3o fazem a Profiss\u00e3o Solene neste s\u00e1bado - Not\u00edcias - Franciscanos","og_description":"Profiss\u00e3o Solene na Ordem dos Frades Menores","og_url":"https:\/\/franciscanos.org.br\/noticias\/frei-danilo-e-frei-joao-fazem-a-profissao-solene-neste-sabado.html","og_site_name":"Not\u00edcias - Franciscanos","article_published_time":"2022-09-12T13:08:45+00:00","article_modified_time":"2022-09-16T14:48:41+00:00","og_image":[{"width":1280,"height":800,"url":"https:\/\/franciscanos.org.br\/noticias\/wp-content\/uploads\/2022\/09\/solene_170922.jpg","type":"image\/jpeg"}],"author":"moacir","twitter_card":"summary_large_image","twitter_misc":{"Escrito por":"moacir","Est. tempo de leitura":"5 minutos"},"schema":{"@context":"https:\/\/schema.org","@graph":[{"@type":"WebSite","@id":"https:\/\/franciscanos.org.br\/noticias\/#website","url":"https:\/\/franciscanos.org.br\/noticias\/","name":"Not\u00edcias - Franciscanos","description":"Prov\u00edncia Franciscana da Imaculada Concei\u00e7\u00e3o do Brasil - Ordem dos Frades Menores - OFM","potentialAction":[{"@type":"SearchAction","target":{"@type":"EntryPoint","urlTemplate":"https:\/\/franciscanos.org.br\/noticias\/?s={search_term_string}"},"query-input":"required name=search_term_string"}],"inLanguage":"pt-BR"},{"@type":"ImageObject","inLanguage":"pt-BR","@id":"https:\/\/franciscanos.org.br\/noticias\/frei-danilo-e-frei-joao-fazem-a-profissao-solene-neste-sabado.html#primaryimage","url":"https:\/\/franciscanos.org.br\/noticias\/wp-content\/uploads\/2022\/09\/solene_170922.jpg","contentUrl":"https:\/\/franciscanos.org.br\/noticias\/wp-content\/uploads\/2022\/09\/solene_170922.jpg","width":1280,"height":800},{"@type":"WebPage","@id":"https:\/\/franciscanos.org.br\/noticias\/frei-danilo-e-frei-joao-fazem-a-profissao-solene-neste-sabado.html#webpage","url":"https:\/\/franciscanos.org.br\/noticias\/frei-danilo-e-frei-joao-fazem-a-profissao-solene-neste-sabado.html","name":"Frei Danilo e Frei Jo\u00e3o fazem a Profiss\u00e3o Solene neste s\u00e1bado - Not\u00edcias - Franciscanos","isPartOf":{"@id":"https:\/\/franciscanos.org.br\/noticias\/#website"},"primaryImageOfPage":{"@id":"https:\/\/franciscanos.org.br\/noticias\/frei-danilo-e-frei-joao-fazem-a-profissao-solene-neste-sabado.html#primaryimage"},"datePublished":"2022-09-12T13:08:45+00:00","dateModified":"2022-09-16T14:48:41+00:00","author":{"@id":"https:\/\/franciscanos.org.br\/noticias\/#\/schema\/person\/b5c8cba458c330ccff548b056e95a5d4"},"breadcrumb":{"@id":"https:\/\/franciscanos.org.br\/noticias\/frei-danilo-e-frei-joao-fazem-a-profissao-solene-neste-sabado.html#breadcrumb"},"inLanguage":"pt-BR","potentialAction":[{"@type":"ReadAction","target":["https:\/\/franciscanos.org.br\/noticias\/frei-danilo-e-frei-joao-fazem-a-profissao-solene-neste-sabado.html"]}]},{"@type":"BreadcrumbList","@id":"https:\/\/franciscanos.org.br\/noticias\/frei-danilo-e-frei-joao-fazem-a-profissao-solene-neste-sabado.html#breadcrumb","itemListElement":[{"@type":"ListItem","position":1,"name":"Home","item":"https:\/\/franciscanos.org.br\/noticias"},{"@type":"ListItem","position":2,"name":"Frei Danilo e Frei Jo\u00e3o fazem a Profiss\u00e3o Solene neste s\u00e1bado"}]},{"@type":"Person","@id":"https:\/\/franciscanos.org.br\/noticias\/#\/schema\/person\/b5c8cba458c330ccff548b056e95a5d4","name":"moacir","image":{"@type":"ImageObject","inLanguage":"pt-BR","@id":"https:\/\/franciscanos.org.br\/noticias\/#\/schema\/person\/image\/","url":"https:\/\/secure.gravatar.com\/avatar\/d08aa2ce4c8dd416d4479aa8536fcf64?s=96&d=mm&r=g","contentUrl":"https:\/\/secure.gravatar.com\/avatar\/d08aa2ce4c8dd416d4479aa8536fcf64?s=96&d=mm&r=g","caption":"moacir"},"url":"https:\/\/franciscanos.org.br\/noticias\/author\/moacir"}]}},"_links":{"self":[{"href":"https:\/\/franciscanos.org.br\/noticias\/wp-json\/wp\/v2\/posts\/239617"}],"collection":[{"href":"https:\/\/franciscanos.org.br\/noticias\/wp-json\/wp\/v2\/posts"}],"about":[{"href":"https:\/\/franciscanos.org.br\/noticias\/wp-json\/wp\/v2\/types\/post"}],"author":[{"embeddable":true,"href":"https:\/\/franciscanos.org.br\/noticias\/wp-json\/wp\/v2\/users\/3"}],"replies":[{"embeddable":true,"href":"https:\/\/franciscanos.org.br\/noticias\/wp-json\/wp\/v2\/comments?post=239617"}],"version-history":[{"count":7,"href":"https:\/\/franciscanos.org.br\/noticias\/wp-json\/wp\/v2\/posts\/239617\/revisions"}],"predecessor-version":[{"id":239653,"href":"https:\/\/franciscanos.org.br\/noticias\/wp-json\/wp\/v2\/posts\/239617\/revisions\/239653"}],"wp:featuredmedia":[{"embeddable":true,"href":"https:\/\/franciscanos.org.br\/noticias\/wp-json\/wp\/v2\/media\/239660"}],"wp:attachment":[{"href":"https:\/\/franciscanos.org.br\/noticias\/wp-json\/wp\/v2\/media?parent=239617"}],"wp:term":[{"taxonomy":"category","embeddable":true,"href":"https:\/\/franciscanos.org.br\/noticias\/wp-json\/wp\/v2\/categories?post=239617"},{"taxonomy":"post_tag","embeddable":true,"href":"https:\/\/franciscanos.org.br\/noticias\/wp-json\/wp\/v2\/tags?post=239617"}],"curies":[{"name":"wp","href":"https:\/\/api.w.org\/{rel}","templated":true}]}}