{"id":239593,"date":"2022-09-11T22:28:12","date_gmt":"2022-09-12T01:28:12","guid":{"rendered":"https:\/\/franciscanos.org.br\/noticias\/?p=239593"},"modified":"2023-02-01T16:41:46","modified_gmt":"2023-02-01T19:41:46","slug":"em-direcao-ao-abraco-do-pai-misericordia-empatia-e-compaixao-presentes-no-segundo-dia-da-10a-cfj","status":"publish","type":"post","link":"https:\/\/franciscanos.org.br\/noticias\/em-direcao-ao-abraco-do-pai-misericordia-empatia-e-compaixao-presentes-no-segundo-dia-da-10a-cfj.html","title":{"rendered":"Em dire\u00e7\u00e3o ao abra\u00e7o do Pai: miseric\u00f3rdia, empatia e compaix\u00e3o presentes no encerramento da 10\u00aa CFJ"},"content":{"rendered":"<p><img loading=\"lazy\" class=\"alignnone size-full wp-image-239594\" src=\"https:\/\/franciscanos.org.br\/noticias\/wp-content\/uploads\/2022\/09\/caminhada2dia.png\" alt=\"\" width=\"1280\" height=\"720\" srcset=\"https:\/\/franciscanos.org.br\/noticias\/wp-content\/uploads\/2022\/09\/caminhada2dia.png 1280w, https:\/\/franciscanos.org.br\/noticias\/wp-content\/uploads\/2022\/09\/caminhada2dia-450x253.png 450w, https:\/\/franciscanos.org.br\/noticias\/wp-content\/uploads\/2022\/09\/caminhada2dia-1024x576.png 1024w, https:\/\/franciscanos.org.br\/noticias\/wp-content\/uploads\/2022\/09\/caminhada2dia-768x432.png 768w, https:\/\/franciscanos.org.br\/noticias\/wp-content\/uploads\/2022\/09\/caminhada2dia-150x84.png 150w\" sizes=\"(max-width: 1280px) 100vw, 1280px\" \/><\/p>\n<p>Com temperatura bem mais baixa do que na jornada do dia anterior (16 graus pela manh\u00e3), o domingo, 11 de setembro, come\u00e7ou cedo para os caminhantes, que foram recebidos por uma leve garoa e pelo \u201cirm\u00e3o vento\u201d para a missa das 5h30, celebrada na alameda junto \u00e0 grande imagem de Frei Galv\u00e3o. A celebra\u00e7\u00e3o foi presidida pelo Vig\u00e1rio Provincial, Frei Gustavo Medella que, na homilia, brincou: \u201cHoje, em vez de falar sobre os textos b\u00edblicos, vou aproveitar este momento para conversar sobre Matem\u00e1tica, tendo em vista que Frei Galv\u00e3o provavelmente dominava bem esta mat\u00e9ria, afinal foi um grande construtor\u201d. Frei Gustavo se referia ao Evangelho do 24\u00ba Domingo do Tempo Comum (Lc 15,1-32), no qual Jesus conta tr\u00eas par\u00e1bolas para explicar sobre a Miseric\u00f3rdia de Deus: a ovelha perdida, a moeda perdida e o Filho Pr\u00f3digo. \u201cTemos neste Evangelho tr\u00eas porcentagens diferentes: a ovelha perdida, uma em 100, era um por cento do rebanho; a moeda, uma em dez, representava dez por cento das economias da mulher; e o filho pr\u00f3digo, um em dois, cinquenta por cento dos filhos daquele pai. Nos tr\u00eas casos, h\u00e1 festa e alegria pelo reencontro daquilo que estava perdido, ou seja, Deus se dedica cem por cento sempre a todos os seus filhos e filhas\u201d, explicou Frei Gustavo. Por fim, ao incentivar os jovens para que jamais desanimem de si mesmos e da bondade de Deus, o presidente da celebra\u00e7\u00e3o exortou: \u201cCada desta caminhada deve nos conduzir para o abra\u00e7o amoroso do Pai, do qual n\u00f3s queremos ser portadores e transmissores, entregando-nos por inteiro a Deus que inteiramente se entrega por n\u00f3s\u201d.<\/p>\n\n\t\t<style type=\"text\/css\">\n\t\t\t#gallery-1 {\n\t\t\t\tmargin: auto;\n\t\t\t}\n\t\t\t#gallery-1 .gallery-item {\n\t\t\t\tfloat: left;\n\t\t\t\tmargin-top: 10px;\n\t\t\t\ttext-align: center;\n\t\t\t\twidth: 16%;\n\t\t\t}\n\t\t\t#gallery-1 img {\n\t\t\t\tborder: 2px solid #cfcfcf;\n\t\t\t}\n\t\t\t#gallery-1 .gallery-caption {\n\t\t\t\tmargin-left: 0;\n\t\t\t}\n\t\t\t\/* see gallery_shortcode() in wp-includes\/media.php *\/\n\t\t<\/style>\n\t\t<div id='gallery-1' class='gallery galleryid-239593 gallery-columns-6 gallery-size-thumbnail'><dl class='gallery-item'>\n\t\t\t<dt class='gallery-icon landscape'>\n\t\t\t\t<a href='https:\/\/franciscanos.org.br\/noticias\/wp-content\/uploads\/2022\/09\/IMG_7103-scaled.jpg'><img width=\"300\" height=\"300\" src=\"https:\/\/franciscanos.org.br\/noticias\/wp-content\/uploads\/2022\/09\/IMG_7103-300x300.jpg\" class=\"attachment-thumbnail size-thumbnail\" alt=\"\" loading=\"lazy\" srcset=\"https:\/\/franciscanos.org.br\/noticias\/wp-content\/uploads\/2022\/09\/IMG_7103-300x300.jpg 300w, https:\/\/franciscanos.org.br\/noticias\/wp-content\/uploads\/2022\/09\/IMG_7103-100x100.jpg 100w\" sizes=\"(max-width: 300px) 100vw, 300px\" \/><\/a>\n\t\t\t<\/dt><\/dl><dl class='gallery-item'>\n\t\t\t<dt class='gallery-icon landscape'>\n\t\t\t\t<a href='https:\/\/franciscanos.org.br\/noticias\/wp-content\/uploads\/2022\/09\/IMG_3530-scaled.jpg'><img width=\"300\" height=\"300\" src=\"https:\/\/franciscanos.org.br\/noticias\/wp-content\/uploads\/2022\/09\/IMG_3530-300x300.jpg\" class=\"attachment-thumbnail size-thumbnail\" alt=\"\" loading=\"lazy\" srcset=\"https:\/\/franciscanos.org.br\/noticias\/wp-content\/uploads\/2022\/09\/IMG_3530-300x300.jpg 300w, https:\/\/franciscanos.org.br\/noticias\/wp-content\/uploads\/2022\/09\/IMG_3530-100x100.jpg 100w\" sizes=\"(max-width: 300px) 100vw, 300px\" \/><\/a>\n\t\t\t<\/dt><\/dl><dl class='gallery-item'>\n\t\t\t<dt class='gallery-icon landscape'>\n\t\t\t\t<a href='https:\/\/franciscanos.org.br\/noticias\/wp-content\/uploads\/2022\/09\/IMG_4731-scaled.jpg'><img width=\"300\" height=\"300\" src=\"https:\/\/franciscanos.org.br\/noticias\/wp-content\/uploads\/2022\/09\/IMG_4731-300x300.jpg\" class=\"attachment-thumbnail size-thumbnail\" alt=\"\" loading=\"lazy\" srcset=\"https:\/\/franciscanos.org.br\/noticias\/wp-content\/uploads\/2022\/09\/IMG_4731-300x300.jpg 300w, https:\/\/franciscanos.org.br\/noticias\/wp-content\/uploads\/2022\/09\/IMG_4731-100x100.jpg 100w\" sizes=\"(max-width: 300px) 100vw, 300px\" \/><\/a>\n\t\t\t<\/dt><\/dl><dl class='gallery-item'>\n\t\t\t<dt class='gallery-icon landscape'>\n\t\t\t\t<a href='https:\/\/franciscanos.org.br\/noticias\/wp-content\/uploads\/2022\/09\/IMG_4703-scaled.jpg'><img width=\"300\" height=\"300\" src=\"https:\/\/franciscanos.org.br\/noticias\/wp-content\/uploads\/2022\/09\/IMG_4703-300x300.jpg\" class=\"attachment-thumbnail size-thumbnail\" alt=\"\" loading=\"lazy\" srcset=\"https:\/\/franciscanos.org.br\/noticias\/wp-content\/uploads\/2022\/09\/IMG_4703-300x300.jpg 300w, https:\/\/franciscanos.org.br\/noticias\/wp-content\/uploads\/2022\/09\/IMG_4703-100x100.jpg 100w\" sizes=\"(max-width: 300px) 100vw, 300px\" \/><\/a>\n\t\t\t<\/dt><\/dl><dl class='gallery-item'>\n\t\t\t<dt class='gallery-icon landscape'>\n\t\t\t\t<a href='https:\/\/franciscanos.org.br\/noticias\/wp-content\/uploads\/2022\/09\/IMG_3579-scaled.jpg'><img width=\"300\" height=\"300\" src=\"https:\/\/franciscanos.org.br\/noticias\/wp-content\/uploads\/2022\/09\/IMG_3579-300x300.jpg\" class=\"attachment-thumbnail size-thumbnail\" alt=\"\" loading=\"lazy\" srcset=\"https:\/\/franciscanos.org.br\/noticias\/wp-content\/uploads\/2022\/09\/IMG_3579-300x300.jpg 300w, https:\/\/franciscanos.org.br\/noticias\/wp-content\/uploads\/2022\/09\/IMG_3579-100x100.jpg 100w\" sizes=\"(max-width: 300px) 100vw, 300px\" \/><\/a>\n\t\t\t<\/dt><\/dl><dl class='gallery-item'>\n\t\t\t<dt class='gallery-icon landscape'>\n\t\t\t\t<a href='https:\/\/franciscanos.org.br\/noticias\/wp-content\/uploads\/2022\/09\/IMG_3602-scaled.jpg'><img width=\"300\" height=\"300\" src=\"https:\/\/franciscanos.org.br\/noticias\/wp-content\/uploads\/2022\/09\/IMG_3602-300x300.jpg\" class=\"attachment-thumbnail size-thumbnail\" alt=\"\" loading=\"lazy\" srcset=\"https:\/\/franciscanos.org.br\/noticias\/wp-content\/uploads\/2022\/09\/IMG_3602-300x300.jpg 300w, https:\/\/franciscanos.org.br\/noticias\/wp-content\/uploads\/2022\/09\/IMG_3602-100x100.jpg 100w\" sizes=\"(max-width: 300px) 100vw, 300px\" \/><\/a>\n\t\t\t<\/dt><\/dl><br style=\"clear: both\" \/>\n\t\t<\/div>\n\n<p style=\"text-align: center;\"><em>(Clique nas imagens para ampli\u00e1-las)<\/em><\/p>\n<p>Na conclus\u00e3o da Missa, os jovens receberam as p\u00edlulas de Frei Galv\u00e3o, sacramental de f\u00e9 criado pelo primeiro Santo Brasileiro, seguindo para o caf\u00e9 e para os \u00faltimos preparativos em vista da caminhada que teriam pela frente. O primeiro percurso, do Santu\u00e1rio Frei Galv\u00e3o, at\u00e9 o Centro de Guaratinguet\u00e1, teve a extens\u00e3o de cinco quil\u00f4metros. Com a temperatura mais amena, o caminhar tamb\u00e9m foi mais fluente. A parada desta vez foi diante da casa onde Frei Galv\u00e3o nasceu, bem no Centro Hist\u00f3rico. As vielas estreitas foram \u201ctingidas\u201d pelo amarelo dos coletes dos caminhantes. Em uma das janelas da casa, de estilo colonial a singeleza de uma pequena imagem art\u00edstica de Frei Galv\u00e3o sobre uma toalha branca de rendas e um vaso de flor, a beleza do simples. Na outra, o casal de idosos sorridentes, Tom e Thereza Maia, descendentes de Frei Galv\u00e3o, que dirigiram \u00e0 juventude palavras de simpatia e incentivo, sendo longamente aplaudidos.<\/p>\n<div id=\"attachment_239603\" style=\"width: 1290px\" class=\"wp-caption alignnone\"><img aria-describedby=\"caption-attachment-239603\" loading=\"lazy\" class=\"wp-image-239603 size-full\" src=\"https:\/\/franciscanos.org.br\/noticias\/wp-content\/uploads\/2022\/09\/caminhada2dia2.png\" alt=\"\" width=\"1280\" height=\"720\" srcset=\"https:\/\/franciscanos.org.br\/noticias\/wp-content\/uploads\/2022\/09\/caminhada2dia2.png 1280w, https:\/\/franciscanos.org.br\/noticias\/wp-content\/uploads\/2022\/09\/caminhada2dia2-450x253.png 450w, https:\/\/franciscanos.org.br\/noticias\/wp-content\/uploads\/2022\/09\/caminhada2dia2-1024x576.png 1024w, https:\/\/franciscanos.org.br\/noticias\/wp-content\/uploads\/2022\/09\/caminhada2dia2-768x432.png 768w, https:\/\/franciscanos.org.br\/noticias\/wp-content\/uploads\/2022\/09\/caminhada2dia2-150x84.png 150w\" sizes=\"(max-width: 1280px) 100vw, 1280px\" \/><p id=\"caption-attachment-239603\" class=\"wp-caption-text\"><em>O casal Tom e Thereza Maia, descendentes de Frei Galv\u00e3o.<\/em><\/p><\/div>\n<p>Segue o percurso, agora em dire\u00e7\u00e3o \u00e0 Fazenda da Esperan\u00e7a (Centro Masculino), comunidade terap\u00eautica para dependentes qu\u00edmicos fundada em Guaratinguet\u00e1 pelo franciscano Frei Hans Stapel, desta vez num total de 11 quil\u00f4metros, com uma parada prevista no meio do caminho, no Centro Feminino (Bairro S\u00e3o Manoel). O cansa\u00e7o, as bolhas e dores do dia anterior come\u00e7aram a pesar para alguns que contavam com o aux\u00edlio dos carros de apoio. Depois de quase cinco horas, entre caminhada e parada desde o Centro, finalmente o grupo chega \u00e0 Fazenda da Esperan\u00e7a.<\/p>\n<p><img loading=\"lazy\" class=\"alignnone size-full wp-image-239606\" src=\"https:\/\/franciscanos.org.br\/noticias\/wp-content\/uploads\/2022\/09\/caminhada2dia5.png\" alt=\"\" width=\"1280\" height=\"720\" srcset=\"https:\/\/franciscanos.org.br\/noticias\/wp-content\/uploads\/2022\/09\/caminhada2dia5.png 1280w, https:\/\/franciscanos.org.br\/noticias\/wp-content\/uploads\/2022\/09\/caminhada2dia5-450x253.png 450w, https:\/\/franciscanos.org.br\/noticias\/wp-content\/uploads\/2022\/09\/caminhada2dia5-1024x576.png 1024w, https:\/\/franciscanos.org.br\/noticias\/wp-content\/uploads\/2022\/09\/caminhada2dia5-768x432.png 768w, https:\/\/franciscanos.org.br\/noticias\/wp-content\/uploads\/2022\/09\/caminhada2dia5-150x84.png 150w\" sizes=\"(max-width: 1280px) 100vw, 1280px\" \/><\/p>\n<p>Recebidos com festa no Centro Masculino, os caminhantes foram convidados a se dividir em grupos e, sentados ao gramado, cada grupo contou com a presen\u00e7a de um jovem acolhido da comunidade terap\u00eautica. Houve, ent\u00e3o, ocasi\u00e3o de escuta e partilha, onde os participantes da caminhada puderam fazer um exerc\u00edcio de empatia e compaix\u00e3o, coroado com o ato simb\u00f3lico do lava-p\u00e9s, quando, com bacias e toalhas preparadas com carinho pelos acolhidos, todos puderam se fazer uma s\u00f3 fam\u00edlia, onde um estava a servi\u00e7o do outro na express\u00e3o do cuidado.<\/p>\n<p><img loading=\"lazy\" class=\"alignnone size-full wp-image-239604\" src=\"https:\/\/franciscanos.org.br\/noticias\/wp-content\/uploads\/2022\/09\/caminhada2dia3.png\" alt=\"\" width=\"1280\" height=\"720\" srcset=\"https:\/\/franciscanos.org.br\/noticias\/wp-content\/uploads\/2022\/09\/caminhada2dia3.png 1280w, https:\/\/franciscanos.org.br\/noticias\/wp-content\/uploads\/2022\/09\/caminhada2dia3-450x253.png 450w, https:\/\/franciscanos.org.br\/noticias\/wp-content\/uploads\/2022\/09\/caminhada2dia3-1024x576.png 1024w, https:\/\/franciscanos.org.br\/noticias\/wp-content\/uploads\/2022\/09\/caminhada2dia3-768x432.png 768w, https:\/\/franciscanos.org.br\/noticias\/wp-content\/uploads\/2022\/09\/caminhada2dia3-150x84.png 150w\" sizes=\"(max-width: 1280px) 100vw, 1280px\" \/><\/p>\n<p>Na sequ\u00eancia, os caminhantes se dirigiram \u00e0 Capela da Fazenda, localizada junto ao Mosteiro Mater Christi, das Irm\u00e3s Clarissas. Ali, tiveram a oportunidade de firmar um compromisso orante com as irm\u00e3s e de se recomendarem \u00e0s ora\u00e7\u00f5es delas, pessoalmente e tamb\u00e9m dedicando a prece por um(a) outro(a) companheiro(a) de caminhada. Os mesmos peixes de cartolina apresentados na ora\u00e7\u00e3o de abertura do evento desta vez serviram para que os jovens escrevessem as inten\u00e7\u00f5es pelas quais queriam que as irm\u00e3s rezassem: a simplicidade do belo.<\/p>\n<p><img loading=\"lazy\" class=\"alignnone size-full wp-image-239605\" src=\"https:\/\/franciscanos.org.br\/noticias\/wp-content\/uploads\/2022\/09\/caminhada2dia4.png\" alt=\"\" width=\"1280\" height=\"720\" srcset=\"https:\/\/franciscanos.org.br\/noticias\/wp-content\/uploads\/2022\/09\/caminhada2dia4.png 1280w, https:\/\/franciscanos.org.br\/noticias\/wp-content\/uploads\/2022\/09\/caminhada2dia4-450x253.png 450w, https:\/\/franciscanos.org.br\/noticias\/wp-content\/uploads\/2022\/09\/caminhada2dia4-1024x576.png 1024w, https:\/\/franciscanos.org.br\/noticias\/wp-content\/uploads\/2022\/09\/caminhada2dia4-768x432.png 768w, https:\/\/franciscanos.org.br\/noticias\/wp-content\/uploads\/2022\/09\/caminhada2dia4-150x84.png 150w\" sizes=\"(max-width: 1280px) 100vw, 1280px\" \/><\/p>\n<p>Encaminhando-se para o final da jornada, num saldo de mais de 35km caminhados, oito paradas, duas mil garrafas de \u00e1gua distribu\u00eddas, o coroamento do encontro se deu no p\u00e1tio diante do Mosteiro, onde as Irm\u00e3s Clarissas da comunidade apareceram na sacada para suplicar sobre os jovens a solene B\u00ean\u00e7\u00e3o de Santa Clara. Antes, Frei Gabriel Dellandrea, em nome da equipe organizadora e da anima\u00e7\u00e3o das juventudes da Prov\u00edncia, fez um amplo agradecimento a todos os participantes, volunt\u00e1rios, apoiadores e patrocinadores da Caminhada, destacando o quanto o testemunho de doa\u00e7\u00e3o e compromisso de todos os envolvidos foi importante para o bom \u00eaxito da iniciativa. Ap\u00f3s o almo\u00e7o saboroso preparado pelos acolhidos da Fazenda, hora de voltar para a casa, com cansa\u00e7o e belas experi\u00eancias para partilhar. Saudade e gosto de \u201cquero mais\u201d. Gratid\u00e3o, ampla e irrestrita a muita, muita gente!<\/p>\n<hr \/>\n<p><em>Equipe de Comunica\u00e7\u00e3o da 10\u00aa CFJ<\/em><\/p>\n\n\t\t<style type=\"text\/css\">\n\t\t\t#gallery-2 {\n\t\t\t\tmargin: auto;\n\t\t\t}\n\t\t\t#gallery-2 .gallery-item {\n\t\t\t\tfloat: left;\n\t\t\t\tmargin-top: 10px;\n\t\t\t\ttext-align: center;\n\t\t\t\twidth: 16%;\n\t\t\t}\n\t\t\t#gallery-2 img {\n\t\t\t\tborder: 2px solid #cfcfcf;\n\t\t\t}\n\t\t\t#gallery-2 .gallery-caption {\n\t\t\t\tmargin-left: 0;\n\t\t\t}\n\t\t\t\/* see gallery_shortcode() in wp-includes\/media.php *\/\n\t\t<\/style>\n\t\t<div id='gallery-2' class='gallery galleryid-239593 gallery-columns-6 gallery-size-thumbnail'><dl class='gallery-item'>\n\t\t\t<dt class='gallery-icon landscape'>\n\t\t\t\t<a href='https:\/\/franciscanos.org.br\/noticias\/wp-content\/uploads\/2022\/09\/IMG_7555-scaled.jpg'><img width=\"300\" height=\"300\" src=\"https:\/\/franciscanos.org.br\/noticias\/wp-content\/uploads\/2022\/09\/IMG_7555-300x300.jpg\" class=\"attachment-thumbnail size-thumbnail\" alt=\"\" loading=\"lazy\" srcset=\"https:\/\/franciscanos.org.br\/noticias\/wp-content\/uploads\/2022\/09\/IMG_7555-300x300.jpg 300w, https:\/\/franciscanos.org.br\/noticias\/wp-content\/uploads\/2022\/09\/IMG_7555-100x100.jpg 100w\" sizes=\"(max-width: 300px) 100vw, 300px\" \/><\/a>\n\t\t\t<\/dt><\/dl><dl class='gallery-item'>\n\t\t\t<dt class='gallery-icon landscape'>\n\t\t\t\t<a href='https:\/\/franciscanos.org.br\/noticias\/wp-content\/uploads\/2022\/09\/IMG_4968-scaled.jpg'><img width=\"300\" height=\"300\" src=\"https:\/\/franciscanos.org.br\/noticias\/wp-content\/uploads\/2022\/09\/IMG_4968-300x300.jpg\" class=\"attachment-thumbnail size-thumbnail\" alt=\"\" loading=\"lazy\" srcset=\"https:\/\/franciscanos.org.br\/noticias\/wp-content\/uploads\/2022\/09\/IMG_4968-300x300.jpg 300w, https:\/\/franciscanos.org.br\/noticias\/wp-content\/uploads\/2022\/09\/IMG_4968-100x100.jpg 100w\" sizes=\"(max-width: 300px) 100vw, 300px\" \/><\/a>\n\t\t\t<\/dt><\/dl><dl class='gallery-item'>\n\t\t\t<dt class='gallery-icon landscape'>\n\t\t\t\t<a href='https:\/\/franciscanos.org.br\/noticias\/wp-content\/uploads\/2022\/09\/IMG_7472-scaled.jpg'><img width=\"300\" height=\"300\" src=\"https:\/\/franciscanos.org.br\/noticias\/wp-content\/uploads\/2022\/09\/IMG_7472-300x300.jpg\" class=\"attachment-thumbnail size-thumbnail\" alt=\"\" loading=\"lazy\" srcset=\"https:\/\/franciscanos.org.br\/noticias\/wp-content\/uploads\/2022\/09\/IMG_7472-300x300.jpg 300w, https:\/\/franciscanos.org.br\/noticias\/wp-content\/uploads\/2022\/09\/IMG_7472-100x100.jpg 100w\" sizes=\"(max-width: 300px) 100vw, 300px\" \/><\/a>\n\t\t\t<\/dt><\/dl><dl class='gallery-item'>\n\t\t\t<dt class='gallery-icon landscape'>\n\t\t\t\t<a href='https:\/\/franciscanos.org.br\/noticias\/wp-content\/uploads\/2022\/09\/IMG_7746-scaled.jpg'><img width=\"300\" height=\"300\" src=\"https:\/\/franciscanos.org.br\/noticias\/wp-content\/uploads\/2022\/09\/IMG_7746-300x300.jpg\" class=\"attachment-thumbnail size-thumbnail\" alt=\"\" loading=\"lazy\" srcset=\"https:\/\/franciscanos.org.br\/noticias\/wp-content\/uploads\/2022\/09\/IMG_7746-300x300.jpg 300w, https:\/\/franciscanos.org.br\/noticias\/wp-content\/uploads\/2022\/09\/IMG_7746-100x100.jpg 100w\" sizes=\"(max-width: 300px) 100vw, 300px\" \/><\/a>\n\t\t\t<\/dt><\/dl><dl class='gallery-item'>\n\t\t\t<dt class='gallery-icon landscape'>\n\t\t\t\t<a href='https:\/\/franciscanos.org.br\/noticias\/wp-content\/uploads\/2022\/09\/IMG_5318-scaled.jpg'><img width=\"300\" height=\"300\" src=\"https:\/\/franciscanos.org.br\/noticias\/wp-content\/uploads\/2022\/09\/IMG_5318-300x300.jpg\" class=\"attachment-thumbnail size-thumbnail\" alt=\"\" loading=\"lazy\" srcset=\"https:\/\/franciscanos.org.br\/noticias\/wp-content\/uploads\/2022\/09\/IMG_5318-300x300.jpg 300w, https:\/\/franciscanos.org.br\/noticias\/wp-content\/uploads\/2022\/09\/IMG_5318-100x100.jpg 100w\" sizes=\"(max-width: 300px) 100vw, 300px\" \/><\/a>\n\t\t\t<\/dt><\/dl><dl class='gallery-item'>\n\t\t\t<dt class='gallery-icon landscape'>\n\t\t\t\t<a href='https:\/\/franciscanos.org.br\/noticias\/wp-content\/uploads\/2022\/09\/IMG_7898-scaled.jpg'><img width=\"300\" height=\"300\" src=\"https:\/\/franciscanos.org.br\/noticias\/wp-content\/uploads\/2022\/09\/IMG_7898-300x300.jpg\" class=\"attachment-thumbnail size-thumbnail\" alt=\"\" loading=\"lazy\" srcset=\"https:\/\/franciscanos.org.br\/noticias\/wp-content\/uploads\/2022\/09\/IMG_7898-300x300.jpg 300w, https:\/\/franciscanos.org.br\/noticias\/wp-content\/uploads\/2022\/09\/IMG_7898-100x100.jpg 100w\" sizes=\"(max-width: 300px) 100vw, 300px\" \/><\/a>\n\t\t\t<\/dt><\/dl><br style=\"clear: both\" \/>\n\t\t<\/div>\n\n","protected":false},"excerpt":{"rendered":"<p>X CFJ<\/p>\n","protected":false},"author":1,"featured_media":239613,"comment_status":"open","ping_status":"open","sticky":false,"template":"","format":"standard","meta":[],"categories":[1],"tags":[699,1420,2056],"acf":[],"yoast_head":"<!-- This site is optimized with the Yoast SEO plugin v19.2 - https:\/\/yoast.com\/wordpress\/plugins\/seo\/ -->\n<title>Em dire\u00e7\u00e3o ao abra\u00e7o do Pai: miseric\u00f3rdia, empatia e compaix\u00e3o presentes no encerramento da 10\u00aa CFJ - Not\u00edcias - Franciscanos<\/title>\n<meta name=\"robots\" content=\"index, follow, max-snippet:-1, max-image-preview:large, max-video-preview:-1\" \/>\n<link rel=\"canonical\" href=\"https:\/\/franciscanos.org.br\/noticias\/em-direcao-ao-abraco-do-pai-misericordia-empatia-e-compaixao-presentes-no-segundo-dia-da-10a-cfj.html\" \/>\n<meta property=\"og:locale\" content=\"pt_BR\" \/>\n<meta property=\"og:type\" content=\"article\" \/>\n<meta property=\"og:title\" content=\"Em dire\u00e7\u00e3o ao abra\u00e7o do Pai: miseric\u00f3rdia, empatia e compaix\u00e3o presentes no encerramento da 10\u00aa CFJ - Not\u00edcias - Franciscanos\" \/>\n<meta property=\"og:description\" content=\"X CFJ\" \/>\n<meta property=\"og:url\" content=\"https:\/\/franciscanos.org.br\/noticias\/em-direcao-ao-abraco-do-pai-misericordia-empatia-e-compaixao-presentes-no-segundo-dia-da-10a-cfj.html\" \/>\n<meta property=\"og:site_name\" content=\"Not\u00edcias - Franciscanos\" \/>\n<meta property=\"article:published_time\" content=\"2022-09-12T01:28:12+00:00\" \/>\n<meta property=\"article:modified_time\" content=\"2023-02-01T19:41:46+00:00\" \/>\n<meta property=\"og:image\" content=\"https:\/\/franciscanos.org.br\/noticias\/wp-content\/uploads\/2022\/09\/caminhada2diad.png\" \/>\n\t<meta property=\"og:image:width\" content=\"800\" \/>\n\t<meta property=\"og:image:height\" content=\"550\" \/>\n\t<meta property=\"og:image:type\" content=\"image\/png\" \/>\n<meta name=\"author\" content=\"admin\" \/>\n<meta name=\"twitter:card\" content=\"summary_large_image\" \/>\n<meta name=\"twitter:label1\" content=\"Escrito por\" \/>\n\t<meta name=\"twitter:data1\" content=\"admin\" \/>\n\t<meta name=\"twitter:label2\" content=\"Est. tempo de leitura\" \/>\n\t<meta name=\"twitter:data2\" content=\"6 minutos\" \/>\n<script type=\"application\/ld+json\" class=\"yoast-schema-graph\">{\"@context\":\"https:\/\/schema.org\",\"@graph\":[{\"@type\":\"WebSite\",\"@id\":\"https:\/\/franciscanos.org.br\/noticias\/#website\",\"url\":\"https:\/\/franciscanos.org.br\/noticias\/\",\"name\":\"Not\u00edcias - Franciscanos\",\"description\":\"Prov\u00edncia Franciscana da Imaculada Concei\u00e7\u00e3o do Brasil - Ordem dos Frades Menores - OFM\",\"potentialAction\":[{\"@type\":\"SearchAction\",\"target\":{\"@type\":\"EntryPoint\",\"urlTemplate\":\"https:\/\/franciscanos.org.br\/noticias\/?s={search_term_string}\"},\"query-input\":\"required name=search_term_string\"}],\"inLanguage\":\"pt-BR\"},{\"@type\":\"ImageObject\",\"inLanguage\":\"pt-BR\",\"@id\":\"https:\/\/franciscanos.org.br\/noticias\/em-direcao-ao-abraco-do-pai-misericordia-empatia-e-compaixao-presentes-no-segundo-dia-da-10a-cfj.html#primaryimage\",\"url\":\"https:\/\/franciscanos.org.br\/noticias\/wp-content\/uploads\/2022\/09\/caminhada2diad.png\",\"contentUrl\":\"https:\/\/franciscanos.org.br\/noticias\/wp-content\/uploads\/2022\/09\/caminhada2diad.png\",\"width\":800,\"height\":550},{\"@type\":\"WebPage\",\"@id\":\"https:\/\/franciscanos.org.br\/noticias\/em-direcao-ao-abraco-do-pai-misericordia-empatia-e-compaixao-presentes-no-segundo-dia-da-10a-cfj.html#webpage\",\"url\":\"https:\/\/franciscanos.org.br\/noticias\/em-direcao-ao-abraco-do-pai-misericordia-empatia-e-compaixao-presentes-no-segundo-dia-da-10a-cfj.html\",\"name\":\"Em dire\u00e7\u00e3o ao abra\u00e7o do Pai: miseric\u00f3rdia, empatia e compaix\u00e3o presentes no encerramento da 10\u00aa CFJ - Not\u00edcias - Franciscanos\",\"isPartOf\":{\"@id\":\"https:\/\/franciscanos.org.br\/noticias\/#website\"},\"primaryImageOfPage\":{\"@id\":\"https:\/\/franciscanos.org.br\/noticias\/em-direcao-ao-abraco-do-pai-misericordia-empatia-e-compaixao-presentes-no-segundo-dia-da-10a-cfj.html#primaryimage\"},\"datePublished\":\"2022-09-12T01:28:12+00:00\",\"dateModified\":\"2023-02-01T19:41:46+00:00\",\"author\":{\"@id\":\"https:\/\/franciscanos.org.br\/noticias\/#\/schema\/person\/b38fbf43118f02820bd932f2e4b14ad3\"},\"breadcrumb\":{\"@id\":\"https:\/\/franciscanos.org.br\/noticias\/em-direcao-ao-abraco-do-pai-misericordia-empatia-e-compaixao-presentes-no-segundo-dia-da-10a-cfj.html#breadcrumb\"},\"inLanguage\":\"pt-BR\",\"potentialAction\":[{\"@type\":\"ReadAction\",\"target\":[\"https:\/\/franciscanos.org.br\/noticias\/em-direcao-ao-abraco-do-pai-misericordia-empatia-e-compaixao-presentes-no-segundo-dia-da-10a-cfj.html\"]}]},{\"@type\":\"BreadcrumbList\",\"@id\":\"https:\/\/franciscanos.org.br\/noticias\/em-direcao-ao-abraco-do-pai-misericordia-empatia-e-compaixao-presentes-no-segundo-dia-da-10a-cfj.html#breadcrumb\",\"itemListElement\":[{\"@type\":\"ListItem\",\"position\":1,\"name\":\"Home\",\"item\":\"https:\/\/franciscanos.org.br\/noticias\"},{\"@type\":\"ListItem\",\"position\":2,\"name\":\"Em dire\u00e7\u00e3o ao abra\u00e7o do Pai: miseric\u00f3rdia, empatia e compaix\u00e3o presentes no encerramento da 10\u00aa CFJ\"}]},{\"@type\":\"Person\",\"@id\":\"https:\/\/franciscanos.org.br\/noticias\/#\/schema\/person\/b38fbf43118f02820bd932f2e4b14ad3\",\"name\":\"admin\",\"image\":{\"@type\":\"ImageObject\",\"inLanguage\":\"pt-BR\",\"@id\":\"https:\/\/franciscanos.org.br\/noticias\/#\/schema\/person\/image\/\",\"url\":\"https:\/\/secure.gravatar.com\/avatar\/e8495742d34d0ba6448ea1c628263b3e?s=96&d=mm&r=g\",\"contentUrl\":\"https:\/\/secure.gravatar.com\/avatar\/e8495742d34d0ba6448ea1c628263b3e?s=96&d=mm&r=g\",\"caption\":\"admin\"},\"url\":\"https:\/\/franciscanos.org.br\/noticias\/author\/admin\"}]}<\/script>\n<!-- \/ Yoast SEO plugin. -->","yoast_head_json":{"title":"Em dire\u00e7\u00e3o ao abra\u00e7o do Pai: miseric\u00f3rdia, empatia e compaix\u00e3o presentes no encerramento da 10\u00aa CFJ - Not\u00edcias - Franciscanos","robots":{"index":"index","follow":"follow","max-snippet":"max-snippet:-1","max-image-preview":"max-image-preview:large","max-video-preview":"max-video-preview:-1"},"canonical":"https:\/\/franciscanos.org.br\/noticias\/em-direcao-ao-abraco-do-pai-misericordia-empatia-e-compaixao-presentes-no-segundo-dia-da-10a-cfj.html","og_locale":"pt_BR","og_type":"article","og_title":"Em dire\u00e7\u00e3o ao abra\u00e7o do Pai: miseric\u00f3rdia, empatia e compaix\u00e3o presentes no encerramento da 10\u00aa CFJ - Not\u00edcias - Franciscanos","og_description":"X CFJ","og_url":"https:\/\/franciscanos.org.br\/noticias\/em-direcao-ao-abraco-do-pai-misericordia-empatia-e-compaixao-presentes-no-segundo-dia-da-10a-cfj.html","og_site_name":"Not\u00edcias - Franciscanos","article_published_time":"2022-09-12T01:28:12+00:00","article_modified_time":"2023-02-01T19:41:46+00:00","og_image":[{"width":800,"height":550,"url":"https:\/\/franciscanos.org.br\/noticias\/wp-content\/uploads\/2022\/09\/caminhada2diad.png","type":"image\/png"}],"author":"admin","twitter_card":"summary_large_image","twitter_misc":{"Escrito por":"admin","Est. tempo de leitura":"6 minutos"},"schema":{"@context":"https:\/\/schema.org","@graph":[{"@type":"WebSite","@id":"https:\/\/franciscanos.org.br\/noticias\/#website","url":"https:\/\/franciscanos.org.br\/noticias\/","name":"Not\u00edcias - Franciscanos","description":"Prov\u00edncia Franciscana da Imaculada Concei\u00e7\u00e3o do Brasil - Ordem dos Frades Menores - OFM","potentialAction":[{"@type":"SearchAction","target":{"@type":"EntryPoint","urlTemplate":"https:\/\/franciscanos.org.br\/noticias\/?s={search_term_string}"},"query-input":"required name=search_term_string"}],"inLanguage":"pt-BR"},{"@type":"ImageObject","inLanguage":"pt-BR","@id":"https:\/\/franciscanos.org.br\/noticias\/em-direcao-ao-abraco-do-pai-misericordia-empatia-e-compaixao-presentes-no-segundo-dia-da-10a-cfj.html#primaryimage","url":"https:\/\/franciscanos.org.br\/noticias\/wp-content\/uploads\/2022\/09\/caminhada2diad.png","contentUrl":"https:\/\/franciscanos.org.br\/noticias\/wp-content\/uploads\/2022\/09\/caminhada2diad.png","width":800,"height":550},{"@type":"WebPage","@id":"https:\/\/franciscanos.org.br\/noticias\/em-direcao-ao-abraco-do-pai-misericordia-empatia-e-compaixao-presentes-no-segundo-dia-da-10a-cfj.html#webpage","url":"https:\/\/franciscanos.org.br\/noticias\/em-direcao-ao-abraco-do-pai-misericordia-empatia-e-compaixao-presentes-no-segundo-dia-da-10a-cfj.html","name":"Em dire\u00e7\u00e3o ao abra\u00e7o do Pai: miseric\u00f3rdia, empatia e compaix\u00e3o presentes no encerramento da 10\u00aa CFJ - Not\u00edcias - Franciscanos","isPartOf":{"@id":"https:\/\/franciscanos.org.br\/noticias\/#website"},"primaryImageOfPage":{"@id":"https:\/\/franciscanos.org.br\/noticias\/em-direcao-ao-abraco-do-pai-misericordia-empatia-e-compaixao-presentes-no-segundo-dia-da-10a-cfj.html#primaryimage"},"datePublished":"2022-09-12T01:28:12+00:00","dateModified":"2023-02-01T19:41:46+00:00","author":{"@id":"https:\/\/franciscanos.org.br\/noticias\/#\/schema\/person\/b38fbf43118f02820bd932f2e4b14ad3"},"breadcrumb":{"@id":"https:\/\/franciscanos.org.br\/noticias\/em-direcao-ao-abraco-do-pai-misericordia-empatia-e-compaixao-presentes-no-segundo-dia-da-10a-cfj.html#breadcrumb"},"inLanguage":"pt-BR","potentialAction":[{"@type":"ReadAction","target":["https:\/\/franciscanos.org.br\/noticias\/em-direcao-ao-abraco-do-pai-misericordia-empatia-e-compaixao-presentes-no-segundo-dia-da-10a-cfj.html"]}]},{"@type":"BreadcrumbList","@id":"https:\/\/franciscanos.org.br\/noticias\/em-direcao-ao-abraco-do-pai-misericordia-empatia-e-compaixao-presentes-no-segundo-dia-da-10a-cfj.html#breadcrumb","itemListElement":[{"@type":"ListItem","position":1,"name":"Home","item":"https:\/\/franciscanos.org.br\/noticias"},{"@type":"ListItem","position":2,"name":"Em dire\u00e7\u00e3o ao abra\u00e7o do Pai: miseric\u00f3rdia, empatia e compaix\u00e3o presentes no encerramento da 10\u00aa CFJ"}]},{"@type":"Person","@id":"https:\/\/franciscanos.org.br\/noticias\/#\/schema\/person\/b38fbf43118f02820bd932f2e4b14ad3","name":"admin","image":{"@type":"ImageObject","inLanguage":"pt-BR","@id":"https:\/\/franciscanos.org.br\/noticias\/#\/schema\/person\/image\/","url":"https:\/\/secure.gravatar.com\/avatar\/e8495742d34d0ba6448ea1c628263b3e?s=96&d=mm&r=g","contentUrl":"https:\/\/secure.gravatar.com\/avatar\/e8495742d34d0ba6448ea1c628263b3e?s=96&d=mm&r=g","caption":"admin"},"url":"https:\/\/franciscanos.org.br\/noticias\/author\/admin"}]}},"_links":{"self":[{"href":"https:\/\/franciscanos.org.br\/noticias\/wp-json\/wp\/v2\/posts\/239593"}],"collection":[{"href":"https:\/\/franciscanos.org.br\/noticias\/wp-json\/wp\/v2\/posts"}],"about":[{"href":"https:\/\/franciscanos.org.br\/noticias\/wp-json\/wp\/v2\/types\/post"}],"author":[{"embeddable":true,"href":"https:\/\/franciscanos.org.br\/noticias\/wp-json\/wp\/v2\/users\/1"}],"replies":[{"embeddable":true,"href":"https:\/\/franciscanos.org.br\/noticias\/wp-json\/wp\/v2\/comments?post=239593"}],"version-history":[{"count":4,"href":"https:\/\/franciscanos.org.br\/noticias\/wp-json\/wp\/v2\/posts\/239593\/revisions"}],"predecessor-version":[{"id":239622,"href":"https:\/\/franciscanos.org.br\/noticias\/wp-json\/wp\/v2\/posts\/239593\/revisions\/239622"}],"wp:featuredmedia":[{"embeddable":true,"href":"https:\/\/franciscanos.org.br\/noticias\/wp-json\/wp\/v2\/media\/239613"}],"wp:attachment":[{"href":"https:\/\/franciscanos.org.br\/noticias\/wp-json\/wp\/v2\/media?parent=239593"}],"wp:term":[{"taxonomy":"category","embeddable":true,"href":"https:\/\/franciscanos.org.br\/noticias\/wp-json\/wp\/v2\/categories?post=239593"},{"taxonomy":"post_tag","embeddable":true,"href":"https:\/\/franciscanos.org.br\/noticias\/wp-json\/wp\/v2\/tags?post=239593"}],"curies":[{"name":"wp","href":"https:\/\/api.w.org\/{rel}","templated":true}]}}