{"id":239587,"date":"2022-09-11T08:00:14","date_gmt":"2022-09-11T11:00:14","guid":{"rendered":"https:\/\/franciscanos.org.br\/noticias\/?p=239587"},"modified":"2022-09-11T08:00:14","modified_gmt":"2022-09-11T11:00:14","slug":"papa-deus-e-assim-ele-nao-fica-tranquilo-se-nos-afastamos-dele","status":"publish","type":"post","link":"https:\/\/franciscanos.org.br\/noticias\/papa-deus-e-assim-ele-nao-fica-tranquilo-se-nos-afastamos-dele.html","title":{"rendered":"Papa: &#8220;Deus \u00e9 assim: Ele n\u00e3o fica &#8216;tranquilo&#8217; se nos afastamos d&#8217;Ele&#8221;"},"content":{"rendered":"<div id=\"attachment_239588\" style=\"width: 1510px\" class=\"wp-caption alignnone\"><img aria-describedby=\"caption-attachment-239588\" loading=\"lazy\" class=\"wp-image-239588 size-full\" src=\"https:\/\/franciscanos.org.br\/noticias\/wp-content\/uploads\/2022\/09\/angelus_11.jpeg\" alt=\"\" width=\"1500\" height=\"844\" srcset=\"https:\/\/franciscanos.org.br\/noticias\/wp-content\/uploads\/2022\/09\/angelus_11.jpeg 1500w, https:\/\/franciscanos.org.br\/noticias\/wp-content\/uploads\/2022\/09\/angelus_11-450x253.jpeg 450w, https:\/\/franciscanos.org.br\/noticias\/wp-content\/uploads\/2022\/09\/angelus_11-1024x576.jpeg 1024w, https:\/\/franciscanos.org.br\/noticias\/wp-content\/uploads\/2022\/09\/angelus_11-768x432.jpeg 768w, https:\/\/franciscanos.org.br\/noticias\/wp-content\/uploads\/2022\/09\/angelus_11-150x84.jpeg 150w\" sizes=\"(max-width: 1500px) 100vw, 1500px\" \/><p id=\"caption-attachment-239588\" class=\"wp-caption-text\">\u00a0 \u00a0 \u00a0 \u00a0 \u00a0 \u00a0 \u00a0 \u00a0 \u00a0 \u00a0 \u00a0 \u00a0 \u00a0 \u00a0 \u00a0 \u00a0 \u00a0 \u00a0 \u00a0 \u00a0 \u00a0 \u00a0 \u00a0 \u00a0 \u00a0 \u00a0 \u00a0 \u00a0 \u00a0 \u00a0 \u00a0 \u00a0 \u00a0 \u00a0 \u00a0 \u00a0 \u00a0 \u00a0 \u00a0 \u00a0 \u00a0 \u00a0 \u00a0 \u00a0 \u00a0 \u00a0 \u00a0 \u00a0 \u00a0 \u00a0 \u00a0 \u00a0 \u00a0 \u00a0 \u00a0 \u00a0 \u00a0 \u00a0 <em>Imagem: Vatican Media<\/em><\/p><\/div>\n<p>Um Deus com cora\u00e7\u00e3o de pai e m\u00e3e, que sofre quando nos distanciamos dele, quando nos perdemos, mas que continuamente vela por n\u00f3s, espera o nosso retorno para nos ter em seus bra\u00e7os.<\/p>\n<p>Jesus fazendo a refei\u00e7\u00e3o com os pecadores: esc\u00e2ndalo para fariseus e escribas, ao mesmo tempo a revela\u00e7\u00e3o de que Deus &#8220;n\u00e3o exclui ningu\u00e9m, deseja todos em seu banquete, porque ama a todos como filhos&#8221;.<\/p>\n<p>Tr\u00eas par\u00e1bolas da miseric\u00f3rdia que resumem o cora\u00e7\u00e3o do Evangelho: Deus \u00e9 Pai e vem nos procurar sempre que nos perdemos.<\/p>\n<p>Inspirado no Evangelho de Lucas da liturgia do dia, o Papa convidou os milhares de peregrinos e turistas reunidos na Pra\u00e7a S\u00e3o Pedro para o Angelus dominical &#8211; a tamb\u00e9m a n\u00f3s -, a prestar aten\u00e7\u00e3o na &#8220;inquieta\u00e7\u00e3o pela falta&#8221;, aspecto comum aos protagonistas das par\u00e1bolas: um pastor que procura a ovelha perdida, uma mulher que encontra a moeda perdida e o pai do filho pr\u00f3digo.<\/p>\n<p>Os tr\u00eas &#8211; explicou Francisco &#8211; se fizessem alguns c\u00e1lculos, poderiam ficar tranquilos: &#8220;ao pastor falta uma ovelha, mas tem outras noventa e nove; \u00e0 mulher uma moeda, mas tem outras nove; e tamb\u00e9m o Pai tem outro filho, obediente, a quem se dedicar. Por que pensar no outro que se foi, para viver uma vida desregrada?&#8221; Mas em seus cora\u00e7\u00f5es, &#8220;existe uma inquieta\u00e7\u00e3o por aquilo que falta: a ovelha, a moeda, o filho que foi embora.&#8221;<\/p>\n<p>\u201cQuem ama se preocupa com aqueles que faltam, sente saudades de quem est\u00e1 ausente, procura quem se perdeu, espera por quem se afastou. Porque quer que ningu\u00e9m se perca.\u201d<\/p>\n<p>Irm\u00e3os e irm\u00e3s &#8211; disse o Papa &#8211; Deus \u00e9 assim: &#8220;Ele n\u00e3o fica &#8220;tranquilo&#8221; se nos afastamos d&#8217;Ele, ele sofre, treme no seu \u00edntimo; e sai a nossa procura, at\u00e9 que nos traga de volta em seus bra\u00e7os. O Senhor n\u00e3o calcula as perdas e os riscos, tem um cora\u00e7\u00e3o de pai e de m\u00e3e, e sofre com a falta dos filhos amados. &#8220;Mas por que sofre se este filho \u00e9 um desgra\u00e7ado, se foi embora? Sofre, sofre. Deus sofre com a nossa dist\u00e2ncia e, quando nos perdemos, espera o nosso retorno. Recordemo-nos: Deus sempre nos espera, Deus sempre nos espera de bra\u00e7os abertos, qualquer que seja a situa\u00e7\u00e3o de vida em que nos perdemos. Como diz um Salmo, ele n\u00e3o adormece, ele sempre vela por n\u00f3s&#8221;.<\/p>\n<p>Como costuma fazer em suas reflex\u00f5es, o Papa faz o convite para olharmos para n\u00f3s mesmos e nos perguntarmos: &#8220;Imitamos o Senhor nisso, ou seja, temos a inquieta\u00e7\u00e3o pela falta? Temos saudades de quem est\u00e1 ausente, dos que se afastaram da vida crist\u00e3? Carregamos essa inquieta\u00e7\u00e3o interior ou permanecemos calmos e imperturb\u00e1veis \u200b\u200bentre n\u00f3s? Em outras palavras, quem falta em nossas comunidades, realmente nos faz falta ou fazemos de conta e n\u00e3o toca o cora\u00e7\u00e3o? Quem falta na minha vida, realmente faz falta? Ou estamos bem entre n\u00f3s, tranquilos e felizes em nossos grupos -&#8220;n\u00e3o, vou a um grupo apost\u00f3lico, muito bom&#8230;-, sem nutrir compaix\u00e3o por quem est\u00e1 distante? N\u00e3o se trata somente de estar \u201caberto aos outros\u201d, \u00e9 Evangelho! O pastor da par\u00e1bola n\u00e3o disse: &#8220;J\u00e1 tenho noventa e nove ovelhas, quem me faz ir procurar a perdida, a perder tempo?&#8221; Ao inv\u00e9s disso Ele foi&#8221;.<\/p>\n<p>Neste sentido, a exorta\u00e7\u00e3o a fazermos uma reflex\u00e3o sobre nossas rela\u00e7\u00f5es: &#8220;Eu rezo por quem n\u00e3o acredita, por quem est\u00e1 longe, por quem est\u00e1 amargurado? Atra\u00edmos os distantes pelo estilo de Deus, este estilo de Deus que \u00e9 proximidade, compaix\u00e3o e ternura? O Pai pede que estejamos atentos aos filhos que mais lhe fazem falta. Pensemos em algu\u00e9m que conhecemos, que est\u00e1 ao nosso lado e que talvez nunca tenham ouvido algu\u00e9m dizer: \u201cSabe? Tu \u00e9s importante para Deus\u201d. &#8220;Mas, por favor, eu estou em situa\u00e7\u00e3o irregular, fiz isto errado, mais isso..&#8221;. Tu \u00e9s importante para Deus: dizer isso. Tu n\u00e3o o buscas, mas Ele te busca&#8221;.<\/p>\n<p>Deixemo-nos inquietar, que sejamos homens e mulheres de cora\u00e7\u00e3o inquieto, deixemo-nos inquietar por estas interroga\u00e7\u00f5es e rezemos a Nossa Senhora, m\u00e3e que n\u00e3o se cansa de nos procurar e de cuidar de n\u00f3s, seus filhos.<\/p>\n<hr \/>\n<p><em>Fonte: Vatican News (texto de Jackson Erpen)<\/em><\/p>\n","protected":false},"excerpt":{"rendered":"<p>Angelus<\/p>\n","protected":false},"author":3,"featured_media":239588,"comment_status":"open","ping_status":"open","sticky":false,"template":"","format":"standard","meta":[],"categories":[1428],"tags":[403],"acf":[],"yoast_head":"<!-- This site is optimized with the Yoast SEO plugin v19.2 - https:\/\/yoast.com\/wordpress\/plugins\/seo\/ -->\n<title>Papa: &quot;Deus \u00e9 assim: Ele n\u00e3o fica &#039;tranquilo&#039; se nos afastamos d&#039;Ele&quot; - Not\u00edcias - Franciscanos<\/title>\n<meta name=\"robots\" content=\"index, follow, max-snippet:-1, max-image-preview:large, max-video-preview:-1\" \/>\n<link rel=\"canonical\" href=\"https:\/\/franciscanos.org.br\/noticias\/papa-deus-e-assim-ele-nao-fica-tranquilo-se-nos-afastamos-dele.html\" \/>\n<meta property=\"og:locale\" content=\"pt_BR\" \/>\n<meta property=\"og:type\" content=\"article\" \/>\n<meta property=\"og:title\" content=\"Papa: &quot;Deus \u00e9 assim: Ele n\u00e3o fica &#039;tranquilo&#039; se nos afastamos d&#039;Ele&quot; - Not\u00edcias - Franciscanos\" \/>\n<meta property=\"og:description\" content=\"Angelus\" \/>\n<meta property=\"og:url\" content=\"https:\/\/franciscanos.org.br\/noticias\/papa-deus-e-assim-ele-nao-fica-tranquilo-se-nos-afastamos-dele.html\" \/>\n<meta property=\"og:site_name\" content=\"Not\u00edcias - Franciscanos\" \/>\n<meta property=\"article:published_time\" content=\"2022-09-11T11:00:14+00:00\" \/>\n<meta property=\"og:image\" content=\"https:\/\/franciscanos.org.br\/noticias\/wp-content\/uploads\/2022\/09\/angelus_11.jpeg\" \/>\n\t<meta property=\"og:image:width\" content=\"1500\" \/>\n\t<meta property=\"og:image:height\" content=\"844\" \/>\n\t<meta property=\"og:image:type\" content=\"image\/jpeg\" \/>\n<meta name=\"author\" content=\"moacir\" \/>\n<meta name=\"twitter:card\" content=\"summary_large_image\" \/>\n<meta name=\"twitter:label1\" content=\"Escrito por\" \/>\n\t<meta name=\"twitter:data1\" content=\"moacir\" \/>\n\t<meta name=\"twitter:label2\" content=\"Est. tempo de leitura\" \/>\n\t<meta name=\"twitter:data2\" content=\"4 minutos\" \/>\n<script type=\"application\/ld+json\" class=\"yoast-schema-graph\">{\"@context\":\"https:\/\/schema.org\",\"@graph\":[{\"@type\":\"WebSite\",\"@id\":\"https:\/\/franciscanos.org.br\/noticias\/#website\",\"url\":\"https:\/\/franciscanos.org.br\/noticias\/\",\"name\":\"Not\u00edcias - Franciscanos\",\"description\":\"Prov\u00edncia Franciscana da Imaculada Concei\u00e7\u00e3o do Brasil - Ordem dos Frades Menores - OFM\",\"potentialAction\":[{\"@type\":\"SearchAction\",\"target\":{\"@type\":\"EntryPoint\",\"urlTemplate\":\"https:\/\/franciscanos.org.br\/noticias\/?s={search_term_string}\"},\"query-input\":\"required name=search_term_string\"}],\"inLanguage\":\"pt-BR\"},{\"@type\":\"ImageObject\",\"inLanguage\":\"pt-BR\",\"@id\":\"https:\/\/franciscanos.org.br\/noticias\/papa-deus-e-assim-ele-nao-fica-tranquilo-se-nos-afastamos-dele.html#primaryimage\",\"url\":\"https:\/\/franciscanos.org.br\/noticias\/wp-content\/uploads\/2022\/09\/angelus_11.jpeg\",\"contentUrl\":\"https:\/\/franciscanos.org.br\/noticias\/wp-content\/uploads\/2022\/09\/angelus_11.jpeg\",\"width\":1500,\"height\":844},{\"@type\":\"WebPage\",\"@id\":\"https:\/\/franciscanos.org.br\/noticias\/papa-deus-e-assim-ele-nao-fica-tranquilo-se-nos-afastamos-dele.html#webpage\",\"url\":\"https:\/\/franciscanos.org.br\/noticias\/papa-deus-e-assim-ele-nao-fica-tranquilo-se-nos-afastamos-dele.html\",\"name\":\"Papa: \\\"Deus \u00e9 assim: Ele n\u00e3o fica 'tranquilo' se nos afastamos d'Ele\\\" - Not\u00edcias - Franciscanos\",\"isPartOf\":{\"@id\":\"https:\/\/franciscanos.org.br\/noticias\/#website\"},\"primaryImageOfPage\":{\"@id\":\"https:\/\/franciscanos.org.br\/noticias\/papa-deus-e-assim-ele-nao-fica-tranquilo-se-nos-afastamos-dele.html#primaryimage\"},\"datePublished\":\"2022-09-11T11:00:14+00:00\",\"dateModified\":\"2022-09-11T11:00:14+00:00\",\"author\":{\"@id\":\"https:\/\/franciscanos.org.br\/noticias\/#\/schema\/person\/b5c8cba458c330ccff548b056e95a5d4\"},\"breadcrumb\":{\"@id\":\"https:\/\/franciscanos.org.br\/noticias\/papa-deus-e-assim-ele-nao-fica-tranquilo-se-nos-afastamos-dele.html#breadcrumb\"},\"inLanguage\":\"pt-BR\",\"potentialAction\":[{\"@type\":\"ReadAction\",\"target\":[\"https:\/\/franciscanos.org.br\/noticias\/papa-deus-e-assim-ele-nao-fica-tranquilo-se-nos-afastamos-dele.html\"]}]},{\"@type\":\"BreadcrumbList\",\"@id\":\"https:\/\/franciscanos.org.br\/noticias\/papa-deus-e-assim-ele-nao-fica-tranquilo-se-nos-afastamos-dele.html#breadcrumb\",\"itemListElement\":[{\"@type\":\"ListItem\",\"position\":1,\"name\":\"Home\",\"item\":\"https:\/\/franciscanos.org.br\/noticias\"},{\"@type\":\"ListItem\",\"position\":2,\"name\":\"Papa: &#8220;Deus \u00e9 assim: Ele n\u00e3o fica &#8216;tranquilo&#8217; se nos afastamos d&#8217;Ele&#8221;\"}]},{\"@type\":\"Person\",\"@id\":\"https:\/\/franciscanos.org.br\/noticias\/#\/schema\/person\/b5c8cba458c330ccff548b056e95a5d4\",\"name\":\"moacir\",\"image\":{\"@type\":\"ImageObject\",\"inLanguage\":\"pt-BR\",\"@id\":\"https:\/\/franciscanos.org.br\/noticias\/#\/schema\/person\/image\/\",\"url\":\"https:\/\/secure.gravatar.com\/avatar\/d08aa2ce4c8dd416d4479aa8536fcf64?s=96&d=mm&r=g\",\"contentUrl\":\"https:\/\/secure.gravatar.com\/avatar\/d08aa2ce4c8dd416d4479aa8536fcf64?s=96&d=mm&r=g\",\"caption\":\"moacir\"},\"url\":\"https:\/\/franciscanos.org.br\/noticias\/author\/moacir\"}]}<\/script>\n<!-- \/ Yoast SEO plugin. -->","yoast_head_json":{"title":"Papa: \"Deus \u00e9 assim: Ele n\u00e3o fica 'tranquilo' se nos afastamos d'Ele\" - Not\u00edcias - Franciscanos","robots":{"index":"index","follow":"follow","max-snippet":"max-snippet:-1","max-image-preview":"max-image-preview:large","max-video-preview":"max-video-preview:-1"},"canonical":"https:\/\/franciscanos.org.br\/noticias\/papa-deus-e-assim-ele-nao-fica-tranquilo-se-nos-afastamos-dele.html","og_locale":"pt_BR","og_type":"article","og_title":"Papa: \"Deus \u00e9 assim: Ele n\u00e3o fica 'tranquilo' se nos afastamos d'Ele\" - Not\u00edcias - Franciscanos","og_description":"Angelus","og_url":"https:\/\/franciscanos.org.br\/noticias\/papa-deus-e-assim-ele-nao-fica-tranquilo-se-nos-afastamos-dele.html","og_site_name":"Not\u00edcias - Franciscanos","article_published_time":"2022-09-11T11:00:14+00:00","og_image":[{"width":1500,"height":844,"url":"https:\/\/franciscanos.org.br\/noticias\/wp-content\/uploads\/2022\/09\/angelus_11.jpeg","type":"image\/jpeg"}],"author":"moacir","twitter_card":"summary_large_image","twitter_misc":{"Escrito por":"moacir","Est. tempo de leitura":"4 minutos"},"schema":{"@context":"https:\/\/schema.org","@graph":[{"@type":"WebSite","@id":"https:\/\/franciscanos.org.br\/noticias\/#website","url":"https:\/\/franciscanos.org.br\/noticias\/","name":"Not\u00edcias - Franciscanos","description":"Prov\u00edncia Franciscana da Imaculada Concei\u00e7\u00e3o do Brasil - Ordem dos Frades Menores - OFM","potentialAction":[{"@type":"SearchAction","target":{"@type":"EntryPoint","urlTemplate":"https:\/\/franciscanos.org.br\/noticias\/?s={search_term_string}"},"query-input":"required name=search_term_string"}],"inLanguage":"pt-BR"},{"@type":"ImageObject","inLanguage":"pt-BR","@id":"https:\/\/franciscanos.org.br\/noticias\/papa-deus-e-assim-ele-nao-fica-tranquilo-se-nos-afastamos-dele.html#primaryimage","url":"https:\/\/franciscanos.org.br\/noticias\/wp-content\/uploads\/2022\/09\/angelus_11.jpeg","contentUrl":"https:\/\/franciscanos.org.br\/noticias\/wp-content\/uploads\/2022\/09\/angelus_11.jpeg","width":1500,"height":844},{"@type":"WebPage","@id":"https:\/\/franciscanos.org.br\/noticias\/papa-deus-e-assim-ele-nao-fica-tranquilo-se-nos-afastamos-dele.html#webpage","url":"https:\/\/franciscanos.org.br\/noticias\/papa-deus-e-assim-ele-nao-fica-tranquilo-se-nos-afastamos-dele.html","name":"Papa: \"Deus \u00e9 assim: Ele n\u00e3o fica 'tranquilo' se nos afastamos d'Ele\" - Not\u00edcias - Franciscanos","isPartOf":{"@id":"https:\/\/franciscanos.org.br\/noticias\/#website"},"primaryImageOfPage":{"@id":"https:\/\/franciscanos.org.br\/noticias\/papa-deus-e-assim-ele-nao-fica-tranquilo-se-nos-afastamos-dele.html#primaryimage"},"datePublished":"2022-09-11T11:00:14+00:00","dateModified":"2022-09-11T11:00:14+00:00","author":{"@id":"https:\/\/franciscanos.org.br\/noticias\/#\/schema\/person\/b5c8cba458c330ccff548b056e95a5d4"},"breadcrumb":{"@id":"https:\/\/franciscanos.org.br\/noticias\/papa-deus-e-assim-ele-nao-fica-tranquilo-se-nos-afastamos-dele.html#breadcrumb"},"inLanguage":"pt-BR","potentialAction":[{"@type":"ReadAction","target":["https:\/\/franciscanos.org.br\/noticias\/papa-deus-e-assim-ele-nao-fica-tranquilo-se-nos-afastamos-dele.html"]}]},{"@type":"BreadcrumbList","@id":"https:\/\/franciscanos.org.br\/noticias\/papa-deus-e-assim-ele-nao-fica-tranquilo-se-nos-afastamos-dele.html#breadcrumb","itemListElement":[{"@type":"ListItem","position":1,"name":"Home","item":"https:\/\/franciscanos.org.br\/noticias"},{"@type":"ListItem","position":2,"name":"Papa: &#8220;Deus \u00e9 assim: Ele n\u00e3o fica &#8216;tranquilo&#8217; se nos afastamos d&#8217;Ele&#8221;"}]},{"@type":"Person","@id":"https:\/\/franciscanos.org.br\/noticias\/#\/schema\/person\/b5c8cba458c330ccff548b056e95a5d4","name":"moacir","image":{"@type":"ImageObject","inLanguage":"pt-BR","@id":"https:\/\/franciscanos.org.br\/noticias\/#\/schema\/person\/image\/","url":"https:\/\/secure.gravatar.com\/avatar\/d08aa2ce4c8dd416d4479aa8536fcf64?s=96&d=mm&r=g","contentUrl":"https:\/\/secure.gravatar.com\/avatar\/d08aa2ce4c8dd416d4479aa8536fcf64?s=96&d=mm&r=g","caption":"moacir"},"url":"https:\/\/franciscanos.org.br\/noticias\/author\/moacir"}]}},"_links":{"self":[{"href":"https:\/\/franciscanos.org.br\/noticias\/wp-json\/wp\/v2\/posts\/239587"}],"collection":[{"href":"https:\/\/franciscanos.org.br\/noticias\/wp-json\/wp\/v2\/posts"}],"about":[{"href":"https:\/\/franciscanos.org.br\/noticias\/wp-json\/wp\/v2\/types\/post"}],"author":[{"embeddable":true,"href":"https:\/\/franciscanos.org.br\/noticias\/wp-json\/wp\/v2\/users\/3"}],"replies":[{"embeddable":true,"href":"https:\/\/franciscanos.org.br\/noticias\/wp-json\/wp\/v2\/comments?post=239587"}],"version-history":[{"count":1,"href":"https:\/\/franciscanos.org.br\/noticias\/wp-json\/wp\/v2\/posts\/239587\/revisions"}],"predecessor-version":[{"id":239589,"href":"https:\/\/franciscanos.org.br\/noticias\/wp-json\/wp\/v2\/posts\/239587\/revisions\/239589"}],"wp:featuredmedia":[{"embeddable":true,"href":"https:\/\/franciscanos.org.br\/noticias\/wp-json\/wp\/v2\/media\/239588"}],"wp:attachment":[{"href":"https:\/\/franciscanos.org.br\/noticias\/wp-json\/wp\/v2\/media?parent=239587"}],"wp:term":[{"taxonomy":"category","embeddable":true,"href":"https:\/\/franciscanos.org.br\/noticias\/wp-json\/wp\/v2\/categories?post=239587"},{"taxonomy":"post_tag","embeddable":true,"href":"https:\/\/franciscanos.org.br\/noticias\/wp-json\/wp\/v2\/tags?post=239587"}],"curies":[{"name":"wp","href":"https:\/\/api.w.org\/{rel}","templated":true}]}}