{"id":239563,"date":"2022-09-11T00:30:58","date_gmt":"2022-09-11T03:30:58","guid":{"rendered":"https:\/\/franciscanos.org.br\/noticias\/?p=239563"},"modified":"2023-02-01T16:41:54","modified_gmt":"2023-02-01T19:41:54","slug":"10a-cfj-primeiro-dia-celebra-reencontro-retomada-e-acolhida-dos-novos-caminhantes","status":"publish","type":"post","link":"https:\/\/franciscanos.org.br\/noticias\/10a-cfj-primeiro-dia-celebra-reencontro-retomada-e-acolhida-dos-novos-caminhantes.html","title":{"rendered":"10\u00aa CFJ: Primeiro dia celebra reencontro, retomada e acolhida dos novos caminhantes"},"content":{"rendered":"<p><img loading=\"lazy\" class=\"alignnone size-full wp-image-239572\" src=\"https:\/\/franciscanos.org.br\/noticias\/wp-content\/uploads\/2022\/09\/caminhada1dia2.png\" alt=\"\" width=\"1280\" height=\"720\" srcset=\"https:\/\/franciscanos.org.br\/noticias\/wp-content\/uploads\/2022\/09\/caminhada1dia2.png 1280w, https:\/\/franciscanos.org.br\/noticias\/wp-content\/uploads\/2022\/09\/caminhada1dia2-450x253.png 450w, https:\/\/franciscanos.org.br\/noticias\/wp-content\/uploads\/2022\/09\/caminhada1dia2-1024x576.png 1024w, https:\/\/franciscanos.org.br\/noticias\/wp-content\/uploads\/2022\/09\/caminhada1dia2-768x432.png 768w, https:\/\/franciscanos.org.br\/noticias\/wp-content\/uploads\/2022\/09\/caminhada1dia2-150x84.png 150w\" sizes=\"(max-width: 1280px) 100vw, 1280px\" \/><\/p>\n<p>Uma verdadeira maratona de quase 24 horas, com longos percursos de \u00f4nibus, quase vinte quil\u00f4metros a p\u00e9, atravessando os Munic\u00edpios de Aparecida e Guaratinguet\u00e1, em S\u00e3o Paulo, marcou o primeiro dia da X Caminhada Franciscana das Juventudes. Desde as quatro horas da manh\u00e3 deste s\u00e1bado, dia 10 de setembro, as caravanas come\u00e7aram a chegar no Porto de Itagua\u00e7u, em Aparecida, SP, lugar onde foi encontrada, em 1717, a imagem de Nossa Senhora Aparecida. Os 360 caminhantes vieram dos estados de Santa Catarina, Paran\u00e1, S\u00e3o Paulo e Rio de Janeiro e foram acolhidos a partir das 5h30, recebendo o kit para a caminhada e as primeiras orienta\u00e7\u00f5es sobre o percurso e a din\u00e2mica do evento. Puderam ainda saborear o lanche matinal, preparado com carinho pela equipe organizadora.<\/p>\n<p><img loading=\"lazy\" class=\"alignnone size-full wp-image-239565\" src=\"https:\/\/franciscanos.org.br\/noticias\/wp-content\/uploads\/2022\/09\/caminhada1dia1.png\" alt=\"\" width=\"1280\" height=\"720\" srcset=\"https:\/\/franciscanos.org.br\/noticias\/wp-content\/uploads\/2022\/09\/caminhada1dia1.png 1280w, https:\/\/franciscanos.org.br\/noticias\/wp-content\/uploads\/2022\/09\/caminhada1dia1-450x253.png 450w, https:\/\/franciscanos.org.br\/noticias\/wp-content\/uploads\/2022\/09\/caminhada1dia1-1024x576.png 1024w, https:\/\/franciscanos.org.br\/noticias\/wp-content\/uploads\/2022\/09\/caminhada1dia1-768x432.png 768w, https:\/\/franciscanos.org.br\/noticias\/wp-content\/uploads\/2022\/09\/caminhada1dia1-150x84.png 150w\" sizes=\"(max-width: 1280px) 100vw, 1280px\" \/><\/p>\n<p>A ora\u00e7\u00e3o de envio ocorreu \u00e0s 7h, pr\u00f3ximo \u00e0 margem do Rio Para\u00edba, ao redor de um belo altar em forma de barco especialmente decorado em honra \u00e0 Padroeira do Brasil, cuja imagem recordava a todos os participantes que eles n\u00e3o iriam caminhar a s\u00f3s e podiam contar com o amparo da M\u00e3e. O convite da prece de abertura, motivado a partir de uma grande rede de pesca decorada com peixinhos de cartolina, era de que os caminhantes franciscanos se deixassem conduzir pela mesma rede que trouxe para humildes pescadores o eloquente sinal da imagem de Aparecida. Dentre o grupo participante, mais da metade era de \u201cpescadores\u201d estreantes, ou seja, estavam participando da Caminhada pela primeira vez. Outros j\u00e1 tinham certa experi\u00eancia, alguns participantes da I Edi\u00e7\u00e3o, celebrada em 2014, tamb\u00e9m na Regi\u00e3o do Vale do Para\u00edba, com percurso de Taubat\u00e9 a Guaratinguet\u00e1.<\/p>\n\n\t\t<style type=\"text\/css\">\n\t\t\t#gallery-1 {\n\t\t\t\tmargin: auto;\n\t\t\t}\n\t\t\t#gallery-1 .gallery-item {\n\t\t\t\tfloat: left;\n\t\t\t\tmargin-top: 10px;\n\t\t\t\ttext-align: center;\n\t\t\t\twidth: 16%;\n\t\t\t}\n\t\t\t#gallery-1 img {\n\t\t\t\tborder: 2px solid #cfcfcf;\n\t\t\t}\n\t\t\t#gallery-1 .gallery-caption {\n\t\t\t\tmargin-left: 0;\n\t\t\t}\n\t\t\t\/* see gallery_shortcode() in wp-includes\/media.php *\/\n\t\t<\/style>\n\t\t<div id='gallery-1' class='gallery galleryid-239563 gallery-columns-6 gallery-size-thumbnail'><dl class='gallery-item'>\n\t\t\t<dt class='gallery-icon landscape'>\n\t\t\t\t<a href='https:\/\/franciscanos.org.br\/noticias\/wp-content\/uploads\/2022\/09\/IMG_3155-scaled.jpg'><img width=\"300\" height=\"300\" src=\"https:\/\/franciscanos.org.br\/noticias\/wp-content\/uploads\/2022\/09\/IMG_3155-300x300.jpg\" class=\"attachment-thumbnail size-thumbnail\" alt=\"\" loading=\"lazy\" srcset=\"https:\/\/franciscanos.org.br\/noticias\/wp-content\/uploads\/2022\/09\/IMG_3155-300x300.jpg 300w, https:\/\/franciscanos.org.br\/noticias\/wp-content\/uploads\/2022\/09\/IMG_3155-100x100.jpg 100w\" sizes=\"(max-width: 300px) 100vw, 300px\" \/><\/a>\n\t\t\t<\/dt><\/dl><dl class='gallery-item'>\n\t\t\t<dt class='gallery-icon landscape'>\n\t\t\t\t<a href='https:\/\/franciscanos.org.br\/noticias\/wp-content\/uploads\/2022\/09\/IMG_3148-scaled.jpg'><img width=\"300\" height=\"300\" src=\"https:\/\/franciscanos.org.br\/noticias\/wp-content\/uploads\/2022\/09\/IMG_3148-300x300.jpg\" class=\"attachment-thumbnail size-thumbnail\" alt=\"\" loading=\"lazy\" srcset=\"https:\/\/franciscanos.org.br\/noticias\/wp-content\/uploads\/2022\/09\/IMG_3148-300x300.jpg 300w, https:\/\/franciscanos.org.br\/noticias\/wp-content\/uploads\/2022\/09\/IMG_3148-100x100.jpg 100w\" sizes=\"(max-width: 300px) 100vw, 300px\" \/><\/a>\n\t\t\t<\/dt><\/dl><dl class='gallery-item'>\n\t\t\t<dt class='gallery-icon landscape'>\n\t\t\t\t<a href='https:\/\/franciscanos.org.br\/noticias\/wp-content\/uploads\/2022\/09\/IMG_3176-scaled.jpg'><img width=\"300\" height=\"300\" src=\"https:\/\/franciscanos.org.br\/noticias\/wp-content\/uploads\/2022\/09\/IMG_3176-300x300.jpg\" class=\"attachment-thumbnail size-thumbnail\" alt=\"\" loading=\"lazy\" srcset=\"https:\/\/franciscanos.org.br\/noticias\/wp-content\/uploads\/2022\/09\/IMG_3176-300x300.jpg 300w, https:\/\/franciscanos.org.br\/noticias\/wp-content\/uploads\/2022\/09\/IMG_3176-100x100.jpg 100w\" sizes=\"(max-width: 300px) 100vw, 300px\" \/><\/a>\n\t\t\t<\/dt><\/dl><dl class='gallery-item'>\n\t\t\t<dt class='gallery-icon landscape'>\n\t\t\t\t<a href='https:\/\/franciscanos.org.br\/noticias\/wp-content\/uploads\/2022\/09\/IMG_3178-scaled.jpg'><img width=\"300\" height=\"300\" src=\"https:\/\/franciscanos.org.br\/noticias\/wp-content\/uploads\/2022\/09\/IMG_3178-300x300.jpg\" class=\"attachment-thumbnail size-thumbnail\" alt=\"\" loading=\"lazy\" srcset=\"https:\/\/franciscanos.org.br\/noticias\/wp-content\/uploads\/2022\/09\/IMG_3178-300x300.jpg 300w, https:\/\/franciscanos.org.br\/noticias\/wp-content\/uploads\/2022\/09\/IMG_3178-100x100.jpg 100w\" sizes=\"(max-width: 300px) 100vw, 300px\" \/><\/a>\n\t\t\t<\/dt><\/dl><dl class='gallery-item'>\n\t\t\t<dt class='gallery-icon landscape'>\n\t\t\t\t<a href='https:\/\/franciscanos.org.br\/noticias\/wp-content\/uploads\/2022\/09\/IMG_3200-scaled.jpg'><img width=\"300\" height=\"300\" src=\"https:\/\/franciscanos.org.br\/noticias\/wp-content\/uploads\/2022\/09\/IMG_3200-300x300.jpg\" class=\"attachment-thumbnail size-thumbnail\" alt=\"\" loading=\"lazy\" srcset=\"https:\/\/franciscanos.org.br\/noticias\/wp-content\/uploads\/2022\/09\/IMG_3200-300x300.jpg 300w, https:\/\/franciscanos.org.br\/noticias\/wp-content\/uploads\/2022\/09\/IMG_3200-100x100.jpg 100w\" sizes=\"(max-width: 300px) 100vw, 300px\" \/><\/a>\n\t\t\t<\/dt><\/dl><dl class='gallery-item'>\n\t\t\t<dt class='gallery-icon landscape'>\n\t\t\t\t<a href='https:\/\/franciscanos.org.br\/noticias\/wp-content\/uploads\/2022\/09\/IMG_3194-scaled.jpg'><img width=\"300\" height=\"300\" src=\"https:\/\/franciscanos.org.br\/noticias\/wp-content\/uploads\/2022\/09\/IMG_3194-300x300.jpg\" class=\"attachment-thumbnail size-thumbnail\" alt=\"\" loading=\"lazy\" srcset=\"https:\/\/franciscanos.org.br\/noticias\/wp-content\/uploads\/2022\/09\/IMG_3194-300x300.jpg 300w, https:\/\/franciscanos.org.br\/noticias\/wp-content\/uploads\/2022\/09\/IMG_3194-100x100.jpg 100w\" sizes=\"(max-width: 300px) 100vw, 300px\" \/><\/a>\n\t\t\t<\/dt><\/dl><br style=\"clear: both\" \/>\n\t\t<\/div>\n\n<p style=\"text-align: center;\"><em>(Clique nas imagens para ampli\u00e1-las)<\/em><\/p>\n<p>O clima de euforia, a alegria pelos novos participantes, o longo processo de prepara\u00e7\u00e3o e o envolvimento de um grande grupo para a organiza\u00e7\u00e3o revelavam quanta expectativa havia em torno do evento, marcado pelo esp\u00edrito de retomada, reencontro e revigoramento da anima\u00e7\u00e3o da Juventude na Prov\u00edncia Franciscana neste tempo de p\u00f3s-pandemia. A volta a Guaratinguet\u00e1 e a recorda\u00e7\u00e3o dos 200 anos de partida para a eternidade do primeiro Santo Brasileiro levaram \u00e0 escolha do tema da Caminhada: \u201cDe Frei Galv\u00e3o a Frei Galv\u00e3o\u201d, com o lema, inspirado na Ora\u00e7\u00e3o de S\u00e3o Francisco, \u201c\u00c9 morrendo que se vive para a vida eterna\u201d. E a caminhada come\u00e7ou, precedida por exerc\u00edcios de alongamento.<\/p>\n<h3><strong>Percurso com 18 quil\u00f4metros e seis pontos de parada <\/strong><\/h3>\n<p>Com a companhia constante do sol e temperaturas de at\u00e9 37 graus a partir da metade da manh\u00e3, a primeira parada foi no Santu\u00e1rio Nacional de Nossa Senhora Aparecida, onde os jovens tiveram um breve momento de prece e homenagem \u00e0 Padroeira do Brasil, fazendo ecoar, a partir da porta para dentro da Bas\u00edlica, o emocionado refr\u00e3o: \u201cEu sou Franciscano, com muito orgulho, com muito amor\u201d. Segue o percurso, a partir de ent\u00e3o acompanhado pela guarda municipal e por uma ambul\u00e2ncia, apoio oferecido pelas Prefeituras de Aparecida e Guaratinguet\u00e1. A segunda e r\u00e1pida parada para foto foi no trevo onde est\u00e1 o letreiro \u201cEu amo Guaratinguet\u00e1\u201d. \u201cCLICK\u201d<\/p>\n<p><img loading=\"lazy\" class=\"alignnone size-full wp-image-239564\" src=\"https:\/\/franciscanos.org.br\/noticias\/wp-content\/uploads\/2022\/09\/caminhada1dia.png\" alt=\"\" width=\"1280\" height=\"720\" srcset=\"https:\/\/franciscanos.org.br\/noticias\/wp-content\/uploads\/2022\/09\/caminhada1dia.png 1280w, https:\/\/franciscanos.org.br\/noticias\/wp-content\/uploads\/2022\/09\/caminhada1dia-450x253.png 450w, https:\/\/franciscanos.org.br\/noticias\/wp-content\/uploads\/2022\/09\/caminhada1dia-1024x576.png 1024w, https:\/\/franciscanos.org.br\/noticias\/wp-content\/uploads\/2022\/09\/caminhada1dia-768x432.png 768w, https:\/\/franciscanos.org.br\/noticias\/wp-content\/uploads\/2022\/09\/caminhada1dia-150x84.png 150w\" sizes=\"(max-width: 1280px) 100vw, 1280px\" \/><\/p>\n<p>A partir do trevo, os jovens deram uma \u201cesticada\u201d de 3,5 km at\u00e9 o Convento das Gra\u00e7as, no Centro de Guar\u00e1, onde foram acolhidos pelas Irm\u00e3s Franciscanas Ser\u00e1ficas e pela equipe de apoio para um momento de breve descanso, lanche e ora\u00e7\u00e3o. Para a Madre Provincial das Irm\u00e3s Ser\u00e1ficas, Irm\u00e3 Marta Lopes, que conduziu o momento orante, estar com os jovens da caminhada foi verdadeiro privil\u00e9gio: \u201cEsta conviv\u00eancia com a juventude nos ajuda a revigorar nossa vida consagrada. Que todos eles possam levar no cora\u00e7\u00e3o todas as gra\u00e7as que est\u00e3o recebendo nesta caminhada\u201d, relatou. Muito obrigado \u00e0s Irm\u00e3s!<\/p>\n<p><img loading=\"lazy\" class=\"alignnone size-full wp-image-239573\" src=\"https:\/\/franciscanos.org.br\/noticias\/wp-content\/uploads\/2022\/09\/caminhada1dia3.png\" alt=\"\" width=\"1280\" height=\"720\" srcset=\"https:\/\/franciscanos.org.br\/noticias\/wp-content\/uploads\/2022\/09\/caminhada1dia3.png 1280w, https:\/\/franciscanos.org.br\/noticias\/wp-content\/uploads\/2022\/09\/caminhada1dia3-450x253.png 450w, https:\/\/franciscanos.org.br\/noticias\/wp-content\/uploads\/2022\/09\/caminhada1dia3-1024x576.png 1024w, https:\/\/franciscanos.org.br\/noticias\/wp-content\/uploads\/2022\/09\/caminhada1dia3-768x432.png 768w, https:\/\/franciscanos.org.br\/noticias\/wp-content\/uploads\/2022\/09\/caminhada1dia3-150x84.png 150w\" sizes=\"(max-width: 1280px) 100vw, 1280px\" \/><\/p>\n<p>J\u00e1 pr\u00f3ximo \u00e0 hora do almo\u00e7o, o grupo partiu em dire\u00e7\u00e3o ao Semin\u00e1rio Frei Galv\u00e3o, onde a pausa foi mais prolongada. Ali tiveram um breve momento de espiritualidade Franciscana, com uma encena\u00e7\u00e3o preparada pelos Postulantes que vivem no Semin\u00e1rio e tamb\u00e9m est\u00e3o participando da Caminhada. Refei\u00e7\u00e3o farta e revigorante, muitas sombras oferecidas pelas \u00e1rvores, descanso, bate-papo e partilha deram a t\u00f4nica da hora do almo\u00e7o e do in\u00edcio da tarde. Perto das 14h, o convite foi para que o grupo se dividisse em rodas de conversa sobre o tema da voca\u00e7\u00e3o, coordenados pelos frades e irm\u00e3s que participavam da caminhada: um verdadeiro encontro formativo. Gratid\u00e3o \u00e0 Fraternidade do Semin\u00e1rio!<\/p>\n<p><img loading=\"lazy\" class=\"alignnone size-full wp-image-239574\" src=\"https:\/\/franciscanos.org.br\/noticias\/wp-content\/uploads\/2022\/09\/caminhada1dia4.png\" alt=\"\" width=\"1280\" height=\"720\" srcset=\"https:\/\/franciscanos.org.br\/noticias\/wp-content\/uploads\/2022\/09\/caminhada1dia4.png 1280w, https:\/\/franciscanos.org.br\/noticias\/wp-content\/uploads\/2022\/09\/caminhada1dia4-450x253.png 450w, https:\/\/franciscanos.org.br\/noticias\/wp-content\/uploads\/2022\/09\/caminhada1dia4-1024x576.png 1024w, https:\/\/franciscanos.org.br\/noticias\/wp-content\/uploads\/2022\/09\/caminhada1dia4-768x432.png 768w, https:\/\/franciscanos.org.br\/noticias\/wp-content\/uploads\/2022\/09\/caminhada1dia4-150x84.png 150w\" sizes=\"(max-width: 1280px) 100vw, 1280px\" \/><\/p>\n<p>Novo alongamento, segue o percurso. Agora, j\u00e1 15h30. Pr\u00f3xima parada no Mosteiro da Imaculada Concei\u00e7\u00e3o, das Irm\u00e3s Concepcionistas. Conduzidos por Frei Diego Melo, Reitor do Santu\u00e1rio Frei Galv\u00e3o, os caminhantes puderam conhecer um pouco da hist\u00f3ria da liga\u00e7\u00e3o entre o Primeiro Santo Brasileiro e as Irm\u00e3s Concepcionistas, Ordem Fundada pela espanhola Santa Beatriz da Silva. Frei Galv\u00e3o foi quem coordenou e executou a constru\u00e7\u00e3o do Mosteiro da Luz, na Capital Paulista. Al\u00e9m de receber a b\u00ean\u00e7\u00e3o cantada das irm\u00e3s, os jovens tamb\u00e9m foram convidados a participar de uma din\u00e2mica. Receberam da m\u00e3o das religiosas 10 tijolos que deveriam ser conduzidos, passando por diferentes m\u00e3os, at\u00e9 a pr\u00f3xima e \u00faltima parada da caminhada, no Santu\u00e1rio Frei Galv\u00e3o. \u201cNossa f\u00e9 deve ser s\u00f3lida e concreta. Enquanto cada um leva este tijolo, pode refletir sobre os fundamentos da pr\u00f3pria vida. E tamb\u00e9m podemos nos recordar de Frei Galv\u00e3o, que se santificou construindo, erguendo paredes\u201d, provocou Frei Diego.<\/p>\n<p><img loading=\"lazy\" class=\"alignnone size-full wp-image-239575\" src=\"https:\/\/franciscanos.org.br\/noticias\/wp-content\/uploads\/2022\/09\/caminhada1dia5.png\" alt=\"\" width=\"1280\" height=\"720\" srcset=\"https:\/\/franciscanos.org.br\/noticias\/wp-content\/uploads\/2022\/09\/caminhada1dia5.png 1280w, https:\/\/franciscanos.org.br\/noticias\/wp-content\/uploads\/2022\/09\/caminhada1dia5-450x253.png 450w, https:\/\/franciscanos.org.br\/noticias\/wp-content\/uploads\/2022\/09\/caminhada1dia5-1024x576.png 1024w, https:\/\/franciscanos.org.br\/noticias\/wp-content\/uploads\/2022\/09\/caminhada1dia5-768x432.png 768w, https:\/\/franciscanos.org.br\/noticias\/wp-content\/uploads\/2022\/09\/caminhada1dia5-150x84.png 150w\" sizes=\"(max-width: 1280px) 100vw, 1280px\" \/><\/p>\n<p>A \u00faltima parte do trajeto do primeiro dia teve quatro quil\u00f4metros de extens\u00e3o, e foi do Mosteiro at\u00e9 o Santu\u00e1rio Frei Galv\u00e3o. Ali, o grupo foi recebido de forma festiva, com toque de sinos e aplausos por um grande grupo de volunt\u00e1rios. Participaram de um ato simb\u00f3lico, depositando os tijolos para completar a inscri\u00e7\u00e3o \u201cPaz e Bem\u201d, colocada no piso ao p\u00e9 da escada que d\u00e1 acesso \u00e0 Igreja. \u201cAssim a juventude deixa sua marca permanente neste santu\u00e1rio, e todos voc\u00eas se comprometer a serem jovens de paz e bem\u201d, exortou Frei Diego. Na Igreja, assistiram \u00e0 encena\u00e7\u00e3o da m\u00fasica \u201cO Amor n\u00e3o \u00e9 amado\u201d e tiveram um momento de reflex\u00e3o pessoal e silenciosa conduzido por Frei Gabriel Dellandrea, do Servi\u00e7o de Anima\u00e7\u00e3o Vocacional e tamb\u00e9m da Anima\u00e7\u00e3o das Juventudes.<\/p>\n<p><img loading=\"lazy\" class=\"alignnone size-full wp-image-239576\" src=\"https:\/\/franciscanos.org.br\/noticias\/wp-content\/uploads\/2022\/09\/caminhada1dia6.png\" alt=\"\" width=\"1280\" height=\"720\" srcset=\"https:\/\/franciscanos.org.br\/noticias\/wp-content\/uploads\/2022\/09\/caminhada1dia6.png 1280w, https:\/\/franciscanos.org.br\/noticias\/wp-content\/uploads\/2022\/09\/caminhada1dia6-450x253.png 450w, https:\/\/franciscanos.org.br\/noticias\/wp-content\/uploads\/2022\/09\/caminhada1dia6-1024x576.png 1024w, https:\/\/franciscanos.org.br\/noticias\/wp-content\/uploads\/2022\/09\/caminhada1dia6-768x432.png 768w, https:\/\/franciscanos.org.br\/noticias\/wp-content\/uploads\/2022\/09\/caminhada1dia6-150x84.png 150w\" sizes=\"(max-width: 1280px) 100vw, 1280px\" \/><\/p>\n<p>Ao t\u00e9rmino da celebra\u00e7\u00e3o, um farto caf\u00e9 de despedida, seguido pela distribui\u00e7\u00e3o dos caminhantes entre as fam\u00edlias da regi\u00e3o que generosamente se dispuseram a hosped\u00e1-los. Nas casas onde foram acolhidos, os jovens levaram a incumb\u00eancia de dirigir um momento de prece junto \u00e0s fam\u00edlias, recordando o compromisso mission\u00e1rio para o qual a caminhada tamb\u00e9m deseja despertar a juventude. Hora de ir para a casa e descansar. O domingo, dia 11\/09, ser\u00e1 tamb\u00e9m um dia cheio, come\u00e7ando com missa bem cedo, \u00e0s 5h30 e mais 20 quil\u00f4metros de caminhada pela frente. Desafiante, mas poss\u00edvel, pois, quem tem f\u00e9, vai a p\u00e9. Paz. Gratid\u00e3o.<\/p>\n<hr \/>\n<p><em>Equipe de Comunica\u00e7\u00e3o da 10\u00aa CFJ\u00a0<\/em><\/p>\n\n\t\t<style type=\"text\/css\">\n\t\t\t#gallery-2 {\n\t\t\t\tmargin: auto;\n\t\t\t}\n\t\t\t#gallery-2 .gallery-item {\n\t\t\t\tfloat: left;\n\t\t\t\tmargin-top: 10px;\n\t\t\t\ttext-align: center;\n\t\t\t\twidth: 16%;\n\t\t\t}\n\t\t\t#gallery-2 img {\n\t\t\t\tborder: 2px solid #cfcfcf;\n\t\t\t}\n\t\t\t#gallery-2 .gallery-caption {\n\t\t\t\tmargin-left: 0;\n\t\t\t}\n\t\t\t\/* see gallery_shortcode() in wp-includes\/media.php *\/\n\t\t<\/style>\n\t\t<div id='gallery-2' class='gallery galleryid-239563 gallery-columns-6 gallery-size-thumbnail'><dl class='gallery-item'>\n\t\t\t<dt class='gallery-icon landscape'>\n\t\t\t\t<a href='https:\/\/franciscanos.org.br\/noticias\/wp-content\/uploads\/2022\/09\/IMG_3314-scaled.jpg'><img width=\"300\" height=\"300\" src=\"https:\/\/franciscanos.org.br\/noticias\/wp-content\/uploads\/2022\/09\/IMG_3314-300x300.jpg\" class=\"attachment-thumbnail size-thumbnail\" alt=\"\" loading=\"lazy\" srcset=\"https:\/\/franciscanos.org.br\/noticias\/wp-content\/uploads\/2022\/09\/IMG_3314-300x300.jpg 300w, https:\/\/franciscanos.org.br\/noticias\/wp-content\/uploads\/2022\/09\/IMG_3314-100x100.jpg 100w\" sizes=\"(max-width: 300px) 100vw, 300px\" \/><\/a>\n\t\t\t<\/dt><\/dl><dl class='gallery-item'>\n\t\t\t<dt class='gallery-icon landscape'>\n\t\t\t\t<a href='https:\/\/franciscanos.org.br\/noticias\/wp-content\/uploads\/2022\/09\/IMG_3309-scaled.jpg'><img width=\"300\" height=\"300\" src=\"https:\/\/franciscanos.org.br\/noticias\/wp-content\/uploads\/2022\/09\/IMG_3309-300x300.jpg\" class=\"attachment-thumbnail size-thumbnail\" alt=\"\" loading=\"lazy\" srcset=\"https:\/\/franciscanos.org.br\/noticias\/wp-content\/uploads\/2022\/09\/IMG_3309-300x300.jpg 300w, https:\/\/franciscanos.org.br\/noticias\/wp-content\/uploads\/2022\/09\/IMG_3309-100x100.jpg 100w\" sizes=\"(max-width: 300px) 100vw, 300px\" \/><\/a>\n\t\t\t<\/dt><\/dl><dl class='gallery-item'>\n\t\t\t<dt class='gallery-icon landscape'>\n\t\t\t\t<a href='https:\/\/franciscanos.org.br\/noticias\/wp-content\/uploads\/2022\/09\/IMG_6657-scaled.jpg'><img width=\"300\" height=\"300\" src=\"https:\/\/franciscanos.org.br\/noticias\/wp-content\/uploads\/2022\/09\/IMG_6657-300x300.jpg\" class=\"attachment-thumbnail size-thumbnail\" alt=\"\" loading=\"lazy\" srcset=\"https:\/\/franciscanos.org.br\/noticias\/wp-content\/uploads\/2022\/09\/IMG_6657-300x300.jpg 300w, https:\/\/franciscanos.org.br\/noticias\/wp-content\/uploads\/2022\/09\/IMG_6657-100x100.jpg 100w\" sizes=\"(max-width: 300px) 100vw, 300px\" \/><\/a>\n\t\t\t<\/dt><\/dl><dl class='gallery-item'>\n\t\t\t<dt class='gallery-icon landscape'>\n\t\t\t\t<a href='https:\/\/franciscanos.org.br\/noticias\/wp-content\/uploads\/2022\/09\/IMG_6894-scaled.jpg'><img width=\"300\" height=\"300\" src=\"https:\/\/franciscanos.org.br\/noticias\/wp-content\/uploads\/2022\/09\/IMG_6894-300x300.jpg\" class=\"attachment-thumbnail size-thumbnail\" alt=\"\" loading=\"lazy\" srcset=\"https:\/\/franciscanos.org.br\/noticias\/wp-content\/uploads\/2022\/09\/IMG_6894-300x300.jpg 300w, https:\/\/franciscanos.org.br\/noticias\/wp-content\/uploads\/2022\/09\/IMG_6894-100x100.jpg 100w\" sizes=\"(max-width: 300px) 100vw, 300px\" \/><\/a>\n\t\t\t<\/dt><\/dl><dl class='gallery-item'>\n\t\t\t<dt class='gallery-icon landscape'>\n\t\t\t\t<a href='https:\/\/franciscanos.org.br\/noticias\/wp-content\/uploads\/2022\/09\/IMG_6751-scaled.jpg'><img width=\"300\" height=\"300\" src=\"https:\/\/franciscanos.org.br\/noticias\/wp-content\/uploads\/2022\/09\/IMG_6751-300x300.jpg\" class=\"attachment-thumbnail size-thumbnail\" alt=\"\" loading=\"lazy\" srcset=\"https:\/\/franciscanos.org.br\/noticias\/wp-content\/uploads\/2022\/09\/IMG_6751-300x300.jpg 300w, https:\/\/franciscanos.org.br\/noticias\/wp-content\/uploads\/2022\/09\/IMG_6751-100x100.jpg 100w\" sizes=\"(max-width: 300px) 100vw, 300px\" \/><\/a>\n\t\t\t<\/dt><\/dl><dl class='gallery-item'>\n\t\t\t<dt class='gallery-icon landscape'>\n\t\t\t\t<a href='https:\/\/franciscanos.org.br\/noticias\/wp-content\/uploads\/2022\/09\/IMG_6582-scaled.jpg'><img width=\"300\" height=\"300\" src=\"https:\/\/franciscanos.org.br\/noticias\/wp-content\/uploads\/2022\/09\/IMG_6582-300x300.jpg\" class=\"attachment-thumbnail size-thumbnail\" alt=\"\" loading=\"lazy\" srcset=\"https:\/\/franciscanos.org.br\/noticias\/wp-content\/uploads\/2022\/09\/IMG_6582-300x300.jpg 300w, https:\/\/franciscanos.org.br\/noticias\/wp-content\/uploads\/2022\/09\/IMG_6582-100x100.jpg 100w\" sizes=\"(max-width: 300px) 100vw, 300px\" \/><\/a>\n\t\t\t<\/dt><\/dl><br style=\"clear: both\" \/>\n\t\t<\/div>\n\n","protected":false},"excerpt":{"rendered":"<p>X CFJ<\/p>\n","protected":false},"author":1,"featured_media":239583,"comment_status":"open","ping_status":"open","sticky":false,"template":"","format":"standard","meta":[],"categories":[1],"tags":[699,1420,2056],"acf":[],"yoast_head":"<!-- This site is optimized with the Yoast SEO plugin v19.2 - https:\/\/yoast.com\/wordpress\/plugins\/seo\/ -->\n<title>10\u00aa CFJ: Primeiro dia celebra reencontro, retomada e acolhida dos novos caminhantes - Not\u00edcias - Franciscanos<\/title>\n<meta name=\"robots\" content=\"index, follow, max-snippet:-1, max-image-preview:large, max-video-preview:-1\" \/>\n<link rel=\"canonical\" href=\"https:\/\/franciscanos.org.br\/noticias\/10a-cfj-primeiro-dia-celebra-reencontro-retomada-e-acolhida-dos-novos-caminhantes.html\" \/>\n<meta property=\"og:locale\" content=\"pt_BR\" \/>\n<meta property=\"og:type\" content=\"article\" \/>\n<meta property=\"og:title\" content=\"10\u00aa CFJ: Primeiro dia celebra reencontro, retomada e acolhida dos novos caminhantes - Not\u00edcias - Franciscanos\" \/>\n<meta property=\"og:description\" content=\"X CFJ\" \/>\n<meta property=\"og:url\" content=\"https:\/\/franciscanos.org.br\/noticias\/10a-cfj-primeiro-dia-celebra-reencontro-retomada-e-acolhida-dos-novos-caminhantes.html\" \/>\n<meta property=\"og:site_name\" content=\"Not\u00edcias - Franciscanos\" \/>\n<meta property=\"article:published_time\" content=\"2022-09-11T03:30:58+00:00\" \/>\n<meta property=\"article:modified_time\" content=\"2023-02-01T19:41:54+00:00\" \/>\n<meta property=\"og:image\" content=\"https:\/\/franciscanos.org.br\/noticias\/wp-content\/uploads\/2022\/09\/caminhada1diad.png\" \/>\n\t<meta property=\"og:image:width\" content=\"800\" \/>\n\t<meta property=\"og:image:height\" content=\"550\" \/>\n\t<meta property=\"og:image:type\" content=\"image\/png\" \/>\n<meta name=\"author\" content=\"admin\" \/>\n<meta name=\"twitter:card\" content=\"summary_large_image\" \/>\n<meta name=\"twitter:label1\" content=\"Escrito por\" \/>\n\t<meta name=\"twitter:data1\" content=\"admin\" \/>\n\t<meta name=\"twitter:label2\" content=\"Est. tempo de leitura\" \/>\n\t<meta name=\"twitter:data2\" content=\"8 minutos\" \/>\n<script type=\"application\/ld+json\" class=\"yoast-schema-graph\">{\"@context\":\"https:\/\/schema.org\",\"@graph\":[{\"@type\":\"WebSite\",\"@id\":\"https:\/\/franciscanos.org.br\/noticias\/#website\",\"url\":\"https:\/\/franciscanos.org.br\/noticias\/\",\"name\":\"Not\u00edcias - Franciscanos\",\"description\":\"Prov\u00edncia Franciscana da Imaculada Concei\u00e7\u00e3o do Brasil - Ordem dos Frades Menores - OFM\",\"potentialAction\":[{\"@type\":\"SearchAction\",\"target\":{\"@type\":\"EntryPoint\",\"urlTemplate\":\"https:\/\/franciscanos.org.br\/noticias\/?s={search_term_string}\"},\"query-input\":\"required name=search_term_string\"}],\"inLanguage\":\"pt-BR\"},{\"@type\":\"ImageObject\",\"inLanguage\":\"pt-BR\",\"@id\":\"https:\/\/franciscanos.org.br\/noticias\/10a-cfj-primeiro-dia-celebra-reencontro-retomada-e-acolhida-dos-novos-caminhantes.html#primaryimage\",\"url\":\"https:\/\/franciscanos.org.br\/noticias\/wp-content\/uploads\/2022\/09\/caminhada1diad.png\",\"contentUrl\":\"https:\/\/franciscanos.org.br\/noticias\/wp-content\/uploads\/2022\/09\/caminhada1diad.png\",\"width\":800,\"height\":550},{\"@type\":\"WebPage\",\"@id\":\"https:\/\/franciscanos.org.br\/noticias\/10a-cfj-primeiro-dia-celebra-reencontro-retomada-e-acolhida-dos-novos-caminhantes.html#webpage\",\"url\":\"https:\/\/franciscanos.org.br\/noticias\/10a-cfj-primeiro-dia-celebra-reencontro-retomada-e-acolhida-dos-novos-caminhantes.html\",\"name\":\"10\u00aa CFJ: Primeiro dia celebra reencontro, retomada e acolhida dos novos caminhantes - Not\u00edcias - Franciscanos\",\"isPartOf\":{\"@id\":\"https:\/\/franciscanos.org.br\/noticias\/#website\"},\"primaryImageOfPage\":{\"@id\":\"https:\/\/franciscanos.org.br\/noticias\/10a-cfj-primeiro-dia-celebra-reencontro-retomada-e-acolhida-dos-novos-caminhantes.html#primaryimage\"},\"datePublished\":\"2022-09-11T03:30:58+00:00\",\"dateModified\":\"2023-02-01T19:41:54+00:00\",\"author\":{\"@id\":\"https:\/\/franciscanos.org.br\/noticias\/#\/schema\/person\/b38fbf43118f02820bd932f2e4b14ad3\"},\"breadcrumb\":{\"@id\":\"https:\/\/franciscanos.org.br\/noticias\/10a-cfj-primeiro-dia-celebra-reencontro-retomada-e-acolhida-dos-novos-caminhantes.html#breadcrumb\"},\"inLanguage\":\"pt-BR\",\"potentialAction\":[{\"@type\":\"ReadAction\",\"target\":[\"https:\/\/franciscanos.org.br\/noticias\/10a-cfj-primeiro-dia-celebra-reencontro-retomada-e-acolhida-dos-novos-caminhantes.html\"]}]},{\"@type\":\"BreadcrumbList\",\"@id\":\"https:\/\/franciscanos.org.br\/noticias\/10a-cfj-primeiro-dia-celebra-reencontro-retomada-e-acolhida-dos-novos-caminhantes.html#breadcrumb\",\"itemListElement\":[{\"@type\":\"ListItem\",\"position\":1,\"name\":\"Home\",\"item\":\"https:\/\/franciscanos.org.br\/noticias\"},{\"@type\":\"ListItem\",\"position\":2,\"name\":\"10\u00aa CFJ: Primeiro dia celebra reencontro, retomada e acolhida dos novos caminhantes\"}]},{\"@type\":\"Person\",\"@id\":\"https:\/\/franciscanos.org.br\/noticias\/#\/schema\/person\/b38fbf43118f02820bd932f2e4b14ad3\",\"name\":\"admin\",\"image\":{\"@type\":\"ImageObject\",\"inLanguage\":\"pt-BR\",\"@id\":\"https:\/\/franciscanos.org.br\/noticias\/#\/schema\/person\/image\/\",\"url\":\"https:\/\/secure.gravatar.com\/avatar\/e8495742d34d0ba6448ea1c628263b3e?s=96&d=mm&r=g\",\"contentUrl\":\"https:\/\/secure.gravatar.com\/avatar\/e8495742d34d0ba6448ea1c628263b3e?s=96&d=mm&r=g\",\"caption\":\"admin\"},\"url\":\"https:\/\/franciscanos.org.br\/noticias\/author\/admin\"}]}<\/script>\n<!-- \/ Yoast SEO plugin. -->","yoast_head_json":{"title":"10\u00aa CFJ: Primeiro dia celebra reencontro, retomada e acolhida dos novos caminhantes - Not\u00edcias - Franciscanos","robots":{"index":"index","follow":"follow","max-snippet":"max-snippet:-1","max-image-preview":"max-image-preview:large","max-video-preview":"max-video-preview:-1"},"canonical":"https:\/\/franciscanos.org.br\/noticias\/10a-cfj-primeiro-dia-celebra-reencontro-retomada-e-acolhida-dos-novos-caminhantes.html","og_locale":"pt_BR","og_type":"article","og_title":"10\u00aa CFJ: Primeiro dia celebra reencontro, retomada e acolhida dos novos caminhantes - Not\u00edcias - Franciscanos","og_description":"X CFJ","og_url":"https:\/\/franciscanos.org.br\/noticias\/10a-cfj-primeiro-dia-celebra-reencontro-retomada-e-acolhida-dos-novos-caminhantes.html","og_site_name":"Not\u00edcias - Franciscanos","article_published_time":"2022-09-11T03:30:58+00:00","article_modified_time":"2023-02-01T19:41:54+00:00","og_image":[{"width":800,"height":550,"url":"https:\/\/franciscanos.org.br\/noticias\/wp-content\/uploads\/2022\/09\/caminhada1diad.png","type":"image\/png"}],"author":"admin","twitter_card":"summary_large_image","twitter_misc":{"Escrito por":"admin","Est. tempo de leitura":"8 minutos"},"schema":{"@context":"https:\/\/schema.org","@graph":[{"@type":"WebSite","@id":"https:\/\/franciscanos.org.br\/noticias\/#website","url":"https:\/\/franciscanos.org.br\/noticias\/","name":"Not\u00edcias - Franciscanos","description":"Prov\u00edncia Franciscana da Imaculada Concei\u00e7\u00e3o do Brasil - Ordem dos Frades Menores - OFM","potentialAction":[{"@type":"SearchAction","target":{"@type":"EntryPoint","urlTemplate":"https:\/\/franciscanos.org.br\/noticias\/?s={search_term_string}"},"query-input":"required name=search_term_string"}],"inLanguage":"pt-BR"},{"@type":"ImageObject","inLanguage":"pt-BR","@id":"https:\/\/franciscanos.org.br\/noticias\/10a-cfj-primeiro-dia-celebra-reencontro-retomada-e-acolhida-dos-novos-caminhantes.html#primaryimage","url":"https:\/\/franciscanos.org.br\/noticias\/wp-content\/uploads\/2022\/09\/caminhada1diad.png","contentUrl":"https:\/\/franciscanos.org.br\/noticias\/wp-content\/uploads\/2022\/09\/caminhada1diad.png","width":800,"height":550},{"@type":"WebPage","@id":"https:\/\/franciscanos.org.br\/noticias\/10a-cfj-primeiro-dia-celebra-reencontro-retomada-e-acolhida-dos-novos-caminhantes.html#webpage","url":"https:\/\/franciscanos.org.br\/noticias\/10a-cfj-primeiro-dia-celebra-reencontro-retomada-e-acolhida-dos-novos-caminhantes.html","name":"10\u00aa CFJ: Primeiro dia celebra reencontro, retomada e acolhida dos novos caminhantes - Not\u00edcias - Franciscanos","isPartOf":{"@id":"https:\/\/franciscanos.org.br\/noticias\/#website"},"primaryImageOfPage":{"@id":"https:\/\/franciscanos.org.br\/noticias\/10a-cfj-primeiro-dia-celebra-reencontro-retomada-e-acolhida-dos-novos-caminhantes.html#primaryimage"},"datePublished":"2022-09-11T03:30:58+00:00","dateModified":"2023-02-01T19:41:54+00:00","author":{"@id":"https:\/\/franciscanos.org.br\/noticias\/#\/schema\/person\/b38fbf43118f02820bd932f2e4b14ad3"},"breadcrumb":{"@id":"https:\/\/franciscanos.org.br\/noticias\/10a-cfj-primeiro-dia-celebra-reencontro-retomada-e-acolhida-dos-novos-caminhantes.html#breadcrumb"},"inLanguage":"pt-BR","potentialAction":[{"@type":"ReadAction","target":["https:\/\/franciscanos.org.br\/noticias\/10a-cfj-primeiro-dia-celebra-reencontro-retomada-e-acolhida-dos-novos-caminhantes.html"]}]},{"@type":"BreadcrumbList","@id":"https:\/\/franciscanos.org.br\/noticias\/10a-cfj-primeiro-dia-celebra-reencontro-retomada-e-acolhida-dos-novos-caminhantes.html#breadcrumb","itemListElement":[{"@type":"ListItem","position":1,"name":"Home","item":"https:\/\/franciscanos.org.br\/noticias"},{"@type":"ListItem","position":2,"name":"10\u00aa CFJ: Primeiro dia celebra reencontro, retomada e acolhida dos novos caminhantes"}]},{"@type":"Person","@id":"https:\/\/franciscanos.org.br\/noticias\/#\/schema\/person\/b38fbf43118f02820bd932f2e4b14ad3","name":"admin","image":{"@type":"ImageObject","inLanguage":"pt-BR","@id":"https:\/\/franciscanos.org.br\/noticias\/#\/schema\/person\/image\/","url":"https:\/\/secure.gravatar.com\/avatar\/e8495742d34d0ba6448ea1c628263b3e?s=96&d=mm&r=g","contentUrl":"https:\/\/secure.gravatar.com\/avatar\/e8495742d34d0ba6448ea1c628263b3e?s=96&d=mm&r=g","caption":"admin"},"url":"https:\/\/franciscanos.org.br\/noticias\/author\/admin"}]}},"_links":{"self":[{"href":"https:\/\/franciscanos.org.br\/noticias\/wp-json\/wp\/v2\/posts\/239563"}],"collection":[{"href":"https:\/\/franciscanos.org.br\/noticias\/wp-json\/wp\/v2\/posts"}],"about":[{"href":"https:\/\/franciscanos.org.br\/noticias\/wp-json\/wp\/v2\/types\/post"}],"author":[{"embeddable":true,"href":"https:\/\/franciscanos.org.br\/noticias\/wp-json\/wp\/v2\/users\/1"}],"replies":[{"embeddable":true,"href":"https:\/\/franciscanos.org.br\/noticias\/wp-json\/wp\/v2\/comments?post=239563"}],"version-history":[{"count":3,"href":"https:\/\/franciscanos.org.br\/noticias\/wp-json\/wp\/v2\/posts\/239563\/revisions"}],"predecessor-version":[{"id":239592,"href":"https:\/\/franciscanos.org.br\/noticias\/wp-json\/wp\/v2\/posts\/239563\/revisions\/239592"}],"wp:featuredmedia":[{"embeddable":true,"href":"https:\/\/franciscanos.org.br\/noticias\/wp-json\/wp\/v2\/media\/239583"}],"wp:attachment":[{"href":"https:\/\/franciscanos.org.br\/noticias\/wp-json\/wp\/v2\/media?parent=239563"}],"wp:term":[{"taxonomy":"category","embeddable":true,"href":"https:\/\/franciscanos.org.br\/noticias\/wp-json\/wp\/v2\/categories?post=239563"},{"taxonomy":"post_tag","embeddable":true,"href":"https:\/\/franciscanos.org.br\/noticias\/wp-json\/wp\/v2\/tags?post=239563"}],"curies":[{"name":"wp","href":"https:\/\/api.w.org\/{rel}","templated":true}]}}