{"id":239556,"date":"2022-09-09T15:52:59","date_gmt":"2022-09-09T18:52:59","guid":{"rendered":"https:\/\/franciscanos.org.br\/noticias\/?p=239556"},"modified":"2022-09-11T06:45:45","modified_gmt":"2022-09-11T09:45:45","slug":"falece-frei-henrique-ireno-dell-olivo-aos-83-anos","status":"publish","type":"post","link":"https:\/\/franciscanos.org.br\/noticias\/falece-frei-henrique-ireno-dell-olivo-aos-83-anos.html","title":{"rendered":"Falece Frei Henrique Ireno Dell Olivo, aos 83 anos"},"content":{"rendered":"<div><img loading=\"lazy\" class=\"alignnone size-full wp-image-239557\" src=\"https:\/\/franciscanos.org.br\/noticias\/wp-content\/uploads\/2022\/09\/frei-henrique-ireno.png\" alt=\"\" width=\"1280\" height=\"720\" srcset=\"https:\/\/franciscanos.org.br\/noticias\/wp-content\/uploads\/2022\/09\/frei-henrique-ireno.png 1280w, https:\/\/franciscanos.org.br\/noticias\/wp-content\/uploads\/2022\/09\/frei-henrique-ireno-450x253.png 450w, https:\/\/franciscanos.org.br\/noticias\/wp-content\/uploads\/2022\/09\/frei-henrique-ireno-1024x576.png 1024w, https:\/\/franciscanos.org.br\/noticias\/wp-content\/uploads\/2022\/09\/frei-henrique-ireno-768x432.png 768w, https:\/\/franciscanos.org.br\/noticias\/wp-content\/uploads\/2022\/09\/frei-henrique-ireno-150x84.png 150w\" sizes=\"(max-width: 1280px) 100vw, 1280px\" \/><\/div>\n<div>\n<p>Faleceu na manh\u00e3 desta sexta-feira, dia 9 de setembro de 2022, na Santa Casa de Miseric\u00f3rdia de Curitiba (PR), Frei Henrique Ireno Dell Olivo, aos 83 anos, ap\u00f3s 12 dias de interna\u00e7\u00e3o.<\/p>\n<p>Frei Henrique vinha experimentando epis\u00f3dios de desmaios que levavam\u00a0a perigosas quedas. Na manh\u00e3 do dia 28 de agosto, tendo sido encontrado desacordado, foi prontamente levado \u00e0 Santa Casa pelo SAMU, onde ficou internado na UTI. Desde ent\u00e3o, seu quadro de sa\u00fade foi piorando, com parada card\u00edaca, requerendo cirurgia,\u00a0e fal\u00eancia renal.<\/p>\n<p>Na reuni\u00e3o do Definit\u00f3rio Provincial dos dias 30 de agosto a 1 de setembro, com a orienta\u00e7\u00e3o da equipe m\u00e9dica que o acompanhava, j\u00e1 havia sido decidida sua ida para a Fraternidade S\u00e3o Francisco de Assis, de Bragan\u00e7a Paulista (SP), para que pudesse continuar a receber tratamento adequado. Frei Henrique veio a \u00f3bito antes da efetiva\u00e7\u00e3o da transfer\u00eancia.<\/p>\n<p>A Fraternidade Bom Jesus dos Perd\u00f5es, de Curitiba, comunica que a missa exequial de Frei Henrique Ireno Dell Olivo ser\u00e1 celebrada amanh\u00e3, 10 de setembro, \u00e0s 9h, na Par\u00f3quia Bom Jesus dos Perd\u00f5es e, logo em seguida, haver\u00e1 prociss\u00e3o f\u00fanebre at\u00e9 a Fraternidade S\u00e3o Boaventura, de Campo Largo (PR), onde Frei Henrique ser\u00e1 sepultado.<\/p>\n<p>Que o nosso confrade falecido descanse em paz!<\/p>\n<h3>DADOS PESSOAIS, FORMA\u00c7\u00c3O E ATIVIDADES<\/h3>\n<p><strong>Nascimento<\/strong>: 23 de mar\u00e7o de 1939<br \/>\n<strong>Naturalidade:<\/strong> Lageado (RS)<br \/>\n<strong>Vesti\u00e7\u00e3o na 3\u00aa Ordem: 1<\/strong>7 de maio de 1955<br \/>\n<strong>Profiss\u00e3o na 3\u00aa Ordem:<\/strong> 18 de maio de 1956<br \/>\n<strong>Vesti\u00e7\u00e3o na 1\u00aa Ordem:<\/strong> 03 de maio de 1959<br \/>\n<strong>Primeira Profiss\u00e3o:<\/strong> 04 de maio de 1960<br \/>\n<strong>Profiss\u00e3o Solene:<\/strong> 04 de maio de 1963<\/p>\n<p><strong>1966-1974 &#8211;<\/strong> Fraternidade Bom Jesus dos Perd\u00f5es (Curitiba, PR).<br \/>\n<strong>1975-1982 &#8211;<\/strong> Fraternidade S\u00e3o Pedro Ap\u00f3stolo (Pato Branco, PR), como assistente das r\u00e1dios.<br \/>\n<strong>1983-1997 &#8211;<\/strong> Fraternidade Nossa Senhora do Ros\u00e1rio (Conc\u00f3rdia, SC), a servi\u00e7o da evangeliza\u00e7\u00e3o.<br \/>\n<strong>1999-2000 &#8211;<\/strong> Fraternidade Nossa Senhora da Paz (\u00c1gua Doce, SC), a servi\u00e7o da evangeliza\u00e7\u00e3o.<br \/>\n<strong>2001-2018 &#8211;<\/strong> Fraternidade Nossa Senhora do Ros\u00e1rio (Conc\u00f3rdia, SC), a servi\u00e7o da evangeliza\u00e7\u00e3o.<br \/>\n<strong>2019-2022 &#8211;<\/strong> Fraternidade Bom Jesus dos Perd\u00f5es (Curitiba, PR), para tratamento de sa\u00fade.<\/p>\n<p>Frei Henrique viveu grande parte de sua vida religiosa na cidade de Conc\u00f3rdia (SC), junto \u00e0 Fraternidade Nossa Senhora do Ros\u00e1rio. Sendo Irm\u00e3o Leigo, viveu seu chamado \u00e0 evangeliza\u00e7\u00e3o espec\u00edfico atrav\u00e9s das encomenda\u00e7\u00f5es dos irm\u00e3os e irm\u00e3s falecidos da cidade e dos programas de r\u00e1dio, motivando as pessoas \u00e0 devo\u00e7\u00e3o do Santo Ter\u00e7o, servi\u00e7o este que amou profundamente e com o qual se identificou e dedicou toda uma vida. Segundo as palavras de uma paroquiana, este servi\u00e7o era marcado por tra\u00e7os de espiritualidade mission\u00e1ria, devo\u00e7\u00e3o \u00e0 Nossa Senhora e de grande evangeliza\u00e7\u00e3o.<\/p>\n<\/div>\n","protected":false},"excerpt":{"rendered":"<p>Prov\u00edncia de luto<\/p>\n","protected":false},"author":1,"featured_media":239558,"comment_status":"open","ping_status":"open","sticky":false,"template":"","format":"standard","meta":[],"categories":[1],"tags":[1160],"acf":[],"yoast_head":"<!-- This site is optimized with the Yoast SEO plugin v19.2 - https:\/\/yoast.com\/wordpress\/plugins\/seo\/ -->\n<title>Falece Frei Henrique Ireno Dell Olivo, aos 83 anos - Not\u00edcias - Franciscanos<\/title>\n<meta name=\"robots\" content=\"index, follow, max-snippet:-1, max-image-preview:large, max-video-preview:-1\" \/>\n<link rel=\"canonical\" href=\"https:\/\/franciscanos.org.br\/noticias\/falece-frei-henrique-ireno-dell-olivo-aos-83-anos.html\" \/>\n<meta property=\"og:locale\" content=\"pt_BR\" \/>\n<meta property=\"og:type\" content=\"article\" \/>\n<meta property=\"og:title\" content=\"Falece Frei Henrique Ireno Dell Olivo, aos 83 anos - Not\u00edcias - Franciscanos\" \/>\n<meta property=\"og:description\" content=\"Prov\u00edncia de luto\" \/>\n<meta property=\"og:url\" content=\"https:\/\/franciscanos.org.br\/noticias\/falece-frei-henrique-ireno-dell-olivo-aos-83-anos.html\" \/>\n<meta property=\"og:site_name\" content=\"Not\u00edcias - Franciscanos\" \/>\n<meta property=\"article:published_time\" content=\"2022-09-09T18:52:59+00:00\" \/>\n<meta property=\"article:modified_time\" content=\"2022-09-11T09:45:45+00:00\" \/>\n<meta property=\"og:image\" content=\"https:\/\/franciscanos.org.br\/noticias\/wp-content\/uploads\/2022\/09\/henriqued.png\" \/>\n\t<meta property=\"og:image:width\" content=\"800\" \/>\n\t<meta property=\"og:image:height\" content=\"550\" \/>\n\t<meta property=\"og:image:type\" content=\"image\/png\" \/>\n<meta name=\"author\" content=\"admin\" \/>\n<meta name=\"twitter:card\" content=\"summary_large_image\" \/>\n<meta name=\"twitter:label1\" content=\"Escrito por\" \/>\n\t<meta name=\"twitter:data1\" content=\"admin\" \/>\n\t<meta name=\"twitter:label2\" content=\"Est. tempo de leitura\" \/>\n\t<meta name=\"twitter:data2\" content=\"2 minutos\" \/>\n<script type=\"application\/ld+json\" class=\"yoast-schema-graph\">{\"@context\":\"https:\/\/schema.org\",\"@graph\":[{\"@type\":\"WebSite\",\"@id\":\"https:\/\/franciscanos.org.br\/noticias\/#website\",\"url\":\"https:\/\/franciscanos.org.br\/noticias\/\",\"name\":\"Not\u00edcias - Franciscanos\",\"description\":\"Prov\u00edncia Franciscana da Imaculada Concei\u00e7\u00e3o do Brasil - Ordem dos Frades Menores - OFM\",\"potentialAction\":[{\"@type\":\"SearchAction\",\"target\":{\"@type\":\"EntryPoint\",\"urlTemplate\":\"https:\/\/franciscanos.org.br\/noticias\/?s={search_term_string}\"},\"query-input\":\"required name=search_term_string\"}],\"inLanguage\":\"pt-BR\"},{\"@type\":\"ImageObject\",\"inLanguage\":\"pt-BR\",\"@id\":\"https:\/\/franciscanos.org.br\/noticias\/falece-frei-henrique-ireno-dell-olivo-aos-83-anos.html#primaryimage\",\"url\":\"https:\/\/franciscanos.org.br\/noticias\/wp-content\/uploads\/2022\/09\/henriqued.png\",\"contentUrl\":\"https:\/\/franciscanos.org.br\/noticias\/wp-content\/uploads\/2022\/09\/henriqued.png\",\"width\":800,\"height\":550},{\"@type\":\"WebPage\",\"@id\":\"https:\/\/franciscanos.org.br\/noticias\/falece-frei-henrique-ireno-dell-olivo-aos-83-anos.html#webpage\",\"url\":\"https:\/\/franciscanos.org.br\/noticias\/falece-frei-henrique-ireno-dell-olivo-aos-83-anos.html\",\"name\":\"Falece Frei Henrique Ireno Dell Olivo, aos 83 anos - Not\u00edcias - Franciscanos\",\"isPartOf\":{\"@id\":\"https:\/\/franciscanos.org.br\/noticias\/#website\"},\"primaryImageOfPage\":{\"@id\":\"https:\/\/franciscanos.org.br\/noticias\/falece-frei-henrique-ireno-dell-olivo-aos-83-anos.html#primaryimage\"},\"datePublished\":\"2022-09-09T18:52:59+00:00\",\"dateModified\":\"2022-09-11T09:45:45+00:00\",\"author\":{\"@id\":\"https:\/\/franciscanos.org.br\/noticias\/#\/schema\/person\/b38fbf43118f02820bd932f2e4b14ad3\"},\"breadcrumb\":{\"@id\":\"https:\/\/franciscanos.org.br\/noticias\/falece-frei-henrique-ireno-dell-olivo-aos-83-anos.html#breadcrumb\"},\"inLanguage\":\"pt-BR\",\"potentialAction\":[{\"@type\":\"ReadAction\",\"target\":[\"https:\/\/franciscanos.org.br\/noticias\/falece-frei-henrique-ireno-dell-olivo-aos-83-anos.html\"]}]},{\"@type\":\"BreadcrumbList\",\"@id\":\"https:\/\/franciscanos.org.br\/noticias\/falece-frei-henrique-ireno-dell-olivo-aos-83-anos.html#breadcrumb\",\"itemListElement\":[{\"@type\":\"ListItem\",\"position\":1,\"name\":\"Home\",\"item\":\"https:\/\/franciscanos.org.br\/noticias\"},{\"@type\":\"ListItem\",\"position\":2,\"name\":\"Falece Frei Henrique Ireno Dell Olivo, aos 83 anos\"}]},{\"@type\":\"Person\",\"@id\":\"https:\/\/franciscanos.org.br\/noticias\/#\/schema\/person\/b38fbf43118f02820bd932f2e4b14ad3\",\"name\":\"admin\",\"image\":{\"@type\":\"ImageObject\",\"inLanguage\":\"pt-BR\",\"@id\":\"https:\/\/franciscanos.org.br\/noticias\/#\/schema\/person\/image\/\",\"url\":\"https:\/\/secure.gravatar.com\/avatar\/e8495742d34d0ba6448ea1c628263b3e?s=96&d=mm&r=g\",\"contentUrl\":\"https:\/\/secure.gravatar.com\/avatar\/e8495742d34d0ba6448ea1c628263b3e?s=96&d=mm&r=g\",\"caption\":\"admin\"},\"url\":\"https:\/\/franciscanos.org.br\/noticias\/author\/admin\"}]}<\/script>\n<!-- \/ Yoast SEO plugin. -->","yoast_head_json":{"title":"Falece Frei Henrique Ireno Dell Olivo, aos 83 anos - Not\u00edcias - Franciscanos","robots":{"index":"index","follow":"follow","max-snippet":"max-snippet:-1","max-image-preview":"max-image-preview:large","max-video-preview":"max-video-preview:-1"},"canonical":"https:\/\/franciscanos.org.br\/noticias\/falece-frei-henrique-ireno-dell-olivo-aos-83-anos.html","og_locale":"pt_BR","og_type":"article","og_title":"Falece Frei Henrique Ireno Dell Olivo, aos 83 anos - Not\u00edcias - Franciscanos","og_description":"Prov\u00edncia de luto","og_url":"https:\/\/franciscanos.org.br\/noticias\/falece-frei-henrique-ireno-dell-olivo-aos-83-anos.html","og_site_name":"Not\u00edcias - Franciscanos","article_published_time":"2022-09-09T18:52:59+00:00","article_modified_time":"2022-09-11T09:45:45+00:00","og_image":[{"width":800,"height":550,"url":"https:\/\/franciscanos.org.br\/noticias\/wp-content\/uploads\/2022\/09\/henriqued.png","type":"image\/png"}],"author":"admin","twitter_card":"summary_large_image","twitter_misc":{"Escrito por":"admin","Est. tempo de leitura":"2 minutos"},"schema":{"@context":"https:\/\/schema.org","@graph":[{"@type":"WebSite","@id":"https:\/\/franciscanos.org.br\/noticias\/#website","url":"https:\/\/franciscanos.org.br\/noticias\/","name":"Not\u00edcias - Franciscanos","description":"Prov\u00edncia Franciscana da Imaculada Concei\u00e7\u00e3o do Brasil - Ordem dos Frades Menores - OFM","potentialAction":[{"@type":"SearchAction","target":{"@type":"EntryPoint","urlTemplate":"https:\/\/franciscanos.org.br\/noticias\/?s={search_term_string}"},"query-input":"required name=search_term_string"}],"inLanguage":"pt-BR"},{"@type":"ImageObject","inLanguage":"pt-BR","@id":"https:\/\/franciscanos.org.br\/noticias\/falece-frei-henrique-ireno-dell-olivo-aos-83-anos.html#primaryimage","url":"https:\/\/franciscanos.org.br\/noticias\/wp-content\/uploads\/2022\/09\/henriqued.png","contentUrl":"https:\/\/franciscanos.org.br\/noticias\/wp-content\/uploads\/2022\/09\/henriqued.png","width":800,"height":550},{"@type":"WebPage","@id":"https:\/\/franciscanos.org.br\/noticias\/falece-frei-henrique-ireno-dell-olivo-aos-83-anos.html#webpage","url":"https:\/\/franciscanos.org.br\/noticias\/falece-frei-henrique-ireno-dell-olivo-aos-83-anos.html","name":"Falece Frei Henrique Ireno Dell Olivo, aos 83 anos - Not\u00edcias - Franciscanos","isPartOf":{"@id":"https:\/\/franciscanos.org.br\/noticias\/#website"},"primaryImageOfPage":{"@id":"https:\/\/franciscanos.org.br\/noticias\/falece-frei-henrique-ireno-dell-olivo-aos-83-anos.html#primaryimage"},"datePublished":"2022-09-09T18:52:59+00:00","dateModified":"2022-09-11T09:45:45+00:00","author":{"@id":"https:\/\/franciscanos.org.br\/noticias\/#\/schema\/person\/b38fbf43118f02820bd932f2e4b14ad3"},"breadcrumb":{"@id":"https:\/\/franciscanos.org.br\/noticias\/falece-frei-henrique-ireno-dell-olivo-aos-83-anos.html#breadcrumb"},"inLanguage":"pt-BR","potentialAction":[{"@type":"ReadAction","target":["https:\/\/franciscanos.org.br\/noticias\/falece-frei-henrique-ireno-dell-olivo-aos-83-anos.html"]}]},{"@type":"BreadcrumbList","@id":"https:\/\/franciscanos.org.br\/noticias\/falece-frei-henrique-ireno-dell-olivo-aos-83-anos.html#breadcrumb","itemListElement":[{"@type":"ListItem","position":1,"name":"Home","item":"https:\/\/franciscanos.org.br\/noticias"},{"@type":"ListItem","position":2,"name":"Falece Frei Henrique Ireno Dell Olivo, aos 83 anos"}]},{"@type":"Person","@id":"https:\/\/franciscanos.org.br\/noticias\/#\/schema\/person\/b38fbf43118f02820bd932f2e4b14ad3","name":"admin","image":{"@type":"ImageObject","inLanguage":"pt-BR","@id":"https:\/\/franciscanos.org.br\/noticias\/#\/schema\/person\/image\/","url":"https:\/\/secure.gravatar.com\/avatar\/e8495742d34d0ba6448ea1c628263b3e?s=96&d=mm&r=g","contentUrl":"https:\/\/secure.gravatar.com\/avatar\/e8495742d34d0ba6448ea1c628263b3e?s=96&d=mm&r=g","caption":"admin"},"url":"https:\/\/franciscanos.org.br\/noticias\/author\/admin"}]}},"_links":{"self":[{"href":"https:\/\/franciscanos.org.br\/noticias\/wp-json\/wp\/v2\/posts\/239556"}],"collection":[{"href":"https:\/\/franciscanos.org.br\/noticias\/wp-json\/wp\/v2\/posts"}],"about":[{"href":"https:\/\/franciscanos.org.br\/noticias\/wp-json\/wp\/v2\/types\/post"}],"author":[{"embeddable":true,"href":"https:\/\/franciscanos.org.br\/noticias\/wp-json\/wp\/v2\/users\/1"}],"replies":[{"embeddable":true,"href":"https:\/\/franciscanos.org.br\/noticias\/wp-json\/wp\/v2\/comments?post=239556"}],"version-history":[{"count":6,"href":"https:\/\/franciscanos.org.br\/noticias\/wp-json\/wp\/v2\/posts\/239556\/revisions"}],"predecessor-version":[{"id":239586,"href":"https:\/\/franciscanos.org.br\/noticias\/wp-json\/wp\/v2\/posts\/239556\/revisions\/239586"}],"wp:featuredmedia":[{"embeddable":true,"href":"https:\/\/franciscanos.org.br\/noticias\/wp-json\/wp\/v2\/media\/239558"}],"wp:attachment":[{"href":"https:\/\/franciscanos.org.br\/noticias\/wp-json\/wp\/v2\/media?parent=239556"}],"wp:term":[{"taxonomy":"category","embeddable":true,"href":"https:\/\/franciscanos.org.br\/noticias\/wp-json\/wp\/v2\/categories?post=239556"},{"taxonomy":"post_tag","embeddable":true,"href":"https:\/\/franciscanos.org.br\/noticias\/wp-json\/wp\/v2\/tags?post=239556"}],"curies":[{"name":"wp","href":"https:\/\/api.w.org\/{rel}","templated":true}]}}